{"id":15513,"date":"2018-09-28T18:38:42","date_gmt":"2018-09-28T21:38:42","guid":{"rendered":"http:\/\/www.ivanabeaumond.com.br\/vestidos-noiva\/?p=15513"},"modified":"2018-10-11T13:21:36","modified_gmt":"2018-10-11T16:21:36","slug":"voce-conhece-a-ic-week","status":"publish","type":"post","link":"https:\/\/www.ivanabeaumond.com.br\/vestidos-noiva\/voce-conhece-a-ic-week\/","title":{"rendered":"Voc\u00ea conhece a IC Week?"},"content":{"rendered":"<h4 style=\"text-align: justify;\"><span style=\"color: #999999;\">Como voc\u00eas j\u00e1 sabem, esse fim de semana estaremos participando de um evento super elegante e imperd\u00edvel \u2013 a 17\u00aa Inesquec\u00edvel Casamento Week. Para quem nunca foi ou ainda n\u00e3o conhece a IC Week, fizemos este post, com informa\u00e7\u00f5es importantes e um pequeno\u00a0guia descrevendo o que ir\u00e1 rolar por l\u00e1.<\/span><\/h4>\n<p>&nbsp;<\/p>\n<p><img decoding=\"async\" loading=\"lazy\" class=\"aligncenter size-full wp-image-15545\" src=\"http:\/\/www.ivanabeaumond.com.br\/vestidos-noiva\/wp-content\/uploads\/2018\/09\/Sem-t\u00edtulo.jpg\" alt=\"folder-ic-week-rio-2018-ivana\" width=\"600\" height=\"596\" srcset=\"https:\/\/www.ivanabeaumond.com.br\/vestidos-noiva\/wp-content\/uploads\/2018\/09\/Sem-t\u00edtulo.jpg 600w, https:\/\/www.ivanabeaumond.com.br\/vestidos-noiva\/wp-content\/uploads\/2018\/09\/Sem-t\u00edtulo-150x150.jpg 150w, https:\/\/www.ivanabeaumond.com.br\/vestidos-noiva\/wp-content\/uploads\/2018\/09\/Sem-t\u00edtulo-300x298.jpg 300w\" sizes=\"(max-width: 600px) 100vw, 600px\" \/><\/p>\n<h3><span style=\"color: #999999;\"><strong><em>O que \u00e9 a IC Week?<\/em><\/strong><\/span><\/h3>\n<p>&nbsp;<\/p>\n<h4 style=\"text-align: justify;\"><span style=\"color: #999999;\">A IC Week \u00e9 uma exposi\u00e7\u00e3o promovida pela Revista INESQUEC\u00cdVEL CASAMENTO, que come\u00e7ou como um Workshop, e acabou se transformando numa grande mostra de decora\u00e7\u00e3o e estilo de profissionais do setor matrimonial. O evento est\u00e1 em sua d\u00e9cima s\u00e9tima edi\u00e7\u00e3o, e j\u00e1 passou por S\u00e3o Paulo, Goi\u00e2nia e Rio de Janeiro.<\/span><\/h4>\n<p><iframe loading=\"lazy\" width=\"1060\" height=\"596\" src=\"https:\/\/www.youtube.com\/embed\/u2FCuuC6q58?feature=oembed\" frameborder=\"0\" allow=\"autoplay; encrypted-media\" allowfullscreen><\/iframe><\/p>\n<h3><span style=\"color: #999999;\"><strong><em>Atra\u00e7\u00f5es<\/em><\/strong><\/span><\/h3>\n<h4 style=\"text-align: justify;\"><\/h4>\n<h4 style=\"text-align: justify;\"><span style=\"color: #999999;\"><br \/>\nAl\u00e9m dos stands da exposi\u00e7\u00e3o, o evento contar\u00e1 com o Teatro IC, onde acontecer\u00e3o talk-shows, mesas redondas e desfiles. A apresenta\u00e7\u00e3o musical ficar\u00e1 a cargo da banda Levada Carioca.<br \/>\nOlha como nosso stand estava no ano passado (as fotos s\u00e3o da Dinamika Fotografia):<\/span><\/h4>\n<h4>\u00a0<a href=\"http:\/\/www.ivanabeaumond.com.br\/vestidos-noiva\/wp-content\/uploads\/2018\/09\/stand_ivana-43-e1538166687986.jpg\"><img decoding=\"async\" loading=\"lazy\" class=\"aligncenter size-full wp-image-15534\" src=\"http:\/\/www.ivanabeaumond.com.br\/vestidos-noiva\/wp-content\/uploads\/2018\/09\/stand_ivana-43-e1538166687986.jpg\" alt=\"stand_ivana-43\" width=\"604\" height=\"400\" \/><\/a><\/h4>\n<p><a href=\"http:\/\/www.ivanabeaumond.com.br\/vestidos-noiva\/wp-content\/uploads\/2018\/09\/stand_ivana-80-e1538167110294.jpg\"><img decoding=\"async\" loading=\"lazy\" class=\"aligncenter size-full wp-image-15541\" src=\"http:\/\/www.ivanabeaumond.com.br\/vestidos-noiva\/wp-content\/uploads\/2018\/09\/stand_ivana-80-e1538167110294.jpg\" alt=\"stand_ivana-beaumond-ic-week-2017\" width=\"604\" height=\"400\" \/><\/a><\/p>\n<p>&nbsp;<\/p>\n<p><img decoding=\"async\" loading=\"lazy\" class=\"aligncenter size-full wp-image-15530\" src=\"http:\/\/www.ivanabeaumond.com.br\/vestidos-noiva\/wp-content\/uploads\/2018\/09\/stand_ivana-4-e1538166773529.jpg\" alt=\"ivana-beaumond-stand-ic-week-2017\" width=\"600\" height=\"400\" \/><\/p>\n<p>&nbsp;<\/p>\n<p>&nbsp;<\/p>\n<p>&nbsp;<\/p>\n<h3 style=\"text-align: justify;\"><span style=\"color: #999999;\"><strong><em>Porque voc\u00ea deve ir \u00e0 C Week 2018?<\/em><\/strong><\/span><\/h3>\n<h4 style=\"text-align: justify;\"><\/h4>\n<h4 style=\"text-align: justify;\"><\/h4>\n<h4 style=\"text-align: justify;\"><span style=\"color: #999999;\"><br \/>\nO primeiro motivo, \u00e9 que voc\u00ea n\u00e3o pode perder a exposi\u00e7\u00e3o do Atelier IVANA BEAUMOND Paris, que est\u00e1 magn\u00edfica!<br \/>\nO segundo, \u00e9 que voc\u00ea\u00a0 tamb\u00e9m n\u00e3o pode deixar de assistir a atriz ANTONIA FONTENELLE, a cantora\u00a0MARINA ELALI e a Miss SHEISLANE HAYALLA modelando para o nosso DESFILE NOIVAS INESQUEC\u00cdVEIS!<\/span><\/h4>\n<p>&nbsp;<\/p>\n<h4 style=\"text-align: justify;\"><span style=\"color: #999999;\">Por \u00faltimo, mas n\u00e3o menos importante, l\u00e1 voc\u00ea ter\u00e1 a oportunidade de conhecer as maiores tend\u00eancias da ind\u00fastria de festas. Se voc\u00ea \u00e9 noiva, noivo, ou debutante, a IC Week \u00e9 uma op\u00e7\u00e3o certa para ajudar a conhecer lugares para sua festa, profissionais de Buffet e decora\u00e7\u00e3o, e a ajudar voc\u00ea a escolher o seu vestido!<\/span><\/h4>\n<p>&nbsp;<\/p>\n<p>&nbsp;<\/p>\n<p>&nbsp;<\/p>\n<h3><strong><span style=\"color: #999999;\"><em>Onde acontece?<\/em><\/span><\/strong><\/h3>\n<p>&nbsp;<\/p>\n<h4><\/h4>\n<h4 style=\"text-align: justify;\"><span style=\"color: #999999;\">O evento ser\u00e1 aberto para o p\u00fablico a partir deste s\u00e1bado, dia 29 de setembro, e acontecer\u00e1 no Sheraton Grand Rio\u00a0(av. Niemeyer, 121 &#8211; Leblon), a partir das 15 horas.<br \/>\nMaiores detalhes voc\u00ea encontra <span style=\"color: #000080;\"><a style=\"color: #000080;\" href=\"https:\/\/www.inesquecivelcasamento.com.br\/eventos\/baixe-agora-passaporte-ic-week-rio-2018\/\" target=\"_blank\">nesse link<\/a><\/span>!<\/span><\/h4>\n<p>&nbsp;<\/p>\n<p>&nbsp;<\/p>\n<p>&nbsp;<\/p>\n<h4><span style=\"color: #999999;\">Agora que voc\u00ea j\u00e1 est\u00e1 por dentro, garanto que ficou com vontade de ir. Te esperamos l\u00e1 este final de semana, hein?\u00a0<\/span><\/h4>\n","protected":false},"excerpt":{"rendered":"<p>Como voc\u00eas j\u00e1 sabem, esse fim de semana estaremos participando&#8230;<\/p>\n","protected":false},"author":4,"featured_media":15545,"comment_status":"closed","ping_status":"closed","sticky":false,"template":"","format":"standard","meta":[],"categories":[60,242,128],"tags":[133,161,113,146,173,197,132,253,252,255,254,257,259,240,155,258,260,256,261,250,199],"yoast_head":"<!-- This site is optimized with the Yoast SEO plugin v20.3 - https:\/\/yoast.com\/wordpress\/plugins\/seo\/ -->\n<title>Voc\u00ea conhece a IC Week? - Vestido de Noiva RJ<\/title>\n<meta name=\"robots\" content=\"index, follow, max-snippet:-1, max-image-preview:large, max-video-preview:-1\" \/>\n<link rel=\"canonical\" href=\"https:\/\/www.ivanabeaumond.com.br\/vestidos-noiva\/voce-conhece-a-ic-week\/\" \/>\n<meta property=\"og:locale\" content=\"pt_BR\" \/>\n<meta property=\"og:type\" content=\"article\" \/>\n<meta property=\"og:title\" content=\"Voc\u00ea conhece a IC Week? - Vestido de Noiva RJ\" \/>\n<meta property=\"og:description\" content=\"Como voc\u00eas j\u00e1 sabem, esse fim de semana estaremos participando...\" \/>\n<meta property=\"og:url\" content=\"https:\/\/www.ivanabeaumond.com.br\/vestidos-noiva\/voce-conhece-a-ic-week\/\" \/>\n<meta property=\"og:site_name\" content=\"Vestido de Noiva RJ\" \/>\n<meta property=\"article:publisher\" content=\"https:\/\/www.facebook.com\/ivana.beaumondnoivas\" \/>\n<meta property=\"article:published_time\" content=\"2018-09-28T21:38:42+00:00\" \/>\n<meta property=\"article:modified_time\" content=\"2018-10-11T16:21:36+00:00\" \/>\n<meta property=\"og:image\" content=\"https:\/\/www.ivanabeaumond.com.br\/vestidos-noiva\/wp-content\/uploads\/2018\/09\/Sem-t\u00edtulo.jpg\" \/>\n\t<meta property=\"og:image:width\" content=\"600\" \/>\n\t<meta property=\"og:image:height\" content=\"596\" \/>\n\t<meta property=\"og:image:type\" content=\"image\/jpeg\" \/>\n<meta name=\"author\" content=\"Ivana Beaumond Paris\" \/>\n<meta name=\"twitter:card\" content=\"summary_large_image\" \/>\n<meta name=\"twitter:label1\" content=\"Escrito por\" \/>\n\t<meta name=\"twitter:data1\" content=\"Ivana Beaumond Paris\" \/>\n\t<meta name=\"twitter:label2\" content=\"Est. tempo de leitura\" \/>\n\t<meta name=\"twitter:data2\" content=\"2 minutos\" \/>\n<script type=\"application\/ld+json\" class=\"yoast-schema-graph\">{\"@context\":\"https:\/\/schema.org\",\"@graph\":[{\"@type\":\"Article\",\"@id\":\"https:\/\/www.ivanabeaumond.com.br\/vestidos-noiva\/voce-conhece-a-ic-week\/#article\",\"isPartOf\":{\"@id\":\"https:\/\/www.ivanabeaumond.com.br\/vestidos-noiva\/voce-conhece-a-ic-week\/\"},\"author\":{\"name\":\"Ivana Beaumond Paris\",\"@id\":\"https:\/\/www.ivanabeaumond.com.br\/vestidos-noiva\/#\/schema\/person\/1a360c4cffa3b806d29a456389dcff26\"},\"headline\":\"Voc\u00ea conhece a IC Week?\",\"datePublished\":\"2018-09-28T21:38:42+00:00\",\"dateModified\":\"2018-10-11T16:21:36+00:00\",\"mainEntityOfPage\":{\"@id\":\"https:\/\/www.ivanabeaumond.com.br\/vestidos-noiva\/voce-conhece-a-ic-week\/\"},\"wordCount\":377,\"publisher\":{\"@id\":\"https:\/\/www.ivanabeaumond.com.br\/vestidos-noiva\/#organization\"},\"keywords\":[\"atelierivanabeaumond\",\"casamento blindado\",\"casamento criativo\",\"casamento luxuoso\",\"debutantes\",\"diainesquecivel\",\"dicas ivana\",\"icweek\",\"ICWeek2018\",\"icweekrio\",\"inesquecivelcasamento\",\"juntossomosinesqueciveis\",\"meucasamento\",\"meus15anos\",\"modanoiva\",\"noivinha\",\"noivo\",\"osmelhoresestaoaqui\",\"sheraton\",\"sheraton rio\",\"sobmedidanoiva\"],\"articleSection\":[\"Blog\",\"IC Week 2018\",\"Na M\u00eddia\"],\"inLanguage\":\"pt-BR\"},{\"@type\":\"WebPage\",\"@id\":\"https:\/\/www.ivanabeaumond.com.br\/vestidos-noiva\/voce-conhece-a-ic-week\/\",\"url\":\"https:\/\/www.ivanabeaumond.com.br\/vestidos-noiva\/voce-conhece-a-ic-week\/\",\"name\":\"Voc\u00ea conhece a IC Week? - Vestido de Noiva RJ\",\"isPartOf\":{\"@id\":\"https:\/\/www.ivanabeaumond.com.br\/vestidos-noiva\/#website\"},\"datePublished\":\"2018-09-28T21:38:42+00:00\",\"dateModified\":\"2018-10-11T16:21:36+00:00\",\"breadcrumb\":{\"@id\":\"https:\/\/www.ivanabeaumond.com.br\/vestidos-noiva\/voce-conhece-a-ic-week\/#breadcrumb\"},\"inLanguage\":\"pt-BR\",\"potentialAction\":[{\"@type\":\"ReadAction\",\"target\":[\"https:\/\/www.ivanabeaumond.com.br\/vestidos-noiva\/voce-conhece-a-ic-week\/\"]}]},{\"@type\":\"BreadcrumbList\",\"@id\":\"https:\/\/www.ivanabeaumond.com.br\/vestidos-noiva\/voce-conhece-a-ic-week\/#breadcrumb\",\"itemListElement\":[{\"@type\":\"ListItem\",\"position\":1,\"name\":\"In\u00edcio\",\"item\":\"https:\/\/www.ivanabeaumond.com.br\/vestidos-noiva\/\"},{\"@type\":\"ListItem\",\"position\":2,\"name\":\"Voc\u00ea conhece a IC Week?\"}]},{\"@type\":\"WebSite\",\"@id\":\"https:\/\/www.ivanabeaumond.com.br\/vestidos-noiva\/#website\",\"url\":\"https:\/\/www.ivanabeaumond.com.br\/vestidos-noiva\/\",\"name\":\"Vestido de Noiva RJ\",\"description\":\"Moda Noiva\",\"publisher\":{\"@id\":\"https:\/\/www.ivanabeaumond.com.br\/vestidos-noiva\/#organization\"},\"potentialAction\":[{\"@type\":\"SearchAction\",\"target\":{\"@type\":\"EntryPoint\",\"urlTemplate\":\"https:\/\/www.ivanabeaumond.com.br\/vestidos-noiva\/?s={search_term_string}\"},\"query-input\":\"required name=search_term_string\"}],\"inLanguage\":\"pt-BR\"},{\"@type\":\"Organization\",\"@id\":\"https:\/\/www.ivanabeaumond.com.br\/vestidos-noiva\/#organization\",\"name\":\"Vestido de Noiva RJ\",\"url\":\"https:\/\/www.ivanabeaumond.com.br\/vestidos-noiva\/\",\"logo\":{\"@type\":\"ImageObject\",\"inLanguage\":\"pt-BR\",\"@id\":\"https:\/\/www.ivanabeaumond.com.br\/vestidos-noiva\/#\/schema\/logo\/image\/\",\"url\":\"https:\/\/www.ivanabeaumond.com.br\/vestidos-noiva\/wp-content\/uploads\/2018\/02\/logo_ivana_beaumond-2.png\",\"contentUrl\":\"https:\/\/www.ivanabeaumond.com.br\/vestidos-noiva\/wp-content\/uploads\/2018\/02\/logo_ivana_beaumond-2.png\",\"width\":230,\"height\":112,\"caption\":\"Vestido de Noiva RJ\"},\"image\":{\"@id\":\"https:\/\/www.ivanabeaumond.com.br\/vestidos-noiva\/#\/schema\/logo\/image\/\"},\"sameAs\":[\"https:\/\/www.facebook.com\/ivana.beaumondnoivas\",\"https:\/\/www.instagram.com\/ivanabeaumond\/\",\"https:\/\/www.tiktok.com\/@ivanabeaumond\"]},{\"@type\":\"Person\",\"@id\":\"https:\/\/www.ivanabeaumond.com.br\/vestidos-noiva\/#\/schema\/person\/1a360c4cffa3b806d29a456389dcff26\",\"name\":\"Ivana Beaumond Paris\",\"image\":{\"@type\":\"ImageObject\",\"inLanguage\":\"pt-BR\",\"@id\":\"https:\/\/www.ivanabeaumond.com.br\/vestidos-noiva\/#\/schema\/person\/image\/\",\"url\":\"https:\/\/secure.gravatar.com\/avatar\/641f98db20b53ec937ceb641db4270b9?s=96&d=mm&r=g\",\"contentUrl\":\"https:\/\/secure.gravatar.com\/avatar\/641f98db20b53ec937ceb641db4270b9?s=96&d=mm&r=g\",\"caption\":\"Ivana Beaumond Paris\"},\"url\":\"https:\/\/www.ivanabeaumond.com.br\/vestidos-noiva\/author\/ivana\/\"}]}<\/script>\n<!-- \/ Yoast SEO plugin. -->","yoast_head_json":{"title":"Voc\u00ea conhece a IC Week? - Vestido de Noiva RJ","robots":{"index":"index","follow":"follow","max-snippet":"max-snippet:-1","max-image-preview":"max-image-preview:large","max-video-preview":"max-video-preview:-1"},"canonical":"https:\/\/www.ivanabeaumond.com.br\/vestidos-noiva\/voce-conhece-a-ic-week\/","og_locale":"pt_BR","og_type":"article","og_title":"Voc\u00ea conhece a IC Week? - Vestido de Noiva RJ","og_description":"Como voc\u00eas j\u00e1 sabem, esse fim de semana estaremos participando...","og_url":"https:\/\/www.ivanabeaumond.com.br\/vestidos-noiva\/voce-conhece-a-ic-week\/","og_site_name":"Vestido de Noiva RJ","article_publisher":"https:\/\/www.facebook.com\/ivana.beaumondnoivas","article_published_time":"2018-09-28T21:38:42+00:00","article_modified_time":"2018-10-11T16:21:36+00:00","og_image":[{"width":600,"height":596,"url":"https:\/\/www.ivanabeaumond.com.br\/vestidos-noiva\/wp-content\/uploads\/2018\/09\/Sem-t\u00edtulo.jpg","type":"image\/jpeg"}],"author":"Ivana Beaumond Paris","twitter_card":"summary_large_image","twitter_misc":{"Escrito por":"Ivana Beaumond Paris","Est. tempo de leitura":"2 minutos"},"schema":{"@context":"https:\/\/schema.org","@graph":[{"@type":"Article","@id":"https:\/\/www.ivanabeaumond.com.br\/vestidos-noiva\/voce-conhece-a-ic-week\/#article","isPartOf":{"@id":"https:\/\/www.ivanabeaumond.com.br\/vestidos-noiva\/voce-conhece-a-ic-week\/"},"author":{"name":"Ivana Beaumond Paris","@id":"https:\/\/www.ivanabeaumond.com.br\/vestidos-noiva\/#\/schema\/person\/1a360c4cffa3b806d29a456389dcff26"},"headline":"Voc\u00ea conhece a IC Week?","datePublished":"2018-09-28T21:38:42+00:00","dateModified":"2018-10-11T16:21:36+00:00","mainEntityOfPage":{"@id":"https:\/\/www.ivanabeaumond.com.br\/vestidos-noiva\/voce-conhece-a-ic-week\/"},"wordCount":377,"publisher":{"@id":"https:\/\/www.ivanabeaumond.com.br\/vestidos-noiva\/#organization"},"keywords":["atelierivanabeaumond","casamento blindado","casamento criativo","casamento luxuoso","debutantes","diainesquecivel","dicas ivana","icweek","ICWeek2018","icweekrio","inesquecivelcasamento","juntossomosinesqueciveis","meucasamento","meus15anos","modanoiva","noivinha","noivo","osmelhoresestaoaqui","sheraton","sheraton rio","sobmedidanoiva"],"articleSection":["Blog","IC Week 2018","Na M\u00eddia"],"inLanguage":"pt-BR"},{"@type":"WebPage","@id":"https:\/\/www.ivanabeaumond.com.br\/vestidos-noiva\/voce-conhece-a-ic-week\/","url":"https:\/\/www.ivanabeaumond.com.br\/vestidos-noiva\/voce-conhece-a-ic-week\/","name":"Voc\u00ea conhece a IC Week? - Vestido de Noiva RJ","isPartOf":{"@id":"https:\/\/www.ivanabeaumond.com.br\/vestidos-noiva\/#website"},"datePublished":"2018-09-28T21:38:42+00:00","dateModified":"2018-10-11T16:21:36+00:00","breadcrumb":{"@id":"https:\/\/www.ivanabeaumond.com.br\/vestidos-noiva\/voce-conhece-a-ic-week\/#breadcrumb"},"inLanguage":"pt-BR","potentialAction":[{"@type":"ReadAction","target":["https:\/\/www.ivanabeaumond.com.br\/vestidos-noiva\/voce-conhece-a-ic-week\/"]}]},{"@type":"BreadcrumbList","@id":"https:\/\/www.ivanabeaumond.com.br\/vestidos-noiva\/voce-conhece-a-ic-week\/#breadcrumb","itemListElement":[{"@type":"ListItem","position":1,"name":"In\u00edcio","item":"https:\/\/www.ivanabeaumond.com.br\/vestidos-noiva\/"},{"@type":"ListItem","position":2,"name":"Voc\u00ea conhece a IC Week?"}]},{"@type":"WebSite","@id":"https:\/\/www.ivanabeaumond.com.br\/vestidos-noiva\/#website","url":"https:\/\/www.ivanabeaumond.com.br\/vestidos-noiva\/","name":"Vestido de Noiva RJ","description":"Moda Noiva","publisher":{"@id":"https:\/\/www.ivanabeaumond.com.br\/vestidos-noiva\/#organization"},"potentialAction":[{"@type":"SearchAction","target":{"@type":"EntryPoint","urlTemplate":"https:\/\/www.ivanabeaumond.com.br\/vestidos-noiva\/?s={search_term_string}"},"query-input":"required name=search_term_string"}],"inLanguage":"pt-BR"},{"@type":"Organization","@id":"https:\/\/www.ivanabeaumond.com.br\/vestidos-noiva\/#organization","name":"Vestido de Noiva RJ","url":"https:\/\/www.ivanabeaumond.com.br\/vestidos-noiva\/","logo":{"@type":"ImageObject","inLanguage":"pt-BR","@id":"https:\/\/www.ivanabeaumond.com.br\/vestidos-noiva\/#\/schema\/logo\/image\/","url":"https:\/\/www.ivanabeaumond.com.br\/vestidos-noiva\/wp-content\/uploads\/2018\/02\/logo_ivana_beaumond-2.png","contentUrl":"https:\/\/www.ivanabeaumond.com.br\/vestidos-noiva\/wp-content\/uploads\/2018\/02\/logo_ivana_beaumond-2.png","width":230,"height":112,"caption":"Vestido de Noiva RJ"},"image":{"@id":"https:\/\/www.ivanabeaumond.com.br\/vestidos-noiva\/#\/schema\/logo\/image\/"},"sameAs":["https:\/\/www.facebook.com\/ivana.beaumondnoivas","https:\/\/www.instagram.com\/ivanabeaumond\/","https:\/\/www.tiktok.com\/@ivanabeaumond"]},{"@type":"Person","@id":"https:\/\/www.ivanabeaumond.com.br\/vestidos-noiva\/#\/schema\/person\/1a360c4cffa3b806d29a456389dcff26","name":"Ivana Beaumond Paris","image":{"@type":"ImageObject","inLanguage":"pt-BR","@id":"https:\/\/www.ivanabeaumond.com.br\/vestidos-noiva\/#\/schema\/person\/image\/","url":"https:\/\/secure.gravatar.com\/avatar\/641f98db20b53ec937ceb641db4270b9?s=96&d=mm&r=g","contentUrl":"https:\/\/secure.gravatar.com\/avatar\/641f98db20b53ec937ceb641db4270b9?s=96&d=mm&r=g","caption":"Ivana Beaumond Paris"},"url":"https:\/\/www.ivanabeaumond.com.br\/vestidos-noiva\/author\/ivana\/"}]}},"_links":{"self":[{"href":"https:\/\/www.ivanabeaumond.com.br\/vestidos-noiva\/wp-json\/wp\/v2\/posts\/15513"}],"collection":[{"href":"https:\/\/www.ivanabeaumond.com.br\/vestidos-noiva\/wp-json\/wp\/v2\/posts"}],"about":[{"href":"https:\/\/www.ivanabeaumond.com.br\/vestidos-noiva\/wp-json\/wp\/v2\/types\/post"}],"author":[{"embeddable":true,"href":"https:\/\/www.ivanabeaumond.com.br\/vestidos-noiva\/wp-json\/wp\/v2\/users\/4"}],"replies":[{"embeddable":true,"href":"https:\/\/www.ivanabeaumond.com.br\/vestidos-noiva\/wp-json\/wp\/v2\/comments?post=15513"}],"version-history":[{"count":44,"href":"https:\/\/www.ivanabeaumond.com.br\/vestidos-noiva\/wp-json\/wp\/v2\/posts\/15513\/revisions"}],"predecessor-version":[{"id":16070,"href":"https:\/\/www.ivanabeaumond.com.br\/vestidos-noiva\/wp-json\/wp\/v2\/posts\/15513\/revisions\/16070"}],"wp:featuredmedia":[{"embeddable":true,"href":"https:\/\/www.ivanabeaumond.com.br\/vestidos-noiva\/wp-json\/wp\/v2\/media\/15545"}],"wp:attachment":[{"href":"https:\/\/www.ivanabeaumond.com.br\/vestidos-noiva\/wp-json\/wp\/v2\/media?parent=15513"}],"wp:term":[{"taxonomy":"category","embeddable":true,"href":"https:\/\/www.ivanabeaumond.com.br\/vestidos-noiva\/wp-json\/wp\/v2\/categories?post=15513"},{"taxonomy":"post_tag","embeddable":true,"href":"https:\/\/www.ivanabeaumond.com.br\/vestidos-noiva\/wp-json\/wp\/v2\/tags?post=15513"}],"curies":[{"name":"wp","href":"https:\/\/api.w.org\/{rel}","templated":true}]}}