{"id":15819,"date":"2018-10-05T18:25:11","date_gmt":"2018-10-05T21:25:11","guid":{"rendered":"http:\/\/www.ivanabeaumond.com.br\/vestidos-noiva\/?p=15819"},"modified":"2018-10-08T12:35:37","modified_gmt":"2018-10-08T15:35:37","slug":"nosso-desfile-deu-o-que-falar","status":"publish","type":"post","link":"https:\/\/www.ivanabeaumond.com.br\/vestidos-noiva\/nosso-desfile-deu-o-que-falar\/","title":{"rendered":"Nosso desfile deu o que falar!"},"content":{"rendered":"<h4 style=\"text-align: justify;\"><span style=\"color: #999999;\">A <a href=\"http:\/\/www.ivanabeaumond.com.br\/vestidos-noiva\/aconteceu-a-icweekrio-2018\/\" target=\"_blank\">IC Week Rio<\/a> acabou, mas a IVANA BEAUMOND continua sendo assunto na imprensa. Nosso desfile NOIVAS INESQUEC\u00cdVEIS saiu na <span style=\"color: #000000;\"><a style=\"color: #000000;\" href=\"https:\/\/revistaquem.globo.com\/QUEM-News\/noticia\/2018\/10\/antonia-fontenelle-desfila-vestida-como-noiva-e-revela-que-gostaria-de-se-casar-novamente.html\" target=\"_blank\">Revista Quem<\/a><\/span>, no <span style=\"color: #000000;\"><a style=\"color: #000000;\" href=\"https:\/\/meuestilo.r7.com\/moda\/fotos\/antonia-fontenelle-desfila-vestida-de-noiva-01102018#!\/foto\/1\" target=\"_blank\">Portal R7<\/a><\/span>\u00a0no <a href=\"https:\/\/egobrazil.com\/antonia-fontenelle-desfila-de-noiva\/\" target=\"_blank\">Ego Brazil<\/a>, e nessa mat\u00e9ria super especial da <span style=\"color: #000000;\"><a style=\"color: #000000;\" href=\"https:\/\/www.inesquecivelcasamento.com.br\/eventos\/ic-week-rio-desfile-noivas-inesqueciveis\/\" target=\"_blank\">INESQUEC\u00cdVEL CASAMENTO<\/a><\/span>.<\/span><\/h4>\n<h4 style=\"text-align: justify;\"><span style=\"color: #999999;\">Veja as outras mat\u00e9rias super legais que sa\u00edram na m\u00eddia de domingo para c\u00e1:<\/span><\/h4>\n<p>&nbsp;<\/p>\n<p>&nbsp;<\/p>\n<p>&nbsp;<\/p>\n<div id='gallery-1' class='gallery gallery_default galleryid-15819 gallery-columns-3 gallery-size-full gallery-link-file'><figure class='wpmf-gallery-item gallery-item' style='width:33.333333333333%'>\n\t\t\t\t<div class='gallery-icon portrait'>\n\t\t\t\t\t<a data-lightbox='0' href='https:\/\/revistaquem.globo.com\/QUEM-News\/noticia\/2018\/10\/antonia-fontenelle-desfila-vestida-como-noiva-e-revela-que-gostaria-de-se-casar-novamente.html' title='ivana-beaumond-antonia-fontenelle-ic-week-2018-m\u00eddia' target='_blank'><img width=\"720\" height=\"1227\" src=\"https:\/\/www.ivanabeaumond.com.br\/vestidos-noiva\/wp-content\/uploads\/2018\/10\/ivana-beaumond-antonia-fontenelle-ic-week-2018-m\u00eddia.jpg\" class=\"attachment-full size-full\" alt=\"\" decoding=\"async\" loading=\"lazy\" srcset=\"https:\/\/www.ivanabeaumond.com.br\/vestidos-noiva\/wp-content\/uploads\/2018\/10\/ivana-beaumond-antonia-fontenelle-ic-week-2018-m\u00eddia.jpg 720w, https:\/\/www.ivanabeaumond.com.br\/vestidos-noiva\/wp-content\/uploads\/2018\/10\/ivana-beaumond-antonia-fontenelle-ic-week-2018-m\u00eddia-176x300.jpg 176w, https:\/\/www.ivanabeaumond.com.br\/vestidos-noiva\/wp-content\/uploads\/2018\/10\/ivana-beaumond-antonia-fontenelle-ic-week-2018-m\u00eddia-601x1024.jpg 601w\" sizes=\"(max-width: 720px) 100vw, 720px\" \/><\/a>\n\t\t\t\t<\/div><\/figure><figure class='wpmf-gallery-item gallery-item' style='width:33.333333333333%'>\n\t\t\t\t<div class='gallery-icon portrait'>\n\t\t\t\t\t<a data-lightbox='0' href='https:\/\/meuestilo.r7.com\/moda\/fotos\/antonia-fontenelle-desfila-vestida-de-noiva-01102018#!\/foto\/1' title='ivana-beaumond-2018-na-m\u00eddia' target='_blank'><img width=\"724\" height=\"736\" src=\"https:\/\/www.ivanabeaumond.com.br\/vestidos-noiva\/wp-content\/uploads\/2018\/10\/ivana-beaumond-2018-na-m\u00eddia.jpg\" class=\"attachment-full size-full\" alt=\"\" decoding=\"async\" loading=\"lazy\" srcset=\"https:\/\/www.ivanabeaumond.com.br\/vestidos-noiva\/wp-content\/uploads\/2018\/10\/ivana-beaumond-2018-na-m\u00eddia.jpg 724w, https:\/\/www.ivanabeaumond.com.br\/vestidos-noiva\/wp-content\/uploads\/2018\/10\/ivana-beaumond-2018-na-m\u00eddia-295x300.jpg 295w\" sizes=\"(max-width: 724px) 100vw, 724px\" \/><\/a>\n\t\t\t\t<\/div><\/figure><figure class='wpmf-gallery-item gallery-item' style='width:33.333333333333%'>\n\t\t\t\t<div class='gallery-icon portrait'>\n\t\t\t\t\t<a data-lightbox='0' href='https:\/\/egobrazil.com\/antonia-fontenelle-desfila-de-noiva\/' title='ego-brazil-ivana-beaumond-desfile' target='_blank'><img width=\"780\" height=\"836\" src=\"https:\/\/www.ivanabeaumond.com.br\/vestidos-noiva\/wp-content\/uploads\/2018\/10\/ego-brazil-ivana-beaumond-desfile.jpg\" class=\"attachment-full size-full\" alt=\"\" decoding=\"async\" loading=\"lazy\" srcset=\"https:\/\/www.ivanabeaumond.com.br\/vestidos-noiva\/wp-content\/uploads\/2018\/10\/ego-brazil-ivana-beaumond-desfile.jpg 780w, https:\/\/www.ivanabeaumond.com.br\/vestidos-noiva\/wp-content\/uploads\/2018\/10\/ego-brazil-ivana-beaumond-desfile-280x300.jpg 280w\" sizes=\"(max-width: 780px) 100vw, 780px\" \/><\/a>\n\t\t\t\t<\/div><\/figure><figure class='wpmf-gallery-item gallery-item' style='width:33.333333333333%'>\n\t\t\t\t<div class='gallery-icon portrait'>\n\t\t\t\t\t<a data-lightbox='0' href='http:\/\/gazetanacional.com.br\/antonia-fontenelle-desfila-vestida-de-noiva-em-evento-no-rio-de-janeiro\/' title='desfile-ivana-beaumond-2018-na-m\u00eddia' target='_blank'><img width=\"824\" height=\"1256\" src=\"https:\/\/www.ivanabeaumond.com.br\/vestidos-noiva\/wp-content\/uploads\/2018\/10\/desfile-ivana-beaumond-2018-na-m\u00eddia.jpg\" class=\"attachment-full size-full\" alt=\"\" decoding=\"async\" loading=\"lazy\" srcset=\"https:\/\/www.ivanabeaumond.com.br\/vestidos-noiva\/wp-content\/uploads\/2018\/10\/desfile-ivana-beaumond-2018-na-m\u00eddia.jpg 824w, https:\/\/www.ivanabeaumond.com.br\/vestidos-noiva\/wp-content\/uploads\/2018\/10\/desfile-ivana-beaumond-2018-na-m\u00eddia-197x300.jpg 197w, https:\/\/www.ivanabeaumond.com.br\/vestidos-noiva\/wp-content\/uploads\/2018\/10\/desfile-ivana-beaumond-2018-na-m\u00eddia-672x1024.jpg 672w\" sizes=\"(max-width: 824px) 100vw, 824px\" \/><\/a>\n\t\t\t\t<\/div><\/figure><figure class='wpmf-gallery-item gallery-item' style='width:33.333333333333%'>\n\t\t\t\t<div class='gallery-icon portrait'>\n\t\t\t\t\t<a data-lightbox='0' href='http:\/\/jornalnoticiasdesaopaulo.com.br\/2018\/10\/01\/antonia-fontenelle-desfila-vestida-de-noiva-em-evento-no-rio-de-janeiro\/' title='desfile-ivana-beaumond-na-m\u00eddia-3' target='_blank'><img width=\"780\" height=\"960\" src=\"https:\/\/www.ivanabeaumond.com.br\/vestidos-noiva\/wp-content\/uploads\/2018\/10\/desfile-ivana-beaumond-na-m\u00eddia-3.jpg\" class=\"attachment-full size-full\" alt=\"\" decoding=\"async\" loading=\"lazy\" srcset=\"https:\/\/www.ivanabeaumond.com.br\/vestidos-noiva\/wp-content\/uploads\/2018\/10\/desfile-ivana-beaumond-na-m\u00eddia-3.jpg 780w, https:\/\/www.ivanabeaumond.com.br\/vestidos-noiva\/wp-content\/uploads\/2018\/10\/desfile-ivana-beaumond-na-m\u00eddia-3-244x300.jpg 244w\" sizes=\"(max-width: 780px) 100vw, 780px\" \/><\/a>\n\t\t\t\t<\/div><\/figure><figure class='wpmf-gallery-item gallery-item' style='width:33.333333333333%'>\n\t\t\t\t<div class='gallery-icon portrait'>\n\t\t\t\t\t<a data-lightbox='0' href='http:\/\/jornalnoticiasdesaopaulo.com.br\/2018\/10\/01\/antonia-fontenelle-desfila-vestida-de-noiva-em-evento-no-rio-de-janeiro\/' title='desfile-ivana-beuamond-noivas-inesqueciveis-2018' target='_blank'><img width=\"828\" height=\"1248\" src=\"https:\/\/www.ivanabeaumond.com.br\/vestidos-noiva\/wp-content\/uploads\/2018\/10\/desfile-ivana-beuamond-noivas-inesqueciveis-2018.jpg\" class=\"attachment-full size-full\" alt=\"\" decoding=\"async\" loading=\"lazy\" srcset=\"https:\/\/www.ivanabeaumond.com.br\/vestidos-noiva\/wp-content\/uploads\/2018\/10\/desfile-ivana-beuamond-noivas-inesqueciveis-2018.jpg 828w, https:\/\/www.ivanabeaumond.com.br\/vestidos-noiva\/wp-content\/uploads\/2018\/10\/desfile-ivana-beuamond-noivas-inesqueciveis-2018-199x300.jpg 199w, https:\/\/www.ivanabeaumond.com.br\/vestidos-noiva\/wp-content\/uploads\/2018\/10\/desfile-ivana-beuamond-noivas-inesqueciveis-2018-679x1024.jpg 679w\" sizes=\"(max-width: 828px) 100vw, 828px\" \/><\/a>\n\t\t\t\t<\/div><\/figure><figure class='wpmf-gallery-item gallery-item' style='width:33.333333333333%'>\n\t\t\t\t<div class='gallery-icon portrait'>\n\t\t\t\t\t<a data-lightbox='0' href='http:\/\/www.portalmaismidia.com.br\/antonia-fontenelle-e-marina-elali-brilham-em-desfile\/' title='ivana-beaumond-na-m\u00eddia-4' target='_blank'><img width=\"748\" height=\"808\" src=\"https:\/\/www.ivanabeaumond.com.br\/vestidos-noiva\/wp-content\/uploads\/2018\/10\/ivana-beaumond-na-m\u00eddia-4.jpg\" class=\"attachment-full size-full\" alt=\"\" decoding=\"async\" loading=\"lazy\" srcset=\"https:\/\/www.ivanabeaumond.com.br\/vestidos-noiva\/wp-content\/uploads\/2018\/10\/ivana-beaumond-na-m\u00eddia-4.jpg 748w, https:\/\/www.ivanabeaumond.com.br\/vestidos-noiva\/wp-content\/uploads\/2018\/10\/ivana-beaumond-na-m\u00eddia-4-278x300.jpg 278w\" sizes=\"(max-width: 748px) 100vw, 748px\" \/><\/a>\n\t\t\t\t<\/div><\/figure><figure class='wpmf-gallery-item gallery-item' style='width:33.333333333333%'>\n\t\t\t\t<div class='gallery-icon landscape'>\n\t\t\t\t\t<a data-lightbox='1' href='https:\/\/www.ivanabeaumond.com.br\/vestidos-noiva\/wp-content\/uploads\/2018\/10\/desfile-ivana-beaumond-na-m\u00eddia-2018.jpg' title='desfile-ivana-beaumond-na-m\u00eddia-2018' target=''><img width=\"848\" height=\"746\" src=\"https:\/\/www.ivanabeaumond.com.br\/vestidos-noiva\/wp-content\/uploads\/2018\/10\/desfile-ivana-beaumond-na-m\u00eddia-2018.jpg\" class=\"attachment-full size-full\" alt=\"\" decoding=\"async\" loading=\"lazy\" srcset=\"https:\/\/www.ivanabeaumond.com.br\/vestidos-noiva\/wp-content\/uploads\/2018\/10\/desfile-ivana-beaumond-na-m\u00eddia-2018.jpg 848w, https:\/\/www.ivanabeaumond.com.br\/vestidos-noiva\/wp-content\/uploads\/2018\/10\/desfile-ivana-beaumond-na-m\u00eddia-2018-300x264.jpg 300w\" sizes=\"(max-width: 848px) 100vw, 848px\" \/><\/a>\n\t\t\t\t<\/div><\/figure><figure class='wpmf-gallery-item gallery-item' style='width:33.333333333333%'>\n\t\t\t\t<div class='gallery-icon portrait'>\n\t\t\t\t\t<a data-lightbox='0' href='http:\/\/muraldafama.com\/antonia-fontenelle-desfila-de-noiva-pela-grife-ivana-beaumond-paris\/' title='desfila-ivana-beaumond-na-m\u00eddia-2' target='_blank'><img width=\"832\" height=\"888\" src=\"https:\/\/www.ivanabeaumond.com.br\/vestidos-noiva\/wp-content\/uploads\/2018\/10\/desfila-ivana-beaumond-na-m\u00eddia-2.jpg\" class=\"attachment-full size-full\" alt=\"\" decoding=\"async\" loading=\"lazy\" srcset=\"https:\/\/www.ivanabeaumond.com.br\/vestidos-noiva\/wp-content\/uploads\/2018\/10\/desfila-ivana-beaumond-na-m\u00eddia-2.jpg 832w, https:\/\/www.ivanabeaumond.com.br\/vestidos-noiva\/wp-content\/uploads\/2018\/10\/desfila-ivana-beaumond-na-m\u00eddia-2-281x300.jpg 281w\" sizes=\"(max-width: 832px) 100vw, 832px\" \/><\/a>\n\t\t\t\t<\/div><\/figure><figure class='wpmf-gallery-item gallery-item' style='width:33.333333333333%'>\n\t\t\t\t<div class='gallery-icon portrait'>\n\t\t\t\t\t<a data-lightbox='0' href='http:\/\/muraldafama.com\/antonia-fontenelle-desfila-de-noiva-pela-grife-ivana-beaumond-paris\/' title='mural-da-fama-ivana-beaumond' target='_blank'><img width=\"708\" height=\"1084\" src=\"https:\/\/www.ivanabeaumond.com.br\/vestidos-noiva\/wp-content\/uploads\/2018\/10\/mural-da-fama-ivana-beaumond.jpg\" class=\"attachment-full size-full\" alt=\"\" decoding=\"async\" loading=\"lazy\" srcset=\"https:\/\/www.ivanabeaumond.com.br\/vestidos-noiva\/wp-content\/uploads\/2018\/10\/mural-da-fama-ivana-beaumond.jpg 708w, https:\/\/www.ivanabeaumond.com.br\/vestidos-noiva\/wp-content\/uploads\/2018\/10\/mural-da-fama-ivana-beaumond-196x300.jpg 196w, https:\/\/www.ivanabeaumond.com.br\/vestidos-noiva\/wp-content\/uploads\/2018\/10\/mural-da-fama-ivana-beaumond-669x1024.jpg 669w\" sizes=\"(max-width: 708px) 100vw, 708px\" \/><\/a>\n\t\t\t\t<\/div><\/figure><\/div>\n<p>&nbsp;<\/p>\n<p>&nbsp;<\/p>\n<p>&nbsp;<\/p>\n<p>&nbsp;<\/p>\n<h4 style=\"text-align: justify;\"><span style=\"color: #999999;\">Estamos muito felizes com toda essa repercuss\u00e3o. Nada \u00e9 mais gratificante do que ver nosso trabalho tendo reconhecimento p\u00fablico &#8211; \u00e9\u00a0o resultado de muita dedica\u00e7\u00e3o e carinho.\u00a0<\/span><span style=\"color: #999999;\">Bombamos!<\/span><\/h4>\n<p>&nbsp;<\/p>\n<p>&nbsp;<\/p>\n<p>&nbsp;<\/p>\n<h4><span style=\"color: #999999;\">Gostou? Siga nosso instagram\u00a0<span style=\"color: #333333;\"><a style=\"color: #333333;\" href=\"https:\/\/www.instagram.com\/ivanabeaumond\/\">@ivanabeaumond<\/a>\u00a0<\/span>e curta nossa fanpage\u00a0<span style=\"color: #333333;\"><a style=\"color: #333333;\" href=\"https:\/\/www.facebook.com\/IvanaBeaumond\/\" target=\"_blank\">Ivana Beaumond<\/a><\/span>\u00a0e fique por dentro de tudo o que rola no mundo das noivas e conhe\u00e7a nossos Melhores Modelos de Vestidos de Noivas Nacionais, Importados e Sob Medida.<\/span><\/h4>\n","protected":false},"excerpt":{"rendered":"<p>A IC Week Rio acabou, mas a IVANA BEAUMOND continua&#8230;<\/p>\n","protected":false},"author":4,"featured_media":15891,"comment_status":"closed","ping_status":"closed","sticky":false,"template":"","format":"standard","meta":[],"categories":[60,242,128],"tags":[135,144,248,215,133,161,146,195,272,253,252,255,254,247,275,136,111,105,155,274,258,271,269,270,273,97,210],"yoast_head":"<!-- This site is optimized with the Yoast SEO plugin v20.3 - https:\/\/yoast.com\/wordpress\/plugins\/seo\/ -->\n<title>Nosso desfile deu o que falar! - Vestido de Noiva RJ<\/title>\n<meta name=\"robots\" content=\"index, follow, max-snippet:-1, max-image-preview:large, max-video-preview:-1\" \/>\n<link rel=\"canonical\" href=\"https:\/\/www.ivanabeaumond.com.br\/vestidos-noiva\/nosso-desfile-deu-o-que-falar\/\" \/>\n<meta property=\"og:locale\" content=\"pt_BR\" \/>\n<meta property=\"og:type\" content=\"article\" \/>\n<meta property=\"og:title\" content=\"Nosso desfile deu o que falar! - Vestido de Noiva RJ\" \/>\n<meta property=\"og:description\" content=\"A IC Week Rio acabou, mas a IVANA BEAUMOND continua...\" \/>\n<meta property=\"og:url\" content=\"https:\/\/www.ivanabeaumond.com.br\/vestidos-noiva\/nosso-desfile-deu-o-que-falar\/\" \/>\n<meta property=\"og:site_name\" content=\"Vestido de Noiva RJ\" \/>\n<meta property=\"article:publisher\" content=\"https:\/\/www.facebook.com\/ivana.beaumondnoivas\" \/>\n<meta property=\"article:published_time\" content=\"2018-10-05T21:25:11+00:00\" \/>\n<meta property=\"article:modified_time\" content=\"2018-10-08T15:35:37+00:00\" \/>\n<meta property=\"og:image\" content=\"https:\/\/www.ivanabeaumond.com.br\/vestidos-noiva\/wp-content\/uploads\/2018\/10\/ego-brazil-ivana-beaumond-desfile-1.jpg\" \/>\n\t<meta property=\"og:image:width\" content=\"772\" \/>\n\t<meta property=\"og:image:height\" content=\"614\" \/>\n\t<meta property=\"og:image:type\" content=\"image\/jpeg\" \/>\n<meta name=\"author\" content=\"Ivana Beaumond Paris\" \/>\n<meta name=\"twitter:card\" content=\"summary_large_image\" \/>\n<meta name=\"twitter:label1\" content=\"Escrito por\" \/>\n\t<meta name=\"twitter:data1\" content=\"Ivana Beaumond Paris\" \/>\n\t<meta name=\"twitter:label2\" content=\"Est. tempo de leitura\" \/>\n\t<meta name=\"twitter:data2\" content=\"1 minuto\" \/>\n<script type=\"application\/ld+json\" class=\"yoast-schema-graph\">{\"@context\":\"https:\/\/schema.org\",\"@graph\":[{\"@type\":\"Article\",\"@id\":\"https:\/\/www.ivanabeaumond.com.br\/vestidos-noiva\/nosso-desfile-deu-o-que-falar\/#article\",\"isPartOf\":{\"@id\":\"https:\/\/www.ivanabeaumond.com.br\/vestidos-noiva\/nosso-desfile-deu-o-que-falar\/\"},\"author\":{\"name\":\"Ivana Beaumond Paris\",\"@id\":\"https:\/\/www.ivanabeaumond.com.br\/vestidos-noiva\/#\/schema\/person\/1a360c4cffa3b806d29a456389dcff26\"},\"headline\":\"Nosso desfile deu o que falar!\",\"datePublished\":\"2018-10-05T21:25:11+00:00\",\"dateModified\":\"2018-10-08T15:35:37+00:00\",\"mainEntityOfPage\":{\"@id\":\"https:\/\/www.ivanabeaumond.com.br\/vestidos-noiva\/nosso-desfile-deu-o-que-falar\/\"},\"wordCount\":147,\"publisher\":{\"@id\":\"https:\/\/www.ivanabeaumond.com.br\/vestidos-noiva\/#organization\"},\"keywords\":[\"acessoriosdenoiva\",\"aluguel de vestido\",\"antonia fontenelle\",\"Atelierdenoiva\",\"atelierivanabeaumond\",\"casamento blindado\",\"casamento luxuoso\",\"CasamentosRJ\",\"desfile\",\"icweek\",\"ICWeek2018\",\"icweekrio\",\"inesquecivelcasamento\",\"marina elali\",\"moda\",\"moda festa\",\"modabridal\",\"modaivanabeaumond\",\"modanoiva\",\"nalata\",\"noivinha\",\"portal r7\",\"quem\",\"r7\",\"rio de janeiro\",\"vestido de casamento\",\"weddingdress\"],\"articleSection\":[\"Blog\",\"IC Week 2018\",\"Na M\u00eddia\"],\"inLanguage\":\"pt-BR\"},{\"@type\":\"WebPage\",\"@id\":\"https:\/\/www.ivanabeaumond.com.br\/vestidos-noiva\/nosso-desfile-deu-o-que-falar\/\",\"url\":\"https:\/\/www.ivanabeaumond.com.br\/vestidos-noiva\/nosso-desfile-deu-o-que-falar\/\",\"name\":\"Nosso desfile deu o que falar! - Vestido de Noiva RJ\",\"isPartOf\":{\"@id\":\"https:\/\/www.ivanabeaumond.com.br\/vestidos-noiva\/#website\"},\"datePublished\":\"2018-10-05T21:25:11+00:00\",\"dateModified\":\"2018-10-08T15:35:37+00:00\",\"breadcrumb\":{\"@id\":\"https:\/\/www.ivanabeaumond.com.br\/vestidos-noiva\/nosso-desfile-deu-o-que-falar\/#breadcrumb\"},\"inLanguage\":\"pt-BR\",\"potentialAction\":[{\"@type\":\"ReadAction\",\"target\":[\"https:\/\/www.ivanabeaumond.com.br\/vestidos-noiva\/nosso-desfile-deu-o-que-falar\/\"]}]},{\"@type\":\"BreadcrumbList\",\"@id\":\"https:\/\/www.ivanabeaumond.com.br\/vestidos-noiva\/nosso-desfile-deu-o-que-falar\/#breadcrumb\",\"itemListElement\":[{\"@type\":\"ListItem\",\"position\":1,\"name\":\"In\u00edcio\",\"item\":\"https:\/\/www.ivanabeaumond.com.br\/vestidos-noiva\/\"},{\"@type\":\"ListItem\",\"position\":2,\"name\":\"Nosso desfile deu o que falar!\"}]},{\"@type\":\"WebSite\",\"@id\":\"https:\/\/www.ivanabeaumond.com.br\/vestidos-noiva\/#website\",\"url\":\"https:\/\/www.ivanabeaumond.com.br\/vestidos-noiva\/\",\"name\":\"Vestido de Noiva RJ\",\"description\":\"Moda Noiva\",\"publisher\":{\"@id\":\"https:\/\/www.ivanabeaumond.com.br\/vestidos-noiva\/#organization\"},\"potentialAction\":[{\"@type\":\"SearchAction\",\"target\":{\"@type\":\"EntryPoint\",\"urlTemplate\":\"https:\/\/www.ivanabeaumond.com.br\/vestidos-noiva\/?s={search_term_string}\"},\"query-input\":\"required name=search_term_string\"}],\"inLanguage\":\"pt-BR\"},{\"@type\":\"Organization\",\"@id\":\"https:\/\/www.ivanabeaumond.com.br\/vestidos-noiva\/#organization\",\"name\":\"Vestido de Noiva RJ\",\"url\":\"https:\/\/www.ivanabeaumond.com.br\/vestidos-noiva\/\",\"logo\":{\"@type\":\"ImageObject\",\"inLanguage\":\"pt-BR\",\"@id\":\"https:\/\/www.ivanabeaumond.com.br\/vestidos-noiva\/#\/schema\/logo\/image\/\",\"url\":\"https:\/\/www.ivanabeaumond.com.br\/vestidos-noiva\/wp-content\/uploads\/2018\/02\/logo_ivana_beaumond-2.png\",\"contentUrl\":\"https:\/\/www.ivanabeaumond.com.br\/vestidos-noiva\/wp-content\/uploads\/2018\/02\/logo_ivana_beaumond-2.png\",\"width\":230,\"height\":112,\"caption\":\"Vestido de Noiva RJ\"},\"image\":{\"@id\":\"https:\/\/www.ivanabeaumond.com.br\/vestidos-noiva\/#\/schema\/logo\/image\/\"},\"sameAs\":[\"https:\/\/www.facebook.com\/ivana.beaumondnoivas\",\"https:\/\/www.instagram.com\/ivanabeaumond\/\",\"https:\/\/www.tiktok.com\/@ivanabeaumond\"]},{\"@type\":\"Person\",\"@id\":\"https:\/\/www.ivanabeaumond.com.br\/vestidos-noiva\/#\/schema\/person\/1a360c4cffa3b806d29a456389dcff26\",\"name\":\"Ivana Beaumond Paris\",\"image\":{\"@type\":\"ImageObject\",\"inLanguage\":\"pt-BR\",\"@id\":\"https:\/\/www.ivanabeaumond.com.br\/vestidos-noiva\/#\/schema\/person\/image\/\",\"url\":\"https:\/\/secure.gravatar.com\/avatar\/641f98db20b53ec937ceb641db4270b9?s=96&d=mm&r=g\",\"contentUrl\":\"https:\/\/secure.gravatar.com\/avatar\/641f98db20b53ec937ceb641db4270b9?s=96&d=mm&r=g\",\"caption\":\"Ivana Beaumond Paris\"},\"url\":\"https:\/\/www.ivanabeaumond.com.br\/vestidos-noiva\/author\/ivana\/\"}]}<\/script>\n<!-- \/ Yoast SEO plugin. -->","yoast_head_json":{"title":"Nosso desfile deu o que falar! - Vestido de Noiva RJ","robots":{"index":"index","follow":"follow","max-snippet":"max-snippet:-1","max-image-preview":"max-image-preview:large","max-video-preview":"max-video-preview:-1"},"canonical":"https:\/\/www.ivanabeaumond.com.br\/vestidos-noiva\/nosso-desfile-deu-o-que-falar\/","og_locale":"pt_BR","og_type":"article","og_title":"Nosso desfile deu o que falar! - Vestido de Noiva RJ","og_description":"A IC Week Rio acabou, mas a IVANA BEAUMOND continua...","og_url":"https:\/\/www.ivanabeaumond.com.br\/vestidos-noiva\/nosso-desfile-deu-o-que-falar\/","og_site_name":"Vestido de Noiva RJ","article_publisher":"https:\/\/www.facebook.com\/ivana.beaumondnoivas","article_published_time":"2018-10-05T21:25:11+00:00","article_modified_time":"2018-10-08T15:35:37+00:00","og_image":[{"width":772,"height":614,"url":"https:\/\/www.ivanabeaumond.com.br\/vestidos-noiva\/wp-content\/uploads\/2018\/10\/ego-brazil-ivana-beaumond-desfile-1.jpg","type":"image\/jpeg"}],"author":"Ivana Beaumond Paris","twitter_card":"summary_large_image","twitter_misc":{"Escrito por":"Ivana Beaumond Paris","Est. tempo de leitura":"1 minuto"},"schema":{"@context":"https:\/\/schema.org","@graph":[{"@type":"Article","@id":"https:\/\/www.ivanabeaumond.com.br\/vestidos-noiva\/nosso-desfile-deu-o-que-falar\/#article","isPartOf":{"@id":"https:\/\/www.ivanabeaumond.com.br\/vestidos-noiva\/nosso-desfile-deu-o-que-falar\/"},"author":{"name":"Ivana Beaumond Paris","@id":"https:\/\/www.ivanabeaumond.com.br\/vestidos-noiva\/#\/schema\/person\/1a360c4cffa3b806d29a456389dcff26"},"headline":"Nosso desfile deu o que falar!","datePublished":"2018-10-05T21:25:11+00:00","dateModified":"2018-10-08T15:35:37+00:00","mainEntityOfPage":{"@id":"https:\/\/www.ivanabeaumond.com.br\/vestidos-noiva\/nosso-desfile-deu-o-que-falar\/"},"wordCount":147,"publisher":{"@id":"https:\/\/www.ivanabeaumond.com.br\/vestidos-noiva\/#organization"},"keywords":["acessoriosdenoiva","aluguel de vestido","antonia fontenelle","Atelierdenoiva","atelierivanabeaumond","casamento blindado","casamento luxuoso","CasamentosRJ","desfile","icweek","ICWeek2018","icweekrio","inesquecivelcasamento","marina elali","moda","moda festa","modabridal","modaivanabeaumond","modanoiva","nalata","noivinha","portal r7","quem","r7","rio de janeiro","vestido de casamento","weddingdress"],"articleSection":["Blog","IC Week 2018","Na M\u00eddia"],"inLanguage":"pt-BR"},{"@type":"WebPage","@id":"https:\/\/www.ivanabeaumond.com.br\/vestidos-noiva\/nosso-desfile-deu-o-que-falar\/","url":"https:\/\/www.ivanabeaumond.com.br\/vestidos-noiva\/nosso-desfile-deu-o-que-falar\/","name":"Nosso desfile deu o que falar! - Vestido de Noiva RJ","isPartOf":{"@id":"https:\/\/www.ivanabeaumond.com.br\/vestidos-noiva\/#website"},"datePublished":"2018-10-05T21:25:11+00:00","dateModified":"2018-10-08T15:35:37+00:00","breadcrumb":{"@id":"https:\/\/www.ivanabeaumond.com.br\/vestidos-noiva\/nosso-desfile-deu-o-que-falar\/#breadcrumb"},"inLanguage":"pt-BR","potentialAction":[{"@type":"ReadAction","target":["https:\/\/www.ivanabeaumond.com.br\/vestidos-noiva\/nosso-desfile-deu-o-que-falar\/"]}]},{"@type":"BreadcrumbList","@id":"https:\/\/www.ivanabeaumond.com.br\/vestidos-noiva\/nosso-desfile-deu-o-que-falar\/#breadcrumb","itemListElement":[{"@type":"ListItem","position":1,"name":"In\u00edcio","item":"https:\/\/www.ivanabeaumond.com.br\/vestidos-noiva\/"},{"@type":"ListItem","position":2,"name":"Nosso desfile deu o que falar!"}]},{"@type":"WebSite","@id":"https:\/\/www.ivanabeaumond.com.br\/vestidos-noiva\/#website","url":"https:\/\/www.ivanabeaumond.com.br\/vestidos-noiva\/","name":"Vestido de Noiva RJ","description":"Moda Noiva","publisher":{"@id":"https:\/\/www.ivanabeaumond.com.br\/vestidos-noiva\/#organization"},"potentialAction":[{"@type":"SearchAction","target":{"@type":"EntryPoint","urlTemplate":"https:\/\/www.ivanabeaumond.com.br\/vestidos-noiva\/?s={search_term_string}"},"query-input":"required name=search_term_string"}],"inLanguage":"pt-BR"},{"@type":"Organization","@id":"https:\/\/www.ivanabeaumond.com.br\/vestidos-noiva\/#organization","name":"Vestido de Noiva RJ","url":"https:\/\/www.ivanabeaumond.com.br\/vestidos-noiva\/","logo":{"@type":"ImageObject","inLanguage":"pt-BR","@id":"https:\/\/www.ivanabeaumond.com.br\/vestidos-noiva\/#\/schema\/logo\/image\/","url":"https:\/\/www.ivanabeaumond.com.br\/vestidos-noiva\/wp-content\/uploads\/2018\/02\/logo_ivana_beaumond-2.png","contentUrl":"https:\/\/www.ivanabeaumond.com.br\/vestidos-noiva\/wp-content\/uploads\/2018\/02\/logo_ivana_beaumond-2.png","width":230,"height":112,"caption":"Vestido de Noiva RJ"},"image":{"@id":"https:\/\/www.ivanabeaumond.com.br\/vestidos-noiva\/#\/schema\/logo\/image\/"},"sameAs":["https:\/\/www.facebook.com\/ivana.beaumondnoivas","https:\/\/www.instagram.com\/ivanabeaumond\/","https:\/\/www.tiktok.com\/@ivanabeaumond"]},{"@type":"Person","@id":"https:\/\/www.ivanabeaumond.com.br\/vestidos-noiva\/#\/schema\/person\/1a360c4cffa3b806d29a456389dcff26","name":"Ivana Beaumond Paris","image":{"@type":"ImageObject","inLanguage":"pt-BR","@id":"https:\/\/www.ivanabeaumond.com.br\/vestidos-noiva\/#\/schema\/person\/image\/","url":"https:\/\/secure.gravatar.com\/avatar\/641f98db20b53ec937ceb641db4270b9?s=96&d=mm&r=g","contentUrl":"https:\/\/secure.gravatar.com\/avatar\/641f98db20b53ec937ceb641db4270b9?s=96&d=mm&r=g","caption":"Ivana Beaumond Paris"},"url":"https:\/\/www.ivanabeaumond.com.br\/vestidos-noiva\/author\/ivana\/"}]}},"_links":{"self":[{"href":"https:\/\/www.ivanabeaumond.com.br\/vestidos-noiva\/wp-json\/wp\/v2\/posts\/15819"}],"collection":[{"href":"https:\/\/www.ivanabeaumond.com.br\/vestidos-noiva\/wp-json\/wp\/v2\/posts"}],"about":[{"href":"https:\/\/www.ivanabeaumond.com.br\/vestidos-noiva\/wp-json\/wp\/v2\/types\/post"}],"author":[{"embeddable":true,"href":"https:\/\/www.ivanabeaumond.com.br\/vestidos-noiva\/wp-json\/wp\/v2\/users\/4"}],"replies":[{"embeddable":true,"href":"https:\/\/www.ivanabeaumond.com.br\/vestidos-noiva\/wp-json\/wp\/v2\/comments?post=15819"}],"version-history":[{"count":44,"href":"https:\/\/www.ivanabeaumond.com.br\/vestidos-noiva\/wp-json\/wp\/v2\/posts\/15819\/revisions"}],"predecessor-version":[{"id":15894,"href":"https:\/\/www.ivanabeaumond.com.br\/vestidos-noiva\/wp-json\/wp\/v2\/posts\/15819\/revisions\/15894"}],"wp:featuredmedia":[{"embeddable":true,"href":"https:\/\/www.ivanabeaumond.com.br\/vestidos-noiva\/wp-json\/wp\/v2\/media\/15891"}],"wp:attachment":[{"href":"https:\/\/www.ivanabeaumond.com.br\/vestidos-noiva\/wp-json\/wp\/v2\/media?parent=15819"}],"wp:term":[{"taxonomy":"category","embeddable":true,"href":"https:\/\/www.ivanabeaumond.com.br\/vestidos-noiva\/wp-json\/wp\/v2\/categories?post=15819"},{"taxonomy":"post_tag","embeddable":true,"href":"https:\/\/www.ivanabeaumond.com.br\/vestidos-noiva\/wp-json\/wp\/v2\/tags?post=15819"}],"curies":[{"name":"wp","href":"https:\/\/api.w.org\/{rel}","templated":true}]}}