{"id":15909,"date":"2018-10-08T19:48:23","date_gmt":"2018-10-08T22:48:23","guid":{"rendered":"http:\/\/www.ivanabeaumond.com.br\/vestidos-noiva\/?p=15909"},"modified":"2018-10-09T16:37:40","modified_gmt":"2018-10-09T19:37:40","slug":"fashion-show-collection-2019","status":"publish","type":"post","link":"https:\/\/www.ivanabeaumond.com.br\/vestidos-noiva\/fashion-show-collection-2019\/","title":{"rendered":"Fashion Show Collection 2019"},"content":{"rendered":"<h4 style=\"text-align: justify;\"><span style=\"color: #999999;\">No dia 1\u00ba de outubro, aconteceu, em S\u00e3o Paulo, o Fashion Show Collection com o lan\u00e7amento da nova cole\u00e7\u00e3o de vestidos de noiva da cole\u00e7\u00e3o 2019, apresentando modelos in\u00e9ditos da alta costura em um desfile magnifico no glamouroso Pal\u00e1cio Tangar\u00e1.\u00a0 O evento contou ainda com a presen\u00e7a ilustre de Daniel Clar\u00e1, o filho da estilista mundialmente famosa, a Espanhola Rosa Clar\u00e1.<br \/>\n<\/span><\/h4>\n<p>&nbsp;<\/p>\n<p>&nbsp;<\/p>\n<h4 style=\"text-align: justify;\"><span style=\"color: #999999;\">A cole\u00e7\u00e3o 2019 traz inspira\u00e7\u00f5es na\u00a0feminilidade e celebra a beleza natural das mulheres de todo o mundo, com a proposta de\u00a0unir o cl\u00e1ssico e rom\u00e2ntico ao fresh para noivas modernas e delicadas. A mistura de elementos como o tule de seda, plumetti e chantilly s\u00e3o\u00a0a nova aposta.\u00a0<\/span><\/h4>\n<p>&nbsp;<\/p>\n<p>&nbsp;<\/p>\n<p>&nbsp;<\/p>\n<h4 style=\"text-align: justify;\"><span style=\"color: #999999;\">\u201cAs novas cole\u00e7\u00f5es 2019 trazem designs com detalhes requintados em tecidos finos e fluidos, que traz \u00e0s noivas contempor\u00e2neas sonhos rom\u00e2nticos, e \u00e0 vida eleg\u00e2ncia.\u201d<br \/>\n<\/span><\/h4>\n<p>&nbsp;<\/p>\n<p>&nbsp;<\/p>\n<h4 style=\"text-align: justify;\"><span style=\"color: #999999;\">A decora\u00e7\u00e3o \u00e9 assinada pelo cen\u00f3grafo\u00a0Marcelo Bacchin.\u00a0Quem fez os cabelos e as makes foi o lend\u00e1rio Celso Kamura e sua equipe do Kamura Jardins. Quem cuidou dos drinks foi a Freixenet, e os mimos para os convidados ficaram por conta da Beneditos.<\/span><\/h4>\n<p>&nbsp;<\/p>\n<div class='wpmf-gallerys'><div id='gallery-1' data-gutter-width='5' data-columns='4' class='gallery gallery-link-file gallery-masonry galleryid-15909 gallery-columns-4 gallery-size-medium wpmf-gallery-bottomspace-default wpmf-gallery-clear'><div class='wpmf-gallery-item wpmf-gallery-item-position-1 wpmf-gallery-item-attachment-15940'><div class='gallery-icon landscape'><a data-lightbox='1' href='https:\/\/www.ivanabeaumond.com.br\/vestidos-noiva\/wp-content\/uploads\/2018\/10\/Ivana_-Beaumond_FASHION_SHOW_-COLLECTION_-2019_Pal\u00e1cio_Tangar\u00e1_SP_Daniel_Clara-82-1024x768.jpg' title='Ivana_ Beaumond_FASHION_SHOW_ COLLECTION_ 2019_Pal\u00e1cio_Tangar\u00e1_SP_Daniel_Clara (8)' target=''><img width=\"300\" height=\"225\" src=\"https:\/\/www.ivanabeaumond.com.br\/vestidos-noiva\/wp-content\/uploads\/2018\/10\/Ivana_-Beaumond_FASHION_SHOW_-COLLECTION_-2019_Pal\u00e1cio_Tangar\u00e1_SP_Daniel_Clara-82-300x225.jpg\" class=\"attachment-medium size-medium\" alt=\"\" decoding=\"async\" loading=\"lazy\" srcset=\"https:\/\/www.ivanabeaumond.com.br\/vestidos-noiva\/wp-content\/uploads\/2018\/10\/Ivana_-Beaumond_FASHION_SHOW_-COLLECTION_-2019_Pal\u00e1cio_Tangar\u00e1_SP_Daniel_Clara-82-300x225.jpg 300w, https:\/\/www.ivanabeaumond.com.br\/vestidos-noiva\/wp-content\/uploads\/2018\/10\/Ivana_-Beaumond_FASHION_SHOW_-COLLECTION_-2019_Pal\u00e1cio_Tangar\u00e1_SP_Daniel_Clara-82-1024x768.jpg 1024w, https:\/\/www.ivanabeaumond.com.br\/vestidos-noiva\/wp-content\/uploads\/2018\/10\/Ivana_-Beaumond_FASHION_SHOW_-COLLECTION_-2019_Pal\u00e1cio_Tangar\u00e1_SP_Daniel_Clara-82-e1539023070610.jpg 800w\" sizes=\"(max-width: 300px) 100vw, 300px\" \/><\/a><\/div><\/div><div class='wpmf-gallery-item wpmf-gallery-item-position-2 wpmf-gallery-item-attachment-15939'><div class='gallery-icon landscape'><a data-lightbox='1' href='https:\/\/www.ivanabeaumond.com.br\/vestidos-noiva\/wp-content\/uploads\/2018\/10\/Ivana_-Beaumond_FASHION_SHOW_-COLLECTION_-2019_Pal\u00e1cio_Tangar\u00e1_SP_Daniel_Clara-92-1024x768.jpg' title='Ivana_ Beaumond_FASHION_SHOW_ COLLECTION_ 2019_Pal\u00e1cio_Tangar\u00e1_SP_Daniel_Clara (9)' target=''><img width=\"300\" height=\"225\" src=\"https:\/\/www.ivanabeaumond.com.br\/vestidos-noiva\/wp-content\/uploads\/2018\/10\/Ivana_-Beaumond_FASHION_SHOW_-COLLECTION_-2019_Pal\u00e1cio_Tangar\u00e1_SP_Daniel_Clara-92-300x225.jpg\" class=\"attachment-medium size-medium\" alt=\"\" decoding=\"async\" loading=\"lazy\" srcset=\"https:\/\/www.ivanabeaumond.com.br\/vestidos-noiva\/wp-content\/uploads\/2018\/10\/Ivana_-Beaumond_FASHION_SHOW_-COLLECTION_-2019_Pal\u00e1cio_Tangar\u00e1_SP_Daniel_Clara-92-300x225.jpg 300w, https:\/\/www.ivanabeaumond.com.br\/vestidos-noiva\/wp-content\/uploads\/2018\/10\/Ivana_-Beaumond_FASHION_SHOW_-COLLECTION_-2019_Pal\u00e1cio_Tangar\u00e1_SP_Daniel_Clara-92-1024x768.jpg 1024w, https:\/\/www.ivanabeaumond.com.br\/vestidos-noiva\/wp-content\/uploads\/2018\/10\/Ivana_-Beaumond_FASHION_SHOW_-COLLECTION_-2019_Pal\u00e1cio_Tangar\u00e1_SP_Daniel_Clara-92-e1539032919761.jpg 800w\" sizes=\"(max-width: 300px) 100vw, 300px\" \/><\/a><\/div><\/div><div class='wpmf-gallery-item wpmf-gallery-item-position-3 wpmf-gallery-item-attachment-15932'><div class='gallery-icon landscape'><a data-lightbox='1' href='https:\/\/www.ivanabeaumond.com.br\/vestidos-noiva\/wp-content\/uploads\/2018\/10\/Ivana_-Beaumond_FASHION_SHOW_-COLLECTION_-2019_Pal\u00e1cio_Tangar\u00e1_SP-4-1024x768.jpg' title='Ivana_ Beaumond_FASHION_SHOW_ COLLECTION_ 2019_Pal\u00e1cio_Tangar\u00e1_SP (4)' target=''><img width=\"300\" height=\"225\" src=\"https:\/\/www.ivanabeaumond.com.br\/vestidos-noiva\/wp-content\/uploads\/2018\/10\/Ivana_-Beaumond_FASHION_SHOW_-COLLECTION_-2019_Pal\u00e1cio_Tangar\u00e1_SP-4-300x225.jpg\" class=\"attachment-medium size-medium\" alt=\"\" decoding=\"async\" loading=\"lazy\" srcset=\"https:\/\/www.ivanabeaumond.com.br\/vestidos-noiva\/wp-content\/uploads\/2018\/10\/Ivana_-Beaumond_FASHION_SHOW_-COLLECTION_-2019_Pal\u00e1cio_Tangar\u00e1_SP-4-300x225.jpg 300w, https:\/\/www.ivanabeaumond.com.br\/vestidos-noiva\/wp-content\/uploads\/2018\/10\/Ivana_-Beaumond_FASHION_SHOW_-COLLECTION_-2019_Pal\u00e1cio_Tangar\u00e1_SP-4-1024x768.jpg 1024w, https:\/\/www.ivanabeaumond.com.br\/vestidos-noiva\/wp-content\/uploads\/2018\/10\/Ivana_-Beaumond_FASHION_SHOW_-COLLECTION_-2019_Pal\u00e1cio_Tangar\u00e1_SP-4-e1539021977264.jpg 800w\" sizes=\"(max-width: 300px) 100vw, 300px\" \/><\/a><\/div><\/div><div class='wpmf-gallery-item wpmf-gallery-item-position-4 wpmf-gallery-item-attachment-15898'><div class='gallery-icon landscape'><a data-lightbox='1' href='https:\/\/www.ivanabeaumond.com.br\/vestidos-noiva\/wp-content\/uploads\/2018\/10\/Ivana_-Beaumond_FASHION_SHOW_-COLLECTION_-2019_Pal\u00e1cio_Tangar\u00e1_SP-21-1024x768.jpg' title='Ivana_ Beaumond_FASHION_SHOW_ COLLECTION_ 2019_Pal\u00e1cio_Tangar\u00e1_SP (2)' target=''><img width=\"300\" height=\"225\" src=\"https:\/\/www.ivanabeaumond.com.br\/vestidos-noiva\/wp-content\/uploads\/2018\/10\/Ivana_-Beaumond_FASHION_SHOW_-COLLECTION_-2019_Pal\u00e1cio_Tangar\u00e1_SP-21-300x225.jpg\" class=\"attachment-medium size-medium\" alt=\"\" decoding=\"async\" loading=\"lazy\" srcset=\"https:\/\/www.ivanabeaumond.com.br\/vestidos-noiva\/wp-content\/uploads\/2018\/10\/Ivana_-Beaumond_FASHION_SHOW_-COLLECTION_-2019_Pal\u00e1cio_Tangar\u00e1_SP-21-300x225.jpg 300w, https:\/\/www.ivanabeaumond.com.br\/vestidos-noiva\/wp-content\/uploads\/2018\/10\/Ivana_-Beaumond_FASHION_SHOW_-COLLECTION_-2019_Pal\u00e1cio_Tangar\u00e1_SP-21-1024x768.jpg 1024w, https:\/\/www.ivanabeaumond.com.br\/vestidos-noiva\/wp-content\/uploads\/2018\/10\/Ivana_-Beaumond_FASHION_SHOW_-COLLECTION_-2019_Pal\u00e1cio_Tangar\u00e1_SP-21-e1539021719512.jpg 800w\" sizes=\"(max-width: 300px) 100vw, 300px\" \/><\/a><\/div><\/div><div class='wpmf-gallery-item wpmf-gallery-item-position-5 wpmf-gallery-item-attachment-15901'><div class='gallery-icon portrait'><a data-lightbox='1' href='https:\/\/www.ivanabeaumond.com.br\/vestidos-noiva\/wp-content\/uploads\/2018\/10\/Ivana_-Beaumond_FASHION_SHOW_-COLLECTION_-2019_Pal\u00e1cio_Tangar\u00e1_SP-6-768x1024.jpg' title='Ivana_ Beaumond_FASHION_SHOW_ COLLECTION_ 2019_Pal\u00e1cio_Tangar\u00e1_SP (6)' target=''><img width=\"225\" height=\"300\" src=\"https:\/\/www.ivanabeaumond.com.br\/vestidos-noiva\/wp-content\/uploads\/2018\/10\/Ivana_-Beaumond_FASHION_SHOW_-COLLECTION_-2019_Pal\u00e1cio_Tangar\u00e1_SP-6-225x300.jpg\" class=\"attachment-medium size-medium\" alt=\"\" decoding=\"async\" loading=\"lazy\" srcset=\"https:\/\/www.ivanabeaumond.com.br\/vestidos-noiva\/wp-content\/uploads\/2018\/10\/Ivana_-Beaumond_FASHION_SHOW_-COLLECTION_-2019_Pal\u00e1cio_Tangar\u00e1_SP-6-225x300.jpg 225w, https:\/\/www.ivanabeaumond.com.br\/vestidos-noiva\/wp-content\/uploads\/2018\/10\/Ivana_-Beaumond_FASHION_SHOW_-COLLECTION_-2019_Pal\u00e1cio_Tangar\u00e1_SP-6-768x1024.jpg 768w, https:\/\/www.ivanabeaumond.com.br\/vestidos-noiva\/wp-content\/uploads\/2018\/10\/Ivana_-Beaumond_FASHION_SHOW_-COLLECTION_-2019_Pal\u00e1cio_Tangar\u00e1_SP-6-e1539021731710.jpg 600w\" sizes=\"(max-width: 225px) 100vw, 225px\" \/><\/a><\/div><\/div><div class='wpmf-gallery-item wpmf-gallery-item-position-6 wpmf-gallery-item-attachment-15897'><div class='gallery-icon portrait'><a data-lightbox='1' href='https:\/\/www.ivanabeaumond.com.br\/vestidos-noiva\/wp-content\/uploads\/2018\/10\/Ivana_-Beaumond_FASHION_SHOW_-COLLECTION_-2019_Pal\u00e1cio_Tangar\u00e1_SP-7-768x1024.jpg' title='Ivana_ Beaumond_FASHION_SHOW_ COLLECTION_ 2019_Pal\u00e1cio_Tangar\u00e1_SP (7)' target=''><img width=\"225\" height=\"300\" src=\"https:\/\/www.ivanabeaumond.com.br\/vestidos-noiva\/wp-content\/uploads\/2018\/10\/Ivana_-Beaumond_FASHION_SHOW_-COLLECTION_-2019_Pal\u00e1cio_Tangar\u00e1_SP-7-225x300.jpg\" class=\"attachment-medium size-medium\" alt=\"\" decoding=\"async\" loading=\"lazy\" srcset=\"https:\/\/www.ivanabeaumond.com.br\/vestidos-noiva\/wp-content\/uploads\/2018\/10\/Ivana_-Beaumond_FASHION_SHOW_-COLLECTION_-2019_Pal\u00e1cio_Tangar\u00e1_SP-7-225x300.jpg 225w, https:\/\/www.ivanabeaumond.com.br\/vestidos-noiva\/wp-content\/uploads\/2018\/10\/Ivana_-Beaumond_FASHION_SHOW_-COLLECTION_-2019_Pal\u00e1cio_Tangar\u00e1_SP-7-768x1024.jpg 768w, https:\/\/www.ivanabeaumond.com.br\/vestidos-noiva\/wp-content\/uploads\/2018\/10\/Ivana_-Beaumond_FASHION_SHOW_-COLLECTION_-2019_Pal\u00e1cio_Tangar\u00e1_SP-7-e1539032856212.jpg 600w\" sizes=\"(max-width: 225px) 100vw, 225px\" \/><\/a><\/div><\/div><div class='wpmf-gallery-item wpmf-gallery-item-position-7 wpmf-gallery-item-attachment-15899'><div class='gallery-icon portrait'><a data-lightbox='1' href='https:\/\/www.ivanabeaumond.com.br\/vestidos-noiva\/wp-content\/uploads\/2018\/10\/Ivana_-Beaumond_FASHION_SHOW_-COLLECTION_-2019_Pal\u00e1cio_Tangar\u00e1_SP-3-768x1024.jpg' title='Ivana_ Beaumond_FASHION_SHOW_ COLLECTION_ 2019_Pal\u00e1cio_Tangar\u00e1_SP (3)' target=''><img width=\"225\" height=\"300\" src=\"https:\/\/www.ivanabeaumond.com.br\/vestidos-noiva\/wp-content\/uploads\/2018\/10\/Ivana_-Beaumond_FASHION_SHOW_-COLLECTION_-2019_Pal\u00e1cio_Tangar\u00e1_SP-3-225x300.jpg\" class=\"attachment-medium size-medium\" alt=\"\" decoding=\"async\" loading=\"lazy\" srcset=\"https:\/\/www.ivanabeaumond.com.br\/vestidos-noiva\/wp-content\/uploads\/2018\/10\/Ivana_-Beaumond_FASHION_SHOW_-COLLECTION_-2019_Pal\u00e1cio_Tangar\u00e1_SP-3-225x300.jpg 225w, https:\/\/www.ivanabeaumond.com.br\/vestidos-noiva\/wp-content\/uploads\/2018\/10\/Ivana_-Beaumond_FASHION_SHOW_-COLLECTION_-2019_Pal\u00e1cio_Tangar\u00e1_SP-3-768x1024.jpg 768w, https:\/\/www.ivanabeaumond.com.br\/vestidos-noiva\/wp-content\/uploads\/2018\/10\/Ivana_-Beaumond_FASHION_SHOW_-COLLECTION_-2019_Pal\u00e1cio_Tangar\u00e1_SP-3-e1539021743603.jpg 600w\" sizes=\"(max-width: 225px) 100vw, 225px\" \/><\/a><\/div><\/div><div class='wpmf-gallery-item wpmf-gallery-item-position-8 wpmf-gallery-item-attachment-15900'><div class='gallery-icon portrait'><a data-lightbox='1' href='https:\/\/www.ivanabeaumond.com.br\/vestidos-noiva\/wp-content\/uploads\/2018\/10\/Ivana_-Beaumond_FASHION_SHOW_-COLLECTION_-2019_Pal\u00e1cio_Tangar\u00e1_SP-5-768x1024.jpg' title='Ivana_ Beaumond_FASHION_SHOW_ COLLECTION_ 2019_Pal\u00e1cio_Tangar\u00e1_SP (5)' target=''><img width=\"225\" height=\"300\" src=\"https:\/\/www.ivanabeaumond.com.br\/vestidos-noiva\/wp-content\/uploads\/2018\/10\/Ivana_-Beaumond_FASHION_SHOW_-COLLECTION_-2019_Pal\u00e1cio_Tangar\u00e1_SP-5-225x300.jpg\" class=\"attachment-medium size-medium\" alt=\"\" decoding=\"async\" loading=\"lazy\" srcset=\"https:\/\/www.ivanabeaumond.com.br\/vestidos-noiva\/wp-content\/uploads\/2018\/10\/Ivana_-Beaumond_FASHION_SHOW_-COLLECTION_-2019_Pal\u00e1cio_Tangar\u00e1_SP-5-225x300.jpg 225w, https:\/\/www.ivanabeaumond.com.br\/vestidos-noiva\/wp-content\/uploads\/2018\/10\/Ivana_-Beaumond_FASHION_SHOW_-COLLECTION_-2019_Pal\u00e1cio_Tangar\u00e1_SP-5-768x1024.jpg 768w, https:\/\/www.ivanabeaumond.com.br\/vestidos-noiva\/wp-content\/uploads\/2018\/10\/Ivana_-Beaumond_FASHION_SHOW_-COLLECTION_-2019_Pal\u00e1cio_Tangar\u00e1_SP-5-e1539021759278.jpg 600w\" sizes=\"(max-width: 225px) 100vw, 225px\" \/><\/a><\/div><\/div><\/div><\/div>\n\n<p>&nbsp;<\/p>\n<p>&nbsp;<\/p>\n<p>&nbsp;<\/p>\n<h4 style=\"text-align: justify;\"><span style=\"color: #999999;\">\u00a0As fotos lind\u00edssimas do evento foram feitas pela Fam\u00edlia Buzetti:<\/span><\/h4>\n<p>&nbsp;<\/p>\n<h4 style=\"text-align: justify;\"><\/h4>\n<p>&nbsp;<\/p>\n<p>&nbsp;<\/p>\n<h4 style=\"text-align: justify;\"><\/h4>\n<div id='gallery-2' class='gallery gallery_default galleryid-15909 gallery-columns-4 gallery-size-full gallery-link-file'><figure class='wpmf-gallery-item gallery-item' style='width:25%'>\n\t\t\t\t<div class='gallery-icon portrait'>\n\t\t\t\t\t<a data-lightbox='1' href='https:\/\/www.ivanabeaumond.com.br\/vestidos-noiva\/wp-content\/uploads\/2018\/10\/Modelo-alta-costura-rosa-clar\u00e1-1.jpg' title='Modelo-alta-costura-rosa-clar\u00e1-1' target=''><img width=\"683\" height=\"1024\" src=\"https:\/\/www.ivanabeaumond.com.br\/vestidos-noiva\/wp-content\/uploads\/2018\/10\/Modelo-alta-costura-rosa-clar\u00e1-1.jpg\" class=\"attachment-full size-full\" alt=\"\" decoding=\"async\" loading=\"lazy\" \/><\/a>\n\t\t\t\t<\/div><\/figure><figure class='wpmf-gallery-item gallery-item' style='width:25%'>\n\t\t\t\t<div class='gallery-icon portrait'>\n\t\t\t\t\t<a data-lightbox='1' href='https:\/\/www.ivanabeaumond.com.br\/vestidos-noiva\/wp-content\/uploads\/2018\/10\/Modelo-alta-costura-rosa-clar\u00e1-2.jpg' title='Modelo-alta-costura-rosa-clar\u00e1-2' target=''><img width=\"683\" height=\"1024\" src=\"https:\/\/www.ivanabeaumond.com.br\/vestidos-noiva\/wp-content\/uploads\/2018\/10\/Modelo-alta-costura-rosa-clar\u00e1-2.jpg\" class=\"attachment-full size-full\" alt=\"\" decoding=\"async\" loading=\"lazy\" srcset=\"https:\/\/www.ivanabeaumond.com.br\/vestidos-noiva\/wp-content\/uploads\/2018\/10\/Modelo-alta-costura-rosa-clar\u00e1-2.jpg 683w, https:\/\/www.ivanabeaumond.com.br\/vestidos-noiva\/wp-content\/uploads\/2018\/10\/Modelo-alta-costura-rosa-clar\u00e1-2-200x300.jpg 200w\" sizes=\"(max-width: 683px) 100vw, 683px\" \/><\/a>\n\t\t\t\t<\/div><\/figure><figure class='wpmf-gallery-item gallery-item' style='width:25%'>\n\t\t\t\t<div class='gallery-icon portrait'>\n\t\t\t\t\t<a data-lightbox='1' href='https:\/\/www.ivanabeaumond.com.br\/vestidos-noiva\/wp-content\/uploads\/2018\/10\/Modelo-alta-costura-rosa-clar\u00e1-3.jpg' title='Modelo-alta-costura-rosa-clar\u00e1-3' target=''><img width=\"683\" height=\"1024\" src=\"https:\/\/www.ivanabeaumond.com.br\/vestidos-noiva\/wp-content\/uploads\/2018\/10\/Modelo-alta-costura-rosa-clar\u00e1-3.jpg\" class=\"attachment-full size-full\" alt=\"\" decoding=\"async\" loading=\"lazy\" srcset=\"https:\/\/www.ivanabeaumond.com.br\/vestidos-noiva\/wp-content\/uploads\/2018\/10\/Modelo-alta-costura-rosa-clar\u00e1-3.jpg 683w, https:\/\/www.ivanabeaumond.com.br\/vestidos-noiva\/wp-content\/uploads\/2018\/10\/Modelo-alta-costura-rosa-clar\u00e1-3-200x300.jpg 200w\" sizes=\"(max-width: 683px) 100vw, 683px\" \/><\/a>\n\t\t\t\t<\/div><\/figure><figure class='wpmf-gallery-item gallery-item' style='width:25%'>\n\t\t\t\t<div class='gallery-icon portrait'>\n\t\t\t\t\t<a data-lightbox='1' href='https:\/\/www.ivanabeaumond.com.br\/vestidos-noiva\/wp-content\/uploads\/2018\/10\/Modelo-alta-costura-rosa-clar\u00e1-5.jpg' title='Modelo-alta-costura-rosa-clar\u00e1-5' target=''><img width=\"683\" height=\"1024\" src=\"https:\/\/www.ivanabeaumond.com.br\/vestidos-noiva\/wp-content\/uploads\/2018\/10\/Modelo-alta-costura-rosa-clar\u00e1-5.jpg\" class=\"attachment-full size-full\" alt=\"\" decoding=\"async\" loading=\"lazy\" srcset=\"https:\/\/www.ivanabeaumond.com.br\/vestidos-noiva\/wp-content\/uploads\/2018\/10\/Modelo-alta-costura-rosa-clar\u00e1-5.jpg 683w, https:\/\/www.ivanabeaumond.com.br\/vestidos-noiva\/wp-content\/uploads\/2018\/10\/Modelo-alta-costura-rosa-clar\u00e1-5-200x300.jpg 200w\" sizes=\"(max-width: 683px) 100vw, 683px\" \/><\/a>\n\t\t\t\t<\/div><\/figure><figure class='wpmf-gallery-item gallery-item' style='width:25%'>\n\t\t\t\t<div class='gallery-icon portrait'>\n\t\t\t\t\t<a data-lightbox='1' href='https:\/\/www.ivanabeaumond.com.br\/vestidos-noiva\/wp-content\/uploads\/2018\/10\/Modelo-alta-costura-rosa-clar\u00e1-8.jpg' title='Modelo-alta-costura-rosa-clar\u00e1-8' target=''><img width=\"683\" height=\"1024\" src=\"https:\/\/www.ivanabeaumond.com.br\/vestidos-noiva\/wp-content\/uploads\/2018\/10\/Modelo-alta-costura-rosa-clar\u00e1-8.jpg\" class=\"attachment-full size-full\" alt=\"\" decoding=\"async\" loading=\"lazy\" srcset=\"https:\/\/www.ivanabeaumond.com.br\/vestidos-noiva\/wp-content\/uploads\/2018\/10\/Modelo-alta-costura-rosa-clar\u00e1-8.jpg 683w, https:\/\/www.ivanabeaumond.com.br\/vestidos-noiva\/wp-content\/uploads\/2018\/10\/Modelo-alta-costura-rosa-clar\u00e1-8-200x300.jpg 200w\" sizes=\"(max-width: 683px) 100vw, 683px\" \/><\/a>\n\t\t\t\t<\/div><\/figure><figure class='wpmf-gallery-item gallery-item' style='width:25%'>\n\t\t\t\t<div class='gallery-icon portrait'>\n\t\t\t\t\t<a data-lightbox='1' href='https:\/\/www.ivanabeaumond.com.br\/vestidos-noiva\/wp-content\/uploads\/2018\/10\/Modelo-alta-costura-rosa-clar\u00e1-9.jpg' title='Modelo-alta-costura-rosa-clar\u00e1-9' target=''><img width=\"683\" height=\"1024\" src=\"https:\/\/www.ivanabeaumond.com.br\/vestidos-noiva\/wp-content\/uploads\/2018\/10\/Modelo-alta-costura-rosa-clar\u00e1-9.jpg\" class=\"attachment-full size-full\" alt=\"\" decoding=\"async\" loading=\"lazy\" srcset=\"https:\/\/www.ivanabeaumond.com.br\/vestidos-noiva\/wp-content\/uploads\/2018\/10\/Modelo-alta-costura-rosa-clar\u00e1-9.jpg 683w, https:\/\/www.ivanabeaumond.com.br\/vestidos-noiva\/wp-content\/uploads\/2018\/10\/Modelo-alta-costura-rosa-clar\u00e1-9-200x300.jpg 200w\" sizes=\"(max-width: 683px) 100vw, 683px\" \/><\/a>\n\t\t\t\t<\/div><\/figure><figure class='wpmf-gallery-item gallery-item' style='width:25%'>\n\t\t\t\t<div class='gallery-icon portrait'>\n\t\t\t\t\t<a data-lightbox='1' href='https:\/\/www.ivanabeaumond.com.br\/vestidos-noiva\/wp-content\/uploads\/2018\/10\/Modelo-alta-costura-rosa-clar\u00e1-10.jpg' title='Modelo-alta-costura-rosa-clar\u00e1-10' target=''><img width=\"683\" height=\"1024\" src=\"https:\/\/www.ivanabeaumond.com.br\/vestidos-noiva\/wp-content\/uploads\/2018\/10\/Modelo-alta-costura-rosa-clar\u00e1-10.jpg\" class=\"attachment-full size-full\" alt=\"\" decoding=\"async\" loading=\"lazy\" srcset=\"https:\/\/www.ivanabeaumond.com.br\/vestidos-noiva\/wp-content\/uploads\/2018\/10\/Modelo-alta-costura-rosa-clar\u00e1-10.jpg 683w, https:\/\/www.ivanabeaumond.com.br\/vestidos-noiva\/wp-content\/uploads\/2018\/10\/Modelo-alta-costura-rosa-clar\u00e1-10-200x300.jpg 200w\" sizes=\"(max-width: 683px) 100vw, 683px\" \/><\/a>\n\t\t\t\t<\/div><\/figure><figure class='wpmf-gallery-item gallery-item' style='width:25%'>\n\t\t\t\t<div class='gallery-icon portrait'>\n\t\t\t\t\t<a data-lightbox='1' href='https:\/\/www.ivanabeaumond.com.br\/vestidos-noiva\/wp-content\/uploads\/2018\/10\/Modelo-alta-costura-rosa-clar\u00e1-11.jpg' title='Modelo-alta-costura-rosa-clar\u00e1-11' target=''><img width=\"683\" height=\"1024\" src=\"https:\/\/www.ivanabeaumond.com.br\/vestidos-noiva\/wp-content\/uploads\/2018\/10\/Modelo-alta-costura-rosa-clar\u00e1-11.jpg\" class=\"attachment-full size-full\" alt=\"\" decoding=\"async\" loading=\"lazy\" srcset=\"https:\/\/www.ivanabeaumond.com.br\/vestidos-noiva\/wp-content\/uploads\/2018\/10\/Modelo-alta-costura-rosa-clar\u00e1-11.jpg 683w, https:\/\/www.ivanabeaumond.com.br\/vestidos-noiva\/wp-content\/uploads\/2018\/10\/Modelo-alta-costura-rosa-clar\u00e1-11-200x300.jpg 200w\" sizes=\"(max-width: 683px) 100vw, 683px\" \/><\/a>\n\t\t\t\t<\/div><\/figure><\/div>\n<p>&nbsp;<\/p>\n<p>&nbsp;<\/p>\n<h4 style=\"text-align: justify;\"><\/h4>\n<p>&nbsp;<\/p>\n<p>&nbsp;<\/p>\n<h4 style=\"text-align: justify;\"><span style=\"color: #999999;\">Gostou? Siga nosso instagram\u00a0<span style=\"color: #0000ff;\"><a style=\"color: #0000ff;\" href=\"https:\/\/www.instagram.com\/ivanabeaumond\/\">@ivanabeaumond<\/a><\/span>\u00a0e curta nossa fanpage\u00a0<span style=\"color: #0000ff;\"><a style=\"color: #0000ff;\" href=\"https:\/\/www.facebook.com\/IvanaBeaumond\/\">Ivana Beaumond<\/a><\/span>\u00a0e fique por dentro de tudo o que rola no mundo das noivas e conhe\u00e7a nossos Melhores Modelos de Vestidos de Noivas Nacionais, Importados e Sob Medida.<\/span><\/h4>\n<h4 style=\"text-align: justify;\"><span style=\"color: #999999;\">\u00a0<\/span><\/h4>\n","protected":false},"excerpt":{"rendered":"<p>No dia 1\u00ba de outubro, aconteceu, em S\u00e3o Paulo, o&#8230;<\/p>\n","protected":false},"author":4,"featured_media":15940,"comment_status":"closed","ping_status":"closed","sticky":false,"template":"","format":"standard","meta":[],"categories":[60,128],"tags":[282,215,195,285,272,280,286,278,288,284,287,281,283,200],"yoast_head":"<!-- This site is optimized with the Yoast SEO plugin v20.3 - https:\/\/yoast.com\/wordpress\/plugins\/seo\/ -->\n<title>Fashion Show Collection 2019 - Vestido de Noiva RJ<\/title>\n<meta name=\"robots\" content=\"index, follow, max-snippet:-1, max-image-preview:large, max-video-preview:-1\" \/>\n<link rel=\"canonical\" href=\"https:\/\/www.ivanabeaumond.com.br\/vestidos-noiva\/fashion-show-collection-2019\/\" \/>\n<meta property=\"og:locale\" content=\"pt_BR\" \/>\n<meta property=\"og:type\" content=\"article\" \/>\n<meta property=\"og:title\" content=\"Fashion Show Collection 2019 - Vestido de Noiva RJ\" \/>\n<meta property=\"og:description\" content=\"No dia 1\u00ba de outubro, aconteceu, em S\u00e3o Paulo, o...\" \/>\n<meta property=\"og:url\" content=\"https:\/\/www.ivanabeaumond.com.br\/vestidos-noiva\/fashion-show-collection-2019\/\" \/>\n<meta property=\"og:site_name\" content=\"Vestido de Noiva RJ\" \/>\n<meta property=\"article:publisher\" content=\"https:\/\/www.facebook.com\/ivana.beaumondnoivas\" \/>\n<meta property=\"article:published_time\" content=\"2018-10-08T22:48:23+00:00\" \/>\n<meta property=\"article:modified_time\" content=\"2018-10-09T19:37:40+00:00\" \/>\n<meta property=\"og:image\" content=\"https:\/\/www.ivanabeaumond.com.br\/vestidos-noiva\/wp-content\/uploads\/2018\/10\/Ivana_-Beaumond_FASHION_SHOW_-COLLECTION_-2019_Pal\u00e1cio_Tangar\u00e1_SP_Daniel_Clara-82-e1539023070610.jpg\" \/>\n\t<meta property=\"og:image:width\" content=\"800\" \/>\n\t<meta property=\"og:image:height\" content=\"600\" \/>\n\t<meta property=\"og:image:type\" content=\"image\/jpeg\" \/>\n<meta name=\"author\" content=\"Ivana Beaumond Paris\" \/>\n<meta name=\"twitter:card\" content=\"summary_large_image\" \/>\n<meta name=\"twitter:label1\" content=\"Escrito por\" \/>\n\t<meta name=\"twitter:data1\" content=\"Ivana Beaumond Paris\" \/>\n\t<meta name=\"twitter:label2\" content=\"Est. tempo de leitura\" \/>\n\t<meta name=\"twitter:data2\" content=\"1 minuto\" \/>\n<script type=\"application\/ld+json\" class=\"yoast-schema-graph\">{\"@context\":\"https:\/\/schema.org\",\"@graph\":[{\"@type\":\"Article\",\"@id\":\"https:\/\/www.ivanabeaumond.com.br\/vestidos-noiva\/fashion-show-collection-2019\/#article\",\"isPartOf\":{\"@id\":\"https:\/\/www.ivanabeaumond.com.br\/vestidos-noiva\/fashion-show-collection-2019\/\"},\"author\":{\"name\":\"Ivana Beaumond Paris\",\"@id\":\"https:\/\/www.ivanabeaumond.com.br\/vestidos-noiva\/#\/schema\/person\/1a360c4cffa3b806d29a456389dcff26\"},\"headline\":\"Fashion Show Collection 2019\",\"datePublished\":\"2018-10-08T22:48:23+00:00\",\"dateModified\":\"2018-10-09T19:37:40+00:00\",\"mainEntityOfPage\":{\"@id\":\"https:\/\/www.ivanabeaumond.com.br\/vestidos-noiva\/fashion-show-collection-2019\/\"},\"wordCount\":283,\"publisher\":{\"@id\":\"https:\/\/www.ivanabeaumond.com.br\/vestidos-noiva\/#organization\"},\"keywords\":[\"2019\",\"Atelierdenoiva\",\"CasamentosRJ\",\"daniel clar\u00e1\",\"desfile\",\"fashion\",\"ivana beaumond\",\"ivana beaumond paris\",\"modelos\",\"pal\u00e1cio tangar\u00e1\",\"s\u00e3o paulo\",\"show\",\"tend\u00eancia\",\"VestidoDeNoivaRJ\"],\"articleSection\":[\"Blog\",\"Na M\u00eddia\"],\"inLanguage\":\"pt-BR\"},{\"@type\":\"WebPage\",\"@id\":\"https:\/\/www.ivanabeaumond.com.br\/vestidos-noiva\/fashion-show-collection-2019\/\",\"url\":\"https:\/\/www.ivanabeaumond.com.br\/vestidos-noiva\/fashion-show-collection-2019\/\",\"name\":\"Fashion Show Collection 2019 - Vestido de Noiva RJ\",\"isPartOf\":{\"@id\":\"https:\/\/www.ivanabeaumond.com.br\/vestidos-noiva\/#website\"},\"datePublished\":\"2018-10-08T22:48:23+00:00\",\"dateModified\":\"2018-10-09T19:37:40+00:00\",\"breadcrumb\":{\"@id\":\"https:\/\/www.ivanabeaumond.com.br\/vestidos-noiva\/fashion-show-collection-2019\/#breadcrumb\"},\"inLanguage\":\"pt-BR\",\"potentialAction\":[{\"@type\":\"ReadAction\",\"target\":[\"https:\/\/www.ivanabeaumond.com.br\/vestidos-noiva\/fashion-show-collection-2019\/\"]}]},{\"@type\":\"BreadcrumbList\",\"@id\":\"https:\/\/www.ivanabeaumond.com.br\/vestidos-noiva\/fashion-show-collection-2019\/#breadcrumb\",\"itemListElement\":[{\"@type\":\"ListItem\",\"position\":1,\"name\":\"In\u00edcio\",\"item\":\"https:\/\/www.ivanabeaumond.com.br\/vestidos-noiva\/\"},{\"@type\":\"ListItem\",\"position\":2,\"name\":\"Fashion Show Collection 2019\"}]},{\"@type\":\"WebSite\",\"@id\":\"https:\/\/www.ivanabeaumond.com.br\/vestidos-noiva\/#website\",\"url\":\"https:\/\/www.ivanabeaumond.com.br\/vestidos-noiva\/\",\"name\":\"Vestido de Noiva RJ\",\"description\":\"Moda Noiva\",\"publisher\":{\"@id\":\"https:\/\/www.ivanabeaumond.com.br\/vestidos-noiva\/#organization\"},\"potentialAction\":[{\"@type\":\"SearchAction\",\"target\":{\"@type\":\"EntryPoint\",\"urlTemplate\":\"https:\/\/www.ivanabeaumond.com.br\/vestidos-noiva\/?s={search_term_string}\"},\"query-input\":\"required name=search_term_string\"}],\"inLanguage\":\"pt-BR\"},{\"@type\":\"Organization\",\"@id\":\"https:\/\/www.ivanabeaumond.com.br\/vestidos-noiva\/#organization\",\"name\":\"Vestido de Noiva RJ\",\"url\":\"https:\/\/www.ivanabeaumond.com.br\/vestidos-noiva\/\",\"logo\":{\"@type\":\"ImageObject\",\"inLanguage\":\"pt-BR\",\"@id\":\"https:\/\/www.ivanabeaumond.com.br\/vestidos-noiva\/#\/schema\/logo\/image\/\",\"url\":\"https:\/\/www.ivanabeaumond.com.br\/vestidos-noiva\/wp-content\/uploads\/2018\/02\/logo_ivana_beaumond-2.png\",\"contentUrl\":\"https:\/\/www.ivanabeaumond.com.br\/vestidos-noiva\/wp-content\/uploads\/2018\/02\/logo_ivana_beaumond-2.png\",\"width\":230,\"height\":112,\"caption\":\"Vestido de Noiva RJ\"},\"image\":{\"@id\":\"https:\/\/www.ivanabeaumond.com.br\/vestidos-noiva\/#\/schema\/logo\/image\/\"},\"sameAs\":[\"https:\/\/www.facebook.com\/ivana.beaumondnoivas\",\"https:\/\/www.instagram.com\/ivanabeaumond\/\",\"https:\/\/www.tiktok.com\/@ivanabeaumond\"]},{\"@type\":\"Person\",\"@id\":\"https:\/\/www.ivanabeaumond.com.br\/vestidos-noiva\/#\/schema\/person\/1a360c4cffa3b806d29a456389dcff26\",\"name\":\"Ivana Beaumond Paris\",\"image\":{\"@type\":\"ImageObject\",\"inLanguage\":\"pt-BR\",\"@id\":\"https:\/\/www.ivanabeaumond.com.br\/vestidos-noiva\/#\/schema\/person\/image\/\",\"url\":\"https:\/\/secure.gravatar.com\/avatar\/641f98db20b53ec937ceb641db4270b9?s=96&d=mm&r=g\",\"contentUrl\":\"https:\/\/secure.gravatar.com\/avatar\/641f98db20b53ec937ceb641db4270b9?s=96&d=mm&r=g\",\"caption\":\"Ivana Beaumond Paris\"},\"url\":\"https:\/\/www.ivanabeaumond.com.br\/vestidos-noiva\/author\/ivana\/\"}]}<\/script>\n<!-- \/ Yoast SEO plugin. -->","yoast_head_json":{"title":"Fashion Show Collection 2019 - Vestido de Noiva RJ","robots":{"index":"index","follow":"follow","max-snippet":"max-snippet:-1","max-image-preview":"max-image-preview:large","max-video-preview":"max-video-preview:-1"},"canonical":"https:\/\/www.ivanabeaumond.com.br\/vestidos-noiva\/fashion-show-collection-2019\/","og_locale":"pt_BR","og_type":"article","og_title":"Fashion Show Collection 2019 - Vestido de Noiva RJ","og_description":"No dia 1\u00ba de outubro, aconteceu, em S\u00e3o Paulo, o...","og_url":"https:\/\/www.ivanabeaumond.com.br\/vestidos-noiva\/fashion-show-collection-2019\/","og_site_name":"Vestido de Noiva RJ","article_publisher":"https:\/\/www.facebook.com\/ivana.beaumondnoivas","article_published_time":"2018-10-08T22:48:23+00:00","article_modified_time":"2018-10-09T19:37:40+00:00","og_image":[{"width":800,"height":600,"url":"https:\/\/www.ivanabeaumond.com.br\/vestidos-noiva\/wp-content\/uploads\/2018\/10\/Ivana_-Beaumond_FASHION_SHOW_-COLLECTION_-2019_Pal\u00e1cio_Tangar\u00e1_SP_Daniel_Clara-82-e1539023070610.jpg","type":"image\/jpeg"}],"author":"Ivana Beaumond Paris","twitter_card":"summary_large_image","twitter_misc":{"Escrito por":"Ivana Beaumond Paris","Est. tempo de leitura":"1 minuto"},"schema":{"@context":"https:\/\/schema.org","@graph":[{"@type":"Article","@id":"https:\/\/www.ivanabeaumond.com.br\/vestidos-noiva\/fashion-show-collection-2019\/#article","isPartOf":{"@id":"https:\/\/www.ivanabeaumond.com.br\/vestidos-noiva\/fashion-show-collection-2019\/"},"author":{"name":"Ivana Beaumond Paris","@id":"https:\/\/www.ivanabeaumond.com.br\/vestidos-noiva\/#\/schema\/person\/1a360c4cffa3b806d29a456389dcff26"},"headline":"Fashion Show Collection 2019","datePublished":"2018-10-08T22:48:23+00:00","dateModified":"2018-10-09T19:37:40+00:00","mainEntityOfPage":{"@id":"https:\/\/www.ivanabeaumond.com.br\/vestidos-noiva\/fashion-show-collection-2019\/"},"wordCount":283,"publisher":{"@id":"https:\/\/www.ivanabeaumond.com.br\/vestidos-noiva\/#organization"},"keywords":["2019","Atelierdenoiva","CasamentosRJ","daniel clar\u00e1","desfile","fashion","ivana beaumond","ivana beaumond paris","modelos","pal\u00e1cio tangar\u00e1","s\u00e3o paulo","show","tend\u00eancia","VestidoDeNoivaRJ"],"articleSection":["Blog","Na M\u00eddia"],"inLanguage":"pt-BR"},{"@type":"WebPage","@id":"https:\/\/www.ivanabeaumond.com.br\/vestidos-noiva\/fashion-show-collection-2019\/","url":"https:\/\/www.ivanabeaumond.com.br\/vestidos-noiva\/fashion-show-collection-2019\/","name":"Fashion Show Collection 2019 - Vestido de Noiva RJ","isPartOf":{"@id":"https:\/\/www.ivanabeaumond.com.br\/vestidos-noiva\/#website"},"datePublished":"2018-10-08T22:48:23+00:00","dateModified":"2018-10-09T19:37:40+00:00","breadcrumb":{"@id":"https:\/\/www.ivanabeaumond.com.br\/vestidos-noiva\/fashion-show-collection-2019\/#breadcrumb"},"inLanguage":"pt-BR","potentialAction":[{"@type":"ReadAction","target":["https:\/\/www.ivanabeaumond.com.br\/vestidos-noiva\/fashion-show-collection-2019\/"]}]},{"@type":"BreadcrumbList","@id":"https:\/\/www.ivanabeaumond.com.br\/vestidos-noiva\/fashion-show-collection-2019\/#breadcrumb","itemListElement":[{"@type":"ListItem","position":1,"name":"In\u00edcio","item":"https:\/\/www.ivanabeaumond.com.br\/vestidos-noiva\/"},{"@type":"ListItem","position":2,"name":"Fashion Show Collection 2019"}]},{"@type":"WebSite","@id":"https:\/\/www.ivanabeaumond.com.br\/vestidos-noiva\/#website","url":"https:\/\/www.ivanabeaumond.com.br\/vestidos-noiva\/","name":"Vestido de Noiva RJ","description":"Moda Noiva","publisher":{"@id":"https:\/\/www.ivanabeaumond.com.br\/vestidos-noiva\/#organization"},"potentialAction":[{"@type":"SearchAction","target":{"@type":"EntryPoint","urlTemplate":"https:\/\/www.ivanabeaumond.com.br\/vestidos-noiva\/?s={search_term_string}"},"query-input":"required name=search_term_string"}],"inLanguage":"pt-BR"},{"@type":"Organization","@id":"https:\/\/www.ivanabeaumond.com.br\/vestidos-noiva\/#organization","name":"Vestido de Noiva RJ","url":"https:\/\/www.ivanabeaumond.com.br\/vestidos-noiva\/","logo":{"@type":"ImageObject","inLanguage":"pt-BR","@id":"https:\/\/www.ivanabeaumond.com.br\/vestidos-noiva\/#\/schema\/logo\/image\/","url":"https:\/\/www.ivanabeaumond.com.br\/vestidos-noiva\/wp-content\/uploads\/2018\/02\/logo_ivana_beaumond-2.png","contentUrl":"https:\/\/www.ivanabeaumond.com.br\/vestidos-noiva\/wp-content\/uploads\/2018\/02\/logo_ivana_beaumond-2.png","width":230,"height":112,"caption":"Vestido de Noiva RJ"},"image":{"@id":"https:\/\/www.ivanabeaumond.com.br\/vestidos-noiva\/#\/schema\/logo\/image\/"},"sameAs":["https:\/\/www.facebook.com\/ivana.beaumondnoivas","https:\/\/www.instagram.com\/ivanabeaumond\/","https:\/\/www.tiktok.com\/@ivanabeaumond"]},{"@type":"Person","@id":"https:\/\/www.ivanabeaumond.com.br\/vestidos-noiva\/#\/schema\/person\/1a360c4cffa3b806d29a456389dcff26","name":"Ivana Beaumond Paris","image":{"@type":"ImageObject","inLanguage":"pt-BR","@id":"https:\/\/www.ivanabeaumond.com.br\/vestidos-noiva\/#\/schema\/person\/image\/","url":"https:\/\/secure.gravatar.com\/avatar\/641f98db20b53ec937ceb641db4270b9?s=96&d=mm&r=g","contentUrl":"https:\/\/secure.gravatar.com\/avatar\/641f98db20b53ec937ceb641db4270b9?s=96&d=mm&r=g","caption":"Ivana Beaumond Paris"},"url":"https:\/\/www.ivanabeaumond.com.br\/vestidos-noiva\/author\/ivana\/"}]}},"_links":{"self":[{"href":"https:\/\/www.ivanabeaumond.com.br\/vestidos-noiva\/wp-json\/wp\/v2\/posts\/15909"}],"collection":[{"href":"https:\/\/www.ivanabeaumond.com.br\/vestidos-noiva\/wp-json\/wp\/v2\/posts"}],"about":[{"href":"https:\/\/www.ivanabeaumond.com.br\/vestidos-noiva\/wp-json\/wp\/v2\/types\/post"}],"author":[{"embeddable":true,"href":"https:\/\/www.ivanabeaumond.com.br\/vestidos-noiva\/wp-json\/wp\/v2\/users\/4"}],"replies":[{"embeddable":true,"href":"https:\/\/www.ivanabeaumond.com.br\/vestidos-noiva\/wp-json\/wp\/v2\/comments?post=15909"}],"version-history":[{"count":21,"href":"https:\/\/www.ivanabeaumond.com.br\/vestidos-noiva\/wp-json\/wp\/v2\/posts\/15909\/revisions"}],"predecessor-version":[{"id":16142,"href":"https:\/\/www.ivanabeaumond.com.br\/vestidos-noiva\/wp-json\/wp\/v2\/posts\/15909\/revisions\/16142"}],"wp:featuredmedia":[{"embeddable":true,"href":"https:\/\/www.ivanabeaumond.com.br\/vestidos-noiva\/wp-json\/wp\/v2\/media\/15940"}],"wp:attachment":[{"href":"https:\/\/www.ivanabeaumond.com.br\/vestidos-noiva\/wp-json\/wp\/v2\/media?parent=15909"}],"wp:term":[{"taxonomy":"category","embeddable":true,"href":"https:\/\/www.ivanabeaumond.com.br\/vestidos-noiva\/wp-json\/wp\/v2\/categories?post=15909"},{"taxonomy":"post_tag","embeddable":true,"href":"https:\/\/www.ivanabeaumond.com.br\/vestidos-noiva\/wp-json\/wp\/v2\/tags?post=15909"}],"curies":[{"name":"wp","href":"https:\/\/api.w.org\/{rel}","templated":true}]}}