{"id":15942,"date":"2018-10-02T15:12:02","date_gmt":"2018-10-02T18:12:02","guid":{"rendered":"http:\/\/www.ivanabeaumond.com.br\/vestidos-noiva\/?p=15942"},"modified":"2020-08-10T17:07:28","modified_gmt":"2020-08-10T20:07:28","slug":"para-sempre-fabi-e-dan","status":"publish","type":"post","link":"https:\/\/www.ivanabeaumond.com.br\/vestidos-noiva\/para-sempre-fabi-e-dan\/","title":{"rendered":"Para Sempre&#8230; Fabi e Dan"},"content":{"rendered":"<h4 style=\"text-align: justify;\"><span style=\"color: #999999;\">A noiva Fabiana celebrou seu grande dia em uma bela cerim\u00f4nia na Bas\u00edlica Imaculado Cora\u00e7\u00e3o de Maria, no Rio de Janeiro. <\/span><br \/>\n<span style=\"color: #999999;\"> Graciosa, Fabi\u00a0escolheu\u00a0um vestido de princesa, com muitas aplica\u00e7\u00f5es de brilho e renda. A tiara de\u00a0strass e o penteado cl\u00e1ssico real\u00e7aram sua feminilidade, e o v\u00e9u longo mantilhado\u00a0trouxe personalidade ao look, mostrando impon\u00eancia e delicadeza ao mesmo tempo. Uma noiva rom\u00e2ntica que encanta por onde passa.<\/span><\/h4>\n<p><a href=\"http:\/\/www.ivanabeaumond.com.br\/vestidos-noiva\/wp-content\/uploads\/2018\/10\/fotos-fotografo-de-casamento-rj-thiago-stevez-grand-hyatt-coracao-de-maria-palladium_0001-96-e1539031722482.jpg\"><br \/>\n<\/a><a href=\"http:\/\/www.ivanabeaumond.com.br\/vestidos-noiva\/wp-content\/uploads\/2018\/10\/fotos-fotografo-de-casamento-rj-thiago-stevez-grand-hyatt-coracao-de-maria-palladium_0001-96-e1539026428979.jpg\"><br \/>\n<\/a><\/p>\n<p><img decoding=\"async\" loading=\"lazy\" class=\"aligncenter size-full wp-image-15989\" src=\"http:\/\/www.ivanabeaumond.com.br\/vestidos-noiva\/wp-content\/uploads\/2018\/10\/fotos-fotografo-de-casamento-rj-thiago-stevez-grand-hyatt-coracao-de-maria-palladium_0001-961.jpg\" alt=\"fotos-fotografo-de-casamento-rj-thiago-stevez-grand-hyatt-coracao-de-maria-palladium_0001-96\" width=\"1024\" height=\"684\" srcset=\"https:\/\/www.ivanabeaumond.com.br\/vestidos-noiva\/wp-content\/uploads\/2018\/10\/fotos-fotografo-de-casamento-rj-thiago-stevez-grand-hyatt-coracao-de-maria-palladium_0001-961.jpg 1024w, https:\/\/www.ivanabeaumond.com.br\/vestidos-noiva\/wp-content\/uploads\/2018\/10\/fotos-fotografo-de-casamento-rj-thiago-stevez-grand-hyatt-coracao-de-maria-palladium_0001-961-300x200.jpg 300w, https:\/\/www.ivanabeaumond.com.br\/vestidos-noiva\/wp-content\/uploads\/2018\/10\/fotos-fotografo-de-casamento-rj-thiago-stevez-grand-hyatt-coracao-de-maria-palladium_0001-961-480x320.jpg 480w\" sizes=\"(max-width: 1024px) 100vw, 1024px\" \/><\/p>\n<p><a href=\"http:\/\/www.ivanabeaumond.com.br\/vestidos-noiva\/wp-content\/uploads\/2018\/10\/fotos-fotografo-de-casamento-rj-thiago-stevez-grand-hyatt-coracao-de-maria-palladium_0001-96.jpg\">\u00a0<\/a><\/p>\n<h4 style=\"text-align: justify;\"><span style=\"color: #999999;\">O maior diferencial de um modelo princesa \u00e9 o volume da saia, que acentua a cintura, deixando a silhueta da mulher desenhada. Fabi usou uma saia com sobreposi\u00e7\u00e3o de tule, com paet\u00eas cristais por baixo. Conforme a tradi\u00e7\u00e3o, lembrou das amigas solteiras, e pregou o nome delas com alfinete na barra do vestido &#8211; dizem que funciona mesmo!<\/span><\/h4>\n<p><img decoding=\"async\" loading=\"lazy\" class=\"aligncenter size-full wp-image-15991\" src=\"http:\/\/www.ivanabeaumond.com.br\/vestidos-noiva\/wp-content\/uploads\/2018\/10\/fotos-fotografo-de-casamento-rj-thiago-stevez-grand-hyatt-coracao-de-maria-palladium_0001-71.jpg\" alt=\"fotos-fotografo-de-casamento-rj-thiago-stevez-grand-hyatt-coracao-de-maria-palladium_0001-7\" width=\"1024\" height=\"684\" srcset=\"https:\/\/www.ivanabeaumond.com.br\/vestidos-noiva\/wp-content\/uploads\/2018\/10\/fotos-fotografo-de-casamento-rj-thiago-stevez-grand-hyatt-coracao-de-maria-palladium_0001-71.jpg 1024w, https:\/\/www.ivanabeaumond.com.br\/vestidos-noiva\/wp-content\/uploads\/2018\/10\/fotos-fotografo-de-casamento-rj-thiago-stevez-grand-hyatt-coracao-de-maria-palladium_0001-71-300x200.jpg 300w, https:\/\/www.ivanabeaumond.com.br\/vestidos-noiva\/wp-content\/uploads\/2018\/10\/fotos-fotografo-de-casamento-rj-thiago-stevez-grand-hyatt-coracao-de-maria-palladium_0001-71-480x320.jpg 480w\" sizes=\"(max-width: 1024px) 100vw, 1024px\" \/><\/p>\n<h4 style=\"text-align: justify;\"><\/h4>\n<h4 style=\"text-align: justify;\"><span style=\"color: #999999;\">Depois da cerim\u00f4nia, o casal partiu para uma festa animad\u00edssima na casa de festas Palladium. Tons de rosa pastel, dourado e muitas flores deram \u00e0 decora\u00e7\u00e3o um toque encantador e sofisticado. Para os convidados, teve at\u00e9 Santo Ant\u00f4nio de chocolate!<\/span><\/h4>\n<p><a href=\"http:\/\/www.ivanabeaumond.com.br\/vestidos-noiva\/wp-content\/uploads\/2018\/10\/fotos-fotografo-de-casamento-rj-thiago-stevez-grand-hyatt-coracao-de-maria-palladium_0001-90.jpg\"><img decoding=\"async\" loading=\"lazy\" class=\"aligncenter size-full wp-image-15988\" src=\"http:\/\/www.ivanabeaumond.com.br\/vestidos-noiva\/wp-content\/uploads\/2018\/10\/fotos-fotografo-de-casamento-rj-thiago-stevez-grand-hyatt-coracao-de-maria-palladium_0001-90.jpg\" alt=\"fotos-fotografo-de-casamento-rj-thiago-stevez-grand-hyatt-coracao-de-maria-palladium_0001-90\" width=\"1024\" height=\"684\" srcset=\"https:\/\/www.ivanabeaumond.com.br\/vestidos-noiva\/wp-content\/uploads\/2018\/10\/fotos-fotografo-de-casamento-rj-thiago-stevez-grand-hyatt-coracao-de-maria-palladium_0001-90.jpg 1024w, https:\/\/www.ivanabeaumond.com.br\/vestidos-noiva\/wp-content\/uploads\/2018\/10\/fotos-fotografo-de-casamento-rj-thiago-stevez-grand-hyatt-coracao-de-maria-palladium_0001-90-300x200.jpg 300w, https:\/\/www.ivanabeaumond.com.br\/vestidos-noiva\/wp-content\/uploads\/2018\/10\/fotos-fotografo-de-casamento-rj-thiago-stevez-grand-hyatt-coracao-de-maria-palladium_0001-90-480x320.jpg 480w\" sizes=\"(max-width: 1024px) 100vw, 1024px\" \/><\/a><\/p>\n<h4 style=\"text-align: justify;\"><span style=\"color: #999999;\">Muito obrigada, Fabiana e Danilo, por terem escolhido o ATELIER IVANA BEAUMOND para este evento t\u00e3o especial!<br \/>\nQue voc\u00eas sejam felizes para sempre!<\/span><\/h4>\n<h4><span style=\"color: #999999;\">Confira mais fotos do casamento, por <span style=\"color: #333333;\"><a style=\"color: #333333;\" href=\"http:\/\/www.stevez.com.br\/portfolio\/casamento\/325239-fotos-fotografo-casamento-rj-grand-hyatt-coracao-de-maria-palladium\" target=\"_blank\" rel=\"noopener noreferrer\">Stevez Produ\u00e7\u00f5es<\/a><\/span>:<\/span><\/h4>\n<style id=\"bwg-style-0\">    #bwg_container1_0 #bwg_container2_0 .bwg-container-0.bwg-standard-thumbnails {      width: 1004px;              justify-content: center;        margin:0 auto !important;              background-color: rgba(255, 255, 255, 0.00);            padding-left: 4px;      padding-top: 4px;      max-width: 100%;            }        #bwg_container1_0 #bwg_container2_0 .bwg-container-0.bwg-standard-thumbnails .bwg-item {    justify-content: flex-start;      max-width: 200px;            width: 200px !important;          }    #bwg_container1_0 #bwg_container2_0 .bwg-container-0.bwg-standard-thumbnails .bwg-item a {       margin-right: 4px;       margin-bottom: 4px;    }    #bwg_container1_0 #bwg_container2_0 .bwg-container-0.bwg-standard-thumbnails .bwg-item0 {      padding: 0px;            background-color:rgba(255,255,255, 0.30);      border: 0px none #CCCCCC;      opacity: 1.00;      border-radius: 0;      box-shadow: 0px 0px 0px #888888;    }    #bwg_container1_0 #bwg_container2_0 .bwg-container-0.bwg-standard-thumbnails .bwg-item1 img {      max-height: none;      max-width: none;      padding: 0 !important;    }        @media only screen and (min-width: 480px) {      #bwg_container1_0 #bwg_container2_0 .bwg-container-0.bwg-standard-thumbnails .bwg-item0 {        transition: all 0.3s ease 0s;-webkit-transition: all 0.3s ease 0s;      }      #bwg_container1_0 #bwg_container2_0 .bwg-container-0.bwg-standard-thumbnails .bwg-item0:hover {        -ms-transform: scale(1.1);        -webkit-transform: scale(1.1);        transform: scale(1.1);      }    }          #bwg_container1_0 #bwg_container2_0 .bwg-container-0.bwg-standard-thumbnails .bwg-item1 {      padding-top: 50%;    }        #bwg_container1_0 #bwg_container2_0 .bwg-container-0.bwg-standard-thumbnails .bwg-title2,    #bwg_container1_0 #bwg_container2_0 .bwg-container-0.bwg-standard-thumbnails .bwg-ecommerce2 {      color: #CCCCCC;      font-family: segoe ui;      font-size: 16px;      font-weight: bold;      padding: 2px;      text-shadow: 0px 0px 0px #888888;      max-height: 100%;    }    #bwg_container1_0 #bwg_container2_0 .bwg-container-0.bwg-standard-thumbnails .bwg-thumb-description span {    color: #323A45;    font-family: Ubuntu;    font-size: 12px;    max-height: 100%;    word-wrap: break-word;    }    #bwg_container1_0 #bwg_container2_0 .bwg-container-0.bwg-standard-thumbnails .bwg-play-icon2 {      font-size: 32px;    }    #bwg_container1_0 #bwg_container2_0 .bwg-container-0.bwg-standard-thumbnails .bwg-ecommerce2 {      font-size: 19.2px;      color: #CCCCCC;    }    <\/style>    <div id=\"bwg_container1_0\"         class=\"bwg_container bwg_thumbnail bwg_thumbnails \"         data-right-click-protection=\"0\"         data-bwg=\"0\"         data-scroll=\"0\"         data-gallery-type=\"thumbnails\"         data-gallery-view-type=\"thumbnails\"         data-current-url=\"\/vestidos-noiva\/wp-json\/wp\/v2\/posts\/15942\"         data-lightbox-url=\"https:\/\/www.ivanabeaumond.com.br\/vestidos-noiva\/wp-admin\/admin-ajax.php?action=GalleryBox&#038;current_view=0&#038;gallery_id=69&#038;tag=0&#038;theme_id=1&#038;shortcode_id=180&#038;sort_by=order&#038;order_by=asc&#038;current_url=%2Fvestidos-noiva%2Fwp-json%2Fwp%2Fv2%2Fposts%2F15942\"         data-gallery-id=\"69\"         data-popup-width=\"600\"         data-popup-height=\"600\"         data-is-album=\"gallery\"         data-buttons-position=\"bottom\">      <div id=\"bwg_container2_0\">             <div id=\"ajax_loading_0\" class=\"bwg_loading_div_1\">      <div class=\"bwg_loading_div_2\">        <div class=\"bwg_loading_div_3\">          <div id=\"loading_div_0\" class=\"bwg_spider_ajax_loading\">          <\/div>        <\/div>      <\/div>    <\/div>            <form id=\"gal_front_form_0\"              class=\"bwg-hidden\"              method=\"post\"              action=\"#\"              data-current=\"0\"              data-shortcode-id=\"180\"              data-gallery-type=\"thumbnails\"              data-gallery-id=\"69\"              data-tag=\"0\"              data-album-id=\"0\"              data-theme-id=\"1\"              data-ajax-url=\"https:\/\/www.ivanabeaumond.com.br\/vestidos-noiva\/wp-admin\/admin-ajax.php?action=bwg_frontend_data\">          <div id=\"bwg_container3_0\" class=\"bwg-background bwg-background-0\">                <div data-max-count=\"5\"         data-thumbnail-width=\"200\"         data-bwg=\"0\"         data-gallery-id=\"69\"         data-lightbox-url=\"https:\/\/www.ivanabeaumond.com.br\/vestidos-noiva\/wp-admin\/admin-ajax.php?action=GalleryBox&amp;current_view=0&amp;gallery_id=69&amp;tag=0&amp;theme_id=1&amp;shortcode_id=180&amp;sort_by=order&amp;order_by=asc&amp;current_url=%2Fvestidos-noiva%2Fwp-json%2Fwp%2Fv2%2Fposts%2F15942\"         id=\"bwg_thumbnails_0\"         class=\"bwg-container-0 bwg-thumbnails bwg-standard-thumbnails bwg-container bwg-border-box\">            <div class=\"bwg-item\">        <a class=\"bwg-a  bwg_lightbox\"  data-image-id=\"1593\" href=\"https:\/\/www.ivanabeaumond.com.br\/vestidos-noiva\/wp-content\/uploads\/photo-gallery\/fotos-fotografo-de-casamento-rj-thiago-stevez-grand-hyatt-coracao-de-maria-palladium_0001-96.jpg\" data-elementor-open-lightbox=\"no\">                <div class=\"bwg-item0 \">          <div class=\"bwg-item1 \">            <div class=\"bwg-item2\">              <img class=\"skip-lazy bwg_standart_thumb_img_0 \"                   data-id=\"1593\"                   data-width=\"\"                   data-height=\"\"                   data-src=\"https:\/\/www.ivanabeaumond.com.br\/vestidos-noiva\/wp-content\/uploads\/photo-gallery\/thumb\/fotos-fotografo-de-casamento-rj-thiago-stevez-grand-hyatt-coracao-de-maria-palladium_0001-96.jpg\"                   src=\"https:\/\/www.ivanabeaumond.com.br\/vestidos-noiva\/wp-content\/uploads\/photo-gallery\/thumb\/fotos-fotografo-de-casamento-rj-thiago-stevez-grand-hyatt-coracao-de-maria-palladium_0001-96.jpg\"                   alt=\"ivana-beaumond-vestido-de-noiva-fabi-e-dan\"                   title=\"ivana-beaumond-vestido-de-noiva-fabi-e-dan\" \/>            <\/div>            <div class=\"\">                                                      <\/div>          <\/div>        <\/div>                        <\/a>              <\/div>            <div class=\"bwg-item\">        <a class=\"bwg-a  bwg_lightbox\"  data-image-id=\"1535\" href=\"https:\/\/www.ivanabeaumond.com.br\/vestidos-noiva\/wp-content\/uploads\/photo-gallery\/fotos-fotografo-de-casamento-rj-thiago-stevez-grand-hyatt-coracao-de-maria-palladium_0001-4.jpg\" data-elementor-open-lightbox=\"no\">                <div class=\"bwg-item0 \">          <div class=\"bwg-item1 \">            <div class=\"bwg-item2\">              <img class=\"skip-lazy bwg_standart_thumb_img_0 \"                   data-id=\"1535\"                   data-width=\"\"                   data-height=\"\"                   data-src=\"https:\/\/www.ivanabeaumond.com.br\/vestidos-noiva\/wp-content\/uploads\/photo-gallery\/thumb\/fotos-fotografo-de-casamento-rj-thiago-stevez-grand-hyatt-coracao-de-maria-palladium_0001-4.jpg\"                   src=\"https:\/\/www.ivanabeaumond.com.br\/vestidos-noiva\/wp-content\/uploads\/photo-gallery\/thumb\/fotos-fotografo-de-casamento-rj-thiago-stevez-grand-hyatt-coracao-de-maria-palladium_0001-4.jpg\"                   alt=\"ivana-beaumond-vestido-de-noiva-fabi-e-dan2\"                   title=\"ivana-beaumond-vestido-de-noiva-fabi-e-dan2\" \/>            <\/div>            <div class=\"\">                                                      <\/div>          <\/div>        <\/div>                        <\/a>              <\/div>            <div class=\"bwg-item\">        <a class=\"bwg-a  bwg_lightbox\"  data-image-id=\"1536\" href=\"https:\/\/www.ivanabeaumond.com.br\/vestidos-noiva\/wp-content\/uploads\/photo-gallery\/fotos-fotografo-de-casamento-rj-thiago-stevez-grand-hyatt-coracao-de-maria-palladium_0001-6.jpg\" data-elementor-open-lightbox=\"no\">                <div class=\"bwg-item0 \">          <div class=\"bwg-item1 \">            <div class=\"bwg-item2\">              <img class=\"skip-lazy bwg_standart_thumb_img_0 \"                   data-id=\"1536\"                   data-width=\"\"                   data-height=\"\"                   data-src=\"https:\/\/www.ivanabeaumond.com.br\/vestidos-noiva\/wp-content\/uploads\/photo-gallery\/thumb\/fotos-fotografo-de-casamento-rj-thiago-stevez-grand-hyatt-coracao-de-maria-palladium_0001-6.jpg\"                   src=\"https:\/\/www.ivanabeaumond.com.br\/vestidos-noiva\/wp-content\/uploads\/photo-gallery\/thumb\/fotos-fotografo-de-casamento-rj-thiago-stevez-grand-hyatt-coracao-de-maria-palladium_0001-6.jpg\"                   alt=\"ivana-beaumond-vestido-de-noiva-fabi-e-dan3\"                   title=\"ivana-beaumond-vestido-de-noiva-fabi-e-dan3\" \/>            <\/div>            <div class=\"\">                                                      <\/div>          <\/div>        <\/div>                        <\/a>              <\/div>            <div class=\"bwg-item\">        <a class=\"bwg-a  bwg_lightbox\"  data-image-id=\"1538\" href=\"https:\/\/www.ivanabeaumond.com.br\/vestidos-noiva\/wp-content\/uploads\/photo-gallery\/fotos-fotografo-de-casamento-rj-thiago-stevez-grand-hyatt-coracao-de-maria-palladium_0001-9.jpg\" data-elementor-open-lightbox=\"no\">                <div class=\"bwg-item0 \">          <div class=\"bwg-item1 \">            <div class=\"bwg-item2\">              <img class=\"skip-lazy bwg_standart_thumb_img_0 \"                   data-id=\"1538\"                   data-width=\"\"                   data-height=\"\"                   data-src=\"https:\/\/www.ivanabeaumond.com.br\/vestidos-noiva\/wp-content\/uploads\/photo-gallery\/thumb\/fotos-fotografo-de-casamento-rj-thiago-stevez-grand-hyatt-coracao-de-maria-palladium_0001-9.jpg\"                   src=\"https:\/\/www.ivanabeaumond.com.br\/vestidos-noiva\/wp-content\/uploads\/photo-gallery\/thumb\/fotos-fotografo-de-casamento-rj-thiago-stevez-grand-hyatt-coracao-de-maria-palladium_0001-9.jpg\"                   alt=\"ivana-beaumond-vestido-de-noiva-fabi-e-dan4\"                   title=\"ivana-beaumond-vestido-de-noiva-fabi-e-dan4\" \/>            <\/div>            <div class=\"\">                                                      <\/div>          <\/div>        <\/div>                        <\/a>              <\/div>            <div class=\"bwg-item\">        <a class=\"bwg-a  bwg_lightbox\"  data-image-id=\"1537\" href=\"https:\/\/www.ivanabeaumond.com.br\/vestidos-noiva\/wp-content\/uploads\/photo-gallery\/fotos-fotografo-de-casamento-rj-thiago-stevez-grand-hyatt-coracao-de-maria-palladium_0001-7.jpg\" data-elementor-open-lightbox=\"no\">                <div class=\"bwg-item0 \">          <div class=\"bwg-item1 \">            <div class=\"bwg-item2\">              <img class=\"skip-lazy bwg_standart_thumb_img_0 \"                   data-id=\"1537\"                   data-width=\"\"                   data-height=\"\"                   data-src=\"https:\/\/www.ivanabeaumond.com.br\/vestidos-noiva\/wp-content\/uploads\/photo-gallery\/thumb\/fotos-fotografo-de-casamento-rj-thiago-stevez-grand-hyatt-coracao-de-maria-palladium_0001-7.jpg\"                   src=\"https:\/\/www.ivanabeaumond.com.br\/vestidos-noiva\/wp-content\/uploads\/photo-gallery\/thumb\/fotos-fotografo-de-casamento-rj-thiago-stevez-grand-hyatt-coracao-de-maria-palladium_0001-7.jpg\"                   alt=\"ivana-beaumond-vestido-de-noiva-fabi-e-dan5\"                   title=\"ivana-beaumond-vestido-de-noiva-fabi-e-dan5\" \/>            <\/div>            <div class=\"\">                                                      <\/div>          <\/div>        <\/div>                        <\/a>              <\/div>            <div class=\"bwg-item\">        <a class=\"bwg-a  bwg_lightbox\"  data-image-id=\"1571\" href=\"https:\/\/www.ivanabeaumond.com.br\/vestidos-noiva\/wp-content\/uploads\/photo-gallery\/fotos-fotografo-de-casamento-rj-thiago-stevez-grand-hyatt-coracao-de-maria-palladium_0001-29.jpg\" data-elementor-open-lightbox=\"no\">                <div class=\"bwg-item0 \">          <div class=\"bwg-item1 \">            <div class=\"bwg-item2\">              <img class=\"skip-lazy bwg_standart_thumb_img_0 \"                   data-id=\"1571\"                   data-width=\"\"                   data-height=\"\"                   data-src=\"https:\/\/www.ivanabeaumond.com.br\/vestidos-noiva\/wp-content\/uploads\/photo-gallery\/thumb\/fotos-fotografo-de-casamento-rj-thiago-stevez-grand-hyatt-coracao-de-maria-palladium_0001-29.jpg\"                   src=\"https:\/\/www.ivanabeaumond.com.br\/vestidos-noiva\/wp-content\/uploads\/photo-gallery\/thumb\/fotos-fotografo-de-casamento-rj-thiago-stevez-grand-hyatt-coracao-de-maria-palladium_0001-29.jpg\"                   alt=\"ivana-beaumond-vestido-de-noiva-fabi-e-dan6\"                   title=\"ivana-beaumond-vestido-de-noiva-fabi-e-dan6\" \/>            <\/div>            <div class=\"\">                                                      <\/div>          <\/div>        <\/div>                        <\/a>              <\/div>            <div class=\"bwg-item\">        <a class=\"bwg-a  bwg_lightbox\"  data-image-id=\"1539\" href=\"https:\/\/www.ivanabeaumond.com.br\/vestidos-noiva\/wp-content\/uploads\/photo-gallery\/fotos-fotografo-de-casamento-rj-thiago-stevez-grand-hyatt-coracao-de-maria-palladium_0001-10.jpg\" data-elementor-open-lightbox=\"no\">                <div class=\"bwg-item0 \">          <div class=\"bwg-item1 \">            <div class=\"bwg-item2\">              <img class=\"skip-lazy bwg_standart_thumb_img_0 \"                   data-id=\"1539\"                   data-width=\"\"                   data-height=\"\"                   data-src=\"https:\/\/www.ivanabeaumond.com.br\/vestidos-noiva\/wp-content\/uploads\/photo-gallery\/thumb\/fotos-fotografo-de-casamento-rj-thiago-stevez-grand-hyatt-coracao-de-maria-palladium_0001-10.jpg\"                   src=\"https:\/\/www.ivanabeaumond.com.br\/vestidos-noiva\/wp-content\/uploads\/photo-gallery\/thumb\/fotos-fotografo-de-casamento-rj-thiago-stevez-grand-hyatt-coracao-de-maria-palladium_0001-10.jpg\"                   alt=\"ivana-beaumond-vestido-de-noiva-fabi-e-dan7\"                   title=\"ivana-beaumond-vestido-de-noiva-fabi-e-dan7\" \/>            <\/div>            <div class=\"\">                                                      <\/div>          <\/div>        <\/div>                        <\/a>              <\/div>            <div class=\"bwg-item\">        <a class=\"bwg-a  bwg_lightbox\"  data-image-id=\"1540\" href=\"https:\/\/www.ivanabeaumond.com.br\/vestidos-noiva\/wp-content\/uploads\/photo-gallery\/fotos-fotografo-de-casamento-rj-thiago-stevez-grand-hyatt-coracao-de-maria-palladium_0001-15.jpg\" data-elementor-open-lightbox=\"no\">                <div class=\"bwg-item0 \">          <div class=\"bwg-item1 \">            <div class=\"bwg-item2\">              <img class=\"skip-lazy bwg_standart_thumb_img_0 \"                   data-id=\"1540\"                   data-width=\"\"                   data-height=\"\"                   data-src=\"https:\/\/www.ivanabeaumond.com.br\/vestidos-noiva\/wp-content\/uploads\/photo-gallery\/thumb\/fotos-fotografo-de-casamento-rj-thiago-stevez-grand-hyatt-coracao-de-maria-palladium_0001-15.jpg\"                   src=\"https:\/\/www.ivanabeaumond.com.br\/vestidos-noiva\/wp-content\/uploads\/photo-gallery\/thumb\/fotos-fotografo-de-casamento-rj-thiago-stevez-grand-hyatt-coracao-de-maria-palladium_0001-15.jpg\"                   alt=\"ivana-beaumond-vestido-de-noiva-fabi-e-dan8\"                   title=\"ivana-beaumond-vestido-de-noiva-fabi-e-dan8\" \/>            <\/div>            <div class=\"\">                                                      <\/div>          <\/div>        <\/div>                        <\/a>              <\/div>            <div class=\"bwg-item\">        <a class=\"bwg-a  bwg_lightbox\"  data-image-id=\"1541\" href=\"https:\/\/www.ivanabeaumond.com.br\/vestidos-noiva\/wp-content\/uploads\/photo-gallery\/fotos-fotografo-de-casamento-rj-thiago-stevez-grand-hyatt-coracao-de-maria-palladium_0001-17.jpg\" data-elementor-open-lightbox=\"no\">                <div class=\"bwg-item0 \">          <div class=\"bwg-item1 \">            <div class=\"bwg-item2\">              <img class=\"skip-lazy bwg_standart_thumb_img_0 \"                   data-id=\"1541\"                   data-width=\"\"                   data-height=\"\"                   data-src=\"https:\/\/www.ivanabeaumond.com.br\/vestidos-noiva\/wp-content\/uploads\/photo-gallery\/thumb\/fotos-fotografo-de-casamento-rj-thiago-stevez-grand-hyatt-coracao-de-maria-palladium_0001-17.jpg\"                   src=\"https:\/\/www.ivanabeaumond.com.br\/vestidos-noiva\/wp-content\/uploads\/photo-gallery\/thumb\/fotos-fotografo-de-casamento-rj-thiago-stevez-grand-hyatt-coracao-de-maria-palladium_0001-17.jpg\"                   alt=\"ivana-beaumond-vestido-de-noiva-fabi-e-dan9\"                   title=\"ivana-beaumond-vestido-de-noiva-fabi-e-dan9\" \/>            <\/div>            <div class=\"\">                                                      <\/div>          <\/div>        <\/div>                        <\/a>              <\/div>            <div class=\"bwg-item\">        <a class=\"bwg-a  bwg_lightbox\"  data-image-id=\"1569\" href=\"https:\/\/www.ivanabeaumond.com.br\/vestidos-noiva\/wp-content\/uploads\/photo-gallery\/fotos-fotografo-de-casamento-rj-thiago-stevez-grand-hyatt-coracao-de-maria-palladium_0001-27.jpg\" data-elementor-open-lightbox=\"no\">                <div class=\"bwg-item0 \">          <div class=\"bwg-item1 \">            <div class=\"bwg-item2\">              <img class=\"skip-lazy bwg_standart_thumb_img_0 \"                   data-id=\"1569\"                   data-width=\"\"                   data-height=\"\"                   data-src=\"https:\/\/www.ivanabeaumond.com.br\/vestidos-noiva\/wp-content\/uploads\/photo-gallery\/thumb\/fotos-fotografo-de-casamento-rj-thiago-stevez-grand-hyatt-coracao-de-maria-palladium_0001-27.jpg\"                   src=\"https:\/\/www.ivanabeaumond.com.br\/vestidos-noiva\/wp-content\/uploads\/photo-gallery\/thumb\/fotos-fotografo-de-casamento-rj-thiago-stevez-grand-hyatt-coracao-de-maria-palladium_0001-27.jpg\"                   alt=\"ivana-beaumond-vestido-de-noiva-fabi-e-dan10\"                   title=\"ivana-beaumond-vestido-de-noiva-fabi-e-dan10\" \/>            <\/div>            <div class=\"\">                                                      <\/div>          <\/div>        <\/div>                        <\/a>              <\/div>            <div class=\"bwg-item\">        <a class=\"bwg-a  bwg_lightbox\"  data-image-id=\"1570\" href=\"https:\/\/www.ivanabeaumond.com.br\/vestidos-noiva\/wp-content\/uploads\/photo-gallery\/fotos-fotografo-de-casamento-rj-thiago-stevez-grand-hyatt-coracao-de-maria-palladium_0001-28.jpg\" data-elementor-open-lightbox=\"no\">                <div class=\"bwg-item0 \">          <div class=\"bwg-item1 \">            <div class=\"bwg-item2\">              <img class=\"skip-lazy bwg_standart_thumb_img_0 \"                   data-id=\"1570\"                   data-width=\"\"                   data-height=\"\"                   data-src=\"https:\/\/www.ivanabeaumond.com.br\/vestidos-noiva\/wp-content\/uploads\/photo-gallery\/thumb\/fotos-fotografo-de-casamento-rj-thiago-stevez-grand-hyatt-coracao-de-maria-palladium_0001-28.jpg\"                   src=\"https:\/\/www.ivanabeaumond.com.br\/vestidos-noiva\/wp-content\/uploads\/photo-gallery\/thumb\/fotos-fotografo-de-casamento-rj-thiago-stevez-grand-hyatt-coracao-de-maria-palladium_0001-28.jpg\"                   alt=\"ivana-beaumond-vestido-de-noiva-fabi-e-dan11\"                   title=\"ivana-beaumond-vestido-de-noiva-fabi-e-dan11\" \/>            <\/div>            <div class=\"\">                                                      <\/div>          <\/div>        <\/div>                        <\/a>              <\/div>            <div class=\"bwg-item\">        <a class=\"bwg-a  bwg_lightbox\"  data-image-id=\"1566\" href=\"https:\/\/www.ivanabeaumond.com.br\/vestidos-noiva\/wp-content\/uploads\/photo-gallery\/fotos-fotografo-de-casamento-rj-thiago-stevez-grand-hyatt-coracao-de-maria-palladium_0001-24.jpg\" data-elementor-open-lightbox=\"no\">                <div class=\"bwg-item0 \">          <div class=\"bwg-item1 \">            <div class=\"bwg-item2\">              <img class=\"skip-lazy bwg_standart_thumb_img_0 \"                   data-id=\"1566\"                   data-width=\"\"                   data-height=\"\"                   data-src=\"https:\/\/www.ivanabeaumond.com.br\/vestidos-noiva\/wp-content\/uploads\/photo-gallery\/thumb\/fotos-fotografo-de-casamento-rj-thiago-stevez-grand-hyatt-coracao-de-maria-palladium_0001-24.jpg\"                   src=\"https:\/\/www.ivanabeaumond.com.br\/vestidos-noiva\/wp-content\/uploads\/photo-gallery\/thumb\/fotos-fotografo-de-casamento-rj-thiago-stevez-grand-hyatt-coracao-de-maria-palladium_0001-24.jpg\"                   alt=\"ivana-beaumond-vestido-de-noiva-fabi-e-dan12\"                   title=\"ivana-beaumond-vestido-de-noiva-fabi-e-dan12\" \/>            <\/div>            <div class=\"\">                                                      <\/div>          <\/div>        <\/div>                        <\/a>              <\/div>            <div class=\"bwg-item\">        <a class=\"bwg-a  bwg_lightbox\"  data-image-id=\"1567\" href=\"https:\/\/www.ivanabeaumond.com.br\/vestidos-noiva\/wp-content\/uploads\/photo-gallery\/fotos-fotografo-de-casamento-rj-thiago-stevez-grand-hyatt-coracao-de-maria-palladium_0001-25.jpg\" data-elementor-open-lightbox=\"no\">                <div class=\"bwg-item0 \">          <div class=\"bwg-item1 \">            <div class=\"bwg-item2\">              <img class=\"skip-lazy bwg_standart_thumb_img_0 \"                   data-id=\"1567\"                   data-width=\"\"                   data-height=\"\"                   data-src=\"https:\/\/www.ivanabeaumond.com.br\/vestidos-noiva\/wp-content\/uploads\/photo-gallery\/thumb\/fotos-fotografo-de-casamento-rj-thiago-stevez-grand-hyatt-coracao-de-maria-palladium_0001-25.jpg\"                   src=\"https:\/\/www.ivanabeaumond.com.br\/vestidos-noiva\/wp-content\/uploads\/photo-gallery\/thumb\/fotos-fotografo-de-casamento-rj-thiago-stevez-grand-hyatt-coracao-de-maria-palladium_0001-25.jpg\"                   alt=\"ivana-beaumond-vestido-de-noiva-fabi-e-dan14\"                   title=\"ivana-beaumond-vestido-de-noiva-fabi-e-dan14\" \/>            <\/div>            <div class=\"\">                                                      <\/div>          <\/div>        <\/div>                        <\/a>              <\/div>            <div class=\"bwg-item\">        <a class=\"bwg-a  bwg_lightbox\"  data-image-id=\"1568\" href=\"https:\/\/www.ivanabeaumond.com.br\/vestidos-noiva\/wp-content\/uploads\/photo-gallery\/fotos-fotografo-de-casamento-rj-thiago-stevez-grand-hyatt-coracao-de-maria-palladium_0001-26.jpg\" data-elementor-open-lightbox=\"no\">                <div class=\"bwg-item0 \">          <div class=\"bwg-item1 \">            <div class=\"bwg-item2\">              <img class=\"skip-lazy bwg_standart_thumb_img_0 \"                   data-id=\"1568\"                   data-width=\"\"                   data-height=\"\"                   data-src=\"https:\/\/www.ivanabeaumond.com.br\/vestidos-noiva\/wp-content\/uploads\/photo-gallery\/thumb\/fotos-fotografo-de-casamento-rj-thiago-stevez-grand-hyatt-coracao-de-maria-palladium_0001-26.jpg\"                   src=\"https:\/\/www.ivanabeaumond.com.br\/vestidos-noiva\/wp-content\/uploads\/photo-gallery\/thumb\/fotos-fotografo-de-casamento-rj-thiago-stevez-grand-hyatt-coracao-de-maria-palladium_0001-26.jpg\"                   alt=\"ivana-beaumond-vestido-de-noiva-fabi-e-dan15\"                   title=\"ivana-beaumond-vestido-de-noiva-fabi-e-dan15\" \/>            <\/div>            <div class=\"\">                                                      <\/div>          <\/div>        <\/div>                        <\/a>              <\/div>            <div class=\"bwg-item\">        <a class=\"bwg-a  bwg_lightbox\"  data-image-id=\"1572\" href=\"https:\/\/www.ivanabeaumond.com.br\/vestidos-noiva\/wp-content\/uploads\/photo-gallery\/fotos-fotografo-de-casamento-rj-thiago-stevez-grand-hyatt-coracao-de-maria-palladium_0001-30.jpg\" data-elementor-open-lightbox=\"no\">                <div class=\"bwg-item0 \">          <div class=\"bwg-item1 \">            <div class=\"bwg-item2\">              <img class=\"skip-lazy bwg_standart_thumb_img_0 \"                   data-id=\"1572\"                   data-width=\"\"                   data-height=\"\"                   data-src=\"https:\/\/www.ivanabeaumond.com.br\/vestidos-noiva\/wp-content\/uploads\/photo-gallery\/thumb\/fotos-fotografo-de-casamento-rj-thiago-stevez-grand-hyatt-coracao-de-maria-palladium_0001-30.jpg\"                   src=\"https:\/\/www.ivanabeaumond.com.br\/vestidos-noiva\/wp-content\/uploads\/photo-gallery\/thumb\/fotos-fotografo-de-casamento-rj-thiago-stevez-grand-hyatt-coracao-de-maria-palladium_0001-30.jpg\"                   alt=\"ivana-beaumond-vestido-de-noiva-fabi-e-dan16\"                   title=\"ivana-beaumond-vestido-de-noiva-fabi-e-dan16\" \/>            <\/div>            <div class=\"\">                                                      <\/div>          <\/div>        <\/div>                        <\/a>              <\/div>            <div class=\"bwg-item\">        <a class=\"bwg-a  bwg_lightbox\"  data-image-id=\"1576\" href=\"https:\/\/www.ivanabeaumond.com.br\/vestidos-noiva\/wp-content\/uploads\/photo-gallery\/fotos-fotografo-de-casamento-rj-thiago-stevez-grand-hyatt-coracao-de-maria-palladium_0001-37.jpg\" data-elementor-open-lightbox=\"no\">                <div class=\"bwg-item0 \">          <div class=\"bwg-item1 \">            <div class=\"bwg-item2\">              <img class=\"skip-lazy bwg_standart_thumb_img_0 \"                   data-id=\"1576\"                   data-width=\"\"                   data-height=\"\"                   data-src=\"https:\/\/www.ivanabeaumond.com.br\/vestidos-noiva\/wp-content\/uploads\/photo-gallery\/thumb\/fotos-fotografo-de-casamento-rj-thiago-stevez-grand-hyatt-coracao-de-maria-palladium_0001-37.jpg\"                   src=\"https:\/\/www.ivanabeaumond.com.br\/vestidos-noiva\/wp-content\/uploads\/photo-gallery\/thumb\/fotos-fotografo-de-casamento-rj-thiago-stevez-grand-hyatt-coracao-de-maria-palladium_0001-37.jpg\"                   alt=\"ivana-beaumond-vestido-de-noiva-fabi-e-dan17\"                   title=\"ivana-beaumond-vestido-de-noiva-fabi-e-dan17\" \/>            <\/div>            <div class=\"\">                                                      <\/div>          <\/div>        <\/div>                        <\/a>              <\/div>            <div class=\"bwg-item\">        <a class=\"bwg-a  bwg_lightbox\"  data-image-id=\"1573\" href=\"https:\/\/www.ivanabeaumond.com.br\/vestidos-noiva\/wp-content\/uploads\/photo-gallery\/fotos-fotografo-de-casamento-rj-thiago-stevez-grand-hyatt-coracao-de-maria-palladium_0001-32.jpg\" data-elementor-open-lightbox=\"no\">                <div class=\"bwg-item0 \">          <div class=\"bwg-item1 \">            <div class=\"bwg-item2\">              <img class=\"skip-lazy bwg_standart_thumb_img_0 \"                   data-id=\"1573\"                   data-width=\"\"                   data-height=\"\"                   data-src=\"https:\/\/www.ivanabeaumond.com.br\/vestidos-noiva\/wp-content\/uploads\/photo-gallery\/thumb\/fotos-fotografo-de-casamento-rj-thiago-stevez-grand-hyatt-coracao-de-maria-palladium_0001-32.jpg\"                   src=\"https:\/\/www.ivanabeaumond.com.br\/vestidos-noiva\/wp-content\/uploads\/photo-gallery\/thumb\/fotos-fotografo-de-casamento-rj-thiago-stevez-grand-hyatt-coracao-de-maria-palladium_0001-32.jpg\"                   alt=\"fotos-fotografo-de-casamento-rj-thiago-stevez-grand-hyatt-coracao-de-maria-palladium_0001-32\"                   title=\"fotos-fotografo-de-casamento-rj-thiago-stevez-grand-hyatt-coracao-de-maria-palladium_0001-32\" \/>            <\/div>            <div class=\"\">                                                      <\/div>          <\/div>        <\/div>                        <\/a>              <\/div>            <div class=\"bwg-item\">        <a class=\"bwg-a  bwg_lightbox\"  data-image-id=\"1574\" href=\"https:\/\/www.ivanabeaumond.com.br\/vestidos-noiva\/wp-content\/uploads\/photo-gallery\/fotos-fotografo-de-casamento-rj-thiago-stevez-grand-hyatt-coracao-de-maria-palladium_0001-33.jpg\" data-elementor-open-lightbox=\"no\">                <div class=\"bwg-item0 \">          <div class=\"bwg-item1 \">            <div class=\"bwg-item2\">              <img class=\"skip-lazy bwg_standart_thumb_img_0 \"                   data-id=\"1574\"                   data-width=\"\"                   data-height=\"\"                   data-src=\"https:\/\/www.ivanabeaumond.com.br\/vestidos-noiva\/wp-content\/uploads\/photo-gallery\/thumb\/fotos-fotografo-de-casamento-rj-thiago-stevez-grand-hyatt-coracao-de-maria-palladium_0001-33.jpg\"                   src=\"https:\/\/www.ivanabeaumond.com.br\/vestidos-noiva\/wp-content\/uploads\/photo-gallery\/thumb\/fotos-fotografo-de-casamento-rj-thiago-stevez-grand-hyatt-coracao-de-maria-palladium_0001-33.jpg\"                   alt=\"fotos-fotografo-de-casamento-rj-thiago-stevez-grand-hyatt-coracao-de-maria-palladium_0001-33\"                   title=\"fotos-fotografo-de-casamento-rj-thiago-stevez-grand-hyatt-coracao-de-maria-palladium_0001-33\" \/>            <\/div>            <div class=\"\">                                                      <\/div>          <\/div>        <\/div>                        <\/a>              <\/div>            <div class=\"bwg-item\">        <a class=\"bwg-a  bwg_lightbox\"  data-image-id=\"1580\" href=\"https:\/\/www.ivanabeaumond.com.br\/vestidos-noiva\/wp-content\/uploads\/photo-gallery\/fotos-fotografo-de-casamento-rj-thiago-stevez-grand-hyatt-coracao-de-maria-palladium_0001-50.jpg\" data-elementor-open-lightbox=\"no\">                <div class=\"bwg-item0 \">          <div class=\"bwg-item1 \">            <div class=\"bwg-item2\">              <img class=\"skip-lazy bwg_standart_thumb_img_0 \"                   data-id=\"1580\"                   data-width=\"\"                   data-height=\"\"                   data-src=\"https:\/\/www.ivanabeaumond.com.br\/vestidos-noiva\/wp-content\/uploads\/photo-gallery\/thumb\/fotos-fotografo-de-casamento-rj-thiago-stevez-grand-hyatt-coracao-de-maria-palladium_0001-50.jpg\"                   src=\"https:\/\/www.ivanabeaumond.com.br\/vestidos-noiva\/wp-content\/uploads\/photo-gallery\/thumb\/fotos-fotografo-de-casamento-rj-thiago-stevez-grand-hyatt-coracao-de-maria-palladium_0001-50.jpg\"                   alt=\"ivana-beaumond-vestido-de-noiva-fabi-e-dan18\"                   title=\"ivana-beaumond-vestido-de-noiva-fabi-e-dan18\" \/>            <\/div>            <div class=\"\">                                                      <\/div>          <\/div>        <\/div>                        <\/a>              <\/div>            <div class=\"bwg-item\">        <a class=\"bwg-a  bwg_lightbox\"  data-image-id=\"1582\" href=\"https:\/\/www.ivanabeaumond.com.br\/vestidos-noiva\/wp-content\/uploads\/photo-gallery\/fotos-fotografo-de-casamento-rj-thiago-stevez-grand-hyatt-coracao-de-maria-palladium_0001-63.jpg\" data-elementor-open-lightbox=\"no\">                <div class=\"bwg-item0 \">          <div class=\"bwg-item1 \">            <div class=\"bwg-item2\">              <img class=\"skip-lazy bwg_standart_thumb_img_0 \"                   data-id=\"1582\"                   data-width=\"\"                   data-height=\"\"                   data-src=\"https:\/\/www.ivanabeaumond.com.br\/vestidos-noiva\/wp-content\/uploads\/photo-gallery\/thumb\/fotos-fotografo-de-casamento-rj-thiago-stevez-grand-hyatt-coracao-de-maria-palladium_0001-63.jpg\"                   src=\"https:\/\/www.ivanabeaumond.com.br\/vestidos-noiva\/wp-content\/uploads\/photo-gallery\/thumb\/fotos-fotografo-de-casamento-rj-thiago-stevez-grand-hyatt-coracao-de-maria-palladium_0001-63.jpg\"                   alt=\"ivana-beaumond-vestido-de-noiva-fabi-e-dan19\"                   title=\"ivana-beaumond-vestido-de-noiva-fabi-e-dan19\" \/>            <\/div>            <div class=\"\">                                                      <\/div>          <\/div>        <\/div>                        <\/a>              <\/div>            <div class=\"bwg-item\">        <a class=\"bwg-a  bwg_lightbox\"  data-image-id=\"1583\" href=\"https:\/\/www.ivanabeaumond.com.br\/vestidos-noiva\/wp-content\/uploads\/photo-gallery\/fotos-fotografo-de-casamento-rj-thiago-stevez-grand-hyatt-coracao-de-maria-palladium_0001-65.jpg\" data-elementor-open-lightbox=\"no\">                <div class=\"bwg-item0 \">          <div class=\"bwg-item1 \">            <div class=\"bwg-item2\">              <img class=\"skip-lazy bwg_standart_thumb_img_0 \"                   data-id=\"1583\"                   data-width=\"\"                   data-height=\"\"                   data-src=\"https:\/\/www.ivanabeaumond.com.br\/vestidos-noiva\/wp-content\/uploads\/photo-gallery\/thumb\/fotos-fotografo-de-casamento-rj-thiago-stevez-grand-hyatt-coracao-de-maria-palladium_0001-65.jpg\"                   src=\"https:\/\/www.ivanabeaumond.com.br\/vestidos-noiva\/wp-content\/uploads\/photo-gallery\/thumb\/fotos-fotografo-de-casamento-rj-thiago-stevez-grand-hyatt-coracao-de-maria-palladium_0001-65.jpg\"                   alt=\"ivana-beaumond-vestido-de-noiva-fabi-e-dan20\"                   title=\"ivana-beaumond-vestido-de-noiva-fabi-e-dan20\" \/>            <\/div>            <div class=\"\">                                                      <\/div>          <\/div>        <\/div>                        <\/a>              <\/div>            <div class=\"bwg-item\">        <a class=\"bwg-a  bwg_lightbox\"  data-image-id=\"1575\" href=\"https:\/\/www.ivanabeaumond.com.br\/vestidos-noiva\/wp-content\/uploads\/photo-gallery\/fotos-fotografo-de-casamento-rj-thiago-stevez-grand-hyatt-coracao-de-maria-palladium_0001-36.jpg\" data-elementor-open-lightbox=\"no\">                <div class=\"bwg-item0 \">          <div class=\"bwg-item1 \">            <div class=\"bwg-item2\">              <img class=\"skip-lazy bwg_standart_thumb_img_0 \"                   data-id=\"1575\"                   data-width=\"\"                   data-height=\"\"                   data-src=\"https:\/\/www.ivanabeaumond.com.br\/vestidos-noiva\/wp-content\/uploads\/photo-gallery\/thumb\/fotos-fotografo-de-casamento-rj-thiago-stevez-grand-hyatt-coracao-de-maria-palladium_0001-36.jpg\"                   src=\"https:\/\/www.ivanabeaumond.com.br\/vestidos-noiva\/wp-content\/uploads\/photo-gallery\/thumb\/fotos-fotografo-de-casamento-rj-thiago-stevez-grand-hyatt-coracao-de-maria-palladium_0001-36.jpg\"                   alt=\"ivana-beaumond-vestido-de-noiva-fabi-e-dan22\"                   title=\"ivana-beaumond-vestido-de-noiva-fabi-e-dan22\" \/>            <\/div>            <div class=\"\">                                                      <\/div>          <\/div>        <\/div>                        <\/a>              <\/div>            <div class=\"bwg-item\">        <a class=\"bwg-a  bwg_lightbox\"  data-image-id=\"1585\" href=\"https:\/\/www.ivanabeaumond.com.br\/vestidos-noiva\/wp-content\/uploads\/photo-gallery\/fotos-fotografo-de-casamento-rj-thiago-stevez-grand-hyatt-coracao-de-maria-palladium_0001-75.jpg\" data-elementor-open-lightbox=\"no\">                <div class=\"bwg-item0 \">          <div class=\"bwg-item1 \">            <div class=\"bwg-item2\">              <img class=\"skip-lazy bwg_standart_thumb_img_0 \"                   data-id=\"1585\"                   data-width=\"\"                   data-height=\"\"                   data-src=\"https:\/\/www.ivanabeaumond.com.br\/vestidos-noiva\/wp-content\/uploads\/photo-gallery\/thumb\/fotos-fotografo-de-casamento-rj-thiago-stevez-grand-hyatt-coracao-de-maria-palladium_0001-75.jpg\"                   src=\"https:\/\/www.ivanabeaumond.com.br\/vestidos-noiva\/wp-content\/uploads\/photo-gallery\/thumb\/fotos-fotografo-de-casamento-rj-thiago-stevez-grand-hyatt-coracao-de-maria-palladium_0001-75.jpg\"                   alt=\"ivana-beaumond-vestido-de-noiva-fabi-e-dan23\"                   title=\"ivana-beaumond-vestido-de-noiva-fabi-e-dan23\" \/>            <\/div>            <div class=\"\">                                                      <\/div>          <\/div>        <\/div>                        <\/a>              <\/div>            <div class=\"bwg-item\">        <a class=\"bwg-a  bwg_lightbox\"  data-image-id=\"1587\" href=\"https:\/\/www.ivanabeaumond.com.br\/vestidos-noiva\/wp-content\/uploads\/photo-gallery\/fotos-fotografo-de-casamento-rj-thiago-stevez-grand-hyatt-coracao-de-maria-palladium_0001-77.jpg\" data-elementor-open-lightbox=\"no\">                <div class=\"bwg-item0 \">          <div class=\"bwg-item1 \">            <div class=\"bwg-item2\">              <img class=\"skip-lazy bwg_standart_thumb_img_0 \"                   data-id=\"1587\"                   data-width=\"\"                   data-height=\"\"                   data-src=\"https:\/\/www.ivanabeaumond.com.br\/vestidos-noiva\/wp-content\/uploads\/photo-gallery\/thumb\/fotos-fotografo-de-casamento-rj-thiago-stevez-grand-hyatt-coracao-de-maria-palladium_0001-77.jpg\"                   src=\"https:\/\/www.ivanabeaumond.com.br\/vestidos-noiva\/wp-content\/uploads\/photo-gallery\/thumb\/fotos-fotografo-de-casamento-rj-thiago-stevez-grand-hyatt-coracao-de-maria-palladium_0001-77.jpg\"                   alt=\"ivana-beaumond-vestido-de-noiva-fabi-e-dan24\"                   title=\"ivana-beaumond-vestido-de-noiva-fabi-e-dan24\" \/>            <\/div>            <div class=\"\">                                                      <\/div>          <\/div>        <\/div>                        <\/a>              <\/div>            <div class=\"bwg-item\">        <a class=\"bwg-a  bwg_lightbox\"  data-image-id=\"1590\" href=\"https:\/\/www.ivanabeaumond.com.br\/vestidos-noiva\/wp-content\/uploads\/photo-gallery\/fotos-fotografo-de-casamento-rj-thiago-stevez-grand-hyatt-coracao-de-maria-palladium_0001-90.jpg\" data-elementor-open-lightbox=\"no\">                <div class=\"bwg-item0 \">          <div class=\"bwg-item1 \">            <div class=\"bwg-item2\">              <img class=\"skip-lazy bwg_standart_thumb_img_0 \"                   data-id=\"1590\"                   data-width=\"\"                   data-height=\"\"                   data-src=\"https:\/\/www.ivanabeaumond.com.br\/vestidos-noiva\/wp-content\/uploads\/photo-gallery\/thumb\/fotos-fotografo-de-casamento-rj-thiago-stevez-grand-hyatt-coracao-de-maria-palladium_0001-90.jpg\"                   src=\"https:\/\/www.ivanabeaumond.com.br\/vestidos-noiva\/wp-content\/uploads\/photo-gallery\/thumb\/fotos-fotografo-de-casamento-rj-thiago-stevez-grand-hyatt-coracao-de-maria-palladium_0001-90.jpg\"                   alt=\"ivana-beaumond-vestido-de-noiva-fabi-e-dan25\"                   title=\"ivana-beaumond-vestido-de-noiva-fabi-e-dan25\" \/>            <\/div>            <div class=\"\">                                                      <\/div>          <\/div>        <\/div>                        <\/a>              <\/div>            <div class=\"bwg-item\">        <a class=\"bwg-a  bwg_lightbox\"  data-image-id=\"1589\" href=\"https:\/\/www.ivanabeaumond.com.br\/vestidos-noiva\/wp-content\/uploads\/photo-gallery\/fotos-fotografo-de-casamento-rj-thiago-stevez-grand-hyatt-coracao-de-maria-palladium_0001-88.jpg\" data-elementor-open-lightbox=\"no\">                <div class=\"bwg-item0 \">          <div class=\"bwg-item1 \">            <div class=\"bwg-item2\">              <img class=\"skip-lazy bwg_standart_thumb_img_0 \"                   data-id=\"1589\"                   data-width=\"\"                   data-height=\"\"                   data-src=\"https:\/\/www.ivanabeaumond.com.br\/vestidos-noiva\/wp-content\/uploads\/photo-gallery\/thumb\/fotos-fotografo-de-casamento-rj-thiago-stevez-grand-hyatt-coracao-de-maria-palladium_0001-88.jpg\"                   src=\"https:\/\/www.ivanabeaumond.com.br\/vestidos-noiva\/wp-content\/uploads\/photo-gallery\/thumb\/fotos-fotografo-de-casamento-rj-thiago-stevez-grand-hyatt-coracao-de-maria-palladium_0001-88.jpg\"                   alt=\"ivana-beaumond-vestido-de-noiva-fabi-e-dan26\"                   title=\"ivana-beaumond-vestido-de-noiva-fabi-e-dan26\" \/>            <\/div>            <div class=\"\">                                                      <\/div>          <\/div>        <\/div>                        <\/a>              <\/div>            <div class=\"bwg-item\">        <a class=\"bwg-a  bwg_lightbox\"  data-image-id=\"1588\" href=\"https:\/\/www.ivanabeaumond.com.br\/vestidos-noiva\/wp-content\/uploads\/photo-gallery\/fotos-fotografo-de-casamento-rj-thiago-stevez-grand-hyatt-coracao-de-maria-palladium_0001-86.jpg\" data-elementor-open-lightbox=\"no\">                <div class=\"bwg-item0 \">          <div class=\"bwg-item1 \">            <div class=\"bwg-item2\">              <img class=\"skip-lazy bwg_standart_thumb_img_0 \"                   data-id=\"1588\"                   data-width=\"\"                   data-height=\"\"                   data-src=\"https:\/\/www.ivanabeaumond.com.br\/vestidos-noiva\/wp-content\/uploads\/photo-gallery\/thumb\/fotos-fotografo-de-casamento-rj-thiago-stevez-grand-hyatt-coracao-de-maria-palladium_0001-86.jpg\"                   src=\"https:\/\/www.ivanabeaumond.com.br\/vestidos-noiva\/wp-content\/uploads\/photo-gallery\/thumb\/fotos-fotografo-de-casamento-rj-thiago-stevez-grand-hyatt-coracao-de-maria-palladium_0001-86.jpg\"                   alt=\"ivana-beaumond-vestido-de-noiva-fabi-e-dan27\"                   title=\"ivana-beaumond-vestido-de-noiva-fabi-e-dan27\" \/>            <\/div>            <div class=\"\">                                                      <\/div>          <\/div>        <\/div>                        <\/a>              <\/div>            <div class=\"bwg-item\">        <a class=\"bwg-a  bwg_lightbox\"  data-image-id=\"1591\" href=\"https:\/\/www.ivanabeaumond.com.br\/vestidos-noiva\/wp-content\/uploads\/photo-gallery\/fotos-fotografo-de-casamento-rj-thiago-stevez-grand-hyatt-coracao-de-maria-palladium_0001-92.jpg\" data-elementor-open-lightbox=\"no\">                <div class=\"bwg-item0 \">          <div class=\"bwg-item1 \">            <div class=\"bwg-item2\">              <img class=\"skip-lazy bwg_standart_thumb_img_0 \"                   data-id=\"1591\"                   data-width=\"\"                   data-height=\"\"                   data-src=\"https:\/\/www.ivanabeaumond.com.br\/vestidos-noiva\/wp-content\/uploads\/photo-gallery\/thumb\/fotos-fotografo-de-casamento-rj-thiago-stevez-grand-hyatt-coracao-de-maria-palladium_0001-92.jpg\"                   src=\"https:\/\/www.ivanabeaumond.com.br\/vestidos-noiva\/wp-content\/uploads\/photo-gallery\/thumb\/fotos-fotografo-de-casamento-rj-thiago-stevez-grand-hyatt-coracao-de-maria-palladium_0001-92.jpg\"                   alt=\"ivana-beaumond-vestido-de-noiva-fabi-e-dan28\"                   title=\"ivana-beaumond-vestido-de-noiva-fabi-e-dan28\" \/>            <\/div>            <div class=\"\">                                                      <\/div>          <\/div>        <\/div>                        <\/a>              <\/div>            <div class=\"bwg-item\">        <a class=\"bwg-a  bwg_lightbox\"  data-image-id=\"1592\" href=\"https:\/\/www.ivanabeaumond.com.br\/vestidos-noiva\/wp-content\/uploads\/photo-gallery\/fotos-fotografo-de-casamento-rj-thiago-stevez-grand-hyatt-coracao-de-maria-palladium_0001-94.jpg\" data-elementor-open-lightbox=\"no\">                <div class=\"bwg-item0 \">          <div class=\"bwg-item1 \">            <div class=\"bwg-item2\">              <img class=\"skip-lazy bwg_standart_thumb_img_0 \"                   data-id=\"1592\"                   data-width=\"\"                   data-height=\"\"                   data-src=\"https:\/\/www.ivanabeaumond.com.br\/vestidos-noiva\/wp-content\/uploads\/photo-gallery\/thumb\/fotos-fotografo-de-casamento-rj-thiago-stevez-grand-hyatt-coracao-de-maria-palladium_0001-94.jpg\"                   src=\"https:\/\/www.ivanabeaumond.com.br\/vestidos-noiva\/wp-content\/uploads\/photo-gallery\/thumb\/fotos-fotografo-de-casamento-rj-thiago-stevez-grand-hyatt-coracao-de-maria-palladium_0001-94.jpg\"                   alt=\"ivana-beaumond-vestido-de-noiva-fabi-e-dan29\"                   title=\"ivana-beaumond-vestido-de-noiva-fabi-e-dan29\" \/>            <\/div>            <div class=\"\">                                                      <\/div>          <\/div>        <\/div>                        <\/a>              <\/div>          <\/div>    <style>      \/*pagination styles*\/      #bwg_container1_0 #bwg_container2_0 .tablenav-pages_0 {\t\t\t\ttext-align: center;\t\t\t\tfont-size: 12px;\t\t\t\tfont-family: segoe ui;\t\t\t\tfont-weight: bold;\t\t\t\tcolor: #666666;\t\t\t\tmargin: 6px 0 4px;\t\t\t\tdisplay: block;      }      @media only screen and (max-width : 320px) {      #bwg_container1_0 #bwg_container2_0 .displaying-num_0 {     \t display: none;      }      }      #bwg_container1_0 #bwg_container2_0 .displaying-num_0 {\t\t\t\tfont-size: 12px;\t\t\t\tfont-family: segoe ui;\t\t\t\tfont-weight: bold;\t\t\t\tcolor: #666666;\t\t\t\tmargin-right: 10px;\t\t\t\tvertical-align: middle;      }      #bwg_container1_0 #bwg_container2_0 .paging-input_0 {\t\t\t\tfont-size: 12px;\t\t\t\tfont-family: segoe ui;\t\t\t\tfont-weight: bold;\t\t\t\tcolor: #666666;\t\t\t\tvertical-align: middle;      }      #bwg_container1_0 #bwg_container2_0 .tablenav-pages_0 a.disabled,      #bwg_container1_0 #bwg_container2_0 .tablenav-pages_0 a.disabled:hover,      #bwg_container1_0 #bwg_container2_0 .tablenav-pages_0 a.disabled:focus,\t\t\t#bwg_container1_0 #bwg_container2_0 .tablenav-pages_0 input.bwg_current_page {\t\t\t\tcursor: default;\t\t\t\tcolor: rgba(102, 102, 102, 0.5);      }      #bwg_container1_0 #bwg_container2_0 .tablenav-pages_0 a,      #bwg_container1_0 #bwg_container2_0 .tablenav-pages_0 input.bwg_current_page {\t\t\t\tcursor: pointer;\t\t\t\ttext-align: center;\t\t\t\tfont-size: 12px;\t\t\t\tfont-family: segoe ui;\t\t\t\tfont-weight: bold;\t\t\t\tcolor: #666666;\t\t\t\ttext-decoration: none;\t\t\t\tpadding: 3px 6px;\t\t\t\tmargin: 0;\t\t\t\tborder-radius: 0;\t\t\t\tborder-style: solid;\t\t\t\tborder-width: 1px;\t\t\t\tborder-color: #E3E3E3;\t\t\t\t\t\t\t\tbackground-color: rgba(255, 255, 255, 1.00);\t\t\t\tbox-shadow: 0;\t\t\t\ttransition: all 0.3s ease 0s;-webkit-transition: all 0.3s ease 0s;      }      <\/style>      <span class=\"bwg_nav_cont_0\">              <div class=\"tablenav-pages_0\">                  <\/div>                <input type=\"hidden\" id=\"page_number_0\" name=\"page_number_0\" value=\"1\" \/>      <script type=\"text\/javascript\">        if( jQuery('.bwg_nav_cont_0').length > 1 ) {          jQuery('.bwg_nav_cont_0').first().remove()        }        function spider_page_0(cur, x, y, load_more) {          if (typeof load_more == \"undefined\") {            var load_more = false;          }          if (jQuery(cur).hasClass('disabled')) {            return false;          }          var items_county_0 = 1;          switch (y) {            case 1:              if (x >= items_county_0) {                document.getElementById('page_number_0').value = items_county_0;              }              else {                document.getElementById('page_number_0').value = x + 1;              }              break;            case 2:              document.getElementById('page_number_0').value = items_county_0;              break;            case -1:              if (x == 1) {                document.getElementById('page_number_0').value = 1;              }              else {                document.getElementById('page_number_0').value = x - 1;              }              break;            case -2:              document.getElementById('page_number_0').value = 1;              break;\t\t\t\t\t\tcase 0:              document.getElementById('page_number_0').value = x;              break;            default:              document.getElementById('page_number_0').value = 1;          }          bwg_ajax('gal_front_form_0', '0', 'bwg_thumbnails_0', '0', '', 'gallery', 0, '', '', load_more, '', 1);        }                    jQuery('.first-page-0').on('click', function () {              spider_page_0(this, 1, -2, 'numeric');              return false;            });            jQuery('.prev-page-0').on('click', function () {              spider_page_0(this, 1, -1, 'numeric');              return false;            });            jQuery('.next-page-0').on('click', function () {              spider_page_0(this, 1, 1, 'numeric');              return false;            });            jQuery('.last-page-0').on('click', function () {              spider_page_0(this, 1, 2, 'numeric');              return false;            });        \t\t\t\t\/* Change page on input enter. *\/        function bwg_change_page_0( e, that ) {          if (  e.key == 'Enter' ) {            var to_page = parseInt(jQuery(that).val());            var pages_count = jQuery(that).parents(\".pagination-links\").data(\"pages-count\");            var current_url_param = jQuery(that).attr('data-url-info');            if (to_page > pages_count) {              to_page = 1;            }\t \t\t\t\t\t\t\t\t\t\t\t\tspider_page_0(this, to_page, 0, 'numeric');\t\t\t\t\t\t\treturn false;\t\t\t\t\t\t          }          return true;        }        jQuery('.bwg_load_btn_0').on('click', function () {            spider_page_0(this, 1, 1, true);            return false;        });      <\/script>      <\/span>                <\/div>        <\/form>        <style>          #bwg_container1_0 #bwg_container2_0 #spider_popup_overlay_0 {          background-color: #000000;          opacity: 0.70;          }          <\/style>        <div id=\"bwg_spider_popup_loading_0\" class=\"bwg_spider_popup_loading\"><\/div>        <div id=\"spider_popup_overlay_0\" class=\"spider_popup_overlay\" onclick=\"spider_destroypopup(1000)\"><\/div>        <input type=\"hidden\" id=\"bwg_random_seed_0\" value=\"89518230\">                <\/div>    <\/div>    <script>      if (document.readyState === 'complete') {        if( typeof bwg_main_ready == 'function' ) {          if ( jQuery(\"#bwg_container1_0\").height() ) {            bwg_main_ready(jQuery(\"#bwg_container1_0\"));          }        }      } else {        document.addEventListener('DOMContentLoaded', function() {          if( typeof bwg_main_ready == 'function' ) {            if ( jQuery(\"#bwg_container1_0\").height() ) {             bwg_main_ready(jQuery(\"#bwg_container1_0\"));            }          }        });      }    <\/script>    \n<h4 style=\"text-align: justify;\"><span style=\"color: #333333;\">Ficha t\u00e9cnica:<\/span><\/h4>\n<h4 style=\"text-align: justify;\"><span style=\"color: #333333;\">Vestido: Ivana Beaumond Paris. Sapato: Luana Zabot. Cabelo e Maquiagem: V\u00e2nia de Paula Makeup. Alian\u00e7as: Casa da Alian\u00e7a. Bouquet: Madalena Flores. Ter\u00e7o: Chic Maria Flor. Roupa do noivo: Thidel. Local do Making off da Noiva: Grand Hyatt. Local da Cerim\u00f4nia: Bas\u00edlica Imaculada Cora\u00e7\u00e3o de Maria. Local da Festa: Palladium Festas e Eventos. Celebrante: Padre Leandro Moreira. Cerimonialista: Eunice de Lucena, Imcompar\u00e1vel Eventos.\u00a0 Decora\u00e7\u00e3o da cerim\u00f4nia: Madalena Flores. Decora\u00e7\u00e3o da Festa: Palladium Festas e Eventos. DJ: Palladium Festas e Eventos. Buffet: Palladium Festas e Eventos. Bolo: Palladium Festas e Eventos. Doces: Palladium Festas e Eventos. Doces extras: Mery Anne. Chocolate: Palladium Festas e Eventos. Bem casados, brownies e macarons: Vanessa Castro Patiss\u00eare. Santo Ant\u00f4nio de Chocolate: GC Chocolates. Convite: Caroline Nunes e Noivos. Lista de Presentes: Casar.com. Carro: Carruagem Moderna. Identidade Visual e Papelaria: Caroline Nunes. Topo de Bolo: Karina Ishida Arte em Biscuit. Forminhas em tecido: Cristina Valente Forminhas. Chinelos Lembran\u00e7as: Vittal Arte. Foto Lembran\u00e7a: Print a Pic.<\/span><\/h4>\n<h4><span style=\"color: #999999;\">Gostou? Siga nosso instagram <a href=\"https:\/\/www.instagram.com\/ivanabeaumond\/\" target=\"_blank\" rel=\"noopener noreferrer\">@ivanabeaumond<\/a> e curta nossa p\u00e1gina nossa fanpage <a href=\"https:\/\/www.facebook.com\/IvanaBeaumond\/\" target=\"_blank\" rel=\"noopener noreferrer\">Ivana Beaumond<\/a> e fique por dentro de tudo o que rola no mundo das noivas e conhe\u00e7a nossos Melhores Modelos de Vestidos de Noiva Nacionais, Importados e Sob Medida.<\/span><\/h4>\n","protected":false},"excerpt":{"rendered":"<p>A noiva Fabiana celebrou seu grande dia em uma bela&#8230;<\/p>\n","protected":false},"author":4,"featured_media":15945,"comment_status":"closed","ping_status":"closed","sticky":false,"template":"","format":"standard","meta":[],"categories":[60,130],"tags":[159,133,298,297,147,291,262,195,293,278,292,259,111,155,296,164,295,213,258,289,290,294,267],"yoast_head":"<!-- This site is optimized with the Yoast SEO plugin v20.3 - https:\/\/yoast.com\/wordpress\/plugins\/seo\/ -->\n<title>Para Sempre... Fabi e Dan - Vestido de Noiva RJ<\/title>\n<meta name=\"robots\" content=\"index, follow, max-snippet:-1, max-image-preview:large, max-video-preview:-1\" \/>\n<link rel=\"canonical\" href=\"https:\/\/www.ivanabeaumond.com.br\/vestidos-noiva\/para-sempre-fabi-e-dan\/\" \/>\n<meta property=\"og:locale\" content=\"pt_BR\" \/>\n<meta property=\"og:type\" content=\"article\" \/>\n<meta property=\"og:title\" content=\"Para Sempre... Fabi e Dan - Vestido de Noiva RJ\" \/>\n<meta property=\"og:description\" content=\"A noiva Fabiana celebrou seu grande dia em uma bela...\" \/>\n<meta property=\"og:url\" content=\"https:\/\/www.ivanabeaumond.com.br\/vestidos-noiva\/para-sempre-fabi-e-dan\/\" \/>\n<meta property=\"og:site_name\" content=\"Vestido de Noiva RJ\" \/>\n<meta property=\"article:publisher\" content=\"https:\/\/www.facebook.com\/ivana.beaumondnoivas\" \/>\n<meta property=\"article:published_time\" content=\"2018-10-02T18:12:02+00:00\" \/>\n<meta property=\"article:modified_time\" content=\"2020-08-10T20:07:28+00:00\" \/>\n<meta property=\"og:image\" content=\"https:\/\/www.ivanabeaumond.com.br\/vestidos-noiva\/wp-content\/uploads\/2018\/10\/fotos-fotografo-de-casamento-rj-thiago-stevez-grand-hyatt-coracao-de-maria-palladium_0001-96-e1539031722482.jpg\" \/>\n\t<meta property=\"og:image:width\" content=\"600\" \/>\n\t<meta property=\"og:image:height\" content=\"400\" \/>\n\t<meta property=\"og:image:type\" content=\"image\/jpeg\" \/>\n<meta name=\"author\" content=\"Ivana Beaumond Paris\" \/>\n<meta name=\"twitter:card\" content=\"summary_large_image\" \/>\n<meta name=\"twitter:label1\" content=\"Escrito por\" \/>\n\t<meta name=\"twitter:data1\" content=\"Ivana Beaumond Paris\" \/>\n\t<meta name=\"twitter:label2\" content=\"Est. tempo de leitura\" \/>\n\t<meta name=\"twitter:data2\" content=\"2 minutos\" \/>\n<script type=\"application\/ld+json\" class=\"yoast-schema-graph\">{\"@context\":\"https:\/\/schema.org\",\"@graph\":[{\"@type\":\"Article\",\"@id\":\"https:\/\/www.ivanabeaumond.com.br\/vestidos-noiva\/para-sempre-fabi-e-dan\/#article\",\"isPartOf\":{\"@id\":\"https:\/\/www.ivanabeaumond.com.br\/vestidos-noiva\/para-sempre-fabi-e-dan\/\"},\"author\":{\"name\":\"Ivana Beaumond Paris\",\"@id\":\"https:\/\/www.ivanabeaumond.com.br\/vestidos-noiva\/#\/schema\/person\/1a360c4cffa3b806d29a456389dcff26\"},\"headline\":\"Para Sempre&#8230; Fabi e Dan\",\"datePublished\":\"2018-10-02T18:12:02+00:00\",\"dateModified\":\"2020-08-10T20:07:28+00:00\",\"mainEntityOfPage\":{\"@id\":\"https:\/\/www.ivanabeaumond.com.br\/vestidos-noiva\/para-sempre-fabi-e-dan\/\"},\"wordCount\":449,\"publisher\":{\"@id\":\"https:\/\/www.ivanabeaumond.com.br\/vestidos-noiva\/#organization\"},\"keywords\":[\"alian\u00e7as\",\"atelierivanabeaumond\",\"casamento cat\u00f3lico\",\"casamento na igreja\",\"casamentoblindado\",\"casamentochegando\",\"casamentorj\",\"CasamentosRJ\",\"errejota\",\"ivana beaumond paris\",\"marcandocasamento\",\"meucasamento\",\"modabridal\",\"modanoiva\",\"noiva cl\u00e1ssica\",\"noivas\",\"noivascariocas\",\"noivasrj\",\"noivinha\",\"noivos\",\"palladium\",\"querocasar\",\"voucasar2019\"],\"articleSection\":[\"Blog\",\"Nossas Noivas\"],\"inLanguage\":\"pt-BR\"},{\"@type\":\"WebPage\",\"@id\":\"https:\/\/www.ivanabeaumond.com.br\/vestidos-noiva\/para-sempre-fabi-e-dan\/\",\"url\":\"https:\/\/www.ivanabeaumond.com.br\/vestidos-noiva\/para-sempre-fabi-e-dan\/\",\"name\":\"Para Sempre... Fabi e Dan - Vestido de Noiva RJ\",\"isPartOf\":{\"@id\":\"https:\/\/www.ivanabeaumond.com.br\/vestidos-noiva\/#website\"},\"datePublished\":\"2018-10-02T18:12:02+00:00\",\"dateModified\":\"2020-08-10T20:07:28+00:00\",\"breadcrumb\":{\"@id\":\"https:\/\/www.ivanabeaumond.com.br\/vestidos-noiva\/para-sempre-fabi-e-dan\/#breadcrumb\"},\"inLanguage\":\"pt-BR\",\"potentialAction\":[{\"@type\":\"ReadAction\",\"target\":[\"https:\/\/www.ivanabeaumond.com.br\/vestidos-noiva\/para-sempre-fabi-e-dan\/\"]}]},{\"@type\":\"BreadcrumbList\",\"@id\":\"https:\/\/www.ivanabeaumond.com.br\/vestidos-noiva\/para-sempre-fabi-e-dan\/#breadcrumb\",\"itemListElement\":[{\"@type\":\"ListItem\",\"position\":1,\"name\":\"In\u00edcio\",\"item\":\"https:\/\/www.ivanabeaumond.com.br\/vestidos-noiva\/\"},{\"@type\":\"ListItem\",\"position\":2,\"name\":\"Para Sempre&#8230; Fabi e Dan\"}]},{\"@type\":\"WebSite\",\"@id\":\"https:\/\/www.ivanabeaumond.com.br\/vestidos-noiva\/#website\",\"url\":\"https:\/\/www.ivanabeaumond.com.br\/vestidos-noiva\/\",\"name\":\"Vestido de Noiva RJ\",\"description\":\"Moda Noiva\",\"publisher\":{\"@id\":\"https:\/\/www.ivanabeaumond.com.br\/vestidos-noiva\/#organization\"},\"potentialAction\":[{\"@type\":\"SearchAction\",\"target\":{\"@type\":\"EntryPoint\",\"urlTemplate\":\"https:\/\/www.ivanabeaumond.com.br\/vestidos-noiva\/?s={search_term_string}\"},\"query-input\":\"required name=search_term_string\"}],\"inLanguage\":\"pt-BR\"},{\"@type\":\"Organization\",\"@id\":\"https:\/\/www.ivanabeaumond.com.br\/vestidos-noiva\/#organization\",\"name\":\"Vestido de Noiva RJ\",\"url\":\"https:\/\/www.ivanabeaumond.com.br\/vestidos-noiva\/\",\"logo\":{\"@type\":\"ImageObject\",\"inLanguage\":\"pt-BR\",\"@id\":\"https:\/\/www.ivanabeaumond.com.br\/vestidos-noiva\/#\/schema\/logo\/image\/\",\"url\":\"https:\/\/www.ivanabeaumond.com.br\/vestidos-noiva\/wp-content\/uploads\/2018\/02\/logo_ivana_beaumond-2.png\",\"contentUrl\":\"https:\/\/www.ivanabeaumond.com.br\/vestidos-noiva\/wp-content\/uploads\/2018\/02\/logo_ivana_beaumond-2.png\",\"width\":230,\"height\":112,\"caption\":\"Vestido de Noiva RJ\"},\"image\":{\"@id\":\"https:\/\/www.ivanabeaumond.com.br\/vestidos-noiva\/#\/schema\/logo\/image\/\"},\"sameAs\":[\"https:\/\/www.facebook.com\/ivana.beaumondnoivas\",\"https:\/\/www.instagram.com\/ivanabeaumond\/\",\"https:\/\/www.tiktok.com\/@ivanabeaumond\"]},{\"@type\":\"Person\",\"@id\":\"https:\/\/www.ivanabeaumond.com.br\/vestidos-noiva\/#\/schema\/person\/1a360c4cffa3b806d29a456389dcff26\",\"name\":\"Ivana Beaumond Paris\",\"image\":{\"@type\":\"ImageObject\",\"inLanguage\":\"pt-BR\",\"@id\":\"https:\/\/www.ivanabeaumond.com.br\/vestidos-noiva\/#\/schema\/person\/image\/\",\"url\":\"https:\/\/secure.gravatar.com\/avatar\/641f98db20b53ec937ceb641db4270b9?s=96&d=mm&r=g\",\"contentUrl\":\"https:\/\/secure.gravatar.com\/avatar\/641f98db20b53ec937ceb641db4270b9?s=96&d=mm&r=g\",\"caption\":\"Ivana Beaumond Paris\"},\"url\":\"https:\/\/www.ivanabeaumond.com.br\/vestidos-noiva\/author\/ivana\/\"}]}<\/script>\n<!-- \/ Yoast SEO plugin. -->","yoast_head_json":{"title":"Para Sempre... Fabi e Dan - Vestido de Noiva RJ","robots":{"index":"index","follow":"follow","max-snippet":"max-snippet:-1","max-image-preview":"max-image-preview:large","max-video-preview":"max-video-preview:-1"},"canonical":"https:\/\/www.ivanabeaumond.com.br\/vestidos-noiva\/para-sempre-fabi-e-dan\/","og_locale":"pt_BR","og_type":"article","og_title":"Para Sempre... Fabi e Dan - Vestido de Noiva RJ","og_description":"A noiva Fabiana celebrou seu grande dia em uma bela...","og_url":"https:\/\/www.ivanabeaumond.com.br\/vestidos-noiva\/para-sempre-fabi-e-dan\/","og_site_name":"Vestido de Noiva RJ","article_publisher":"https:\/\/www.facebook.com\/ivana.beaumondnoivas","article_published_time":"2018-10-02T18:12:02+00:00","article_modified_time":"2020-08-10T20:07:28+00:00","og_image":[{"width":600,"height":400,"url":"https:\/\/www.ivanabeaumond.com.br\/vestidos-noiva\/wp-content\/uploads\/2018\/10\/fotos-fotografo-de-casamento-rj-thiago-stevez-grand-hyatt-coracao-de-maria-palladium_0001-96-e1539031722482.jpg","type":"image\/jpeg"}],"author":"Ivana Beaumond Paris","twitter_card":"summary_large_image","twitter_misc":{"Escrito por":"Ivana Beaumond Paris","Est. tempo de leitura":"2 minutos"},"schema":{"@context":"https:\/\/schema.org","@graph":[{"@type":"Article","@id":"https:\/\/www.ivanabeaumond.com.br\/vestidos-noiva\/para-sempre-fabi-e-dan\/#article","isPartOf":{"@id":"https:\/\/www.ivanabeaumond.com.br\/vestidos-noiva\/para-sempre-fabi-e-dan\/"},"author":{"name":"Ivana Beaumond Paris","@id":"https:\/\/www.ivanabeaumond.com.br\/vestidos-noiva\/#\/schema\/person\/1a360c4cffa3b806d29a456389dcff26"},"headline":"Para Sempre&#8230; Fabi e Dan","datePublished":"2018-10-02T18:12:02+00:00","dateModified":"2020-08-10T20:07:28+00:00","mainEntityOfPage":{"@id":"https:\/\/www.ivanabeaumond.com.br\/vestidos-noiva\/para-sempre-fabi-e-dan\/"},"wordCount":449,"publisher":{"@id":"https:\/\/www.ivanabeaumond.com.br\/vestidos-noiva\/#organization"},"keywords":["alian\u00e7as","atelierivanabeaumond","casamento cat\u00f3lico","casamento na igreja","casamentoblindado","casamentochegando","casamentorj","CasamentosRJ","errejota","ivana beaumond paris","marcandocasamento","meucasamento","modabridal","modanoiva","noiva cl\u00e1ssica","noivas","noivascariocas","noivasrj","noivinha","noivos","palladium","querocasar","voucasar2019"],"articleSection":["Blog","Nossas Noivas"],"inLanguage":"pt-BR"},{"@type":"WebPage","@id":"https:\/\/www.ivanabeaumond.com.br\/vestidos-noiva\/para-sempre-fabi-e-dan\/","url":"https:\/\/www.ivanabeaumond.com.br\/vestidos-noiva\/para-sempre-fabi-e-dan\/","name":"Para Sempre... Fabi e Dan - Vestido de Noiva RJ","isPartOf":{"@id":"https:\/\/www.ivanabeaumond.com.br\/vestidos-noiva\/#website"},"datePublished":"2018-10-02T18:12:02+00:00","dateModified":"2020-08-10T20:07:28+00:00","breadcrumb":{"@id":"https:\/\/www.ivanabeaumond.com.br\/vestidos-noiva\/para-sempre-fabi-e-dan\/#breadcrumb"},"inLanguage":"pt-BR","potentialAction":[{"@type":"ReadAction","target":["https:\/\/www.ivanabeaumond.com.br\/vestidos-noiva\/para-sempre-fabi-e-dan\/"]}]},{"@type":"BreadcrumbList","@id":"https:\/\/www.ivanabeaumond.com.br\/vestidos-noiva\/para-sempre-fabi-e-dan\/#breadcrumb","itemListElement":[{"@type":"ListItem","position":1,"name":"In\u00edcio","item":"https:\/\/www.ivanabeaumond.com.br\/vestidos-noiva\/"},{"@type":"ListItem","position":2,"name":"Para Sempre&#8230; Fabi e Dan"}]},{"@type":"WebSite","@id":"https:\/\/www.ivanabeaumond.com.br\/vestidos-noiva\/#website","url":"https:\/\/www.ivanabeaumond.com.br\/vestidos-noiva\/","name":"Vestido de Noiva RJ","description":"Moda Noiva","publisher":{"@id":"https:\/\/www.ivanabeaumond.com.br\/vestidos-noiva\/#organization"},"potentialAction":[{"@type":"SearchAction","target":{"@type":"EntryPoint","urlTemplate":"https:\/\/www.ivanabeaumond.com.br\/vestidos-noiva\/?s={search_term_string}"},"query-input":"required name=search_term_string"}],"inLanguage":"pt-BR"},{"@type":"Organization","@id":"https:\/\/www.ivanabeaumond.com.br\/vestidos-noiva\/#organization","name":"Vestido de Noiva RJ","url":"https:\/\/www.ivanabeaumond.com.br\/vestidos-noiva\/","logo":{"@type":"ImageObject","inLanguage":"pt-BR","@id":"https:\/\/www.ivanabeaumond.com.br\/vestidos-noiva\/#\/schema\/logo\/image\/","url":"https:\/\/www.ivanabeaumond.com.br\/vestidos-noiva\/wp-content\/uploads\/2018\/02\/logo_ivana_beaumond-2.png","contentUrl":"https:\/\/www.ivanabeaumond.com.br\/vestidos-noiva\/wp-content\/uploads\/2018\/02\/logo_ivana_beaumond-2.png","width":230,"height":112,"caption":"Vestido de Noiva RJ"},"image":{"@id":"https:\/\/www.ivanabeaumond.com.br\/vestidos-noiva\/#\/schema\/logo\/image\/"},"sameAs":["https:\/\/www.facebook.com\/ivana.beaumondnoivas","https:\/\/www.instagram.com\/ivanabeaumond\/","https:\/\/www.tiktok.com\/@ivanabeaumond"]},{"@type":"Person","@id":"https:\/\/www.ivanabeaumond.com.br\/vestidos-noiva\/#\/schema\/person\/1a360c4cffa3b806d29a456389dcff26","name":"Ivana Beaumond Paris","image":{"@type":"ImageObject","inLanguage":"pt-BR","@id":"https:\/\/www.ivanabeaumond.com.br\/vestidos-noiva\/#\/schema\/person\/image\/","url":"https:\/\/secure.gravatar.com\/avatar\/641f98db20b53ec937ceb641db4270b9?s=96&d=mm&r=g","contentUrl":"https:\/\/secure.gravatar.com\/avatar\/641f98db20b53ec937ceb641db4270b9?s=96&d=mm&r=g","caption":"Ivana Beaumond Paris"},"url":"https:\/\/www.ivanabeaumond.com.br\/vestidos-noiva\/author\/ivana\/"}]}},"_links":{"self":[{"href":"https:\/\/www.ivanabeaumond.com.br\/vestidos-noiva\/wp-json\/wp\/v2\/posts\/15942"}],"collection":[{"href":"https:\/\/www.ivanabeaumond.com.br\/vestidos-noiva\/wp-json\/wp\/v2\/posts"}],"about":[{"href":"https:\/\/www.ivanabeaumond.com.br\/vestidos-noiva\/wp-json\/wp\/v2\/types\/post"}],"author":[{"embeddable":true,"href":"https:\/\/www.ivanabeaumond.com.br\/vestidos-noiva\/wp-json\/wp\/v2\/users\/4"}],"replies":[{"embeddable":true,"href":"https:\/\/www.ivanabeaumond.com.br\/vestidos-noiva\/wp-json\/wp\/v2\/comments?post=15942"}],"version-history":[{"count":35,"href":"https:\/\/www.ivanabeaumond.com.br\/vestidos-noiva\/wp-json\/wp\/v2\/posts\/15942\/revisions"}],"predecessor-version":[{"id":25675,"href":"https:\/\/www.ivanabeaumond.com.br\/vestidos-noiva\/wp-json\/wp\/v2\/posts\/15942\/revisions\/25675"}],"wp:featuredmedia":[{"embeddable":true,"href":"https:\/\/www.ivanabeaumond.com.br\/vestidos-noiva\/wp-json\/wp\/v2\/media\/15945"}],"wp:attachment":[{"href":"https:\/\/www.ivanabeaumond.com.br\/vestidos-noiva\/wp-json\/wp\/v2\/media?parent=15942"}],"wp:term":[{"taxonomy":"category","embeddable":true,"href":"https:\/\/www.ivanabeaumond.com.br\/vestidos-noiva\/wp-json\/wp\/v2\/categories?post=15942"},{"taxonomy":"post_tag","embeddable":true,"href":"https:\/\/www.ivanabeaumond.com.br\/vestidos-noiva\/wp-json\/wp\/v2\/tags?post=15942"}],"curies":[{"name":"wp","href":"https:\/\/api.w.org\/{rel}","templated":true}]}}