{"id":16147,"date":"2018-10-17T18:05:29","date_gmt":"2018-10-17T21:05:29","guid":{"rendered":"http:\/\/www.ivanabeaumond.com.br\/vestidos-noiva\/?p=16147"},"modified":"2018-10-22T16:46:44","modified_gmt":"2018-10-22T19:46:44","slug":"apresentadora-livia-nepomuceno-veste-ivana-beaumond-para-seu-casamento","status":"publish","type":"post","link":"https:\/\/www.ivanabeaumond.com.br\/vestidos-noiva\/apresentadora-livia-nepomuceno-veste-ivana-beaumond-para-seu-casamento\/","title":{"rendered":"Apresentadora dos canais FOX SPORTS, L\u00edvia Nepomuceno veste Ivana Beaumond para seu Casamento"},"content":{"rendered":"<h4 style=\"text-align: justify;\"><span style=\"color: #999999;\">A apresentadora dos canais FOX SPORTS, L\u00edvia Nepomuceno, subiu ao altar essa semana usando um modelo by ATELIER IVANA BEAUMOND Paris. A jornalista optou por uma cerim\u00f4nia \u00e0 luz do dia, e estava bel\u00edssima em um vestido de princesa vintage.<\/span><\/h4>\n<p>&nbsp;<\/p>\n<p>&nbsp;<\/p>\n<p><img decoding=\"async\" loading=\"lazy\" class=\"aligncenter size-large wp-image-16149\" src=\"http:\/\/www.ivanabeaumond.com.br\/vestidos-noiva\/wp-content\/uploads\/2018\/10\/livia-nepomuceno-casamento-ivana-beaumond-atelier-paris-fox-682x1024.jpg\" alt=\"livia-nepomuceno-casamento-ivana-beaumond-atelier-paris-fox\" width=\"682\" height=\"1024\" srcset=\"https:\/\/www.ivanabeaumond.com.br\/vestidos-noiva\/wp-content\/uploads\/2018\/10\/livia-nepomuceno-casamento-ivana-beaumond-atelier-paris-fox-682x1024.jpg 682w, https:\/\/www.ivanabeaumond.com.br\/vestidos-noiva\/wp-content\/uploads\/2018\/10\/livia-nepomuceno-casamento-ivana-beaumond-atelier-paris-fox-200x300.jpg 200w, https:\/\/www.ivanabeaumond.com.br\/vestidos-noiva\/wp-content\/uploads\/2018\/10\/livia-nepomuceno-casamento-ivana-beaumond-atelier-paris-fox.jpg 853w\" sizes=\"(max-width: 682px) 100vw, 682px\" \/><\/p>\n<p>&nbsp;<\/p>\n<p>&nbsp;<\/p>\n<h4 style=\"text-align: justify;\"><span style=\"color: #999999;\">L\u00edvia vestiu um modelo minimalista de chiffon de seda com decote em V drapeado e aplica\u00e7\u00f5es de pedras na cintura e nas al\u00e7as, com uma saia em\u00a0camadas a la Marilyn Monroe. Maravilhosa!<\/span><\/h4>\n<h4 style=\"text-align: justify;\"><span style=\"color: #999999;\">Um imenso parab\u00e9ns \u00e0 L\u00edvia e um grande obrigado por ter nos escolhido para vesti-la nesse dia t\u00e3o importante!<\/span><\/h4>\n<p>&nbsp;<\/p>\n<p>&nbsp;<\/p>\n<p><img decoding=\"async\" loading=\"lazy\" class=\"aligncenter size-large wp-image-16150\" src=\"http:\/\/www.ivanabeaumond.com.br\/vestidos-noiva\/wp-content\/uploads\/2018\/10\/livia-nepomuceno-casamento-ivana-beaumond-atelier-paris-foxsports-682x1024.jpg\" alt=\"livia-nepomuceno-casamento-ivana-beaumond-atelier-paris-foxsports\" width=\"682\" height=\"1024\" srcset=\"https:\/\/www.ivanabeaumond.com.br\/vestidos-noiva\/wp-content\/uploads\/2018\/10\/livia-nepomuceno-casamento-ivana-beaumond-atelier-paris-foxsports-682x1024.jpg 682w, https:\/\/www.ivanabeaumond.com.br\/vestidos-noiva\/wp-content\/uploads\/2018\/10\/livia-nepomuceno-casamento-ivana-beaumond-atelier-paris-foxsports-200x300.jpg 200w, https:\/\/www.ivanabeaumond.com.br\/vestidos-noiva\/wp-content\/uploads\/2018\/10\/livia-nepomuceno-casamento-ivana-beaumond-atelier-paris-foxsports.jpg 853w\" sizes=\"(max-width: 682px) 100vw, 682px\" \/><\/p>\n<p>&nbsp;<\/p>\n<h4 style=\"text-align: justify;\"><\/h4>\n<p>&nbsp;<\/p>\n<h4 style=\"text-align: justify;\"><span style=\"color: #999999;\">A fotos s\u00e3o do arquivo pessoal da apresentadora. Voc\u00ea pode seguir L\u00edvia Nepomuceno em seu\u00a0<a href=\"https:\/\/www.instagram.com\/livianepomuceno\/?hl=pt-br\" target=\"_blank\">instagram oficial<\/a>.<\/span><\/h4>\n<p>&nbsp;<\/p>\n<h4 style=\"text-align: justify;\"><\/h4>\n<h4 style=\"text-align: justify;\"><img decoding=\"async\" loading=\"lazy\" class=\"aligncenter size-large wp-image-16148\" src=\"http:\/\/www.ivanabeaumond.com.br\/vestidos-noiva\/wp-content\/uploads\/2018\/10\/livia-nepomuceno-casamento-ivana-beaumond-atelier-paris-768x1024.jpg\" alt=\"livia-nepomuceno-casamento-ivana-beaumond-atelier-paris\" width=\"768\" height=\"1024\" srcset=\"https:\/\/www.ivanabeaumond.com.br\/vestidos-noiva\/wp-content\/uploads\/2018\/10\/livia-nepomuceno-casamento-ivana-beaumond-atelier-paris-768x1024.jpg 768w, https:\/\/www.ivanabeaumond.com.br\/vestidos-noiva\/wp-content\/uploads\/2018\/10\/livia-nepomuceno-casamento-ivana-beaumond-atelier-paris-225x300.jpg 225w, https:\/\/www.ivanabeaumond.com.br\/vestidos-noiva\/wp-content\/uploads\/2018\/10\/livia-nepomuceno-casamento-ivana-beaumond-atelier-paris.jpg 960w\" sizes=\"(max-width: 768px) 100vw, 768px\" \/><\/h4>\n<h4 style=\"text-align: justify;\"><\/h4>\n<h4 style=\"text-align: justify;\"><\/h4>\n<h4 style=\"text-align: justify;\"><\/h4>\n<h4 style=\"text-align: justify;\"><\/h4>\n<h4 style=\"text-align: justify;\"><span style=\"color: #999999;\">Gostou? Siga nosso instagram\u00a0<span style=\"color: #000000;\"><a style=\"color: #000000;\" href=\"https:\/\/www.instagram.com\/ivanabeaumond\/\">@ivanabeaumond<\/a><\/span>\u00a0e curta nossa fanpage\u00a0<span style=\"color: #000000;\"><a style=\"color: #000000;\" href=\"https:\/\/www.facebook.com\/IvanaBeaumond\/\">Ivana Beaumond<\/a><\/span>\u00a0e fique por dentro de tudo o que rola no mundo das noivas e conhe\u00e7a nossos Melhores Modelos de Vestidos de Noivas Nacionais, Importados e Sob Medida.<\/span><\/h4>\n","protected":false},"excerpt":{"rendered":"<p>A apresentadora dos canais FOX SPORTS, L\u00edvia Nepomuceno, subiu ao&#8230;<\/p>\n","protected":false},"author":4,"featured_media":16201,"comment_status":"closed","ping_status":"closed","sticky":false,"template":"","format":"standard","meta":[],"categories":[60,128],"tags":[144,336,204,215,133,340,341,161,113,195,177,334,344,332,347,345,338,333,342,339,258,337,335,346,115,150,343,267,210],"yoast_head":"<!-- This site is optimized with the Yoast SEO plugin v20.3 - https:\/\/yoast.com\/wordpress\/plugins\/seo\/ -->\n<title>Apresentadora dos canais FOX SPORTS, L\u00edvia Nepomuceno veste Ivana Beaumond para seu Casamento - Vestido de Noiva RJ<\/title>\n<meta name=\"robots\" content=\"index, follow, max-snippet:-1, max-image-preview:large, max-video-preview:-1\" \/>\n<link rel=\"canonical\" href=\"https:\/\/www.ivanabeaumond.com.br\/vestidos-noiva\/apresentadora-livia-nepomuceno-veste-ivana-beaumond-para-seu-casamento\/\" \/>\n<meta property=\"og:locale\" content=\"pt_BR\" \/>\n<meta property=\"og:type\" content=\"article\" \/>\n<meta property=\"og:title\" content=\"Apresentadora dos canais FOX SPORTS, L\u00edvia Nepomuceno veste Ivana Beaumond para seu Casamento - Vestido de Noiva RJ\" \/>\n<meta property=\"og:description\" content=\"A apresentadora dos canais FOX SPORTS, L\u00edvia Nepomuceno, subiu ao...\" \/>\n<meta property=\"og:url\" content=\"https:\/\/www.ivanabeaumond.com.br\/vestidos-noiva\/apresentadora-livia-nepomuceno-veste-ivana-beaumond-para-seu-casamento\/\" \/>\n<meta property=\"og:site_name\" content=\"Vestido de Noiva RJ\" \/>\n<meta property=\"article:publisher\" content=\"https:\/\/www.facebook.com\/ivana.beaumondnoivas\" \/>\n<meta property=\"article:published_time\" content=\"2018-10-17T21:05:29+00:00\" \/>\n<meta property=\"article:modified_time\" content=\"2018-10-22T19:46:44+00:00\" \/>\n<meta property=\"og:image\" content=\"https:\/\/www.ivanabeaumond.com.br\/vestidos-noiva\/wp-content\/uploads\/2018\/10\/imagem-destaque-livia-nepomuceno-vestido-ivana-beaumond.jpg\" \/>\n\t<meta property=\"og:image:width\" content=\"850\" \/>\n\t<meta property=\"og:image:height\" content=\"882\" \/>\n\t<meta property=\"og:image:type\" content=\"image\/jpeg\" \/>\n<meta name=\"author\" content=\"Ivana Beaumond Paris\" \/>\n<meta name=\"twitter:card\" content=\"summary_large_image\" \/>\n<meta name=\"twitter:label1\" content=\"Escrito por\" \/>\n\t<meta name=\"twitter:data1\" content=\"Ivana Beaumond Paris\" \/>\n\t<meta name=\"twitter:label2\" content=\"Est. tempo de leitura\" \/>\n\t<meta name=\"twitter:data2\" content=\"1 minuto\" \/>\n<script type=\"application\/ld+json\" class=\"yoast-schema-graph\">{\"@context\":\"https:\/\/schema.org\",\"@graph\":[{\"@type\":\"Article\",\"@id\":\"https:\/\/www.ivanabeaumond.com.br\/vestidos-noiva\/apresentadora-livia-nepomuceno-veste-ivana-beaumond-para-seu-casamento\/#article\",\"isPartOf\":{\"@id\":\"https:\/\/www.ivanabeaumond.com.br\/vestidos-noiva\/apresentadora-livia-nepomuceno-veste-ivana-beaumond-para-seu-casamento\/\"},\"author\":{\"name\":\"Ivana Beaumond Paris\",\"@id\":\"https:\/\/www.ivanabeaumond.com.br\/vestidos-noiva\/#\/schema\/person\/1a360c4cffa3b806d29a456389dcff26\"},\"headline\":\"Apresentadora dos canais FOX SPORTS, L\u00edvia Nepomuceno veste Ivana Beaumond para seu Casamento\",\"datePublished\":\"2018-10-17T21:05:29+00:00\",\"dateModified\":\"2018-10-22T19:46:44+00:00\",\"mainEntityOfPage\":{\"@id\":\"https:\/\/www.ivanabeaumond.com.br\/vestidos-noiva\/apresentadora-livia-nepomuceno-veste-ivana-beaumond-para-seu-casamento\/\"},\"wordCount\":180,\"publisher\":{\"@id\":\"https:\/\/www.ivanabeaumond.com.br\/vestidos-noiva\/#organization\"},\"keywords\":[\"aluguel de vestido\",\"apresentadora\",\"atelieraltacostura\",\"Atelierdenoiva\",\"atelierivanabeaumond\",\"Bom Dia Fox\",\"bomdiafox\",\"casamento blindado\",\"casamento criativo\",\"CasamentosRJ\",\"celebridades\",\"esporte\",\"fox sports brasil\",\"foxsports\",\"futebol\",\"libertadores\",\"L\u00edvia Nepomuceno\",\"l\u00edvianepomuceno\",\"marilyn monroe\",\"Neymar Jr\",\"noivinha\",\"reporter\",\"sportv\",\"tbt\",\"vestido de noiva\",\"vestido de princesa\",\"vintage\",\"voucasar2019\",\"weddingdress\"],\"articleSection\":[\"Blog\",\"Na M\u00eddia\"],\"inLanguage\":\"pt-BR\"},{\"@type\":\"WebPage\",\"@id\":\"https:\/\/www.ivanabeaumond.com.br\/vestidos-noiva\/apresentadora-livia-nepomuceno-veste-ivana-beaumond-para-seu-casamento\/\",\"url\":\"https:\/\/www.ivanabeaumond.com.br\/vestidos-noiva\/apresentadora-livia-nepomuceno-veste-ivana-beaumond-para-seu-casamento\/\",\"name\":\"Apresentadora dos canais FOX SPORTS, L\u00edvia Nepomuceno veste Ivana Beaumond para seu Casamento - Vestido de Noiva RJ\",\"isPartOf\":{\"@id\":\"https:\/\/www.ivanabeaumond.com.br\/vestidos-noiva\/#website\"},\"datePublished\":\"2018-10-17T21:05:29+00:00\",\"dateModified\":\"2018-10-22T19:46:44+00:00\",\"breadcrumb\":{\"@id\":\"https:\/\/www.ivanabeaumond.com.br\/vestidos-noiva\/apresentadora-livia-nepomuceno-veste-ivana-beaumond-para-seu-casamento\/#breadcrumb\"},\"inLanguage\":\"pt-BR\",\"potentialAction\":[{\"@type\":\"ReadAction\",\"target\":[\"https:\/\/www.ivanabeaumond.com.br\/vestidos-noiva\/apresentadora-livia-nepomuceno-veste-ivana-beaumond-para-seu-casamento\/\"]}]},{\"@type\":\"BreadcrumbList\",\"@id\":\"https:\/\/www.ivanabeaumond.com.br\/vestidos-noiva\/apresentadora-livia-nepomuceno-veste-ivana-beaumond-para-seu-casamento\/#breadcrumb\",\"itemListElement\":[{\"@type\":\"ListItem\",\"position\":1,\"name\":\"In\u00edcio\",\"item\":\"https:\/\/www.ivanabeaumond.com.br\/vestidos-noiva\/\"},{\"@type\":\"ListItem\",\"position\":2,\"name\":\"Apresentadora dos canais FOX SPORTS, L\u00edvia Nepomuceno veste Ivana Beaumond para seu Casamento\"}]},{\"@type\":\"WebSite\",\"@id\":\"https:\/\/www.ivanabeaumond.com.br\/vestidos-noiva\/#website\",\"url\":\"https:\/\/www.ivanabeaumond.com.br\/vestidos-noiva\/\",\"name\":\"Vestido de Noiva RJ\",\"description\":\"Moda Noiva\",\"publisher\":{\"@id\":\"https:\/\/www.ivanabeaumond.com.br\/vestidos-noiva\/#organization\"},\"potentialAction\":[{\"@type\":\"SearchAction\",\"target\":{\"@type\":\"EntryPoint\",\"urlTemplate\":\"https:\/\/www.ivanabeaumond.com.br\/vestidos-noiva\/?s={search_term_string}\"},\"query-input\":\"required name=search_term_string\"}],\"inLanguage\":\"pt-BR\"},{\"@type\":\"Organization\",\"@id\":\"https:\/\/www.ivanabeaumond.com.br\/vestidos-noiva\/#organization\",\"name\":\"Vestido de Noiva RJ\",\"url\":\"https:\/\/www.ivanabeaumond.com.br\/vestidos-noiva\/\",\"logo\":{\"@type\":\"ImageObject\",\"inLanguage\":\"pt-BR\",\"@id\":\"https:\/\/www.ivanabeaumond.com.br\/vestidos-noiva\/#\/schema\/logo\/image\/\",\"url\":\"https:\/\/www.ivanabeaumond.com.br\/vestidos-noiva\/wp-content\/uploads\/2018\/02\/logo_ivana_beaumond-2.png\",\"contentUrl\":\"https:\/\/www.ivanabeaumond.com.br\/vestidos-noiva\/wp-content\/uploads\/2018\/02\/logo_ivana_beaumond-2.png\",\"width\":230,\"height\":112,\"caption\":\"Vestido de Noiva RJ\"},\"image\":{\"@id\":\"https:\/\/www.ivanabeaumond.com.br\/vestidos-noiva\/#\/schema\/logo\/image\/\"},\"sameAs\":[\"https:\/\/www.facebook.com\/ivana.beaumondnoivas\",\"https:\/\/www.instagram.com\/ivanabeaumond\/\",\"https:\/\/www.tiktok.com\/@ivanabeaumond\"]},{\"@type\":\"Person\",\"@id\":\"https:\/\/www.ivanabeaumond.com.br\/vestidos-noiva\/#\/schema\/person\/1a360c4cffa3b806d29a456389dcff26\",\"name\":\"Ivana Beaumond Paris\",\"image\":{\"@type\":\"ImageObject\",\"inLanguage\":\"pt-BR\",\"@id\":\"https:\/\/www.ivanabeaumond.com.br\/vestidos-noiva\/#\/schema\/person\/image\/\",\"url\":\"https:\/\/secure.gravatar.com\/avatar\/641f98db20b53ec937ceb641db4270b9?s=96&d=mm&r=g\",\"contentUrl\":\"https:\/\/secure.gravatar.com\/avatar\/641f98db20b53ec937ceb641db4270b9?s=96&d=mm&r=g\",\"caption\":\"Ivana Beaumond Paris\"},\"url\":\"https:\/\/www.ivanabeaumond.com.br\/vestidos-noiva\/author\/ivana\/\"}]}<\/script>\n<!-- \/ Yoast SEO plugin. -->","yoast_head_json":{"title":"Apresentadora dos canais FOX SPORTS, L\u00edvia Nepomuceno veste Ivana Beaumond para seu Casamento - Vestido de Noiva RJ","robots":{"index":"index","follow":"follow","max-snippet":"max-snippet:-1","max-image-preview":"max-image-preview:large","max-video-preview":"max-video-preview:-1"},"canonical":"https:\/\/www.ivanabeaumond.com.br\/vestidos-noiva\/apresentadora-livia-nepomuceno-veste-ivana-beaumond-para-seu-casamento\/","og_locale":"pt_BR","og_type":"article","og_title":"Apresentadora dos canais FOX SPORTS, L\u00edvia Nepomuceno veste Ivana Beaumond para seu Casamento - Vestido de Noiva RJ","og_description":"A apresentadora dos canais FOX SPORTS, L\u00edvia Nepomuceno, subiu ao...","og_url":"https:\/\/www.ivanabeaumond.com.br\/vestidos-noiva\/apresentadora-livia-nepomuceno-veste-ivana-beaumond-para-seu-casamento\/","og_site_name":"Vestido de Noiva RJ","article_publisher":"https:\/\/www.facebook.com\/ivana.beaumondnoivas","article_published_time":"2018-10-17T21:05:29+00:00","article_modified_time":"2018-10-22T19:46:44+00:00","og_image":[{"width":850,"height":882,"url":"https:\/\/www.ivanabeaumond.com.br\/vestidos-noiva\/wp-content\/uploads\/2018\/10\/imagem-destaque-livia-nepomuceno-vestido-ivana-beaumond.jpg","type":"image\/jpeg"}],"author":"Ivana Beaumond Paris","twitter_card":"summary_large_image","twitter_misc":{"Escrito por":"Ivana Beaumond Paris","Est. tempo de leitura":"1 minuto"},"schema":{"@context":"https:\/\/schema.org","@graph":[{"@type":"Article","@id":"https:\/\/www.ivanabeaumond.com.br\/vestidos-noiva\/apresentadora-livia-nepomuceno-veste-ivana-beaumond-para-seu-casamento\/#article","isPartOf":{"@id":"https:\/\/www.ivanabeaumond.com.br\/vestidos-noiva\/apresentadora-livia-nepomuceno-veste-ivana-beaumond-para-seu-casamento\/"},"author":{"name":"Ivana Beaumond Paris","@id":"https:\/\/www.ivanabeaumond.com.br\/vestidos-noiva\/#\/schema\/person\/1a360c4cffa3b806d29a456389dcff26"},"headline":"Apresentadora dos canais FOX SPORTS, L\u00edvia Nepomuceno veste Ivana Beaumond para seu Casamento","datePublished":"2018-10-17T21:05:29+00:00","dateModified":"2018-10-22T19:46:44+00:00","mainEntityOfPage":{"@id":"https:\/\/www.ivanabeaumond.com.br\/vestidos-noiva\/apresentadora-livia-nepomuceno-veste-ivana-beaumond-para-seu-casamento\/"},"wordCount":180,"publisher":{"@id":"https:\/\/www.ivanabeaumond.com.br\/vestidos-noiva\/#organization"},"keywords":["aluguel de vestido","apresentadora","atelieraltacostura","Atelierdenoiva","atelierivanabeaumond","Bom Dia Fox","bomdiafox","casamento blindado","casamento criativo","CasamentosRJ","celebridades","esporte","fox sports brasil","foxsports","futebol","libertadores","L\u00edvia Nepomuceno","l\u00edvianepomuceno","marilyn monroe","Neymar Jr","noivinha","reporter","sportv","tbt","vestido de noiva","vestido de princesa","vintage","voucasar2019","weddingdress"],"articleSection":["Blog","Na M\u00eddia"],"inLanguage":"pt-BR"},{"@type":"WebPage","@id":"https:\/\/www.ivanabeaumond.com.br\/vestidos-noiva\/apresentadora-livia-nepomuceno-veste-ivana-beaumond-para-seu-casamento\/","url":"https:\/\/www.ivanabeaumond.com.br\/vestidos-noiva\/apresentadora-livia-nepomuceno-veste-ivana-beaumond-para-seu-casamento\/","name":"Apresentadora dos canais FOX SPORTS, L\u00edvia Nepomuceno veste Ivana Beaumond para seu Casamento - Vestido de Noiva RJ","isPartOf":{"@id":"https:\/\/www.ivanabeaumond.com.br\/vestidos-noiva\/#website"},"datePublished":"2018-10-17T21:05:29+00:00","dateModified":"2018-10-22T19:46:44+00:00","breadcrumb":{"@id":"https:\/\/www.ivanabeaumond.com.br\/vestidos-noiva\/apresentadora-livia-nepomuceno-veste-ivana-beaumond-para-seu-casamento\/#breadcrumb"},"inLanguage":"pt-BR","potentialAction":[{"@type":"ReadAction","target":["https:\/\/www.ivanabeaumond.com.br\/vestidos-noiva\/apresentadora-livia-nepomuceno-veste-ivana-beaumond-para-seu-casamento\/"]}]},{"@type":"BreadcrumbList","@id":"https:\/\/www.ivanabeaumond.com.br\/vestidos-noiva\/apresentadora-livia-nepomuceno-veste-ivana-beaumond-para-seu-casamento\/#breadcrumb","itemListElement":[{"@type":"ListItem","position":1,"name":"In\u00edcio","item":"https:\/\/www.ivanabeaumond.com.br\/vestidos-noiva\/"},{"@type":"ListItem","position":2,"name":"Apresentadora dos canais FOX SPORTS, L\u00edvia Nepomuceno veste Ivana Beaumond para seu Casamento"}]},{"@type":"WebSite","@id":"https:\/\/www.ivanabeaumond.com.br\/vestidos-noiva\/#website","url":"https:\/\/www.ivanabeaumond.com.br\/vestidos-noiva\/","name":"Vestido de Noiva RJ","description":"Moda Noiva","publisher":{"@id":"https:\/\/www.ivanabeaumond.com.br\/vestidos-noiva\/#organization"},"potentialAction":[{"@type":"SearchAction","target":{"@type":"EntryPoint","urlTemplate":"https:\/\/www.ivanabeaumond.com.br\/vestidos-noiva\/?s={search_term_string}"},"query-input":"required name=search_term_string"}],"inLanguage":"pt-BR"},{"@type":"Organization","@id":"https:\/\/www.ivanabeaumond.com.br\/vestidos-noiva\/#organization","name":"Vestido de Noiva RJ","url":"https:\/\/www.ivanabeaumond.com.br\/vestidos-noiva\/","logo":{"@type":"ImageObject","inLanguage":"pt-BR","@id":"https:\/\/www.ivanabeaumond.com.br\/vestidos-noiva\/#\/schema\/logo\/image\/","url":"https:\/\/www.ivanabeaumond.com.br\/vestidos-noiva\/wp-content\/uploads\/2018\/02\/logo_ivana_beaumond-2.png","contentUrl":"https:\/\/www.ivanabeaumond.com.br\/vestidos-noiva\/wp-content\/uploads\/2018\/02\/logo_ivana_beaumond-2.png","width":230,"height":112,"caption":"Vestido de Noiva RJ"},"image":{"@id":"https:\/\/www.ivanabeaumond.com.br\/vestidos-noiva\/#\/schema\/logo\/image\/"},"sameAs":["https:\/\/www.facebook.com\/ivana.beaumondnoivas","https:\/\/www.instagram.com\/ivanabeaumond\/","https:\/\/www.tiktok.com\/@ivanabeaumond"]},{"@type":"Person","@id":"https:\/\/www.ivanabeaumond.com.br\/vestidos-noiva\/#\/schema\/person\/1a360c4cffa3b806d29a456389dcff26","name":"Ivana Beaumond Paris","image":{"@type":"ImageObject","inLanguage":"pt-BR","@id":"https:\/\/www.ivanabeaumond.com.br\/vestidos-noiva\/#\/schema\/person\/image\/","url":"https:\/\/secure.gravatar.com\/avatar\/641f98db20b53ec937ceb641db4270b9?s=96&d=mm&r=g","contentUrl":"https:\/\/secure.gravatar.com\/avatar\/641f98db20b53ec937ceb641db4270b9?s=96&d=mm&r=g","caption":"Ivana Beaumond Paris"},"url":"https:\/\/www.ivanabeaumond.com.br\/vestidos-noiva\/author\/ivana\/"}]}},"_links":{"self":[{"href":"https:\/\/www.ivanabeaumond.com.br\/vestidos-noiva\/wp-json\/wp\/v2\/posts\/16147"}],"collection":[{"href":"https:\/\/www.ivanabeaumond.com.br\/vestidos-noiva\/wp-json\/wp\/v2\/posts"}],"about":[{"href":"https:\/\/www.ivanabeaumond.com.br\/vestidos-noiva\/wp-json\/wp\/v2\/types\/post"}],"author":[{"embeddable":true,"href":"https:\/\/www.ivanabeaumond.com.br\/vestidos-noiva\/wp-json\/wp\/v2\/users\/4"}],"replies":[{"embeddable":true,"href":"https:\/\/www.ivanabeaumond.com.br\/vestidos-noiva\/wp-json\/wp\/v2\/comments?post=16147"}],"version-history":[{"count":10,"href":"https:\/\/www.ivanabeaumond.com.br\/vestidos-noiva\/wp-json\/wp\/v2\/posts\/16147\/revisions"}],"predecessor-version":[{"id":16158,"href":"https:\/\/www.ivanabeaumond.com.br\/vestidos-noiva\/wp-json\/wp\/v2\/posts\/16147\/revisions\/16158"}],"wp:featuredmedia":[{"embeddable":true,"href":"https:\/\/www.ivanabeaumond.com.br\/vestidos-noiva\/wp-json\/wp\/v2\/media\/16201"}],"wp:attachment":[{"href":"https:\/\/www.ivanabeaumond.com.br\/vestidos-noiva\/wp-json\/wp\/v2\/media?parent=16147"}],"wp:term":[{"taxonomy":"category","embeddable":true,"href":"https:\/\/www.ivanabeaumond.com.br\/vestidos-noiva\/wp-json\/wp\/v2\/categories?post=16147"},{"taxonomy":"post_tag","embeddable":true,"href":"https:\/\/www.ivanabeaumond.com.br\/vestidos-noiva\/wp-json\/wp\/v2\/tags?post=16147"}],"curies":[{"name":"wp","href":"https:\/\/api.w.org\/{rel}","templated":true}]}}