{"id":16308,"date":"2018-10-31T19:29:01","date_gmt":"2018-10-31T22:29:01","guid":{"rendered":"http:\/\/www.ivanabeaumond.com.br\/vestidos-noiva\/?p=16308"},"modified":"2018-11-19T16:15:39","modified_gmt":"2018-11-19T18:15:39","slug":"inspiracao-halloween","status":"publish","type":"post","link":"https:\/\/www.ivanabeaumond.com.br\/vestidos-noiva\/inspiracao-halloween\/","title":{"rendered":"Inspira\u00e7\u00e3o: Halloween"},"content":{"rendered":"<h4 style=\"text-align: justify;\"><\/h4>\n<h4 style=\"text-align: justify;\"><\/h4>\n<h4 style=\"text-align: justify;\"><span style=\"color: #999999;\">Voc\u00ea sabia que o <em>Halloween<\/em> \u00e9 uma festa de origem celta, e foi difundido pelo mundo atrav\u00e9s do cinema americano? E que o termo <em>Halloween<\/em> surgiu de \u201cAll Hallows\u2019s Eve\u201d (V\u00e9spera de Todos os Santos), pois ele \u00e9 comemorado um dia antes do dia 1 de novembro \u2013 feriado de Dia dos Mortos?\u00a0 Se voc\u00ea vai completar 15 anos em outubro e quer fazer uma festa tem\u00e1tica de Halloween, pode ir anotando essas refer\u00eancias! Neste post, vamos listar algumas inspira\u00e7\u00f5es bem legais, e mostrar possibilidades diferentes para voc\u00ea criar a sua decora\u00e7\u00e3o.<\/span><\/h4>\n<p>&nbsp;<\/p>\n<p>&nbsp;<\/p>\n<p>&nbsp;<\/p>\n<p>&nbsp;<\/p>\n<h3 style=\"text-align: justify;\"><span style=\"color: #000000;\">1. Fa\u00e7a uma Festa a Fantasia<\/span><\/h3>\n<p>&nbsp;<\/p>\n<p>&nbsp;<\/p>\n<p>&nbsp;<\/p>\n<p><a href=\"http:\/\/www.ivanabeaumond.com.br\/vestidos-noiva\/wp-content\/uploads\/2018\/10\/festa-tema-mil-e-uma-noites-divulga\u00e7\u00e3o-maisa-blog-ivana-beaumond.jpg\"><img decoding=\"async\" loading=\"lazy\" class=\"aligncenter size-full wp-image-16324\" src=\"http:\/\/www.ivanabeaumond.com.br\/vestidos-noiva\/wp-content\/uploads\/2018\/10\/festa-tema-mil-e-uma-noites-divulga\u00e7\u00e3o-maisa-blog-ivana-beaumond.jpg\" alt=\"festa-tema-mil-e-uma-noites-divulga\u00e7\u00e3o-maisa-blog-ivana-beaumond\" width=\"800\" height=\"533\" srcset=\"https:\/\/www.ivanabeaumond.com.br\/vestidos-noiva\/wp-content\/uploads\/2018\/10\/festa-tema-mil-e-uma-noites-divulga\u00e7\u00e3o-maisa-blog-ivana-beaumond.jpg 800w, https:\/\/www.ivanabeaumond.com.br\/vestidos-noiva\/wp-content\/uploads\/2018\/10\/festa-tema-mil-e-uma-noites-divulga\u00e7\u00e3o-maisa-blog-ivana-beaumond-300x200.jpg 300w, https:\/\/www.ivanabeaumond.com.br\/vestidos-noiva\/wp-content\/uploads\/2018\/10\/festa-tema-mil-e-uma-noites-divulga\u00e7\u00e3o-maisa-blog-ivana-beaumond-480x320.jpg 480w\" sizes=\"(max-width: 800px) 100vw, 800px\" \/><\/a><\/p>\n<p>&nbsp;<\/p>\n<h4 style=\"text-align: justify;\"><span style=\"color: #999999;\">Se voc\u00ea \u00e9 uma pessoa tradicional, pode optar pelo Dia das Bruxas cl\u00e1ssico, e fazer uma super festa \u00e0 fantasia. N\u00e3o se preocupe, pois nem sempre o \u00f3bvio n\u00e3o \u00e9 criativo: voc\u00ea pode decidir se as fantasias ser\u00e3o de escolha livre dos convidados, ou pedir para que todos se vistam, por exemplo, dentro do tema <em>Terror no Cinema, <\/em>ou <em>personagens da literatura. <\/em>\u00c9 importante\u00a0que voc\u00ea saiba\u00a0que pode exigir um dresscode como se fosse uma subcategoria de fantasia<em>.<\/em><\/span><\/h4>\n<p>&nbsp;<\/p>\n<p>&nbsp;<\/p>\n<p>&nbsp;<\/p>\n<h3 style=\"text-align: justify;\"><span style=\"color: #000000;\">2. Homenageie seu Bruxo Favorito<\/span><\/h3>\n<h4 style=\"text-align: justify;\"><\/h4>\n<p>&nbsp;<\/p>\n<p>&nbsp;<\/p>\n<h4 style=\"text-align: justify;\"><span style=\"color: #999999;\">Se al\u00e9m de curtir o Halloween voc\u00ea \u00e9 f\u00e3 dos livros da J.K. Rowling, aqui est\u00e1 sua melhor desculpa para fazer uma festa com o tema <em>Harry Potter<\/em>. A saga do bruxinho mais carism\u00e1tico da literatura tem um universo muito rico, e a sua decora\u00e7\u00e3o pode explorar esses diversos cen\u00e1rios.<\/span><\/h4>\n<h4 style=\"text-align: justify;\"><span style=\"color: #999999;\">A debutante Carolina Torres, por exemplo, levou a <em>Escola de Magia e Bruxaria de Hogwarts<\/em> todinha para o Spazio Itanhang\u00e1, com uma decora\u00e7\u00e3o que reproduzia os espa\u00e7os do castelo, como a cantina, as paredes com retratos que se movem, e o sal\u00e3o onde aconteceu o Baile de Inverno.<\/span><\/h4>\n<p>&nbsp;<\/p>\n<p>&nbsp;<\/p>\n<p><img decoding=\"async\" loading=\"lazy\" class=\"aligncenter size-full wp-image-16311\" src=\"http:\/\/www.ivanabeaumond.com.br\/vestidos-noiva\/wp-content\/uploads\/2018\/10\/carolina-torres-festa-harry-potter-vestido-ivana-beaumond1.jpg\" alt=\"carolina-torres-festa-harry-potter-vestido-ivana-beaumond\" width=\"800\" height=\"533\" srcset=\"https:\/\/www.ivanabeaumond.com.br\/vestidos-noiva\/wp-content\/uploads\/2018\/10\/carolina-torres-festa-harry-potter-vestido-ivana-beaumond1.jpg 800w, https:\/\/www.ivanabeaumond.com.br\/vestidos-noiva\/wp-content\/uploads\/2018\/10\/carolina-torres-festa-harry-potter-vestido-ivana-beaumond1-300x200.jpg 300w, https:\/\/www.ivanabeaumond.com.br\/vestidos-noiva\/wp-content\/uploads\/2018\/10\/carolina-torres-festa-harry-potter-vestido-ivana-beaumond1-480x320.jpg 480w\" sizes=\"(max-width: 800px) 100vw, 800px\" \/><\/p>\n<p>&nbsp;<\/p>\n<p><img decoding=\"async\" loading=\"lazy\" class=\"aligncenter size-full wp-image-16352\" src=\"http:\/\/www.ivanabeaumond.com.br\/vestidos-noiva\/wp-content\/uploads\/2018\/10\/carolina-torres-festa-harry-potter-vestido-ivana-beaumond-salao.jpg\" alt=\"carolina-torres-festa-harry-potter-vestido-ivana-beaumond-salao\" width=\"800\" height=\"533\" srcset=\"https:\/\/www.ivanabeaumond.com.br\/vestidos-noiva\/wp-content\/uploads\/2018\/10\/carolina-torres-festa-harry-potter-vestido-ivana-beaumond-salao.jpg 800w, https:\/\/www.ivanabeaumond.com.br\/vestidos-noiva\/wp-content\/uploads\/2018\/10\/carolina-torres-festa-harry-potter-vestido-ivana-beaumond-salao-300x200.jpg 300w, https:\/\/www.ivanabeaumond.com.br\/vestidos-noiva\/wp-content\/uploads\/2018\/10\/carolina-torres-festa-harry-potter-vestido-ivana-beaumond-salao-480x320.jpg 480w\" sizes=\"(max-width: 800px) 100vw, 800px\" \/><\/p>\n<p><img decoding=\"async\" loading=\"lazy\" class=\"aligncenter size-full wp-image-16351\" src=\"http:\/\/www.ivanabeaumond.com.br\/vestidos-noiva\/wp-content\/uploads\/2018\/10\/carolina-torres-festa-harry-potter-vestido-ivana-beaumond-mesa.jpg\" alt=\"carolina-torres-festa-harry-potter-vestido-ivana-beaumond-mesa\" width=\"800\" height=\"533\" srcset=\"https:\/\/www.ivanabeaumond.com.br\/vestidos-noiva\/wp-content\/uploads\/2018\/10\/carolina-torres-festa-harry-potter-vestido-ivana-beaumond-mesa.jpg 800w, https:\/\/www.ivanabeaumond.com.br\/vestidos-noiva\/wp-content\/uploads\/2018\/10\/carolina-torres-festa-harry-potter-vestido-ivana-beaumond-mesa-300x200.jpg 300w, https:\/\/www.ivanabeaumond.com.br\/vestidos-noiva\/wp-content\/uploads\/2018\/10\/carolina-torres-festa-harry-potter-vestido-ivana-beaumond-mesa-480x320.jpg 480w\" sizes=\"(max-width: 800px) 100vw, 800px\" \/><\/p>\n<p>&nbsp;<\/p>\n<p>&nbsp;<\/p>\n<p>&nbsp;<\/p>\n<p>&nbsp;<\/p>\n<p>&nbsp;<\/p>\n<p>&nbsp;<\/p>\n<h3 style=\"text-align: justify;\"><span style=\"color: #000000;\">3. Use as Cores do Halloween<\/span><\/h3>\n<h4 style=\"text-align: justify;\"><\/h4>\n<p>&nbsp;<\/p>\n<p>&nbsp;<\/p>\n<p><img decoding=\"async\" loading=\"lazy\" class=\"aligncenter size-full wp-image-16359\" src=\"http:\/\/www.ivanabeaumond.com.br\/vestidos-noiva\/wp-content\/uploads\/2018\/10\/decoracao-gotica-ivana-beaumond-blog.jpg\" alt=\"decoracao-gotica-ivana-beaumond-blog\" width=\"800\" height=\"533\" srcset=\"https:\/\/www.ivanabeaumond.com.br\/vestidos-noiva\/wp-content\/uploads\/2018\/10\/decoracao-gotica-ivana-beaumond-blog.jpg 800w, https:\/\/www.ivanabeaumond.com.br\/vestidos-noiva\/wp-content\/uploads\/2018\/10\/decoracao-gotica-ivana-beaumond-blog-300x200.jpg 300w, https:\/\/www.ivanabeaumond.com.br\/vestidos-noiva\/wp-content\/uploads\/2018\/10\/decoracao-gotica-ivana-beaumond-blog-480x320.jpg 480w\" sizes=\"(max-width: 800px) 100vw, 800px\" \/><\/p>\n<p><img decoding=\"async\" loading=\"lazy\" class=\"aligncenter size-full wp-image-16323\" src=\"http:\/\/www.ivanabeaumond.com.br\/vestidos-noiva\/wp-content\/uploads\/2018\/10\/inspiracao-halloween-chris-machado-foto-ivana-beaumond.jpg\" alt=\"inspiracao-halloween-chris-machado-foto-ivana-beaumond\" width=\"800\" height=\"534\" srcset=\"https:\/\/www.ivanabeaumond.com.br\/vestidos-noiva\/wp-content\/uploads\/2018\/10\/inspiracao-halloween-chris-machado-foto-ivana-beaumond.jpg 800w, https:\/\/www.ivanabeaumond.com.br\/vestidos-noiva\/wp-content\/uploads\/2018\/10\/inspiracao-halloween-chris-machado-foto-ivana-beaumond-300x200.jpg 300w, https:\/\/www.ivanabeaumond.com.br\/vestidos-noiva\/wp-content\/uploads\/2018\/10\/inspiracao-halloween-chris-machado-foto-ivana-beaumond-480x320.jpg 480w\" sizes=\"(max-width: 800px) 100vw, 800px\" \/><\/p>\n<p><img decoding=\"async\" loading=\"lazy\" class=\"aligncenter size-full wp-image-16358\" src=\"http:\/\/www.ivanabeaumond.com.br\/vestidos-noiva\/wp-content\/uploads\/2018\/10\/decoracao-moderna-festa-ivana-beaumond-blog.jpg\" alt=\"decoracao-moderna-festa-ivana-beaumond-blog\" width=\"800\" height=\"533\" srcset=\"https:\/\/www.ivanabeaumond.com.br\/vestidos-noiva\/wp-content\/uploads\/2018\/10\/decoracao-moderna-festa-ivana-beaumond-blog.jpg 800w, https:\/\/www.ivanabeaumond.com.br\/vestidos-noiva\/wp-content\/uploads\/2018\/10\/decoracao-moderna-festa-ivana-beaumond-blog-300x200.jpg 300w, https:\/\/www.ivanabeaumond.com.br\/vestidos-noiva\/wp-content\/uploads\/2018\/10\/decoracao-moderna-festa-ivana-beaumond-blog-480x320.jpg 480w\" sizes=\"(max-width: 800px) 100vw, 800px\" \/><\/p>\n<p>&nbsp;<\/p>\n<h4 style=\"text-align: justify;\"><span style=\"color: #999999;\">O Halloween est\u00e1 associado \u00e0s cores preto, laranja e roxo. O preto representa a noite e o mist\u00e9rio, o roxo representa a magia e o laranja se refere ao outono. Voc\u00ea pode basear a decora\u00e7\u00e3o da sua festa nessa paleta de cores se quiser ficar dentro do tema com uma refer\u00eancia menos literal.\u00a0<\/span><\/h4>\n<h4 style=\"text-align: justify;\"><span style=\"color: #999999;\">Muita gente acha que o laranja e o roxo s\u00e3o cores complicadas, mas a verdade \u00e9 que a costura \u00e9 uma arte que torna tudo (ou quase) poss\u00edvel. Portanto, se voc\u00ea quiser trazer essas refer\u00eancias no seu pr\u00f3prio traje, confie na sua\u00a0estilista para combina\u00e7\u00f5es que parecem inusitadas, mas no final ficam lindas. Veja <span style=\"color: #000000;\"><a style=\"color: #000000;\" href=\"http:\/\/www.ivanabeaumond.com.br\/vestidos-noiva\/debutante-isabelle-e-seu-sonho\/\">essas fotos da debutante Isabelle Sedaca<\/a><\/span>: ela usou um vestido misturando tecido lil\u00e1s com transpar\u00eancia preta que deu super certo. Repare no detalhe das costas \u2013 o espartilho \u00e9 uma refer\u00eancia g\u00f3tica, que tem tudo a ver com Halloween!\u00a0<\/span><\/h4>\n<p>&nbsp;<\/p>\n<p>&nbsp;<\/p>\n<p><img decoding=\"async\" loading=\"lazy\" class=\"aligncenter size-full wp-image-16319\" src=\"http:\/\/www.ivanabeaumond.com.br\/vestidos-noiva\/wp-content\/uploads\/2018\/10\/isabelle-sedaca-ivana-beaumond-vestido-lilas-preto-detalhe.jpg\" alt=\"isabelle-sedaca-ivana-beaumond-vestido-lilas-preto-detalhe\" width=\"800\" height=\"533\" srcset=\"https:\/\/www.ivanabeaumond.com.br\/vestidos-noiva\/wp-content\/uploads\/2018\/10\/isabelle-sedaca-ivana-beaumond-vestido-lilas-preto-detalhe.jpg 800w, https:\/\/www.ivanabeaumond.com.br\/vestidos-noiva\/wp-content\/uploads\/2018\/10\/isabelle-sedaca-ivana-beaumond-vestido-lilas-preto-detalhe-300x200.jpg 300w, https:\/\/www.ivanabeaumond.com.br\/vestidos-noiva\/wp-content\/uploads\/2018\/10\/isabelle-sedaca-ivana-beaumond-vestido-lilas-preto-detalhe-480x320.jpg 480w\" sizes=\"(max-width: 800px) 100vw, 800px\" \/><\/p>\n<p><img decoding=\"async\" loading=\"lazy\" class=\"aligncenter size-full wp-image-16353\" src=\"http:\/\/www.ivanabeaumond.com.br\/vestidos-noiva\/wp-content\/uploads\/2018\/10\/15-Anos-Isabelle-Vestido-de-debutante-Ivana-Beaumond-19.jpg\" alt=\"15 Anos-Isabelle-Vestido-de-debutante-Ivana Beaumond-19\" width=\"800\" height=\"533\" srcset=\"https:\/\/www.ivanabeaumond.com.br\/vestidos-noiva\/wp-content\/uploads\/2018\/10\/15-Anos-Isabelle-Vestido-de-debutante-Ivana-Beaumond-19.jpg 800w, https:\/\/www.ivanabeaumond.com.br\/vestidos-noiva\/wp-content\/uploads\/2018\/10\/15-Anos-Isabelle-Vestido-de-debutante-Ivana-Beaumond-19-300x200.jpg 300w, https:\/\/www.ivanabeaumond.com.br\/vestidos-noiva\/wp-content\/uploads\/2018\/10\/15-Anos-Isabelle-Vestido-de-debutante-Ivana-Beaumond-19-480x320.jpg 480w\" sizes=\"(max-width: 800px) 100vw, 800px\" \/><\/p>\n<p>&nbsp;<\/p>\n<p>&nbsp;<\/p>\n<p>&nbsp;<\/p>\n<h4 style=\"text-align: justify;\"><span style=\"color: #999999;\">Outra op\u00e7\u00e3o \u00e9 se jogar em um look todo preto, e deixar as outras cores para os arranjos e os acess\u00f3rios. \u00a0Voc\u00ea pode fazer como a\u00a0Ana Clara e deixar o preto para a renda, ou <span style=\"color: #000000;\"><a style=\"color: #000000;\" href=\"http:\/\/www.ivanabeaumond.com.br\/vestidos-noiva\/luisa-uma-princesa-moderna\/\" target=\"_blank\">se inspirar na Luisa<\/a><\/span>\u00a0e usar um\u00a0look monocrom\u00e1tico\u00a0mais sofisticado.<\/span><\/h4>\n<h4 style=\"text-align: justify;\"><span style=\"color: #999999;\">Lembre-se que o preto s\u00f3 \u00e9 b\u00e1sico se voc\u00ea quiser.<\/span><\/h4>\n<p>&nbsp;<\/p>\n<p><img decoding=\"async\" loading=\"lazy\" class=\"aligncenter size-full wp-image-16344\" src=\"http:\/\/www.ivanabeaumond.com.br\/vestidos-noiva\/wp-content\/uploads\/2018\/10\/ana-paula-debutante-veste-ivana-beaumond1.jpg\" alt=\"ana-paula-debutante-veste-ivana-beaumond\" width=\"788\" height=\"648\" srcset=\"https:\/\/www.ivanabeaumond.com.br\/vestidos-noiva\/wp-content\/uploads\/2018\/10\/ana-paula-debutante-veste-ivana-beaumond1.jpg 788w, https:\/\/www.ivanabeaumond.com.br\/vestidos-noiva\/wp-content\/uploads\/2018\/10\/ana-paula-debutante-veste-ivana-beaumond1-300x247.jpg 300w\" sizes=\"(max-width: 788px) 100vw, 788px\" \/><\/p>\n<p>&nbsp;<\/p>\n<p><a href=\"http:\/\/www.ivanabeaumond.com.br\/vestidos-noiva\/wp-content\/uploads\/2018\/10\/luisa-simoes-15-anos-ivana-beaumond-18.jpg\"><img decoding=\"async\" loading=\"lazy\" class=\"aligncenter size-full wp-image-16296\" src=\"http:\/\/www.ivanabeaumond.com.br\/vestidos-noiva\/wp-content\/uploads\/2018\/10\/luisa-simoes-15-anos-ivana-beaumond-18.jpg\" alt=\"luisa-simoes-15-anos-ivana-beaumond (18)\" width=\"800\" height=\"533\" srcset=\"https:\/\/www.ivanabeaumond.com.br\/vestidos-noiva\/wp-content\/uploads\/2018\/10\/luisa-simoes-15-anos-ivana-beaumond-18.jpg 800w, https:\/\/www.ivanabeaumond.com.br\/vestidos-noiva\/wp-content\/uploads\/2018\/10\/luisa-simoes-15-anos-ivana-beaumond-18-300x200.jpg 300w, https:\/\/www.ivanabeaumond.com.br\/vestidos-noiva\/wp-content\/uploads\/2018\/10\/luisa-simoes-15-anos-ivana-beaumond-18-480x320.jpg 480w\" sizes=\"(max-width: 800px) 100vw, 800px\" \/><\/a><\/p>\n<p>&nbsp;<\/p>\n<p>&nbsp;<\/p>\n<h3 style=\"text-align: justify;\">4. Fa\u00e7a um Baile de M\u00e1scaras<\/h3>\n<h4 style=\"text-align: justify;\"><\/h4>\n<p>&nbsp;<\/p>\n<p>&nbsp;<\/p>\n<h4 style=\"text-align: justify;\"><span style=\"color: #999999;\">O Baile de M\u00e1scaras \u00e9 uma sa\u00edda para quem quer uma festa tem\u00e1tica mais discreta,\u00a0uma vez que restringe\u00a0a fantasia apenas ao acess\u00f3rio, que \u00e9 a m\u00e1scara. \u00a0Voc\u00ea pode, inclusive, acoplar um outro tema ao seu tema principal, com um Baile de M\u00e1scaras Vitoriano, um Baile de M\u00e1scaras G\u00f3tico, entre outros exemplos. Olha que legal essa foto do <span style=\"color: #000000;\"><a style=\"color: #000000;\" href=\"O%20Baile de M\u00e1scaras \u00e9 uma sa\u00edda para quem quer uma festa tem\u00e1tica mais discreta, pois resume a fantasia apenas ao acess\u00f3rio, que \u00e9 a m\u00e1scara.  Voc\u00ea pode, inclusive, acoplar um outro tema ao seu tema principal, com um Baile de M\u00e1scaras Vitoriano, um Baile de M\u00e1scaras G\u00f3tico, entre outros exemplos. Olha que legal essa foto do anivers\u00e1rio de 12 anos da atriz Nikki Meneghel, \" target=\"_blank\">anivers\u00e1rio de 12 anos da atriz Nikki Meneghel<\/a><\/span>, que ilustra bem o primeiro exemplo:<\/span><\/h4>\n<p>&nbsp;<\/p>\n<p>&nbsp;<\/p>\n<p><img decoding=\"async\" loading=\"lazy\" class=\"aligncenter size-full wp-image-16331\" src=\"http:\/\/www.ivanabeaumond.com.br\/vestidos-noiva\/wp-content\/uploads\/2018\/10\/Atriz-Nikki-Meneghel-Veste-Ivana-Beaumond-34-e1498249870296.jpg\" alt=\"Atriz-Nikki-Meneghel-Veste-Ivana-Beaumond-34-e1498249870296\" width=\"900\" height=\"600\" srcset=\"https:\/\/www.ivanabeaumond.com.br\/vestidos-noiva\/wp-content\/uploads\/2018\/10\/Atriz-Nikki-Meneghel-Veste-Ivana-Beaumond-34-e1498249870296.jpg 900w, https:\/\/www.ivanabeaumond.com.br\/vestidos-noiva\/wp-content\/uploads\/2018\/10\/Atriz-Nikki-Meneghel-Veste-Ivana-Beaumond-34-e1498249870296-300x200.jpg 300w, https:\/\/www.ivanabeaumond.com.br\/vestidos-noiva\/wp-content\/uploads\/2018\/10\/Atriz-Nikki-Meneghel-Veste-Ivana-Beaumond-34-e1498249870296-480x320.jpg 480w\" sizes=\"(max-width: 900px) 100vw, 900px\" \/><\/p>\n<p>&nbsp;<\/p>\n<p>&nbsp;<\/p>\n<p>&nbsp;<\/p>\n<h3><span style=\"color: #000000;\">5. Pesquise Refer\u00eancias<\/span><\/h3>\n<p>&nbsp;<\/p>\n<h4 style=\"text-align: justify;\"><span style=\"color: #999999;\">A internet possui in\u00fameros sites legais para voc\u00ea buscar refer\u00eancias e ter insights e ideias. O Pinterest \u00e9 uma m\u00eddia muito \u00fatil para quem precisa de inspira\u00e7\u00f5es, que voc\u00ea pode usar para achar fotos de festas de Halloween, croquis, desenhos e muito mais para te ajudar a bolar a sua decora\u00e7\u00e3o.<\/span><\/h4>\n<h4 style=\"text-align: justify;\"><span style=\"color: #999999;\">Para uma busca mais refinada, opte por portais com conte\u00fado espec\u00edfico para debutantes, como a <span style=\"color: #000000;\"><a style=\"color: #000000;\" href=\"https:\/\/15anos.inesquecivelcasamento.com.br\/\" target=\"_blank\">Revista Inesquec\u00edvel 15 anos<\/a><\/span>, onde voc\u00ea vai encontrar muitas mat\u00e9rias sobre festas, v\u00eddeos e entrevistas.<\/span><\/h4>\n<h4 style=\"text-align: justify;\"><span style=\"color: #999999;\">Aqui no nosso blog, temos o <span style=\"color: #000000;\"><a style=\"color: #000000;\" href=\"http:\/\/www.ivanabeaumond.com.br\/vestidos-noiva\/espaco-debutantes\/\" target=\"_blank\">Espa\u00e7o Debutantes<\/a><\/span>, onde voc\u00ea pode conferir os posts das nossas clientes, com inspira\u00e7\u00f5es de vestidos, acess\u00f3rios e muito mais!<\/span><\/h4>\n<p>&nbsp;<\/p>\n<p>&nbsp;<\/p>\n<p>&nbsp;<\/p>\n<h4 style=\"text-align: justify;\"><span style=\"color: #999999;\">E a\u00ed, curtiu as dicas? Ent\u00e3o,\u00a0aqui vai a \u00faltima: independente de qualquer coisa, fa\u00e7a sempre o que voc\u00ea quer! Uma festa de debutantes \u00e9 um momento \u00fanico, e deve ser especial para voc\u00ea. Siga sua inspira\u00e7\u00e3o e fa\u00e7a a festa dos SEUS sonhos!<\/span><\/h4>\n<p>&nbsp;<\/p>\n<h4 style=\"text-align: justify;\"><span style=\"color: #999999;\">Feliz Dia das Bruxas!<\/span><\/h4>\n<p>&nbsp;<\/p>\n<p>&nbsp;<\/p>\n<p><img decoding=\"async\" loading=\"lazy\" class=\"aligncenter size-full wp-image-16338\" src=\"http:\/\/www.ivanabeaumond.com.br\/vestidos-noiva\/wp-content\/uploads\/2018\/10\/imagem-destacada-ddb.jpg\" alt=\"imagem-destacada-ddb\" width=\"612\" height=\"407\" srcset=\"https:\/\/www.ivanabeaumond.com.br\/vestidos-noiva\/wp-content\/uploads\/2018\/10\/imagem-destacada-ddb.jpg 612w, https:\/\/www.ivanabeaumond.com.br\/vestidos-noiva\/wp-content\/uploads\/2018\/10\/imagem-destacada-ddb-300x200.jpg 300w, https:\/\/www.ivanabeaumond.com.br\/vestidos-noiva\/wp-content\/uploads\/2018\/10\/imagem-destacada-ddb-480x320.jpg 480w\" sizes=\"(max-width: 612px) 100vw, 612px\" \/><\/p>\n<p>&nbsp;<\/p>\n<p>&nbsp;<\/p>\n<h4><span style=\"color: #000000;\">Ficha t\u00e9cnica do post, em ordem de apari\u00e7\u00e3o:<\/span><\/h4>\n<h4><span style=\"color: #000000;\">Foto 15 anos da atriz Maisa: Chris Machado Fotografia. Fotos do 15 anos da Carolina Torres: Flavia Lago. Fotos XV Bruna Martins: Chris Machado Fotografia. Foto\u00a0<a style=\"color: #000000;\" href=\"https:\/\/15anos.inesquecivelcasamento.com.br\/e-festa\/rio-de-janeiro\/festa-tema-vampire-diaries-giovanna-muller\/\" target=\"_blank\">Festa tema Vampire Diares<\/a>:\u00a0Chris Machado Fotografia. Foto decora\u00e7\u00e3o roxa: Alice e Vin\u00edcius. Fotos da Isabelle Sedaca: Diogo Dubem Fotografia. Foto Luisa Sim\u00f5es: Chris Machado Fotografia. Foto anivers\u00e1rio da Nikki Meneghel: Jef Santos.<\/span><\/h4>\n<p>&nbsp;<\/p>\n<p>&nbsp;<\/p>\n<p>&nbsp;<\/p>\n<p>&nbsp;<\/p>\n<p>&nbsp;<\/p>\n<h4><span style=\"color: #999999;\">Gostou? Siga nosso instagram\u00a0<a style=\"color: #999999;\" href=\"https:\/\/www.instagram.com\/ivanaparisdebutantes\" target=\"_blank\"><span style=\"color: #000000;\">@ivanaparisdebutantes<\/span>\u00a0<\/a>e curta nossa fanpage\u00a0<span style=\"color: #000000;\"><a style=\"color: #000000;\" href=\"https:\/\/www.facebook.com\/IvanaBeaumondDebutantes\/\" target=\"_blank\">Ivana Beaumond<\/a><\/span>\u00a0e fique por dentro de tudo o que rola no mundo das\u00a0debutantes e conhe\u00e7a nossos Melhores Modelos de Vestidos de\u00a0Debutates Nacionais, Importados e Sob Medida.<\/span><\/h4>\n","protected":false},"excerpt":{"rendered":"<p>Voc\u00ea sabia que o Halloween \u00e9 uma festa de origem&#8230;<\/p>\n","protected":false},"author":4,"featured_media":16356,"comment_status":"closed","ping_status":"closed","sticky":false,"template":"","format":"standard","meta":[],"categories":[60,129],"tags":[172,354,411,133,229,173,408,100,407,406,410,254,286,278,107,409],"yoast_head":"<!-- This site is optimized with the Yoast SEO plugin v20.3 - https:\/\/yoast.com\/wordpress\/plugins\/seo\/ -->\n<title>Inspira\u00e7\u00e3o: Halloween - Vestido de Noiva RJ<\/title>\n<meta name=\"robots\" content=\"index, follow, max-snippet:-1, max-image-preview:large, max-video-preview:-1\" \/>\n<link rel=\"canonical\" href=\"https:\/\/www.ivanabeaumond.com.br\/vestidos-noiva\/inspiracao-halloween\/\" \/>\n<meta property=\"og:locale\" content=\"pt_BR\" \/>\n<meta property=\"og:type\" content=\"article\" \/>\n<meta property=\"og:title\" content=\"Inspira\u00e7\u00e3o: Halloween - Vestido de Noiva RJ\" \/>\n<meta property=\"og:description\" content=\"Voc\u00ea sabia que o Halloween \u00e9 uma festa de origem...\" \/>\n<meta property=\"og:url\" content=\"https:\/\/www.ivanabeaumond.com.br\/vestidos-noiva\/inspiracao-halloween\/\" \/>\n<meta property=\"og:site_name\" content=\"Vestido de Noiva RJ\" \/>\n<meta property=\"article:publisher\" content=\"https:\/\/www.facebook.com\/ivana.beaumondnoivas\" \/>\n<meta property=\"article:published_time\" content=\"2018-10-31T22:29:01+00:00\" \/>\n<meta property=\"article:modified_time\" content=\"2018-11-19T18:15:39+00:00\" \/>\n<meta property=\"og:image\" content=\"https:\/\/www.ivanabeaumond.com.br\/vestidos-noiva\/wp-content\/uploads\/2018\/10\/miniatura.jpg\" \/>\n\t<meta property=\"og:image:width\" content=\"572\" \/>\n\t<meta property=\"og:image:height\" content=\"533\" \/>\n\t<meta property=\"og:image:type\" content=\"image\/jpeg\" \/>\n<meta name=\"author\" content=\"Ivana Beaumond Paris\" \/>\n<meta name=\"twitter:card\" content=\"summary_large_image\" \/>\n<meta name=\"twitter:label1\" content=\"Escrito por\" \/>\n\t<meta name=\"twitter:data1\" content=\"Ivana Beaumond Paris\" \/>\n\t<meta name=\"twitter:label2\" content=\"Est. tempo de leitura\" \/>\n\t<meta name=\"twitter:data2\" content=\"5 minutos\" \/>\n<script type=\"application\/ld+json\" class=\"yoast-schema-graph\">{\"@context\":\"https:\/\/schema.org\",\"@graph\":[{\"@type\":\"Article\",\"@id\":\"https:\/\/www.ivanabeaumond.com.br\/vestidos-noiva\/inspiracao-halloween\/#article\",\"isPartOf\":{\"@id\":\"https:\/\/www.ivanabeaumond.com.br\/vestidos-noiva\/inspiracao-halloween\/\"},\"author\":{\"name\":\"Ivana Beaumond Paris\",\"@id\":\"https:\/\/www.ivanabeaumond.com.br\/vestidos-noiva\/#\/schema\/person\/1a360c4cffa3b806d29a456389dcff26\"},\"headline\":\"Inspira\u00e7\u00e3o: Halloween\",\"datePublished\":\"2018-10-31T22:29:01+00:00\",\"dateModified\":\"2018-11-19T18:15:39+00:00\",\"mainEntityOfPage\":{\"@id\":\"https:\/\/www.ivanabeaumond.com.br\/vestidos-noiva\/inspiracao-halloween\/\"},\"wordCount\":931,\"publisher\":{\"@id\":\"https:\/\/www.ivanabeaumond.com.br\/vestidos-noiva\/#organization\"},\"keywords\":[\"15 anos\",\"15anosfesta\",\"31 de outubro\",\"atelierivanabeaumond\",\"debutante\",\"debutantes\",\"dia das bruxas\",\"festa\",\"festa tem\u00e1tica\",\"halloween\",\"inesquec\u00edvel 15 anos\",\"inesquecivelcasamento\",\"ivana beaumond\",\"ivana beaumond paris\",\"ivanabeaumond\",\"nikki meneghel\"],\"articleSection\":[\"Blog\",\"Espa\u00e7o Debutantes\"],\"inLanguage\":\"pt-BR\"},{\"@type\":\"WebPage\",\"@id\":\"https:\/\/www.ivanabeaumond.com.br\/vestidos-noiva\/inspiracao-halloween\/\",\"url\":\"https:\/\/www.ivanabeaumond.com.br\/vestidos-noiva\/inspiracao-halloween\/\",\"name\":\"Inspira\u00e7\u00e3o: Halloween - Vestido de Noiva RJ\",\"isPartOf\":{\"@id\":\"https:\/\/www.ivanabeaumond.com.br\/vestidos-noiva\/#website\"},\"datePublished\":\"2018-10-31T22:29:01+00:00\",\"dateModified\":\"2018-11-19T18:15:39+00:00\",\"breadcrumb\":{\"@id\":\"https:\/\/www.ivanabeaumond.com.br\/vestidos-noiva\/inspiracao-halloween\/#breadcrumb\"},\"inLanguage\":\"pt-BR\",\"potentialAction\":[{\"@type\":\"ReadAction\",\"target\":[\"https:\/\/www.ivanabeaumond.com.br\/vestidos-noiva\/inspiracao-halloween\/\"]}]},{\"@type\":\"BreadcrumbList\",\"@id\":\"https:\/\/www.ivanabeaumond.com.br\/vestidos-noiva\/inspiracao-halloween\/#breadcrumb\",\"itemListElement\":[{\"@type\":\"ListItem\",\"position\":1,\"name\":\"In\u00edcio\",\"item\":\"https:\/\/www.ivanabeaumond.com.br\/vestidos-noiva\/\"},{\"@type\":\"ListItem\",\"position\":2,\"name\":\"Inspira\u00e7\u00e3o: Halloween\"}]},{\"@type\":\"WebSite\",\"@id\":\"https:\/\/www.ivanabeaumond.com.br\/vestidos-noiva\/#website\",\"url\":\"https:\/\/www.ivanabeaumond.com.br\/vestidos-noiva\/\",\"name\":\"Vestido de Noiva RJ\",\"description\":\"Moda Noiva\",\"publisher\":{\"@id\":\"https:\/\/www.ivanabeaumond.com.br\/vestidos-noiva\/#organization\"},\"potentialAction\":[{\"@type\":\"SearchAction\",\"target\":{\"@type\":\"EntryPoint\",\"urlTemplate\":\"https:\/\/www.ivanabeaumond.com.br\/vestidos-noiva\/?s={search_term_string}\"},\"query-input\":\"required name=search_term_string\"}],\"inLanguage\":\"pt-BR\"},{\"@type\":\"Organization\",\"@id\":\"https:\/\/www.ivanabeaumond.com.br\/vestidos-noiva\/#organization\",\"name\":\"Vestido de Noiva RJ\",\"url\":\"https:\/\/www.ivanabeaumond.com.br\/vestidos-noiva\/\",\"logo\":{\"@type\":\"ImageObject\",\"inLanguage\":\"pt-BR\",\"@id\":\"https:\/\/www.ivanabeaumond.com.br\/vestidos-noiva\/#\/schema\/logo\/image\/\",\"url\":\"https:\/\/www.ivanabeaumond.com.br\/vestidos-noiva\/wp-content\/uploads\/2018\/02\/logo_ivana_beaumond-2.png\",\"contentUrl\":\"https:\/\/www.ivanabeaumond.com.br\/vestidos-noiva\/wp-content\/uploads\/2018\/02\/logo_ivana_beaumond-2.png\",\"width\":230,\"height\":112,\"caption\":\"Vestido de Noiva RJ\"},\"image\":{\"@id\":\"https:\/\/www.ivanabeaumond.com.br\/vestidos-noiva\/#\/schema\/logo\/image\/\"},\"sameAs\":[\"https:\/\/www.facebook.com\/ivana.beaumondnoivas\",\"https:\/\/www.instagram.com\/ivanabeaumond\/\",\"https:\/\/www.tiktok.com\/@ivanabeaumond\"]},{\"@type\":\"Person\",\"@id\":\"https:\/\/www.ivanabeaumond.com.br\/vestidos-noiva\/#\/schema\/person\/1a360c4cffa3b806d29a456389dcff26\",\"name\":\"Ivana Beaumond Paris\",\"image\":{\"@type\":\"ImageObject\",\"inLanguage\":\"pt-BR\",\"@id\":\"https:\/\/www.ivanabeaumond.com.br\/vestidos-noiva\/#\/schema\/person\/image\/\",\"url\":\"https:\/\/secure.gravatar.com\/avatar\/641f98db20b53ec937ceb641db4270b9?s=96&d=mm&r=g\",\"contentUrl\":\"https:\/\/secure.gravatar.com\/avatar\/641f98db20b53ec937ceb641db4270b9?s=96&d=mm&r=g\",\"caption\":\"Ivana Beaumond Paris\"},\"url\":\"https:\/\/www.ivanabeaumond.com.br\/vestidos-noiva\/author\/ivana\/\"}]}<\/script>\n<!-- \/ Yoast SEO plugin. -->","yoast_head_json":{"title":"Inspira\u00e7\u00e3o: Halloween - Vestido de Noiva RJ","robots":{"index":"index","follow":"follow","max-snippet":"max-snippet:-1","max-image-preview":"max-image-preview:large","max-video-preview":"max-video-preview:-1"},"canonical":"https:\/\/www.ivanabeaumond.com.br\/vestidos-noiva\/inspiracao-halloween\/","og_locale":"pt_BR","og_type":"article","og_title":"Inspira\u00e7\u00e3o: Halloween - Vestido de Noiva RJ","og_description":"Voc\u00ea sabia que o Halloween \u00e9 uma festa de origem...","og_url":"https:\/\/www.ivanabeaumond.com.br\/vestidos-noiva\/inspiracao-halloween\/","og_site_name":"Vestido de Noiva RJ","article_publisher":"https:\/\/www.facebook.com\/ivana.beaumondnoivas","article_published_time":"2018-10-31T22:29:01+00:00","article_modified_time":"2018-11-19T18:15:39+00:00","og_image":[{"width":572,"height":533,"url":"https:\/\/www.ivanabeaumond.com.br\/vestidos-noiva\/wp-content\/uploads\/2018\/10\/miniatura.jpg","type":"image\/jpeg"}],"author":"Ivana Beaumond Paris","twitter_card":"summary_large_image","twitter_misc":{"Escrito por":"Ivana Beaumond Paris","Est. tempo de leitura":"5 minutos"},"schema":{"@context":"https:\/\/schema.org","@graph":[{"@type":"Article","@id":"https:\/\/www.ivanabeaumond.com.br\/vestidos-noiva\/inspiracao-halloween\/#article","isPartOf":{"@id":"https:\/\/www.ivanabeaumond.com.br\/vestidos-noiva\/inspiracao-halloween\/"},"author":{"name":"Ivana Beaumond Paris","@id":"https:\/\/www.ivanabeaumond.com.br\/vestidos-noiva\/#\/schema\/person\/1a360c4cffa3b806d29a456389dcff26"},"headline":"Inspira\u00e7\u00e3o: Halloween","datePublished":"2018-10-31T22:29:01+00:00","dateModified":"2018-11-19T18:15:39+00:00","mainEntityOfPage":{"@id":"https:\/\/www.ivanabeaumond.com.br\/vestidos-noiva\/inspiracao-halloween\/"},"wordCount":931,"publisher":{"@id":"https:\/\/www.ivanabeaumond.com.br\/vestidos-noiva\/#organization"},"keywords":["15 anos","15anosfesta","31 de outubro","atelierivanabeaumond","debutante","debutantes","dia das bruxas","festa","festa tem\u00e1tica","halloween","inesquec\u00edvel 15 anos","inesquecivelcasamento","ivana beaumond","ivana beaumond paris","ivanabeaumond","nikki meneghel"],"articleSection":["Blog","Espa\u00e7o Debutantes"],"inLanguage":"pt-BR"},{"@type":"WebPage","@id":"https:\/\/www.ivanabeaumond.com.br\/vestidos-noiva\/inspiracao-halloween\/","url":"https:\/\/www.ivanabeaumond.com.br\/vestidos-noiva\/inspiracao-halloween\/","name":"Inspira\u00e7\u00e3o: Halloween - Vestido de Noiva RJ","isPartOf":{"@id":"https:\/\/www.ivanabeaumond.com.br\/vestidos-noiva\/#website"},"datePublished":"2018-10-31T22:29:01+00:00","dateModified":"2018-11-19T18:15:39+00:00","breadcrumb":{"@id":"https:\/\/www.ivanabeaumond.com.br\/vestidos-noiva\/inspiracao-halloween\/#breadcrumb"},"inLanguage":"pt-BR","potentialAction":[{"@type":"ReadAction","target":["https:\/\/www.ivanabeaumond.com.br\/vestidos-noiva\/inspiracao-halloween\/"]}]},{"@type":"BreadcrumbList","@id":"https:\/\/www.ivanabeaumond.com.br\/vestidos-noiva\/inspiracao-halloween\/#breadcrumb","itemListElement":[{"@type":"ListItem","position":1,"name":"In\u00edcio","item":"https:\/\/www.ivanabeaumond.com.br\/vestidos-noiva\/"},{"@type":"ListItem","position":2,"name":"Inspira\u00e7\u00e3o: Halloween"}]},{"@type":"WebSite","@id":"https:\/\/www.ivanabeaumond.com.br\/vestidos-noiva\/#website","url":"https:\/\/www.ivanabeaumond.com.br\/vestidos-noiva\/","name":"Vestido de Noiva RJ","description":"Moda Noiva","publisher":{"@id":"https:\/\/www.ivanabeaumond.com.br\/vestidos-noiva\/#organization"},"potentialAction":[{"@type":"SearchAction","target":{"@type":"EntryPoint","urlTemplate":"https:\/\/www.ivanabeaumond.com.br\/vestidos-noiva\/?s={search_term_string}"},"query-input":"required name=search_term_string"}],"inLanguage":"pt-BR"},{"@type":"Organization","@id":"https:\/\/www.ivanabeaumond.com.br\/vestidos-noiva\/#organization","name":"Vestido de Noiva RJ","url":"https:\/\/www.ivanabeaumond.com.br\/vestidos-noiva\/","logo":{"@type":"ImageObject","inLanguage":"pt-BR","@id":"https:\/\/www.ivanabeaumond.com.br\/vestidos-noiva\/#\/schema\/logo\/image\/","url":"https:\/\/www.ivanabeaumond.com.br\/vestidos-noiva\/wp-content\/uploads\/2018\/02\/logo_ivana_beaumond-2.png","contentUrl":"https:\/\/www.ivanabeaumond.com.br\/vestidos-noiva\/wp-content\/uploads\/2018\/02\/logo_ivana_beaumond-2.png","width":230,"height":112,"caption":"Vestido de Noiva RJ"},"image":{"@id":"https:\/\/www.ivanabeaumond.com.br\/vestidos-noiva\/#\/schema\/logo\/image\/"},"sameAs":["https:\/\/www.facebook.com\/ivana.beaumondnoivas","https:\/\/www.instagram.com\/ivanabeaumond\/","https:\/\/www.tiktok.com\/@ivanabeaumond"]},{"@type":"Person","@id":"https:\/\/www.ivanabeaumond.com.br\/vestidos-noiva\/#\/schema\/person\/1a360c4cffa3b806d29a456389dcff26","name":"Ivana Beaumond Paris","image":{"@type":"ImageObject","inLanguage":"pt-BR","@id":"https:\/\/www.ivanabeaumond.com.br\/vestidos-noiva\/#\/schema\/person\/image\/","url":"https:\/\/secure.gravatar.com\/avatar\/641f98db20b53ec937ceb641db4270b9?s=96&d=mm&r=g","contentUrl":"https:\/\/secure.gravatar.com\/avatar\/641f98db20b53ec937ceb641db4270b9?s=96&d=mm&r=g","caption":"Ivana Beaumond Paris"},"url":"https:\/\/www.ivanabeaumond.com.br\/vestidos-noiva\/author\/ivana\/"}]}},"_links":{"self":[{"href":"https:\/\/www.ivanabeaumond.com.br\/vestidos-noiva\/wp-json\/wp\/v2\/posts\/16308"}],"collection":[{"href":"https:\/\/www.ivanabeaumond.com.br\/vestidos-noiva\/wp-json\/wp\/v2\/posts"}],"about":[{"href":"https:\/\/www.ivanabeaumond.com.br\/vestidos-noiva\/wp-json\/wp\/v2\/types\/post"}],"author":[{"embeddable":true,"href":"https:\/\/www.ivanabeaumond.com.br\/vestidos-noiva\/wp-json\/wp\/v2\/users\/4"}],"replies":[{"embeddable":true,"href":"https:\/\/www.ivanabeaumond.com.br\/vestidos-noiva\/wp-json\/wp\/v2\/comments?post=16308"}],"version-history":[{"count":36,"href":"https:\/\/www.ivanabeaumond.com.br\/vestidos-noiva\/wp-json\/wp\/v2\/posts\/16308\/revisions"}],"predecessor-version":[{"id":16361,"href":"https:\/\/www.ivanabeaumond.com.br\/vestidos-noiva\/wp-json\/wp\/v2\/posts\/16308\/revisions\/16361"}],"wp:featuredmedia":[{"embeddable":true,"href":"https:\/\/www.ivanabeaumond.com.br\/vestidos-noiva\/wp-json\/wp\/v2\/media\/16356"}],"wp:attachment":[{"href":"https:\/\/www.ivanabeaumond.com.br\/vestidos-noiva\/wp-json\/wp\/v2\/media?parent=16308"}],"wp:term":[{"taxonomy":"category","embeddable":true,"href":"https:\/\/www.ivanabeaumond.com.br\/vestidos-noiva\/wp-json\/wp\/v2\/categories?post=16308"},{"taxonomy":"post_tag","embeddable":true,"href":"https:\/\/www.ivanabeaumond.com.br\/vestidos-noiva\/wp-json\/wp\/v2\/tags?post=16308"}],"curies":[{"name":"wp","href":"https:\/\/api.w.org\/{rel}","templated":true}]}}