{"id":16413,"date":"2018-11-07T15:15:01","date_gmt":"2018-11-07T17:15:01","guid":{"rendered":"http:\/\/www.ivanabeaumond.com.br\/vestidos-noiva\/?p=16413"},"modified":"2018-11-19T21:19:01","modified_gmt":"2018-11-19T23:19:01","slug":"e-hoje-ivana-beaumond-comemora-aniversario-no-rio","status":"publish","type":"post","link":"https:\/\/www.ivanabeaumond.com.br\/vestidos-noiva\/e-hoje-ivana-beaumond-comemora-aniversario-no-rio\/","title":{"rendered":"\u00c9 Hoje! Ivana Beaumond comemora anivers\u00e1rio no Rio."},"content":{"rendered":"<h4 style=\"text-align: justify;\"><span style=\"color: #999999;\">Hoje \u00e9 dia de comemorar o anivers\u00e1rio da\u00a0mulher que \u00e9\u00a0nossa maior inspira\u00e7\u00e3o, e respons\u00e1vel por\u00a0todas as cria\u00e7\u00f5es impec\u00e1veis que voc\u00ea acompanha aqui no blog &#8211; nossa querida estilista, empres\u00e1ria, artista e realizadora de sonhos, Ivana Beaumond!<\/span><\/h4>\n<p>&nbsp;<\/p>\n<p>&nbsp;<\/p>\n<p><a href=\"http:\/\/www.ivanabeaumond.com.br\/vestidos-noiva\/wp-content\/uploads\/2018\/11\/Anivers\u00e1rio-Ivana-Beaumond-Estilista-Famosa-59.jpg\"><img decoding=\"async\" loading=\"lazy\" class=\"aligncenter size-large wp-image-16526\" src=\"http:\/\/www.ivanabeaumond.com.br\/vestidos-noiva\/wp-content\/uploads\/2018\/11\/Anivers\u00e1rio-Ivana-Beaumond-Estilista-Famosa-59-1024x683.jpg\" alt=\"Anivers\u00e1rio Ivana Beaumond Estilista Famosa (59)\" width=\"1024\" height=\"683\" srcset=\"https:\/\/www.ivanabeaumond.com.br\/vestidos-noiva\/wp-content\/uploads\/2018\/11\/Anivers\u00e1rio-Ivana-Beaumond-Estilista-Famosa-59-1024x683.jpg 1024w, https:\/\/www.ivanabeaumond.com.br\/vestidos-noiva\/wp-content\/uploads\/2018\/11\/Anivers\u00e1rio-Ivana-Beaumond-Estilista-Famosa-59-300x200.jpg 300w, https:\/\/www.ivanabeaumond.com.br\/vestidos-noiva\/wp-content\/uploads\/2018\/11\/Anivers\u00e1rio-Ivana-Beaumond-Estilista-Famosa-59-480x320.jpg 480w, https:\/\/www.ivanabeaumond.com.br\/vestidos-noiva\/wp-content\/uploads\/2018\/11\/Anivers\u00e1rio-Ivana-Beaumond-Estilista-Famosa-59.jpg 1417w\" sizes=\"(max-width: 1024px) 100vw, 1024px\" \/><\/a><\/p>\n<h4 style=\"text-align: justify;\"><span style=\"color: #999999;\">Para celebrar esse grande dia, Ivana preparou um evento que promete ser inesquec\u00edvel: uma festa inspirada no hist\u00f3rico cabar\u00e9 franc\u00eas Moulin Rouge. Quem a conhece sabe que ela ama pesquisar tend\u00eancias internacionais e\u00a0costuma estar sempre viajando\u00a0&#8211; e foi em sua \u00faltima visita a Paris que conheceu a famosa casa de shows e se apaixonou. Ivana, ent\u00e3o, teve a ideia\u00a0de uma festa tem\u00e1tica, e se juntou ao promoter David Santiago para tir\u00e1-la do papel.<\/span><\/h4>\n<p>&nbsp;<\/p>\n<p>&nbsp;<\/p>\n<h4 style=\"text-align: justify;\"><span style=\"color: #999999;\">A decora\u00e7\u00e3o \u00e9 assinada por Val\u00e9ria e Ricardo Laurentino, e promete trazer muito luxo, com tons de vermelho e dourado, lustres e casti\u00e7ais e muitos elementos do cabar\u00e9 chique.<\/span><\/h4>\n<p>&nbsp;<\/p>\n<p>&nbsp;<\/p>\n<h4 style=\"text-align: justify;\"><span style=\"color: #999999;\">Ivana \u00e9 uma pessoa celebrativa,\u00a0que valoriza os momentos felizes . &#8220;Quero que meu anivers\u00e1rio tamb\u00e9m seja um presente para os meus convidados e que eles se emocionem desde o convite at\u00e9 a festa.&#8221; &#8211; comenta. Al\u00e9m de atra\u00e7\u00f5es \u00fanicas,\u00a0os 300 convidados poder\u00e3o degustar\u00a0um delicioso buffet preparado pelo Mimo Festas e o tradicional japon\u00eas Hinata.<\/span><\/h4>\n<p>&nbsp;<\/p>\n<h4 style=\"text-align: justify;\"><span style=\"color: #999999;\">\u00a0<\/span><\/h4>\n<h4 style=\"text-align: justify;\"><span style=\"color: #999999;\">O evento acontece hoje na Mans\u00e3o Carioca, no Alto do Boa Vista. Gostar\u00edamos de agradecer nossos parceiros que est\u00e3o tornando essa produ\u00e7\u00e3o poss\u00edvel, e desejar que a nossa aniversariante brilhe muito essa noite!<\/span><\/h4>\n<p>&nbsp;<\/p>\n<p>&nbsp;<\/p>\n<h4 style=\"text-align: justify;\"><span style=\"color: #999999;\">Confira as mat\u00e9rias feitas pelo <span style=\"color: #000000;\"><a style=\"color: #000000;\" href=\"http:\/\/central-brasil.com\/moda\/empresaria-ivana-beaumond-celebra-aniversario-com-grande-festa-no-rio\/\" target=\"_blank\">Central Brasil<\/a> <\/span>,\u00a0<span style=\"color: #000000;\"><a style=\"color: #000000;\" href=\"http:\/\/www.portalmaismidia.com.br\/empresaria-ivana-beaumond-celebra-aniversario-com-grande-festa-no-rio\/\">Portal Mais M\u00eddia<\/a><\/span>, <span style=\"color: #000000;\"><a style=\"color: #000000;\" href=\"http:\/\/www.jornaldosfamosos.com.br\/empresaria-iavana-beaumond-celebra-aniversario-com-grande-festa-no-rio\/\" target=\"_blank\">Jornal dos Famosos<\/a><\/span> e<span style=\"color: #000000;\"> <a style=\"color: #000000;\" href=\"https:\/\/tonamidia.com.br\/empresaria-ivana-beaumond-celebra-aniversario-com-grande-festa-no-rio\/\" target=\"_blank\">T\u00f4 na M\u00eddia<\/a><\/span> nos respectivos links!<\/span><\/h4>\n<p>&nbsp;<\/p>\n<p>&nbsp;<\/p>\n<p>&nbsp;<\/p>\n<p>&nbsp;<\/p>\n<p>&nbsp;<\/p>\n<h4><span style=\"color: #999999;\">Gostou? Siga nosso instagram<\/span>\u00a0<a href=\"https:\/\/www.instagram.com\/ivanabeaumond\/\">@ivanabeaumond<\/a>\u00a0<span style=\"color: #999999;\">e curta nossa fanpage<\/span>\u00a0<a href=\"https:\/\/www.facebook.com\/IvanaBeaumond\/\">Ivana Beaumond<\/a>\u00a0<span style=\"color: #999999;\">e fique por dentro de tudo o que rola no mundo das noivas e conhe\u00e7a nossos Melhores Modelos de Vestidos de Noivas Nacionais, Importados e Sob Medida.<\/span><\/h4>\n<p>&nbsp;<\/p>\n<p>&nbsp;<\/p>\n","protected":false},"excerpt":{"rendered":"<p>Hoje \u00e9 dia de comemorar o anivers\u00e1rio da\u00a0mulher que \u00e9\u00a0nossa&#8230;<\/p>\n","protected":false},"author":4,"featured_media":16526,"comment_status":"closed","ping_status":"closed","sticky":false,"template":"","format":"standard","meta":[],"categories":[60,128],"tags":[363,133,420,422,365,293,407,107,418,423,136,155,421,383,164,361,271,395,419,138],"yoast_head":"<!-- This site is optimized with the Yoast SEO plugin v20.3 - https:\/\/yoast.com\/wordpress\/plugins\/seo\/ -->\n<title>\u00c9 Hoje! Ivana Beaumond comemora anivers\u00e1rio no Rio. - Vestido de Noiva RJ<\/title>\n<meta name=\"robots\" content=\"index, follow, max-snippet:-1, max-image-preview:large, max-video-preview:-1\" \/>\n<link rel=\"canonical\" href=\"https:\/\/www.ivanabeaumond.com.br\/vestidos-noiva\/e-hoje-ivana-beaumond-comemora-aniversario-no-rio\/\" \/>\n<meta property=\"og:locale\" content=\"pt_BR\" \/>\n<meta property=\"og:type\" content=\"article\" \/>\n<meta property=\"og:title\" content=\"\u00c9 Hoje! Ivana Beaumond comemora anivers\u00e1rio no Rio. - Vestido de Noiva RJ\" \/>\n<meta property=\"og:description\" content=\"Hoje \u00e9 dia de comemorar o anivers\u00e1rio da\u00a0mulher que \u00e9\u00a0nossa...\" \/>\n<meta property=\"og:url\" content=\"https:\/\/www.ivanabeaumond.com.br\/vestidos-noiva\/e-hoje-ivana-beaumond-comemora-aniversario-no-rio\/\" \/>\n<meta property=\"og:site_name\" content=\"Vestido de Noiva RJ\" \/>\n<meta property=\"article:publisher\" content=\"https:\/\/www.facebook.com\/ivana.beaumondnoivas\" \/>\n<meta property=\"article:published_time\" content=\"2018-11-07T17:15:01+00:00\" \/>\n<meta property=\"article:modified_time\" content=\"2018-11-19T23:19:01+00:00\" \/>\n<meta property=\"og:image\" content=\"https:\/\/www.ivanabeaumond.com.br\/vestidos-noiva\/wp-content\/uploads\/2018\/11\/Anivers\u00e1rio-Ivana-Beaumond-Estilista-Famosa-59.jpg\" \/>\n\t<meta property=\"og:image:width\" content=\"1417\" \/>\n\t<meta property=\"og:image:height\" content=\"945\" \/>\n\t<meta property=\"og:image:type\" content=\"image\/jpeg\" \/>\n<meta name=\"author\" content=\"Ivana Beaumond Paris\" \/>\n<meta name=\"twitter:card\" content=\"summary_large_image\" \/>\n<meta name=\"twitter:label1\" content=\"Escrito por\" \/>\n\t<meta name=\"twitter:data1\" content=\"Ivana Beaumond Paris\" \/>\n\t<meta name=\"twitter:label2\" content=\"Est. tempo de leitura\" \/>\n\t<meta name=\"twitter:data2\" content=\"2 minutos\" \/>\n<script type=\"application\/ld+json\" class=\"yoast-schema-graph\">{\"@context\":\"https:\/\/schema.org\",\"@graph\":[{\"@type\":\"Article\",\"@id\":\"https:\/\/www.ivanabeaumond.com.br\/vestidos-noiva\/e-hoje-ivana-beaumond-comemora-aniversario-no-rio\/#article\",\"isPartOf\":{\"@id\":\"https:\/\/www.ivanabeaumond.com.br\/vestidos-noiva\/e-hoje-ivana-beaumond-comemora-aniversario-no-rio\/\"},\"author\":{\"name\":\"Ivana Beaumond Paris\",\"@id\":\"https:\/\/www.ivanabeaumond.com.br\/vestidos-noiva\/#\/schema\/person\/1a360c4cffa3b806d29a456389dcff26\"},\"headline\":\"\u00c9 Hoje! Ivana Beaumond comemora anivers\u00e1rio no Rio.\",\"datePublished\":\"2018-11-07T17:15:01+00:00\",\"dateModified\":\"2018-11-19T23:19:01+00:00\",\"mainEntityOfPage\":{\"@id\":\"https:\/\/www.ivanabeaumond.com.br\/vestidos-noiva\/e-hoje-ivana-beaumond-comemora-aniversario-no-rio\/\"},\"wordCount\":341,\"publisher\":{\"@id\":\"https:\/\/www.ivanabeaumond.com.br\/vestidos-noiva\/#organization\"},\"keywords\":[\"anivers\u00e1rio\",\"atelierivanabeaumond\",\"cabar\u00e9\",\"dagema\",\"David Santiago\",\"errejota\",\"festa tem\u00e1tica\",\"ivanabeaumond\",\"jornaldosfamosos\",\"mans\u00e3o carioca\",\"moda festa\",\"modanoiva\",\"moulin rouge\",\"nam\u00eddia\",\"noivas\",\"party\",\"portal r7\",\"portalmaismidia\",\"tonam\u00eddia\",\"vestido de festa\"],\"articleSection\":[\"Blog\",\"Na M\u00eddia\"],\"inLanguage\":\"pt-BR\"},{\"@type\":\"WebPage\",\"@id\":\"https:\/\/www.ivanabeaumond.com.br\/vestidos-noiva\/e-hoje-ivana-beaumond-comemora-aniversario-no-rio\/\",\"url\":\"https:\/\/www.ivanabeaumond.com.br\/vestidos-noiva\/e-hoje-ivana-beaumond-comemora-aniversario-no-rio\/\",\"name\":\"\u00c9 Hoje! Ivana Beaumond comemora anivers\u00e1rio no Rio. - Vestido de Noiva RJ\",\"isPartOf\":{\"@id\":\"https:\/\/www.ivanabeaumond.com.br\/vestidos-noiva\/#website\"},\"datePublished\":\"2018-11-07T17:15:01+00:00\",\"dateModified\":\"2018-11-19T23:19:01+00:00\",\"breadcrumb\":{\"@id\":\"https:\/\/www.ivanabeaumond.com.br\/vestidos-noiva\/e-hoje-ivana-beaumond-comemora-aniversario-no-rio\/#breadcrumb\"},\"inLanguage\":\"pt-BR\",\"potentialAction\":[{\"@type\":\"ReadAction\",\"target\":[\"https:\/\/www.ivanabeaumond.com.br\/vestidos-noiva\/e-hoje-ivana-beaumond-comemora-aniversario-no-rio\/\"]}]},{\"@type\":\"BreadcrumbList\",\"@id\":\"https:\/\/www.ivanabeaumond.com.br\/vestidos-noiva\/e-hoje-ivana-beaumond-comemora-aniversario-no-rio\/#breadcrumb\",\"itemListElement\":[{\"@type\":\"ListItem\",\"position\":1,\"name\":\"In\u00edcio\",\"item\":\"https:\/\/www.ivanabeaumond.com.br\/vestidos-noiva\/\"},{\"@type\":\"ListItem\",\"position\":2,\"name\":\"\u00c9 Hoje! Ivana Beaumond comemora anivers\u00e1rio no Rio.\"}]},{\"@type\":\"WebSite\",\"@id\":\"https:\/\/www.ivanabeaumond.com.br\/vestidos-noiva\/#website\",\"url\":\"https:\/\/www.ivanabeaumond.com.br\/vestidos-noiva\/\",\"name\":\"Vestido de Noiva RJ\",\"description\":\"Moda Noiva\",\"publisher\":{\"@id\":\"https:\/\/www.ivanabeaumond.com.br\/vestidos-noiva\/#organization\"},\"potentialAction\":[{\"@type\":\"SearchAction\",\"target\":{\"@type\":\"EntryPoint\",\"urlTemplate\":\"https:\/\/www.ivanabeaumond.com.br\/vestidos-noiva\/?s={search_term_string}\"},\"query-input\":\"required name=search_term_string\"}],\"inLanguage\":\"pt-BR\"},{\"@type\":\"Organization\",\"@id\":\"https:\/\/www.ivanabeaumond.com.br\/vestidos-noiva\/#organization\",\"name\":\"Vestido de Noiva RJ\",\"url\":\"https:\/\/www.ivanabeaumond.com.br\/vestidos-noiva\/\",\"logo\":{\"@type\":\"ImageObject\",\"inLanguage\":\"pt-BR\",\"@id\":\"https:\/\/www.ivanabeaumond.com.br\/vestidos-noiva\/#\/schema\/logo\/image\/\",\"url\":\"https:\/\/www.ivanabeaumond.com.br\/vestidos-noiva\/wp-content\/uploads\/2018\/02\/logo_ivana_beaumond-2.png\",\"contentUrl\":\"https:\/\/www.ivanabeaumond.com.br\/vestidos-noiva\/wp-content\/uploads\/2018\/02\/logo_ivana_beaumond-2.png\",\"width\":230,\"height\":112,\"caption\":\"Vestido de Noiva RJ\"},\"image\":{\"@id\":\"https:\/\/www.ivanabeaumond.com.br\/vestidos-noiva\/#\/schema\/logo\/image\/\"},\"sameAs\":[\"https:\/\/www.facebook.com\/ivana.beaumondnoivas\",\"https:\/\/www.instagram.com\/ivanabeaumond\/\",\"https:\/\/www.tiktok.com\/@ivanabeaumond\"]},{\"@type\":\"Person\",\"@id\":\"https:\/\/www.ivanabeaumond.com.br\/vestidos-noiva\/#\/schema\/person\/1a360c4cffa3b806d29a456389dcff26\",\"name\":\"Ivana Beaumond Paris\",\"image\":{\"@type\":\"ImageObject\",\"inLanguage\":\"pt-BR\",\"@id\":\"https:\/\/www.ivanabeaumond.com.br\/vestidos-noiva\/#\/schema\/person\/image\/\",\"url\":\"https:\/\/secure.gravatar.com\/avatar\/641f98db20b53ec937ceb641db4270b9?s=96&d=mm&r=g\",\"contentUrl\":\"https:\/\/secure.gravatar.com\/avatar\/641f98db20b53ec937ceb641db4270b9?s=96&d=mm&r=g\",\"caption\":\"Ivana Beaumond Paris\"},\"url\":\"https:\/\/www.ivanabeaumond.com.br\/vestidos-noiva\/author\/ivana\/\"}]}<\/script>\n<!-- \/ Yoast SEO plugin. -->","yoast_head_json":{"title":"\u00c9 Hoje! Ivana Beaumond comemora anivers\u00e1rio no Rio. - Vestido de Noiva RJ","robots":{"index":"index","follow":"follow","max-snippet":"max-snippet:-1","max-image-preview":"max-image-preview:large","max-video-preview":"max-video-preview:-1"},"canonical":"https:\/\/www.ivanabeaumond.com.br\/vestidos-noiva\/e-hoje-ivana-beaumond-comemora-aniversario-no-rio\/","og_locale":"pt_BR","og_type":"article","og_title":"\u00c9 Hoje! Ivana Beaumond comemora anivers\u00e1rio no Rio. - Vestido de Noiva RJ","og_description":"Hoje \u00e9 dia de comemorar o anivers\u00e1rio da\u00a0mulher que \u00e9\u00a0nossa...","og_url":"https:\/\/www.ivanabeaumond.com.br\/vestidos-noiva\/e-hoje-ivana-beaumond-comemora-aniversario-no-rio\/","og_site_name":"Vestido de Noiva RJ","article_publisher":"https:\/\/www.facebook.com\/ivana.beaumondnoivas","article_published_time":"2018-11-07T17:15:01+00:00","article_modified_time":"2018-11-19T23:19:01+00:00","og_image":[{"width":1417,"height":945,"url":"https:\/\/www.ivanabeaumond.com.br\/vestidos-noiva\/wp-content\/uploads\/2018\/11\/Anivers\u00e1rio-Ivana-Beaumond-Estilista-Famosa-59.jpg","type":"image\/jpeg"}],"author":"Ivana Beaumond Paris","twitter_card":"summary_large_image","twitter_misc":{"Escrito por":"Ivana Beaumond Paris","Est. tempo de leitura":"2 minutos"},"schema":{"@context":"https:\/\/schema.org","@graph":[{"@type":"Article","@id":"https:\/\/www.ivanabeaumond.com.br\/vestidos-noiva\/e-hoje-ivana-beaumond-comemora-aniversario-no-rio\/#article","isPartOf":{"@id":"https:\/\/www.ivanabeaumond.com.br\/vestidos-noiva\/e-hoje-ivana-beaumond-comemora-aniversario-no-rio\/"},"author":{"name":"Ivana Beaumond Paris","@id":"https:\/\/www.ivanabeaumond.com.br\/vestidos-noiva\/#\/schema\/person\/1a360c4cffa3b806d29a456389dcff26"},"headline":"\u00c9 Hoje! Ivana Beaumond comemora anivers\u00e1rio no Rio.","datePublished":"2018-11-07T17:15:01+00:00","dateModified":"2018-11-19T23:19:01+00:00","mainEntityOfPage":{"@id":"https:\/\/www.ivanabeaumond.com.br\/vestidos-noiva\/e-hoje-ivana-beaumond-comemora-aniversario-no-rio\/"},"wordCount":341,"publisher":{"@id":"https:\/\/www.ivanabeaumond.com.br\/vestidos-noiva\/#organization"},"keywords":["anivers\u00e1rio","atelierivanabeaumond","cabar\u00e9","dagema","David Santiago","errejota","festa tem\u00e1tica","ivanabeaumond","jornaldosfamosos","mans\u00e3o carioca","moda festa","modanoiva","moulin rouge","nam\u00eddia","noivas","party","portal r7","portalmaismidia","tonam\u00eddia","vestido de festa"],"articleSection":["Blog","Na M\u00eddia"],"inLanguage":"pt-BR"},{"@type":"WebPage","@id":"https:\/\/www.ivanabeaumond.com.br\/vestidos-noiva\/e-hoje-ivana-beaumond-comemora-aniversario-no-rio\/","url":"https:\/\/www.ivanabeaumond.com.br\/vestidos-noiva\/e-hoje-ivana-beaumond-comemora-aniversario-no-rio\/","name":"\u00c9 Hoje! Ivana Beaumond comemora anivers\u00e1rio no Rio. - Vestido de Noiva RJ","isPartOf":{"@id":"https:\/\/www.ivanabeaumond.com.br\/vestidos-noiva\/#website"},"datePublished":"2018-11-07T17:15:01+00:00","dateModified":"2018-11-19T23:19:01+00:00","breadcrumb":{"@id":"https:\/\/www.ivanabeaumond.com.br\/vestidos-noiva\/e-hoje-ivana-beaumond-comemora-aniversario-no-rio\/#breadcrumb"},"inLanguage":"pt-BR","potentialAction":[{"@type":"ReadAction","target":["https:\/\/www.ivanabeaumond.com.br\/vestidos-noiva\/e-hoje-ivana-beaumond-comemora-aniversario-no-rio\/"]}]},{"@type":"BreadcrumbList","@id":"https:\/\/www.ivanabeaumond.com.br\/vestidos-noiva\/e-hoje-ivana-beaumond-comemora-aniversario-no-rio\/#breadcrumb","itemListElement":[{"@type":"ListItem","position":1,"name":"In\u00edcio","item":"https:\/\/www.ivanabeaumond.com.br\/vestidos-noiva\/"},{"@type":"ListItem","position":2,"name":"\u00c9 Hoje! Ivana Beaumond comemora anivers\u00e1rio no Rio."}]},{"@type":"WebSite","@id":"https:\/\/www.ivanabeaumond.com.br\/vestidos-noiva\/#website","url":"https:\/\/www.ivanabeaumond.com.br\/vestidos-noiva\/","name":"Vestido de Noiva RJ","description":"Moda Noiva","publisher":{"@id":"https:\/\/www.ivanabeaumond.com.br\/vestidos-noiva\/#organization"},"potentialAction":[{"@type":"SearchAction","target":{"@type":"EntryPoint","urlTemplate":"https:\/\/www.ivanabeaumond.com.br\/vestidos-noiva\/?s={search_term_string}"},"query-input":"required name=search_term_string"}],"inLanguage":"pt-BR"},{"@type":"Organization","@id":"https:\/\/www.ivanabeaumond.com.br\/vestidos-noiva\/#organization","name":"Vestido de Noiva RJ","url":"https:\/\/www.ivanabeaumond.com.br\/vestidos-noiva\/","logo":{"@type":"ImageObject","inLanguage":"pt-BR","@id":"https:\/\/www.ivanabeaumond.com.br\/vestidos-noiva\/#\/schema\/logo\/image\/","url":"https:\/\/www.ivanabeaumond.com.br\/vestidos-noiva\/wp-content\/uploads\/2018\/02\/logo_ivana_beaumond-2.png","contentUrl":"https:\/\/www.ivanabeaumond.com.br\/vestidos-noiva\/wp-content\/uploads\/2018\/02\/logo_ivana_beaumond-2.png","width":230,"height":112,"caption":"Vestido de Noiva RJ"},"image":{"@id":"https:\/\/www.ivanabeaumond.com.br\/vestidos-noiva\/#\/schema\/logo\/image\/"},"sameAs":["https:\/\/www.facebook.com\/ivana.beaumondnoivas","https:\/\/www.instagram.com\/ivanabeaumond\/","https:\/\/www.tiktok.com\/@ivanabeaumond"]},{"@type":"Person","@id":"https:\/\/www.ivanabeaumond.com.br\/vestidos-noiva\/#\/schema\/person\/1a360c4cffa3b806d29a456389dcff26","name":"Ivana Beaumond Paris","image":{"@type":"ImageObject","inLanguage":"pt-BR","@id":"https:\/\/www.ivanabeaumond.com.br\/vestidos-noiva\/#\/schema\/person\/image\/","url":"https:\/\/secure.gravatar.com\/avatar\/641f98db20b53ec937ceb641db4270b9?s=96&d=mm&r=g","contentUrl":"https:\/\/secure.gravatar.com\/avatar\/641f98db20b53ec937ceb641db4270b9?s=96&d=mm&r=g","caption":"Ivana Beaumond Paris"},"url":"https:\/\/www.ivanabeaumond.com.br\/vestidos-noiva\/author\/ivana\/"}]}},"_links":{"self":[{"href":"https:\/\/www.ivanabeaumond.com.br\/vestidos-noiva\/wp-json\/wp\/v2\/posts\/16413"}],"collection":[{"href":"https:\/\/www.ivanabeaumond.com.br\/vestidos-noiva\/wp-json\/wp\/v2\/posts"}],"about":[{"href":"https:\/\/www.ivanabeaumond.com.br\/vestidos-noiva\/wp-json\/wp\/v2\/types\/post"}],"author":[{"embeddable":true,"href":"https:\/\/www.ivanabeaumond.com.br\/vestidos-noiva\/wp-json\/wp\/v2\/users\/4"}],"replies":[{"embeddable":true,"href":"https:\/\/www.ivanabeaumond.com.br\/vestidos-noiva\/wp-json\/wp\/v2\/comments?post=16413"}],"version-history":[{"count":15,"href":"https:\/\/www.ivanabeaumond.com.br\/vestidos-noiva\/wp-json\/wp\/v2\/posts\/16413\/revisions"}],"predecessor-version":[{"id":16525,"href":"https:\/\/www.ivanabeaumond.com.br\/vestidos-noiva\/wp-json\/wp\/v2\/posts\/16413\/revisions\/16525"}],"wp:featuredmedia":[{"embeddable":true,"href":"https:\/\/www.ivanabeaumond.com.br\/vestidos-noiva\/wp-json\/wp\/v2\/media\/16526"}],"wp:attachment":[{"href":"https:\/\/www.ivanabeaumond.com.br\/vestidos-noiva\/wp-json\/wp\/v2\/media?parent=16413"}],"wp:term":[{"taxonomy":"category","embeddable":true,"href":"https:\/\/www.ivanabeaumond.com.br\/vestidos-noiva\/wp-json\/wp\/v2\/categories?post=16413"},{"taxonomy":"post_tag","embeddable":true,"href":"https:\/\/www.ivanabeaumond.com.br\/vestidos-noiva\/wp-json\/wp\/v2\/tags?post=16413"}],"curies":[{"name":"wp","href":"https:\/\/api.w.org\/{rel}","templated":true}]}}