{"id":16439,"date":"2018-11-09T18:02:52","date_gmt":"2018-11-09T20:02:52","guid":{"rendered":"http:\/\/www.ivanabeaumond.com.br\/vestidos-noiva\/?p=16439"},"modified":"2018-11-13T18:17:58","modified_gmt":"2018-11-13T20:17:58","slug":"tudo-sobre-o-aniversario-da-ivana-beaumond","status":"publish","type":"post","link":"https:\/\/www.ivanabeaumond.com.br\/vestidos-noiva\/tudo-sobre-o-aniversario-da-ivana-beaumond\/","title":{"rendered":"Tudo Sobre o Anivers\u00e1rio da Ivana Beaumond"},"content":{"rendered":"<h4 style=\"text-align: justify;\"><span style=\"color: #999999;\">Dia\u00a07 de novembro, foi o anivers\u00e1rio dessa mulher incr\u00edvel que est\u00e1 por tr\u00e1s de todas as cria\u00e7\u00f5es impec\u00e1veis que voc\u00ea acompanha aqui no blog \u2013 nossa querida estilista, empres\u00e1ria e realizadora de sonhos, Ivana Beaumond!<\/span><\/h4>\n<p>&nbsp;<\/p>\n<h4 style=\"text-align: justify;\"><span style=\"color: #999999;\">Ivana \u00e9 uma pessoa super animada e celebrativa, e n\u00e3o podia deixar esse dia\u00a0especial passar em branco. Ela comemorou em grande estilo, em uma festa arrasadora para mais de 300 convidados, que aconteceu na renomada Mans\u00e3o Carioca, no Rio.<\/span><\/h4>\n<p>&nbsp;<\/p>\n<p>&nbsp;<\/p>\n<p>&nbsp;<\/p>\n<h4><span style=\"color: #999999;\">Preparamos esse post contando tudo sobre essa noite memor\u00e1vel, que parou a cidade do Rio de Janeiro!<\/span><\/h4>\n<p>&nbsp;<\/p>\n<p>&nbsp;<\/p>\n<p><img decoding=\"async\" loading=\"lazy\" class=\"aligncenter size-large wp-image-16441\" src=\"http:\/\/www.ivanabeaumond.com.br\/vestidos-noiva\/wp-content\/uploads\/2018\/11\/aniversa-ivana-beaumond-mansao-carioca-2018-moulin-rouge-53-1024x683.jpg\" alt=\"aniversa-ivana-beaumond-mansao-carioca-2018-moulin-rouge (53)\" width=\"1024\" height=\"683\" srcset=\"https:\/\/www.ivanabeaumond.com.br\/vestidos-noiva\/wp-content\/uploads\/2018\/11\/aniversa-ivana-beaumond-mansao-carioca-2018-moulin-rouge-53-1024x683.jpg 1024w, https:\/\/www.ivanabeaumond.com.br\/vestidos-noiva\/wp-content\/uploads\/2018\/11\/aniversa-ivana-beaumond-mansao-carioca-2018-moulin-rouge-53-300x200.jpg 300w, https:\/\/www.ivanabeaumond.com.br\/vestidos-noiva\/wp-content\/uploads\/2018\/11\/aniversa-ivana-beaumond-mansao-carioca-2018-moulin-rouge-53-480x320.jpg 480w\" sizes=\"(max-width: 1024px) 100vw, 1024px\" \/><\/p>\n<p>&nbsp;<\/p>\n<p>&nbsp;<\/p>\n<p>&nbsp;<\/p>\n<h4 style=\"text-align: justify;\"><span style=\"color: #999999;\">Nossa aniversariante foi, definitivamente, a estrela da noite. Ela usou um vestido vermelho todo bordado com brilhos, decote em V, e um detalhe de plumas pretas na manga. Depois, desfilou\u00a0um modelo preto com transpar\u00eancia e uma cauda\u00a0 com plumas, bem no clima cabar\u00e9 chic.<\/span><\/h4>\n<p>&nbsp;<\/p>\n<p>&nbsp;<\/p>\n<p><img decoding=\"async\" loading=\"lazy\" class=\"aligncenter size-large wp-image-16459\" src=\"http:\/\/www.ivanabeaumond.com.br\/vestidos-noiva\/wp-content\/uploads\/2018\/11\/aniversa-ivana-beaumond-mansao-carioca-2018-moulin-rouge-244-1024x683.jpg\" alt=\"aniversa-ivana-beaumond-mansao-carioca-2018-moulin-rouge (244)\" width=\"1024\" height=\"683\" srcset=\"https:\/\/www.ivanabeaumond.com.br\/vestidos-noiva\/wp-content\/uploads\/2018\/11\/aniversa-ivana-beaumond-mansao-carioca-2018-moulin-rouge-244-1024x683.jpg 1024w, https:\/\/www.ivanabeaumond.com.br\/vestidos-noiva\/wp-content\/uploads\/2018\/11\/aniversa-ivana-beaumond-mansao-carioca-2018-moulin-rouge-244-300x200.jpg 300w, https:\/\/www.ivanabeaumond.com.br\/vestidos-noiva\/wp-content\/uploads\/2018\/11\/aniversa-ivana-beaumond-mansao-carioca-2018-moulin-rouge-244-480x320.jpg 480w\" sizes=\"(max-width: 1024px) 100vw, 1024px\" \/><\/p>\n<p>&nbsp;<\/p>\n<h4 style=\"text-align: justify;\"><span style=\"color: #999999;\">Com uma decora\u00e7\u00e3o impec\u00e1vel assinada pelos talentosos <span style=\"color: #000000;\"><a style=\"color: #000000;\" href=\"http:\/\/www.valeriaericardolaurentino.com.br\/\" target=\"_blank\">Val\u00e9ria e Ricardo Laurentino<\/a><\/span>, o tema escolhido foi o luxuoso cabar\u00e9 franc\u00eas\u00a0<em>Moulin Rouge.\u00a0<\/em>A tem\u00e1tica foi uma ideia da pr\u00f3pria Ivana, que visitou o lugar em sua \u00faltima viagem a Paris e se apaixonou &#8211; ela quis fazer um evento onde seus convidados sentissem a mesma emo\u00e7\u00e3o que ela sentiu quando conheceu a hist\u00f3rica casa. Foi ent\u00e3o que se juntou ao amigo e parceiro, o promoter David Santiago, para produzir o evento.<\/span><\/h4>\n<p>&nbsp;<\/p>\n<h4 style=\"text-align: justify;\"><span style=\"color: #999999;\">O cen\u00e1rio abusou do vermelho e do dourado, que s\u00e3o as cores que representam o Moulin Rouge. Arranjos\u00a0com\u00a0rosas e plumas trouxeram refer\u00eancias do cabar\u00e9, enquanto os lustres, candelabros e m\u00f3veis deram uma atmosfera retr\u00f4 luxuosa.<\/span><\/h4>\n<p>&nbsp;<\/p>\n<p>&nbsp;<\/p>\n<p>&nbsp;<\/p>\n<p><img decoding=\"async\" loading=\"lazy\" class=\"aligncenter size-large wp-image-16455\" src=\"http:\/\/www.ivanabeaumond.com.br\/vestidos-noiva\/wp-content\/uploads\/2018\/11\/aniversa-ivana-beaumond-mansao-carioca-2018-moulin-rouge-40-1024x683.jpg\" alt=\"aniversa-ivana-beaumond-mansao-carioca-2018-moulin-rouge (40)\" width=\"1024\" height=\"683\" srcset=\"https:\/\/www.ivanabeaumond.com.br\/vestidos-noiva\/wp-content\/uploads\/2018\/11\/aniversa-ivana-beaumond-mansao-carioca-2018-moulin-rouge-40-1024x683.jpg 1024w, https:\/\/www.ivanabeaumond.com.br\/vestidos-noiva\/wp-content\/uploads\/2018\/11\/aniversa-ivana-beaumond-mansao-carioca-2018-moulin-rouge-40-300x200.jpg 300w, https:\/\/www.ivanabeaumond.com.br\/vestidos-noiva\/wp-content\/uploads\/2018\/11\/aniversa-ivana-beaumond-mansao-carioca-2018-moulin-rouge-40-480x320.jpg 480w\" sizes=\"(max-width: 1024px) 100vw, 1024px\" \/><\/p>\n<p>&nbsp;<\/p>\n<h4 style=\"text-align: justify;\"><\/h4>\n<h4 style=\"text-align: justify;\"><span style=\"color: #999999;\">O\u00a0sal\u00e3o ainda contou com um palco, com apresenta\u00e7\u00f5es de bandas e um Dj animando a pista. Tamb\u00e9m tivemos uma homenagem super emocionante feita pela fam\u00edlia da Ivana, com depoimentos de amigos, parentes e colaboradores passando em um tel\u00e3o.<\/span><\/h4>\n<p>&nbsp;<\/p>\n<h4 style=\"text-align: justify;\"><span style=\"color: #999999;\">O parab\u00e9ns foi\u00a0anunciado pelo grupo 3 Sax Live, em uma\u00a0apresenta\u00e7\u00e3o super inusitada e divertida.<\/span><\/h4>\n<p>&nbsp;<\/p>\n<h4 style=\"text-align: justify;\"><span style=\"color: #999999;\">Tamb\u00e9m teve uma encena\u00e7\u00e3o de cenas do filme Moulin Rouge, e uma apresenta\u00e7\u00e3o de tango que levou os convidados ao del\u00edrio!<\/span><\/h4>\n<p>&nbsp;<\/p>\n<h4 style=\"text-align: justify;\"><span style=\"color: #999999;\">O buffet ficou a cargo da <span style=\"color: #000000;\"><a style=\"color: #000000;\" href=\"https:\/\/www.mimofestasebuffet.com\/\" target=\"_blank\">Mimo Festas e\u00a0Buffet<\/a><\/span>, que preparou um card\u00e1pio exclusivo e delicioso para os convidados, que tamb\u00e9m puderam degustar o melhor sushi do Rio, servido pelo <span style=\"color: #000000;\"><a style=\"color: #000000;\" href=\"https:\/\/www.instagram.com\/hinatabufe\/?hl=pt-br\" target=\"_blank\">Hinata<\/a><\/span>. Os doces ficaram por conta da tradicional <span style=\"color: #000000;\"><a style=\"color: #000000;\" href=\"https:\/\/www.instagram.com\/prettochocolates\/\" target=\"_blank\">Pretto Chocolates<\/a>\u00a0<span style=\"color: #999999;\">e da<\/span> <a style=\"color: #000000;\" href=\"http:\/\/steindoceria.com.br\/\" target=\"_blank\">Stein Doceria<\/a>, <span style=\"color: #999999;\">e o bel\u00edssimo bolo tem\u00e1tico foi feito pela <span style=\"color: #000000;\"><a style=\"color: #000000;\" href=\"http:\/\/www.glacerealatelier.com.br\/\" target=\"_blank\">Glac\u00ea Real Atelier<\/a><\/span>. A festa tamb\u00e9m contou com um open bar de drinks deliciosos, preparados pela <span style=\"color: #000000;\"><a style=\"color: #000000;\" href=\"https:\/\/pt-br.facebook.com\/flavorbartenders\/\" target=\"_blank\">Flavor Bartenders<\/a><\/span>.<\/span><\/span><\/span><\/h4>\n<p>&nbsp;<\/p>\n<p>&nbsp;<\/p>\n<p>&nbsp;<\/p>\n<p><img decoding=\"async\" loading=\"lazy\" class=\"aligncenter size-large wp-image-16505\" src=\"http:\/\/www.ivanabeaumond.com.br\/vestidos-noiva\/wp-content\/uploads\/2018\/11\/aniversa-ivana-beaumond-mansao-carioca-2018-moulin-rouge-355-1024x683.jpg\" alt=\"aniversa-ivana-beaumond-mansao-carioca-2018-moulin-rouge (355)\" width=\"1024\" height=\"683\" srcset=\"https:\/\/www.ivanabeaumond.com.br\/vestidos-noiva\/wp-content\/uploads\/2018\/11\/aniversa-ivana-beaumond-mansao-carioca-2018-moulin-rouge-355-1024x683.jpg 1024w, https:\/\/www.ivanabeaumond.com.br\/vestidos-noiva\/wp-content\/uploads\/2018\/11\/aniversa-ivana-beaumond-mansao-carioca-2018-moulin-rouge-355-300x200.jpg 300w, https:\/\/www.ivanabeaumond.com.br\/vestidos-noiva\/wp-content\/uploads\/2018\/11\/aniversa-ivana-beaumond-mansao-carioca-2018-moulin-rouge-355-480x320.jpg 480w\" sizes=\"(max-width: 1024px) 100vw, 1024px\" \/><\/p>\n<p>&nbsp;<\/p>\n<p>&nbsp;<\/p>\n<p>&nbsp;<\/p>\n<h4 style=\"text-align: justify;\"><span style=\"color: #999999;\">Gostar\u00edamos de agradecer mais uma vez a todos os amigos, parceiros e colaboradores que tornaram essa festa poss\u00edvel! Esse evento n\u00e3o poderia ter sido t\u00e3o perfeito se n\u00e3o tivesse sido feito com tanto carinho e por pessoas t\u00e3o talentosas e competentes quanto as que estiveram envolvidas nessa produ\u00e7\u00e3o.<\/span><\/h4>\n<p>&nbsp;<\/p>\n<h4 style=\"text-align: justify;\"><span style=\"color: #999999;\">Veja mais\u00a0fotos do evento:<\/span><\/h4>\n<p>&nbsp;<\/p>\n<p>&nbsp;<\/p>\n<style id=\"bwg-style-0\">    #bwg_container1_0 #bwg_container2_0 .bwg-container-0.bwg-standard-thumbnails {      width: 724px;              justify-content: center;        margin:0 auto !important;              background-color: rgba(255, 255, 255, 0.00);            padding-left: 4px;      padding-top: 4px;      max-width: 100%;            }        #bwg_container1_0 #bwg_container2_0 .bwg-container-0.bwg-standard-thumbnails .bwg-item {    justify-content: flex-start;      max-width: 180px;            width: 180px !important;          }    #bwg_container1_0 #bwg_container2_0 .bwg-container-0.bwg-standard-thumbnails .bwg-item a {       margin-right: 4px;       margin-bottom: 4px;    }    #bwg_container1_0 #bwg_container2_0 .bwg-container-0.bwg-standard-thumbnails .bwg-item0 {      padding: 0px;            background-color:rgba(255,255,255, 0.30);      border: 0px none #CCCCCC;      opacity: 1.00;      border-radius: 0;      box-shadow: 0px 0px 0px #888888;    }    #bwg_container1_0 #bwg_container2_0 .bwg-container-0.bwg-standard-thumbnails .bwg-item1 img {      max-height: none;      max-width: none;      padding: 0 !important;    }        @media only screen and (min-width: 480px) {      #bwg_container1_0 #bwg_container2_0 .bwg-container-0.bwg-standard-thumbnails .bwg-item0 {        transition: all 0.3s ease 0s;-webkit-transition: all 0.3s ease 0s;      }      #bwg_container1_0 #bwg_container2_0 .bwg-container-0.bwg-standard-thumbnails .bwg-item0:hover {        -ms-transform: scale(1.1);        -webkit-transform: scale(1.1);        transform: scale(1.1);      }    }          #bwg_container1_0 #bwg_container2_0 .bwg-container-0.bwg-standard-thumbnails .bwg-item1 {      padding-top: 50%;    }        #bwg_container1_0 #bwg_container2_0 .bwg-container-0.bwg-standard-thumbnails .bwg-title2,    #bwg_container1_0 #bwg_container2_0 .bwg-container-0.bwg-standard-thumbnails .bwg-ecommerce2 {      color: #CCCCCC;      font-family: segoe ui;      font-size: 16px;      font-weight: bold;      padding: 2px;      text-shadow: 0px 0px 0px #888888;      max-height: 100%;    }    #bwg_container1_0 #bwg_container2_0 .bwg-container-0.bwg-standard-thumbnails .bwg-thumb-description span {    color: #323A45;    font-family: Ubuntu;    font-size: 12px;    max-height: 100%;    word-wrap: break-word;    }    #bwg_container1_0 #bwg_container2_0 .bwg-container-0.bwg-standard-thumbnails .bwg-play-icon2 {      font-size: 32px;    }    #bwg_container1_0 #bwg_container2_0 .bwg-container-0.bwg-standard-thumbnails .bwg-ecommerce2 {      font-size: 19.2px;      color: #CCCCCC;    }    <\/style>    <div id=\"bwg_container1_0\"         class=\"bwg_container bwg_thumbnail bwg_thumbnails \"         data-right-click-protection=\"0\"         data-bwg=\"0\"         data-scroll=\"0\"         data-gallery-type=\"thumbnails\"         data-gallery-view-type=\"thumbnails\"         data-current-url=\"\/vestidos-noiva\/wp-json\/wp\/v2\/posts\/16439\"         data-lightbox-url=\"https:\/\/www.ivanabeaumond.com.br\/vestidos-noiva\/wp-admin\/admin-ajax.php?action=GalleryBox&#038;current_view=0&#038;gallery_id=82&#038;tag=0&#038;theme_id=1&#038;shortcode_id=0&#038;sort_by=order&#038;order_by=asc&#038;current_url=%2Fvestidos-noiva%2Fwp-json%2Fwp%2Fv2%2Fposts%2F16439\"         data-gallery-id=\"82\"         data-popup-width=\"300\"         data-popup-height=\"300\"         data-is-album=\"gallery\"         data-buttons-position=\"bottom\">      <div id=\"bwg_container2_0\">             <div id=\"ajax_loading_0\" class=\"bwg_loading_div_1\">      <div class=\"bwg_loading_div_2\">        <div class=\"bwg_loading_div_3\">          <div id=\"loading_div_0\" class=\"bwg_spider_ajax_loading\">          <\/div>        <\/div>      <\/div>    <\/div>            <form id=\"gal_front_form_0\"              class=\"bwg-hidden\"              method=\"post\"              action=\"#\"              data-current=\"0\"              data-shortcode-id=\"0\"              data-gallery-type=\"thumbnails\"              data-gallery-id=\"82\"              data-tag=\"0\"              data-album-id=\"0\"              data-theme-id=\"1\"              data-ajax-url=\"https:\/\/www.ivanabeaumond.com.br\/vestidos-noiva\/wp-admin\/admin-ajax.php?action=bwg_frontend_data\">          <div id=\"bwg_container3_0\" class=\"bwg-background bwg-background-0\">                <div data-max-count=\"4\"         data-thumbnail-width=\"180\"         data-bwg=\"0\"         data-gallery-id=\"82\"         data-lightbox-url=\"https:\/\/www.ivanabeaumond.com.br\/vestidos-noiva\/wp-admin\/admin-ajax.php?action=GalleryBox&amp;current_view=0&amp;gallery_id=82&amp;tag=0&amp;theme_id=1&amp;shortcode_id=0&amp;sort_by=order&amp;order_by=asc&amp;current_url=%2Fvestidos-noiva%2Fwp-json%2Fwp%2Fv2%2Fposts%2F16439\"         id=\"bwg_thumbnails_0\"         class=\"bwg-container-0 bwg-thumbnails bwg-standard-thumbnails bwg-container bwg-border-box\">            <div class=\"bwg-item\">        <a class=\"bwg-a \"  data-elementor-open-lightbox=\"no\">                <div class=\"bwg-item0 \">          <div class=\"bwg-item1 \">            <div class=\"bwg-item2\">              <img class=\"skip-lazy bwg_standart_thumb_img_0 \"                   data-id=\"1776\"                   data-width=\"\"                   data-height=\"\"                   data-src=\"https:\/\/www.ivanabeaumond.com.br\/vestidos-noiva\/wp-content\/uploads\/photo-gallery\/thumb\/aniversa-ivana-beaumond-mansao-carioca-2018-moulin-rouge%20(53).jpg\"                   src=\"https:\/\/www.ivanabeaumond.com.br\/vestidos-noiva\/wp-content\/uploads\/photo-gallery\/thumb\/aniversa-ivana-beaumond-mansao-carioca-2018-moulin-rouge%20(53).jpg\"                   alt=\"aniversa-ivana-beaumond-mansao-carioca-2018-moulin-rouge (53)\"                   title=\"aniversa-ivana-beaumond-mansao-carioca-2018-moulin-rouge (53)\" \/>            <\/div>            <div class=\"\">                                                      <\/div>          <\/div>        <\/div>                        <\/a>              <\/div>            <div class=\"bwg-item\">        <a class=\"bwg-a \"  data-elementor-open-lightbox=\"no\">                <div class=\"bwg-item0 \">          <div class=\"bwg-item1 \">            <div class=\"bwg-item2\">              <img class=\"skip-lazy bwg_standart_thumb_img_0 \"                   data-id=\"1876\"                   data-width=\"\"                   data-height=\"\"                   data-src=\"https:\/\/www.ivanabeaumond.com.br\/vestidos-noiva\/wp-content\/uploads\/photo-gallery\/thumb\/aniversario-ivana-beaumond-mansao-carioca-moulin-rouge%20(54).jpg\"                   src=\"https:\/\/www.ivanabeaumond.com.br\/vestidos-noiva\/wp-content\/uploads\/photo-gallery\/thumb\/aniversario-ivana-beaumond-mansao-carioca-moulin-rouge%20(54).jpg\"                   alt=\"aniversario-ivana-beaumond-mansao-carioca-moulin-rouge (54)\"                   title=\"aniversario-ivana-beaumond-mansao-carioca-moulin-rouge (54)\" \/>            <\/div>            <div class=\"\">                                                      <\/div>          <\/div>        <\/div>                        <\/a>              <\/div>            <div class=\"bwg-item\">        <a class=\"bwg-a \"  data-elementor-open-lightbox=\"no\">                <div class=\"bwg-item0 \">          <div class=\"bwg-item1 \">            <div class=\"bwg-item2\">              <img class=\"skip-lazy bwg_standart_thumb_img_0 \"                   data-id=\"1801\"                   data-width=\"\"                   data-height=\"\"                   data-src=\"https:\/\/www.ivanabeaumond.com.br\/vestidos-noiva\/wp-content\/uploads\/photo-gallery\/thumb\/aniversa-ivana-beaumond-mansao-carioca-2018-moulin-rouge%20(96).jpg\"                   src=\"https:\/\/www.ivanabeaumond.com.br\/vestidos-noiva\/wp-content\/uploads\/photo-gallery\/thumb\/aniversa-ivana-beaumond-mansao-carioca-2018-moulin-rouge%20(96).jpg\"                   alt=\"aniversa-ivana-beaumond-mansao-carioca-2018-moulin-rouge (96)\"                   title=\"aniversa-ivana-beaumond-mansao-carioca-2018-moulin-rouge (96)\" \/>            <\/div>            <div class=\"\">                                                      <\/div>          <\/div>        <\/div>                        <\/a>              <\/div>            <div class=\"bwg-item\">        <a class=\"bwg-a \"  data-elementor-open-lightbox=\"no\">                <div class=\"bwg-item0 \">          <div class=\"bwg-item1 \">            <div class=\"bwg-item2\">              <img class=\"skip-lazy bwg_standart_thumb_img_0 \"                   data-id=\"1802\"                   data-width=\"\"                   data-height=\"\"                   data-src=\"https:\/\/www.ivanabeaumond.com.br\/vestidos-noiva\/wp-content\/uploads\/photo-gallery\/thumb\/aniversa-ivana-beaumond-mansao-carioca-2018-moulin-rouge%20(98).jpg\"                   src=\"https:\/\/www.ivanabeaumond.com.br\/vestidos-noiva\/wp-content\/uploads\/photo-gallery\/thumb\/aniversa-ivana-beaumond-mansao-carioca-2018-moulin-rouge%20(98).jpg\"                   alt=\"aniversa-ivana-beaumond-mansao-carioca-2018-moulin-rouge (98)\"                   title=\"aniversa-ivana-beaumond-mansao-carioca-2018-moulin-rouge (98)\" \/>            <\/div>            <div class=\"\">                                                      <\/div>          <\/div>        <\/div>                        <\/a>              <\/div>            <div class=\"bwg-item\">        <a class=\"bwg-a \"  data-elementor-open-lightbox=\"no\">                <div class=\"bwg-item0 \">          <div class=\"bwg-item1 \">            <div class=\"bwg-item2\">              <img class=\"skip-lazy bwg_standart_thumb_img_0 \"                   data-id=\"1903\"                   data-width=\"\"                   data-height=\"\"                   data-src=\"https:\/\/www.ivanabeaumond.com.br\/vestidos-noiva\/wp-content\/uploads\/photo-gallery\/thumb\/aniversa-ivana-beaumond-mansao-carioca-2018-moulin-rouge%20(188).jpg\"                   src=\"https:\/\/www.ivanabeaumond.com.br\/vestidos-noiva\/wp-content\/uploads\/photo-gallery\/thumb\/aniversa-ivana-beaumond-mansao-carioca-2018-moulin-rouge%20(188).jpg\"                   alt=\"aniversa-ivana-beaumond-mansao-carioca-2018-moulin-rouge (188)\"                   title=\"aniversa-ivana-beaumond-mansao-carioca-2018-moulin-rouge (188)\" \/>            <\/div>            <div class=\"\">                                                      <\/div>          <\/div>        <\/div>                        <\/a>              <\/div>            <div class=\"bwg-item\">        <a class=\"bwg-a \"  data-elementor-open-lightbox=\"no\">                <div class=\"bwg-item0 \">          <div class=\"bwg-item1 \">            <div class=\"bwg-item2\">              <img class=\"skip-lazy bwg_standart_thumb_img_0 \"                   data-id=\"1891\"                   data-width=\"\"                   data-height=\"\"                   data-src=\"https:\/\/www.ivanabeaumond.com.br\/vestidos-noiva\/wp-content\/uploads\/photo-gallery\/thumb\/aniversa-ivana-beaumond-mansao-carioca-2018-moulin-rouge%20(359).jpg\"                   src=\"https:\/\/www.ivanabeaumond.com.br\/vestidos-noiva\/wp-content\/uploads\/photo-gallery\/thumb\/aniversa-ivana-beaumond-mansao-carioca-2018-moulin-rouge%20(359).jpg\"                   alt=\"aniversa-ivana-beaumond-mansao-carioca-2018-moulin-rouge (359)\"                   title=\"aniversa-ivana-beaumond-mansao-carioca-2018-moulin-rouge (359)\" \/>            <\/div>            <div class=\"\">                                                      <\/div>          <\/div>        <\/div>                        <\/a>              <\/div>            <div class=\"bwg-item\">        <a class=\"bwg-a \"  data-elementor-open-lightbox=\"no\">                <div class=\"bwg-item0 \">          <div class=\"bwg-item1 \">            <div class=\"bwg-item2\">              <img class=\"skip-lazy bwg_standart_thumb_img_0 \"                   data-id=\"1890\"                   data-width=\"\"                   data-height=\"\"                   data-src=\"https:\/\/www.ivanabeaumond.com.br\/vestidos-noiva\/wp-content\/uploads\/photo-gallery\/thumb\/aniversa-ivana-beaumond-mansao-carioca-2018-moulin-rouge%20(154).jpg\"                   src=\"https:\/\/www.ivanabeaumond.com.br\/vestidos-noiva\/wp-content\/uploads\/photo-gallery\/thumb\/aniversa-ivana-beaumond-mansao-carioca-2018-moulin-rouge%20(154).jpg\"                   alt=\"aniversa-ivana-beaumond-mansao-carioca-2018-moulin-rouge (154)\"                   title=\"aniversa-ivana-beaumond-mansao-carioca-2018-moulin-rouge (154)\" \/>            <\/div>            <div class=\"\">                                                      <\/div>          <\/div>        <\/div>                        <\/a>              <\/div>            <div class=\"bwg-item\">        <a class=\"bwg-a \"  data-elementor-open-lightbox=\"no\">                <div class=\"bwg-item0 \">          <div class=\"bwg-item1 \">            <div class=\"bwg-item2\">              <img class=\"skip-lazy bwg_standart_thumb_img_0 \"                   data-id=\"1904\"                   data-width=\"\"                   data-height=\"\"                   data-src=\"https:\/\/www.ivanabeaumond.com.br\/vestidos-noiva\/wp-content\/uploads\/photo-gallery\/thumb\/aniversa-ivana-beaumond-mansao-carioca-2018-moulin-rouge%20(189).jpg\"                   src=\"https:\/\/www.ivanabeaumond.com.br\/vestidos-noiva\/wp-content\/uploads\/photo-gallery\/thumb\/aniversa-ivana-beaumond-mansao-carioca-2018-moulin-rouge%20(189).jpg\"                   alt=\"aniversa-ivana-beaumond-mansao-carioca-2018-moulin-rouge (189)\"                   title=\"aniversa-ivana-beaumond-mansao-carioca-2018-moulin-rouge (189)\" \/>            <\/div>            <div class=\"\">                                                      <\/div>          <\/div>        <\/div>                        <\/a>              <\/div>            <div class=\"bwg-item\">        <a class=\"bwg-a \"  data-elementor-open-lightbox=\"no\">                <div class=\"bwg-item0 \">          <div class=\"bwg-item1 \">            <div class=\"bwg-item2\">              <img class=\"skip-lazy bwg_standart_thumb_img_0 \"                   data-id=\"1902\"                   data-width=\"\"                   data-height=\"\"                   data-src=\"https:\/\/www.ivanabeaumond.com.br\/vestidos-noiva\/wp-content\/uploads\/photo-gallery\/thumb\/aniversa-ivana-beaumond-mansao-carioca-2018-moulin-rouge%20(146).jpg\"                   src=\"https:\/\/www.ivanabeaumond.com.br\/vestidos-noiva\/wp-content\/uploads\/photo-gallery\/thumb\/aniversa-ivana-beaumond-mansao-carioca-2018-moulin-rouge%20(146).jpg\"                   alt=\"aniversa-ivana-beaumond-mansao-carioca-2018-moulin-rouge (146)\"                   title=\"aniversa-ivana-beaumond-mansao-carioca-2018-moulin-rouge (146)\" \/>            <\/div>            <div class=\"\">                                                      <\/div>          <\/div>        <\/div>                        <\/a>              <\/div>            <div class=\"bwg-item\">        <a class=\"bwg-a \"  data-elementor-open-lightbox=\"no\">                <div class=\"bwg-item0 \">          <div class=\"bwg-item1 \">            <div class=\"bwg-item2\">              <img class=\"skip-lazy bwg_standart_thumb_img_0 \"                   data-id=\"1781\"                   data-width=\"\"                   data-height=\"\"                   data-src=\"https:\/\/www.ivanabeaumond.com.br\/vestidos-noiva\/wp-content\/uploads\/photo-gallery\/thumb\/aniversa-ivana-beaumond-mansao-carioca-2018-moulin-rouge%20(61).jpg\"                   src=\"https:\/\/www.ivanabeaumond.com.br\/vestidos-noiva\/wp-content\/uploads\/photo-gallery\/thumb\/aniversa-ivana-beaumond-mansao-carioca-2018-moulin-rouge%20(61).jpg\"                   alt=\"aniversa-ivana-beaumond-mansao-carioca-2018-moulin-rouge (61)\"                   title=\"aniversa-ivana-beaumond-mansao-carioca-2018-moulin-rouge (61)\" \/>            <\/div>            <div class=\"\">                                                      <\/div>          <\/div>        <\/div>                        <\/a>              <\/div>            <div class=\"bwg-item\">        <a class=\"bwg-a \"  data-elementor-open-lightbox=\"no\">                <div class=\"bwg-item0 \">          <div class=\"bwg-item1 \">            <div class=\"bwg-item2\">              <img class=\"skip-lazy bwg_standart_thumb_img_0 \"                   data-id=\"1852\"                   data-width=\"\"                   data-height=\"\"                   data-src=\"https:\/\/www.ivanabeaumond.com.br\/vestidos-noiva\/wp-content\/uploads\/photo-gallery\/thumb\/aniversa-ivana-beaumond-mansao-carioca-2018-moulin-rouge%20(371).jpg\"                   src=\"https:\/\/www.ivanabeaumond.com.br\/vestidos-noiva\/wp-content\/uploads\/photo-gallery\/thumb\/aniversa-ivana-beaumond-mansao-carioca-2018-moulin-rouge%20(371).jpg\"                   alt=\"aniversa-ivana-beaumond-mansao-carioca-2018-moulin-rouge (371)\"                   title=\"aniversa-ivana-beaumond-mansao-carioca-2018-moulin-rouge (371)\" \/>            <\/div>            <div class=\"\">                                                      <\/div>          <\/div>        <\/div>                        <\/a>              <\/div>            <div class=\"bwg-item\">        <a class=\"bwg-a \"  data-elementor-open-lightbox=\"no\">                <div class=\"bwg-item0 \">          <div class=\"bwg-item1 \">            <div class=\"bwg-item2\">              <img class=\"skip-lazy bwg_standart_thumb_img_0 \"                   data-id=\"1868\"                   data-width=\"\"                   data-height=\"\"                   data-src=\"https:\/\/www.ivanabeaumond.com.br\/vestidos-noiva\/wp-content\/uploads\/photo-gallery\/thumb\/aniversa-ivana-beaumond-mansao-carioca-2018-moulin-rouge%20(373).jpg\"                   src=\"https:\/\/www.ivanabeaumond.com.br\/vestidos-noiva\/wp-content\/uploads\/photo-gallery\/thumb\/aniversa-ivana-beaumond-mansao-carioca-2018-moulin-rouge%20(373).jpg\"                   alt=\"aniversa-ivana-beaumond-mansao-carioca-2018-moulin-rouge (373)\"                   title=\"aniversa-ivana-beaumond-mansao-carioca-2018-moulin-rouge (373)\" \/>            <\/div>            <div class=\"\">                                                      <\/div>          <\/div>        <\/div>                        <\/a>              <\/div>            <div class=\"bwg-item\">        <a class=\"bwg-a \"  data-elementor-open-lightbox=\"no\">                <div class=\"bwg-item0 \">          <div class=\"bwg-item1 \">            <div class=\"bwg-item2\">              <img class=\"skip-lazy bwg_standart_thumb_img_0 \"                   data-id=\"1778\"                   data-width=\"\"                   data-height=\"\"                   data-src=\"https:\/\/www.ivanabeaumond.com.br\/vestidos-noiva\/wp-content\/uploads\/photo-gallery\/thumb\/aniversa-ivana-beaumond-mansao-carioca-2018-moulin-rouge%20(55).jpg\"                   src=\"https:\/\/www.ivanabeaumond.com.br\/vestidos-noiva\/wp-content\/uploads\/photo-gallery\/thumb\/aniversa-ivana-beaumond-mansao-carioca-2018-moulin-rouge%20(55).jpg\"                   alt=\"aniversa-ivana-beaumond-mansao-carioca-2018-moulin-rouge (55)\"                   title=\"aniversa-ivana-beaumond-mansao-carioca-2018-moulin-rouge (55)\" \/>            <\/div>            <div class=\"\">                                                      <\/div>          <\/div>        <\/div>                        <\/a>              <\/div>            <div class=\"bwg-item\">        <a class=\"bwg-a \"  data-elementor-open-lightbox=\"no\">                <div class=\"bwg-item0 \">          <div class=\"bwg-item1 \">            <div class=\"bwg-item2\">              <img class=\"skip-lazy bwg_standart_thumb_img_0 \"                   data-id=\"1907\"                   data-width=\"\"                   data-height=\"\"                   data-src=\"https:\/\/www.ivanabeaumond.com.br\/vestidos-noiva\/wp-content\/uploads\/photo-gallery\/thumb\/aniversa-ivana-beaumond-mansao-carioca-2018-moulin-rouge%20(207).jpg\"                   src=\"https:\/\/www.ivanabeaumond.com.br\/vestidos-noiva\/wp-content\/uploads\/photo-gallery\/thumb\/aniversa-ivana-beaumond-mansao-carioca-2018-moulin-rouge%20(207).jpg\"                   alt=\"aniversa-ivana-beaumond-mansao-carioca-2018-moulin-rouge (207)\"                   title=\"aniversa-ivana-beaumond-mansao-carioca-2018-moulin-rouge (207)\" \/>            <\/div>            <div class=\"\">                                                      <\/div>          <\/div>        <\/div>                        <\/a>              <\/div>            <div class=\"bwg-item\">        <a class=\"bwg-a \"  data-elementor-open-lightbox=\"no\">                <div class=\"bwg-item0 \">          <div class=\"bwg-item1 \">            <div class=\"bwg-item2\">              <img class=\"skip-lazy bwg_standart_thumb_img_0 \"                   data-id=\"1906\"                   data-width=\"\"                   data-height=\"\"                   data-src=\"https:\/\/www.ivanabeaumond.com.br\/vestidos-noiva\/wp-content\/uploads\/photo-gallery\/thumb\/aniversario-ivana-beaumond-mansao-carioca-moulin-rouge%20(88).jpg\"                   src=\"https:\/\/www.ivanabeaumond.com.br\/vestidos-noiva\/wp-content\/uploads\/photo-gallery\/thumb\/aniversario-ivana-beaumond-mansao-carioca-moulin-rouge%20(88).jpg\"                   alt=\"aniversario-ivana-beaumond-mansao-carioca-moulin-rouge (88)\"                   title=\"aniversario-ivana-beaumond-mansao-carioca-moulin-rouge (88)\" \/>            <\/div>            <div class=\"\">                                                      <\/div>          <\/div>        <\/div>                        <\/a>              <\/div>            <div class=\"bwg-item\">        <a class=\"bwg-a \"  data-elementor-open-lightbox=\"no\">                <div class=\"bwg-item0 \">          <div class=\"bwg-item1 \">            <div class=\"bwg-item2\">              <img class=\"skip-lazy bwg_standart_thumb_img_0 \"                   data-id=\"1905\"                   data-width=\"\"                   data-height=\"\"                   data-src=\"https:\/\/www.ivanabeaumond.com.br\/vestidos-noiva\/wp-content\/uploads\/photo-gallery\/thumb\/aniversario-ivana-beaumond-mansao-carioca-moulin-rouge%20(87).jpg\"                   src=\"https:\/\/www.ivanabeaumond.com.br\/vestidos-noiva\/wp-content\/uploads\/photo-gallery\/thumb\/aniversario-ivana-beaumond-mansao-carioca-moulin-rouge%20(87).jpg\"                   alt=\"aniversario-ivana-beaumond-mansao-carioca-moulin-rouge (87)\"                   title=\"aniversario-ivana-beaumond-mansao-carioca-moulin-rouge (87)\" \/>            <\/div>            <div class=\"\">                                                      <\/div>          <\/div>        <\/div>                        <\/a>              <\/div>            <div class=\"bwg-item\">        <a class=\"bwg-a \"  data-elementor-open-lightbox=\"no\">                <div class=\"bwg-item0 \">          <div class=\"bwg-item1 \">            <div class=\"bwg-item2\">              <img class=\"skip-lazy bwg_standart_thumb_img_0 \"                   data-id=\"1887\"                   data-width=\"\"                   data-height=\"\"                   data-src=\"https:\/\/www.ivanabeaumond.com.br\/vestidos-noiva\/wp-content\/uploads\/photo-gallery\/thumb\/aniversario-ivana-beaumond-mansao-carioca-moulin-rouge%20(6).jpg\"                   src=\"https:\/\/www.ivanabeaumond.com.br\/vestidos-noiva\/wp-content\/uploads\/photo-gallery\/thumb\/aniversario-ivana-beaumond-mansao-carioca-moulin-rouge%20(6).jpg\"                   alt=\"aniversario-ivana-beaumond-mansao-carioca-moulin-rouge (6)\"                   title=\"aniversario-ivana-beaumond-mansao-carioca-moulin-rouge (6)\" \/>            <\/div>            <div class=\"\">                                                      <\/div>          <\/div>        <\/div>                        <\/a>              <\/div>            <div class=\"bwg-item\">        <a class=\"bwg-a \"  data-elementor-open-lightbox=\"no\">                <div class=\"bwg-item0 \">          <div class=\"bwg-item1 \">            <div class=\"bwg-item2\">              <img class=\"skip-lazy bwg_standart_thumb_img_0 \"                   data-id=\"1886\"                   data-width=\"\"                   data-height=\"\"                   data-src=\"https:\/\/www.ivanabeaumond.com.br\/vestidos-noiva\/wp-content\/uploads\/photo-gallery\/thumb\/aniversario-ivana-beaumond-mansao-carioca-moulin-rouge%20(5).jpg\"                   src=\"https:\/\/www.ivanabeaumond.com.br\/vestidos-noiva\/wp-content\/uploads\/photo-gallery\/thumb\/aniversario-ivana-beaumond-mansao-carioca-moulin-rouge%20(5).jpg\"                   alt=\"aniversario-ivana-beaumond-mansao-carioca-moulin-rouge (5)\"                   title=\"aniversario-ivana-beaumond-mansao-carioca-moulin-rouge (5)\" \/>            <\/div>            <div class=\"\">                                                      <\/div>          <\/div>        <\/div>                        <\/a>              <\/div>            <div class=\"bwg-item\">        <a class=\"bwg-a \"  data-elementor-open-lightbox=\"no\">                <div class=\"bwg-item0 \">          <div class=\"bwg-item1 \">            <div class=\"bwg-item2\">              <img class=\"skip-lazy bwg_standart_thumb_img_0 \"                   data-id=\"1885\"                   data-width=\"\"                   data-height=\"\"                   data-src=\"https:\/\/www.ivanabeaumond.com.br\/vestidos-noiva\/wp-content\/uploads\/photo-gallery\/thumb\/aniversario-ivana-beaumond-mansao-carioca-moulin-rouge%20(4).jpg\"                   src=\"https:\/\/www.ivanabeaumond.com.br\/vestidos-noiva\/wp-content\/uploads\/photo-gallery\/thumb\/aniversario-ivana-beaumond-mansao-carioca-moulin-rouge%20(4).jpg\"                   alt=\"aniversario-ivana-beaumond-mansao-carioca-moulin-rouge (4)\"                   title=\"aniversario-ivana-beaumond-mansao-carioca-moulin-rouge (4)\" \/>            <\/div>            <div class=\"\">                                                      <\/div>          <\/div>        <\/div>                        <\/a>              <\/div>            <div class=\"bwg-item\">        <a class=\"bwg-a \"  data-elementor-open-lightbox=\"no\">                <div class=\"bwg-item0 \">          <div class=\"bwg-item1 \">            <div class=\"bwg-item2\">              <img class=\"skip-lazy bwg_standart_thumb_img_0 \"                   data-id=\"1884\"                   data-width=\"\"                   data-height=\"\"                   data-src=\"https:\/\/www.ivanabeaumond.com.br\/vestidos-noiva\/wp-content\/uploads\/photo-gallery\/thumb\/aniversario-ivana-beaumond-mansao-carioca-moulin-rouge%20(3).jpg\"                   src=\"https:\/\/www.ivanabeaumond.com.br\/vestidos-noiva\/wp-content\/uploads\/photo-gallery\/thumb\/aniversario-ivana-beaumond-mansao-carioca-moulin-rouge%20(3).jpg\"                   alt=\"aniversario-ivana-beaumond-mansao-carioca-moulin-rouge (3)\"                   title=\"aniversario-ivana-beaumond-mansao-carioca-moulin-rouge (3)\" \/>            <\/div>            <div class=\"\">                                                      <\/div>          <\/div>        <\/div>                        <\/a>              <\/div>            <div class=\"bwg-item\">        <a class=\"bwg-a \"  data-elementor-open-lightbox=\"no\">                <div class=\"bwg-item0 \">          <div class=\"bwg-item1 \">            <div class=\"bwg-item2\">              <img class=\"skip-lazy bwg_standart_thumb_img_0 \"                   data-id=\"1883\"                   data-width=\"\"                   data-height=\"\"                   data-src=\"https:\/\/www.ivanabeaumond.com.br\/vestidos-noiva\/wp-content\/uploads\/photo-gallery\/thumb\/aniversario-ivana-beaumond-mansao-carioca-moulin-rouge%20(2).jpg\"                   src=\"https:\/\/www.ivanabeaumond.com.br\/vestidos-noiva\/wp-content\/uploads\/photo-gallery\/thumb\/aniversario-ivana-beaumond-mansao-carioca-moulin-rouge%20(2).jpg\"                   alt=\"aniversario-ivana-beaumond-mansao-carioca-moulin-rouge (2)\"                   title=\"aniversario-ivana-beaumond-mansao-carioca-moulin-rouge (2)\" \/>            <\/div>            <div class=\"\">                                                      <\/div>          <\/div>        <\/div>                        <\/a>              <\/div>            <div class=\"bwg-item\">        <a class=\"bwg-a \"  data-elementor-open-lightbox=\"no\">                <div class=\"bwg-item0 \">          <div class=\"bwg-item1 \">            <div class=\"bwg-item2\">              <img class=\"skip-lazy bwg_standart_thumb_img_0 \"                   data-id=\"1880\"                   data-width=\"\"                   data-height=\"\"                   data-src=\"https:\/\/www.ivanabeaumond.com.br\/vestidos-noiva\/wp-content\/uploads\/photo-gallery\/thumb\/aniversario-ivana-beaumond-mansao-carioca-moulin-rouge%20(15).jpg\"                   src=\"https:\/\/www.ivanabeaumond.com.br\/vestidos-noiva\/wp-content\/uploads\/photo-gallery\/thumb\/aniversario-ivana-beaumond-mansao-carioca-moulin-rouge%20(15).jpg\"                   alt=\"aniversario-ivana-beaumond-mansao-carioca-moulin-rouge (15)\"                   title=\"aniversario-ivana-beaumond-mansao-carioca-moulin-rouge (15)\" \/>            <\/div>            <div class=\"\">                                                      <\/div>          <\/div>        <\/div>                        <\/a>              <\/div>            <div class=\"bwg-item\">        <a class=\"bwg-a \"  data-elementor-open-lightbox=\"no\">                <div class=\"bwg-item0 \">          <div class=\"bwg-item1 \">            <div class=\"bwg-item2\">              <img class=\"skip-lazy bwg_standart_thumb_img_0 \"                   data-id=\"1879\"                   data-width=\"\"                   data-height=\"\"                   data-src=\"https:\/\/www.ivanabeaumond.com.br\/vestidos-noiva\/wp-content\/uploads\/photo-gallery\/thumb\/aniversario-ivana-beaumond-mansao-carioca-moulin-rouge%20(8).jpg\"                   src=\"https:\/\/www.ivanabeaumond.com.br\/vestidos-noiva\/wp-content\/uploads\/photo-gallery\/thumb\/aniversario-ivana-beaumond-mansao-carioca-moulin-rouge%20(8).jpg\"                   alt=\"aniversario-ivana-beaumond-mansao-carioca-moulin-rouge (8)\"                   title=\"aniversario-ivana-beaumond-mansao-carioca-moulin-rouge (8)\" \/>            <\/div>            <div class=\"\">                                                      <\/div>          <\/div>        <\/div>                        <\/a>              <\/div>            <div class=\"bwg-item\">        <a class=\"bwg-a \"  data-elementor-open-lightbox=\"no\">                <div class=\"bwg-item0 \">          <div class=\"bwg-item1 \">            <div class=\"bwg-item2\">              <img class=\"skip-lazy bwg_standart_thumb_img_0 \"                   data-id=\"1881\"                   data-width=\"\"                   data-height=\"\"                   data-src=\"https:\/\/www.ivanabeaumond.com.br\/vestidos-noiva\/wp-content\/uploads\/photo-gallery\/thumb\/aniversario-ivana-beaumond-mansao-carioca-moulin-rouge%20(16).jpg\"                   src=\"https:\/\/www.ivanabeaumond.com.br\/vestidos-noiva\/wp-content\/uploads\/photo-gallery\/thumb\/aniversario-ivana-beaumond-mansao-carioca-moulin-rouge%20(16).jpg\"                   alt=\"aniversario-ivana-beaumond-mansao-carioca-moulin-rouge (16)\"                   title=\"aniversario-ivana-beaumond-mansao-carioca-moulin-rouge (16)\" \/>            <\/div>            <div class=\"\">                                                      <\/div>          <\/div>        <\/div>                        <\/a>              <\/div>            <div class=\"bwg-item\">        <a class=\"bwg-a \"  data-elementor-open-lightbox=\"no\">                <div class=\"bwg-item0 \">          <div class=\"bwg-item1 \">            <div class=\"bwg-item2\">              <img class=\"skip-lazy bwg_standart_thumb_img_0 \"                   data-id=\"1882\"                   data-width=\"\"                   data-height=\"\"                   data-src=\"https:\/\/www.ivanabeaumond.com.br\/vestidos-noiva\/wp-content\/uploads\/photo-gallery\/thumb\/aniversario-ivana-beaumond-mansao-carioca-moulin-rouge%20(52).jpg\"                   src=\"https:\/\/www.ivanabeaumond.com.br\/vestidos-noiva\/wp-content\/uploads\/photo-gallery\/thumb\/aniversario-ivana-beaumond-mansao-carioca-moulin-rouge%20(52).jpg\"                   alt=\"aniversario-ivana-beaumond-mansao-carioca-moulin-rouge (52)\"                   title=\"aniversario-ivana-beaumond-mansao-carioca-moulin-rouge (52)\" \/>            <\/div>            <div class=\"\">                                                      <\/div>          <\/div>        <\/div>                        <\/a>              <\/div>            <div class=\"bwg-item\">        <a class=\"bwg-a \"  data-elementor-open-lightbox=\"no\">                <div class=\"bwg-item0 \">          <div class=\"bwg-item1 \">            <div class=\"bwg-item2\">              <img class=\"skip-lazy bwg_standart_thumb_img_0 \"                   data-id=\"1878\"                   data-width=\"\"                   data-height=\"\"                   data-src=\"https:\/\/www.ivanabeaumond.com.br\/vestidos-noiva\/wp-content\/uploads\/photo-gallery\/thumb\/aniversario-ivana-beaumond-mansao-carioca-moulin-rouge%20(68).jpg\"                   src=\"https:\/\/www.ivanabeaumond.com.br\/vestidos-noiva\/wp-content\/uploads\/photo-gallery\/thumb\/aniversario-ivana-beaumond-mansao-carioca-moulin-rouge%20(68).jpg\"                   alt=\"aniversario-ivana-beaumond-mansao-carioca-moulin-rouge (68)\"                   title=\"aniversario-ivana-beaumond-mansao-carioca-moulin-rouge (68)\" \/>            <\/div>            <div class=\"\">                                                      <\/div>          <\/div>        <\/div>                        <\/a>              <\/div>            <div class=\"bwg-item\">        <a class=\"bwg-a \"  data-elementor-open-lightbox=\"no\">                <div class=\"bwg-item0 \">          <div class=\"bwg-item1 \">            <div class=\"bwg-item2\">              <img class=\"skip-lazy bwg_standart_thumb_img_0 \"                   data-id=\"1894\"                   data-width=\"\"                   data-height=\"\"                   data-src=\"https:\/\/www.ivanabeaumond.com.br\/vestidos-noiva\/wp-content\/uploads\/photo-gallery\/thumb\/aniversa-ivana-beaumond-mansao-carioca-2018-moulin-rouge%20(271).jpg\"                   src=\"https:\/\/www.ivanabeaumond.com.br\/vestidos-noiva\/wp-content\/uploads\/photo-gallery\/thumb\/aniversa-ivana-beaumond-mansao-carioca-2018-moulin-rouge%20(271).jpg\"                   alt=\"aniversa-ivana-beaumond-mansao-carioca-2018-moulin-rouge (271)\"                   title=\"aniversa-ivana-beaumond-mansao-carioca-2018-moulin-rouge (271)\" \/>            <\/div>            <div class=\"\">                                                      <\/div>          <\/div>        <\/div>                        <\/a>              <\/div>            <div class=\"bwg-item\">        <a class=\"bwg-a \"  data-elementor-open-lightbox=\"no\">                <div class=\"bwg-item0 \">          <div class=\"bwg-item1 \">            <div class=\"bwg-item2\">              <img class=\"skip-lazy bwg_standart_thumb_img_0 \"                   data-id=\"1893\"                   data-width=\"\"                   data-height=\"\"                   data-src=\"https:\/\/www.ivanabeaumond.com.br\/vestidos-noiva\/wp-content\/uploads\/photo-gallery\/thumb\/aniversa-ivana-beaumond-mansao-carioca-2018-moulin-rouge%20(270).jpg\"                   src=\"https:\/\/www.ivanabeaumond.com.br\/vestidos-noiva\/wp-content\/uploads\/photo-gallery\/thumb\/aniversa-ivana-beaumond-mansao-carioca-2018-moulin-rouge%20(270).jpg\"                   alt=\"aniversa-ivana-beaumond-mansao-carioca-2018-moulin-rouge (270)\"                   title=\"aniversa-ivana-beaumond-mansao-carioca-2018-moulin-rouge (270)\" \/>            <\/div>            <div class=\"\">                                                      <\/div>          <\/div>        <\/div>                        <\/a>              <\/div>            <div class=\"bwg-item\">        <a class=\"bwg-a \"  data-elementor-open-lightbox=\"no\">                <div class=\"bwg-item0 \">          <div class=\"bwg-item1 \">            <div class=\"bwg-item2\">              <img class=\"skip-lazy bwg_standart_thumb_img_0 \"                   data-id=\"1892\"                   data-width=\"\"                   data-height=\"\"                   data-src=\"https:\/\/www.ivanabeaumond.com.br\/vestidos-noiva\/wp-content\/uploads\/photo-gallery\/thumb\/aniversa-ivana-beaumond-mansao-carioca-2018-moulin-rouge%20(269).jpg\"                   src=\"https:\/\/www.ivanabeaumond.com.br\/vestidos-noiva\/wp-content\/uploads\/photo-gallery\/thumb\/aniversa-ivana-beaumond-mansao-carioca-2018-moulin-rouge%20(269).jpg\"                   alt=\"aniversa-ivana-beaumond-mansao-carioca-2018-moulin-rouge (269)\"                   title=\"aniversa-ivana-beaumond-mansao-carioca-2018-moulin-rouge (269)\" \/>            <\/div>            <div class=\"\">                                                      <\/div>          <\/div>        <\/div>                        <\/a>              <\/div>            <div class=\"bwg-item\">        <a class=\"bwg-a \"  data-elementor-open-lightbox=\"no\">                <div class=\"bwg-item0 \">          <div class=\"bwg-item1 \">            <div class=\"bwg-item2\">              <img class=\"skip-lazy bwg_standart_thumb_img_0 \"                   data-id=\"1897\"                   data-width=\"\"                   data-height=\"\"                   data-src=\"https:\/\/www.ivanabeaumond.com.br\/vestidos-noiva\/wp-content\/uploads\/photo-gallery\/thumb\/aniversa-ivana-beaumond-mansao-carioca-2018-moulin-rouge%20(275).jpg\"                   src=\"https:\/\/www.ivanabeaumond.com.br\/vestidos-noiva\/wp-content\/uploads\/photo-gallery\/thumb\/aniversa-ivana-beaumond-mansao-carioca-2018-moulin-rouge%20(275).jpg\"                   alt=\"aniversa-ivana-beaumond-mansao-carioca-2018-moulin-rouge (275)\"                   title=\"aniversa-ivana-beaumond-mansao-carioca-2018-moulin-rouge (275)\" \/>            <\/div>            <div class=\"\">                                                      <\/div>          <\/div>        <\/div>                        <\/a>              <\/div>          <\/div>    <style>      \/*pagination styles*\/      #bwg_container1_0 #bwg_container2_0 .tablenav-pages_0 {\t\t\t\ttext-align: center;\t\t\t\tfont-size: 12px;\t\t\t\tfont-family: segoe ui;\t\t\t\tfont-weight: bold;\t\t\t\tcolor: #666666;\t\t\t\tmargin: 6px 0 4px;\t\t\t\tdisplay: block;      }      @media only screen and (max-width : 320px) {      #bwg_container1_0 #bwg_container2_0 .displaying-num_0 {     \t display: none;      }      }      #bwg_container1_0 #bwg_container2_0 .displaying-num_0 {\t\t\t\tfont-size: 12px;\t\t\t\tfont-family: segoe ui;\t\t\t\tfont-weight: bold;\t\t\t\tcolor: #666666;\t\t\t\tmargin-right: 10px;\t\t\t\tvertical-align: middle;      }      #bwg_container1_0 #bwg_container2_0 .paging-input_0 {\t\t\t\tfont-size: 12px;\t\t\t\tfont-family: segoe ui;\t\t\t\tfont-weight: bold;\t\t\t\tcolor: #666666;\t\t\t\tvertical-align: middle;      }      #bwg_container1_0 #bwg_container2_0 .tablenav-pages_0 a.disabled,      #bwg_container1_0 #bwg_container2_0 .tablenav-pages_0 a.disabled:hover,      #bwg_container1_0 #bwg_container2_0 .tablenav-pages_0 a.disabled:focus,\t\t\t#bwg_container1_0 #bwg_container2_0 .tablenav-pages_0 input.bwg_current_page {\t\t\t\tcursor: default;\t\t\t\tcolor: rgba(102, 102, 102, 0.5);      }      #bwg_container1_0 #bwg_container2_0 .tablenav-pages_0 a,      #bwg_container1_0 #bwg_container2_0 .tablenav-pages_0 input.bwg_current_page {\t\t\t\tcursor: pointer;\t\t\t\ttext-align: center;\t\t\t\tfont-size: 12px;\t\t\t\tfont-family: segoe ui;\t\t\t\tfont-weight: bold;\t\t\t\tcolor: #666666;\t\t\t\ttext-decoration: none;\t\t\t\tpadding: 3px 6px;\t\t\t\tmargin: 0;\t\t\t\tborder-radius: 0;\t\t\t\tborder-style: solid;\t\t\t\tborder-width: 1px;\t\t\t\tborder-color: #E3E3E3;\t\t\t\t\t\t\t\tbackground-color: rgba(255, 255, 255, 1.00);\t\t\t\tbox-shadow: 0;\t\t\t\ttransition: all 0.3s ease 0s;-webkit-transition: all 0.3s ease 0s;      }      <\/style>      <span class=\"bwg_nav_cont_0\">              <div class=\"tablenav-pages_0\">                      <span class=\"pagination-links_0 pagination-links\" data-pages-count=\"3\">              <span class=\"pagination-links_col1\">              <a class=\"bwg-a first-page disabled\" title=\"Ir para a primeira p\u00e1gina\" >\u00ab<\/a>              <a class=\"bwg-a prev-page disabled\" title=\"V\u00e1 para a p\u00e1gina anterior\" >\u2039<\/a>              <\/span>\t\t\t\t\t\t\t<span class=\"pagination-links_col2\">\t\t\t\t\t\t\t\t\t<input type=\"number\" class=\"bwg_current_page\" name=\"bwg_current_page\" value=\"1\" data-url-info=\"page_number_0\" onkeypress=\"return bwg_change_page_0(event, this)\" min=\"1\" oninput=\"validity.valid||(value='')\" \/>\t\t\t\t\t\t\t\t\t\tde\t\t\t\t\t\t\t\t\t\t<span class=\"total-pages_0\">\t\t\t\t\t\t\t\t\t\t\t3\t\t\t\t\t\t\t\t\t\t<\/span>\t\t\t\t\t\t\t<\/span>              <span class=\"pagination-links_col3\">                <a class=\"bwg-a next-page-0\" title=\"Ir para a pr\u00f3xima p\u00e1gina\" href=\"\/vestidos-noiva\/wp-json\/wp\/v2\/posts\/16439?page_number_0=2\">\u203a<\/a>                <a class=\"bwg-a last-page-0\" title=\"Ir para a \u00faltima p\u00e1gina\" href=\"\/vestidos-noiva\/wp-json\/wp\/v2\/posts\/16439?page_number_0=3\">\u00bb<\/a>              <\/span>\t\t\t\t\t\t<\/span>\t\t\t\t\t\t        <\/div>                <input type=\"hidden\" id=\"page_number_0\" name=\"page_number_0\" value=\"1\" \/>      <script type=\"text\/javascript\">        if( jQuery('.bwg_nav_cont_0').length > 1 ) {          jQuery('.bwg_nav_cont_0').first().remove()        }        function spider_page_0(cur, x, y, load_more) {          if (typeof load_more == \"undefined\") {            var load_more = false;          }          if (jQuery(cur).hasClass('disabled')) {            return false;          }          var items_county_0 = 3;          switch (y) {            case 1:              if (x >= items_county_0) {                document.getElementById('page_number_0').value = items_county_0;              }              else {                document.getElementById('page_number_0').value = x + 1;              }              break;            case 2:              document.getElementById('page_number_0').value = items_county_0;              break;            case -1:              if (x == 1) {                document.getElementById('page_number_0').value = 1;              }              else {                document.getElementById('page_number_0').value = x - 1;              }              break;            case -2:              document.getElementById('page_number_0').value = 1;              break;\t\t\t\t\t\tcase 0:              document.getElementById('page_number_0').value = x;              break;            default:              document.getElementById('page_number_0').value = 1;          }          bwg_ajax('gal_front_form_0', '0', 'bwg_thumbnails_0', '0', '', 'gallery', 0, '', '', load_more, '', 1);        }                    jQuery('.first-page disabled').on('click', function () {              spider_page_0(this, 1, -2, 'numeric');              return false;            });            jQuery('.prev-page disabled').on('click', function () {              spider_page_0(this, 1, -1, 'numeric');              return false;            });            jQuery('.next-page-0').on('click', function () {              spider_page_0(this, 1, 1, 'numeric');              return false;            });            jQuery('.last-page-0').on('click', function () {              spider_page_0(this, 1, 2, 'numeric');              return false;            });        \t\t\t\t\/* Change page on input enter. *\/        function bwg_change_page_0( e, that ) {          if (  e.key == 'Enter' ) {            var to_page = parseInt(jQuery(that).val());            var pages_count = jQuery(that).parents(\".pagination-links\").data(\"pages-count\");            var current_url_param = jQuery(that).attr('data-url-info');            if (to_page > pages_count) {              to_page = 1;            }\t \t\t\t\t\t\t\t\t\t\t\t\tspider_page_0(this, to_page, 0, 'numeric');\t\t\t\t\t\t\treturn false;\t\t\t\t\t\t          }          return true;        }        jQuery('.bwg_load_btn_0').on('click', function () {            spider_page_0(this, 1, 1, true);            return false;        });      <\/script>      <\/span>                <\/div>        <\/form>              <\/div>    <\/div>    <script>      if (document.readyState === 'complete') {        if( typeof bwg_main_ready == 'function' ) {          if ( jQuery(\"#bwg_container1_0\").height() ) {            bwg_main_ready(jQuery(\"#bwg_container1_0\"));          }        }      } else {        document.addEventListener('DOMContentLoaded', function() {          if( typeof bwg_main_ready == 'function' ) {            if ( jQuery(\"#bwg_container1_0\").height() ) {             bwg_main_ready(jQuery(\"#bwg_container1_0\"));            }          }        });      }    <\/script>    \n<p>&nbsp;<\/p>\n<p>&nbsp;<\/p>\n<h4 style=\"text-align: justify;\"><span style=\"color: #999999;\">Confira tamb\u00e9m as mat\u00e9rias que repercutiram na m\u00eddia sobre o anivers\u00e1rio da Ivana Beaumond na <span style=\"color: #000000;\"><a style=\"color: #000000;\" href=\"https:\/\/www.tipsstarnews.com.br\/douglas-sampaio-vai-a-aniversario-acompanhado-de-namorada-apos-ser-inocentado-na-justica\/\" target=\"_blank\">Revista Quem<\/a><\/span>, <a style=\"color: #999999;\" href=\"http:\/\/www.jornaldosfamosos.com.br\/a-empresaria-ivana-beaumond-celebrou-seus-60-anos-em-uma-festa-surpreendente-no-rio\/\" target=\"_blank\">\u00a0<span style=\"color: #000000;\">Jornal dos Famosos<\/span><\/a>, <span style=\"color: #000000;\"><a style=\"color: #000000;\" href=\"https:\/\/egobrazil.com\/douglas-sampaio-vai-com-nova-namorada-ao-aniversario-da-empresaria-ivana-beaumond\/\" target=\"_blank\">Ego Brazil<\/a><\/span>, <span style=\"color: #000000;\"><a style=\"color: #000000;\" href=\"http:\/\/www.portalmaismidia.com.br\/empresaria-ivana-beaumond-celebrou-seus-60-anos-em-uma-festa-surpreendente-no-rio\/\" target=\"_blank\">Portal Mais M\u00eddia<\/a><\/span>, <span style=\"color: #000000;\"><a style=\"color: #000000;\" href=\"http:\/\/aliceglitz.com\/empresaria-ivana-beaumont\/\" target=\"_blank\">Portal Alice Glitz<\/a><\/span>\u00a0e <span style=\"color: #000000;\"><a style=\"color: #000000;\" href=\"https:\/\/www.meiahora.ig.com.br\/celebridades-e-tv\/que-isso-gordinho\/2018\/11\/5591523-douglas-sampaio-curte-festa-e-comenta-absolvicao-por-agressao.html\" target=\"_blank\">Meia Hora<\/a><\/span>.<\/span><\/h4>\n<p>&nbsp;<\/p>\n<p>&nbsp;<\/p>\n<p>&nbsp;<\/p>\n<p>&nbsp;<\/p>\n<p>&nbsp;<\/p>\n<h4><span style=\"color: #000000;\">Agradecimentos:<\/span><\/h4>\n<p>&nbsp;<\/p>\n<h4><span style=\"color: #000000;\">David Santiago<\/span><\/h4>\n<h4><span style=\"color: #000000;\"> Val\u00e9ria e Ricardo Laurentino<\/span><\/h4>\n<h4><span style=\"color: #000000;\">Alliance Decor Loca\u00e7\u00f5es<\/span><\/h4>\n<h4><span style=\"color: #000000;\">Ateli\u00ea F\u00e1tima Cavalcante<\/span><\/h4>\n<h4><span style=\"color: #000000;\">Panos e Cores<\/span><\/h4>\n<h4><span style=\"color: #000000;\">Glac\u00ea Real Atelier<\/span><\/h4>\n<h4><span style=\"color: #000000;\"> Pretto Chocolates<\/span><\/h4>\n<h4><span style=\"color: #000000;\">MK Crepes<\/span><\/h4>\n<h4><span style=\"color: #000000;\">Hinata Buf\u00ea<\/span><\/h4>\n<h4><span style=\"color: #000000;\">Mimo Festas e Buffet<\/span><\/h4>\n<h4><span style=\"color: #000000;\">Flavor Bartenders<\/span><\/h4>\n<h4><span style=\"color: #000000;\"> Mans\u00e3o Carioca<\/span><\/h4>\n<h4><span style=\"color: #000000;\">Espa\u00e7o Zurique<\/span><\/h4>\n<h4><span style=\"color: #000000;\">Edu Ribeiro<\/span><\/h4>\n<h4><span style=\"color: #000000;\">Florence Beaumond<\/span><\/h4>\n<h4><span style=\"color: #000000;\">Aszmann Fotografia<\/span><\/h4>\n<h4><span style=\"color: #000000;\">Daniel Pinheiro<\/span><\/h4>\n<h4><span style=\"color: #000000;\">Wellington Lopes<\/span><\/h4>\n<h4><span style=\"color: #000000;\">Bettina Parodi<\/span><\/h4>\n<h4><span style=\"color: #000000;\">Cl\u00e1udia Simas<\/span><\/h4>\n<h4><span style=\"color: #000000;\">Marcela Kyanello<\/span><\/h4>\n<h4><span style=\"color: #000000;\">Safira O&#8217;Hara<\/span><\/h4>\n<h4><span style=\"color: #000000;\">Divina Loma<\/span><\/h4>\n<h4><span style=\"color: #000000;\">Davi de Souza<\/span><\/h4>\n<h4><span style=\"color: #000000;\">Jonathan Barreto<\/span><\/h4>\n<h4><span style=\"color: #000000;\">Joyce Sabino Cerimonial<\/span><\/h4>\n<h4><span style=\"color: #000000;\">Os El\u00e9tricos<\/span><\/h4>\n<h4><span style=\"color: #000000;\">Alexandre Japiass\u00fa<\/span><\/h4>\n<h4><span style=\"color: #000000;\">Stein Doceria<\/span><\/h4>\n<h4><span style=\"color: #000000;\">Hugo Antunes<\/span><\/h4>\n<h4><span style=\"color: #000000;\">Diogo Dubem<\/span><\/h4>\n<h4><\/h4>\n<h4><\/h4>\n<p>&nbsp;<\/p>\n<p>&nbsp;<\/p>\n<p>&nbsp;<\/p>\n<p>&nbsp;<\/p>\n<h4 style=\"text-align: justify;\"><span style=\"color: #999999;\">Gostou? Siga nosso instagram\u00a0<span style=\"color: #000000;\"><a style=\"color: #000000;\" href=\"https:\/\/www.instagram.com\/ivanabeaumond\/\">@ivanabeaumond<\/a><\/span>\u00a0e curta nossa fanpage\u00a0<span style=\"color: #000000;\"><a style=\"color: #000000;\" href=\"https:\/\/www.facebook.com\/IvanaBeaumond\/\">Ivana Beaumond<\/a>\u00a0<\/span>e fique por dentro de tudo o que rola no mundo das noivas e conhe\u00e7a nossos Melhores Modelos de Vestidos de Noivas Nacionais, Importados e Sob Medida.<\/span><\/h4>\n","protected":false},"excerpt":{"rendered":"<p>Dia\u00a07 de novembro, foi o anivers\u00e1rio dessa mulher incr\u00edvel que&#8230;<\/p>\n","protected":false},"author":4,"featured_media":16464,"comment_status":"closed","ping_status":"closed","sticky":false,"template":"","format":"standard","meta":[],"categories":[60,128],"tags":[432,363,433,431,204,420,429,365,404,293,425,390,100,407,430,426,286,424,423,275,421,427,428],"yoast_head":"<!-- This site is optimized with the Yoast SEO plugin v20.3 - https:\/\/yoast.com\/wordpress\/plugins\/seo\/ -->\n<title>Tudo Sobre o Anivers\u00e1rio da Ivana Beaumond - Vestido de Noiva RJ<\/title>\n<meta name=\"robots\" content=\"index, follow, max-snippet:-1, max-image-preview:large, max-video-preview:-1\" \/>\n<link rel=\"canonical\" href=\"https:\/\/www.ivanabeaumond.com.br\/vestidos-noiva\/tudo-sobre-o-aniversario-da-ivana-beaumond\/\" \/>\n<meta property=\"og:locale\" content=\"pt_BR\" \/>\n<meta property=\"og:type\" content=\"article\" \/>\n<meta property=\"og:title\" content=\"Tudo Sobre o Anivers\u00e1rio da Ivana Beaumond - Vestido de Noiva RJ\" \/>\n<meta property=\"og:description\" content=\"Dia\u00a07 de novembro, foi o anivers\u00e1rio dessa mulher incr\u00edvel que...\" \/>\n<meta property=\"og:url\" content=\"https:\/\/www.ivanabeaumond.com.br\/vestidos-noiva\/tudo-sobre-o-aniversario-da-ivana-beaumond\/\" \/>\n<meta property=\"og:site_name\" content=\"Vestido de Noiva RJ\" \/>\n<meta property=\"article:publisher\" content=\"https:\/\/www.facebook.com\/ivana.beaumondnoivas\" \/>\n<meta property=\"article:published_time\" content=\"2018-11-09T20:02:52+00:00\" \/>\n<meta property=\"article:modified_time\" content=\"2018-11-13T20:17:58+00:00\" \/>\n<meta property=\"og:image\" content=\"https:\/\/www.ivanabeaumond.com.br\/vestidos-noiva\/wp-content\/uploads\/2018\/11\/DESTAQUE.jpg\" \/>\n\t<meta property=\"og:image:width\" content=\"640\" \/>\n\t<meta property=\"og:image:height\" content=\"427\" \/>\n\t<meta property=\"og:image:type\" content=\"image\/jpeg\" \/>\n<meta name=\"author\" content=\"Ivana Beaumond Paris\" \/>\n<meta name=\"twitter:card\" content=\"summary_large_image\" \/>\n<meta name=\"twitter:label1\" content=\"Escrito por\" \/>\n\t<meta name=\"twitter:data1\" content=\"Ivana Beaumond Paris\" \/>\n\t<meta name=\"twitter:label2\" content=\"Est. tempo de leitura\" \/>\n\t<meta name=\"twitter:data2\" content=\"4 minutos\" \/>\n<script type=\"application\/ld+json\" class=\"yoast-schema-graph\">{\"@context\":\"https:\/\/schema.org\",\"@graph\":[{\"@type\":\"Article\",\"@id\":\"https:\/\/www.ivanabeaumond.com.br\/vestidos-noiva\/tudo-sobre-o-aniversario-da-ivana-beaumond\/#article\",\"isPartOf\":{\"@id\":\"https:\/\/www.ivanabeaumond.com.br\/vestidos-noiva\/tudo-sobre-o-aniversario-da-ivana-beaumond\/\"},\"author\":{\"name\":\"Ivana Beaumond Paris\",\"@id\":\"https:\/\/www.ivanabeaumond.com.br\/vestidos-noiva\/#\/schema\/person\/1a360c4cffa3b806d29a456389dcff26\"},\"headline\":\"Tudo Sobre o Anivers\u00e1rio da Ivana Beaumond\",\"datePublished\":\"2018-11-09T20:02:52+00:00\",\"dateModified\":\"2018-11-13T20:17:58+00:00\",\"mainEntityOfPage\":{\"@id\":\"https:\/\/www.ivanabeaumond.com.br\/vestidos-noiva\/tudo-sobre-o-aniversario-da-ivana-beaumond\/\"},\"wordCount\":811,\"publisher\":{\"@id\":\"https:\/\/www.ivanabeaumond.com.br\/vestidos-noiva\/#organization\"},\"keywords\":[\"Alliance Decor Loca\u00e7\u00f5es\",\"anivers\u00e1rio\",\"aszmann\",\"Ateli\u00ea F\u00e1tima Cavalcante\",\"atelieraltacostura\",\"cabar\u00e9\",\"can can\",\"David Santiago\",\"decora\u00e7\u00e3o\",\"errejota\",\"espa\u00e7o zurique\",\"estilista\",\"festa\",\"festa tem\u00e1tica\",\"glac\u00ea real atelier\",\"hinata\",\"ivana beaumond\",\"ivanafaz60\",\"mans\u00e3o carioca\",\"moda\",\"moulin rouge\",\"pretto chocolates\",\"Val\u00e9ria e Ricardo Laurentino\"],\"articleSection\":[\"Blog\",\"Na M\u00eddia\"],\"inLanguage\":\"pt-BR\"},{\"@type\":\"WebPage\",\"@id\":\"https:\/\/www.ivanabeaumond.com.br\/vestidos-noiva\/tudo-sobre-o-aniversario-da-ivana-beaumond\/\",\"url\":\"https:\/\/www.ivanabeaumond.com.br\/vestidos-noiva\/tudo-sobre-o-aniversario-da-ivana-beaumond\/\",\"name\":\"Tudo Sobre o Anivers\u00e1rio da Ivana Beaumond - Vestido de Noiva RJ\",\"isPartOf\":{\"@id\":\"https:\/\/www.ivanabeaumond.com.br\/vestidos-noiva\/#website\"},\"datePublished\":\"2018-11-09T20:02:52+00:00\",\"dateModified\":\"2018-11-13T20:17:58+00:00\",\"breadcrumb\":{\"@id\":\"https:\/\/www.ivanabeaumond.com.br\/vestidos-noiva\/tudo-sobre-o-aniversario-da-ivana-beaumond\/#breadcrumb\"},\"inLanguage\":\"pt-BR\",\"potentialAction\":[{\"@type\":\"ReadAction\",\"target\":[\"https:\/\/www.ivanabeaumond.com.br\/vestidos-noiva\/tudo-sobre-o-aniversario-da-ivana-beaumond\/\"]}]},{\"@type\":\"BreadcrumbList\",\"@id\":\"https:\/\/www.ivanabeaumond.com.br\/vestidos-noiva\/tudo-sobre-o-aniversario-da-ivana-beaumond\/#breadcrumb\",\"itemListElement\":[{\"@type\":\"ListItem\",\"position\":1,\"name\":\"In\u00edcio\",\"item\":\"https:\/\/www.ivanabeaumond.com.br\/vestidos-noiva\/\"},{\"@type\":\"ListItem\",\"position\":2,\"name\":\"Tudo Sobre o Anivers\u00e1rio da Ivana Beaumond\"}]},{\"@type\":\"WebSite\",\"@id\":\"https:\/\/www.ivanabeaumond.com.br\/vestidos-noiva\/#website\",\"url\":\"https:\/\/www.ivanabeaumond.com.br\/vestidos-noiva\/\",\"name\":\"Vestido de Noiva RJ\",\"description\":\"Moda Noiva\",\"publisher\":{\"@id\":\"https:\/\/www.ivanabeaumond.com.br\/vestidos-noiva\/#organization\"},\"potentialAction\":[{\"@type\":\"SearchAction\",\"target\":{\"@type\":\"EntryPoint\",\"urlTemplate\":\"https:\/\/www.ivanabeaumond.com.br\/vestidos-noiva\/?s={search_term_string}\"},\"query-input\":\"required name=search_term_string\"}],\"inLanguage\":\"pt-BR\"},{\"@type\":\"Organization\",\"@id\":\"https:\/\/www.ivanabeaumond.com.br\/vestidos-noiva\/#organization\",\"name\":\"Vestido de Noiva RJ\",\"url\":\"https:\/\/www.ivanabeaumond.com.br\/vestidos-noiva\/\",\"logo\":{\"@type\":\"ImageObject\",\"inLanguage\":\"pt-BR\",\"@id\":\"https:\/\/www.ivanabeaumond.com.br\/vestidos-noiva\/#\/schema\/logo\/image\/\",\"url\":\"https:\/\/www.ivanabeaumond.com.br\/vestidos-noiva\/wp-content\/uploads\/2018\/02\/logo_ivana_beaumond-2.png\",\"contentUrl\":\"https:\/\/www.ivanabeaumond.com.br\/vestidos-noiva\/wp-content\/uploads\/2018\/02\/logo_ivana_beaumond-2.png\",\"width\":230,\"height\":112,\"caption\":\"Vestido de Noiva RJ\"},\"image\":{\"@id\":\"https:\/\/www.ivanabeaumond.com.br\/vestidos-noiva\/#\/schema\/logo\/image\/\"},\"sameAs\":[\"https:\/\/www.facebook.com\/ivana.beaumondnoivas\",\"https:\/\/www.instagram.com\/ivanabeaumond\/\",\"https:\/\/www.tiktok.com\/@ivanabeaumond\"]},{\"@type\":\"Person\",\"@id\":\"https:\/\/www.ivanabeaumond.com.br\/vestidos-noiva\/#\/schema\/person\/1a360c4cffa3b806d29a456389dcff26\",\"name\":\"Ivana Beaumond Paris\",\"image\":{\"@type\":\"ImageObject\",\"inLanguage\":\"pt-BR\",\"@id\":\"https:\/\/www.ivanabeaumond.com.br\/vestidos-noiva\/#\/schema\/person\/image\/\",\"url\":\"https:\/\/secure.gravatar.com\/avatar\/641f98db20b53ec937ceb641db4270b9?s=96&d=mm&r=g\",\"contentUrl\":\"https:\/\/secure.gravatar.com\/avatar\/641f98db20b53ec937ceb641db4270b9?s=96&d=mm&r=g\",\"caption\":\"Ivana Beaumond Paris\"},\"url\":\"https:\/\/www.ivanabeaumond.com.br\/vestidos-noiva\/author\/ivana\/\"}]}<\/script>\n<!-- \/ Yoast SEO plugin. -->","yoast_head_json":{"title":"Tudo Sobre o Anivers\u00e1rio da Ivana Beaumond - Vestido de Noiva RJ","robots":{"index":"index","follow":"follow","max-snippet":"max-snippet:-1","max-image-preview":"max-image-preview:large","max-video-preview":"max-video-preview:-1"},"canonical":"https:\/\/www.ivanabeaumond.com.br\/vestidos-noiva\/tudo-sobre-o-aniversario-da-ivana-beaumond\/","og_locale":"pt_BR","og_type":"article","og_title":"Tudo Sobre o Anivers\u00e1rio da Ivana Beaumond - Vestido de Noiva RJ","og_description":"Dia\u00a07 de novembro, foi o anivers\u00e1rio dessa mulher incr\u00edvel que...","og_url":"https:\/\/www.ivanabeaumond.com.br\/vestidos-noiva\/tudo-sobre-o-aniversario-da-ivana-beaumond\/","og_site_name":"Vestido de Noiva RJ","article_publisher":"https:\/\/www.facebook.com\/ivana.beaumondnoivas","article_published_time":"2018-11-09T20:02:52+00:00","article_modified_time":"2018-11-13T20:17:58+00:00","og_image":[{"width":640,"height":427,"url":"https:\/\/www.ivanabeaumond.com.br\/vestidos-noiva\/wp-content\/uploads\/2018\/11\/DESTAQUE.jpg","type":"image\/jpeg"}],"author":"Ivana Beaumond Paris","twitter_card":"summary_large_image","twitter_misc":{"Escrito por":"Ivana Beaumond Paris","Est. tempo de leitura":"4 minutos"},"schema":{"@context":"https:\/\/schema.org","@graph":[{"@type":"Article","@id":"https:\/\/www.ivanabeaumond.com.br\/vestidos-noiva\/tudo-sobre-o-aniversario-da-ivana-beaumond\/#article","isPartOf":{"@id":"https:\/\/www.ivanabeaumond.com.br\/vestidos-noiva\/tudo-sobre-o-aniversario-da-ivana-beaumond\/"},"author":{"name":"Ivana Beaumond Paris","@id":"https:\/\/www.ivanabeaumond.com.br\/vestidos-noiva\/#\/schema\/person\/1a360c4cffa3b806d29a456389dcff26"},"headline":"Tudo Sobre o Anivers\u00e1rio da Ivana Beaumond","datePublished":"2018-11-09T20:02:52+00:00","dateModified":"2018-11-13T20:17:58+00:00","mainEntityOfPage":{"@id":"https:\/\/www.ivanabeaumond.com.br\/vestidos-noiva\/tudo-sobre-o-aniversario-da-ivana-beaumond\/"},"wordCount":811,"publisher":{"@id":"https:\/\/www.ivanabeaumond.com.br\/vestidos-noiva\/#organization"},"keywords":["Alliance Decor Loca\u00e7\u00f5es","anivers\u00e1rio","aszmann","Ateli\u00ea F\u00e1tima Cavalcante","atelieraltacostura","cabar\u00e9","can can","David Santiago","decora\u00e7\u00e3o","errejota","espa\u00e7o zurique","estilista","festa","festa tem\u00e1tica","glac\u00ea real atelier","hinata","ivana beaumond","ivanafaz60","mans\u00e3o carioca","moda","moulin rouge","pretto chocolates","Val\u00e9ria e Ricardo Laurentino"],"articleSection":["Blog","Na M\u00eddia"],"inLanguage":"pt-BR"},{"@type":"WebPage","@id":"https:\/\/www.ivanabeaumond.com.br\/vestidos-noiva\/tudo-sobre-o-aniversario-da-ivana-beaumond\/","url":"https:\/\/www.ivanabeaumond.com.br\/vestidos-noiva\/tudo-sobre-o-aniversario-da-ivana-beaumond\/","name":"Tudo Sobre o Anivers\u00e1rio da Ivana Beaumond - Vestido de Noiva RJ","isPartOf":{"@id":"https:\/\/www.ivanabeaumond.com.br\/vestidos-noiva\/#website"},"datePublished":"2018-11-09T20:02:52+00:00","dateModified":"2018-11-13T20:17:58+00:00","breadcrumb":{"@id":"https:\/\/www.ivanabeaumond.com.br\/vestidos-noiva\/tudo-sobre-o-aniversario-da-ivana-beaumond\/#breadcrumb"},"inLanguage":"pt-BR","potentialAction":[{"@type":"ReadAction","target":["https:\/\/www.ivanabeaumond.com.br\/vestidos-noiva\/tudo-sobre-o-aniversario-da-ivana-beaumond\/"]}]},{"@type":"BreadcrumbList","@id":"https:\/\/www.ivanabeaumond.com.br\/vestidos-noiva\/tudo-sobre-o-aniversario-da-ivana-beaumond\/#breadcrumb","itemListElement":[{"@type":"ListItem","position":1,"name":"In\u00edcio","item":"https:\/\/www.ivanabeaumond.com.br\/vestidos-noiva\/"},{"@type":"ListItem","position":2,"name":"Tudo Sobre o Anivers\u00e1rio da Ivana Beaumond"}]},{"@type":"WebSite","@id":"https:\/\/www.ivanabeaumond.com.br\/vestidos-noiva\/#website","url":"https:\/\/www.ivanabeaumond.com.br\/vestidos-noiva\/","name":"Vestido de Noiva RJ","description":"Moda Noiva","publisher":{"@id":"https:\/\/www.ivanabeaumond.com.br\/vestidos-noiva\/#organization"},"potentialAction":[{"@type":"SearchAction","target":{"@type":"EntryPoint","urlTemplate":"https:\/\/www.ivanabeaumond.com.br\/vestidos-noiva\/?s={search_term_string}"},"query-input":"required name=search_term_string"}],"inLanguage":"pt-BR"},{"@type":"Organization","@id":"https:\/\/www.ivanabeaumond.com.br\/vestidos-noiva\/#organization","name":"Vestido de Noiva RJ","url":"https:\/\/www.ivanabeaumond.com.br\/vestidos-noiva\/","logo":{"@type":"ImageObject","inLanguage":"pt-BR","@id":"https:\/\/www.ivanabeaumond.com.br\/vestidos-noiva\/#\/schema\/logo\/image\/","url":"https:\/\/www.ivanabeaumond.com.br\/vestidos-noiva\/wp-content\/uploads\/2018\/02\/logo_ivana_beaumond-2.png","contentUrl":"https:\/\/www.ivanabeaumond.com.br\/vestidos-noiva\/wp-content\/uploads\/2018\/02\/logo_ivana_beaumond-2.png","width":230,"height":112,"caption":"Vestido de Noiva RJ"},"image":{"@id":"https:\/\/www.ivanabeaumond.com.br\/vestidos-noiva\/#\/schema\/logo\/image\/"},"sameAs":["https:\/\/www.facebook.com\/ivana.beaumondnoivas","https:\/\/www.instagram.com\/ivanabeaumond\/","https:\/\/www.tiktok.com\/@ivanabeaumond"]},{"@type":"Person","@id":"https:\/\/www.ivanabeaumond.com.br\/vestidos-noiva\/#\/schema\/person\/1a360c4cffa3b806d29a456389dcff26","name":"Ivana Beaumond Paris","image":{"@type":"ImageObject","inLanguage":"pt-BR","@id":"https:\/\/www.ivanabeaumond.com.br\/vestidos-noiva\/#\/schema\/person\/image\/","url":"https:\/\/secure.gravatar.com\/avatar\/641f98db20b53ec937ceb641db4270b9?s=96&d=mm&r=g","contentUrl":"https:\/\/secure.gravatar.com\/avatar\/641f98db20b53ec937ceb641db4270b9?s=96&d=mm&r=g","caption":"Ivana Beaumond Paris"},"url":"https:\/\/www.ivanabeaumond.com.br\/vestidos-noiva\/author\/ivana\/"}]}},"_links":{"self":[{"href":"https:\/\/www.ivanabeaumond.com.br\/vestidos-noiva\/wp-json\/wp\/v2\/posts\/16439"}],"collection":[{"href":"https:\/\/www.ivanabeaumond.com.br\/vestidos-noiva\/wp-json\/wp\/v2\/posts"}],"about":[{"href":"https:\/\/www.ivanabeaumond.com.br\/vestidos-noiva\/wp-json\/wp\/v2\/types\/post"}],"author":[{"embeddable":true,"href":"https:\/\/www.ivanabeaumond.com.br\/vestidos-noiva\/wp-json\/wp\/v2\/users\/4"}],"replies":[{"embeddable":true,"href":"https:\/\/www.ivanabeaumond.com.br\/vestidos-noiva\/wp-json\/wp\/v2\/comments?post=16439"}],"version-history":[{"count":48,"href":"https:\/\/www.ivanabeaumond.com.br\/vestidos-noiva\/wp-json\/wp\/v2\/posts\/16439\/revisions"}],"predecessor-version":[{"id":16520,"href":"https:\/\/www.ivanabeaumond.com.br\/vestidos-noiva\/wp-json\/wp\/v2\/posts\/16439\/revisions\/16520"}],"wp:featuredmedia":[{"embeddable":true,"href":"https:\/\/www.ivanabeaumond.com.br\/vestidos-noiva\/wp-json\/wp\/v2\/media\/16464"}],"wp:attachment":[{"href":"https:\/\/www.ivanabeaumond.com.br\/vestidos-noiva\/wp-json\/wp\/v2\/media?parent=16439"}],"wp:term":[{"taxonomy":"category","embeddable":true,"href":"https:\/\/www.ivanabeaumond.com.br\/vestidos-noiva\/wp-json\/wp\/v2\/categories?post=16439"},{"taxonomy":"post_tag","embeddable":true,"href":"https:\/\/www.ivanabeaumond.com.br\/vestidos-noiva\/wp-json\/wp\/v2\/tags?post=16439"}],"curies":[{"name":"wp","href":"https:\/\/api.w.org\/{rel}","templated":true}]}}