{"id":16555,"date":"2018-11-20T13:05:07","date_gmt":"2018-11-20T15:05:07","guid":{"rendered":"http:\/\/www.ivanabeaumond.com.br\/vestidos-noiva\/?p=16555"},"modified":"2018-11-26T13:19:53","modified_gmt":"2018-11-26T15:19:53","slug":"tipos-de-traje-saiba-o-que-usar-em-cada-ocasiao","status":"publish","type":"post","link":"https:\/\/www.ivanabeaumond.com.br\/vestidos-noiva\/tipos-de-traje-saiba-o-que-usar-em-cada-ocasiao\/","title":{"rendered":"Tipos de traje: saiba o que usar em cada ocasi\u00e3o"},"content":{"rendered":"<h4 style=\"text-align: justify;\"><span style=\"color: #999999;\">Voc\u00ea recebe um convite para aquele evento imperd\u00edvel no final do ano. Sabendo que \u00e9 uma festa de gala, come\u00e7a a planejar o que vai usar, at\u00e9 que se depara com aquela frase que mais te confunde do que te ajuda, escrita com letrinhas bem pequenas no seu convite: \u201cTraje A Rigor\u201d. E agora, o que fazer?<\/span><\/h4>\n<p>&nbsp;<\/p>\n<p>&nbsp;<\/p>\n<p>&nbsp;<\/p>\n<p>&nbsp;<\/p>\n<p><img decoding=\"async\" loading=\"lazy\" class=\"aligncenter size-full wp-image-16598\" src=\"http:\/\/www.ivanabeaumond.com.br\/vestidos-noiva\/wp-content\/uploads\/2018\/11\/post-tipos-traje-ivana-beaumond-imagem-destacada.jpg\" alt=\"post-tipos-traje-ivana-beaumond-imagem-destacada\" width=\"336\" height=\"371\" srcset=\"https:\/\/www.ivanabeaumond.com.br\/vestidos-noiva\/wp-content\/uploads\/2018\/11\/post-tipos-traje-ivana-beaumond-imagem-destacada.jpg 336w, https:\/\/www.ivanabeaumond.com.br\/vestidos-noiva\/wp-content\/uploads\/2018\/11\/post-tipos-traje-ivana-beaumond-imagem-destacada-272x300.jpg 272w\" sizes=\"(max-width: 336px) 100vw, 336px\" \/><\/p>\n<p>&nbsp;<\/p>\n<p>&nbsp;<\/p>\n<p>&nbsp;<\/p>\n<p>&nbsp;<\/p>\n<p>&nbsp;<\/p>\n<h4 style=\"text-align: justify;\"><span style=\"color: #999999;\">Se voc\u00ea se identificou com a situa\u00e7\u00e3o descrita acima, esse post \u00e9 para voc\u00ea! Vamos descrever os tipos diferentes de trajes de festa e te dar algumas dicas para voc\u00ea n\u00e3o se confundir quando for se arrumar!<\/span><\/h4>\n<h4 style=\"text-align: justify;\"><\/h4>\n<h4 style=\"text-align: justify;\"><\/h4>\n<p>&nbsp;<\/p>\n<p>&nbsp;<\/p>\n<p>&nbsp;<\/p>\n<p>&nbsp;<\/p>\n<h3 style=\"text-align: justify;\">Traje Esporte<\/h3>\n<h4 style=\"text-align: justify;\"><\/h4>\n<p>&nbsp;<\/p>\n<p>&nbsp;<\/p>\n<p><img decoding=\"async\" loading=\"lazy\" class=\"aligncenter size-full wp-image-16556\" src=\"http:\/\/www.ivanabeaumond.com.br\/vestidos-noiva\/wp-content\/uploads\/2018\/11\/POST-TRAJES.jpg\" alt=\"POST TRAJES\" width=\"900\" height=\"600\" srcset=\"https:\/\/www.ivanabeaumond.com.br\/vestidos-noiva\/wp-content\/uploads\/2018\/11\/POST-TRAJES.jpg 900w, https:\/\/www.ivanabeaumond.com.br\/vestidos-noiva\/wp-content\/uploads\/2018\/11\/POST-TRAJES-300x200.jpg 300w, https:\/\/www.ivanabeaumond.com.br\/vestidos-noiva\/wp-content\/uploads\/2018\/11\/POST-TRAJES-480x320.jpg 480w\" sizes=\"(max-width: 900px) 100vw, 900px\" \/><\/p>\n<p>&nbsp;<\/p>\n<p>&nbsp;<\/p>\n<p>&nbsp;<\/p>\n<h4 style=\"text-align: justify;\"><span style=\"color: #999999;\">Esse tipo de traje \u00e9 o mais casual, e costuma ser sugerido para eventos mais informais, como anivers\u00e1rios, almo\u00e7os e batizados, que aconte\u00e7am durante o dia. Aqui voc\u00ea pode abusar de tecidos menos nobres e pe\u00e7as curtas, como uma bermuda jeans ou um vestido leve.<\/span><\/h4>\n<p>&nbsp;<\/p>\n<p>&nbsp;<\/p>\n<h4 style=\"text-align: justify;\"><span style=\"color: #999999;\">Mulheres podem investir em estampas florais e em bolsas m\u00e9dias ou grandes, mas com acess\u00f3rios discretos que n\u00e3o tenham muito brilho. A maquiagem tamb\u00e9m deve ser natural.<\/span><\/h4>\n<p>&nbsp;<\/p>\n<p>&nbsp;<\/p>\n<h4 style=\"text-align: justify;\"><span style=\"color: #999999;\">Para os homens, as pe\u00e7as indicadas seriam cal\u00e7as jeans ou de sarja, bermudas e camisas polo. Para compor o look, sapat\u00eanis ou sapatos mais despojados s\u00e3o uma op\u00e7\u00e3o.<\/span><\/h4>\n<p>&nbsp;<\/p>\n<p>&nbsp;<\/p>\n<h4 style=\"text-align: justify;\"><span style=\"color: #999999;\">O que pode usar: brim, couro, camur\u00e7a, jeans, veludo colet\u00ea.<\/span><\/h4>\n<p>&nbsp;<\/p>\n<p>&nbsp;<\/p>\n<h4 style=\"text-align: justify;\"><span style=\"color: #999999;\">O que n\u00e3o pode: salto fino, maquiagem pesada, gravata.<\/span><\/h4>\n<h4 style=\"text-align: justify;\"><\/h4>\n<p>&nbsp;<\/p>\n<p>&nbsp;<\/p>\n<p>&nbsp;<\/p>\n<p>&nbsp;<\/p>\n<h3><\/h3>\n<h3 style=\"text-align: justify;\">Traje Esporte Fino, Passeio ou Tenue De Ville<\/h3>\n<p>&nbsp;<\/p>\n<p>&nbsp;<\/p>\n<p>&nbsp;<\/p>\n<p>&nbsp;<\/p>\n<p><img decoding=\"async\" loading=\"lazy\" class=\"aligncenter size-full wp-image-16561\" src=\"http:\/\/www.ivanabeaumond.com.br\/vestidos-noiva\/wp-content\/uploads\/2018\/11\/post-trajes2.jpg\" alt=\"post trajes2\" width=\"900\" height=\"600\" srcset=\"https:\/\/www.ivanabeaumond.com.br\/vestidos-noiva\/wp-content\/uploads\/2018\/11\/post-trajes2.jpg 900w, https:\/\/www.ivanabeaumond.com.br\/vestidos-noiva\/wp-content\/uploads\/2018\/11\/post-trajes2-300x200.jpg 300w, https:\/\/www.ivanabeaumond.com.br\/vestidos-noiva\/wp-content\/uploads\/2018\/11\/post-trajes2-480x320.jpg 480w\" sizes=\"(max-width: 900px) 100vw, 900px\" \/><\/p>\n<p>&nbsp;<\/p>\n<p>&nbsp;<\/p>\n<p>&nbsp;<\/p>\n<p>&nbsp;<\/p>\n<h4 style=\"text-align: justify;\"><span style=\"color: #999999;\">O traje Esporte Fino \u00e9 um meio termo entre o Esporte e o Social. Tamb\u00e9m \u00e9 chamado de Tenue De Ville, que em franc\u00eas significa \u201ctraje da cidade\u201d.<\/span><\/h4>\n<p>&nbsp;<\/p>\n<h4 style=\"text-align: justify;\"><span style=\"color: #999999;\">Esse traje consiste em um modelo simples, mas arrumado, e \u00e9 geralmente indicado para eventos um pouco mais formais. Sendo assim, esque\u00e7a o jeans, e opte por cal\u00e7as sociais e tecidos mais nobres.<\/span><\/h4>\n<p>&nbsp;<\/p>\n<h4 style=\"text-align: justify;\"><span style=\"color: #999999;\">Para as mulheres, a dica \u00e9 aumentar o salto e diminuir a bolsa, e apostar numa make mais elaborada e acess\u00f3rios mais chiques, por\u00e9m tomando cuidado para n\u00e3o exagerar. Saias sociais com blusas, tailleurs de cal\u00e7a ou saia e <em>cocktail dresses<\/em> podem ser op\u00e7\u00f5es tanto para o dia quanto para a noite, dependendo da composi\u00e7\u00e3o.<\/span><\/h4>\n<p>&nbsp;<\/p>\n<h4 style=\"text-align: justify;\"><span style=\"color: #999999;\">Homens podem usar terno ou camisa e blazer sem gravata e sapato mocassim se o evento for diurno. \u00c0 noite, \u00e9 recomend\u00e1vel o uso da gravata.<\/span><\/h4>\n<p>&nbsp;<\/p>\n<h4><span style=\"color: #999999;\"> O que pode: linho, seda, viscose, l\u00e3s puras, salto m\u00e9dio e alto.<\/span><\/h4>\n<h4><span style=\"color: #999999;\">O que n\u00e3o pode: jeans, t-shirts, excesso de brilho, penteados muito elaborados.<\/span><\/h4>\n<p>&nbsp;<\/p>\n<p>&nbsp;<\/p>\n<p>&nbsp;<\/p>\n<p>&nbsp;<\/p>\n<p>&nbsp;<\/p>\n<h3 style=\"text-align: justify;\"><span style=\"color: #000000;\">Traje Social ou Passeio Completo<\/span><\/h3>\n<p>&nbsp;<\/p>\n<p>&nbsp;<\/p>\n<p>&nbsp;<\/p>\n<p>&nbsp;<\/p>\n<p><img decoding=\"async\" loading=\"lazy\" class=\"aligncenter size-full wp-image-16566\" src=\"http:\/\/www.ivanabeaumond.com.br\/vestidos-noiva\/wp-content\/uploads\/2018\/11\/passeio-completo-ivana-beaumond-blog.jpg\" alt=\"passeio-completo-ivana-beaumond-blog\" width=\"900\" height=\"600\" srcset=\"https:\/\/www.ivanabeaumond.com.br\/vestidos-noiva\/wp-content\/uploads\/2018\/11\/passeio-completo-ivana-beaumond-blog.jpg 900w, https:\/\/www.ivanabeaumond.com.br\/vestidos-noiva\/wp-content\/uploads\/2018\/11\/passeio-completo-ivana-beaumond-blog-300x200.jpg 300w, https:\/\/www.ivanabeaumond.com.br\/vestidos-noiva\/wp-content\/uploads\/2018\/11\/passeio-completo-ivana-beaumond-blog-480x320.jpg 480w\" sizes=\"(max-width: 900px) 100vw, 900px\" \/><\/p>\n<p>&nbsp;<\/p>\n<p>&nbsp;<\/p>\n<p>&nbsp;<\/p>\n<p>&nbsp;<\/p>\n<h4><span style=\"color: #999999;\">Indicado para eventos muito formais, como casamentos a noite, coquet\u00e9is, jantares e concertos. O termo Passeio Completo serve para designar trajes masculinos, indicando o uso obrigat\u00f3rio da gravata (por isso o completo).<\/span><\/h4>\n<p>&nbsp;<\/p>\n<p>&nbsp;<\/p>\n<h4><span style=\"color: #999999;\">As mulheres t\u00eam uma gama maior de op\u00e7\u00f5es nesse tipo de traje, podendo investir nos vestidos longos ou curtos, saias, blusas e pantalonas, desde que os tecidos sejam mais sofisticados. Aqui cabe o uso do brilho, seja nos acess\u00f3rios, nas joias e na maquiagem. As bolsas devem ser do tipo clutch ou carteiras, e o sapato de salto alto.<\/span><\/h4>\n<p>&nbsp;<\/p>\n<p>&nbsp;<\/p>\n<h4><span style=\"color: #999999;\">Para os homens, o dresscode \u00e9 obrigatoriamente o terno \u2013 de prefer\u00eancia liso e escuro &#8211; com camisa branca e gravata.<\/span><\/h4>\n<p>&nbsp;<\/p>\n<p>&nbsp;<\/p>\n<h4><span style=\"color: #999999;\">O que pode: seda, chiffon, brilho, bordados, casimira, organzas, gravata de seda, salto alto, rendas.<\/span><\/h4>\n<h4><span style=\"color: #999999;\">O que n\u00e3o pode: sand\u00e1lia rasteira, bolsa grande, malhas, ternos e sapatos marrons.<\/span><\/h4>\n<p>&nbsp;<\/p>\n<h4><\/h4>\n<h4><\/h4>\n<p>&nbsp;<\/p>\n<p>&nbsp;<\/p>\n<p>&nbsp;<\/p>\n<h3><span style=\"color: #000000;\">Traje a Rigor, de Gala ou Black-tie\/Habill\u00e9<\/span><\/h3>\n<p>&nbsp;<\/p>\n<p>&nbsp;<\/p>\n<p>&nbsp;<\/p>\n<p>&nbsp;<\/p>\n<p>&nbsp;<\/p>\n<p><img decoding=\"async\" loading=\"lazy\" class=\"aligncenter size-full wp-image-16568\" src=\"http:\/\/www.ivanabeaumond.com.br\/vestidos-noiva\/wp-content\/uploads\/2018\/11\/traje-de-gala-post-ivana-beaumond-blog.jpg\" alt=\"traje-de-gala-post-ivana-beaumond-blog\" width=\"900\" height=\"600\" srcset=\"https:\/\/www.ivanabeaumond.com.br\/vestidos-noiva\/wp-content\/uploads\/2018\/11\/traje-de-gala-post-ivana-beaumond-blog.jpg 900w, https:\/\/www.ivanabeaumond.com.br\/vestidos-noiva\/wp-content\/uploads\/2018\/11\/traje-de-gala-post-ivana-beaumond-blog-300x200.jpg 300w, https:\/\/www.ivanabeaumond.com.br\/vestidos-noiva\/wp-content\/uploads\/2018\/11\/traje-de-gala-post-ivana-beaumond-blog-480x320.jpg 480w\" sizes=\"(max-width: 900px) 100vw, 900px\" \/><\/p>\n<p>&nbsp;<\/p>\n<p>&nbsp;<\/p>\n<p>&nbsp;<\/p>\n<p>&nbsp;<\/p>\n<h4><span style=\"color: #999999;\">\u00c9 o traje indicado para cerim\u00f4nias oficiais, bailes de gala, casamentos de luxo, premia\u00e7\u00f5es e formaturas.<\/span><\/h4>\n<p>&nbsp;<\/p>\n<h4><span style=\"color: #999999;\">Mulheres devem apostar em vestidos longos de tecidos finos, com fendas, caudas e decotes mais ousados. Abuse de detalhes em pedrarias, bordados, transpar\u00eancias e rendas. Os sapatos devem ter salto alto fino, e as bolsas pequenas.<\/span><\/h4>\n<p>&nbsp;<\/p>\n<h4><span style=\"color: #999999;\">Homens devem usar smoking, que consiste em um terno preto com gravata borboleta e faixa de cetim preta, e sapatos lisos de verniz ou pretos de couro de amarrar.<\/span><\/h4>\n<p>&nbsp;<\/p>\n<h4><span style=\"color: #999999;\">O que pode: brocados, tafet\u00e1s de seda, rendas, georgettes, zibelinas, estolas.<\/span><\/h4>\n<h4><span style=\"color: #999999;\">O que n\u00e3o pode: sapatos esportivos, salto Anabela, tamancos, gravata estampada.<\/span><\/h4>\n<h4><span style=\"color: #999999;\">\u00a0<\/span><\/h4>\n<p>&nbsp;<\/p>\n<p>&nbsp;<\/p>\n<h4 style=\"text-align: justify;\"><span style=\"color: #999999;\">Uma dica importante: se for poss\u00edvel, tente conversar com o\u00a0anfitri\u00e3o da festa e tirar suas d\u00favidas quanto ao <em>dresscode<\/em> com ele. Tamb\u00e9m procure saber qual ser\u00e1 o hor\u00e1rio do evento, pois o dia e a noite pedem tecidos e trajes diferentes!<\/span><\/h4>\n<p>&nbsp;<\/p>\n<p>&nbsp;<\/p>\n<p>&nbsp;<\/p>\n<p>&nbsp;<\/p>\n<h4><span style=\"color: #999999;\">Gostou? Siga nosso instagram\u00a0<span style=\"color: #000000;\"><a style=\"color: #000000;\" href=\"https:\/\/www.instagram.com\/ivanabeaumond\/\">@ivanabeaumond<\/a><\/span>\u00a0e curta nossa fanpage\u00a0<span style=\"color: #000000;\"><a style=\"color: #000000;\" href=\"https:\/\/www.facebook.com\/IvanaBeaumond\/\">Ivana Beaumond<\/a><\/span>\u00a0para ficar\u00a0por dentro de tudo o que rola no mundo das noivas e conhecer nossos Melhores Modelos de Vestidos de Noivas Nacionais, Importados e Sob Medida.<\/span><\/h4>\n","protected":false},"excerpt":{"rendered":"<p>Voc\u00ea recebe um convite para aquele evento imperd\u00edvel no final&#8230;<\/p>\n","protected":false},"author":4,"featured_media":16566,"comment_status":"closed","ping_status":"closed","sticky":false,"template":"","format":"standard","meta":[],"categories":[60,127],"tags":[449,131,203,204,133,451,96,173,132,209,447,99,100,162,452,286,278,103,165,450,163,448,158,138],"yoast_head":"<!-- This site is optimized with the Yoast SEO plugin v20.3 - https:\/\/yoast.com\/wordpress\/plugins\/seo\/ -->\n<title>Tipos de traje: saiba o que usar em cada ocasi\u00e3o - Vestido de Noiva RJ<\/title>\n<meta name=\"robots\" content=\"index, follow, max-snippet:-1, max-image-preview:large, max-video-preview:-1\" \/>\n<link rel=\"canonical\" href=\"https:\/\/www.ivanabeaumond.com.br\/vestidos-noiva\/tipos-de-traje-saiba-o-que-usar-em-cada-ocasiao\/\" \/>\n<meta property=\"og:locale\" content=\"pt_BR\" \/>\n<meta property=\"og:type\" content=\"article\" \/>\n<meta property=\"og:title\" content=\"Tipos de traje: saiba o que usar em cada ocasi\u00e3o - Vestido de Noiva RJ\" \/>\n<meta property=\"og:description\" content=\"Voc\u00ea recebe um convite para aquele evento imperd\u00edvel no final...\" \/>\n<meta property=\"og:url\" content=\"https:\/\/www.ivanabeaumond.com.br\/vestidos-noiva\/tipos-de-traje-saiba-o-que-usar-em-cada-ocasiao\/\" \/>\n<meta property=\"og:site_name\" content=\"Vestido de Noiva RJ\" \/>\n<meta property=\"article:publisher\" content=\"https:\/\/www.facebook.com\/ivana.beaumondnoivas\" \/>\n<meta property=\"article:published_time\" content=\"2018-11-20T15:05:07+00:00\" \/>\n<meta property=\"article:modified_time\" content=\"2018-11-26T15:19:53+00:00\" \/>\n<meta property=\"og:image\" content=\"https:\/\/www.ivanabeaumond.com.br\/vestidos-noiva\/wp-content\/uploads\/2018\/11\/passeio-completo-ivana-beaumond-blog.jpg\" \/>\n\t<meta property=\"og:image:width\" content=\"900\" \/>\n\t<meta property=\"og:image:height\" content=\"600\" \/>\n\t<meta property=\"og:image:type\" content=\"image\/jpeg\" \/>\n<meta name=\"author\" content=\"Ivana Beaumond Paris\" \/>\n<meta name=\"twitter:card\" content=\"summary_large_image\" \/>\n<meta name=\"twitter:label1\" content=\"Escrito por\" \/>\n\t<meta name=\"twitter:data1\" content=\"Ivana Beaumond Paris\" \/>\n\t<meta name=\"twitter:label2\" content=\"Est. tempo de leitura\" \/>\n\t<meta name=\"twitter:data2\" content=\"4 minutos\" \/>\n<script type=\"application\/ld+json\" class=\"yoast-schema-graph\">{\"@context\":\"https:\/\/schema.org\",\"@graph\":[{\"@type\":\"Article\",\"@id\":\"https:\/\/www.ivanabeaumond.com.br\/vestidos-noiva\/tipos-de-traje-saiba-o-que-usar-em-cada-ocasiao\/#article\",\"isPartOf\":{\"@id\":\"https:\/\/www.ivanabeaumond.com.br\/vestidos-noiva\/tipos-de-traje-saiba-o-que-usar-em-cada-ocasiao\/\"},\"author\":{\"name\":\"Ivana Beaumond Paris\",\"@id\":\"https:\/\/www.ivanabeaumond.com.br\/vestidos-noiva\/#\/schema\/person\/1a360c4cffa3b806d29a456389dcff26\"},\"headline\":\"Tipos de traje: saiba o que usar em cada ocasi\u00e3o\",\"datePublished\":\"2018-11-20T15:05:07+00:00\",\"dateModified\":\"2018-11-26T15:19:53+00:00\",\"mainEntityOfPage\":{\"@id\":\"https:\/\/www.ivanabeaumond.com.br\/vestidos-noiva\/tipos-de-traje-saiba-o-que-usar-em-cada-ocasiao\/\"},\"wordCount\":858,\"publisher\":{\"@id\":\"https:\/\/www.ivanabeaumond.com.br\/vestidos-noiva\/#organization\"},\"keywords\":[\"a rigor\",\"aluguel de roupas\",\"atelier\",\"atelieraltacostura\",\"atelierivanabeaumond\",\"black tie\",\"casamento\",\"debutantes\",\"dicas ivana\",\"dress\",\"dresscode\",\"felicidade\",\"festa\",\"festas\",\"habill\u00e9\",\"ivana beaumond\",\"ivana beaumond paris\",\"madrinhas\",\"padrinhos\",\"passeio completo\",\"sob medida\",\"tipos de traje\",\"traje de noivo\",\"vestido de festa\"],\"articleSection\":[\"Blog\",\"Dicas e Truques\"],\"inLanguage\":\"pt-BR\"},{\"@type\":\"WebPage\",\"@id\":\"https:\/\/www.ivanabeaumond.com.br\/vestidos-noiva\/tipos-de-traje-saiba-o-que-usar-em-cada-ocasiao\/\",\"url\":\"https:\/\/www.ivanabeaumond.com.br\/vestidos-noiva\/tipos-de-traje-saiba-o-que-usar-em-cada-ocasiao\/\",\"name\":\"Tipos de traje: saiba o que usar em cada ocasi\u00e3o - Vestido de Noiva RJ\",\"isPartOf\":{\"@id\":\"https:\/\/www.ivanabeaumond.com.br\/vestidos-noiva\/#website\"},\"datePublished\":\"2018-11-20T15:05:07+00:00\",\"dateModified\":\"2018-11-26T15:19:53+00:00\",\"breadcrumb\":{\"@id\":\"https:\/\/www.ivanabeaumond.com.br\/vestidos-noiva\/tipos-de-traje-saiba-o-que-usar-em-cada-ocasiao\/#breadcrumb\"},\"inLanguage\":\"pt-BR\",\"potentialAction\":[{\"@type\":\"ReadAction\",\"target\":[\"https:\/\/www.ivanabeaumond.com.br\/vestidos-noiva\/tipos-de-traje-saiba-o-que-usar-em-cada-ocasiao\/\"]}]},{\"@type\":\"BreadcrumbList\",\"@id\":\"https:\/\/www.ivanabeaumond.com.br\/vestidos-noiva\/tipos-de-traje-saiba-o-que-usar-em-cada-ocasiao\/#breadcrumb\",\"itemListElement\":[{\"@type\":\"ListItem\",\"position\":1,\"name\":\"In\u00edcio\",\"item\":\"https:\/\/www.ivanabeaumond.com.br\/vestidos-noiva\/\"},{\"@type\":\"ListItem\",\"position\":2,\"name\":\"Tipos de traje: saiba o que usar em cada ocasi\u00e3o\"}]},{\"@type\":\"WebSite\",\"@id\":\"https:\/\/www.ivanabeaumond.com.br\/vestidos-noiva\/#website\",\"url\":\"https:\/\/www.ivanabeaumond.com.br\/vestidos-noiva\/\",\"name\":\"Vestido de Noiva RJ\",\"description\":\"Moda Noiva\",\"publisher\":{\"@id\":\"https:\/\/www.ivanabeaumond.com.br\/vestidos-noiva\/#organization\"},\"potentialAction\":[{\"@type\":\"SearchAction\",\"target\":{\"@type\":\"EntryPoint\",\"urlTemplate\":\"https:\/\/www.ivanabeaumond.com.br\/vestidos-noiva\/?s={search_term_string}\"},\"query-input\":\"required name=search_term_string\"}],\"inLanguage\":\"pt-BR\"},{\"@type\":\"Organization\",\"@id\":\"https:\/\/www.ivanabeaumond.com.br\/vestidos-noiva\/#organization\",\"name\":\"Vestido de Noiva RJ\",\"url\":\"https:\/\/www.ivanabeaumond.com.br\/vestidos-noiva\/\",\"logo\":{\"@type\":\"ImageObject\",\"inLanguage\":\"pt-BR\",\"@id\":\"https:\/\/www.ivanabeaumond.com.br\/vestidos-noiva\/#\/schema\/logo\/image\/\",\"url\":\"https:\/\/www.ivanabeaumond.com.br\/vestidos-noiva\/wp-content\/uploads\/2018\/02\/logo_ivana_beaumond-2.png\",\"contentUrl\":\"https:\/\/www.ivanabeaumond.com.br\/vestidos-noiva\/wp-content\/uploads\/2018\/02\/logo_ivana_beaumond-2.png\",\"width\":230,\"height\":112,\"caption\":\"Vestido de Noiva RJ\"},\"image\":{\"@id\":\"https:\/\/www.ivanabeaumond.com.br\/vestidos-noiva\/#\/schema\/logo\/image\/\"},\"sameAs\":[\"https:\/\/www.facebook.com\/ivana.beaumondnoivas\",\"https:\/\/www.instagram.com\/ivanabeaumond\/\",\"https:\/\/www.tiktok.com\/@ivanabeaumond\"]},{\"@type\":\"Person\",\"@id\":\"https:\/\/www.ivanabeaumond.com.br\/vestidos-noiva\/#\/schema\/person\/1a360c4cffa3b806d29a456389dcff26\",\"name\":\"Ivana Beaumond Paris\",\"image\":{\"@type\":\"ImageObject\",\"inLanguage\":\"pt-BR\",\"@id\":\"https:\/\/www.ivanabeaumond.com.br\/vestidos-noiva\/#\/schema\/person\/image\/\",\"url\":\"https:\/\/secure.gravatar.com\/avatar\/641f98db20b53ec937ceb641db4270b9?s=96&d=mm&r=g\",\"contentUrl\":\"https:\/\/secure.gravatar.com\/avatar\/641f98db20b53ec937ceb641db4270b9?s=96&d=mm&r=g\",\"caption\":\"Ivana Beaumond Paris\"},\"url\":\"https:\/\/www.ivanabeaumond.com.br\/vestidos-noiva\/author\/ivana\/\"}]}<\/script>\n<!-- \/ Yoast SEO plugin. -->","yoast_head_json":{"title":"Tipos de traje: saiba o que usar em cada ocasi\u00e3o - Vestido de Noiva RJ","robots":{"index":"index","follow":"follow","max-snippet":"max-snippet:-1","max-image-preview":"max-image-preview:large","max-video-preview":"max-video-preview:-1"},"canonical":"https:\/\/www.ivanabeaumond.com.br\/vestidos-noiva\/tipos-de-traje-saiba-o-que-usar-em-cada-ocasiao\/","og_locale":"pt_BR","og_type":"article","og_title":"Tipos de traje: saiba o que usar em cada ocasi\u00e3o - Vestido de Noiva RJ","og_description":"Voc\u00ea recebe um convite para aquele evento imperd\u00edvel no final...","og_url":"https:\/\/www.ivanabeaumond.com.br\/vestidos-noiva\/tipos-de-traje-saiba-o-que-usar-em-cada-ocasiao\/","og_site_name":"Vestido de Noiva RJ","article_publisher":"https:\/\/www.facebook.com\/ivana.beaumondnoivas","article_published_time":"2018-11-20T15:05:07+00:00","article_modified_time":"2018-11-26T15:19:53+00:00","og_image":[{"width":900,"height":600,"url":"https:\/\/www.ivanabeaumond.com.br\/vestidos-noiva\/wp-content\/uploads\/2018\/11\/passeio-completo-ivana-beaumond-blog.jpg","type":"image\/jpeg"}],"author":"Ivana Beaumond Paris","twitter_card":"summary_large_image","twitter_misc":{"Escrito por":"Ivana Beaumond Paris","Est. tempo de leitura":"4 minutos"},"schema":{"@context":"https:\/\/schema.org","@graph":[{"@type":"Article","@id":"https:\/\/www.ivanabeaumond.com.br\/vestidos-noiva\/tipos-de-traje-saiba-o-que-usar-em-cada-ocasiao\/#article","isPartOf":{"@id":"https:\/\/www.ivanabeaumond.com.br\/vestidos-noiva\/tipos-de-traje-saiba-o-que-usar-em-cada-ocasiao\/"},"author":{"name":"Ivana Beaumond Paris","@id":"https:\/\/www.ivanabeaumond.com.br\/vestidos-noiva\/#\/schema\/person\/1a360c4cffa3b806d29a456389dcff26"},"headline":"Tipos de traje: saiba o que usar em cada ocasi\u00e3o","datePublished":"2018-11-20T15:05:07+00:00","dateModified":"2018-11-26T15:19:53+00:00","mainEntityOfPage":{"@id":"https:\/\/www.ivanabeaumond.com.br\/vestidos-noiva\/tipos-de-traje-saiba-o-que-usar-em-cada-ocasiao\/"},"wordCount":858,"publisher":{"@id":"https:\/\/www.ivanabeaumond.com.br\/vestidos-noiva\/#organization"},"keywords":["a rigor","aluguel de roupas","atelier","atelieraltacostura","atelierivanabeaumond","black tie","casamento","debutantes","dicas ivana","dress","dresscode","felicidade","festa","festas","habill\u00e9","ivana beaumond","ivana beaumond paris","madrinhas","padrinhos","passeio completo","sob medida","tipos de traje","traje de noivo","vestido de festa"],"articleSection":["Blog","Dicas e Truques"],"inLanguage":"pt-BR"},{"@type":"WebPage","@id":"https:\/\/www.ivanabeaumond.com.br\/vestidos-noiva\/tipos-de-traje-saiba-o-que-usar-em-cada-ocasiao\/","url":"https:\/\/www.ivanabeaumond.com.br\/vestidos-noiva\/tipos-de-traje-saiba-o-que-usar-em-cada-ocasiao\/","name":"Tipos de traje: saiba o que usar em cada ocasi\u00e3o - Vestido de Noiva RJ","isPartOf":{"@id":"https:\/\/www.ivanabeaumond.com.br\/vestidos-noiva\/#website"},"datePublished":"2018-11-20T15:05:07+00:00","dateModified":"2018-11-26T15:19:53+00:00","breadcrumb":{"@id":"https:\/\/www.ivanabeaumond.com.br\/vestidos-noiva\/tipos-de-traje-saiba-o-que-usar-em-cada-ocasiao\/#breadcrumb"},"inLanguage":"pt-BR","potentialAction":[{"@type":"ReadAction","target":["https:\/\/www.ivanabeaumond.com.br\/vestidos-noiva\/tipos-de-traje-saiba-o-que-usar-em-cada-ocasiao\/"]}]},{"@type":"BreadcrumbList","@id":"https:\/\/www.ivanabeaumond.com.br\/vestidos-noiva\/tipos-de-traje-saiba-o-que-usar-em-cada-ocasiao\/#breadcrumb","itemListElement":[{"@type":"ListItem","position":1,"name":"In\u00edcio","item":"https:\/\/www.ivanabeaumond.com.br\/vestidos-noiva\/"},{"@type":"ListItem","position":2,"name":"Tipos de traje: saiba o que usar em cada ocasi\u00e3o"}]},{"@type":"WebSite","@id":"https:\/\/www.ivanabeaumond.com.br\/vestidos-noiva\/#website","url":"https:\/\/www.ivanabeaumond.com.br\/vestidos-noiva\/","name":"Vestido de Noiva RJ","description":"Moda Noiva","publisher":{"@id":"https:\/\/www.ivanabeaumond.com.br\/vestidos-noiva\/#organization"},"potentialAction":[{"@type":"SearchAction","target":{"@type":"EntryPoint","urlTemplate":"https:\/\/www.ivanabeaumond.com.br\/vestidos-noiva\/?s={search_term_string}"},"query-input":"required name=search_term_string"}],"inLanguage":"pt-BR"},{"@type":"Organization","@id":"https:\/\/www.ivanabeaumond.com.br\/vestidos-noiva\/#organization","name":"Vestido de Noiva RJ","url":"https:\/\/www.ivanabeaumond.com.br\/vestidos-noiva\/","logo":{"@type":"ImageObject","inLanguage":"pt-BR","@id":"https:\/\/www.ivanabeaumond.com.br\/vestidos-noiva\/#\/schema\/logo\/image\/","url":"https:\/\/www.ivanabeaumond.com.br\/vestidos-noiva\/wp-content\/uploads\/2018\/02\/logo_ivana_beaumond-2.png","contentUrl":"https:\/\/www.ivanabeaumond.com.br\/vestidos-noiva\/wp-content\/uploads\/2018\/02\/logo_ivana_beaumond-2.png","width":230,"height":112,"caption":"Vestido de Noiva RJ"},"image":{"@id":"https:\/\/www.ivanabeaumond.com.br\/vestidos-noiva\/#\/schema\/logo\/image\/"},"sameAs":["https:\/\/www.facebook.com\/ivana.beaumondnoivas","https:\/\/www.instagram.com\/ivanabeaumond\/","https:\/\/www.tiktok.com\/@ivanabeaumond"]},{"@type":"Person","@id":"https:\/\/www.ivanabeaumond.com.br\/vestidos-noiva\/#\/schema\/person\/1a360c4cffa3b806d29a456389dcff26","name":"Ivana Beaumond Paris","image":{"@type":"ImageObject","inLanguage":"pt-BR","@id":"https:\/\/www.ivanabeaumond.com.br\/vestidos-noiva\/#\/schema\/person\/image\/","url":"https:\/\/secure.gravatar.com\/avatar\/641f98db20b53ec937ceb641db4270b9?s=96&d=mm&r=g","contentUrl":"https:\/\/secure.gravatar.com\/avatar\/641f98db20b53ec937ceb641db4270b9?s=96&d=mm&r=g","caption":"Ivana Beaumond Paris"},"url":"https:\/\/www.ivanabeaumond.com.br\/vestidos-noiva\/author\/ivana\/"}]}},"_links":{"self":[{"href":"https:\/\/www.ivanabeaumond.com.br\/vestidos-noiva\/wp-json\/wp\/v2\/posts\/16555"}],"collection":[{"href":"https:\/\/www.ivanabeaumond.com.br\/vestidos-noiva\/wp-json\/wp\/v2\/posts"}],"about":[{"href":"https:\/\/www.ivanabeaumond.com.br\/vestidos-noiva\/wp-json\/wp\/v2\/types\/post"}],"author":[{"embeddable":true,"href":"https:\/\/www.ivanabeaumond.com.br\/vestidos-noiva\/wp-json\/wp\/v2\/users\/4"}],"replies":[{"embeddable":true,"href":"https:\/\/www.ivanabeaumond.com.br\/vestidos-noiva\/wp-json\/wp\/v2\/comments?post=16555"}],"version-history":[{"count":17,"href":"https:\/\/www.ivanabeaumond.com.br\/vestidos-noiva\/wp-json\/wp\/v2\/posts\/16555\/revisions"}],"predecessor-version":[{"id":16599,"href":"https:\/\/www.ivanabeaumond.com.br\/vestidos-noiva\/wp-json\/wp\/v2\/posts\/16555\/revisions\/16599"}],"wp:featuredmedia":[{"embeddable":true,"href":"https:\/\/www.ivanabeaumond.com.br\/vestidos-noiva\/wp-json\/wp\/v2\/media\/16566"}],"wp:attachment":[{"href":"https:\/\/www.ivanabeaumond.com.br\/vestidos-noiva\/wp-json\/wp\/v2\/media?parent=16555"}],"wp:term":[{"taxonomy":"category","embeddable":true,"href":"https:\/\/www.ivanabeaumond.com.br\/vestidos-noiva\/wp-json\/wp\/v2\/categories?post=16555"},{"taxonomy":"post_tag","embeddable":true,"href":"https:\/\/www.ivanabeaumond.com.br\/vestidos-noiva\/wp-json\/wp\/v2\/tags?post=16555"}],"curies":[{"name":"wp","href":"https:\/\/api.w.org\/{rel}","templated":true}]}}