{"id":16575,"date":"2018-11-19T12:58:34","date_gmt":"2018-11-19T14:58:34","guid":{"rendered":"http:\/\/www.ivanabeaumond.com.br\/vestidos-noiva\/?p=16575"},"modified":"2018-11-26T17:03:55","modified_gmt":"2018-11-26T19:03:55","slug":"tendencias-de-vestidos-de-noiva-para-a-primavera-2019","status":"publish","type":"post","link":"https:\/\/www.ivanabeaumond.com.br\/vestidos-noiva\/tendencias-de-vestidos-de-noiva-para-a-primavera-2019\/","title":{"rendered":"Tend\u00eancias de Vestidos de Noiva para a Primavera 2019"},"content":{"rendered":"<h4 style=\"text-align: justify;\"><span style=\"color: #999999;\">Recentemente, tivemos a <em>Bridal Fashion Week New York<\/em> nos Estados Unidos,\u00a0com os mais renomados estilistas de noivas do mundo revelando suas novas cole\u00e7\u00f5es.\u00a0<\/span><\/h4>\n<h4 style=\"text-align: justify;\"><span style=\"color: #999999;\">Na reta final do ano, fizemos esse post para voc\u00ea que j\u00e1 quer saber o que estar\u00e1 em alta nos casamentos na pr\u00f3xima temporada. Vamos listar as tend\u00eancias\u00a0dos\u00a0vestidos de noiva para a Primavera 2019 que voc\u00ea precisa conhecer!\u00a0<\/span><\/h4>\n<h3><\/h3>\n<h3><\/h3>\n<h3><\/h3>\n<p>&nbsp;<\/p>\n<p>&nbsp;<\/p>\n<p>&nbsp;<\/p>\n<h3><\/h3>\n<h3><span style=\"color: #000000;\">Mangas longas<\/span><\/h3>\n<p>&nbsp;<\/p>\n<p>&nbsp;<\/p>\n<p>&nbsp;<\/p>\n<h4 style=\"text-align: justify;\"><span style=\"color: #999999;\">Vestidos de noiva que evidenciam as mangas apareceram bastante na Bridal Fashion Week Nova York. Portanto, em 2019 veremos muitos modelos com mangas longas, bufantes, largas ou acampanadas.<\/span><\/h4>\n<p>&nbsp;<\/p>\n<p>&nbsp;<\/p>\n<p>&nbsp;<\/p>\n<p><img decoding=\"async\" loading=\"lazy\" class=\"aligncenter size-large wp-image-16576\" src=\"http:\/\/www.ivanabeaumond.com.br\/vestidos-noiva\/wp-content\/uploads\/2018\/11\/vestido_noiva_ivana_beaumond_paris_823-207-1024x768.jpg\" alt=\"vestido_noiva_ivana_beaumond_paris_823-207\" width=\"1024\" height=\"768\" srcset=\"https:\/\/www.ivanabeaumond.com.br\/vestidos-noiva\/wp-content\/uploads\/2018\/11\/vestido_noiva_ivana_beaumond_paris_823-207-1024x768.jpg 1024w, https:\/\/www.ivanabeaumond.com.br\/vestidos-noiva\/wp-content\/uploads\/2018\/11\/vestido_noiva_ivana_beaumond_paris_823-207-300x225.jpg 300w, https:\/\/www.ivanabeaumond.com.br\/vestidos-noiva\/wp-content\/uploads\/2018\/11\/vestido_noiva_ivana_beaumond_paris_823-207.jpg 1500w\" sizes=\"(max-width: 1024px) 100vw, 1024px\" \/><\/p>\n<p><img decoding=\"async\" loading=\"lazy\" class=\"aligncenter size-large wp-image-16603\" src=\"http:\/\/www.ivanabeaumond.com.br\/vestidos-noiva\/wp-content\/uploads\/2018\/11\/mangas-em-evidencia-tendencia-2019-ivana-beaumond-1024x768.jpg\" alt=\"mangas-em-evidencia-tendencia-2019-ivana-beaumond\" width=\"1024\" height=\"768\" srcset=\"https:\/\/www.ivanabeaumond.com.br\/vestidos-noiva\/wp-content\/uploads\/2018\/11\/mangas-em-evidencia-tendencia-2019-ivana-beaumond.jpg 1024w, https:\/\/www.ivanabeaumond.com.br\/vestidos-noiva\/wp-content\/uploads\/2018\/11\/mangas-em-evidencia-tendencia-2019-ivana-beaumond-300x225.jpg 300w\" sizes=\"(max-width: 1024px) 100vw, 1024px\" \/><\/p>\n<p>&nbsp;<\/p>\n<h4><\/h4>\n<p>&nbsp;<\/p>\n<p>&nbsp;<\/p>\n<p>&nbsp;<\/p>\n<h3><span style=\"color: #000000;\">Flores tridimensionais<\/span><\/h3>\n<p>&nbsp;<\/p>\n<p>&nbsp;<\/p>\n<h4 style=\"text-align: justify;\"><span style=\"color: #999999;\">As flores trazem uma inspira\u00e7\u00e3o da primavera e do outono, e aparecem como uma forte tend\u00eancia para a pr\u00f3xima esta\u00e7\u00e3o. Modelos com aplica\u00e7\u00f5es de flores e bordados em 3d est\u00e3o em alta e chegam para fugir um pouco do romantismo tradicional.<\/span><\/h4>\n<p>&nbsp;<\/p>\n<p>&nbsp;<\/p>\n<p><a href=\"http:\/\/www.ivanabeaumond.com.br\/vestidos-noiva\/wp-content\/uploads\/2018\/11\/vestido_noiva_ivana_beaumond_paris_836-379.jpg\"><img decoding=\"async\" loading=\"lazy\" class=\"aligncenter size-large wp-image-16578\" src=\"http:\/\/www.ivanabeaumond.com.br\/vestidos-noiva\/wp-content\/uploads\/2018\/11\/vestido_noiva_ivana_beaumond_paris_852-260-1024x768.jpg\" alt=\"vestido_noiva_ivana_beaumond_paris_852-260\" width=\"1024\" height=\"768\" srcset=\"https:\/\/www.ivanabeaumond.com.br\/vestidos-noiva\/wp-content\/uploads\/2018\/11\/vestido_noiva_ivana_beaumond_paris_852-260-1024x768.jpg 1024w, https:\/\/www.ivanabeaumond.com.br\/vestidos-noiva\/wp-content\/uploads\/2018\/11\/vestido_noiva_ivana_beaumond_paris_852-260-300x225.jpg 300w, https:\/\/www.ivanabeaumond.com.br\/vestidos-noiva\/wp-content\/uploads\/2018\/11\/vestido_noiva_ivana_beaumond_paris_852-260.jpg 1500w\" sizes=\"(max-width: 1024px) 100vw, 1024px\" \/><\/a><\/p>\n<p><img decoding=\"async\" loading=\"lazy\" class=\"aligncenter size-large wp-image-16605\" src=\"http:\/\/www.ivanabeaumond.com.br\/vestidos-noiva\/wp-content\/uploads\/2018\/11\/flores-3d-tendencia-2019-ivana-beaumond-1024x768.jpg\" alt=\"flores-3d-tendencia-2019-ivana-beaumond\" width=\"1024\" height=\"768\" srcset=\"https:\/\/www.ivanabeaumond.com.br\/vestidos-noiva\/wp-content\/uploads\/2018\/11\/flores-3d-tendencia-2019-ivana-beaumond.jpg 1024w, https:\/\/www.ivanabeaumond.com.br\/vestidos-noiva\/wp-content\/uploads\/2018\/11\/flores-3d-tendencia-2019-ivana-beaumond-300x225.jpg 300w\" sizes=\"(max-width: 1024px) 100vw, 1024px\" \/><\/p>\n<p>&nbsp;<\/p>\n<p>&nbsp;<\/p>\n<p>&nbsp;<\/p>\n<p>&nbsp;<\/p>\n<h4 style=\"text-align: justify;\"><\/h4>\n<p>&nbsp;<\/p>\n<p>&nbsp;<\/p>\n<h3><span style=\"color: #000000;\">Capas<\/span><\/h3>\n<p>&nbsp;<\/p>\n<p>&nbsp;<\/p>\n<h4 style=\"text-align: justify;\"><span style=\"color: #999999;\">As capas surgem como um substituto do v\u00e9u nessa tend\u00eancia para 2019, e \u00e9 ideal para noivas que queiram exibir o decote das costas do vestido.<\/span><\/h4>\n<p>&nbsp;<\/p>\n<p>&nbsp;<\/p>\n<p><img decoding=\"async\" loading=\"lazy\" class=\"aligncenter size-large wp-image-16579\" src=\"http:\/\/www.ivanabeaumond.com.br\/vestidos-noiva\/wp-content\/uploads\/2018\/11\/vestido_noiva_ivana_beaumond_paris_852-262-1024x814.jpg\" alt=\"vestido_noiva_ivana_beaumond_paris_852-262\" width=\"1024\" height=\"814\" srcset=\"https:\/\/www.ivanabeaumond.com.br\/vestidos-noiva\/wp-content\/uploads\/2018\/11\/vestido_noiva_ivana_beaumond_paris_852-262-1024x814.jpg 1024w, https:\/\/www.ivanabeaumond.com.br\/vestidos-noiva\/wp-content\/uploads\/2018\/11\/vestido_noiva_ivana_beaumond_paris_852-262-300x239.jpg 300w, https:\/\/www.ivanabeaumond.com.br\/vestidos-noiva\/wp-content\/uploads\/2018\/11\/vestido_noiva_ivana_beaumond_paris_852-262.jpg 1500w\" sizes=\"(max-width: 1024px) 100vw, 1024px\" \/><\/p>\n<p><img decoding=\"async\" loading=\"lazy\" class=\"aligncenter size-large wp-image-16582\" src=\"http:\/\/www.ivanabeaumond.com.br\/vestidos-noiva\/wp-content\/uploads\/2018\/11\/ic-week-stand-e-desfile-2018-ivana-beaumond-paris-52-1024x822.jpg\" alt=\"ic-week-stand-e-desfile-2018-ivana-beaumond-paris (52)\" width=\"1024\" height=\"822\" srcset=\"https:\/\/www.ivanabeaumond.com.br\/vestidos-noiva\/wp-content\/uploads\/2018\/11\/ic-week-stand-e-desfile-2018-ivana-beaumond-paris-52-1024x822.jpg 1024w, https:\/\/www.ivanabeaumond.com.br\/vestidos-noiva\/wp-content\/uploads\/2018\/11\/ic-week-stand-e-desfile-2018-ivana-beaumond-paris-52-300x241.jpg 300w, https:\/\/www.ivanabeaumond.com.br\/vestidos-noiva\/wp-content\/uploads\/2018\/11\/ic-week-stand-e-desfile-2018-ivana-beaumond-paris-52.jpg 1280w\" sizes=\"(max-width: 1024px) 100vw, 1024px\" \/><\/p>\n<p>&nbsp;<\/p>\n<p>&nbsp;<\/p>\n<p>&nbsp;<\/p>\n<p>&nbsp;<\/p>\n<p>&nbsp;<\/p>\n<p>&nbsp;<\/p>\n<h3><span style=\"color: #000000;\">Minimalismo<\/span><\/h3>\n<p>&nbsp;<\/p>\n<p>&nbsp;<\/p>\n<h4 style=\"text-align: justify;\"><span style=\"color: #999999;\">Celebridades como Meghan Markle e Gwyneth Paltrow popularizam essa tend\u00eancia, que traz pe\u00e7as limpas, com cortes retos e mais ajustados.<\/span><\/h4>\n<p>&nbsp;<\/p>\n<p>&nbsp;<\/p>\n<p>&nbsp;<\/p>\n<p><img decoding=\"async\" loading=\"lazy\" class=\"aligncenter size-large wp-image-16586\" src=\"http:\/\/www.ivanabeaumond.com.br\/vestidos-noiva\/wp-content\/uploads\/2018\/11\/tendencia-minimalista-noivas-vestido-ivana-beaumond1-1024x768.jpg\" alt=\"tendencia-minimalista-noivas-vestido-ivana-beaumond\" width=\"1024\" height=\"768\" srcset=\"https:\/\/www.ivanabeaumond.com.br\/vestidos-noiva\/wp-content\/uploads\/2018\/11\/tendencia-minimalista-noivas-vestido-ivana-beaumond1.jpg 1024w, https:\/\/www.ivanabeaumond.com.br\/vestidos-noiva\/wp-content\/uploads\/2018\/11\/tendencia-minimalista-noivas-vestido-ivana-beaumond1-300x225.jpg 300w\" sizes=\"(max-width: 1024px) 100vw, 1024px\" \/><\/p>\n<p><img decoding=\"async\" loading=\"lazy\" class=\"aligncenter size-large wp-image-16600\" src=\"http:\/\/www.ivanabeaumond.com.br\/vestidos-noiva\/wp-content\/uploads\/2018\/11\/vestido-minimalista-tendencia-2019-ivana-beaumond-blog-1024x768.jpg\" alt=\"vestido-minimalista-tendencia-2019-ivana-beaumond-blog\" width=\"1024\" height=\"768\" srcset=\"https:\/\/www.ivanabeaumond.com.br\/vestidos-noiva\/wp-content\/uploads\/2018\/11\/vestido-minimalista-tendencia-2019-ivana-beaumond-blog.jpg 1024w, https:\/\/www.ivanabeaumond.com.br\/vestidos-noiva\/wp-content\/uploads\/2018\/11\/vestido-minimalista-tendencia-2019-ivana-beaumond-blog-300x225.jpg 300w\" sizes=\"(max-width: 1024px) 100vw, 1024px\" \/><\/p>\n<p>&nbsp;<\/p>\n<p>&nbsp;<\/p>\n<p>&nbsp;<\/p>\n<p>&nbsp;<\/p>\n<h4><\/h4>\n<p>&nbsp;<\/p>\n<p>&nbsp;<\/p>\n<p>&nbsp;<\/p>\n<h3>\u00a0Detalhes metalizados<\/h3>\n<p>&nbsp;<\/p>\n<p>&nbsp;<\/p>\n<h4 style=\"text-align: justify;\"><span style=\"color: #999999;\">Vestidos em tons met\u00e1licos chegam como tend\u00eancia para noivas e madrinhas de casamento. Independentemente do material usado, os detalhes metalizados surgem como uma influ\u00eancia <em>disco<\/em>, reproduzindo prata e ouro.<\/span><\/h4>\n<p>&nbsp;<\/p>\n<p>&nbsp;<\/p>\n<p><img decoding=\"async\" loading=\"lazy\" class=\"aligncenter size-large wp-image-16589\" src=\"http:\/\/www.ivanabeaumond.com.br\/vestidos-noiva\/wp-content\/uploads\/2018\/11\/vestido-metalizado-noiva-tendenencia-2019-ivana-beaumond-1024x768.jpg\" alt=\"vestido-metalizado-noiva-tendenencia-2019-ivana-beaumond\" width=\"1024\" height=\"768\" srcset=\"https:\/\/www.ivanabeaumond.com.br\/vestidos-noiva\/wp-content\/uploads\/2018\/11\/vestido-metalizado-noiva-tendenencia-2019-ivana-beaumond.jpg 1024w, https:\/\/www.ivanabeaumond.com.br\/vestidos-noiva\/wp-content\/uploads\/2018\/11\/vestido-metalizado-noiva-tendenencia-2019-ivana-beaumond-300x225.jpg 300w\" sizes=\"(max-width: 1024px) 100vw, 1024px\" \/><\/p>\n<p><img decoding=\"async\" loading=\"lazy\" class=\"aligncenter size-large wp-image-16601\" src=\"http:\/\/www.ivanabeaumond.com.br\/vestidos-noiva\/wp-content\/uploads\/2018\/11\/metalizados-ivana-beaumond-post-tendencias-2019-1024x768.jpg\" alt=\"metalizados-ivana-beaumond-post-tendencias-2019\" width=\"1024\" height=\"768\" srcset=\"https:\/\/www.ivanabeaumond.com.br\/vestidos-noiva\/wp-content\/uploads\/2018\/11\/metalizados-ivana-beaumond-post-tendencias-2019.jpg 1024w, https:\/\/www.ivanabeaumond.com.br\/vestidos-noiva\/wp-content\/uploads\/2018\/11\/metalizados-ivana-beaumond-post-tendencias-2019-300x225.jpg 300w\" sizes=\"(max-width: 1024px) 100vw, 1024px\" \/><\/p>\n<p>&nbsp;<\/p>\n<p>&nbsp;<\/p>\n<p>&nbsp;<\/p>\n<p>&nbsp;<\/p>\n<p>&nbsp;<\/p>\n<p>&nbsp;<\/p>\n<p>&nbsp;<\/p>\n<p>&nbsp;<\/p>\n<h3><span style=\"color: #000000;\">Gola alta<\/span><\/h3>\n<p>&nbsp;<\/p>\n<p>&nbsp;<\/p>\n<p>&nbsp;<\/p>\n<p>&nbsp;<\/p>\n<h4 style=\"text-align: justify;\">\u00a0<span style=\"color: #999999;\">A gola aparece tanto para uma op\u00e7\u00e3o para o inverno quanto em\u00a0modelos\u00a0mais fresquinhos,\u00a0como uma tend\u00eancia que pode ser adaptada para os climas mais quentes.<\/span><\/h4>\n<p>&nbsp;<\/p>\n<p>&nbsp;<\/p>\n<p>&nbsp;<\/p>\n<p>&nbsp;<\/p>\n<p>&nbsp;<\/p>\n<p>&nbsp;<\/p>\n<p>&nbsp;<\/p>\n<p><img decoding=\"async\" loading=\"lazy\" class=\"aligncenter size-large wp-image-16609\" src=\"http:\/\/www.ivanabeaumond.com.br\/vestidos-noiva\/wp-content\/uploads\/2018\/11\/gola-alta-tedencia-2019-ivana-beaumond-1024x768.jpg\" alt=\"gola-alta-tedencia-2019-ivana-beaumond\" width=\"1024\" height=\"768\" srcset=\"https:\/\/www.ivanabeaumond.com.br\/vestidos-noiva\/wp-content\/uploads\/2018\/11\/gola-alta-tedencia-2019-ivana-beaumond.jpg 1024w, https:\/\/www.ivanabeaumond.com.br\/vestidos-noiva\/wp-content\/uploads\/2018\/11\/gola-alta-tedencia-2019-ivana-beaumond-300x225.jpg 300w\" sizes=\"(max-width: 1024px) 100vw, 1024px\" \/><\/p>\n<p><img decoding=\"async\" loading=\"lazy\" class=\"aligncenter size-large wp-image-16606\" src=\"http:\/\/www.ivanabeaumond.com.br\/vestidos-noiva\/wp-content\/uploads\/2018\/11\/vestido-gola-alta-tendencia-2019-ivana-beaumond-1024x768.jpg\" alt=\"vestido-gola-alta-tendencia-2019-ivana-beaumond\" width=\"1024\" height=\"768\" srcset=\"https:\/\/www.ivanabeaumond.com.br\/vestidos-noiva\/wp-content\/uploads\/2018\/11\/vestido-gola-alta-tendencia-2019-ivana-beaumond.jpg 1024w, https:\/\/www.ivanabeaumond.com.br\/vestidos-noiva\/wp-content\/uploads\/2018\/11\/vestido-gola-alta-tendencia-2019-ivana-beaumond-300x225.jpg 300w\" sizes=\"(max-width: 1024px) 100vw, 1024px\" \/><\/p>\n<p>&nbsp;<\/p>\n<p>&nbsp;<\/p>\n<p>&nbsp;<\/p>\n<p>&nbsp;<\/p>\n<p>&nbsp;<\/p>\n<p>&nbsp;<\/p>\n<p>&nbsp;<\/p>\n<h4 style=\"text-align: justify;\"><span style=\"color: #999999;\">Se voc\u00ea se identificou com alguma dessas tend\u00eancias, n\u00e3o deixe de conferir nossa <span style=\"color: #000000;\"><a style=\"color: #000000;\" href=\"http:\/\/www.ivanabeaumond.com.br\/vestidos-noiva\/vestidos-de-noiva-rj\/\" target=\"_blank\">Cole\u00e7\u00e3o Moda Noiva 2019<\/a><\/span>, com modelos de vestidos arrebatadores para agradar aos mais diversos estilos!<\/span><\/h4>\n<p>&nbsp;<\/p>\n<p>&nbsp;<\/p>\n<p>&nbsp;<\/p>\n<h4><span style=\"color: #999999;\">Gostou? Siga nosso instagram\u00a0<span style=\"color: #000000;\"><a style=\"color: #000000;\" href=\"https:\/\/www.instagram.com\/ivanabeaumond\/\">@ivanabeaumond<\/a><\/span>, curta nossa fanpage\u00a0<span style=\"color: #000000;\"><a style=\"color: #000000;\" href=\"https:\/\/www.facebook.com\/IvanaBeaumond\/\">Ivana Beaumond<\/a><\/span>\u00a0e fique por dentro de tudo o que rola no mundo das noivas e conhe\u00e7a nossos Melhores Modelos de Vestidos de Noivas Nacionais, Importados e Sob Medida.<\/span><\/h4>\n<h4 style=\"text-align: justify;\"><span style=\"color: #999999;\">\u00a0<\/span><\/h4>\n","protected":false},"excerpt":{"rendered":"<p>Recentemente, tivemos a Bridal Fashion Week New York nos Estados&#8230;<\/p>\n","protected":false},"author":4,"featured_media":16576,"comment_status":"closed","ping_status":"closed","sticky":false,"template":"","format":"standard","meta":[],"categories":[60,127],"tags":[468,159,446,144,133,458,456,460,461,161,113,156,195,471,469,465,214,466,286,321,464,455,155,157,258,470,462,459,276,467,457,283,454,453,463,97,115,343,267,210],"yoast_head":"<!-- This site is optimized with the Yoast SEO plugin v20.3 - https:\/\/yoast.com\/wordpress\/plugins\/seo\/ -->\n<title>Tend\u00eancias de Vestidos de Noiva para a Primavera 2019 - Vestido de Noiva RJ<\/title>\n<meta name=\"robots\" content=\"index, follow, max-snippet:-1, max-image-preview:large, max-video-preview:-1\" \/>\n<link rel=\"canonical\" href=\"https:\/\/www.ivanabeaumond.com.br\/vestidos-noiva\/tendencias-de-vestidos-de-noiva-para-a-primavera-2019\/\" \/>\n<meta property=\"og:locale\" content=\"pt_BR\" \/>\n<meta property=\"og:type\" content=\"article\" \/>\n<meta property=\"og:title\" content=\"Tend\u00eancias de Vestidos de Noiva para a Primavera 2019 - Vestido de Noiva RJ\" \/>\n<meta property=\"og:description\" content=\"Recentemente, tivemos a Bridal Fashion Week New York nos Estados...\" \/>\n<meta property=\"og:url\" content=\"https:\/\/www.ivanabeaumond.com.br\/vestidos-noiva\/tendencias-de-vestidos-de-noiva-para-a-primavera-2019\/\" \/>\n<meta property=\"og:site_name\" content=\"Vestido de Noiva RJ\" \/>\n<meta property=\"article:publisher\" content=\"https:\/\/www.facebook.com\/ivana.beaumondnoivas\" \/>\n<meta property=\"article:published_time\" content=\"2018-11-19T14:58:34+00:00\" \/>\n<meta property=\"article:modified_time\" content=\"2018-11-26T19:03:55+00:00\" \/>\n<meta property=\"og:image\" content=\"https:\/\/www.ivanabeaumond.com.br\/vestidos-noiva\/wp-content\/uploads\/2018\/11\/vestido_noiva_ivana_beaumond_paris_823-207.jpg\" \/>\n\t<meta property=\"og:image:width\" content=\"1500\" \/>\n\t<meta property=\"og:image:height\" content=\"1125\" \/>\n\t<meta property=\"og:image:type\" content=\"image\/jpeg\" \/>\n<meta name=\"author\" content=\"Ivana Beaumond Paris\" \/>\n<meta name=\"twitter:card\" content=\"summary_large_image\" \/>\n<meta name=\"twitter:label1\" content=\"Escrito por\" \/>\n\t<meta name=\"twitter:data1\" content=\"Ivana Beaumond Paris\" \/>\n\t<meta name=\"twitter:label2\" content=\"Est. tempo de leitura\" \/>\n\t<meta name=\"twitter:data2\" content=\"2 minutos\" \/>\n<script type=\"application\/ld+json\" class=\"yoast-schema-graph\">{\"@context\":\"https:\/\/schema.org\",\"@graph\":[{\"@type\":\"Article\",\"@id\":\"https:\/\/www.ivanabeaumond.com.br\/vestidos-noiva\/tendencias-de-vestidos-de-noiva-para-a-primavera-2019\/#article\",\"isPartOf\":{\"@id\":\"https:\/\/www.ivanabeaumond.com.br\/vestidos-noiva\/tendencias-de-vestidos-de-noiva-para-a-primavera-2019\/\"},\"author\":{\"name\":\"Ivana Beaumond Paris\",\"@id\":\"https:\/\/www.ivanabeaumond.com.br\/vestidos-noiva\/#\/schema\/person\/1a360c4cffa3b806d29a456389dcff26\"},\"headline\":\"Tend\u00eancias de Vestidos de Noiva para a Primavera 2019\",\"datePublished\":\"2018-11-19T14:58:34+00:00\",\"dateModified\":\"2018-11-26T19:03:55+00:00\",\"mainEntityOfPage\":{\"@id\":\"https:\/\/www.ivanabeaumond.com.br\/vestidos-noiva\/tendencias-de-vestidos-de-noiva-para-a-primavera-2019\/\"},\"wordCount\":414,\"publisher\":{\"@id\":\"https:\/\/www.ivanabeaumond.com.br\/vestidos-noiva\/#organization\"},\"keywords\":[\"aire barcelona\",\"alian\u00e7as\",\"alta costura\",\"aluguel de vestido\",\"atelierivanabeaumond\",\"bordados\",\"bridal fashion\",\"bridal fashion week 2018\",\"Bridal Fashion Week New York\",\"casamento blindado\",\"casamento criativo\",\"casamento no civil\",\"CasamentosRJ\",\"cole\u00e7\u00e3o 2019\",\"demetrius\",\"disco\",\"euamocasamento\",\"gwyneth paltrow\",\"ivana beaumond\",\"meghan markle\",\"minimalismo\",\"moda noiva\",\"modanoiva\",\"noiva e noivo\",\"noivinha\",\"nova cole\u00e7\u00e3o\",\"Primavera 2019\",\"renda\",\"rosa clar\u00e1\",\"russia noivas\",\"semana de moda de nova york\",\"tend\u00eancia\",\"tend\u00eancias 2019\",\"tendencias2019\",\"Ver\u00e3o 2019\",\"vestido de casamento\",\"vestido de noiva\",\"vintage\",\"voucasar2019\",\"weddingdress\"],\"articleSection\":[\"Blog\",\"Dicas e Truques\"],\"inLanguage\":\"pt-BR\"},{\"@type\":\"WebPage\",\"@id\":\"https:\/\/www.ivanabeaumond.com.br\/vestidos-noiva\/tendencias-de-vestidos-de-noiva-para-a-primavera-2019\/\",\"url\":\"https:\/\/www.ivanabeaumond.com.br\/vestidos-noiva\/tendencias-de-vestidos-de-noiva-para-a-primavera-2019\/\",\"name\":\"Tend\u00eancias de Vestidos de Noiva para a Primavera 2019 - Vestido de Noiva RJ\",\"isPartOf\":{\"@id\":\"https:\/\/www.ivanabeaumond.com.br\/vestidos-noiva\/#website\"},\"datePublished\":\"2018-11-19T14:58:34+00:00\",\"dateModified\":\"2018-11-26T19:03:55+00:00\",\"breadcrumb\":{\"@id\":\"https:\/\/www.ivanabeaumond.com.br\/vestidos-noiva\/tendencias-de-vestidos-de-noiva-para-a-primavera-2019\/#breadcrumb\"},\"inLanguage\":\"pt-BR\",\"potentialAction\":[{\"@type\":\"ReadAction\",\"target\":[\"https:\/\/www.ivanabeaumond.com.br\/vestidos-noiva\/tendencias-de-vestidos-de-noiva-para-a-primavera-2019\/\"]}]},{\"@type\":\"BreadcrumbList\",\"@id\":\"https:\/\/www.ivanabeaumond.com.br\/vestidos-noiva\/tendencias-de-vestidos-de-noiva-para-a-primavera-2019\/#breadcrumb\",\"itemListElement\":[{\"@type\":\"ListItem\",\"position\":1,\"name\":\"In\u00edcio\",\"item\":\"https:\/\/www.ivanabeaumond.com.br\/vestidos-noiva\/\"},{\"@type\":\"ListItem\",\"position\":2,\"name\":\"Tend\u00eancias de Vestidos de Noiva para a Primavera 2019\"}]},{\"@type\":\"WebSite\",\"@id\":\"https:\/\/www.ivanabeaumond.com.br\/vestidos-noiva\/#website\",\"url\":\"https:\/\/www.ivanabeaumond.com.br\/vestidos-noiva\/\",\"name\":\"Vestido de Noiva RJ\",\"description\":\"Moda Noiva\",\"publisher\":{\"@id\":\"https:\/\/www.ivanabeaumond.com.br\/vestidos-noiva\/#organization\"},\"potentialAction\":[{\"@type\":\"SearchAction\",\"target\":{\"@type\":\"EntryPoint\",\"urlTemplate\":\"https:\/\/www.ivanabeaumond.com.br\/vestidos-noiva\/?s={search_term_string}\"},\"query-input\":\"required name=search_term_string\"}],\"inLanguage\":\"pt-BR\"},{\"@type\":\"Organization\",\"@id\":\"https:\/\/www.ivanabeaumond.com.br\/vestidos-noiva\/#organization\",\"name\":\"Vestido de Noiva RJ\",\"url\":\"https:\/\/www.ivanabeaumond.com.br\/vestidos-noiva\/\",\"logo\":{\"@type\":\"ImageObject\",\"inLanguage\":\"pt-BR\",\"@id\":\"https:\/\/www.ivanabeaumond.com.br\/vestidos-noiva\/#\/schema\/logo\/image\/\",\"url\":\"https:\/\/www.ivanabeaumond.com.br\/vestidos-noiva\/wp-content\/uploads\/2018\/02\/logo_ivana_beaumond-2.png\",\"contentUrl\":\"https:\/\/www.ivanabeaumond.com.br\/vestidos-noiva\/wp-content\/uploads\/2018\/02\/logo_ivana_beaumond-2.png\",\"width\":230,\"height\":112,\"caption\":\"Vestido de Noiva RJ\"},\"image\":{\"@id\":\"https:\/\/www.ivanabeaumond.com.br\/vestidos-noiva\/#\/schema\/logo\/image\/\"},\"sameAs\":[\"https:\/\/www.facebook.com\/ivana.beaumondnoivas\",\"https:\/\/www.instagram.com\/ivanabeaumond\/\",\"https:\/\/www.tiktok.com\/@ivanabeaumond\"]},{\"@type\":\"Person\",\"@id\":\"https:\/\/www.ivanabeaumond.com.br\/vestidos-noiva\/#\/schema\/person\/1a360c4cffa3b806d29a456389dcff26\",\"name\":\"Ivana Beaumond Paris\",\"image\":{\"@type\":\"ImageObject\",\"inLanguage\":\"pt-BR\",\"@id\":\"https:\/\/www.ivanabeaumond.com.br\/vestidos-noiva\/#\/schema\/person\/image\/\",\"url\":\"https:\/\/secure.gravatar.com\/avatar\/641f98db20b53ec937ceb641db4270b9?s=96&d=mm&r=g\",\"contentUrl\":\"https:\/\/secure.gravatar.com\/avatar\/641f98db20b53ec937ceb641db4270b9?s=96&d=mm&r=g\",\"caption\":\"Ivana Beaumond Paris\"},\"url\":\"https:\/\/www.ivanabeaumond.com.br\/vestidos-noiva\/author\/ivana\/\"}]}<\/script>\n<!-- \/ Yoast SEO plugin. -->","yoast_head_json":{"title":"Tend\u00eancias de Vestidos de Noiva para a Primavera 2019 - Vestido de Noiva RJ","robots":{"index":"index","follow":"follow","max-snippet":"max-snippet:-1","max-image-preview":"max-image-preview:large","max-video-preview":"max-video-preview:-1"},"canonical":"https:\/\/www.ivanabeaumond.com.br\/vestidos-noiva\/tendencias-de-vestidos-de-noiva-para-a-primavera-2019\/","og_locale":"pt_BR","og_type":"article","og_title":"Tend\u00eancias de Vestidos de Noiva para a Primavera 2019 - Vestido de Noiva RJ","og_description":"Recentemente, tivemos a Bridal Fashion Week New York nos Estados...","og_url":"https:\/\/www.ivanabeaumond.com.br\/vestidos-noiva\/tendencias-de-vestidos-de-noiva-para-a-primavera-2019\/","og_site_name":"Vestido de Noiva RJ","article_publisher":"https:\/\/www.facebook.com\/ivana.beaumondnoivas","article_published_time":"2018-11-19T14:58:34+00:00","article_modified_time":"2018-11-26T19:03:55+00:00","og_image":[{"width":1500,"height":1125,"url":"https:\/\/www.ivanabeaumond.com.br\/vestidos-noiva\/wp-content\/uploads\/2018\/11\/vestido_noiva_ivana_beaumond_paris_823-207.jpg","type":"image\/jpeg"}],"author":"Ivana Beaumond Paris","twitter_card":"summary_large_image","twitter_misc":{"Escrito por":"Ivana Beaumond Paris","Est. tempo de leitura":"2 minutos"},"schema":{"@context":"https:\/\/schema.org","@graph":[{"@type":"Article","@id":"https:\/\/www.ivanabeaumond.com.br\/vestidos-noiva\/tendencias-de-vestidos-de-noiva-para-a-primavera-2019\/#article","isPartOf":{"@id":"https:\/\/www.ivanabeaumond.com.br\/vestidos-noiva\/tendencias-de-vestidos-de-noiva-para-a-primavera-2019\/"},"author":{"name":"Ivana Beaumond Paris","@id":"https:\/\/www.ivanabeaumond.com.br\/vestidos-noiva\/#\/schema\/person\/1a360c4cffa3b806d29a456389dcff26"},"headline":"Tend\u00eancias de Vestidos de Noiva para a Primavera 2019","datePublished":"2018-11-19T14:58:34+00:00","dateModified":"2018-11-26T19:03:55+00:00","mainEntityOfPage":{"@id":"https:\/\/www.ivanabeaumond.com.br\/vestidos-noiva\/tendencias-de-vestidos-de-noiva-para-a-primavera-2019\/"},"wordCount":414,"publisher":{"@id":"https:\/\/www.ivanabeaumond.com.br\/vestidos-noiva\/#organization"},"keywords":["aire barcelona","alian\u00e7as","alta costura","aluguel de vestido","atelierivanabeaumond","bordados","bridal fashion","bridal fashion week 2018","Bridal Fashion Week New York","casamento blindado","casamento criativo","casamento no civil","CasamentosRJ","cole\u00e7\u00e3o 2019","demetrius","disco","euamocasamento","gwyneth paltrow","ivana beaumond","meghan markle","minimalismo","moda noiva","modanoiva","noiva e noivo","noivinha","nova cole\u00e7\u00e3o","Primavera 2019","renda","rosa clar\u00e1","russia noivas","semana de moda de nova york","tend\u00eancia","tend\u00eancias 2019","tendencias2019","Ver\u00e3o 2019","vestido de casamento","vestido de noiva","vintage","voucasar2019","weddingdress"],"articleSection":["Blog","Dicas e Truques"],"inLanguage":"pt-BR"},{"@type":"WebPage","@id":"https:\/\/www.ivanabeaumond.com.br\/vestidos-noiva\/tendencias-de-vestidos-de-noiva-para-a-primavera-2019\/","url":"https:\/\/www.ivanabeaumond.com.br\/vestidos-noiva\/tendencias-de-vestidos-de-noiva-para-a-primavera-2019\/","name":"Tend\u00eancias de Vestidos de Noiva para a Primavera 2019 - Vestido de Noiva RJ","isPartOf":{"@id":"https:\/\/www.ivanabeaumond.com.br\/vestidos-noiva\/#website"},"datePublished":"2018-11-19T14:58:34+00:00","dateModified":"2018-11-26T19:03:55+00:00","breadcrumb":{"@id":"https:\/\/www.ivanabeaumond.com.br\/vestidos-noiva\/tendencias-de-vestidos-de-noiva-para-a-primavera-2019\/#breadcrumb"},"inLanguage":"pt-BR","potentialAction":[{"@type":"ReadAction","target":["https:\/\/www.ivanabeaumond.com.br\/vestidos-noiva\/tendencias-de-vestidos-de-noiva-para-a-primavera-2019\/"]}]},{"@type":"BreadcrumbList","@id":"https:\/\/www.ivanabeaumond.com.br\/vestidos-noiva\/tendencias-de-vestidos-de-noiva-para-a-primavera-2019\/#breadcrumb","itemListElement":[{"@type":"ListItem","position":1,"name":"In\u00edcio","item":"https:\/\/www.ivanabeaumond.com.br\/vestidos-noiva\/"},{"@type":"ListItem","position":2,"name":"Tend\u00eancias de Vestidos de Noiva para a Primavera 2019"}]},{"@type":"WebSite","@id":"https:\/\/www.ivanabeaumond.com.br\/vestidos-noiva\/#website","url":"https:\/\/www.ivanabeaumond.com.br\/vestidos-noiva\/","name":"Vestido de Noiva RJ","description":"Moda Noiva","publisher":{"@id":"https:\/\/www.ivanabeaumond.com.br\/vestidos-noiva\/#organization"},"potentialAction":[{"@type":"SearchAction","target":{"@type":"EntryPoint","urlTemplate":"https:\/\/www.ivanabeaumond.com.br\/vestidos-noiva\/?s={search_term_string}"},"query-input":"required name=search_term_string"}],"inLanguage":"pt-BR"},{"@type":"Organization","@id":"https:\/\/www.ivanabeaumond.com.br\/vestidos-noiva\/#organization","name":"Vestido de Noiva RJ","url":"https:\/\/www.ivanabeaumond.com.br\/vestidos-noiva\/","logo":{"@type":"ImageObject","inLanguage":"pt-BR","@id":"https:\/\/www.ivanabeaumond.com.br\/vestidos-noiva\/#\/schema\/logo\/image\/","url":"https:\/\/www.ivanabeaumond.com.br\/vestidos-noiva\/wp-content\/uploads\/2018\/02\/logo_ivana_beaumond-2.png","contentUrl":"https:\/\/www.ivanabeaumond.com.br\/vestidos-noiva\/wp-content\/uploads\/2018\/02\/logo_ivana_beaumond-2.png","width":230,"height":112,"caption":"Vestido de Noiva RJ"},"image":{"@id":"https:\/\/www.ivanabeaumond.com.br\/vestidos-noiva\/#\/schema\/logo\/image\/"},"sameAs":["https:\/\/www.facebook.com\/ivana.beaumondnoivas","https:\/\/www.instagram.com\/ivanabeaumond\/","https:\/\/www.tiktok.com\/@ivanabeaumond"]},{"@type":"Person","@id":"https:\/\/www.ivanabeaumond.com.br\/vestidos-noiva\/#\/schema\/person\/1a360c4cffa3b806d29a456389dcff26","name":"Ivana Beaumond Paris","image":{"@type":"ImageObject","inLanguage":"pt-BR","@id":"https:\/\/www.ivanabeaumond.com.br\/vestidos-noiva\/#\/schema\/person\/image\/","url":"https:\/\/secure.gravatar.com\/avatar\/641f98db20b53ec937ceb641db4270b9?s=96&d=mm&r=g","contentUrl":"https:\/\/secure.gravatar.com\/avatar\/641f98db20b53ec937ceb641db4270b9?s=96&d=mm&r=g","caption":"Ivana Beaumond Paris"},"url":"https:\/\/www.ivanabeaumond.com.br\/vestidos-noiva\/author\/ivana\/"}]}},"_links":{"self":[{"href":"https:\/\/www.ivanabeaumond.com.br\/vestidos-noiva\/wp-json\/wp\/v2\/posts\/16575"}],"collection":[{"href":"https:\/\/www.ivanabeaumond.com.br\/vestidos-noiva\/wp-json\/wp\/v2\/posts"}],"about":[{"href":"https:\/\/www.ivanabeaumond.com.br\/vestidos-noiva\/wp-json\/wp\/v2\/types\/post"}],"author":[{"embeddable":true,"href":"https:\/\/www.ivanabeaumond.com.br\/vestidos-noiva\/wp-json\/wp\/v2\/users\/4"}],"replies":[{"embeddable":true,"href":"https:\/\/www.ivanabeaumond.com.br\/vestidos-noiva\/wp-json\/wp\/v2\/comments?post=16575"}],"version-history":[{"count":19,"href":"https:\/\/www.ivanabeaumond.com.br\/vestidos-noiva\/wp-json\/wp\/v2\/posts\/16575\/revisions"}],"predecessor-version":[{"id":16615,"href":"https:\/\/www.ivanabeaumond.com.br\/vestidos-noiva\/wp-json\/wp\/v2\/posts\/16575\/revisions\/16615"}],"wp:featuredmedia":[{"embeddable":true,"href":"https:\/\/www.ivanabeaumond.com.br\/vestidos-noiva\/wp-json\/wp\/v2\/media\/16576"}],"wp:attachment":[{"href":"https:\/\/www.ivanabeaumond.com.br\/vestidos-noiva\/wp-json\/wp\/v2\/media?parent=16575"}],"wp:term":[{"taxonomy":"category","embeddable":true,"href":"https:\/\/www.ivanabeaumond.com.br\/vestidos-noiva\/wp-json\/wp\/v2\/categories?post=16575"},{"taxonomy":"post_tag","embeddable":true,"href":"https:\/\/www.ivanabeaumond.com.br\/vestidos-noiva\/wp-json\/wp\/v2\/tags?post=16575"}],"curies":[{"name":"wp","href":"https:\/\/api.w.org\/{rel}","templated":true}]}}