{"id":16677,"date":"2018-12-11T13:18:38","date_gmt":"2018-12-11T15:18:38","guid":{"rendered":"http:\/\/www.ivanabeaumond.com.br\/vestidos-noiva\/?p=16677"},"modified":"2020-08-21T21:53:11","modified_gmt":"2020-08-22T00:53:11","slug":"sonho-de-uma-noite-de-verao-com-manuella","status":"publish","type":"post","link":"https:\/\/www.ivanabeaumond.com.br\/vestidos-noiva\/sonho-de-uma-noite-de-verao-com-manuella\/","title":{"rendered":"Sonho de Uma Noite de Ver\u00e3o, com Manuella"},"content":{"rendered":"<h4 style=\"text-align: justify;\"><span style=\"color: #999999;\">Emocionante, intenso e como num sonho. Assim foi o anivers\u00e1rio da Manuella, uma debutante t\u00e3o especial que n\u00e3o caberiam numa frase os adjetivos para descrev\u00ea-la.<\/span><\/h4>\n<h4><span style=\"color: #999999;\">A festa de 15 anos da Manu aconteceu no espa\u00e7o Reserva Eventos, que fica no bairro Recreio dos Bandeirantes. O local \u00e9 um conhecido cen\u00e1rio de casamentos na praia e possui uma estrutura litor\u00e2nea, o que trouxe toda uma vibe para a festa. A decora\u00e7\u00e3o teve como cores principais o dourado e o turquesa, com detalhes em tons past\u00e9is e muitas flores.<\/span><\/h4>\n<p><a href=\"http:\/\/www.ivanabeaumond.com.br\/vestidos-noiva\/wp-content\/uploads\/2018\/12\/debutante-15-anos-manuella-quesada-vestido-ivana-beaumond-531-e1544490401380.jpg\"><br \/>\n<img decoding=\"async\" loading=\"lazy\" class=\"aligncenter size-full wp-image-16689\" src=\"http:\/\/www.ivanabeaumond.com.br\/vestidos-noiva\/wp-content\/uploads\/2018\/12\/debutante-15-anos-manuella-quesada-vestido-ivana-beaumond-531-e1544490401380.jpg\" alt=\"debutante-15-anos-manuella-quesada-vestido-ivana-beaumond (53)\" width=\"799\" height=\"532\" \/><br \/>\n<\/a><a href=\"http:\/\/www.ivanabeaumond.com.br\/vestidos-noiva\/wp-content\/uploads\/2018\/12\/debutante-15-anos-manuella-quesada-vestido-ivana-beaumond-531.jpg\"><br \/>\n<\/a><\/p>\n<h4 style=\"text-align: justify;\"><span style=\"color: #999999;\">Para ornar com essa atmosfera primaveril, Manuella escolheu um vestido azul tiffany, com apliques de flores em 3d e uma saia longa sobreposta com tule. Estamos acostumados a ver debutantes usando vestidos curtinhos na recep\u00e7\u00e3o dos convidados, mas a Manu preferiu deixar a leveza para a cor e o tecido nesse look meio fada, meio princesa.<\/span><\/h4>\n<p><img decoding=\"async\" loading=\"lazy\" class=\"aligncenter size-full wp-image-16699\" src=\"http:\/\/www.ivanabeaumond.com.br\/vestidos-noiva\/wp-content\/uploads\/2018\/12\/manuela-quesada-debutante-vestido-ivana-beaumond1.jpg\" alt=\"manuela-quesada-debutante-vestido-ivana-beaumond\" width=\"798\" height=\"531\" srcset=\"https:\/\/www.ivanabeaumond.com.br\/vestidos-noiva\/wp-content\/uploads\/2018\/12\/manuela-quesada-debutante-vestido-ivana-beaumond1.jpg 798w, https:\/\/www.ivanabeaumond.com.br\/vestidos-noiva\/wp-content\/uploads\/2018\/12\/manuela-quesada-debutante-vestido-ivana-beaumond1-300x200.jpg 300w, https:\/\/www.ivanabeaumond.com.br\/vestidos-noiva\/wp-content\/uploads\/2018\/12\/manuela-quesada-debutante-vestido-ivana-beaumond1-480x320.jpg 480w\" sizes=\"(max-width: 798px) 100vw, 798px\" \/><\/p>\n<p><img decoding=\"async\" loading=\"lazy\" class=\"aligncenter size-full wp-image-16698\" src=\"http:\/\/www.ivanabeaumond.com.br\/vestidos-noiva\/wp-content\/uploads\/2018\/12\/foto-debutante-manuella-vestido-ivana-beaumond-blog.jpg\" alt=\"foto-debutante-manuella-vestido-ivana-beaumond-blog\" width=\"798\" height=\"531\" srcset=\"https:\/\/www.ivanabeaumond.com.br\/vestidos-noiva\/wp-content\/uploads\/2018\/12\/foto-debutante-manuella-vestido-ivana-beaumond-blog.jpg 798w, https:\/\/www.ivanabeaumond.com.br\/vestidos-noiva\/wp-content\/uploads\/2018\/12\/foto-debutante-manuella-vestido-ivana-beaumond-blog-300x200.jpg 300w, https:\/\/www.ivanabeaumond.com.br\/vestidos-noiva\/wp-content\/uploads\/2018\/12\/foto-debutante-manuella-vestido-ivana-beaumond-blog-480x320.jpg 480w\" sizes=\"(max-width: 798px) 100vw, 798px\" \/><\/p>\n<p><img decoding=\"async\" loading=\"lazy\" class=\"aligncenter size-full wp-image-16703\" src=\"http:\/\/www.ivanabeaumond.com.br\/vestidos-noiva\/wp-content\/uploads\/2018\/12\/debutante-15-anos-manuella-quesada-vestido-ivana-beaumond-31.jpg\" alt=\"debutante-15-anos-manuella-quesada-vestido-ivana-beaumond (31)\" width=\"798\" height=\"531\" srcset=\"https:\/\/www.ivanabeaumond.com.br\/vestidos-noiva\/wp-content\/uploads\/2018\/12\/debutante-15-anos-manuella-quesada-vestido-ivana-beaumond-31.jpg 798w, https:\/\/www.ivanabeaumond.com.br\/vestidos-noiva\/wp-content\/uploads\/2018\/12\/debutante-15-anos-manuella-quesada-vestido-ivana-beaumond-31-300x200.jpg 300w, https:\/\/www.ivanabeaumond.com.br\/vestidos-noiva\/wp-content\/uploads\/2018\/12\/debutante-15-anos-manuella-quesada-vestido-ivana-beaumond-31-480x320.jpg 480w\" sizes=\"(max-width: 798px) 100vw, 798px\" \/><\/p>\n<h4 style=\"text-align: justify;\"><span style=\"color: #999999;\">A valsa sempre \u00e9 um ritual muito emocionante da festa.\u00a0O vestido da valsa deve ser imponente e tamb\u00e9m delicado, para ao mesmo tempo ficar bonito em movimento e atrair a aten\u00e7\u00e3o para a debutante.<\/span><\/h4>\n<h4 style=\"text-align: justify;\"><span style=\"color: #999999;\">Para esse momento, Manuella escolheu\u00a0um vestido dourado, que \u00e9 uma cor que representa o brilho por si s\u00f3. Em um tom quase puxado para o nude, o modelo princesa com saia em camadas trouxe o caimento perfeito para a ocasi\u00e3o &#8211; al\u00e9m do bel\u00edssimo efeito que as aplica\u00e7\u00f5es em 3d deram na manga \u00be, como se a Manu estivesse coberta de flores de ouro.<\/span><\/h4>\n<h4 style=\"text-align: justify;\"><span style=\"color: #999999;\">\u00a0<\/span><\/h4>\n<p><img decoding=\"async\" loading=\"lazy\" class=\"aligncenter size-full wp-image-16709\" src=\"http:\/\/www.ivanabeaumond.com.br\/vestidos-noiva\/wp-content\/uploads\/2018\/12\/debutante-15-anos-manuella-quesada-vestido-ivana-beaumond-8-e1544494281278.jpg\" alt=\"debutante-15-anos-manuella-quesada-vestido-ivana-beaumond (8)\" width=\"798\" height=\"531\" \/><\/p>\n<p><img decoding=\"async\" loading=\"lazy\" class=\"aligncenter size-full wp-image-16710\" src=\"http:\/\/www.ivanabeaumond.com.br\/vestidos-noiva\/wp-content\/uploads\/2018\/12\/foto-debutante-manuella-vestido-dourado-ivana-beaumond-blog.jpg\" alt=\"foto-debutante-manuella-vestido-dourado-ivana-beaumond-blog\" width=\"798\" height=\"531\" srcset=\"https:\/\/www.ivanabeaumond.com.br\/vestidos-noiva\/wp-content\/uploads\/2018\/12\/foto-debutante-manuella-vestido-dourado-ivana-beaumond-blog.jpg 798w, https:\/\/www.ivanabeaumond.com.br\/vestidos-noiva\/wp-content\/uploads\/2018\/12\/foto-debutante-manuella-vestido-dourado-ivana-beaumond-blog-300x200.jpg 300w, https:\/\/www.ivanabeaumond.com.br\/vestidos-noiva\/wp-content\/uploads\/2018\/12\/foto-debutante-manuella-vestido-dourado-ivana-beaumond-blog-480x320.jpg 480w\" sizes=\"(max-width: 798px) 100vw, 798px\" \/><\/p>\n<h4 style=\"text-align: justify;\"><span style=\"color: #999999;\">Para a abertura da pista, Manu abdicou da saia e vestiu um macaquinho de cetim preto com decote ombro a ombro e mangas longas. Al\u00e9m de confort\u00e1vel, o tecido deu um caimento bonito e contrastou bem com a renda, deixando o look mais brilhoso e noturno.<\/span><\/h4>\n<p><img decoding=\"async\" loading=\"lazy\" class=\"aligncenter size-full wp-image-16714\" src=\"http:\/\/www.ivanabeaumond.com.br\/vestidos-noiva\/wp-content\/uploads\/2018\/12\/debutante-15-anos-manuella-quesada-vestido-ivana-beaumond-16-e1544496049809.jpg\" alt=\"debutante-15-anos-manuella-quesada-vestido-ivana-beaumond (16)\" width=\"798\" height=\"533\" \/><\/p>\n<p><img decoding=\"async\" loading=\"lazy\" class=\"aligncenter size-full wp-image-16716\" src=\"http:\/\/www.ivanabeaumond.com.br\/vestidos-noiva\/wp-content\/uploads\/2018\/12\/debutante-15-anos-manuella-quesada-vestido-ivana-beaumond-18-e1544496219451.jpg\" alt=\"debutante-15-anos-manuella-quesada-vestido-ivana-beaumond (18)\" width=\"798\" height=\"531\" \/><\/p>\n<h4 style=\"text-align: justify;\"><span style=\"color: #999999;\">Al\u00e9m de linda, a Manuella \u00e9 uma garota com uma super presen\u00e7a que amamos conhecer. Foi muito gratificante ter sido escolhido por ela para participar da realiza\u00e7\u00e3o desse sonho, e foi tudo feito com muito carinho e dedica\u00e7\u00e3o para retribuir essa confian\u00e7a. Manu, que voc\u00ea influencie muita gente com essa seguran\u00e7a e carisma que emanam da sua personalidade. Um grande parab\u00e9ns do Atelier Ivana Beaumond, e que venham muitas outras comemora\u00e7\u00f5es t\u00e3o grandiosas quanto essa!<\/span><\/h4>\n<h4 style=\"text-align: justify;\"><span style=\"color: #999999;\">Confira outras fotos dos 15 anos da Manuella, feitas por<\/span> <a href=\"https:\/\/www.facebook.com\/LidianeGomesFotografia\" target=\"_blank\" rel=\"noopener noreferrer\">Lidiane Gomes Fotografia<\/a>:<\/h4>\n<style id=\"bwg-style-0\">    #bwg_container1_0 #bwg_container2_0 .bwg-container-0.bwg-standard-thumbnails {      width: 904px;              justify-content: center;        margin:0 auto !important;              background-color: rgba(255, 255, 255, 0.00);            padding-left: 4px;      padding-top: 4px;      max-width: 100%;            }        #bwg_container1_0 #bwg_container2_0 .bwg-container-0.bwg-standard-thumbnails .bwg-item {    justify-content: flex-start;      max-width: 180px;            width: 180px !important;          }    #bwg_container1_0 #bwg_container2_0 .bwg-container-0.bwg-standard-thumbnails .bwg-item a {       margin-right: 4px;       margin-bottom: 4px;    }    #bwg_container1_0 #bwg_container2_0 .bwg-container-0.bwg-standard-thumbnails .bwg-item0 {      padding: 0px;            background-color:rgba(255,255,255, 0.30);      border: 0px none #CCCCCC;      opacity: 1.00;      border-radius: 0;      box-shadow: 0px 0px 0px #888888;    }    #bwg_container1_0 #bwg_container2_0 .bwg-container-0.bwg-standard-thumbnails .bwg-item1 img {      max-height: none;      max-width: none;      padding: 0 !important;    }        @media only screen and (min-width: 480px) {      #bwg_container1_0 #bwg_container2_0 .bwg-container-0.bwg-standard-thumbnails .bwg-item0 {        transition: all 0.3s ease 0s;-webkit-transition: all 0.3s ease 0s;      }      #bwg_container1_0 #bwg_container2_0 .bwg-container-0.bwg-standard-thumbnails .bwg-item0:hover {        -ms-transform: scale(1.1);        -webkit-transform: scale(1.1);        transform: scale(1.1);      }    }          #bwg_container1_0 #bwg_container2_0 .bwg-container-0.bwg-standard-thumbnails .bwg-item1 {      padding-top: 50%;    }        #bwg_container1_0 #bwg_container2_0 .bwg-container-0.bwg-standard-thumbnails .bwg-title2,    #bwg_container1_0 #bwg_container2_0 .bwg-container-0.bwg-standard-thumbnails .bwg-ecommerce2 {      color: #CCCCCC;      font-family: segoe ui;      font-size: 16px;      font-weight: bold;      padding: 2px;      text-shadow: 0px 0px 0px #888888;      max-height: 100%;    }    #bwg_container1_0 #bwg_container2_0 .bwg-container-0.bwg-standard-thumbnails .bwg-thumb-description span {    color: #323A45;    font-family: Ubuntu;    font-size: 12px;    max-height: 100%;    word-wrap: break-word;    }    #bwg_container1_0 #bwg_container2_0 .bwg-container-0.bwg-standard-thumbnails .bwg-play-icon2 {      font-size: 32px;    }    #bwg_container1_0 #bwg_container2_0 .bwg-container-0.bwg-standard-thumbnails .bwg-ecommerce2 {      font-size: 19.2px;      color: #CCCCCC;    }    <\/style>    <div id=\"bwg_container1_0\"         class=\"bwg_container bwg_thumbnail bwg_thumbnails \"         data-right-click-protection=\"0\"         data-bwg=\"0\"         data-scroll=\"0\"         data-gallery-type=\"thumbnails\"         data-gallery-view-type=\"thumbnails\"         data-current-url=\"\/vestidos-noiva\/wp-json\/wp\/v2\/posts\/16677\"         data-lightbox-url=\"https:\/\/www.ivanabeaumond.com.br\/vestidos-noiva\/wp-admin\/admin-ajax.php?action=GalleryBox&#038;current_view=0&#038;gallery_id=85&#038;tag=0&#038;theme_id=1&#038;shortcode_id=238&#038;sort_by=order&#038;order_by=asc&#038;current_url=%2Fvestidos-noiva%2Fwp-json%2Fwp%2Fv2%2Fposts%2F16677\"         data-gallery-id=\"85\"         data-popup-width=\"600\"         data-popup-height=\"600\"         data-is-album=\"gallery\"         data-buttons-position=\"bottom\">      <div id=\"bwg_container2_0\">             <div id=\"ajax_loading_0\" class=\"bwg_loading_div_1\">      <div class=\"bwg_loading_div_2\">        <div class=\"bwg_loading_div_3\">          <div id=\"loading_div_0\" class=\"bwg_spider_ajax_loading\">          <\/div>        <\/div>      <\/div>    <\/div>            <form id=\"gal_front_form_0\"              class=\"bwg-hidden\"              method=\"post\"              action=\"#\"              data-current=\"0\"              data-shortcode-id=\"238\"              data-gallery-type=\"thumbnails\"              data-gallery-id=\"85\"              data-tag=\"0\"              data-album-id=\"0\"              data-theme-id=\"1\"              data-ajax-url=\"https:\/\/www.ivanabeaumond.com.br\/vestidos-noiva\/wp-admin\/admin-ajax.php?action=bwg_frontend_data\">          <div id=\"bwg_container3_0\" class=\"bwg-background bwg-background-0\">                <div data-max-count=\"5\"         data-thumbnail-width=\"180\"         data-bwg=\"0\"         data-gallery-id=\"85\"         data-lightbox-url=\"https:\/\/www.ivanabeaumond.com.br\/vestidos-noiva\/wp-admin\/admin-ajax.php?action=GalleryBox&amp;current_view=0&amp;gallery_id=85&amp;tag=0&amp;theme_id=1&amp;shortcode_id=238&amp;sort_by=order&amp;order_by=asc&amp;current_url=%2Fvestidos-noiva%2Fwp-json%2Fwp%2Fv2%2Fposts%2F16677\"         id=\"bwg_thumbnails_0\"         class=\"bwg-container-0 bwg-thumbnails bwg-standard-thumbnails bwg-container bwg-border-box\">            <div class=\"bwg-item\">        <a class=\"bwg-a  bwg_lightbox\"  data-image-id=\"1994\" href=\"https:\/\/www.ivanabeaumond.com.br\/vestidos-noiva\/wp-content\/uploads\/photo-gallery\/debutante-15-anos-manuella-quesada-vestido-ivana-beaumond%20(22).jpg\" data-elementor-open-lightbox=\"no\">                <div class=\"bwg-item0 \">          <div class=\"bwg-item1 \">            <div class=\"bwg-item2\">              <img class=\"skip-lazy bwg_standart_thumb_img_0 \"                   data-id=\"1994\"                   data-width=\"\"                   data-height=\"\"                   data-src=\"https:\/\/www.ivanabeaumond.com.br\/vestidos-noiva\/wp-content\/uploads\/photo-gallery\/thumb\/debutante-15-anos-manuella-quesada-vestido-ivana-beaumond%20(22).jpg\"                   src=\"https:\/\/www.ivanabeaumond.com.br\/vestidos-noiva\/wp-content\/uploads\/photo-gallery\/thumb\/debutante-15-anos-manuella-quesada-vestido-ivana-beaumond%20(22).jpg\"                   alt=\"debutante-15-anos-manuella-quesada-vestido-ivana-beaumond (22)\"                   title=\"debutante-15-anos-manuella-quesada-vestido-ivana-beaumond (22)\" \/>            <\/div>            <div class=\"\">                                                      <\/div>          <\/div>        <\/div>                        <\/a>              <\/div>            <div class=\"bwg-item\">        <a class=\"bwg-a  bwg_lightbox\"  data-image-id=\"1990\" href=\"https:\/\/www.ivanabeaumond.com.br\/vestidos-noiva\/wp-content\/uploads\/photo-gallery\/debutante-15-anos-manuella-quesada-vestido-ivana-beaumond%20(49).jpg\" data-elementor-open-lightbox=\"no\">                <div class=\"bwg-item0 \">          <div class=\"bwg-item1 \">            <div class=\"bwg-item2\">              <img class=\"skip-lazy bwg_standart_thumb_img_0 \"                   data-id=\"1990\"                   data-width=\"\"                   data-height=\"\"                   data-src=\"https:\/\/www.ivanabeaumond.com.br\/vestidos-noiva\/wp-content\/uploads\/photo-gallery\/thumb\/debutante-15-anos-manuella-quesada-vestido-ivana-beaumond%20(49).jpg\"                   src=\"https:\/\/www.ivanabeaumond.com.br\/vestidos-noiva\/wp-content\/uploads\/photo-gallery\/thumb\/debutante-15-anos-manuella-quesada-vestido-ivana-beaumond%20(49).jpg\"                   alt=\"debutante-15-anos-manuella-quesada-vestido-ivana-beaumond (49)\"                   title=\"debutante-15-anos-manuella-quesada-vestido-ivana-beaumond (49)\" \/>            <\/div>            <div class=\"\">                                                      <\/div>          <\/div>        <\/div>                        <\/a>              <\/div>            <div class=\"bwg-item\">        <a class=\"bwg-a  bwg_lightbox\"  data-image-id=\"1991\" href=\"https:\/\/www.ivanabeaumond.com.br\/vestidos-noiva\/wp-content\/uploads\/photo-gallery\/debutante-15-anos-manuella-quesada-vestido-ivana-beaumond%20(50).jpg\" data-elementor-open-lightbox=\"no\">                <div class=\"bwg-item0 \">          <div class=\"bwg-item1 \">            <div class=\"bwg-item2\">              <img class=\"skip-lazy bwg_standart_thumb_img_0 \"                   data-id=\"1991\"                   data-width=\"\"                   data-height=\"\"                   data-src=\"https:\/\/www.ivanabeaumond.com.br\/vestidos-noiva\/wp-content\/uploads\/photo-gallery\/thumb\/debutante-15-anos-manuella-quesada-vestido-ivana-beaumond%20(50).jpg\"                   src=\"https:\/\/www.ivanabeaumond.com.br\/vestidos-noiva\/wp-content\/uploads\/photo-gallery\/thumb\/debutante-15-anos-manuella-quesada-vestido-ivana-beaumond%20(50).jpg\"                   alt=\"debutante-15-anos-manuella-quesada-vestido-ivana-beaumond (50)\"                   title=\"debutante-15-anos-manuella-quesada-vestido-ivana-beaumond (50)\" \/>            <\/div>            <div class=\"\">                                                      <\/div>          <\/div>        <\/div>                        <\/a>              <\/div>            <div class=\"bwg-item\">        <a class=\"bwg-a  bwg_lightbox\"  data-image-id=\"1984\" href=\"https:\/\/www.ivanabeaumond.com.br\/vestidos-noiva\/wp-content\/uploads\/photo-gallery\/debutante-15-anos-manuella-quesada-vestido-ivana-beaumond%20(24).jpg\" data-elementor-open-lightbox=\"no\">                <div class=\"bwg-item0 \">          <div class=\"bwg-item1 \">            <div class=\"bwg-item2\">              <img class=\"skip-lazy bwg_standart_thumb_img_0 \"                   data-id=\"1984\"                   data-width=\"\"                   data-height=\"\"                   data-src=\"https:\/\/www.ivanabeaumond.com.br\/vestidos-noiva\/wp-content\/uploads\/photo-gallery\/thumb\/debutante-15-anos-manuella-quesada-vestido-ivana-beaumond%20(24).jpg\"                   src=\"https:\/\/www.ivanabeaumond.com.br\/vestidos-noiva\/wp-content\/uploads\/photo-gallery\/thumb\/debutante-15-anos-manuella-quesada-vestido-ivana-beaumond%20(24).jpg\"                   alt=\"debutante-15-anos-manuella-quesada-vestido-ivana-beaumond (24)\"                   title=\"debutante-15-anos-manuella-quesada-vestido-ivana-beaumond (24)\" \/>            <\/div>            <div class=\"\">                                                      <\/div>          <\/div>        <\/div>                        <\/a>              <\/div>            <div class=\"bwg-item\">        <a class=\"bwg-a  bwg_lightbox\"  data-image-id=\"1983\" href=\"https:\/\/www.ivanabeaumond.com.br\/vestidos-noiva\/wp-content\/uploads\/photo-gallery\/debutante-15-anos-manuella-quesada-vestido-ivana-beaumond%20(23).jpg\" data-elementor-open-lightbox=\"no\">                <div class=\"bwg-item0 \">          <div class=\"bwg-item1 \">            <div class=\"bwg-item2\">              <img class=\"skip-lazy bwg_standart_thumb_img_0 \"                   data-id=\"1983\"                   data-width=\"\"                   data-height=\"\"                   data-src=\"https:\/\/www.ivanabeaumond.com.br\/vestidos-noiva\/wp-content\/uploads\/photo-gallery\/thumb\/debutante-15-anos-manuella-quesada-vestido-ivana-beaumond%20(23).jpg\"                   src=\"https:\/\/www.ivanabeaumond.com.br\/vestidos-noiva\/wp-content\/uploads\/photo-gallery\/thumb\/debutante-15-anos-manuella-quesada-vestido-ivana-beaumond%20(23).jpg\"                   alt=\"debutante-15-anos-manuella-quesada-vestido-ivana-beaumond (23)\"                   title=\"debutante-15-anos-manuella-quesada-vestido-ivana-beaumond (23)\" \/>            <\/div>            <div class=\"\">                                                      <\/div>          <\/div>        <\/div>                        <\/a>              <\/div>            <div class=\"bwg-item\">        <a class=\"bwg-a  bwg_lightbox\"  data-image-id=\"1987\" href=\"https:\/\/www.ivanabeaumond.com.br\/vestidos-noiva\/wp-content\/uploads\/photo-gallery\/debutante-15-anos-manuella-quesada-vestido-ivana-beaumond%20(27).jpg\" data-elementor-open-lightbox=\"no\">                <div class=\"bwg-item0 \">          <div class=\"bwg-item1 \">            <div class=\"bwg-item2\">              <img class=\"skip-lazy bwg_standart_thumb_img_0 \"                   data-id=\"1987\"                   data-width=\"\"                   data-height=\"\"                   data-src=\"https:\/\/www.ivanabeaumond.com.br\/vestidos-noiva\/wp-content\/uploads\/photo-gallery\/thumb\/debutante-15-anos-manuella-quesada-vestido-ivana-beaumond%20(27).jpg\"                   src=\"https:\/\/www.ivanabeaumond.com.br\/vestidos-noiva\/wp-content\/uploads\/photo-gallery\/thumb\/debutante-15-anos-manuella-quesada-vestido-ivana-beaumond%20(27).jpg\"                   alt=\"debutante-15-anos-manuella-quesada-vestido-ivana-beaumond (27)\"                   title=\"debutante-15-anos-manuella-quesada-vestido-ivana-beaumond (27)\" \/>            <\/div>            <div class=\"\">                                                      <\/div>          <\/div>        <\/div>                        <\/a>              <\/div>            <div class=\"bwg-item\">        <a class=\"bwg-a  bwg_lightbox\"  data-image-id=\"1986\" href=\"https:\/\/www.ivanabeaumond.com.br\/vestidos-noiva\/wp-content\/uploads\/photo-gallery\/debutante-15-anos-manuella-quesada-vestido-ivana-beaumond%20(26).jpg\" data-elementor-open-lightbox=\"no\">                <div class=\"bwg-item0 \">          <div class=\"bwg-item1 \">            <div class=\"bwg-item2\">              <img class=\"skip-lazy bwg_standart_thumb_img_0 \"                   data-id=\"1986\"                   data-width=\"\"                   data-height=\"\"                   data-src=\"https:\/\/www.ivanabeaumond.com.br\/vestidos-noiva\/wp-content\/uploads\/photo-gallery\/thumb\/debutante-15-anos-manuella-quesada-vestido-ivana-beaumond%20(26).jpg\"                   src=\"https:\/\/www.ivanabeaumond.com.br\/vestidos-noiva\/wp-content\/uploads\/photo-gallery\/thumb\/debutante-15-anos-manuella-quesada-vestido-ivana-beaumond%20(26).jpg\"                   alt=\"debutante-15-anos-manuella-quesada-vestido-ivana-beaumond (26)\"                   title=\"debutante-15-anos-manuella-quesada-vestido-ivana-beaumond (26)\" \/>            <\/div>            <div class=\"\">                                                      <\/div>          <\/div>        <\/div>                        <\/a>              <\/div>            <div class=\"bwg-item\">        <a class=\"bwg-a  bwg_lightbox\"  data-image-id=\"1985\" href=\"https:\/\/www.ivanabeaumond.com.br\/vestidos-noiva\/wp-content\/uploads\/photo-gallery\/debutante-15-anos-manuella-quesada-vestido-ivana-beaumond%20(25).jpg\" data-elementor-open-lightbox=\"no\">                <div class=\"bwg-item0 \">          <div class=\"bwg-item1 \">            <div class=\"bwg-item2\">              <img class=\"skip-lazy bwg_standart_thumb_img_0 \"                   data-id=\"1985\"                   data-width=\"\"                   data-height=\"\"                   data-src=\"https:\/\/www.ivanabeaumond.com.br\/vestidos-noiva\/wp-content\/uploads\/photo-gallery\/thumb\/debutante-15-anos-manuella-quesada-vestido-ivana-beaumond%20(25).jpg\"                   src=\"https:\/\/www.ivanabeaumond.com.br\/vestidos-noiva\/wp-content\/uploads\/photo-gallery\/thumb\/debutante-15-anos-manuella-quesada-vestido-ivana-beaumond%20(25).jpg\"                   alt=\"debutante-15-anos-manuella-quesada-vestido-ivana-beaumond (25)\"                   title=\"debutante-15-anos-manuella-quesada-vestido-ivana-beaumond (25)\" \/>            <\/div>            <div class=\"\">                                                      <\/div>          <\/div>        <\/div>                        <\/a>              <\/div>            <div class=\"bwg-item\">        <a class=\"bwg-a  bwg_lightbox\"  data-image-id=\"1997\" href=\"https:\/\/www.ivanabeaumond.com.br\/vestidos-noiva\/wp-content\/uploads\/photo-gallery\/debutante-15-anos-manuella-quesada-vestido-ivana-beaumond%20(51).jpg\" data-elementor-open-lightbox=\"no\">                <div class=\"bwg-item0 \">          <div class=\"bwg-item1 \">            <div class=\"bwg-item2\">              <img class=\"skip-lazy bwg_standart_thumb_img_0 \"                   data-id=\"1997\"                   data-width=\"\"                   data-height=\"\"                   data-src=\"https:\/\/www.ivanabeaumond.com.br\/vestidos-noiva\/wp-content\/uploads\/photo-gallery\/thumb\/debutante-15-anos-manuella-quesada-vestido-ivana-beaumond%20(51).jpg\"                   src=\"https:\/\/www.ivanabeaumond.com.br\/vestidos-noiva\/wp-content\/uploads\/photo-gallery\/thumb\/debutante-15-anos-manuella-quesada-vestido-ivana-beaumond%20(51).jpg\"                   alt=\"debutante-15-anos-manuella-quesada-vestido-ivana-beaumond (51)\"                   title=\"debutante-15-anos-manuella-quesada-vestido-ivana-beaumond (51)\" \/>            <\/div>            <div class=\"\">                                                      <\/div>          <\/div>        <\/div>                        <\/a>              <\/div>            <div class=\"bwg-item\">        <a class=\"bwg-a  bwg_lightbox\"  data-image-id=\"1992\" href=\"https:\/\/www.ivanabeaumond.com.br\/vestidos-noiva\/wp-content\/uploads\/photo-gallery\/debutante-15-anos-manuella-quesada-vestido-ivana-beaumond%20(47).jpg\" data-elementor-open-lightbox=\"no\">                <div class=\"bwg-item0 \">          <div class=\"bwg-item1 \">            <div class=\"bwg-item2\">              <img class=\"skip-lazy bwg_standart_thumb_img_0 \"                   data-id=\"1992\"                   data-width=\"\"                   data-height=\"\"                   data-src=\"https:\/\/www.ivanabeaumond.com.br\/vestidos-noiva\/wp-content\/uploads\/photo-gallery\/thumb\/debutante-15-anos-manuella-quesada-vestido-ivana-beaumond%20(47).jpg\"                   src=\"https:\/\/www.ivanabeaumond.com.br\/vestidos-noiva\/wp-content\/uploads\/photo-gallery\/thumb\/debutante-15-anos-manuella-quesada-vestido-ivana-beaumond%20(47).jpg\"                   alt=\"debutante-15-anos-manuella-quesada-vestido-ivana-beaumond (47)\"                   title=\"debutante-15-anos-manuella-quesada-vestido-ivana-beaumond (47)\" \/>            <\/div>            <div class=\"\">                                                      <\/div>          <\/div>        <\/div>                        <\/a>              <\/div>            <div class=\"bwg-item\">        <a class=\"bwg-a  bwg_lightbox\"  data-image-id=\"1993\" href=\"https:\/\/www.ivanabeaumond.com.br\/vestidos-noiva\/wp-content\/uploads\/photo-gallery\/debutante-15-anos-manuella-quesada-vestido-ivana-beaumond%20(48).jpg\" data-elementor-open-lightbox=\"no\">                <div class=\"bwg-item0 \">          <div class=\"bwg-item1 \">            <div class=\"bwg-item2\">              <img class=\"skip-lazy bwg_standart_thumb_img_0 \"                   data-id=\"1993\"                   data-width=\"\"                   data-height=\"\"                   data-src=\"https:\/\/www.ivanabeaumond.com.br\/vestidos-noiva\/wp-content\/uploads\/photo-gallery\/thumb\/debutante-15-anos-manuella-quesada-vestido-ivana-beaumond%20(48).jpg\"                   src=\"https:\/\/www.ivanabeaumond.com.br\/vestidos-noiva\/wp-content\/uploads\/photo-gallery\/thumb\/debutante-15-anos-manuella-quesada-vestido-ivana-beaumond%20(48).jpg\"                   alt=\"debutante-15-anos-manuella-quesada-vestido-ivana-beaumond (48)\"                   title=\"debutante-15-anos-manuella-quesada-vestido-ivana-beaumond (48)\" \/>            <\/div>            <div class=\"\">                                                      <\/div>          <\/div>        <\/div>                        <\/a>              <\/div>            <div class=\"bwg-item\">        <a class=\"bwg-a  bwg_lightbox\"  data-image-id=\"1996\" href=\"https:\/\/www.ivanabeaumond.com.br\/vestidos-noiva\/wp-content\/uploads\/photo-gallery\/debutante-15-anos-manuella-quesada-vestido-ivana-beaumond%20(53).jpg\" data-elementor-open-lightbox=\"no\">                <div class=\"bwg-item0 \">          <div class=\"bwg-item1 \">            <div class=\"bwg-item2\">              <img class=\"skip-lazy bwg_standart_thumb_img_0 \"                   data-id=\"1996\"                   data-width=\"\"                   data-height=\"\"                   data-src=\"https:\/\/www.ivanabeaumond.com.br\/vestidos-noiva\/wp-content\/uploads\/photo-gallery\/thumb\/debutante-15-anos-manuella-quesada-vestido-ivana-beaumond%20(53).jpg\"                   src=\"https:\/\/www.ivanabeaumond.com.br\/vestidos-noiva\/wp-content\/uploads\/photo-gallery\/thumb\/debutante-15-anos-manuella-quesada-vestido-ivana-beaumond%20(53).jpg\"                   alt=\"debutante-15-anos-manuella-quesada-vestido-ivana-beaumond (53)\"                   title=\"debutante-15-anos-manuella-quesada-vestido-ivana-beaumond (53)\" \/>            <\/div>            <div class=\"\">                                                      <\/div>          <\/div>        <\/div>                        <\/a>              <\/div>            <div class=\"bwg-item\">        <a class=\"bwg-a  bwg_lightbox\"  data-image-id=\"1988\" href=\"https:\/\/www.ivanabeaumond.com.br\/vestidos-noiva\/wp-content\/uploads\/photo-gallery\/debutante-15-anos-manuella-quesada-vestido-ivana-beaumond%20(28).jpg\" data-elementor-open-lightbox=\"no\">                <div class=\"bwg-item0 \">          <div class=\"bwg-item1 \">            <div class=\"bwg-item2\">              <img class=\"skip-lazy bwg_standart_thumb_img_0 \"                   data-id=\"1988\"                   data-width=\"\"                   data-height=\"\"                   data-src=\"https:\/\/www.ivanabeaumond.com.br\/vestidos-noiva\/wp-content\/uploads\/photo-gallery\/thumb\/debutante-15-anos-manuella-quesada-vestido-ivana-beaumond%20(28).jpg\"                   src=\"https:\/\/www.ivanabeaumond.com.br\/vestidos-noiva\/wp-content\/uploads\/photo-gallery\/thumb\/debutante-15-anos-manuella-quesada-vestido-ivana-beaumond%20(28).jpg\"                   alt=\"debutante-15-anos-manuella-quesada-vestido-ivana-beaumond (28)\"                   title=\"debutante-15-anos-manuella-quesada-vestido-ivana-beaumond (28)\" \/>            <\/div>            <div class=\"\">                                                      <\/div>          <\/div>        <\/div>                        <\/a>              <\/div>            <div class=\"bwg-item\">        <a class=\"bwg-a  bwg_lightbox\"  data-image-id=\"1998\" href=\"https:\/\/www.ivanabeaumond.com.br\/vestidos-noiva\/wp-content\/uploads\/photo-gallery\/debutante-15-anos-manuella-quesada-vestido-ivana-beaumond%20(29).jpg\" data-elementor-open-lightbox=\"no\">                <div class=\"bwg-item0 \">          <div class=\"bwg-item1 \">            <div class=\"bwg-item2\">              <img class=\"skip-lazy bwg_standart_thumb_img_0 \"                   data-id=\"1998\"                   data-width=\"\"                   data-height=\"\"                   data-src=\"https:\/\/www.ivanabeaumond.com.br\/vestidos-noiva\/wp-content\/uploads\/photo-gallery\/thumb\/debutante-15-anos-manuella-quesada-vestido-ivana-beaumond%20(29).jpg\"                   src=\"https:\/\/www.ivanabeaumond.com.br\/vestidos-noiva\/wp-content\/uploads\/photo-gallery\/thumb\/debutante-15-anos-manuella-quesada-vestido-ivana-beaumond%20(29).jpg\"                   alt=\"debutante-15-anos-manuella-quesada-vestido-ivana-beaumond (29)\"                   title=\"debutante-15-anos-manuella-quesada-vestido-ivana-beaumond (29)\" \/>            <\/div>            <div class=\"\">                                                      <\/div>          <\/div>        <\/div>                        <\/a>              <\/div>            <div class=\"bwg-item\">        <a class=\"bwg-a  bwg_lightbox\"  data-image-id=\"2007\" href=\"https:\/\/www.ivanabeaumond.com.br\/vestidos-noiva\/wp-content\/uploads\/photo-gallery\/debutante-15-anos-manuella-quesada-vestido-ivana-beaumond%20(31).jpg\" data-elementor-open-lightbox=\"no\">                <div class=\"bwg-item0 \">          <div class=\"bwg-item1 \">            <div class=\"bwg-item2\">              <img class=\"skip-lazy bwg_standart_thumb_img_0 \"                   data-id=\"2007\"                   data-width=\"\"                   data-height=\"\"                   data-src=\"https:\/\/www.ivanabeaumond.com.br\/vestidos-noiva\/wp-content\/uploads\/photo-gallery\/thumb\/debutante-15-anos-manuella-quesada-vestido-ivana-beaumond%20(31).jpg\"                   src=\"https:\/\/www.ivanabeaumond.com.br\/vestidos-noiva\/wp-content\/uploads\/photo-gallery\/thumb\/debutante-15-anos-manuella-quesada-vestido-ivana-beaumond%20(31).jpg\"                   alt=\"debutante-15-anos-manuella-quesada-vestido-ivana-beaumond (31)\"                   title=\"debutante-15-anos-manuella-quesada-vestido-ivana-beaumond (31)\" \/>            <\/div>            <div class=\"\">                                                      <\/div>          <\/div>        <\/div>                        <\/a>              <\/div>            <div class=\"bwg-item\">        <a class=\"bwg-a  bwg_lightbox\"  data-image-id=\"2005\" href=\"https:\/\/www.ivanabeaumond.com.br\/vestidos-noiva\/wp-content\/uploads\/photo-gallery\/debutante-15-anos-manuella-quesada-vestido-ivana-beaumond%20(1).jpg\" data-elementor-open-lightbox=\"no\">                <div class=\"bwg-item0 \">          <div class=\"bwg-item1 \">            <div class=\"bwg-item2\">              <img class=\"skip-lazy bwg_standart_thumb_img_0 \"                   data-id=\"2005\"                   data-width=\"\"                   data-height=\"\"                   data-src=\"https:\/\/www.ivanabeaumond.com.br\/vestidos-noiva\/wp-content\/uploads\/photo-gallery\/thumb\/debutante-15-anos-manuella-quesada-vestido-ivana-beaumond%20(1).jpg\"                   src=\"https:\/\/www.ivanabeaumond.com.br\/vestidos-noiva\/wp-content\/uploads\/photo-gallery\/thumb\/debutante-15-anos-manuella-quesada-vestido-ivana-beaumond%20(1).jpg\"                   alt=\"debutante-15-anos-manuella-quesada-vestido-ivana-beaumond (1)\"                   title=\"debutante-15-anos-manuella-quesada-vestido-ivana-beaumond (1)\" \/>            <\/div>            <div class=\"\">                                                      <\/div>          <\/div>        <\/div>                        <\/a>              <\/div>            <div class=\"bwg-item\">        <a class=\"bwg-a  bwg_lightbox\"  data-image-id=\"1995\" href=\"https:\/\/www.ivanabeaumond.com.br\/vestidos-noiva\/wp-content\/uploads\/photo-gallery\/debutante-15-anos-manuella-quesada-vestido-ivana-beaumond%20(52).jpg\" data-elementor-open-lightbox=\"no\">                <div class=\"bwg-item0 \">          <div class=\"bwg-item1 \">            <div class=\"bwg-item2\">              <img class=\"skip-lazy bwg_standart_thumb_img_0 \"                   data-id=\"1995\"                   data-width=\"\"                   data-height=\"\"                   data-src=\"https:\/\/www.ivanabeaumond.com.br\/vestidos-noiva\/wp-content\/uploads\/photo-gallery\/thumb\/debutante-15-anos-manuella-quesada-vestido-ivana-beaumond%20(52).jpg\"                   src=\"https:\/\/www.ivanabeaumond.com.br\/vestidos-noiva\/wp-content\/uploads\/photo-gallery\/thumb\/debutante-15-anos-manuella-quesada-vestido-ivana-beaumond%20(52).jpg\"                   alt=\"debutante-15-anos-manuella-quesada-vestido-ivana-beaumond (52)\"                   title=\"debutante-15-anos-manuella-quesada-vestido-ivana-beaumond (52)\" \/>            <\/div>            <div class=\"\">                                                      <\/div>          <\/div>        <\/div>                        <\/a>              <\/div>            <div class=\"bwg-item\">        <a class=\"bwg-a  bwg_lightbox\"  data-image-id=\"2002\" href=\"https:\/\/www.ivanabeaumond.com.br\/vestidos-noiva\/wp-content\/uploads\/photo-gallery\/debutante-15-anos-manuella-quesada-vestido-ivana-beaumond%20(33).jpg\" data-elementor-open-lightbox=\"no\">                <div class=\"bwg-item0 \">          <div class=\"bwg-item1 \">            <div class=\"bwg-item2\">              <img class=\"skip-lazy bwg_standart_thumb_img_0 \"                   data-id=\"2002\"                   data-width=\"\"                   data-height=\"\"                   data-src=\"https:\/\/www.ivanabeaumond.com.br\/vestidos-noiva\/wp-content\/uploads\/photo-gallery\/thumb\/debutante-15-anos-manuella-quesada-vestido-ivana-beaumond%20(33).jpg\"                   src=\"https:\/\/www.ivanabeaumond.com.br\/vestidos-noiva\/wp-content\/uploads\/photo-gallery\/thumb\/debutante-15-anos-manuella-quesada-vestido-ivana-beaumond%20(33).jpg\"                   alt=\"debutante-15-anos-manuella-quesada-vestido-ivana-beaumond (33)\"                   title=\"debutante-15-anos-manuella-quesada-vestido-ivana-beaumond (33)\" \/>            <\/div>            <div class=\"\">                                                      <\/div>          <\/div>        <\/div>                        <\/a>              <\/div>            <div class=\"bwg-item\">        <a class=\"bwg-a  bwg_lightbox\"  data-image-id=\"2004\" href=\"https:\/\/www.ivanabeaumond.com.br\/vestidos-noiva\/wp-content\/uploads\/photo-gallery\/debutante-15-anos-manuella-quesada-vestido-ivana-beaumond%20(35).jpg\" data-elementor-open-lightbox=\"no\">                <div class=\"bwg-item0 \">          <div class=\"bwg-item1 \">            <div class=\"bwg-item2\">              <img class=\"skip-lazy bwg_standart_thumb_img_0 \"                   data-id=\"2004\"                   data-width=\"\"                   data-height=\"\"                   data-src=\"https:\/\/www.ivanabeaumond.com.br\/vestidos-noiva\/wp-content\/uploads\/photo-gallery\/thumb\/debutante-15-anos-manuella-quesada-vestido-ivana-beaumond%20(35).jpg\"                   src=\"https:\/\/www.ivanabeaumond.com.br\/vestidos-noiva\/wp-content\/uploads\/photo-gallery\/thumb\/debutante-15-anos-manuella-quesada-vestido-ivana-beaumond%20(35).jpg\"                   alt=\"debutante-15-anos-manuella-quesada-vestido-ivana-beaumond (35)\"                   title=\"debutante-15-anos-manuella-quesada-vestido-ivana-beaumond (35)\" \/>            <\/div>            <div class=\"\">                                                      <\/div>          <\/div>        <\/div>                        <\/a>              <\/div>            <div class=\"bwg-item\">        <a class=\"bwg-a  bwg_lightbox\"  data-image-id=\"2000\" href=\"https:\/\/www.ivanabeaumond.com.br\/vestidos-noiva\/wp-content\/uploads\/photo-gallery\/debutante-15-anos-manuella-quesada-vestido-ivana-beaumond%20(36).jpg\" data-elementor-open-lightbox=\"no\">                <div class=\"bwg-item0 \">          <div class=\"bwg-item1 \">            <div class=\"bwg-item2\">              <img class=\"skip-lazy bwg_standart_thumb_img_0 \"                   data-id=\"2000\"                   data-width=\"\"                   data-height=\"\"                   data-src=\"https:\/\/www.ivanabeaumond.com.br\/vestidos-noiva\/wp-content\/uploads\/photo-gallery\/thumb\/debutante-15-anos-manuella-quesada-vestido-ivana-beaumond%20(36).jpg\"                   src=\"https:\/\/www.ivanabeaumond.com.br\/vestidos-noiva\/wp-content\/uploads\/photo-gallery\/thumb\/debutante-15-anos-manuella-quesada-vestido-ivana-beaumond%20(36).jpg\"                   alt=\"debutante-15-anos-manuella-quesada-vestido-ivana-beaumond (36)\"                   title=\"debutante-15-anos-manuella-quesada-vestido-ivana-beaumond (36)\" \/>            <\/div>            <div class=\"\">                                                      <\/div>          <\/div>        <\/div>                        <\/a>              <\/div>            <div class=\"bwg-item\">        <a class=\"bwg-a  bwg_lightbox\"  data-image-id=\"2001\" href=\"https:\/\/www.ivanabeaumond.com.br\/vestidos-noiva\/wp-content\/uploads\/photo-gallery\/debutante-15-anos-manuella-quesada-vestido-ivana-beaumond%20(37).jpg\" data-elementor-open-lightbox=\"no\">                <div class=\"bwg-item0 \">          <div class=\"bwg-item1 \">            <div class=\"bwg-item2\">              <img class=\"skip-lazy bwg_standart_thumb_img_0 \"                   data-id=\"2001\"                   data-width=\"\"                   data-height=\"\"                   data-src=\"https:\/\/www.ivanabeaumond.com.br\/vestidos-noiva\/wp-content\/uploads\/photo-gallery\/thumb\/debutante-15-anos-manuella-quesada-vestido-ivana-beaumond%20(37).jpg\"                   src=\"https:\/\/www.ivanabeaumond.com.br\/vestidos-noiva\/wp-content\/uploads\/photo-gallery\/thumb\/debutante-15-anos-manuella-quesada-vestido-ivana-beaumond%20(37).jpg\"                   alt=\"debutante-15-anos-manuella-quesada-vestido-ivana-beaumond (37)\"                   title=\"debutante-15-anos-manuella-quesada-vestido-ivana-beaumond (37)\" \/>            <\/div>            <div class=\"\">                                                      <\/div>          <\/div>        <\/div>                        <\/a>              <\/div>            <div class=\"bwg-item\">        <a class=\"bwg-a  bwg_lightbox\"  data-image-id=\"2003\" href=\"https:\/\/www.ivanabeaumond.com.br\/vestidos-noiva\/wp-content\/uploads\/photo-gallery\/debutante-15-anos-manuella-quesada-vestido-ivana-beaumond%20(34).jpg\" data-elementor-open-lightbox=\"no\">                <div class=\"bwg-item0 \">          <div class=\"bwg-item1 \">            <div class=\"bwg-item2\">              <img class=\"skip-lazy bwg_standart_thumb_img_0 \"                   data-id=\"2003\"                   data-width=\"\"                   data-height=\"\"                   data-src=\"https:\/\/www.ivanabeaumond.com.br\/vestidos-noiva\/wp-content\/uploads\/photo-gallery\/thumb\/debutante-15-anos-manuella-quesada-vestido-ivana-beaumond%20(34).jpg\"                   src=\"https:\/\/www.ivanabeaumond.com.br\/vestidos-noiva\/wp-content\/uploads\/photo-gallery\/thumb\/debutante-15-anos-manuella-quesada-vestido-ivana-beaumond%20(34).jpg\"                   alt=\"debutante-15-anos-manuella-quesada-vestido-ivana-beaumond (34)\"                   title=\"debutante-15-anos-manuella-quesada-vestido-ivana-beaumond (34)\" \/>            <\/div>            <div class=\"\">                                                      <\/div>          <\/div>        <\/div>                        <\/a>              <\/div>            <div class=\"bwg-item\">        <a class=\"bwg-a  bwg_lightbox\"  data-image-id=\"2008\" href=\"https:\/\/www.ivanabeaumond.com.br\/vestidos-noiva\/wp-content\/uploads\/photo-gallery\/debutante-15-anos-manuella-quesada-vestido-ivana-beaumond%20(32).jpg\" data-elementor-open-lightbox=\"no\">                <div class=\"bwg-item0 \">          <div class=\"bwg-item1 \">            <div class=\"bwg-item2\">              <img class=\"skip-lazy bwg_standart_thumb_img_0 \"                   data-id=\"2008\"                   data-width=\"\"                   data-height=\"\"                   data-src=\"https:\/\/www.ivanabeaumond.com.br\/vestidos-noiva\/wp-content\/uploads\/photo-gallery\/thumb\/debutante-15-anos-manuella-quesada-vestido-ivana-beaumond%20(32).jpg\"                   src=\"https:\/\/www.ivanabeaumond.com.br\/vestidos-noiva\/wp-content\/uploads\/photo-gallery\/thumb\/debutante-15-anos-manuella-quesada-vestido-ivana-beaumond%20(32).jpg\"                   alt=\"debutante-15-anos-manuella-quesada-vestido-ivana-beaumond (32)\"                   title=\"debutante-15-anos-manuella-quesada-vestido-ivana-beaumond (32)\" \/>            <\/div>            <div class=\"\">                                                      <\/div>          <\/div>        <\/div>                        <\/a>              <\/div>            <div class=\"bwg-item\">        <a class=\"bwg-a  bwg_lightbox\"  data-image-id=\"2006\" href=\"https:\/\/www.ivanabeaumond.com.br\/vestidos-noiva\/wp-content\/uploads\/photo-gallery\/debutante-15-anos-manuella-quesada-vestido-ivana-beaumond%20(2).jpg\" data-elementor-open-lightbox=\"no\">                <div class=\"bwg-item0 \">          <div class=\"bwg-item1 \">            <div class=\"bwg-item2\">              <img class=\"skip-lazy bwg_standart_thumb_img_0 \"                   data-id=\"2006\"                   data-width=\"\"                   data-height=\"\"                   data-src=\"https:\/\/www.ivanabeaumond.com.br\/vestidos-noiva\/wp-content\/uploads\/photo-gallery\/thumb\/debutante-15-anos-manuella-quesada-vestido-ivana-beaumond%20(2).jpg\"                   src=\"https:\/\/www.ivanabeaumond.com.br\/vestidos-noiva\/wp-content\/uploads\/photo-gallery\/thumb\/debutante-15-anos-manuella-quesada-vestido-ivana-beaumond%20(2).jpg\"                   alt=\"debutante-15-anos-manuella-quesada-vestido-ivana-beaumond (2)\"                   title=\"debutante-15-anos-manuella-quesada-vestido-ivana-beaumond (2)\" \/>            <\/div>            <div class=\"\">                                                      <\/div>          <\/div>        <\/div>                        <\/a>              <\/div>            <div class=\"bwg-item\">        <a class=\"bwg-a  bwg_lightbox\"  data-image-id=\"2009\" href=\"https:\/\/www.ivanabeaumond.com.br\/vestidos-noiva\/wp-content\/uploads\/photo-gallery\/debutante-15-anos-manuella-quesada-vestido-ivana-beaumond%20(40).jpg\" data-elementor-open-lightbox=\"no\">                <div class=\"bwg-item0 \">          <div class=\"bwg-item1 \">            <div class=\"bwg-item2\">              <img class=\"skip-lazy bwg_standart_thumb_img_0 \"                   data-id=\"2009\"                   data-width=\"\"                   data-height=\"\"                   data-src=\"https:\/\/www.ivanabeaumond.com.br\/vestidos-noiva\/wp-content\/uploads\/photo-gallery\/thumb\/debutante-15-anos-manuella-quesada-vestido-ivana-beaumond%20(40).jpg\"                   src=\"https:\/\/www.ivanabeaumond.com.br\/vestidos-noiva\/wp-content\/uploads\/photo-gallery\/thumb\/debutante-15-anos-manuella-quesada-vestido-ivana-beaumond%20(40).jpg\"                   alt=\"debutante-15-anos-manuella-quesada-vestido-ivana-beaumond (40)\"                   title=\"debutante-15-anos-manuella-quesada-vestido-ivana-beaumond (40)\" \/>            <\/div>            <div class=\"\">                                                      <\/div>          <\/div>        <\/div>                        <\/a>              <\/div>            <div class=\"bwg-item\">        <a class=\"bwg-a  bwg_lightbox\"  data-image-id=\"2014\" href=\"https:\/\/www.ivanabeaumond.com.br\/vestidos-noiva\/wp-content\/uploads\/photo-gallery\/debutante-15-anos-manuella-quesada-vestido-ivana-beaumond%20(5).jpg\" data-elementor-open-lightbox=\"no\">                <div class=\"bwg-item0 \">          <div class=\"bwg-item1 \">            <div class=\"bwg-item2\">              <img class=\"skip-lazy bwg_standart_thumb_img_0 \"                   data-id=\"2014\"                   data-width=\"\"                   data-height=\"\"                   data-src=\"https:\/\/www.ivanabeaumond.com.br\/vestidos-noiva\/wp-content\/uploads\/photo-gallery\/thumb\/debutante-15-anos-manuella-quesada-vestido-ivana-beaumond%20(5).jpg\"                   src=\"https:\/\/www.ivanabeaumond.com.br\/vestidos-noiva\/wp-content\/uploads\/photo-gallery\/thumb\/debutante-15-anos-manuella-quesada-vestido-ivana-beaumond%20(5).jpg\"                   alt=\"debutante-15-anos-manuella-quesada-vestido-ivana-beaumond (5)\"                   title=\"debutante-15-anos-manuella-quesada-vestido-ivana-beaumond (5)\" \/>            <\/div>            <div class=\"\">                                                      <\/div>          <\/div>        <\/div>                        <\/a>              <\/div>            <div class=\"bwg-item\">        <a class=\"bwg-a  bwg_lightbox\"  data-image-id=\"2015\" href=\"https:\/\/www.ivanabeaumond.com.br\/vestidos-noiva\/wp-content\/uploads\/photo-gallery\/debutante-15-anos-manuella-quesada-vestido-ivana-beaumond%20(6).jpg\" data-elementor-open-lightbox=\"no\">                <div class=\"bwg-item0 \">          <div class=\"bwg-item1 \">            <div class=\"bwg-item2\">              <img class=\"skip-lazy bwg_standart_thumb_img_0 \"                   data-id=\"2015\"                   data-width=\"\"                   data-height=\"\"                   data-src=\"https:\/\/www.ivanabeaumond.com.br\/vestidos-noiva\/wp-content\/uploads\/photo-gallery\/thumb\/debutante-15-anos-manuella-quesada-vestido-ivana-beaumond%20(6).jpg\"                   src=\"https:\/\/www.ivanabeaumond.com.br\/vestidos-noiva\/wp-content\/uploads\/photo-gallery\/thumb\/debutante-15-anos-manuella-quesada-vestido-ivana-beaumond%20(6).jpg\"                   alt=\"debutante-15-anos-manuella-quesada-vestido-ivana-beaumond (6)\"                   title=\"debutante-15-anos-manuella-quesada-vestido-ivana-beaumond (6)\" \/>            <\/div>            <div class=\"\">                                                      <\/div>          <\/div>        <\/div>                        <\/a>              <\/div>            <div class=\"bwg-item\">        <a class=\"bwg-a  bwg_lightbox\"  data-image-id=\"2017\" href=\"https:\/\/www.ivanabeaumond.com.br\/vestidos-noiva\/wp-content\/uploads\/photo-gallery\/debutante-15-anos-manuella-quesada-vestido-ivana-beaumond%20(8).jpg\" data-elementor-open-lightbox=\"no\">                <div class=\"bwg-item0 \">          <div class=\"bwg-item1 \">            <div class=\"bwg-item2\">              <img class=\"skip-lazy bwg_standart_thumb_img_0 \"                   data-id=\"2017\"                   data-width=\"\"                   data-height=\"\"                   data-src=\"https:\/\/www.ivanabeaumond.com.br\/vestidos-noiva\/wp-content\/uploads\/photo-gallery\/thumb\/debutante-15-anos-manuella-quesada-vestido-ivana-beaumond%20(8).jpg\"                   src=\"https:\/\/www.ivanabeaumond.com.br\/vestidos-noiva\/wp-content\/uploads\/photo-gallery\/thumb\/debutante-15-anos-manuella-quesada-vestido-ivana-beaumond%20(8).jpg\"                   alt=\"debutante-15-anos-manuella-quesada-vestido-ivana-beaumond (8)\"                   title=\"debutante-15-anos-manuella-quesada-vestido-ivana-beaumond (8)\" \/>            <\/div>            <div class=\"\">                                                      <\/div>          <\/div>        <\/div>                        <\/a>              <\/div>            <div class=\"bwg-item\">        <a class=\"bwg-a  bwg_lightbox\"  data-image-id=\"2020\" href=\"https:\/\/www.ivanabeaumond.com.br\/vestidos-noiva\/wp-content\/uploads\/photo-gallery\/debutante-15-anos-manuella-quesada-vestido-ivana-beaumond%20(11).jpg\" data-elementor-open-lightbox=\"no\">                <div class=\"bwg-item0 \">          <div class=\"bwg-item1 \">            <div class=\"bwg-item2\">              <img class=\"skip-lazy bwg_standart_thumb_img_0 \"                   data-id=\"2020\"                   data-width=\"\"                   data-height=\"\"                   data-src=\"https:\/\/www.ivanabeaumond.com.br\/vestidos-noiva\/wp-content\/uploads\/photo-gallery\/thumb\/debutante-15-anos-manuella-quesada-vestido-ivana-beaumond%20(11).jpg\"                   src=\"https:\/\/www.ivanabeaumond.com.br\/vestidos-noiva\/wp-content\/uploads\/photo-gallery\/thumb\/debutante-15-anos-manuella-quesada-vestido-ivana-beaumond%20(11).jpg\"                   alt=\"debutante-15-anos-manuella-quesada-vestido-ivana-beaumond (11)\"                   title=\"debutante-15-anos-manuella-quesada-vestido-ivana-beaumond (11)\" \/>            <\/div>            <div class=\"\">                                                      <\/div>          <\/div>        <\/div>                        <\/a>              <\/div>            <div class=\"bwg-item\">        <a class=\"bwg-a  bwg_lightbox\"  data-image-id=\"2019\" href=\"https:\/\/www.ivanabeaumond.com.br\/vestidos-noiva\/wp-content\/uploads\/photo-gallery\/debutante-15-anos-manuella-quesada-vestido-ivana-beaumond%20(10).jpg\" data-elementor-open-lightbox=\"no\">                <div class=\"bwg-item0 \">          <div class=\"bwg-item1 \">            <div class=\"bwg-item2\">              <img class=\"skip-lazy bwg_standart_thumb_img_0 \"                   data-id=\"2019\"                   data-width=\"\"                   data-height=\"\"                   data-src=\"https:\/\/www.ivanabeaumond.com.br\/vestidos-noiva\/wp-content\/uploads\/photo-gallery\/thumb\/debutante-15-anos-manuella-quesada-vestido-ivana-beaumond%20(10).jpg\"                   src=\"https:\/\/www.ivanabeaumond.com.br\/vestidos-noiva\/wp-content\/uploads\/photo-gallery\/thumb\/debutante-15-anos-manuella-quesada-vestido-ivana-beaumond%20(10).jpg\"                   alt=\"debutante-15-anos-manuella-quesada-vestido-ivana-beaumond (10)\"                   title=\"debutante-15-anos-manuella-quesada-vestido-ivana-beaumond (10)\" \/>            <\/div>            <div class=\"\">                                                      <\/div>          <\/div>        <\/div>                        <\/a>              <\/div>          <\/div>    <style>      \/*pagination styles*\/      #bwg_container1_0 #bwg_container2_0 .tablenav-pages_0 {\t\t\t\ttext-align: center;\t\t\t\tfont-size: 12px;\t\t\t\tfont-family: segoe ui;\t\t\t\tfont-weight: bold;\t\t\t\tcolor: #666666;\t\t\t\tmargin: 6px 0 4px;\t\t\t\tdisplay: block;      }      @media only screen and (max-width : 320px) {      #bwg_container1_0 #bwg_container2_0 .displaying-num_0 {     \t display: none;      }      }      #bwg_container1_0 #bwg_container2_0 .displaying-num_0 {\t\t\t\tfont-size: 12px;\t\t\t\tfont-family: segoe ui;\t\t\t\tfont-weight: bold;\t\t\t\tcolor: #666666;\t\t\t\tmargin-right: 10px;\t\t\t\tvertical-align: middle;      }      #bwg_container1_0 #bwg_container2_0 .paging-input_0 {\t\t\t\tfont-size: 12px;\t\t\t\tfont-family: segoe ui;\t\t\t\tfont-weight: bold;\t\t\t\tcolor: #666666;\t\t\t\tvertical-align: middle;      }      #bwg_container1_0 #bwg_container2_0 .tablenav-pages_0 a.disabled,      #bwg_container1_0 #bwg_container2_0 .tablenav-pages_0 a.disabled:hover,      #bwg_container1_0 #bwg_container2_0 .tablenav-pages_0 a.disabled:focus,\t\t\t#bwg_container1_0 #bwg_container2_0 .tablenav-pages_0 input.bwg_current_page {\t\t\t\tcursor: default;\t\t\t\tcolor: rgba(102, 102, 102, 0.5);      }      #bwg_container1_0 #bwg_container2_0 .tablenav-pages_0 a,      #bwg_container1_0 #bwg_container2_0 .tablenav-pages_0 input.bwg_current_page {\t\t\t\tcursor: pointer;\t\t\t\ttext-align: center;\t\t\t\tfont-size: 12px;\t\t\t\tfont-family: segoe ui;\t\t\t\tfont-weight: bold;\t\t\t\tcolor: #666666;\t\t\t\ttext-decoration: none;\t\t\t\tpadding: 3px 6px;\t\t\t\tmargin: 0;\t\t\t\tborder-radius: 0;\t\t\t\tborder-style: solid;\t\t\t\tborder-width: 1px;\t\t\t\tborder-color: #E3E3E3;\t\t\t\t\t\t\t\tbackground-color: rgba(255, 255, 255, 1.00);\t\t\t\tbox-shadow: 0;\t\t\t\ttransition: all 0.3s ease 0s;-webkit-transition: all 0.3s ease 0s;      }      <\/style>      <span class=\"bwg_nav_cont_0\">              <div class=\"tablenav-pages_0\">                      <span class=\"pagination-links_0 pagination-links\" data-pages-count=\"2\">              <span class=\"pagination-links_col1\">              <a class=\"bwg-a first-page disabled\" title=\"Ir para a primeira p\u00e1gina\" >\u00ab<\/a>              <a class=\"bwg-a prev-page disabled\" title=\"V\u00e1 para a p\u00e1gina anterior\" >\u2039<\/a>              <\/span>\t\t\t\t\t\t\t<span class=\"pagination-links_col2\">\t\t\t\t\t\t\t\t\t<input type=\"number\" class=\"bwg_current_page\" name=\"bwg_current_page\" value=\"1\" data-url-info=\"page_number_0\" onkeypress=\"return bwg_change_page_0(event, this)\" min=\"1\" oninput=\"validity.valid||(value='')\" \/>\t\t\t\t\t\t\t\t\t\tde\t\t\t\t\t\t\t\t\t\t<span class=\"total-pages_0\">\t\t\t\t\t\t\t\t\t\t\t2\t\t\t\t\t\t\t\t\t\t<\/span>\t\t\t\t\t\t\t<\/span>              <span class=\"pagination-links_col3\">                <a class=\"bwg-a next-page-0\" title=\"Ir para a pr\u00f3xima p\u00e1gina\" href=\"\/vestidos-noiva\/wp-json\/wp\/v2\/posts\/16677?page_number_0=2\">\u203a<\/a>                <a class=\"bwg-a last-page-0\" title=\"Ir para a \u00faltima p\u00e1gina\" href=\"\/vestidos-noiva\/wp-json\/wp\/v2\/posts\/16677?page_number_0=2\">\u00bb<\/a>              <\/span>\t\t\t\t\t\t<\/span>\t\t\t\t\t\t        <\/div>                <input type=\"hidden\" id=\"page_number_0\" name=\"page_number_0\" value=\"1\" \/>      <script type=\"text\/javascript\">        if( jQuery('.bwg_nav_cont_0').length > 1 ) {          jQuery('.bwg_nav_cont_0').first().remove()        }        function spider_page_0(cur, x, y, load_more) {          if (typeof load_more == \"undefined\") {            var load_more = false;          }          if (jQuery(cur).hasClass('disabled')) {            return false;          }          var items_county_0 = 2;          switch (y) {            case 1:              if (x >= items_county_0) {                document.getElementById('page_number_0').value = items_county_0;              }              else {                document.getElementById('page_number_0').value = x + 1;              }              break;            case 2:              document.getElementById('page_number_0').value = items_county_0;              break;            case -1:              if (x == 1) {                document.getElementById('page_number_0').value = 1;              }              else {                document.getElementById('page_number_0').value = x - 1;              }              break;            case -2:              document.getElementById('page_number_0').value = 1;              break;\t\t\t\t\t\tcase 0:              document.getElementById('page_number_0').value = x;              break;            default:              document.getElementById('page_number_0').value = 1;          }          bwg_ajax('gal_front_form_0', '0', 'bwg_thumbnails_0', '0', '', 'gallery', 0, '', '', load_more, '', 1);        }                    jQuery('.first-page disabled').on('click', function () {              spider_page_0(this, 1, -2, 'numeric');              return false;            });            jQuery('.prev-page disabled').on('click', function () {              spider_page_0(this, 1, -1, 'numeric');              return false;            });            jQuery('.next-page-0').on('click', function () {              spider_page_0(this, 1, 1, 'numeric');              return false;            });            jQuery('.last-page-0').on('click', function () {              spider_page_0(this, 1, 2, 'numeric');              return false;            });        \t\t\t\t\/* Change page on input enter. *\/        function bwg_change_page_0( e, that ) {          if (  e.key == 'Enter' ) {            var to_page = parseInt(jQuery(that).val());            var pages_count = jQuery(that).parents(\".pagination-links\").data(\"pages-count\");            var current_url_param = jQuery(that).attr('data-url-info');            if (to_page > pages_count) {              to_page = 1;            }\t \t\t\t\t\t\t\t\t\t\t\t\tspider_page_0(this, to_page, 0, 'numeric');\t\t\t\t\t\t\treturn false;\t\t\t\t\t\t          }          return true;        }        jQuery('.bwg_load_btn_0').on('click', function () {            spider_page_0(this, 1, 1, true);            return false;        });      <\/script>      <\/span>                <\/div>        <\/form>        <style>          #bwg_container1_0 #bwg_container2_0 #spider_popup_overlay_0 {          background-color: #000000;          opacity: 0.70;          }          <\/style>        <div id=\"bwg_spider_popup_loading_0\" class=\"bwg_spider_popup_loading\"><\/div>        <div id=\"spider_popup_overlay_0\" class=\"spider_popup_overlay\" onclick=\"spider_destroypopup(1000)\"><\/div>        <input type=\"hidden\" id=\"bwg_random_seed_0\" value=\"945881169\">                <\/div>    <\/div>    <script>      if (document.readyState === 'complete') {        if( typeof bwg_main_ready == 'function' ) {          if ( jQuery(\"#bwg_container1_0\").height() ) {            bwg_main_ready(jQuery(\"#bwg_container1_0\"));          }        }      } else {        document.addEventListener('DOMContentLoaded', function() {          if( typeof bwg_main_ready == 'function' ) {            if ( jQuery(\"#bwg_container1_0\").height() ) {             bwg_main_ready(jQuery(\"#bwg_container1_0\"));            }          }        });      }    <\/script>    \n<h4 style=\"text-align: justify;\"><span style=\"color: #000000;\">Ficha T\u00e9cnica:<\/span><\/h4>\n<h4 style=\"text-align: justify;\"><span style=\"color: #000000;\">Vestidos: Ivana Beaumond Paris. Fotos: Lidiane Gomes Fotografia.\u00a0 Cabelo e Maquiagem: Fl\u00e1via Alexandra. Cerimonial: Vanessa Quesada, com execu\u00e7\u00e3o por Joel Joukin e Danilo Azevedo. Local da Festa: Reserva Eventos. Decora\u00e7\u00e3o: Vanessa Quesada e Renata Ramos. Gastronomia: Maria Luiza Buffet. Filmagem: NA Videos. Bolo Glac\u00ea Real Atelier. Doces: Tatiana Nunes Doces.\u00a0 Churros: Los Churritos. Brownies: Olenka Brownies. Bem Casados: Denise Cristina e Adriana Vieira. Atra\u00e7\u00e3o: Dj Braga. Rob\u00f4s de Led: MRB Produ\u00e7\u00f5es. Porta guardanapos Personalizados: Cutting Laser.Identidade Visual: Papel a La Carte. Papelaria: Toca Serigr\u00e1fica. Coreografia da Valsa: Gil Rangel. Coreografia da Abertura da Pista: Eddie Oficial. Som, Audiovisual e Ilumina\u00e7\u00e3o: Dj Jean Nunes. Flores: Anderson Elias. Letreiro Luminoso: Rita Tilli. Sand\u00e1lias: Smackbliss. Bal\u00f5es: Silas Bal\u00f5es. Cabine Fotogr\u00e1fica: Print a Pic.<br \/>\n<\/span><\/h4>\n<h4><span style=\"color: #999999;\">Gostou? Siga nosso instagram\u00a0<span style=\"color: #000000;\"><a style=\"color: #000000;\" href=\"https:\/\/www.instagram.com\/ivanaparisdebutantes\" target=\"_blank\" rel=\"noopener noreferrer\">@ivanaparisdebutantes\u00a0<\/a><\/span>e curta nossa fanpage\u00a0<span style=\"color: #000000;\"><a style=\"color: #000000;\" href=\"https:\/\/www.facebook.com\/IvanaBeaumondDebutantes\/\" target=\"_blank\" rel=\"noopener noreferrer\">Ivana Beaumond<\/a><\/span>\u00a0para ficar por dentro de tudo o que rola no mundo das\u00a0debutantes e conhecer nossos Melhores Modelos de Vestidos de\u00a0Debutates Nacionais, Importados e Sob Medida.<\/span><\/h4>\n","protected":false},"excerpt":{"rendered":"<p>Emocionante, intenso e como num sonho. Assim foi o anivers\u00e1rio&#8230;<\/p>\n","protected":false},"author":4,"featured_media":16724,"comment_status":"closed","ping_status":"closed","sticky":false,"template":"","format":"standard","meta":[],"categories":[60,129],"tags":[172,354,104,144,133,518,517,519,173,405,197,293,390,142,239,162,366,286,522,520,136,525,207,174,516,524,515,521,163,199,523,149,143,138,141],"yoast_head":"<!-- This site is optimized with the Yoast SEO plugin v20.3 - https:\/\/yoast.com\/wordpress\/plugins\/seo\/ -->\n<title>Sonho de Uma Noite de Ver\u00e3o, com Manuella - Vestido de Noiva RJ<\/title>\n<meta name=\"robots\" content=\"index, follow, max-snippet:-1, max-image-preview:large, max-video-preview:-1\" \/>\n<link rel=\"canonical\" href=\"https:\/\/www.ivanabeaumond.com.br\/vestidos-noiva\/sonho-de-uma-noite-de-verao-com-manuella\/\" \/>\n<meta property=\"og:locale\" content=\"pt_BR\" \/>\n<meta property=\"og:type\" content=\"article\" \/>\n<meta property=\"og:title\" content=\"Sonho de Uma Noite de Ver\u00e3o, com Manuella - Vestido de Noiva RJ\" \/>\n<meta property=\"og:description\" content=\"Emocionante, intenso e como num sonho. Assim foi o anivers\u00e1rio...\" \/>\n<meta property=\"og:url\" content=\"https:\/\/www.ivanabeaumond.com.br\/vestidos-noiva\/sonho-de-uma-noite-de-verao-com-manuella\/\" \/>\n<meta property=\"og:site_name\" content=\"Vestido de Noiva RJ\" \/>\n<meta property=\"article:publisher\" content=\"https:\/\/www.facebook.com\/ivana.beaumondnoivas\" \/>\n<meta property=\"article:published_time\" content=\"2018-12-11T15:18:38+00:00\" \/>\n<meta property=\"article:modified_time\" content=\"2020-08-22T00:53:11+00:00\" \/>\n<meta property=\"og:image\" content=\"https:\/\/www.ivanabeaumond.com.br\/vestidos-noiva\/wp-content\/uploads\/2018\/12\/img-destacada.jpg\" \/>\n\t<meta property=\"og:image:width\" content=\"485\" \/>\n\t<meta property=\"og:image:height\" content=\"472\" \/>\n\t<meta property=\"og:image:type\" content=\"image\/jpeg\" \/>\n<meta name=\"author\" content=\"Ivana Beaumond Paris\" \/>\n<meta name=\"twitter:card\" content=\"summary_large_image\" \/>\n<meta name=\"twitter:label1\" content=\"Escrito por\" \/>\n\t<meta name=\"twitter:data1\" content=\"Ivana Beaumond Paris\" \/>\n\t<meta name=\"twitter:label2\" content=\"Est. tempo de leitura\" \/>\n\t<meta name=\"twitter:data2\" content=\"3 minutos\" \/>\n<script type=\"application\/ld+json\" class=\"yoast-schema-graph\">{\"@context\":\"https:\/\/schema.org\",\"@graph\":[{\"@type\":\"Article\",\"@id\":\"https:\/\/www.ivanabeaumond.com.br\/vestidos-noiva\/sonho-de-uma-noite-de-verao-com-manuella\/#article\",\"isPartOf\":{\"@id\":\"https:\/\/www.ivanabeaumond.com.br\/vestidos-noiva\/sonho-de-uma-noite-de-verao-com-manuella\/\"},\"author\":{\"name\":\"Ivana Beaumond Paris\",\"@id\":\"https:\/\/www.ivanabeaumond.com.br\/vestidos-noiva\/#\/schema\/person\/1a360c4cffa3b806d29a456389dcff26\"},\"headline\":\"Sonho de Uma Noite de Ver\u00e3o, com Manuella\",\"datePublished\":\"2018-12-11T15:18:38+00:00\",\"dateModified\":\"2020-08-22T00:53:11+00:00\",\"mainEntityOfPage\":{\"@id\":\"https:\/\/www.ivanabeaumond.com.br\/vestidos-noiva\/sonho-de-uma-noite-de-verao-com-manuella\/\"},\"wordCount\":588,\"publisher\":{\"@id\":\"https:\/\/www.ivanabeaumond.com.br\/vestidos-noiva\/#organization\"},\"keywords\":[\"15 anos\",\"15anosfesta\",\"aluguel de roupa\",\"aluguel de vestido\",\"atelierivanabeaumond\",\"debut\",\"debutante linda\",\"debutanterj\",\"debutantes\",\"debuteen\",\"diainesquecivel\",\"errejota\",\"estilista\",\"festa de 15 anos\",\"festadossonhos\",\"festas\",\"Florence Beaumond\",\"ivana beaumond\",\"lidiane gomes\",\"manuella quesada\",\"moda festa\",\"olenka brownies\",\"paris\",\"princesas\",\"recreio\",\"renata ramos decor\",\"reserva\",\"reserva eventos\",\"sob medida\",\"sobmedidanoiva\",\"vanessa quesada cerimonial\",\"vestido de 15 anos\",\"vestido de debutante\",\"vestido de festa\",\"vestidode15anos\"],\"articleSection\":[\"Blog\",\"Espa\u00e7o Debutantes\"],\"inLanguage\":\"pt-BR\"},{\"@type\":\"WebPage\",\"@id\":\"https:\/\/www.ivanabeaumond.com.br\/vestidos-noiva\/sonho-de-uma-noite-de-verao-com-manuella\/\",\"url\":\"https:\/\/www.ivanabeaumond.com.br\/vestidos-noiva\/sonho-de-uma-noite-de-verao-com-manuella\/\",\"name\":\"Sonho de Uma Noite de Ver\u00e3o, com Manuella - Vestido de Noiva RJ\",\"isPartOf\":{\"@id\":\"https:\/\/www.ivanabeaumond.com.br\/vestidos-noiva\/#website\"},\"datePublished\":\"2018-12-11T15:18:38+00:00\",\"dateModified\":\"2020-08-22T00:53:11+00:00\",\"breadcrumb\":{\"@id\":\"https:\/\/www.ivanabeaumond.com.br\/vestidos-noiva\/sonho-de-uma-noite-de-verao-com-manuella\/#breadcrumb\"},\"inLanguage\":\"pt-BR\",\"potentialAction\":[{\"@type\":\"ReadAction\",\"target\":[\"https:\/\/www.ivanabeaumond.com.br\/vestidos-noiva\/sonho-de-uma-noite-de-verao-com-manuella\/\"]}]},{\"@type\":\"BreadcrumbList\",\"@id\":\"https:\/\/www.ivanabeaumond.com.br\/vestidos-noiva\/sonho-de-uma-noite-de-verao-com-manuella\/#breadcrumb\",\"itemListElement\":[{\"@type\":\"ListItem\",\"position\":1,\"name\":\"In\u00edcio\",\"item\":\"https:\/\/www.ivanabeaumond.com.br\/vestidos-noiva\/\"},{\"@type\":\"ListItem\",\"position\":2,\"name\":\"Sonho de Uma Noite de Ver\u00e3o, com Manuella\"}]},{\"@type\":\"WebSite\",\"@id\":\"https:\/\/www.ivanabeaumond.com.br\/vestidos-noiva\/#website\",\"url\":\"https:\/\/www.ivanabeaumond.com.br\/vestidos-noiva\/\",\"name\":\"Vestido de Noiva RJ\",\"description\":\"Moda Noiva\",\"publisher\":{\"@id\":\"https:\/\/www.ivanabeaumond.com.br\/vestidos-noiva\/#organization\"},\"potentialAction\":[{\"@type\":\"SearchAction\",\"target\":{\"@type\":\"EntryPoint\",\"urlTemplate\":\"https:\/\/www.ivanabeaumond.com.br\/vestidos-noiva\/?s={search_term_string}\"},\"query-input\":\"required name=search_term_string\"}],\"inLanguage\":\"pt-BR\"},{\"@type\":\"Organization\",\"@id\":\"https:\/\/www.ivanabeaumond.com.br\/vestidos-noiva\/#organization\",\"name\":\"Vestido de Noiva RJ\",\"url\":\"https:\/\/www.ivanabeaumond.com.br\/vestidos-noiva\/\",\"logo\":{\"@type\":\"ImageObject\",\"inLanguage\":\"pt-BR\",\"@id\":\"https:\/\/www.ivanabeaumond.com.br\/vestidos-noiva\/#\/schema\/logo\/image\/\",\"url\":\"https:\/\/www.ivanabeaumond.com.br\/vestidos-noiva\/wp-content\/uploads\/2018\/02\/logo_ivana_beaumond-2.png\",\"contentUrl\":\"https:\/\/www.ivanabeaumond.com.br\/vestidos-noiva\/wp-content\/uploads\/2018\/02\/logo_ivana_beaumond-2.png\",\"width\":230,\"height\":112,\"caption\":\"Vestido de Noiva RJ\"},\"image\":{\"@id\":\"https:\/\/www.ivanabeaumond.com.br\/vestidos-noiva\/#\/schema\/logo\/image\/\"},\"sameAs\":[\"https:\/\/www.facebook.com\/ivana.beaumondnoivas\",\"https:\/\/www.instagram.com\/ivanabeaumond\/\",\"https:\/\/www.tiktok.com\/@ivanabeaumond\"]},{\"@type\":\"Person\",\"@id\":\"https:\/\/www.ivanabeaumond.com.br\/vestidos-noiva\/#\/schema\/person\/1a360c4cffa3b806d29a456389dcff26\",\"name\":\"Ivana Beaumond Paris\",\"image\":{\"@type\":\"ImageObject\",\"inLanguage\":\"pt-BR\",\"@id\":\"https:\/\/www.ivanabeaumond.com.br\/vestidos-noiva\/#\/schema\/person\/image\/\",\"url\":\"https:\/\/secure.gravatar.com\/avatar\/641f98db20b53ec937ceb641db4270b9?s=96&d=mm&r=g\",\"contentUrl\":\"https:\/\/secure.gravatar.com\/avatar\/641f98db20b53ec937ceb641db4270b9?s=96&d=mm&r=g\",\"caption\":\"Ivana Beaumond Paris\"},\"url\":\"https:\/\/www.ivanabeaumond.com.br\/vestidos-noiva\/author\/ivana\/\"}]}<\/script>\n<!-- \/ Yoast SEO plugin. -->","yoast_head_json":{"title":"Sonho de Uma Noite de Ver\u00e3o, com Manuella - Vestido de Noiva RJ","robots":{"index":"index","follow":"follow","max-snippet":"max-snippet:-1","max-image-preview":"max-image-preview:large","max-video-preview":"max-video-preview:-1"},"canonical":"https:\/\/www.ivanabeaumond.com.br\/vestidos-noiva\/sonho-de-uma-noite-de-verao-com-manuella\/","og_locale":"pt_BR","og_type":"article","og_title":"Sonho de Uma Noite de Ver\u00e3o, com Manuella - Vestido de Noiva RJ","og_description":"Emocionante, intenso e como num sonho. Assim foi o anivers\u00e1rio...","og_url":"https:\/\/www.ivanabeaumond.com.br\/vestidos-noiva\/sonho-de-uma-noite-de-verao-com-manuella\/","og_site_name":"Vestido de Noiva RJ","article_publisher":"https:\/\/www.facebook.com\/ivana.beaumondnoivas","article_published_time":"2018-12-11T15:18:38+00:00","article_modified_time":"2020-08-22T00:53:11+00:00","og_image":[{"width":485,"height":472,"url":"https:\/\/www.ivanabeaumond.com.br\/vestidos-noiva\/wp-content\/uploads\/2018\/12\/img-destacada.jpg","type":"image\/jpeg"}],"author":"Ivana Beaumond Paris","twitter_card":"summary_large_image","twitter_misc":{"Escrito por":"Ivana Beaumond Paris","Est. tempo de leitura":"3 minutos"},"schema":{"@context":"https:\/\/schema.org","@graph":[{"@type":"Article","@id":"https:\/\/www.ivanabeaumond.com.br\/vestidos-noiva\/sonho-de-uma-noite-de-verao-com-manuella\/#article","isPartOf":{"@id":"https:\/\/www.ivanabeaumond.com.br\/vestidos-noiva\/sonho-de-uma-noite-de-verao-com-manuella\/"},"author":{"name":"Ivana Beaumond Paris","@id":"https:\/\/www.ivanabeaumond.com.br\/vestidos-noiva\/#\/schema\/person\/1a360c4cffa3b806d29a456389dcff26"},"headline":"Sonho de Uma Noite de Ver\u00e3o, com Manuella","datePublished":"2018-12-11T15:18:38+00:00","dateModified":"2020-08-22T00:53:11+00:00","mainEntityOfPage":{"@id":"https:\/\/www.ivanabeaumond.com.br\/vestidos-noiva\/sonho-de-uma-noite-de-verao-com-manuella\/"},"wordCount":588,"publisher":{"@id":"https:\/\/www.ivanabeaumond.com.br\/vestidos-noiva\/#organization"},"keywords":["15 anos","15anosfesta","aluguel de roupa","aluguel de vestido","atelierivanabeaumond","debut","debutante linda","debutanterj","debutantes","debuteen","diainesquecivel","errejota","estilista","festa de 15 anos","festadossonhos","festas","Florence Beaumond","ivana beaumond","lidiane gomes","manuella quesada","moda festa","olenka brownies","paris","princesas","recreio","renata ramos decor","reserva","reserva eventos","sob medida","sobmedidanoiva","vanessa quesada cerimonial","vestido de 15 anos","vestido de debutante","vestido de festa","vestidode15anos"],"articleSection":["Blog","Espa\u00e7o Debutantes"],"inLanguage":"pt-BR"},{"@type":"WebPage","@id":"https:\/\/www.ivanabeaumond.com.br\/vestidos-noiva\/sonho-de-uma-noite-de-verao-com-manuella\/","url":"https:\/\/www.ivanabeaumond.com.br\/vestidos-noiva\/sonho-de-uma-noite-de-verao-com-manuella\/","name":"Sonho de Uma Noite de Ver\u00e3o, com Manuella - Vestido de Noiva RJ","isPartOf":{"@id":"https:\/\/www.ivanabeaumond.com.br\/vestidos-noiva\/#website"},"datePublished":"2018-12-11T15:18:38+00:00","dateModified":"2020-08-22T00:53:11+00:00","breadcrumb":{"@id":"https:\/\/www.ivanabeaumond.com.br\/vestidos-noiva\/sonho-de-uma-noite-de-verao-com-manuella\/#breadcrumb"},"inLanguage":"pt-BR","potentialAction":[{"@type":"ReadAction","target":["https:\/\/www.ivanabeaumond.com.br\/vestidos-noiva\/sonho-de-uma-noite-de-verao-com-manuella\/"]}]},{"@type":"BreadcrumbList","@id":"https:\/\/www.ivanabeaumond.com.br\/vestidos-noiva\/sonho-de-uma-noite-de-verao-com-manuella\/#breadcrumb","itemListElement":[{"@type":"ListItem","position":1,"name":"In\u00edcio","item":"https:\/\/www.ivanabeaumond.com.br\/vestidos-noiva\/"},{"@type":"ListItem","position":2,"name":"Sonho de Uma Noite de Ver\u00e3o, com Manuella"}]},{"@type":"WebSite","@id":"https:\/\/www.ivanabeaumond.com.br\/vestidos-noiva\/#website","url":"https:\/\/www.ivanabeaumond.com.br\/vestidos-noiva\/","name":"Vestido de Noiva RJ","description":"Moda Noiva","publisher":{"@id":"https:\/\/www.ivanabeaumond.com.br\/vestidos-noiva\/#organization"},"potentialAction":[{"@type":"SearchAction","target":{"@type":"EntryPoint","urlTemplate":"https:\/\/www.ivanabeaumond.com.br\/vestidos-noiva\/?s={search_term_string}"},"query-input":"required name=search_term_string"}],"inLanguage":"pt-BR"},{"@type":"Organization","@id":"https:\/\/www.ivanabeaumond.com.br\/vestidos-noiva\/#organization","name":"Vestido de Noiva RJ","url":"https:\/\/www.ivanabeaumond.com.br\/vestidos-noiva\/","logo":{"@type":"ImageObject","inLanguage":"pt-BR","@id":"https:\/\/www.ivanabeaumond.com.br\/vestidos-noiva\/#\/schema\/logo\/image\/","url":"https:\/\/www.ivanabeaumond.com.br\/vestidos-noiva\/wp-content\/uploads\/2018\/02\/logo_ivana_beaumond-2.png","contentUrl":"https:\/\/www.ivanabeaumond.com.br\/vestidos-noiva\/wp-content\/uploads\/2018\/02\/logo_ivana_beaumond-2.png","width":230,"height":112,"caption":"Vestido de Noiva RJ"},"image":{"@id":"https:\/\/www.ivanabeaumond.com.br\/vestidos-noiva\/#\/schema\/logo\/image\/"},"sameAs":["https:\/\/www.facebook.com\/ivana.beaumondnoivas","https:\/\/www.instagram.com\/ivanabeaumond\/","https:\/\/www.tiktok.com\/@ivanabeaumond"]},{"@type":"Person","@id":"https:\/\/www.ivanabeaumond.com.br\/vestidos-noiva\/#\/schema\/person\/1a360c4cffa3b806d29a456389dcff26","name":"Ivana Beaumond Paris","image":{"@type":"ImageObject","inLanguage":"pt-BR","@id":"https:\/\/www.ivanabeaumond.com.br\/vestidos-noiva\/#\/schema\/person\/image\/","url":"https:\/\/secure.gravatar.com\/avatar\/641f98db20b53ec937ceb641db4270b9?s=96&d=mm&r=g","contentUrl":"https:\/\/secure.gravatar.com\/avatar\/641f98db20b53ec937ceb641db4270b9?s=96&d=mm&r=g","caption":"Ivana Beaumond Paris"},"url":"https:\/\/www.ivanabeaumond.com.br\/vestidos-noiva\/author\/ivana\/"}]}},"_links":{"self":[{"href":"https:\/\/www.ivanabeaumond.com.br\/vestidos-noiva\/wp-json\/wp\/v2\/posts\/16677"}],"collection":[{"href":"https:\/\/www.ivanabeaumond.com.br\/vestidos-noiva\/wp-json\/wp\/v2\/posts"}],"about":[{"href":"https:\/\/www.ivanabeaumond.com.br\/vestidos-noiva\/wp-json\/wp\/v2\/types\/post"}],"author":[{"embeddable":true,"href":"https:\/\/www.ivanabeaumond.com.br\/vestidos-noiva\/wp-json\/wp\/v2\/users\/4"}],"replies":[{"embeddable":true,"href":"https:\/\/www.ivanabeaumond.com.br\/vestidos-noiva\/wp-json\/wp\/v2\/comments?post=16677"}],"version-history":[{"count":33,"href":"https:\/\/www.ivanabeaumond.com.br\/vestidos-noiva\/wp-json\/wp\/v2\/posts\/16677\/revisions"}],"predecessor-version":[{"id":26013,"href":"https:\/\/www.ivanabeaumond.com.br\/vestidos-noiva\/wp-json\/wp\/v2\/posts\/16677\/revisions\/26013"}],"wp:featuredmedia":[{"embeddable":true,"href":"https:\/\/www.ivanabeaumond.com.br\/vestidos-noiva\/wp-json\/wp\/v2\/media\/16724"}],"wp:attachment":[{"href":"https:\/\/www.ivanabeaumond.com.br\/vestidos-noiva\/wp-json\/wp\/v2\/media?parent=16677"}],"wp:term":[{"taxonomy":"category","embeddable":true,"href":"https:\/\/www.ivanabeaumond.com.br\/vestidos-noiva\/wp-json\/wp\/v2\/categories?post=16677"},{"taxonomy":"post_tag","embeddable":true,"href":"https:\/\/www.ivanabeaumond.com.br\/vestidos-noiva\/wp-json\/wp\/v2\/tags?post=16677"}],"curies":[{"name":"wp","href":"https:\/\/api.w.org\/{rel}","templated":true}]}}