{"id":16772,"date":"2018-12-29T17:45:39","date_gmt":"2018-12-29T19:45:39","guid":{"rendered":"http:\/\/www.ivanabeaumond.com.br\/vestidos-noiva\/?p=16772"},"modified":"2019-01-05T14:29:13","modified_gmt":"2019-01-05T16:29:13","slug":"retrospectiva-2018-o-que-bombou-esse-ano","status":"publish","type":"post","link":"https:\/\/www.ivanabeaumond.com.br\/vestidos-noiva\/retrospectiva-2018-o-que-bombou-esse-ano\/","title":{"rendered":"Retrospectiva 2018: o que bombou esse ano!"},"content":{"rendered":"<h4 style=\"text-align: justify;\"><span style=\"color: #999999;\">Chegamos ao fim de dezembro e parece 2018 passou bem r\u00e1pido, n\u00e3o acham?<\/span><\/h4>\n<p style=\"text-align: justify;\">\n<h4 style=\"text-align: justify;\"><span style=\"color: #999999;\">Para comemorar essa virada, preparamos um post listando as tend\u00eancias que mais bombaram nas festas de debutante em 2018.<\/span><\/h4>\n<p style=\"text-align: justify;\">\n<h4 style=\"text-align: justify;\"><span style=\"color: #999999;\">Vem com a gente nessa retrospectiva!<\/span><\/h4>\n<p style=\"text-align: justify;\">\n<p>&nbsp;<\/p>\n<p>&nbsp;<\/p>\n<p>&nbsp;<\/p>\n<p>&nbsp;<\/p>\n<h3>1. Cor Tiffany<\/h3>\n<p>&nbsp;<\/p>\n<p>&nbsp;<\/p>\n<p>&nbsp;<\/p>\n<h4 style=\"text-align: justify;\"><span style=\"color: #999999;\">O tiffany foi uma cor que predominou em 2018, aparecendo na decora\u00e7\u00e3o e nos vestidos das debutantes. Al\u00e9m de chique, \u00e9 um tom leve, que pode ser combinado com diversos outros, como rosa,\u00a0prateado e at\u00e9 mesmo o preto.<\/span><\/h4>\n<p>&nbsp;<\/p>\n<p>&nbsp;<\/p>\n<p><img decoding=\"async\" loading=\"lazy\" class=\"aligncenter size-full wp-image-16297\" src=\"http:\/\/www.ivanabeaumond.com.br\/vestidos-noiva\/wp-content\/uploads\/2018\/10\/luisa-simoes-15-anos-ivana-beaumond-26.jpg\" alt=\"luisa-simoes-15-anos-ivana-beaumond (26)\" width=\"800\" height=\"533\" srcset=\"https:\/\/www.ivanabeaumond.com.br\/vestidos-noiva\/wp-content\/uploads\/2018\/10\/luisa-simoes-15-anos-ivana-beaumond-26.jpg 800w, https:\/\/www.ivanabeaumond.com.br\/vestidos-noiva\/wp-content\/uploads\/2018\/10\/luisa-simoes-15-anos-ivana-beaumond-26-300x200.jpg 300w, https:\/\/www.ivanabeaumond.com.br\/vestidos-noiva\/wp-content\/uploads\/2018\/10\/luisa-simoes-15-anos-ivana-beaumond-26-480x320.jpg 480w\" sizes=\"(max-width: 800px) 100vw, 800px\" \/><\/p>\n<p><img decoding=\"async\" loading=\"lazy\" class=\"aligncenter size-full wp-image-16690\" src=\"http:\/\/www.ivanabeaumond.com.br\/vestidos-noiva\/wp-content\/uploads\/2018\/12\/debutante-15-anos-manuella-quesada-vestido-ivana-beaumond-29.jpg\" alt=\"debutante-15-anos-manuella-quesada-vestido-ivana-beaumond (29)\" width=\"798\" height=\"531\" srcset=\"https:\/\/www.ivanabeaumond.com.br\/vestidos-noiva\/wp-content\/uploads\/2018\/12\/debutante-15-anos-manuella-quesada-vestido-ivana-beaumond-29.jpg 798w, https:\/\/www.ivanabeaumond.com.br\/vestidos-noiva\/wp-content\/uploads\/2018\/12\/debutante-15-anos-manuella-quesada-vestido-ivana-beaumond-29-300x200.jpg 300w, https:\/\/www.ivanabeaumond.com.br\/vestidos-noiva\/wp-content\/uploads\/2018\/12\/debutante-15-anos-manuella-quesada-vestido-ivana-beaumond-29-480x320.jpg 480w\" sizes=\"(max-width: 798px) 100vw, 798px\" \/><\/p>\n<p><img decoding=\"async\" loading=\"lazy\" class=\"aligncenter size-full wp-image-16773\" src=\"http:\/\/www.ivanabeaumond.com.br\/vestidos-noiva\/wp-content\/uploads\/2018\/12\/luisa-simoes-15-anos-ivana-beaumond-7.jpg\" alt=\"luisa-simoes-15-anos-ivana-beaumond (7)\" width=\"800\" height=\"533\" srcset=\"https:\/\/www.ivanabeaumond.com.br\/vestidos-noiva\/wp-content\/uploads\/2018\/12\/luisa-simoes-15-anos-ivana-beaumond-7.jpg 800w, https:\/\/www.ivanabeaumond.com.br\/vestidos-noiva\/wp-content\/uploads\/2018\/12\/luisa-simoes-15-anos-ivana-beaumond-7-300x200.jpg 300w, https:\/\/www.ivanabeaumond.com.br\/vestidos-noiva\/wp-content\/uploads\/2018\/12\/luisa-simoes-15-anos-ivana-beaumond-7-480x320.jpg 480w\" sizes=\"(max-width: 800px) 100vw, 800px\" \/><\/p>\n<p><img decoding=\"async\" loading=\"lazy\" class=\"aligncenter size-full wp-image-16840\" src=\"http:\/\/www.ivanabeaumond.com.br\/vestidos-noiva\/wp-content\/uploads\/2018\/12\/imagem-tiffany-post-ivana-beaumond.jpg\" alt=\"imagem-tiffany-post-ivana-beaumond\" width=\"796\" height=\"530\" srcset=\"https:\/\/www.ivanabeaumond.com.br\/vestidos-noiva\/wp-content\/uploads\/2018\/12\/imagem-tiffany-post-ivana-beaumond.jpg 796w, https:\/\/www.ivanabeaumond.com.br\/vestidos-noiva\/wp-content\/uploads\/2018\/12\/imagem-tiffany-post-ivana-beaumond-300x200.jpg 300w, https:\/\/www.ivanabeaumond.com.br\/vestidos-noiva\/wp-content\/uploads\/2018\/12\/imagem-tiffany-post-ivana-beaumond-480x320.jpg 480w\" sizes=\"(max-width: 796px) 100vw, 796px\" \/><\/p>\n<p>&nbsp;<\/p>\n<p>&nbsp;<\/p>\n<p>&nbsp;<\/p>\n<p>&nbsp;<\/p>\n<h3><span style=\"color: #000000;\">2. A Bela e A Fera<\/span><\/h3>\n<p>&nbsp;<\/p>\n<p>&nbsp;<\/p>\n<p>&nbsp;<\/p>\n<h4 style=\"text-align: justify;\"><span style=\"color: #999999;\">O lan\u00e7amento do live action da Disney no ano passado trouxe o conto de fadas A Bela e a Fera novamente\u00a0aos holofotes. Esse ano, vimos muitas festas de debutantes inspiradas na hist\u00f3ria &#8211; e as meninas se jogaram mesmo no tema, com direito a valsa com a Fera, decora\u00e7\u00e3o super fiel e vestidos parecidos com o da princesa.<\/span><\/h4>\n<p>&nbsp;<\/p>\n<p>&nbsp;<\/p>\n<p>&nbsp;<\/p>\n<p>&nbsp;<\/p>\n<p><img decoding=\"async\" loading=\"lazy\" class=\"aligncenter size-full wp-image-16783\" src=\"http:\/\/www.ivanabeaumond.com.br\/vestidos-noiva\/wp-content\/uploads\/2018\/12\/debutante-agata-a-bela-e-a-fera-vestido-ivana-beaumond-tema-e1545163157405.jpg\" alt=\"debutante-agata-a-bela-e-a-fera-vestido-ivana-beaumond-tema\" width=\"750\" height=\"500\" \/><\/p>\n<p><a href=\"http:\/\/www.ivanabeaumond.com.br\/vestidos-noiva\/wp-content\/uploads\/2018\/12\/debutante-agata-a-bela-e-a-fera-vestido-ivana-beaumond-tematica.jpg\"><img decoding=\"async\" loading=\"lazy\" class=\"aligncenter size-full wp-image-16784\" src=\"http:\/\/www.ivanabeaumond.com.br\/vestidos-noiva\/wp-content\/uploads\/2018\/12\/debutante-agata-a-bela-e-a-fera-vestido-ivana-beaumond-tematica.jpg\" alt=\"debutante-agata-a-bela-e-a-fera-vestido-ivana-beaumond-tematica\" width=\"750\" height=\"500\" srcset=\"https:\/\/www.ivanabeaumond.com.br\/vestidos-noiva\/wp-content\/uploads\/2018\/12\/debutante-agata-a-bela-e-a-fera-vestido-ivana-beaumond-tematica.jpg 750w, https:\/\/www.ivanabeaumond.com.br\/vestidos-noiva\/wp-content\/uploads\/2018\/12\/debutante-agata-a-bela-e-a-fera-vestido-ivana-beaumond-tematica-300x200.jpg 300w, https:\/\/www.ivanabeaumond.com.br\/vestidos-noiva\/wp-content\/uploads\/2018\/12\/debutante-agata-a-bela-e-a-fera-vestido-ivana-beaumond-tematica-480x320.jpg 480w\" sizes=\"(max-width: 750px) 100vw, 750px\" \/><\/a><\/p>\n<p>&nbsp;<\/p>\n<p><a href=\"http:\/\/www.ivanabeaumond.com.br\/vestidos-noiva\/wp-content\/uploads\/2018\/12\/Tallita-Vestido-de-debutante-festa-de-15anos-aniversariante-vestidos-rj-BlogIvanaBeaumond-20-e1545171053781.jpg\"><img decoding=\"async\" loading=\"lazy\" class=\"aligncenter size-full wp-image-16790\" src=\"http:\/\/www.ivanabeaumond.com.br\/vestidos-noiva\/wp-content\/uploads\/2018\/12\/isabella-15-anos-vestido-a-bela-e-a-fera-ivana-beaumon-blog-e1545172617797.jpg\" alt=\"isabella-15-anos-vestido-a-bela-e-a-fera-ivana-beaumon-blog\" width=\"750\" height=\"750\" \/><\/a><\/p>\n<p>&nbsp;<\/p>\n<p>&nbsp;<\/p>\n<p>&nbsp;<\/p>\n<p>&nbsp;<\/p>\n<h3><span style=\"color: #000000;\">3. Anima\u00e7\u00f5es de Led<\/span><\/h3>\n<p>&nbsp;<\/p>\n<p>&nbsp;<\/p>\n<p>&nbsp;<\/p>\n<h4 style=\"text-align: justify;\"><span style=\"color: #999999;\">A produ\u00e7\u00e3o das festas vem ficando cada vez mais criativa e esse ano investiu na ilumina\u00e7\u00e3o em led. Teve led para todos os lados \u2013 no ch\u00e3o da pista, nas cortinas, nas roupas dos gar\u00e7ons e dos animadores. Mas a grande sensa\u00e7\u00e3o dos eventos foram os rob\u00f4s de led.<\/span><\/h4>\n<p>&nbsp;<\/p>\n<p>&nbsp;<\/p>\n<p>&nbsp;<\/p>\n<p>&nbsp;<\/p>\n<p><a href=\"http:\/\/www.ivanabeaumond.com.br\/vestidos-noiva\/wp-content\/uploads\/2018\/11\/nahaiany-ribeiro-15-anos-vestido-ivana-beaumond-7-e1545853102132.jpg\"><img decoding=\"async\" loading=\"lazy\" class=\"aligncenter size-full wp-image-16543\" src=\"http:\/\/www.ivanabeaumond.com.br\/vestidos-noiva\/wp-content\/uploads\/2018\/11\/nahaiany-ribeiro-15-anos-vestido-ivana-beaumond-7-e1545853102132.jpg\" alt=\"nahaiany-ribeiro-15-anos-vestido-ivana-beaumond (7)\" width=\"798\" height=\"532\" \/><\/a><\/p>\n<p><img decoding=\"async\" loading=\"lazy\" class=\"aligncenter size-full wp-image-16716\" src=\"http:\/\/www.ivanabeaumond.com.br\/vestidos-noiva\/wp-content\/uploads\/2018\/12\/debutante-15-anos-manuella-quesada-vestido-ivana-beaumond-18-e1544496219451.jpg\" alt=\"debutante-15-anos-manuella-quesada-vestido-ivana-beaumond (18)\" width=\"798\" height=\"531\" \/><\/p>\n<p><a href=\"http:\/\/www.ivanabeaumond.com.br\/vestidos-noiva\/wp-content\/uploads\/2018\/12\/Atriz-Leticia-Pedro-Veste-Ivana-Beaumond-15-anos-36-e1545853401635.jpg\"><img decoding=\"async\" loading=\"lazy\" class=\"aligncenter size-full wp-image-16843\" src=\"http:\/\/www.ivanabeaumond.com.br\/vestidos-noiva\/wp-content\/uploads\/2018\/12\/Atriz-Leticia-Pedro-Veste-Ivana-Beaumond-15-anos-36-e1545853401635.jpg\" alt=\"Atriz Leticia Pedro Veste Ivana Beaumond 15 anos (36)\" width=\"798\" height=\"532\" \/><\/a><\/p>\n<p>&nbsp;<\/p>\n<p>&nbsp;<\/p>\n<p>&nbsp;<\/p>\n<p>&nbsp;<\/p>\n<h3><span style=\"color: #000000;\">4. Flores<\/span><\/h3>\n<p>&nbsp;<\/p>\n<p>&nbsp;<\/p>\n<p>&nbsp;<\/p>\n<h4 style=\"text-align: justify;\"><span style=\"color: #999999;\">Rosas, orqu\u00eddeas, cravos, pe\u00f4nias&#8230; As flores deram o tom\u00a0delicado na decora\u00e7\u00e3o das festas de 2018, e tamb\u00e9m se destacaram nos vestidos das nossas debutantes, aparecendo em bordados e aplica\u00e7\u00f5es em 3d.<\/span><\/h4>\n<p>&nbsp;<\/p>\n<p><img decoding=\"async\" loading=\"lazy\" class=\"aligncenter size-full wp-image-16851\" src=\"http:\/\/www.ivanabeaumond.com.br\/vestidos-noiva\/wp-content\/uploads\/2018\/12\/julia-rangel-festa-romantica-debutante-vestido-ivana-beaumond-e1546022603336.jpg\" alt=\"julia-rangel-festa-romantica-debutante-vestido-ivana-beaumond\" width=\"793\" height=\"529\" \/><\/p>\n<p><a href=\"http:\/\/www.ivanabeaumond.com.br\/vestidos-noiva\/wp-content\/uploads\/2018\/12\/ivana-beaumond-atelier-paris-festa-15-anos-manuela-de-moura-zurique-111-e1546022669679.jpg\"><img decoding=\"async\" loading=\"lazy\" class=\"aligncenter size-full wp-image-16850\" src=\"http:\/\/www.ivanabeaumond.com.br\/vestidos-noiva\/wp-content\/uploads\/2018\/12\/ivana-beaumond-atelier-paris-festa-15-anos-manuela-de-moura-zurique-111-e1546022669679.jpg\" alt=\"ivana-beaumond-atelier-paris-festa-15-anos-manuela-de-moura-zurique (11)\" width=\"794\" height=\"530\" \/><\/a><\/p>\n<p><a href=\"http:\/\/www.ivanabeaumond.com.br\/vestidos-noiva\/wp-content\/uploads\/2018\/11\/nahaiany-ribeiro-15-anos-vestido-ivana-beaumond-11-e1546023231176.jpg\"><img decoding=\"async\" loading=\"lazy\" class=\"aligncenter size-full wp-image-16530\" src=\"http:\/\/www.ivanabeaumond.com.br\/vestidos-noiva\/wp-content\/uploads\/2018\/11\/nahaiany-ribeiro-15-anos-vestido-ivana-beaumond-11-e1546023231176.jpg\" alt=\"nahaiany-ribeiro-15-anos-vestido-ivana-beaumond (11)\" width=\"795\" height=\"530\" \/><\/a><\/p>\n<p>&nbsp;<\/p>\n<p>&nbsp;<\/p>\n<p>&nbsp;<\/p>\n<p>&nbsp;<\/p>\n<h3>5. Branco<\/h3>\n<p>&nbsp;<\/p>\n<h4><\/h4>\n<h4 style=\"text-align: justify;\"><span style=\"color: #999999;\">Os vestidos brancos fizeram a cabe\u00e7a das nossas debutantes esse ano. Elas investiram com tudo no look princesa, com modelos longos e volumosos com tules bordados, detalhes em p\u00e9rolas e aplica\u00e7\u00f5es de renda. A grande vantagem do branco \u00e9 ter mais liberdade para usar acess\u00f3rios e maquiagem mais incrementados.<\/span><\/h4>\n<p>&nbsp;<\/p>\n<p>&nbsp;<\/p>\n<p>&nbsp;<\/p>\n<p>&nbsp;<\/p>\n<p><a href=\"http:\/\/www.ivanabeaumond.com.br\/vestidos-noiva\/wp-content\/uploads\/2018\/12\/ivana-beaumond-atelier-paris-festa-15-anos-manuela-de-moura-zurique-13-e1546024887998.jpg\"><img decoding=\"async\" loading=\"lazy\" class=\"aligncenter size-full wp-image-16855\" src=\"http:\/\/www.ivanabeaumond.com.br\/vestidos-noiva\/wp-content\/uploads\/2018\/12\/ivana-beaumond-atelier-paris-festa-15-anos-manuela-de-moura-zurique-13-e1546024887998.jpg\" alt=\"ivana-beaumond-atelier-paris-festa-15-anos-manuela-de-moura-zurique (13)\" width=\"794\" height=\"530\" \/><\/a><\/p>\n<p><img decoding=\"async\" loading=\"lazy\" class=\"aligncenter size-full wp-image-16856\" src=\"http:\/\/www.ivanabeaumond.com.br\/vestidos-noiva\/wp-content\/uploads\/2018\/12\/festa-tema-Tomorrowland-Rebeca-vestido-ivana-beaumond-e1546025119894.jpg\" alt=\"festa-tema-Tomorrowland-Rebeca-vestido-ivana-beaumond\" width=\"794\" height=\"529\" \/><\/p>\n<p><img decoding=\"async\" loading=\"lazy\" class=\"aligncenter size-full wp-image-16858\" src=\"http:\/\/www.ivanabeaumond.com.br\/vestidos-noiva\/wp-content\/uploads\/2018\/12\/amandalandim-festa-de-15-anos-debutante-aniversario-vestidos-sobmedida-exclusivos-dourado-marsala-BYIVANABEAUMONDPARIS-24-e1546025682533.jpg\" alt=\"amandalandim-festa-de-15-anos-debutante-aniversario-vestidos-sobmedida-exclusivos-dourado-marsala-BYIVANABEAUMONDPARIS (24)\" width=\"794\" height=\"603\" \/><\/p>\n<p>&nbsp;<\/p>\n<p>&nbsp;<\/p>\n<p>&nbsp;<\/p>\n<p>&nbsp;<\/p>\n<h3>6. Muitos tons de Dourado<\/h3>\n<p>&nbsp;<\/p>\n<p>&nbsp;<\/p>\n<p>&nbsp;<\/p>\n<p>&nbsp;<\/p>\n<h4 style=\"text-align: justify;\"><span style=\"color: #999999;\">Uma cor que remete \u00e0 realeza, o dourado foi a op\u00e7\u00e3o mais escolhida pelas debutantes, especialmente para o vestido da valsa. Esse ano, vimos essa cor em seus mais variados tons \u2013 como, por exemplo, em tons mais puxados para o amarelo nas festas com tema A bela e A Fera, e tamb\u00e9m em tons mais claros como nudes.<\/span><\/h4>\n<p>&nbsp;<\/p>\n<p>&nbsp;<\/p>\n<p>&nbsp;<\/p>\n<p>&nbsp;<\/p>\n<p>&nbsp;<\/p>\n<p><img decoding=\"async\" loading=\"lazy\" class=\"aligncenter size-full wp-image-16861\" src=\"http:\/\/www.ivanabeaumond.com.br\/vestidos-noiva\/wp-content\/uploads\/2018\/12\/debutante-15-anos-manuella-quesada-vestido-ivana-beaumond-81-e1546026439630.jpg\" alt=\"debutante-15-anos-manuella-quesada-vestido-ivana-beaumond (8)\" width=\"794\" height=\"529\" \/><\/p>\n<p><img decoding=\"async\" loading=\"lazy\" class=\"aligncenter size-full wp-image-16186\" src=\"http:\/\/www.ivanabeaumond.com.br\/vestidos-noiva\/wp-content\/uploads\/2018\/10\/ivana-beaumond-atelier-paris-festa-15-anos-manuela-de-moura-zurique-6-e1546026681573.jpg\" alt=\"ivana-beaumond-atelier-paris-festa-15-anos-manuela-de-moura-zurique (6)\" width=\"794\" height=\"487\" \/><\/p>\n<p><img decoding=\"async\" loading=\"lazy\" class=\"aligncenter size-full wp-image-16535\" src=\"http:\/\/www.ivanabeaumond.com.br\/vestidos-noiva\/wp-content\/uploads\/2018\/11\/nahaiany-ribeiro-15-anos-vestido-ivana-beaumond-21-e1546026805908.jpg\" alt=\"nahaiany-ribeiro-15-anos-vestido-ivana-beaumond (21)\" width=\"794\" height=\"529\" \/><\/p>\n<p><a href=\"http:\/\/www.ivanabeaumond.com.br\/vestidos-noiva\/wp-content\/uploads\/2018\/12\/Tallita-Vestido-de-debutante-festa-de-15anos-aniversariante-vestidos-rj-BlogIvanaBeaumond-201.jpg\">\u00a0<\/a><\/p>\n<p>&nbsp;<\/p>\n<p>&nbsp;<\/p>\n<p>&nbsp;<\/p>\n<p>&nbsp;<\/p>\n<h4><span style=\"color: #999999;\">E a\u00ed? Curtiu a nossa retrospectiva? Conta pra gente nos coment\u00e1rios quais itens da lista voc\u00ea acha que j\u00e1 eram e os que ainda est\u00e3o em alta pra 2019. Feliz 2019!<\/span><\/h4>\n<h4><span style=\"color: #999999;\">\u00a0<\/span><\/h4>\n<h4><span style=\"color: #999999;\">\u00a0<\/span><\/h4>\n<p>&nbsp;<\/p>\n<h4><span style=\"color: #000000;\">Fotos:\u00a0<\/span><\/h4>\n<h4><span style=\"color: #000000;\">Chris Machado Fotografia.<\/span><\/h4>\n<h4><span style=\"color: #000000;\">Lidiane Gomes.<\/span><\/h4>\n<h4><span style=\"color: #000000;\">Studio Leo Serpa.<\/span><\/h4>\n<h4><span style=\"color: #000000;\">Leandro Lima.<\/span><\/h4>\n<h4><span style=\"color: #000000;\">Zoom Emotion Filmes.<\/span><\/h4>\n<h4><span style=\"color: #000000;\">Bruno Felipe Fotografia.<\/span><\/h4>\n<h4><span style=\"color: #000000;\">Robson Freire.<\/span><\/h4>\n<h4><span style=\"color: #000000;\">Rodrigo Curty.<\/span><\/h4>\n<h4><span style=\"color: #000000;\">Diogo Dubem.<\/span><\/h4>\n<h4><span style=\"color: #000000;\">\u00a0<\/span><\/h4>\n<p>&nbsp;<\/p>\n<p>&nbsp;<\/p>\n<h4><span style=\"color: #000000;\">\u00a0<\/span><\/h4>\n<h4><span style=\"color: #000000;\">\u00a0<\/span><\/h4>\n<h4><span style=\"color: #000000;\">\u00a0<\/span><\/h4>\n<h4 style=\"text-align: justify;\"><span style=\"color: #999999;\">Gostou? Siga nosso instagram\u00a0<a style=\"color: #999999;\" href=\"https:\/\/www.instagram.com\/ivanaparisdebutantes\" target=\"_blank\"><span style=\"color: #000000;\">@ivanaparisdebutantes<\/span>\u00a0<\/a>e curta nossa fanpage\u00a0<span style=\"color: #000000;\"><a style=\"color: #000000;\" href=\"https:\/\/www.facebook.com\/IvanaBeaumondDebutantes\/\" target=\"_blank\">Ivana Beaumond<\/a>\u00a0<\/span>para ficar por dentro de tudo o que rola no mundo das\u00a0debutantes e conhecer nossos Melhores Modelos de Vestidos de\u00a0Debutates Nacionais, Importados e Sob Medida.<\/span><\/h4>\n","protected":false},"excerpt":{"rendered":"<p>Chegamos ao fim de dezembro e parece 2018 passou bem&#8230;<\/p>\n","protected":false},"author":4,"featured_media":16845,"comment_status":"closed","ping_status":"closed","sticky":false,"template":"","format":"standard","meta":[],"categories":[60,129],"tags":[172,219,354,538,220,133,540,444,544,545,160,518,226,229,517,228,405,543,100,162,366,541,410,286,542,136,537,539,445,149,143],"yoast_head":"<!-- This site is optimized with the Yoast SEO plugin v20.3 - https:\/\/yoast.com\/wordpress\/plugins\/seo\/ -->\n<title>Retrospectiva 2018: o que bombou esse ano! - Vestido de Noiva RJ<\/title>\n<meta name=\"robots\" content=\"index, follow, max-snippet:-1, max-image-preview:large, max-video-preview:-1\" \/>\n<link rel=\"canonical\" href=\"https:\/\/www.ivanabeaumond.com.br\/vestidos-noiva\/retrospectiva-2018-o-que-bombou-esse-ano\/\" \/>\n<meta property=\"og:locale\" content=\"pt_BR\" \/>\n<meta property=\"og:type\" content=\"article\" \/>\n<meta property=\"og:title\" content=\"Retrospectiva 2018: o que bombou esse ano! - Vestido de Noiva RJ\" \/>\n<meta property=\"og:description\" content=\"Chegamos ao fim de dezembro e parece 2018 passou bem...\" \/>\n<meta property=\"og:url\" content=\"https:\/\/www.ivanabeaumond.com.br\/vestidos-noiva\/retrospectiva-2018-o-que-bombou-esse-ano\/\" \/>\n<meta property=\"og:site_name\" content=\"Vestido de Noiva RJ\" \/>\n<meta property=\"article:publisher\" content=\"https:\/\/www.facebook.com\/ivana.beaumondnoivas\" \/>\n<meta property=\"article:published_time\" content=\"2018-12-29T19:45:39+00:00\" \/>\n<meta property=\"article:modified_time\" content=\"2019-01-05T16:29:13+00:00\" \/>\n<meta property=\"og:image\" content=\"https:\/\/www.ivanabeaumond.com.br\/vestidos-noiva\/wp-content\/uploads\/2018\/12\/maria-clara-vestido-de-debutante-ivana-beaumond-paris-4.jpg\" \/>\n\t<meta property=\"og:image:width\" content=\"750\" \/>\n\t<meta property=\"og:image:height\" content=\"498\" \/>\n\t<meta property=\"og:image:type\" content=\"image\/jpeg\" \/>\n<meta name=\"author\" content=\"Ivana Beaumond Paris\" \/>\n<meta name=\"twitter:card\" content=\"summary_large_image\" \/>\n<meta name=\"twitter:label1\" content=\"Escrito por\" \/>\n\t<meta name=\"twitter:data1\" content=\"Ivana Beaumond Paris\" \/>\n\t<meta name=\"twitter:label2\" content=\"Est. tempo de leitura\" \/>\n\t<meta name=\"twitter:data2\" content=\"3 minutos\" \/>\n<script type=\"application\/ld+json\" class=\"yoast-schema-graph\">{\"@context\":\"https:\/\/schema.org\",\"@graph\":[{\"@type\":\"Article\",\"@id\":\"https:\/\/www.ivanabeaumond.com.br\/vestidos-noiva\/retrospectiva-2018-o-que-bombou-esse-ano\/#article\",\"isPartOf\":{\"@id\":\"https:\/\/www.ivanabeaumond.com.br\/vestidos-noiva\/retrospectiva-2018-o-que-bombou-esse-ano\/\"},\"author\":{\"name\":\"Ivana Beaumond Paris\",\"@id\":\"https:\/\/www.ivanabeaumond.com.br\/vestidos-noiva\/#\/schema\/person\/1a360c4cffa3b806d29a456389dcff26\"},\"headline\":\"Retrospectiva 2018: o que bombou esse ano!\",\"datePublished\":\"2018-12-29T19:45:39+00:00\",\"dateModified\":\"2019-01-05T16:29:13+00:00\",\"mainEntityOfPage\":{\"@id\":\"https:\/\/www.ivanabeaumond.com.br\/vestidos-noiva\/retrospectiva-2018-o-que-bombou-esse-ano\/\"},\"wordCount\":525,\"publisher\":{\"@id\":\"https:\/\/www.ivanabeaumond.com.br\/vestidos-noiva\/#organization\"},\"keywords\":[\"15 anos\",\"15anos\",\"15anosfesta\",\"2018\",\"anivers\u00e1riode15anos\",\"atelierivanabeaumond\",\"blog de 15 anos\",\"blog de casamento\",\"Bruno felipe fotografia\",\"chris machado fotografia\",\"daminhas\",\"debut\",\"debutando\",\"debutante\",\"debutante linda\",\"debutanteriodejaneiro\",\"debuteen\",\"dpa\",\"festa\",\"festas\",\"Florence Beaumond\",\"Flores\",\"inesquec\u00edvel 15 anos\",\"ivana beaumond\",\"let\u00edcia pedro\",\"moda festa\",\"Retrospectiva\",\"retrospectiva 2018\",\"vestido\",\"vestido de 15 anos\",\"vestido de debutante\"],\"articleSection\":[\"Blog\",\"Espa\u00e7o Debutantes\"],\"inLanguage\":\"pt-BR\"},{\"@type\":\"WebPage\",\"@id\":\"https:\/\/www.ivanabeaumond.com.br\/vestidos-noiva\/retrospectiva-2018-o-que-bombou-esse-ano\/\",\"url\":\"https:\/\/www.ivanabeaumond.com.br\/vestidos-noiva\/retrospectiva-2018-o-que-bombou-esse-ano\/\",\"name\":\"Retrospectiva 2018: o que bombou esse ano! - Vestido de Noiva RJ\",\"isPartOf\":{\"@id\":\"https:\/\/www.ivanabeaumond.com.br\/vestidos-noiva\/#website\"},\"datePublished\":\"2018-12-29T19:45:39+00:00\",\"dateModified\":\"2019-01-05T16:29:13+00:00\",\"breadcrumb\":{\"@id\":\"https:\/\/www.ivanabeaumond.com.br\/vestidos-noiva\/retrospectiva-2018-o-que-bombou-esse-ano\/#breadcrumb\"},\"inLanguage\":\"pt-BR\",\"potentialAction\":[{\"@type\":\"ReadAction\",\"target\":[\"https:\/\/www.ivanabeaumond.com.br\/vestidos-noiva\/retrospectiva-2018-o-que-bombou-esse-ano\/\"]}]},{\"@type\":\"BreadcrumbList\",\"@id\":\"https:\/\/www.ivanabeaumond.com.br\/vestidos-noiva\/retrospectiva-2018-o-que-bombou-esse-ano\/#breadcrumb\",\"itemListElement\":[{\"@type\":\"ListItem\",\"position\":1,\"name\":\"In\u00edcio\",\"item\":\"https:\/\/www.ivanabeaumond.com.br\/vestidos-noiva\/\"},{\"@type\":\"ListItem\",\"position\":2,\"name\":\"Retrospectiva 2018: o que bombou esse ano!\"}]},{\"@type\":\"WebSite\",\"@id\":\"https:\/\/www.ivanabeaumond.com.br\/vestidos-noiva\/#website\",\"url\":\"https:\/\/www.ivanabeaumond.com.br\/vestidos-noiva\/\",\"name\":\"Vestido de Noiva RJ\",\"description\":\"Moda Noiva\",\"publisher\":{\"@id\":\"https:\/\/www.ivanabeaumond.com.br\/vestidos-noiva\/#organization\"},\"potentialAction\":[{\"@type\":\"SearchAction\",\"target\":{\"@type\":\"EntryPoint\",\"urlTemplate\":\"https:\/\/www.ivanabeaumond.com.br\/vestidos-noiva\/?s={search_term_string}\"},\"query-input\":\"required name=search_term_string\"}],\"inLanguage\":\"pt-BR\"},{\"@type\":\"Organization\",\"@id\":\"https:\/\/www.ivanabeaumond.com.br\/vestidos-noiva\/#organization\",\"name\":\"Vestido de Noiva RJ\",\"url\":\"https:\/\/www.ivanabeaumond.com.br\/vestidos-noiva\/\",\"logo\":{\"@type\":\"ImageObject\",\"inLanguage\":\"pt-BR\",\"@id\":\"https:\/\/www.ivanabeaumond.com.br\/vestidos-noiva\/#\/schema\/logo\/image\/\",\"url\":\"https:\/\/www.ivanabeaumond.com.br\/vestidos-noiva\/wp-content\/uploads\/2018\/02\/logo_ivana_beaumond-2.png\",\"contentUrl\":\"https:\/\/www.ivanabeaumond.com.br\/vestidos-noiva\/wp-content\/uploads\/2018\/02\/logo_ivana_beaumond-2.png\",\"width\":230,\"height\":112,\"caption\":\"Vestido de Noiva RJ\"},\"image\":{\"@id\":\"https:\/\/www.ivanabeaumond.com.br\/vestidos-noiva\/#\/schema\/logo\/image\/\"},\"sameAs\":[\"https:\/\/www.facebook.com\/ivana.beaumondnoivas\",\"https:\/\/www.instagram.com\/ivanabeaumond\/\",\"https:\/\/www.tiktok.com\/@ivanabeaumond\"]},{\"@type\":\"Person\",\"@id\":\"https:\/\/www.ivanabeaumond.com.br\/vestidos-noiva\/#\/schema\/person\/1a360c4cffa3b806d29a456389dcff26\",\"name\":\"Ivana Beaumond Paris\",\"image\":{\"@type\":\"ImageObject\",\"inLanguage\":\"pt-BR\",\"@id\":\"https:\/\/www.ivanabeaumond.com.br\/vestidos-noiva\/#\/schema\/person\/image\/\",\"url\":\"https:\/\/secure.gravatar.com\/avatar\/641f98db20b53ec937ceb641db4270b9?s=96&d=mm&r=g\",\"contentUrl\":\"https:\/\/secure.gravatar.com\/avatar\/641f98db20b53ec937ceb641db4270b9?s=96&d=mm&r=g\",\"caption\":\"Ivana Beaumond Paris\"},\"url\":\"https:\/\/www.ivanabeaumond.com.br\/vestidos-noiva\/author\/ivana\/\"}]}<\/script>\n<!-- \/ Yoast SEO plugin. -->","yoast_head_json":{"title":"Retrospectiva 2018: o que bombou esse ano! - Vestido de Noiva RJ","robots":{"index":"index","follow":"follow","max-snippet":"max-snippet:-1","max-image-preview":"max-image-preview:large","max-video-preview":"max-video-preview:-1"},"canonical":"https:\/\/www.ivanabeaumond.com.br\/vestidos-noiva\/retrospectiva-2018-o-que-bombou-esse-ano\/","og_locale":"pt_BR","og_type":"article","og_title":"Retrospectiva 2018: o que bombou esse ano! - Vestido de Noiva RJ","og_description":"Chegamos ao fim de dezembro e parece 2018 passou bem...","og_url":"https:\/\/www.ivanabeaumond.com.br\/vestidos-noiva\/retrospectiva-2018-o-que-bombou-esse-ano\/","og_site_name":"Vestido de Noiva RJ","article_publisher":"https:\/\/www.facebook.com\/ivana.beaumondnoivas","article_published_time":"2018-12-29T19:45:39+00:00","article_modified_time":"2019-01-05T16:29:13+00:00","og_image":[{"width":750,"height":498,"url":"https:\/\/www.ivanabeaumond.com.br\/vestidos-noiva\/wp-content\/uploads\/2018\/12\/maria-clara-vestido-de-debutante-ivana-beaumond-paris-4.jpg","type":"image\/jpeg"}],"author":"Ivana Beaumond Paris","twitter_card":"summary_large_image","twitter_misc":{"Escrito por":"Ivana Beaumond Paris","Est. tempo de leitura":"3 minutos"},"schema":{"@context":"https:\/\/schema.org","@graph":[{"@type":"Article","@id":"https:\/\/www.ivanabeaumond.com.br\/vestidos-noiva\/retrospectiva-2018-o-que-bombou-esse-ano\/#article","isPartOf":{"@id":"https:\/\/www.ivanabeaumond.com.br\/vestidos-noiva\/retrospectiva-2018-o-que-bombou-esse-ano\/"},"author":{"name":"Ivana Beaumond Paris","@id":"https:\/\/www.ivanabeaumond.com.br\/vestidos-noiva\/#\/schema\/person\/1a360c4cffa3b806d29a456389dcff26"},"headline":"Retrospectiva 2018: o que bombou esse ano!","datePublished":"2018-12-29T19:45:39+00:00","dateModified":"2019-01-05T16:29:13+00:00","mainEntityOfPage":{"@id":"https:\/\/www.ivanabeaumond.com.br\/vestidos-noiva\/retrospectiva-2018-o-que-bombou-esse-ano\/"},"wordCount":525,"publisher":{"@id":"https:\/\/www.ivanabeaumond.com.br\/vestidos-noiva\/#organization"},"keywords":["15 anos","15anos","15anosfesta","2018","anivers\u00e1riode15anos","atelierivanabeaumond","blog de 15 anos","blog de casamento","Bruno felipe fotografia","chris machado fotografia","daminhas","debut","debutando","debutante","debutante linda","debutanteriodejaneiro","debuteen","dpa","festa","festas","Florence Beaumond","Flores","inesquec\u00edvel 15 anos","ivana beaumond","let\u00edcia pedro","moda festa","Retrospectiva","retrospectiva 2018","vestido","vestido de 15 anos","vestido de debutante"],"articleSection":["Blog","Espa\u00e7o Debutantes"],"inLanguage":"pt-BR"},{"@type":"WebPage","@id":"https:\/\/www.ivanabeaumond.com.br\/vestidos-noiva\/retrospectiva-2018-o-que-bombou-esse-ano\/","url":"https:\/\/www.ivanabeaumond.com.br\/vestidos-noiva\/retrospectiva-2018-o-que-bombou-esse-ano\/","name":"Retrospectiva 2018: o que bombou esse ano! - Vestido de Noiva RJ","isPartOf":{"@id":"https:\/\/www.ivanabeaumond.com.br\/vestidos-noiva\/#website"},"datePublished":"2018-12-29T19:45:39+00:00","dateModified":"2019-01-05T16:29:13+00:00","breadcrumb":{"@id":"https:\/\/www.ivanabeaumond.com.br\/vestidos-noiva\/retrospectiva-2018-o-que-bombou-esse-ano\/#breadcrumb"},"inLanguage":"pt-BR","potentialAction":[{"@type":"ReadAction","target":["https:\/\/www.ivanabeaumond.com.br\/vestidos-noiva\/retrospectiva-2018-o-que-bombou-esse-ano\/"]}]},{"@type":"BreadcrumbList","@id":"https:\/\/www.ivanabeaumond.com.br\/vestidos-noiva\/retrospectiva-2018-o-que-bombou-esse-ano\/#breadcrumb","itemListElement":[{"@type":"ListItem","position":1,"name":"In\u00edcio","item":"https:\/\/www.ivanabeaumond.com.br\/vestidos-noiva\/"},{"@type":"ListItem","position":2,"name":"Retrospectiva 2018: o que bombou esse ano!"}]},{"@type":"WebSite","@id":"https:\/\/www.ivanabeaumond.com.br\/vestidos-noiva\/#website","url":"https:\/\/www.ivanabeaumond.com.br\/vestidos-noiva\/","name":"Vestido de Noiva RJ","description":"Moda Noiva","publisher":{"@id":"https:\/\/www.ivanabeaumond.com.br\/vestidos-noiva\/#organization"},"potentialAction":[{"@type":"SearchAction","target":{"@type":"EntryPoint","urlTemplate":"https:\/\/www.ivanabeaumond.com.br\/vestidos-noiva\/?s={search_term_string}"},"query-input":"required name=search_term_string"}],"inLanguage":"pt-BR"},{"@type":"Organization","@id":"https:\/\/www.ivanabeaumond.com.br\/vestidos-noiva\/#organization","name":"Vestido de Noiva RJ","url":"https:\/\/www.ivanabeaumond.com.br\/vestidos-noiva\/","logo":{"@type":"ImageObject","inLanguage":"pt-BR","@id":"https:\/\/www.ivanabeaumond.com.br\/vestidos-noiva\/#\/schema\/logo\/image\/","url":"https:\/\/www.ivanabeaumond.com.br\/vestidos-noiva\/wp-content\/uploads\/2018\/02\/logo_ivana_beaumond-2.png","contentUrl":"https:\/\/www.ivanabeaumond.com.br\/vestidos-noiva\/wp-content\/uploads\/2018\/02\/logo_ivana_beaumond-2.png","width":230,"height":112,"caption":"Vestido de Noiva RJ"},"image":{"@id":"https:\/\/www.ivanabeaumond.com.br\/vestidos-noiva\/#\/schema\/logo\/image\/"},"sameAs":["https:\/\/www.facebook.com\/ivana.beaumondnoivas","https:\/\/www.instagram.com\/ivanabeaumond\/","https:\/\/www.tiktok.com\/@ivanabeaumond"]},{"@type":"Person","@id":"https:\/\/www.ivanabeaumond.com.br\/vestidos-noiva\/#\/schema\/person\/1a360c4cffa3b806d29a456389dcff26","name":"Ivana Beaumond Paris","image":{"@type":"ImageObject","inLanguage":"pt-BR","@id":"https:\/\/www.ivanabeaumond.com.br\/vestidos-noiva\/#\/schema\/person\/image\/","url":"https:\/\/secure.gravatar.com\/avatar\/641f98db20b53ec937ceb641db4270b9?s=96&d=mm&r=g","contentUrl":"https:\/\/secure.gravatar.com\/avatar\/641f98db20b53ec937ceb641db4270b9?s=96&d=mm&r=g","caption":"Ivana Beaumond Paris"},"url":"https:\/\/www.ivanabeaumond.com.br\/vestidos-noiva\/author\/ivana\/"}]}},"_links":{"self":[{"href":"https:\/\/www.ivanabeaumond.com.br\/vestidos-noiva\/wp-json\/wp\/v2\/posts\/16772"}],"collection":[{"href":"https:\/\/www.ivanabeaumond.com.br\/vestidos-noiva\/wp-json\/wp\/v2\/posts"}],"about":[{"href":"https:\/\/www.ivanabeaumond.com.br\/vestidos-noiva\/wp-json\/wp\/v2\/types\/post"}],"author":[{"embeddable":true,"href":"https:\/\/www.ivanabeaumond.com.br\/vestidos-noiva\/wp-json\/wp\/v2\/users\/4"}],"replies":[{"embeddable":true,"href":"https:\/\/www.ivanabeaumond.com.br\/vestidos-noiva\/wp-json\/wp\/v2\/comments?post=16772"}],"version-history":[{"count":31,"href":"https:\/\/www.ivanabeaumond.com.br\/vestidos-noiva\/wp-json\/wp\/v2\/posts\/16772\/revisions"}],"predecessor-version":[{"id":16907,"href":"https:\/\/www.ivanabeaumond.com.br\/vestidos-noiva\/wp-json\/wp\/v2\/posts\/16772\/revisions\/16907"}],"wp:featuredmedia":[{"embeddable":true,"href":"https:\/\/www.ivanabeaumond.com.br\/vestidos-noiva\/wp-json\/wp\/v2\/media\/16845"}],"wp:attachment":[{"href":"https:\/\/www.ivanabeaumond.com.br\/vestidos-noiva\/wp-json\/wp\/v2\/media?parent=16772"}],"wp:term":[{"taxonomy":"category","embeddable":true,"href":"https:\/\/www.ivanabeaumond.com.br\/vestidos-noiva\/wp-json\/wp\/v2\/categories?post=16772"},{"taxonomy":"post_tag","embeddable":true,"href":"https:\/\/www.ivanabeaumond.com.br\/vestidos-noiva\/wp-json\/wp\/v2\/tags?post=16772"}],"curies":[{"name":"wp","href":"https:\/\/api.w.org\/{rel}","templated":true}]}}