{"id":16792,"date":"2018-12-21T18:19:42","date_gmt":"2018-12-21T20:19:42","guid":{"rendered":"http:\/\/www.ivanabeaumond.com.br\/vestidos-noiva\/?p=16792"},"modified":"2020-08-10T16:57:48","modified_gmt":"2020-08-10T19:57:48","slug":"felizes-para-sempre-com-giu-e-dan","status":"publish","type":"post","link":"https:\/\/www.ivanabeaumond.com.br\/vestidos-noiva\/felizes-para-sempre-com-giu-e-dan\/","title":{"rendered":"Casamento Boho Chic, com Giu e Dan"},"content":{"rendered":"\n<h4 class=\"wp-block-heading\"><span style=\"color: #999999;\">O casamento da Giulianna e do Dan aconteceu nos belos jardins do Vale dos Sonhos, e foi tocante em todos os seus momentos. Al\u00e9m do matrim\u00f4nio, os noivos aproveitaram para fazer uma homenagem aos 25 anos de casado dos pais dela com uma renova\u00e7\u00e3o de votos surpresa.<\/span><\/h4>\n\n\n\n<div style=\"height:45px\" aria-hidden=\"true\" class=\"wp-block-spacer\"><\/div>\n\n\n\n<div class=\"wp-block-image\"><figure class=\"aligncenter\"><a href=\"http:\/\/www.ivanabeaumond.com.br\/vestidos-noiva\/wp-content\/uploads\/2018\/12\/casamento-giulianna-e-dan-vestido-de-noiva-ivana-beaumond-paris-blog-45.jpg\"><img decoding=\"async\" loading=\"lazy\" width=\"1024\" height=\"683\" src=\"http:\/\/www.ivanabeaumond.com.br\/vestidos-noiva\/wp-content\/uploads\/2018\/12\/casamento-giulianna-e-dan-vestido-de-noiva-ivana-beaumond-paris-blog-45-1024x683.jpg\" alt=\"casamento-giulianna-e-dan-vestido-de-noiva-ivana-beaumond-paris-blog (45)\" class=\"wp-image-16794\" srcset=\"https:\/\/www.ivanabeaumond.com.br\/vestidos-noiva\/wp-content\/uploads\/2018\/12\/casamento-giulianna-e-dan-vestido-de-noiva-ivana-beaumond-paris-blog-45-1024x683.jpg 1024w, https:\/\/www.ivanabeaumond.com.br\/vestidos-noiva\/wp-content\/uploads\/2018\/12\/casamento-giulianna-e-dan-vestido-de-noiva-ivana-beaumond-paris-blog-45-300x200.jpg 300w, https:\/\/www.ivanabeaumond.com.br\/vestidos-noiva\/wp-content\/uploads\/2018\/12\/casamento-giulianna-e-dan-vestido-de-noiva-ivana-beaumond-paris-blog-45-480x320.jpg 480w\" sizes=\"(max-width: 1024px) 100vw, 1024px\" \/><\/a><\/figure><\/div>\n\n\n\n<div style=\"height:43px\" aria-hidden=\"true\" class=\"wp-block-spacer\"><\/div>\n\n\n\n<h4 class=\"wp-block-heading\"><span style=\"color: #999999;\">Nossa noiva Giulianna queria um vestido leve, que combinasse com o estilo campestre da cerim\u00f4nia. O modelo escolhido, portanto, foi um off-white, que \u00e9 uma cor que funciona muito bem na luz do dia.<\/span><\/h4>\n\n\n\n<div style=\"height:42px\" aria-hidden=\"true\" class=\"wp-block-spacer\"><\/div>\n\n\n\n<div class=\"wp-block-image\"><figure class=\"aligncenter\"><img decoding=\"async\" loading=\"lazy\" width=\"1024\" height=\"683\" src=\"http:\/\/www.ivanabeaumond.com.br\/vestidos-noiva\/wp-content\/uploads\/2018\/12\/casamento-giulianna-e-dan-vestido-de-noiva-ivana-beaumond-paris-blog-7-1024x683.jpg\" alt=\"casamento-giulianna-e-dan-vestido-de-noiva-ivana-beaumond-paris-blog (7)\" class=\"wp-image-16795\" srcset=\"https:\/\/www.ivanabeaumond.com.br\/vestidos-noiva\/wp-content\/uploads\/2018\/12\/casamento-giulianna-e-dan-vestido-de-noiva-ivana-beaumond-paris-blog-7-1024x683.jpg 1024w, https:\/\/www.ivanabeaumond.com.br\/vestidos-noiva\/wp-content\/uploads\/2018\/12\/casamento-giulianna-e-dan-vestido-de-noiva-ivana-beaumond-paris-blog-7-300x200.jpg 300w, https:\/\/www.ivanabeaumond.com.br\/vestidos-noiva\/wp-content\/uploads\/2018\/12\/casamento-giulianna-e-dan-vestido-de-noiva-ivana-beaumond-paris-blog-7-480x320.jpg 480w\" sizes=\"(max-width: 1024px) 100vw, 1024px\" \/><\/figure><\/div>\n\n\n\n<div class=\"wp-block-image\"><figure class=\"aligncenter\"><a href=\"http:\/\/www.ivanabeaumond.com.br\/vestidos-noiva\/wp-content\/uploads\/2018\/12\/casamento-giulianna-e-dan-vestido-de-noiva-ivana-beaumond-paris-blog-12.jpg\"><img decoding=\"async\" loading=\"lazy\" width=\"1024\" height=\"683\" src=\"http:\/\/www.ivanabeaumond.com.br\/vestidos-noiva\/wp-content\/uploads\/2018\/12\/casamento-giulianna-e-dan-vestido-de-noiva-ivana-beaumond-paris-blog-12-1024x683.jpg\" alt=\"casamento-giulianna-e-dan-vestido-de-noiva-ivana-beaumond-paris-blog (12)\" class=\"wp-image-16797\" srcset=\"https:\/\/www.ivanabeaumond.com.br\/vestidos-noiva\/wp-content\/uploads\/2018\/12\/casamento-giulianna-e-dan-vestido-de-noiva-ivana-beaumond-paris-blog-12-1024x683.jpg 1024w, https:\/\/www.ivanabeaumond.com.br\/vestidos-noiva\/wp-content\/uploads\/2018\/12\/casamento-giulianna-e-dan-vestido-de-noiva-ivana-beaumond-paris-blog-12-300x200.jpg 300w, https:\/\/www.ivanabeaumond.com.br\/vestidos-noiva\/wp-content\/uploads\/2018\/12\/casamento-giulianna-e-dan-vestido-de-noiva-ivana-beaumond-paris-blog-12-480x320.jpg 480w\" sizes=\"(max-width: 1024px) 100vw, 1024px\" \/><\/a><\/figure><\/div>\n\n\n\n<div style=\"height:51px\" aria-hidden=\"true\" class=\"wp-block-spacer\"><\/div>\n\n\n\n<h4 class=\"wp-block-heading\"><span style=\"color: #999999;\">O corte evas\u00ea deu \u00e0 saia um volume sem exageros, que trouxe uma dramaticidade sem pesar o look. J\u00e1 as mangas foram feitas ombro a ombro de renda fina e sobrepostas a um corpete com decote profundo, deixando a Giu confort\u00e1vel sem mostrar demais.<\/span><\/h4>\n\n\n\n<div style=\"height:42px\" aria-hidden=\"true\" class=\"wp-block-spacer\"><\/div>\n\n\n\n<div class=\"wp-block-image\"><figure class=\"aligncenter\"><img decoding=\"async\" loading=\"lazy\" width=\"1024\" height=\"683\" src=\"http:\/\/www.ivanabeaumond.com.br\/vestidos-noiva\/wp-content\/uploads\/2018\/12\/casamento-giulianna-e-dan-vestido-de-noiva-ivana-beaumond-paris-blog-8-1024x683.jpg\" alt=\"casamento-giulianna-e-dan-vestido-de-noiva-ivana-beaumond-paris-blog (8)\" class=\"wp-image-16800\" srcset=\"https:\/\/www.ivanabeaumond.com.br\/vestidos-noiva\/wp-content\/uploads\/2018\/12\/casamento-giulianna-e-dan-vestido-de-noiva-ivana-beaumond-paris-blog-8-1024x683.jpg 1024w, https:\/\/www.ivanabeaumond.com.br\/vestidos-noiva\/wp-content\/uploads\/2018\/12\/casamento-giulianna-e-dan-vestido-de-noiva-ivana-beaumond-paris-blog-8-300x200.jpg 300w, https:\/\/www.ivanabeaumond.com.br\/vestidos-noiva\/wp-content\/uploads\/2018\/12\/casamento-giulianna-e-dan-vestido-de-noiva-ivana-beaumond-paris-blog-8-480x320.jpg 480w\" sizes=\"(max-width: 1024px) 100vw, 1024px\" \/><\/figure><\/div>\n\n\n\n<div class=\"wp-block-image\"><figure class=\"aligncenter\"><img decoding=\"async\" loading=\"lazy\" width=\"1024\" height=\"683\" src=\"http:\/\/www.ivanabeaumond.com.br\/vestidos-noiva\/wp-content\/uploads\/2018\/12\/casamento-giulianna-e-dan-vestido-de-noiva-ivana-beaumond-paris-blog-9-1024x683.jpg\" alt=\"casamento-giulianna-e-dan-vestido-de-noiva-ivana-beaumond-paris-blog (9)\" class=\"wp-image-16801\" srcset=\"https:\/\/www.ivanabeaumond.com.br\/vestidos-noiva\/wp-content\/uploads\/2018\/12\/casamento-giulianna-e-dan-vestido-de-noiva-ivana-beaumond-paris-blog-9-1024x683.jpg 1024w, https:\/\/www.ivanabeaumond.com.br\/vestidos-noiva\/wp-content\/uploads\/2018\/12\/casamento-giulianna-e-dan-vestido-de-noiva-ivana-beaumond-paris-blog-9-300x200.jpg 300w, https:\/\/www.ivanabeaumond.com.br\/vestidos-noiva\/wp-content\/uploads\/2018\/12\/casamento-giulianna-e-dan-vestido-de-noiva-ivana-beaumond-paris-blog-9-480x320.jpg 480w\" sizes=\"(max-width: 1024px) 100vw, 1024px\" \/><\/figure><\/div>\n\n\n\n<div class=\"wp-block-image\"><figure class=\"aligncenter\"><img decoding=\"async\" loading=\"lazy\" width=\"1024\" height=\"683\" src=\"http:\/\/www.ivanabeaumond.com.br\/vestidos-noiva\/wp-content\/uploads\/2018\/12\/casamento-giulianna-e-dan-vestido-de-noiva-ivana-beaumond-paris-blog-13-1024x683.jpg\" alt=\"casamento-giulianna-e-dan-vestido-de-noiva-ivana-beaumond-paris-blog (13)\" class=\"wp-image-16802\" srcset=\"https:\/\/www.ivanabeaumond.com.br\/vestidos-noiva\/wp-content\/uploads\/2018\/12\/casamento-giulianna-e-dan-vestido-de-noiva-ivana-beaumond-paris-blog-13-1024x683.jpg 1024w, https:\/\/www.ivanabeaumond.com.br\/vestidos-noiva\/wp-content\/uploads\/2018\/12\/casamento-giulianna-e-dan-vestido-de-noiva-ivana-beaumond-paris-blog-13-300x200.jpg 300w, https:\/\/www.ivanabeaumond.com.br\/vestidos-noiva\/wp-content\/uploads\/2018\/12\/casamento-giulianna-e-dan-vestido-de-noiva-ivana-beaumond-paris-blog-13-480x320.jpg 480w\" sizes=\"(max-width: 1024px) 100vw, 1024px\" \/><\/figure><\/div>\n\n\n\n<div style=\"height:40px\" aria-hidden=\"true\" class=\"wp-block-spacer\"><\/div>\n\n\n\n<h4 class=\"wp-block-heading\"><span style=\"color: #999999;\">Gostar\u00edamos de agradecer com muito carinho \u00e0 Giulianna e dizer que nos apaixonamos com a sua personalidade doce e amamos trasnform\u00e1-la em noiva. Nossos parab\u00e9ns aos rec\u00e9m-casados Giu e Dan, e que o caminho de voc\u00eas seja trilhado com muita luz e repleto de momentos felizes.<\/span><\/h4>\n\n\n\n<div style=\"height:36px\" aria-hidden=\"true\" class=\"wp-block-spacer\"><\/div>\n\n\n\n<h4 class=\"wp-block-heading\"><span style=\"color: #999999;\">Confira todas as fotos do casamento da Giu e do Dan, por Victor Mattos:<\/span><\/h4>\n\n\n\n<div style=\"height:46px\" aria-hidden=\"true\" class=\"wp-block-spacer\"><\/div>\n\n\n\n<style id=\"bwg-style-0\">    #bwg_container1_0 #bwg_container2_0 .bwg-container-0.bwg-standard-thumbnails {      width: 904px;              justify-content: center;        margin:0 auto !important;              background-color: rgba(255, 255, 255, 0.00);            padding-left: 4px;      padding-top: 4px;      max-width: 100%;            }        #bwg_container1_0 #bwg_container2_0 .bwg-container-0.bwg-standard-thumbnails .bwg-item {    justify-content: flex-start;      max-width: 180px;            width: 180px !important;          }    #bwg_container1_0 #bwg_container2_0 .bwg-container-0.bwg-standard-thumbnails .bwg-item a {       margin-right: 4px;       margin-bottom: 4px;    }    #bwg_container1_0 #bwg_container2_0 .bwg-container-0.bwg-standard-thumbnails .bwg-item0 {      padding: 0px;            background-color:rgba(255,255,255, 0.30);      border: 0px none #CCCCCC;      opacity: 1.00;      border-radius: 0;      box-shadow: 0px 0px 0px #888888;    }    #bwg_container1_0 #bwg_container2_0 .bwg-container-0.bwg-standard-thumbnails .bwg-item1 img {      max-height: none;      max-width: none;      padding: 0 !important;    }        @media only screen and (min-width: 480px) {      #bwg_container1_0 #bwg_container2_0 .bwg-container-0.bwg-standard-thumbnails .bwg-item0 {        transition: all 0.3s ease 0s;-webkit-transition: all 0.3s ease 0s;      }      #bwg_container1_0 #bwg_container2_0 .bwg-container-0.bwg-standard-thumbnails .bwg-item0:hover {        -ms-transform: scale(1.1);        -webkit-transform: scale(1.1);        transform: scale(1.1);      }    }          #bwg_container1_0 #bwg_container2_0 .bwg-container-0.bwg-standard-thumbnails .bwg-item1 {      padding-top: 50%;    }        #bwg_container1_0 #bwg_container2_0 .bwg-container-0.bwg-standard-thumbnails .bwg-title2,    #bwg_container1_0 #bwg_container2_0 .bwg-container-0.bwg-standard-thumbnails .bwg-ecommerce2 {      color: #CCCCCC;      font-family: segoe ui;      font-size: 16px;      font-weight: bold;      padding: 2px;      text-shadow: 0px 0px 0px #888888;      max-height: 100%;    }    #bwg_container1_0 #bwg_container2_0 .bwg-container-0.bwg-standard-thumbnails .bwg-thumb-description span {    color: #323A45;    font-family: Ubuntu;    font-size: 12px;    max-height: 100%;    word-wrap: break-word;    }    #bwg_container1_0 #bwg_container2_0 .bwg-container-0.bwg-standard-thumbnails .bwg-play-icon2 {      font-size: 32px;    }    #bwg_container1_0 #bwg_container2_0 .bwg-container-0.bwg-standard-thumbnails .bwg-ecommerce2 {      font-size: 19.2px;      color: #CCCCCC;    }    <\/style>    <div id=\"bwg_container1_0\"         class=\"bwg_container bwg_thumbnail bwg_thumbnails \"         data-right-click-protection=\"0\"         data-bwg=\"0\"         data-scroll=\"0\"         data-gallery-type=\"thumbnails\"         data-gallery-view-type=\"thumbnails\"         data-current-url=\"\/vestidos-noiva\/wp-json\/wp\/v2\/posts\/16792\"         data-lightbox-url=\"https:\/\/www.ivanabeaumond.com.br\/vestidos-noiva\/wp-admin\/admin-ajax.php?action=GalleryBox&#038;current_view=0&#038;gallery_id=88&#038;tag=0&#038;theme_id=1&#038;shortcode_id=174&#038;sort_by=order&#038;order_by=asc&#038;current_url=%2Fvestidos-noiva%2Fwp-json%2Fwp%2Fv2%2Fposts%2F16792\"         data-gallery-id=\"88\"         data-popup-width=\"600\"         data-popup-height=\"600\"         data-is-album=\"gallery\"         data-buttons-position=\"bottom\">      <div id=\"bwg_container2_0\">             <div id=\"ajax_loading_0\" class=\"bwg_loading_div_1\">      <div class=\"bwg_loading_div_2\">        <div class=\"bwg_loading_div_3\">          <div id=\"loading_div_0\" class=\"bwg_spider_ajax_loading\">          <\/div>        <\/div>      <\/div>    <\/div>            <form id=\"gal_front_form_0\"              class=\"bwg-hidden\"              method=\"post\"              action=\"#\"              data-current=\"0\"              data-shortcode-id=\"174\"              data-gallery-type=\"thumbnails\"              data-gallery-id=\"88\"              data-tag=\"0\"              data-album-id=\"0\"              data-theme-id=\"1\"              data-ajax-url=\"https:\/\/www.ivanabeaumond.com.br\/vestidos-noiva\/wp-admin\/admin-ajax.php?action=bwg_frontend_data\">          <div id=\"bwg_container3_0\" class=\"bwg-background bwg-background-0\">                <div data-max-count=\"5\"         data-thumbnail-width=\"180\"         data-bwg=\"0\"         data-gallery-id=\"88\"         data-lightbox-url=\"https:\/\/www.ivanabeaumond.com.br\/vestidos-noiva\/wp-admin\/admin-ajax.php?action=GalleryBox&amp;current_view=0&amp;gallery_id=88&amp;tag=0&amp;theme_id=1&amp;shortcode_id=174&amp;sort_by=order&amp;order_by=asc&amp;current_url=%2Fvestidos-noiva%2Fwp-json%2Fwp%2Fv2%2Fposts%2F16792\"         id=\"bwg_thumbnails_0\"         class=\"bwg-container-0 bwg-thumbnails bwg-standard-thumbnails bwg-container bwg-border-box\">            <div class=\"bwg-item\">        <a class=\"bwg-a  bwg_lightbox\"  data-image-id=\"2102\" href=\"https:\/\/www.ivanabeaumond.com.br\/vestidos-noiva\/wp-content\/uploads\/photo-gallery\/casamento-giulianna-e-dan-vestido-de-noiva-ivana-beaumond-paris-blog%20(2).jpg\" data-elementor-open-lightbox=\"no\">                <div class=\"bwg-item0 \">          <div class=\"bwg-item1 \">            <div class=\"bwg-item2\">              <img class=\"skip-lazy bwg_standart_thumb_img_0 \"                   data-id=\"2102\"                   data-width=\"\"                   data-height=\"\"                   data-src=\"https:\/\/www.ivanabeaumond.com.br\/vestidos-noiva\/wp-content\/uploads\/photo-gallery\/thumb\/casamento-giulianna-e-dan-vestido-de-noiva-ivana-beaumond-paris-blog%20(2).jpg\"                   src=\"https:\/\/www.ivanabeaumond.com.br\/vestidos-noiva\/wp-content\/uploads\/photo-gallery\/thumb\/casamento-giulianna-e-dan-vestido-de-noiva-ivana-beaumond-paris-blog%20(2).jpg\"                   alt=\"casamento-giulianna-e-dan-vestido-de-noiva-ivana-beaumond-paris-blog (2)\"                   title=\"casamento-giulianna-e-dan-vestido-de-noiva-ivana-beaumond-paris-blog (2)\" \/>            <\/div>            <div class=\"\">                                                      <\/div>          <\/div>        <\/div>                        <\/a>              <\/div>            <div class=\"bwg-item\">        <a class=\"bwg-a  bwg_lightbox\"  data-image-id=\"2101\" href=\"https:\/\/www.ivanabeaumond.com.br\/vestidos-noiva\/wp-content\/uploads\/photo-gallery\/casamento-giulianna-e-dan-vestido-de-noiva-ivana-beaumond-paris-blog%20(1).jpg\" data-elementor-open-lightbox=\"no\">                <div class=\"bwg-item0 \">          <div class=\"bwg-item1 \">            <div class=\"bwg-item2\">              <img class=\"skip-lazy bwg_standart_thumb_img_0 \"                   data-id=\"2101\"                   data-width=\"\"                   data-height=\"\"                   data-src=\"https:\/\/www.ivanabeaumond.com.br\/vestidos-noiva\/wp-content\/uploads\/photo-gallery\/thumb\/casamento-giulianna-e-dan-vestido-de-noiva-ivana-beaumond-paris-blog%20(1).jpg\"                   src=\"https:\/\/www.ivanabeaumond.com.br\/vestidos-noiva\/wp-content\/uploads\/photo-gallery\/thumb\/casamento-giulianna-e-dan-vestido-de-noiva-ivana-beaumond-paris-blog%20(1).jpg\"                   alt=\"casamento-giulianna-e-dan-vestido-de-noiva-ivana-beaumond-paris-blog (1)\"                   title=\"casamento-giulianna-e-dan-vestido-de-noiva-ivana-beaumond-paris-blog (1)\" \/>            <\/div>            <div class=\"\">                                                      <\/div>          <\/div>        <\/div>                        <\/a>              <\/div>            <div class=\"bwg-item\">        <a class=\"bwg-a  bwg_lightbox\"  data-image-id=\"2110\" href=\"https:\/\/www.ivanabeaumond.com.br\/vestidos-noiva\/wp-content\/uploads\/photo-gallery\/casamento-giulianna-e-dan-vestido-de-noiva-ivana-beaumond-paris-blog%20(10).jpg\" data-elementor-open-lightbox=\"no\">                <div class=\"bwg-item0 \">          <div class=\"bwg-item1 \">            <div class=\"bwg-item2\">              <img class=\"skip-lazy bwg_standart_thumb_img_0 \"                   data-id=\"2110\"                   data-width=\"\"                   data-height=\"\"                   data-src=\"https:\/\/www.ivanabeaumond.com.br\/vestidos-noiva\/wp-content\/uploads\/photo-gallery\/thumb\/casamento-giulianna-e-dan-vestido-de-noiva-ivana-beaumond-paris-blog%20(10).jpg\"                   src=\"https:\/\/www.ivanabeaumond.com.br\/vestidos-noiva\/wp-content\/uploads\/photo-gallery\/thumb\/casamento-giulianna-e-dan-vestido-de-noiva-ivana-beaumond-paris-blog%20(10).jpg\"                   alt=\"casamento-giulianna-e-dan-vestido-de-noiva-ivana-beaumond-paris-blog (10)\"                   title=\"casamento-giulianna-e-dan-vestido-de-noiva-ivana-beaumond-paris-blog (10)\" \/>            <\/div>            <div class=\"\">                                                      <\/div>          <\/div>        <\/div>                        <\/a>              <\/div>            <div class=\"bwg-item\">        <a class=\"bwg-a  bwg_lightbox\"  data-image-id=\"2111\" href=\"https:\/\/www.ivanabeaumond.com.br\/vestidos-noiva\/wp-content\/uploads\/photo-gallery\/casamento-giulianna-e-dan-vestido-de-noiva-ivana-beaumond-paris-blog%20(11).jpg\" data-elementor-open-lightbox=\"no\">                <div class=\"bwg-item0 \">          <div class=\"bwg-item1 \">            <div class=\"bwg-item2\">              <img class=\"skip-lazy bwg_standart_thumb_img_0 \"                   data-id=\"2111\"                   data-width=\"\"                   data-height=\"\"                   data-src=\"https:\/\/www.ivanabeaumond.com.br\/vestidos-noiva\/wp-content\/uploads\/photo-gallery\/thumb\/casamento-giulianna-e-dan-vestido-de-noiva-ivana-beaumond-paris-blog%20(11).jpg\"                   src=\"https:\/\/www.ivanabeaumond.com.br\/vestidos-noiva\/wp-content\/uploads\/photo-gallery\/thumb\/casamento-giulianna-e-dan-vestido-de-noiva-ivana-beaumond-paris-blog%20(11).jpg\"                   alt=\"casamento-giulianna-e-dan-vestido-de-noiva-ivana-beaumond-paris-blog (11)\"                   title=\"casamento-giulianna-e-dan-vestido-de-noiva-ivana-beaumond-paris-blog (11)\" \/>            <\/div>            <div class=\"\">                                                      <\/div>          <\/div>        <\/div>                        <\/a>              <\/div>            <div class=\"bwg-item\">        <a class=\"bwg-a  bwg_lightbox\"  data-image-id=\"2112\" href=\"https:\/\/www.ivanabeaumond.com.br\/vestidos-noiva\/wp-content\/uploads\/photo-gallery\/casamento-giulianna-e-dan-vestido-de-noiva-ivana-beaumond-paris-blog%20(12).jpg\" data-elementor-open-lightbox=\"no\">                <div class=\"bwg-item0 \">          <div class=\"bwg-item1 \">            <div class=\"bwg-item2\">              <img class=\"skip-lazy bwg_standart_thumb_img_0 \"                   data-id=\"2112\"                   data-width=\"\"                   data-height=\"\"                   data-src=\"https:\/\/www.ivanabeaumond.com.br\/vestidos-noiva\/wp-content\/uploads\/photo-gallery\/thumb\/casamento-giulianna-e-dan-vestido-de-noiva-ivana-beaumond-paris-blog%20(12).jpg\"                   src=\"https:\/\/www.ivanabeaumond.com.br\/vestidos-noiva\/wp-content\/uploads\/photo-gallery\/thumb\/casamento-giulianna-e-dan-vestido-de-noiva-ivana-beaumond-paris-blog%20(12).jpg\"                   alt=\"casamento-giulianna-e-dan-vestido-de-noiva-ivana-beaumond-paris-blog (12)\"                   title=\"casamento-giulianna-e-dan-vestido-de-noiva-ivana-beaumond-paris-blog (12)\" \/>            <\/div>            <div class=\"\">                                                      <\/div>          <\/div>        <\/div>                        <\/a>              <\/div>            <div class=\"bwg-item\">        <a class=\"bwg-a  bwg_lightbox\"  data-image-id=\"2115\" href=\"https:\/\/www.ivanabeaumond.com.br\/vestidos-noiva\/wp-content\/uploads\/photo-gallery\/casamento-giulianna-e-dan-vestido-de-noiva-ivana-beaumond-paris-blog%20(15).jpg\" data-elementor-open-lightbox=\"no\">                <div class=\"bwg-item0 \">          <div class=\"bwg-item1 \">            <div class=\"bwg-item2\">              <img class=\"skip-lazy bwg_standart_thumb_img_0 \"                   data-id=\"2115\"                   data-width=\"\"                   data-height=\"\"                   data-src=\"https:\/\/www.ivanabeaumond.com.br\/vestidos-noiva\/wp-content\/uploads\/photo-gallery\/thumb\/casamento-giulianna-e-dan-vestido-de-noiva-ivana-beaumond-paris-blog%20(15).jpg\"                   src=\"https:\/\/www.ivanabeaumond.com.br\/vestidos-noiva\/wp-content\/uploads\/photo-gallery\/thumb\/casamento-giulianna-e-dan-vestido-de-noiva-ivana-beaumond-paris-blog%20(15).jpg\"                   alt=\"casamento-giulianna-e-dan-vestido-de-noiva-ivana-beaumond-paris-blog (15)\"                   title=\"casamento-giulianna-e-dan-vestido-de-noiva-ivana-beaumond-paris-blog (15)\" \/>            <\/div>            <div class=\"\">                                                      <\/div>          <\/div>        <\/div>                        <\/a>              <\/div>            <div class=\"bwg-item\">        <a class=\"bwg-a  bwg_lightbox\"  data-image-id=\"2114\" href=\"https:\/\/www.ivanabeaumond.com.br\/vestidos-noiva\/wp-content\/uploads\/photo-gallery\/casamento-giulianna-e-dan-vestido-de-noiva-ivana-beaumond-paris-blog%20(14).jpg\" data-elementor-open-lightbox=\"no\">                <div class=\"bwg-item0 \">          <div class=\"bwg-item1 \">            <div class=\"bwg-item2\">              <img class=\"skip-lazy bwg_standart_thumb_img_0 \"                   data-id=\"2114\"                   data-width=\"\"                   data-height=\"\"                   data-src=\"https:\/\/www.ivanabeaumond.com.br\/vestidos-noiva\/wp-content\/uploads\/photo-gallery\/thumb\/casamento-giulianna-e-dan-vestido-de-noiva-ivana-beaumond-paris-blog%20(14).jpg\"                   src=\"https:\/\/www.ivanabeaumond.com.br\/vestidos-noiva\/wp-content\/uploads\/photo-gallery\/thumb\/casamento-giulianna-e-dan-vestido-de-noiva-ivana-beaumond-paris-blog%20(14).jpg\"                   alt=\"casamento-giulianna-e-dan-vestido-de-noiva-ivana-beaumond-paris-blog (14)\"                   title=\"casamento-giulianna-e-dan-vestido-de-noiva-ivana-beaumond-paris-blog (14)\" \/>            <\/div>            <div class=\"\">                                                      <\/div>          <\/div>        <\/div>                        <\/a>              <\/div>            <div class=\"bwg-item\">        <a class=\"bwg-a  bwg_lightbox\"  data-image-id=\"2113\" href=\"https:\/\/www.ivanabeaumond.com.br\/vestidos-noiva\/wp-content\/uploads\/photo-gallery\/casamento-giulianna-e-dan-vestido-de-noiva-ivana-beaumond-paris-blog%20(13).jpg\" data-elementor-open-lightbox=\"no\">                <div class=\"bwg-item0 \">          <div class=\"bwg-item1 \">            <div class=\"bwg-item2\">              <img class=\"skip-lazy bwg_standart_thumb_img_0 \"                   data-id=\"2113\"                   data-width=\"\"                   data-height=\"\"                   data-src=\"https:\/\/www.ivanabeaumond.com.br\/vestidos-noiva\/wp-content\/uploads\/photo-gallery\/thumb\/casamento-giulianna-e-dan-vestido-de-noiva-ivana-beaumond-paris-blog%20(13).jpg\"                   src=\"https:\/\/www.ivanabeaumond.com.br\/vestidos-noiva\/wp-content\/uploads\/photo-gallery\/thumb\/casamento-giulianna-e-dan-vestido-de-noiva-ivana-beaumond-paris-blog%20(13).jpg\"                   alt=\"casamento-giulianna-e-dan-vestido-de-noiva-ivana-beaumond-paris-blog (13)\"                   title=\"casamento-giulianna-e-dan-vestido-de-noiva-ivana-beaumond-paris-blog (13)\" \/>            <\/div>            <div class=\"\">                                                      <\/div>          <\/div>        <\/div>                        <\/a>              <\/div>            <div class=\"bwg-item\">        <a class=\"bwg-a  bwg_lightbox\"  data-image-id=\"2116\" href=\"https:\/\/www.ivanabeaumond.com.br\/vestidos-noiva\/wp-content\/uploads\/photo-gallery\/casamento-giulianna-e-dan-vestido-de-noiva-ivana-beaumond-paris-blog%20(16).jpg\" data-elementor-open-lightbox=\"no\">                <div class=\"bwg-item0 \">          <div class=\"bwg-item1 \">            <div class=\"bwg-item2\">              <img class=\"skip-lazy bwg_standart_thumb_img_0 \"                   data-id=\"2116\"                   data-width=\"\"                   data-height=\"\"                   data-src=\"https:\/\/www.ivanabeaumond.com.br\/vestidos-noiva\/wp-content\/uploads\/photo-gallery\/thumb\/casamento-giulianna-e-dan-vestido-de-noiva-ivana-beaumond-paris-blog%20(16).jpg\"                   src=\"https:\/\/www.ivanabeaumond.com.br\/vestidos-noiva\/wp-content\/uploads\/photo-gallery\/thumb\/casamento-giulianna-e-dan-vestido-de-noiva-ivana-beaumond-paris-blog%20(16).jpg\"                   alt=\"casamento-giulianna-e-dan-vestido-de-noiva-ivana-beaumond-paris-blog (16)\"                   title=\"casamento-giulianna-e-dan-vestido-de-noiva-ivana-beaumond-paris-blog (16)\" \/>            <\/div>            <div class=\"\">                                                      <\/div>          <\/div>        <\/div>                        <\/a>              <\/div>            <div class=\"bwg-item\">        <a class=\"bwg-a  bwg_lightbox\"  data-image-id=\"2118\" href=\"https:\/\/www.ivanabeaumond.com.br\/vestidos-noiva\/wp-content\/uploads\/photo-gallery\/casamento-giulianna-e-dan-vestido-de-noiva-ivana-beaumond-paris-blog%20(18).jpg\" data-elementor-open-lightbox=\"no\">                <div class=\"bwg-item0 \">          <div class=\"bwg-item1 \">            <div class=\"bwg-item2\">              <img class=\"skip-lazy bwg_standart_thumb_img_0 \"                   data-id=\"2118\"                   data-width=\"\"                   data-height=\"\"                   data-src=\"https:\/\/www.ivanabeaumond.com.br\/vestidos-noiva\/wp-content\/uploads\/photo-gallery\/thumb\/casamento-giulianna-e-dan-vestido-de-noiva-ivana-beaumond-paris-blog%20(18).jpg\"                   src=\"https:\/\/www.ivanabeaumond.com.br\/vestidos-noiva\/wp-content\/uploads\/photo-gallery\/thumb\/casamento-giulianna-e-dan-vestido-de-noiva-ivana-beaumond-paris-blog%20(18).jpg\"                   alt=\"casamento-giulianna-e-dan-vestido-de-noiva-ivana-beaumond-paris-blog (18)\"                   title=\"casamento-giulianna-e-dan-vestido-de-noiva-ivana-beaumond-paris-blog (18)\" \/>            <\/div>            <div class=\"\">                                                      <\/div>          <\/div>        <\/div>                        <\/a>              <\/div>            <div class=\"bwg-item\">        <a class=\"bwg-a  bwg_lightbox\"  data-image-id=\"2119\" href=\"https:\/\/www.ivanabeaumond.com.br\/vestidos-noiva\/wp-content\/uploads\/photo-gallery\/casamento-giulianna-e-dan-vestido-de-noiva-ivana-beaumond-paris-blog%20(19).jpg\" data-elementor-open-lightbox=\"no\">                <div class=\"bwg-item0 \">          <div class=\"bwg-item1 \">            <div class=\"bwg-item2\">              <img class=\"skip-lazy bwg_standart_thumb_img_0 \"                   data-id=\"2119\"                   data-width=\"\"                   data-height=\"\"                   data-src=\"https:\/\/www.ivanabeaumond.com.br\/vestidos-noiva\/wp-content\/uploads\/photo-gallery\/thumb\/casamento-giulianna-e-dan-vestido-de-noiva-ivana-beaumond-paris-blog%20(19).jpg\"                   src=\"https:\/\/www.ivanabeaumond.com.br\/vestidos-noiva\/wp-content\/uploads\/photo-gallery\/thumb\/casamento-giulianna-e-dan-vestido-de-noiva-ivana-beaumond-paris-blog%20(19).jpg\"                   alt=\"casamento-giulianna-e-dan-vestido-de-noiva-ivana-beaumond-paris-blog (19)\"                   title=\"casamento-giulianna-e-dan-vestido-de-noiva-ivana-beaumond-paris-blog (19)\" \/>            <\/div>            <div class=\"\">                                                      <\/div>          <\/div>        <\/div>                        <\/a>              <\/div>            <div class=\"bwg-item\">        <a class=\"bwg-a  bwg_lightbox\"  data-image-id=\"2151\" href=\"https:\/\/www.ivanabeaumond.com.br\/vestidos-noiva\/wp-content\/uploads\/photo-gallery\/casamento-giulianna-e-dan-vestido-de-noiva-ivana-beaumond-paris-blog%20(27).jpg\" data-elementor-open-lightbox=\"no\">                <div class=\"bwg-item0 \">          <div class=\"bwg-item1 \">            <div class=\"bwg-item2\">              <img class=\"skip-lazy bwg_standart_thumb_img_0 \"                   data-id=\"2151\"                   data-width=\"\"                   data-height=\"\"                   data-src=\"https:\/\/www.ivanabeaumond.com.br\/vestidos-noiva\/wp-content\/uploads\/photo-gallery\/thumb\/casamento-giulianna-e-dan-vestido-de-noiva-ivana-beaumond-paris-blog%20(27).jpg\"                   src=\"https:\/\/www.ivanabeaumond.com.br\/vestidos-noiva\/wp-content\/uploads\/photo-gallery\/thumb\/casamento-giulianna-e-dan-vestido-de-noiva-ivana-beaumond-paris-blog%20(27).jpg\"                   alt=\"casamento-giulianna-e-dan-vestido-de-noiva-ivana-beaumond-paris-blog (27)\"                   title=\"casamento-giulianna-e-dan-vestido-de-noiva-ivana-beaumond-paris-blog (27)\" \/>            <\/div>            <div class=\"\">                                                      <\/div>          <\/div>        <\/div>                        <\/a>              <\/div>            <div class=\"bwg-item\">        <a class=\"bwg-a  bwg_lightbox\"  data-image-id=\"2156\" href=\"https:\/\/www.ivanabeaumond.com.br\/vestidos-noiva\/wp-content\/uploads\/photo-gallery\/casamento-giulianna-e-dan-vestido-de-noiva-ivana-beaumond-paris-blog%20(32).jpg\" data-elementor-open-lightbox=\"no\">                <div class=\"bwg-item0 \">          <div class=\"bwg-item1 \">            <div class=\"bwg-item2\">              <img class=\"skip-lazy bwg_standart_thumb_img_0 \"                   data-id=\"2156\"                   data-width=\"\"                   data-height=\"\"                   data-src=\"https:\/\/www.ivanabeaumond.com.br\/vestidos-noiva\/wp-content\/uploads\/photo-gallery\/thumb\/casamento-giulianna-e-dan-vestido-de-noiva-ivana-beaumond-paris-blog%20(32).jpg\"                   src=\"https:\/\/www.ivanabeaumond.com.br\/vestidos-noiva\/wp-content\/uploads\/photo-gallery\/thumb\/casamento-giulianna-e-dan-vestido-de-noiva-ivana-beaumond-paris-blog%20(32).jpg\"                   alt=\"casamento-giulianna-e-dan-vestido-de-noiva-ivana-beaumond-paris-blog (32)\"                   title=\"casamento-giulianna-e-dan-vestido-de-noiva-ivana-beaumond-paris-blog (32)\" \/>            <\/div>            <div class=\"\">                                                      <\/div>          <\/div>        <\/div>                        <\/a>              <\/div>            <div class=\"bwg-item\">        <a class=\"bwg-a  bwg_lightbox\"  data-image-id=\"2120\" href=\"https:\/\/www.ivanabeaumond.com.br\/vestidos-noiva\/wp-content\/uploads\/photo-gallery\/casamento-giulianna-e-dan-vestido-de-noiva-ivana-beaumond-paris-blog%20(20).jpg\" data-elementor-open-lightbox=\"no\">                <div class=\"bwg-item0 \">          <div class=\"bwg-item1 \">            <div class=\"bwg-item2\">              <img class=\"skip-lazy bwg_standart_thumb_img_0 \"                   data-id=\"2120\"                   data-width=\"\"                   data-height=\"\"                   data-src=\"https:\/\/www.ivanabeaumond.com.br\/vestidos-noiva\/wp-content\/uploads\/photo-gallery\/thumb\/casamento-giulianna-e-dan-vestido-de-noiva-ivana-beaumond-paris-blog%20(20).jpg\"                   src=\"https:\/\/www.ivanabeaumond.com.br\/vestidos-noiva\/wp-content\/uploads\/photo-gallery\/thumb\/casamento-giulianna-e-dan-vestido-de-noiva-ivana-beaumond-paris-blog%20(20).jpg\"                   alt=\"casamento-giulianna-e-dan-vestido-de-noiva-ivana-beaumond-paris-blog (20)\"                   title=\"casamento-giulianna-e-dan-vestido-de-noiva-ivana-beaumond-paris-blog (20)\" \/>            <\/div>            <div class=\"\">                                                      <\/div>          <\/div>        <\/div>                        <\/a>              <\/div>            <div class=\"bwg-item\">        <a class=\"bwg-a  bwg_lightbox\"  data-image-id=\"2121\" href=\"https:\/\/www.ivanabeaumond.com.br\/vestidos-noiva\/wp-content\/uploads\/photo-gallery\/casamento-giulianna-e-dan-vestido-de-noiva-ivana-beaumond-paris-blog%20(21).jpg\" data-elementor-open-lightbox=\"no\">                <div class=\"bwg-item0 \">          <div class=\"bwg-item1 \">            <div class=\"bwg-item2\">              <img class=\"skip-lazy bwg_standart_thumb_img_0 \"                   data-id=\"2121\"                   data-width=\"\"                   data-height=\"\"                   data-src=\"https:\/\/www.ivanabeaumond.com.br\/vestidos-noiva\/wp-content\/uploads\/photo-gallery\/thumb\/casamento-giulianna-e-dan-vestido-de-noiva-ivana-beaumond-paris-blog%20(21).jpg\"                   src=\"https:\/\/www.ivanabeaumond.com.br\/vestidos-noiva\/wp-content\/uploads\/photo-gallery\/thumb\/casamento-giulianna-e-dan-vestido-de-noiva-ivana-beaumond-paris-blog%20(21).jpg\"                   alt=\"casamento-giulianna-e-dan-vestido-de-noiva-ivana-beaumond-paris-blog (21)\"                   title=\"casamento-giulianna-e-dan-vestido-de-noiva-ivana-beaumond-paris-blog (21)\" \/>            <\/div>            <div class=\"\">                                                      <\/div>          <\/div>        <\/div>                        <\/a>              <\/div>            <div class=\"bwg-item\">        <a class=\"bwg-a  bwg_lightbox\"  data-image-id=\"2153\" href=\"https:\/\/www.ivanabeaumond.com.br\/vestidos-noiva\/wp-content\/uploads\/photo-gallery\/casamento-giulianna-e-dan-vestido-de-noiva-ivana-beaumond-paris-blog%20(29).jpg\" data-elementor-open-lightbox=\"no\">                <div class=\"bwg-item0 \">          <div class=\"bwg-item1 \">            <div class=\"bwg-item2\">              <img class=\"skip-lazy bwg_standart_thumb_img_0 \"                   data-id=\"2153\"                   data-width=\"\"                   data-height=\"\"                   data-src=\"https:\/\/www.ivanabeaumond.com.br\/vestidos-noiva\/wp-content\/uploads\/photo-gallery\/thumb\/casamento-giulianna-e-dan-vestido-de-noiva-ivana-beaumond-paris-blog%20(29).jpg\"                   src=\"https:\/\/www.ivanabeaumond.com.br\/vestidos-noiva\/wp-content\/uploads\/photo-gallery\/thumb\/casamento-giulianna-e-dan-vestido-de-noiva-ivana-beaumond-paris-blog%20(29).jpg\"                   alt=\"casamento-giulianna-e-dan-vestido-de-noiva-ivana-beaumond-paris-blog (29)\"                   title=\"casamento-giulianna-e-dan-vestido-de-noiva-ivana-beaumond-paris-blog (29)\" \/>            <\/div>            <div class=\"\">                                                      <\/div>          <\/div>        <\/div>                        <\/a>              <\/div>            <div class=\"bwg-item\">        <a class=\"bwg-a  bwg_lightbox\"  data-image-id=\"2154\" href=\"https:\/\/www.ivanabeaumond.com.br\/vestidos-noiva\/wp-content\/uploads\/photo-gallery\/casamento-giulianna-e-dan-vestido-de-noiva-ivana-beaumond-paris-blog%20(30).jpg\" data-elementor-open-lightbox=\"no\">                <div class=\"bwg-item0 \">          <div class=\"bwg-item1 \">            <div class=\"bwg-item2\">              <img class=\"skip-lazy bwg_standart_thumb_img_0 \"                   data-id=\"2154\"                   data-width=\"\"                   data-height=\"\"                   data-src=\"https:\/\/www.ivanabeaumond.com.br\/vestidos-noiva\/wp-content\/uploads\/photo-gallery\/thumb\/casamento-giulianna-e-dan-vestido-de-noiva-ivana-beaumond-paris-blog%20(30).jpg\"                   src=\"https:\/\/www.ivanabeaumond.com.br\/vestidos-noiva\/wp-content\/uploads\/photo-gallery\/thumb\/casamento-giulianna-e-dan-vestido-de-noiva-ivana-beaumond-paris-blog%20(30).jpg\"                   alt=\"casamento-giulianna-e-dan-vestido-de-noiva-ivana-beaumond-paris-blog (30)\"                   title=\"casamento-giulianna-e-dan-vestido-de-noiva-ivana-beaumond-paris-blog (30)\" \/>            <\/div>            <div class=\"\">                                                      <\/div>          <\/div>        <\/div>                        <\/a>              <\/div>            <div class=\"bwg-item\">        <a class=\"bwg-a  bwg_lightbox\"  data-image-id=\"2152\" href=\"https:\/\/www.ivanabeaumond.com.br\/vestidos-noiva\/wp-content\/uploads\/photo-gallery\/casamento-giulianna-e-dan-vestido-de-noiva-ivana-beaumond-paris-blog%20(28).jpg\" data-elementor-open-lightbox=\"no\">                <div class=\"bwg-item0 \">          <div class=\"bwg-item1 \">            <div class=\"bwg-item2\">              <img class=\"skip-lazy bwg_standart_thumb_img_0 \"                   data-id=\"2152\"                   data-width=\"\"                   data-height=\"\"                   data-src=\"https:\/\/www.ivanabeaumond.com.br\/vestidos-noiva\/wp-content\/uploads\/photo-gallery\/thumb\/casamento-giulianna-e-dan-vestido-de-noiva-ivana-beaumond-paris-blog%20(28).jpg\"                   src=\"https:\/\/www.ivanabeaumond.com.br\/vestidos-noiva\/wp-content\/uploads\/photo-gallery\/thumb\/casamento-giulianna-e-dan-vestido-de-noiva-ivana-beaumond-paris-blog%20(28).jpg\"                   alt=\"casamento-giulianna-e-dan-vestido-de-noiva-ivana-beaumond-paris-blog (28)\"                   title=\"casamento-giulianna-e-dan-vestido-de-noiva-ivana-beaumond-paris-blog (28)\" \/>            <\/div>            <div class=\"\">                                                      <\/div>          <\/div>        <\/div>                        <\/a>              <\/div>            <div class=\"bwg-item\">        <a class=\"bwg-a  bwg_lightbox\"  data-image-id=\"2157\" href=\"https:\/\/www.ivanabeaumond.com.br\/vestidos-noiva\/wp-content\/uploads\/photo-gallery\/casamento-giulianna-e-dan-vestido-de-noiva-ivana-beaumond-paris-blog%20(33).jpg\" data-elementor-open-lightbox=\"no\">                <div class=\"bwg-item0 \">          <div class=\"bwg-item1 \">            <div class=\"bwg-item2\">              <img class=\"skip-lazy bwg_standart_thumb_img_0 \"                   data-id=\"2157\"                   data-width=\"\"                   data-height=\"\"                   data-src=\"https:\/\/www.ivanabeaumond.com.br\/vestidos-noiva\/wp-content\/uploads\/photo-gallery\/thumb\/casamento-giulianna-e-dan-vestido-de-noiva-ivana-beaumond-paris-blog%20(33).jpg\"                   src=\"https:\/\/www.ivanabeaumond.com.br\/vestidos-noiva\/wp-content\/uploads\/photo-gallery\/thumb\/casamento-giulianna-e-dan-vestido-de-noiva-ivana-beaumond-paris-blog%20(33).jpg\"                   alt=\"casamento-giulianna-e-dan-vestido-de-noiva-ivana-beaumond-paris-blog (33)\"                   title=\"casamento-giulianna-e-dan-vestido-de-noiva-ivana-beaumond-paris-blog (33)\" \/>            <\/div>            <div class=\"\">                                                      <\/div>          <\/div>        <\/div>                        <\/a>              <\/div>            <div class=\"bwg-item\">        <a class=\"bwg-a  bwg_lightbox\"  data-image-id=\"2122\" href=\"https:\/\/www.ivanabeaumond.com.br\/vestidos-noiva\/wp-content\/uploads\/photo-gallery\/casamento-giulianna-e-dan-vestido-de-noiva-ivana-beaumond-paris-blog%20(22).jpg\" data-elementor-open-lightbox=\"no\">                <div class=\"bwg-item0 \">          <div class=\"bwg-item1 \">            <div class=\"bwg-item2\">              <img class=\"skip-lazy bwg_standart_thumb_img_0 \"                   data-id=\"2122\"                   data-width=\"\"                   data-height=\"\"                   data-src=\"https:\/\/www.ivanabeaumond.com.br\/vestidos-noiva\/wp-content\/uploads\/photo-gallery\/thumb\/casamento-giulianna-e-dan-vestido-de-noiva-ivana-beaumond-paris-blog%20(22).jpg\"                   src=\"https:\/\/www.ivanabeaumond.com.br\/vestidos-noiva\/wp-content\/uploads\/photo-gallery\/thumb\/casamento-giulianna-e-dan-vestido-de-noiva-ivana-beaumond-paris-blog%20(22).jpg\"                   alt=\"casamento-giulianna-e-dan-vestido-de-noiva-ivana-beaumond-paris-blog (22)\"                   title=\"casamento-giulianna-e-dan-vestido-de-noiva-ivana-beaumond-paris-blog (22)\" \/>            <\/div>            <div class=\"\">                                                      <\/div>          <\/div>        <\/div>                        <\/a>              <\/div>            <div class=\"bwg-item\">        <a class=\"bwg-a  bwg_lightbox\"  data-image-id=\"2123\" href=\"https:\/\/www.ivanabeaumond.com.br\/vestidos-noiva\/wp-content\/uploads\/photo-gallery\/casamento-giulianna-e-dan-vestido-de-noiva-ivana-beaumond-paris-blog%20(23).jpg\" data-elementor-open-lightbox=\"no\">                <div class=\"bwg-item0 \">          <div class=\"bwg-item1 \">            <div class=\"bwg-item2\">              <img class=\"skip-lazy bwg_standart_thumb_img_0 \"                   data-id=\"2123\"                   data-width=\"\"                   data-height=\"\"                   data-src=\"https:\/\/www.ivanabeaumond.com.br\/vestidos-noiva\/wp-content\/uploads\/photo-gallery\/thumb\/casamento-giulianna-e-dan-vestido-de-noiva-ivana-beaumond-paris-blog%20(23).jpg\"                   src=\"https:\/\/www.ivanabeaumond.com.br\/vestidos-noiva\/wp-content\/uploads\/photo-gallery\/thumb\/casamento-giulianna-e-dan-vestido-de-noiva-ivana-beaumond-paris-blog%20(23).jpg\"                   alt=\"casamento-giulianna-e-dan-vestido-de-noiva-ivana-beaumond-paris-blog (23)\"                   title=\"casamento-giulianna-e-dan-vestido-de-noiva-ivana-beaumond-paris-blog (23)\" \/>            <\/div>            <div class=\"\">                                                      <\/div>          <\/div>        <\/div>                        <\/a>              <\/div>            <div class=\"bwg-item\">        <a class=\"bwg-a  bwg_lightbox\"  data-image-id=\"2124\" href=\"https:\/\/www.ivanabeaumond.com.br\/vestidos-noiva\/wp-content\/uploads\/photo-gallery\/casamento-giulianna-e-dan-vestido-de-noiva-ivana-beaumond-paris-blog%20(24).jpg\" data-elementor-open-lightbox=\"no\">                <div class=\"bwg-item0 \">          <div class=\"bwg-item1 \">            <div class=\"bwg-item2\">              <img class=\"skip-lazy bwg_standart_thumb_img_0 \"                   data-id=\"2124\"                   data-width=\"\"                   data-height=\"\"                   data-src=\"https:\/\/www.ivanabeaumond.com.br\/vestidos-noiva\/wp-content\/uploads\/photo-gallery\/thumb\/casamento-giulianna-e-dan-vestido-de-noiva-ivana-beaumond-paris-blog%20(24).jpg\"                   src=\"https:\/\/www.ivanabeaumond.com.br\/vestidos-noiva\/wp-content\/uploads\/photo-gallery\/thumb\/casamento-giulianna-e-dan-vestido-de-noiva-ivana-beaumond-paris-blog%20(24).jpg\"                   alt=\"casamento-giulianna-e-dan-vestido-de-noiva-ivana-beaumond-paris-blog (24)\"                   title=\"casamento-giulianna-e-dan-vestido-de-noiva-ivana-beaumond-paris-blog (24)\" \/>            <\/div>            <div class=\"\">                                                      <\/div>          <\/div>        <\/div>                        <\/a>              <\/div>            <div class=\"bwg-item\">        <a class=\"bwg-a  bwg_lightbox\"  data-image-id=\"2125\" href=\"https:\/\/www.ivanabeaumond.com.br\/vestidos-noiva\/wp-content\/uploads\/photo-gallery\/casamento-giulianna-e-dan-vestido-de-noiva-ivana-beaumond-paris-blog%20(25).jpg\" data-elementor-open-lightbox=\"no\">                <div class=\"bwg-item0 \">          <div class=\"bwg-item1 \">            <div class=\"bwg-item2\">              <img class=\"skip-lazy bwg_standart_thumb_img_0 \"                   data-id=\"2125\"                   data-width=\"\"                   data-height=\"\"                   data-src=\"https:\/\/www.ivanabeaumond.com.br\/vestidos-noiva\/wp-content\/uploads\/photo-gallery\/thumb\/casamento-giulianna-e-dan-vestido-de-noiva-ivana-beaumond-paris-blog%20(25).jpg\"                   src=\"https:\/\/www.ivanabeaumond.com.br\/vestidos-noiva\/wp-content\/uploads\/photo-gallery\/thumb\/casamento-giulianna-e-dan-vestido-de-noiva-ivana-beaumond-paris-blog%20(25).jpg\"                   alt=\"casamento-giulianna-e-dan-vestido-de-noiva-ivana-beaumond-paris-blog (25)\"                   title=\"casamento-giulianna-e-dan-vestido-de-noiva-ivana-beaumond-paris-blog (25)\" \/>            <\/div>            <div class=\"\">                                                      <\/div>          <\/div>        <\/div>                        <\/a>              <\/div>            <div class=\"bwg-item\">        <a class=\"bwg-a  bwg_lightbox\"  data-image-id=\"2126\" href=\"https:\/\/www.ivanabeaumond.com.br\/vestidos-noiva\/wp-content\/uploads\/photo-gallery\/casamento-giulianna-e-dan-vestido-de-noiva-ivana-beaumond-paris-blog%20(26).jpg\" data-elementor-open-lightbox=\"no\">                <div class=\"bwg-item0 \">          <div class=\"bwg-item1 \">            <div class=\"bwg-item2\">              <img class=\"skip-lazy bwg_standart_thumb_img_0 \"                   data-id=\"2126\"                   data-width=\"\"                   data-height=\"\"                   data-src=\"https:\/\/www.ivanabeaumond.com.br\/vestidos-noiva\/wp-content\/uploads\/photo-gallery\/thumb\/casamento-giulianna-e-dan-vestido-de-noiva-ivana-beaumond-paris-blog%20(26).jpg\"                   src=\"https:\/\/www.ivanabeaumond.com.br\/vestidos-noiva\/wp-content\/uploads\/photo-gallery\/thumb\/casamento-giulianna-e-dan-vestido-de-noiva-ivana-beaumond-paris-blog%20(26).jpg\"                   alt=\"casamento-giulianna-e-dan-vestido-de-noiva-ivana-beaumond-paris-blog (26)\"                   title=\"casamento-giulianna-e-dan-vestido-de-noiva-ivana-beaumond-paris-blog (26)\" \/>            <\/div>            <div class=\"\">                                                      <\/div>          <\/div>        <\/div>                        <\/a>              <\/div>            <div class=\"bwg-item\">        <a class=\"bwg-a  bwg_lightbox\"  data-image-id=\"2127\" href=\"https:\/\/www.ivanabeaumond.com.br\/vestidos-noiva\/wp-content\/uploads\/photo-gallery\/casamento-giulianna-e-dan-vestido-de-noiva-ivana-beaumond-paris-blog%20(27).jpg\" data-elementor-open-lightbox=\"no\">                <div class=\"bwg-item0 \">          <div class=\"bwg-item1 \">            <div class=\"bwg-item2\">              <img class=\"skip-lazy bwg_standart_thumb_img_0 \"                   data-id=\"2127\"                   data-width=\"\"                   data-height=\"\"                   data-src=\"https:\/\/www.ivanabeaumond.com.br\/vestidos-noiva\/wp-content\/uploads\/photo-gallery\/thumb\/casamento-giulianna-e-dan-vestido-de-noiva-ivana-beaumond-paris-blog%20(27).jpg\"                   src=\"https:\/\/www.ivanabeaumond.com.br\/vestidos-noiva\/wp-content\/uploads\/photo-gallery\/thumb\/casamento-giulianna-e-dan-vestido-de-noiva-ivana-beaumond-paris-blog%20(27).jpg\"                   alt=\"casamento-giulianna-e-dan-vestido-de-noiva-ivana-beaumond-paris-blog (27)\"                   title=\"casamento-giulianna-e-dan-vestido-de-noiva-ivana-beaumond-paris-blog (27)\" \/>            <\/div>            <div class=\"\">                                                      <\/div>          <\/div>        <\/div>                        <\/a>              <\/div>            <div class=\"bwg-item\">        <a class=\"bwg-a  bwg_lightbox\"  data-image-id=\"2174\" href=\"https:\/\/www.ivanabeaumond.com.br\/vestidos-noiva\/wp-content\/uploads\/photo-gallery\/casamento-giulianna-e-dan-vestido-de-noiva-ivana-beaumond-paris-blog%20(56).jpg\" data-elementor-open-lightbox=\"no\">                <div class=\"bwg-item0 \">          <div class=\"bwg-item1 \">            <div class=\"bwg-item2\">              <img class=\"skip-lazy bwg_standart_thumb_img_0 \"                   data-id=\"2174\"                   data-width=\"\"                   data-height=\"\"                   data-src=\"https:\/\/www.ivanabeaumond.com.br\/vestidos-noiva\/wp-content\/uploads\/photo-gallery\/thumb\/casamento-giulianna-e-dan-vestido-de-noiva-ivana-beaumond-paris-blog%20(56).jpg\"                   src=\"https:\/\/www.ivanabeaumond.com.br\/vestidos-noiva\/wp-content\/uploads\/photo-gallery\/thumb\/casamento-giulianna-e-dan-vestido-de-noiva-ivana-beaumond-paris-blog%20(56).jpg\"                   alt=\"casamento-giulianna-e-dan-vestido-de-noiva-ivana-beaumond-paris-blog (56)\"                   title=\"casamento-giulianna-e-dan-vestido-de-noiva-ivana-beaumond-paris-blog (56)\" \/>            <\/div>            <div class=\"\">                                                      <\/div>          <\/div>        <\/div>                        <\/a>              <\/div>            <div class=\"bwg-item\">        <a class=\"bwg-a  bwg_lightbox\"  data-image-id=\"2173\" href=\"https:\/\/www.ivanabeaumond.com.br\/vestidos-noiva\/wp-content\/uploads\/photo-gallery\/casamento-giulianna-e-dan-vestido-de-noiva-ivana-beaumond-paris-blog%20(55).jpg\" data-elementor-open-lightbox=\"no\">                <div class=\"bwg-item0 \">          <div class=\"bwg-item1 \">            <div class=\"bwg-item2\">              <img class=\"skip-lazy bwg_standart_thumb_img_0 \"                   data-id=\"2173\"                   data-width=\"\"                   data-height=\"\"                   data-src=\"https:\/\/www.ivanabeaumond.com.br\/vestidos-noiva\/wp-content\/uploads\/photo-gallery\/thumb\/casamento-giulianna-e-dan-vestido-de-noiva-ivana-beaumond-paris-blog%20(55).jpg\"                   src=\"https:\/\/www.ivanabeaumond.com.br\/vestidos-noiva\/wp-content\/uploads\/photo-gallery\/thumb\/casamento-giulianna-e-dan-vestido-de-noiva-ivana-beaumond-paris-blog%20(55).jpg\"                   alt=\"casamento-giulianna-e-dan-vestido-de-noiva-ivana-beaumond-paris-blog (55)\"                   title=\"casamento-giulianna-e-dan-vestido-de-noiva-ivana-beaumond-paris-blog (55)\" \/>            <\/div>            <div class=\"\">                                                      <\/div>          <\/div>        <\/div>                        <\/a>              <\/div>            <div class=\"bwg-item\">        <a class=\"bwg-a  bwg_lightbox\"  data-image-id=\"2172\" href=\"https:\/\/www.ivanabeaumond.com.br\/vestidos-noiva\/wp-content\/uploads\/photo-gallery\/casamento-giulianna-e-dan-vestido-de-noiva-ivana-beaumond-paris-blog%20(54).jpg\" data-elementor-open-lightbox=\"no\">                <div class=\"bwg-item0 \">          <div class=\"bwg-item1 \">            <div class=\"bwg-item2\">              <img class=\"skip-lazy bwg_standart_thumb_img_0 \"                   data-id=\"2172\"                   data-width=\"\"                   data-height=\"\"                   data-src=\"https:\/\/www.ivanabeaumond.com.br\/vestidos-noiva\/wp-content\/uploads\/photo-gallery\/thumb\/casamento-giulianna-e-dan-vestido-de-noiva-ivana-beaumond-paris-blog%20(54).jpg\"                   src=\"https:\/\/www.ivanabeaumond.com.br\/vestidos-noiva\/wp-content\/uploads\/photo-gallery\/thumb\/casamento-giulianna-e-dan-vestido-de-noiva-ivana-beaumond-paris-blog%20(54).jpg\"                   alt=\"casamento-giulianna-e-dan-vestido-de-noiva-ivana-beaumond-paris-blog (54)\"                   title=\"casamento-giulianna-e-dan-vestido-de-noiva-ivana-beaumond-paris-blog (54)\" \/>            <\/div>            <div class=\"\">                                                      <\/div>          <\/div>        <\/div>                        <\/a>              <\/div>            <div class=\"bwg-item\">        <a class=\"bwg-a  bwg_lightbox\"  data-image-id=\"2171\" href=\"https:\/\/www.ivanabeaumond.com.br\/vestidos-noiva\/wp-content\/uploads\/photo-gallery\/casamento-giulianna-e-dan-vestido-de-noiva-ivana-beaumond-paris-blog%20(53).jpg\" data-elementor-open-lightbox=\"no\">                <div class=\"bwg-item0 \">          <div class=\"bwg-item1 \">            <div class=\"bwg-item2\">              <img class=\"skip-lazy bwg_standart_thumb_img_0 \"                   data-id=\"2171\"                   data-width=\"\"                   data-height=\"\"                   data-src=\"https:\/\/www.ivanabeaumond.com.br\/vestidos-noiva\/wp-content\/uploads\/photo-gallery\/thumb\/casamento-giulianna-e-dan-vestido-de-noiva-ivana-beaumond-paris-blog%20(53).jpg\"                   src=\"https:\/\/www.ivanabeaumond.com.br\/vestidos-noiva\/wp-content\/uploads\/photo-gallery\/thumb\/casamento-giulianna-e-dan-vestido-de-noiva-ivana-beaumond-paris-blog%20(53).jpg\"                   alt=\"casamento-giulianna-e-dan-vestido-de-noiva-ivana-beaumond-paris-blog (53)\"                   title=\"casamento-giulianna-e-dan-vestido-de-noiva-ivana-beaumond-paris-blog (53)\" \/>            <\/div>            <div class=\"\">                                                      <\/div>          <\/div>        <\/div>                        <\/a>              <\/div>            <div class=\"bwg-item\">        <a class=\"bwg-a  bwg_lightbox\"  data-image-id=\"2170\" href=\"https:\/\/www.ivanabeaumond.com.br\/vestidos-noiva\/wp-content\/uploads\/photo-gallery\/casamento-giulianna-e-dan-vestido-de-noiva-ivana-beaumond-paris-blog%20(52).jpg\" data-elementor-open-lightbox=\"no\">                <div class=\"bwg-item0 \">          <div class=\"bwg-item1 \">            <div class=\"bwg-item2\">              <img class=\"skip-lazy bwg_standart_thumb_img_0 \"                   data-id=\"2170\"                   data-width=\"\"                   data-height=\"\"                   data-src=\"https:\/\/www.ivanabeaumond.com.br\/vestidos-noiva\/wp-content\/uploads\/photo-gallery\/thumb\/casamento-giulianna-e-dan-vestido-de-noiva-ivana-beaumond-paris-blog%20(52).jpg\"                   src=\"https:\/\/www.ivanabeaumond.com.br\/vestidos-noiva\/wp-content\/uploads\/photo-gallery\/thumb\/casamento-giulianna-e-dan-vestido-de-noiva-ivana-beaumond-paris-blog%20(52).jpg\"                   alt=\"casamento-giulianna-e-dan-vestido-de-noiva-ivana-beaumond-paris-blog (52)\"                   title=\"casamento-giulianna-e-dan-vestido-de-noiva-ivana-beaumond-paris-blog (52)\" \/>            <\/div>            <div class=\"\">                                                      <\/div>          <\/div>        <\/div>                        <\/a>              <\/div>          <\/div>    <style>      \/*pagination styles*\/      #bwg_container1_0 #bwg_container2_0 .tablenav-pages_0 {\t\t\t\ttext-align: center;\t\t\t\tfont-size: 12px;\t\t\t\tfont-family: segoe ui;\t\t\t\tfont-weight: bold;\t\t\t\tcolor: #666666;\t\t\t\tmargin: 6px 0 4px;\t\t\t\tdisplay: block;      }      @media only screen and (max-width : 320px) {      #bwg_container1_0 #bwg_container2_0 .displaying-num_0 {     \t display: none;      }      }      #bwg_container1_0 #bwg_container2_0 .displaying-num_0 {\t\t\t\tfont-size: 12px;\t\t\t\tfont-family: segoe ui;\t\t\t\tfont-weight: bold;\t\t\t\tcolor: #666666;\t\t\t\tmargin-right: 10px;\t\t\t\tvertical-align: middle;      }      #bwg_container1_0 #bwg_container2_0 .paging-input_0 {\t\t\t\tfont-size: 12px;\t\t\t\tfont-family: segoe ui;\t\t\t\tfont-weight: bold;\t\t\t\tcolor: #666666;\t\t\t\tvertical-align: middle;      }      #bwg_container1_0 #bwg_container2_0 .tablenav-pages_0 a.disabled,      #bwg_container1_0 #bwg_container2_0 .tablenav-pages_0 a.disabled:hover,      #bwg_container1_0 #bwg_container2_0 .tablenav-pages_0 a.disabled:focus,\t\t\t#bwg_container1_0 #bwg_container2_0 .tablenav-pages_0 input.bwg_current_page {\t\t\t\tcursor: default;\t\t\t\tcolor: rgba(102, 102, 102, 0.5);      }      #bwg_container1_0 #bwg_container2_0 .tablenav-pages_0 a,      #bwg_container1_0 #bwg_container2_0 .tablenav-pages_0 input.bwg_current_page {\t\t\t\tcursor: pointer;\t\t\t\ttext-align: center;\t\t\t\tfont-size: 12px;\t\t\t\tfont-family: segoe ui;\t\t\t\tfont-weight: bold;\t\t\t\tcolor: #666666;\t\t\t\ttext-decoration: none;\t\t\t\tpadding: 3px 6px;\t\t\t\tmargin: 0;\t\t\t\tborder-radius: 0;\t\t\t\tborder-style: solid;\t\t\t\tborder-width: 1px;\t\t\t\tborder-color: #E3E3E3;\t\t\t\t\t\t\t\tbackground-color: rgba(255, 255, 255, 1.00);\t\t\t\tbox-shadow: 0;\t\t\t\ttransition: all 0.3s ease 0s;-webkit-transition: all 0.3s ease 0s;      }      <\/style>      <span class=\"bwg_nav_cont_0\">              <div class=\"tablenav-pages_0\">                      <span class=\"pagination-links_0 pagination-links\" data-pages-count=\"2\">              <span class=\"pagination-links_col1\">              <a class=\"bwg-a first-page disabled\" title=\"Ir para a primeira p\u00e1gina\" >\u00ab<\/a>              <a class=\"bwg-a prev-page disabled\" title=\"V\u00e1 para a p\u00e1gina anterior\" >\u2039<\/a>              <\/span>\t\t\t\t\t\t\t<span class=\"pagination-links_col2\">\t\t\t\t\t\t\t\t\t<input type=\"number\" class=\"bwg_current_page\" name=\"bwg_current_page\" value=\"1\" data-url-info=\"page_number_0\" onkeypress=\"return bwg_change_page_0(event, this)\" min=\"1\" oninput=\"validity.valid||(value='')\" \/>\t\t\t\t\t\t\t\t\t\tde\t\t\t\t\t\t\t\t\t\t<span class=\"total-pages_0\">\t\t\t\t\t\t\t\t\t\t\t2\t\t\t\t\t\t\t\t\t\t<\/span>\t\t\t\t\t\t\t<\/span>              <span class=\"pagination-links_col3\">                <a class=\"bwg-a next-page-0\" title=\"Ir para a pr\u00f3xima p\u00e1gina\" href=\"\/vestidos-noiva\/wp-json\/wp\/v2\/posts\/16792?page_number_0=2\">\u203a<\/a>                <a class=\"bwg-a last-page-0\" title=\"Ir para a \u00faltima p\u00e1gina\" href=\"\/vestidos-noiva\/wp-json\/wp\/v2\/posts\/16792?page_number_0=2\">\u00bb<\/a>              <\/span>\t\t\t\t\t\t<\/span>\t\t\t\t\t\t        <\/div>                <input type=\"hidden\" id=\"page_number_0\" name=\"page_number_0\" value=\"1\" \/>      <script type=\"text\/javascript\">        if( jQuery('.bwg_nav_cont_0').length > 1 ) {          jQuery('.bwg_nav_cont_0').first().remove()        }        function spider_page_0(cur, x, y, load_more) {          if (typeof load_more == \"undefined\") {            var load_more = false;          }          if (jQuery(cur).hasClass('disabled')) {            return false;          }          var items_county_0 = 2;          switch (y) {            case 1:              if (x >= items_county_0) {                document.getElementById('page_number_0').value = items_county_0;              }              else {                document.getElementById('page_number_0').value = x + 1;              }              break;            case 2:              document.getElementById('page_number_0').value = items_county_0;              break;            case -1:              if (x == 1) {                document.getElementById('page_number_0').value = 1;              }              else {                document.getElementById('page_number_0').value = x - 1;              }              break;            case -2:              document.getElementById('page_number_0').value = 1;              break;\t\t\t\t\t\tcase 0:              document.getElementById('page_number_0').value = x;              break;            default:              document.getElementById('page_number_0').value = 1;          }          bwg_ajax('gal_front_form_0', '0', 'bwg_thumbnails_0', '0', '', 'gallery', 0, '', '', load_more, '', 1);        }                    jQuery('.first-page disabled').on('click', function () {              spider_page_0(this, 1, -2, 'numeric');              return false;            });            jQuery('.prev-page disabled').on('click', function () {              spider_page_0(this, 1, -1, 'numeric');              return false;            });            jQuery('.next-page-0').on('click', function () {              spider_page_0(this, 1, 1, 'numeric');              return false;            });            jQuery('.last-page-0').on('click', function () {              spider_page_0(this, 1, 2, 'numeric');              return false;            });        \t\t\t\t\/* Change page on input enter. *\/        function bwg_change_page_0( e, that ) {          if (  e.key == 'Enter' ) {            var to_page = parseInt(jQuery(that).val());            var pages_count = jQuery(that).parents(\".pagination-links\").data(\"pages-count\");            var current_url_param = jQuery(that).attr('data-url-info');            if (to_page > pages_count) {              to_page = 1;            }\t \t\t\t\t\t\t\t\t\t\t\t\tspider_page_0(this, to_page, 0, 'numeric');\t\t\t\t\t\t\treturn false;\t\t\t\t\t\t          }          return true;        }        jQuery('.bwg_load_btn_0').on('click', function () {            spider_page_0(this, 1, 1, true);            return false;        });      <\/script>      <\/span>                <\/div>        <\/form>        <style>          #bwg_container1_0 #bwg_container2_0 #spider_popup_overlay_0 {          background-color: #000000;          opacity: 0.70;          }          <\/style>        <div id=\"bwg_spider_popup_loading_0\" class=\"bwg_spider_popup_loading\"><\/div>        <div id=\"spider_popup_overlay_0\" class=\"spider_popup_overlay\" onclick=\"spider_destroypopup(1000)\"><\/div>        <input type=\"hidden\" id=\"bwg_random_seed_0\" value=\"2011111606\">                <\/div>    <\/div>    <script>      if (document.readyState === 'complete') {        if( typeof bwg_main_ready == 'function' ) {          if ( jQuery(\"#bwg_container1_0\").height() ) {            bwg_main_ready(jQuery(\"#bwg_container1_0\"));          }        }      } else {        document.addEventListener('DOMContentLoaded', function() {          if( typeof bwg_main_ready == 'function' ) {            if ( jQuery(\"#bwg_container1_0\").height() ) {             bwg_main_ready(jQuery(\"#bwg_container1_0\"));            }          }        });      }    <\/script>    \n\n\n\n<h4 class=\"wp-block-heading\">&nbsp;<\/h4>\n\n\n\n<div style=\"height:47px\" aria-hidden=\"true\" class=\"wp-block-spacer\"><\/div>\n\n\n\n<h4 class=\"wp-block-heading\"><span style=\"color: #000000;\">Ficha T\u00e9cnica:<\/span><\/h4>\n\n\n\n<h4 class=\"wp-block-heading\"><span style=\"color: #000000;\">Vestido e v\u00e9u: Ivana Beaumond Paris. Alian\u00e7as: Premiatta Joias. Buqu\u00ea e Grinalda: D. Pontes Floral Art. Fotografia: Victor Mattos. Cabelo e Maquiagem: Elas Portocarrero. Bem Cadados: Viva o Doce. Brownies: Ateli\u00ea Doce Encanto. Filmagem: T7 Filmes. M\u00fasica: Andr\u00e9 Oliveira Cerimoniais. Sapatos: Luana Zabot. Local da Cerim\u00f4nia: Vale dos Sonhos.<\/span><\/h4>\n\n\n\n<div style=\"height:47px\" aria-hidden=\"true\" class=\"wp-block-spacer\"><\/div>\n\n\n\n<h4 class=\"wp-block-heading\"><span style=\"color: #999999;\">Gostou? Siga nosso instagram&nbsp;<span style=\"color: #000000;\"><a style=\"color: #000000;\" href=\"https:\/\/www.instagram.com\/ivanabeaumond\/\">@ivanabeaumond<\/a><\/span>&nbsp;e curta nossa fanpage&nbsp;<span style=\"color: #000000;\"><a style=\"color: #000000;\" href=\"https:\/\/www.facebook.com\/IvanaBeaumond\/\">Ivana Beaumond<\/a><\/span>&nbsp;para ficar por dentro de tudo o que rola no mundo das noivas, e conhe\u00e7a nossos Melhores Modelos de Vestidos de Noivas Nacionais, Importados e Sob Medida.<\/span><\/h4>\n","protected":false},"excerpt":{"rendered":"<p>O casamento da Giulianna e do Dan aconteceu nos belos&#8230;<\/p>\n","protected":false},"author":4,"featured_media":16809,"comment_status":"closed","ping_status":"closed","sticky":false,"template":"","format":"standard","meta":[],"categories":[60,130],"tags":[159,215,444,216,528,161,113,350,195,160,214,243,107,121,103,155,157,164,165,174,276,163,199,115,210],"yoast_head":"<!-- This site is optimized with the Yoast SEO plugin v20.3 - https:\/\/yoast.com\/wordpress\/plugins\/seo\/ -->\n<title>Casamento Boho Chic, com Giu e Dan - Vestido de Noiva RJ<\/title>\n<meta name=\"robots\" content=\"index, follow, max-snippet:-1, max-image-preview:large, max-video-preview:-1\" \/>\n<link rel=\"canonical\" href=\"https:\/\/www.ivanabeaumond.com.br\/vestidos-noiva\/felizes-para-sempre-com-giu-e-dan\/\" \/>\n<meta property=\"og:locale\" content=\"pt_BR\" \/>\n<meta property=\"og:type\" content=\"article\" \/>\n<meta property=\"og:title\" content=\"Casamento Boho Chic, com Giu e Dan - Vestido de Noiva RJ\" \/>\n<meta property=\"og:description\" content=\"O casamento da Giulianna e do Dan aconteceu nos belos...\" \/>\n<meta property=\"og:url\" content=\"https:\/\/www.ivanabeaumond.com.br\/vestidos-noiva\/felizes-para-sempre-com-giu-e-dan\/\" \/>\n<meta property=\"og:site_name\" content=\"Vestido de Noiva RJ\" \/>\n<meta property=\"article:publisher\" content=\"https:\/\/www.facebook.com\/ivana.beaumondnoivas\" \/>\n<meta property=\"article:published_time\" content=\"2018-12-21T20:19:42+00:00\" \/>\n<meta property=\"article:modified_time\" content=\"2020-08-10T19:57:48+00:00\" \/>\n<meta property=\"og:image\" content=\"https:\/\/www.ivanabeaumond.com.br\/vestidos-noiva\/wp-content\/uploads\/2018\/12\/imagem-destaque.jpg\" \/>\n\t<meta property=\"og:image:width\" content=\"579\" \/>\n\t<meta property=\"og:image:height\" content=\"427\" \/>\n\t<meta property=\"og:image:type\" content=\"image\/jpeg\" \/>\n<meta name=\"author\" content=\"Ivana Beaumond Paris\" \/>\n<meta name=\"twitter:card\" content=\"summary_large_image\" \/>\n<meta name=\"twitter:label1\" content=\"Escrito por\" \/>\n\t<meta name=\"twitter:data1\" content=\"Ivana Beaumond Paris\" \/>\n\t<meta name=\"twitter:label2\" content=\"Est. tempo de leitura\" \/>\n\t<meta name=\"twitter:data2\" content=\"2 minutos\" \/>\n<script type=\"application\/ld+json\" class=\"yoast-schema-graph\">{\"@context\":\"https:\/\/schema.org\",\"@graph\":[{\"@type\":\"Article\",\"@id\":\"https:\/\/www.ivanabeaumond.com.br\/vestidos-noiva\/felizes-para-sempre-com-giu-e-dan\/#article\",\"isPartOf\":{\"@id\":\"https:\/\/www.ivanabeaumond.com.br\/vestidos-noiva\/felizes-para-sempre-com-giu-e-dan\/\"},\"author\":{\"name\":\"Ivana Beaumond Paris\",\"@id\":\"https:\/\/www.ivanabeaumond.com.br\/vestidos-noiva\/#\/schema\/person\/1a360c4cffa3b806d29a456389dcff26\"},\"headline\":\"Casamento Boho Chic, com Giu e Dan\",\"datePublished\":\"2018-12-21T20:19:42+00:00\",\"dateModified\":\"2020-08-10T19:57:48+00:00\",\"mainEntityOfPage\":{\"@id\":\"https:\/\/www.ivanabeaumond.com.br\/vestidos-noiva\/felizes-para-sempre-com-giu-e-dan\/\"},\"wordCount\":307,\"publisher\":{\"@id\":\"https:\/\/www.ivanabeaumond.com.br\/vestidos-noiva\/#organization\"},\"keywords\":[\"alian\u00e7as\",\"Atelierdenoiva\",\"blog de casamento\",\"brides\",\"casamento ao ar livre\",\"casamento blindado\",\"casamento criativo\",\"casamento no campo\",\"CasamentosRJ\",\"daminhas\",\"euamocasamento\",\"inesquec\u00edvel casamento\",\"ivanabeaumond\",\"lugarparacasamento\",\"madrinhas\",\"modanoiva\",\"noiva e noivo\",\"noivas\",\"padrinhos\",\"princesas\",\"rosa clar\u00e1\",\"sob medida\",\"sobmedidanoiva\",\"vestido de noiva\",\"weddingdress\"],\"articleSection\":[\"Blog\",\"Nossas Noivas\"],\"inLanguage\":\"pt-BR\"},{\"@type\":\"WebPage\",\"@id\":\"https:\/\/www.ivanabeaumond.com.br\/vestidos-noiva\/felizes-para-sempre-com-giu-e-dan\/\",\"url\":\"https:\/\/www.ivanabeaumond.com.br\/vestidos-noiva\/felizes-para-sempre-com-giu-e-dan\/\",\"name\":\"Casamento Boho Chic, com Giu e Dan - Vestido de Noiva RJ\",\"isPartOf\":{\"@id\":\"https:\/\/www.ivanabeaumond.com.br\/vestidos-noiva\/#website\"},\"datePublished\":\"2018-12-21T20:19:42+00:00\",\"dateModified\":\"2020-08-10T19:57:48+00:00\",\"breadcrumb\":{\"@id\":\"https:\/\/www.ivanabeaumond.com.br\/vestidos-noiva\/felizes-para-sempre-com-giu-e-dan\/#breadcrumb\"},\"inLanguage\":\"pt-BR\",\"potentialAction\":[{\"@type\":\"ReadAction\",\"target\":[\"https:\/\/www.ivanabeaumond.com.br\/vestidos-noiva\/felizes-para-sempre-com-giu-e-dan\/\"]}]},{\"@type\":\"BreadcrumbList\",\"@id\":\"https:\/\/www.ivanabeaumond.com.br\/vestidos-noiva\/felizes-para-sempre-com-giu-e-dan\/#breadcrumb\",\"itemListElement\":[{\"@type\":\"ListItem\",\"position\":1,\"name\":\"In\u00edcio\",\"item\":\"https:\/\/www.ivanabeaumond.com.br\/vestidos-noiva\/\"},{\"@type\":\"ListItem\",\"position\":2,\"name\":\"Casamento Boho Chic, com Giu e Dan\"}]},{\"@type\":\"WebSite\",\"@id\":\"https:\/\/www.ivanabeaumond.com.br\/vestidos-noiva\/#website\",\"url\":\"https:\/\/www.ivanabeaumond.com.br\/vestidos-noiva\/\",\"name\":\"Vestido de Noiva RJ\",\"description\":\"Moda Noiva\",\"publisher\":{\"@id\":\"https:\/\/www.ivanabeaumond.com.br\/vestidos-noiva\/#organization\"},\"potentialAction\":[{\"@type\":\"SearchAction\",\"target\":{\"@type\":\"EntryPoint\",\"urlTemplate\":\"https:\/\/www.ivanabeaumond.com.br\/vestidos-noiva\/?s={search_term_string}\"},\"query-input\":\"required name=search_term_string\"}],\"inLanguage\":\"pt-BR\"},{\"@type\":\"Organization\",\"@id\":\"https:\/\/www.ivanabeaumond.com.br\/vestidos-noiva\/#organization\",\"name\":\"Vestido de Noiva RJ\",\"url\":\"https:\/\/www.ivanabeaumond.com.br\/vestidos-noiva\/\",\"logo\":{\"@type\":\"ImageObject\",\"inLanguage\":\"pt-BR\",\"@id\":\"https:\/\/www.ivanabeaumond.com.br\/vestidos-noiva\/#\/schema\/logo\/image\/\",\"url\":\"https:\/\/www.ivanabeaumond.com.br\/vestidos-noiva\/wp-content\/uploads\/2018\/02\/logo_ivana_beaumond-2.png\",\"contentUrl\":\"https:\/\/www.ivanabeaumond.com.br\/vestidos-noiva\/wp-content\/uploads\/2018\/02\/logo_ivana_beaumond-2.png\",\"width\":230,\"height\":112,\"caption\":\"Vestido de Noiva RJ\"},\"image\":{\"@id\":\"https:\/\/www.ivanabeaumond.com.br\/vestidos-noiva\/#\/schema\/logo\/image\/\"},\"sameAs\":[\"https:\/\/www.facebook.com\/ivana.beaumondnoivas\",\"https:\/\/www.instagram.com\/ivanabeaumond\/\",\"https:\/\/www.tiktok.com\/@ivanabeaumond\"]},{\"@type\":\"Person\",\"@id\":\"https:\/\/www.ivanabeaumond.com.br\/vestidos-noiva\/#\/schema\/person\/1a360c4cffa3b806d29a456389dcff26\",\"name\":\"Ivana Beaumond Paris\",\"image\":{\"@type\":\"ImageObject\",\"inLanguage\":\"pt-BR\",\"@id\":\"https:\/\/www.ivanabeaumond.com.br\/vestidos-noiva\/#\/schema\/person\/image\/\",\"url\":\"https:\/\/secure.gravatar.com\/avatar\/641f98db20b53ec937ceb641db4270b9?s=96&d=mm&r=g\",\"contentUrl\":\"https:\/\/secure.gravatar.com\/avatar\/641f98db20b53ec937ceb641db4270b9?s=96&d=mm&r=g\",\"caption\":\"Ivana Beaumond Paris\"},\"url\":\"https:\/\/www.ivanabeaumond.com.br\/vestidos-noiva\/author\/ivana\/\"}]}<\/script>\n<!-- \/ Yoast SEO plugin. -->","yoast_head_json":{"title":"Casamento Boho Chic, com Giu e Dan - Vestido de Noiva RJ","robots":{"index":"index","follow":"follow","max-snippet":"max-snippet:-1","max-image-preview":"max-image-preview:large","max-video-preview":"max-video-preview:-1"},"canonical":"https:\/\/www.ivanabeaumond.com.br\/vestidos-noiva\/felizes-para-sempre-com-giu-e-dan\/","og_locale":"pt_BR","og_type":"article","og_title":"Casamento Boho Chic, com Giu e Dan - Vestido de Noiva RJ","og_description":"O casamento da Giulianna e do Dan aconteceu nos belos...","og_url":"https:\/\/www.ivanabeaumond.com.br\/vestidos-noiva\/felizes-para-sempre-com-giu-e-dan\/","og_site_name":"Vestido de Noiva RJ","article_publisher":"https:\/\/www.facebook.com\/ivana.beaumondnoivas","article_published_time":"2018-12-21T20:19:42+00:00","article_modified_time":"2020-08-10T19:57:48+00:00","og_image":[{"width":579,"height":427,"url":"https:\/\/www.ivanabeaumond.com.br\/vestidos-noiva\/wp-content\/uploads\/2018\/12\/imagem-destaque.jpg","type":"image\/jpeg"}],"author":"Ivana Beaumond Paris","twitter_card":"summary_large_image","twitter_misc":{"Escrito por":"Ivana Beaumond Paris","Est. tempo de leitura":"2 minutos"},"schema":{"@context":"https:\/\/schema.org","@graph":[{"@type":"Article","@id":"https:\/\/www.ivanabeaumond.com.br\/vestidos-noiva\/felizes-para-sempre-com-giu-e-dan\/#article","isPartOf":{"@id":"https:\/\/www.ivanabeaumond.com.br\/vestidos-noiva\/felizes-para-sempre-com-giu-e-dan\/"},"author":{"name":"Ivana Beaumond Paris","@id":"https:\/\/www.ivanabeaumond.com.br\/vestidos-noiva\/#\/schema\/person\/1a360c4cffa3b806d29a456389dcff26"},"headline":"Casamento Boho Chic, com Giu e Dan","datePublished":"2018-12-21T20:19:42+00:00","dateModified":"2020-08-10T19:57:48+00:00","mainEntityOfPage":{"@id":"https:\/\/www.ivanabeaumond.com.br\/vestidos-noiva\/felizes-para-sempre-com-giu-e-dan\/"},"wordCount":307,"publisher":{"@id":"https:\/\/www.ivanabeaumond.com.br\/vestidos-noiva\/#organization"},"keywords":["alian\u00e7as","Atelierdenoiva","blog de casamento","brides","casamento ao ar livre","casamento blindado","casamento criativo","casamento no campo","CasamentosRJ","daminhas","euamocasamento","inesquec\u00edvel casamento","ivanabeaumond","lugarparacasamento","madrinhas","modanoiva","noiva e noivo","noivas","padrinhos","princesas","rosa clar\u00e1","sob medida","sobmedidanoiva","vestido de noiva","weddingdress"],"articleSection":["Blog","Nossas Noivas"],"inLanguage":"pt-BR"},{"@type":"WebPage","@id":"https:\/\/www.ivanabeaumond.com.br\/vestidos-noiva\/felizes-para-sempre-com-giu-e-dan\/","url":"https:\/\/www.ivanabeaumond.com.br\/vestidos-noiva\/felizes-para-sempre-com-giu-e-dan\/","name":"Casamento Boho Chic, com Giu e Dan - Vestido de Noiva RJ","isPartOf":{"@id":"https:\/\/www.ivanabeaumond.com.br\/vestidos-noiva\/#website"},"datePublished":"2018-12-21T20:19:42+00:00","dateModified":"2020-08-10T19:57:48+00:00","breadcrumb":{"@id":"https:\/\/www.ivanabeaumond.com.br\/vestidos-noiva\/felizes-para-sempre-com-giu-e-dan\/#breadcrumb"},"inLanguage":"pt-BR","potentialAction":[{"@type":"ReadAction","target":["https:\/\/www.ivanabeaumond.com.br\/vestidos-noiva\/felizes-para-sempre-com-giu-e-dan\/"]}]},{"@type":"BreadcrumbList","@id":"https:\/\/www.ivanabeaumond.com.br\/vestidos-noiva\/felizes-para-sempre-com-giu-e-dan\/#breadcrumb","itemListElement":[{"@type":"ListItem","position":1,"name":"In\u00edcio","item":"https:\/\/www.ivanabeaumond.com.br\/vestidos-noiva\/"},{"@type":"ListItem","position":2,"name":"Casamento Boho Chic, com Giu e Dan"}]},{"@type":"WebSite","@id":"https:\/\/www.ivanabeaumond.com.br\/vestidos-noiva\/#website","url":"https:\/\/www.ivanabeaumond.com.br\/vestidos-noiva\/","name":"Vestido de Noiva RJ","description":"Moda Noiva","publisher":{"@id":"https:\/\/www.ivanabeaumond.com.br\/vestidos-noiva\/#organization"},"potentialAction":[{"@type":"SearchAction","target":{"@type":"EntryPoint","urlTemplate":"https:\/\/www.ivanabeaumond.com.br\/vestidos-noiva\/?s={search_term_string}"},"query-input":"required name=search_term_string"}],"inLanguage":"pt-BR"},{"@type":"Organization","@id":"https:\/\/www.ivanabeaumond.com.br\/vestidos-noiva\/#organization","name":"Vestido de Noiva RJ","url":"https:\/\/www.ivanabeaumond.com.br\/vestidos-noiva\/","logo":{"@type":"ImageObject","inLanguage":"pt-BR","@id":"https:\/\/www.ivanabeaumond.com.br\/vestidos-noiva\/#\/schema\/logo\/image\/","url":"https:\/\/www.ivanabeaumond.com.br\/vestidos-noiva\/wp-content\/uploads\/2018\/02\/logo_ivana_beaumond-2.png","contentUrl":"https:\/\/www.ivanabeaumond.com.br\/vestidos-noiva\/wp-content\/uploads\/2018\/02\/logo_ivana_beaumond-2.png","width":230,"height":112,"caption":"Vestido de Noiva RJ"},"image":{"@id":"https:\/\/www.ivanabeaumond.com.br\/vestidos-noiva\/#\/schema\/logo\/image\/"},"sameAs":["https:\/\/www.facebook.com\/ivana.beaumondnoivas","https:\/\/www.instagram.com\/ivanabeaumond\/","https:\/\/www.tiktok.com\/@ivanabeaumond"]},{"@type":"Person","@id":"https:\/\/www.ivanabeaumond.com.br\/vestidos-noiva\/#\/schema\/person\/1a360c4cffa3b806d29a456389dcff26","name":"Ivana Beaumond Paris","image":{"@type":"ImageObject","inLanguage":"pt-BR","@id":"https:\/\/www.ivanabeaumond.com.br\/vestidos-noiva\/#\/schema\/person\/image\/","url":"https:\/\/secure.gravatar.com\/avatar\/641f98db20b53ec937ceb641db4270b9?s=96&d=mm&r=g","contentUrl":"https:\/\/secure.gravatar.com\/avatar\/641f98db20b53ec937ceb641db4270b9?s=96&d=mm&r=g","caption":"Ivana Beaumond Paris"},"url":"https:\/\/www.ivanabeaumond.com.br\/vestidos-noiva\/author\/ivana\/"}]}},"_links":{"self":[{"href":"https:\/\/www.ivanabeaumond.com.br\/vestidos-noiva\/wp-json\/wp\/v2\/posts\/16792"}],"collection":[{"href":"https:\/\/www.ivanabeaumond.com.br\/vestidos-noiva\/wp-json\/wp\/v2\/posts"}],"about":[{"href":"https:\/\/www.ivanabeaumond.com.br\/vestidos-noiva\/wp-json\/wp\/v2\/types\/post"}],"author":[{"embeddable":true,"href":"https:\/\/www.ivanabeaumond.com.br\/vestidos-noiva\/wp-json\/wp\/v2\/users\/4"}],"replies":[{"embeddable":true,"href":"https:\/\/www.ivanabeaumond.com.br\/vestidos-noiva\/wp-json\/wp\/v2\/comments?post=16792"}],"version-history":[{"count":11,"href":"https:\/\/www.ivanabeaumond.com.br\/vestidos-noiva\/wp-json\/wp\/v2\/posts\/16792\/revisions"}],"predecessor-version":[{"id":25663,"href":"https:\/\/www.ivanabeaumond.com.br\/vestidos-noiva\/wp-json\/wp\/v2\/posts\/16792\/revisions\/25663"}],"wp:featuredmedia":[{"embeddable":true,"href":"https:\/\/www.ivanabeaumond.com.br\/vestidos-noiva\/wp-json\/wp\/v2\/media\/16809"}],"wp:attachment":[{"href":"https:\/\/www.ivanabeaumond.com.br\/vestidos-noiva\/wp-json\/wp\/v2\/media?parent=16792"}],"wp:term":[{"taxonomy":"category","embeddable":true,"href":"https:\/\/www.ivanabeaumond.com.br\/vestidos-noiva\/wp-json\/wp\/v2\/categories?post=16792"},{"taxonomy":"post_tag","embeddable":true,"href":"https:\/\/www.ivanabeaumond.com.br\/vestidos-noiva\/wp-json\/wp\/v2\/tags?post=16792"}],"curies":[{"name":"wp","href":"https:\/\/api.w.org\/{rel}","templated":true}]}}