{"id":16873,"date":"2019-09-11T13:00:44","date_gmt":"2019-09-11T16:00:44","guid":{"rendered":"http:\/\/www.ivanabeaumond.com.br\/vestidos-noiva\/?p=16873"},"modified":"2019-09-11T12:58:38","modified_gmt":"2019-09-11T15:58:38","slug":"dicas-de-verao-para-as-noivas","status":"publish","type":"post","link":"https:\/\/www.ivanabeaumond.com.br\/vestidos-noiva\/dicas-de-verao-para-as-noivas\/","title":{"rendered":"Dicas de ver\u00e3o para as noivas"},"content":{"rendered":"<h4 style=\"text-align: justify;\"><span style=\"color: #999999;\">O ver\u00e3o \u00e9 a \u00e9poca mais procurada para casamentos, especialmente no Brasil &#8211; um pa\u00eds com belos cen\u00e1rios tropicais onde muitas noivas sonham em realizar sua cerim\u00f4nia. Uma caracter\u00edstica n\u00e3o t\u00e3o agrad\u00e1vel dessa esta\u00e7\u00e3o \u00e9 o calor que, como pudemos experimentar nesses \u00faltimos dias t\u00f3rridos, hoje em dia n\u00e3o est\u00e1 restrito apenas a esse per\u00edodo do ano.<\/span><\/h4>\n<h4 style=\"text-align: justify;\"><span style=\"color: #999999;\">O calor, apesar de beneficiar os eventos ao ar livre, pode causar pequenos desastres, como maquiagens derretidas, convidados desconfort\u00e1veis ou noivas passando mal. Sabemos que no final tudo d\u00e1 certo, mas por precau\u00e7\u00e3o separamos algumas dicas para as noivas que pretendem enfrentar altas temperaturas para subir ao altar.<\/span><\/h4>\n<h4 style=\"text-align: justify;\"><span style=\"color: #999999;\">\u00a0<\/span><\/h4>\n<p>&nbsp;<\/p>\n<p>&nbsp;<\/p>\n<h3 style=\"text-align: justify;\">Local da cerim\u00f4nia<\/h3>\n<p>&nbsp;<\/p>\n<p>&nbsp;<\/p>\n<p>&nbsp;<\/p>\n<h4 style=\"text-align: justify;\"><span style=\"color: #999999;\">Se o seu casamento vai ser ao ar livre e \u00e0 luz do dia, primeiramente voc\u00ea deve pensar no lugar espec\u00edfico onde os noivos dir\u00e3o os votos. O ideal \u00e9 que esse espa\u00e7o seja uma estrutura que proporcione uma sombra, para evitar que voc\u00ea e o seu noivo (a) fiquem expostos ao sol e consequentemente pingando de suor. Se o local n\u00e3o oferece um toldo ou algo que mantenha os convidados protegidos do sol, talvez seja melhor optar por uma cerim\u00f4nia ao fim da tarde.<\/span><\/h4>\n<p>&nbsp;<\/p>\n<p>&nbsp;<\/p>\n<p><img decoding=\"async\" loading=\"lazy\" class=\"aligncenter size-full wp-image-16874\" src=\"http:\/\/www.ivanabeaumond.com.br\/vestidos-noiva\/wp-content\/uploads\/2019\/01\/casamento-no-campo-sara-e-felipe-vestido-ivana-beaumond-18-e1546540845439.jpg\" alt=\"casamento-no-campo-sara-e-felipe-vestido-ivana-beaumond (18)\" width=\"800\" height=\"533\" \/><\/p>\n<p><img decoding=\"async\" loading=\"lazy\" class=\"aligncenter size-full wp-image-16887\" src=\"http:\/\/www.ivanabeaumond.com.br\/vestidos-noiva\/wp-content\/uploads\/2019\/01\/Casamento-Anna-e-Thiago_Vestido-de-Noiva-rj_Blog-IvanaBeaumond-3-e1546621449242.jpg\" alt=\"Casamento-Anna-e-Thiago_Vestido-de-Noiva-rj_Blog-IvanaBeaumond (3)\" width=\"806\" height=\"533\" \/><\/p>\n<p>&nbsp;<\/p>\n<p>&nbsp;<\/p>\n<p>&nbsp;<\/p>\n<p>&nbsp;<\/p>\n<p>&nbsp;<\/p>\n<h3 style=\"text-align: justify;\"><span style=\"color: #000000;\">Cuidados com a pele<\/span><\/h3>\n<p>&nbsp;<\/p>\n<p>&nbsp;<\/p>\n<h4 style=\"text-align: justify;\"><span style=\"color: #999999;\">Nessa esta\u00e7\u00e3o, nosso cuidado com a pele deve se redobrado, especialmente para quem curte praia. O calor deixa nossa pele oleosa, nossos l\u00e1bios secos e nosso cabelo ressecado, e a dica \u00e9 passar muito protetor solar e \u00e1gua termal no rosto e nos l\u00e1bios. Muita aten\u00e7\u00e3o ao bronzeado para que ele n\u00e3o passe do ponto.<\/span><\/h4>\n<p>&nbsp;<\/p>\n<p>&nbsp;<\/p>\n<p>&nbsp;<\/p>\n<p>&nbsp;<\/p>\n<h3><span style=\"color: #000000;\">Maquiagem<\/span><\/h3>\n<p>&nbsp;<\/p>\n<p>&nbsp;<\/p>\n<h4 style=\"text-align: justify;\"><\/h4>\n<h4 style=\"text-align: justify;\"><span style=\"color: #999999;\">Aposte em uma maquiagem clean, com pele natural, sombras claras e batom suave. Aqui voc\u00ea deve evitar o brilho, pois ele pode ficar com um efeito exagerado na luz do dia, portanto deixe esse papel para o sol.<\/span><\/h4>\n<p>&nbsp;<\/p>\n<p>&nbsp;<\/p>\n<p>&nbsp;<\/p>\n<p><img decoding=\"async\" loading=\"lazy\" class=\"aligncenter size-full wp-image-16879\" src=\"http:\/\/www.ivanabeaumond.com.br\/vestidos-noiva\/wp-content\/uploads\/2019\/01\/casamento-giulianna-e-dan-vestido-de-noiva-ivana-beaumond-paris-blog-6-e1546544322744.jpg\" alt=\"casamento-giulianna-e-dan-vestido-de-noiva-ivana-beaumond-paris-blog (6)\" width=\"800\" height=\"533\" \/><\/p>\n<p><img decoding=\"async\" loading=\"lazy\" class=\"aligncenter size-full wp-image-16881\" src=\"http:\/\/www.ivanabeaumond.com.br\/vestidos-noiva\/wp-content\/uploads\/2019\/01\/Atelier-Ivana-Beaumond-Paris-Thaiane-e-Victor-casamento-no-campo-3-e1546616506220.jpg\" alt=\"Atelier-Ivana-Beaumond-Paris-Thaiane-e-Victor-casamento-no-campo (3)\" width=\"800\" height=\"534\" \/><\/p>\n<p>&nbsp;<\/p>\n<p>&nbsp;<\/p>\n<p>&nbsp;<\/p>\n<h3 style=\"text-align: justify;\">Escolha do Vestido<\/h3>\n<p>&nbsp;<\/p>\n<p>&nbsp;<\/p>\n<h4 style=\"text-align: justify;\"><span style=\"color: #999999;\">O ver\u00e3o pede vestidos com tecidos mais fluidos e confort\u00e1veis, com menos volume e rendas mais finas. As noivas podem apostar em modelagens mais soltas e cortes mais despojados, como o corte imp\u00e9rio e cortes retos com saias ca\u00eddas. Esses modelos trazem a leveza necess\u00e1ria para a esta\u00e7\u00e3o, al\u00e9m de serem uma grande aposta dos estilistas para 2019.<\/span><\/h4>\n<h4 style=\"text-align: justify;\"><span style=\"color: #999999;\">Decotes nas costas s\u00e3o uma \u00f3tima alternativa para o calor e para valorizar o corpo. Se quiser um modelo com cauda, invista nas fendas, que tamb\u00e9m est\u00e3o em alta para a temporada.<\/span><\/h4>\n<p>&nbsp;<\/p>\n<p>&nbsp;<\/p>\n<p><img decoding=\"async\" loading=\"lazy\" class=\"aligncenter size-full wp-image-16876\" src=\"http:\/\/www.ivanabeaumond.com.br\/vestidos-noiva\/wp-content\/uploads\/2019\/01\/Ivana-beaumond-atelier-noivas-casamento-na-praia-foto7-e1546542933916.jpg\" alt=\"Ivana-beaumond-atelier-noivas-casamento-na-praia-foto7\" width=\"800\" height=\"533\" \/><\/p>\n<p><img decoding=\"async\" loading=\"lazy\" class=\"aligncenter size-full wp-image-16884\" src=\"http:\/\/www.ivanabeaumond.com.br\/vestidos-noiva\/wp-content\/uploads\/2019\/01\/Vestido-de-Noiva-rj-Casamento-Blog-IvanaBeaumond-3-e1546620170967.jpg\" alt=\"Vestido-de-Noiva-rj-Casamento-Blog-IvanaBeaumond (3)\" width=\"800\" height=\"533\" \/><\/p>\n<p><img decoding=\"async\" loading=\"lazy\" class=\"aligncenter size-full wp-image-16894\" src=\"http:\/\/www.ivanabeaumond.com.br\/vestidos-noiva\/wp-content\/uploads\/2019\/01\/casamento_tassia_e_glauco_no_espaco_la_vista_na_barra_da_tijuca_no_rio_de_janeiro-22-e1546622952315.jpg\" alt=\"casamento_tassia_e_glauco_no_espaco_la_vista_na_barra_da_tijuca_no_rio_de_janeiro-22\" width=\"800\" height=\"533\" \/><\/p>\n<p>&nbsp;<\/p>\n<p>&nbsp;<\/p>\n<p>&nbsp;<\/p>\n<p>&nbsp;<\/p>\n<p>&nbsp;<\/p>\n<p>&nbsp;<\/p>\n<h3><span style=\"color: #000000;\">Sapatos<\/span><\/h3>\n<p>&nbsp;<\/p>\n<p>&nbsp;<\/p>\n<p>&nbsp;<\/p>\n<h4 style=\"text-align: justify;\"><span style=\"color: #999999;\">Prefira sapatos abertos para que seu p\u00e9 possa respirar. Se o seu casamento for no campo ou na praia, voc\u00ea pode abdicar do salto e usar uma sand\u00e1lia rasteira, ou trocar seu sapato por elas durante a festa. \u00c9 importante que os seus sapatos combinem com o seu estilo e estejam em harmonia com a textura do tecido do seu vestido de noiva.<\/span><\/h4>\n<p>&nbsp;<\/p>\n<p>&nbsp;<\/p>\n<p><img decoding=\"async\" loading=\"lazy\" class=\"aligncenter size-full wp-image-16899\" src=\"http:\/\/www.ivanabeaumond.com.br\/vestidos-noiva\/wp-content\/uploads\/2019\/01\/Atelier-Ivana-Beaumond-Paris-Thaiane-e-Victor-casamento-no-campo-2-e1546626574489.jpg\" alt=\"Atelier-Ivana-Beaumond-Paris-Thaiane-e-Victor-casamento-no-campo (2)\" width=\"798\" height=\"533\" \/><\/p>\n<p><img decoding=\"async\" loading=\"lazy\" class=\"aligncenter size-full wp-image-16639\" src=\"http:\/\/www.ivanabeaumond.com.br\/vestidos-noiva\/wp-content\/uploads\/2018\/11\/casamento-no-campo-glaucia-e-felipe-vestido-de-noiva-ivana-beaumond31-e1546626621354.jpg\" alt=\"casamento-no-campo-glaucia-e-felipe-vestido-de-noiva-ivana-beaumond(31)\" width=\"805\" height=\"533\" \/><\/p>\n<p>&nbsp;<\/p>\n<p>&nbsp;<\/p>\n<p>&nbsp;<\/p>\n<h4><span style=\"color: #000000;\">Fotos: <\/span><\/h4>\n<h4><a href=\"http:\/\/www.ivanabeaumond.com.br\/vestidos-noiva\/sara-e-filipe-em-seu-conto-de-fadas-por-ivana-beaumond\/\" target=\"_blank\"><span style=\"color: #000000;\">Zo\u00ebga Fotografia.<\/span><\/a><\/h4>\n<h4><a title=\"Anna Luiza e Thiago delicadezas de amor por Ivana Beaumond\u2026\" href=\"http:\/\/www.ivanabeaumond.com.br\/vestidos-noiva\/anna-luiza-e-thiago-delicadezas-de-amor-por-ivana-beaumond\/\" target=\"_blank\"><span style=\"color: #000000;\">Vanessa Rios.<\/span><\/a><\/h4>\n<h4><a title=\"Felizes para sempre, com Giu e Dan\" href=\"http:\/\/www.ivanabeaumond.com.br\/vestidos-noiva\/felizes-para-sempre-com-giu-e-dan\/\" target=\"_blank\"><span style=\"color: #000000;\">Tiago Mattos Fotografia.<\/span><\/a><\/h4>\n<h4><a title=\"Sonho Buc\u00f3lico com Thaiane e Victor\" href=\"http:\/\/www.ivanabeaumond.com.br\/vestidos-noiva\/sonho-bucolico-com-thaiane-e-victor\/\" target=\"_blank\"><span style=\"color: #000000;\">Jessica Veiga Fotografia.<\/span><\/a><\/h4>\n<h4><a title=\"Todo o Amor de Isis e Matheus\" href=\"http:\/\/www.ivanabeaumond.com.br\/vestidos-noiva\/todo-o-amor-de-isis-e-matheus\/\" target=\"_blank\"><span style=\"color: #000000;\">Tati Rocha.<\/span><\/a><\/h4>\n<h4><span style=\"color: #000000;\">Dinamika Fotografia.<\/span><\/h4>\n<h4><span style=\"color: #000000;\">Adriano Cardozo.<\/span><\/h4>\n<h4><a title=\"Casamento no Campo com Gl\u00e1ucia e Felipe\" href=\"http:\/\/www.ivanabeaumond.com.br\/vestidos-noiva\/casamento-no-campo-com-glaucia-e-felipe\/\" target=\"_blank\"><span style=\"color: #000000;\">Fernanda L\u00edder.<\/span><\/a><\/h4>\n<p>&nbsp;<\/p>\n<p>&nbsp;<\/p>\n<p>&nbsp;<\/p>\n<p>&nbsp;<\/p>\n<p>&nbsp;<\/p>\n<p>&nbsp;<\/p>\n<h4 style=\"text-align: justify;\"><span style=\"color: #999999;\">Gostou? Siga nosso instagram\u00a0<span style=\"color: #000000;\"><a style=\"color: #000000;\" href=\"https:\/\/www.instagram.com\/ivanabeaumond\/\">@ivanabeaumond<\/a><\/span>\u00a0e curta nossa fanpage\u00a0<span style=\"color: #000000;\"><a style=\"color: #000000;\" href=\"https:\/\/www.facebook.com\/IvanaBeaumond\/\">Ivana Beaumond<\/a><\/span>\u00a0para ficar por dentro de tudo o que rola no mundo das noivas, e conhe\u00e7a nossos Melhores Modelos de Vestidos de Noivas Nacionais, Importados e Sob Medida.<\/span><\/h4>\n","protected":false},"excerpt":{"rendered":"<p>O ver\u00e3o \u00e9 a \u00e9poca mais procurada para casamentos, especialmente&#8230;<\/p>\n","protected":false},"author":4,"featured_media":16903,"comment_status":"closed","ping_status":"closed","sticky":false,"template":"","format":"standard","meta":[],"categories":[60,127],"tags":[131,433,203,215,133,216,549,96,161,195,197,434,548,209,214,99,162,286,107,103,307,136,155,157,164,547,546,463,115,210],"yoast_head":"<!-- This site is optimized with the Yoast SEO plugin v20.3 - https:\/\/yoast.com\/wordpress\/plugins\/seo\/ -->\n<title>Dicas de ver\u00e3o para as noivas - Vestido de Noiva RJ<\/title>\n<meta name=\"robots\" content=\"index, follow, max-snippet:-1, max-image-preview:large, max-video-preview:-1\" \/>\n<link rel=\"canonical\" href=\"https:\/\/www.ivanabeaumond.com.br\/vestidos-noiva\/dicas-de-verao-para-as-noivas\/\" \/>\n<meta property=\"og:locale\" content=\"pt_BR\" \/>\n<meta property=\"og:type\" content=\"article\" \/>\n<meta property=\"og:title\" content=\"Dicas de ver\u00e3o para as noivas - Vestido de Noiva RJ\" \/>\n<meta property=\"og:description\" content=\"O ver\u00e3o \u00e9 a \u00e9poca mais procurada para casamentos, especialmente...\" \/>\n<meta property=\"og:url\" content=\"https:\/\/www.ivanabeaumond.com.br\/vestidos-noiva\/dicas-de-verao-para-as-noivas\/\" \/>\n<meta property=\"og:site_name\" content=\"Vestido de Noiva RJ\" \/>\n<meta property=\"article:publisher\" content=\"https:\/\/www.facebook.com\/ivana.beaumondnoivas\" \/>\n<meta property=\"article:published_time\" content=\"2019-09-11T16:00:44+00:00\" \/>\n<meta property=\"article:modified_time\" content=\"2019-09-11T15:58:38+00:00\" \/>\n<meta property=\"og:image\" content=\"https:\/\/www.ivanabeaumond.com.br\/vestidos-noiva\/wp-content\/uploads\/2019\/01\/imagem-destacada.jpg\" \/>\n\t<meta property=\"og:image:width\" content=\"640\" \/>\n\t<meta property=\"og:image:height\" content=\"467\" \/>\n\t<meta property=\"og:image:type\" content=\"image\/jpeg\" \/>\n<meta name=\"author\" content=\"Ivana Beaumond Paris\" \/>\n<meta name=\"twitter:card\" content=\"summary_large_image\" \/>\n<meta name=\"twitter:label1\" content=\"Escrito por\" \/>\n\t<meta name=\"twitter:data1\" content=\"Ivana Beaumond Paris\" \/>\n\t<meta name=\"twitter:label2\" content=\"Est. tempo de leitura\" \/>\n\t<meta name=\"twitter:data2\" content=\"3 minutos\" \/>\n<script type=\"application\/ld+json\" class=\"yoast-schema-graph\">{\"@context\":\"https:\/\/schema.org\",\"@graph\":[{\"@type\":\"Article\",\"@id\":\"https:\/\/www.ivanabeaumond.com.br\/vestidos-noiva\/dicas-de-verao-para-as-noivas\/#article\",\"isPartOf\":{\"@id\":\"https:\/\/www.ivanabeaumond.com.br\/vestidos-noiva\/dicas-de-verao-para-as-noivas\/\"},\"author\":{\"name\":\"Ivana Beaumond Paris\",\"@id\":\"https:\/\/www.ivanabeaumond.com.br\/vestidos-noiva\/#\/schema\/person\/1a360c4cffa3b806d29a456389dcff26\"},\"headline\":\"Dicas de ver\u00e3o para as noivas\",\"datePublished\":\"2019-09-11T16:00:44+00:00\",\"dateModified\":\"2019-09-11T15:58:38+00:00\",\"mainEntityOfPage\":{\"@id\":\"https:\/\/www.ivanabeaumond.com.br\/vestidos-noiva\/dicas-de-verao-para-as-noivas\/\"},\"wordCount\":594,\"publisher\":{\"@id\":\"https:\/\/www.ivanabeaumond.com.br\/vestidos-noiva\/#organization\"},\"keywords\":[\"aluguel de roupas\",\"aszmann\",\"atelier\",\"Atelierdenoiva\",\"atelierivanabeaumond\",\"brides\",\"calor\",\"casamento\",\"casamento blindado\",\"CasamentosRJ\",\"diainesquecivel\",\"dicas\",\"dicas de ver\u00e3o\",\"dress\",\"euamocasamento\",\"felicidade\",\"festas\",\"ivana beaumond\",\"ivanabeaumond\",\"madrinhas\",\"maquiagem\",\"moda festa\",\"modanoiva\",\"noiva e noivo\",\"noivas\",\"sapatos\",\"ver\u00e3o\",\"Ver\u00e3o 2019\",\"vestido de noiva\",\"weddingdress\"],\"articleSection\":[\"Blog\",\"Dicas e Truques\"],\"inLanguage\":\"pt-BR\"},{\"@type\":\"WebPage\",\"@id\":\"https:\/\/www.ivanabeaumond.com.br\/vestidos-noiva\/dicas-de-verao-para-as-noivas\/\",\"url\":\"https:\/\/www.ivanabeaumond.com.br\/vestidos-noiva\/dicas-de-verao-para-as-noivas\/\",\"name\":\"Dicas de ver\u00e3o para as noivas - Vestido de Noiva RJ\",\"isPartOf\":{\"@id\":\"https:\/\/www.ivanabeaumond.com.br\/vestidos-noiva\/#website\"},\"datePublished\":\"2019-09-11T16:00:44+00:00\",\"dateModified\":\"2019-09-11T15:58:38+00:00\",\"breadcrumb\":{\"@id\":\"https:\/\/www.ivanabeaumond.com.br\/vestidos-noiva\/dicas-de-verao-para-as-noivas\/#breadcrumb\"},\"inLanguage\":\"pt-BR\",\"potentialAction\":[{\"@type\":\"ReadAction\",\"target\":[\"https:\/\/www.ivanabeaumond.com.br\/vestidos-noiva\/dicas-de-verao-para-as-noivas\/\"]}]},{\"@type\":\"BreadcrumbList\",\"@id\":\"https:\/\/www.ivanabeaumond.com.br\/vestidos-noiva\/dicas-de-verao-para-as-noivas\/#breadcrumb\",\"itemListElement\":[{\"@type\":\"ListItem\",\"position\":1,\"name\":\"In\u00edcio\",\"item\":\"https:\/\/www.ivanabeaumond.com.br\/vestidos-noiva\/\"},{\"@type\":\"ListItem\",\"position\":2,\"name\":\"Dicas de ver\u00e3o para as noivas\"}]},{\"@type\":\"WebSite\",\"@id\":\"https:\/\/www.ivanabeaumond.com.br\/vestidos-noiva\/#website\",\"url\":\"https:\/\/www.ivanabeaumond.com.br\/vestidos-noiva\/\",\"name\":\"Vestido de Noiva RJ\",\"description\":\"Moda Noiva\",\"publisher\":{\"@id\":\"https:\/\/www.ivanabeaumond.com.br\/vestidos-noiva\/#organization\"},\"potentialAction\":[{\"@type\":\"SearchAction\",\"target\":{\"@type\":\"EntryPoint\",\"urlTemplate\":\"https:\/\/www.ivanabeaumond.com.br\/vestidos-noiva\/?s={search_term_string}\"},\"query-input\":\"required name=search_term_string\"}],\"inLanguage\":\"pt-BR\"},{\"@type\":\"Organization\",\"@id\":\"https:\/\/www.ivanabeaumond.com.br\/vestidos-noiva\/#organization\",\"name\":\"Vestido de Noiva RJ\",\"url\":\"https:\/\/www.ivanabeaumond.com.br\/vestidos-noiva\/\",\"logo\":{\"@type\":\"ImageObject\",\"inLanguage\":\"pt-BR\",\"@id\":\"https:\/\/www.ivanabeaumond.com.br\/vestidos-noiva\/#\/schema\/logo\/image\/\",\"url\":\"https:\/\/www.ivanabeaumond.com.br\/vestidos-noiva\/wp-content\/uploads\/2018\/02\/logo_ivana_beaumond-2.png\",\"contentUrl\":\"https:\/\/www.ivanabeaumond.com.br\/vestidos-noiva\/wp-content\/uploads\/2018\/02\/logo_ivana_beaumond-2.png\",\"width\":230,\"height\":112,\"caption\":\"Vestido de Noiva RJ\"},\"image\":{\"@id\":\"https:\/\/www.ivanabeaumond.com.br\/vestidos-noiva\/#\/schema\/logo\/image\/\"},\"sameAs\":[\"https:\/\/www.facebook.com\/ivana.beaumondnoivas\",\"https:\/\/www.instagram.com\/ivanabeaumond\/\",\"https:\/\/www.tiktok.com\/@ivanabeaumond\"]},{\"@type\":\"Person\",\"@id\":\"https:\/\/www.ivanabeaumond.com.br\/vestidos-noiva\/#\/schema\/person\/1a360c4cffa3b806d29a456389dcff26\",\"name\":\"Ivana Beaumond Paris\",\"image\":{\"@type\":\"ImageObject\",\"inLanguage\":\"pt-BR\",\"@id\":\"https:\/\/www.ivanabeaumond.com.br\/vestidos-noiva\/#\/schema\/person\/image\/\",\"url\":\"https:\/\/secure.gravatar.com\/avatar\/641f98db20b53ec937ceb641db4270b9?s=96&d=mm&r=g\",\"contentUrl\":\"https:\/\/secure.gravatar.com\/avatar\/641f98db20b53ec937ceb641db4270b9?s=96&d=mm&r=g\",\"caption\":\"Ivana Beaumond Paris\"},\"url\":\"https:\/\/www.ivanabeaumond.com.br\/vestidos-noiva\/author\/ivana\/\"}]}<\/script>\n<!-- \/ Yoast SEO plugin. -->","yoast_head_json":{"title":"Dicas de ver\u00e3o para as noivas - Vestido de Noiva RJ","robots":{"index":"index","follow":"follow","max-snippet":"max-snippet:-1","max-image-preview":"max-image-preview:large","max-video-preview":"max-video-preview:-1"},"canonical":"https:\/\/www.ivanabeaumond.com.br\/vestidos-noiva\/dicas-de-verao-para-as-noivas\/","og_locale":"pt_BR","og_type":"article","og_title":"Dicas de ver\u00e3o para as noivas - Vestido de Noiva RJ","og_description":"O ver\u00e3o \u00e9 a \u00e9poca mais procurada para casamentos, especialmente...","og_url":"https:\/\/www.ivanabeaumond.com.br\/vestidos-noiva\/dicas-de-verao-para-as-noivas\/","og_site_name":"Vestido de Noiva RJ","article_publisher":"https:\/\/www.facebook.com\/ivana.beaumondnoivas","article_published_time":"2019-09-11T16:00:44+00:00","article_modified_time":"2019-09-11T15:58:38+00:00","og_image":[{"width":640,"height":467,"url":"https:\/\/www.ivanabeaumond.com.br\/vestidos-noiva\/wp-content\/uploads\/2019\/01\/imagem-destacada.jpg","type":"image\/jpeg"}],"author":"Ivana Beaumond Paris","twitter_card":"summary_large_image","twitter_misc":{"Escrito por":"Ivana Beaumond Paris","Est. tempo de leitura":"3 minutos"},"schema":{"@context":"https:\/\/schema.org","@graph":[{"@type":"Article","@id":"https:\/\/www.ivanabeaumond.com.br\/vestidos-noiva\/dicas-de-verao-para-as-noivas\/#article","isPartOf":{"@id":"https:\/\/www.ivanabeaumond.com.br\/vestidos-noiva\/dicas-de-verao-para-as-noivas\/"},"author":{"name":"Ivana Beaumond Paris","@id":"https:\/\/www.ivanabeaumond.com.br\/vestidos-noiva\/#\/schema\/person\/1a360c4cffa3b806d29a456389dcff26"},"headline":"Dicas de ver\u00e3o para as noivas","datePublished":"2019-09-11T16:00:44+00:00","dateModified":"2019-09-11T15:58:38+00:00","mainEntityOfPage":{"@id":"https:\/\/www.ivanabeaumond.com.br\/vestidos-noiva\/dicas-de-verao-para-as-noivas\/"},"wordCount":594,"publisher":{"@id":"https:\/\/www.ivanabeaumond.com.br\/vestidos-noiva\/#organization"},"keywords":["aluguel de roupas","aszmann","atelier","Atelierdenoiva","atelierivanabeaumond","brides","calor","casamento","casamento blindado","CasamentosRJ","diainesquecivel","dicas","dicas de ver\u00e3o","dress","euamocasamento","felicidade","festas","ivana beaumond","ivanabeaumond","madrinhas","maquiagem","moda festa","modanoiva","noiva e noivo","noivas","sapatos","ver\u00e3o","Ver\u00e3o 2019","vestido de noiva","weddingdress"],"articleSection":["Blog","Dicas e Truques"],"inLanguage":"pt-BR"},{"@type":"WebPage","@id":"https:\/\/www.ivanabeaumond.com.br\/vestidos-noiva\/dicas-de-verao-para-as-noivas\/","url":"https:\/\/www.ivanabeaumond.com.br\/vestidos-noiva\/dicas-de-verao-para-as-noivas\/","name":"Dicas de ver\u00e3o para as noivas - Vestido de Noiva RJ","isPartOf":{"@id":"https:\/\/www.ivanabeaumond.com.br\/vestidos-noiva\/#website"},"datePublished":"2019-09-11T16:00:44+00:00","dateModified":"2019-09-11T15:58:38+00:00","breadcrumb":{"@id":"https:\/\/www.ivanabeaumond.com.br\/vestidos-noiva\/dicas-de-verao-para-as-noivas\/#breadcrumb"},"inLanguage":"pt-BR","potentialAction":[{"@type":"ReadAction","target":["https:\/\/www.ivanabeaumond.com.br\/vestidos-noiva\/dicas-de-verao-para-as-noivas\/"]}]},{"@type":"BreadcrumbList","@id":"https:\/\/www.ivanabeaumond.com.br\/vestidos-noiva\/dicas-de-verao-para-as-noivas\/#breadcrumb","itemListElement":[{"@type":"ListItem","position":1,"name":"In\u00edcio","item":"https:\/\/www.ivanabeaumond.com.br\/vestidos-noiva\/"},{"@type":"ListItem","position":2,"name":"Dicas de ver\u00e3o para as noivas"}]},{"@type":"WebSite","@id":"https:\/\/www.ivanabeaumond.com.br\/vestidos-noiva\/#website","url":"https:\/\/www.ivanabeaumond.com.br\/vestidos-noiva\/","name":"Vestido de Noiva RJ","description":"Moda Noiva","publisher":{"@id":"https:\/\/www.ivanabeaumond.com.br\/vestidos-noiva\/#organization"},"potentialAction":[{"@type":"SearchAction","target":{"@type":"EntryPoint","urlTemplate":"https:\/\/www.ivanabeaumond.com.br\/vestidos-noiva\/?s={search_term_string}"},"query-input":"required name=search_term_string"}],"inLanguage":"pt-BR"},{"@type":"Organization","@id":"https:\/\/www.ivanabeaumond.com.br\/vestidos-noiva\/#organization","name":"Vestido de Noiva RJ","url":"https:\/\/www.ivanabeaumond.com.br\/vestidos-noiva\/","logo":{"@type":"ImageObject","inLanguage":"pt-BR","@id":"https:\/\/www.ivanabeaumond.com.br\/vestidos-noiva\/#\/schema\/logo\/image\/","url":"https:\/\/www.ivanabeaumond.com.br\/vestidos-noiva\/wp-content\/uploads\/2018\/02\/logo_ivana_beaumond-2.png","contentUrl":"https:\/\/www.ivanabeaumond.com.br\/vestidos-noiva\/wp-content\/uploads\/2018\/02\/logo_ivana_beaumond-2.png","width":230,"height":112,"caption":"Vestido de Noiva RJ"},"image":{"@id":"https:\/\/www.ivanabeaumond.com.br\/vestidos-noiva\/#\/schema\/logo\/image\/"},"sameAs":["https:\/\/www.facebook.com\/ivana.beaumondnoivas","https:\/\/www.instagram.com\/ivanabeaumond\/","https:\/\/www.tiktok.com\/@ivanabeaumond"]},{"@type":"Person","@id":"https:\/\/www.ivanabeaumond.com.br\/vestidos-noiva\/#\/schema\/person\/1a360c4cffa3b806d29a456389dcff26","name":"Ivana Beaumond Paris","image":{"@type":"ImageObject","inLanguage":"pt-BR","@id":"https:\/\/www.ivanabeaumond.com.br\/vestidos-noiva\/#\/schema\/person\/image\/","url":"https:\/\/secure.gravatar.com\/avatar\/641f98db20b53ec937ceb641db4270b9?s=96&d=mm&r=g","contentUrl":"https:\/\/secure.gravatar.com\/avatar\/641f98db20b53ec937ceb641db4270b9?s=96&d=mm&r=g","caption":"Ivana Beaumond Paris"},"url":"https:\/\/www.ivanabeaumond.com.br\/vestidos-noiva\/author\/ivana\/"}]}},"_links":{"self":[{"href":"https:\/\/www.ivanabeaumond.com.br\/vestidos-noiva\/wp-json\/wp\/v2\/posts\/16873"}],"collection":[{"href":"https:\/\/www.ivanabeaumond.com.br\/vestidos-noiva\/wp-json\/wp\/v2\/posts"}],"about":[{"href":"https:\/\/www.ivanabeaumond.com.br\/vestidos-noiva\/wp-json\/wp\/v2\/types\/post"}],"author":[{"embeddable":true,"href":"https:\/\/www.ivanabeaumond.com.br\/vestidos-noiva\/wp-json\/wp\/v2\/users\/4"}],"replies":[{"embeddable":true,"href":"https:\/\/www.ivanabeaumond.com.br\/vestidos-noiva\/wp-json\/wp\/v2\/comments?post=16873"}],"version-history":[{"count":21,"href":"https:\/\/www.ivanabeaumond.com.br\/vestidos-noiva\/wp-json\/wp\/v2\/posts\/16873\/revisions"}],"predecessor-version":[{"id":16905,"href":"https:\/\/www.ivanabeaumond.com.br\/vestidos-noiva\/wp-json\/wp\/v2\/posts\/16873\/revisions\/16905"}],"wp:featuredmedia":[{"embeddable":true,"href":"https:\/\/www.ivanabeaumond.com.br\/vestidos-noiva\/wp-json\/wp\/v2\/media\/16903"}],"wp:attachment":[{"href":"https:\/\/www.ivanabeaumond.com.br\/vestidos-noiva\/wp-json\/wp\/v2\/media?parent=16873"}],"wp:term":[{"taxonomy":"category","embeddable":true,"href":"https:\/\/www.ivanabeaumond.com.br\/vestidos-noiva\/wp-json\/wp\/v2\/categories?post=16873"},{"taxonomy":"post_tag","embeddable":true,"href":"https:\/\/www.ivanabeaumond.com.br\/vestidos-noiva\/wp-json\/wp\/v2\/tags?post=16873"}],"curies":[{"name":"wp","href":"https:\/\/api.w.org\/{rel}","templated":true}]}}