{"id":16926,"date":"2019-01-08T18:37:34","date_gmt":"2019-01-08T20:37:34","guid":{"rendered":"http:\/\/www.ivanabeaumond.com.br\/vestidos-noiva\/?p=16926"},"modified":"2020-08-10T16:54:25","modified_gmt":"2020-08-10T19:54:25","slug":"mariana-e-fred","status":"publish","type":"post","link":"https:\/\/www.ivanabeaumond.com.br\/vestidos-noiva\/mariana-e-fred\/","title":{"rendered":"Casamento na Igreja com Mariana e Fred"},"content":{"rendered":"\n<h4 class=\"wp-block-heading\"><span style=\"color: #999999;\">Os noivos Mariana e Fred subiram ao altar da 2\u00aa Igreja Batista de Campos em uma cerim\u00f4nia repleta de momentos emocionantes.<\/span><\/h4>\n\n\n\n<div style=\"height:37px\" aria-hidden=\"true\" class=\"wp-block-spacer\"><\/div>\n\n\n\n<div class=\"wp-block-image\"><figure class=\"aligncenter\"><img decoding=\"async\" loading=\"lazy\" width=\"1024\" height=\"684\" src=\"http:\/\/www.ivanabeaumond.com.br\/vestidos-noiva\/wp-content\/uploads\/2019\/01\/casamento-mariana-noiva-vestido-ivana-beaumond-paris-27-1024x684.jpg\" alt=\"casamento-mariana-noiva-vestido-ivana-beaumond-paris (27)\" class=\"wp-image-16929\" srcset=\"https:\/\/www.ivanabeaumond.com.br\/vestidos-noiva\/wp-content\/uploads\/2019\/01\/casamento-mariana-noiva-vestido-ivana-beaumond-paris-27-1024x684.jpg 1024w, https:\/\/www.ivanabeaumond.com.br\/vestidos-noiva\/wp-content\/uploads\/2019\/01\/casamento-mariana-noiva-vestido-ivana-beaumond-paris-27-300x200.jpg 300w, https:\/\/www.ivanabeaumond.com.br\/vestidos-noiva\/wp-content\/uploads\/2019\/01\/casamento-mariana-noiva-vestido-ivana-beaumond-paris-27-480x320.jpg 480w, https:\/\/www.ivanabeaumond.com.br\/vestidos-noiva\/wp-content\/uploads\/2019\/01\/casamento-mariana-noiva-vestido-ivana-beaumond-paris-27.jpg 1920w\" sizes=\"(max-width: 1024px) 100vw, 1024px\" \/><\/figure><\/div>\n\n\n\n<div style=\"height:39px\" aria-hidden=\"true\" class=\"wp-block-spacer\"><\/div>\n\n\n\n<h4 class=\"wp-block-heading\"><span style=\"color: #999999;\">Com um sorriso inesquec\u00edvel e simpatia cativante, Mariana \u00e9 uma noiva rom\u00e2ntica, e quis expressar isso de todas as formas em seu casamento. Desde a decora\u00e7\u00e3o at\u00e9 o buqu\u00ea a cerim\u00f4nia contou com refer\u00eancias cl\u00e1ssicas, que culminavam com a pr\u00f3pria escolha de fazer a cerim\u00f4nia na igreja.<\/span><\/h4>\n\n\n\n<div style=\"height:35px\" aria-hidden=\"true\" class=\"wp-block-spacer\"><\/div>\n\n\n\n<div class=\"wp-block-image\"><figure class=\"aligncenter\"><img decoding=\"async\" loading=\"lazy\" width=\"1024\" height=\"684\" src=\"http:\/\/www.ivanabeaumond.com.br\/vestidos-noiva\/wp-content\/uploads\/2019\/01\/casamento-mariana-noiva-vestido-ivana-beaumond-paris-12-1024x684.jpg\" alt=\"casamento-mariana-noiva-vestido-ivana-beaumond-paris (12)\" class=\"wp-image-16932\" srcset=\"https:\/\/www.ivanabeaumond.com.br\/vestidos-noiva\/wp-content\/uploads\/2019\/01\/casamento-mariana-noiva-vestido-ivana-beaumond-paris-12-1024x684.jpg 1024w, https:\/\/www.ivanabeaumond.com.br\/vestidos-noiva\/wp-content\/uploads\/2019\/01\/casamento-mariana-noiva-vestido-ivana-beaumond-paris-12-300x200.jpg 300w, https:\/\/www.ivanabeaumond.com.br\/vestidos-noiva\/wp-content\/uploads\/2019\/01\/casamento-mariana-noiva-vestido-ivana-beaumond-paris-12-480x320.jpg 480w, https:\/\/www.ivanabeaumond.com.br\/vestidos-noiva\/wp-content\/uploads\/2019\/01\/casamento-mariana-noiva-vestido-ivana-beaumond-paris-12.jpg 1920w\" sizes=\"(max-width: 1024px) 100vw, 1024px\" \/><\/figure><\/div>\n\n\n\n<div class=\"wp-block-image\"><figure class=\"aligncenter\"><img decoding=\"async\" loading=\"lazy\" width=\"1024\" height=\"684\" src=\"http:\/\/www.ivanabeaumond.com.br\/vestidos-noiva\/wp-content\/uploads\/2019\/01\/casamento-mariana-noiva-vestido-ivana-beaumond-paris-13-1024x684.jpg\" alt=\"casamento-mariana-noiva-vestido-ivana-beaumond-paris (13)\" class=\"wp-image-16933\" srcset=\"https:\/\/www.ivanabeaumond.com.br\/vestidos-noiva\/wp-content\/uploads\/2019\/01\/casamento-mariana-noiva-vestido-ivana-beaumond-paris-13-1024x684.jpg 1024w, https:\/\/www.ivanabeaumond.com.br\/vestidos-noiva\/wp-content\/uploads\/2019\/01\/casamento-mariana-noiva-vestido-ivana-beaumond-paris-13-300x200.jpg 300w, https:\/\/www.ivanabeaumond.com.br\/vestidos-noiva\/wp-content\/uploads\/2019\/01\/casamento-mariana-noiva-vestido-ivana-beaumond-paris-13-480x320.jpg 480w, https:\/\/www.ivanabeaumond.com.br\/vestidos-noiva\/wp-content\/uploads\/2019\/01\/casamento-mariana-noiva-vestido-ivana-beaumond-paris-13.jpg 1920w\" sizes=\"(max-width: 1024px) 100vw, 1024px\" \/><\/figure><\/div>\n\n\n\n<div style=\"height:41px\" aria-hidden=\"true\" class=\"wp-block-spacer\"><\/div>\n\n\n\n<h4 class=\"wp-block-heading\"><span style=\"color: #999999;\">O vestido tamb\u00e9m esbanjou romantismo. Nossa noiva Mariana usou um modelo princesa com cintura marcada por um la\u00e7o chanel e saia volumosa. A renda fina que cobria o decote com mangas curtas se abria na parte da frente da saia como se fosse uma fenda fake, dando fluidez e imprimindo movimento.<\/span><\/h4>\n\n\n\n<div style=\"height:32px\" aria-hidden=\"true\" class=\"wp-block-spacer\"><\/div>\n\n\n\n<div class=\"wp-block-image\"><figure class=\"aligncenter\"><img decoding=\"async\" loading=\"lazy\" width=\"1024\" height=\"684\" src=\"http:\/\/www.ivanabeaumond.com.br\/vestidos-noiva\/wp-content\/uploads\/2019\/01\/casamento-mariana-noiva-vestido-ivana-beaumond-paris-34-1024x684.jpg\" alt=\"casamento-mariana-noiva-vestido-ivana-beaumond-paris (34)\" class=\"wp-image-16937\" srcset=\"https:\/\/www.ivanabeaumond.com.br\/vestidos-noiva\/wp-content\/uploads\/2019\/01\/casamento-mariana-noiva-vestido-ivana-beaumond-paris-34-1024x684.jpg 1024w, https:\/\/www.ivanabeaumond.com.br\/vestidos-noiva\/wp-content\/uploads\/2019\/01\/casamento-mariana-noiva-vestido-ivana-beaumond-paris-34-300x200.jpg 300w, https:\/\/www.ivanabeaumond.com.br\/vestidos-noiva\/wp-content\/uploads\/2019\/01\/casamento-mariana-noiva-vestido-ivana-beaumond-paris-34-480x320.jpg 480w, https:\/\/www.ivanabeaumond.com.br\/vestidos-noiva\/wp-content\/uploads\/2019\/01\/casamento-mariana-noiva-vestido-ivana-beaumond-paris-34.jpg 1920w\" sizes=\"(max-width: 1024px) 100vw, 1024px\" \/><\/figure><\/div>\n\n\n\n<div style=\"height:40px\" aria-hidden=\"true\" class=\"wp-block-spacer\"><\/div>\n\n\n\n<h4 class=\"wp-block-heading\"><span style=\"color: #999999;\">Ao casal Mariana e Fred, desejamos um imenso parab\u00e9ns e um casamento cheio de felicidade, conquistas e muito amor. Um obrigado especial \u00e0 nossa querida e encantadora noiva Mariana por ter nos escolhido para vesti-la nesse dia t\u00e3o importante.<\/span><\/h4>\n\n\n\n<div style=\"height:35px\" aria-hidden=\"true\" class=\"wp-block-spacer\"><\/div>\n\n\n\n<h4 class=\"wp-block-heading\"><span style=\"color: #999999;\">Veja outras fotos do casamento da Mariana, feitas por <span style=\"color: #000000;\"><a style=\"color: #000000;\" href=\"http:\/\/www.thiagorodriguesfotografia.com\/blog\/casamento-fred-e-mariana\" target=\"_blank\" rel=\"noopener noreferrer\">Thiago Rodrigues Fotografia<\/a><\/span>:<\/span><\/h4>\n\n\n\n<div style=\"height:49px\" aria-hidden=\"true\" class=\"wp-block-spacer\"><\/div>\n\n\n\n<style id=\"bwg-style-0\">    #bwg_container1_0 #bwg_container2_0 .bwg-container-0.bwg-standard-thumbnails {      width: 724px;              justify-content: center;        margin:0 auto !important;              background-color: rgba(255, 255, 255, 0.00);            padding-left: 4px;      padding-top: 4px;      max-width: 100%;            }        #bwg_container1_0 #bwg_container2_0 .bwg-container-0.bwg-standard-thumbnails .bwg-item {    justify-content: flex-start;      max-width: 180px;            width: 180px !important;          }    #bwg_container1_0 #bwg_container2_0 .bwg-container-0.bwg-standard-thumbnails .bwg-item a {       margin-right: 4px;       margin-bottom: 4px;    }    #bwg_container1_0 #bwg_container2_0 .bwg-container-0.bwg-standard-thumbnails .bwg-item0 {      padding: 0px;            background-color:rgba(255,255,255, 0.30);      border: 0px none #CCCCCC;      opacity: 1.00;      border-radius: 0;      box-shadow: 0px 0px 0px #888888;    }    #bwg_container1_0 #bwg_container2_0 .bwg-container-0.bwg-standard-thumbnails .bwg-item1 img {      max-height: none;      max-width: none;      padding: 0 !important;    }        @media only screen and (min-width: 480px) {      #bwg_container1_0 #bwg_container2_0 .bwg-container-0.bwg-standard-thumbnails .bwg-item0 {        transition: all 0.3s ease 0s;-webkit-transition: all 0.3s ease 0s;      }      #bwg_container1_0 #bwg_container2_0 .bwg-container-0.bwg-standard-thumbnails .bwg-item0:hover {        -ms-transform: scale(1.1);        -webkit-transform: scale(1.1);        transform: scale(1.1);      }    }          #bwg_container1_0 #bwg_container2_0 .bwg-container-0.bwg-standard-thumbnails .bwg-item1 {      padding-top: 50%;    }        #bwg_container1_0 #bwg_container2_0 .bwg-container-0.bwg-standard-thumbnails .bwg-title2,    #bwg_container1_0 #bwg_container2_0 .bwg-container-0.bwg-standard-thumbnails .bwg-ecommerce2 {      color: #CCCCCC;      font-family: segoe ui;      font-size: 16px;      font-weight: bold;      padding: 2px;      text-shadow: 0px 0px 0px #888888;      max-height: 100%;    }    #bwg_container1_0 #bwg_container2_0 .bwg-container-0.bwg-standard-thumbnails .bwg-thumb-description span {    color: #323A45;    font-family: Ubuntu;    font-size: 12px;    max-height: 100%;    word-wrap: break-word;    }    #bwg_container1_0 #bwg_container2_0 .bwg-container-0.bwg-standard-thumbnails .bwg-play-icon2 {      font-size: 32px;    }    #bwg_container1_0 #bwg_container2_0 .bwg-container-0.bwg-standard-thumbnails .bwg-ecommerce2 {      font-size: 19.2px;      color: #CCCCCC;    }    <\/style>    <div id=\"bwg_container1_0\"         class=\"bwg_container bwg_thumbnail bwg_thumbnails \"         data-right-click-protection=\"0\"         data-bwg=\"0\"         data-scroll=\"0\"         data-gallery-type=\"thumbnails\"         data-gallery-view-type=\"thumbnails\"         data-current-url=\"\/vestidos-noiva\/wp-json\/wp\/v2\/posts\/16926\"         data-lightbox-url=\"https:\/\/www.ivanabeaumond.com.br\/vestidos-noiva\/wp-admin\/admin-ajax.php?action=GalleryBox&#038;current_view=0&#038;gallery_id=90&#038;tag=0&#038;theme_id=1&#038;shortcode_id=173&#038;sort_by=order&#038;order_by=asc&#038;current_url=%2Fvestidos-noiva%2Fwp-json%2Fwp%2Fv2%2Fposts%2F16926\"         data-gallery-id=\"90\"         data-popup-width=\"600\"         data-popup-height=\"600\"         data-is-album=\"gallery\"         data-buttons-position=\"bottom\">      <div id=\"bwg_container2_0\">             <div id=\"ajax_loading_0\" class=\"bwg_loading_div_1\">      <div class=\"bwg_loading_div_2\">        <div class=\"bwg_loading_div_3\">          <div id=\"loading_div_0\" class=\"bwg_spider_ajax_loading\">          <\/div>        <\/div>      <\/div>    <\/div>            <form id=\"gal_front_form_0\"              class=\"bwg-hidden\"              method=\"post\"              action=\"#\"              data-current=\"0\"              data-shortcode-id=\"173\"              data-gallery-type=\"thumbnails\"              data-gallery-id=\"90\"              data-tag=\"0\"              data-album-id=\"0\"              data-theme-id=\"1\"              data-ajax-url=\"https:\/\/www.ivanabeaumond.com.br\/vestidos-noiva\/wp-admin\/admin-ajax.php?action=bwg_frontend_data\">          <div id=\"bwg_container3_0\" class=\"bwg-background bwg-background-0\">                <div data-max-count=\"4\"         data-thumbnail-width=\"180\"         data-bwg=\"0\"         data-gallery-id=\"90\"         data-lightbox-url=\"https:\/\/www.ivanabeaumond.com.br\/vestidos-noiva\/wp-admin\/admin-ajax.php?action=GalleryBox&amp;current_view=0&amp;gallery_id=90&amp;tag=0&amp;theme_id=1&amp;shortcode_id=173&amp;sort_by=order&amp;order_by=asc&amp;current_url=%2Fvestidos-noiva%2Fwp-json%2Fwp%2Fv2%2Fposts%2F16926\"         id=\"bwg_thumbnails_0\"         class=\"bwg-container-0 bwg-thumbnails bwg-standard-thumbnails bwg-container bwg-border-box\">            <div class=\"bwg-item\">        <a class=\"bwg-a  bwg_lightbox\"  data-image-id=\"2187\" href=\"https:\/\/www.ivanabeaumond.com.br\/vestidos-noiva\/wp-content\/uploads\/photo-gallery\/casamento-mariana-noiva-vestido-ivana-beaumond-paris%20(1).jpg\" data-elementor-open-lightbox=\"no\">                <div class=\"bwg-item0 \">          <div class=\"bwg-item1 \">            <div class=\"bwg-item2\">              <img class=\"skip-lazy bwg_standart_thumb_img_0 \"                   data-id=\"2187\"                   data-width=\"\"                   data-height=\"\"                   data-src=\"https:\/\/www.ivanabeaumond.com.br\/vestidos-noiva\/wp-content\/uploads\/photo-gallery\/thumb\/casamento-mariana-noiva-vestido-ivana-beaumond-paris%20(1).jpg\"                   src=\"https:\/\/www.ivanabeaumond.com.br\/vestidos-noiva\/wp-content\/uploads\/photo-gallery\/thumb\/casamento-mariana-noiva-vestido-ivana-beaumond-paris%20(1).jpg\"                   alt=\"casamento-mariana-noiva-vestido-ivana-beaumond-paris (1)\"                   title=\"casamento-mariana-noiva-vestido-ivana-beaumond-paris (1)\" \/>            <\/div>            <div class=\"\">                                                      <\/div>          <\/div>        <\/div>                        <\/a>              <\/div>            <div class=\"bwg-item\">        <a class=\"bwg-a  bwg_lightbox\"  data-image-id=\"2188\" href=\"https:\/\/www.ivanabeaumond.com.br\/vestidos-noiva\/wp-content\/uploads\/photo-gallery\/casamento-mariana-noiva-vestido-ivana-beaumond-paris%20(2).jpg\" data-elementor-open-lightbox=\"no\">                <div class=\"bwg-item0 \">          <div class=\"bwg-item1 \">            <div class=\"bwg-item2\">              <img class=\"skip-lazy bwg_standart_thumb_img_0 \"                   data-id=\"2188\"                   data-width=\"\"                   data-height=\"\"                   data-src=\"https:\/\/www.ivanabeaumond.com.br\/vestidos-noiva\/wp-content\/uploads\/photo-gallery\/thumb\/casamento-mariana-noiva-vestido-ivana-beaumond-paris%20(2).jpg\"                   src=\"https:\/\/www.ivanabeaumond.com.br\/vestidos-noiva\/wp-content\/uploads\/photo-gallery\/thumb\/casamento-mariana-noiva-vestido-ivana-beaumond-paris%20(2).jpg\"                   alt=\"casamento-mariana-noiva-vestido-ivana-beaumond-paris (2)\"                   title=\"casamento-mariana-noiva-vestido-ivana-beaumond-paris (2)\" \/>            <\/div>            <div class=\"\">                                                      <\/div>          <\/div>        <\/div>                        <\/a>              <\/div>            <div class=\"bwg-item\">        <a class=\"bwg-a  bwg_lightbox\"  data-image-id=\"2227\" href=\"https:\/\/www.ivanabeaumond.com.br\/vestidos-noiva\/wp-content\/uploads\/photo-gallery\/casamento-mariana-noiva-vestido-ivana-beaumond-paris%20(3).jpg\" data-elementor-open-lightbox=\"no\">                <div class=\"bwg-item0 \">          <div class=\"bwg-item1 \">            <div class=\"bwg-item2\">              <img class=\"skip-lazy bwg_standart_thumb_img_0 \"                   data-id=\"2227\"                   data-width=\"\"                   data-height=\"\"                   data-src=\"https:\/\/www.ivanabeaumond.com.br\/vestidos-noiva\/wp-content\/uploads\/photo-gallery\/thumb\/casamento-mariana-noiva-vestido-ivana-beaumond-paris%20(3).jpg\"                   src=\"https:\/\/www.ivanabeaumond.com.br\/vestidos-noiva\/wp-content\/uploads\/photo-gallery\/thumb\/casamento-mariana-noiva-vestido-ivana-beaumond-paris%20(3).jpg\"                   alt=\"casamento-mariana-noiva-vestido-ivana-beaumond-paris (3)\"                   title=\"casamento-mariana-noiva-vestido-ivana-beaumond-paris (3)\" \/>            <\/div>            <div class=\"\">                                                      <\/div>          <\/div>        <\/div>                        <\/a>              <\/div>            <div class=\"bwg-item\">        <a class=\"bwg-a  bwg_lightbox\"  data-image-id=\"2190\" href=\"https:\/\/www.ivanabeaumond.com.br\/vestidos-noiva\/wp-content\/uploads\/photo-gallery\/casamento-mariana-noiva-vestido-ivana-beaumond-paris%20(4).jpg\" data-elementor-open-lightbox=\"no\">                <div class=\"bwg-item0 \">          <div class=\"bwg-item1 \">            <div class=\"bwg-item2\">              <img class=\"skip-lazy bwg_standart_thumb_img_0 \"                   data-id=\"2190\"                   data-width=\"\"                   data-height=\"\"                   data-src=\"https:\/\/www.ivanabeaumond.com.br\/vestidos-noiva\/wp-content\/uploads\/photo-gallery\/thumb\/casamento-mariana-noiva-vestido-ivana-beaumond-paris%20(4).jpg\"                   src=\"https:\/\/www.ivanabeaumond.com.br\/vestidos-noiva\/wp-content\/uploads\/photo-gallery\/thumb\/casamento-mariana-noiva-vestido-ivana-beaumond-paris%20(4).jpg\"                   alt=\"casamento-mariana-noiva-vestido-ivana-beaumond-paris (4)\"                   title=\"casamento-mariana-noiva-vestido-ivana-beaumond-paris (4)\" \/>            <\/div>            <div class=\"\">                                                      <\/div>          <\/div>        <\/div>                        <\/a>              <\/div>            <div class=\"bwg-item\">        <a class=\"bwg-a  bwg_lightbox\"  data-image-id=\"2229\" href=\"https:\/\/www.ivanabeaumond.com.br\/vestidos-noiva\/wp-content\/uploads\/photo-gallery\/casamento-mariana-noiva-vestido-ivana-beaumond-paris%20(5).jpg\" data-elementor-open-lightbox=\"no\">                <div class=\"bwg-item0 \">          <div class=\"bwg-item1 \">            <div class=\"bwg-item2\">              <img class=\"skip-lazy bwg_standart_thumb_img_0 \"                   data-id=\"2229\"                   data-width=\"\"                   data-height=\"\"                   data-src=\"https:\/\/www.ivanabeaumond.com.br\/vestidos-noiva\/wp-content\/uploads\/photo-gallery\/thumb\/casamento-mariana-noiva-vestido-ivana-beaumond-paris%20(5).jpg\"                   src=\"https:\/\/www.ivanabeaumond.com.br\/vestidos-noiva\/wp-content\/uploads\/photo-gallery\/thumb\/casamento-mariana-noiva-vestido-ivana-beaumond-paris%20(5).jpg\"                   alt=\"casamento-mariana-noiva-vestido-ivana-beaumond-paris (5)\"                   title=\"casamento-mariana-noiva-vestido-ivana-beaumond-paris (5)\" \/>            <\/div>            <div class=\"\">                                                      <\/div>          <\/div>        <\/div>                        <\/a>              <\/div>            <div class=\"bwg-item\">        <a class=\"bwg-a  bwg_lightbox\"  data-image-id=\"2230\" href=\"https:\/\/www.ivanabeaumond.com.br\/vestidos-noiva\/wp-content\/uploads\/photo-gallery\/casamento-mariana-noiva-vestido-ivana-beaumond-paris%20(6).jpg\" data-elementor-open-lightbox=\"no\">                <div class=\"bwg-item0 \">          <div class=\"bwg-item1 \">            <div class=\"bwg-item2\">              <img class=\"skip-lazy bwg_standart_thumb_img_0 \"                   data-id=\"2230\"                   data-width=\"\"                   data-height=\"\"                   data-src=\"https:\/\/www.ivanabeaumond.com.br\/vestidos-noiva\/wp-content\/uploads\/photo-gallery\/thumb\/casamento-mariana-noiva-vestido-ivana-beaumond-paris%20(6).jpg\"                   src=\"https:\/\/www.ivanabeaumond.com.br\/vestidos-noiva\/wp-content\/uploads\/photo-gallery\/thumb\/casamento-mariana-noiva-vestido-ivana-beaumond-paris%20(6).jpg\"                   alt=\"casamento-mariana-noiva-vestido-ivana-beaumond-paris (6)\"                   title=\"casamento-mariana-noiva-vestido-ivana-beaumond-paris (6)\" \/>            <\/div>            <div class=\"\">                                                      <\/div>          <\/div>        <\/div>                        <\/a>              <\/div>            <div class=\"bwg-item\">        <a class=\"bwg-a  bwg_lightbox\"  data-image-id=\"2193\" href=\"https:\/\/www.ivanabeaumond.com.br\/vestidos-noiva\/wp-content\/uploads\/photo-gallery\/casamento-mariana-noiva-vestido-ivana-beaumond-paris%20(7).jpg\" data-elementor-open-lightbox=\"no\">                <div class=\"bwg-item0 \">          <div class=\"bwg-item1 \">            <div class=\"bwg-item2\">              <img class=\"skip-lazy bwg_standart_thumb_img_0 \"                   data-id=\"2193\"                   data-width=\"\"                   data-height=\"\"                   data-src=\"https:\/\/www.ivanabeaumond.com.br\/vestidos-noiva\/wp-content\/uploads\/photo-gallery\/thumb\/casamento-mariana-noiva-vestido-ivana-beaumond-paris%20(7).jpg\"                   src=\"https:\/\/www.ivanabeaumond.com.br\/vestidos-noiva\/wp-content\/uploads\/photo-gallery\/thumb\/casamento-mariana-noiva-vestido-ivana-beaumond-paris%20(7).jpg\"                   alt=\"casamento-mariana-noiva-vestido-ivana-beaumond-paris (7)\"                   title=\"casamento-mariana-noiva-vestido-ivana-beaumond-paris (7)\" \/>            <\/div>            <div class=\"\">                                                      <\/div>          <\/div>        <\/div>                        <\/a>              <\/div>            <div class=\"bwg-item\">        <a class=\"bwg-a  bwg_lightbox\"  data-image-id=\"2198\" href=\"https:\/\/www.ivanabeaumond.com.br\/vestidos-noiva\/wp-content\/uploads\/photo-gallery\/casamento-mariana-noiva-vestido-ivana-beaumond-paris%20(12).jpg\" data-elementor-open-lightbox=\"no\">                <div class=\"bwg-item0 \">          <div class=\"bwg-item1 \">            <div class=\"bwg-item2\">              <img class=\"skip-lazy bwg_standart_thumb_img_0 \"                   data-id=\"2198\"                   data-width=\"\"                   data-height=\"\"                   data-src=\"https:\/\/www.ivanabeaumond.com.br\/vestidos-noiva\/wp-content\/uploads\/photo-gallery\/thumb\/casamento-mariana-noiva-vestido-ivana-beaumond-paris%20(12).jpg\"                   src=\"https:\/\/www.ivanabeaumond.com.br\/vestidos-noiva\/wp-content\/uploads\/photo-gallery\/thumb\/casamento-mariana-noiva-vestido-ivana-beaumond-paris%20(12).jpg\"                   alt=\"casamento-mariana-noiva-vestido-ivana-beaumond-paris (12)\"                   title=\"casamento-mariana-noiva-vestido-ivana-beaumond-paris (12)\" \/>            <\/div>            <div class=\"\">                                                      <\/div>          <\/div>        <\/div>                        <\/a>              <\/div>            <div class=\"bwg-item\">        <a class=\"bwg-a  bwg_lightbox\"  data-image-id=\"2200\" href=\"https:\/\/www.ivanabeaumond.com.br\/vestidos-noiva\/wp-content\/uploads\/photo-gallery\/casamento-mariana-noiva-vestido-ivana-beaumond-paris%20(14).jpg\" data-elementor-open-lightbox=\"no\">                <div class=\"bwg-item0 \">          <div class=\"bwg-item1 \">            <div class=\"bwg-item2\">              <img class=\"skip-lazy bwg_standart_thumb_img_0 \"                   data-id=\"2200\"                   data-width=\"\"                   data-height=\"\"                   data-src=\"https:\/\/www.ivanabeaumond.com.br\/vestidos-noiva\/wp-content\/uploads\/photo-gallery\/thumb\/casamento-mariana-noiva-vestido-ivana-beaumond-paris%20(14).jpg\"                   src=\"https:\/\/www.ivanabeaumond.com.br\/vestidos-noiva\/wp-content\/uploads\/photo-gallery\/thumb\/casamento-mariana-noiva-vestido-ivana-beaumond-paris%20(14).jpg\"                   alt=\"casamento-mariana-noiva-vestido-ivana-beaumond-paris (14)\"                   title=\"casamento-mariana-noiva-vestido-ivana-beaumond-paris (14)\" \/>            <\/div>            <div class=\"\">                                                      <\/div>          <\/div>        <\/div>                        <\/a>              <\/div>            <div class=\"bwg-item\">        <a class=\"bwg-a  bwg_lightbox\"  data-image-id=\"2232\" href=\"https:\/\/www.ivanabeaumond.com.br\/vestidos-noiva\/wp-content\/uploads\/photo-gallery\/casamento-mariana-noiva-vestido-ivana-beaumond-paris%20(36).jpg\" data-elementor-open-lightbox=\"no\">                <div class=\"bwg-item0 \">          <div class=\"bwg-item1 \">            <div class=\"bwg-item2\">              <img class=\"skip-lazy bwg_standart_thumb_img_0 \"                   data-id=\"2232\"                   data-width=\"\"                   data-height=\"\"                   data-src=\"https:\/\/www.ivanabeaumond.com.br\/vestidos-noiva\/wp-content\/uploads\/photo-gallery\/thumb\/casamento-mariana-noiva-vestido-ivana-beaumond-paris%20(36).jpg\"                   src=\"https:\/\/www.ivanabeaumond.com.br\/vestidos-noiva\/wp-content\/uploads\/photo-gallery\/thumb\/casamento-mariana-noiva-vestido-ivana-beaumond-paris%20(36).jpg\"                   alt=\"casamento-mariana-noiva-vestido-ivana-beaumond-paris (36)\"                   title=\"casamento-mariana-noiva-vestido-ivana-beaumond-paris (36)\" \/>            <\/div>            <div class=\"\">                                                      <\/div>          <\/div>        <\/div>                        <\/a>              <\/div>            <div class=\"bwg-item\">        <a class=\"bwg-a  bwg_lightbox\"  data-image-id=\"2233\" href=\"https:\/\/www.ivanabeaumond.com.br\/vestidos-noiva\/wp-content\/uploads\/photo-gallery\/casamento-mariana-noiva-vestido-ivana-beaumond-paris%20(37).jpg\" data-elementor-open-lightbox=\"no\">                <div class=\"bwg-item0 \">          <div class=\"bwg-item1 \">            <div class=\"bwg-item2\">              <img class=\"skip-lazy bwg_standart_thumb_img_0 \"                   data-id=\"2233\"                   data-width=\"\"                   data-height=\"\"                   data-src=\"https:\/\/www.ivanabeaumond.com.br\/vestidos-noiva\/wp-content\/uploads\/photo-gallery\/thumb\/casamento-mariana-noiva-vestido-ivana-beaumond-paris%20(37).jpg\"                   src=\"https:\/\/www.ivanabeaumond.com.br\/vestidos-noiva\/wp-content\/uploads\/photo-gallery\/thumb\/casamento-mariana-noiva-vestido-ivana-beaumond-paris%20(37).jpg\"                   alt=\"casamento-mariana-noiva-vestido-ivana-beaumond-paris (37)\"                   title=\"casamento-mariana-noiva-vestido-ivana-beaumond-paris (37)\" \/>            <\/div>            <div class=\"\">                                                      <\/div>          <\/div>        <\/div>                        <\/a>              <\/div>            <div class=\"bwg-item\">        <a class=\"bwg-a  bwg_lightbox\"  data-image-id=\"2196\" href=\"https:\/\/www.ivanabeaumond.com.br\/vestidos-noiva\/wp-content\/uploads\/photo-gallery\/casamento-mariana-noiva-vestido-ivana-beaumond-paris%20(10).jpg\" data-elementor-open-lightbox=\"no\">                <div class=\"bwg-item0 \">          <div class=\"bwg-item1 \">            <div class=\"bwg-item2\">              <img class=\"skip-lazy bwg_standart_thumb_img_0 \"                   data-id=\"2196\"                   data-width=\"\"                   data-height=\"\"                   data-src=\"https:\/\/www.ivanabeaumond.com.br\/vestidos-noiva\/wp-content\/uploads\/photo-gallery\/thumb\/casamento-mariana-noiva-vestido-ivana-beaumond-paris%20(10).jpg\"                   src=\"https:\/\/www.ivanabeaumond.com.br\/vestidos-noiva\/wp-content\/uploads\/photo-gallery\/thumb\/casamento-mariana-noiva-vestido-ivana-beaumond-paris%20(10).jpg\"                   alt=\"casamento-mariana-noiva-vestido-ivana-beaumond-paris (10)\"                   title=\"casamento-mariana-noiva-vestido-ivana-beaumond-paris (10)\" \/>            <\/div>            <div class=\"\">                                                      <\/div>          <\/div>        <\/div>                        <\/a>              <\/div>            <div class=\"bwg-item\">        <a class=\"bwg-a  bwg_lightbox\"  data-image-id=\"2197\" href=\"https:\/\/www.ivanabeaumond.com.br\/vestidos-noiva\/wp-content\/uploads\/photo-gallery\/casamento-mariana-noiva-vestido-ivana-beaumond-paris%20(11).jpg\" data-elementor-open-lightbox=\"no\">                <div class=\"bwg-item0 \">          <div class=\"bwg-item1 \">            <div class=\"bwg-item2\">              <img class=\"skip-lazy bwg_standart_thumb_img_0 \"                   data-id=\"2197\"                   data-width=\"\"                   data-height=\"\"                   data-src=\"https:\/\/www.ivanabeaumond.com.br\/vestidos-noiva\/wp-content\/uploads\/photo-gallery\/thumb\/casamento-mariana-noiva-vestido-ivana-beaumond-paris%20(11).jpg\"                   src=\"https:\/\/www.ivanabeaumond.com.br\/vestidos-noiva\/wp-content\/uploads\/photo-gallery\/thumb\/casamento-mariana-noiva-vestido-ivana-beaumond-paris%20(11).jpg\"                   alt=\"casamento-mariana-noiva-vestido-ivana-beaumond-paris (11)\"                   title=\"casamento-mariana-noiva-vestido-ivana-beaumond-paris (11)\" \/>            <\/div>            <div class=\"\">                                                      <\/div>          <\/div>        <\/div>                        <\/a>              <\/div>            <div class=\"bwg-item\">        <a class=\"bwg-a  bwg_lightbox\"  data-image-id=\"2201\" href=\"https:\/\/www.ivanabeaumond.com.br\/vestidos-noiva\/wp-content\/uploads\/photo-gallery\/casamento-mariana-noiva-vestido-ivana-beaumond-paris%20(15).jpg\" data-elementor-open-lightbox=\"no\">                <div class=\"bwg-item0 \">          <div class=\"bwg-item1 \">            <div class=\"bwg-item2\">              <img class=\"skip-lazy bwg_standart_thumb_img_0 \"                   data-id=\"2201\"                   data-width=\"\"                   data-height=\"\"                   data-src=\"https:\/\/www.ivanabeaumond.com.br\/vestidos-noiva\/wp-content\/uploads\/photo-gallery\/thumb\/casamento-mariana-noiva-vestido-ivana-beaumond-paris%20(15).jpg\"                   src=\"https:\/\/www.ivanabeaumond.com.br\/vestidos-noiva\/wp-content\/uploads\/photo-gallery\/thumb\/casamento-mariana-noiva-vestido-ivana-beaumond-paris%20(15).jpg\"                   alt=\"casamento-mariana-noiva-vestido-ivana-beaumond-paris (15)\"                   title=\"casamento-mariana-noiva-vestido-ivana-beaumond-paris (15)\" \/>            <\/div>            <div class=\"\">                                                      <\/div>          <\/div>        <\/div>                        <\/a>              <\/div>            <div class=\"bwg-item\">        <a class=\"bwg-a  bwg_lightbox\"  data-image-id=\"2202\" href=\"https:\/\/www.ivanabeaumond.com.br\/vestidos-noiva\/wp-content\/uploads\/photo-gallery\/casamento-mariana-noiva-vestido-ivana-beaumond-paris%20(16).jpg\" data-elementor-open-lightbox=\"no\">                <div class=\"bwg-item0 \">          <div class=\"bwg-item1 \">            <div class=\"bwg-item2\">              <img class=\"skip-lazy bwg_standart_thumb_img_0 \"                   data-id=\"2202\"                   data-width=\"\"                   data-height=\"\"                   data-src=\"https:\/\/www.ivanabeaumond.com.br\/vestidos-noiva\/wp-content\/uploads\/photo-gallery\/thumb\/casamento-mariana-noiva-vestido-ivana-beaumond-paris%20(16).jpg\"                   src=\"https:\/\/www.ivanabeaumond.com.br\/vestidos-noiva\/wp-content\/uploads\/photo-gallery\/thumb\/casamento-mariana-noiva-vestido-ivana-beaumond-paris%20(16).jpg\"                   alt=\"casamento-mariana-noiva-vestido-ivana-beaumond-paris (16)\"                   title=\"casamento-mariana-noiva-vestido-ivana-beaumond-paris (16)\" \/>            <\/div>            <div class=\"\">                                                      <\/div>          <\/div>        <\/div>                        <\/a>              <\/div>            <div class=\"bwg-item\">        <a class=\"bwg-a  bwg_lightbox\"  data-image-id=\"2203\" href=\"https:\/\/www.ivanabeaumond.com.br\/vestidos-noiva\/wp-content\/uploads\/photo-gallery\/casamento-mariana-noiva-vestido-ivana-beaumond-paris%20(17).jpg\" data-elementor-open-lightbox=\"no\">                <div class=\"bwg-item0 \">          <div class=\"bwg-item1 \">            <div class=\"bwg-item2\">              <img class=\"skip-lazy bwg_standart_thumb_img_0 \"                   data-id=\"2203\"                   data-width=\"\"                   data-height=\"\"                   data-src=\"https:\/\/www.ivanabeaumond.com.br\/vestidos-noiva\/wp-content\/uploads\/photo-gallery\/thumb\/casamento-mariana-noiva-vestido-ivana-beaumond-paris%20(17).jpg\"                   src=\"https:\/\/www.ivanabeaumond.com.br\/vestidos-noiva\/wp-content\/uploads\/photo-gallery\/thumb\/casamento-mariana-noiva-vestido-ivana-beaumond-paris%20(17).jpg\"                   alt=\"casamento-mariana-noiva-vestido-ivana-beaumond-paris (17)\"                   title=\"casamento-mariana-noiva-vestido-ivana-beaumond-paris (17)\" \/>            <\/div>            <div class=\"\">                                                      <\/div>          <\/div>        <\/div>                        <\/a>              <\/div>            <div class=\"bwg-item\">        <a class=\"bwg-a  bwg_lightbox\"  data-image-id=\"2242\" href=\"https:\/\/www.ivanabeaumond.com.br\/vestidos-noiva\/wp-content\/uploads\/photo-gallery\/casamento-mariana-noiva-vestido-ivana-beaumond-paris%20(35).jpg\" data-elementor-open-lightbox=\"no\">                <div class=\"bwg-item0 \">          <div class=\"bwg-item1 \">            <div class=\"bwg-item2\">              <img class=\"skip-lazy bwg_standart_thumb_img_0 \"                   data-id=\"2242\"                   data-width=\"\"                   data-height=\"\"                   data-src=\"https:\/\/www.ivanabeaumond.com.br\/vestidos-noiva\/wp-content\/uploads\/photo-gallery\/thumb\/casamento-mariana-noiva-vestido-ivana-beaumond-paris%20(35).jpg\"                   src=\"https:\/\/www.ivanabeaumond.com.br\/vestidos-noiva\/wp-content\/uploads\/photo-gallery\/thumb\/casamento-mariana-noiva-vestido-ivana-beaumond-paris%20(35).jpg\"                   alt=\"casamento-mariana-noiva-vestido-ivana-beaumond-paris (35)\"                   title=\"casamento-mariana-noiva-vestido-ivana-beaumond-paris (35)\" \/>            <\/div>            <div class=\"\">                                                      <\/div>          <\/div>        <\/div>                        <\/a>              <\/div>            <div class=\"bwg-item\">        <a class=\"bwg-a  bwg_lightbox\"  data-image-id=\"2204\" href=\"https:\/\/www.ivanabeaumond.com.br\/vestidos-noiva\/wp-content\/uploads\/photo-gallery\/casamento-mariana-noiva-vestido-ivana-beaumond-paris%20(18).jpg\" data-elementor-open-lightbox=\"no\">                <div class=\"bwg-item0 \">          <div class=\"bwg-item1 \">            <div class=\"bwg-item2\">              <img class=\"skip-lazy bwg_standart_thumb_img_0 \"                   data-id=\"2204\"                   data-width=\"\"                   data-height=\"\"                   data-src=\"https:\/\/www.ivanabeaumond.com.br\/vestidos-noiva\/wp-content\/uploads\/photo-gallery\/thumb\/casamento-mariana-noiva-vestido-ivana-beaumond-paris%20(18).jpg\"                   src=\"https:\/\/www.ivanabeaumond.com.br\/vestidos-noiva\/wp-content\/uploads\/photo-gallery\/thumb\/casamento-mariana-noiva-vestido-ivana-beaumond-paris%20(18).jpg\"                   alt=\"casamento-mariana-noiva-vestido-ivana-beaumond-paris (18)\"                   title=\"casamento-mariana-noiva-vestido-ivana-beaumond-paris (18)\" \/>            <\/div>            <div class=\"\">                                                      <\/div>          <\/div>        <\/div>                        <\/a>              <\/div>            <div class=\"bwg-item\">        <a class=\"bwg-a  bwg_lightbox\"  data-image-id=\"2236\" href=\"https:\/\/www.ivanabeaumond.com.br\/vestidos-noiva\/wp-content\/uploads\/photo-gallery\/casamento-mariana-noiva-vestido-ivana-beaumond-paris%20(29).jpg\" data-elementor-open-lightbox=\"no\">                <div class=\"bwg-item0 \">          <div class=\"bwg-item1 \">            <div class=\"bwg-item2\">              <img class=\"skip-lazy bwg_standart_thumb_img_0 \"                   data-id=\"2236\"                   data-width=\"\"                   data-height=\"\"                   data-src=\"https:\/\/www.ivanabeaumond.com.br\/vestidos-noiva\/wp-content\/uploads\/photo-gallery\/thumb\/casamento-mariana-noiva-vestido-ivana-beaumond-paris%20(29).jpg\"                   src=\"https:\/\/www.ivanabeaumond.com.br\/vestidos-noiva\/wp-content\/uploads\/photo-gallery\/thumb\/casamento-mariana-noiva-vestido-ivana-beaumond-paris%20(29).jpg\"                   alt=\"casamento-mariana-noiva-vestido-ivana-beaumond-paris (29)\"                   title=\"casamento-mariana-noiva-vestido-ivana-beaumond-paris (29)\" \/>            <\/div>            <div class=\"\">                                                      <\/div>          <\/div>        <\/div>                        <\/a>              <\/div>            <div class=\"bwg-item\">        <a class=\"bwg-a  bwg_lightbox\"  data-image-id=\"2241\" href=\"https:\/\/www.ivanabeaumond.com.br\/vestidos-noiva\/wp-content\/uploads\/photo-gallery\/casamento-mariana-noiva-vestido-ivana-beaumond-paris%20(34).jpg\" data-elementor-open-lightbox=\"no\">                <div class=\"bwg-item0 \">          <div class=\"bwg-item1 \">            <div class=\"bwg-item2\">              <img class=\"skip-lazy bwg_standart_thumb_img_0 \"                   data-id=\"2241\"                   data-width=\"\"                   data-height=\"\"                   data-src=\"https:\/\/www.ivanabeaumond.com.br\/vestidos-noiva\/wp-content\/uploads\/photo-gallery\/thumb\/casamento-mariana-noiva-vestido-ivana-beaumond-paris%20(34).jpg\"                   src=\"https:\/\/www.ivanabeaumond.com.br\/vestidos-noiva\/wp-content\/uploads\/photo-gallery\/thumb\/casamento-mariana-noiva-vestido-ivana-beaumond-paris%20(34).jpg\"                   alt=\"casamento-mariana-noiva-vestido-ivana-beaumond-paris (34)\"                   title=\"casamento-mariana-noiva-vestido-ivana-beaumond-paris (34)\" \/>            <\/div>            <div class=\"\">                                                      <\/div>          <\/div>        <\/div>                        <\/a>              <\/div>            <div class=\"bwg-item\">        <a class=\"bwg-a  bwg_lightbox\"  data-image-id=\"2205\" href=\"https:\/\/www.ivanabeaumond.com.br\/vestidos-noiva\/wp-content\/uploads\/photo-gallery\/casamento-mariana-noiva-vestido-ivana-beaumond-paris%20(19).jpg\" data-elementor-open-lightbox=\"no\">                <div class=\"bwg-item0 \">          <div class=\"bwg-item1 \">            <div class=\"bwg-item2\">              <img class=\"skip-lazy bwg_standart_thumb_img_0 \"                   data-id=\"2205\"                   data-width=\"\"                   data-height=\"\"                   data-src=\"https:\/\/www.ivanabeaumond.com.br\/vestidos-noiva\/wp-content\/uploads\/photo-gallery\/thumb\/casamento-mariana-noiva-vestido-ivana-beaumond-paris%20(19).jpg\"                   src=\"https:\/\/www.ivanabeaumond.com.br\/vestidos-noiva\/wp-content\/uploads\/photo-gallery\/thumb\/casamento-mariana-noiva-vestido-ivana-beaumond-paris%20(19).jpg\"                   alt=\"casamento-mariana-noiva-vestido-ivana-beaumond-paris (19)\"                   title=\"casamento-mariana-noiva-vestido-ivana-beaumond-paris (19)\" \/>            <\/div>            <div class=\"\">                                                      <\/div>          <\/div>        <\/div>                        <\/a>              <\/div>            <div class=\"bwg-item\">        <a class=\"bwg-a  bwg_lightbox\"  data-image-id=\"2240\" href=\"https:\/\/www.ivanabeaumond.com.br\/vestidos-noiva\/wp-content\/uploads\/photo-gallery\/casamento-mariana-noiva-vestido-ivana-beaumond-paris%20(33).jpg\" data-elementor-open-lightbox=\"no\">                <div class=\"bwg-item0 \">          <div class=\"bwg-item1 \">            <div class=\"bwg-item2\">              <img class=\"skip-lazy bwg_standart_thumb_img_0 \"                   data-id=\"2240\"                   data-width=\"\"                   data-height=\"\"                   data-src=\"https:\/\/www.ivanabeaumond.com.br\/vestidos-noiva\/wp-content\/uploads\/photo-gallery\/thumb\/casamento-mariana-noiva-vestido-ivana-beaumond-paris%20(33).jpg\"                   src=\"https:\/\/www.ivanabeaumond.com.br\/vestidos-noiva\/wp-content\/uploads\/photo-gallery\/thumb\/casamento-mariana-noiva-vestido-ivana-beaumond-paris%20(33).jpg\"                   alt=\"casamento-mariana-noiva-vestido-ivana-beaumond-paris (33)\"                   title=\"casamento-mariana-noiva-vestido-ivana-beaumond-paris (33)\" \/>            <\/div>            <div class=\"\">                                                      <\/div>          <\/div>        <\/div>                        <\/a>              <\/div>            <div class=\"bwg-item\">        <a class=\"bwg-a  bwg_lightbox\"  data-image-id=\"2239\" href=\"https:\/\/www.ivanabeaumond.com.br\/vestidos-noiva\/wp-content\/uploads\/photo-gallery\/casamento-mariana-noiva-vestido-ivana-beaumond-paris%20(32).jpg\" data-elementor-open-lightbox=\"no\">                <div class=\"bwg-item0 \">          <div class=\"bwg-item1 \">            <div class=\"bwg-item2\">              <img class=\"skip-lazy bwg_standart_thumb_img_0 \"                   data-id=\"2239\"                   data-width=\"\"                   data-height=\"\"                   data-src=\"https:\/\/www.ivanabeaumond.com.br\/vestidos-noiva\/wp-content\/uploads\/photo-gallery\/thumb\/casamento-mariana-noiva-vestido-ivana-beaumond-paris%20(32).jpg\"                   src=\"https:\/\/www.ivanabeaumond.com.br\/vestidos-noiva\/wp-content\/uploads\/photo-gallery\/thumb\/casamento-mariana-noiva-vestido-ivana-beaumond-paris%20(32).jpg\"                   alt=\"casamento-mariana-noiva-vestido-ivana-beaumond-paris (32)\"                   title=\"casamento-mariana-noiva-vestido-ivana-beaumond-paris (32)\" \/>            <\/div>            <div class=\"\">                                                      <\/div>          <\/div>        <\/div>                        <\/a>              <\/div>            <div class=\"bwg-item\">        <a class=\"bwg-a  bwg_lightbox\"  data-image-id=\"2238\" href=\"https:\/\/www.ivanabeaumond.com.br\/vestidos-noiva\/wp-content\/uploads\/photo-gallery\/casamento-mariana-noiva-vestido-ivana-beaumond-paris%20(31).jpg\" data-elementor-open-lightbox=\"no\">                <div class=\"bwg-item0 \">          <div class=\"bwg-item1 \">            <div class=\"bwg-item2\">              <img class=\"skip-lazy bwg_standart_thumb_img_0 \"                   data-id=\"2238\"                   data-width=\"\"                   data-height=\"\"                   data-src=\"https:\/\/www.ivanabeaumond.com.br\/vestidos-noiva\/wp-content\/uploads\/photo-gallery\/thumb\/casamento-mariana-noiva-vestido-ivana-beaumond-paris%20(31).jpg\"                   src=\"https:\/\/www.ivanabeaumond.com.br\/vestidos-noiva\/wp-content\/uploads\/photo-gallery\/thumb\/casamento-mariana-noiva-vestido-ivana-beaumond-paris%20(31).jpg\"                   alt=\"casamento-mariana-noiva-vestido-ivana-beaumond-paris (31)\"                   title=\"casamento-mariana-noiva-vestido-ivana-beaumond-paris (31)\" \/>            <\/div>            <div class=\"\">                                                      <\/div>          <\/div>        <\/div>                        <\/a>              <\/div>            <div class=\"bwg-item\">        <a class=\"bwg-a  bwg_lightbox\"  data-image-id=\"2237\" href=\"https:\/\/www.ivanabeaumond.com.br\/vestidos-noiva\/wp-content\/uploads\/photo-gallery\/casamento-mariana-noiva-vestido-ivana-beaumond-paris%20(30).jpg\" data-elementor-open-lightbox=\"no\">                <div class=\"bwg-item0 \">          <div class=\"bwg-item1 \">            <div class=\"bwg-item2\">              <img class=\"skip-lazy bwg_standart_thumb_img_0 \"                   data-id=\"2237\"                   data-width=\"\"                   data-height=\"\"                   data-src=\"https:\/\/www.ivanabeaumond.com.br\/vestidos-noiva\/wp-content\/uploads\/photo-gallery\/thumb\/casamento-mariana-noiva-vestido-ivana-beaumond-paris%20(30).jpg\"                   src=\"https:\/\/www.ivanabeaumond.com.br\/vestidos-noiva\/wp-content\/uploads\/photo-gallery\/thumb\/casamento-mariana-noiva-vestido-ivana-beaumond-paris%20(30).jpg\"                   alt=\"casamento-mariana-noiva-vestido-ivana-beaumond-paris (30)\"                   title=\"casamento-mariana-noiva-vestido-ivana-beaumond-paris (30)\" \/>            <\/div>            <div class=\"\">                                                      <\/div>          <\/div>        <\/div>                        <\/a>              <\/div>            <div class=\"bwg-item\">        <a class=\"bwg-a  bwg_lightbox\"  data-image-id=\"2235\" href=\"https:\/\/www.ivanabeaumond.com.br\/vestidos-noiva\/wp-content\/uploads\/photo-gallery\/casamento-mariana-noiva-vestido-ivana-beaumond-paris%20(28).jpg\" data-elementor-open-lightbox=\"no\">                <div class=\"bwg-item0 \">          <div class=\"bwg-item1 \">            <div class=\"bwg-item2\">              <img class=\"skip-lazy bwg_standart_thumb_img_0 \"                   data-id=\"2235\"                   data-width=\"\"                   data-height=\"\"                   data-src=\"https:\/\/www.ivanabeaumond.com.br\/vestidos-noiva\/wp-content\/uploads\/photo-gallery\/thumb\/casamento-mariana-noiva-vestido-ivana-beaumond-paris%20(28).jpg\"                   src=\"https:\/\/www.ivanabeaumond.com.br\/vestidos-noiva\/wp-content\/uploads\/photo-gallery\/thumb\/casamento-mariana-noiva-vestido-ivana-beaumond-paris%20(28).jpg\"                   alt=\"casamento-mariana-noiva-vestido-ivana-beaumond-paris (28)\"                   title=\"casamento-mariana-noiva-vestido-ivana-beaumond-paris (28)\" \/>            <\/div>            <div class=\"\">                                                      <\/div>          <\/div>        <\/div>                        <\/a>              <\/div>            <div class=\"bwg-item\">        <a class=\"bwg-a  bwg_lightbox\"  data-image-id=\"2234\" href=\"https:\/\/www.ivanabeaumond.com.br\/vestidos-noiva\/wp-content\/uploads\/photo-gallery\/casamento-mariana-noiva-vestido-ivana-beaumond-paris%20(27).jpg\" data-elementor-open-lightbox=\"no\">                <div class=\"bwg-item0 \">          <div class=\"bwg-item1 \">            <div class=\"bwg-item2\">              <img class=\"skip-lazy bwg_standart_thumb_img_0 \"                   data-id=\"2234\"                   data-width=\"\"                   data-height=\"\"                   data-src=\"https:\/\/www.ivanabeaumond.com.br\/vestidos-noiva\/wp-content\/uploads\/photo-gallery\/thumb\/casamento-mariana-noiva-vestido-ivana-beaumond-paris%20(27).jpg\"                   src=\"https:\/\/www.ivanabeaumond.com.br\/vestidos-noiva\/wp-content\/uploads\/photo-gallery\/thumb\/casamento-mariana-noiva-vestido-ivana-beaumond-paris%20(27).jpg\"                   alt=\"casamento-mariana-noiva-vestido-ivana-beaumond-paris (27)\"                   title=\"casamento-mariana-noiva-vestido-ivana-beaumond-paris (27)\" \/>            <\/div>            <div class=\"\">                                                      <\/div>          <\/div>        <\/div>                        <\/a>              <\/div>          <\/div>    <style>      \/*pagination styles*\/      #bwg_container1_0 #bwg_container2_0 .tablenav-pages_0 {\t\t\t\ttext-align: center;\t\t\t\tfont-size: 12px;\t\t\t\tfont-family: segoe ui;\t\t\t\tfont-weight: bold;\t\t\t\tcolor: #666666;\t\t\t\tmargin: 6px 0 4px;\t\t\t\tdisplay: block;      }      @media only screen and (max-width : 320px) {      #bwg_container1_0 #bwg_container2_0 .displaying-num_0 {     \t display: none;      }      }      #bwg_container1_0 #bwg_container2_0 .displaying-num_0 {\t\t\t\tfont-size: 12px;\t\t\t\tfont-family: segoe ui;\t\t\t\tfont-weight: bold;\t\t\t\tcolor: #666666;\t\t\t\tmargin-right: 10px;\t\t\t\tvertical-align: middle;      }      #bwg_container1_0 #bwg_container2_0 .paging-input_0 {\t\t\t\tfont-size: 12px;\t\t\t\tfont-family: segoe ui;\t\t\t\tfont-weight: bold;\t\t\t\tcolor: #666666;\t\t\t\tvertical-align: middle;      }      #bwg_container1_0 #bwg_container2_0 .tablenav-pages_0 a.disabled,      #bwg_container1_0 #bwg_container2_0 .tablenav-pages_0 a.disabled:hover,      #bwg_container1_0 #bwg_container2_0 .tablenav-pages_0 a.disabled:focus,\t\t\t#bwg_container1_0 #bwg_container2_0 .tablenav-pages_0 input.bwg_current_page {\t\t\t\tcursor: default;\t\t\t\tcolor: rgba(102, 102, 102, 0.5);      }      #bwg_container1_0 #bwg_container2_0 .tablenav-pages_0 a,      #bwg_container1_0 #bwg_container2_0 .tablenav-pages_0 input.bwg_current_page {\t\t\t\tcursor: pointer;\t\t\t\ttext-align: center;\t\t\t\tfont-size: 12px;\t\t\t\tfont-family: segoe ui;\t\t\t\tfont-weight: bold;\t\t\t\tcolor: #666666;\t\t\t\ttext-decoration: none;\t\t\t\tpadding: 3px 6px;\t\t\t\tmargin: 0;\t\t\t\tborder-radius: 0;\t\t\t\tborder-style: solid;\t\t\t\tborder-width: 1px;\t\t\t\tborder-color: #E3E3E3;\t\t\t\t\t\t\t\tbackground-color: rgba(255, 255, 255, 1.00);\t\t\t\tbox-shadow: 0;\t\t\t\ttransition: all 0.3s ease 0s;-webkit-transition: all 0.3s ease 0s;      }      <\/style>      <span class=\"bwg_nav_cont_0\">              <div class=\"tablenav-pages_0\">                  <\/div>                <input type=\"hidden\" id=\"page_number_0\" name=\"page_number_0\" value=\"1\" \/>      <script type=\"text\/javascript\">        if( jQuery('.bwg_nav_cont_0').length > 1 ) {          jQuery('.bwg_nav_cont_0').first().remove()        }        function spider_page_0(cur, x, y, load_more) {          if (typeof load_more == \"undefined\") {            var load_more = false;          }          if (jQuery(cur).hasClass('disabled')) {            return false;          }          var items_county_0 = 1;          switch (y) {            case 1:              if (x >= items_county_0) {                document.getElementById('page_number_0').value = items_county_0;              }              else {                document.getElementById('page_number_0').value = x + 1;              }              break;            case 2:              document.getElementById('page_number_0').value = items_county_0;              break;            case -1:              if (x == 1) {                document.getElementById('page_number_0').value = 1;              }              else {                document.getElementById('page_number_0').value = x - 1;              }              break;            case -2:              document.getElementById('page_number_0').value = 1;              break;\t\t\t\t\t\tcase 0:              document.getElementById('page_number_0').value = x;              break;            default:              document.getElementById('page_number_0').value = 1;          }          bwg_ajax('gal_front_form_0', '0', 'bwg_thumbnails_0', '0', '', 'gallery', 0, '', '', load_more, '', 1);        }                    jQuery('.first-page-0').on('click', function () {              spider_page_0(this, 1, -2, 'numeric');              return false;            });            jQuery('.prev-page-0').on('click', function () {              spider_page_0(this, 1, -1, 'numeric');              return false;            });            jQuery('.next-page-0').on('click', function () {              spider_page_0(this, 1, 1, 'numeric');              return false;            });            jQuery('.last-page-0').on('click', function () {              spider_page_0(this, 1, 2, 'numeric');              return false;            });        \t\t\t\t\/* Change page on input enter. *\/        function bwg_change_page_0( e, that ) {          if (  e.key == 'Enter' ) {            var to_page = parseInt(jQuery(that).val());            var pages_count = jQuery(that).parents(\".pagination-links\").data(\"pages-count\");            var current_url_param = jQuery(that).attr('data-url-info');            if (to_page > pages_count) {              to_page = 1;            }\t \t\t\t\t\t\t\t\t\t\t\t\tspider_page_0(this, to_page, 0, 'numeric');\t\t\t\t\t\t\treturn false;\t\t\t\t\t\t          }          return true;        }        jQuery('.bwg_load_btn_0').on('click', function () {            spider_page_0(this, 1, 1, true);            return false;        });      <\/script>      <\/span>                <\/div>        <\/form>        <style>          #bwg_container1_0 #bwg_container2_0 #spider_popup_overlay_0 {          background-color: #000000;          opacity: 0.70;          }          <\/style>        <div id=\"bwg_spider_popup_loading_0\" class=\"bwg_spider_popup_loading\"><\/div>        <div id=\"spider_popup_overlay_0\" class=\"spider_popup_overlay\" onclick=\"spider_destroypopup(1000)\"><\/div>        <input type=\"hidden\" id=\"bwg_random_seed_0\" value=\"1009337344\">                <\/div>    <\/div>    <script>      if (document.readyState === 'complete') {        if( typeof bwg_main_ready == 'function' ) {          if ( jQuery(\"#bwg_container1_0\").height() ) {            bwg_main_ready(jQuery(\"#bwg_container1_0\"));          }        }      } else {        document.addEventListener('DOMContentLoaded', function() {          if( typeof bwg_main_ready == 'function' ) {            if ( jQuery(\"#bwg_container1_0\").height() ) {             bwg_main_ready(jQuery(\"#bwg_container1_0\"));            }          }        });      }    <\/script>    \n\n\n\n<div style=\"height:47px\" aria-hidden=\"true\" class=\"wp-block-spacer\"><\/div>\n\n\n\n<h4 class=\"wp-block-heading\"><span style=\"color: #000000;\">Ficha T\u00e9cnica:<\/span><\/h4>\n\n\n\n<h4 class=\"wp-block-heading\"><span style=\"color: #000000;\">Vestido e v\u00e9u: Ivana Beaumond Paris. Fotografia: Thiago Rodrigues. Local da cerim\u00f4nia: 2\u00aa Igreja Batista de Campos. Cabelo e maquiagem: J\u00f4 Malta e Thayane Carvalho. Cerimonial: Karoline Dias.<\/span><\/h4>\n\n\n\n<div style=\"height:44px\" aria-hidden=\"true\" class=\"wp-block-spacer\"><\/div>\n\n\n\n<h4 class=\"wp-block-heading\"><span style=\"color: #999999;\">Gostou? Siga nosso instagram&nbsp;<span style=\"color: #000000;\"><a style=\"color: #000000;\" href=\"https:\/\/www.instagram.com\/ivanabeaumond\/\">@ivanabeaumond<\/a><\/span>&nbsp;e curta nossa fanpage&nbsp;<span style=\"color: #000000;\"><a style=\"color: #000000;\" href=\"https:\/\/www.facebook.com\/IvanaBeaumond\/\">Ivana Beaumond<\/a><\/span>&nbsp;para ficar por dentro de tudo o que rola no mundo das noivas, e conhe\u00e7a nossos Melhores Modelos de Vestidos de Noivas Nacionais, Importados e Sob Medida.<\/span><\/h4>\n","protected":false},"excerpt":{"rendered":"<p>Os noivos Mariana e Fred subiram ao altar da 2\u00aa&#8230;<\/p>\n","protected":false},"author":4,"featured_media":16927,"comment_status":"closed","ping_status":"closed","sticky":false,"template":"","format":"standard","meta":[],"categories":[60,130],"tags":[131,551,204,215,133,512,216,96,161,113,297,243,286,107,157,164,258,207,163,199,158,138,115,210],"yoast_head":"<!-- This site is optimized with the Yoast SEO plugin v20.3 - https:\/\/yoast.com\/wordpress\/plugins\/seo\/ -->\n<title>Casamento na Igreja com Mariana e Fred - Vestido de Noiva RJ<\/title>\n<meta name=\"robots\" content=\"index, follow, max-snippet:-1, max-image-preview:large, max-video-preview:-1\" \/>\n<link rel=\"canonical\" href=\"https:\/\/www.ivanabeaumond.com.br\/vestidos-noiva\/mariana-e-fred\/\" \/>\n<meta property=\"og:locale\" content=\"pt_BR\" \/>\n<meta property=\"og:type\" content=\"article\" \/>\n<meta property=\"og:title\" content=\"Casamento na Igreja com Mariana e Fred - Vestido de Noiva RJ\" \/>\n<meta property=\"og:description\" content=\"Os noivos Mariana e Fred subiram ao altar da 2\u00aa...\" \/>\n<meta property=\"og:url\" content=\"https:\/\/www.ivanabeaumond.com.br\/vestidos-noiva\/mariana-e-fred\/\" \/>\n<meta property=\"og:site_name\" content=\"Vestido de Noiva RJ\" \/>\n<meta property=\"article:publisher\" content=\"https:\/\/www.facebook.com\/ivana.beaumondnoivas\" \/>\n<meta property=\"article:published_time\" content=\"2019-01-08T20:37:34+00:00\" \/>\n<meta property=\"article:modified_time\" content=\"2020-08-10T19:54:25+00:00\" \/>\n<meta property=\"og:image\" content=\"https:\/\/www.ivanabeaumond.com.br\/vestidos-noiva\/wp-content\/uploads\/2019\/01\/imagem-destaque.jpg\" \/>\n\t<meta property=\"og:image:width\" content=\"640\" \/>\n\t<meta property=\"og:image:height\" content=\"444\" \/>\n\t<meta property=\"og:image:type\" content=\"image\/jpeg\" \/>\n<meta name=\"author\" content=\"Ivana Beaumond Paris\" \/>\n<meta name=\"twitter:card\" content=\"summary_large_image\" \/>\n<meta name=\"twitter:label1\" content=\"Escrito por\" \/>\n\t<meta name=\"twitter:data1\" content=\"Ivana Beaumond Paris\" \/>\n\t<meta name=\"twitter:label2\" content=\"Est. tempo de leitura\" \/>\n\t<meta name=\"twitter:data2\" content=\"1 minuto\" \/>\n<script type=\"application\/ld+json\" class=\"yoast-schema-graph\">{\"@context\":\"https:\/\/schema.org\",\"@graph\":[{\"@type\":\"Article\",\"@id\":\"https:\/\/www.ivanabeaumond.com.br\/vestidos-noiva\/mariana-e-fred\/#article\",\"isPartOf\":{\"@id\":\"https:\/\/www.ivanabeaumond.com.br\/vestidos-noiva\/mariana-e-fred\/\"},\"author\":{\"name\":\"Ivana Beaumond Paris\",\"@id\":\"https:\/\/www.ivanabeaumond.com.br\/vestidos-noiva\/#\/schema\/person\/1a360c4cffa3b806d29a456389dcff26\"},\"headline\":\"Casamento na Igreja com Mariana e Fred\",\"datePublished\":\"2019-01-08T20:37:34+00:00\",\"dateModified\":\"2020-08-10T19:54:25+00:00\",\"mainEntityOfPage\":{\"@id\":\"https:\/\/www.ivanabeaumond.com.br\/vestidos-noiva\/mariana-e-fred\/\"},\"wordCount\":271,\"publisher\":{\"@id\":\"https:\/\/www.ivanabeaumond.com.br\/vestidos-noiva\/#organization\"},\"keywords\":[\"aluguel de roupas\",\"amor\",\"atelieraltacostura\",\"Atelierdenoiva\",\"atelierivanabeaumond\",\"blog de noiva\",\"brides\",\"casamento\",\"casamento blindado\",\"casamento criativo\",\"casamento na igreja\",\"inesquec\u00edvel casamento\",\"ivana beaumond\",\"ivanabeaumond\",\"noiva e noivo\",\"noivas\",\"noivinha\",\"paris\",\"sob medida\",\"sobmedidanoiva\",\"traje de noivo\",\"vestido de festa\",\"vestido de noiva\",\"weddingdress\"],\"articleSection\":[\"Blog\",\"Nossas Noivas\"],\"inLanguage\":\"pt-BR\"},{\"@type\":\"WebPage\",\"@id\":\"https:\/\/www.ivanabeaumond.com.br\/vestidos-noiva\/mariana-e-fred\/\",\"url\":\"https:\/\/www.ivanabeaumond.com.br\/vestidos-noiva\/mariana-e-fred\/\",\"name\":\"Casamento na Igreja com Mariana e Fred - Vestido de Noiva RJ\",\"isPartOf\":{\"@id\":\"https:\/\/www.ivanabeaumond.com.br\/vestidos-noiva\/#website\"},\"datePublished\":\"2019-01-08T20:37:34+00:00\",\"dateModified\":\"2020-08-10T19:54:25+00:00\",\"breadcrumb\":{\"@id\":\"https:\/\/www.ivanabeaumond.com.br\/vestidos-noiva\/mariana-e-fred\/#breadcrumb\"},\"inLanguage\":\"pt-BR\",\"potentialAction\":[{\"@type\":\"ReadAction\",\"target\":[\"https:\/\/www.ivanabeaumond.com.br\/vestidos-noiva\/mariana-e-fred\/\"]}]},{\"@type\":\"BreadcrumbList\",\"@id\":\"https:\/\/www.ivanabeaumond.com.br\/vestidos-noiva\/mariana-e-fred\/#breadcrumb\",\"itemListElement\":[{\"@type\":\"ListItem\",\"position\":1,\"name\":\"In\u00edcio\",\"item\":\"https:\/\/www.ivanabeaumond.com.br\/vestidos-noiva\/\"},{\"@type\":\"ListItem\",\"position\":2,\"name\":\"Casamento na Igreja com Mariana e Fred\"}]},{\"@type\":\"WebSite\",\"@id\":\"https:\/\/www.ivanabeaumond.com.br\/vestidos-noiva\/#website\",\"url\":\"https:\/\/www.ivanabeaumond.com.br\/vestidos-noiva\/\",\"name\":\"Vestido de Noiva RJ\",\"description\":\"Moda Noiva\",\"publisher\":{\"@id\":\"https:\/\/www.ivanabeaumond.com.br\/vestidos-noiva\/#organization\"},\"potentialAction\":[{\"@type\":\"SearchAction\",\"target\":{\"@type\":\"EntryPoint\",\"urlTemplate\":\"https:\/\/www.ivanabeaumond.com.br\/vestidos-noiva\/?s={search_term_string}\"},\"query-input\":\"required name=search_term_string\"}],\"inLanguage\":\"pt-BR\"},{\"@type\":\"Organization\",\"@id\":\"https:\/\/www.ivanabeaumond.com.br\/vestidos-noiva\/#organization\",\"name\":\"Vestido de Noiva RJ\",\"url\":\"https:\/\/www.ivanabeaumond.com.br\/vestidos-noiva\/\",\"logo\":{\"@type\":\"ImageObject\",\"inLanguage\":\"pt-BR\",\"@id\":\"https:\/\/www.ivanabeaumond.com.br\/vestidos-noiva\/#\/schema\/logo\/image\/\",\"url\":\"https:\/\/www.ivanabeaumond.com.br\/vestidos-noiva\/wp-content\/uploads\/2018\/02\/logo_ivana_beaumond-2.png\",\"contentUrl\":\"https:\/\/www.ivanabeaumond.com.br\/vestidos-noiva\/wp-content\/uploads\/2018\/02\/logo_ivana_beaumond-2.png\",\"width\":230,\"height\":112,\"caption\":\"Vestido de Noiva RJ\"},\"image\":{\"@id\":\"https:\/\/www.ivanabeaumond.com.br\/vestidos-noiva\/#\/schema\/logo\/image\/\"},\"sameAs\":[\"https:\/\/www.facebook.com\/ivana.beaumondnoivas\",\"https:\/\/www.instagram.com\/ivanabeaumond\/\",\"https:\/\/www.tiktok.com\/@ivanabeaumond\"]},{\"@type\":\"Person\",\"@id\":\"https:\/\/www.ivanabeaumond.com.br\/vestidos-noiva\/#\/schema\/person\/1a360c4cffa3b806d29a456389dcff26\",\"name\":\"Ivana Beaumond Paris\",\"image\":{\"@type\":\"ImageObject\",\"inLanguage\":\"pt-BR\",\"@id\":\"https:\/\/www.ivanabeaumond.com.br\/vestidos-noiva\/#\/schema\/person\/image\/\",\"url\":\"https:\/\/secure.gravatar.com\/avatar\/641f98db20b53ec937ceb641db4270b9?s=96&d=mm&r=g\",\"contentUrl\":\"https:\/\/secure.gravatar.com\/avatar\/641f98db20b53ec937ceb641db4270b9?s=96&d=mm&r=g\",\"caption\":\"Ivana Beaumond Paris\"},\"url\":\"https:\/\/www.ivanabeaumond.com.br\/vestidos-noiva\/author\/ivana\/\"}]}<\/script>\n<!-- \/ Yoast SEO plugin. -->","yoast_head_json":{"title":"Casamento na Igreja com Mariana e Fred - Vestido de Noiva RJ","robots":{"index":"index","follow":"follow","max-snippet":"max-snippet:-1","max-image-preview":"max-image-preview:large","max-video-preview":"max-video-preview:-1"},"canonical":"https:\/\/www.ivanabeaumond.com.br\/vestidos-noiva\/mariana-e-fred\/","og_locale":"pt_BR","og_type":"article","og_title":"Casamento na Igreja com Mariana e Fred - Vestido de Noiva RJ","og_description":"Os noivos Mariana e Fred subiram ao altar da 2\u00aa...","og_url":"https:\/\/www.ivanabeaumond.com.br\/vestidos-noiva\/mariana-e-fred\/","og_site_name":"Vestido de Noiva RJ","article_publisher":"https:\/\/www.facebook.com\/ivana.beaumondnoivas","article_published_time":"2019-01-08T20:37:34+00:00","article_modified_time":"2020-08-10T19:54:25+00:00","og_image":[{"width":640,"height":444,"url":"https:\/\/www.ivanabeaumond.com.br\/vestidos-noiva\/wp-content\/uploads\/2019\/01\/imagem-destaque.jpg","type":"image\/jpeg"}],"author":"Ivana Beaumond Paris","twitter_card":"summary_large_image","twitter_misc":{"Escrito por":"Ivana Beaumond Paris","Est. tempo de leitura":"1 minuto"},"schema":{"@context":"https:\/\/schema.org","@graph":[{"@type":"Article","@id":"https:\/\/www.ivanabeaumond.com.br\/vestidos-noiva\/mariana-e-fred\/#article","isPartOf":{"@id":"https:\/\/www.ivanabeaumond.com.br\/vestidos-noiva\/mariana-e-fred\/"},"author":{"name":"Ivana Beaumond Paris","@id":"https:\/\/www.ivanabeaumond.com.br\/vestidos-noiva\/#\/schema\/person\/1a360c4cffa3b806d29a456389dcff26"},"headline":"Casamento na Igreja com Mariana e Fred","datePublished":"2019-01-08T20:37:34+00:00","dateModified":"2020-08-10T19:54:25+00:00","mainEntityOfPage":{"@id":"https:\/\/www.ivanabeaumond.com.br\/vestidos-noiva\/mariana-e-fred\/"},"wordCount":271,"publisher":{"@id":"https:\/\/www.ivanabeaumond.com.br\/vestidos-noiva\/#organization"},"keywords":["aluguel de roupas","amor","atelieraltacostura","Atelierdenoiva","atelierivanabeaumond","blog de noiva","brides","casamento","casamento blindado","casamento criativo","casamento na igreja","inesquec\u00edvel casamento","ivana beaumond","ivanabeaumond","noiva e noivo","noivas","noivinha","paris","sob medida","sobmedidanoiva","traje de noivo","vestido de festa","vestido de noiva","weddingdress"],"articleSection":["Blog","Nossas Noivas"],"inLanguage":"pt-BR"},{"@type":"WebPage","@id":"https:\/\/www.ivanabeaumond.com.br\/vestidos-noiva\/mariana-e-fred\/","url":"https:\/\/www.ivanabeaumond.com.br\/vestidos-noiva\/mariana-e-fred\/","name":"Casamento na Igreja com Mariana e Fred - Vestido de Noiva RJ","isPartOf":{"@id":"https:\/\/www.ivanabeaumond.com.br\/vestidos-noiva\/#website"},"datePublished":"2019-01-08T20:37:34+00:00","dateModified":"2020-08-10T19:54:25+00:00","breadcrumb":{"@id":"https:\/\/www.ivanabeaumond.com.br\/vestidos-noiva\/mariana-e-fred\/#breadcrumb"},"inLanguage":"pt-BR","potentialAction":[{"@type":"ReadAction","target":["https:\/\/www.ivanabeaumond.com.br\/vestidos-noiva\/mariana-e-fred\/"]}]},{"@type":"BreadcrumbList","@id":"https:\/\/www.ivanabeaumond.com.br\/vestidos-noiva\/mariana-e-fred\/#breadcrumb","itemListElement":[{"@type":"ListItem","position":1,"name":"In\u00edcio","item":"https:\/\/www.ivanabeaumond.com.br\/vestidos-noiva\/"},{"@type":"ListItem","position":2,"name":"Casamento na Igreja com Mariana e Fred"}]},{"@type":"WebSite","@id":"https:\/\/www.ivanabeaumond.com.br\/vestidos-noiva\/#website","url":"https:\/\/www.ivanabeaumond.com.br\/vestidos-noiva\/","name":"Vestido de Noiva RJ","description":"Moda Noiva","publisher":{"@id":"https:\/\/www.ivanabeaumond.com.br\/vestidos-noiva\/#organization"},"potentialAction":[{"@type":"SearchAction","target":{"@type":"EntryPoint","urlTemplate":"https:\/\/www.ivanabeaumond.com.br\/vestidos-noiva\/?s={search_term_string}"},"query-input":"required name=search_term_string"}],"inLanguage":"pt-BR"},{"@type":"Organization","@id":"https:\/\/www.ivanabeaumond.com.br\/vestidos-noiva\/#organization","name":"Vestido de Noiva RJ","url":"https:\/\/www.ivanabeaumond.com.br\/vestidos-noiva\/","logo":{"@type":"ImageObject","inLanguage":"pt-BR","@id":"https:\/\/www.ivanabeaumond.com.br\/vestidos-noiva\/#\/schema\/logo\/image\/","url":"https:\/\/www.ivanabeaumond.com.br\/vestidos-noiva\/wp-content\/uploads\/2018\/02\/logo_ivana_beaumond-2.png","contentUrl":"https:\/\/www.ivanabeaumond.com.br\/vestidos-noiva\/wp-content\/uploads\/2018\/02\/logo_ivana_beaumond-2.png","width":230,"height":112,"caption":"Vestido de Noiva RJ"},"image":{"@id":"https:\/\/www.ivanabeaumond.com.br\/vestidos-noiva\/#\/schema\/logo\/image\/"},"sameAs":["https:\/\/www.facebook.com\/ivana.beaumondnoivas","https:\/\/www.instagram.com\/ivanabeaumond\/","https:\/\/www.tiktok.com\/@ivanabeaumond"]},{"@type":"Person","@id":"https:\/\/www.ivanabeaumond.com.br\/vestidos-noiva\/#\/schema\/person\/1a360c4cffa3b806d29a456389dcff26","name":"Ivana Beaumond Paris","image":{"@type":"ImageObject","inLanguage":"pt-BR","@id":"https:\/\/www.ivanabeaumond.com.br\/vestidos-noiva\/#\/schema\/person\/image\/","url":"https:\/\/secure.gravatar.com\/avatar\/641f98db20b53ec937ceb641db4270b9?s=96&d=mm&r=g","contentUrl":"https:\/\/secure.gravatar.com\/avatar\/641f98db20b53ec937ceb641db4270b9?s=96&d=mm&r=g","caption":"Ivana Beaumond Paris"},"url":"https:\/\/www.ivanabeaumond.com.br\/vestidos-noiva\/author\/ivana\/"}]}},"_links":{"self":[{"href":"https:\/\/www.ivanabeaumond.com.br\/vestidos-noiva\/wp-json\/wp\/v2\/posts\/16926"}],"collection":[{"href":"https:\/\/www.ivanabeaumond.com.br\/vestidos-noiva\/wp-json\/wp\/v2\/posts"}],"about":[{"href":"https:\/\/www.ivanabeaumond.com.br\/vestidos-noiva\/wp-json\/wp\/v2\/types\/post"}],"author":[{"embeddable":true,"href":"https:\/\/www.ivanabeaumond.com.br\/vestidos-noiva\/wp-json\/wp\/v2\/users\/4"}],"replies":[{"embeddable":true,"href":"https:\/\/www.ivanabeaumond.com.br\/vestidos-noiva\/wp-json\/wp\/v2\/comments?post=16926"}],"version-history":[{"count":12,"href":"https:\/\/www.ivanabeaumond.com.br\/vestidos-noiva\/wp-json\/wp\/v2\/posts\/16926\/revisions"}],"predecessor-version":[{"id":25662,"href":"https:\/\/www.ivanabeaumond.com.br\/vestidos-noiva\/wp-json\/wp\/v2\/posts\/16926\/revisions\/25662"}],"wp:featuredmedia":[{"embeddable":true,"href":"https:\/\/www.ivanabeaumond.com.br\/vestidos-noiva\/wp-json\/wp\/v2\/media\/16927"}],"wp:attachment":[{"href":"https:\/\/www.ivanabeaumond.com.br\/vestidos-noiva\/wp-json\/wp\/v2\/media?parent=16926"}],"wp:term":[{"taxonomy":"category","embeddable":true,"href":"https:\/\/www.ivanabeaumond.com.br\/vestidos-noiva\/wp-json\/wp\/v2\/categories?post=16926"},{"taxonomy":"post_tag","embeddable":true,"href":"https:\/\/www.ivanabeaumond.com.br\/vestidos-noiva\/wp-json\/wp\/v2\/tags?post=16926"}],"curies":[{"name":"wp","href":"https:\/\/api.w.org\/{rel}","templated":true}]}}