{"id":16965,"date":"2019-01-11T18:32:04","date_gmt":"2019-01-11T20:32:04","guid":{"rendered":"http:\/\/www.ivanabeaumond.com.br\/vestidos-noiva\/?p=16965"},"modified":"2019-01-11T18:32:19","modified_gmt":"2019-01-11T20:32:19","slug":"inspiracao-anos-90","status":"publish","type":"post","link":"https:\/\/www.ivanabeaumond.com.br\/vestidos-noiva\/inspiracao-anos-90\/","title":{"rendered":"Inspira\u00e7\u00e3o: Anos 90"},"content":{"rendered":"<h4 style=\"text-align: justify;\"><span style=\"color: #999999;\">A moda em 2019 come\u00e7ou com a volta de algumas tend\u00eancias dos anos 90, que foi uma \u00e9poca marcada pelas influ\u00eancias da MTV e da explos\u00e3o do grunge na cena rock. Passeando pelo com\u00e9rcio de rua, podemos encontrar diversas pe\u00e7as que foram uma febre da moda na d\u00e9cada em quest\u00e3o, como as cal\u00e7as com o corte reto e bainha curta, as hot pants e o jeans com miniprint.<\/span><\/h4>\n<p>&nbsp;<\/p>\n<h4 style=\"text-align: justify;\"><span style=\"color: #999999;\">Os vestidos de noiva tamb\u00e9m tiveram seus modismos em 1990, ent\u00e3o, que tal fazer uma breve retrospectiva de como era a moda noiva nesse per\u00edodo? Confira no post a seguir algumas dessas tend\u00eancias e prepare-se para fotos em baixa resolu\u00e7\u00e3o, pois estamos falando de uma \u00e9poca onde ainda n\u00e3o existiam c\u00e2meras digitais:<\/span><\/h4>\n<p>&nbsp;<\/p>\n<p>&nbsp;<\/p>\n<p>&nbsp;<\/p>\n<p>&nbsp;<\/p>\n<h3><\/h3>\n<p>&nbsp;<\/p>\n<p>&nbsp;<\/p>\n<p><img decoding=\"async\" loading=\"lazy\" class=\"aligncenter size-full wp-image-16966\" src=\"http:\/\/www.ivanabeaumond.com.br\/vestidos-noiva\/wp-content\/uploads\/2019\/01\/revista-noivas-anos-90-post-ivana-beaumond-e1547229578457.jpg\" alt=\"revista-noivas-anos-90-post-ivana-beaumond\" width=\"790\" height=\"790\" \/><\/p>\n<p>&nbsp;<\/p>\n<p>&nbsp;<\/p>\n<p>&nbsp;<\/p>\n<h4 style=\"text-align: justify;\"><\/h4>\n<h4 style=\"text-align: justify;\"><span style=\"color: #999999;\">Essas fotos s\u00e3o do primeiro exemplar da Revista Noivas e foram resgatadas pelo site\u00a0<a href=\"https:\/\/prontaparaosim.com.br\/primeiro-exemplar-da-revista-noivas-anos-90\/\" target=\"_blank\">\u00a0<em>Pronta para o Sim<\/em><\/a>.\u00a0Os vestidos s\u00e3o do estilista Ronaldo Esper (que era o maior nome do mercado at\u00e9 ent\u00e3o) e mostram uma predomin\u00e2ncia do dourado, tanto nas joias quanto nas pedrarias. Essa cor, juntamente com a presen\u00e7a de penteados estruturados e acess\u00f3rios grandes nos cabelos trazem inspira\u00e7\u00f5es vitorianas, uma tend\u00eancia no in\u00edcio dos anos 90.<\/span><\/h4>\n<p>&nbsp;<\/p>\n<p>&nbsp;<\/p>\n<p>&nbsp;<\/p>\n<p>&nbsp;<\/p>\n<p><img decoding=\"async\" loading=\"lazy\" class=\"aligncenter size-full wp-image-16969\" src=\"http:\/\/www.ivanabeaumond.com.br\/vestidos-noiva\/wp-content\/uploads\/2019\/01\/thalia-vestido-de-noiva-1990-blog-ivana-beaumond-e1547231975521.jpg\" alt=\"thalia-vestido-de-noiva-1990-blog-ivana-beaumond\" width=\"790\" height=\"593\" \/><\/p>\n<h4 style=\"text-align: justify;\"><\/h4>\n<p>&nbsp;<\/p>\n<p>&nbsp;<\/p>\n<p>&nbsp;<\/p>\n<h4 style=\"text-align: justify;\"><span style=\"color: #999999;\">Essa tend\u00eancia tamb\u00e9m trouxe modelos com muito volume, como foi o caso do cl\u00e1ssico vestido usado pela atriz mexicana Thalia da foto acima. Reparem como o corpete \u00e9 ajustado no corpo marcando a cintura fina. Achou a saia exagerada? Espere at\u00e9 ver a cauda&#8230;<\/span><\/h4>\n<p>&nbsp;<\/p>\n<p>&nbsp;<\/p>\n<p>&nbsp;<\/p>\n<p>&nbsp;<\/p>\n<p><img decoding=\"async\" loading=\"lazy\" class=\"aligncenter size-full wp-image-16971\" src=\"http:\/\/www.ivanabeaumond.com.br\/vestidos-noiva\/wp-content\/uploads\/2019\/01\/Thalia-Tommy-Mottola-casamento-blog-post-ivana-beaumond-e1547233251232.jpg\" alt=\"Thalia-Tommy-Mottola-casamento-blog-post-ivana-beaumond\" width=\"790\" height=\"554\" \/><\/p>\n<p>&nbsp;<\/p>\n<p>&nbsp;<\/p>\n<p>&nbsp;<\/p>\n<p>&nbsp;<\/p>\n<h4 style=\"text-align: justify;\"><span style=\"color: #999999;\">E quando falamos em acess\u00f3rios de cabelos grandes, queremos dizer muito grandes! Nos anos 90, tivemos grinaldas em forma de coroas altas e com muito brilho. O auge dessa trend foi alcan\u00e7ado pela cantora Celine Dion, com seu ic\u00f4nico vestido de noiva, em 1994.<\/span><\/h4>\n<p>&nbsp;<\/p>\n<p>&nbsp;<\/p>\n<p>&nbsp;<\/p>\n<p>&nbsp;<\/p>\n<p><img decoding=\"async\" loading=\"lazy\" class=\"aligncenter size-full wp-image-16975\" src=\"http:\/\/www.ivanabeaumond.com.br\/vestidos-noiva\/wp-content\/uploads\/2019\/01\/vestido-de-noiva-celine-dion-inspira\u00e7\u00e3o-anos-90-post-ivana-beaumond-e1547235268337.jpg\" alt=\"vestido-de-noiva-celine-dion-inspira\u00e7\u00e3o-anos-90-post-ivana-beaumond\" width=\"790\" height=\"577\" \/><\/p>\n<p>&nbsp;<\/p>\n<p>&nbsp;<\/p>\n<p>&nbsp;<\/p>\n<p>&nbsp;<\/p>\n<p>&nbsp;<\/p>\n<h4 style=\"text-align: justify;\"><span style=\"color: #999999;\">As mangas bufantes e os permanentes foram uma heran\u00e7a da d\u00e9cada anterior, que perpetuaram at\u00e9 os primeiros anos de 1990, at\u00e9 que a moda sofreu uma ressaca dos exageros dos 80\u2019s. Aos poucos, os modelos foram diminuindo o volume e ficando cada vez mais clean.\u00a0<\/span><\/h4>\n<p>&nbsp;<\/p>\n<p>&nbsp;<\/p>\n<p>&nbsp;<\/p>\n<p>&nbsp;<\/p>\n<p><img decoding=\"async\" loading=\"lazy\" class=\"aligncenter size-full wp-image-16980\" src=\"http:\/\/www.ivanabeaumond.com.br\/vestidos-noiva\/wp-content\/uploads\/2019\/01\/casamento-barrados-no-baile-post-inspira\u00e7\u00e3o-ivana-beaumond-e1547235755792.jpg\" alt=\"casamento-barrados-no-baile-post-inspira\u00e7\u00e3o-ivana-beaumond\" width=\"790\" height=\"523\" \/><\/p>\n<p><img decoding=\"async\" loading=\"lazy\" class=\"aligncenter size-full wp-image-16983\" src=\"http:\/\/www.ivanabeaumond.com.br\/vestidos-noiva\/wp-content\/uploads\/2019\/01\/vestidos-de-noiva-friends-inspira\u00e7\u00e3o-post-ivana-beaumond-e1547236279107.jpg\" alt=\"vestidos-de-noiva-friends-inspira\u00e7\u00e3o-post-ivana-beaumond\" width=\"790\" height=\"395\" \/><\/p>\n<p>&nbsp;<\/p>\n<p>&nbsp;<\/p>\n<p>&nbsp;<\/p>\n<p>&nbsp;<\/p>\n<h4 style=\"text-align: justify;\"><span style=\"color: #999999;\">A moda noiva, ent\u00e3o, passou a ter uma est\u00e9tica minimalista. O branco voltou a ser popular, assim como os vestidos com cortes mais largos e decotes retos. Um dos modelos que podem representar essa fase \u00e9 o usado por\u00a0Carolyn Bessette em seu casamento com John Kennedy Jr, ilustrado na foto abaixo.<\/span><\/h4>\n<p>&nbsp;<\/p>\n<p>&nbsp;<\/p>\n<p>&nbsp;<\/p>\n<p>&nbsp;<\/p>\n<p><img decoding=\"async\" loading=\"lazy\" class=\"aligncenter size-full wp-image-16985\" src=\"http:\/\/www.ivanabeaumond.com.br\/vestidos-noiva\/wp-content\/uploads\/2019\/01\/casamento-john-john-anos-90-blog-ivana-beaumond-noivas-e1547237222953.jpg\" alt=\"casamento-john-john-anos-90-blog-ivana-beaumond-noivas\" width=\"790\" height=\"632\" \/><\/p>\n<p>&nbsp;<\/p>\n<p>&nbsp;<\/p>\n<p>&nbsp;<\/p>\n<p>&nbsp;<\/p>\n<p>&nbsp;<\/p>\n<h4 style=\"text-align: justify;\"><span style=\"color: #999999;\">Se voc\u00ea viveu os anos 90, com certeza deve lembrar de algumas dessas inspira\u00e7\u00f5es. Algumas delas\u00a0j\u00e1 voltaram esse ano, como por exemplo as mangas longas e o minimalismo. Voc\u00ea pode conferir o post que fizemos com as tend\u00eancias para os vestidos de noiva de 2019 <a href=\"http:\/\/www.ivanabeaumond.com.br\/vestidos-noiva\/tendencias-de-vestidos-de-noiva-para-a-primavera-2019\/\" target=\"_blank\">neste link<\/a>!<\/span><\/h4>\n<p>&nbsp;<\/p>\n<p>&nbsp;<\/p>\n<p>&nbsp;<\/p>\n<p>&nbsp;<\/p>\n<p>&nbsp;<\/p>\n<h4><span style=\"color: #000000;\">Fotos:\u00a0<\/span><\/h4>\n<h4><span style=\"color: #000000;\"><a href=\"https:\/\/prontaparaosim.com.br\/primeiro-exemplar-da-revista-noivas-anos-90\/\" target=\"_blank\">Pronta para o Sim<\/a>\u00a0e Google.com<\/span><\/h4>\n<p>&nbsp;<\/p>\n<p>&nbsp;<\/p>\n<p>&nbsp;<\/p>\n<p>&nbsp;<\/p>\n<p>&nbsp;<\/p>\n<p>&nbsp;<\/p>\n<h4><span style=\"color: #999999;\"><strong>Gostou? Siga nosso instagram\u00a0<\/strong><span style=\"color: #000000;\"><a style=\"color: #000000;\" href=\"https:\/\/www.instagram.com\/ivanabeaumond\/\"><strong>@ivanabeaumond<\/strong><\/a><\/span><strong>\u00a0e curta nossa fanpage\u00a0<\/strong><span style=\"color: #000000;\"><a style=\"color: #000000;\" href=\"https:\/\/www.facebook.com\/IvanaBeaumond\/\"><strong>Ivana Beaumond<\/strong><\/a><\/span><strong>\u00a0para ficar por dentro de tudo o que rola no mundo das noivas, e conhe\u00e7a nossos Melhores Modelos de Vestidos de Noivas Nacionais, Importados e Sob Medida.<\/strong><\/span><\/h4>\n","protected":false},"excerpt":{"rendered":"<p>A moda em 2019 come\u00e7ou com a volta de algumas&#8230;<\/p>\n","protected":false},"author":4,"featured_media":16993,"comment_status":"closed","ping_status":"closed","sticky":false,"template":"","format":"standard","meta":[],"categories":[60,127],"tags":[561,570,560,133,571,444,559,568,96,161,113,564,573,434,563,311,286,278,107,572,567,455,565,566,164,562,575,574,569,115,210],"yoast_head":"<!-- This site is optimized with the Yoast SEO plugin v20.3 - https:\/\/yoast.com\/wordpress\/plugins\/seo\/ -->\n<title>Inspira\u00e7\u00e3o: Anos 90 - Vestido de Noiva RJ<\/title>\n<meta name=\"robots\" content=\"index, follow, max-snippet:-1, max-image-preview:large, max-video-preview:-1\" \/>\n<link rel=\"canonical\" href=\"https:\/\/www.ivanabeaumond.com.br\/vestidos-noiva\/inspiracao-anos-90\/\" \/>\n<meta property=\"og:locale\" content=\"pt_BR\" \/>\n<meta property=\"og:type\" content=\"article\" \/>\n<meta property=\"og:title\" content=\"Inspira\u00e7\u00e3o: Anos 90 - Vestido de Noiva RJ\" \/>\n<meta property=\"og:description\" content=\"A moda em 2019 come\u00e7ou com a volta de algumas...\" \/>\n<meta property=\"og:url\" content=\"https:\/\/www.ivanabeaumond.com.br\/vestidos-noiva\/inspiracao-anos-90\/\" \/>\n<meta property=\"og:site_name\" content=\"Vestido de Noiva RJ\" \/>\n<meta property=\"article:publisher\" content=\"https:\/\/www.facebook.com\/ivana.beaumondnoivas\" \/>\n<meta property=\"article:published_time\" content=\"2019-01-11T20:32:04+00:00\" \/>\n<meta property=\"article:modified_time\" content=\"2019-01-11T20:32:19+00:00\" \/>\n<meta property=\"og:image\" content=\"https:\/\/www.ivanabeaumond.com.br\/vestidos-noiva\/wp-content\/uploads\/2019\/01\/miniatura1.jpg\" \/>\n\t<meta property=\"og:image:width\" content=\"640\" \/>\n\t<meta property=\"og:image:height\" content=\"435\" \/>\n\t<meta property=\"og:image:type\" content=\"image\/jpeg\" \/>\n<meta name=\"author\" content=\"Ivana Beaumond Paris\" \/>\n<meta name=\"twitter:card\" content=\"summary_large_image\" \/>\n<meta name=\"twitter:label1\" content=\"Escrito por\" \/>\n\t<meta name=\"twitter:data1\" content=\"Ivana Beaumond Paris\" \/>\n\t<meta name=\"twitter:label2\" content=\"Est. tempo de leitura\" \/>\n\t<meta name=\"twitter:data2\" content=\"3 minutos\" \/>\n<script type=\"application\/ld+json\" class=\"yoast-schema-graph\">{\"@context\":\"https:\/\/schema.org\",\"@graph\":[{\"@type\":\"Article\",\"@id\":\"https:\/\/www.ivanabeaumond.com.br\/vestidos-noiva\/inspiracao-anos-90\/#article\",\"isPartOf\":{\"@id\":\"https:\/\/www.ivanabeaumond.com.br\/vestidos-noiva\/inspiracao-anos-90\/\"},\"author\":{\"name\":\"Ivana Beaumond Paris\",\"@id\":\"https:\/\/www.ivanabeaumond.com.br\/vestidos-noiva\/#\/schema\/person\/1a360c4cffa3b806d29a456389dcff26\"},\"headline\":\"Inspira\u00e7\u00e3o: Anos 90\",\"datePublished\":\"2019-01-11T20:32:04+00:00\",\"dateModified\":\"2019-01-11T20:32:19+00:00\",\"mainEntityOfPage\":{\"@id\":\"https:\/\/www.ivanabeaumond.com.br\/vestidos-noiva\/inspiracao-anos-90\/\"},\"wordCount\":561,\"publisher\":{\"@id\":\"https:\/\/www.ivanabeaumond.com.br\/vestidos-noiva\/#organization\"},\"keywords\":[\"1990\",\"90210\",\"anos 90\",\"atelierivanabeaumond\",\"barrados no baile\",\"blog de casamento\",\"blog de noivas\",\"Carolyn Bessette\",\"casamento\",\"casamento blindado\",\"casamento criativo\",\"casamento vintage\",\"celine dion\",\"dicas\",\"friends\",\"inspira\u00e7\u00e3o\",\"ivana beaumond\",\"ivana beaumond paris\",\"ivanabeaumond\",\"jennie garth\",\"john kennedy jr\",\"moda noiva\",\"noiva retr\u00f4\",\"noiva vintage\",\"noivas\",\"noivas anos 90\",\"ronaldo esper\",\"thalia\",\"tori spelling\",\"vestido de noiva\",\"weddingdress\"],\"articleSection\":[\"Blog\",\"Dicas e Truques\"],\"inLanguage\":\"pt-BR\"},{\"@type\":\"WebPage\",\"@id\":\"https:\/\/www.ivanabeaumond.com.br\/vestidos-noiva\/inspiracao-anos-90\/\",\"url\":\"https:\/\/www.ivanabeaumond.com.br\/vestidos-noiva\/inspiracao-anos-90\/\",\"name\":\"Inspira\u00e7\u00e3o: Anos 90 - Vestido de Noiva RJ\",\"isPartOf\":{\"@id\":\"https:\/\/www.ivanabeaumond.com.br\/vestidos-noiva\/#website\"},\"datePublished\":\"2019-01-11T20:32:04+00:00\",\"dateModified\":\"2019-01-11T20:32:19+00:00\",\"breadcrumb\":{\"@id\":\"https:\/\/www.ivanabeaumond.com.br\/vestidos-noiva\/inspiracao-anos-90\/#breadcrumb\"},\"inLanguage\":\"pt-BR\",\"potentialAction\":[{\"@type\":\"ReadAction\",\"target\":[\"https:\/\/www.ivanabeaumond.com.br\/vestidos-noiva\/inspiracao-anos-90\/\"]}]},{\"@type\":\"BreadcrumbList\",\"@id\":\"https:\/\/www.ivanabeaumond.com.br\/vestidos-noiva\/inspiracao-anos-90\/#breadcrumb\",\"itemListElement\":[{\"@type\":\"ListItem\",\"position\":1,\"name\":\"In\u00edcio\",\"item\":\"https:\/\/www.ivanabeaumond.com.br\/vestidos-noiva\/\"},{\"@type\":\"ListItem\",\"position\":2,\"name\":\"Inspira\u00e7\u00e3o: Anos 90\"}]},{\"@type\":\"WebSite\",\"@id\":\"https:\/\/www.ivanabeaumond.com.br\/vestidos-noiva\/#website\",\"url\":\"https:\/\/www.ivanabeaumond.com.br\/vestidos-noiva\/\",\"name\":\"Vestido de Noiva RJ\",\"description\":\"Moda Noiva\",\"publisher\":{\"@id\":\"https:\/\/www.ivanabeaumond.com.br\/vestidos-noiva\/#organization\"},\"potentialAction\":[{\"@type\":\"SearchAction\",\"target\":{\"@type\":\"EntryPoint\",\"urlTemplate\":\"https:\/\/www.ivanabeaumond.com.br\/vestidos-noiva\/?s={search_term_string}\"},\"query-input\":\"required name=search_term_string\"}],\"inLanguage\":\"pt-BR\"},{\"@type\":\"Organization\",\"@id\":\"https:\/\/www.ivanabeaumond.com.br\/vestidos-noiva\/#organization\",\"name\":\"Vestido de Noiva RJ\",\"url\":\"https:\/\/www.ivanabeaumond.com.br\/vestidos-noiva\/\",\"logo\":{\"@type\":\"ImageObject\",\"inLanguage\":\"pt-BR\",\"@id\":\"https:\/\/www.ivanabeaumond.com.br\/vestidos-noiva\/#\/schema\/logo\/image\/\",\"url\":\"https:\/\/www.ivanabeaumond.com.br\/vestidos-noiva\/wp-content\/uploads\/2018\/02\/logo_ivana_beaumond-2.png\",\"contentUrl\":\"https:\/\/www.ivanabeaumond.com.br\/vestidos-noiva\/wp-content\/uploads\/2018\/02\/logo_ivana_beaumond-2.png\",\"width\":230,\"height\":112,\"caption\":\"Vestido de Noiva RJ\"},\"image\":{\"@id\":\"https:\/\/www.ivanabeaumond.com.br\/vestidos-noiva\/#\/schema\/logo\/image\/\"},\"sameAs\":[\"https:\/\/www.facebook.com\/ivana.beaumondnoivas\",\"https:\/\/www.instagram.com\/ivanabeaumond\/\",\"https:\/\/www.tiktok.com\/@ivanabeaumond\"]},{\"@type\":\"Person\",\"@id\":\"https:\/\/www.ivanabeaumond.com.br\/vestidos-noiva\/#\/schema\/person\/1a360c4cffa3b806d29a456389dcff26\",\"name\":\"Ivana Beaumond Paris\",\"image\":{\"@type\":\"ImageObject\",\"inLanguage\":\"pt-BR\",\"@id\":\"https:\/\/www.ivanabeaumond.com.br\/vestidos-noiva\/#\/schema\/person\/image\/\",\"url\":\"https:\/\/secure.gravatar.com\/avatar\/641f98db20b53ec937ceb641db4270b9?s=96&d=mm&r=g\",\"contentUrl\":\"https:\/\/secure.gravatar.com\/avatar\/641f98db20b53ec937ceb641db4270b9?s=96&d=mm&r=g\",\"caption\":\"Ivana Beaumond Paris\"},\"url\":\"https:\/\/www.ivanabeaumond.com.br\/vestidos-noiva\/author\/ivana\/\"}]}<\/script>\n<!-- \/ Yoast SEO plugin. -->","yoast_head_json":{"title":"Inspira\u00e7\u00e3o: Anos 90 - Vestido de Noiva RJ","robots":{"index":"index","follow":"follow","max-snippet":"max-snippet:-1","max-image-preview":"max-image-preview:large","max-video-preview":"max-video-preview:-1"},"canonical":"https:\/\/www.ivanabeaumond.com.br\/vestidos-noiva\/inspiracao-anos-90\/","og_locale":"pt_BR","og_type":"article","og_title":"Inspira\u00e7\u00e3o: Anos 90 - Vestido de Noiva RJ","og_description":"A moda em 2019 come\u00e7ou com a volta de algumas...","og_url":"https:\/\/www.ivanabeaumond.com.br\/vestidos-noiva\/inspiracao-anos-90\/","og_site_name":"Vestido de Noiva RJ","article_publisher":"https:\/\/www.facebook.com\/ivana.beaumondnoivas","article_published_time":"2019-01-11T20:32:04+00:00","article_modified_time":"2019-01-11T20:32:19+00:00","og_image":[{"width":640,"height":435,"url":"https:\/\/www.ivanabeaumond.com.br\/vestidos-noiva\/wp-content\/uploads\/2019\/01\/miniatura1.jpg","type":"image\/jpeg"}],"author":"Ivana Beaumond Paris","twitter_card":"summary_large_image","twitter_misc":{"Escrito por":"Ivana Beaumond Paris","Est. tempo de leitura":"3 minutos"},"schema":{"@context":"https:\/\/schema.org","@graph":[{"@type":"Article","@id":"https:\/\/www.ivanabeaumond.com.br\/vestidos-noiva\/inspiracao-anos-90\/#article","isPartOf":{"@id":"https:\/\/www.ivanabeaumond.com.br\/vestidos-noiva\/inspiracao-anos-90\/"},"author":{"name":"Ivana Beaumond Paris","@id":"https:\/\/www.ivanabeaumond.com.br\/vestidos-noiva\/#\/schema\/person\/1a360c4cffa3b806d29a456389dcff26"},"headline":"Inspira\u00e7\u00e3o: Anos 90","datePublished":"2019-01-11T20:32:04+00:00","dateModified":"2019-01-11T20:32:19+00:00","mainEntityOfPage":{"@id":"https:\/\/www.ivanabeaumond.com.br\/vestidos-noiva\/inspiracao-anos-90\/"},"wordCount":561,"publisher":{"@id":"https:\/\/www.ivanabeaumond.com.br\/vestidos-noiva\/#organization"},"keywords":["1990","90210","anos 90","atelierivanabeaumond","barrados no baile","blog de casamento","blog de noivas","Carolyn Bessette","casamento","casamento blindado","casamento criativo","casamento vintage","celine dion","dicas","friends","inspira\u00e7\u00e3o","ivana beaumond","ivana beaumond paris","ivanabeaumond","jennie garth","john kennedy jr","moda noiva","noiva retr\u00f4","noiva vintage","noivas","noivas anos 90","ronaldo esper","thalia","tori spelling","vestido de noiva","weddingdress"],"articleSection":["Blog","Dicas e Truques"],"inLanguage":"pt-BR"},{"@type":"WebPage","@id":"https:\/\/www.ivanabeaumond.com.br\/vestidos-noiva\/inspiracao-anos-90\/","url":"https:\/\/www.ivanabeaumond.com.br\/vestidos-noiva\/inspiracao-anos-90\/","name":"Inspira\u00e7\u00e3o: Anos 90 - Vestido de Noiva RJ","isPartOf":{"@id":"https:\/\/www.ivanabeaumond.com.br\/vestidos-noiva\/#website"},"datePublished":"2019-01-11T20:32:04+00:00","dateModified":"2019-01-11T20:32:19+00:00","breadcrumb":{"@id":"https:\/\/www.ivanabeaumond.com.br\/vestidos-noiva\/inspiracao-anos-90\/#breadcrumb"},"inLanguage":"pt-BR","potentialAction":[{"@type":"ReadAction","target":["https:\/\/www.ivanabeaumond.com.br\/vestidos-noiva\/inspiracao-anos-90\/"]}]},{"@type":"BreadcrumbList","@id":"https:\/\/www.ivanabeaumond.com.br\/vestidos-noiva\/inspiracao-anos-90\/#breadcrumb","itemListElement":[{"@type":"ListItem","position":1,"name":"In\u00edcio","item":"https:\/\/www.ivanabeaumond.com.br\/vestidos-noiva\/"},{"@type":"ListItem","position":2,"name":"Inspira\u00e7\u00e3o: Anos 90"}]},{"@type":"WebSite","@id":"https:\/\/www.ivanabeaumond.com.br\/vestidos-noiva\/#website","url":"https:\/\/www.ivanabeaumond.com.br\/vestidos-noiva\/","name":"Vestido de Noiva RJ","description":"Moda Noiva","publisher":{"@id":"https:\/\/www.ivanabeaumond.com.br\/vestidos-noiva\/#organization"},"potentialAction":[{"@type":"SearchAction","target":{"@type":"EntryPoint","urlTemplate":"https:\/\/www.ivanabeaumond.com.br\/vestidos-noiva\/?s={search_term_string}"},"query-input":"required name=search_term_string"}],"inLanguage":"pt-BR"},{"@type":"Organization","@id":"https:\/\/www.ivanabeaumond.com.br\/vestidos-noiva\/#organization","name":"Vestido de Noiva RJ","url":"https:\/\/www.ivanabeaumond.com.br\/vestidos-noiva\/","logo":{"@type":"ImageObject","inLanguage":"pt-BR","@id":"https:\/\/www.ivanabeaumond.com.br\/vestidos-noiva\/#\/schema\/logo\/image\/","url":"https:\/\/www.ivanabeaumond.com.br\/vestidos-noiva\/wp-content\/uploads\/2018\/02\/logo_ivana_beaumond-2.png","contentUrl":"https:\/\/www.ivanabeaumond.com.br\/vestidos-noiva\/wp-content\/uploads\/2018\/02\/logo_ivana_beaumond-2.png","width":230,"height":112,"caption":"Vestido de Noiva RJ"},"image":{"@id":"https:\/\/www.ivanabeaumond.com.br\/vestidos-noiva\/#\/schema\/logo\/image\/"},"sameAs":["https:\/\/www.facebook.com\/ivana.beaumondnoivas","https:\/\/www.instagram.com\/ivanabeaumond\/","https:\/\/www.tiktok.com\/@ivanabeaumond"]},{"@type":"Person","@id":"https:\/\/www.ivanabeaumond.com.br\/vestidos-noiva\/#\/schema\/person\/1a360c4cffa3b806d29a456389dcff26","name":"Ivana Beaumond Paris","image":{"@type":"ImageObject","inLanguage":"pt-BR","@id":"https:\/\/www.ivanabeaumond.com.br\/vestidos-noiva\/#\/schema\/person\/image\/","url":"https:\/\/secure.gravatar.com\/avatar\/641f98db20b53ec937ceb641db4270b9?s=96&d=mm&r=g","contentUrl":"https:\/\/secure.gravatar.com\/avatar\/641f98db20b53ec937ceb641db4270b9?s=96&d=mm&r=g","caption":"Ivana Beaumond Paris"},"url":"https:\/\/www.ivanabeaumond.com.br\/vestidos-noiva\/author\/ivana\/"}]}},"_links":{"self":[{"href":"https:\/\/www.ivanabeaumond.com.br\/vestidos-noiva\/wp-json\/wp\/v2\/posts\/16965"}],"collection":[{"href":"https:\/\/www.ivanabeaumond.com.br\/vestidos-noiva\/wp-json\/wp\/v2\/posts"}],"about":[{"href":"https:\/\/www.ivanabeaumond.com.br\/vestidos-noiva\/wp-json\/wp\/v2\/types\/post"}],"author":[{"embeddable":true,"href":"https:\/\/www.ivanabeaumond.com.br\/vestidos-noiva\/wp-json\/wp\/v2\/users\/4"}],"replies":[{"embeddable":true,"href":"https:\/\/www.ivanabeaumond.com.br\/vestidos-noiva\/wp-json\/wp\/v2\/comments?post=16965"}],"version-history":[{"count":19,"href":"https:\/\/www.ivanabeaumond.com.br\/vestidos-noiva\/wp-json\/wp\/v2\/posts\/16965\/revisions"}],"predecessor-version":[{"id":16994,"href":"https:\/\/www.ivanabeaumond.com.br\/vestidos-noiva\/wp-json\/wp\/v2\/posts\/16965\/revisions\/16994"}],"wp:featuredmedia":[{"embeddable":true,"href":"https:\/\/www.ivanabeaumond.com.br\/vestidos-noiva\/wp-json\/wp\/v2\/media\/16993"}],"wp:attachment":[{"href":"https:\/\/www.ivanabeaumond.com.br\/vestidos-noiva\/wp-json\/wp\/v2\/media?parent=16965"}],"wp:term":[{"taxonomy":"category","embeddable":true,"href":"https:\/\/www.ivanabeaumond.com.br\/vestidos-noiva\/wp-json\/wp\/v2\/categories?post=16965"},{"taxonomy":"post_tag","embeddable":true,"href":"https:\/\/www.ivanabeaumond.com.br\/vestidos-noiva\/wp-json\/wp\/v2\/tags?post=16965"}],"curies":[{"name":"wp","href":"https:\/\/api.w.org\/{rel}","templated":true}]}}