{"id":17210,"date":"2019-02-08T19:14:26","date_gmt":"2019-02-08T21:14:26","guid":{"rendered":"http:\/\/www.ivanabeaumond.com.br\/vestidos-noiva\/?p=17210"},"modified":"2019-02-08T19:14:26","modified_gmt":"2019-02-08T21:14:26","slug":"moda-festa-conheca-as-tendencias-para-2019","status":"publish","type":"post","link":"https:\/\/www.ivanabeaumond.com.br\/vestidos-noiva\/moda-festa-conheca-as-tendencias-para-2019\/","title":{"rendered":"Moda festa: conhe\u00e7a as tend\u00eancias para 2019"},"content":{"rendered":"<h4 style=\"text-align: justify;\"><span style=\"color: #999999;\">As fashion weeks\u00a0e os desfiles trazem tend\u00eancias para a moda noiva que tamb\u00e9m influenciam os vestidos de festa, e esse ano as passarelas mostraram uma s\u00e9rie de novidades (e tamb\u00e9m alguns estilos que n\u00f3s j\u00e1 conhecemos e voltaram a estar em alta). Neste post, vamos mostrar a voc\u00ea quais s\u00e3o as promessas da moda festa para 2019.<\/span><\/h4>\n<p>&nbsp;<\/p>\n<p>&nbsp;<\/p>\n<p>&nbsp;<\/p>\n<p>&nbsp;<\/p>\n<p>&nbsp;<\/p>\n<p>&nbsp;<\/p>\n<h3 style=\"text-align: justify;\"><span style=\"color: #000000;\">\u00a0Transpar\u00eancia<\/span><\/h3>\n<p>&nbsp;<\/p>\n<p>&nbsp;<\/p>\n<p>&nbsp;<\/p>\n<p>&nbsp;<\/p>\n<h4 style=\"text-align: justify;\"><span style=\"color: #999999;\">Uma grande aposta dos vestidos de festa \u00e9 a transpar\u00eancia. Este ano, ela aparece principalmente nas saias, em uma camada de tule ou renda por cima de uma saia curtinha ou hot pants. Esse tipo de corte d\u00e1 um efeito dois em um ao vestido e funciona tanto para modelos para o dia quanto para a noite.<\/span><\/h4>\n<p>&nbsp;<\/p>\n<p>&nbsp;<\/p>\n<p>&nbsp;<\/p>\n<p><a href=\"http:\/\/www.ivanabeaumond.com.br\/vestidos-noiva\/wp-content\/uploads\/2019\/02\/inspira\u00e7\u00e3o-moda-festa-ivana-beaumond-paris-modelos-232-e1549653721404.jpg\"><img decoding=\"async\" loading=\"lazy\" class=\"aligncenter size-full wp-image-17217\" src=\"http:\/\/www.ivanabeaumond.com.br\/vestidos-noiva\/wp-content\/uploads\/2019\/02\/inspira\u00e7\u00e3o-moda-festa-ivana-beaumond-paris-modelos-232-e1549653721404.jpg\" alt=\"inspira\u00e7\u00e3o-moda-festa-ivana-beaumond-paris-modelos (23)\" width=\"600\" height=\"925\" \/><\/a><\/p>\n<p><img decoding=\"async\" loading=\"lazy\" class=\"aligncenter size-full wp-image-17218\" src=\"http:\/\/www.ivanabeaumond.com.br\/vestidos-noiva\/wp-content\/uploads\/2019\/02\/inspira\u00e7\u00e3o-transpar\u00eancia-moda-festa-dispon\u00edvel-ivana-beaumond-paris-e1549653769453.jpg\" alt=\"inspira\u00e7\u00e3o-transpar\u00eancia-moda-festa-dispon\u00edvel-ivana-beaumond-paris\" width=\"600\" height=\"750\" \/><\/p>\n<p><img decoding=\"async\" loading=\"lazy\" class=\"aligncenter size-full wp-image-17219\" src=\"http:\/\/www.ivanabeaumond.com.br\/vestidos-noiva\/wp-content\/uploads\/2019\/02\/inspira\u00e7\u00e3o-moda-festa-ivana-beaumond-paris-modelos-17-e1549654290537.jpg\" alt=\"inspira\u00e7\u00e3o-moda-festa-ivana-beaumond-paris-modelos (17)\" width=\"600\" height=\"750\" \/><\/p>\n<p>&nbsp;<\/p>\n<p>&nbsp;<\/p>\n<p>&nbsp;<\/p>\n<p>&nbsp;<\/p>\n<p>&nbsp;<\/p>\n<p>&nbsp;<\/p>\n<h3>Detalhes Florais<\/h3>\n<p>&nbsp;<\/p>\n<p>&nbsp;<\/p>\n<p>&nbsp;<\/p>\n<p>&nbsp;<\/p>\n<h4 style=\"text-align: justify;\"><span style=\"color: #999999;\">As flores s\u00e3o uma inspira\u00e7\u00e3o fort\u00edssima na moda noiva essa esta\u00e7\u00e3o, e tamb\u00e9m est\u00e3o em alta nos vestidos de festa.\u00a0 Modelos com bordados florais, aplica\u00e7\u00f5es de flores em 3d e renda nesse estilo prometem aparecer bastante nos eventos.<\/span><\/h4>\n<p>&nbsp;<\/p>\n<p>&nbsp;<\/p>\n<p>&nbsp;<\/p>\n<p>&nbsp;<\/p>\n<p><img decoding=\"async\" loading=\"lazy\" class=\"aligncenter size-full wp-image-17222\" src=\"http:\/\/www.ivanabeaumond.com.br\/vestidos-noiva\/wp-content\/uploads\/2019\/02\/inspira\u00e7\u00e3o-moda-festa-ivana-beaumond-paris-modelos-9-e1549654831488.jpg\" alt=\"inspira\u00e7\u00e3o-moda-festa-ivana-beaumond-paris-modelos (9)\" width=\"600\" height=\"750\" \/><\/p>\n<p><img decoding=\"async\" loading=\"lazy\" class=\"aligncenter size-full wp-image-17223\" src=\"http:\/\/www.ivanabeaumond.com.br\/vestidos-noiva\/wp-content\/uploads\/2019\/02\/inspira\u00e7\u00e3o-moda-festa-ivana-beaumond-paris-modelos-7-e1549654958224.jpg\" alt=\"inspira\u00e7\u00e3o-moda-festa-ivana-beaumond-paris-modelos (7)\" width=\"600\" height=\"750\" \/><\/p>\n<p><img decoding=\"async\" loading=\"lazy\" class=\"aligncenter size-full wp-image-17224\" src=\"http:\/\/www.ivanabeaumond.com.br\/vestidos-noiva\/wp-content\/uploads\/2019\/02\/inspira\u00e7\u00e3o-moda-festa-ivana-beaumond-paris-modelos-2-e1549655069434.jpg\" alt=\"inspira\u00e7\u00e3o-moda-festa-ivana-beaumond-paris-modelos (2)\" width=\"600\" height=\"750\" \/><\/p>\n<p>&nbsp;<\/p>\n<p>&nbsp;<\/p>\n<p>&nbsp;<\/p>\n<p>&nbsp;<\/p>\n<p>&nbsp;<\/p>\n<h3 style=\"text-align: justify;\"><span style=\"color: #000000;\">Cores Vibrantes<\/span><\/h3>\n<p>&nbsp;<\/p>\n<p>&nbsp;<\/p>\n<p>&nbsp;<\/p>\n<p>&nbsp;<\/p>\n<h4 style=\"text-align: justify;\"><span style=\"color: #999999;\">Esse ano, os vestidos apostam em cores vivas, como\u00a0vermelho, azul e rosa pink. Tons como o verde esmeralda e o marsala,\u00a0que n\u00e3o s\u00e3o t\u00e3o comuns, agora aparecem em evid\u00eancia nos modelos de gala e de festa.<\/span><\/h4>\n<p>&nbsp;<\/p>\n<p>&nbsp;<\/p>\n<p>&nbsp;<\/p>\n<p>&nbsp;<\/p>\n<p>&nbsp;<\/p>\n<p><img decoding=\"async\" loading=\"lazy\" class=\"aligncenter size-full wp-image-17227\" src=\"http:\/\/www.ivanabeaumond.com.br\/vestidos-noiva\/wp-content\/uploads\/2019\/02\/inspira\u00e7\u00e3o-moda-festa-ivana-beaumond-paris-modelos-1-e1549655781314.jpg\" alt=\"inspira\u00e7\u00e3o-moda-festa-ivana-beaumond-paris-modelos (1)\" width=\"600\" height=\"900\" \/><\/p>\n<p><img decoding=\"async\" loading=\"lazy\" class=\"aligncenter size-full wp-image-17228\" src=\"http:\/\/www.ivanabeaumond.com.br\/vestidos-noiva\/wp-content\/uploads\/2019\/02\/inspira\u00e7\u00e3o-moda-festa-ivana-beaumond-paris-modelos-10-e1549655887563.jpg\" alt=\"inspira\u00e7\u00e3o-moda-festa-ivana-beaumond-paris-modelos (10)\" width=\"600\" height=\"750\" \/><\/p>\n<p><img decoding=\"async\" loading=\"lazy\" class=\"aligncenter size-full wp-image-17230\" src=\"http:\/\/www.ivanabeaumond.com.br\/vestidos-noiva\/wp-content\/uploads\/2019\/02\/inspira\u00e7\u00e3o-moda-festa-ivana-beaumond-paris-modelos-19-e1549656321689.jpg\" alt=\"inspira\u00e7\u00e3o-moda-festa-ivana-beaumond-paris-modelos (19)\" width=\"600\" height=\"900\" \/><\/p>\n<p>&nbsp;<\/p>\n<p>&nbsp;<\/p>\n<p>&nbsp;<\/p>\n<p>&nbsp;<\/p>\n<p>&nbsp;<\/p>\n<h4 style=\"text-align: justify;\"><span style=\"color: #999999;\">Voc\u00ea pode conhecer os nossos modelos de vestidos de festa acessando<\/span> <a href=\"http:\/\/www.ivanabeaumond.com.br\/vestidos-noiva\/vestidos-casamento-madrinha-festa-formatura\/\" target=\"_blank\">esse link<\/a><span style=\"color: #999999;\">!<\/span><\/h4>\n<p>&nbsp;<\/p>\n<p>&nbsp;<\/p>\n<p>&nbsp;<\/p>\n<h4 style=\"text-align: justify;\"><span style=\"color: #000000;\">Fotos: Divulga\u00e7\u00e3o.<\/span><\/h4>\n<p>&nbsp;<\/p>\n<p>&nbsp;<\/p>\n<p>&nbsp;<\/p>\n<h4 style=\"text-align: justify;\"><\/h4>\n<h4 style=\"text-align: justify;\"><\/h4>\n<p>&nbsp;<\/p>\n<p>&nbsp;<\/p>\n<p>&nbsp;<\/p>\n<p>&nbsp;<\/p>\n<h4 style=\"text-align: justify;\"><span style=\"color: #999999;\">Gostou? Siga nosso instagram<\/span>\u00a0<a href=\"https:\/\/www.instagram.com\/ivanabeaumond\/\">@ivanabeaumond<\/a>\u00a0<span style=\"color: #999999;\">e curta nossa fanpage<\/span>\u00a0<a href=\"https:\/\/www.facebook.com\/IvanaBeaumond\/\">Ivana Beaumond<\/a>\u00a0<span style=\"color: #999999;\">para ficar por dentro de tudo o que rola no mundo das noivas, e conhe\u00e7a nossos Melhores Modelos de Vestidos de Noivas Nacionais, Importados e Sob Medida.<\/span><\/h4>\n","protected":false},"excerpt":{"rendered":"<p>As fashion weeks\u00a0e os desfiles trazem tend\u00eancias para a moda&#8230;<\/p>\n","protected":false},"author":4,"featured_media":17234,"comment_status":"closed","ping_status":"closed","sticky":false,"template":"","format":"standard","meta":[],"categories":[60,127],"tags":[282,446,131,203,215,133,217,96,137,173,293,642,162,205,278,103,136,155,361,645,276,283,646,206,643,158,644,648,647,138,115,649,210],"yoast_head":"<!-- This site is optimized with the Yoast SEO plugin v20.3 - https:\/\/yoast.com\/wordpress\/plugins\/seo\/ -->\n<title>Moda festa: conhe\u00e7a as tend\u00eancias para 2019 - Vestido de Noiva RJ<\/title>\n<meta name=\"robots\" content=\"index, follow, max-snippet:-1, max-image-preview:large, max-video-preview:-1\" \/>\n<link rel=\"canonical\" href=\"https:\/\/www.ivanabeaumond.com.br\/vestidos-noiva\/moda-festa-conheca-as-tendencias-para-2019\/\" \/>\n<meta property=\"og:locale\" content=\"pt_BR\" \/>\n<meta property=\"og:type\" content=\"article\" \/>\n<meta property=\"og:title\" content=\"Moda festa: conhe\u00e7a as tend\u00eancias para 2019 - Vestido de Noiva RJ\" \/>\n<meta property=\"og:description\" content=\"As fashion weeks\u00a0e os desfiles trazem tend\u00eancias para a moda...\" \/>\n<meta property=\"og:url\" content=\"https:\/\/www.ivanabeaumond.com.br\/vestidos-noiva\/moda-festa-conheca-as-tendencias-para-2019\/\" \/>\n<meta property=\"og:site_name\" content=\"Vestido de Noiva RJ\" \/>\n<meta property=\"article:publisher\" content=\"https:\/\/www.facebook.com\/ivana.beaumondnoivas\" \/>\n<meta property=\"article:published_time\" content=\"2019-02-08T21:14:26+00:00\" \/>\n<meta property=\"og:image\" content=\"https:\/\/www.ivanabeaumond.com.br\/vestidos-noiva\/wp-content\/uploads\/2019\/02\/inspira\u00e7\u00e3o-moda-festa-ivana-beaumond-paris-modelos-233.jpg\" \/>\n\t<meta property=\"og:image:width\" content=\"800\" \/>\n\t<meta property=\"og:image:height\" content=\"577\" \/>\n\t<meta property=\"og:image:type\" content=\"image\/jpeg\" \/>\n<meta name=\"author\" content=\"Ivana Beaumond Paris\" \/>\n<meta name=\"twitter:card\" content=\"summary_large_image\" \/>\n<meta name=\"twitter:label1\" content=\"Escrito por\" \/>\n\t<meta name=\"twitter:data1\" content=\"Ivana Beaumond Paris\" \/>\n\t<meta name=\"twitter:label2\" content=\"Est. tempo de leitura\" \/>\n\t<meta name=\"twitter:data2\" content=\"2 minutos\" \/>\n<script type=\"application\/ld+json\" class=\"yoast-schema-graph\">{\"@context\":\"https:\/\/schema.org\",\"@graph\":[{\"@type\":\"Article\",\"@id\":\"https:\/\/www.ivanabeaumond.com.br\/vestidos-noiva\/moda-festa-conheca-as-tendencias-para-2019\/#article\",\"isPartOf\":{\"@id\":\"https:\/\/www.ivanabeaumond.com.br\/vestidos-noiva\/moda-festa-conheca-as-tendencias-para-2019\/\"},\"author\":{\"name\":\"Ivana Beaumond Paris\",\"@id\":\"https:\/\/www.ivanabeaumond.com.br\/vestidos-noiva\/#\/schema\/person\/1a360c4cffa3b806d29a456389dcff26\"},\"headline\":\"Moda festa: conhe\u00e7a as tend\u00eancias para 2019\",\"datePublished\":\"2019-02-08T21:14:26+00:00\",\"dateModified\":\"2019-02-08T21:14:26+00:00\",\"mainEntityOfPage\":{\"@id\":\"https:\/\/www.ivanabeaumond.com.br\/vestidos-noiva\/moda-festa-conheca-as-tendencias-para-2019\/\"},\"wordCount\":332,\"publisher\":{\"@id\":\"https:\/\/www.ivanabeaumond.com.br\/vestidos-noiva\/#organization\"},\"keywords\":[\"2019\",\"alta costura\",\"aluguel de roupas\",\"atelier\",\"Atelierdenoiva\",\"atelierivanabeaumond\",\"bridesmaids\",\"casamento\",\"convidadas\",\"debutantes\",\"errejota\",\"evento de gala\",\"festas\",\"itanhanga\",\"ivana beaumond paris\",\"madrinhas\",\"moda festa\",\"modanoiva\",\"party\",\"raffer\",\"rosa clar\u00e1\",\"tend\u00eancia\",\"terno\",\"tijuca\",\"traje de festa\",\"traje de noivo\",\"traje masculino\",\"trend\",\"tuxedo\",\"vestido de festa\",\"vestido de noiva\",\"vestidos\",\"weddingdress\"],\"articleSection\":[\"Blog\",\"Dicas e Truques\"],\"inLanguage\":\"pt-BR\"},{\"@type\":\"WebPage\",\"@id\":\"https:\/\/www.ivanabeaumond.com.br\/vestidos-noiva\/moda-festa-conheca-as-tendencias-para-2019\/\",\"url\":\"https:\/\/www.ivanabeaumond.com.br\/vestidos-noiva\/moda-festa-conheca-as-tendencias-para-2019\/\",\"name\":\"Moda festa: conhe\u00e7a as tend\u00eancias para 2019 - Vestido de Noiva RJ\",\"isPartOf\":{\"@id\":\"https:\/\/www.ivanabeaumond.com.br\/vestidos-noiva\/#website\"},\"datePublished\":\"2019-02-08T21:14:26+00:00\",\"dateModified\":\"2019-02-08T21:14:26+00:00\",\"breadcrumb\":{\"@id\":\"https:\/\/www.ivanabeaumond.com.br\/vestidos-noiva\/moda-festa-conheca-as-tendencias-para-2019\/#breadcrumb\"},\"inLanguage\":\"pt-BR\",\"potentialAction\":[{\"@type\":\"ReadAction\",\"target\":[\"https:\/\/www.ivanabeaumond.com.br\/vestidos-noiva\/moda-festa-conheca-as-tendencias-para-2019\/\"]}]},{\"@type\":\"BreadcrumbList\",\"@id\":\"https:\/\/www.ivanabeaumond.com.br\/vestidos-noiva\/moda-festa-conheca-as-tendencias-para-2019\/#breadcrumb\",\"itemListElement\":[{\"@type\":\"ListItem\",\"position\":1,\"name\":\"In\u00edcio\",\"item\":\"https:\/\/www.ivanabeaumond.com.br\/vestidos-noiva\/\"},{\"@type\":\"ListItem\",\"position\":2,\"name\":\"Moda festa: conhe\u00e7a as tend\u00eancias para 2019\"}]},{\"@type\":\"WebSite\",\"@id\":\"https:\/\/www.ivanabeaumond.com.br\/vestidos-noiva\/#website\",\"url\":\"https:\/\/www.ivanabeaumond.com.br\/vestidos-noiva\/\",\"name\":\"Vestido de Noiva RJ\",\"description\":\"Moda Noiva\",\"publisher\":{\"@id\":\"https:\/\/www.ivanabeaumond.com.br\/vestidos-noiva\/#organization\"},\"potentialAction\":[{\"@type\":\"SearchAction\",\"target\":{\"@type\":\"EntryPoint\",\"urlTemplate\":\"https:\/\/www.ivanabeaumond.com.br\/vestidos-noiva\/?s={search_term_string}\"},\"query-input\":\"required name=search_term_string\"}],\"inLanguage\":\"pt-BR\"},{\"@type\":\"Organization\",\"@id\":\"https:\/\/www.ivanabeaumond.com.br\/vestidos-noiva\/#organization\",\"name\":\"Vestido de Noiva RJ\",\"url\":\"https:\/\/www.ivanabeaumond.com.br\/vestidos-noiva\/\",\"logo\":{\"@type\":\"ImageObject\",\"inLanguage\":\"pt-BR\",\"@id\":\"https:\/\/www.ivanabeaumond.com.br\/vestidos-noiva\/#\/schema\/logo\/image\/\",\"url\":\"https:\/\/www.ivanabeaumond.com.br\/vestidos-noiva\/wp-content\/uploads\/2018\/02\/logo_ivana_beaumond-2.png\",\"contentUrl\":\"https:\/\/www.ivanabeaumond.com.br\/vestidos-noiva\/wp-content\/uploads\/2018\/02\/logo_ivana_beaumond-2.png\",\"width\":230,\"height\":112,\"caption\":\"Vestido de Noiva RJ\"},\"image\":{\"@id\":\"https:\/\/www.ivanabeaumond.com.br\/vestidos-noiva\/#\/schema\/logo\/image\/\"},\"sameAs\":[\"https:\/\/www.facebook.com\/ivana.beaumondnoivas\",\"https:\/\/www.instagram.com\/ivanabeaumond\/\",\"https:\/\/www.tiktok.com\/@ivanabeaumond\"]},{\"@type\":\"Person\",\"@id\":\"https:\/\/www.ivanabeaumond.com.br\/vestidos-noiva\/#\/schema\/person\/1a360c4cffa3b806d29a456389dcff26\",\"name\":\"Ivana Beaumond Paris\",\"image\":{\"@type\":\"ImageObject\",\"inLanguage\":\"pt-BR\",\"@id\":\"https:\/\/www.ivanabeaumond.com.br\/vestidos-noiva\/#\/schema\/person\/image\/\",\"url\":\"https:\/\/secure.gravatar.com\/avatar\/641f98db20b53ec937ceb641db4270b9?s=96&d=mm&r=g\",\"contentUrl\":\"https:\/\/secure.gravatar.com\/avatar\/641f98db20b53ec937ceb641db4270b9?s=96&d=mm&r=g\",\"caption\":\"Ivana Beaumond Paris\"},\"url\":\"https:\/\/www.ivanabeaumond.com.br\/vestidos-noiva\/author\/ivana\/\"}]}<\/script>\n<!-- \/ Yoast SEO plugin. -->","yoast_head_json":{"title":"Moda festa: conhe\u00e7a as tend\u00eancias para 2019 - Vestido de Noiva RJ","robots":{"index":"index","follow":"follow","max-snippet":"max-snippet:-1","max-image-preview":"max-image-preview:large","max-video-preview":"max-video-preview:-1"},"canonical":"https:\/\/www.ivanabeaumond.com.br\/vestidos-noiva\/moda-festa-conheca-as-tendencias-para-2019\/","og_locale":"pt_BR","og_type":"article","og_title":"Moda festa: conhe\u00e7a as tend\u00eancias para 2019 - Vestido de Noiva RJ","og_description":"As fashion weeks\u00a0e os desfiles trazem tend\u00eancias para a moda...","og_url":"https:\/\/www.ivanabeaumond.com.br\/vestidos-noiva\/moda-festa-conheca-as-tendencias-para-2019\/","og_site_name":"Vestido de Noiva RJ","article_publisher":"https:\/\/www.facebook.com\/ivana.beaumondnoivas","article_published_time":"2019-02-08T21:14:26+00:00","og_image":[{"width":800,"height":577,"url":"https:\/\/www.ivanabeaumond.com.br\/vestidos-noiva\/wp-content\/uploads\/2019\/02\/inspira\u00e7\u00e3o-moda-festa-ivana-beaumond-paris-modelos-233.jpg","type":"image\/jpeg"}],"author":"Ivana Beaumond Paris","twitter_card":"summary_large_image","twitter_misc":{"Escrito por":"Ivana Beaumond Paris","Est. tempo de leitura":"2 minutos"},"schema":{"@context":"https:\/\/schema.org","@graph":[{"@type":"Article","@id":"https:\/\/www.ivanabeaumond.com.br\/vestidos-noiva\/moda-festa-conheca-as-tendencias-para-2019\/#article","isPartOf":{"@id":"https:\/\/www.ivanabeaumond.com.br\/vestidos-noiva\/moda-festa-conheca-as-tendencias-para-2019\/"},"author":{"name":"Ivana Beaumond Paris","@id":"https:\/\/www.ivanabeaumond.com.br\/vestidos-noiva\/#\/schema\/person\/1a360c4cffa3b806d29a456389dcff26"},"headline":"Moda festa: conhe\u00e7a as tend\u00eancias para 2019","datePublished":"2019-02-08T21:14:26+00:00","dateModified":"2019-02-08T21:14:26+00:00","mainEntityOfPage":{"@id":"https:\/\/www.ivanabeaumond.com.br\/vestidos-noiva\/moda-festa-conheca-as-tendencias-para-2019\/"},"wordCount":332,"publisher":{"@id":"https:\/\/www.ivanabeaumond.com.br\/vestidos-noiva\/#organization"},"keywords":["2019","alta costura","aluguel de roupas","atelier","Atelierdenoiva","atelierivanabeaumond","bridesmaids","casamento","convidadas","debutantes","errejota","evento de gala","festas","itanhanga","ivana beaumond paris","madrinhas","moda festa","modanoiva","party","raffer","rosa clar\u00e1","tend\u00eancia","terno","tijuca","traje de festa","traje de noivo","traje masculino","trend","tuxedo","vestido de festa","vestido de noiva","vestidos","weddingdress"],"articleSection":["Blog","Dicas e Truques"],"inLanguage":"pt-BR"},{"@type":"WebPage","@id":"https:\/\/www.ivanabeaumond.com.br\/vestidos-noiva\/moda-festa-conheca-as-tendencias-para-2019\/","url":"https:\/\/www.ivanabeaumond.com.br\/vestidos-noiva\/moda-festa-conheca-as-tendencias-para-2019\/","name":"Moda festa: conhe\u00e7a as tend\u00eancias para 2019 - Vestido de Noiva RJ","isPartOf":{"@id":"https:\/\/www.ivanabeaumond.com.br\/vestidos-noiva\/#website"},"datePublished":"2019-02-08T21:14:26+00:00","dateModified":"2019-02-08T21:14:26+00:00","breadcrumb":{"@id":"https:\/\/www.ivanabeaumond.com.br\/vestidos-noiva\/moda-festa-conheca-as-tendencias-para-2019\/#breadcrumb"},"inLanguage":"pt-BR","potentialAction":[{"@type":"ReadAction","target":["https:\/\/www.ivanabeaumond.com.br\/vestidos-noiva\/moda-festa-conheca-as-tendencias-para-2019\/"]}]},{"@type":"BreadcrumbList","@id":"https:\/\/www.ivanabeaumond.com.br\/vestidos-noiva\/moda-festa-conheca-as-tendencias-para-2019\/#breadcrumb","itemListElement":[{"@type":"ListItem","position":1,"name":"In\u00edcio","item":"https:\/\/www.ivanabeaumond.com.br\/vestidos-noiva\/"},{"@type":"ListItem","position":2,"name":"Moda festa: conhe\u00e7a as tend\u00eancias para 2019"}]},{"@type":"WebSite","@id":"https:\/\/www.ivanabeaumond.com.br\/vestidos-noiva\/#website","url":"https:\/\/www.ivanabeaumond.com.br\/vestidos-noiva\/","name":"Vestido de Noiva RJ","description":"Moda Noiva","publisher":{"@id":"https:\/\/www.ivanabeaumond.com.br\/vestidos-noiva\/#organization"},"potentialAction":[{"@type":"SearchAction","target":{"@type":"EntryPoint","urlTemplate":"https:\/\/www.ivanabeaumond.com.br\/vestidos-noiva\/?s={search_term_string}"},"query-input":"required name=search_term_string"}],"inLanguage":"pt-BR"},{"@type":"Organization","@id":"https:\/\/www.ivanabeaumond.com.br\/vestidos-noiva\/#organization","name":"Vestido de Noiva RJ","url":"https:\/\/www.ivanabeaumond.com.br\/vestidos-noiva\/","logo":{"@type":"ImageObject","inLanguage":"pt-BR","@id":"https:\/\/www.ivanabeaumond.com.br\/vestidos-noiva\/#\/schema\/logo\/image\/","url":"https:\/\/www.ivanabeaumond.com.br\/vestidos-noiva\/wp-content\/uploads\/2018\/02\/logo_ivana_beaumond-2.png","contentUrl":"https:\/\/www.ivanabeaumond.com.br\/vestidos-noiva\/wp-content\/uploads\/2018\/02\/logo_ivana_beaumond-2.png","width":230,"height":112,"caption":"Vestido de Noiva RJ"},"image":{"@id":"https:\/\/www.ivanabeaumond.com.br\/vestidos-noiva\/#\/schema\/logo\/image\/"},"sameAs":["https:\/\/www.facebook.com\/ivana.beaumondnoivas","https:\/\/www.instagram.com\/ivanabeaumond\/","https:\/\/www.tiktok.com\/@ivanabeaumond"]},{"@type":"Person","@id":"https:\/\/www.ivanabeaumond.com.br\/vestidos-noiva\/#\/schema\/person\/1a360c4cffa3b806d29a456389dcff26","name":"Ivana Beaumond Paris","image":{"@type":"ImageObject","inLanguage":"pt-BR","@id":"https:\/\/www.ivanabeaumond.com.br\/vestidos-noiva\/#\/schema\/person\/image\/","url":"https:\/\/secure.gravatar.com\/avatar\/641f98db20b53ec937ceb641db4270b9?s=96&d=mm&r=g","contentUrl":"https:\/\/secure.gravatar.com\/avatar\/641f98db20b53ec937ceb641db4270b9?s=96&d=mm&r=g","caption":"Ivana Beaumond Paris"},"url":"https:\/\/www.ivanabeaumond.com.br\/vestidos-noiva\/author\/ivana\/"}]}},"_links":{"self":[{"href":"https:\/\/www.ivanabeaumond.com.br\/vestidos-noiva\/wp-json\/wp\/v2\/posts\/17210"}],"collection":[{"href":"https:\/\/www.ivanabeaumond.com.br\/vestidos-noiva\/wp-json\/wp\/v2\/posts"}],"about":[{"href":"https:\/\/www.ivanabeaumond.com.br\/vestidos-noiva\/wp-json\/wp\/v2\/types\/post"}],"author":[{"embeddable":true,"href":"https:\/\/www.ivanabeaumond.com.br\/vestidos-noiva\/wp-json\/wp\/v2\/users\/4"}],"replies":[{"embeddable":true,"href":"https:\/\/www.ivanabeaumond.com.br\/vestidos-noiva\/wp-json\/wp\/v2\/comments?post=17210"}],"version-history":[{"count":15,"href":"https:\/\/www.ivanabeaumond.com.br\/vestidos-noiva\/wp-json\/wp\/v2\/posts\/17210\/revisions"}],"predecessor-version":[{"id":17239,"href":"https:\/\/www.ivanabeaumond.com.br\/vestidos-noiva\/wp-json\/wp\/v2\/posts\/17210\/revisions\/17239"}],"wp:featuredmedia":[{"embeddable":true,"href":"https:\/\/www.ivanabeaumond.com.br\/vestidos-noiva\/wp-json\/wp\/v2\/media\/17234"}],"wp:attachment":[{"href":"https:\/\/www.ivanabeaumond.com.br\/vestidos-noiva\/wp-json\/wp\/v2\/media?parent=17210"}],"wp:term":[{"taxonomy":"category","embeddable":true,"href":"https:\/\/www.ivanabeaumond.com.br\/vestidos-noiva\/wp-json\/wp\/v2\/categories?post=17210"},{"taxonomy":"post_tag","embeddable":true,"href":"https:\/\/www.ivanabeaumond.com.br\/vestidos-noiva\/wp-json\/wp\/v2\/tags?post=17210"}],"curies":[{"name":"wp","href":"https:\/\/api.w.org\/{rel}","templated":true}]}}