{"id":17240,"date":"2019-10-01T14:10:50","date_gmt":"2019-10-01T17:10:50","guid":{"rendered":"http:\/\/www.ivanabeaumond.com.br\/vestidos-noiva\/?p=17240"},"modified":"2019-10-01T16:57:30","modified_gmt":"2019-10-01T19:57:30","slug":"vai-chover-e-agora","status":"publish","type":"post","link":"https:\/\/www.ivanabeaumond.com.br\/vestidos-noiva\/vai-chover-e-agora\/","title":{"rendered":"Vai chover! E agora?"},"content":{"rendered":"<h4 style=\"text-align: justify;\"><span style=\"color: #999999;\">De acordo com a tradi\u00e7\u00e3o popular, chover no dia do casamento \u00e9 sin\u00f4nimo de muita sorte. Supersti\u00e7\u00f5es a parte, \u00e9 ineg\u00e1vel que a chuva pode causar estragos em uma cerim\u00f4nia e por isso continua sendo o terror n\u00famero um das noivas.<\/span><\/h4>\n<h4 style=\"text-align: justify;\"><span style=\"color: #999999;\">Neste post, vamos dar alguns conselhos para voc\u00ea lidar com os percal\u00e7os causados pela mudan\u00e7a de tempo e te contar alguns segredos sobre como esse clima pode n\u00e3o ser t\u00e3o ruim assim.<\/span><\/h4>\n<p>&nbsp;<\/p>\n<p>&nbsp;<\/p>\n<h4 style=\"text-align: justify;\"><\/h4>\n<p><img decoding=\"async\" loading=\"lazy\" class=\"aligncenter size-full wp-image-17244\" src=\"http:\/\/www.ivanabeaumond.com.br\/vestidos-noiva\/wp-content\/uploads\/2019\/02\/dicas-para-chuva-no-casamento-blog-ivana-beaumond-paris-5.jpg\" alt=\"dicas-para-chuva-no-casamento-blog-ivana-beaumond-paris (5)\" width=\"500\" height=\"768\" srcset=\"https:\/\/www.ivanabeaumond.com.br\/vestidos-noiva\/wp-content\/uploads\/2019\/02\/dicas-para-chuva-no-casamento-blog-ivana-beaumond-paris-5.jpg 500w, https:\/\/www.ivanabeaumond.com.br\/vestidos-noiva\/wp-content\/uploads\/2019\/02\/dicas-para-chuva-no-casamento-blog-ivana-beaumond-paris-5-195x300.jpg 195w\" sizes=\"(max-width: 500px) 100vw, 500px\" \/><\/p>\n<p>&nbsp;<\/p>\n<p>&nbsp;<\/p>\n<p>&nbsp;<\/p>\n<p>&nbsp;<\/p>\n<p>&nbsp;<\/p>\n<h4 style=\"text-align: justify;\"><span style=\"color: #999999;\">A primeira coisa a se fazer ao planejar uma cerim\u00f4nia de casamento \u00e9 prestar aten\u00e7\u00e3o na meteorologia. Se voc\u00ea definitivamente quer evitar a chuva, deve atentar para os meses e esta\u00e7\u00f5es do ano em que vai marcar sua data.\u00a0<\/span><\/h4>\n<h4 style=\"text-align: justify;\"><span style=\"color: #999999;\">Se o seu casamento vai acontecer no ver\u00e3o, voc\u00ea vai ter que lidar com uma grande possibilidade de um temporal. Sendo assim, procure manter a si e aos convidados informados sobre a previs\u00e3o do tempo para que eles tamb\u00e9m possam se prevenir.\u00a0<\/span><\/h4>\n<p>&nbsp;<\/p>\n<p>&nbsp;<\/p>\n<p>&nbsp;<\/p>\n<p>&nbsp;<\/p>\n<h3><span style=\"color: #000000;\">Abuse dos guarda-chuvas<\/span><\/h3>\n<p>&nbsp;<\/p>\n<p>&nbsp;<\/p>\n<p>&nbsp;<\/p>\n<h4 style=\"text-align: justify;\"><span style=\"color: #999999;\">Se a previs\u00e3o \u00e9 de chuvas, distribua guarda-chuvas para os convidados. Eles podem ser transparentes se voc\u00ea quiser um detalhe mais discreto, ou podem combinar com a decora\u00e7\u00e3o. Al\u00e9m de prevenir as pessoas frente \u00e0 mudan\u00e7a de tempo, os guarda-chuvas s\u00e3o uma lembran\u00e7a que todos gostam de ganhar e ser\u00e3o \u00fateis para depois da cerim\u00f4nia. E voc\u00ea ainda pode us\u00e1-los para tirar fotos charmosas para o seu ensaio.<\/span><\/h4>\n<p>&nbsp;<\/p>\n<p>&nbsp;<\/p>\n<p>&nbsp;<\/p>\n<p>&nbsp;<\/p>\n<p>&nbsp;<\/p>\n<p><img decoding=\"async\" loading=\"lazy\" class=\"aligncenter size-full wp-image-17261\" src=\"http:\/\/www.ivanabeaumond.com.br\/vestidos-noiva\/wp-content\/uploads\/2019\/02\/dicas-para-chuva-no-casamento-blog-ivana-beaumond-paris-2-e1550085738791.jpg\" alt=\"dicas-para-chuva-no-casamento-blog-ivana-beaumond-paris (2)\" width=\"500\" height=\"643\" \/><\/p>\n<p><img decoding=\"async\" loading=\"lazy\" class=\"aligncenter size-full wp-image-17245\" src=\"http:\/\/www.ivanabeaumond.com.br\/vestidos-noiva\/wp-content\/uploads\/2019\/02\/dicas-para-chuva-no-casamento-blog-ivana-beaumond-paris-11-e1550082697615.jpg\" alt=\"dicas-para-chuva-no-casamento-blog-ivana-beaumond-paris (11)\" width=\"500\" height=\"765\" \/><\/p>\n<p><img decoding=\"async\" loading=\"lazy\" class=\"aligncenter size-full wp-image-17247\" src=\"http:\/\/www.ivanabeaumond.com.br\/vestidos-noiva\/wp-content\/uploads\/2019\/02\/dicas-para-chuva-no-casamento-blog-ivana-beaumond-paris-22-e1550082915670.jpg\" alt=\"dicas-para-chuva-no-casamento-blog-ivana-beaumond-paris (22)\" width=\"500\" height=\"750\" \/><\/p>\n<p><img decoding=\"async\" loading=\"lazy\" class=\"aligncenter size-full wp-image-17249\" src=\"http:\/\/www.ivanabeaumond.com.br\/vestidos-noiva\/wp-content\/uploads\/2019\/02\/dicas-para-chuva-no-casamento-blog-ivana-beaumond-paris-15.jpg\" alt=\"dicas-para-chuva-no-casamento-blog-ivana-beaumond-paris (15)\" width=\"500\" height=\"750\" srcset=\"https:\/\/www.ivanabeaumond.com.br\/vestidos-noiva\/wp-content\/uploads\/2019\/02\/dicas-para-chuva-no-casamento-blog-ivana-beaumond-paris-15.jpg 500w, https:\/\/www.ivanabeaumond.com.br\/vestidos-noiva\/wp-content\/uploads\/2019\/02\/dicas-para-chuva-no-casamento-blog-ivana-beaumond-paris-15-200x300.jpg 200w\" sizes=\"(max-width: 500px) 100vw, 500px\" \/><\/p>\n<p><a href=\"http:\/\/www.ivanabeaumond.com.br\/vestidos-noiva\/wp-content\/uploads\/2019\/02\/dicas-para-chuva-no-casamento-blog-ivana-beaumond-paris-23-e1550083594784.jpg\"><img decoding=\"async\" loading=\"lazy\" class=\"aligncenter size-full wp-image-17252\" src=\"http:\/\/www.ivanabeaumond.com.br\/vestidos-noiva\/wp-content\/uploads\/2019\/02\/dicas-para-chuva-no-casamento-blog-ivana-beaumond-paris-23-e1550083594784.jpg\" alt=\"dicas-para-chuva-no-casamento-blog-ivana-beaumond-paris (23)\" width=\"500\" height=\"750\" \/><\/a><\/p>\n<p>&nbsp;<\/p>\n<p>&nbsp;<\/p>\n<p>&nbsp;<\/p>\n<p>&nbsp;<\/p>\n<p>&nbsp;<\/p>\n<h3><span style=\"color: #000000;\">Tenha uma estrutura<\/span><\/h3>\n<p>&nbsp;<\/p>\n<p>&nbsp;<\/p>\n<p>&nbsp;<\/p>\n<h4 style=\"text-align: justify;\"><span style=\"color: #999999;\">Se o seu casamento \u00e9 ao ar livre, procure lugares que possuam um sal\u00e3o fechado para servir de plano b \u2013 assim, se a chuva apertar, voc\u00ea poder\u00e1 transferi-lo para l\u00e1. Se o local que voc\u00ea escolheu n\u00e3o possuir esse espa\u00e7o, opte por estruturas como toldos, pisos, pratic\u00e1veis e tendas, que sejam s\u00f3lidas e capazes de proteger do vento e de alagamentos. N\u00e3o se esque\u00e7a de checar se o local de festas possui um gerador, pois tamb\u00e9m trabalhamos com a possibilidade de faltar luz.<\/span><\/h4>\n<p>&nbsp;<\/p>\n<p>&nbsp;<\/p>\n<p>&nbsp;<\/p>\n<p><img decoding=\"async\" loading=\"lazy\" class=\"aligncenter size-full wp-image-17258\" src=\"http:\/\/www.ivanabeaumond.com.br\/vestidos-noiva\/wp-content\/uploads\/2019\/02\/dicas-para-chuva-no-casamento-blog-ivana-beaumond-paris-24-e1550085850848.jpg\" alt=\"dicas-para-chuva-no-casamento-blog-ivana-beaumond-paris (24)\" width=\"500\" height=\"750\" \/><\/p>\n<p><img decoding=\"async\" loading=\"lazy\" class=\"aligncenter size-full wp-image-17257\" src=\"http:\/\/www.ivanabeaumond.com.br\/vestidos-noiva\/wp-content\/uploads\/2019\/02\/dicas-estrutura-casamento-com-chuva-ivana-beaumond-paris-blog-e1550085418238.jpg\" alt=\"dicas-estrutura-casamento-com-chuva-ivana-beaumond-paris-blog\" width=\"500\" height=\"750\" \/><\/p>\n<p><img decoding=\"async\" loading=\"lazy\" class=\"aligncenter size-full wp-image-17260\" src=\"http:\/\/www.ivanabeaumond.com.br\/vestidos-noiva\/wp-content\/uploads\/2019\/02\/dicas-para-chuva-no-casamento-blog-ivana-beaumond-paris-251-e1550085632499.jpg\" alt=\"dicas-para-chuva-no-casamento-blog-ivana-beaumond-paris (25)\" width=\"500\" height=\"667\" \/><\/p>\n<p><img decoding=\"async\" loading=\"lazy\" class=\"aligncenter size-full wp-image-17268\" src=\"http:\/\/www.ivanabeaumond.com.br\/vestidos-noiva\/wp-content\/uploads\/2019\/02\/dicas-para-chuva-no-casamento-blog-ivana-beaumond-paris-26-e1550088537765.jpg\" alt=\"dicas-para-chuva-no-casamento-blog-ivana-beaumond-paris (26)\" width=\"500\" height=\"749\" \/><\/p>\n<p>&nbsp;<\/p>\n<p>&nbsp;<\/p>\n<p>&nbsp;<\/p>\n<p>&nbsp;<\/p>\n<p>&nbsp;<\/p>\n<h3>A chuva tem seus pr\u00f3s<\/h3>\n<p>&nbsp;<\/p>\n<p>&nbsp;<\/p>\n<p>&nbsp;<\/p>\n<p>&nbsp;<\/p>\n<p>&nbsp;<\/p>\n<h4 style=\"text-align: justify;\"><span style=\"color: #999999;\">Al\u00e9m de amenizar o calor, o per\u00edodo de chuvas favorece as flores, que acabam durando mais por causa da umidade. Ent\u00e3o, n\u00e3o se desespere: encare a garoa como um bom press\u00e1gio e aproveite para dar aquela exagerada na decora\u00e7\u00e3o.<br \/>\n<\/span><\/h4>\n<p>&nbsp;<\/p>\n<p>&nbsp;<\/p>\n<p>&nbsp;<\/p>\n<p>&nbsp;<\/p>\n<p><img decoding=\"async\" loading=\"lazy\" class=\"aligncenter size-full wp-image-17264\" src=\"http:\/\/www.ivanabeaumond.com.br\/vestidos-noiva\/wp-content\/uploads\/2019\/02\/dicas-para-chuva-no-casamento-blog-ivana-beaumond-paris-1-e1550086616636.jpg\" alt=\"dicas-para-chuva-no-casamento-blog-ivana-beaumond-paris (1)\" width=\"500\" height=\"679\" \/><\/p>\n<p><img decoding=\"async\" loading=\"lazy\" class=\"aligncenter size-full wp-image-17265\" src=\"http:\/\/www.ivanabeaumond.com.br\/vestidos-noiva\/wp-content\/uploads\/2019\/02\/dicas-para-chuva-no-casamento-blog-ivana-beaumond-paris-13-e1550088763145.jpg\" alt=\"dicas-para-chuva-no-casamento-blog-ivana-beaumond-paris (13)\" width=\"500\" height=\"750\" \/><\/p>\n<p><img decoding=\"async\" loading=\"lazy\" class=\"aligncenter size-full wp-image-17266\" src=\"http:\/\/www.ivanabeaumond.com.br\/vestidos-noiva\/wp-content\/uploads\/2019\/02\/dicas-para-chuva-no-casamento-blog-ivana-beaumond-paris-20-e1550088845288.jpg\" alt=\"dicas-para-chuva-no-casamento-blog-ivana-beaumond-paris (20)\" width=\"500\" height=\"750\" \/><\/p>\n<p><img decoding=\"async\" loading=\"lazy\" class=\"aligncenter size-full wp-image-17269\" src=\"http:\/\/www.ivanabeaumond.com.br\/vestidos-noiva\/wp-content\/uploads\/2019\/02\/dicas-para-chuva-no-casamento-blog-ivana-beaumond-paris-17-e1550089009344.jpg\" alt=\"dicas-para-chuva-no-casamento-blog-ivana-beaumond-paris (17)\" width=\"500\" height=\"746\" \/><\/p>\n<p><img decoding=\"async\" loading=\"lazy\" class=\"aligncenter size-full wp-image-17270\" src=\"http:\/\/www.ivanabeaumond.com.br\/vestidos-noiva\/wp-content\/uploads\/2019\/02\/dicas-para-chuva-no-casamento-blog-ivana-beaumond-paris-18-e1550089764744.jpg\" alt=\"dicas-para-chuva-no-casamento-blog-ivana-beaumond-paris (18)\" width=\"500\" height=\"750\" \/><\/p>\n<p><img decoding=\"async\" loading=\"lazy\" class=\"aligncenter size-full wp-image-17271\" src=\"http:\/\/www.ivanabeaumond.com.br\/vestidos-noiva\/wp-content\/uploads\/2019\/02\/dicas-para-chuva-no-casamento-blog-ivana-beaumond-paris-4-e1550090094942.jpg\" alt=\"dicas-para-chuva-no-casamento-blog-ivana-beaumond-paris (4)\" width=\"500\" height=\"754\" \/><\/p>\n<p>&nbsp;<\/p>\n<p>&nbsp;<\/p>\n<p>&nbsp;<\/p>\n<h4 style=\"text-align: justify;\"><span style=\"color: #999999;\">E se for se molhar,\u00a0use o momento a seu favor &#8211; quer algo mais rom\u00e2ntico do que um delicioso banho de chuva?<\/span><\/h4>\n<p>&nbsp;<\/p>\n<p>&nbsp;<\/p>\n<p>&nbsp;<\/p>\n<p>&nbsp;<\/p>\n<p>&nbsp;<\/p>\n<p>&nbsp;<\/p>\n<p><img decoding=\"async\" loading=\"lazy\" class=\"aligncenter size-full wp-image-17273\" src=\"http:\/\/www.ivanabeaumond.com.br\/vestidos-noiva\/wp-content\/uploads\/2019\/02\/dicas-para-chuva-no-casamento-blog-ivana-beaumond-paris-29-e1550091383544.jpg\" alt=\"dicas-para-chuva-no-casamento-blog-ivana-beaumond-paris (29)\" width=\"500\" height=\"749\" \/><\/p>\n<p>&nbsp;<\/p>\n<p>&nbsp;<\/p>\n<p>&nbsp;<\/p>\n<p>&nbsp;<\/p>\n<p>&nbsp;<\/p>\n<h4 style=\"text-align: justify;\"><span style=\"color: #000000;\">Imagens: <a href=\"https:\/\/br.pinterest.com\/search\/pins\/?rs=ac&amp;len=2&amp;q=rainy%20wedding%20pictures&amp;eq=rainy%20wedding&amp;etslf=10568&amp;term_meta[]=rainy%7Cautocomplete%7C2&amp;term_meta[]=wedding%7Cautocomplete%7C2&amp;term_meta[]=pictures%7Cautocomplete%7C2\" target=\"_blank\">Pinterest<\/a>.<\/span><\/h4>\n<p>&nbsp;<\/p>\n<p>&nbsp;<\/p>\n<p>&nbsp;<\/p>\n<p>&nbsp;<\/p>\n<p>&nbsp;<\/p>\n<h4 style=\"text-align: justify;\"><span style=\"color: #999999;\">Gostou? Siga nosso instagram<\/span>\u00a0<a href=\"https:\/\/www.instagram.com\/ivanabeaumond\/\">@ivanabeaumond<\/a>\u00a0<span style=\"color: #999999;\">e curta nossa fanpage<\/span>\u00a0<a href=\"https:\/\/www.facebook.com\/IvanaBeaumond\/\">Ivana Beaumond<\/a>\u00a0<span style=\"color: #999999;\">para ficar por dentro de tudo o que rola no mundo das noivas, e conhe\u00e7a nossos Melhores Modelos de Vestidos de Noivas Nacionais, Importados e Sob Medida.<\/span><\/h4>\n<p>&nbsp;<\/p>\n","protected":false},"excerpt":{"rendered":"<p>De acordo com a tradi\u00e7\u00e3o popular, chover no dia do&#8230;<\/p>\n","protected":false},"author":4,"featured_media":17275,"comment_status":"closed","ping_status":"closed","sticky":false,"template":"","format":"standard","meta":[],"categories":[60,127],"tags":[131,203,650,204,215,133,216,96,161,654,113,653,652,351,350,651,195,639,658,657,655,286,155,157,164,258,289,207,656,163,158,115,210],"yoast_head":"<!-- This site is optimized with the Yoast SEO plugin v20.3 - https:\/\/yoast.com\/wordpress\/plugins\/seo\/ -->\n<title>Vai chover! E agora? - Vestido de Noiva RJ<\/title>\n<meta name=\"robots\" content=\"index, follow, max-snippet:-1, max-image-preview:large, max-video-preview:-1\" \/>\n<link rel=\"canonical\" href=\"https:\/\/www.ivanabeaumond.com.br\/vestidos-noiva\/vai-chover-e-agora\/\" \/>\n<meta property=\"og:locale\" content=\"pt_BR\" \/>\n<meta property=\"og:type\" content=\"article\" \/>\n<meta property=\"og:title\" content=\"Vai chover! E agora? - Vestido de Noiva RJ\" \/>\n<meta property=\"og:description\" content=\"De acordo com a tradi\u00e7\u00e3o popular, chover no dia do...\" \/>\n<meta property=\"og:url\" content=\"https:\/\/www.ivanabeaumond.com.br\/vestidos-noiva\/vai-chover-e-agora\/\" \/>\n<meta property=\"og:site_name\" content=\"Vestido de Noiva RJ\" \/>\n<meta property=\"article:publisher\" content=\"https:\/\/www.facebook.com\/ivana.beaumondnoivas\" \/>\n<meta property=\"article:published_time\" content=\"2019-10-01T17:10:50+00:00\" \/>\n<meta property=\"article:modified_time\" content=\"2019-10-01T19:57:30+00:00\" \/>\n<meta property=\"og:image\" content=\"https:\/\/www.ivanabeaumond.com.br\/vestidos-noiva\/wp-content\/uploads\/2019\/02\/miniatura.jpg\" \/>\n\t<meta property=\"og:image:width\" content=\"564\" \/>\n\t<meta property=\"og:image:height\" content=\"375\" \/>\n\t<meta property=\"og:image:type\" content=\"image\/jpeg\" \/>\n<meta name=\"author\" content=\"Ivana Beaumond Paris\" \/>\n<meta name=\"twitter:card\" content=\"summary_large_image\" \/>\n<meta name=\"twitter:label1\" content=\"Escrito por\" \/>\n\t<meta name=\"twitter:data1\" content=\"Ivana Beaumond Paris\" \/>\n\t<meta name=\"twitter:label2\" content=\"Est. tempo de leitura\" \/>\n\t<meta name=\"twitter:data2\" content=\"3 minutos\" \/>\n<script type=\"application\/ld+json\" class=\"yoast-schema-graph\">{\"@context\":\"https:\/\/schema.org\",\"@graph\":[{\"@type\":\"Article\",\"@id\":\"https:\/\/www.ivanabeaumond.com.br\/vestidos-noiva\/vai-chover-e-agora\/#article\",\"isPartOf\":{\"@id\":\"https:\/\/www.ivanabeaumond.com.br\/vestidos-noiva\/vai-chover-e-agora\/\"},\"author\":{\"name\":\"Ivana Beaumond Paris\",\"@id\":\"https:\/\/www.ivanabeaumond.com.br\/vestidos-noiva\/#\/schema\/person\/1a360c4cffa3b806d29a456389dcff26\"},\"headline\":\"Vai chover! E agora?\",\"datePublished\":\"2019-10-01T17:10:50+00:00\",\"dateModified\":\"2019-10-01T19:57:30+00:00\",\"mainEntityOfPage\":{\"@id\":\"https:\/\/www.ivanabeaumond.com.br\/vestidos-noiva\/vai-chover-e-agora\/\"},\"wordCount\":522,\"publisher\":{\"@id\":\"https:\/\/www.ivanabeaumond.com.br\/vestidos-noiva\/#organization\"},\"keywords\":[\"aluguel de roupas\",\"atelier\",\"atelier ivana beaumond\",\"atelieraltacostura\",\"Atelierdenoiva\",\"atelierivanabeaumond\",\"brides\",\"casamento\",\"casamento blindado\",\"casamento com chuva\",\"casamento criativo\",\"casamento na chuva\",\"casamento na praia casamento ao ar livre\",\"casamento na serra\",\"casamento no campo\",\"casamentos\",\"CasamentosRJ\",\"casei\",\"chover\",\"choveu\",\"chuva\",\"ivana beaumond\",\"modanoiva\",\"noiva e noivo\",\"noivas\",\"noivinha\",\"noivos\",\"paris\",\"rain\",\"sob medida\",\"traje de noivo\",\"vestido de noiva\",\"weddingdress\"],\"articleSection\":[\"Blog\",\"Dicas e Truques\"],\"inLanguage\":\"pt-BR\"},{\"@type\":\"WebPage\",\"@id\":\"https:\/\/www.ivanabeaumond.com.br\/vestidos-noiva\/vai-chover-e-agora\/\",\"url\":\"https:\/\/www.ivanabeaumond.com.br\/vestidos-noiva\/vai-chover-e-agora\/\",\"name\":\"Vai chover! E agora? - Vestido de Noiva RJ\",\"isPartOf\":{\"@id\":\"https:\/\/www.ivanabeaumond.com.br\/vestidos-noiva\/#website\"},\"datePublished\":\"2019-10-01T17:10:50+00:00\",\"dateModified\":\"2019-10-01T19:57:30+00:00\",\"breadcrumb\":{\"@id\":\"https:\/\/www.ivanabeaumond.com.br\/vestidos-noiva\/vai-chover-e-agora\/#breadcrumb\"},\"inLanguage\":\"pt-BR\",\"potentialAction\":[{\"@type\":\"ReadAction\",\"target\":[\"https:\/\/www.ivanabeaumond.com.br\/vestidos-noiva\/vai-chover-e-agora\/\"]}]},{\"@type\":\"BreadcrumbList\",\"@id\":\"https:\/\/www.ivanabeaumond.com.br\/vestidos-noiva\/vai-chover-e-agora\/#breadcrumb\",\"itemListElement\":[{\"@type\":\"ListItem\",\"position\":1,\"name\":\"In\u00edcio\",\"item\":\"https:\/\/www.ivanabeaumond.com.br\/vestidos-noiva\/\"},{\"@type\":\"ListItem\",\"position\":2,\"name\":\"Vai chover! E agora?\"}]},{\"@type\":\"WebSite\",\"@id\":\"https:\/\/www.ivanabeaumond.com.br\/vestidos-noiva\/#website\",\"url\":\"https:\/\/www.ivanabeaumond.com.br\/vestidos-noiva\/\",\"name\":\"Vestido de Noiva RJ\",\"description\":\"Moda Noiva\",\"publisher\":{\"@id\":\"https:\/\/www.ivanabeaumond.com.br\/vestidos-noiva\/#organization\"},\"potentialAction\":[{\"@type\":\"SearchAction\",\"target\":{\"@type\":\"EntryPoint\",\"urlTemplate\":\"https:\/\/www.ivanabeaumond.com.br\/vestidos-noiva\/?s={search_term_string}\"},\"query-input\":\"required name=search_term_string\"}],\"inLanguage\":\"pt-BR\"},{\"@type\":\"Organization\",\"@id\":\"https:\/\/www.ivanabeaumond.com.br\/vestidos-noiva\/#organization\",\"name\":\"Vestido de Noiva RJ\",\"url\":\"https:\/\/www.ivanabeaumond.com.br\/vestidos-noiva\/\",\"logo\":{\"@type\":\"ImageObject\",\"inLanguage\":\"pt-BR\",\"@id\":\"https:\/\/www.ivanabeaumond.com.br\/vestidos-noiva\/#\/schema\/logo\/image\/\",\"url\":\"https:\/\/www.ivanabeaumond.com.br\/vestidos-noiva\/wp-content\/uploads\/2018\/02\/logo_ivana_beaumond-2.png\",\"contentUrl\":\"https:\/\/www.ivanabeaumond.com.br\/vestidos-noiva\/wp-content\/uploads\/2018\/02\/logo_ivana_beaumond-2.png\",\"width\":230,\"height\":112,\"caption\":\"Vestido de Noiva RJ\"},\"image\":{\"@id\":\"https:\/\/www.ivanabeaumond.com.br\/vestidos-noiva\/#\/schema\/logo\/image\/\"},\"sameAs\":[\"https:\/\/www.facebook.com\/ivana.beaumondnoivas\",\"https:\/\/www.instagram.com\/ivanabeaumond\/\",\"https:\/\/www.tiktok.com\/@ivanabeaumond\"]},{\"@type\":\"Person\",\"@id\":\"https:\/\/www.ivanabeaumond.com.br\/vestidos-noiva\/#\/schema\/person\/1a360c4cffa3b806d29a456389dcff26\",\"name\":\"Ivana Beaumond Paris\",\"image\":{\"@type\":\"ImageObject\",\"inLanguage\":\"pt-BR\",\"@id\":\"https:\/\/www.ivanabeaumond.com.br\/vestidos-noiva\/#\/schema\/person\/image\/\",\"url\":\"https:\/\/secure.gravatar.com\/avatar\/641f98db20b53ec937ceb641db4270b9?s=96&d=mm&r=g\",\"contentUrl\":\"https:\/\/secure.gravatar.com\/avatar\/641f98db20b53ec937ceb641db4270b9?s=96&d=mm&r=g\",\"caption\":\"Ivana Beaumond Paris\"},\"url\":\"https:\/\/www.ivanabeaumond.com.br\/vestidos-noiva\/author\/ivana\/\"}]}<\/script>\n<!-- \/ Yoast SEO plugin. -->","yoast_head_json":{"title":"Vai chover! E agora? - Vestido de Noiva RJ","robots":{"index":"index","follow":"follow","max-snippet":"max-snippet:-1","max-image-preview":"max-image-preview:large","max-video-preview":"max-video-preview:-1"},"canonical":"https:\/\/www.ivanabeaumond.com.br\/vestidos-noiva\/vai-chover-e-agora\/","og_locale":"pt_BR","og_type":"article","og_title":"Vai chover! E agora? - Vestido de Noiva RJ","og_description":"De acordo com a tradi\u00e7\u00e3o popular, chover no dia do...","og_url":"https:\/\/www.ivanabeaumond.com.br\/vestidos-noiva\/vai-chover-e-agora\/","og_site_name":"Vestido de Noiva RJ","article_publisher":"https:\/\/www.facebook.com\/ivana.beaumondnoivas","article_published_time":"2019-10-01T17:10:50+00:00","article_modified_time":"2019-10-01T19:57:30+00:00","og_image":[{"width":564,"height":375,"url":"https:\/\/www.ivanabeaumond.com.br\/vestidos-noiva\/wp-content\/uploads\/2019\/02\/miniatura.jpg","type":"image\/jpeg"}],"author":"Ivana Beaumond Paris","twitter_card":"summary_large_image","twitter_misc":{"Escrito por":"Ivana Beaumond Paris","Est. tempo de leitura":"3 minutos"},"schema":{"@context":"https:\/\/schema.org","@graph":[{"@type":"Article","@id":"https:\/\/www.ivanabeaumond.com.br\/vestidos-noiva\/vai-chover-e-agora\/#article","isPartOf":{"@id":"https:\/\/www.ivanabeaumond.com.br\/vestidos-noiva\/vai-chover-e-agora\/"},"author":{"name":"Ivana Beaumond Paris","@id":"https:\/\/www.ivanabeaumond.com.br\/vestidos-noiva\/#\/schema\/person\/1a360c4cffa3b806d29a456389dcff26"},"headline":"Vai chover! E agora?","datePublished":"2019-10-01T17:10:50+00:00","dateModified":"2019-10-01T19:57:30+00:00","mainEntityOfPage":{"@id":"https:\/\/www.ivanabeaumond.com.br\/vestidos-noiva\/vai-chover-e-agora\/"},"wordCount":522,"publisher":{"@id":"https:\/\/www.ivanabeaumond.com.br\/vestidos-noiva\/#organization"},"keywords":["aluguel de roupas","atelier","atelier ivana beaumond","atelieraltacostura","Atelierdenoiva","atelierivanabeaumond","brides","casamento","casamento blindado","casamento com chuva","casamento criativo","casamento na chuva","casamento na praia casamento ao ar livre","casamento na serra","casamento no campo","casamentos","CasamentosRJ","casei","chover","choveu","chuva","ivana beaumond","modanoiva","noiva e noivo","noivas","noivinha","noivos","paris","rain","sob medida","traje de noivo","vestido de noiva","weddingdress"],"articleSection":["Blog","Dicas e Truques"],"inLanguage":"pt-BR"},{"@type":"WebPage","@id":"https:\/\/www.ivanabeaumond.com.br\/vestidos-noiva\/vai-chover-e-agora\/","url":"https:\/\/www.ivanabeaumond.com.br\/vestidos-noiva\/vai-chover-e-agora\/","name":"Vai chover! E agora? - Vestido de Noiva RJ","isPartOf":{"@id":"https:\/\/www.ivanabeaumond.com.br\/vestidos-noiva\/#website"},"datePublished":"2019-10-01T17:10:50+00:00","dateModified":"2019-10-01T19:57:30+00:00","breadcrumb":{"@id":"https:\/\/www.ivanabeaumond.com.br\/vestidos-noiva\/vai-chover-e-agora\/#breadcrumb"},"inLanguage":"pt-BR","potentialAction":[{"@type":"ReadAction","target":["https:\/\/www.ivanabeaumond.com.br\/vestidos-noiva\/vai-chover-e-agora\/"]}]},{"@type":"BreadcrumbList","@id":"https:\/\/www.ivanabeaumond.com.br\/vestidos-noiva\/vai-chover-e-agora\/#breadcrumb","itemListElement":[{"@type":"ListItem","position":1,"name":"In\u00edcio","item":"https:\/\/www.ivanabeaumond.com.br\/vestidos-noiva\/"},{"@type":"ListItem","position":2,"name":"Vai chover! E agora?"}]},{"@type":"WebSite","@id":"https:\/\/www.ivanabeaumond.com.br\/vestidos-noiva\/#website","url":"https:\/\/www.ivanabeaumond.com.br\/vestidos-noiva\/","name":"Vestido de Noiva RJ","description":"Moda Noiva","publisher":{"@id":"https:\/\/www.ivanabeaumond.com.br\/vestidos-noiva\/#organization"},"potentialAction":[{"@type":"SearchAction","target":{"@type":"EntryPoint","urlTemplate":"https:\/\/www.ivanabeaumond.com.br\/vestidos-noiva\/?s={search_term_string}"},"query-input":"required name=search_term_string"}],"inLanguage":"pt-BR"},{"@type":"Organization","@id":"https:\/\/www.ivanabeaumond.com.br\/vestidos-noiva\/#organization","name":"Vestido de Noiva RJ","url":"https:\/\/www.ivanabeaumond.com.br\/vestidos-noiva\/","logo":{"@type":"ImageObject","inLanguage":"pt-BR","@id":"https:\/\/www.ivanabeaumond.com.br\/vestidos-noiva\/#\/schema\/logo\/image\/","url":"https:\/\/www.ivanabeaumond.com.br\/vestidos-noiva\/wp-content\/uploads\/2018\/02\/logo_ivana_beaumond-2.png","contentUrl":"https:\/\/www.ivanabeaumond.com.br\/vestidos-noiva\/wp-content\/uploads\/2018\/02\/logo_ivana_beaumond-2.png","width":230,"height":112,"caption":"Vestido de Noiva RJ"},"image":{"@id":"https:\/\/www.ivanabeaumond.com.br\/vestidos-noiva\/#\/schema\/logo\/image\/"},"sameAs":["https:\/\/www.facebook.com\/ivana.beaumondnoivas","https:\/\/www.instagram.com\/ivanabeaumond\/","https:\/\/www.tiktok.com\/@ivanabeaumond"]},{"@type":"Person","@id":"https:\/\/www.ivanabeaumond.com.br\/vestidos-noiva\/#\/schema\/person\/1a360c4cffa3b806d29a456389dcff26","name":"Ivana Beaumond Paris","image":{"@type":"ImageObject","inLanguage":"pt-BR","@id":"https:\/\/www.ivanabeaumond.com.br\/vestidos-noiva\/#\/schema\/person\/image\/","url":"https:\/\/secure.gravatar.com\/avatar\/641f98db20b53ec937ceb641db4270b9?s=96&d=mm&r=g","contentUrl":"https:\/\/secure.gravatar.com\/avatar\/641f98db20b53ec937ceb641db4270b9?s=96&d=mm&r=g","caption":"Ivana Beaumond Paris"},"url":"https:\/\/www.ivanabeaumond.com.br\/vestidos-noiva\/author\/ivana\/"}]}},"_links":{"self":[{"href":"https:\/\/www.ivanabeaumond.com.br\/vestidos-noiva\/wp-json\/wp\/v2\/posts\/17240"}],"collection":[{"href":"https:\/\/www.ivanabeaumond.com.br\/vestidos-noiva\/wp-json\/wp\/v2\/posts"}],"about":[{"href":"https:\/\/www.ivanabeaumond.com.br\/vestidos-noiva\/wp-json\/wp\/v2\/types\/post"}],"author":[{"embeddable":true,"href":"https:\/\/www.ivanabeaumond.com.br\/vestidos-noiva\/wp-json\/wp\/v2\/users\/4"}],"replies":[{"embeddable":true,"href":"https:\/\/www.ivanabeaumond.com.br\/vestidos-noiva\/wp-json\/wp\/v2\/comments?post=17240"}],"version-history":[{"count":16,"href":"https:\/\/www.ivanabeaumond.com.br\/vestidos-noiva\/wp-json\/wp\/v2\/posts\/17240\/revisions"}],"predecessor-version":[{"id":28892,"href":"https:\/\/www.ivanabeaumond.com.br\/vestidos-noiva\/wp-json\/wp\/v2\/posts\/17240\/revisions\/28892"}],"wp:featuredmedia":[{"embeddable":true,"href":"https:\/\/www.ivanabeaumond.com.br\/vestidos-noiva\/wp-json\/wp\/v2\/media\/17275"}],"wp:attachment":[{"href":"https:\/\/www.ivanabeaumond.com.br\/vestidos-noiva\/wp-json\/wp\/v2\/media?parent=17240"}],"wp:term":[{"taxonomy":"category","embeddable":true,"href":"https:\/\/www.ivanabeaumond.com.br\/vestidos-noiva\/wp-json\/wp\/v2\/categories?post=17240"},{"taxonomy":"post_tag","embeddable":true,"href":"https:\/\/www.ivanabeaumond.com.br\/vestidos-noiva\/wp-json\/wp\/v2\/tags?post=17240"}],"curies":[{"name":"wp","href":"https:\/\/api.w.org\/{rel}","templated":true}]}}