{"id":17326,"date":"2019-09-02T11:20:40","date_gmt":"2019-09-02T14:20:40","guid":{"rendered":"http:\/\/www.ivanabeaumond.com.br\/vestidos-noiva\/?p=17326"},"modified":"2019-09-02T13:23:26","modified_gmt":"2019-09-02T16:23:26","slug":"inspiracao-princesas-da-disney","status":"publish","type":"post","link":"https:\/\/www.ivanabeaumond.com.br\/vestidos-noiva\/inspiracao-princesas-da-disney\/","title":{"rendered":"Inspira\u00e7\u00e3o: Princesas da Disney"},"content":{"rendered":"<h4 style=\"text-align: justify;\"><span style=\"color: #999999;\">Por mais antigos que sejam os contos de fadas, toda garota tem o sonho de ser uma princesa &#8211; e \u00e9 quando elas\u00a0se tornam debutantes que podem\u00a0se transformar em uma delas por um dia. A hist\u00f3ria e a literatura s\u00e3o repletas de mulheres reais inspiradoras, mas s\u00e3o as princesas da Disney as que tem a maior representatividade no imagin\u00e1rio popular, por isso, fizemos esse post cheio de dicas para voc\u00ea que quer que o seu vestido de 15 anos seja inspirado na sua princesa favorita.<\/span><\/h4>\n<p>&nbsp;<\/p>\n<p>&nbsp;<\/p>\n<p>&nbsp;<\/p>\n<h3>Bela<\/h3>\n<p>&nbsp;<\/p>\n<h4 style=\"text-align: justify;\"><span style=\"color: #999999;\">Uma das mais requisitadas pelas debutantes, Bela \u00e9 uma princesa que prova que beleza n\u00e3o \u00e9 tudo e que as mulheres devem perseguir os seus sonhos. O famoso vestido dourado que ela usa para dan\u00e7ar com a Fera representa uma virada da personagem: no conto, ela \u00e9 uma garota sem apego \u00e0 apar\u00eancia, que nesse momento decide se render ao encanto do castelo para dan\u00e7ar uma valsa com o pr\u00edncipe em um jantar rom\u00e2ntico.<\/span><\/h4>\n<p>&nbsp;<\/p>\n<p>&nbsp;<\/p>\n<p>&nbsp;<\/p>\n<p><img decoding=\"async\" loading=\"lazy\" class=\"aligncenter size-full wp-image-17333\" src=\"http:\/\/www.ivanabeaumond.com.br\/vestidos-noiva\/wp-content\/uploads\/2019\/02\/a-bela-e-a-fera-post-vestido-princesas-ivana-beaumond-3-e1551374380705.jpg\" alt=\"a-bela-e-a-fera-post-vestido-princesas-ivana-beaumond (3)\" width=\"800\" height=\"451\" \/><\/p>\n<p>&nbsp;<\/p>\n<p>&nbsp;<\/p>\n<p>&nbsp;<\/p>\n<h4 style=\"text-align: justify;\"><span style=\"color: #999999;\">No cl\u00e1ssico da Disney, Bela usa um modelo ombro a ombro com uma saia\u00a0volumosa\u00a0com muito brilho. J\u00e1 no filme de 2017, a atriz Emma Watson (que interpreta a princesa) aparece com uma vers\u00e3o mais modernizada do vestido, com uma saia um pouco menos estruturada com detalhes em renda e mangas curtas.<\/span><\/h4>\n<p>&nbsp;<\/p>\n<h4 style=\"text-align: justify;\"><span style=\"color: #999999;\">Se voc\u00ea quer se transformar em Bela para a sua festa, pode seguir essas inspira\u00e7\u00f5es:<\/span><\/h4>\n<p>&nbsp;<\/p>\n<p>&nbsp;<\/p>\n<p>&nbsp;<\/p>\n<p>&nbsp;<\/p>\n<p><img decoding=\"async\" loading=\"lazy\" class=\"aligncenter size-full wp-image-11790\" src=\"http:\/\/www.ivanabeaumond.com.br\/vestidos-noiva\/wp-content\/uploads\/2016\/09\/vestido-de-debutante-modelo-colecao-alice-66-e1551376028901.jpg\" alt=\"vestido-de-debutante-modelo-colecao-alice-66\" width=\"800\" height=\"664\" \/><\/p>\n<p><img decoding=\"async\" loading=\"lazy\" class=\"aligncenter size-full wp-image-11766\" src=\"http:\/\/www.ivanabeaumond.com.br\/vestidos-noiva\/wp-content\/uploads\/2016\/09\/vestido-de-debutante-modelo-colecao-alice-34-1-e1551376080420.jpg\" alt=\"vestido-de-debutante-modelo-colecao-alice-34-1\" width=\"800\" height=\"774\" \/><\/p>\n<p><img decoding=\"async\" loading=\"lazy\" class=\"aligncenter size-full wp-image-11762\" src=\"http:\/\/www.ivanabeaumond.com.br\/vestidos-noiva\/wp-content\/uploads\/2016\/09\/vestido-de-debutante-modelo-colecao-alice-30-1-e1551376763187.jpg\" alt=\"vestido-de-debutante-modelo-colecao-alice-30-1\" width=\"800\" height=\"1017\" \/><\/p>\n<p><img decoding=\"async\" loading=\"lazy\" class=\"aligncenter size-full wp-image-17336\" src=\"http:\/\/www.ivanabeaumond.com.br\/vestidos-noiva\/wp-content\/uploads\/2019\/02\/debutante-agatha-a-bela-e-a-fera-vestido-ivana-beaumond-paris5-e1551377159851.jpg\" alt=\"debutante-agatha-a-bela-e-a-fera-vestido-ivana-beaumond-paris(5)\" width=\"800\" height=\"533\" \/><\/p>\n<p>&nbsp;<\/p>\n<p>&nbsp;<\/p>\n<p>&nbsp;<\/p>\n<p>&nbsp;<\/p>\n<p>&nbsp;<\/p>\n<h3>Cinderela<\/h3>\n<p>&nbsp;<\/p>\n<p>&nbsp;<\/p>\n<p>&nbsp;<\/p>\n<h4 style=\"text-align: justify;\"><span style=\"color: #999999;\">Cinderela \u00e9 uma das princesas mais antigas da Disney, e um dos contos mais conhecidos no mundo inteiro. No desenho animado, ela usa tr\u00eas vestidos que representam momentos importantes da narrativa: o vestido rosa, confeccionados pelos ratinhos e que depois \u00e9 destru\u00eddo pelas irm\u00e3s; o vestido azul com mangas curtas bufantes criado pela fada madrinha e o vestido de noiva, com o qual se casa com o pr\u00edncipe no final da anima\u00e7\u00e3o. Portanto, se voc\u00ea quer uma festa tem\u00e1tica da Cinderela, j\u00e1 tem uma \u00f3tima dica para os seus tr\u00eas vestidos.<\/span><\/h4>\n<h4 style=\"text-align: justify;\"><\/h4>\n<p>&nbsp;<\/p>\n<p>&nbsp;<\/p>\n<p><img decoding=\"async\" loading=\"lazy\" class=\"aligncenter size-full wp-image-17339\" src=\"http:\/\/www.ivanabeaumond.com.br\/vestidos-noiva\/wp-content\/uploads\/2019\/02\/Cinderella-vestido-post-blog-ivana-beaumond-e1551380395302.png\" alt=\"Cinderella-vestido-post-blog-ivana-beaumond\" width=\"800\" height=\"302\" \/><\/p>\n<p>&nbsp;<\/p>\n<p>&nbsp;<\/p>\n<p>&nbsp;<\/p>\n<h4 style=\"text-align: justify;\"><span style=\"color: #999999;\">Um fato que poucos sabem at\u00e9 hoje \u00e9 que o vestido ic\u00f4nico que a princesa usa com os sapatinhos de cristal \u00e9, na verdade, prateado, mas por alguma raz\u00e3o come\u00e7ou a ser retratado em produtos como sendo azul. Seguindo essa linha, a Disney lan\u00e7ou em 2015 um live action do conto, com a atriz Lily James no papel da protagonista usando um modelo no mesmo tom de azul, com a cintura bem marcada e uma saia com cauda e alguns detalhes de flores. Esse \u00faltimo \u00e9, geralmente, o que mais serve de inspira\u00e7\u00e3o para as debutantes.\u00a0<\/span><\/h4>\n<h4 style=\"text-align: justify;\"><\/h4>\n<h4 style=\"text-align: justify;\"><span style=\"color: #999999;\">Veja algumas ideias de vestidos que podem servir de inspira\u00e7\u00e3o para o seu look:<\/span><\/h4>\n<p>&nbsp;<\/p>\n<p>&nbsp;<\/p>\n<p>&nbsp;<\/p>\n<p>&nbsp;<\/p>\n<p>&nbsp;<\/p>\n<p><img decoding=\"async\" loading=\"lazy\" class=\"aligncenter size-full wp-image-17340\" src=\"http:\/\/www.ivanabeaumond.com.br\/vestidos-noiva\/wp-content\/uploads\/2019\/02\/cinderela-filme-inspira\u00e7\u00e3o-de-vestido-ivana-beaumond-e1551382155724.jpg\" alt=\"cinderela-filme-inspira\u00e7\u00e3o-de-vestido-ivana-beaumond\" width=\"567\" height=\"398\" \/><\/p>\n<p><img decoding=\"async\" loading=\"lazy\" class=\"aligncenter size-full wp-image-12322\" src=\"http:\/\/www.ivanabeaumond.com.br\/vestidos-noiva\/wp-content\/uploads\/2017\/02\/vestido-de-debutante-Ivana-Beaumond-Aluguel-de-Roupas-modelo-Cinderela-131.jpg\" alt=\"vestido-de-debutante-Ivana Beaumond-Aluguel-de-Roupas-modelo-Cinderela 13\" width=\"576\" height=\"800\" srcset=\"https:\/\/www.ivanabeaumond.com.br\/vestidos-noiva\/wp-content\/uploads\/2017\/02\/vestido-de-debutante-Ivana-Beaumond-Aluguel-de-Roupas-modelo-Cinderela-131.jpg 576w, https:\/\/www.ivanabeaumond.com.br\/vestidos-noiva\/wp-content\/uploads\/2017\/02\/vestido-de-debutante-Ivana-Beaumond-Aluguel-de-Roupas-modelo-Cinderela-131-216x300.jpg 216w\" sizes=\"(max-width: 576px) 100vw, 576px\" \/><\/p>\n<p><img decoding=\"async\" loading=\"lazy\" class=\"aligncenter size-full wp-image-12316\" src=\"http:\/\/www.ivanabeaumond.com.br\/vestidos-noiva\/wp-content\/uploads\/2017\/02\/vestido-de-debutante-Ivana-Beaumond-Aluguel-de-Roupas-modelo-Cinderela-071.jpg\" alt=\"vestido-de-debutante-Ivana Beaumond-Aluguel-de-Roupas-modelo-Cinderela 07\" width=\"576\" height=\"800\" srcset=\"https:\/\/www.ivanabeaumond.com.br\/vestidos-noiva\/wp-content\/uploads\/2017\/02\/vestido-de-debutante-Ivana-Beaumond-Aluguel-de-Roupas-modelo-Cinderela-071.jpg 576w, https:\/\/www.ivanabeaumond.com.br\/vestidos-noiva\/wp-content\/uploads\/2017\/02\/vestido-de-debutante-Ivana-Beaumond-Aluguel-de-Roupas-modelo-Cinderela-071-216x300.jpg 216w\" sizes=\"(max-width: 576px) 100vw, 576px\" \/><\/p>\n<p><img decoding=\"async\" loading=\"lazy\" class=\"aligncenter size-full wp-image-11784\" src=\"http:\/\/www.ivanabeaumond.com.br\/vestidos-noiva\/wp-content\/uploads\/2016\/09\/vestido-de-debutante-modelo-colecao-alice-60-e1551380966903.jpg\" alt=\"vestido-de-debutante-modelo-colecao-alice-60\" width=\"576\" height=\"426\" \/><\/p>\n<p><img decoding=\"async\" loading=\"lazy\" class=\"aligncenter size-full wp-image-11781\" src=\"http:\/\/www.ivanabeaumond.com.br\/vestidos-noiva\/wp-content\/uploads\/2016\/09\/vestido-de-debutante-modelo-colecao-alice-56-1-e1551381218115.jpg\" alt=\"vestido-de-debutante-modelo-colecao-alice-56-1\" width=\"576\" height=\"485\" \/><\/p>\n<p><img decoding=\"async\" loading=\"lazy\" class=\"aligncenter size-full wp-image-11774\" src=\"http:\/\/www.ivanabeaumond.com.br\/vestidos-noiva\/wp-content\/uploads\/2016\/09\/vestido-de-debutante-modelo-colecao-alice-44-e1551381277214.jpg\" alt=\"vestido-de-debutante-modelo-colecao-alice-44\" width=\"576\" height=\"558\" \/><\/p>\n<p><img decoding=\"async\" loading=\"lazy\" class=\"aligncenter size-full wp-image-11793\" src=\"http:\/\/www.ivanabeaumond.com.br\/vestidos-noiva\/wp-content\/uploads\/2016\/09\/vestido-de-debutante-modelo-Glamour-Band-4-e1551381559368.jpg\" alt=\"vestido-de-debutante-modelo-glamour-band-4\" width=\"576\" height=\"768\" \/><\/p>\n<p>&nbsp;<\/p>\n<p>&nbsp;<\/p>\n<p>&nbsp;<\/p>\n<p>&nbsp;<\/p>\n<p>&nbsp;<\/p>\n<h3>A Bela Adormecida<\/h3>\n<h3><\/h3>\n<p>&nbsp;<\/p>\n<h4 style=\"text-align: justify;\"><span style=\"color: #999999;\">Na adapta\u00e7\u00e3o do conto de fadas feita pela Disney, a princesa Aurora \u2013 tamb\u00e9m conhecida como a Bela Adormecida \u2013 tem um momento engra\u00e7ado envolvendo seu vestido, onde as fadas madrinhas n\u00e3o conseguem entrar em um consenso sobre ele ser rosa ou azul. As personagens, ent\u00e3o, come\u00e7am uma briga de feiti\u00e7os trocando a cor do modelo enquanto a princesa dan\u00e7a sua valsa com o pr\u00edncipe. Apesar de estar usando azul quando \u00e9 picada pela agulha da roca, Aurora \u00e9 retratada fora da anima\u00e7\u00e3o sempre vestindo o modelo rosa. No filme Mal\u00e9vola, no entanto, a princesa aparece com o figurino na cor azul.<\/span><\/h4>\n<p>&nbsp;<\/p>\n<p>&nbsp;<\/p>\n<p>&nbsp;<\/p>\n<p><img decoding=\"async\" loading=\"lazy\" class=\"aligncenter size-full wp-image-17346\" src=\"http:\/\/www.ivanabeaumond.com.br\/vestidos-noiva\/wp-content\/uploads\/2019\/02\/princesa-aurora-vestido-rosa-inspira\u00e7\u00e3o-ivna-beaumond-e1551387036521.jpg\" alt=\"princesa-aurora-vestido-rosa-inspira\u00e7\u00e3o-ivna-beaumond\" width=\"800\" height=\"313\" \/><\/p>\n<p>&nbsp;<\/p>\n<p>&nbsp;<\/p>\n<p>&nbsp;<\/p>\n<h4 style=\"text-align: justify;\"><span style=\"color: #999999;\">Aqui v\u00e3o alguns modelos inspirados no cl\u00e1ssico da Disney:<\/span><\/h4>\n<p>&nbsp;<\/p>\n<p>&nbsp;<\/p>\n<p>&nbsp;<\/p>\n<p>&nbsp;<\/p>\n<p><img decoding=\"async\" loading=\"lazy\" class=\"aligncenter size-full wp-image-12332\" src=\"http:\/\/www.ivanabeaumond.com.br\/vestidos-noiva\/wp-content\/uploads\/2017\/02\/vestido-de-debutante-Ivana-Beaumond-Aluguel-de-Roupas-modelo-Cinderela-231.jpg\" alt=\"vestido-de-debutante-Ivana Beaumond-Aluguel-de-Roupas-modelo-Cinderela 23\" width=\"576\" height=\"800\" srcset=\"https:\/\/www.ivanabeaumond.com.br\/vestidos-noiva\/wp-content\/uploads\/2017\/02\/vestido-de-debutante-Ivana-Beaumond-Aluguel-de-Roupas-modelo-Cinderela-231.jpg 576w, https:\/\/www.ivanabeaumond.com.br\/vestidos-noiva\/wp-content\/uploads\/2017\/02\/vestido-de-debutante-Ivana-Beaumond-Aluguel-de-Roupas-modelo-Cinderela-231-216x300.jpg 216w\" sizes=\"(max-width: 576px) 100vw, 576px\" \/><\/p>\n<p><img decoding=\"async\" loading=\"lazy\" class=\"aligncenter size-full wp-image-11796\" src=\"http:\/\/www.ivanabeaumond.com.br\/vestidos-noiva\/wp-content\/uploads\/2016\/09\/vestido-de-debutante-modelo-Glamour-Band-5-e1551387349116.jpg\" alt=\"vestido-de-debutante-modelo-glamour-band-5\" width=\"579\" height=\"772\" \/><\/p>\n<p><img decoding=\"async\" loading=\"lazy\" class=\"aligncenter size-full wp-image-17348\" src=\"http:\/\/www.ivanabeaumond.com.br\/vestidos-noiva\/wp-content\/uploads\/2019\/02\/15-Anos-Debutante-Isabelle-Castro-Vestido-Ivana-Beaumond-10-e1551387746322.jpg\" alt=\"15 Anos Debutante Isabelle Castro Vestido Ivana Beaumond (10)\" width=\"579\" height=\"386\" \/><\/p>\n<p>&nbsp;<\/p>\n<p>&nbsp;<\/p>\n<p>&nbsp;<\/p>\n<p>&nbsp;<\/p>\n<h4 style=\"text-align: justify;\"><span style=\"color: #999999;\">Todos os modelos nas fotos est\u00e3o dispon\u00edveis no nosso atelier e voc\u00ea pode conferi-los <a href=\"http:\/\/www.ivanabeaumond.com.br\/vestidos-noiva\/vestidos-debutantes\/\" target=\"_blank\">neste link<\/a>!<\/span><\/h4>\n<p>&nbsp;<\/p>\n<p>&nbsp;<\/p>\n<p>&nbsp;<\/p>\n<h4 style=\"text-align: justify;\"><span style=\"color: #000000;\">\u00a0Fotos:<\/span><\/h4>\n<h4 style=\"text-align: justify;\"><span style=\"color: #000000;\">Reprodu\u00e7\u00e3o Google\/Leonardo Santos\/Luiz Carvalho.<\/span><\/h4>\n<p>&nbsp;<\/p>\n<p>&nbsp;<\/p>\n<p>&nbsp;<\/p>\n<p>&nbsp;<\/p>\n<p>&nbsp;<\/p>\n<h4><span style=\"color: #999999;\">Gostou? Siga nosso instagram<\/span>\u00a0<a href=\"https:\/\/www.instagram.com\/ivanaparisdebutantes\" target=\"_blank\">@ivanaparisdebutantes\u00a0<\/a><span style=\"color: #999999;\">e curta nossa fanpage<\/span>\u00a0<a href=\"https:\/\/www.facebook.com\/IvanaBeaumondDebutantes\/\" target=\"_blank\">Ivana Beaumond<\/a>\u00a0<span style=\"color: #999999;\">para ficar por dentro de tudo o que rola no mundo das\u00a0debutantes e conhecer nossos Melhores Modelos de Vestidos de\u00a0Debutates Nacionais, Importados e Sob Medida.<\/span><\/h4>\n<p>&nbsp;<\/p>\n","protected":false},"excerpt":{"rendered":"<p>Por mais antigos que sejam os contos de fadas, toda&#8230;<\/p>\n","protected":false},"author":4,"featured_media":17333,"comment_status":"closed","ping_status":"closed","sticky":false,"template":"","format":"standard","meta":[],"categories":[60,127],"tags":[172,620,675,550,204,215,133,677,540,558,674,137,518,226,663,517,405,673,676,136,678,174,149,143,679],"yoast_head":"<!-- This site is optimized with the Yoast SEO plugin v20.3 - https:\/\/yoast.com\/wordpress\/plugins\/seo\/ -->\n<title>Inspira\u00e7\u00e3o: Princesas da Disney - Vestido de Noiva RJ<\/title>\n<meta name=\"robots\" content=\"index, follow, max-snippet:-1, max-image-preview:large, max-video-preview:-1\" \/>\n<link rel=\"canonical\" href=\"https:\/\/www.ivanabeaumond.com.br\/vestidos-noiva\/inspiracao-princesas-da-disney\/\" \/>\n<meta property=\"og:locale\" content=\"pt_BR\" \/>\n<meta property=\"og:type\" content=\"article\" \/>\n<meta property=\"og:title\" content=\"Inspira\u00e7\u00e3o: Princesas da Disney - Vestido de Noiva RJ\" \/>\n<meta property=\"og:description\" content=\"Por mais antigos que sejam os contos de fadas, toda...\" \/>\n<meta property=\"og:url\" content=\"https:\/\/www.ivanabeaumond.com.br\/vestidos-noiva\/inspiracao-princesas-da-disney\/\" \/>\n<meta property=\"og:site_name\" content=\"Vestido de Noiva RJ\" \/>\n<meta property=\"article:publisher\" content=\"https:\/\/www.facebook.com\/ivana.beaumondnoivas\" \/>\n<meta property=\"article:published_time\" content=\"2019-09-02T14:20:40+00:00\" \/>\n<meta property=\"article:modified_time\" content=\"2019-09-02T16:23:26+00:00\" \/>\n<meta property=\"og:image\" content=\"https:\/\/www.ivanabeaumond.com.br\/vestidos-noiva\/wp-content\/uploads\/2019\/02\/a-bela-e-a-fera-post-vestido-princesas-ivana-beaumond-3-e1551374380705.jpg\" \/>\n\t<meta property=\"og:image:width\" content=\"800\" \/>\n\t<meta property=\"og:image:height\" content=\"451\" \/>\n\t<meta property=\"og:image:type\" content=\"image\/jpeg\" \/>\n<meta name=\"author\" content=\"Ivana Beaumond Paris\" \/>\n<meta name=\"twitter:card\" content=\"summary_large_image\" \/>\n<meta name=\"twitter:label1\" content=\"Escrito por\" \/>\n\t<meta name=\"twitter:data1\" content=\"Ivana Beaumond Paris\" \/>\n\t<meta name=\"twitter:label2\" content=\"Est. tempo de leitura\" \/>\n\t<meta name=\"twitter:data2\" content=\"3 minutos\" \/>\n<script type=\"application\/ld+json\" class=\"yoast-schema-graph\">{\"@context\":\"https:\/\/schema.org\",\"@graph\":[{\"@type\":\"Article\",\"@id\":\"https:\/\/www.ivanabeaumond.com.br\/vestidos-noiva\/inspiracao-princesas-da-disney\/#article\",\"isPartOf\":{\"@id\":\"https:\/\/www.ivanabeaumond.com.br\/vestidos-noiva\/inspiracao-princesas-da-disney\/\"},\"author\":{\"name\":\"Ivana Beaumond Paris\",\"@id\":\"https:\/\/www.ivanabeaumond.com.br\/vestidos-noiva\/#\/schema\/person\/1a360c4cffa3b806d29a456389dcff26\"},\"headline\":\"Inspira\u00e7\u00e3o: Princesas da Disney\",\"datePublished\":\"2019-09-02T14:20:40+00:00\",\"dateModified\":\"2019-09-02T16:23:26+00:00\",\"mainEntityOfPage\":{\"@id\":\"https:\/\/www.ivanabeaumond.com.br\/vestidos-noiva\/inspiracao-princesas-da-disney\/\"},\"wordCount\":699,\"publisher\":{\"@id\":\"https:\/\/www.ivanabeaumond.com.br\/vestidos-noiva\/#organization\"},\"keywords\":[\"15 anos\",\"15 anos festa\",\"a bela adormecida\",\"a bela e a fera\",\"atelieraltacostura\",\"Atelierdenoiva\",\"atelierivanabeaumond\",\"aurora\",\"blog de 15 anos\",\"blog de debutante\",\"cinderela\",\"convidadas\",\"debut\",\"debutando\",\"debutante ball\",\"debutante linda\",\"debuteen\",\"disney\",\"mal\u00e9vola\",\"moda festa\",\"princesa aurora\",\"princesas\",\"vestido de 15 anos\",\"vestido de debutante\",\"vestido ideal\"],\"articleSection\":[\"Blog\",\"Dicas e Truques\"],\"inLanguage\":\"pt-BR\"},{\"@type\":\"WebPage\",\"@id\":\"https:\/\/www.ivanabeaumond.com.br\/vestidos-noiva\/inspiracao-princesas-da-disney\/\",\"url\":\"https:\/\/www.ivanabeaumond.com.br\/vestidos-noiva\/inspiracao-princesas-da-disney\/\",\"name\":\"Inspira\u00e7\u00e3o: Princesas da Disney - Vestido de Noiva RJ\",\"isPartOf\":{\"@id\":\"https:\/\/www.ivanabeaumond.com.br\/vestidos-noiva\/#website\"},\"datePublished\":\"2019-09-02T14:20:40+00:00\",\"dateModified\":\"2019-09-02T16:23:26+00:00\",\"breadcrumb\":{\"@id\":\"https:\/\/www.ivanabeaumond.com.br\/vestidos-noiva\/inspiracao-princesas-da-disney\/#breadcrumb\"},\"inLanguage\":\"pt-BR\",\"potentialAction\":[{\"@type\":\"ReadAction\",\"target\":[\"https:\/\/www.ivanabeaumond.com.br\/vestidos-noiva\/inspiracao-princesas-da-disney\/\"]}]},{\"@type\":\"BreadcrumbList\",\"@id\":\"https:\/\/www.ivanabeaumond.com.br\/vestidos-noiva\/inspiracao-princesas-da-disney\/#breadcrumb\",\"itemListElement\":[{\"@type\":\"ListItem\",\"position\":1,\"name\":\"In\u00edcio\",\"item\":\"https:\/\/www.ivanabeaumond.com.br\/vestidos-noiva\/\"},{\"@type\":\"ListItem\",\"position\":2,\"name\":\"Inspira\u00e7\u00e3o: Princesas da Disney\"}]},{\"@type\":\"WebSite\",\"@id\":\"https:\/\/www.ivanabeaumond.com.br\/vestidos-noiva\/#website\",\"url\":\"https:\/\/www.ivanabeaumond.com.br\/vestidos-noiva\/\",\"name\":\"Vestido de Noiva RJ\",\"description\":\"Moda Noiva\",\"publisher\":{\"@id\":\"https:\/\/www.ivanabeaumond.com.br\/vestidos-noiva\/#organization\"},\"potentialAction\":[{\"@type\":\"SearchAction\",\"target\":{\"@type\":\"EntryPoint\",\"urlTemplate\":\"https:\/\/www.ivanabeaumond.com.br\/vestidos-noiva\/?s={search_term_string}\"},\"query-input\":\"required name=search_term_string\"}],\"inLanguage\":\"pt-BR\"},{\"@type\":\"Organization\",\"@id\":\"https:\/\/www.ivanabeaumond.com.br\/vestidos-noiva\/#organization\",\"name\":\"Vestido de Noiva RJ\",\"url\":\"https:\/\/www.ivanabeaumond.com.br\/vestidos-noiva\/\",\"logo\":{\"@type\":\"ImageObject\",\"inLanguage\":\"pt-BR\",\"@id\":\"https:\/\/www.ivanabeaumond.com.br\/vestidos-noiva\/#\/schema\/logo\/image\/\",\"url\":\"https:\/\/www.ivanabeaumond.com.br\/vestidos-noiva\/wp-content\/uploads\/2018\/02\/logo_ivana_beaumond-2.png\",\"contentUrl\":\"https:\/\/www.ivanabeaumond.com.br\/vestidos-noiva\/wp-content\/uploads\/2018\/02\/logo_ivana_beaumond-2.png\",\"width\":230,\"height\":112,\"caption\":\"Vestido de Noiva RJ\"},\"image\":{\"@id\":\"https:\/\/www.ivanabeaumond.com.br\/vestidos-noiva\/#\/schema\/logo\/image\/\"},\"sameAs\":[\"https:\/\/www.facebook.com\/ivana.beaumondnoivas\",\"https:\/\/www.instagram.com\/ivanabeaumond\/\",\"https:\/\/www.tiktok.com\/@ivanabeaumond\"]},{\"@type\":\"Person\",\"@id\":\"https:\/\/www.ivanabeaumond.com.br\/vestidos-noiva\/#\/schema\/person\/1a360c4cffa3b806d29a456389dcff26\",\"name\":\"Ivana Beaumond Paris\",\"image\":{\"@type\":\"ImageObject\",\"inLanguage\":\"pt-BR\",\"@id\":\"https:\/\/www.ivanabeaumond.com.br\/vestidos-noiva\/#\/schema\/person\/image\/\",\"url\":\"https:\/\/secure.gravatar.com\/avatar\/641f98db20b53ec937ceb641db4270b9?s=96&d=mm&r=g\",\"contentUrl\":\"https:\/\/secure.gravatar.com\/avatar\/641f98db20b53ec937ceb641db4270b9?s=96&d=mm&r=g\",\"caption\":\"Ivana Beaumond Paris\"},\"url\":\"https:\/\/www.ivanabeaumond.com.br\/vestidos-noiva\/author\/ivana\/\"}]}<\/script>\n<!-- \/ Yoast SEO plugin. -->","yoast_head_json":{"title":"Inspira\u00e7\u00e3o: Princesas da Disney - Vestido de Noiva RJ","robots":{"index":"index","follow":"follow","max-snippet":"max-snippet:-1","max-image-preview":"max-image-preview:large","max-video-preview":"max-video-preview:-1"},"canonical":"https:\/\/www.ivanabeaumond.com.br\/vestidos-noiva\/inspiracao-princesas-da-disney\/","og_locale":"pt_BR","og_type":"article","og_title":"Inspira\u00e7\u00e3o: Princesas da Disney - Vestido de Noiva RJ","og_description":"Por mais antigos que sejam os contos de fadas, toda...","og_url":"https:\/\/www.ivanabeaumond.com.br\/vestidos-noiva\/inspiracao-princesas-da-disney\/","og_site_name":"Vestido de Noiva RJ","article_publisher":"https:\/\/www.facebook.com\/ivana.beaumondnoivas","article_published_time":"2019-09-02T14:20:40+00:00","article_modified_time":"2019-09-02T16:23:26+00:00","og_image":[{"width":800,"height":451,"url":"https:\/\/www.ivanabeaumond.com.br\/vestidos-noiva\/wp-content\/uploads\/2019\/02\/a-bela-e-a-fera-post-vestido-princesas-ivana-beaumond-3-e1551374380705.jpg","type":"image\/jpeg"}],"author":"Ivana Beaumond Paris","twitter_card":"summary_large_image","twitter_misc":{"Escrito por":"Ivana Beaumond Paris","Est. tempo de leitura":"3 minutos"},"schema":{"@context":"https:\/\/schema.org","@graph":[{"@type":"Article","@id":"https:\/\/www.ivanabeaumond.com.br\/vestidos-noiva\/inspiracao-princesas-da-disney\/#article","isPartOf":{"@id":"https:\/\/www.ivanabeaumond.com.br\/vestidos-noiva\/inspiracao-princesas-da-disney\/"},"author":{"name":"Ivana Beaumond Paris","@id":"https:\/\/www.ivanabeaumond.com.br\/vestidos-noiva\/#\/schema\/person\/1a360c4cffa3b806d29a456389dcff26"},"headline":"Inspira\u00e7\u00e3o: Princesas da Disney","datePublished":"2019-09-02T14:20:40+00:00","dateModified":"2019-09-02T16:23:26+00:00","mainEntityOfPage":{"@id":"https:\/\/www.ivanabeaumond.com.br\/vestidos-noiva\/inspiracao-princesas-da-disney\/"},"wordCount":699,"publisher":{"@id":"https:\/\/www.ivanabeaumond.com.br\/vestidos-noiva\/#organization"},"keywords":["15 anos","15 anos festa","a bela adormecida","a bela e a fera","atelieraltacostura","Atelierdenoiva","atelierivanabeaumond","aurora","blog de 15 anos","blog de debutante","cinderela","convidadas","debut","debutando","debutante ball","debutante linda","debuteen","disney","mal\u00e9vola","moda festa","princesa aurora","princesas","vestido de 15 anos","vestido de debutante","vestido ideal"],"articleSection":["Blog","Dicas e Truques"],"inLanguage":"pt-BR"},{"@type":"WebPage","@id":"https:\/\/www.ivanabeaumond.com.br\/vestidos-noiva\/inspiracao-princesas-da-disney\/","url":"https:\/\/www.ivanabeaumond.com.br\/vestidos-noiva\/inspiracao-princesas-da-disney\/","name":"Inspira\u00e7\u00e3o: Princesas da Disney - Vestido de Noiva RJ","isPartOf":{"@id":"https:\/\/www.ivanabeaumond.com.br\/vestidos-noiva\/#website"},"datePublished":"2019-09-02T14:20:40+00:00","dateModified":"2019-09-02T16:23:26+00:00","breadcrumb":{"@id":"https:\/\/www.ivanabeaumond.com.br\/vestidos-noiva\/inspiracao-princesas-da-disney\/#breadcrumb"},"inLanguage":"pt-BR","potentialAction":[{"@type":"ReadAction","target":["https:\/\/www.ivanabeaumond.com.br\/vestidos-noiva\/inspiracao-princesas-da-disney\/"]}]},{"@type":"BreadcrumbList","@id":"https:\/\/www.ivanabeaumond.com.br\/vestidos-noiva\/inspiracao-princesas-da-disney\/#breadcrumb","itemListElement":[{"@type":"ListItem","position":1,"name":"In\u00edcio","item":"https:\/\/www.ivanabeaumond.com.br\/vestidos-noiva\/"},{"@type":"ListItem","position":2,"name":"Inspira\u00e7\u00e3o: Princesas da Disney"}]},{"@type":"WebSite","@id":"https:\/\/www.ivanabeaumond.com.br\/vestidos-noiva\/#website","url":"https:\/\/www.ivanabeaumond.com.br\/vestidos-noiva\/","name":"Vestido de Noiva RJ","description":"Moda Noiva","publisher":{"@id":"https:\/\/www.ivanabeaumond.com.br\/vestidos-noiva\/#organization"},"potentialAction":[{"@type":"SearchAction","target":{"@type":"EntryPoint","urlTemplate":"https:\/\/www.ivanabeaumond.com.br\/vestidos-noiva\/?s={search_term_string}"},"query-input":"required name=search_term_string"}],"inLanguage":"pt-BR"},{"@type":"Organization","@id":"https:\/\/www.ivanabeaumond.com.br\/vestidos-noiva\/#organization","name":"Vestido de Noiva RJ","url":"https:\/\/www.ivanabeaumond.com.br\/vestidos-noiva\/","logo":{"@type":"ImageObject","inLanguage":"pt-BR","@id":"https:\/\/www.ivanabeaumond.com.br\/vestidos-noiva\/#\/schema\/logo\/image\/","url":"https:\/\/www.ivanabeaumond.com.br\/vestidos-noiva\/wp-content\/uploads\/2018\/02\/logo_ivana_beaumond-2.png","contentUrl":"https:\/\/www.ivanabeaumond.com.br\/vestidos-noiva\/wp-content\/uploads\/2018\/02\/logo_ivana_beaumond-2.png","width":230,"height":112,"caption":"Vestido de Noiva RJ"},"image":{"@id":"https:\/\/www.ivanabeaumond.com.br\/vestidos-noiva\/#\/schema\/logo\/image\/"},"sameAs":["https:\/\/www.facebook.com\/ivana.beaumondnoivas","https:\/\/www.instagram.com\/ivanabeaumond\/","https:\/\/www.tiktok.com\/@ivanabeaumond"]},{"@type":"Person","@id":"https:\/\/www.ivanabeaumond.com.br\/vestidos-noiva\/#\/schema\/person\/1a360c4cffa3b806d29a456389dcff26","name":"Ivana Beaumond Paris","image":{"@type":"ImageObject","inLanguage":"pt-BR","@id":"https:\/\/www.ivanabeaumond.com.br\/vestidos-noiva\/#\/schema\/person\/image\/","url":"https:\/\/secure.gravatar.com\/avatar\/641f98db20b53ec937ceb641db4270b9?s=96&d=mm&r=g","contentUrl":"https:\/\/secure.gravatar.com\/avatar\/641f98db20b53ec937ceb641db4270b9?s=96&d=mm&r=g","caption":"Ivana Beaumond Paris"},"url":"https:\/\/www.ivanabeaumond.com.br\/vestidos-noiva\/author\/ivana\/"}]}},"_links":{"self":[{"href":"https:\/\/www.ivanabeaumond.com.br\/vestidos-noiva\/wp-json\/wp\/v2\/posts\/17326"}],"collection":[{"href":"https:\/\/www.ivanabeaumond.com.br\/vestidos-noiva\/wp-json\/wp\/v2\/posts"}],"about":[{"href":"https:\/\/www.ivanabeaumond.com.br\/vestidos-noiva\/wp-json\/wp\/v2\/types\/post"}],"author":[{"embeddable":true,"href":"https:\/\/www.ivanabeaumond.com.br\/vestidos-noiva\/wp-json\/wp\/v2\/users\/4"}],"replies":[{"embeddable":true,"href":"https:\/\/www.ivanabeaumond.com.br\/vestidos-noiva\/wp-json\/wp\/v2\/comments?post=17326"}],"version-history":[{"count":14,"href":"https:\/\/www.ivanabeaumond.com.br\/vestidos-noiva\/wp-json\/wp\/v2\/posts\/17326\/revisions"}],"predecessor-version":[{"id":17351,"href":"https:\/\/www.ivanabeaumond.com.br\/vestidos-noiva\/wp-json\/wp\/v2\/posts\/17326\/revisions\/17351"}],"wp:featuredmedia":[{"embeddable":true,"href":"https:\/\/www.ivanabeaumond.com.br\/vestidos-noiva\/wp-json\/wp\/v2\/media\/17333"}],"wp:attachment":[{"href":"https:\/\/www.ivanabeaumond.com.br\/vestidos-noiva\/wp-json\/wp\/v2\/media?parent=17326"}],"wp:term":[{"taxonomy":"category","embeddable":true,"href":"https:\/\/www.ivanabeaumond.com.br\/vestidos-noiva\/wp-json\/wp\/v2\/categories?post=17326"},{"taxonomy":"post_tag","embeddable":true,"href":"https:\/\/www.ivanabeaumond.com.br\/vestidos-noiva\/wp-json\/wp\/v2\/tags?post=17326"}],"curies":[{"name":"wp","href":"https:\/\/api.w.org\/{rel}","templated":true}]}}