{"id":17512,"date":"2019-03-22T18:41:37","date_gmt":"2019-03-22T21:41:37","guid":{"rendered":"http:\/\/www.ivanabeaumond.com.br\/vestidos-noiva\/?p=17512"},"modified":"2019-03-25T12:41:05","modified_gmt":"2019-03-25T15:41:05","slug":"trajes-masculinos-as-maiores-tendencias-da-alfaiataria-na-historia","status":"publish","type":"post","link":"https:\/\/www.ivanabeaumond.com.br\/vestidos-noiva\/trajes-masculinos-as-maiores-tendencias-da-alfaiataria-na-historia\/","title":{"rendered":"Trajes masculinos: as maiores tend\u00eancias da alfaiataria na hist\u00f3ria"},"content":{"rendered":"<h4 style=\"text-align: justify;\"><span style=\"color: #999999;\">Muito se afirma sobre a moda ser c\u00edclica, mas quando se trata de alfaiataria as tend\u00eancias parecem surgir em loopings t\u00e3o r\u00e1pidos que chega a ser dif\u00edcil de acompanhar. A moda dos ternos masculinos est\u00e1 intimamente ligada \u00e0 hist\u00f3ria, e neste post enumeramos alguns momentos importantes da linha do tempo da alfaiataria no mundo que continuam sendo revividos como tend\u00eancia at\u00e9 os dias de hoje. Ent\u00e3o, se voc\u00ea se interessa pela biografia da moda, confira essa lista feita pelo site <a href=\"https:\/\/www.shortlist.com\/style\/a-brief-history-of-suits\/31481\" target=\"_blank\">Shortlist<\/a>:<\/span><\/h4>\n<h4 style=\"text-align: justify;\"><span style=\"color: #999999;\">\u00a0<\/span><\/h4>\n<p>&nbsp;<\/p>\n<p>&nbsp;<\/p>\n<p>&nbsp;<\/p>\n<h3 style=\"text-align: justify;\"><span style=\"color: #000000;\">1. A Era Industrial (1920)<\/span><\/h3>\n<p>&nbsp;<\/p>\n<p>&nbsp;<\/p>\n<p>&nbsp;<\/p>\n<p>&nbsp;<\/p>\n<h4 style=\"text-align: justify;\"><span style=\"color: #999999;\">O grande pensador! O pioneiro! O arquiteto! O pilar da fam\u00edlia, criador e entusiasta da empresa! Essa era a representa\u00e7\u00e3o do homem ideal nesse per\u00edodo. Homens de posses que vestiam um prop\u00f3sito, em um momento onde todos usavam ternos, mas apenas alguns tinham dinheiro para mant\u00ea-los no guarda-roupa. A vanguarda da moda masculina era representada pela Gr\u00e3-Bretanha e ditada pelas classes sociais mais altas, onde o pr\u00edncipe Edward de Gales era geralmente considerado a refer\u00eancia em estilo. Outros \u00edcones fashion da \u00e9poca eram\u00a0 Joseph Kennedy e Howard Hughes.<\/span><\/h4>\n<h4 style=\"text-align: justify;\"><\/h4>\n<p>&nbsp;<\/p>\n<p>&nbsp;<\/p>\n<p><a href=\"http:\/\/www.ivanabeaumond.com.br\/vestidos-noiva\/wp-content\/uploads\/2019\/03\/trajes-masculinos-alfaiataria-hist\u00f3ria-ivana-beaumond-blog-e1553195787173.jpg\"><img decoding=\"async\" loading=\"lazy\" class=\"aligncenter size-full wp-image-17583\" src=\"http:\/\/www.ivanabeaumond.com.br\/vestidos-noiva\/wp-content\/uploads\/2019\/03\/trajes-masculinos-alfaiataria-hist\u00f3ria-ivana-beaumond-blog-e1553195787173.jpg\" alt=\"trajes-masculinos-alfaiataria-hist\u00f3ria-ivana-beaumond-blog\" width=\"590\" height=\"885\" \/><\/a><\/p>\n<p><a href=\"http:\/\/www.ivanabeaumond.com.br\/vestidos-noiva\/wp-content\/uploads\/2019\/03\/hughes-howard-e1553196058126.jpg\"><img decoding=\"async\" loading=\"lazy\" class=\"aligncenter size-full wp-image-17584\" src=\"http:\/\/www.ivanabeaumond.com.br\/vestidos-noiva\/wp-content\/uploads\/2019\/03\/hughes-howard-e1553196058126.jpg\" alt=\"traje-masculino-terno-alfaiataria-post-ivana-beaumond-paris-atelier\" width=\"590\" height=\"811\" \/><\/a><\/p>\n<p><img decoding=\"async\" loading=\"lazy\" class=\"aligncenter size-full wp-image-17586\" src=\"http:\/\/www.ivanabeaumond.com.br\/vestidos-noiva\/wp-content\/uploads\/2019\/03\/traje-masculino-terno-alfaiataria-ivana-beaumond-atelier-e1553196169861.jpg\" alt=\"traje-masculino-terno-alfaiataria-ivana-beaumond-atelier\" width=\"590\" height=\"805\" \/><\/p>\n<p>&nbsp;<\/p>\n<p>&nbsp;<\/p>\n<p>&nbsp;<\/p>\n<p>&nbsp;<\/p>\n<p>&nbsp;<\/p>\n<h3 style=\"text-align: justify;\"><span style=\"color: #000000;\">2. A Era do Cinema (1930)<\/span><\/h3>\n<p>&nbsp;<\/p>\n<p>&nbsp;<\/p>\n<p>&nbsp;<\/p>\n<h4 style=\"text-align: justify;\"><span style=\"color: #999999;\">Assim que a era de ouro do cinema hollywoodiano atingiu seu \u00e1pice, no in\u00edcio dos anos 1930, uma silhueta mais robusta e exagerada prevalecia na moda masculina. J\u00e1 na metade da d\u00e9cada, o clima mudou: jaquetas de terno mais justas e mais parecidas com os casacos leves de l\u00e3 foram introduzidas e as cal\u00e7as se tornaram muito mais estreitas na dire\u00e7\u00e3o do tornozelo. \u00a0Perfeitas para o homem moderno da \u00e9poca, representados em \u00edcones como Clark Gable, Henry Fonda e James Stewart.\u00a0<\/span><\/h4>\n<h4 style=\"text-align: justify;\"><\/h4>\n<p>&nbsp;<\/p>\n<p>&nbsp;<\/p>\n<p><img decoding=\"async\" loading=\"lazy\" class=\"aligncenter size-full wp-image-17593\" src=\"http:\/\/www.ivanabeaumond.com.br\/vestidos-noiva\/wp-content\/uploads\/2019\/03\/trajes-masculinos-alfaiataria-padrinhos-noivos-ivana-beaumond-paris-atelier-e1553197646173.jpg\" alt=\"trajes-masculinos-alfaiataria-padrinhos-noivos-ivana-beaumond-paris-atelier\" width=\"590\" height=\"590\" \/><\/p>\n<p><img decoding=\"async\" loading=\"lazy\" class=\"aligncenter size-full wp-image-17590\" src=\"http:\/\/www.ivanabeaumond.com.br\/vestidos-noiva\/wp-content\/uploads\/2019\/03\/trajes-masculinos-alfaiataria-blog-ivana-beaumond-paris-atelier.jpg\" alt=\"trajes-masculinos-alfaiataria-blog-ivana-beaumond-paris-atelier\" width=\"589\" height=\"868\" srcset=\"https:\/\/www.ivanabeaumond.com.br\/vestidos-noiva\/wp-content\/uploads\/2019\/03\/trajes-masculinos-alfaiataria-blog-ivana-beaumond-paris-atelier.jpg 589w, https:\/\/www.ivanabeaumond.com.br\/vestidos-noiva\/wp-content\/uploads\/2019\/03\/trajes-masculinos-alfaiataria-blog-ivana-beaumond-paris-atelier-204x300.jpg 204w\" sizes=\"(max-width: 589px) 100vw, 589px\" \/><\/p>\n<p><img decoding=\"async\" loading=\"lazy\" class=\"aligncenter size-full wp-image-17597\" src=\"http:\/\/www.ivanabeaumond.com.br\/vestidos-noiva\/wp-content\/uploads\/2019\/03\/trajes-masculinos-alfaiataria-para-noivos-e-padrinhos-ivana-beaumond-paris-atelier-e1553200842843.jpg\" alt=\"trajes-masculinos-alfaiataria-para-noivos-e-padrinhos-ivana-beaumond-paris-atelier\" width=\"589\" height=\"791\" \/><\/p>\n<p>&nbsp;<\/p>\n<p>&nbsp;<\/p>\n<p>&nbsp;<\/p>\n<p>&nbsp;<\/p>\n<p>&nbsp;<\/p>\n<h3 style=\"text-align: justify;\"><span style=\"color: #000000;\">3. A Era da Alfaiataria Sob Medida (1940)\u00a0<\/span><\/h3>\n<h4 style=\"text-align: justify;\"><\/h4>\n<p>&nbsp;<\/p>\n<h4 style=\"text-align: justify;\"><span style=\"color: #999999;\">O racionamento de tecidos que se seguiu ao in\u00edcio da Segunda Guerra Mundial trouxe um retorno \u00e0 austeridade para o vestu\u00e1rio masculino, onde o foco era minimizar e modernizar o traje de dia. A flanela cinza tornou-se moda e as jaquetas foram cortadas o mais reto poss\u00edvel, priorizando cores escuras e cortes s\u00f3brios e menos ousados. A guerra tamb\u00e9m trouxe uma tend\u00eancia militar que foi se intensificando ao passar dos anos, trazendo uma silhueta mais marcada com cal\u00e7as mais apertadas e palet\u00f3s longos de abotoar. Os \u00edcones da moda nesse per\u00edodo foram Cary Grant, Humphrey Bogart e Spencer Tracy.<\/span><\/h4>\n<p>&nbsp;<\/p>\n<p>&nbsp;<\/p>\n<p>&nbsp;<\/p>\n<p>&nbsp;<\/p>\n<p><a href=\"http:\/\/www.ivanabeaumond.com.br\/vestidos-noiva\/wp-content\/uploads\/2019\/03\/trajes-masculinos-alfaiataria-ternos-para-noivos-e-padrinhos-atelier-ivana-beaumond-paris-e1553276087883.jpg\"><img decoding=\"async\" loading=\"lazy\" class=\"aligncenter size-full wp-image-17612\" src=\"http:\/\/www.ivanabeaumond.com.br\/vestidos-noiva\/wp-content\/uploads\/2019\/03\/trajes-masculinos-alfaiataria-ternos-para-noivos-e-padrinhos-atelier-ivana-beaumond-paris-e1553276087883.jpg\" alt=\"trajes-masculinos-alfaiataria-ternos-para-noivos-e-padrinhos-atelier-ivana-beaumond-paris\" width=\"477\" height=\"623\" \/><\/a><\/p>\n<p><img decoding=\"async\" loading=\"lazy\" class=\"aligncenter size-full wp-image-17614\" src=\"http:\/\/www.ivanabeaumond.com.br\/vestidos-noiva\/wp-content\/uploads\/2019\/03\/trajes-masculinos-estilista-atelier-ivana-beaumond-paris-noivas2.jpg\" alt=\"trajes-masculinos-estilista-atelier-ivana-beaumond-paris-noivas2\" width=\"473\" height=\"700\" srcset=\"https:\/\/www.ivanabeaumond.com.br\/vestidos-noiva\/wp-content\/uploads\/2019\/03\/trajes-masculinos-estilista-atelier-ivana-beaumond-paris-noivas2.jpg 473w, https:\/\/www.ivanabeaumond.com.br\/vestidos-noiva\/wp-content\/uploads\/2019\/03\/trajes-masculinos-estilista-atelier-ivana-beaumond-paris-noivas2-203x300.jpg 203w\" sizes=\"(max-width: 473px) 100vw, 473px\" \/><\/p>\n<p>&nbsp;<\/p>\n<p>&nbsp;<\/p>\n<p>&nbsp;<\/p>\n<p>&nbsp;<\/p>\n<p>&nbsp;<\/p>\n<h3><span style=\"color: #000000;\">4. Era do Carisma (1950)<\/span><\/h3>\n<p>&nbsp;<\/p>\n<p>&nbsp;<\/p>\n<h4 style=\"text-align: justify;\"><span style=\"color: #999999;\">Frank Sinatra, Sammy Davis Jr.\u00a0e Hugh Hefner foram algumas das personalidades da moda na d\u00e9cada de 1950 \u2013 per\u00edodo onde o terno voltou a ser usado como casual wear pela alta sociedade, enquanto se tornou acess\u00edvel para as classes mais baixas e foi adotado por elas como traje noturno. As maiores influ\u00eancias da moda nesse per\u00edodo foram os Teddy Boys \u2013 grupos de jovens f\u00e3s de rock que usavam roupas inspiradas na era eduardiana e foram muito populares na Inglaterra \u2013 e a Gera\u00e7\u00e3o Beat.<\/span><\/h4>\n<p>&nbsp;<\/p>\n<p>&nbsp;<\/p>\n<p>&nbsp;<\/p>\n<p>&nbsp;<\/p>\n<p><img decoding=\"async\" loading=\"lazy\" class=\"aligncenter size-full wp-image-17615\" src=\"http:\/\/www.ivanabeaumond.com.br\/vestidos-noiva\/wp-content\/uploads\/2019\/03\/trajes-masculinos-alfaiataria-hist\u00f3ria-ivana-beaumond-atelier-e1553277313389.jpg\" alt=\"trajes-masculinos-alfaiataria-hist\u00f3ria-ivana-beaumond-atelier\" width=\"474\" height=\"711\" \/><\/p>\n<p><a href=\"http:\/\/www.ivanabeaumond.com.br\/vestidos-noiva\/wp-content\/uploads\/2019\/03\/ivana-beaumond-paris-traje-masculino-terno-tuxedo-moda-masculina-noivo.jpg\"><img decoding=\"async\" loading=\"lazy\" class=\"aligncenter size-full wp-image-17617\" src=\"http:\/\/www.ivanabeaumond.com.br\/vestidos-noiva\/wp-content\/uploads\/2019\/03\/ivana-beaumond-paris-traje-masculino-terno-tuxedo-moda-masculina-noivo.jpg\" alt=\"ivana-beaumond-paris-traje-masculino-terno-tuxedo-moda-masculina-noivo\" width=\"474\" height=\"650\" srcset=\"https:\/\/www.ivanabeaumond.com.br\/vestidos-noiva\/wp-content\/uploads\/2019\/03\/ivana-beaumond-paris-traje-masculino-terno-tuxedo-moda-masculina-noivo.jpg 474w, https:\/\/www.ivanabeaumond.com.br\/vestidos-noiva\/wp-content\/uploads\/2019\/03\/ivana-beaumond-paris-traje-masculino-terno-tuxedo-moda-masculina-noivo-219x300.jpg 219w\" sizes=\"(max-width: 474px) 100vw, 474px\" \/><\/a><\/p>\n<p>&nbsp;<\/p>\n<p>&nbsp;<\/p>\n<p>&nbsp;<\/p>\n<p>&nbsp;<\/p>\n<h3>\u00a05. A Era da Cultura Pop (1960)<\/h3>\n<p>&nbsp;<\/p>\n<p>&nbsp;<\/p>\n<p>&nbsp;<\/p>\n<h4 style=\"text-align: justify;\"><span style=\"color: #999999;\">A chamada \u201cMod\u201d (abrevia\u00e7\u00e3o de Modernismo) foi uma subcultura que surgiu na inglaterra no in\u00edcio dos anos 60, composta de adolescentes de classe m\u00e9dia aficcionados nas tend\u00eancias da moda e da m\u00fasica cujas fam\u00edlias faziam parte do com\u00e9rcio t\u00eaxtil de Londres. Esse movimento, junto com a chamada Invas\u00e3o Brit\u00e2nica do pop (com os Beatles) teve um grande impacto na alfaiataria da \u00e9poca, que passou a adotar ternos finos, cal\u00e7as de cano curto cortadas nos tornozelos e jaquetas sem gola.\u00a0A d\u00e9cada de 1960 tamb\u00e9m viu\u00a0 renascimento da alfaiataria de Saville Row (famosa e tradicional rua de Londres onde trabalhavam os melhores alfaiates) e do estilo Hi-lo, misturando pe\u00e7as mais casuais como camisas polo e cardigans com \u00a0ternos.\u00a0Celebridades como Peter Sellers, Paul McCartney e Michael Cane eram a refer\u00eancia em estilo da \u00e9poca.<\/span><\/h4>\n<p>&nbsp;<\/p>\n<p>&nbsp;<\/p>\n<p>&nbsp;<\/p>\n<p>&nbsp;<\/p>\n<p><img decoding=\"async\" loading=\"lazy\" class=\"aligncenter size-full wp-image-17619\" src=\"http:\/\/www.ivanabeaumond.com.br\/vestidos-noiva\/wp-content\/uploads\/2019\/03\/terno-masculino-alfaiataria-vestido-de-noiva-ivana-beaumond-atelier2-e1553279176350.jpg\" alt=\"terno-masculino-alfaiataria-vestido-de-noiva-ivana-beaumond-atelier2\" width=\"590\" height=\"867\" \/><\/p>\n<p><img decoding=\"async\" loading=\"lazy\" class=\"aligncenter size-full wp-image-17620\" src=\"http:\/\/www.ivanabeaumond.com.br\/vestidos-noiva\/wp-content\/uploads\/2019\/03\/trajes-masculinos-estilista-atelier-ivana-beaumond-paris-noivos-padrinhos-e1553279441466.jpg\" alt=\"trajes-masculinos-estilista-atelier-ivana-beaumond-paris-noivos-padrinhos\" width=\"590\" height=\"878\" \/><\/p>\n<p>&nbsp;<\/p>\n<p>&nbsp;<\/p>\n<p>&nbsp;<\/p>\n<p>&nbsp;<\/p>\n<p>&nbsp;<\/p>\n<h3 style=\"text-align: justify;\">6. A Era do Hedonismo (1970)<\/h3>\n<p>&nbsp;<\/p>\n<p>&nbsp;<\/p>\n<h4 style=\"text-align: justify;\"><span style=\"color: #999999;\">O nascimento da discoteca concedeu aos ternos um novo papel a desempenhar e os transformou em uma arma para a sedu\u00e7\u00e3o. Enquanto nos anos 60 houve uma predomin\u00e2ncia do casual chique, a gera\u00e7\u00e3o da d\u00e9cada de 1970 era composta de figur\u00f5es e aspirantes a socialites que vestiam roupas de grife e tinham um estilo mais extravagante e libertino. Golas grandes, cores chamativas, cal\u00e7as largas e saltos maiores nos sapatos faziam parte da moda ostenta\u00e7\u00e3o que se consagrou em \u00edcones como David Bowie, Jack Nicholson e Mick Jagger.<\/span><\/h4>\n<p>&nbsp;<\/p>\n<p>&nbsp;<\/p>\n<p>&nbsp;<\/p>\n<p>&nbsp;<\/p>\n<p><img decoding=\"async\" loading=\"lazy\" class=\"aligncenter size-full wp-image-17621\" src=\"http:\/\/www.ivanabeaumond.com.br\/vestidos-noiva\/wp-content\/uploads\/2019\/03\/trajes-masculinos-estilista-atelier-ivana-beaumond-paris-noivos-e1553282022743.jpg\" alt=\"trajes-masculinos-estilista-atelier-ivana-beaumond-paris-noivos\" width=\"570\" height=\"855\" \/><\/p>\n<p><img decoding=\"async\" loading=\"lazy\" class=\"aligncenter size-full wp-image-17624\" src=\"http:\/\/www.ivanabeaumond.com.br\/vestidos-noiva\/wp-content\/uploads\/2019\/03\/trajes-masculinos-para-noivos-e-padrinhos-atelier-ivana-beaumond-ternos-e1553283419573.jpg\" alt=\"trajes-masculinos-para-noivos-e-padrinhos-atelier-ivana-beaumond-ternos\" width=\"570\" height=\"825\" \/><\/p>\n<p>&nbsp;<\/p>\n<p>&nbsp;<\/p>\n<p>&nbsp;<\/p>\n<p>&nbsp;<\/p>\n<p>&nbsp;<\/p>\n<h3 style=\"text-align: justify;\"><span style=\"color: #000000;\">7. A Era da Desconstru\u00e7\u00e3o (1980)<\/span><\/h3>\n<p>&nbsp;<\/p>\n<h4 style=\"text-align: justify;\"><span style=\"color: #999999;\">O estilista Giorgio Armani foi o grande respons\u00e1vel pela revolu\u00e7\u00e3o da moda para homens dessa d\u00e9cada, criando uma nova silhueta para a alfaiataria masculina tradicional. O forro e o revestimento das jaquetas foram removidos, e foram usados tecidos leves como linho para cal\u00e7as mais confort\u00e1veis. Atores como Richard Gere\u00a0e\u00a0Michael Douglas eternizaram esse estilo em filmes como Gigol\u00f4 Americano e Wall Street.<\/span><\/h4>\n<p>&nbsp;<\/p>\n<p>&nbsp;<\/p>\n<p>&nbsp;<\/p>\n<p>&nbsp;<\/p>\n<h4 style=\"text-align: justify;\"><span style=\"color: #999999;\"><img decoding=\"async\" loading=\"lazy\" class=\"aligncenter size-full wp-image-17626\" src=\"http:\/\/www.ivanabeaumond.com.br\/vestidos-noiva\/wp-content\/uploads\/2019\/03\/trajes-masculinos-estilista-atelier-ivana-beaumond-paris-casamentos.jpg\" alt=\"trajes-masculinos-estilista-atelier-ivana-beaumond-paris-casamentos\" width=\"560\" height=\"853\" srcset=\"https:\/\/www.ivanabeaumond.com.br\/vestidos-noiva\/wp-content\/uploads\/2019\/03\/trajes-masculinos-estilista-atelier-ivana-beaumond-paris-casamentos.jpg 560w, https:\/\/www.ivanabeaumond.com.br\/vestidos-noiva\/wp-content\/uploads\/2019\/03\/trajes-masculinos-estilista-atelier-ivana-beaumond-paris-casamentos-197x300.jpg 197w\" sizes=\"(max-width: 560px) 100vw, 560px\" \/><\/span><\/h4>\n<p><img decoding=\"async\" loading=\"lazy\" class=\"aligncenter size-full wp-image-17627\" src=\"http:\/\/www.ivanabeaumond.com.br\/vestidos-noiva\/wp-content\/uploads\/2019\/03\/ternos-masculinos-trajes-a-rigor-ivana-beaumond-atelier-e1553285048922.jpg\" alt=\"ternos-masculinos-trajes-a-rigor-ivana-beaumond-atelier\" width=\"560\" height=\"800\" \/><\/p>\n<p><img decoding=\"async\" loading=\"lazy\" class=\"aligncenter size-full wp-image-17625\" src=\"http:\/\/www.ivanabeaumond.com.br\/vestidos-noiva\/wp-content\/uploads\/2019\/03\/traje-masculino-terno-alfaiataria-ivana-beaumond-atelier-noivas-noivo-terno-e1553285131155.jpg\" alt=\"traje-masculino-terno-alfaiataria-ivana-beaumond-atelier-noivas-noivo-terno\" width=\"560\" height=\"858\" \/><\/p>\n<p>&nbsp;<\/p>\n<h4 style=\"text-align: justify;\"><span style=\"color: #999999;\">\u00a0<\/span><\/h4>\n<h4 style=\"text-align: justify;\"><\/h4>\n<p>&nbsp;<\/p>\n<p>&nbsp;<\/p>\n<p>&nbsp;<\/p>\n<h3 style=\"text-align: justify;\">8. A Era do Minimalismo (1990)<\/h3>\n<p>&nbsp;<\/p>\n<p>&nbsp;<\/p>\n<h4 style=\"text-align: justify;\"><span style=\"color: #999999;\">A obsess\u00e3o dos anos 90 com o minimalismo e uma abordagem mais intelectual da moda deram origem a um estilo onde a cor predominante era o preto fosco. Gra\u00e7as a filmes como C\u00e3es de Aluguel e Pulp Fiction, ternos esguios, cal\u00e7as justas, camisas brancas e gravatas pretas esbeltas fizeram seu t\u00e3o esperado retorno. John Travolta e Samuel L. Jackson representam bem esse estere\u00f3tipo em seus personagens, assim como o ator Christian Bale em Psicopata Americano.<\/span><\/h4>\n<p>&nbsp;<\/p>\n<p>&nbsp;<\/p>\n<p>&nbsp;<\/p>\n<p>&nbsp;<\/p>\n<p><img decoding=\"async\" loading=\"lazy\" class=\"aligncenter size-full wp-image-17630\" src=\"http:\/\/www.ivanabeaumond.com.br\/vestidos-noiva\/wp-content\/uploads\/2019\/03\/trajes-masculinos-estilista-atelier-ivana-beaumond-paris-noivos2-e1553285537263.jpg\" alt=\"trajes-masculinos-estilista-atelier-ivana-beaumond-paris-noivos2\" width=\"590\" height=\"590\" \/><\/p>\n<p>&nbsp;<\/p>\n<p>&nbsp;<\/p>\n<p>&nbsp;<\/p>\n<p>&nbsp;<\/p>\n<h3 style=\"text-align: justify;\">9. A Era Metrossexual (2000)<\/h3>\n<p>&nbsp;<\/p>\n<h4 style=\"text-align: justify;\"><\/h4>\n<p>&nbsp;<\/p>\n<h4 style=\"text-align: justify;\"><span style=\"color: #999999;\">Como uma rea\u00e7\u00e3o ao minimalismo monocrom\u00e1tico dos anos 90, a chegada do Novo Mil\u00eanio aflorou um hedonismo e uma necessidade de ostenta\u00e7\u00e3o que estavam reprimidas desde a d\u00e9cada anterior. As celebridades n\u00e3o tinham medo de expor seu lado mais extravagante e feminino, preferindo tecidos como veludos estampados, bordados e outras tend\u00eancias que antes seriam consideradas exageros. Algumas das estrelas que ditavam a moda nesse per\u00edodo eram David Beckham, P. Diddy e Justin Timberlake.<\/span><\/h4>\n<p>&nbsp;<\/p>\n<p>&nbsp;<\/p>\n<p>&nbsp;<\/p>\n<p><img decoding=\"async\" loading=\"lazy\" class=\"aligncenter size-full wp-image-17635\" src=\"http:\/\/www.ivanabeaumond.com.br\/vestidos-noiva\/wp-content\/uploads\/2019\/03\/trajes-masculinos-estilista-atelier-ivana-beaumond-moda-e1553287148421.jpg\" alt=\"A Family Celebration 2001\" width=\"570\" height=\"604\" \/><\/p>\n<p><img decoding=\"async\" loading=\"lazy\" class=\"aligncenter size-full wp-image-17633\" src=\"http:\/\/www.ivanabeaumond.com.br\/vestidos-noiva\/wp-content\/uploads\/2019\/03\/traje-masculino-atelier-ivana-beaumond-noivas-e1553286562714.jpg\" alt=\"traje-masculino-atelier-ivana-beaumond-noivas\" width=\"570\" height=\"855\" \/><\/p>\n<p><img decoding=\"async\" loading=\"lazy\" class=\"aligncenter size-full wp-image-17636\" src=\"http:\/\/www.ivanabeaumond.com.br\/vestidos-noiva\/wp-content\/uploads\/2019\/03\/atelier-ivana-beaumond-vestido-de-noiva-traje-masculino-e1553287602761.jpg\" alt=\"atelier-ivana-beaumond-vestido-de-noiva-traje-masculino\" width=\"570\" height=\"770\" \/><\/p>\n<p>&nbsp;<\/p>\n<p>&nbsp;<\/p>\n<p>&nbsp;<\/p>\n<h3><span style=\"color: #000000;\">\u00a010. A Era do Retrossexual (2010)<\/span><\/h3>\n<p>&nbsp;<\/p>\n<p>&nbsp;<\/p>\n<h4 style=\"text-align: justify;\"><span style=\"color: #999999;\">Novamente, a moda reagiu \u00e0 \u201cmasculinidade suave\u201d do in\u00edcio de 2000, e a alta costura masculina assumiu um estilo mais s\u00f3brio e sofisticado, fortemente influenciado pela s\u00e9rie Mad Men e pela alfaiataria sob medida de 1950. Jake Gyllenhaal, Tom Ford e Jon Hamm foram \u00edcones de estilo nesse per\u00edodo.<\/span><\/h4>\n<p>&nbsp;<\/p>\n<p>&nbsp;<\/p>\n<p>&nbsp;<\/p>\n<p><img decoding=\"async\" loading=\"lazy\" class=\"aligncenter size-full wp-image-17634\" src=\"http:\/\/www.ivanabeaumond.com.br\/vestidos-noiva\/wp-content\/uploads\/2019\/03\/ivana-beaumond-paris-atelier-trajes-masculinos-e1553288538602.jpg\" alt=\"ivana-beaumond-paris-atelier-trajes-masculinos\" width=\"570\" height=\"748\" \/><\/p>\n<p><img decoding=\"async\" loading=\"lazy\" class=\"aligncenter size-full wp-image-17638\" src=\"http:\/\/www.ivanabeaumond.com.br\/vestidos-noiva\/wp-content\/uploads\/2019\/03\/trajes-de-festa-masculinos-atelier-ivana-beaumond-paris-e1553288792880.jpg\" alt=\"trajes-de-festa-masculinos-atelier-ivana-beaumond-paris\" width=\"570\" height=\"857\" \/><\/p>\n<p>&nbsp;<\/p>\n<p>&nbsp;<\/p>\n<p>&nbsp;<\/p>\n<p>&nbsp;<\/p>\n<p>&nbsp;<\/p>\n<h3><span style=\"color: #000000;\">11. A Era da Divers\u00e3o (De 2016 at\u00e9 hoje)<\/span><\/h3>\n<p>&nbsp;<\/p>\n<h4 style=\"text-align: justify;\"><span style=\"color: #999999;\">As cores est\u00e3o de volta. A divers\u00e3o est\u00e1 de volta. A experimenta\u00e7\u00e3o est\u00e1 de volta. Agora que o interesse masculino pela moda n\u00e3o \u00e9 mais uma novidade, muitos homens aproveitaram a oportunidade para desfilarem em ternos polidos e darem um pouco mais de vida aos modelos. Sem a presen\u00e7a de uma tend\u00eancia dominante, o homem moderno se sente a vontade para experimentar a sua pr\u00f3pria mistura de estilos e inspira\u00e7\u00f5es, como fazem celebridades como ASAP Rocky, Donald Glover e Nick Jonas nos tapetes vermelhos dos eventos de gala.<\/span><\/h4>\n<p>&nbsp;<\/p>\n<p>&nbsp;<\/p>\n<p>&nbsp;<\/p>\n<p>&nbsp;<\/p>\n<p><a href=\"http:\/\/www.ivanabeaumond.com.br\/vestidos-noiva\/wp-content\/uploads\/2019\/03\/traje-de-alfaiataria-ivana-beaumond-paris-atelier-e1553288894493.jpg\"><img decoding=\"async\" loading=\"lazy\" class=\"aligncenter size-full wp-image-17639\" src=\"http:\/\/www.ivanabeaumond.com.br\/vestidos-noiva\/wp-content\/uploads\/2019\/03\/traje-de-alfaiataria-ivana-beaumond-paris-atelier-e1553288894493.jpg\" alt=\"traje-de-alfaiataria-ivana-beaumond-paris-atelier\" width=\"570\" height=\"855\" \/><\/a><\/p>\n<p><img decoding=\"async\" loading=\"lazy\" class=\"aligncenter size-full wp-image-17640\" src=\"http:\/\/www.ivanabeaumond.com.br\/vestidos-noiva\/wp-content\/uploads\/2019\/03\/moda-masculina-traje-alfaiataria-terno-ivana-beaumond-atelier-e1553289236613.jpg\" alt=\"moda-masculina-traje-alfaiataria-terno-ivana-beaumond-atelier\" width=\"570\" height=\"921\" \/><\/p>\n<p><img decoding=\"async\" loading=\"lazy\" class=\"aligncenter size-full wp-image-17641\" src=\"http:\/\/www.ivanabeaumond.com.br\/vestidos-noiva\/wp-content\/uploads\/2019\/03\/ternos-ivana-beaumond-paris-traje-masculino-alfaiataria-e1553289488178.jpg\" alt=\"ternos-ivana-beaumond-paris-traje-masculino-alfaiataria\" width=\"570\" height=\"921\" \/><\/p>\n<p>&nbsp;<\/p>\n<p>&nbsp;<\/p>\n<p>&nbsp;<\/p>\n<p>&nbsp;<\/p>\n<h4 style=\"text-align: justify;\"><span style=\"color: #999999;\">N\u00e3o deixe de conferir tamb\u00e9m a nossa cole\u00e7\u00e3o de ternos masculinos <a href=\"http:\/\/www.ivanabeaumond.com.br\/vestidos-noiva\/noivos-roupa-terno\/\" target=\"_blank\">neste link<\/a>!\u00a0<\/span><\/h4>\n<p>&nbsp;<\/p>\n<p>&nbsp;<\/p>\n<h4 style=\"text-align: justify;\"><span style=\"color: #000000;\">Traduzido de <span style=\"color: #333399;\"><a style=\"color: #333399;\" href=\"https:\/\/www.shortlist.com\/style\/a-brief-history-of-suits\/31481\" target=\"_blank\">A Brief Story of Suits<\/a><\/span>, por Shortlist.com<\/span><\/h4>\n<h4 style=\"text-align: justify;\"><span style=\"color: #000000;\">Imagens: Shortlist, Pinterest.<\/span><\/h4>\n<p>&nbsp;<\/p>\n<p>&nbsp;<\/p>\n<p>&nbsp;<\/p>\n<h4 style=\"text-align: justify;\"><span style=\"color: #999999;\">Gostou? Siga nosso instagram<\/span>\u00a0<a href=\"https:\/\/www.instagram.com\/ivanabeaumond\/\">@ivanabeaumond<\/a>\u00a0<span style=\"color: #999999;\">e curta nossa fanpage<\/span>\u00a0<a href=\"https:\/\/www.facebook.com\/IvanaBeaumond\/\">Ivana Beaumond<\/a>\u00a0<span style=\"color: #999999;\">para ficar por dentro de tudo o que rola no mundo das noivas, e conhe\u00e7a nossos Melhores Modelos de Vestidos de Noivas Nacionais, Importados e Sob Medida.<\/span><\/h4>\n","protected":false},"excerpt":{"rendered":"<p>Muito se afirma sobre a moda ser c\u00edclica, mas quando&#8230;<\/p>\n","protected":false},"author":4,"featured_media":17643,"comment_status":"closed","ping_status":"closed","sticky":false,"template":"","format":"standard","meta":[],"categories":[60,127],"tags":[712,713,131,650,204,133,96,197,709,214,100,711,278,107,136,157,165,174,710,643,489,210],"yoast_head":"<!-- This site is optimized with the Yoast SEO plugin v20.3 - https:\/\/yoast.com\/wordpress\/plugins\/seo\/ -->\n<title>Trajes masculinos: as maiores tend\u00eancias da alfaiataria na hist\u00f3ria - Vestido de Noiva RJ<\/title>\n<meta name=\"robots\" content=\"index, follow, max-snippet:-1, max-image-preview:large, max-video-preview:-1\" \/>\n<link rel=\"canonical\" href=\"https:\/\/www.ivanabeaumond.com.br\/vestidos-noiva\/trajes-masculinos-as-maiores-tendencias-da-alfaiataria-na-historia\/\" \/>\n<meta property=\"og:locale\" content=\"pt_BR\" \/>\n<meta property=\"og:type\" content=\"article\" \/>\n<meta property=\"og:title\" content=\"Trajes masculinos: as maiores tend\u00eancias da alfaiataria na hist\u00f3ria - Vestido de Noiva RJ\" \/>\n<meta property=\"og:description\" content=\"Muito se afirma sobre a moda ser c\u00edclica, mas quando...\" \/>\n<meta property=\"og:url\" content=\"https:\/\/www.ivanabeaumond.com.br\/vestidos-noiva\/trajes-masculinos-as-maiores-tendencias-da-alfaiataria-na-historia\/\" \/>\n<meta property=\"og:site_name\" content=\"Vestido de Noiva RJ\" \/>\n<meta property=\"article:publisher\" content=\"https:\/\/www.facebook.com\/ivana.beaumondnoivas\" \/>\n<meta property=\"article:published_time\" content=\"2019-03-22T21:41:37+00:00\" \/>\n<meta property=\"article:modified_time\" content=\"2019-03-25T15:41:05+00:00\" \/>\n<meta property=\"og:image\" content=\"https:\/\/www.ivanabeaumond.com.br\/vestidos-noiva\/wp-content\/uploads\/2019\/03\/terno-masculino-alfaiataria-vestido-de-noiva-ivana-beaumond-atelier1.jpg\" \/>\n\t<meta property=\"og:image:width\" content=\"554\" \/>\n\t<meta property=\"og:image:height\" content=\"400\" \/>\n\t<meta property=\"og:image:type\" content=\"image\/jpeg\" \/>\n<meta name=\"author\" content=\"Ivana Beaumond Paris\" \/>\n<meta name=\"twitter:card\" content=\"summary_large_image\" \/>\n<meta name=\"twitter:label1\" content=\"Escrito por\" \/>\n\t<meta name=\"twitter:data1\" content=\"Ivana Beaumond Paris\" \/>\n\t<meta name=\"twitter:label2\" content=\"Est. tempo de leitura\" \/>\n\t<meta name=\"twitter:data2\" content=\"7 minutos\" \/>\n<script type=\"application\/ld+json\" class=\"yoast-schema-graph\">{\"@context\":\"https:\/\/schema.org\",\"@graph\":[{\"@type\":\"Article\",\"@id\":\"https:\/\/www.ivanabeaumond.com.br\/vestidos-noiva\/trajes-masculinos-as-maiores-tendencias-da-alfaiataria-na-historia\/#article\",\"isPartOf\":{\"@id\":\"https:\/\/www.ivanabeaumond.com.br\/vestidos-noiva\/trajes-masculinos-as-maiores-tendencias-da-alfaiataria-na-historia\/\"},\"author\":{\"name\":\"Ivana Beaumond Paris\",\"@id\":\"https:\/\/www.ivanabeaumond.com.br\/vestidos-noiva\/#\/schema\/person\/1a360c4cffa3b806d29a456389dcff26\"},\"headline\":\"Trajes masculinos: as maiores tend\u00eancias da alfaiataria na hist\u00f3ria\",\"datePublished\":\"2019-03-22T21:41:37+00:00\",\"dateModified\":\"2019-03-25T15:41:05+00:00\",\"mainEntityOfPage\":{\"@id\":\"https:\/\/www.ivanabeaumond.com.br\/vestidos-noiva\/trajes-masculinos-as-maiores-tendencias-da-alfaiataria-na-historia\/\"},\"wordCount\":1321,\"publisher\":{\"@id\":\"https:\/\/www.ivanabeaumond.com.br\/vestidos-noiva\/#organization\"},\"keywords\":[\"alfaiataria\",\"alfaiate\",\"aluguel de roupas\",\"atelier ivana beaumond\",\"atelieraltacostura\",\"atelierivanabeaumond\",\"casamento\",\"diainesquecivel\",\"dicas casamentosrj\",\"euamocasamento\",\"festa\",\"hist\u00f3ria do terno\",\"ivana beaumond paris\",\"ivanabeaumond\",\"moda festa\",\"noiva e noivo\",\"padrinhos\",\"princesas\",\"ternos\",\"traje de festa\",\"traje de gala\",\"weddingdress\"],\"articleSection\":[\"Blog\",\"Dicas e Truques\"],\"inLanguage\":\"pt-BR\"},{\"@type\":\"WebPage\",\"@id\":\"https:\/\/www.ivanabeaumond.com.br\/vestidos-noiva\/trajes-masculinos-as-maiores-tendencias-da-alfaiataria-na-historia\/\",\"url\":\"https:\/\/www.ivanabeaumond.com.br\/vestidos-noiva\/trajes-masculinos-as-maiores-tendencias-da-alfaiataria-na-historia\/\",\"name\":\"Trajes masculinos: as maiores tend\u00eancias da alfaiataria na hist\u00f3ria - Vestido de Noiva RJ\",\"isPartOf\":{\"@id\":\"https:\/\/www.ivanabeaumond.com.br\/vestidos-noiva\/#website\"},\"datePublished\":\"2019-03-22T21:41:37+00:00\",\"dateModified\":\"2019-03-25T15:41:05+00:00\",\"breadcrumb\":{\"@id\":\"https:\/\/www.ivanabeaumond.com.br\/vestidos-noiva\/trajes-masculinos-as-maiores-tendencias-da-alfaiataria-na-historia\/#breadcrumb\"},\"inLanguage\":\"pt-BR\",\"potentialAction\":[{\"@type\":\"ReadAction\",\"target\":[\"https:\/\/www.ivanabeaumond.com.br\/vestidos-noiva\/trajes-masculinos-as-maiores-tendencias-da-alfaiataria-na-historia\/\"]}]},{\"@type\":\"BreadcrumbList\",\"@id\":\"https:\/\/www.ivanabeaumond.com.br\/vestidos-noiva\/trajes-masculinos-as-maiores-tendencias-da-alfaiataria-na-historia\/#breadcrumb\",\"itemListElement\":[{\"@type\":\"ListItem\",\"position\":1,\"name\":\"In\u00edcio\",\"item\":\"https:\/\/www.ivanabeaumond.com.br\/vestidos-noiva\/\"},{\"@type\":\"ListItem\",\"position\":2,\"name\":\"Trajes masculinos: as maiores tend\u00eancias da alfaiataria na hist\u00f3ria\"}]},{\"@type\":\"WebSite\",\"@id\":\"https:\/\/www.ivanabeaumond.com.br\/vestidos-noiva\/#website\",\"url\":\"https:\/\/www.ivanabeaumond.com.br\/vestidos-noiva\/\",\"name\":\"Vestido de Noiva RJ\",\"description\":\"Moda Noiva\",\"publisher\":{\"@id\":\"https:\/\/www.ivanabeaumond.com.br\/vestidos-noiva\/#organization\"},\"potentialAction\":[{\"@type\":\"SearchAction\",\"target\":{\"@type\":\"EntryPoint\",\"urlTemplate\":\"https:\/\/www.ivanabeaumond.com.br\/vestidos-noiva\/?s={search_term_string}\"},\"query-input\":\"required name=search_term_string\"}],\"inLanguage\":\"pt-BR\"},{\"@type\":\"Organization\",\"@id\":\"https:\/\/www.ivanabeaumond.com.br\/vestidos-noiva\/#organization\",\"name\":\"Vestido de Noiva RJ\",\"url\":\"https:\/\/www.ivanabeaumond.com.br\/vestidos-noiva\/\",\"logo\":{\"@type\":\"ImageObject\",\"inLanguage\":\"pt-BR\",\"@id\":\"https:\/\/www.ivanabeaumond.com.br\/vestidos-noiva\/#\/schema\/logo\/image\/\",\"url\":\"https:\/\/www.ivanabeaumond.com.br\/vestidos-noiva\/wp-content\/uploads\/2018\/02\/logo_ivana_beaumond-2.png\",\"contentUrl\":\"https:\/\/www.ivanabeaumond.com.br\/vestidos-noiva\/wp-content\/uploads\/2018\/02\/logo_ivana_beaumond-2.png\",\"width\":230,\"height\":112,\"caption\":\"Vestido de Noiva RJ\"},\"image\":{\"@id\":\"https:\/\/www.ivanabeaumond.com.br\/vestidos-noiva\/#\/schema\/logo\/image\/\"},\"sameAs\":[\"https:\/\/www.facebook.com\/ivana.beaumondnoivas\",\"https:\/\/www.instagram.com\/ivanabeaumond\/\",\"https:\/\/www.tiktok.com\/@ivanabeaumond\"]},{\"@type\":\"Person\",\"@id\":\"https:\/\/www.ivanabeaumond.com.br\/vestidos-noiva\/#\/schema\/person\/1a360c4cffa3b806d29a456389dcff26\",\"name\":\"Ivana Beaumond Paris\",\"image\":{\"@type\":\"ImageObject\",\"inLanguage\":\"pt-BR\",\"@id\":\"https:\/\/www.ivanabeaumond.com.br\/vestidos-noiva\/#\/schema\/person\/image\/\",\"url\":\"https:\/\/secure.gravatar.com\/avatar\/641f98db20b53ec937ceb641db4270b9?s=96&d=mm&r=g\",\"contentUrl\":\"https:\/\/secure.gravatar.com\/avatar\/641f98db20b53ec937ceb641db4270b9?s=96&d=mm&r=g\",\"caption\":\"Ivana Beaumond Paris\"},\"url\":\"https:\/\/www.ivanabeaumond.com.br\/vestidos-noiva\/author\/ivana\/\"}]}<\/script>\n<!-- \/ Yoast SEO plugin. -->","yoast_head_json":{"title":"Trajes masculinos: as maiores tend\u00eancias da alfaiataria na hist\u00f3ria - Vestido de Noiva RJ","robots":{"index":"index","follow":"follow","max-snippet":"max-snippet:-1","max-image-preview":"max-image-preview:large","max-video-preview":"max-video-preview:-1"},"canonical":"https:\/\/www.ivanabeaumond.com.br\/vestidos-noiva\/trajes-masculinos-as-maiores-tendencias-da-alfaiataria-na-historia\/","og_locale":"pt_BR","og_type":"article","og_title":"Trajes masculinos: as maiores tend\u00eancias da alfaiataria na hist\u00f3ria - Vestido de Noiva RJ","og_description":"Muito se afirma sobre a moda ser c\u00edclica, mas quando...","og_url":"https:\/\/www.ivanabeaumond.com.br\/vestidos-noiva\/trajes-masculinos-as-maiores-tendencias-da-alfaiataria-na-historia\/","og_site_name":"Vestido de Noiva RJ","article_publisher":"https:\/\/www.facebook.com\/ivana.beaumondnoivas","article_published_time":"2019-03-22T21:41:37+00:00","article_modified_time":"2019-03-25T15:41:05+00:00","og_image":[{"width":554,"height":400,"url":"https:\/\/www.ivanabeaumond.com.br\/vestidos-noiva\/wp-content\/uploads\/2019\/03\/terno-masculino-alfaiataria-vestido-de-noiva-ivana-beaumond-atelier1.jpg","type":"image\/jpeg"}],"author":"Ivana Beaumond Paris","twitter_card":"summary_large_image","twitter_misc":{"Escrito por":"Ivana Beaumond Paris","Est. tempo de leitura":"7 minutos"},"schema":{"@context":"https:\/\/schema.org","@graph":[{"@type":"Article","@id":"https:\/\/www.ivanabeaumond.com.br\/vestidos-noiva\/trajes-masculinos-as-maiores-tendencias-da-alfaiataria-na-historia\/#article","isPartOf":{"@id":"https:\/\/www.ivanabeaumond.com.br\/vestidos-noiva\/trajes-masculinos-as-maiores-tendencias-da-alfaiataria-na-historia\/"},"author":{"name":"Ivana Beaumond Paris","@id":"https:\/\/www.ivanabeaumond.com.br\/vestidos-noiva\/#\/schema\/person\/1a360c4cffa3b806d29a456389dcff26"},"headline":"Trajes masculinos: as maiores tend\u00eancias da alfaiataria na hist\u00f3ria","datePublished":"2019-03-22T21:41:37+00:00","dateModified":"2019-03-25T15:41:05+00:00","mainEntityOfPage":{"@id":"https:\/\/www.ivanabeaumond.com.br\/vestidos-noiva\/trajes-masculinos-as-maiores-tendencias-da-alfaiataria-na-historia\/"},"wordCount":1321,"publisher":{"@id":"https:\/\/www.ivanabeaumond.com.br\/vestidos-noiva\/#organization"},"keywords":["alfaiataria","alfaiate","aluguel de roupas","atelier ivana beaumond","atelieraltacostura","atelierivanabeaumond","casamento","diainesquecivel","dicas casamentosrj","euamocasamento","festa","hist\u00f3ria do terno","ivana beaumond paris","ivanabeaumond","moda festa","noiva e noivo","padrinhos","princesas","ternos","traje de festa","traje de gala","weddingdress"],"articleSection":["Blog","Dicas e Truques"],"inLanguage":"pt-BR"},{"@type":"WebPage","@id":"https:\/\/www.ivanabeaumond.com.br\/vestidos-noiva\/trajes-masculinos-as-maiores-tendencias-da-alfaiataria-na-historia\/","url":"https:\/\/www.ivanabeaumond.com.br\/vestidos-noiva\/trajes-masculinos-as-maiores-tendencias-da-alfaiataria-na-historia\/","name":"Trajes masculinos: as maiores tend\u00eancias da alfaiataria na hist\u00f3ria - Vestido de Noiva RJ","isPartOf":{"@id":"https:\/\/www.ivanabeaumond.com.br\/vestidos-noiva\/#website"},"datePublished":"2019-03-22T21:41:37+00:00","dateModified":"2019-03-25T15:41:05+00:00","breadcrumb":{"@id":"https:\/\/www.ivanabeaumond.com.br\/vestidos-noiva\/trajes-masculinos-as-maiores-tendencias-da-alfaiataria-na-historia\/#breadcrumb"},"inLanguage":"pt-BR","potentialAction":[{"@type":"ReadAction","target":["https:\/\/www.ivanabeaumond.com.br\/vestidos-noiva\/trajes-masculinos-as-maiores-tendencias-da-alfaiataria-na-historia\/"]}]},{"@type":"BreadcrumbList","@id":"https:\/\/www.ivanabeaumond.com.br\/vestidos-noiva\/trajes-masculinos-as-maiores-tendencias-da-alfaiataria-na-historia\/#breadcrumb","itemListElement":[{"@type":"ListItem","position":1,"name":"In\u00edcio","item":"https:\/\/www.ivanabeaumond.com.br\/vestidos-noiva\/"},{"@type":"ListItem","position":2,"name":"Trajes masculinos: as maiores tend\u00eancias da alfaiataria na hist\u00f3ria"}]},{"@type":"WebSite","@id":"https:\/\/www.ivanabeaumond.com.br\/vestidos-noiva\/#website","url":"https:\/\/www.ivanabeaumond.com.br\/vestidos-noiva\/","name":"Vestido de Noiva RJ","description":"Moda Noiva","publisher":{"@id":"https:\/\/www.ivanabeaumond.com.br\/vestidos-noiva\/#organization"},"potentialAction":[{"@type":"SearchAction","target":{"@type":"EntryPoint","urlTemplate":"https:\/\/www.ivanabeaumond.com.br\/vestidos-noiva\/?s={search_term_string}"},"query-input":"required name=search_term_string"}],"inLanguage":"pt-BR"},{"@type":"Organization","@id":"https:\/\/www.ivanabeaumond.com.br\/vestidos-noiva\/#organization","name":"Vestido de Noiva RJ","url":"https:\/\/www.ivanabeaumond.com.br\/vestidos-noiva\/","logo":{"@type":"ImageObject","inLanguage":"pt-BR","@id":"https:\/\/www.ivanabeaumond.com.br\/vestidos-noiva\/#\/schema\/logo\/image\/","url":"https:\/\/www.ivanabeaumond.com.br\/vestidos-noiva\/wp-content\/uploads\/2018\/02\/logo_ivana_beaumond-2.png","contentUrl":"https:\/\/www.ivanabeaumond.com.br\/vestidos-noiva\/wp-content\/uploads\/2018\/02\/logo_ivana_beaumond-2.png","width":230,"height":112,"caption":"Vestido de Noiva RJ"},"image":{"@id":"https:\/\/www.ivanabeaumond.com.br\/vestidos-noiva\/#\/schema\/logo\/image\/"},"sameAs":["https:\/\/www.facebook.com\/ivana.beaumondnoivas","https:\/\/www.instagram.com\/ivanabeaumond\/","https:\/\/www.tiktok.com\/@ivanabeaumond"]},{"@type":"Person","@id":"https:\/\/www.ivanabeaumond.com.br\/vestidos-noiva\/#\/schema\/person\/1a360c4cffa3b806d29a456389dcff26","name":"Ivana Beaumond Paris","image":{"@type":"ImageObject","inLanguage":"pt-BR","@id":"https:\/\/www.ivanabeaumond.com.br\/vestidos-noiva\/#\/schema\/person\/image\/","url":"https:\/\/secure.gravatar.com\/avatar\/641f98db20b53ec937ceb641db4270b9?s=96&d=mm&r=g","contentUrl":"https:\/\/secure.gravatar.com\/avatar\/641f98db20b53ec937ceb641db4270b9?s=96&d=mm&r=g","caption":"Ivana Beaumond Paris"},"url":"https:\/\/www.ivanabeaumond.com.br\/vestidos-noiva\/author\/ivana\/"}]}},"_links":{"self":[{"href":"https:\/\/www.ivanabeaumond.com.br\/vestidos-noiva\/wp-json\/wp\/v2\/posts\/17512"}],"collection":[{"href":"https:\/\/www.ivanabeaumond.com.br\/vestidos-noiva\/wp-json\/wp\/v2\/posts"}],"about":[{"href":"https:\/\/www.ivanabeaumond.com.br\/vestidos-noiva\/wp-json\/wp\/v2\/types\/post"}],"author":[{"embeddable":true,"href":"https:\/\/www.ivanabeaumond.com.br\/vestidos-noiva\/wp-json\/wp\/v2\/users\/4"}],"replies":[{"embeddable":true,"href":"https:\/\/www.ivanabeaumond.com.br\/vestidos-noiva\/wp-json\/wp\/v2\/comments?post=17512"}],"version-history":[{"count":19,"href":"https:\/\/www.ivanabeaumond.com.br\/vestidos-noiva\/wp-json\/wp\/v2\/posts\/17512\/revisions"}],"predecessor-version":[{"id":17693,"href":"https:\/\/www.ivanabeaumond.com.br\/vestidos-noiva\/wp-json\/wp\/v2\/posts\/17512\/revisions\/17693"}],"wp:featuredmedia":[{"embeddable":true,"href":"https:\/\/www.ivanabeaumond.com.br\/vestidos-noiva\/wp-json\/wp\/v2\/media\/17643"}],"wp:attachment":[{"href":"https:\/\/www.ivanabeaumond.com.br\/vestidos-noiva\/wp-json\/wp\/v2\/media?parent=17512"}],"wp:term":[{"taxonomy":"category","embeddable":true,"href":"https:\/\/www.ivanabeaumond.com.br\/vestidos-noiva\/wp-json\/wp\/v2\/categories?post=17512"},{"taxonomy":"post_tag","embeddable":true,"href":"https:\/\/www.ivanabeaumond.com.br\/vestidos-noiva\/wp-json\/wp\/v2\/tags?post=17512"}],"curies":[{"name":"wp","href":"https:\/\/api.w.org\/{rel}","templated":true}]}}