{"id":17694,"date":"2019-03-26T00:19:27","date_gmt":"2019-03-26T03:19:27","guid":{"rendered":"http:\/\/www.ivanabeaumond.com.br\/vestidos-noiva\/?p=17694"},"modified":"2019-03-26T14:38:44","modified_gmt":"2019-03-26T17:38:44","slug":"barcelona-bridal-fashion-week-2019-as-ultimas-tendencias-da-moda-noiva","status":"publish","type":"post","link":"https:\/\/www.ivanabeaumond.com.br\/vestidos-noiva\/barcelona-bridal-fashion-week-2019-as-ultimas-tendencias-da-moda-noiva\/","title":{"rendered":"Barcelona Bridal Fashion Week 2019: As \u00faltimas tend\u00eancias da moda Noiva"},"content":{"rendered":"<h4 style=\"text-align: justify;\"><span style=\"color: #999999;\">Come\u00e7a, a partir do dia 23 de abril, uma das mais importantes semanas de moda nupcial do mundo \u2013 a BARCELONA BRIDAL FASHION WEEK, em cena as melhores tend\u00eancias de designs para Noivas e as cole\u00e7\u00f5es mais destacadas para 2020. O evento que \u00e9 refer\u00eancia no mercado e respons\u00e1vel por apresentar as principais tend\u00eancias internacionais.<br \/>\n<\/span><\/h4>\n<p>&nbsp;<\/p>\n<p><img decoding=\"async\" loading=\"lazy\" class=\"aligncenter size-full wp-image-17712\" src=\"http:\/\/www.ivanabeaumond.com.br\/vestidos-noiva\/wp-content\/uploads\/2019\/03\/barcelona-bridal-fashion-week-2019-ivana-beaumond-vestido-de-noiva-rj-e1553544911387.jpg\" alt=\"barcelona-bridal-fashion-week-2019-ivana-beaumond-vestido-de-noiva-rj\" width=\"800\" height=\"332\" \/><\/p>\n<p>&nbsp;<\/p>\n<p>&nbsp;<\/p>\n<h4 style=\"text-align: justify;\"><span style=\"color: #999999;\">O evento contar\u00e1 com desfiles de grandes nomes da moda nupcial, que estar\u00e3o apresentando as novidades da alta costura para o p\u00fablico.<\/span><\/h4>\n<p>&nbsp;<\/p>\n<h4 style=\"text-align: justify;\"><span style=\"color: #999999;\">A empres\u00e1ria IVANA BEAUMOND tem sua presen\u00e7a confirmada, acompanhar de perto as \u00faltimas novidades e inspira\u00e7\u00f5es das passarelas internacionais.<br \/>\n<\/span><\/h4>\n<p>&nbsp;<\/p>\n<p><img decoding=\"async\" loading=\"lazy\" class=\"aligncenter size-full wp-image-17696\" src=\"http:\/\/www.ivanabeaumond.com.br\/vestidos-noiva\/wp-content\/uploads\/2019\/03\/barcelona-bridal-fashion-week-2019-bbfw-ivana-beaumond-atelier-vestido-de-noiva-rj.jpg\" alt=\"barcelona-bridal-fashion-week-2019-bbfw-ivana-beaumond-atelier-vestido-de-noiva-rj\" width=\"839\" height=\"272\" srcset=\"https:\/\/www.ivanabeaumond.com.br\/vestidos-noiva\/wp-content\/uploads\/2019\/03\/barcelona-bridal-fashion-week-2019-bbfw-ivana-beaumond-atelier-vestido-de-noiva-rj.jpg 839w, https:\/\/www.ivanabeaumond.com.br\/vestidos-noiva\/wp-content\/uploads\/2019\/03\/barcelona-bridal-fashion-week-2019-bbfw-ivana-beaumond-atelier-vestido-de-noiva-rj-300x97.jpg 300w\" sizes=\"(max-width: 839px) 100vw, 839px\" \/><\/p>\n<p>&nbsp;<\/p>\n<h4 style=\"text-align: justify;\"><\/h4>\n<p>&nbsp;<\/p>\n<h4 style=\"text-align: justify;\"><\/h4>\n<p>&nbsp;<\/p>\n<h4 style=\"text-align: justify;\"><span style=\"color: #999999;\">Confira mais informa\u00e7\u00f5es sobre o evento\u00a0no <span style=\"color: #000080;\"><a style=\"color: #000080;\" href=\"http:\/\/www.barcelonabridalweek.com\" target=\"_blank\">site oficial<\/a><\/span>.<\/span><\/h4>\n<p>&nbsp;<\/p>\n<p>&nbsp;<\/p>\n<p>&nbsp;<\/p>\n<p>&nbsp;<\/p>\n<h4><span style=\"color: #999999;\">Gostou? Siga nosso instagram\u00a0<\/span><a href=\"https:\/\/www.instagram.com\/ivanabeaumond\/\">@ivanabeaumond<\/a><span style=\"color: #999999;\">\u00a0e curta nossa fanpage<\/span>\u00a0<a href=\"https:\/\/www.facebook.com\/IvanaBeaumond\/\">Ivana Beaumond<\/a>\u00a0<span style=\"color: #999999;\">para ficar por dentro de tudo o que rola no mundo das noivas, e conhe\u00e7a nossos Melhores Modelos de Vestidos de Noivas Nacionais, Importados e Sob Medida.<\/span><\/h4>\n","protected":false},"excerpt":{"rendered":"<p>Come\u00e7a, a partir do dia 23 de abril, uma das&#8230;<\/p>\n","protected":false},"author":4,"featured_media":17714,"comment_status":"closed","ping_status":"closed","sticky":false,"template":"","format":"standard","meta":[],"categories":[60,128],"tags":[468,712,446,660,650,720,716,715,96,272,718,378,722,719,278,721,723,136,455,98,164,276,717,724],"yoast_head":"<!-- This site is optimized with the Yoast SEO plugin v20.3 - https:\/\/yoast.com\/wordpress\/plugins\/seo\/ -->\n<title>Barcelona Bridal Fashion Week 2019: As \u00faltimas tend\u00eancias da moda Noiva - Vestido de Noiva RJ<\/title>\n<meta name=\"robots\" content=\"index, follow, max-snippet:-1, max-image-preview:large, max-video-preview:-1\" \/>\n<link rel=\"canonical\" href=\"https:\/\/www.ivanabeaumond.com.br\/vestidos-noiva\/barcelona-bridal-fashion-week-2019-as-ultimas-tendencias-da-moda-noiva\/\" \/>\n<meta property=\"og:locale\" content=\"pt_BR\" \/>\n<meta property=\"og:type\" content=\"article\" \/>\n<meta property=\"og:title\" content=\"Barcelona Bridal Fashion Week 2019: As \u00faltimas tend\u00eancias da moda Noiva - Vestido de Noiva RJ\" \/>\n<meta property=\"og:description\" content=\"Come\u00e7a, a partir do dia 23 de abril, uma das...\" \/>\n<meta property=\"og:url\" content=\"https:\/\/www.ivanabeaumond.com.br\/vestidos-noiva\/barcelona-bridal-fashion-week-2019-as-ultimas-tendencias-da-moda-noiva\/\" \/>\n<meta property=\"og:site_name\" content=\"Vestido de Noiva RJ\" \/>\n<meta property=\"article:publisher\" content=\"https:\/\/www.facebook.com\/ivana.beaumondnoivas\" \/>\n<meta property=\"article:published_time\" content=\"2019-03-26T03:19:27+00:00\" \/>\n<meta property=\"article:modified_time\" content=\"2019-03-26T17:38:44+00:00\" \/>\n<meta property=\"og:image\" content=\"https:\/\/www.ivanabeaumond.com.br\/vestidos-noiva\/wp-content\/uploads\/2019\/03\/barcelona-bridal-fashion-week-2019-ivana-beaumond-vestido-de-noiva.jpg\" \/>\n\t<meta property=\"og:image:width\" content=\"842\" \/>\n\t<meta property=\"og:image:height\" content=\"503\" \/>\n\t<meta property=\"og:image:type\" content=\"image\/jpeg\" \/>\n<meta name=\"author\" content=\"Ivana Beaumond Paris\" \/>\n<meta name=\"twitter:card\" content=\"summary_large_image\" \/>\n<meta name=\"twitter:label1\" content=\"Escrito por\" \/>\n\t<meta name=\"twitter:data1\" content=\"Ivana Beaumond Paris\" \/>\n\t<meta name=\"twitter:label2\" content=\"Est. tempo de leitura\" \/>\n\t<meta name=\"twitter:data2\" content=\"1 minuto\" \/>\n<script type=\"application\/ld+json\" class=\"yoast-schema-graph\">{\"@context\":\"https:\/\/schema.org\",\"@graph\":[{\"@type\":\"Article\",\"@id\":\"https:\/\/www.ivanabeaumond.com.br\/vestidos-noiva\/barcelona-bridal-fashion-week-2019-as-ultimas-tendencias-da-moda-noiva\/#article\",\"isPartOf\":{\"@id\":\"https:\/\/www.ivanabeaumond.com.br\/vestidos-noiva\/barcelona-bridal-fashion-week-2019-as-ultimas-tendencias-da-moda-noiva\/\"},\"author\":{\"name\":\"Ivana Beaumond Paris\",\"@id\":\"https:\/\/www.ivanabeaumond.com.br\/vestidos-noiva\/#\/schema\/person\/1a360c4cffa3b806d29a456389dcff26\"},\"headline\":\"Barcelona Bridal Fashion Week 2019: As \u00faltimas tend\u00eancias da moda Noiva\",\"datePublished\":\"2019-03-26T03:19:27+00:00\",\"dateModified\":\"2019-03-26T17:38:44+00:00\",\"mainEntityOfPage\":{\"@id\":\"https:\/\/www.ivanabeaumond.com.br\/vestidos-noiva\/barcelona-bridal-fashion-week-2019-as-ultimas-tendencias-da-moda-noiva\/\"},\"wordCount\":175,\"publisher\":{\"@id\":\"https:\/\/www.ivanabeaumond.com.br\/vestidos-noiva\/#organization\"},\"keywords\":[\"aire barcelona\",\"alfaiataria\",\"alta costura\",\"atelier de noivas\",\"atelier ivana beaumond\",\"barcelona\",\"Barcelona bridal fashion week 2019\",\"BBFW\",\"casamento\",\"desfile\",\"espanha\",\"evento\",\"fashion fashion show\",\"internacional\",\"ivana beaumond paris\",\"marchesa\",\"moda 2020\",\"moda festa\",\"moda noiva\",\"noiva\",\"noivas\",\"rosa clar\u00e1\",\"tend\u00eancias\",\"vou casar 2020\"],\"articleSection\":[\"Blog\",\"Na M\u00eddia\"],\"inLanguage\":\"pt-BR\"},{\"@type\":\"WebPage\",\"@id\":\"https:\/\/www.ivanabeaumond.com.br\/vestidos-noiva\/barcelona-bridal-fashion-week-2019-as-ultimas-tendencias-da-moda-noiva\/\",\"url\":\"https:\/\/www.ivanabeaumond.com.br\/vestidos-noiva\/barcelona-bridal-fashion-week-2019-as-ultimas-tendencias-da-moda-noiva\/\",\"name\":\"Barcelona Bridal Fashion Week 2019: As \u00faltimas tend\u00eancias da moda Noiva - Vestido de Noiva RJ\",\"isPartOf\":{\"@id\":\"https:\/\/www.ivanabeaumond.com.br\/vestidos-noiva\/#website\"},\"datePublished\":\"2019-03-26T03:19:27+00:00\",\"dateModified\":\"2019-03-26T17:38:44+00:00\",\"breadcrumb\":{\"@id\":\"https:\/\/www.ivanabeaumond.com.br\/vestidos-noiva\/barcelona-bridal-fashion-week-2019-as-ultimas-tendencias-da-moda-noiva\/#breadcrumb\"},\"inLanguage\":\"pt-BR\",\"potentialAction\":[{\"@type\":\"ReadAction\",\"target\":[\"https:\/\/www.ivanabeaumond.com.br\/vestidos-noiva\/barcelona-bridal-fashion-week-2019-as-ultimas-tendencias-da-moda-noiva\/\"]}]},{\"@type\":\"BreadcrumbList\",\"@id\":\"https:\/\/www.ivanabeaumond.com.br\/vestidos-noiva\/barcelona-bridal-fashion-week-2019-as-ultimas-tendencias-da-moda-noiva\/#breadcrumb\",\"itemListElement\":[{\"@type\":\"ListItem\",\"position\":1,\"name\":\"In\u00edcio\",\"item\":\"https:\/\/www.ivanabeaumond.com.br\/vestidos-noiva\/\"},{\"@type\":\"ListItem\",\"position\":2,\"name\":\"Barcelona Bridal Fashion Week 2019: As \u00faltimas tend\u00eancias da moda Noiva\"}]},{\"@type\":\"WebSite\",\"@id\":\"https:\/\/www.ivanabeaumond.com.br\/vestidos-noiva\/#website\",\"url\":\"https:\/\/www.ivanabeaumond.com.br\/vestidos-noiva\/\",\"name\":\"Vestido de Noiva RJ\",\"description\":\"Moda Noiva\",\"publisher\":{\"@id\":\"https:\/\/www.ivanabeaumond.com.br\/vestidos-noiva\/#organization\"},\"potentialAction\":[{\"@type\":\"SearchAction\",\"target\":{\"@type\":\"EntryPoint\",\"urlTemplate\":\"https:\/\/www.ivanabeaumond.com.br\/vestidos-noiva\/?s={search_term_string}\"},\"query-input\":\"required name=search_term_string\"}],\"inLanguage\":\"pt-BR\"},{\"@type\":\"Organization\",\"@id\":\"https:\/\/www.ivanabeaumond.com.br\/vestidos-noiva\/#organization\",\"name\":\"Vestido de Noiva RJ\",\"url\":\"https:\/\/www.ivanabeaumond.com.br\/vestidos-noiva\/\",\"logo\":{\"@type\":\"ImageObject\",\"inLanguage\":\"pt-BR\",\"@id\":\"https:\/\/www.ivanabeaumond.com.br\/vestidos-noiva\/#\/schema\/logo\/image\/\",\"url\":\"https:\/\/www.ivanabeaumond.com.br\/vestidos-noiva\/wp-content\/uploads\/2018\/02\/logo_ivana_beaumond-2.png\",\"contentUrl\":\"https:\/\/www.ivanabeaumond.com.br\/vestidos-noiva\/wp-content\/uploads\/2018\/02\/logo_ivana_beaumond-2.png\",\"width\":230,\"height\":112,\"caption\":\"Vestido de Noiva RJ\"},\"image\":{\"@id\":\"https:\/\/www.ivanabeaumond.com.br\/vestidos-noiva\/#\/schema\/logo\/image\/\"},\"sameAs\":[\"https:\/\/www.facebook.com\/ivana.beaumondnoivas\",\"https:\/\/www.instagram.com\/ivanabeaumond\/\",\"https:\/\/www.tiktok.com\/@ivanabeaumond\"]},{\"@type\":\"Person\",\"@id\":\"https:\/\/www.ivanabeaumond.com.br\/vestidos-noiva\/#\/schema\/person\/1a360c4cffa3b806d29a456389dcff26\",\"name\":\"Ivana Beaumond Paris\",\"image\":{\"@type\":\"ImageObject\",\"inLanguage\":\"pt-BR\",\"@id\":\"https:\/\/www.ivanabeaumond.com.br\/vestidos-noiva\/#\/schema\/person\/image\/\",\"url\":\"https:\/\/secure.gravatar.com\/avatar\/641f98db20b53ec937ceb641db4270b9?s=96&d=mm&r=g\",\"contentUrl\":\"https:\/\/secure.gravatar.com\/avatar\/641f98db20b53ec937ceb641db4270b9?s=96&d=mm&r=g\",\"caption\":\"Ivana Beaumond Paris\"},\"url\":\"https:\/\/www.ivanabeaumond.com.br\/vestidos-noiva\/author\/ivana\/\"}]}<\/script>\n<!-- \/ Yoast SEO plugin. -->","yoast_head_json":{"title":"Barcelona Bridal Fashion Week 2019: As \u00faltimas tend\u00eancias da moda Noiva - Vestido de Noiva RJ","robots":{"index":"index","follow":"follow","max-snippet":"max-snippet:-1","max-image-preview":"max-image-preview:large","max-video-preview":"max-video-preview:-1"},"canonical":"https:\/\/www.ivanabeaumond.com.br\/vestidos-noiva\/barcelona-bridal-fashion-week-2019-as-ultimas-tendencias-da-moda-noiva\/","og_locale":"pt_BR","og_type":"article","og_title":"Barcelona Bridal Fashion Week 2019: As \u00faltimas tend\u00eancias da moda Noiva - Vestido de Noiva RJ","og_description":"Come\u00e7a, a partir do dia 23 de abril, uma das...","og_url":"https:\/\/www.ivanabeaumond.com.br\/vestidos-noiva\/barcelona-bridal-fashion-week-2019-as-ultimas-tendencias-da-moda-noiva\/","og_site_name":"Vestido de Noiva RJ","article_publisher":"https:\/\/www.facebook.com\/ivana.beaumondnoivas","article_published_time":"2019-03-26T03:19:27+00:00","article_modified_time":"2019-03-26T17:38:44+00:00","og_image":[{"width":842,"height":503,"url":"https:\/\/www.ivanabeaumond.com.br\/vestidos-noiva\/wp-content\/uploads\/2019\/03\/barcelona-bridal-fashion-week-2019-ivana-beaumond-vestido-de-noiva.jpg","type":"image\/jpeg"}],"author":"Ivana Beaumond Paris","twitter_card":"summary_large_image","twitter_misc":{"Escrito por":"Ivana Beaumond Paris","Est. tempo de leitura":"1 minuto"},"schema":{"@context":"https:\/\/schema.org","@graph":[{"@type":"Article","@id":"https:\/\/www.ivanabeaumond.com.br\/vestidos-noiva\/barcelona-bridal-fashion-week-2019-as-ultimas-tendencias-da-moda-noiva\/#article","isPartOf":{"@id":"https:\/\/www.ivanabeaumond.com.br\/vestidos-noiva\/barcelona-bridal-fashion-week-2019-as-ultimas-tendencias-da-moda-noiva\/"},"author":{"name":"Ivana Beaumond Paris","@id":"https:\/\/www.ivanabeaumond.com.br\/vestidos-noiva\/#\/schema\/person\/1a360c4cffa3b806d29a456389dcff26"},"headline":"Barcelona Bridal Fashion Week 2019: As \u00faltimas tend\u00eancias da moda Noiva","datePublished":"2019-03-26T03:19:27+00:00","dateModified":"2019-03-26T17:38:44+00:00","mainEntityOfPage":{"@id":"https:\/\/www.ivanabeaumond.com.br\/vestidos-noiva\/barcelona-bridal-fashion-week-2019-as-ultimas-tendencias-da-moda-noiva\/"},"wordCount":175,"publisher":{"@id":"https:\/\/www.ivanabeaumond.com.br\/vestidos-noiva\/#organization"},"keywords":["aire barcelona","alfaiataria","alta costura","atelier de noivas","atelier ivana beaumond","barcelona","Barcelona bridal fashion week 2019","BBFW","casamento","desfile","espanha","evento","fashion fashion show","internacional","ivana beaumond paris","marchesa","moda 2020","moda festa","moda noiva","noiva","noivas","rosa clar\u00e1","tend\u00eancias","vou casar 2020"],"articleSection":["Blog","Na M\u00eddia"],"inLanguage":"pt-BR"},{"@type":"WebPage","@id":"https:\/\/www.ivanabeaumond.com.br\/vestidos-noiva\/barcelona-bridal-fashion-week-2019-as-ultimas-tendencias-da-moda-noiva\/","url":"https:\/\/www.ivanabeaumond.com.br\/vestidos-noiva\/barcelona-bridal-fashion-week-2019-as-ultimas-tendencias-da-moda-noiva\/","name":"Barcelona Bridal Fashion Week 2019: As \u00faltimas tend\u00eancias da moda Noiva - Vestido de Noiva RJ","isPartOf":{"@id":"https:\/\/www.ivanabeaumond.com.br\/vestidos-noiva\/#website"},"datePublished":"2019-03-26T03:19:27+00:00","dateModified":"2019-03-26T17:38:44+00:00","breadcrumb":{"@id":"https:\/\/www.ivanabeaumond.com.br\/vestidos-noiva\/barcelona-bridal-fashion-week-2019-as-ultimas-tendencias-da-moda-noiva\/#breadcrumb"},"inLanguage":"pt-BR","potentialAction":[{"@type":"ReadAction","target":["https:\/\/www.ivanabeaumond.com.br\/vestidos-noiva\/barcelona-bridal-fashion-week-2019-as-ultimas-tendencias-da-moda-noiva\/"]}]},{"@type":"BreadcrumbList","@id":"https:\/\/www.ivanabeaumond.com.br\/vestidos-noiva\/barcelona-bridal-fashion-week-2019-as-ultimas-tendencias-da-moda-noiva\/#breadcrumb","itemListElement":[{"@type":"ListItem","position":1,"name":"In\u00edcio","item":"https:\/\/www.ivanabeaumond.com.br\/vestidos-noiva\/"},{"@type":"ListItem","position":2,"name":"Barcelona Bridal Fashion Week 2019: As \u00faltimas tend\u00eancias da moda Noiva"}]},{"@type":"WebSite","@id":"https:\/\/www.ivanabeaumond.com.br\/vestidos-noiva\/#website","url":"https:\/\/www.ivanabeaumond.com.br\/vestidos-noiva\/","name":"Vestido de Noiva RJ","description":"Moda Noiva","publisher":{"@id":"https:\/\/www.ivanabeaumond.com.br\/vestidos-noiva\/#organization"},"potentialAction":[{"@type":"SearchAction","target":{"@type":"EntryPoint","urlTemplate":"https:\/\/www.ivanabeaumond.com.br\/vestidos-noiva\/?s={search_term_string}"},"query-input":"required name=search_term_string"}],"inLanguage":"pt-BR"},{"@type":"Organization","@id":"https:\/\/www.ivanabeaumond.com.br\/vestidos-noiva\/#organization","name":"Vestido de Noiva RJ","url":"https:\/\/www.ivanabeaumond.com.br\/vestidos-noiva\/","logo":{"@type":"ImageObject","inLanguage":"pt-BR","@id":"https:\/\/www.ivanabeaumond.com.br\/vestidos-noiva\/#\/schema\/logo\/image\/","url":"https:\/\/www.ivanabeaumond.com.br\/vestidos-noiva\/wp-content\/uploads\/2018\/02\/logo_ivana_beaumond-2.png","contentUrl":"https:\/\/www.ivanabeaumond.com.br\/vestidos-noiva\/wp-content\/uploads\/2018\/02\/logo_ivana_beaumond-2.png","width":230,"height":112,"caption":"Vestido de Noiva RJ"},"image":{"@id":"https:\/\/www.ivanabeaumond.com.br\/vestidos-noiva\/#\/schema\/logo\/image\/"},"sameAs":["https:\/\/www.facebook.com\/ivana.beaumondnoivas","https:\/\/www.instagram.com\/ivanabeaumond\/","https:\/\/www.tiktok.com\/@ivanabeaumond"]},{"@type":"Person","@id":"https:\/\/www.ivanabeaumond.com.br\/vestidos-noiva\/#\/schema\/person\/1a360c4cffa3b806d29a456389dcff26","name":"Ivana Beaumond Paris","image":{"@type":"ImageObject","inLanguage":"pt-BR","@id":"https:\/\/www.ivanabeaumond.com.br\/vestidos-noiva\/#\/schema\/person\/image\/","url":"https:\/\/secure.gravatar.com\/avatar\/641f98db20b53ec937ceb641db4270b9?s=96&d=mm&r=g","contentUrl":"https:\/\/secure.gravatar.com\/avatar\/641f98db20b53ec937ceb641db4270b9?s=96&d=mm&r=g","caption":"Ivana Beaumond Paris"},"url":"https:\/\/www.ivanabeaumond.com.br\/vestidos-noiva\/author\/ivana\/"}]}},"_links":{"self":[{"href":"https:\/\/www.ivanabeaumond.com.br\/vestidos-noiva\/wp-json\/wp\/v2\/posts\/17694"}],"collection":[{"href":"https:\/\/www.ivanabeaumond.com.br\/vestidos-noiva\/wp-json\/wp\/v2\/posts"}],"about":[{"href":"https:\/\/www.ivanabeaumond.com.br\/vestidos-noiva\/wp-json\/wp\/v2\/types\/post"}],"author":[{"embeddable":true,"href":"https:\/\/www.ivanabeaumond.com.br\/vestidos-noiva\/wp-json\/wp\/v2\/users\/4"}],"replies":[{"embeddable":true,"href":"https:\/\/www.ivanabeaumond.com.br\/vestidos-noiva\/wp-json\/wp\/v2\/comments?post=17694"}],"version-history":[{"count":20,"href":"https:\/\/www.ivanabeaumond.com.br\/vestidos-noiva\/wp-json\/wp\/v2\/posts\/17694\/revisions"}],"predecessor-version":[{"id":17719,"href":"https:\/\/www.ivanabeaumond.com.br\/vestidos-noiva\/wp-json\/wp\/v2\/posts\/17694\/revisions\/17719"}],"wp:featuredmedia":[{"embeddable":true,"href":"https:\/\/www.ivanabeaumond.com.br\/vestidos-noiva\/wp-json\/wp\/v2\/media\/17714"}],"wp:attachment":[{"href":"https:\/\/www.ivanabeaumond.com.br\/vestidos-noiva\/wp-json\/wp\/v2\/media?parent=17694"}],"wp:term":[{"taxonomy":"category","embeddable":true,"href":"https:\/\/www.ivanabeaumond.com.br\/vestidos-noiva\/wp-json\/wp\/v2\/categories?post=17694"},{"taxonomy":"post_tag","embeddable":true,"href":"https:\/\/www.ivanabeaumond.com.br\/vestidos-noiva\/wp-json\/wp\/v2\/tags?post=17694"}],"curies":[{"name":"wp","href":"https:\/\/api.w.org\/{rel}","templated":true}]}}