{"id":17779,"date":"2020-02-21T17:56:27","date_gmt":"2020-02-21T20:56:27","guid":{"rendered":"http:\/\/www.ivanabeaumond.com.br\/vestidos-noiva\/?p=17779"},"modified":"2020-08-10T15:51:47","modified_gmt":"2020-08-10T18:51:47","slug":"casamento-no-jardim-com-julia-e-felipe","status":"publish","type":"post","link":"https:\/\/www.ivanabeaumond.com.br\/vestidos-noiva\/casamento-no-jardim-com-julia-e-felipe\/","title":{"rendered":"Casamento no jardim, com Julia e Felipe"},"content":{"rendered":"\n<h4 class=\"wp-block-heading\"><span style=\"color: #999999;\">\u00c0s vezes, \u00e9 a simplicidade que faz com que os pequenos&nbsp;momentos de um casamento nos contagiem. O mesmo acontece com os vestidos de noiva &#8211; s\u00e3o os pequenos detalhes que fazem com que os modelos sejam \u00fanicos e encantadores. Gostamos de pegar as melhores qualidades das nossas noivas e tentar traduzi-las&nbsp;nos nossos&nbsp;modelos, para&nbsp;criar looks que transmitam a&nbsp;sua personalidade. Desde a primeira visita ao nosso ateli\u00ea, nossa noiva Julia encantou a nossa equipe com o seu carisma e a sua simpatia, e com certeza essa conex\u00e3o contribuiu para um resultado t\u00e3o perfeito. Vamos apenas deixar essas fotos incr\u00edveis do ensaio de casamento, para que voc\u00eas se apaixonem junto com a gente&#8230;&nbsp;<\/span><\/h4>\n\n\n\n<div style=\"height:87px\" aria-hidden=\"true\" class=\"wp-block-spacer\"><\/div>\n\n\n\n<div class=\"wp-block-image\"><figure class=\"aligncenter\"><img decoding=\"async\" loading=\"lazy\" width=\"600\" height=\"399\" src=\"https:\/\/www.ivanabeaumond.com.br\/vestidos-noiva\/wp-content\/uploads\/2020\/02\/JULIA-CURVELLO-E-FELIPE-FOTOS-DE-CASAMENTO-VESTIDO-DE-NOIVA-RJ-ATELIER-IVANA-BEAUMOND-22-e1582053485129.jpg\" alt=\"JULIA CURVELLO E FELIPE FOTOS DE CASAMENTO VESTIDO DE NOIVA RJ ATELIER IVANA BEAUMOND (22)\" class=\"wp-image-23614\"\/><\/figure><\/div>\n\n\n\n<div class=\"wp-block-image\"><figure class=\"aligncenter\"><img decoding=\"async\" loading=\"lazy\" width=\"600\" height=\"399\" src=\"https:\/\/www.ivanabeaumond.com.br\/vestidos-noiva\/wp-content\/uploads\/2020\/02\/JULIA-CURVELLO-E-FELIPE-FOTOS-DE-CASAMENTO-VESTIDO-DE-NOIVA-RJ-ATELIER-IVANA-BEAUMOND-23-e1582053522474.jpg\" alt=\"JULIA CURVELLO E FELIPE FOTOS DE CASAMENTO VESTIDO DE NOIVA RJ ATELIER IVANA BEAUMOND (23)\" class=\"wp-image-23615\"\/><\/figure><\/div>\n\n\n\n<div class=\"wp-block-image\"><figure class=\"aligncenter\"><img decoding=\"async\" loading=\"lazy\" width=\"600\" height=\"399\" src=\"https:\/\/www.ivanabeaumond.com.br\/vestidos-noiva\/wp-content\/uploads\/2020\/02\/JULIA-CURVELLO-E-FELIPE-FOTOS-DE-CASAMENTO-VESTIDO-DE-NOIVA-RJ-ATELIER-IVANA-BEAUMOND-24-e1582053539776.jpg\" alt=\"JULIA CURVELLO E FELIPE FOTOS DE CASAMENTO VESTIDO DE NOIVA RJ ATELIER IVANA BEAUMOND (24)\" class=\"wp-image-23616\"\/><\/figure><\/div>\n\n\n\n<div style=\"height:100px\" aria-hidden=\"true\" class=\"wp-block-spacer\"><\/div>\n\n\n\n<h4 class=\"wp-block-heading\"><span style=\"color: #999999;\">O modelo que a Julia usou tem um corte semi-sereia e um decote que valoriza o colo. As costas contam com um decote profundo em V, que tamb\u00e9m valoriza o corpo e deixa o vestido mais fresco e leve. Ideal para um casamento ao ar livre e diurno, como foi o caso.<\/span><\/h4>\n\n\n\n<div style=\"height:100px\" aria-hidden=\"true\" class=\"wp-block-spacer\"><\/div>\n\n\n\n<div class=\"wp-block-image\"><figure class=\"aligncenter\"><img decoding=\"async\" loading=\"lazy\" width=\"600\" height=\"399\" src=\"https:\/\/www.ivanabeaumond.com.br\/vestidos-noiva\/wp-content\/uploads\/2020\/02\/JULIA-CURVELLO-E-FELIPE-FOTOS-DE-CASAMENTO-VESTIDO-DE-NOIVA-RJ-ATELIER-IVANA-BEAUMOND-19-e1582056296658.jpg\" alt=\"JULIA CURVELLO E FELIPE FOTOS DE CASAMENTO VESTIDO DE NOIVA RJ ATELIER IVANA BEAUMOND (19)\" class=\"wp-image-23620\"\/><\/figure><\/div>\n\n\n\n<div class=\"wp-block-image\"><figure class=\"aligncenter\"><img decoding=\"async\" loading=\"lazy\" width=\"600\" height=\"399\" src=\"https:\/\/www.ivanabeaumond.com.br\/vestidos-noiva\/wp-content\/uploads\/2020\/02\/JULIA-CURVELLO-E-FELIPE-FOTOS-DE-CASAMENTO-VESTIDO-DE-NOIVA-RJ-ATELIER-IVANA-BEAUMOND-201-e1582056382202.jpg\" alt=\"JULIA CURVELLO E FELIPE FOTOS DE CASAMENTO VESTIDO DE NOIVA RJ ATELIER IVANA BEAUMOND (20)\" class=\"wp-image-23621\"\/><\/figure><\/div>\n\n\n\n<div class=\"wp-block-image\"><figure class=\"aligncenter\"><img decoding=\"async\" loading=\"lazy\" width=\"600\" height=\"399\" src=\"https:\/\/www.ivanabeaumond.com.br\/vestidos-noiva\/wp-content\/uploads\/2020\/02\/JULIA-CURVELLO-E-FELIPE-FOTOS-DE-CASAMENTO-VESTIDO-DE-NOIVA-RJ-ATELIER-IVANA-BEAUMOND-28-e1582054616138.jpg\" alt=\"JULIA CURVELLO E FELIPE FOTOS DE CASAMENTO VESTIDO DE NOIVA RJ ATELIER IVANA BEAUMOND (28)\" class=\"wp-image-23618\"\/><\/figure><\/div>\n\n\n\n<div class=\"wp-block-image\"><figure class=\"aligncenter\"><img decoding=\"async\" loading=\"lazy\" width=\"600\" height=\"399\" src=\"https:\/\/www.ivanabeaumond.com.br\/vestidos-noiva\/wp-content\/uploads\/2020\/02\/JULIA-CURVELLO-E-FELIPE-FOTOS-DE-CASAMENTO-VESTIDO-DE-NOIVA-RJ-ATELIER-IVANA-BEAUMOND-2-e1582055286145.jpg\" alt=\"JULIA CURVELLO E FELIPE FOTOS DE CASAMENTO VESTIDO DE NOIVA RJ ATELIER IVANA BEAUMOND (2)\" class=\"wp-image-23619\"\/><\/figure><\/div>\n\n\n\n<div style=\"height:100px\" aria-hidden=\"true\" class=\"wp-block-spacer\"><\/div>\n\n\n\n<h4 class=\"wp-block-heading\"><span style=\"color: #999999;\">As aplica\u00e7\u00f5es de brilho e p\u00e9rolas&nbsp;foram um destaque tamb\u00e9m \u00e0 noite,&nbsp;adaptando a proposta do look e trazendo versatilidade sem que a noiva precisasse trocar de modelo.<\/span><\/h4>\n\n\n\n<div style=\"height:100px\" aria-hidden=\"true\" class=\"wp-block-spacer\"><\/div>\n\n\n\n<div class=\"wp-block-image\"><figure class=\"aligncenter\"><img decoding=\"async\" loading=\"lazy\" width=\"600\" height=\"399\" src=\"https:\/\/www.ivanabeaumond.com.br\/vestidos-noiva\/wp-content\/uploads\/2020\/02\/JULIA-CURVELLO-E-FELIPE-FOTOS-DE-CASAMENTO-VESTIDO-DE-NOIVA-RJ-ATELIER-IVANA-BEAUMOND-4-e1582053762981.jpg\" alt=\"JULIA CURVELLO E FELIPE FOTOS DE CASAMENTO VESTIDO DE NOIVA RJ ATELIER IVANA BEAUMOND (4)\" class=\"wp-image-23617\"\/><\/figure><\/div>\n\n\n\n<div style=\"height:70px\" aria-hidden=\"true\" class=\"wp-block-spacer\"><\/div>\n\n\n\n<h4 class=\"wp-block-heading\"><span style=\"color: #999999;\">\u00c0 nossa noiva Julia, s\u00f3 temos a agradecer pelo carinho, disposi\u00e7\u00e3o, confian\u00e7a e por ter escolhido o Atelier Ivana Beaumond para fazer parte desse grande sonho. Aos noivos, desejamos toda a felicidade desse universo e que voc\u00eas sejam felizes para sempre!<\/span><\/h4>\n\n\n\n<div style=\"height:43px\" aria-hidden=\"true\" class=\"wp-block-spacer\"><\/div>\n\n\n\n<h4 class=\"wp-block-heading\"><span style=\"color: #999999;\">Veja as fotos oficiais do casamento, feitas por<\/span> <a href=\"http:\/\/munizemaia.com.br\/portfolio\/julia-e-felipe\/\" target=\"_blank\" rel=\"noopener noreferrer\">Muniz e Maia<\/a>:<\/h4>\n\n\n\n<div style=\"height:43px\" aria-hidden=\"true\" class=\"wp-block-spacer\"><\/div>\n\n\n\n<style id=\"bwg-style-0\">    #bwg_container1_0 #bwg_container2_0 .bwg-container-0.bwg-standard-thumbnails {      width: 904px;              justify-content: center;        margin:0 auto !important;              background-color: rgba(255, 255, 255, 0.00);            padding-left: 4px;      padding-top: 4px;      max-width: 100%;            }        #bwg_container1_0 #bwg_container2_0 .bwg-container-0.bwg-standard-thumbnails .bwg-item {    justify-content: flex-start;      max-width: 180px;            width: 180px !important;          }    #bwg_container1_0 #bwg_container2_0 .bwg-container-0.bwg-standard-thumbnails .bwg-item a {       margin-right: 4px;       margin-bottom: 4px;    }    #bwg_container1_0 #bwg_container2_0 .bwg-container-0.bwg-standard-thumbnails .bwg-item0 {      padding: 0px;            background-color:rgba(255,255,255, 0.30);      border: 0px none #CCCCCC;      opacity: 1.00;      border-radius: 0;      box-shadow: 0px 0px 0px #888888;    }    #bwg_container1_0 #bwg_container2_0 .bwg-container-0.bwg-standard-thumbnails .bwg-item1 img {      max-height: none;      max-width: none;      padding: 0 !important;    }        @media only screen and (min-width: 480px) {      #bwg_container1_0 #bwg_container2_0 .bwg-container-0.bwg-standard-thumbnails .bwg-item0 {        transition: all 0.3s ease 0s;-webkit-transition: all 0.3s ease 0s;      }      #bwg_container1_0 #bwg_container2_0 .bwg-container-0.bwg-standard-thumbnails .bwg-item0:hover {        -ms-transform: scale(1.1);        -webkit-transform: scale(1.1);        transform: scale(1.1);      }    }          #bwg_container1_0 #bwg_container2_0 .bwg-container-0.bwg-standard-thumbnails .bwg-item1 {      padding-top: 50%;    }        #bwg_container1_0 #bwg_container2_0 .bwg-container-0.bwg-standard-thumbnails .bwg-title2,    #bwg_container1_0 #bwg_container2_0 .bwg-container-0.bwg-standard-thumbnails .bwg-ecommerce2 {      color: #CCCCCC;      font-family: segoe ui;      font-size: 16px;      font-weight: bold;      padding: 2px;      text-shadow: 0px 0px 0px #888888;      max-height: 100%;    }    #bwg_container1_0 #bwg_container2_0 .bwg-container-0.bwg-standard-thumbnails .bwg-thumb-description span {    color: #323A45;    font-family: Ubuntu;    font-size: 12px;    max-height: 100%;    word-wrap: break-word;    }    #bwg_container1_0 #bwg_container2_0 .bwg-container-0.bwg-standard-thumbnails .bwg-play-icon2 {      font-size: 32px;    }    #bwg_container1_0 #bwg_container2_0 .bwg-container-0.bwg-standard-thumbnails .bwg-ecommerce2 {      font-size: 19.2px;      color: #CCCCCC;    }    <\/style>    <div id=\"bwg_container1_0\"         class=\"bwg_container bwg_thumbnail bwg_thumbnails \"         data-right-click-protection=\"0\"         data-bwg=\"0\"         data-scroll=\"0\"         data-gallery-type=\"thumbnails\"         data-gallery-view-type=\"thumbnails\"         data-current-url=\"\/vestidos-noiva\/wp-json\/wp\/v2\/posts\/17779\"         data-lightbox-url=\"https:\/\/www.ivanabeaumond.com.br\/vestidos-noiva\/wp-admin\/admin-ajax.php?action=GalleryBox&#038;current_view=0&#038;gallery_id=141&#038;tag=0&#038;theme_id=1&#038;shortcode_id=153&#038;sort_by=order&#038;order_by=asc&#038;current_url=%2Fvestidos-noiva%2Fwp-json%2Fwp%2Fv2%2Fposts%2F17779\"         data-gallery-id=\"141\"         data-popup-width=\"600\"         data-popup-height=\"600\"         data-is-album=\"gallery\"         data-buttons-position=\"bottom\">      <div id=\"bwg_container2_0\">             <div id=\"ajax_loading_0\" class=\"bwg_loading_div_1\">      <div class=\"bwg_loading_div_2\">        <div class=\"bwg_loading_div_3\">          <div id=\"loading_div_0\" class=\"bwg_spider_ajax_loading\">          <\/div>        <\/div>      <\/div>    <\/div>            <form id=\"gal_front_form_0\"              class=\"bwg-hidden\"              method=\"post\"              action=\"#\"              data-current=\"0\"              data-shortcode-id=\"153\"              data-gallery-type=\"thumbnails\"              data-gallery-id=\"141\"              data-tag=\"0\"              data-album-id=\"0\"              data-theme-id=\"1\"              data-ajax-url=\"https:\/\/www.ivanabeaumond.com.br\/vestidos-noiva\/wp-admin\/admin-ajax.php?action=bwg_frontend_data\">          <div id=\"bwg_container3_0\" class=\"bwg-background bwg-background-0\">                <div data-max-count=\"5\"         data-thumbnail-width=\"180\"         data-bwg=\"0\"         data-gallery-id=\"141\"         data-lightbox-url=\"https:\/\/www.ivanabeaumond.com.br\/vestidos-noiva\/wp-admin\/admin-ajax.php?action=GalleryBox&amp;current_view=0&amp;gallery_id=141&amp;tag=0&amp;theme_id=1&amp;shortcode_id=153&amp;sort_by=order&amp;order_by=asc&amp;current_url=%2Fvestidos-noiva%2Fwp-json%2Fwp%2Fv2%2Fposts%2F17779\"         id=\"bwg_thumbnails_0\"         class=\"bwg-container-0 bwg-thumbnails bwg-standard-thumbnails bwg-container bwg-border-box\">            <div class=\"bwg-item\">        <a class=\"bwg-a  bwg_lightbox\"  data-image-id=\"3405\" href=\"https:\/\/www.ivanabeaumond.com.br\/vestidos-noiva\/wp-content\/uploads\/photo-gallery\/JULIA%20CURVELLO%20E%20FELIPE%20FOTOS%20DE%20CASAMENTO%20VESTIDO%20DE%20NOIVA%20RJ%20ATELIER%20IVANA%20BEAUMOND%20%20(7).jpg\" data-elementor-open-lightbox=\"no\">                <div class=\"bwg-item0 \">          <div class=\"bwg-item1 \">            <div class=\"bwg-item2\">              <img class=\"skip-lazy bwg_standart_thumb_img_0 \"                   data-id=\"3405\"                   data-width=\"\"                   data-height=\"\"                   data-src=\"https:\/\/www.ivanabeaumond.com.br\/vestidos-noiva\/wp-content\/uploads\/photo-gallery\/thumb\/JULIA%20CURVELLO%20E%20FELIPE%20FOTOS%20DE%20CASAMENTO%20VESTIDO%20DE%20NOIVA%20RJ%20ATELIER%20IVANA%20BEAUMOND%20%20(7).jpg\"                   src=\"https:\/\/www.ivanabeaumond.com.br\/vestidos-noiva\/wp-content\/uploads\/photo-gallery\/thumb\/JULIA%20CURVELLO%20E%20FELIPE%20FOTOS%20DE%20CASAMENTO%20VESTIDO%20DE%20NOIVA%20RJ%20ATELIER%20IVANA%20BEAUMOND%20%20(7).jpg\"                   alt=\"JULIA CURVELLO E FELIPE FOTOS DE CASAMENTO VESTIDO DE NOIVA RJ ATELIER IVANA BEAUMOND  (7)\"                   title=\"JULIA CURVELLO E FELIPE FOTOS DE CASAMENTO VESTIDO DE NOIVA RJ ATELIER IVANA BEAUMOND  (7)\" \/>            <\/div>            <div class=\"\">                                                      <\/div>          <\/div>        <\/div>                        <\/a>              <\/div>            <div class=\"bwg-item\">        <a class=\"bwg-a  bwg_lightbox\"  data-image-id=\"3401\" href=\"https:\/\/www.ivanabeaumond.com.br\/vestidos-noiva\/wp-content\/uploads\/photo-gallery\/JULIA%20CURVELLO%20E%20FELIPE%20FOTOS%20DE%20CASAMENTO%20VESTIDO%20DE%20NOIVA%20RJ%20ATELIER%20IVANA%20BEAUMOND%20%20(3).jpg\" data-elementor-open-lightbox=\"no\">                <div class=\"bwg-item0 \">          <div class=\"bwg-item1 \">            <div class=\"bwg-item2\">              <img class=\"skip-lazy bwg_standart_thumb_img_0 \"                   data-id=\"3401\"                   data-width=\"\"                   data-height=\"\"                   data-src=\"https:\/\/www.ivanabeaumond.com.br\/vestidos-noiva\/wp-content\/uploads\/photo-gallery\/thumb\/JULIA%20CURVELLO%20E%20FELIPE%20FOTOS%20DE%20CASAMENTO%20VESTIDO%20DE%20NOIVA%20RJ%20ATELIER%20IVANA%20BEAUMOND%20%20(3).jpg\"                   src=\"https:\/\/www.ivanabeaumond.com.br\/vestidos-noiva\/wp-content\/uploads\/photo-gallery\/thumb\/JULIA%20CURVELLO%20E%20FELIPE%20FOTOS%20DE%20CASAMENTO%20VESTIDO%20DE%20NOIVA%20RJ%20ATELIER%20IVANA%20BEAUMOND%20%20(3).jpg\"                   alt=\"JULIA CURVELLO E FELIPE FOTOS DE CASAMENTO VESTIDO DE NOIVA RJ ATELIER IVANA BEAUMOND  (3)\"                   title=\"JULIA CURVELLO E FELIPE FOTOS DE CASAMENTO VESTIDO DE NOIVA RJ ATELIER IVANA BEAUMOND  (3)\" \/>            <\/div>            <div class=\"\">                                                      <\/div>          <\/div>        <\/div>                        <\/a>              <\/div>            <div class=\"bwg-item\">        <a class=\"bwg-a  bwg_lightbox\"  data-image-id=\"3403\" href=\"https:\/\/www.ivanabeaumond.com.br\/vestidos-noiva\/wp-content\/uploads\/photo-gallery\/JULIA%20CURVELLO%20E%20FELIPE%20FOTOS%20DE%20CASAMENTO%20VESTIDO%20DE%20NOIVA%20RJ%20ATELIER%20IVANA%20BEAUMOND%20%20(5).jpg\" data-elementor-open-lightbox=\"no\">                <div class=\"bwg-item0 \">          <div class=\"bwg-item1 \">            <div class=\"bwg-item2\">              <img class=\"skip-lazy bwg_standart_thumb_img_0 \"                   data-id=\"3403\"                   data-width=\"\"                   data-height=\"\"                   data-src=\"https:\/\/www.ivanabeaumond.com.br\/vestidos-noiva\/wp-content\/uploads\/photo-gallery\/thumb\/JULIA%20CURVELLO%20E%20FELIPE%20FOTOS%20DE%20CASAMENTO%20VESTIDO%20DE%20NOIVA%20RJ%20ATELIER%20IVANA%20BEAUMOND%20%20(5).jpg\"                   src=\"https:\/\/www.ivanabeaumond.com.br\/vestidos-noiva\/wp-content\/uploads\/photo-gallery\/thumb\/JULIA%20CURVELLO%20E%20FELIPE%20FOTOS%20DE%20CASAMENTO%20VESTIDO%20DE%20NOIVA%20RJ%20ATELIER%20IVANA%20BEAUMOND%20%20(5).jpg\"                   alt=\"JULIA CURVELLO E FELIPE FOTOS DE CASAMENTO VESTIDO DE NOIVA RJ ATELIER IVANA BEAUMOND  (5)\"                   title=\"JULIA CURVELLO E FELIPE FOTOS DE CASAMENTO VESTIDO DE NOIVA RJ ATELIER IVANA BEAUMOND  (5)\" \/>            <\/div>            <div class=\"\">                                                      <\/div>          <\/div>        <\/div>                        <\/a>              <\/div>            <div class=\"bwg-item\">        <a class=\"bwg-a  bwg_lightbox\"  data-image-id=\"3404\" href=\"https:\/\/www.ivanabeaumond.com.br\/vestidos-noiva\/wp-content\/uploads\/photo-gallery\/JULIA%20CURVELLO%20E%20FELIPE%20FOTOS%20DE%20CASAMENTO%20VESTIDO%20DE%20NOIVA%20RJ%20ATELIER%20IVANA%20BEAUMOND%20%20(6).jpg\" data-elementor-open-lightbox=\"no\">                <div class=\"bwg-item0 \">          <div class=\"bwg-item1 \">            <div class=\"bwg-item2\">              <img class=\"skip-lazy bwg_standart_thumb_img_0 \"                   data-id=\"3404\"                   data-width=\"\"                   data-height=\"\"                   data-src=\"https:\/\/www.ivanabeaumond.com.br\/vestidos-noiva\/wp-content\/uploads\/photo-gallery\/thumb\/JULIA%20CURVELLO%20E%20FELIPE%20FOTOS%20DE%20CASAMENTO%20VESTIDO%20DE%20NOIVA%20RJ%20ATELIER%20IVANA%20BEAUMOND%20%20(6).jpg\"                   src=\"https:\/\/www.ivanabeaumond.com.br\/vestidos-noiva\/wp-content\/uploads\/photo-gallery\/thumb\/JULIA%20CURVELLO%20E%20FELIPE%20FOTOS%20DE%20CASAMENTO%20VESTIDO%20DE%20NOIVA%20RJ%20ATELIER%20IVANA%20BEAUMOND%20%20(6).jpg\"                   alt=\"JULIA CURVELLO E FELIPE FOTOS DE CASAMENTO VESTIDO DE NOIVA RJ ATELIER IVANA BEAUMOND  (6)\"                   title=\"JULIA CURVELLO E FELIPE FOTOS DE CASAMENTO VESTIDO DE NOIVA RJ ATELIER IVANA BEAUMOND  (6)\" \/>            <\/div>            <div class=\"\">                                                      <\/div>          <\/div>        <\/div>                        <\/a>              <\/div>            <div class=\"bwg-item\">        <a class=\"bwg-a  bwg_lightbox\"  data-image-id=\"3409\" href=\"https:\/\/www.ivanabeaumond.com.br\/vestidos-noiva\/wp-content\/uploads\/photo-gallery\/JULIA%20CURVELLO%20E%20FELIPE%20FOTOS%20DE%20CASAMENTO%20VESTIDO%20DE%20NOIVA%20RJ%20ATELIER%20IVANA%20BEAUMOND%20%20(11).jpg\" data-elementor-open-lightbox=\"no\">                <div class=\"bwg-item0 \">          <div class=\"bwg-item1 \">            <div class=\"bwg-item2\">              <img class=\"skip-lazy bwg_standart_thumb_img_0 \"                   data-id=\"3409\"                   data-width=\"\"                   data-height=\"\"                   data-src=\"https:\/\/www.ivanabeaumond.com.br\/vestidos-noiva\/wp-content\/uploads\/photo-gallery\/thumb\/JULIA%20CURVELLO%20E%20FELIPE%20FOTOS%20DE%20CASAMENTO%20VESTIDO%20DE%20NOIVA%20RJ%20ATELIER%20IVANA%20BEAUMOND%20%20(11).jpg\"                   src=\"https:\/\/www.ivanabeaumond.com.br\/vestidos-noiva\/wp-content\/uploads\/photo-gallery\/thumb\/JULIA%20CURVELLO%20E%20FELIPE%20FOTOS%20DE%20CASAMENTO%20VESTIDO%20DE%20NOIVA%20RJ%20ATELIER%20IVANA%20BEAUMOND%20%20(11).jpg\"                   alt=\"JULIA CURVELLO E FELIPE FOTOS DE CASAMENTO VESTIDO DE NOIVA RJ ATELIER IVANA BEAUMOND  (11)\"                   title=\"JULIA CURVELLO E FELIPE FOTOS DE CASAMENTO VESTIDO DE NOIVA RJ ATELIER IVANA BEAUMOND  (11)\" \/>            <\/div>            <div class=\"\">                                                      <\/div>          <\/div>        <\/div>                        <\/a>              <\/div>            <div class=\"bwg-item\">        <a class=\"bwg-a  bwg_lightbox\"  data-image-id=\"3412\" href=\"https:\/\/www.ivanabeaumond.com.br\/vestidos-noiva\/wp-content\/uploads\/photo-gallery\/JULIA%20CURVELLO%20E%20FELIPE%20FOTOS%20DE%20CASAMENTO%20VESTIDO%20DE%20NOIVA%20RJ%20ATELIER%20IVANA%20BEAUMOND%20%20(14).jpg\" data-elementor-open-lightbox=\"no\">                <div class=\"bwg-item0 \">          <div class=\"bwg-item1 \">            <div class=\"bwg-item2\">              <img class=\"skip-lazy bwg_standart_thumb_img_0 \"                   data-id=\"3412\"                   data-width=\"\"                   data-height=\"\"                   data-src=\"https:\/\/www.ivanabeaumond.com.br\/vestidos-noiva\/wp-content\/uploads\/photo-gallery\/thumb\/JULIA%20CURVELLO%20E%20FELIPE%20FOTOS%20DE%20CASAMENTO%20VESTIDO%20DE%20NOIVA%20RJ%20ATELIER%20IVANA%20BEAUMOND%20%20(14).jpg\"                   src=\"https:\/\/www.ivanabeaumond.com.br\/vestidos-noiva\/wp-content\/uploads\/photo-gallery\/thumb\/JULIA%20CURVELLO%20E%20FELIPE%20FOTOS%20DE%20CASAMENTO%20VESTIDO%20DE%20NOIVA%20RJ%20ATELIER%20IVANA%20BEAUMOND%20%20(14).jpg\"                   alt=\"JULIA CURVELLO E FELIPE FOTOS DE CASAMENTO VESTIDO DE NOIVA RJ ATELIER IVANA BEAUMOND  (14)\"                   title=\"JULIA CURVELLO E FELIPE FOTOS DE CASAMENTO VESTIDO DE NOIVA RJ ATELIER IVANA BEAUMOND  (14)\" \/>            <\/div>            <div class=\"\">                                                      <\/div>          <\/div>        <\/div>                        <\/a>              <\/div>            <div class=\"bwg-item\">        <a class=\"bwg-a  bwg_lightbox\"  data-image-id=\"3413\" href=\"https:\/\/www.ivanabeaumond.com.br\/vestidos-noiva\/wp-content\/uploads\/photo-gallery\/JULIA%20CURVELLO%20E%20FELIPE%20FOTOS%20DE%20CASAMENTO%20VESTIDO%20DE%20NOIVA%20RJ%20ATELIER%20IVANA%20BEAUMOND%20%20(15).jpg\" data-elementor-open-lightbox=\"no\">                <div class=\"bwg-item0 \">          <div class=\"bwg-item1 \">            <div class=\"bwg-item2\">              <img class=\"skip-lazy bwg_standart_thumb_img_0 \"                   data-id=\"3413\"                   data-width=\"\"                   data-height=\"\"                   data-src=\"https:\/\/www.ivanabeaumond.com.br\/vestidos-noiva\/wp-content\/uploads\/photo-gallery\/thumb\/JULIA%20CURVELLO%20E%20FELIPE%20FOTOS%20DE%20CASAMENTO%20VESTIDO%20DE%20NOIVA%20RJ%20ATELIER%20IVANA%20BEAUMOND%20%20(15).jpg\"                   src=\"https:\/\/www.ivanabeaumond.com.br\/vestidos-noiva\/wp-content\/uploads\/photo-gallery\/thumb\/JULIA%20CURVELLO%20E%20FELIPE%20FOTOS%20DE%20CASAMENTO%20VESTIDO%20DE%20NOIVA%20RJ%20ATELIER%20IVANA%20BEAUMOND%20%20(15).jpg\"                   alt=\"JULIA CURVELLO E FELIPE FOTOS DE CASAMENTO VESTIDO DE NOIVA RJ ATELIER IVANA BEAUMOND  (15)\"                   title=\"JULIA CURVELLO E FELIPE FOTOS DE CASAMENTO VESTIDO DE NOIVA RJ ATELIER IVANA BEAUMOND  (15)\" \/>            <\/div>            <div class=\"\">                                                      <\/div>          <\/div>        <\/div>                        <\/a>              <\/div>            <div class=\"bwg-item\">        <a class=\"bwg-a  bwg_lightbox\"  data-image-id=\"3414\" href=\"https:\/\/www.ivanabeaumond.com.br\/vestidos-noiva\/wp-content\/uploads\/photo-gallery\/JULIA%20CURVELLO%20E%20FELIPE%20FOTOS%20DE%20CASAMENTO%20VESTIDO%20DE%20NOIVA%20RJ%20ATELIER%20IVANA%20BEAUMOND%20%20(16).jpg\" data-elementor-open-lightbox=\"no\">                <div class=\"bwg-item0 \">          <div class=\"bwg-item1 \">            <div class=\"bwg-item2\">              <img class=\"skip-lazy bwg_standart_thumb_img_0 \"                   data-id=\"3414\"                   data-width=\"\"                   data-height=\"\"                   data-src=\"https:\/\/www.ivanabeaumond.com.br\/vestidos-noiva\/wp-content\/uploads\/photo-gallery\/thumb\/JULIA%20CURVELLO%20E%20FELIPE%20FOTOS%20DE%20CASAMENTO%20VESTIDO%20DE%20NOIVA%20RJ%20ATELIER%20IVANA%20BEAUMOND%20%20(16).jpg\"                   src=\"https:\/\/www.ivanabeaumond.com.br\/vestidos-noiva\/wp-content\/uploads\/photo-gallery\/thumb\/JULIA%20CURVELLO%20E%20FELIPE%20FOTOS%20DE%20CASAMENTO%20VESTIDO%20DE%20NOIVA%20RJ%20ATELIER%20IVANA%20BEAUMOND%20%20(16).jpg\"                   alt=\"JULIA CURVELLO E FELIPE FOTOS DE CASAMENTO VESTIDO DE NOIVA RJ ATELIER IVANA BEAUMOND  (16)\"                   title=\"JULIA CURVELLO E FELIPE FOTOS DE CASAMENTO VESTIDO DE NOIVA RJ ATELIER IVANA BEAUMOND  (16)\" \/>            <\/div>            <div class=\"\">                                                      <\/div>          <\/div>        <\/div>                        <\/a>              <\/div>            <div class=\"bwg-item\">        <a class=\"bwg-a  bwg_lightbox\"  data-image-id=\"3415\" href=\"https:\/\/www.ivanabeaumond.com.br\/vestidos-noiva\/wp-content\/uploads\/photo-gallery\/JULIA%20CURVELLO%20E%20FELIPE%20FOTOS%20DE%20CASAMENTO%20VESTIDO%20DE%20NOIVA%20RJ%20ATELIER%20IVANA%20BEAUMOND%20%20(17).jpg\" data-elementor-open-lightbox=\"no\">                <div class=\"bwg-item0 \">          <div class=\"bwg-item1 \">            <div class=\"bwg-item2\">              <img class=\"skip-lazy bwg_standart_thumb_img_0 \"                   data-id=\"3415\"                   data-width=\"\"                   data-height=\"\"                   data-src=\"https:\/\/www.ivanabeaumond.com.br\/vestidos-noiva\/wp-content\/uploads\/photo-gallery\/thumb\/JULIA%20CURVELLO%20E%20FELIPE%20FOTOS%20DE%20CASAMENTO%20VESTIDO%20DE%20NOIVA%20RJ%20ATELIER%20IVANA%20BEAUMOND%20%20(17).jpg\"                   src=\"https:\/\/www.ivanabeaumond.com.br\/vestidos-noiva\/wp-content\/uploads\/photo-gallery\/thumb\/JULIA%20CURVELLO%20E%20FELIPE%20FOTOS%20DE%20CASAMENTO%20VESTIDO%20DE%20NOIVA%20RJ%20ATELIER%20IVANA%20BEAUMOND%20%20(17).jpg\"                   alt=\"JULIA CURVELLO E FELIPE FOTOS DE CASAMENTO VESTIDO DE NOIVA RJ ATELIER IVANA BEAUMOND  (17)\"                   title=\"JULIA CURVELLO E FELIPE FOTOS DE CASAMENTO VESTIDO DE NOIVA RJ ATELIER IVANA BEAUMOND  (17)\" \/>            <\/div>            <div class=\"\">                                                      <\/div>          <\/div>        <\/div>                        <\/a>              <\/div>            <div class=\"bwg-item\">        <a class=\"bwg-a  bwg_lightbox\"  data-image-id=\"3416\" href=\"https:\/\/www.ivanabeaumond.com.br\/vestidos-noiva\/wp-content\/uploads\/photo-gallery\/JULIA%20CURVELLO%20E%20FELIPE%20FOTOS%20DE%20CASAMENTO%20VESTIDO%20DE%20NOIVA%20RJ%20ATELIER%20IVANA%20BEAUMOND%20%20(18).jpg\" data-elementor-open-lightbox=\"no\">                <div class=\"bwg-item0 \">          <div class=\"bwg-item1 \">            <div class=\"bwg-item2\">              <img class=\"skip-lazy bwg_standart_thumb_img_0 \"                   data-id=\"3416\"                   data-width=\"\"                   data-height=\"\"                   data-src=\"https:\/\/www.ivanabeaumond.com.br\/vestidos-noiva\/wp-content\/uploads\/photo-gallery\/thumb\/JULIA%20CURVELLO%20E%20FELIPE%20FOTOS%20DE%20CASAMENTO%20VESTIDO%20DE%20NOIVA%20RJ%20ATELIER%20IVANA%20BEAUMOND%20%20(18).jpg\"                   src=\"https:\/\/www.ivanabeaumond.com.br\/vestidos-noiva\/wp-content\/uploads\/photo-gallery\/thumb\/JULIA%20CURVELLO%20E%20FELIPE%20FOTOS%20DE%20CASAMENTO%20VESTIDO%20DE%20NOIVA%20RJ%20ATELIER%20IVANA%20BEAUMOND%20%20(18).jpg\"                   alt=\"JULIA CURVELLO E FELIPE FOTOS DE CASAMENTO VESTIDO DE NOIVA RJ ATELIER IVANA BEAUMOND  (18)\"                   title=\"JULIA CURVELLO E FELIPE FOTOS DE CASAMENTO VESTIDO DE NOIVA RJ ATELIER IVANA BEAUMOND  (18)\" \/>            <\/div>            <div class=\"\">                                                      <\/div>          <\/div>        <\/div>                        <\/a>              <\/div>            <div class=\"bwg-item\">        <a class=\"bwg-a  bwg_lightbox\"  data-image-id=\"3417\" href=\"https:\/\/www.ivanabeaumond.com.br\/vestidos-noiva\/wp-content\/uploads\/photo-gallery\/JULIA%20CURVELLO%20E%20FELIPE%20FOTOS%20DE%20CASAMENTO%20VESTIDO%20DE%20NOIVA%20RJ%20ATELIER%20IVANA%20BEAUMOND%20%20(19).jpg\" data-elementor-open-lightbox=\"no\">                <div class=\"bwg-item0 \">          <div class=\"bwg-item1 \">            <div class=\"bwg-item2\">              <img class=\"skip-lazy bwg_standart_thumb_img_0 \"                   data-id=\"3417\"                   data-width=\"\"                   data-height=\"\"                   data-src=\"https:\/\/www.ivanabeaumond.com.br\/vestidos-noiva\/wp-content\/uploads\/photo-gallery\/thumb\/JULIA%20CURVELLO%20E%20FELIPE%20FOTOS%20DE%20CASAMENTO%20VESTIDO%20DE%20NOIVA%20RJ%20ATELIER%20IVANA%20BEAUMOND%20%20(19).jpg\"                   src=\"https:\/\/www.ivanabeaumond.com.br\/vestidos-noiva\/wp-content\/uploads\/photo-gallery\/thumb\/JULIA%20CURVELLO%20E%20FELIPE%20FOTOS%20DE%20CASAMENTO%20VESTIDO%20DE%20NOIVA%20RJ%20ATELIER%20IVANA%20BEAUMOND%20%20(19).jpg\"                   alt=\"JULIA CURVELLO E FELIPE FOTOS DE CASAMENTO VESTIDO DE NOIVA RJ ATELIER IVANA BEAUMOND  (19)\"                   title=\"JULIA CURVELLO E FELIPE FOTOS DE CASAMENTO VESTIDO DE NOIVA RJ ATELIER IVANA BEAUMOND  (19)\" \/>            <\/div>            <div class=\"\">                                                      <\/div>          <\/div>        <\/div>                        <\/a>              <\/div>            <div class=\"bwg-item\">        <a class=\"bwg-a  bwg_lightbox\"  data-image-id=\"3418\" href=\"https:\/\/www.ivanabeaumond.com.br\/vestidos-noiva\/wp-content\/uploads\/photo-gallery\/JULIA%20CURVELLO%20E%20FELIPE%20FOTOS%20DE%20CASAMENTO%20VESTIDO%20DE%20NOIVA%20RJ%20ATELIER%20IVANA%20BEAUMOND%20%20(20).jpg\" data-elementor-open-lightbox=\"no\">                <div class=\"bwg-item0 \">          <div class=\"bwg-item1 \">            <div class=\"bwg-item2\">              <img class=\"skip-lazy bwg_standart_thumb_img_0 \"                   data-id=\"3418\"                   data-width=\"\"                   data-height=\"\"                   data-src=\"https:\/\/www.ivanabeaumond.com.br\/vestidos-noiva\/wp-content\/uploads\/photo-gallery\/thumb\/JULIA%20CURVELLO%20E%20FELIPE%20FOTOS%20DE%20CASAMENTO%20VESTIDO%20DE%20NOIVA%20RJ%20ATELIER%20IVANA%20BEAUMOND%20%20(20).jpg\"                   src=\"https:\/\/www.ivanabeaumond.com.br\/vestidos-noiva\/wp-content\/uploads\/photo-gallery\/thumb\/JULIA%20CURVELLO%20E%20FELIPE%20FOTOS%20DE%20CASAMENTO%20VESTIDO%20DE%20NOIVA%20RJ%20ATELIER%20IVANA%20BEAUMOND%20%20(20).jpg\"                   alt=\"JULIA CURVELLO E FELIPE FOTOS DE CASAMENTO VESTIDO DE NOIVA RJ ATELIER IVANA BEAUMOND  (20)\"                   title=\"JULIA CURVELLO E FELIPE FOTOS DE CASAMENTO VESTIDO DE NOIVA RJ ATELIER IVANA BEAUMOND  (20)\" \/>            <\/div>            <div class=\"\">                                                      <\/div>          <\/div>        <\/div>                        <\/a>              <\/div>            <div class=\"bwg-item\">        <a class=\"bwg-a  bwg_lightbox\"  data-image-id=\"3419\" href=\"https:\/\/www.ivanabeaumond.com.br\/vestidos-noiva\/wp-content\/uploads\/photo-gallery\/JULIA%20CURVELLO%20E%20FELIPE%20FOTOS%20DE%20CASAMENTO%20VESTIDO%20DE%20NOIVA%20RJ%20ATELIER%20IVANA%20BEAUMOND%20%20(21).jpg\" data-elementor-open-lightbox=\"no\">                <div class=\"bwg-item0 \">          <div class=\"bwg-item1 \">            <div class=\"bwg-item2\">              <img class=\"skip-lazy bwg_standart_thumb_img_0 \"                   data-id=\"3419\"                   data-width=\"\"                   data-height=\"\"                   data-src=\"https:\/\/www.ivanabeaumond.com.br\/vestidos-noiva\/wp-content\/uploads\/photo-gallery\/thumb\/JULIA%20CURVELLO%20E%20FELIPE%20FOTOS%20DE%20CASAMENTO%20VESTIDO%20DE%20NOIVA%20RJ%20ATELIER%20IVANA%20BEAUMOND%20%20(21).jpg\"                   src=\"https:\/\/www.ivanabeaumond.com.br\/vestidos-noiva\/wp-content\/uploads\/photo-gallery\/thumb\/JULIA%20CURVELLO%20E%20FELIPE%20FOTOS%20DE%20CASAMENTO%20VESTIDO%20DE%20NOIVA%20RJ%20ATELIER%20IVANA%20BEAUMOND%20%20(21).jpg\"                   alt=\"JULIA CURVELLO E FELIPE FOTOS DE CASAMENTO VESTIDO DE NOIVA RJ ATELIER IVANA BEAUMOND  (21)\"                   title=\"JULIA CURVELLO E FELIPE FOTOS DE CASAMENTO VESTIDO DE NOIVA RJ ATELIER IVANA BEAUMOND  (21)\" \/>            <\/div>            <div class=\"\">                                                      <\/div>          <\/div>        <\/div>                        <\/a>              <\/div>            <div class=\"bwg-item\">        <a class=\"bwg-a  bwg_lightbox\"  data-image-id=\"3420\" href=\"https:\/\/www.ivanabeaumond.com.br\/vestidos-noiva\/wp-content\/uploads\/photo-gallery\/JULIA%20CURVELLO%20E%20FELIPE%20FOTOS%20DE%20CASAMENTO%20VESTIDO%20DE%20NOIVA%20RJ%20ATELIER%20IVANA%20BEAUMOND%20%20(22).jpg\" data-elementor-open-lightbox=\"no\">                <div class=\"bwg-item0 \">          <div class=\"bwg-item1 \">            <div class=\"bwg-item2\">              <img class=\"skip-lazy bwg_standart_thumb_img_0 \"                   data-id=\"3420\"                   data-width=\"\"                   data-height=\"\"                   data-src=\"https:\/\/www.ivanabeaumond.com.br\/vestidos-noiva\/wp-content\/uploads\/photo-gallery\/thumb\/JULIA%20CURVELLO%20E%20FELIPE%20FOTOS%20DE%20CASAMENTO%20VESTIDO%20DE%20NOIVA%20RJ%20ATELIER%20IVANA%20BEAUMOND%20%20(22).jpg\"                   src=\"https:\/\/www.ivanabeaumond.com.br\/vestidos-noiva\/wp-content\/uploads\/photo-gallery\/thumb\/JULIA%20CURVELLO%20E%20FELIPE%20FOTOS%20DE%20CASAMENTO%20VESTIDO%20DE%20NOIVA%20RJ%20ATELIER%20IVANA%20BEAUMOND%20%20(22).jpg\"                   alt=\"JULIA CURVELLO E FELIPE FOTOS DE CASAMENTO VESTIDO DE NOIVA RJ ATELIER IVANA BEAUMOND  (22)\"                   title=\"JULIA CURVELLO E FELIPE FOTOS DE CASAMENTO VESTIDO DE NOIVA RJ ATELIER IVANA BEAUMOND  (22)\" \/>            <\/div>            <div class=\"\">                                                      <\/div>          <\/div>        <\/div>                        <\/a>              <\/div>            <div class=\"bwg-item\">        <a class=\"bwg-a  bwg_lightbox\"  data-image-id=\"3421\" href=\"https:\/\/www.ivanabeaumond.com.br\/vestidos-noiva\/wp-content\/uploads\/photo-gallery\/JULIA%20CURVELLO%20E%20FELIPE%20FOTOS%20DE%20CASAMENTO%20VESTIDO%20DE%20NOIVA%20RJ%20ATELIER%20IVANA%20BEAUMOND%20%20(23).jpg\" data-elementor-open-lightbox=\"no\">                <div class=\"bwg-item0 \">          <div class=\"bwg-item1 \">            <div class=\"bwg-item2\">              <img class=\"skip-lazy bwg_standart_thumb_img_0 \"                   data-id=\"3421\"                   data-width=\"\"                   data-height=\"\"                   data-src=\"https:\/\/www.ivanabeaumond.com.br\/vestidos-noiva\/wp-content\/uploads\/photo-gallery\/thumb\/JULIA%20CURVELLO%20E%20FELIPE%20FOTOS%20DE%20CASAMENTO%20VESTIDO%20DE%20NOIVA%20RJ%20ATELIER%20IVANA%20BEAUMOND%20%20(23).jpg\"                   src=\"https:\/\/www.ivanabeaumond.com.br\/vestidos-noiva\/wp-content\/uploads\/photo-gallery\/thumb\/JULIA%20CURVELLO%20E%20FELIPE%20FOTOS%20DE%20CASAMENTO%20VESTIDO%20DE%20NOIVA%20RJ%20ATELIER%20IVANA%20BEAUMOND%20%20(23).jpg\"                   alt=\"JULIA CURVELLO E FELIPE FOTOS DE CASAMENTO VESTIDO DE NOIVA RJ ATELIER IVANA BEAUMOND  (23)\"                   title=\"JULIA CURVELLO E FELIPE FOTOS DE CASAMENTO VESTIDO DE NOIVA RJ ATELIER IVANA BEAUMOND  (23)\" \/>            <\/div>            <div class=\"\">                                                      <\/div>          <\/div>        <\/div>                        <\/a>              <\/div>            <div class=\"bwg-item\">        <a class=\"bwg-a  bwg_lightbox\"  data-image-id=\"3422\" href=\"https:\/\/www.ivanabeaumond.com.br\/vestidos-noiva\/wp-content\/uploads\/photo-gallery\/JULIA%20CURVELLO%20E%20FELIPE%20FOTOS%20DE%20CASAMENTO%20VESTIDO%20DE%20NOIVA%20RJ%20ATELIER%20IVANA%20BEAUMOND%20%20(24).jpg\" data-elementor-open-lightbox=\"no\">                <div class=\"bwg-item0 \">          <div class=\"bwg-item1 \">            <div class=\"bwg-item2\">              <img class=\"skip-lazy bwg_standart_thumb_img_0 \"                   data-id=\"3422\"                   data-width=\"\"                   data-height=\"\"                   data-src=\"https:\/\/www.ivanabeaumond.com.br\/vestidos-noiva\/wp-content\/uploads\/photo-gallery\/thumb\/JULIA%20CURVELLO%20E%20FELIPE%20FOTOS%20DE%20CASAMENTO%20VESTIDO%20DE%20NOIVA%20RJ%20ATELIER%20IVANA%20BEAUMOND%20%20(24).jpg\"                   src=\"https:\/\/www.ivanabeaumond.com.br\/vestidos-noiva\/wp-content\/uploads\/photo-gallery\/thumb\/JULIA%20CURVELLO%20E%20FELIPE%20FOTOS%20DE%20CASAMENTO%20VESTIDO%20DE%20NOIVA%20RJ%20ATELIER%20IVANA%20BEAUMOND%20%20(24).jpg\"                   alt=\"JULIA CURVELLO E FELIPE FOTOS DE CASAMENTO VESTIDO DE NOIVA RJ ATELIER IVANA BEAUMOND  (24)\"                   title=\"JULIA CURVELLO E FELIPE FOTOS DE CASAMENTO VESTIDO DE NOIVA RJ ATELIER IVANA BEAUMOND  (24)\" \/>            <\/div>            <div class=\"\">                                                      <\/div>          <\/div>        <\/div>                        <\/a>              <\/div>            <div class=\"bwg-item\">        <a class=\"bwg-a  bwg_lightbox\"  data-image-id=\"3423\" href=\"https:\/\/www.ivanabeaumond.com.br\/vestidos-noiva\/wp-content\/uploads\/photo-gallery\/JULIA%20CURVELLO%20E%20FELIPE%20FOTOS%20DE%20CASAMENTO%20VESTIDO%20DE%20NOIVA%20RJ%20ATELIER%20IVANA%20BEAUMOND%20%20(25).jpg\" data-elementor-open-lightbox=\"no\">                <div class=\"bwg-item0 \">          <div class=\"bwg-item1 \">            <div class=\"bwg-item2\">              <img class=\"skip-lazy bwg_standart_thumb_img_0 \"                   data-id=\"3423\"                   data-width=\"\"                   data-height=\"\"                   data-src=\"https:\/\/www.ivanabeaumond.com.br\/vestidos-noiva\/wp-content\/uploads\/photo-gallery\/thumb\/JULIA%20CURVELLO%20E%20FELIPE%20FOTOS%20DE%20CASAMENTO%20VESTIDO%20DE%20NOIVA%20RJ%20ATELIER%20IVANA%20BEAUMOND%20%20(25).jpg\"                   src=\"https:\/\/www.ivanabeaumond.com.br\/vestidos-noiva\/wp-content\/uploads\/photo-gallery\/thumb\/JULIA%20CURVELLO%20E%20FELIPE%20FOTOS%20DE%20CASAMENTO%20VESTIDO%20DE%20NOIVA%20RJ%20ATELIER%20IVANA%20BEAUMOND%20%20(25).jpg\"                   alt=\"JULIA CURVELLO E FELIPE FOTOS DE CASAMENTO VESTIDO DE NOIVA RJ ATELIER IVANA BEAUMOND  (25)\"                   title=\"JULIA CURVELLO E FELIPE FOTOS DE CASAMENTO VESTIDO DE NOIVA RJ ATELIER IVANA BEAUMOND  (25)\" \/>            <\/div>            <div class=\"\">                                                      <\/div>          <\/div>        <\/div>                        <\/a>              <\/div>            <div class=\"bwg-item\">        <a class=\"bwg-a  bwg_lightbox\"  data-image-id=\"3407\" href=\"https:\/\/www.ivanabeaumond.com.br\/vestidos-noiva\/wp-content\/uploads\/photo-gallery\/JULIA%20CURVELLO%20E%20FELIPE%20FOTOS%20DE%20CASAMENTO%20VESTIDO%20DE%20NOIVA%20RJ%20ATELIER%20IVANA%20BEAUMOND%20%20(9).jpg\" data-elementor-open-lightbox=\"no\">                <div class=\"bwg-item0 \">          <div class=\"bwg-item1 \">            <div class=\"bwg-item2\">              <img class=\"skip-lazy bwg_standart_thumb_img_0 \"                   data-id=\"3407\"                   data-width=\"\"                   data-height=\"\"                   data-src=\"https:\/\/www.ivanabeaumond.com.br\/vestidos-noiva\/wp-content\/uploads\/photo-gallery\/thumb\/JULIA%20CURVELLO%20E%20FELIPE%20FOTOS%20DE%20CASAMENTO%20VESTIDO%20DE%20NOIVA%20RJ%20ATELIER%20IVANA%20BEAUMOND%20%20(9).jpg\"                   src=\"https:\/\/www.ivanabeaumond.com.br\/vestidos-noiva\/wp-content\/uploads\/photo-gallery\/thumb\/JULIA%20CURVELLO%20E%20FELIPE%20FOTOS%20DE%20CASAMENTO%20VESTIDO%20DE%20NOIVA%20RJ%20ATELIER%20IVANA%20BEAUMOND%20%20(9).jpg\"                   alt=\"JULIA CURVELLO E FELIPE FOTOS DE CASAMENTO VESTIDO DE NOIVA RJ ATELIER IVANA BEAUMOND  (9)\"                   title=\"JULIA CURVELLO E FELIPE FOTOS DE CASAMENTO VESTIDO DE NOIVA RJ ATELIER IVANA BEAUMOND  (9)\" \/>            <\/div>            <div class=\"\">                                                      <\/div>          <\/div>        <\/div>                        <\/a>              <\/div>            <div class=\"bwg-item\">        <a class=\"bwg-a  bwg_lightbox\"  data-image-id=\"3408\" href=\"https:\/\/www.ivanabeaumond.com.br\/vestidos-noiva\/wp-content\/uploads\/photo-gallery\/JULIA%20CURVELLO%20E%20FELIPE%20FOTOS%20DE%20CASAMENTO%20VESTIDO%20DE%20NOIVA%20RJ%20ATELIER%20IVANA%20BEAUMOND%20%20(10).jpg\" data-elementor-open-lightbox=\"no\">                <div class=\"bwg-item0 \">          <div class=\"bwg-item1 \">            <div class=\"bwg-item2\">              <img class=\"skip-lazy bwg_standart_thumb_img_0 \"                   data-id=\"3408\"                   data-width=\"\"                   data-height=\"\"                   data-src=\"https:\/\/www.ivanabeaumond.com.br\/vestidos-noiva\/wp-content\/uploads\/photo-gallery\/thumb\/JULIA%20CURVELLO%20E%20FELIPE%20FOTOS%20DE%20CASAMENTO%20VESTIDO%20DE%20NOIVA%20RJ%20ATELIER%20IVANA%20BEAUMOND%20%20(10).jpg\"                   src=\"https:\/\/www.ivanabeaumond.com.br\/vestidos-noiva\/wp-content\/uploads\/photo-gallery\/thumb\/JULIA%20CURVELLO%20E%20FELIPE%20FOTOS%20DE%20CASAMENTO%20VESTIDO%20DE%20NOIVA%20RJ%20ATELIER%20IVANA%20BEAUMOND%20%20(10).jpg\"                   alt=\"JULIA CURVELLO E FELIPE FOTOS DE CASAMENTO VESTIDO DE NOIVA RJ ATELIER IVANA BEAUMOND  (10)\"                   title=\"JULIA CURVELLO E FELIPE FOTOS DE CASAMENTO VESTIDO DE NOIVA RJ ATELIER IVANA BEAUMOND  (10)\" \/>            <\/div>            <div class=\"\">                                                      <\/div>          <\/div>        <\/div>                        <\/a>              <\/div>            <div class=\"bwg-item\">        <a class=\"bwg-a  bwg_lightbox\"  data-image-id=\"3410\" href=\"https:\/\/www.ivanabeaumond.com.br\/vestidos-noiva\/wp-content\/uploads\/photo-gallery\/JULIA%20CURVELLO%20E%20FELIPE%20FOTOS%20DE%20CASAMENTO%20VESTIDO%20DE%20NOIVA%20RJ%20ATELIER%20IVANA%20BEAUMOND%20%20(12).jpg\" data-elementor-open-lightbox=\"no\">                <div class=\"bwg-item0 \">          <div class=\"bwg-item1 \">            <div class=\"bwg-item2\">              <img class=\"skip-lazy bwg_standart_thumb_img_0 \"                   data-id=\"3410\"                   data-width=\"\"                   data-height=\"\"                   data-src=\"https:\/\/www.ivanabeaumond.com.br\/vestidos-noiva\/wp-content\/uploads\/photo-gallery\/thumb\/JULIA%20CURVELLO%20E%20FELIPE%20FOTOS%20DE%20CASAMENTO%20VESTIDO%20DE%20NOIVA%20RJ%20ATELIER%20IVANA%20BEAUMOND%20%20(12).jpg\"                   src=\"https:\/\/www.ivanabeaumond.com.br\/vestidos-noiva\/wp-content\/uploads\/photo-gallery\/thumb\/JULIA%20CURVELLO%20E%20FELIPE%20FOTOS%20DE%20CASAMENTO%20VESTIDO%20DE%20NOIVA%20RJ%20ATELIER%20IVANA%20BEAUMOND%20%20(12).jpg\"                   alt=\"JULIA CURVELLO E FELIPE FOTOS DE CASAMENTO VESTIDO DE NOIVA RJ ATELIER IVANA BEAUMOND  (12)\"                   title=\"JULIA CURVELLO E FELIPE FOTOS DE CASAMENTO VESTIDO DE NOIVA RJ ATELIER IVANA BEAUMOND  (12)\" \/>            <\/div>            <div class=\"\">                                                      <\/div>          <\/div>        <\/div>                        <\/a>              <\/div>            <div class=\"bwg-item\">        <a class=\"bwg-a  bwg_lightbox\"  data-image-id=\"3411\" href=\"https:\/\/www.ivanabeaumond.com.br\/vestidos-noiva\/wp-content\/uploads\/photo-gallery\/JULIA%20CURVELLO%20E%20FELIPE%20FOTOS%20DE%20CASAMENTO%20VESTIDO%20DE%20NOIVA%20RJ%20ATELIER%20IVANA%20BEAUMOND%20%20(13).jpg\" data-elementor-open-lightbox=\"no\">                <div class=\"bwg-item0 \">          <div class=\"bwg-item1 \">            <div class=\"bwg-item2\">              <img class=\"skip-lazy bwg_standart_thumb_img_0 \"                   data-id=\"3411\"                   data-width=\"\"                   data-height=\"\"                   data-src=\"https:\/\/www.ivanabeaumond.com.br\/vestidos-noiva\/wp-content\/uploads\/photo-gallery\/thumb\/JULIA%20CURVELLO%20E%20FELIPE%20FOTOS%20DE%20CASAMENTO%20VESTIDO%20DE%20NOIVA%20RJ%20ATELIER%20IVANA%20BEAUMOND%20%20(13).jpg\"                   src=\"https:\/\/www.ivanabeaumond.com.br\/vestidos-noiva\/wp-content\/uploads\/photo-gallery\/thumb\/JULIA%20CURVELLO%20E%20FELIPE%20FOTOS%20DE%20CASAMENTO%20VESTIDO%20DE%20NOIVA%20RJ%20ATELIER%20IVANA%20BEAUMOND%20%20(13).jpg\"                   alt=\"JULIA CURVELLO E FELIPE FOTOS DE CASAMENTO VESTIDO DE NOIVA RJ ATELIER IVANA BEAUMOND  (13)\"                   title=\"JULIA CURVELLO E FELIPE FOTOS DE CASAMENTO VESTIDO DE NOIVA RJ ATELIER IVANA BEAUMOND  (13)\" \/>            <\/div>            <div class=\"\">                                                      <\/div>          <\/div>        <\/div>                        <\/a>              <\/div>            <div class=\"bwg-item\">        <a class=\"bwg-a  bwg_lightbox\"  data-image-id=\"3424\" href=\"https:\/\/www.ivanabeaumond.com.br\/vestidos-noiva\/wp-content\/uploads\/photo-gallery\/JULIA%20CURVELLO%20E%20FELIPE%20FOTOS%20DE%20CASAMENTO%20VESTIDO%20DE%20NOIVA%20RJ%20ATELIER%20IVANA%20BEAUMOND%20%20(26).jpg\" data-elementor-open-lightbox=\"no\">                <div class=\"bwg-item0 \">          <div class=\"bwg-item1 \">            <div class=\"bwg-item2\">              <img class=\"skip-lazy bwg_standart_thumb_img_0 \"                   data-id=\"3424\"                   data-width=\"\"                   data-height=\"\"                   data-src=\"https:\/\/www.ivanabeaumond.com.br\/vestidos-noiva\/wp-content\/uploads\/photo-gallery\/thumb\/JULIA%20CURVELLO%20E%20FELIPE%20FOTOS%20DE%20CASAMENTO%20VESTIDO%20DE%20NOIVA%20RJ%20ATELIER%20IVANA%20BEAUMOND%20%20(26).jpg\"                   src=\"https:\/\/www.ivanabeaumond.com.br\/vestidos-noiva\/wp-content\/uploads\/photo-gallery\/thumb\/JULIA%20CURVELLO%20E%20FELIPE%20FOTOS%20DE%20CASAMENTO%20VESTIDO%20DE%20NOIVA%20RJ%20ATELIER%20IVANA%20BEAUMOND%20%20(26).jpg\"                   alt=\"JULIA CURVELLO E FELIPE FOTOS DE CASAMENTO VESTIDO DE NOIVA RJ ATELIER IVANA BEAUMOND  (26)\"                   title=\"JULIA CURVELLO E FELIPE FOTOS DE CASAMENTO VESTIDO DE NOIVA RJ ATELIER IVANA BEAUMOND  (26)\" \/>            <\/div>            <div class=\"\">                                                      <\/div>          <\/div>        <\/div>                        <\/a>              <\/div>            <div class=\"bwg-item\">        <a class=\"bwg-a  bwg_lightbox\"  data-image-id=\"3425\" href=\"https:\/\/www.ivanabeaumond.com.br\/vestidos-noiva\/wp-content\/uploads\/photo-gallery\/JULIA%20CURVELLO%20E%20FELIPE%20FOTOS%20DE%20CASAMENTO%20VESTIDO%20DE%20NOIVA%20RJ%20ATELIER%20IVANA%20BEAUMOND%20%20(27).jpg\" data-elementor-open-lightbox=\"no\">                <div class=\"bwg-item0 \">          <div class=\"bwg-item1 \">            <div class=\"bwg-item2\">              <img class=\"skip-lazy bwg_standart_thumb_img_0 \"                   data-id=\"3425\"                   data-width=\"\"                   data-height=\"\"                   data-src=\"https:\/\/www.ivanabeaumond.com.br\/vestidos-noiva\/wp-content\/uploads\/photo-gallery\/thumb\/JULIA%20CURVELLO%20E%20FELIPE%20FOTOS%20DE%20CASAMENTO%20VESTIDO%20DE%20NOIVA%20RJ%20ATELIER%20IVANA%20BEAUMOND%20%20(27).jpg\"                   src=\"https:\/\/www.ivanabeaumond.com.br\/vestidos-noiva\/wp-content\/uploads\/photo-gallery\/thumb\/JULIA%20CURVELLO%20E%20FELIPE%20FOTOS%20DE%20CASAMENTO%20VESTIDO%20DE%20NOIVA%20RJ%20ATELIER%20IVANA%20BEAUMOND%20%20(27).jpg\"                   alt=\"JULIA CURVELLO E FELIPE FOTOS DE CASAMENTO VESTIDO DE NOIVA RJ ATELIER IVANA BEAUMOND  (27)\"                   title=\"JULIA CURVELLO E FELIPE FOTOS DE CASAMENTO VESTIDO DE NOIVA RJ ATELIER IVANA BEAUMOND  (27)\" \/>            <\/div>            <div class=\"\">                                                      <\/div>          <\/div>        <\/div>                        <\/a>              <\/div>            <div class=\"bwg-item\">        <a class=\"bwg-a  bwg_lightbox\"  data-image-id=\"3427\" href=\"https:\/\/www.ivanabeaumond.com.br\/vestidos-noiva\/wp-content\/uploads\/photo-gallery\/JULIA%20CURVELLO%20E%20FELIPE%20FOTOS%20DE%20CASAMENTO%20VESTIDO%20DE%20NOIVA%20RJ%20ATELIER%20IVANA%20BEAUMOND%20%20(29).jpg\" data-elementor-open-lightbox=\"no\">                <div class=\"bwg-item0 \">          <div class=\"bwg-item1 \">            <div class=\"bwg-item2\">              <img class=\"skip-lazy bwg_standart_thumb_img_0 \"                   data-id=\"3427\"                   data-width=\"\"                   data-height=\"\"                   data-src=\"https:\/\/www.ivanabeaumond.com.br\/vestidos-noiva\/wp-content\/uploads\/photo-gallery\/thumb\/JULIA%20CURVELLO%20E%20FELIPE%20FOTOS%20DE%20CASAMENTO%20VESTIDO%20DE%20NOIVA%20RJ%20ATELIER%20IVANA%20BEAUMOND%20%20(29).jpg\"                   src=\"https:\/\/www.ivanabeaumond.com.br\/vestidos-noiva\/wp-content\/uploads\/photo-gallery\/thumb\/JULIA%20CURVELLO%20E%20FELIPE%20FOTOS%20DE%20CASAMENTO%20VESTIDO%20DE%20NOIVA%20RJ%20ATELIER%20IVANA%20BEAUMOND%20%20(29).jpg\"                   alt=\"JULIA CURVELLO E FELIPE FOTOS DE CASAMENTO VESTIDO DE NOIVA RJ ATELIER IVANA BEAUMOND  (29)\"                   title=\"JULIA CURVELLO E FELIPE FOTOS DE CASAMENTO VESTIDO DE NOIVA RJ ATELIER IVANA BEAUMOND  (29)\" \/>            <\/div>            <div class=\"\">                                                      <\/div>          <\/div>        <\/div>                        <\/a>              <\/div>            <div class=\"bwg-item\">        <a class=\"bwg-a  bwg_lightbox\"  data-image-id=\"3426\" href=\"https:\/\/www.ivanabeaumond.com.br\/vestidos-noiva\/wp-content\/uploads\/photo-gallery\/JULIA%20CURVELLO%20E%20FELIPE%20FOTOS%20DE%20CASAMENTO%20VESTIDO%20DE%20NOIVA%20RJ%20ATELIER%20IVANA%20BEAUMOND%20%20(28).jpg\" data-elementor-open-lightbox=\"no\">                <div class=\"bwg-item0 \">          <div class=\"bwg-item1 \">            <div class=\"bwg-item2\">              <img class=\"skip-lazy bwg_standart_thumb_img_0 \"                   data-id=\"3426\"                   data-width=\"\"                   data-height=\"\"                   data-src=\"https:\/\/www.ivanabeaumond.com.br\/vestidos-noiva\/wp-content\/uploads\/photo-gallery\/thumb\/JULIA%20CURVELLO%20E%20FELIPE%20FOTOS%20DE%20CASAMENTO%20VESTIDO%20DE%20NOIVA%20RJ%20ATELIER%20IVANA%20BEAUMOND%20%20(28).jpg\"                   src=\"https:\/\/www.ivanabeaumond.com.br\/vestidos-noiva\/wp-content\/uploads\/photo-gallery\/thumb\/JULIA%20CURVELLO%20E%20FELIPE%20FOTOS%20DE%20CASAMENTO%20VESTIDO%20DE%20NOIVA%20RJ%20ATELIER%20IVANA%20BEAUMOND%20%20(28).jpg\"                   alt=\"JULIA CURVELLO E FELIPE FOTOS DE CASAMENTO VESTIDO DE NOIVA RJ ATELIER IVANA BEAUMOND  (28)\"                   title=\"JULIA CURVELLO E FELIPE FOTOS DE CASAMENTO VESTIDO DE NOIVA RJ ATELIER IVANA BEAUMOND  (28)\" \/>            <\/div>            <div class=\"\">                                                      <\/div>          <\/div>        <\/div>                        <\/a>              <\/div>            <div class=\"bwg-item\">        <a class=\"bwg-a  bwg_lightbox\"  data-image-id=\"3428\" href=\"https:\/\/www.ivanabeaumond.com.br\/vestidos-noiva\/wp-content\/uploads\/photo-gallery\/JULIA%20CURVELLO%20E%20FELIPE%20FOTOS%20DE%20CASAMENTO%20VESTIDO%20DE%20NOIVA%20RJ%20ATELIER%20IVANA%20BEAUMOND%20%20(30).jpg\" data-elementor-open-lightbox=\"no\">                <div class=\"bwg-item0 \">          <div class=\"bwg-item1 \">            <div class=\"bwg-item2\">              <img class=\"skip-lazy bwg_standart_thumb_img_0 \"                   data-id=\"3428\"                   data-width=\"\"                   data-height=\"\"                   data-src=\"https:\/\/www.ivanabeaumond.com.br\/vestidos-noiva\/wp-content\/uploads\/photo-gallery\/thumb\/JULIA%20CURVELLO%20E%20FELIPE%20FOTOS%20DE%20CASAMENTO%20VESTIDO%20DE%20NOIVA%20RJ%20ATELIER%20IVANA%20BEAUMOND%20%20(30).jpg\"                   src=\"https:\/\/www.ivanabeaumond.com.br\/vestidos-noiva\/wp-content\/uploads\/photo-gallery\/thumb\/JULIA%20CURVELLO%20E%20FELIPE%20FOTOS%20DE%20CASAMENTO%20VESTIDO%20DE%20NOIVA%20RJ%20ATELIER%20IVANA%20BEAUMOND%20%20(30).jpg\"                   alt=\"JULIA CURVELLO E FELIPE FOTOS DE CASAMENTO VESTIDO DE NOIVA RJ ATELIER IVANA BEAUMOND  (30)\"                   title=\"JULIA CURVELLO E FELIPE FOTOS DE CASAMENTO VESTIDO DE NOIVA RJ ATELIER IVANA BEAUMOND  (30)\" \/>            <\/div>            <div class=\"\">                                                      <\/div>          <\/div>        <\/div>                        <\/a>              <\/div>            <div class=\"bwg-item\">        <a class=\"bwg-a  bwg_lightbox\"  data-image-id=\"3430\" href=\"https:\/\/www.ivanabeaumond.com.br\/vestidos-noiva\/wp-content\/uploads\/photo-gallery\/JULIA%20CURVELLO%20E%20FELIPE%20FOTOS%20DE%20CASAMENTO%20VESTIDO%20DE%20NOIVA%20RJ%20ATELIER%20IVANA%20BEAUMOND%20%20(32).jpg\" data-elementor-open-lightbox=\"no\">                <div class=\"bwg-item0 \">          <div class=\"bwg-item1 \">            <div class=\"bwg-item2\">              <img class=\"skip-lazy bwg_standart_thumb_img_0 \"                   data-id=\"3430\"                   data-width=\"\"                   data-height=\"\"                   data-src=\"https:\/\/www.ivanabeaumond.com.br\/vestidos-noiva\/wp-content\/uploads\/photo-gallery\/thumb\/JULIA%20CURVELLO%20E%20FELIPE%20FOTOS%20DE%20CASAMENTO%20VESTIDO%20DE%20NOIVA%20RJ%20ATELIER%20IVANA%20BEAUMOND%20%20(32).jpg\"                   src=\"https:\/\/www.ivanabeaumond.com.br\/vestidos-noiva\/wp-content\/uploads\/photo-gallery\/thumb\/JULIA%20CURVELLO%20E%20FELIPE%20FOTOS%20DE%20CASAMENTO%20VESTIDO%20DE%20NOIVA%20RJ%20ATELIER%20IVANA%20BEAUMOND%20%20(32).jpg\"                   alt=\"JULIA CURVELLO E FELIPE FOTOS DE CASAMENTO VESTIDO DE NOIVA RJ ATELIER IVANA BEAUMOND  (32)\"                   title=\"JULIA CURVELLO E FELIPE FOTOS DE CASAMENTO VESTIDO DE NOIVA RJ ATELIER IVANA BEAUMOND  (32)\" \/>            <\/div>            <div class=\"\">                                                      <\/div>          <\/div>        <\/div>                        <\/a>              <\/div>            <div class=\"bwg-item\">        <a class=\"bwg-a  bwg_lightbox\"  data-image-id=\"3429\" href=\"https:\/\/www.ivanabeaumond.com.br\/vestidos-noiva\/wp-content\/uploads\/photo-gallery\/JULIA%20CURVELLO%20E%20FELIPE%20FOTOS%20DE%20CASAMENTO%20VESTIDO%20DE%20NOIVA%20RJ%20ATELIER%20IVANA%20BEAUMOND%20%20(31).jpg\" data-elementor-open-lightbox=\"no\">                <div class=\"bwg-item0 \">          <div class=\"bwg-item1 \">            <div class=\"bwg-item2\">              <img class=\"skip-lazy bwg_standart_thumb_img_0 \"                   data-id=\"3429\"                   data-width=\"\"                   data-height=\"\"                   data-src=\"https:\/\/www.ivanabeaumond.com.br\/vestidos-noiva\/wp-content\/uploads\/photo-gallery\/thumb\/JULIA%20CURVELLO%20E%20FELIPE%20FOTOS%20DE%20CASAMENTO%20VESTIDO%20DE%20NOIVA%20RJ%20ATELIER%20IVANA%20BEAUMOND%20%20(31).jpg\"                   src=\"https:\/\/www.ivanabeaumond.com.br\/vestidos-noiva\/wp-content\/uploads\/photo-gallery\/thumb\/JULIA%20CURVELLO%20E%20FELIPE%20FOTOS%20DE%20CASAMENTO%20VESTIDO%20DE%20NOIVA%20RJ%20ATELIER%20IVANA%20BEAUMOND%20%20(31).jpg\"                   alt=\"JULIA CURVELLO E FELIPE FOTOS DE CASAMENTO VESTIDO DE NOIVA RJ ATELIER IVANA BEAUMOND  (31)\"                   title=\"JULIA CURVELLO E FELIPE FOTOS DE CASAMENTO VESTIDO DE NOIVA RJ ATELIER IVANA BEAUMOND  (31)\" \/>            <\/div>            <div class=\"\">                                                      <\/div>          <\/div>        <\/div>                        <\/a>              <\/div>            <div class=\"bwg-item\">        <a class=\"bwg-a  bwg_lightbox\"  data-image-id=\"3431\" href=\"https:\/\/www.ivanabeaumond.com.br\/vestidos-noiva\/wp-content\/uploads\/photo-gallery\/JULIA%20CURVELLO%20E%20FELIPE%20FOTOS%20DE%20CASAMENTO%20VESTIDO%20DE%20NOIVA%20RJ%20ATELIER%20IVANA%20BEAUMOND%20%20(33).jpg\" data-elementor-open-lightbox=\"no\">                <div class=\"bwg-item0 \">          <div class=\"bwg-item1 \">            <div class=\"bwg-item2\">              <img class=\"skip-lazy bwg_standart_thumb_img_0 \"                   data-id=\"3431\"                   data-width=\"\"                   data-height=\"\"                   data-src=\"https:\/\/www.ivanabeaumond.com.br\/vestidos-noiva\/wp-content\/uploads\/photo-gallery\/thumb\/JULIA%20CURVELLO%20E%20FELIPE%20FOTOS%20DE%20CASAMENTO%20VESTIDO%20DE%20NOIVA%20RJ%20ATELIER%20IVANA%20BEAUMOND%20%20(33).jpg\"                   src=\"https:\/\/www.ivanabeaumond.com.br\/vestidos-noiva\/wp-content\/uploads\/photo-gallery\/thumb\/JULIA%20CURVELLO%20E%20FELIPE%20FOTOS%20DE%20CASAMENTO%20VESTIDO%20DE%20NOIVA%20RJ%20ATELIER%20IVANA%20BEAUMOND%20%20(33).jpg\"                   alt=\"JULIA CURVELLO E FELIPE FOTOS DE CASAMENTO VESTIDO DE NOIVA RJ ATELIER IVANA BEAUMOND  (33)\"                   title=\"JULIA CURVELLO E FELIPE FOTOS DE CASAMENTO VESTIDO DE NOIVA RJ ATELIER IVANA BEAUMOND  (33)\" \/>            <\/div>            <div class=\"\">                                                      <\/div>          <\/div>        <\/div>                        <\/a>              <\/div>            <div class=\"bwg-item\">        <a class=\"bwg-a  bwg_lightbox\"  data-image-id=\"3432\" href=\"https:\/\/www.ivanabeaumond.com.br\/vestidos-noiva\/wp-content\/uploads\/photo-gallery\/JULIA%20CURVELLO%20E%20FELIPE%20FOTOS%20DE%20CASAMENTO%20VESTIDO%20DE%20NOIVA%20RJ%20ATELIER%20IVANA%20BEAUMOND%20%20(34).jpg\" data-elementor-open-lightbox=\"no\">                <div class=\"bwg-item0 \">          <div class=\"bwg-item1 \">            <div class=\"bwg-item2\">              <img class=\"skip-lazy bwg_standart_thumb_img_0 \"                   data-id=\"3432\"                   data-width=\"\"                   data-height=\"\"                   data-src=\"https:\/\/www.ivanabeaumond.com.br\/vestidos-noiva\/wp-content\/uploads\/photo-gallery\/thumb\/JULIA%20CURVELLO%20E%20FELIPE%20FOTOS%20DE%20CASAMENTO%20VESTIDO%20DE%20NOIVA%20RJ%20ATELIER%20IVANA%20BEAUMOND%20%20(34).jpg\"                   src=\"https:\/\/www.ivanabeaumond.com.br\/vestidos-noiva\/wp-content\/uploads\/photo-gallery\/thumb\/JULIA%20CURVELLO%20E%20FELIPE%20FOTOS%20DE%20CASAMENTO%20VESTIDO%20DE%20NOIVA%20RJ%20ATELIER%20IVANA%20BEAUMOND%20%20(34).jpg\"                   alt=\"JULIA CURVELLO E FELIPE FOTOS DE CASAMENTO VESTIDO DE NOIVA RJ ATELIER IVANA BEAUMOND  (34)\"                   title=\"JULIA CURVELLO E FELIPE FOTOS DE CASAMENTO VESTIDO DE NOIVA RJ ATELIER IVANA BEAUMOND  (34)\" \/>            <\/div>            <div class=\"\">                                                      <\/div>          <\/div>        <\/div>                        <\/a>              <\/div>          <\/div>    <style>      \/*pagination styles*\/      #bwg_container1_0 #bwg_container2_0 .tablenav-pages_0 {\t\t\t\ttext-align: center;\t\t\t\tfont-size: 12px;\t\t\t\tfont-family: segoe ui;\t\t\t\tfont-weight: bold;\t\t\t\tcolor: #666666;\t\t\t\tmargin: 6px 0 4px;\t\t\t\tdisplay: block;      }      @media only screen and (max-width : 320px) {      #bwg_container1_0 #bwg_container2_0 .displaying-num_0 {     \t display: none;      }      }      #bwg_container1_0 #bwg_container2_0 .displaying-num_0 {\t\t\t\tfont-size: 12px;\t\t\t\tfont-family: segoe ui;\t\t\t\tfont-weight: bold;\t\t\t\tcolor: #666666;\t\t\t\tmargin-right: 10px;\t\t\t\tvertical-align: middle;      }      #bwg_container1_0 #bwg_container2_0 .paging-input_0 {\t\t\t\tfont-size: 12px;\t\t\t\tfont-family: segoe ui;\t\t\t\tfont-weight: bold;\t\t\t\tcolor: #666666;\t\t\t\tvertical-align: middle;      }      #bwg_container1_0 #bwg_container2_0 .tablenav-pages_0 a.disabled,      #bwg_container1_0 #bwg_container2_0 .tablenav-pages_0 a.disabled:hover,      #bwg_container1_0 #bwg_container2_0 .tablenav-pages_0 a.disabled:focus,\t\t\t#bwg_container1_0 #bwg_container2_0 .tablenav-pages_0 input.bwg_current_page {\t\t\t\tcursor: default;\t\t\t\tcolor: rgba(102, 102, 102, 0.5);      }      #bwg_container1_0 #bwg_container2_0 .tablenav-pages_0 a,      #bwg_container1_0 #bwg_container2_0 .tablenav-pages_0 input.bwg_current_page {\t\t\t\tcursor: pointer;\t\t\t\ttext-align: center;\t\t\t\tfont-size: 12px;\t\t\t\tfont-family: segoe ui;\t\t\t\tfont-weight: bold;\t\t\t\tcolor: #666666;\t\t\t\ttext-decoration: none;\t\t\t\tpadding: 3px 6px;\t\t\t\tmargin: 0;\t\t\t\tborder-radius: 0;\t\t\t\tborder-style: solid;\t\t\t\tborder-width: 1px;\t\t\t\tborder-color: #E3E3E3;\t\t\t\t\t\t\t\tbackground-color: rgba(255, 255, 255, 1.00);\t\t\t\tbox-shadow: 0;\t\t\t\ttransition: all 0.3s ease 0s;-webkit-transition: all 0.3s ease 0s;      }      <\/style>      <span class=\"bwg_nav_cont_0\">              <div class=\"tablenav-pages_0\">                      <span class=\"pagination-links_0 pagination-links\" data-pages-count=\"2\">              <span class=\"pagination-links_col1\">              <a class=\"bwg-a first-page disabled\" title=\"Ir para a primeira p\u00e1gina\" >\u00ab<\/a>              <a class=\"bwg-a prev-page disabled\" title=\"V\u00e1 para a p\u00e1gina anterior\" >\u2039<\/a>              <\/span>\t\t\t\t\t\t\t<span class=\"pagination-links_col2\">\t\t\t\t\t\t\t\t\t<input type=\"number\" class=\"bwg_current_page\" name=\"bwg_current_page\" value=\"1\" data-url-info=\"page_number_0\" onkeypress=\"return bwg_change_page_0(event, this)\" min=\"1\" oninput=\"validity.valid||(value='')\" \/>\t\t\t\t\t\t\t\t\t\tde\t\t\t\t\t\t\t\t\t\t<span class=\"total-pages_0\">\t\t\t\t\t\t\t\t\t\t\t2\t\t\t\t\t\t\t\t\t\t<\/span>\t\t\t\t\t\t\t<\/span>              <span class=\"pagination-links_col3\">                <a class=\"bwg-a next-page-0\" title=\"Ir para a pr\u00f3xima p\u00e1gina\" href=\"\/vestidos-noiva\/wp-json\/wp\/v2\/posts\/17779?page_number_0=2\">\u203a<\/a>                <a class=\"bwg-a last-page-0\" title=\"Ir para a \u00faltima p\u00e1gina\" href=\"\/vestidos-noiva\/wp-json\/wp\/v2\/posts\/17779?page_number_0=2\">\u00bb<\/a>              <\/span>\t\t\t\t\t\t<\/span>\t\t\t\t\t\t        <\/div>                <input type=\"hidden\" id=\"page_number_0\" name=\"page_number_0\" value=\"1\" \/>      <script type=\"text\/javascript\">        if( jQuery('.bwg_nav_cont_0').length > 1 ) {          jQuery('.bwg_nav_cont_0').first().remove()        }        function spider_page_0(cur, x, y, load_more) {          if (typeof load_more == \"undefined\") {            var load_more = false;          }          if (jQuery(cur).hasClass('disabled')) {            return false;          }          var items_county_0 = 2;          switch (y) {            case 1:              if (x >= items_county_0) {                document.getElementById('page_number_0').value = items_county_0;              }              else {                document.getElementById('page_number_0').value = x + 1;              }              break;            case 2:              document.getElementById('page_number_0').value = items_county_0;              break;            case -1:              if (x == 1) {                document.getElementById('page_number_0').value = 1;              }              else {                document.getElementById('page_number_0').value = x - 1;              }              break;            case -2:              document.getElementById('page_number_0').value = 1;              break;\t\t\t\t\t\tcase 0:              document.getElementById('page_number_0').value = x;              break;            default:              document.getElementById('page_number_0').value = 1;          }          bwg_ajax('gal_front_form_0', '0', 'bwg_thumbnails_0', '0', '', 'gallery', 0, '', '', load_more, '', 1);        }                    jQuery('.first-page disabled').on('click', function () {              spider_page_0(this, 1, -2, 'numeric');              return false;            });            jQuery('.prev-page disabled').on('click', function () {              spider_page_0(this, 1, -1, 'numeric');              return false;            });            jQuery('.next-page-0').on('click', function () {              spider_page_0(this, 1, 1, 'numeric');              return false;            });            jQuery('.last-page-0').on('click', function () {              spider_page_0(this, 1, 2, 'numeric');              return false;            });        \t\t\t\t\/* Change page on input enter. *\/        function bwg_change_page_0( e, that ) {          if (  e.key == 'Enter' ) {            var to_page = parseInt(jQuery(that).val());            var pages_count = jQuery(that).parents(\".pagination-links\").data(\"pages-count\");            var current_url_param = jQuery(that).attr('data-url-info');            if (to_page > pages_count) {              to_page = 1;            }\t \t\t\t\t\t\t\t\t\t\t\t\tspider_page_0(this, to_page, 0, 'numeric');\t\t\t\t\t\t\treturn false;\t\t\t\t\t\t          }          return true;        }        jQuery('.bwg_load_btn_0').on('click', function () {            spider_page_0(this, 1, 1, true);            return false;        });      <\/script>      <\/span>                <\/div>        <\/form>        <style>          #bwg_container1_0 #bwg_container2_0 #spider_popup_overlay_0 {          background-color: #000000;          opacity: 0.70;          }          <\/style>        <div id=\"bwg_spider_popup_loading_0\" class=\"bwg_spider_popup_loading\"><\/div>        <div id=\"spider_popup_overlay_0\" class=\"spider_popup_overlay\" onclick=\"spider_destroypopup(1000)\"><\/div>        <input type=\"hidden\" id=\"bwg_random_seed_0\" value=\"1600484334\">                <\/div>    <\/div>    <script>      if (document.readyState === 'complete') {        if( typeof bwg_main_ready == 'function' ) {          if ( jQuery(\"#bwg_container1_0\").height() ) {            bwg_main_ready(jQuery(\"#bwg_container1_0\"));          }        }      } else {        document.addEventListener('DOMContentLoaded', function() {          if( typeof bwg_main_ready == 'function' ) {            if ( jQuery(\"#bwg_container1_0\").height() ) {             bwg_main_ready(jQuery(\"#bwg_container1_0\"));            }          }        });      }    <\/script>    \n\n\n\n<div style=\"height:64px\" aria-hidden=\"true\" class=\"wp-block-spacer\"><\/div>\n\n\n\n<h4 class=\"wp-block-heading\"><span style=\"color: #000000;\">Ficha T\u00e9cnica:<\/span><\/h4>\n\n\n\n<h4 class=\"wp-block-heading\"><span style=\"color: #000000;\">Vestido da Noiva: Atelier Ivana Beaumond Paris. Casa de Festas: Bistr\u00f4 160. Make e Hair: La\u00eds Piubel. Buqu\u00ea: Aurora Atelier Floral. Fotografia: Muniz e Maia. Filmagens: Fred Ibiapina.<\/span><\/h4>\n\n\n\n<div style=\"height:68px\" aria-hidden=\"true\" class=\"wp-block-spacer\"><\/div>\n\n\n\n<h4 class=\"wp-block-heading\"><span style=\"color: #999999;\">Gostou? Siga nosso instagram&nbsp;<\/span><a href=\"https:\/\/www.instagram.com\/ivanabeaumond\/\">@ivanabeaumond<\/a><span style=\"color: #999999;\">&nbsp;e curta nossa<\/span>&nbsp;<a href=\"https:\/\/www.facebook.com\/IvanaBeaumond\/\" target=\"_blank\" rel=\"noopener noreferrer\">fanpage<\/a>&nbsp;&nbsp;<span style=\"color: #999999;\">no Facebook para ficar por dentro de tudo o que rola no mundo das noivas, e conhe\u00e7a nossos Melhores Modelos de Vestidos de Noivas Nacionais, Importados e Sob Medida.<\/span><\/h4>\n","protected":false},"excerpt":{"rendered":"<p>\u00c0s vezes, \u00e9 a simplicidade que faz com que os&#8230;<\/p>\n","protected":false},"author":4,"featured_media":23613,"comment_status":"closed","ping_status":"closed","sticky":false,"template":"","format":"standard","meta":[],"categories":[60,130],"tags":[131,203,650,444,528,161,585,350,863,755,651,209,99,102,243,286,278,164,163,158,1139,97,138,115,690,210],"yoast_head":"<!-- This site is optimized with the Yoast SEO plugin v20.3 - https:\/\/yoast.com\/wordpress\/plugins\/seo\/ -->\n<title>Casamento no jardim, com Julia e Felipe - Vestido de Noiva RJ<\/title>\n<meta name=\"robots\" content=\"index, follow, max-snippet:-1, max-image-preview:large, max-video-preview:-1\" \/>\n<link rel=\"canonical\" href=\"https:\/\/www.ivanabeaumond.com.br\/vestidos-noiva\/casamento-no-jardim-com-julia-e-felipe\/\" \/>\n<meta property=\"og:locale\" content=\"pt_BR\" \/>\n<meta property=\"og:type\" content=\"article\" \/>\n<meta property=\"og:title\" content=\"Casamento no jardim, com Julia e Felipe - Vestido de Noiva RJ\" \/>\n<meta property=\"og:description\" content=\"\u00c0s vezes, \u00e9 a simplicidade que faz com que os...\" \/>\n<meta property=\"og:url\" content=\"https:\/\/www.ivanabeaumond.com.br\/vestidos-noiva\/casamento-no-jardim-com-julia-e-felipe\/\" \/>\n<meta property=\"og:site_name\" content=\"Vestido de Noiva RJ\" \/>\n<meta property=\"article:publisher\" content=\"https:\/\/www.facebook.com\/ivana.beaumondnoivas\" \/>\n<meta property=\"article:published_time\" content=\"2020-02-21T20:56:27+00:00\" \/>\n<meta property=\"article:modified_time\" content=\"2020-08-10T18:51:47+00:00\" \/>\n<meta property=\"og:image\" content=\"https:\/\/www.ivanabeaumond.com.br\/vestidos-noiva\/wp-content\/uploads\/2020\/02\/JULIA-CURVELLO-E-FELIPE-FOTOS-DE-CASAMENTO-VESTIDO-DE-NOIVA-RJ-ATELIER-IVANA-BEAUMOND-20-e1582052838680.jpg\" \/>\n\t<meta property=\"og:image:width\" content=\"600\" \/>\n\t<meta property=\"og:image:height\" content=\"399\" \/>\n\t<meta property=\"og:image:type\" content=\"image\/jpeg\" \/>\n<meta name=\"author\" content=\"Ivana Beaumond Paris\" \/>\n<meta name=\"twitter:card\" content=\"summary_large_image\" \/>\n<meta name=\"twitter:label1\" content=\"Escrito por\" \/>\n\t<meta name=\"twitter:data1\" content=\"Ivana Beaumond Paris\" \/>\n\t<meta name=\"twitter:label2\" content=\"Est. tempo de leitura\" \/>\n\t<meta name=\"twitter:data2\" content=\"2 minutos\" \/>\n<script type=\"application\/ld+json\" class=\"yoast-schema-graph\">{\"@context\":\"https:\/\/schema.org\",\"@graph\":[{\"@type\":\"Article\",\"@id\":\"https:\/\/www.ivanabeaumond.com.br\/vestidos-noiva\/casamento-no-jardim-com-julia-e-felipe\/#article\",\"isPartOf\":{\"@id\":\"https:\/\/www.ivanabeaumond.com.br\/vestidos-noiva\/casamento-no-jardim-com-julia-e-felipe\/\"},\"author\":{\"name\":\"Ivana Beaumond Paris\",\"@id\":\"https:\/\/www.ivanabeaumond.com.br\/vestidos-noiva\/#\/schema\/person\/1a360c4cffa3b806d29a456389dcff26\"},\"headline\":\"Casamento no jardim, com Julia e Felipe\",\"datePublished\":\"2020-02-21T20:56:27+00:00\",\"dateModified\":\"2020-08-10T18:51:47+00:00\",\"mainEntityOfPage\":{\"@id\":\"https:\/\/www.ivanabeaumond.com.br\/vestidos-noiva\/casamento-no-jardim-com-julia-e-felipe\/\"},\"wordCount\":355,\"publisher\":{\"@id\":\"https:\/\/www.ivanabeaumond.com.br\/vestidos-noiva\/#organization\"},\"keywords\":[\"aluguel de roupas\",\"atelier\",\"atelier ivana beaumond\",\"blog de casamento\",\"casamento ao ar livre\",\"casamento blindado\",\"casamento boho\",\"casamento no campo\",\"casamento no jardim\",\"casamento rj\",\"casamentos\",\"dress\",\"felicidade\",\"festa de casamento\",\"inesquec\u00edvel casamento\",\"ivana beaumond\",\"ivana beaumond paris\",\"noivas\",\"sob medida\",\"traje de noivo\",\"universo das noivas\",\"vestido de casamento\",\"vestido de festa\",\"vestido de noiva\",\"vestido de noiva rj\",\"weddingdress\"],\"articleSection\":[\"Blog\",\"Nossas Noivas\"],\"inLanguage\":\"pt-BR\"},{\"@type\":\"WebPage\",\"@id\":\"https:\/\/www.ivanabeaumond.com.br\/vestidos-noiva\/casamento-no-jardim-com-julia-e-felipe\/\",\"url\":\"https:\/\/www.ivanabeaumond.com.br\/vestidos-noiva\/casamento-no-jardim-com-julia-e-felipe\/\",\"name\":\"Casamento no jardim, com Julia e Felipe - Vestido de Noiva RJ\",\"isPartOf\":{\"@id\":\"https:\/\/www.ivanabeaumond.com.br\/vestidos-noiva\/#website\"},\"datePublished\":\"2020-02-21T20:56:27+00:00\",\"dateModified\":\"2020-08-10T18:51:47+00:00\",\"breadcrumb\":{\"@id\":\"https:\/\/www.ivanabeaumond.com.br\/vestidos-noiva\/casamento-no-jardim-com-julia-e-felipe\/#breadcrumb\"},\"inLanguage\":\"pt-BR\",\"potentialAction\":[{\"@type\":\"ReadAction\",\"target\":[\"https:\/\/www.ivanabeaumond.com.br\/vestidos-noiva\/casamento-no-jardim-com-julia-e-felipe\/\"]}]},{\"@type\":\"BreadcrumbList\",\"@id\":\"https:\/\/www.ivanabeaumond.com.br\/vestidos-noiva\/casamento-no-jardim-com-julia-e-felipe\/#breadcrumb\",\"itemListElement\":[{\"@type\":\"ListItem\",\"position\":1,\"name\":\"In\u00edcio\",\"item\":\"https:\/\/www.ivanabeaumond.com.br\/vestidos-noiva\/\"},{\"@type\":\"ListItem\",\"position\":2,\"name\":\"Casamento no jardim, com Julia e Felipe\"}]},{\"@type\":\"WebSite\",\"@id\":\"https:\/\/www.ivanabeaumond.com.br\/vestidos-noiva\/#website\",\"url\":\"https:\/\/www.ivanabeaumond.com.br\/vestidos-noiva\/\",\"name\":\"Vestido de Noiva RJ\",\"description\":\"Moda Noiva\",\"publisher\":{\"@id\":\"https:\/\/www.ivanabeaumond.com.br\/vestidos-noiva\/#organization\"},\"potentialAction\":[{\"@type\":\"SearchAction\",\"target\":{\"@type\":\"EntryPoint\",\"urlTemplate\":\"https:\/\/www.ivanabeaumond.com.br\/vestidos-noiva\/?s={search_term_string}\"},\"query-input\":\"required name=search_term_string\"}],\"inLanguage\":\"pt-BR\"},{\"@type\":\"Organization\",\"@id\":\"https:\/\/www.ivanabeaumond.com.br\/vestidos-noiva\/#organization\",\"name\":\"Vestido de Noiva RJ\",\"url\":\"https:\/\/www.ivanabeaumond.com.br\/vestidos-noiva\/\",\"logo\":{\"@type\":\"ImageObject\",\"inLanguage\":\"pt-BR\",\"@id\":\"https:\/\/www.ivanabeaumond.com.br\/vestidos-noiva\/#\/schema\/logo\/image\/\",\"url\":\"https:\/\/www.ivanabeaumond.com.br\/vestidos-noiva\/wp-content\/uploads\/2018\/02\/logo_ivana_beaumond-2.png\",\"contentUrl\":\"https:\/\/www.ivanabeaumond.com.br\/vestidos-noiva\/wp-content\/uploads\/2018\/02\/logo_ivana_beaumond-2.png\",\"width\":230,\"height\":112,\"caption\":\"Vestido de Noiva RJ\"},\"image\":{\"@id\":\"https:\/\/www.ivanabeaumond.com.br\/vestidos-noiva\/#\/schema\/logo\/image\/\"},\"sameAs\":[\"https:\/\/www.facebook.com\/ivana.beaumondnoivas\",\"https:\/\/www.instagram.com\/ivanabeaumond\/\",\"https:\/\/www.tiktok.com\/@ivanabeaumond\"]},{\"@type\":\"Person\",\"@id\":\"https:\/\/www.ivanabeaumond.com.br\/vestidos-noiva\/#\/schema\/person\/1a360c4cffa3b806d29a456389dcff26\",\"name\":\"Ivana Beaumond Paris\",\"image\":{\"@type\":\"ImageObject\",\"inLanguage\":\"pt-BR\",\"@id\":\"https:\/\/www.ivanabeaumond.com.br\/vestidos-noiva\/#\/schema\/person\/image\/\",\"url\":\"https:\/\/secure.gravatar.com\/avatar\/641f98db20b53ec937ceb641db4270b9?s=96&d=mm&r=g\",\"contentUrl\":\"https:\/\/secure.gravatar.com\/avatar\/641f98db20b53ec937ceb641db4270b9?s=96&d=mm&r=g\",\"caption\":\"Ivana Beaumond Paris\"},\"url\":\"https:\/\/www.ivanabeaumond.com.br\/vestidos-noiva\/author\/ivana\/\"}]}<\/script>\n<!-- \/ Yoast SEO plugin. -->","yoast_head_json":{"title":"Casamento no jardim, com Julia e Felipe - Vestido de Noiva RJ","robots":{"index":"index","follow":"follow","max-snippet":"max-snippet:-1","max-image-preview":"max-image-preview:large","max-video-preview":"max-video-preview:-1"},"canonical":"https:\/\/www.ivanabeaumond.com.br\/vestidos-noiva\/casamento-no-jardim-com-julia-e-felipe\/","og_locale":"pt_BR","og_type":"article","og_title":"Casamento no jardim, com Julia e Felipe - Vestido de Noiva RJ","og_description":"\u00c0s vezes, \u00e9 a simplicidade que faz com que os...","og_url":"https:\/\/www.ivanabeaumond.com.br\/vestidos-noiva\/casamento-no-jardim-com-julia-e-felipe\/","og_site_name":"Vestido de Noiva RJ","article_publisher":"https:\/\/www.facebook.com\/ivana.beaumondnoivas","article_published_time":"2020-02-21T20:56:27+00:00","article_modified_time":"2020-08-10T18:51:47+00:00","og_image":[{"width":600,"height":399,"url":"https:\/\/www.ivanabeaumond.com.br\/vestidos-noiva\/wp-content\/uploads\/2020\/02\/JULIA-CURVELLO-E-FELIPE-FOTOS-DE-CASAMENTO-VESTIDO-DE-NOIVA-RJ-ATELIER-IVANA-BEAUMOND-20-e1582052838680.jpg","type":"image\/jpeg"}],"author":"Ivana Beaumond Paris","twitter_card":"summary_large_image","twitter_misc":{"Escrito por":"Ivana Beaumond Paris","Est. tempo de leitura":"2 minutos"},"schema":{"@context":"https:\/\/schema.org","@graph":[{"@type":"Article","@id":"https:\/\/www.ivanabeaumond.com.br\/vestidos-noiva\/casamento-no-jardim-com-julia-e-felipe\/#article","isPartOf":{"@id":"https:\/\/www.ivanabeaumond.com.br\/vestidos-noiva\/casamento-no-jardim-com-julia-e-felipe\/"},"author":{"name":"Ivana Beaumond Paris","@id":"https:\/\/www.ivanabeaumond.com.br\/vestidos-noiva\/#\/schema\/person\/1a360c4cffa3b806d29a456389dcff26"},"headline":"Casamento no jardim, com Julia e Felipe","datePublished":"2020-02-21T20:56:27+00:00","dateModified":"2020-08-10T18:51:47+00:00","mainEntityOfPage":{"@id":"https:\/\/www.ivanabeaumond.com.br\/vestidos-noiva\/casamento-no-jardim-com-julia-e-felipe\/"},"wordCount":355,"publisher":{"@id":"https:\/\/www.ivanabeaumond.com.br\/vestidos-noiva\/#organization"},"keywords":["aluguel de roupas","atelier","atelier ivana beaumond","blog de casamento","casamento ao ar livre","casamento blindado","casamento boho","casamento no campo","casamento no jardim","casamento rj","casamentos","dress","felicidade","festa de casamento","inesquec\u00edvel casamento","ivana beaumond","ivana beaumond paris","noivas","sob medida","traje de noivo","universo das noivas","vestido de casamento","vestido de festa","vestido de noiva","vestido de noiva rj","weddingdress"],"articleSection":["Blog","Nossas Noivas"],"inLanguage":"pt-BR"},{"@type":"WebPage","@id":"https:\/\/www.ivanabeaumond.com.br\/vestidos-noiva\/casamento-no-jardim-com-julia-e-felipe\/","url":"https:\/\/www.ivanabeaumond.com.br\/vestidos-noiva\/casamento-no-jardim-com-julia-e-felipe\/","name":"Casamento no jardim, com Julia e Felipe - Vestido de Noiva RJ","isPartOf":{"@id":"https:\/\/www.ivanabeaumond.com.br\/vestidos-noiva\/#website"},"datePublished":"2020-02-21T20:56:27+00:00","dateModified":"2020-08-10T18:51:47+00:00","breadcrumb":{"@id":"https:\/\/www.ivanabeaumond.com.br\/vestidos-noiva\/casamento-no-jardim-com-julia-e-felipe\/#breadcrumb"},"inLanguage":"pt-BR","potentialAction":[{"@type":"ReadAction","target":["https:\/\/www.ivanabeaumond.com.br\/vestidos-noiva\/casamento-no-jardim-com-julia-e-felipe\/"]}]},{"@type":"BreadcrumbList","@id":"https:\/\/www.ivanabeaumond.com.br\/vestidos-noiva\/casamento-no-jardim-com-julia-e-felipe\/#breadcrumb","itemListElement":[{"@type":"ListItem","position":1,"name":"In\u00edcio","item":"https:\/\/www.ivanabeaumond.com.br\/vestidos-noiva\/"},{"@type":"ListItem","position":2,"name":"Casamento no jardim, com Julia e Felipe"}]},{"@type":"WebSite","@id":"https:\/\/www.ivanabeaumond.com.br\/vestidos-noiva\/#website","url":"https:\/\/www.ivanabeaumond.com.br\/vestidos-noiva\/","name":"Vestido de Noiva RJ","description":"Moda Noiva","publisher":{"@id":"https:\/\/www.ivanabeaumond.com.br\/vestidos-noiva\/#organization"},"potentialAction":[{"@type":"SearchAction","target":{"@type":"EntryPoint","urlTemplate":"https:\/\/www.ivanabeaumond.com.br\/vestidos-noiva\/?s={search_term_string}"},"query-input":"required name=search_term_string"}],"inLanguage":"pt-BR"},{"@type":"Organization","@id":"https:\/\/www.ivanabeaumond.com.br\/vestidos-noiva\/#organization","name":"Vestido de Noiva RJ","url":"https:\/\/www.ivanabeaumond.com.br\/vestidos-noiva\/","logo":{"@type":"ImageObject","inLanguage":"pt-BR","@id":"https:\/\/www.ivanabeaumond.com.br\/vestidos-noiva\/#\/schema\/logo\/image\/","url":"https:\/\/www.ivanabeaumond.com.br\/vestidos-noiva\/wp-content\/uploads\/2018\/02\/logo_ivana_beaumond-2.png","contentUrl":"https:\/\/www.ivanabeaumond.com.br\/vestidos-noiva\/wp-content\/uploads\/2018\/02\/logo_ivana_beaumond-2.png","width":230,"height":112,"caption":"Vestido de Noiva RJ"},"image":{"@id":"https:\/\/www.ivanabeaumond.com.br\/vestidos-noiva\/#\/schema\/logo\/image\/"},"sameAs":["https:\/\/www.facebook.com\/ivana.beaumondnoivas","https:\/\/www.instagram.com\/ivanabeaumond\/","https:\/\/www.tiktok.com\/@ivanabeaumond"]},{"@type":"Person","@id":"https:\/\/www.ivanabeaumond.com.br\/vestidos-noiva\/#\/schema\/person\/1a360c4cffa3b806d29a456389dcff26","name":"Ivana Beaumond Paris","image":{"@type":"ImageObject","inLanguage":"pt-BR","@id":"https:\/\/www.ivanabeaumond.com.br\/vestidos-noiva\/#\/schema\/person\/image\/","url":"https:\/\/secure.gravatar.com\/avatar\/641f98db20b53ec937ceb641db4270b9?s=96&d=mm&r=g","contentUrl":"https:\/\/secure.gravatar.com\/avatar\/641f98db20b53ec937ceb641db4270b9?s=96&d=mm&r=g","caption":"Ivana Beaumond Paris"},"url":"https:\/\/www.ivanabeaumond.com.br\/vestidos-noiva\/author\/ivana\/"}]}},"_links":{"self":[{"href":"https:\/\/www.ivanabeaumond.com.br\/vestidos-noiva\/wp-json\/wp\/v2\/posts\/17779"}],"collection":[{"href":"https:\/\/www.ivanabeaumond.com.br\/vestidos-noiva\/wp-json\/wp\/v2\/posts"}],"about":[{"href":"https:\/\/www.ivanabeaumond.com.br\/vestidos-noiva\/wp-json\/wp\/v2\/types\/post"}],"author":[{"embeddable":true,"href":"https:\/\/www.ivanabeaumond.com.br\/vestidos-noiva\/wp-json\/wp\/v2\/users\/4"}],"replies":[{"embeddable":true,"href":"https:\/\/www.ivanabeaumond.com.br\/vestidos-noiva\/wp-json\/wp\/v2\/comments?post=17779"}],"version-history":[{"count":13,"href":"https:\/\/www.ivanabeaumond.com.br\/vestidos-noiva\/wp-json\/wp\/v2\/posts\/17779\/revisions"}],"predecessor-version":[{"id":25618,"href":"https:\/\/www.ivanabeaumond.com.br\/vestidos-noiva\/wp-json\/wp\/v2\/posts\/17779\/revisions\/25618"}],"wp:featuredmedia":[{"embeddable":true,"href":"https:\/\/www.ivanabeaumond.com.br\/vestidos-noiva\/wp-json\/wp\/v2\/media\/23613"}],"wp:attachment":[{"href":"https:\/\/www.ivanabeaumond.com.br\/vestidos-noiva\/wp-json\/wp\/v2\/media?parent=17779"}],"wp:term":[{"taxonomy":"category","embeddable":true,"href":"https:\/\/www.ivanabeaumond.com.br\/vestidos-noiva\/wp-json\/wp\/v2\/categories?post=17779"},{"taxonomy":"post_tag","embeddable":true,"href":"https:\/\/www.ivanabeaumond.com.br\/vestidos-noiva\/wp-json\/wp\/v2\/tags?post=17779"}],"curies":[{"name":"wp","href":"https:\/\/api.w.org\/{rel}","templated":true}]}}