{"id":17906,"date":"2019-08-19T14:29:26","date_gmt":"2019-08-19T17:29:26","guid":{"rendered":"http:\/\/www.ivanabeaumond.com.br\/vestidos-noiva\/?p=17906"},"modified":"2019-08-19T15:55:17","modified_gmt":"2019-08-19T18:55:17","slug":"7-dicas-para-voce-escolher-o-seu-vestido-de-debutante","status":"publish","type":"post","link":"https:\/\/www.ivanabeaumond.com.br\/vestidos-noiva\/7-dicas-para-voce-escolher-o-seu-vestido-de-debutante\/","title":{"rendered":"7 dicas para voc\u00ea escolher o seu vestido de debutante"},"content":{"rendered":"<h4 style=\"text-align: justify;\"><span style=\"color: #999999;\">Uma das coisas mais legais do seu anivers\u00e1rio de 15 anos \u00e9, sem d\u00favidas, ter a oportunidade de usar um vestido incr\u00edvel! De certa forma, seu vestido \u00e9 foco da sua festa, onde todos os seus amigos e familiares estar\u00e3o aguardando ansiosamente para ver voc\u00ea usando um modelo lind\u00edssimo. Por isso, vamos te dar sete dicas para te ajudar a escolher o modelo perfeito que fa\u00e7a voc\u00ea se sentir fabulosa:<\/span><\/h4>\n<h4 style=\"text-align: justify;\"><span style=\"color: #999999;\">\u00a0<\/span><\/h4>\n<p>&nbsp;<\/p>\n<p>&nbsp;<\/p>\n<p>&nbsp;<\/p>\n<h4 style=\"text-align: justify;\"><\/h4>\n<p><img decoding=\"async\" loading=\"lazy\" class=\"aligncenter size-full wp-image-17911\" src=\"http:\/\/www.ivanabeaumond.com.br\/vestidos-noiva\/wp-content\/uploads\/2019\/04\/maria-clara-vestido-de-debutante-ivana-beaumond-paris-6-e1554320009541.jpg\" alt=\"maria-clara-vestido-de-debutante-ivana-beaumond-paris-6\" width=\"800\" height=\"533\" \/><\/p>\n<p>&nbsp;<\/p>\n<p>&nbsp;<\/p>\n<p>&nbsp;<\/p>\n<p>&nbsp;<\/p>\n<p>&nbsp;<\/p>\n<h3 style=\"text-align: justify;\">1. Pesquise!<\/h3>\n<p>&nbsp;<\/p>\n<p>&nbsp;<\/p>\n<h4 style=\"text-align: justify;\"><span style=\"color: #999999;\">N\u00e3o deixe de pesquisar na internet e em revistas para descobrir o que est\u00e1 rolando no universo das festas de debutantes, pois isso ir\u00e1 te ajudara definir o modelo ideal para voc\u00ea. Voc\u00ea quer um vestido tradicional, com muito volume e saia estruturada? Ou voc\u00ea est\u00e1 procurando algo com um estilo mais original, inesperado e diferente? Procure online e na m\u00eddia os estilos que te agradam.<\/span><\/h4>\n<p>&nbsp;<\/p>\n<p>&nbsp;<\/p>\n<p>&nbsp;<\/p>\n<p><a href=\"http:\/\/www.ivanabeaumond.com.br\/vestidos-noiva\/wp-content\/uploads\/2019\/04\/debutante-15-anos-manuella-quesada-vestido-ivana-beaumond-29.jpg\">\u00a0<\/a><\/p>\n<p><img decoding=\"async\" loading=\"lazy\" class=\"aligncenter size-full wp-image-17914\" src=\"http:\/\/www.ivanabeaumond.com.br\/vestidos-noiva\/wp-content\/uploads\/2019\/04\/imagem-destak-e1554321044916.jpg\" alt=\"debutante vestido curto dourado atelier ivana beaumond paris\" width=\"798\" height=\"532\" \/><\/p>\n<p>&nbsp;<\/p>\n<p>&nbsp;<\/p>\n<h4 style=\"text-align: justify;\"><\/h4>\n<h4 style=\"text-align: justify;\"><\/h4>\n<h3 style=\"text-align: justify;\">2. Traga ajuda.<\/h3>\n<p>&nbsp;<\/p>\n<p>&nbsp;<\/p>\n<h4 style=\"text-align: justify;\"><span style=\"color: #999999;\">Procure levar pessoas nas quais voc\u00ea confia no estilo para te ajudar a escolher o eu vestido. N\u00e3o precisa ser a sua fam\u00edlia inteira, pois se voc\u00ea levar muita gente na hora da prova ter\u00e1 de lidar com muitas opini\u00f5es e isso poder\u00e1 dificultar a sua escolha, mas talvez duas amigas, sua m\u00e3e, pai e uma prima. Tamb\u00e9m \u00e9 divertido manter o seu vestido em segredo at\u00e9 o seu grande dia!<\/span><\/h4>\n<p>&nbsp;<\/p>\n<p>&nbsp;<\/p>\n<p>&nbsp;<\/p>\n<p>&nbsp;<\/p>\n<p><img decoding=\"async\" loading=\"lazy\" class=\"aligncenter size-full wp-image-17908\" src=\"http:\/\/www.ivanabeaumond.com.br\/vestidos-noiva\/wp-content\/uploads\/2019\/04\/debutante-15-anos-manuella-quesada-vestido-ivana-beaumond-29.jpg\" alt=\"debutante-15-anos-manuella-quesada-vestido-ivana-beaumond (29)\" width=\"798\" height=\"531\" srcset=\"https:\/\/www.ivanabeaumond.com.br\/vestidos-noiva\/wp-content\/uploads\/2019\/04\/debutante-15-anos-manuella-quesada-vestido-ivana-beaumond-29.jpg 798w, https:\/\/www.ivanabeaumond.com.br\/vestidos-noiva\/wp-content\/uploads\/2019\/04\/debutante-15-anos-manuella-quesada-vestido-ivana-beaumond-29-300x200.jpg 300w, https:\/\/www.ivanabeaumond.com.br\/vestidos-noiva\/wp-content\/uploads\/2019\/04\/debutante-15-anos-manuella-quesada-vestido-ivana-beaumond-29-480x320.jpg 480w\" sizes=\"(max-width: 798px) 100vw, 798px\" \/><\/p>\n<p>&nbsp;<\/p>\n<h4 style=\"text-align: justify;\"><\/h4>\n<h4 style=\"text-align: justify;\"><\/h4>\n<p>&nbsp;<\/p>\n<p>&nbsp;<\/p>\n<h3 style=\"text-align: justify;\">3. Fa\u00e7a um or\u00e7amento.<\/h3>\n<p>&nbsp;<\/p>\n<p>&nbsp;<\/p>\n<p>&nbsp;<\/p>\n<h4 style=\"text-align: justify;\"><span style=\"color: #999999;\">Comece a buscar os seus vestidos sabendo o que realmente se encaixa no eu or\u00e7amento. Experimentar modelos que voc\u00ea definitivamente n\u00e3o vai poder pagar s\u00f3 vai te deixar decepcionada. Voc\u00ea pode mandar confeccionar um vestido, comprar um pronto ou alugar um. Na maioria dos casos, o aluguel costuma ser a escolha mais barata, portanto avalie essas op\u00e7\u00f5es de acordo com o seu budget.<\/span><\/h4>\n<h4 style=\"text-align: justify;\"><\/h4>\n<p>&nbsp;<\/p>\n<p>&nbsp;<\/p>\n<p>&nbsp;<\/p>\n<p><img decoding=\"async\" loading=\"lazy\" class=\"aligncenter size-full wp-image-17916\" src=\"http:\/\/www.ivanabeaumond.com.br\/vestidos-noiva\/wp-content\/uploads\/2019\/04\/luisa-simoes-15-anos-ivana-beaumond-33.jpg\" alt=\"luisa-simoes-15-anos-ivana-beaumond-33\" width=\"800\" height=\"533\" srcset=\"https:\/\/www.ivanabeaumond.com.br\/vestidos-noiva\/wp-content\/uploads\/2019\/04\/luisa-simoes-15-anos-ivana-beaumond-33.jpg 800w, https:\/\/www.ivanabeaumond.com.br\/vestidos-noiva\/wp-content\/uploads\/2019\/04\/luisa-simoes-15-anos-ivana-beaumond-33-300x200.jpg 300w, https:\/\/www.ivanabeaumond.com.br\/vestidos-noiva\/wp-content\/uploads\/2019\/04\/luisa-simoes-15-anos-ivana-beaumond-33-480x320.jpg 480w\" sizes=\"(max-width: 800px) 100vw, 800px\" \/><\/p>\n<p>&nbsp;<\/p>\n<p>&nbsp;<\/p>\n<p>&nbsp;<\/p>\n<p>&nbsp;<\/p>\n<p>&nbsp;<\/p>\n<p>&nbsp;<\/p>\n<h3 style=\"text-align: justify;\">4. Valorize a parte de cima do vestido.<\/h3>\n<p>&nbsp;<\/p>\n<p>&nbsp;<\/p>\n<p>&nbsp;<\/p>\n<h4 style=\"text-align: justify;\"><span style=\"color: #999999;\">A parte de cima do seu vestido de debutante \u00e9 muito importante, uma vez que uma grande porcentagem das fotos tiradas durante a sua festa ser\u00e1 da cintura para cima. Certifique-se que o seu vestido oferece um top t\u00e3o deslumbrante quanto sua saia.<\/span><\/h4>\n<p>&nbsp;<\/p>\n<p>&nbsp;<\/p>\n<p>&nbsp;<\/p>\n<p>&nbsp;<\/p>\n<p><img decoding=\"async\" loading=\"lazy\" class=\"aligncenter size-full wp-image-17910\" src=\"http:\/\/www.ivanabeaumond.com.br\/vestidos-noiva\/wp-content\/uploads\/2019\/04\/luma-debutate-vestido-de-15-anos-atelier-ivana-beaumond-festa-tem\u00e1tica-48-e1554319803528.jpg\" alt=\"luma-debutate-vestido-de-15-anos-atelier-ivana-beaumond-festa-tem\u00e1tica (48)\" width=\"800\" height=\"533\" \/><\/p>\n<p>&nbsp;<\/p>\n<p>&nbsp;<\/p>\n<p>&nbsp;<\/p>\n<p>&nbsp;<\/p>\n<h3 style=\"text-align: justify;\">5. N\u00e3o tenha pressa.<\/h3>\n<p>&nbsp;<\/p>\n<p>&nbsp;<\/p>\n<p>&nbsp;<\/p>\n<h4 style=\"text-align: justify;\"><span style=\"color: #999999;\">N\u00e3o se pressione para encontrar o vestido perfeito rapidamente. Voc\u00ea pode precisar visitar v\u00e1rias lojas e experimentar muitos vestidos para encontrar um vencedor. Al\u00e9m disso, experimente alguns estilos e silhuetas diferentes e n\u00e3o se esque\u00e7a de pensar na decora\u00e7\u00e3o e no local da festa e em como isso funcionar\u00e1 com o modelo. \u00c1s vezes, voc\u00ea pode escolher um vestido lindo que vestiu super bem, mas simplesmente n\u00e3o combina com o seu tema.<\/span><\/h4>\n<p>&nbsp;<\/p>\n<p>&nbsp;<\/p>\n<p>&nbsp;<\/p>\n<p>&nbsp;<\/p>\n<p><img decoding=\"async\" loading=\"lazy\" class=\"aligncenter size-full wp-image-17909\" src=\"http:\/\/www.ivanabeaumond.com.br\/vestidos-noiva\/wp-content\/uploads\/2019\/04\/Vestido-Debutante_rj-sobmedida_15anos_exclusivo-Mans\u00e3odasEstrelas-J\u00faliaRangel-by_Ivana_Beaumond-27-e1554319910671.jpg\" alt=\"Vestido-Debutante_rj-sobmedida_15anos_exclusivo-Mans\u00e3odasEstrelas-J\u00faliaRangel-by_Ivana_Beaumond (27)\" width=\"800\" height=\"534\" \/><\/p>\n<p>&nbsp;<\/p>\n<p>&nbsp;<\/p>\n<p>&nbsp;<\/p>\n<p>&nbsp;<\/p>\n<p>&nbsp;<\/p>\n<h3 style=\"text-align: justify;\">6. Preste aten\u00e7\u00e3o nos tamanhos.<\/h3>\n<p>&nbsp;<\/p>\n<p>&nbsp;<\/p>\n<p>&nbsp;<\/p>\n<h4 style=\"text-align: justify;\"><span style=\"color: #999999;\">Os tamanhos dos vestidos formais podem ser diferentes do tamanho das roupas comuns. N\u00e3o fique surpresa se tiver que subir ou descer um ou dois tamanhos para o seu modelo, pois \u00e9 isso \u00e9 perfeitamente normal. Voc\u00ea pode precisar experimentar v\u00e1rios vestidos de debutante para ter uma boa ideia do seu tamanho, portanto, ao inv\u00e9s de se concentrar nisso, foque no ajuste e no caimento.<\/span><\/h4>\n<p>&nbsp;<\/p>\n<p>&nbsp;<\/p>\n<p>&nbsp;<\/p>\n<p><img decoding=\"async\" loading=\"lazy\" class=\"aligncenter size-full wp-image-17917\" src=\"http:\/\/www.ivanabeaumond.com.br\/vestidos-noiva\/wp-content\/uploads\/2019\/04\/isabella-benevenuto-15-anos-rodrigo-rezende-fotografia-pedra-do-alto0015.jpg\" alt=\"isabella-benevenuto-15-anos-rodrigo-rezende-fotografia-pedra-do-alto0015\" width=\"800\" height=\"532\" srcset=\"https:\/\/www.ivanabeaumond.com.br\/vestidos-noiva\/wp-content\/uploads\/2019\/04\/isabella-benevenuto-15-anos-rodrigo-rezende-fotografia-pedra-do-alto0015.jpg 800w, https:\/\/www.ivanabeaumond.com.br\/vestidos-noiva\/wp-content\/uploads\/2019\/04\/isabella-benevenuto-15-anos-rodrigo-rezende-fotografia-pedra-do-alto0015-300x200.jpg 300w, https:\/\/www.ivanabeaumond.com.br\/vestidos-noiva\/wp-content\/uploads\/2019\/04\/isabella-benevenuto-15-anos-rodrigo-rezende-fotografia-pedra-do-alto0015-480x320.jpg 480w\" sizes=\"(max-width: 800px) 100vw, 800px\" \/><\/p>\n<p>&nbsp;<\/p>\n<p>&nbsp;<\/p>\n<p>&nbsp;<\/p>\n<p>&nbsp;<\/p>\n<h3 style=\"text-align: justify;\">7. Seu vestido \u00e9 confort\u00e1vel?<\/h3>\n<p>&nbsp;<\/p>\n<p>&nbsp;<\/p>\n<h4 style=\"text-align: justify;\"><span style=\"color: #999999;\">Lembre-se de fazer sempre as seguintes perguntas a si mesma quando estiver experimentando seus vestidos: consigo andar com ele? Posso me sentar confortavelmente? Esse modelo combina com o tema da minha festa? Pense em todas as coisas que voc\u00ea ir\u00e1 fazer durante o seu evento e considere se elas ser\u00e3o poss\u00edveis de serem realizadas com o seu vestido. Voc\u00ea pode ficar deslumbrante em um modelo mas depois descobrir que ele n\u00e3o funciona para a sua valsa, por exemplo.<\/span><\/h4>\n<h4 style=\"text-align: justify;\"><span style=\"color: #999999;\">\u00a0<\/span><\/h4>\n<p>&nbsp;<\/p>\n<p>&nbsp;<\/p>\n<p><img decoding=\"async\" loading=\"lazy\" class=\"aligncenter size-full wp-image-17918\" src=\"http:\/\/www.ivanabeaumond.com.br\/vestidos-noiva\/wp-content\/uploads\/2019\/04\/isabela-vestido-vermelho-ivana-beaumond-atelier-paris2-e1554321955464.jpg\" alt=\"isabela-vestido-vermelho-ivana-beaumond-atelier-paris2\" width=\"800\" height=\"533\" \/><\/p>\n<p>&nbsp;<\/p>\n<p>&nbsp;<\/p>\n<p>&nbsp;<\/p>\n<p>&nbsp;<\/p>\n<h4 style=\"text-align: justify;\"><span style=\"color: #999999;\">Mais importante \u2013 voc\u00ea quer se sentir incr\u00edvel em seu vestido. Invista bastante tempo na procura do seu modelo e esta ser\u00e1, provavelmente, a parte mais legal do planejamento da sua festa de debutante!<\/span><\/h4>\n<p>&nbsp;<\/p>\n<p>&nbsp;<\/p>\n<p>&nbsp;<\/p>\n<p>&nbsp;<\/p>\n<p>&nbsp;<\/p>\n<p>&nbsp;<\/p>\n<p>&nbsp;<\/p>\n<h4 style=\"text-align: justify;\"><span style=\"color: #000000;\">Fotos: Studio Leo Serpa, Chris Machado Fotografia, Lidiane Gomes, Chris Machado Fotografia, Perfil Studio Fotogr\u00e1fico, Bruno Felipe Fotografia, Rodrigo Rezende, \u00c9rica Fonseca.<\/span><\/h4>\n<h4 style=\"text-align: justify;\"><span style=\"color: #000000;\">Fonte: <a href=\"%20http:\/\/myperfectquince.com\/quince-dresses-tips\/\" target=\"_blank\">My Perfect Quince.<\/a><\/span><\/h4>\n<p>&nbsp;<\/p>\n<p>&nbsp;<\/p>\n<p>&nbsp;<\/p>\n<p>&nbsp;<\/p>\n<p>&nbsp;<\/p>\n<p>&nbsp;<\/p>\n<p>&nbsp;<\/p>\n<p>&nbsp;<\/p>\n<h4><span style=\"color: #999999;\">Gostou? Siga nosso instagram\u00a0<\/span><a href=\"https:\/\/www.instagram.com\/ivanaparisdebutantes\" target=\"_blank\">@ivanaparisdebutantes\u00a0<\/a><span style=\"color: #999999;\">e curta nossa fanpage<\/span>\u00a0<a href=\"https:\/\/www.facebook.com\/IvanaBeaumondDebutantes\/\" target=\"_blank\">Ivana Beaumond<\/a>\u00a0<span style=\"color: #999999;\">para ficar por dentro de tudo o que rola no mundo das\u00a0debutantes. N\u00e3o deixe de conferir tamb\u00e9m as nossas cole\u00e7\u00f5es de<\/span>\u00a0<a href=\"http:\/\/www.ivanabeaumond.com.br\/vestidos-noiva\/vestidos-debutantes\/\" target=\"_blank\">Vestidos de Debutante<\/a><span style=\"color: #999999;\">\u00a0e<\/span>\u00a0<a href=\"http:\/\/www.ivanabeaumond.com.br\/vestidos-noiva\/vestidos-casamento-madrinha-festa-formatura\/\" target=\"_blank\">Moda Festa<\/a>, <span style=\"color: #999999;\">trazendo as maiores novidades da alta costura com os mais belos modelos!<\/span><\/h4>\n<p>&nbsp;<\/p>\n<p>&nbsp;<\/p>\n","protected":false},"excerpt":{"rendered":"<p>Uma das coisas mais legais do seu anivers\u00e1rio de 15&#8230;<\/p>\n","protected":false},"author":4,"featured_media":17911,"comment_status":"closed","ping_status":"closed","sticky":false,"template":"","format":"standard","meta":[],"categories":[60,127],"tags":[172,697,704,131,204,133,540,558,137,229,517,405,699,434,615,747,293,378,100,142,407,749,748,278,288,174,629,163,445,690,746,649,745],"yoast_head":"<!-- This site is optimized with the Yoast SEO plugin v20.3 - https:\/\/yoast.com\/wordpress\/plugins\/seo\/ -->\n<title>7 dicas para voc\u00ea escolher o seu vestido de debutante - Vestido de Noiva RJ<\/title>\n<meta name=\"robots\" content=\"index, follow, max-snippet:-1, max-image-preview:large, max-video-preview:-1\" \/>\n<link rel=\"canonical\" href=\"https:\/\/www.ivanabeaumond.com.br\/vestidos-noiva\/7-dicas-para-voce-escolher-o-seu-vestido-de-debutante\/\" \/>\n<meta property=\"og:locale\" content=\"pt_BR\" \/>\n<meta property=\"og:type\" content=\"article\" \/>\n<meta property=\"og:title\" content=\"7 dicas para voc\u00ea escolher o seu vestido de debutante - Vestido de Noiva RJ\" \/>\n<meta property=\"og:description\" content=\"Uma das coisas mais legais do seu anivers\u00e1rio de 15...\" \/>\n<meta property=\"og:url\" content=\"https:\/\/www.ivanabeaumond.com.br\/vestidos-noiva\/7-dicas-para-voce-escolher-o-seu-vestido-de-debutante\/\" \/>\n<meta property=\"og:site_name\" content=\"Vestido de Noiva RJ\" \/>\n<meta property=\"article:publisher\" content=\"https:\/\/www.facebook.com\/ivana.beaumondnoivas\" \/>\n<meta property=\"article:published_time\" content=\"2019-08-19T17:29:26+00:00\" \/>\n<meta property=\"article:modified_time\" content=\"2019-08-19T18:55:17+00:00\" \/>\n<meta property=\"og:image\" content=\"https:\/\/www.ivanabeaumond.com.br\/vestidos-noiva\/wp-content\/uploads\/2019\/04\/maria-clara-vestido-de-debutante-ivana-beaumond-paris-6-e1554320009541.jpg\" \/>\n\t<meta property=\"og:image:width\" content=\"800\" \/>\n\t<meta property=\"og:image:height\" content=\"533\" \/>\n\t<meta property=\"og:image:type\" content=\"image\/jpeg\" \/>\n<meta name=\"author\" content=\"Ivana Beaumond Paris\" \/>\n<meta name=\"twitter:card\" content=\"summary_large_image\" \/>\n<meta name=\"twitter:label1\" content=\"Escrito por\" \/>\n\t<meta name=\"twitter:data1\" content=\"Ivana Beaumond Paris\" \/>\n\t<meta name=\"twitter:label2\" content=\"Est. tempo de leitura\" \/>\n\t<meta name=\"twitter:data2\" content=\"4 minutos\" \/>\n<script type=\"application\/ld+json\" class=\"yoast-schema-graph\">{\"@context\":\"https:\/\/schema.org\",\"@graph\":[{\"@type\":\"Article\",\"@id\":\"https:\/\/www.ivanabeaumond.com.br\/vestidos-noiva\/7-dicas-para-voce-escolher-o-seu-vestido-de-debutante\/#article\",\"isPartOf\":{\"@id\":\"https:\/\/www.ivanabeaumond.com.br\/vestidos-noiva\/7-dicas-para-voce-escolher-o-seu-vestido-de-debutante\/\"},\"author\":{\"name\":\"Ivana Beaumond Paris\",\"@id\":\"https:\/\/www.ivanabeaumond.com.br\/vestidos-noiva\/#\/schema\/person\/1a360c4cffa3b806d29a456389dcff26\"},\"headline\":\"7 dicas para voc\u00ea escolher o seu vestido de debutante\",\"datePublished\":\"2019-08-19T17:29:26+00:00\",\"dateModified\":\"2019-08-19T18:55:17+00:00\",\"mainEntityOfPage\":{\"@id\":\"https:\/\/www.ivanabeaumond.com.br\/vestidos-noiva\/7-dicas-para-voce-escolher-o-seu-vestido-de-debutante\/\"},\"wordCount\":797,\"publisher\":{\"@id\":\"https:\/\/www.ivanabeaumond.com.br\/vestidos-noiva\/#organization\"},\"keywords\":[\"15 anos\",\"15 anos rj\",\"15anostop\",\"aluguel de roupas\",\"atelieraltacostura\",\"atelierivanabeaumond\",\"blog de 15 anos\",\"blog de debutante\",\"convidadas\",\"debutante\",\"debutante linda\",\"debuteen\",\"debutei\",\"dicas\",\"dicas de beleza\",\"dicas de debutante\",\"errejota\",\"evento\",\"festa\",\"festa de 15 anos\",\"festa tem\u00e1tica\",\"ideias para 15 anos\",\"ideias para festa\",\"ivana beaumond paris\",\"modelos\",\"princesas\",\"rj\",\"sob medida\",\"vestido\",\"vestido de noiva rj\",\"vestido rj\",\"vestidos\",\"vestidos de debutante\"],\"articleSection\":[\"Blog\",\"Dicas e Truques\"],\"inLanguage\":\"pt-BR\"},{\"@type\":\"WebPage\",\"@id\":\"https:\/\/www.ivanabeaumond.com.br\/vestidos-noiva\/7-dicas-para-voce-escolher-o-seu-vestido-de-debutante\/\",\"url\":\"https:\/\/www.ivanabeaumond.com.br\/vestidos-noiva\/7-dicas-para-voce-escolher-o-seu-vestido-de-debutante\/\",\"name\":\"7 dicas para voc\u00ea escolher o seu vestido de debutante - Vestido de Noiva RJ\",\"isPartOf\":{\"@id\":\"https:\/\/www.ivanabeaumond.com.br\/vestidos-noiva\/#website\"},\"datePublished\":\"2019-08-19T17:29:26+00:00\",\"dateModified\":\"2019-08-19T18:55:17+00:00\",\"breadcrumb\":{\"@id\":\"https:\/\/www.ivanabeaumond.com.br\/vestidos-noiva\/7-dicas-para-voce-escolher-o-seu-vestido-de-debutante\/#breadcrumb\"},\"inLanguage\":\"pt-BR\",\"potentialAction\":[{\"@type\":\"ReadAction\",\"target\":[\"https:\/\/www.ivanabeaumond.com.br\/vestidos-noiva\/7-dicas-para-voce-escolher-o-seu-vestido-de-debutante\/\"]}]},{\"@type\":\"BreadcrumbList\",\"@id\":\"https:\/\/www.ivanabeaumond.com.br\/vestidos-noiva\/7-dicas-para-voce-escolher-o-seu-vestido-de-debutante\/#breadcrumb\",\"itemListElement\":[{\"@type\":\"ListItem\",\"position\":1,\"name\":\"In\u00edcio\",\"item\":\"https:\/\/www.ivanabeaumond.com.br\/vestidos-noiva\/\"},{\"@type\":\"ListItem\",\"position\":2,\"name\":\"7 dicas para voc\u00ea escolher o seu vestido de debutante\"}]},{\"@type\":\"WebSite\",\"@id\":\"https:\/\/www.ivanabeaumond.com.br\/vestidos-noiva\/#website\",\"url\":\"https:\/\/www.ivanabeaumond.com.br\/vestidos-noiva\/\",\"name\":\"Vestido de Noiva RJ\",\"description\":\"Moda Noiva\",\"publisher\":{\"@id\":\"https:\/\/www.ivanabeaumond.com.br\/vestidos-noiva\/#organization\"},\"potentialAction\":[{\"@type\":\"SearchAction\",\"target\":{\"@type\":\"EntryPoint\",\"urlTemplate\":\"https:\/\/www.ivanabeaumond.com.br\/vestidos-noiva\/?s={search_term_string}\"},\"query-input\":\"required name=search_term_string\"}],\"inLanguage\":\"pt-BR\"},{\"@type\":\"Organization\",\"@id\":\"https:\/\/www.ivanabeaumond.com.br\/vestidos-noiva\/#organization\",\"name\":\"Vestido de Noiva RJ\",\"url\":\"https:\/\/www.ivanabeaumond.com.br\/vestidos-noiva\/\",\"logo\":{\"@type\":\"ImageObject\",\"inLanguage\":\"pt-BR\",\"@id\":\"https:\/\/www.ivanabeaumond.com.br\/vestidos-noiva\/#\/schema\/logo\/image\/\",\"url\":\"https:\/\/www.ivanabeaumond.com.br\/vestidos-noiva\/wp-content\/uploads\/2018\/02\/logo_ivana_beaumond-2.png\",\"contentUrl\":\"https:\/\/www.ivanabeaumond.com.br\/vestidos-noiva\/wp-content\/uploads\/2018\/02\/logo_ivana_beaumond-2.png\",\"width\":230,\"height\":112,\"caption\":\"Vestido de Noiva RJ\"},\"image\":{\"@id\":\"https:\/\/www.ivanabeaumond.com.br\/vestidos-noiva\/#\/schema\/logo\/image\/\"},\"sameAs\":[\"https:\/\/www.facebook.com\/ivana.beaumondnoivas\",\"https:\/\/www.instagram.com\/ivanabeaumond\/\",\"https:\/\/www.tiktok.com\/@ivanabeaumond\"]},{\"@type\":\"Person\",\"@id\":\"https:\/\/www.ivanabeaumond.com.br\/vestidos-noiva\/#\/schema\/person\/1a360c4cffa3b806d29a456389dcff26\",\"name\":\"Ivana Beaumond Paris\",\"image\":{\"@type\":\"ImageObject\",\"inLanguage\":\"pt-BR\",\"@id\":\"https:\/\/www.ivanabeaumond.com.br\/vestidos-noiva\/#\/schema\/person\/image\/\",\"url\":\"https:\/\/secure.gravatar.com\/avatar\/641f98db20b53ec937ceb641db4270b9?s=96&d=mm&r=g\",\"contentUrl\":\"https:\/\/secure.gravatar.com\/avatar\/641f98db20b53ec937ceb641db4270b9?s=96&d=mm&r=g\",\"caption\":\"Ivana Beaumond Paris\"},\"url\":\"https:\/\/www.ivanabeaumond.com.br\/vestidos-noiva\/author\/ivana\/\"}]}<\/script>\n<!-- \/ Yoast SEO plugin. -->","yoast_head_json":{"title":"7 dicas para voc\u00ea escolher o seu vestido de debutante - Vestido de Noiva RJ","robots":{"index":"index","follow":"follow","max-snippet":"max-snippet:-1","max-image-preview":"max-image-preview:large","max-video-preview":"max-video-preview:-1"},"canonical":"https:\/\/www.ivanabeaumond.com.br\/vestidos-noiva\/7-dicas-para-voce-escolher-o-seu-vestido-de-debutante\/","og_locale":"pt_BR","og_type":"article","og_title":"7 dicas para voc\u00ea escolher o seu vestido de debutante - Vestido de Noiva RJ","og_description":"Uma das coisas mais legais do seu anivers\u00e1rio de 15...","og_url":"https:\/\/www.ivanabeaumond.com.br\/vestidos-noiva\/7-dicas-para-voce-escolher-o-seu-vestido-de-debutante\/","og_site_name":"Vestido de Noiva RJ","article_publisher":"https:\/\/www.facebook.com\/ivana.beaumondnoivas","article_published_time":"2019-08-19T17:29:26+00:00","article_modified_time":"2019-08-19T18:55:17+00:00","og_image":[{"width":800,"height":533,"url":"https:\/\/www.ivanabeaumond.com.br\/vestidos-noiva\/wp-content\/uploads\/2019\/04\/maria-clara-vestido-de-debutante-ivana-beaumond-paris-6-e1554320009541.jpg","type":"image\/jpeg"}],"author":"Ivana Beaumond Paris","twitter_card":"summary_large_image","twitter_misc":{"Escrito por":"Ivana Beaumond Paris","Est. tempo de leitura":"4 minutos"},"schema":{"@context":"https:\/\/schema.org","@graph":[{"@type":"Article","@id":"https:\/\/www.ivanabeaumond.com.br\/vestidos-noiva\/7-dicas-para-voce-escolher-o-seu-vestido-de-debutante\/#article","isPartOf":{"@id":"https:\/\/www.ivanabeaumond.com.br\/vestidos-noiva\/7-dicas-para-voce-escolher-o-seu-vestido-de-debutante\/"},"author":{"name":"Ivana Beaumond Paris","@id":"https:\/\/www.ivanabeaumond.com.br\/vestidos-noiva\/#\/schema\/person\/1a360c4cffa3b806d29a456389dcff26"},"headline":"7 dicas para voc\u00ea escolher o seu vestido de debutante","datePublished":"2019-08-19T17:29:26+00:00","dateModified":"2019-08-19T18:55:17+00:00","mainEntityOfPage":{"@id":"https:\/\/www.ivanabeaumond.com.br\/vestidos-noiva\/7-dicas-para-voce-escolher-o-seu-vestido-de-debutante\/"},"wordCount":797,"publisher":{"@id":"https:\/\/www.ivanabeaumond.com.br\/vestidos-noiva\/#organization"},"keywords":["15 anos","15 anos rj","15anostop","aluguel de roupas","atelieraltacostura","atelierivanabeaumond","blog de 15 anos","blog de debutante","convidadas","debutante","debutante linda","debuteen","debutei","dicas","dicas de beleza","dicas de debutante","errejota","evento","festa","festa de 15 anos","festa tem\u00e1tica","ideias para 15 anos","ideias para festa","ivana beaumond paris","modelos","princesas","rj","sob medida","vestido","vestido de noiva rj","vestido rj","vestidos","vestidos de debutante"],"articleSection":["Blog","Dicas e Truques"],"inLanguage":"pt-BR"},{"@type":"WebPage","@id":"https:\/\/www.ivanabeaumond.com.br\/vestidos-noiva\/7-dicas-para-voce-escolher-o-seu-vestido-de-debutante\/","url":"https:\/\/www.ivanabeaumond.com.br\/vestidos-noiva\/7-dicas-para-voce-escolher-o-seu-vestido-de-debutante\/","name":"7 dicas para voc\u00ea escolher o seu vestido de debutante - Vestido de Noiva RJ","isPartOf":{"@id":"https:\/\/www.ivanabeaumond.com.br\/vestidos-noiva\/#website"},"datePublished":"2019-08-19T17:29:26+00:00","dateModified":"2019-08-19T18:55:17+00:00","breadcrumb":{"@id":"https:\/\/www.ivanabeaumond.com.br\/vestidos-noiva\/7-dicas-para-voce-escolher-o-seu-vestido-de-debutante\/#breadcrumb"},"inLanguage":"pt-BR","potentialAction":[{"@type":"ReadAction","target":["https:\/\/www.ivanabeaumond.com.br\/vestidos-noiva\/7-dicas-para-voce-escolher-o-seu-vestido-de-debutante\/"]}]},{"@type":"BreadcrumbList","@id":"https:\/\/www.ivanabeaumond.com.br\/vestidos-noiva\/7-dicas-para-voce-escolher-o-seu-vestido-de-debutante\/#breadcrumb","itemListElement":[{"@type":"ListItem","position":1,"name":"In\u00edcio","item":"https:\/\/www.ivanabeaumond.com.br\/vestidos-noiva\/"},{"@type":"ListItem","position":2,"name":"7 dicas para voc\u00ea escolher o seu vestido de debutante"}]},{"@type":"WebSite","@id":"https:\/\/www.ivanabeaumond.com.br\/vestidos-noiva\/#website","url":"https:\/\/www.ivanabeaumond.com.br\/vestidos-noiva\/","name":"Vestido de Noiva RJ","description":"Moda Noiva","publisher":{"@id":"https:\/\/www.ivanabeaumond.com.br\/vestidos-noiva\/#organization"},"potentialAction":[{"@type":"SearchAction","target":{"@type":"EntryPoint","urlTemplate":"https:\/\/www.ivanabeaumond.com.br\/vestidos-noiva\/?s={search_term_string}"},"query-input":"required name=search_term_string"}],"inLanguage":"pt-BR"},{"@type":"Organization","@id":"https:\/\/www.ivanabeaumond.com.br\/vestidos-noiva\/#organization","name":"Vestido de Noiva RJ","url":"https:\/\/www.ivanabeaumond.com.br\/vestidos-noiva\/","logo":{"@type":"ImageObject","inLanguage":"pt-BR","@id":"https:\/\/www.ivanabeaumond.com.br\/vestidos-noiva\/#\/schema\/logo\/image\/","url":"https:\/\/www.ivanabeaumond.com.br\/vestidos-noiva\/wp-content\/uploads\/2018\/02\/logo_ivana_beaumond-2.png","contentUrl":"https:\/\/www.ivanabeaumond.com.br\/vestidos-noiva\/wp-content\/uploads\/2018\/02\/logo_ivana_beaumond-2.png","width":230,"height":112,"caption":"Vestido de Noiva RJ"},"image":{"@id":"https:\/\/www.ivanabeaumond.com.br\/vestidos-noiva\/#\/schema\/logo\/image\/"},"sameAs":["https:\/\/www.facebook.com\/ivana.beaumondnoivas","https:\/\/www.instagram.com\/ivanabeaumond\/","https:\/\/www.tiktok.com\/@ivanabeaumond"]},{"@type":"Person","@id":"https:\/\/www.ivanabeaumond.com.br\/vestidos-noiva\/#\/schema\/person\/1a360c4cffa3b806d29a456389dcff26","name":"Ivana Beaumond Paris","image":{"@type":"ImageObject","inLanguage":"pt-BR","@id":"https:\/\/www.ivanabeaumond.com.br\/vestidos-noiva\/#\/schema\/person\/image\/","url":"https:\/\/secure.gravatar.com\/avatar\/641f98db20b53ec937ceb641db4270b9?s=96&d=mm&r=g","contentUrl":"https:\/\/secure.gravatar.com\/avatar\/641f98db20b53ec937ceb641db4270b9?s=96&d=mm&r=g","caption":"Ivana Beaumond Paris"},"url":"https:\/\/www.ivanabeaumond.com.br\/vestidos-noiva\/author\/ivana\/"}]}},"_links":{"self":[{"href":"https:\/\/www.ivanabeaumond.com.br\/vestidos-noiva\/wp-json\/wp\/v2\/posts\/17906"}],"collection":[{"href":"https:\/\/www.ivanabeaumond.com.br\/vestidos-noiva\/wp-json\/wp\/v2\/posts"}],"about":[{"href":"https:\/\/www.ivanabeaumond.com.br\/vestidos-noiva\/wp-json\/wp\/v2\/types\/post"}],"author":[{"embeddable":true,"href":"https:\/\/www.ivanabeaumond.com.br\/vestidos-noiva\/wp-json\/wp\/v2\/users\/4"}],"replies":[{"embeddable":true,"href":"https:\/\/www.ivanabeaumond.com.br\/vestidos-noiva\/wp-json\/wp\/v2\/comments?post=17906"}],"version-history":[{"count":5,"href":"https:\/\/www.ivanabeaumond.com.br\/vestidos-noiva\/wp-json\/wp\/v2\/posts\/17906\/revisions"}],"predecessor-version":[{"id":17924,"href":"https:\/\/www.ivanabeaumond.com.br\/vestidos-noiva\/wp-json\/wp\/v2\/posts\/17906\/revisions\/17924"}],"wp:featuredmedia":[{"embeddable":true,"href":"https:\/\/www.ivanabeaumond.com.br\/vestidos-noiva\/wp-json\/wp\/v2\/media\/17911"}],"wp:attachment":[{"href":"https:\/\/www.ivanabeaumond.com.br\/vestidos-noiva\/wp-json\/wp\/v2\/media?parent=17906"}],"wp:term":[{"taxonomy":"category","embeddable":true,"href":"https:\/\/www.ivanabeaumond.com.br\/vestidos-noiva\/wp-json\/wp\/v2\/categories?post=17906"},{"taxonomy":"post_tag","embeddable":true,"href":"https:\/\/www.ivanabeaumond.com.br\/vestidos-noiva\/wp-json\/wp\/v2\/tags?post=17906"}],"curies":[{"name":"wp","href":"https:\/\/api.w.org\/{rel}","templated":true}]}}