{"id":17931,"date":"2019-04-05T13:01:04","date_gmt":"2019-04-05T16:01:04","guid":{"rendered":"http:\/\/www.ivanabeaumond.com.br\/vestidos-noiva\/?p=17931"},"modified":"2019-04-05T13:01:04","modified_gmt":"2019-04-05T16:01:04","slug":"a-fascinante-historia-dos-vestidos-de-noiva","status":"publish","type":"post","link":"https:\/\/www.ivanabeaumond.com.br\/vestidos-noiva\/a-fascinante-historia-dos-vestidos-de-noiva\/","title":{"rendered":"A fascinante hist\u00f3ria dos Vestidos de Noiva"},"content":{"rendered":"<h4 style=\"text-align: justify;\"><span style=\"color: #999999;\">Embora hoje em dia celebrem o amor e o compromisso entre os noivos, durante a maior parte da hist\u00f3ria os casamentos funcionaram mais como um neg\u00f3cio, onde as fam\u00edlias se uniam em um acordo ou uma alian\u00e7a para benef\u00edcio m\u00fatuo. Os vestidos de casamento eram, ent\u00e3o, escolhidos para apresentar a fam\u00edlia da noiva nas melhores condi\u00e7\u00f5es de riqueza e status social.<\/span><\/h4>\n<h4 style=\"text-align: justify;\"><span style=\"color: #999999;\">\u00a0<\/span><\/h4>\n<h4 style=\"text-align: justify;\"><span style=\"color: #999999;\">\u00a0<\/span><\/h4>\n<h4 style=\"text-align: justify;\"><span style=\"color: #999999;\"><img decoding=\"async\" loading=\"lazy\" class=\"aligncenter size-full wp-image-17934\" src=\"http:\/\/www.ivanabeaumond.com.br\/vestidos-noiva\/wp-content\/uploads\/2019\/04\/vestido-de-noiva-rj-na-hist\u00f3ria-atelier-ivana-beaumond-paris-3.jpg\" alt=\"vestido-de-noiva-rj-na-hist\u00f3ria-atelier-ivana-beaumond-paris (3)\" width=\"467\" height=\"700\" srcset=\"https:\/\/www.ivanabeaumond.com.br\/vestidos-noiva\/wp-content\/uploads\/2019\/04\/vestido-de-noiva-rj-na-hist\u00f3ria-atelier-ivana-beaumond-paris-3.jpg 467w, https:\/\/www.ivanabeaumond.com.br\/vestidos-noiva\/wp-content\/uploads\/2019\/04\/vestido-de-noiva-rj-na-hist\u00f3ria-atelier-ivana-beaumond-paris-3-200x300.jpg 200w\" sizes=\"(max-width: 467px) 100vw, 467px\" \/><\/span><\/h4>\n<h4 style=\"text-align: justify;\"><span style=\"color: #999999;\">\u00a0<\/span><\/h4>\n<h4 style=\"text-align: justify;\"><span style=\"color: #999999;\">\u00a0<\/span><\/h4>\n<h4 style=\"text-align: justify;\"><span style=\"color: #999999;\">\u00a0<\/span><\/h4>\n<h4 style=\"text-align: justify;\"><span style=\"color: #999999;\">\u00a0<\/span><\/h4>\n<h4 style=\"text-align: justify;\"><span style=\"color: #999999;\">Durante a maior parte da hist\u00f3ria, as mulheres raramente compravam um vestido especificamente para o dia do casamento. A noiva geralmente usava seu melhor vestido para a cerim\u00f4nia, ainda que o mesmo fosse de cor escura \u2013 na verdade, muitas noivas usavam preto na cerim\u00f4nia. Apenas algumas cores eram evitadas, como o verde, que acreditava-se trazer azar. A escolha mais popular era o azul, pois representava pureza, piedade, e uma conex\u00e3o com a Virgem Maria, e al\u00e9m disso, as cores mais escuras eram capazes de esconder mais facilmente manchas e imperfei\u00e7\u00f5es e podiam ser usadas mais de uma vez.<\/span><\/h4>\n<h4 style=\"text-align: justify;\"><span style=\"color: #999999;\">\u00a0<\/span><\/h4>\n<p>&nbsp;<\/p>\n<p>&nbsp;<\/p>\n<p><img decoding=\"async\" loading=\"lazy\" class=\"aligncenter size-full wp-image-17935\" src=\"http:\/\/www.ivanabeaumond.com.br\/vestidos-noiva\/wp-content\/uploads\/2019\/04\/vestido-de-noiva-rj-na-hist\u00f3ria-atelier-ivana-beaumond-paris-5-e1554406578154.jpg\" alt=\"vestido-de-noiva-rj-na-hist\u00f3ria-atelier-ivana-beaumond-paris (5)\" width=\"476\" height=\"636\" \/><\/p>\n<p>&nbsp;<\/p>\n<p>&nbsp;<\/p>\n<p>&nbsp;<\/p>\n<p>&nbsp;<\/p>\n<h4 style=\"text-align: justify;\"><span style=\"color: #999999;\">Embora haja registros de noivas usando o branco em meados de 1400, foi o casamento da Rainha Victoria da Inglaterra com o pr\u00edncipe Albert, em 1840, que transformou o vestido de noiva branco em uma tradi\u00e7\u00e3o. Seu vestido \u2013 um modelo deslumbrante com corpete, saia armada v\u00e9u e rendas \u2013 fez com que v\u00e1rias mulheres na \u00e9poca a imitassem. Sua personalidade e import\u00e2ncia hist\u00f3rica foram t\u00e3o grandes, que influenciam a moda matrimonial at\u00e9 hoje.<\/span><\/h4>\n<p>&nbsp;<\/p>\n<p>&nbsp;<\/p>\n<p>&nbsp;<\/p>\n<p>&nbsp;<\/p>\n<p><img decoding=\"async\" loading=\"lazy\" class=\"aligncenter size-full wp-image-17936\" src=\"http:\/\/www.ivanabeaumond.com.br\/vestidos-noiva\/wp-content\/uploads\/2019\/04\/vestido-de-noiva-rj-na-hist\u00f3ria-atelier-ivana-beaumond-paris-12-e1554408793201.jpg\" alt=\"vestido-de-noiva-rj-na-hist\u00f3ria-atelier-ivana-beaumond-paris (12)\" width=\"476\" height=\"357\" \/><\/p>\n<p>&nbsp;<\/p>\n<p>&nbsp;<\/p>\n<p>&nbsp;<\/p>\n<p>&nbsp;<\/p>\n<p>&nbsp;<\/p>\n<h4 style=\"text-align: justify;\"><span style=\"color: #999999;\">Victoria escolheu o branco para fugir do padr\u00e3o, e o branco era uma cor incomum. Sua escolha foi tamb\u00e9m uma quest\u00e3o pol\u00edtica: devido ao desenvolvimento industrial, as rendas estavam sendo bordadas em m\u00e1quinas, e como os artes\u00e3os estavam ficando desempregados, a rainha colocou um ex\u00e9rcito de artes\u00e3s para trabalhar para ela durante meses.<\/span><\/h4>\n<p>&nbsp;<\/p>\n<p>&nbsp;<\/p>\n<p>&nbsp;<\/p>\n<p>&nbsp;<\/p>\n<p><img decoding=\"async\" loading=\"lazy\" class=\"aligncenter size-full wp-image-17937\" src=\"http:\/\/www.ivanabeaumond.com.br\/vestidos-noiva\/wp-content\/uploads\/2019\/04\/vestido-de-noiva-rj-na-hist\u00f3ria-atelier-ivana-beaumond-paris-13-e1554409041583.jpg\" alt=\"vestido-de-noiva-rj-na-hist\u00f3ria-atelier-ivana-beaumond-paris (13)\" width=\"467\" height=\"732\" \/><\/p>\n<p>&nbsp;<\/p>\n<p>&nbsp;<\/p>\n<p>&nbsp;<\/p>\n<p>&nbsp;<\/p>\n<h4 style=\"text-align: justify;\"><span style=\"color: #999999;\">Desde ent\u00e3o, as noivas interessadas em exibir sua riqueza e posi\u00e7\u00e3o social se certificaram de usar vestidos brancos feitos com muito tecido (outra heran\u00e7a da Revolu\u00e7\u00e3o Industrial, que promoveu inova\u00e7\u00f5es na costura). Como o branco era uma cor dif\u00edcil de obter e preservar, apenas as mulheres mais ricas podiam pagar por esse modelos.<\/span><\/h4>\n<p>&nbsp;<\/p>\n<p>&nbsp;<\/p>\n<p>&nbsp;<\/p>\n<p><img decoding=\"async\" loading=\"lazy\" class=\"aligncenter size-full wp-image-17938\" src=\"http:\/\/www.ivanabeaumond.com.br\/vestidos-noiva\/wp-content\/uploads\/2019\/04\/vestido-de-noiva-rj-na-hist\u00f3ria-atelier-ivana-beaumond-paris-4-e1554409124769.jpg\" alt=\"CIS:T.10-1970;CIS:T.10A-1970\" width=\"476\" height=\"635\" \/><\/p>\n<p><img decoding=\"async\" loading=\"lazy\" class=\"aligncenter size-full wp-image-17940\" src=\"http:\/\/www.ivanabeaumond.com.br\/vestidos-noiva\/wp-content\/uploads\/2019\/04\/vestido-de-noiva-rj-na-hist\u00f3ria-atelier-ivana-beaumond-paris-2-e1554409232209.jpg\" alt=\"Picture 499\" width=\"467\" height=\"577\" \/><\/p>\n<p><a href=\"http:\/\/www.ivanabeaumond.com.br\/vestidos-noiva\/wp-content\/uploads\/2019\/04\/vestido-de-noiva-rj-na-hist\u00f3ria-atelier-ivana-beaumond-paris-1-e1554409332766.jpg\"><img decoding=\"async\" loading=\"lazy\" class=\"aligncenter size-full wp-image-17939\" src=\"http:\/\/www.ivanabeaumond.com.br\/vestidos-noiva\/wp-content\/uploads\/2019\/04\/vestido-de-noiva-rj-na-hist\u00f3ria-atelier-ivana-beaumond-paris-1-e1554409332766.jpg\" alt=\"vestido-de-noiva-rj-na-hist\u00f3ria-atelier-ivana-beaumond-paris (1)\" width=\"467\" height=\"621\" \/><\/a><\/p>\n<p>&nbsp;<\/p>\n<p>&nbsp;<\/p>\n<p>&nbsp;<\/p>\n<h4 style=\"text-align: justify;\"><span style=\"color: #999999;\">A tend\u00eancia do vestido branco diminuiu durante a Grande Depress\u00e3o, onde a crise impedia que a maioria das pessoas pudesse gastar dinheiro em um vestido que nunca mais usariam. As noivas, por sua vez, voltaram \u00e0 tradi\u00e7\u00e3o de usar sua melhor roupa, que geralmente era de uma cor mais escura. Ap\u00f3s um boom econ\u00f4mico na segunda metade do s\u00e9culo 20, o branco voltou a ser popular, e foi usado por \u00edcones como Grace Kelly e Princesa Diana em seus casamentos.<\/span><\/h4>\n<p>&nbsp;<\/p>\n<p>&nbsp;<\/p>\n<p>&nbsp;<\/p>\n<p>&nbsp;<\/p>\n<p><img decoding=\"async\" loading=\"lazy\" class=\"aligncenter size-full wp-image-17941\" src=\"http:\/\/www.ivanabeaumond.com.br\/vestidos-noiva\/wp-content\/uploads\/2019\/04\/vestido-de-noiva-rj-na-hist\u00f3ria-atelier-ivana-beaumond-paris-8-e1554409504457.jpg\" alt=\"vestido-de-noiva-rj-na-hist\u00f3ria-atelier-ivana-beaumond-paris (8)\" width=\"467\" height=\"630\" \/><\/p>\n<p><img decoding=\"async\" loading=\"lazy\" class=\"aligncenter size-full wp-image-17943\" src=\"http:\/\/www.ivanabeaumond.com.br\/vestidos-noiva\/wp-content\/uploads\/2019\/04\/vestido-de-noiva-rj-na-hist\u00f3ria-atelier-ivana-beaumond-paris-14-e1554409801236.jpg\" alt=\"vestido-de-noiva-rj-na-hist\u00f3ria-atelier-ivana-beaumond-paris (14)\" width=\"467\" height=\"563\" \/><\/p>\n<p><img decoding=\"async\" loading=\"lazy\" class=\"aligncenter size-full wp-image-17944\" src=\"http:\/\/www.ivanabeaumond.com.br\/vestidos-noiva\/wp-content\/uploads\/2019\/04\/vestido-de-noiva-rj-na-hist\u00f3ria-atelier-ivana-beaumond-paris-15-e1554409856529.jpg\" alt=\"vestido-de-noiva-rj-na-hist\u00f3ria-atelier-ivana-beaumond-paris (15)\" width=\"467\" height=\"591\" \/><\/p>\n<p>&nbsp;<\/p>\n<p>&nbsp;<\/p>\n<p>&nbsp;<\/p>\n<h4 style=\"text-align: justify;\"><span style=\"color: #999999;\">\u00a0<\/span><\/h4>\n<h4 style=\"text-align: justify;\"><span style=\"color: #999999;\">Nos dias de hoje, as noivas podem escolher entre milh\u00f5es de cores, estilos e tecidos para subir ao altar. Enquanto a forma e o estilo variam drasticamente da noiva para a noiva, os vestidos tradicionais brancos e de cores claras ainda s\u00e3o mais populares, j\u00e1 que muitos hoje veem o branco n\u00e3o tanto como um s\u00edmbolo de riqueza, mas sim de pureza e virtude.<\/span><\/h4>\n<p>&nbsp;<\/p>\n<p>&nbsp;<\/p>\n<p>&nbsp;<\/p>\n<p>&nbsp;<\/p>\n<p><img decoding=\"async\" loading=\"lazy\" class=\"aligncenter size-full wp-image-17948\" src=\"http:\/\/www.ivanabeaumond.com.br\/vestidos-noiva\/wp-content\/uploads\/2019\/04\/vestido_noiva_ivana_beaumond_paris_868-147-e1554410294313.jpg\" alt=\"vestido_noiva_ivana_beaumond_paris_868-147\" width=\"467\" height=\"613\" \/><\/p>\n<p><img decoding=\"async\" loading=\"lazy\" class=\"aligncenter size-full wp-image-17949\" src=\"http:\/\/www.ivanabeaumond.com.br\/vestidos-noiva\/wp-content\/uploads\/2019\/04\/vestido-de-noiva-inspirado-atelier-ivana-beaumond-divulga\u00e7\u00e3o-DP381_3-e1554410568453.jpg\" alt=\"vestido-de-noiva-inspirado-atelier-ivana-beaumond-divulga\u00e7\u00e3o-DP381_3\" width=\"467\" height=\"599\" \/><\/p>\n<p><img decoding=\"async\" loading=\"lazy\" class=\"aligncenter size-full wp-image-17970\" src=\"http:\/\/www.ivanabeaumond.com.br\/vestidos-noiva\/wp-content\/uploads\/2019\/04\/7937-e1554477738890.jpg\" alt=\"vestido de noiva ivana beaumond paris atelier rj 7937\" width=\"467\" height=\"633\" \/><\/p>\n<p>&nbsp;<\/p>\n<p>&nbsp;<\/p>\n<p>&nbsp;<\/p>\n<p>&nbsp;<\/p>\n<p>&nbsp;<\/p>\n<h4 style=\"text-align: justify;\"><span style=\"color: #000000;\">\u00a0Fotos: <span style=\"color: #333399;\"><a style=\"color: #333399;\" href=\"https:\/\/allthatsinteresting.com\/history-of-wedding-gowns\/2\" target=\"_blank\">All That Interesting<\/a> <\/span>\/ <span style=\"color: #333399;\"><a style=\"color: #333399;\" href=\"http:\/\/modahistorica.blogspot.com\/2014\/05\/a-rainha-victoria-e-o-vestido-branco-de.html\" target=\"_blank\">Moda Hist\u00f3rica<\/a><\/span>\u00a0\/ Divulga\u00e7\u00e3o.<\/span><\/h4>\n<h4 style=\"text-align: justify;\"><span style=\"color: #000000;\">Traduzido de: History of wedding gowns, por <span style=\"color: #333399;\"><a style=\"color: #333399;\" href=\"https:\/\/allthatsinteresting.com\/history-of-wedding-gowns\/2\" target=\"_blank\">All That Interesting<\/a>.<\/span><\/span><\/h4>\n<p>&nbsp;<\/p>\n<p>&nbsp;<\/p>\n<p>&nbsp;<\/p>\n<p>&nbsp;<\/p>\n<h4 style=\"text-align: justify;\"><span style=\"color: #999999;\">Gostou? Siga nosso instagram<\/span>\u00a0<a href=\"https:\/\/www.instagram.com\/ivanaparisdebutantes\" target=\"_blank\">@ivanabeaumond\u00a0<\/a><span style=\"color: #999999;\">e curta nossa fanpage<\/span>\u00a0<a href=\"https:\/\/www.facebook.com\/IvanaBeaumond\/\" target=\"_blank\">Ivana Beaumond<\/a>\u00a0<span style=\"color: #999999;\">para ficar por dentro de tudo o que rola no mundo das\u00a0debutantes. N\u00e3o deixe de conferir tamb\u00e9m as nossas<\/span> <span style=\"color: #999999;\">cole\u00e7\u00f5es de<\/span>\u00a0<a href=\"http:\/\/www.ivanabeaumond.com.br\/vestidos-noiva\/vestidos-de-noiva-rj\/\" target=\"_blank\">Vestidos de Noiva<\/a>, <a href=\"http:\/\/www.ivanabeaumond.com.br\/vestidos-noiva\/noivos-roupa-terno\/\" target=\"_blank\">Trajes Masculinos<\/a>\u00a0<span style=\"color: #999999;\">e<\/span>\u00a0<a href=\"http:\/\/www.ivanabeaumond.com.br\/vestidos-noiva\/vestidos-casamento-madrinha-festa-formatura\/\" target=\"_blank\">Moda Festa<\/a>,\u00a0<span style=\"color: #999999;\">trazendo as maiores novidades da alta costura com os mais belos modelos!<\/span><\/h4>\n<p>&nbsp;<\/p>\n<p>&nbsp;<\/p>\n<p>&nbsp;<\/p>\n<p><span style=\"color: #000000;\">\u00a0<\/span><\/p>\n<p>&nbsp;<\/p>\n<p>&nbsp;<\/p>\n","protected":false},"excerpt":{"rendered":"<p>Embora hoje em dia celebrem o amor e o compromisso&#8230;<\/p>\n","protected":false},"author":4,"featured_media":17936,"comment_status":"closed","ping_status":"closed","sticky":false,"template":"","format":"standard","meta":[],"categories":[60,127],"tags":[203,660,650,695,444,512,553,96,755,651,756,293,638,761,751,752,753,636,286,258,289,760,757,759,758,312,273,629,552,762,764,763,690,649,754,750,598],"yoast_head":"<!-- This site is optimized with the Yoast SEO plugin v20.3 - https:\/\/yoast.com\/wordpress\/plugins\/seo\/ -->\n<title>A fascinante hist\u00f3ria dos Vestidos de Noiva - Vestido de Noiva RJ<\/title>\n<meta name=\"robots\" content=\"index, follow, max-snippet:-1, max-image-preview:large, max-video-preview:-1\" \/>\n<link rel=\"canonical\" href=\"https:\/\/www.ivanabeaumond.com.br\/vestidos-noiva\/a-fascinante-historia-dos-vestidos-de-noiva\/\" \/>\n<meta property=\"og:locale\" content=\"pt_BR\" \/>\n<meta property=\"og:type\" content=\"article\" \/>\n<meta property=\"og:title\" content=\"A fascinante hist\u00f3ria dos Vestidos de Noiva - Vestido de Noiva RJ\" \/>\n<meta property=\"og:description\" content=\"Embora hoje em dia celebrem o amor e o compromisso...\" \/>\n<meta property=\"og:url\" content=\"https:\/\/www.ivanabeaumond.com.br\/vestidos-noiva\/a-fascinante-historia-dos-vestidos-de-noiva\/\" \/>\n<meta property=\"og:site_name\" content=\"Vestido de Noiva RJ\" \/>\n<meta property=\"article:publisher\" content=\"https:\/\/www.facebook.com\/ivana.beaumondnoivas\" \/>\n<meta property=\"article:published_time\" content=\"2019-04-05T16:01:04+00:00\" \/>\n<meta property=\"og:image\" content=\"https:\/\/www.ivanabeaumond.com.br\/vestidos-noiva\/wp-content\/uploads\/2019\/04\/vestido-de-noiva-rj-na-hist\u00f3ria-atelier-ivana-beaumond-paris-12-e1554408793201.jpg\" \/>\n\t<meta property=\"og:image:width\" content=\"476\" \/>\n\t<meta property=\"og:image:height\" content=\"357\" \/>\n\t<meta property=\"og:image:type\" content=\"image\/jpeg\" \/>\n<meta name=\"author\" content=\"Ivana Beaumond Paris\" \/>\n<meta name=\"twitter:card\" content=\"summary_large_image\" \/>\n<meta name=\"twitter:label1\" content=\"Escrito por\" \/>\n\t<meta name=\"twitter:data1\" content=\"Ivana Beaumond Paris\" \/>\n\t<meta name=\"twitter:label2\" content=\"Est. tempo de leitura\" \/>\n\t<meta name=\"twitter:data2\" content=\"3 minutos\" \/>\n<script type=\"application\/ld+json\" class=\"yoast-schema-graph\">{\"@context\":\"https:\/\/schema.org\",\"@graph\":[{\"@type\":\"Article\",\"@id\":\"https:\/\/www.ivanabeaumond.com.br\/vestidos-noiva\/a-fascinante-historia-dos-vestidos-de-noiva\/#article\",\"isPartOf\":{\"@id\":\"https:\/\/www.ivanabeaumond.com.br\/vestidos-noiva\/a-fascinante-historia-dos-vestidos-de-noiva\/\"},\"author\":{\"name\":\"Ivana Beaumond Paris\",\"@id\":\"https:\/\/www.ivanabeaumond.com.br\/vestidos-noiva\/#\/schema\/person\/1a360c4cffa3b806d29a456389dcff26\"},\"headline\":\"A fascinante hist\u00f3ria dos Vestidos de Noiva\",\"datePublished\":\"2019-04-05T16:01:04+00:00\",\"dateModified\":\"2019-04-05T16:01:04+00:00\",\"mainEntityOfPage\":{\"@id\":\"https:\/\/www.ivanabeaumond.com.br\/vestidos-noiva\/a-fascinante-historia-dos-vestidos-de-noiva\/\"},\"wordCount\":660,\"publisher\":{\"@id\":\"https:\/\/www.ivanabeaumond.com.br\/vestidos-noiva\/#organization\"},\"keywords\":[\"atelier\",\"atelier de noivas\",\"atelier ivana beaumond\",\"atelier ivana beaumond paris\",\"blog de casamento\",\"blog de noiva\",\"branco\",\"casamento\",\"casamento rj\",\"casamentos\",\"casamentos rj\",\"errejota\",\"estilista de noivas\",\"fam\u00edlia real\",\"hist\u00f3ria\",\"hist\u00f3ria do casamento\",\"hist\u00f3ria dos vestidos de noiva\",\"instanoivas\",\"ivana beaumond\",\"noivinha\",\"noivos\",\"pr\u00edncipe albert\",\"queen victoria\",\"rainha victoria\",\"rainha vit\u00f3ria\",\"realeza\",\"rio de janeiro\",\"rj\",\"vestido branco\",\"vestido de noiva branco\",\"vestido de noiva colorido\",\"vestido de noiva nude\",\"vestido de noiva rj\",\"vestidos\",\"vestidos de noiva\",\"vevstido de noiva\",\"vou casar\"],\"articleSection\":[\"Blog\",\"Dicas e Truques\"],\"inLanguage\":\"pt-BR\"},{\"@type\":\"WebPage\",\"@id\":\"https:\/\/www.ivanabeaumond.com.br\/vestidos-noiva\/a-fascinante-historia-dos-vestidos-de-noiva\/\",\"url\":\"https:\/\/www.ivanabeaumond.com.br\/vestidos-noiva\/a-fascinante-historia-dos-vestidos-de-noiva\/\",\"name\":\"A fascinante hist\u00f3ria dos Vestidos de Noiva - Vestido de Noiva RJ\",\"isPartOf\":{\"@id\":\"https:\/\/www.ivanabeaumond.com.br\/vestidos-noiva\/#website\"},\"datePublished\":\"2019-04-05T16:01:04+00:00\",\"dateModified\":\"2019-04-05T16:01:04+00:00\",\"breadcrumb\":{\"@id\":\"https:\/\/www.ivanabeaumond.com.br\/vestidos-noiva\/a-fascinante-historia-dos-vestidos-de-noiva\/#breadcrumb\"},\"inLanguage\":\"pt-BR\",\"potentialAction\":[{\"@type\":\"ReadAction\",\"target\":[\"https:\/\/www.ivanabeaumond.com.br\/vestidos-noiva\/a-fascinante-historia-dos-vestidos-de-noiva\/\"]}]},{\"@type\":\"BreadcrumbList\",\"@id\":\"https:\/\/www.ivanabeaumond.com.br\/vestidos-noiva\/a-fascinante-historia-dos-vestidos-de-noiva\/#breadcrumb\",\"itemListElement\":[{\"@type\":\"ListItem\",\"position\":1,\"name\":\"In\u00edcio\",\"item\":\"https:\/\/www.ivanabeaumond.com.br\/vestidos-noiva\/\"},{\"@type\":\"ListItem\",\"position\":2,\"name\":\"A fascinante hist\u00f3ria dos Vestidos de Noiva\"}]},{\"@type\":\"WebSite\",\"@id\":\"https:\/\/www.ivanabeaumond.com.br\/vestidos-noiva\/#website\",\"url\":\"https:\/\/www.ivanabeaumond.com.br\/vestidos-noiva\/\",\"name\":\"Vestido de Noiva RJ\",\"description\":\"Moda Noiva\",\"publisher\":{\"@id\":\"https:\/\/www.ivanabeaumond.com.br\/vestidos-noiva\/#organization\"},\"potentialAction\":[{\"@type\":\"SearchAction\",\"target\":{\"@type\":\"EntryPoint\",\"urlTemplate\":\"https:\/\/www.ivanabeaumond.com.br\/vestidos-noiva\/?s={search_term_string}\"},\"query-input\":\"required name=search_term_string\"}],\"inLanguage\":\"pt-BR\"},{\"@type\":\"Organization\",\"@id\":\"https:\/\/www.ivanabeaumond.com.br\/vestidos-noiva\/#organization\",\"name\":\"Vestido de Noiva RJ\",\"url\":\"https:\/\/www.ivanabeaumond.com.br\/vestidos-noiva\/\",\"logo\":{\"@type\":\"ImageObject\",\"inLanguage\":\"pt-BR\",\"@id\":\"https:\/\/www.ivanabeaumond.com.br\/vestidos-noiva\/#\/schema\/logo\/image\/\",\"url\":\"https:\/\/www.ivanabeaumond.com.br\/vestidos-noiva\/wp-content\/uploads\/2018\/02\/logo_ivana_beaumond-2.png\",\"contentUrl\":\"https:\/\/www.ivanabeaumond.com.br\/vestidos-noiva\/wp-content\/uploads\/2018\/02\/logo_ivana_beaumond-2.png\",\"width\":230,\"height\":112,\"caption\":\"Vestido de Noiva RJ\"},\"image\":{\"@id\":\"https:\/\/www.ivanabeaumond.com.br\/vestidos-noiva\/#\/schema\/logo\/image\/\"},\"sameAs\":[\"https:\/\/www.facebook.com\/ivana.beaumondnoivas\",\"https:\/\/www.instagram.com\/ivanabeaumond\/\",\"https:\/\/www.tiktok.com\/@ivanabeaumond\"]},{\"@type\":\"Person\",\"@id\":\"https:\/\/www.ivanabeaumond.com.br\/vestidos-noiva\/#\/schema\/person\/1a360c4cffa3b806d29a456389dcff26\",\"name\":\"Ivana Beaumond Paris\",\"image\":{\"@type\":\"ImageObject\",\"inLanguage\":\"pt-BR\",\"@id\":\"https:\/\/www.ivanabeaumond.com.br\/vestidos-noiva\/#\/schema\/person\/image\/\",\"url\":\"https:\/\/secure.gravatar.com\/avatar\/641f98db20b53ec937ceb641db4270b9?s=96&d=mm&r=g\",\"contentUrl\":\"https:\/\/secure.gravatar.com\/avatar\/641f98db20b53ec937ceb641db4270b9?s=96&d=mm&r=g\",\"caption\":\"Ivana Beaumond Paris\"},\"url\":\"https:\/\/www.ivanabeaumond.com.br\/vestidos-noiva\/author\/ivana\/\"}]}<\/script>\n<!-- \/ Yoast SEO plugin. -->","yoast_head_json":{"title":"A fascinante hist\u00f3ria dos Vestidos de Noiva - Vestido de Noiva RJ","robots":{"index":"index","follow":"follow","max-snippet":"max-snippet:-1","max-image-preview":"max-image-preview:large","max-video-preview":"max-video-preview:-1"},"canonical":"https:\/\/www.ivanabeaumond.com.br\/vestidos-noiva\/a-fascinante-historia-dos-vestidos-de-noiva\/","og_locale":"pt_BR","og_type":"article","og_title":"A fascinante hist\u00f3ria dos Vestidos de Noiva - Vestido de Noiva RJ","og_description":"Embora hoje em dia celebrem o amor e o compromisso...","og_url":"https:\/\/www.ivanabeaumond.com.br\/vestidos-noiva\/a-fascinante-historia-dos-vestidos-de-noiva\/","og_site_name":"Vestido de Noiva RJ","article_publisher":"https:\/\/www.facebook.com\/ivana.beaumondnoivas","article_published_time":"2019-04-05T16:01:04+00:00","og_image":[{"width":476,"height":357,"url":"https:\/\/www.ivanabeaumond.com.br\/vestidos-noiva\/wp-content\/uploads\/2019\/04\/vestido-de-noiva-rj-na-hist\u00f3ria-atelier-ivana-beaumond-paris-12-e1554408793201.jpg","type":"image\/jpeg"}],"author":"Ivana Beaumond Paris","twitter_card":"summary_large_image","twitter_misc":{"Escrito por":"Ivana Beaumond Paris","Est. tempo de leitura":"3 minutos"},"schema":{"@context":"https:\/\/schema.org","@graph":[{"@type":"Article","@id":"https:\/\/www.ivanabeaumond.com.br\/vestidos-noiva\/a-fascinante-historia-dos-vestidos-de-noiva\/#article","isPartOf":{"@id":"https:\/\/www.ivanabeaumond.com.br\/vestidos-noiva\/a-fascinante-historia-dos-vestidos-de-noiva\/"},"author":{"name":"Ivana Beaumond Paris","@id":"https:\/\/www.ivanabeaumond.com.br\/vestidos-noiva\/#\/schema\/person\/1a360c4cffa3b806d29a456389dcff26"},"headline":"A fascinante hist\u00f3ria dos Vestidos de Noiva","datePublished":"2019-04-05T16:01:04+00:00","dateModified":"2019-04-05T16:01:04+00:00","mainEntityOfPage":{"@id":"https:\/\/www.ivanabeaumond.com.br\/vestidos-noiva\/a-fascinante-historia-dos-vestidos-de-noiva\/"},"wordCount":660,"publisher":{"@id":"https:\/\/www.ivanabeaumond.com.br\/vestidos-noiva\/#organization"},"keywords":["atelier","atelier de noivas","atelier ivana beaumond","atelier ivana beaumond paris","blog de casamento","blog de noiva","branco","casamento","casamento rj","casamentos","casamentos rj","errejota","estilista de noivas","fam\u00edlia real","hist\u00f3ria","hist\u00f3ria do casamento","hist\u00f3ria dos vestidos de noiva","instanoivas","ivana beaumond","noivinha","noivos","pr\u00edncipe albert","queen victoria","rainha victoria","rainha vit\u00f3ria","realeza","rio de janeiro","rj","vestido branco","vestido de noiva branco","vestido de noiva colorido","vestido de noiva nude","vestido de noiva rj","vestidos","vestidos de noiva","vevstido de noiva","vou casar"],"articleSection":["Blog","Dicas e Truques"],"inLanguage":"pt-BR"},{"@type":"WebPage","@id":"https:\/\/www.ivanabeaumond.com.br\/vestidos-noiva\/a-fascinante-historia-dos-vestidos-de-noiva\/","url":"https:\/\/www.ivanabeaumond.com.br\/vestidos-noiva\/a-fascinante-historia-dos-vestidos-de-noiva\/","name":"A fascinante hist\u00f3ria dos Vestidos de Noiva - Vestido de Noiva RJ","isPartOf":{"@id":"https:\/\/www.ivanabeaumond.com.br\/vestidos-noiva\/#website"},"datePublished":"2019-04-05T16:01:04+00:00","dateModified":"2019-04-05T16:01:04+00:00","breadcrumb":{"@id":"https:\/\/www.ivanabeaumond.com.br\/vestidos-noiva\/a-fascinante-historia-dos-vestidos-de-noiva\/#breadcrumb"},"inLanguage":"pt-BR","potentialAction":[{"@type":"ReadAction","target":["https:\/\/www.ivanabeaumond.com.br\/vestidos-noiva\/a-fascinante-historia-dos-vestidos-de-noiva\/"]}]},{"@type":"BreadcrumbList","@id":"https:\/\/www.ivanabeaumond.com.br\/vestidos-noiva\/a-fascinante-historia-dos-vestidos-de-noiva\/#breadcrumb","itemListElement":[{"@type":"ListItem","position":1,"name":"In\u00edcio","item":"https:\/\/www.ivanabeaumond.com.br\/vestidos-noiva\/"},{"@type":"ListItem","position":2,"name":"A fascinante hist\u00f3ria dos Vestidos de Noiva"}]},{"@type":"WebSite","@id":"https:\/\/www.ivanabeaumond.com.br\/vestidos-noiva\/#website","url":"https:\/\/www.ivanabeaumond.com.br\/vestidos-noiva\/","name":"Vestido de Noiva RJ","description":"Moda Noiva","publisher":{"@id":"https:\/\/www.ivanabeaumond.com.br\/vestidos-noiva\/#organization"},"potentialAction":[{"@type":"SearchAction","target":{"@type":"EntryPoint","urlTemplate":"https:\/\/www.ivanabeaumond.com.br\/vestidos-noiva\/?s={search_term_string}"},"query-input":"required name=search_term_string"}],"inLanguage":"pt-BR"},{"@type":"Organization","@id":"https:\/\/www.ivanabeaumond.com.br\/vestidos-noiva\/#organization","name":"Vestido de Noiva RJ","url":"https:\/\/www.ivanabeaumond.com.br\/vestidos-noiva\/","logo":{"@type":"ImageObject","inLanguage":"pt-BR","@id":"https:\/\/www.ivanabeaumond.com.br\/vestidos-noiva\/#\/schema\/logo\/image\/","url":"https:\/\/www.ivanabeaumond.com.br\/vestidos-noiva\/wp-content\/uploads\/2018\/02\/logo_ivana_beaumond-2.png","contentUrl":"https:\/\/www.ivanabeaumond.com.br\/vestidos-noiva\/wp-content\/uploads\/2018\/02\/logo_ivana_beaumond-2.png","width":230,"height":112,"caption":"Vestido de Noiva RJ"},"image":{"@id":"https:\/\/www.ivanabeaumond.com.br\/vestidos-noiva\/#\/schema\/logo\/image\/"},"sameAs":["https:\/\/www.facebook.com\/ivana.beaumondnoivas","https:\/\/www.instagram.com\/ivanabeaumond\/","https:\/\/www.tiktok.com\/@ivanabeaumond"]},{"@type":"Person","@id":"https:\/\/www.ivanabeaumond.com.br\/vestidos-noiva\/#\/schema\/person\/1a360c4cffa3b806d29a456389dcff26","name":"Ivana Beaumond Paris","image":{"@type":"ImageObject","inLanguage":"pt-BR","@id":"https:\/\/www.ivanabeaumond.com.br\/vestidos-noiva\/#\/schema\/person\/image\/","url":"https:\/\/secure.gravatar.com\/avatar\/641f98db20b53ec937ceb641db4270b9?s=96&d=mm&r=g","contentUrl":"https:\/\/secure.gravatar.com\/avatar\/641f98db20b53ec937ceb641db4270b9?s=96&d=mm&r=g","caption":"Ivana Beaumond Paris"},"url":"https:\/\/www.ivanabeaumond.com.br\/vestidos-noiva\/author\/ivana\/"}]}},"_links":{"self":[{"href":"https:\/\/www.ivanabeaumond.com.br\/vestidos-noiva\/wp-json\/wp\/v2\/posts\/17931"}],"collection":[{"href":"https:\/\/www.ivanabeaumond.com.br\/vestidos-noiva\/wp-json\/wp\/v2\/posts"}],"about":[{"href":"https:\/\/www.ivanabeaumond.com.br\/vestidos-noiva\/wp-json\/wp\/v2\/types\/post"}],"author":[{"embeddable":true,"href":"https:\/\/www.ivanabeaumond.com.br\/vestidos-noiva\/wp-json\/wp\/v2\/users\/4"}],"replies":[{"embeddable":true,"href":"https:\/\/www.ivanabeaumond.com.br\/vestidos-noiva\/wp-json\/wp\/v2\/comments?post=17931"}],"version-history":[{"count":8,"href":"https:\/\/www.ivanabeaumond.com.br\/vestidos-noiva\/wp-json\/wp\/v2\/posts\/17931\/revisions"}],"predecessor-version":[{"id":17975,"href":"https:\/\/www.ivanabeaumond.com.br\/vestidos-noiva\/wp-json\/wp\/v2\/posts\/17931\/revisions\/17975"}],"wp:featuredmedia":[{"embeddable":true,"href":"https:\/\/www.ivanabeaumond.com.br\/vestidos-noiva\/wp-json\/wp\/v2\/media\/17936"}],"wp:attachment":[{"href":"https:\/\/www.ivanabeaumond.com.br\/vestidos-noiva\/wp-json\/wp\/v2\/media?parent=17931"}],"wp:term":[{"taxonomy":"category","embeddable":true,"href":"https:\/\/www.ivanabeaumond.com.br\/vestidos-noiva\/wp-json\/wp\/v2\/categories?post=17931"},{"taxonomy":"post_tag","embeddable":true,"href":"https:\/\/www.ivanabeaumond.com.br\/vestidos-noiva\/wp-json\/wp\/v2\/tags?post=17931"}],"curies":[{"name":"wp","href":"https:\/\/api.w.org\/{rel}","templated":true}]}}