{"id":18061,"date":"2019-04-12T17:07:54","date_gmt":"2019-04-12T20:07:54","guid":{"rendered":"https:\/\/www.ivanabeaumond.com.br\/vestidos-noiva\/?p=18061"},"modified":"2019-04-12T17:09:23","modified_gmt":"2019-04-12T20:09:23","slug":"os-3-passos-para-voce-escolher-o-seu-veu-de-noiva","status":"publish","type":"post","link":"https:\/\/www.ivanabeaumond.com.br\/vestidos-noiva\/os-3-passos-para-voce-escolher-o-seu-veu-de-noiva\/","title":{"rendered":"3 passos para voc\u00ea escolher o seu v\u00e9u de noiva"},"content":{"rendered":"<h4 style=\"text-align: justify;\"><span style=\"color: #999999;\">Com uma grande variedade de comprimentos, larguras, estilos e enfeites, n\u00e3o \u00e9 de se admirar que uma futura noiva possa ficar indecisa para escolher o seu v\u00e9u. Afinal, eles s\u00e3o t\u00e3o \u00fanicos quanto o vestido de noiva e s\u00e3o pe\u00e7as que far\u00e3o toda a diferen\u00e7a no seu look.\u00a0Se voc\u00ea est\u00e1 em busca do seu v\u00e9u perfeito, confira este post com os tr\u00eas passos mais importantes da sua escolha.<\/span><\/h4>\n<h4 style=\"text-align: justify;\"><span style=\"color: #999999;\">\u00a0<\/span><\/h4>\n<p>&nbsp;<\/p>\n<p>&nbsp;<\/p>\n<p style=\"text-align: justify;\"><img decoding=\"async\" loading=\"lazy\" class=\"aligncenter size-full wp-image-18062\" src=\"https:\/\/www.ivanabeaumond.com.br\/vestidos-noiva\/wp-content\/uploads\/2019\/04\/v\u00e9u-vestido-de-casamento-rj-noivas-ivana-beaumond-atelier-2-e1555096403741.jpg\" alt=\"v\u00e9u-vestido-de-casamento-rj-noivas-ivana-beaumond-atelier-2\" width=\"399\" height=\"559\" \/><\/p>\n<h3 style=\"text-align: justify;\"><span style=\"color: #000000;\">1. Seu vestido de noiva<\/span><\/h3>\n<p>&nbsp;<\/p>\n<p>&nbsp;<\/p>\n<p>&nbsp;<\/p>\n<h4 style=\"text-align: justify;\"><span style=\"color: #999999;\">Muitas vezes, o melhor ponto de partida \u00e9 considerar a forma e o estilo do seu vestido de noiva. Seu v\u00e9u deve acentuar e ser proporcional ao seu vestido, sem ofuscar seus detalhes ou sobrecarregar o seu look. Em outras palavras, se o seu modelo possui muitos detalhes bonitos, escolha um v\u00e9u simples com uma borda crua e limpa. <\/span><\/h4>\n<h4 style=\"text-align: justify;\"><\/h4>\n<h4 style=\"text-align: justify;\"><\/h4>\n<h4 style=\"text-align: justify;\"><\/h4>\n<h4 style=\"text-align: justify;\"><img decoding=\"async\" loading=\"lazy\" class=\"aligncenter size-full wp-image-18064\" src=\"https:\/\/www.ivanabeaumond.com.br\/vestidos-noiva\/wp-content\/uploads\/2019\/04\/v\u00e9u-vestido-de-casamento-rj-noivas-ivana-beaumond-atelier-e1555096845840.jpg\" alt=\"v\u00e9u-vestido-de-casamento-rj-noivas-ivana-beaumond-atelier\" width=\"399\" height=\"559\" \/><\/h4>\n<p>&nbsp;<\/p>\n<h4 style=\"text-align: justify;\"><\/h4>\n<h4 style=\"text-align: justify;\"><\/h4>\n<h4 style=\"text-align: justify;\"><span style=\"color: #999999;\">Se o seu vestido \u00e9 simples, prefira um v\u00e9u mais detalhado, com bordados de renda ou detalhes florais para complementar o seu modelo.\u00a0Vestidos mais justos funcionam muito bem com v\u00e9us longos, assim como combinam com voilettes e v\u00e9us Ponta de Dedo. <\/span><\/h4>\n<h4 style=\"text-align: justify;\"><\/h4>\n<h4 style=\"text-align: justify;\"><\/h4>\n<p>&nbsp;<\/p>\n<p><img decoding=\"async\" loading=\"lazy\" class=\"aligncenter size-full wp-image-18071\" src=\"https:\/\/www.ivanabeaumond.com.br\/vestidos-noiva\/wp-content\/uploads\/2019\/04\/v\u00e9u-vestido-de-casamento-rj-noivas-ivana-beaumond-atelier-7-e1555098191159.jpg\" alt=\"v\u00e9u-vestido-de-casamento-rj-noivas-ivana-beaumond-atelier-7\" width=\"399\" height=\"599\" \/><\/p>\n<p>&nbsp;<\/p>\n<p>&nbsp;<\/p>\n<p>&nbsp;<\/p>\n<h4 style=\"text-align: justify;\"><\/h4>\n<h4 style=\"text-align: justify;\"><span style=\"color: #999999;\">Para modelos sereia, prefira v\u00e9us longos e estreitos que complementem a silhueta. Para modelos com saia volumosa, no estilo princesa, v\u00e9us de comprimento m\u00e9dio com caimento de at\u00e9 dez cent\u00edmetros abaixo das costas.\u00a0De um modo geral, o v\u00e9u Ponta de Dedo \u00e9 uma op\u00e7\u00e3o atemporal e cl\u00e1ssica que funciona com a maioria dos vestidos de noiva, al\u00e9m de ser tamb\u00e9m uma escolha vers\u00e1til para locais diferentes &#8211; desde a igreja at\u00e9 um casamento na praia ou no jardim.\u00a0\u00a0<\/span><\/h4>\n<p>&nbsp;<\/p>\n<p>&nbsp;<\/p>\n<p>&nbsp;<\/p>\n<p>&nbsp;<\/p>\n<p><img decoding=\"async\" loading=\"lazy\" class=\"aligncenter size-full wp-image-18072\" src=\"https:\/\/www.ivanabeaumond.com.br\/vestidos-noiva\/wp-content\/uploads\/2019\/04\/v\u00e9u-vestido-de-casamento-rj-noivas-ivana-beaumond-atelier-9-e1555098833855.jpg\" alt=\"v\u00e9u-vestido-de-casamento-rj-noivas-ivana-beaumond-atelier-9\" width=\"399\" height=\"599\" \/><\/p>\n<p>&nbsp;<\/p>\n<p>&nbsp;<\/p>\n<p>&nbsp;<\/p>\n<h4 style=\"text-align: justify;\"><span style=\"color: #999999;\">\u00a0<\/span><\/h4>\n<h3 style=\"text-align: justify;\"><span style=\"color: #000000;\">2. O local da cerim\u00f4nia<\/span><\/h3>\n<p>&nbsp;<\/p>\n<p>&nbsp;<\/p>\n<p>&nbsp;<\/p>\n<p>&nbsp;<\/p>\n<h4 style=\"text-align: justify;\"><span style=\"color: #999999;\">Assim como seu vestido, o v\u00e9u deve ser consistente com a formalidade do seu casamento. Casamentos na igreja podem pedir uma mantilha ou um blusher, enquanto um v\u00e9u menos formal e mais curto pode ser perfeito para casamentos na praia ou no jardim.\u00a0\u00a0<\/span><\/h4>\n<h4 style=\"text-align: justify;\"><\/h4>\n<p>&nbsp;<\/p>\n<p>&nbsp;<\/p>\n<p style=\"text-align: justify;\"><img decoding=\"async\" loading=\"lazy\" class=\"aligncenter size-full wp-image-18065\" src=\"https:\/\/www.ivanabeaumond.com.br\/vestidos-noiva\/wp-content\/uploads\/2019\/04\/v\u00e9u-vestido-de-casamento-rj-noivas-ivana-beaumond-atelier-4.jpg\" alt=\"v\u00e9u-vestido-de-casamento-rj-noivas-ivana-beaumond-atelier-4\" width=\"399\" height=\"600\" srcset=\"https:\/\/www.ivanabeaumond.com.br\/vestidos-noiva\/wp-content\/uploads\/2019\/04\/v\u00e9u-vestido-de-casamento-rj-noivas-ivana-beaumond-atelier-4.jpg 399w, https:\/\/www.ivanabeaumond.com.br\/vestidos-noiva\/wp-content\/uploads\/2019\/04\/v\u00e9u-vestido-de-casamento-rj-noivas-ivana-beaumond-atelier-4-200x300.jpg 200w\" sizes=\"(max-width: 399px) 100vw, 399px\" \/><\/p>\n<h3 style=\"text-align: justify;\"><span style=\"color: #000000;\">3. Seu penteado\u00a0<\/span><\/h3>\n<p>&nbsp;<\/p>\n<p>&nbsp;<\/p>\n<h4 style=\"text-align: justify;\"><\/h4>\n<h4 style=\"text-align: justify;\"><span style=\"color: #999999;\">Se voc\u00ea optar por usar um v\u00e9u, seu v\u00e9u precisar\u00e1 de uma base de apoio, como por exemplo um coque, um penteado bagun\u00e7ado ou um penteado meio a meio. Quanto mais longo ou pesado for o seu v\u00e9u, mais firme o seu penteado precisar\u00e1 ser. Se n\u00e3o quiser usar um acess\u00f3rio, voc\u00ea pode pedir para que o seu v\u00e9u seja personalizado para que possa ser fixado \u00e0 curva natural do seu hairstyle.\u00a0\u00a0<\/span><\/h4>\n<p>&nbsp;<\/p>\n<p>&nbsp;<\/p>\n<p>&nbsp;<\/p>\n<p>&nbsp;<\/p>\n<p style=\"text-align: justify;\"><a href=\"https:\/\/www.ivanabeaumond.com.br\/vestidos-noiva\/wp-content\/uploads\/2019\/04\/v\u00e9u-vestido-de-casamento-rj-noivas-ivana-beaumond-atelier-3-e1555097199931.jpg\"><img decoding=\"async\" loading=\"lazy\" class=\"aligncenter size-full wp-image-18066\" src=\"https:\/\/www.ivanabeaumond.com.br\/vestidos-noiva\/wp-content\/uploads\/2019\/04\/v\u00e9u-vestido-de-casamento-rj-noivas-ivana-beaumond-atelier-3-e1555097199931.jpg\" alt=\"v\u00e9u-vestido-de-casamento-rj-noivas-ivana-beaumond-atelier-3\" width=\"399\" height=\"559\" \/><\/a><\/p>\n<h3 style=\"text-align: justify;\"><span style=\"color: #000000;\">Aten\u00e7\u00e3o \u00e0s medidas\u00a0<\/span><\/h3>\n<h4 style=\"text-align: justify;\"><\/h4>\n<p>&nbsp;<\/p>\n<h4 style=\"text-align: justify;\"><span style=\"color: #999999;\">Para garantir que voc\u00ea escolha um v\u00e9u no comprimento certo, pe\u00e7a a algu\u00e9m para medir sua altura para ter uma ideia de quanto de comprimento de tecido voc\u00ea precisar\u00e1. Os v\u00e9us geralmente s\u00e3o presos ao cabelo com um pente, ent\u00e3o me\u00e7a do ponto em que voc\u00ea gostaria de colocar o pente (tendo em mente o penteado de seu casamento) e onde voc\u00ea gostaria que o v\u00e9u ca\u00edsse.<\/span><\/h4>\n<p>&nbsp;<\/p>\n<p>&nbsp;<\/p>\n<p>&nbsp;<\/p>\n<h3 style=\"text-align: justify;\"><\/h3>\n<p><img decoding=\"async\" loading=\"lazy\" class=\"aligncenter size-full wp-image-18067\" src=\"https:\/\/www.ivanabeaumond.com.br\/vestidos-noiva\/wp-content\/uploads\/2019\/04\/v\u00e9u-vestido-de-casamento-rj-noivas-ivana-beaumond-atelier-6-e1555097632806.jpg\" alt=\"v\u00e9u-vestido-de-casamento-rj-noivas-ivana-beaumond-atelier-6\" width=\"399\" height=\"599\" \/><\/p>\n<p>&nbsp;<\/p>\n<p>&nbsp;<\/p>\n<p>&nbsp;<\/p>\n<p>&nbsp;<\/p>\n<h4 style=\"text-align: justify;\"><span style=\"color: #000000;\">Imagens: Jarred Tyers\/Atrevida\/Gelinlik Modelleri<\/span><\/h4>\n<h4 style=\"text-align: justify;\"><span style=\"color: #000000;\">Fonte: <span style=\"color: #333399;\"><a style=\"color: #333399;\" href=\"https:\/\/www.taniamaras.com\/3-steps-to-finding-your-wedding-veil\/\" target=\"_blank\">Tania Maras<\/a><\/span>.<\/span><\/h4>\n<p>&nbsp;<\/p>\n<p>&nbsp;<\/p>\n<p>&nbsp;<\/p>\n<h4 style=\"text-align: justify;\"><span style=\"color: #999999;\">Gostou? Siga nosso instagram<\/span>\u00a0<a href=\"https:\/\/www.instagram.com\/ivanaparisdebutantes\" target=\"_blank\">@ivanabeaumond<span style=\"color: #999999;\">\u00a0<\/span><\/a><span style=\"color: #999999;\">e curta nossa fanpage<\/span>\u00a0<a href=\"https:\/\/www.facebook.com\/IvanaBeaumond\/\" target=\"_blank\">Ivana Beaumond<\/a>\u00a0<span style=\"color: #999999;\">para ficar por dentro de tudo o que rola no mundo das\u00a0debutantes. N\u00e3o deixe de conferir tamb\u00e9m as nossas\u00a0cole\u00e7\u00f5es de<\/span>\u00a0<a href=\"http:\/\/www.ivanabeaumond.com.br\/vestidos-noiva\/vestidos-de-noiva-rj\/\" target=\"_blank\">Vestidos de Noiva<\/a><span style=\"color: #999999;\">,\u00a0<\/span><a href=\"http:\/\/www.ivanabeaumond.com.br\/vestidos-noiva\/noivos-roupa-terno\/\" target=\"_blank\">Trajes Masculinos<\/a>\u00a0<span style=\"color: #999999;\">e<\/span>\u00a0<a href=\"http:\/\/www.ivanabeaumond.com.br\/vestidos-noiva\/vestidos-casamento-madrinha-festa-formatura\/\" target=\"_blank\">Moda Festa<\/a><span style=\"color: #999999;\">,\u00a0trazendo as maiores novidades da alta costura com os mais belos modelos!<\/span><\/h4>\n","protected":false},"excerpt":{"rendered":"<p>Com uma grande variedade de comprimentos, larguras, estilos e enfeites,&#8230;<\/p>\n","protected":false},"author":4,"featured_media":18076,"comment_status":"closed","ping_status":"closed","sticky":false,"template":"","format":"standard","meta":[],"categories":[60,127],"tags":[769,131,204,215,133,96,161,195,434,694,98,164,596,258,772,304,774,775,776,773,598,771],"yoast_head":"<!-- This site is optimized with the Yoast SEO plugin v20.3 - https:\/\/yoast.com\/wordpress\/plugins\/seo\/ -->\n<title>3 passos para voc\u00ea escolher o seu v\u00e9u de noiva - Vestido de Noiva RJ<\/title>\n<meta name=\"robots\" content=\"index, follow, max-snippet:-1, max-image-preview:large, max-video-preview:-1\" \/>\n<link rel=\"canonical\" href=\"https:\/\/www.ivanabeaumond.com.br\/vestidos-noiva\/os-3-passos-para-voce-escolher-o-seu-veu-de-noiva\/\" \/>\n<meta property=\"og:locale\" content=\"pt_BR\" \/>\n<meta property=\"og:type\" content=\"article\" \/>\n<meta property=\"og:title\" content=\"3 passos para voc\u00ea escolher o seu v\u00e9u de noiva - Vestido de Noiva RJ\" \/>\n<meta property=\"og:description\" content=\"Com uma grande variedade de comprimentos, larguras, estilos e enfeites,...\" \/>\n<meta property=\"og:url\" content=\"https:\/\/www.ivanabeaumond.com.br\/vestidos-noiva\/os-3-passos-para-voce-escolher-o-seu-veu-de-noiva\/\" \/>\n<meta property=\"og:site_name\" content=\"Vestido de Noiva RJ\" \/>\n<meta property=\"article:publisher\" content=\"https:\/\/www.facebook.com\/ivana.beaumondnoivas\" \/>\n<meta property=\"article:published_time\" content=\"2019-04-12T20:07:54+00:00\" \/>\n<meta property=\"article:modified_time\" content=\"2019-04-12T20:09:23+00:00\" \/>\n<meta property=\"og:image\" content=\"https:\/\/www.ivanabeaumond.com.br\/vestidos-noiva\/wp-content\/uploads\/2019\/04\/v\u00e9u-vestido-de-casamento-rj-noivas-ivana-beaumond-atelier-imagem0destacada-e1555099479920.jpg\" \/>\n\t<meta property=\"og:image:width\" content=\"600\" \/>\n\t<meta property=\"og:image:height\" content=\"433\" \/>\n\t<meta property=\"og:image:type\" content=\"image\/jpeg\" \/>\n<meta name=\"author\" content=\"Ivana Beaumond Paris\" \/>\n<meta name=\"twitter:card\" content=\"summary_large_image\" \/>\n<meta name=\"twitter:label1\" content=\"Escrito por\" \/>\n\t<meta name=\"twitter:data1\" content=\"Ivana Beaumond Paris\" \/>\n\t<meta name=\"twitter:label2\" content=\"Est. tempo de leitura\" \/>\n\t<meta name=\"twitter:data2\" content=\"3 minutos\" \/>\n<script type=\"application\/ld+json\" class=\"yoast-schema-graph\">{\"@context\":\"https:\/\/schema.org\",\"@graph\":[{\"@type\":\"Article\",\"@id\":\"https:\/\/www.ivanabeaumond.com.br\/vestidos-noiva\/os-3-passos-para-voce-escolher-o-seu-veu-de-noiva\/#article\",\"isPartOf\":{\"@id\":\"https:\/\/www.ivanabeaumond.com.br\/vestidos-noiva\/os-3-passos-para-voce-escolher-o-seu-veu-de-noiva\/\"},\"author\":{\"name\":\"Ivana Beaumond Paris\",\"@id\":\"https:\/\/www.ivanabeaumond.com.br\/vestidos-noiva\/#\/schema\/person\/1a360c4cffa3b806d29a456389dcff26\"},\"headline\":\"3 passos para voc\u00ea escolher o seu v\u00e9u de noiva\",\"datePublished\":\"2019-04-12T20:07:54+00:00\",\"dateModified\":\"2019-04-12T20:09:23+00:00\",\"mainEntityOfPage\":{\"@id\":\"https:\/\/www.ivanabeaumond.com.br\/vestidos-noiva\/os-3-passos-para-voce-escolher-o-seu-veu-de-noiva\/\"},\"wordCount\":599,\"publisher\":{\"@id\":\"https:\/\/www.ivanabeaumond.com.br\/vestidos-noiva\/#organization\"},\"keywords\":[\"acess\u00f3rio\",\"aluguel de roupas\",\"atelieraltacostura\",\"Atelierdenoiva\",\"atelierivanabeaumond\",\"casamento\",\"casamento blindado\",\"CasamentosRJ\",\"dicas\",\"dicas e truques\",\"noiva\",\"noivas\",\"noivei\",\"noivinha\",\"v\u00e9u\",\"v\u00e9u e grinalda\",\"v\u00e9u longo\",\"v\u00e9u m\u00e9dio\",\"v\u00e9u ponta de dedo\",\"voilette\",\"vou casar\",\"wedding plan\"],\"articleSection\":[\"Blog\",\"Dicas e Truques\"],\"inLanguage\":\"pt-BR\"},{\"@type\":\"WebPage\",\"@id\":\"https:\/\/www.ivanabeaumond.com.br\/vestidos-noiva\/os-3-passos-para-voce-escolher-o-seu-veu-de-noiva\/\",\"url\":\"https:\/\/www.ivanabeaumond.com.br\/vestidos-noiva\/os-3-passos-para-voce-escolher-o-seu-veu-de-noiva\/\",\"name\":\"3 passos para voc\u00ea escolher o seu v\u00e9u de noiva - Vestido de Noiva RJ\",\"isPartOf\":{\"@id\":\"https:\/\/www.ivanabeaumond.com.br\/vestidos-noiva\/#website\"},\"datePublished\":\"2019-04-12T20:07:54+00:00\",\"dateModified\":\"2019-04-12T20:09:23+00:00\",\"breadcrumb\":{\"@id\":\"https:\/\/www.ivanabeaumond.com.br\/vestidos-noiva\/os-3-passos-para-voce-escolher-o-seu-veu-de-noiva\/#breadcrumb\"},\"inLanguage\":\"pt-BR\",\"potentialAction\":[{\"@type\":\"ReadAction\",\"target\":[\"https:\/\/www.ivanabeaumond.com.br\/vestidos-noiva\/os-3-passos-para-voce-escolher-o-seu-veu-de-noiva\/\"]}]},{\"@type\":\"BreadcrumbList\",\"@id\":\"https:\/\/www.ivanabeaumond.com.br\/vestidos-noiva\/os-3-passos-para-voce-escolher-o-seu-veu-de-noiva\/#breadcrumb\",\"itemListElement\":[{\"@type\":\"ListItem\",\"position\":1,\"name\":\"In\u00edcio\",\"item\":\"https:\/\/www.ivanabeaumond.com.br\/vestidos-noiva\/\"},{\"@type\":\"ListItem\",\"position\":2,\"name\":\"3 passos para voc\u00ea escolher o seu v\u00e9u de noiva\"}]},{\"@type\":\"WebSite\",\"@id\":\"https:\/\/www.ivanabeaumond.com.br\/vestidos-noiva\/#website\",\"url\":\"https:\/\/www.ivanabeaumond.com.br\/vestidos-noiva\/\",\"name\":\"Vestido de Noiva RJ\",\"description\":\"Moda Noiva\",\"publisher\":{\"@id\":\"https:\/\/www.ivanabeaumond.com.br\/vestidos-noiva\/#organization\"},\"potentialAction\":[{\"@type\":\"SearchAction\",\"target\":{\"@type\":\"EntryPoint\",\"urlTemplate\":\"https:\/\/www.ivanabeaumond.com.br\/vestidos-noiva\/?s={search_term_string}\"},\"query-input\":\"required name=search_term_string\"}],\"inLanguage\":\"pt-BR\"},{\"@type\":\"Organization\",\"@id\":\"https:\/\/www.ivanabeaumond.com.br\/vestidos-noiva\/#organization\",\"name\":\"Vestido de Noiva RJ\",\"url\":\"https:\/\/www.ivanabeaumond.com.br\/vestidos-noiva\/\",\"logo\":{\"@type\":\"ImageObject\",\"inLanguage\":\"pt-BR\",\"@id\":\"https:\/\/www.ivanabeaumond.com.br\/vestidos-noiva\/#\/schema\/logo\/image\/\",\"url\":\"https:\/\/www.ivanabeaumond.com.br\/vestidos-noiva\/wp-content\/uploads\/2018\/02\/logo_ivana_beaumond-2.png\",\"contentUrl\":\"https:\/\/www.ivanabeaumond.com.br\/vestidos-noiva\/wp-content\/uploads\/2018\/02\/logo_ivana_beaumond-2.png\",\"width\":230,\"height\":112,\"caption\":\"Vestido de Noiva RJ\"},\"image\":{\"@id\":\"https:\/\/www.ivanabeaumond.com.br\/vestidos-noiva\/#\/schema\/logo\/image\/\"},\"sameAs\":[\"https:\/\/www.facebook.com\/ivana.beaumondnoivas\",\"https:\/\/www.instagram.com\/ivanabeaumond\/\",\"https:\/\/www.tiktok.com\/@ivanabeaumond\"]},{\"@type\":\"Person\",\"@id\":\"https:\/\/www.ivanabeaumond.com.br\/vestidos-noiva\/#\/schema\/person\/1a360c4cffa3b806d29a456389dcff26\",\"name\":\"Ivana Beaumond Paris\",\"image\":{\"@type\":\"ImageObject\",\"inLanguage\":\"pt-BR\",\"@id\":\"https:\/\/www.ivanabeaumond.com.br\/vestidos-noiva\/#\/schema\/person\/image\/\",\"url\":\"https:\/\/secure.gravatar.com\/avatar\/641f98db20b53ec937ceb641db4270b9?s=96&d=mm&r=g\",\"contentUrl\":\"https:\/\/secure.gravatar.com\/avatar\/641f98db20b53ec937ceb641db4270b9?s=96&d=mm&r=g\",\"caption\":\"Ivana Beaumond Paris\"},\"url\":\"https:\/\/www.ivanabeaumond.com.br\/vestidos-noiva\/author\/ivana\/\"}]}<\/script>\n<!-- \/ Yoast SEO plugin. -->","yoast_head_json":{"title":"3 passos para voc\u00ea escolher o seu v\u00e9u de noiva - Vestido de Noiva RJ","robots":{"index":"index","follow":"follow","max-snippet":"max-snippet:-1","max-image-preview":"max-image-preview:large","max-video-preview":"max-video-preview:-1"},"canonical":"https:\/\/www.ivanabeaumond.com.br\/vestidos-noiva\/os-3-passos-para-voce-escolher-o-seu-veu-de-noiva\/","og_locale":"pt_BR","og_type":"article","og_title":"3 passos para voc\u00ea escolher o seu v\u00e9u de noiva - Vestido de Noiva RJ","og_description":"Com uma grande variedade de comprimentos, larguras, estilos e enfeites,...","og_url":"https:\/\/www.ivanabeaumond.com.br\/vestidos-noiva\/os-3-passos-para-voce-escolher-o-seu-veu-de-noiva\/","og_site_name":"Vestido de Noiva RJ","article_publisher":"https:\/\/www.facebook.com\/ivana.beaumondnoivas","article_published_time":"2019-04-12T20:07:54+00:00","article_modified_time":"2019-04-12T20:09:23+00:00","og_image":[{"width":600,"height":433,"url":"https:\/\/www.ivanabeaumond.com.br\/vestidos-noiva\/wp-content\/uploads\/2019\/04\/v\u00e9u-vestido-de-casamento-rj-noivas-ivana-beaumond-atelier-imagem0destacada-e1555099479920.jpg","type":"image\/jpeg"}],"author":"Ivana Beaumond Paris","twitter_card":"summary_large_image","twitter_misc":{"Escrito por":"Ivana Beaumond Paris","Est. tempo de leitura":"3 minutos"},"schema":{"@context":"https:\/\/schema.org","@graph":[{"@type":"Article","@id":"https:\/\/www.ivanabeaumond.com.br\/vestidos-noiva\/os-3-passos-para-voce-escolher-o-seu-veu-de-noiva\/#article","isPartOf":{"@id":"https:\/\/www.ivanabeaumond.com.br\/vestidos-noiva\/os-3-passos-para-voce-escolher-o-seu-veu-de-noiva\/"},"author":{"name":"Ivana Beaumond Paris","@id":"https:\/\/www.ivanabeaumond.com.br\/vestidos-noiva\/#\/schema\/person\/1a360c4cffa3b806d29a456389dcff26"},"headline":"3 passos para voc\u00ea escolher o seu v\u00e9u de noiva","datePublished":"2019-04-12T20:07:54+00:00","dateModified":"2019-04-12T20:09:23+00:00","mainEntityOfPage":{"@id":"https:\/\/www.ivanabeaumond.com.br\/vestidos-noiva\/os-3-passos-para-voce-escolher-o-seu-veu-de-noiva\/"},"wordCount":599,"publisher":{"@id":"https:\/\/www.ivanabeaumond.com.br\/vestidos-noiva\/#organization"},"keywords":["acess\u00f3rio","aluguel de roupas","atelieraltacostura","Atelierdenoiva","atelierivanabeaumond","casamento","casamento blindado","CasamentosRJ","dicas","dicas e truques","noiva","noivas","noivei","noivinha","v\u00e9u","v\u00e9u e grinalda","v\u00e9u longo","v\u00e9u m\u00e9dio","v\u00e9u ponta de dedo","voilette","vou casar","wedding plan"],"articleSection":["Blog","Dicas e Truques"],"inLanguage":"pt-BR"},{"@type":"WebPage","@id":"https:\/\/www.ivanabeaumond.com.br\/vestidos-noiva\/os-3-passos-para-voce-escolher-o-seu-veu-de-noiva\/","url":"https:\/\/www.ivanabeaumond.com.br\/vestidos-noiva\/os-3-passos-para-voce-escolher-o-seu-veu-de-noiva\/","name":"3 passos para voc\u00ea escolher o seu v\u00e9u de noiva - Vestido de Noiva RJ","isPartOf":{"@id":"https:\/\/www.ivanabeaumond.com.br\/vestidos-noiva\/#website"},"datePublished":"2019-04-12T20:07:54+00:00","dateModified":"2019-04-12T20:09:23+00:00","breadcrumb":{"@id":"https:\/\/www.ivanabeaumond.com.br\/vestidos-noiva\/os-3-passos-para-voce-escolher-o-seu-veu-de-noiva\/#breadcrumb"},"inLanguage":"pt-BR","potentialAction":[{"@type":"ReadAction","target":["https:\/\/www.ivanabeaumond.com.br\/vestidos-noiva\/os-3-passos-para-voce-escolher-o-seu-veu-de-noiva\/"]}]},{"@type":"BreadcrumbList","@id":"https:\/\/www.ivanabeaumond.com.br\/vestidos-noiva\/os-3-passos-para-voce-escolher-o-seu-veu-de-noiva\/#breadcrumb","itemListElement":[{"@type":"ListItem","position":1,"name":"In\u00edcio","item":"https:\/\/www.ivanabeaumond.com.br\/vestidos-noiva\/"},{"@type":"ListItem","position":2,"name":"3 passos para voc\u00ea escolher o seu v\u00e9u de noiva"}]},{"@type":"WebSite","@id":"https:\/\/www.ivanabeaumond.com.br\/vestidos-noiva\/#website","url":"https:\/\/www.ivanabeaumond.com.br\/vestidos-noiva\/","name":"Vestido de Noiva RJ","description":"Moda Noiva","publisher":{"@id":"https:\/\/www.ivanabeaumond.com.br\/vestidos-noiva\/#organization"},"potentialAction":[{"@type":"SearchAction","target":{"@type":"EntryPoint","urlTemplate":"https:\/\/www.ivanabeaumond.com.br\/vestidos-noiva\/?s={search_term_string}"},"query-input":"required name=search_term_string"}],"inLanguage":"pt-BR"},{"@type":"Organization","@id":"https:\/\/www.ivanabeaumond.com.br\/vestidos-noiva\/#organization","name":"Vestido de Noiva RJ","url":"https:\/\/www.ivanabeaumond.com.br\/vestidos-noiva\/","logo":{"@type":"ImageObject","inLanguage":"pt-BR","@id":"https:\/\/www.ivanabeaumond.com.br\/vestidos-noiva\/#\/schema\/logo\/image\/","url":"https:\/\/www.ivanabeaumond.com.br\/vestidos-noiva\/wp-content\/uploads\/2018\/02\/logo_ivana_beaumond-2.png","contentUrl":"https:\/\/www.ivanabeaumond.com.br\/vestidos-noiva\/wp-content\/uploads\/2018\/02\/logo_ivana_beaumond-2.png","width":230,"height":112,"caption":"Vestido de Noiva RJ"},"image":{"@id":"https:\/\/www.ivanabeaumond.com.br\/vestidos-noiva\/#\/schema\/logo\/image\/"},"sameAs":["https:\/\/www.facebook.com\/ivana.beaumondnoivas","https:\/\/www.instagram.com\/ivanabeaumond\/","https:\/\/www.tiktok.com\/@ivanabeaumond"]},{"@type":"Person","@id":"https:\/\/www.ivanabeaumond.com.br\/vestidos-noiva\/#\/schema\/person\/1a360c4cffa3b806d29a456389dcff26","name":"Ivana Beaumond Paris","image":{"@type":"ImageObject","inLanguage":"pt-BR","@id":"https:\/\/www.ivanabeaumond.com.br\/vestidos-noiva\/#\/schema\/person\/image\/","url":"https:\/\/secure.gravatar.com\/avatar\/641f98db20b53ec937ceb641db4270b9?s=96&d=mm&r=g","contentUrl":"https:\/\/secure.gravatar.com\/avatar\/641f98db20b53ec937ceb641db4270b9?s=96&d=mm&r=g","caption":"Ivana Beaumond Paris"},"url":"https:\/\/www.ivanabeaumond.com.br\/vestidos-noiva\/author\/ivana\/"}]}},"_links":{"self":[{"href":"https:\/\/www.ivanabeaumond.com.br\/vestidos-noiva\/wp-json\/wp\/v2\/posts\/18061"}],"collection":[{"href":"https:\/\/www.ivanabeaumond.com.br\/vestidos-noiva\/wp-json\/wp\/v2\/posts"}],"about":[{"href":"https:\/\/www.ivanabeaumond.com.br\/vestidos-noiva\/wp-json\/wp\/v2\/types\/post"}],"author":[{"embeddable":true,"href":"https:\/\/www.ivanabeaumond.com.br\/vestidos-noiva\/wp-json\/wp\/v2\/users\/4"}],"replies":[{"embeddable":true,"href":"https:\/\/www.ivanabeaumond.com.br\/vestidos-noiva\/wp-json\/wp\/v2\/comments?post=18061"}],"version-history":[{"count":7,"href":"https:\/\/www.ivanabeaumond.com.br\/vestidos-noiva\/wp-json\/wp\/v2\/posts\/18061\/revisions"}],"predecessor-version":[{"id":18077,"href":"https:\/\/www.ivanabeaumond.com.br\/vestidos-noiva\/wp-json\/wp\/v2\/posts\/18061\/revisions\/18077"}],"wp:featuredmedia":[{"embeddable":true,"href":"https:\/\/www.ivanabeaumond.com.br\/vestidos-noiva\/wp-json\/wp\/v2\/media\/18076"}],"wp:attachment":[{"href":"https:\/\/www.ivanabeaumond.com.br\/vestidos-noiva\/wp-json\/wp\/v2\/media?parent=18061"}],"wp:term":[{"taxonomy":"category","embeddable":true,"href":"https:\/\/www.ivanabeaumond.com.br\/vestidos-noiva\/wp-json\/wp\/v2\/categories?post=18061"},{"taxonomy":"post_tag","embeddable":true,"href":"https:\/\/www.ivanabeaumond.com.br\/vestidos-noiva\/wp-json\/wp\/v2\/tags?post=18061"}],"curies":[{"name":"wp","href":"https:\/\/api.w.org\/{rel}","templated":true}]}}