{"id":18151,"date":"2020-01-05T16:56:08","date_gmt":"2020-01-05T19:56:08","guid":{"rendered":"https:\/\/www.ivanabeaumond.com.br\/vestidos-noiva\/?p=18151"},"modified":"2020-01-07T16:46:05","modified_gmt":"2020-01-07T19:46:05","slug":"estilos-de-noiva-descubra-qual-deles-combina-com-voce","status":"publish","type":"post","link":"https:\/\/www.ivanabeaumond.com.br\/vestidos-noiva\/estilos-de-noiva-descubra-qual-deles-combina-com-voce\/","title":{"rendered":"Estilos de Noiva: descubra qual deles combina com voc\u00ea"},"content":{"rendered":"<h4 style=\"text-align: justify;\"><span style=\"color: #999999;\">Marcou sua data de casamento e est\u00e1 tentando descobrir qual \u00e9 o seu estilo de noiva? N\u00e3o se desespere \u2013 seguir tend\u00eancias de ano a ano \u00e9 divertido, mas lembre-se que algumas podem funcionar para voc\u00ea e outras n\u00e3o, portanto, seja fiel \u00e0 sua personalidade. Voc\u00ea n\u00e3o precisa escolher um vestido de noiva da \u00faltima moda se ele n\u00e3o combina com o seu visual.<\/span><\/h4>\n<h4 style=\"text-align: justify;\"><span style=\"color: #999999;\">Pode ser um pouco dif\u00edcil identificar qual look \u00e9 melhor para voc\u00ea. Por isso, enumeramos alguns tipos de personalidade que combinam com determinados estilos de noiva para te ajudar na sua busca!<\/span><\/h4>\n<p>&nbsp;<\/p>\n<p>&nbsp;<\/p>\n<p>&nbsp;<\/p>\n<p><img decoding=\"async\" loading=\"lazy\" class=\"aligncenter size-full wp-image-18162\" src=\"https:\/\/www.ivanabeaumond.com.br\/vestidos-noiva\/wp-content\/uploads\/2019\/04\/Vestido-de-noiva-ivana-beaumond-paris-atelier-manga-longa-plumas-e1555614679742.jpg\" alt=\"Vestido-de-noiva-ivana-beaumond-paris-atelier-manga-longa-plumas\" width=\"450\" height=\"563\" \/><\/p>\n<p>&nbsp;<\/p>\n<p>&nbsp;<\/p>\n<p>&nbsp;<\/p>\n<h3 style=\"text-align: justify;\"><span style=\"color: #000000;\">Noiva Sofisticada<\/span><\/h3>\n<p>&nbsp;<\/p>\n<h4 style=\"text-align: justify;\"><span style=\"color: #999999;\">Voc\u00ea prefere a eleg\u00e2ncia atemporal a tend\u00eancias moment\u00e2neas e se considera uma pessoa racional. O minimalismo dos anos 90 \u00e9 a sua fase favorita da moda e babados e renda n\u00e3o s\u00e3o muito a sua praia.<\/span><\/h4>\n<p>&nbsp;<\/p>\n<h4 style=\"text-align: justify;\"><span style=\"color: #999999;\">Opte por vestidos de noiva com linhas e silhuetas clean, como o corte em A ou reto. Sugerimos tamb\u00e9m a procura de vestidos que utilizem tecidos mais r\u00edgidos como jaquard, organza e cetim pesado para criar uma silhueta forte. Se voc\u00ea \u00e9 mais ousada, tente cortes assim\u00e9tricos ou adi\u00e7\u00f5es modernistas como detalhes de corte a laser ou dobras de origami.<\/span><\/h4>\n<p style=\"text-align: justify;\"><a href=\"https:\/\/www.ivanabeaumond.com.br\/vestidos-noiva\/wp-content\/uploads\/2019\/04\/2018_PADUA_ROSA_CLARA_COUTURE_1-e1555612737794.jpg\"><img decoding=\"async\" loading=\"lazy\" class=\"aligncenter size-full wp-image-18152\" src=\"https:\/\/www.ivanabeaumond.com.br\/vestidos-noiva\/wp-content\/uploads\/2019\/04\/2018_PADUA_ROSA_CLARA_COUTURE_1-e1555612737794.jpg\" alt=\"vestido de noiva minimalista atelier ivana beaumond paris rj\" width=\"450\" height=\"563\" \/><\/a><\/p>\n<h3 style=\"text-align: justify;\"><span style=\"color: #000000;\">Noiva Rom\u00e2ntica<\/span><\/h3>\n<p>&nbsp;<\/p>\n<p>&nbsp;<\/p>\n<h4 style=\"text-align: justify;\"><span style=\"color: #999999;\">Para voc\u00ea, o amor \u00e9 tudo &#8211; especialmente no seu grande dia. \u00c9 um momento com o qual voc\u00ea sonhou desde que era crian\u00e7a e esperou por toda a sua vida. Se voc\u00ea \u00e9 uma noiva rom\u00e2ntica, vai preferir vestidos com tecidos mais leve, como chiffon e tule, para uma apar\u00eancia mais suave. Explore tamb\u00e9m outras cores, como off-white e nude.<\/span><\/h4>\n<p>&nbsp;<\/p>\n<p>&nbsp;<\/p>\n<p>&nbsp;<\/p>\n<p>&nbsp;<\/p>\n<p><img decoding=\"async\" loading=\"lazy\" class=\"aligncenter size-full wp-image-18154\" src=\"https:\/\/www.ivanabeaumond.com.br\/vestidos-noiva\/wp-content\/uploads\/2019\/04\/ivana_beaumond_paris_vestido_de_noiva-1-e1555613178740.jpg\" alt=\"ivana_beaumond_paris_vestido_de_noiva (1)\" width=\"450\" height=\"688\" \/><\/p>\n<p>&nbsp;<\/p>\n<p>&nbsp;<\/p>\n<p>&nbsp;<\/p>\n<p>&nbsp;<\/p>\n<p>&nbsp;<\/p>\n<p>&nbsp;<\/p>\n<h3 style=\"text-align: justify;\"><span style=\"color: #000000;\">Noiva Vintage<\/span><\/h3>\n<p>&nbsp;<\/p>\n<p>&nbsp;<\/p>\n<h4 style=\"text-align: justify;\"><span style=\"color: #999999;\">Voc\u00ea \u00e9 uma grande f\u00e3 das modas passadas, e tem uma queda pelas divas da d\u00e9cada de 1930 e 1940 de Hollywood. Voc\u00ea gosta de frequentar feiras de antiguidades e constantemente se pergunta se nasceu na \u00e9poca errada.<\/span><\/h4>\n<p>&nbsp;<\/p>\n<p>&nbsp;<\/p>\n<p>&nbsp;<\/p>\n<h4 style=\"text-align: justify;\"><span style=\"color: #999999;\">Opte por mi\u00e7angas e lantejoulas se quiser um visual melindroso e se complemente o look com acess\u00f3rios, como luvas, sapatos e voilettes, para trazer refer\u00eancias cl\u00e1ssicas ao seu visual.<\/span><\/h4>\n<p>&nbsp;<\/p>\n<p>&nbsp;<\/p>\n<p>&nbsp;<\/p>\n<p>&nbsp;<\/p>\n<p>&nbsp;<\/p>\n<p><a href=\"https:\/\/www.ivanabeaumond.com.br\/vestidos-noiva\/wp-content\/uploads\/2019\/04\/11102_2_NACAR-e1555613637444.jpg\"><img decoding=\"async\" loading=\"lazy\" class=\"aligncenter size-full wp-image-18155\" src=\"https:\/\/www.ivanabeaumond.com.br\/vestidos-noiva\/wp-content\/uploads\/2019\/04\/11102_2_NACAR-e1555613637444.jpg\" alt=\"vestido de noiva vintage ivana beaumond paris atelier rj\" width=\"450\" height=\"581\" \/><\/a><\/p>\n<p>&nbsp;<\/p>\n<p>&nbsp;<\/p>\n<p>&nbsp;<\/p>\n<p>&nbsp;<\/p>\n<p>&nbsp;<\/p>\n<p>&nbsp;<\/p>\n<h3 style=\"text-align: justify;\"><span style=\"color: #000000;\">Noiva Boho<\/span><\/h3>\n<p>&nbsp;<\/p>\n<p>&nbsp;<\/p>\n<p>&nbsp;<\/p>\n<h4 style=\"text-align: justify;\"><span style=\"color: #999999;\">Voc\u00ea se interessa pela moda dos anos 60 e 70, tem um esp\u00edrito livre e prefere interagir com o mundo longe das redes sociais. Aposte em vestidos mais simples, com corte reto ou evas\u00e9, saias fluidas e de pouco ou nenhum volume e tecidos leves e esvoa\u00e7antes.<\/span><\/h4>\n<p>&nbsp;<\/p>\n<p>&nbsp;<\/p>\n<p>&nbsp;<\/p>\n<p>&nbsp;<\/p>\n<p><img decoding=\"async\" loading=\"lazy\" class=\"aligncenter size-full wp-image-18156\" src=\"https:\/\/www.ivanabeaumond.com.br\/vestidos-noiva\/wp-content\/uploads\/2019\/04\/2018_PERFUME_ROSA_CLARA_COUTURE_1-e1555613835546.jpg\" alt=\"vestido de noiva boho atelier ivana beaumond rj\" width=\"450\" height=\"563\" \/><\/p>\n<p>&nbsp;<\/p>\n<p>&nbsp;<\/p>\n<p>&nbsp;<\/p>\n<p>&nbsp;<\/p>\n<h4 style=\"text-align: justify;\">Traduzido de:\u00a0<a href=\"https:\/\/www.zankyou.us\/p\/7-bridal-styles-what-type-of-bride-are-you-and-what-should-you-wear\" target=\"_blank\">7 Bridal Styles: What Type of Bride are You and What should You Wear?<\/a><\/h4>\n<p>&nbsp;<\/p>\n<p>&nbsp;<\/p>\n<p>&nbsp;<\/p>\n<h4 style=\"text-align: justify;\"><span style=\"color: #999999;\">Confira os modelos do post e muitos outros no nosso<\/span> <a href=\"http:\/\/www.ivanabeaumond.com.br\/vestidos-noiva\/\" target=\"_blank\">site<\/a>!<\/h4>\n<p>&nbsp;<\/p>\n<p>&nbsp;<\/p>\n<div class=\"post_content_holder\">\n<div class=\"post_text\">\n<h4 style=\"text-align: justify;\"><span style=\"color: #999999;\">Gostou? Siga nosso instagram\u00a0<\/span><a href=\"https:\/\/www.instagram.com\/ivanaparisdebutantes\" target=\"_blank\">@ivanabeaumond\u00a0<\/a><span style=\"color: #999999;\">e curta nossa fanpage<\/span>\u00a0<a href=\"https:\/\/www.facebook.com\/IvanaBeaumond\/\" target=\"_blank\">Ivana Beaumond<\/a>\u00a0<span style=\"color: #999999;\">para ficar por dentro de tudo o que rola no mundo das\u00a0debutantes. N\u00e3o deixe de conferir tamb\u00e9m as nossas\u00a0cole\u00e7\u00f5es de<\/span>\u00a0<a href=\"http:\/\/www.ivanabeaumond.com.br\/vestidos-noiva\/vestidos-de-noiva-rj\/\" target=\"_blank\">Vestidos de Noiva<\/a><span style=\"color: #999999;\">,\u00a0<\/span><a href=\"http:\/\/www.ivanabeaumond.com.br\/vestidos-noiva\/noivos-roupa-terno\/\" target=\"_blank\">Trajes Masculinos<\/a>\u00a0<span style=\"color: #999999;\">e\u00a0<\/span><a href=\"http:\/\/www.ivanabeaumond.com.br\/vestidos-noiva\/vestidos-casamento-madrinha-festa-formatura\/\" target=\"_blank\">Moda Festa<\/a><span style=\"color: #999999;\">,\u00a0trazendo as maiores novidades da alta costura com os mais belos modelos!<\/span><\/h4>\n<\/div>\n<\/div>\n","protected":false},"excerpt":{"rendered":"<p>Marcou sua data de casamento e est\u00e1 tentando descobrir qual&#8230;<\/p>\n","protected":false},"author":4,"featured_media":18164,"comment_status":"closed","ping_status":"closed","sticky":false,"template":"","format":"standard","meta":[],"categories":[60,127],"tags":[131,203,801,583,584,161,113,755,195,197,638,731,798,286,278,107,464,800,275,799,455,155,98,157,796,806,805,416,164,596,258,808,174,459,273,163,199,797,158,807,445,138,115,802,804,803,343,210],"yoast_head":"<!-- This site is optimized with the Yoast SEO plugin v20.3 - https:\/\/yoast.com\/wordpress\/plugins\/seo\/ -->\n<title>Estilos de Noiva: descubra qual deles combina com voc\u00ea - Vestido de Noiva RJ<\/title>\n<meta name=\"robots\" content=\"index, follow, max-snippet:-1, max-image-preview:large, max-video-preview:-1\" \/>\n<link rel=\"canonical\" href=\"https:\/\/www.ivanabeaumond.com.br\/vestidos-noiva\/estilos-de-noiva-descubra-qual-deles-combina-com-voce\/\" \/>\n<meta property=\"og:locale\" content=\"pt_BR\" \/>\n<meta property=\"og:type\" content=\"article\" \/>\n<meta property=\"og:title\" content=\"Estilos de Noiva: descubra qual deles combina com voc\u00ea - Vestido de Noiva RJ\" \/>\n<meta property=\"og:description\" content=\"Marcou sua data de casamento e est\u00e1 tentando descobrir qual...\" \/>\n<meta property=\"og:url\" content=\"https:\/\/www.ivanabeaumond.com.br\/vestidos-noiva\/estilos-de-noiva-descubra-qual-deles-combina-com-voce\/\" \/>\n<meta property=\"og:site_name\" content=\"Vestido de Noiva RJ\" \/>\n<meta property=\"article:publisher\" content=\"https:\/\/www.facebook.com\/ivana.beaumondnoivas\" \/>\n<meta property=\"article:published_time\" content=\"2020-01-05T19:56:08+00:00\" \/>\n<meta property=\"article:modified_time\" content=\"2020-01-07T19:46:05+00:00\" \/>\n<meta property=\"og:image\" content=\"https:\/\/www.ivanabeaumond.com.br\/vestidos-noiva\/wp-content\/uploads\/2019\/04\/vestido-de-noiva-inspirado-atelier-ivana-beaumond-divulga\u00e7\u00e3o-DP381_3-destQ-e1555615494272.jpg\" \/>\n\t<meta property=\"og:image:width\" content=\"450\" \/>\n\t<meta property=\"og:image:height\" content=\"317\" \/>\n\t<meta property=\"og:image:type\" content=\"image\/jpeg\" \/>\n<meta name=\"author\" content=\"Ivana Beaumond Paris\" \/>\n<meta name=\"twitter:card\" content=\"summary_large_image\" \/>\n<meta name=\"twitter:label1\" content=\"Escrito por\" \/>\n\t<meta name=\"twitter:data1\" content=\"Ivana Beaumond Paris\" \/>\n\t<meta name=\"twitter:label2\" content=\"Est. tempo de leitura\" \/>\n\t<meta name=\"twitter:data2\" content=\"3 minutos\" \/>\n<script type=\"application\/ld+json\" class=\"yoast-schema-graph\">{\"@context\":\"https:\/\/schema.org\",\"@graph\":[{\"@type\":\"Article\",\"@id\":\"https:\/\/www.ivanabeaumond.com.br\/vestidos-noiva\/estilos-de-noiva-descubra-qual-deles-combina-com-voce\/#article\",\"isPartOf\":{\"@id\":\"https:\/\/www.ivanabeaumond.com.br\/vestidos-noiva\/estilos-de-noiva-descubra-qual-deles-combina-com-voce\/\"},\"author\":{\"name\":\"Ivana Beaumond Paris\",\"@id\":\"https:\/\/www.ivanabeaumond.com.br\/vestidos-noiva\/#\/schema\/person\/1a360c4cffa3b806d29a456389dcff26\"},\"headline\":\"Estilos de Noiva: descubra qual deles combina com voc\u00ea\",\"datePublished\":\"2020-01-05T19:56:08+00:00\",\"dateModified\":\"2020-01-07T19:46:05+00:00\",\"mainEntityOfPage\":{\"@id\":\"https:\/\/www.ivanabeaumond.com.br\/vestidos-noiva\/estilos-de-noiva-descubra-qual-deles-combina-com-voce\/\"},\"wordCount\":529,\"publisher\":{\"@id\":\"https:\/\/www.ivanabeaumond.com.br\/vestidos-noiva\/#organization\"},\"keywords\":[\"aluguel de roupas\",\"atelier\",\"bohemian\",\"boho\",\"boho chic\",\"casamento blindado\",\"casamento criativo\",\"casamento rj\",\"CasamentosRJ\",\"diainesquecivel\",\"estilista de noivas\",\"estilo\",\"estilos de noiva\",\"ivana beaumond\",\"ivana beaumond paris\",\"ivanabeaumond\",\"minimalismo\",\"minimalista\",\"moda\",\"moda bridal\",\"moda noiva\",\"modanoiva\",\"noiva\",\"noiva e noivo\",\"noiva rj\",\"noiva simples\",\"noiva sofisticada\",\"noivado\",\"noivas\",\"noivei\",\"noivinha\",\"organza\",\"princesas\",\"renda\",\"rio de janeiro\",\"sob medida\",\"sobmedidanoiva\",\"tipos de noivas\",\"traje de noivo\",\"tule\",\"vestido\",\"vestido de festa\",\"vestido de noiva\",\"vestido de noiva boho\",\"vestido de noiva minimalista\",\"vestido de noiva vintage\",\"vintage\",\"weddingdress\"],\"articleSection\":[\"Blog\",\"Dicas e Truques\"],\"inLanguage\":\"pt-BR\"},{\"@type\":\"WebPage\",\"@id\":\"https:\/\/www.ivanabeaumond.com.br\/vestidos-noiva\/estilos-de-noiva-descubra-qual-deles-combina-com-voce\/\",\"url\":\"https:\/\/www.ivanabeaumond.com.br\/vestidos-noiva\/estilos-de-noiva-descubra-qual-deles-combina-com-voce\/\",\"name\":\"Estilos de Noiva: descubra qual deles combina com voc\u00ea - Vestido de Noiva RJ\",\"isPartOf\":{\"@id\":\"https:\/\/www.ivanabeaumond.com.br\/vestidos-noiva\/#website\"},\"datePublished\":\"2020-01-05T19:56:08+00:00\",\"dateModified\":\"2020-01-07T19:46:05+00:00\",\"breadcrumb\":{\"@id\":\"https:\/\/www.ivanabeaumond.com.br\/vestidos-noiva\/estilos-de-noiva-descubra-qual-deles-combina-com-voce\/#breadcrumb\"},\"inLanguage\":\"pt-BR\",\"potentialAction\":[{\"@type\":\"ReadAction\",\"target\":[\"https:\/\/www.ivanabeaumond.com.br\/vestidos-noiva\/estilos-de-noiva-descubra-qual-deles-combina-com-voce\/\"]}]},{\"@type\":\"BreadcrumbList\",\"@id\":\"https:\/\/www.ivanabeaumond.com.br\/vestidos-noiva\/estilos-de-noiva-descubra-qual-deles-combina-com-voce\/#breadcrumb\",\"itemListElement\":[{\"@type\":\"ListItem\",\"position\":1,\"name\":\"In\u00edcio\",\"item\":\"https:\/\/www.ivanabeaumond.com.br\/vestidos-noiva\/\"},{\"@type\":\"ListItem\",\"position\":2,\"name\":\"Estilos de Noiva: descubra qual deles combina com voc\u00ea\"}]},{\"@type\":\"WebSite\",\"@id\":\"https:\/\/www.ivanabeaumond.com.br\/vestidos-noiva\/#website\",\"url\":\"https:\/\/www.ivanabeaumond.com.br\/vestidos-noiva\/\",\"name\":\"Vestido de Noiva RJ\",\"description\":\"Moda Noiva\",\"publisher\":{\"@id\":\"https:\/\/www.ivanabeaumond.com.br\/vestidos-noiva\/#organization\"},\"potentialAction\":[{\"@type\":\"SearchAction\",\"target\":{\"@type\":\"EntryPoint\",\"urlTemplate\":\"https:\/\/www.ivanabeaumond.com.br\/vestidos-noiva\/?s={search_term_string}\"},\"query-input\":\"required name=search_term_string\"}],\"inLanguage\":\"pt-BR\"},{\"@type\":\"Organization\",\"@id\":\"https:\/\/www.ivanabeaumond.com.br\/vestidos-noiva\/#organization\",\"name\":\"Vestido de Noiva RJ\",\"url\":\"https:\/\/www.ivanabeaumond.com.br\/vestidos-noiva\/\",\"logo\":{\"@type\":\"ImageObject\",\"inLanguage\":\"pt-BR\",\"@id\":\"https:\/\/www.ivanabeaumond.com.br\/vestidos-noiva\/#\/schema\/logo\/image\/\",\"url\":\"https:\/\/www.ivanabeaumond.com.br\/vestidos-noiva\/wp-content\/uploads\/2018\/02\/logo_ivana_beaumond-2.png\",\"contentUrl\":\"https:\/\/www.ivanabeaumond.com.br\/vestidos-noiva\/wp-content\/uploads\/2018\/02\/logo_ivana_beaumond-2.png\",\"width\":230,\"height\":112,\"caption\":\"Vestido de Noiva RJ\"},\"image\":{\"@id\":\"https:\/\/www.ivanabeaumond.com.br\/vestidos-noiva\/#\/schema\/logo\/image\/\"},\"sameAs\":[\"https:\/\/www.facebook.com\/ivana.beaumondnoivas\",\"https:\/\/www.instagram.com\/ivanabeaumond\/\",\"https:\/\/www.tiktok.com\/@ivanabeaumond\"]},{\"@type\":\"Person\",\"@id\":\"https:\/\/www.ivanabeaumond.com.br\/vestidos-noiva\/#\/schema\/person\/1a360c4cffa3b806d29a456389dcff26\",\"name\":\"Ivana Beaumond Paris\",\"image\":{\"@type\":\"ImageObject\",\"inLanguage\":\"pt-BR\",\"@id\":\"https:\/\/www.ivanabeaumond.com.br\/vestidos-noiva\/#\/schema\/person\/image\/\",\"url\":\"https:\/\/secure.gravatar.com\/avatar\/641f98db20b53ec937ceb641db4270b9?s=96&d=mm&r=g\",\"contentUrl\":\"https:\/\/secure.gravatar.com\/avatar\/641f98db20b53ec937ceb641db4270b9?s=96&d=mm&r=g\",\"caption\":\"Ivana Beaumond Paris\"},\"url\":\"https:\/\/www.ivanabeaumond.com.br\/vestidos-noiva\/author\/ivana\/\"}]}<\/script>\n<!-- \/ Yoast SEO plugin. -->","yoast_head_json":{"title":"Estilos de Noiva: descubra qual deles combina com voc\u00ea - Vestido de Noiva RJ","robots":{"index":"index","follow":"follow","max-snippet":"max-snippet:-1","max-image-preview":"max-image-preview:large","max-video-preview":"max-video-preview:-1"},"canonical":"https:\/\/www.ivanabeaumond.com.br\/vestidos-noiva\/estilos-de-noiva-descubra-qual-deles-combina-com-voce\/","og_locale":"pt_BR","og_type":"article","og_title":"Estilos de Noiva: descubra qual deles combina com voc\u00ea - Vestido de Noiva RJ","og_description":"Marcou sua data de casamento e est\u00e1 tentando descobrir qual...","og_url":"https:\/\/www.ivanabeaumond.com.br\/vestidos-noiva\/estilos-de-noiva-descubra-qual-deles-combina-com-voce\/","og_site_name":"Vestido de Noiva RJ","article_publisher":"https:\/\/www.facebook.com\/ivana.beaumondnoivas","article_published_time":"2020-01-05T19:56:08+00:00","article_modified_time":"2020-01-07T19:46:05+00:00","og_image":[{"width":450,"height":317,"url":"https:\/\/www.ivanabeaumond.com.br\/vestidos-noiva\/wp-content\/uploads\/2019\/04\/vestido-de-noiva-inspirado-atelier-ivana-beaumond-divulga\u00e7\u00e3o-DP381_3-destQ-e1555615494272.jpg","type":"image\/jpeg"}],"author":"Ivana Beaumond Paris","twitter_card":"summary_large_image","twitter_misc":{"Escrito por":"Ivana Beaumond Paris","Est. tempo de leitura":"3 minutos"},"schema":{"@context":"https:\/\/schema.org","@graph":[{"@type":"Article","@id":"https:\/\/www.ivanabeaumond.com.br\/vestidos-noiva\/estilos-de-noiva-descubra-qual-deles-combina-com-voce\/#article","isPartOf":{"@id":"https:\/\/www.ivanabeaumond.com.br\/vestidos-noiva\/estilos-de-noiva-descubra-qual-deles-combina-com-voce\/"},"author":{"name":"Ivana Beaumond Paris","@id":"https:\/\/www.ivanabeaumond.com.br\/vestidos-noiva\/#\/schema\/person\/1a360c4cffa3b806d29a456389dcff26"},"headline":"Estilos de Noiva: descubra qual deles combina com voc\u00ea","datePublished":"2020-01-05T19:56:08+00:00","dateModified":"2020-01-07T19:46:05+00:00","mainEntityOfPage":{"@id":"https:\/\/www.ivanabeaumond.com.br\/vestidos-noiva\/estilos-de-noiva-descubra-qual-deles-combina-com-voce\/"},"wordCount":529,"publisher":{"@id":"https:\/\/www.ivanabeaumond.com.br\/vestidos-noiva\/#organization"},"keywords":["aluguel de roupas","atelier","bohemian","boho","boho chic","casamento blindado","casamento criativo","casamento rj","CasamentosRJ","diainesquecivel","estilista de noivas","estilo","estilos de noiva","ivana beaumond","ivana beaumond paris","ivanabeaumond","minimalismo","minimalista","moda","moda bridal","moda noiva","modanoiva","noiva","noiva e noivo","noiva rj","noiva simples","noiva sofisticada","noivado","noivas","noivei","noivinha","organza","princesas","renda","rio de janeiro","sob medida","sobmedidanoiva","tipos de noivas","traje de noivo","tule","vestido","vestido de festa","vestido de noiva","vestido de noiva boho","vestido de noiva minimalista","vestido de noiva vintage","vintage","weddingdress"],"articleSection":["Blog","Dicas e Truques"],"inLanguage":"pt-BR"},{"@type":"WebPage","@id":"https:\/\/www.ivanabeaumond.com.br\/vestidos-noiva\/estilos-de-noiva-descubra-qual-deles-combina-com-voce\/","url":"https:\/\/www.ivanabeaumond.com.br\/vestidos-noiva\/estilos-de-noiva-descubra-qual-deles-combina-com-voce\/","name":"Estilos de Noiva: descubra qual deles combina com voc\u00ea - Vestido de Noiva RJ","isPartOf":{"@id":"https:\/\/www.ivanabeaumond.com.br\/vestidos-noiva\/#website"},"datePublished":"2020-01-05T19:56:08+00:00","dateModified":"2020-01-07T19:46:05+00:00","breadcrumb":{"@id":"https:\/\/www.ivanabeaumond.com.br\/vestidos-noiva\/estilos-de-noiva-descubra-qual-deles-combina-com-voce\/#breadcrumb"},"inLanguage":"pt-BR","potentialAction":[{"@type":"ReadAction","target":["https:\/\/www.ivanabeaumond.com.br\/vestidos-noiva\/estilos-de-noiva-descubra-qual-deles-combina-com-voce\/"]}]},{"@type":"BreadcrumbList","@id":"https:\/\/www.ivanabeaumond.com.br\/vestidos-noiva\/estilos-de-noiva-descubra-qual-deles-combina-com-voce\/#breadcrumb","itemListElement":[{"@type":"ListItem","position":1,"name":"In\u00edcio","item":"https:\/\/www.ivanabeaumond.com.br\/vestidos-noiva\/"},{"@type":"ListItem","position":2,"name":"Estilos de Noiva: descubra qual deles combina com voc\u00ea"}]},{"@type":"WebSite","@id":"https:\/\/www.ivanabeaumond.com.br\/vestidos-noiva\/#website","url":"https:\/\/www.ivanabeaumond.com.br\/vestidos-noiva\/","name":"Vestido de Noiva RJ","description":"Moda Noiva","publisher":{"@id":"https:\/\/www.ivanabeaumond.com.br\/vestidos-noiva\/#organization"},"potentialAction":[{"@type":"SearchAction","target":{"@type":"EntryPoint","urlTemplate":"https:\/\/www.ivanabeaumond.com.br\/vestidos-noiva\/?s={search_term_string}"},"query-input":"required name=search_term_string"}],"inLanguage":"pt-BR"},{"@type":"Organization","@id":"https:\/\/www.ivanabeaumond.com.br\/vestidos-noiva\/#organization","name":"Vestido de Noiva RJ","url":"https:\/\/www.ivanabeaumond.com.br\/vestidos-noiva\/","logo":{"@type":"ImageObject","inLanguage":"pt-BR","@id":"https:\/\/www.ivanabeaumond.com.br\/vestidos-noiva\/#\/schema\/logo\/image\/","url":"https:\/\/www.ivanabeaumond.com.br\/vestidos-noiva\/wp-content\/uploads\/2018\/02\/logo_ivana_beaumond-2.png","contentUrl":"https:\/\/www.ivanabeaumond.com.br\/vestidos-noiva\/wp-content\/uploads\/2018\/02\/logo_ivana_beaumond-2.png","width":230,"height":112,"caption":"Vestido de Noiva RJ"},"image":{"@id":"https:\/\/www.ivanabeaumond.com.br\/vestidos-noiva\/#\/schema\/logo\/image\/"},"sameAs":["https:\/\/www.facebook.com\/ivana.beaumondnoivas","https:\/\/www.instagram.com\/ivanabeaumond\/","https:\/\/www.tiktok.com\/@ivanabeaumond"]},{"@type":"Person","@id":"https:\/\/www.ivanabeaumond.com.br\/vestidos-noiva\/#\/schema\/person\/1a360c4cffa3b806d29a456389dcff26","name":"Ivana Beaumond Paris","image":{"@type":"ImageObject","inLanguage":"pt-BR","@id":"https:\/\/www.ivanabeaumond.com.br\/vestidos-noiva\/#\/schema\/person\/image\/","url":"https:\/\/secure.gravatar.com\/avatar\/641f98db20b53ec937ceb641db4270b9?s=96&d=mm&r=g","contentUrl":"https:\/\/secure.gravatar.com\/avatar\/641f98db20b53ec937ceb641db4270b9?s=96&d=mm&r=g","caption":"Ivana Beaumond Paris"},"url":"https:\/\/www.ivanabeaumond.com.br\/vestidos-noiva\/author\/ivana\/"}]}},"_links":{"self":[{"href":"https:\/\/www.ivanabeaumond.com.br\/vestidos-noiva\/wp-json\/wp\/v2\/posts\/18151"}],"collection":[{"href":"https:\/\/www.ivanabeaumond.com.br\/vestidos-noiva\/wp-json\/wp\/v2\/posts"}],"about":[{"href":"https:\/\/www.ivanabeaumond.com.br\/vestidos-noiva\/wp-json\/wp\/v2\/types\/post"}],"author":[{"embeddable":true,"href":"https:\/\/www.ivanabeaumond.com.br\/vestidos-noiva\/wp-json\/wp\/v2\/users\/4"}],"replies":[{"embeddable":true,"href":"https:\/\/www.ivanabeaumond.com.br\/vestidos-noiva\/wp-json\/wp\/v2\/comments?post=18151"}],"version-history":[{"count":7,"href":"https:\/\/www.ivanabeaumond.com.br\/vestidos-noiva\/wp-json\/wp\/v2\/posts\/18151\/revisions"}],"predecessor-version":[{"id":18165,"href":"https:\/\/www.ivanabeaumond.com.br\/vestidos-noiva\/wp-json\/wp\/v2\/posts\/18151\/revisions\/18165"}],"wp:featuredmedia":[{"embeddable":true,"href":"https:\/\/www.ivanabeaumond.com.br\/vestidos-noiva\/wp-json\/wp\/v2\/media\/18164"}],"wp:attachment":[{"href":"https:\/\/www.ivanabeaumond.com.br\/vestidos-noiva\/wp-json\/wp\/v2\/media?parent=18151"}],"wp:term":[{"taxonomy":"category","embeddable":true,"href":"https:\/\/www.ivanabeaumond.com.br\/vestidos-noiva\/wp-json\/wp\/v2\/categories?post=18151"},{"taxonomy":"post_tag","embeddable":true,"href":"https:\/\/www.ivanabeaumond.com.br\/vestidos-noiva\/wp-json\/wp\/v2\/tags?post=18151"}],"curies":[{"name":"wp","href":"https:\/\/api.w.org\/{rel}","templated":true}]}}