{"id":18546,"date":"2019-05-24T17:51:50","date_gmt":"2019-05-24T20:51:50","guid":{"rendered":"https:\/\/www.ivanabeaumond.com.br\/vestidos-noiva\/?p=18546"},"modified":"2019-05-24T17:51:50","modified_gmt":"2019-05-24T20:51:50","slug":"dicas-para-escolher-o-vestido-de-festa-para-o-seu-tipo-de-corpo","status":"publish","type":"post","link":"https:\/\/www.ivanabeaumond.com.br\/vestidos-noiva\/dicas-para-escolher-o-vestido-de-festa-para-o-seu-tipo-de-corpo\/","title":{"rendered":"Dicas para escolher o vestido de festa para o seu tipo de corpo"},"content":{"rendered":"<h4 style=\"text-align: justify;\"><span style=\"color: #999999;\">\u00c0s vezes um vestido que fica lindo no manequim pode n\u00e3o ficar t\u00e3o bem em voc\u00ea. O motivo? Talvez o modelo que voc\u00ea escolheu n\u00e3o combine com o seu tipo de corpo. Pensando nisso, fizemos esse post para te ajudar a escolher o modelo ideal para o formato da sua silhueta.<\/span><\/h4>\n<h4 style=\"text-align: justify;\"><span style=\"color: #999999;\">\u00a0<\/span><\/h4>\n<h4 style=\"text-align: justify;\"><span style=\"color: #999999;\">Em primeiro lugar, voc\u00ea deve considerar o tipo de traje, o hor\u00e1rio e a proposta da festa antes de escolher o que vestir. O dia pede cores mais claras e tecidos mais leves, enquanto a noite permite um look com mais brilho e luxo.<\/span><\/h4>\n<p>&nbsp;<\/p>\n<p>&nbsp;<\/p>\n<p>&nbsp;<\/p>\n<p><img decoding=\"async\" loading=\"lazy\" class=\"aligncenter size-full wp-image-18547\" src=\"https:\/\/www.ivanabeaumond.com.br\/vestidos-noiva\/wp-content\/uploads\/2019\/05\/tipos-de-corpo-feminino-vestido-de-festa-ivana-beaumond-atelier-rj-e1558725478776.jpg\" alt=\"tipos-de-corpo-feminino-vestido-de-festa-ivana-beaumond-atelier-rj\" width=\"450\" height=\"263\" \/><\/p>\n<p>&nbsp;<\/p>\n<p>&nbsp;<\/p>\n<p>&nbsp;<\/p>\n<p><span style=\"color: #999999;\">\u00a0<\/span><\/p>\n<h4 style=\"text-align: justify;\"><span style=\"color: #999999;\"><span style=\"color: #000000;\"><strong>Corpo retangular:<\/strong><\/span> se os seus ombros t\u00eam as mesmas medidas que o quadril e voc\u00ea tem a cintura reta, busque modelos que marcam a cintura para criar uma silhueta. Evite vestidos com corte reto e lisos.<\/span><\/h4>\n<p>&nbsp;<\/p>\n<p>&nbsp;<\/p>\n<p>&nbsp;<\/p>\n<p>&nbsp;<\/p>\n<p><img decoding=\"async\" loading=\"lazy\" class=\"aligncenter size-full wp-image-17439\" src=\"https:\/\/www.ivanabeaumond.com.br\/vestidos-noiva\/wp-content\/uploads\/2019\/03\/Vestido-de-Festa-Ivana-Beaumond-119948_B-e1558729997191.jpg\" alt=\"Vestido de Festa Ivana Beaumond - 119948_B\" width=\"450\" height=\"626\" \/><\/p>\n<p><img decoding=\"async\" loading=\"lazy\" class=\"aligncenter size-full wp-image-17442\" src=\"https:\/\/www.ivanabeaumond.com.br\/vestidos-noiva\/wp-content\/uploads\/2019\/03\/Vestido-de-Festa-Ivana-Beaumond-119954_B-e1558730164793.jpg\" alt=\"Vestido de Festa Ivana Beaumond - 119954_B\" width=\"450\" height=\"626\" \/><\/p>\n<p>&nbsp;<\/p>\n<p>&nbsp;<\/p>\n<p>&nbsp;<\/p>\n<h4 style=\"text-align: justify;\"><span style=\"color: #999999;\">\u00a0<\/span><\/h4>\n<h4 style=\"text-align: justify;\"><span style=\"color: #999999;\">\u00a0<\/span><\/h4>\n<h4 style=\"text-align: justify;\"><span style=\"color: #999999;\"><span style=\"color: #000000;\"><strong>Corpo ampulheta:<\/strong><\/span> se o seu quadril e ombros t\u00eam a mesma largura e a sua cintura \u00e9 marcada, voc\u00ea tem o formato ampulheta. O ideal \u00e9 optar modelos que realcem as curvas, mais justos e curtos e com recortes nas laterais.<\/span><\/h4>\n<h4 style=\"text-align: justify;\"><span style=\"color: #999999;\">\u00a0<\/span><\/h4>\n<p>&nbsp;<\/p>\n<p>&nbsp;<\/p>\n<p>&nbsp;<\/p>\n<p><img decoding=\"async\" loading=\"lazy\" class=\"aligncenter size-full wp-image-17492\" src=\"https:\/\/www.ivanabeaumond.com.br\/vestidos-noiva\/wp-content\/uploads\/2019\/03\/Vestido-de-Festa-Ivana-Beaumond-EW119174_C-e1558730222449.jpg\" alt=\"Vestido de Festa Ivana Beaumond - EW119174_C\" width=\"450\" height=\"626\" \/><\/p>\n<p>&nbsp;<\/p>\n<p>&nbsp;<\/p>\n<p>&nbsp;<\/p>\n<p>&nbsp;<\/p>\n<p>&nbsp;<\/p>\n<h4 style=\"text-align: justify;\"><span style=\"color: #999999;\">\u00a0<\/span><\/h4>\n<h4 style=\"text-align: justify;\"><span style=\"color: #999999;\"><span style=\"color: #000000;\"><strong>Corpo tri\u00e2ngulo invertido:<\/strong><\/span> seus ombros tem as medidas mais longas do que as do seu quadril, e o ideal \u00e9 adicionar algum volume na saia para criar um equil\u00edbrio na sua silhueta.<\/span><\/h4>\n<h4 style=\"text-align: justify;\"><span style=\"color: #999999;\">\u00a0<\/span><\/h4>\n<p>&nbsp;<\/p>\n<p>&nbsp;<\/p>\n<p>&nbsp;<\/p>\n<p><img decoding=\"async\" loading=\"lazy\" class=\"aligncenter size-full wp-image-17459\" src=\"https:\/\/www.ivanabeaumond.com.br\/vestidos-noiva\/wp-content\/uploads\/2019\/03\/Vestido-de-Festa-Ivana-Beaumond-EW119090_B-e1558730314143.jpg\" alt=\"Vestido de Festa Ivana Beaumond - EW119090_B\" width=\"450\" height=\"626\" \/><\/p>\n<p>&nbsp;<\/p>\n<p>&nbsp;<\/p>\n<p>&nbsp;<\/p>\n<p>&nbsp;<\/p>\n<h4 style=\"text-align: justify;\"><span style=\"color: #999999;\">\u00a0<\/span><\/h4>\n<h4 style=\"text-align: justify;\"><span style=\"color: #999999;\"><span style=\"color: #000000;\"><strong>\u00a0Corpo p\u00eara:<\/strong><\/span> se o seu quadril \u00e9 maior do que o colo e os ombros, invista em modelos que destaquem a parte superior, como vestidos com detalhes no colo, decotes em V e com aplica\u00e7\u00f5es.<\/span><\/h4>\n<p>&nbsp;<\/p>\n<p>&nbsp;<\/p>\n<p>&nbsp;<\/p>\n<p>&nbsp;<\/p>\n<h4 style=\"text-align: justify;\"><span style=\"color: #999999;\">\u00a0<span style=\"color: #999999;\"><img decoding=\"async\" loading=\"lazy\" class=\"aligncenter size-full wp-image-17453\" src=\"https:\/\/www.ivanabeaumond.com.br\/vestidos-noiva\/wp-content\/uploads\/2019\/03\/Vestido-de-Festa-Ivana-Beaumond-EW119081_B-e1558729909507.jpg\" alt=\"Vestido de Festa Ivana Beaumond - EW119081_B\" width=\"450\" height=\"626\" \/><\/span><\/span><\/h4>\n<h4 style=\"text-align: justify;\"><\/h4>\n<p>&nbsp;<\/p>\n<p>&nbsp;<\/p>\n<h4 style=\"text-align: justify;\"><span style=\"color: #999999;\">\u00a0<\/span><\/h4>\n<h4 style=\"text-align: justify;\"><span style=\"color: #999999;\"><span style=\"color: #000000;\"><strong>Corpo ma\u00e7\u00e3:<\/strong><\/span> seu corpo tem um formato oval, e o ideal \u00e9 que voc\u00ea abuse de decotes V e cortes verticais, pois eles ajudam a alongar.<\/span><\/h4>\n<p>&nbsp;<\/p>\n<p>&nbsp;<\/p>\n<p>&nbsp;<\/p>\n<p><img decoding=\"async\" loading=\"lazy\" class=\"aligncenter size-full wp-image-17469\" src=\"https:\/\/www.ivanabeaumond.com.br\/vestidos-noiva\/wp-content\/uploads\/2019\/03\/Vestido-de-Festa-Ivana-Beaumond-EW119123_B-e1558730555188.jpg\" alt=\"Vestido de Festa Ivana Beaumond - EW119123_B\" width=\"450\" height=\"626\" \/><\/p>\n<p>&nbsp;<\/p>\n<p>&nbsp;<\/p>\n<p>&nbsp;<\/p>\n<p>&nbsp;<\/p>\n<p>&nbsp;<\/p>\n<h4><span style=\"color: #999999;\">Se voc\u00ea gostou de algum desses modelos, n\u00e3o deixe de conferir a nossa cole\u00e7\u00e3o de vestidos de festa clicando <span style=\"color: #000080;\"><a style=\"color: #000080;\" href=\"https:\/\/www.ivanabeaumond.com.br\/vestidos-noiva\/vestidos-casamento-madrinha-festa-formatura\/\" target=\"_blank\">nesse link!<\/a><\/span><\/span><\/h4>\n<p>&nbsp;<\/p>\n<p>&nbsp;<\/p>\n<p>&nbsp;<\/p>\n<p>&nbsp;<\/p>\n<h4 style=\"text-align: justify;\"><\/h4>\n<h4 style=\"text-align: justify;\"><span style=\"color: #999999;\">Gostou? Siga nosso instagram\u00a0<\/span><a href=\"https:\/\/www.instagram.com\/ivanaparisdebutantes\" target=\"_blank\">@ivanabeaumond<span style=\"color: #999999;\">\u00a0<\/span><\/a><span style=\"color: #999999;\">e curta nossa fanpage<\/span>\u00a0<a href=\"https:\/\/www.facebook.com\/IvanaBeaumond\/\" target=\"_blank\">Ivana Beaumond<\/a>\u00a0<span style=\"color: #999999;\">para ficar por dentro de tudo o que rola no mundo das\u00a0debutantes. N\u00e3o deixe de conferir tamb\u00e9m as nossas\u00a0cole\u00e7\u00f5es de<\/span>\u00a0<a href=\"http:\/\/www.ivanabeaumond.com.br\/vestidos-noiva\/vestidos-de-noiva-rj\/\" target=\"_blank\">Vestidos de Noiva<\/a>,\u00a0<a href=\"http:\/\/www.ivanabeaumond.com.br\/vestidos-noiva\/noivos-roupa-terno\/\" target=\"_blank\">Trajes Masculinos<\/a><span style=\"color: #999999;\">\u00a0e<\/span>\u00a0<a href=\"http:\/\/www.ivanabeaumond.com.br\/vestidos-noiva\/vestidos-casamento-madrinha-festa-formatura\/\" target=\"_blank\">Moda Festa<\/a><span style=\"color: #999999;\">,\u00a0trazendo as maiores novidades da alta costura com os mais belos modelos!<\/span><\/h4>\n","protected":false},"excerpt":{"rendered":"<p>\u00c0s vezes um vestido que fica lindo no manequim pode&#8230;<\/p>\n","protected":false},"author":4,"featured_media":18547,"comment_status":"closed","ping_status":"closed","sticky":false,"template":"","format":"standard","meta":[],"categories":[60,127],"tags":[156,837,434,99,100,102,162,286,278,107,103,136,155,836,149,138,840,115,838,839],"yoast_head":"<!-- This site is optimized with the Yoast SEO plugin v20.3 - https:\/\/yoast.com\/wordpress\/plugins\/seo\/ -->\n<title>Dicas para escolher o vestido de festa para o seu tipo de corpo - Vestido de Noiva RJ<\/title>\n<meta name=\"robots\" content=\"index, follow, max-snippet:-1, max-image-preview:large, max-video-preview:-1\" \/>\n<link rel=\"canonical\" href=\"https:\/\/www.ivanabeaumond.com.br\/vestidos-noiva\/dicas-para-escolher-o-vestido-de-festa-para-o-seu-tipo-de-corpo\/\" \/>\n<meta property=\"og:locale\" content=\"pt_BR\" \/>\n<meta property=\"og:type\" content=\"article\" \/>\n<meta property=\"og:title\" content=\"Dicas para escolher o vestido de festa para o seu tipo de corpo - Vestido de Noiva RJ\" \/>\n<meta property=\"og:description\" content=\"\u00c0s vezes um vestido que fica lindo no manequim pode...\" \/>\n<meta property=\"og:url\" content=\"https:\/\/www.ivanabeaumond.com.br\/vestidos-noiva\/dicas-para-escolher-o-vestido-de-festa-para-o-seu-tipo-de-corpo\/\" \/>\n<meta property=\"og:site_name\" content=\"Vestido de Noiva RJ\" \/>\n<meta property=\"article:publisher\" content=\"https:\/\/www.facebook.com\/ivana.beaumondnoivas\" \/>\n<meta property=\"article:published_time\" content=\"2019-05-24T20:51:50+00:00\" \/>\n<meta property=\"og:image\" content=\"https:\/\/www.ivanabeaumond.com.br\/vestidos-noiva\/wp-content\/uploads\/2019\/05\/tipos-de-corpo-feminino-vestido-de-festa-ivana-beaumond-atelier-rj-e1558725478776.jpg\" \/>\n\t<meta property=\"og:image:width\" content=\"450\" \/>\n\t<meta property=\"og:image:height\" content=\"263\" \/>\n\t<meta property=\"og:image:type\" content=\"image\/jpeg\" \/>\n<meta name=\"author\" content=\"Ivana Beaumond Paris\" \/>\n<meta name=\"twitter:card\" content=\"summary_large_image\" \/>\n<meta name=\"twitter:label1\" content=\"Escrito por\" \/>\n\t<meta name=\"twitter:data1\" content=\"Ivana Beaumond Paris\" \/>\n\t<meta name=\"twitter:label2\" content=\"Est. tempo de leitura\" \/>\n\t<meta name=\"twitter:data2\" content=\"2 minutos\" \/>\n<script type=\"application\/ld+json\" class=\"yoast-schema-graph\">{\"@context\":\"https:\/\/schema.org\",\"@graph\":[{\"@type\":\"Article\",\"@id\":\"https:\/\/www.ivanabeaumond.com.br\/vestidos-noiva\/dicas-para-escolher-o-vestido-de-festa-para-o-seu-tipo-de-corpo\/#article\",\"isPartOf\":{\"@id\":\"https:\/\/www.ivanabeaumond.com.br\/vestidos-noiva\/dicas-para-escolher-o-vestido-de-festa-para-o-seu-tipo-de-corpo\/\"},\"author\":{\"name\":\"Ivana Beaumond Paris\",\"@id\":\"https:\/\/www.ivanabeaumond.com.br\/vestidos-noiva\/#\/schema\/person\/1a360c4cffa3b806d29a456389dcff26\"},\"headline\":\"Dicas para escolher o vestido de festa para o seu tipo de corpo\",\"datePublished\":\"2019-05-24T20:51:50+00:00\",\"dateModified\":\"2019-05-24T20:51:50+00:00\",\"mainEntityOfPage\":{\"@id\":\"https:\/\/www.ivanabeaumond.com.br\/vestidos-noiva\/dicas-para-escolher-o-vestido-de-festa-para-o-seu-tipo-de-corpo\/\"},\"wordCount\":408,\"publisher\":{\"@id\":\"https:\/\/www.ivanabeaumond.com.br\/vestidos-noiva\/#organization\"},\"keywords\":[\"casamento no civil\",\"como escolher vestido de festa\",\"dicas\",\"felicidade\",\"festa\",\"festa de casamento\",\"festas\",\"ivana beaumond\",\"ivana beaumond paris\",\"ivanabeaumond\",\"madrinhas\",\"moda festa\",\"modanoiva\",\"o que usar\",\"vestido de 15 anos\",\"vestido de festa\",\"vestido de festa rj\",\"vestido de noiva\",\"vestidos de festa\",\"vestidos de gala\"],\"articleSection\":[\"Blog\",\"Dicas e Truques\"],\"inLanguage\":\"pt-BR\"},{\"@type\":\"WebPage\",\"@id\":\"https:\/\/www.ivanabeaumond.com.br\/vestidos-noiva\/dicas-para-escolher-o-vestido-de-festa-para-o-seu-tipo-de-corpo\/\",\"url\":\"https:\/\/www.ivanabeaumond.com.br\/vestidos-noiva\/dicas-para-escolher-o-vestido-de-festa-para-o-seu-tipo-de-corpo\/\",\"name\":\"Dicas para escolher o vestido de festa para o seu tipo de corpo - Vestido de Noiva RJ\",\"isPartOf\":{\"@id\":\"https:\/\/www.ivanabeaumond.com.br\/vestidos-noiva\/#website\"},\"datePublished\":\"2019-05-24T20:51:50+00:00\",\"dateModified\":\"2019-05-24T20:51:50+00:00\",\"breadcrumb\":{\"@id\":\"https:\/\/www.ivanabeaumond.com.br\/vestidos-noiva\/dicas-para-escolher-o-vestido-de-festa-para-o-seu-tipo-de-corpo\/#breadcrumb\"},\"inLanguage\":\"pt-BR\",\"potentialAction\":[{\"@type\":\"ReadAction\",\"target\":[\"https:\/\/www.ivanabeaumond.com.br\/vestidos-noiva\/dicas-para-escolher-o-vestido-de-festa-para-o-seu-tipo-de-corpo\/\"]}]},{\"@type\":\"BreadcrumbList\",\"@id\":\"https:\/\/www.ivanabeaumond.com.br\/vestidos-noiva\/dicas-para-escolher-o-vestido-de-festa-para-o-seu-tipo-de-corpo\/#breadcrumb\",\"itemListElement\":[{\"@type\":\"ListItem\",\"position\":1,\"name\":\"In\u00edcio\",\"item\":\"https:\/\/www.ivanabeaumond.com.br\/vestidos-noiva\/\"},{\"@type\":\"ListItem\",\"position\":2,\"name\":\"Dicas para escolher o vestido de festa para o seu tipo de corpo\"}]},{\"@type\":\"WebSite\",\"@id\":\"https:\/\/www.ivanabeaumond.com.br\/vestidos-noiva\/#website\",\"url\":\"https:\/\/www.ivanabeaumond.com.br\/vestidos-noiva\/\",\"name\":\"Vestido de Noiva RJ\",\"description\":\"Moda Noiva\",\"publisher\":{\"@id\":\"https:\/\/www.ivanabeaumond.com.br\/vestidos-noiva\/#organization\"},\"potentialAction\":[{\"@type\":\"SearchAction\",\"target\":{\"@type\":\"EntryPoint\",\"urlTemplate\":\"https:\/\/www.ivanabeaumond.com.br\/vestidos-noiva\/?s={search_term_string}\"},\"query-input\":\"required name=search_term_string\"}],\"inLanguage\":\"pt-BR\"},{\"@type\":\"Organization\",\"@id\":\"https:\/\/www.ivanabeaumond.com.br\/vestidos-noiva\/#organization\",\"name\":\"Vestido de Noiva RJ\",\"url\":\"https:\/\/www.ivanabeaumond.com.br\/vestidos-noiva\/\",\"logo\":{\"@type\":\"ImageObject\",\"inLanguage\":\"pt-BR\",\"@id\":\"https:\/\/www.ivanabeaumond.com.br\/vestidos-noiva\/#\/schema\/logo\/image\/\",\"url\":\"https:\/\/www.ivanabeaumond.com.br\/vestidos-noiva\/wp-content\/uploads\/2018\/02\/logo_ivana_beaumond-2.png\",\"contentUrl\":\"https:\/\/www.ivanabeaumond.com.br\/vestidos-noiva\/wp-content\/uploads\/2018\/02\/logo_ivana_beaumond-2.png\",\"width\":230,\"height\":112,\"caption\":\"Vestido de Noiva RJ\"},\"image\":{\"@id\":\"https:\/\/www.ivanabeaumond.com.br\/vestidos-noiva\/#\/schema\/logo\/image\/\"},\"sameAs\":[\"https:\/\/www.facebook.com\/ivana.beaumondnoivas\",\"https:\/\/www.instagram.com\/ivanabeaumond\/\",\"https:\/\/www.tiktok.com\/@ivanabeaumond\"]},{\"@type\":\"Person\",\"@id\":\"https:\/\/www.ivanabeaumond.com.br\/vestidos-noiva\/#\/schema\/person\/1a360c4cffa3b806d29a456389dcff26\",\"name\":\"Ivana Beaumond Paris\",\"image\":{\"@type\":\"ImageObject\",\"inLanguage\":\"pt-BR\",\"@id\":\"https:\/\/www.ivanabeaumond.com.br\/vestidos-noiva\/#\/schema\/person\/image\/\",\"url\":\"https:\/\/secure.gravatar.com\/avatar\/641f98db20b53ec937ceb641db4270b9?s=96&d=mm&r=g\",\"contentUrl\":\"https:\/\/secure.gravatar.com\/avatar\/641f98db20b53ec937ceb641db4270b9?s=96&d=mm&r=g\",\"caption\":\"Ivana Beaumond Paris\"},\"url\":\"https:\/\/www.ivanabeaumond.com.br\/vestidos-noiva\/author\/ivana\/\"}]}<\/script>\n<!-- \/ Yoast SEO plugin. -->","yoast_head_json":{"title":"Dicas para escolher o vestido de festa para o seu tipo de corpo - Vestido de Noiva RJ","robots":{"index":"index","follow":"follow","max-snippet":"max-snippet:-1","max-image-preview":"max-image-preview:large","max-video-preview":"max-video-preview:-1"},"canonical":"https:\/\/www.ivanabeaumond.com.br\/vestidos-noiva\/dicas-para-escolher-o-vestido-de-festa-para-o-seu-tipo-de-corpo\/","og_locale":"pt_BR","og_type":"article","og_title":"Dicas para escolher o vestido de festa para o seu tipo de corpo - Vestido de Noiva RJ","og_description":"\u00c0s vezes um vestido que fica lindo no manequim pode...","og_url":"https:\/\/www.ivanabeaumond.com.br\/vestidos-noiva\/dicas-para-escolher-o-vestido-de-festa-para-o-seu-tipo-de-corpo\/","og_site_name":"Vestido de Noiva RJ","article_publisher":"https:\/\/www.facebook.com\/ivana.beaumondnoivas","article_published_time":"2019-05-24T20:51:50+00:00","og_image":[{"width":450,"height":263,"url":"https:\/\/www.ivanabeaumond.com.br\/vestidos-noiva\/wp-content\/uploads\/2019\/05\/tipos-de-corpo-feminino-vestido-de-festa-ivana-beaumond-atelier-rj-e1558725478776.jpg","type":"image\/jpeg"}],"author":"Ivana Beaumond Paris","twitter_card":"summary_large_image","twitter_misc":{"Escrito por":"Ivana Beaumond Paris","Est. tempo de leitura":"2 minutos"},"schema":{"@context":"https:\/\/schema.org","@graph":[{"@type":"Article","@id":"https:\/\/www.ivanabeaumond.com.br\/vestidos-noiva\/dicas-para-escolher-o-vestido-de-festa-para-o-seu-tipo-de-corpo\/#article","isPartOf":{"@id":"https:\/\/www.ivanabeaumond.com.br\/vestidos-noiva\/dicas-para-escolher-o-vestido-de-festa-para-o-seu-tipo-de-corpo\/"},"author":{"name":"Ivana Beaumond Paris","@id":"https:\/\/www.ivanabeaumond.com.br\/vestidos-noiva\/#\/schema\/person\/1a360c4cffa3b806d29a456389dcff26"},"headline":"Dicas para escolher o vestido de festa para o seu tipo de corpo","datePublished":"2019-05-24T20:51:50+00:00","dateModified":"2019-05-24T20:51:50+00:00","mainEntityOfPage":{"@id":"https:\/\/www.ivanabeaumond.com.br\/vestidos-noiva\/dicas-para-escolher-o-vestido-de-festa-para-o-seu-tipo-de-corpo\/"},"wordCount":408,"publisher":{"@id":"https:\/\/www.ivanabeaumond.com.br\/vestidos-noiva\/#organization"},"keywords":["casamento no civil","como escolher vestido de festa","dicas","felicidade","festa","festa de casamento","festas","ivana beaumond","ivana beaumond paris","ivanabeaumond","madrinhas","moda festa","modanoiva","o que usar","vestido de 15 anos","vestido de festa","vestido de festa rj","vestido de noiva","vestidos de festa","vestidos de gala"],"articleSection":["Blog","Dicas e Truques"],"inLanguage":"pt-BR"},{"@type":"WebPage","@id":"https:\/\/www.ivanabeaumond.com.br\/vestidos-noiva\/dicas-para-escolher-o-vestido-de-festa-para-o-seu-tipo-de-corpo\/","url":"https:\/\/www.ivanabeaumond.com.br\/vestidos-noiva\/dicas-para-escolher-o-vestido-de-festa-para-o-seu-tipo-de-corpo\/","name":"Dicas para escolher o vestido de festa para o seu tipo de corpo - Vestido de Noiva RJ","isPartOf":{"@id":"https:\/\/www.ivanabeaumond.com.br\/vestidos-noiva\/#website"},"datePublished":"2019-05-24T20:51:50+00:00","dateModified":"2019-05-24T20:51:50+00:00","breadcrumb":{"@id":"https:\/\/www.ivanabeaumond.com.br\/vestidos-noiva\/dicas-para-escolher-o-vestido-de-festa-para-o-seu-tipo-de-corpo\/#breadcrumb"},"inLanguage":"pt-BR","potentialAction":[{"@type":"ReadAction","target":["https:\/\/www.ivanabeaumond.com.br\/vestidos-noiva\/dicas-para-escolher-o-vestido-de-festa-para-o-seu-tipo-de-corpo\/"]}]},{"@type":"BreadcrumbList","@id":"https:\/\/www.ivanabeaumond.com.br\/vestidos-noiva\/dicas-para-escolher-o-vestido-de-festa-para-o-seu-tipo-de-corpo\/#breadcrumb","itemListElement":[{"@type":"ListItem","position":1,"name":"In\u00edcio","item":"https:\/\/www.ivanabeaumond.com.br\/vestidos-noiva\/"},{"@type":"ListItem","position":2,"name":"Dicas para escolher o vestido de festa para o seu tipo de corpo"}]},{"@type":"WebSite","@id":"https:\/\/www.ivanabeaumond.com.br\/vestidos-noiva\/#website","url":"https:\/\/www.ivanabeaumond.com.br\/vestidos-noiva\/","name":"Vestido de Noiva RJ","description":"Moda Noiva","publisher":{"@id":"https:\/\/www.ivanabeaumond.com.br\/vestidos-noiva\/#organization"},"potentialAction":[{"@type":"SearchAction","target":{"@type":"EntryPoint","urlTemplate":"https:\/\/www.ivanabeaumond.com.br\/vestidos-noiva\/?s={search_term_string}"},"query-input":"required name=search_term_string"}],"inLanguage":"pt-BR"},{"@type":"Organization","@id":"https:\/\/www.ivanabeaumond.com.br\/vestidos-noiva\/#organization","name":"Vestido de Noiva RJ","url":"https:\/\/www.ivanabeaumond.com.br\/vestidos-noiva\/","logo":{"@type":"ImageObject","inLanguage":"pt-BR","@id":"https:\/\/www.ivanabeaumond.com.br\/vestidos-noiva\/#\/schema\/logo\/image\/","url":"https:\/\/www.ivanabeaumond.com.br\/vestidos-noiva\/wp-content\/uploads\/2018\/02\/logo_ivana_beaumond-2.png","contentUrl":"https:\/\/www.ivanabeaumond.com.br\/vestidos-noiva\/wp-content\/uploads\/2018\/02\/logo_ivana_beaumond-2.png","width":230,"height":112,"caption":"Vestido de Noiva RJ"},"image":{"@id":"https:\/\/www.ivanabeaumond.com.br\/vestidos-noiva\/#\/schema\/logo\/image\/"},"sameAs":["https:\/\/www.facebook.com\/ivana.beaumondnoivas","https:\/\/www.instagram.com\/ivanabeaumond\/","https:\/\/www.tiktok.com\/@ivanabeaumond"]},{"@type":"Person","@id":"https:\/\/www.ivanabeaumond.com.br\/vestidos-noiva\/#\/schema\/person\/1a360c4cffa3b806d29a456389dcff26","name":"Ivana Beaumond Paris","image":{"@type":"ImageObject","inLanguage":"pt-BR","@id":"https:\/\/www.ivanabeaumond.com.br\/vestidos-noiva\/#\/schema\/person\/image\/","url":"https:\/\/secure.gravatar.com\/avatar\/641f98db20b53ec937ceb641db4270b9?s=96&d=mm&r=g","contentUrl":"https:\/\/secure.gravatar.com\/avatar\/641f98db20b53ec937ceb641db4270b9?s=96&d=mm&r=g","caption":"Ivana Beaumond Paris"},"url":"https:\/\/www.ivanabeaumond.com.br\/vestidos-noiva\/author\/ivana\/"}]}},"_links":{"self":[{"href":"https:\/\/www.ivanabeaumond.com.br\/vestidos-noiva\/wp-json\/wp\/v2\/posts\/18546"}],"collection":[{"href":"https:\/\/www.ivanabeaumond.com.br\/vestidos-noiva\/wp-json\/wp\/v2\/posts"}],"about":[{"href":"https:\/\/www.ivanabeaumond.com.br\/vestidos-noiva\/wp-json\/wp\/v2\/types\/post"}],"author":[{"embeddable":true,"href":"https:\/\/www.ivanabeaumond.com.br\/vestidos-noiva\/wp-json\/wp\/v2\/users\/4"}],"replies":[{"embeddable":true,"href":"https:\/\/www.ivanabeaumond.com.br\/vestidos-noiva\/wp-json\/wp\/v2\/comments?post=18546"}],"version-history":[{"count":6,"href":"https:\/\/www.ivanabeaumond.com.br\/vestidos-noiva\/wp-json\/wp\/v2\/posts\/18546\/revisions"}],"predecessor-version":[{"id":18553,"href":"https:\/\/www.ivanabeaumond.com.br\/vestidos-noiva\/wp-json\/wp\/v2\/posts\/18546\/revisions\/18553"}],"wp:featuredmedia":[{"embeddable":true,"href":"https:\/\/www.ivanabeaumond.com.br\/vestidos-noiva\/wp-json\/wp\/v2\/media\/18547"}],"wp:attachment":[{"href":"https:\/\/www.ivanabeaumond.com.br\/vestidos-noiva\/wp-json\/wp\/v2\/media?parent=18546"}],"wp:term":[{"taxonomy":"category","embeddable":true,"href":"https:\/\/www.ivanabeaumond.com.br\/vestidos-noiva\/wp-json\/wp\/v2\/categories?post=18546"},{"taxonomy":"post_tag","embeddable":true,"href":"https:\/\/www.ivanabeaumond.com.br\/vestidos-noiva\/wp-json\/wp\/v2\/tags?post=18546"}],"curies":[{"name":"wp","href":"https:\/\/api.w.org\/{rel}","templated":true}]}}