{"id":18606,"date":"2019-05-31T14:55:48","date_gmt":"2019-05-31T17:55:48","guid":{"rendered":"https:\/\/www.ivanabeaumond.com.br\/vestidos-noiva\/?p=18606"},"modified":"2019-05-31T15:06:46","modified_gmt":"2019-05-31T18:06:46","slug":"dicas-de-ternos-para-noivos-e-padrinhos-para-casamentos-de-dia","status":"publish","type":"post","link":"https:\/\/www.ivanabeaumond.com.br\/vestidos-noiva\/dicas-de-ternos-para-noivos-e-padrinhos-para-casamentos-de-dia\/","title":{"rendered":"Dicas de Ternos para Noivos e Padrinhos para Casamentos de dia"},"content":{"rendered":"<h4 style=\"text-align: justify;\"><span style=\"color: #999999;\">J\u00e1 se foram os dias de usar os ternos escuros tradicionais em preto, azul marinho e grafite \u00a0para um casamento de ver\u00e3o. Em vez disso,\u00a0 eles est\u00e3o sendo substitu\u00eddos por trajes em tons mais claros e de tecidos diferentes. Muitas das regras antigas de casamento formal est\u00e3o sendo quebradas e agora \u00e9 perfeitamente aceit\u00e1vel abandonar o traje completo e vestir um blazer e cal\u00e7as leves, ou abandonar a jaqueta por uma camisa combinada com um colete ou suspens\u00f3rios. Para voc\u00ea que vai se casar de dia ou ao ar livre, juntamos neste post algumas dicas com os melhores looks para noivos que desejam sair do padr\u00e3o.<\/span><\/h4>\n<h4 style=\"text-align: justify;\"><span style=\"color: #999999;\">\u00a0<\/span><\/h4>\n<p>&nbsp;<\/p>\n<p>&nbsp;<\/p>\n<p>&nbsp;<\/p>\n<p><img decoding=\"async\" loading=\"lazy\" class=\"aligncenter size-full wp-image-18609\" src=\"https:\/\/www.ivanabeaumond.com.br\/vestidos-noiva\/wp-content\/uploads\/2019\/05\/traje-masculino-terno-branco-e-preto-noivos-ivana-beaumond-atelier-e1559322890450.jpg\" alt=\"traje masculino terno branco e preto noivos ivana beaumond atelier\" width=\"600\" height=\"360\" \/><\/p>\n<p>&nbsp;<\/p>\n<p>&nbsp;<\/p>\n<p>&nbsp;<\/p>\n<p>&nbsp;<\/p>\n<p>&nbsp;<\/p>\n<h4 style=\"text-align: justify;\"><span style=\"color: #999999;\">\u00a0<\/span><\/h4>\n<h3 style=\"text-align: justify;\"><span style=\"color: #000000;\">Escolha ternos com cores suaves e claras.<\/span><\/h3>\n<p>&nbsp;<\/p>\n<p>&nbsp;<\/p>\n<h4 style=\"text-align: justify;\"><span style=\"color: #999999;\">Preto e azul marinho s\u00e3o cl\u00e1ssicos quando se trata de trajes masculinos para casamento, mas como cores mais escuras ret\u00eam o calor, por isso, para climas quente ternos em tons mais claros s\u00e3o a melhor op\u00e7\u00e3o. Cinza claro, azul, bege e creme s\u00e3o \u00f3timas cores para manter um visual mais fresco.\u00a0\u00a0<\/span><\/h4>\n<h4 style=\"text-align: justify;\"><span style=\"color: #999999;\">\u00a0<\/span><\/h4>\n<p>&nbsp;<\/p>\n<p>&nbsp;<\/p>\n<p><img decoding=\"async\" loading=\"lazy\" class=\"aligncenter size-full wp-image-18608\" src=\"https:\/\/www.ivanabeaumond.com.br\/vestidos-noiva\/wp-content\/uploads\/2019\/05\/traje-masculino-terno-azul-claro-noivos-ivana-beaumond-atelier-e1559322754281.jpg\" alt=\"traje masculino terno azul claro noivos ivana beaumond atelier\" width=\"600\" height=\"360\" \/><\/p>\n<p>&nbsp;<\/p>\n<p>&nbsp;<\/p>\n<p>&nbsp;<\/p>\n<p>&nbsp;<\/p>\n<p>&nbsp;<\/p>\n<p>&nbsp;<\/p>\n<h3 style=\"text-align: justify;\"><span style=\"color: #000000;\">Abandone a jaqueta<\/span><\/h3>\n<p>&nbsp;<\/p>\n<h4 style=\"text-align: justify;\"><span style=\"color: #999999;\">Deixe a jaqueta de lado e simplesmente use um colete com cal\u00e7as, camisa e gravata borboleta. Combine seu colete \u00e0s suas cal\u00e7as ou opte por uma cor contrastante. Suspens\u00f3rios coloridos funcionam bem com uma camisa branca ou com uma estampa discreta. \u00a0<\/span><\/h4>\n<h4 style=\"text-align: justify;\"><\/h4>\n<p>&nbsp;<\/p>\n<p>&nbsp;<\/p>\n<p>&nbsp;<\/p>\n<p>&nbsp;<\/p>\n<p><img decoding=\"async\" loading=\"lazy\" class=\"aligncenter size-full wp-image-18613\" src=\"https:\/\/www.ivanabeaumond.com.br\/vestidos-noiva\/wp-content\/uploads\/2019\/05\/ivana-beaumond-vestido-de-noiva-traje-masculino-colete.jpg\" alt=\"ivana-beaumond-vestido-de-noiva-traje-masculino-colete\" width=\"620\" height=\"820\" srcset=\"https:\/\/www.ivanabeaumond.com.br\/vestidos-noiva\/wp-content\/uploads\/2019\/05\/ivana-beaumond-vestido-de-noiva-traje-masculino-colete.jpg 620w, https:\/\/www.ivanabeaumond.com.br\/vestidos-noiva\/wp-content\/uploads\/2019\/05\/ivana-beaumond-vestido-de-noiva-traje-masculino-colete-227x300.jpg 227w\" sizes=\"(max-width: 620px) 100vw, 620px\" \/><\/p>\n<p>&nbsp;<\/p>\n<p>&nbsp;<\/p>\n<p>&nbsp;<\/p>\n<p>&nbsp;<\/p>\n<p>&nbsp;<\/p>\n<h3 style=\"text-align: justify;\"><span style=\"color: #000000;\">\u00a0Divirta-se com acess\u00f3rios\u00a0<\/span><\/h3>\n<p>&nbsp;<\/p>\n<p>&nbsp;<\/p>\n<h4 style=\"text-align: justify;\"><span style=\"color: #999999;\">Divirta-se com seus acess\u00f3rios, misture e combine estampas. Brinque com as cores em seus la\u00e7os ou gravatas e boutonnieres coloridos, e considere usar camisas estampadas para adicionar um pouco de personalidade ao look. \u00a0<\/span><\/h4>\n<h4 style=\"text-align: justify;\"><\/h4>\n<p>&nbsp;<\/p>\n<p>&nbsp;<\/p>\n<p>&nbsp;<\/p>\n<p><img decoding=\"async\" loading=\"lazy\" class=\"aligncenter size-full wp-image-18614\" src=\"https:\/\/www.ivanabeaumond.com.br\/vestidos-noiva\/wp-content\/uploads\/2019\/05\/acessorios-para-noivos-atelier-ivana-beaumond-paris-rj.jpg\" alt=\"acessorios-para-noivos-atelier-ivana-beaumond-paris-rj\" width=\"620\" height=\"824\" srcset=\"https:\/\/www.ivanabeaumond.com.br\/vestidos-noiva\/wp-content\/uploads\/2019\/05\/acessorios-para-noivos-atelier-ivana-beaumond-paris-rj.jpg 620w, https:\/\/www.ivanabeaumond.com.br\/vestidos-noiva\/wp-content\/uploads\/2019\/05\/acessorios-para-noivos-atelier-ivana-beaumond-paris-rj-226x300.jpg 226w\" sizes=\"(max-width: 620px) 100vw, 620px\" \/><\/p>\n<p>&nbsp;<\/p>\n<p>&nbsp;<\/p>\n<h4 style=\"text-align: justify;\"><\/h4>\n<h3 style=\"text-align: justify;\"><span style=\"color: #000000;\">Aposte nas bermudas\u00a0<\/span><\/h3>\n<h4 style=\"text-align: justify;\"><\/h4>\n<p>&nbsp;<\/p>\n<p>&nbsp;<\/p>\n<h4 style=\"text-align: justify;\"><span style=\"color: #999999;\">Se voc\u00ea est\u00e1 planejando um destination wedding em um lugar quente, porque n\u00e3o optar por um par de bermudas? Tamb\u00e9m pode ser um \u00f3timo visual para os padrinhos se eles forem mais jovens.<\/span><\/h4>\n<p>&nbsp;<\/p>\n<p>&nbsp;<\/p>\n<p>&nbsp;<\/p>\n<p>&nbsp;<\/p>\n<p><img decoding=\"async\" loading=\"lazy\" class=\"aligncenter size-full wp-image-18616\" src=\"https:\/\/www.ivanabeaumond.com.br\/vestidos-noiva\/wp-content\/uploads\/2019\/05\/ideias-de-terno-masculino-ivana-beaumond-paris-atelier1.jpg\" alt=\"ideias-de-terno-masculino-ivana-beaumond-paris-atelier\" width=\"620\" height=\"820\" srcset=\"https:\/\/www.ivanabeaumond.com.br\/vestidos-noiva\/wp-content\/uploads\/2019\/05\/ideias-de-terno-masculino-ivana-beaumond-paris-atelier1.jpg 620w, https:\/\/www.ivanabeaumond.com.br\/vestidos-noiva\/wp-content\/uploads\/2019\/05\/ideias-de-terno-masculino-ivana-beaumond-paris-atelier1-227x300.jpg 227w\" sizes=\"(max-width: 620px) 100vw, 620px\" \/><\/p>\n<p>&nbsp;<\/p>\n<p>&nbsp;<\/p>\n<p>&nbsp;<\/p>\n<p>&nbsp;<\/p>\n<h4 style=\"text-align: justify;\">\u00a0Fonte e Imagens:\u00a0<a href=\"https:\/\/www.onefabday.com\/summer-wedding-suit-ideas\/\">https:\/\/www.onefabday.com\/summer-wedding-suit-ideas\/<\/a><\/h4>\n<p style=\"text-align: justify;\">\n<p style=\"text-align: justify;\">\n<p style=\"text-align: justify;\">\n<h4 style=\"text-align: justify;\"><span style=\"color: #999999;\">Gostou? Siga nosso instagram<\/span>\u00a0<a href=\"https:\/\/www.instagram.com\/ivanaparisdebutantes\" target=\"_blank\">@ivanabeaumond\u00a0<\/a><span style=\"color: #999999;\">e curta nossa fanpage<\/span>\u00a0<a href=\"https:\/\/www.facebook.com\/IvanaBeaumond\/\" target=\"_blank\">Ivana Beaumond<\/a>\u00a0<span style=\"color: #999999;\">para ficar por dentro de tudo o que rola no mundo das\u00a0debutantes. N\u00e3o deixe de conferir tamb\u00e9m as nossas\u00a0cole\u00e7\u00f5es de<\/span>\u00a0<a href=\"http:\/\/www.ivanabeaumond.com.br\/vestidos-noiva\/vestidos-de-noiva-rj\/\" target=\"_blank\">Vestidos de Noiva<\/a><span style=\"color: #999999;\">,<\/span>\u00a0<a href=\"http:\/\/www.ivanabeaumond.com.br\/vestidos-noiva\/noivos-roupa-terno\/\" target=\"_blank\">Trajes Masculinos<\/a>\u00a0<span style=\"color: #999999;\">e<\/span>\u00a0<a href=\"http:\/\/www.ivanabeaumond.com.br\/vestidos-noiva\/vestidos-casamento-madrinha-festa-formatura\/\" target=\"_blank\">Moda Festa<\/a><span style=\"color: #999999;\">,\u00a0trazendo as maiores novidades da alta costura com os mais belos modelos!<\/span><\/h4>\n<h4 style=\"text-align: justify;\"><\/h4>\n","protected":false},"excerpt":{"rendered":"<p>J\u00e1 se foram os dias de usar os ternos escuros&#8230;<\/p>\n","protected":false},"author":4,"featured_media":18608,"comment_status":"closed","ping_status":"closed","sticky":false,"template":"","format":"standard","meta":[],"categories":[60,127],"tags":[131,846,650,695,133,96,528,161,844,442,845,848,412,843,434,842,841,798,162,286,157,164,258,165,847,646,158,647,138,115],"yoast_head":"<!-- This site is optimized with the Yoast SEO plugin v20.3 - https:\/\/yoast.com\/wordpress\/plugins\/seo\/ -->\n<title>Dicas de Ternos para Noivos e Padrinhos para Casamentos de dia - Vestido de Noiva RJ<\/title>\n<meta name=\"robots\" content=\"index, follow, max-snippet:-1, max-image-preview:large, max-video-preview:-1\" \/>\n<link rel=\"canonical\" href=\"https:\/\/www.ivanabeaumond.com.br\/vestidos-noiva\/dicas-de-ternos-para-noivos-e-padrinhos-para-casamentos-de-dia\/\" \/>\n<meta property=\"og:locale\" content=\"pt_BR\" \/>\n<meta property=\"og:type\" content=\"article\" \/>\n<meta property=\"og:title\" content=\"Dicas de Ternos para Noivos e Padrinhos para Casamentos de dia - Vestido de Noiva RJ\" \/>\n<meta property=\"og:description\" content=\"J\u00e1 se foram os dias de usar os ternos escuros...\" \/>\n<meta property=\"og:url\" content=\"https:\/\/www.ivanabeaumond.com.br\/vestidos-noiva\/dicas-de-ternos-para-noivos-e-padrinhos-para-casamentos-de-dia\/\" \/>\n<meta property=\"og:site_name\" content=\"Vestido de Noiva RJ\" \/>\n<meta property=\"article:publisher\" content=\"https:\/\/www.facebook.com\/ivana.beaumondnoivas\" \/>\n<meta property=\"article:published_time\" content=\"2019-05-31T17:55:48+00:00\" \/>\n<meta property=\"article:modified_time\" content=\"2019-05-31T18:06:46+00:00\" \/>\n<meta property=\"og:image\" content=\"https:\/\/www.ivanabeaumond.com.br\/vestidos-noiva\/wp-content\/uploads\/2019\/05\/traje-masculino-terno-azul-claro-noivos-ivana-beaumond-atelier-e1559322754281.jpg\" \/>\n\t<meta property=\"og:image:width\" content=\"600\" \/>\n\t<meta property=\"og:image:height\" content=\"360\" \/>\n\t<meta property=\"og:image:type\" content=\"image\/jpeg\" \/>\n<meta name=\"author\" content=\"Ivana Beaumond Paris\" \/>\n<meta name=\"twitter:card\" content=\"summary_large_image\" \/>\n<meta name=\"twitter:label1\" content=\"Escrito por\" \/>\n\t<meta name=\"twitter:data1\" content=\"Ivana Beaumond Paris\" \/>\n\t<meta name=\"twitter:label2\" content=\"Est. tempo de leitura\" \/>\n\t<meta name=\"twitter:data2\" content=\"2 minutos\" \/>\n<script type=\"application\/ld+json\" class=\"yoast-schema-graph\">{\"@context\":\"https:\/\/schema.org\",\"@graph\":[{\"@type\":\"Article\",\"@id\":\"https:\/\/www.ivanabeaumond.com.br\/vestidos-noiva\/dicas-de-ternos-para-noivos-e-padrinhos-para-casamentos-de-dia\/#article\",\"isPartOf\":{\"@id\":\"https:\/\/www.ivanabeaumond.com.br\/vestidos-noiva\/dicas-de-ternos-para-noivos-e-padrinhos-para-casamentos-de-dia\/\"},\"author\":{\"name\":\"Ivana Beaumond Paris\",\"@id\":\"https:\/\/www.ivanabeaumond.com.br\/vestidos-noiva\/#\/schema\/person\/1a360c4cffa3b806d29a456389dcff26\"},\"headline\":\"Dicas de Ternos para Noivos e Padrinhos para Casamentos de dia\",\"datePublished\":\"2019-05-31T17:55:48+00:00\",\"dateModified\":\"2019-05-31T18:06:46+00:00\",\"mainEntityOfPage\":{\"@id\":\"https:\/\/www.ivanabeaumond.com.br\/vestidos-noiva\/dicas-de-ternos-para-noivos-e-padrinhos-para-casamentos-de-dia\/\"},\"wordCount\":421,\"publisher\":{\"@id\":\"https:\/\/www.ivanabeaumond.com.br\/vestidos-noiva\/#organization\"},\"keywords\":[\"aluguel de roupas\",\"ateier\",\"atelier ivana beaumond\",\"atelier ivana beaumond paris\",\"atelierivanabeaumond\",\"casamento\",\"casamento ao ar livre\",\"casamento blindado\",\"casamento de dia\",\"casamento na praia\",\"casamento no ver\u00e3o\",\"colete\",\"destination wedding\",\"dica\",\"dicas\",\"dicas de noiva\",\"dicas para noivos\",\"estilos de noiva\",\"festas\",\"ivana beaumond\",\"noiva e noivo\",\"noivas\",\"noivinha\",\"padrinhos\",\"smoking\",\"terno\",\"traje de noivo\",\"tuxedo\",\"vestido de festa\",\"vestido de noiva\"],\"articleSection\":[\"Blog\",\"Dicas e Truques\"],\"inLanguage\":\"pt-BR\"},{\"@type\":\"WebPage\",\"@id\":\"https:\/\/www.ivanabeaumond.com.br\/vestidos-noiva\/dicas-de-ternos-para-noivos-e-padrinhos-para-casamentos-de-dia\/\",\"url\":\"https:\/\/www.ivanabeaumond.com.br\/vestidos-noiva\/dicas-de-ternos-para-noivos-e-padrinhos-para-casamentos-de-dia\/\",\"name\":\"Dicas de Ternos para Noivos e Padrinhos para Casamentos de dia - Vestido de Noiva RJ\",\"isPartOf\":{\"@id\":\"https:\/\/www.ivanabeaumond.com.br\/vestidos-noiva\/#website\"},\"datePublished\":\"2019-05-31T17:55:48+00:00\",\"dateModified\":\"2019-05-31T18:06:46+00:00\",\"breadcrumb\":{\"@id\":\"https:\/\/www.ivanabeaumond.com.br\/vestidos-noiva\/dicas-de-ternos-para-noivos-e-padrinhos-para-casamentos-de-dia\/#breadcrumb\"},\"inLanguage\":\"pt-BR\",\"potentialAction\":[{\"@type\":\"ReadAction\",\"target\":[\"https:\/\/www.ivanabeaumond.com.br\/vestidos-noiva\/dicas-de-ternos-para-noivos-e-padrinhos-para-casamentos-de-dia\/\"]}]},{\"@type\":\"BreadcrumbList\",\"@id\":\"https:\/\/www.ivanabeaumond.com.br\/vestidos-noiva\/dicas-de-ternos-para-noivos-e-padrinhos-para-casamentos-de-dia\/#breadcrumb\",\"itemListElement\":[{\"@type\":\"ListItem\",\"position\":1,\"name\":\"In\u00edcio\",\"item\":\"https:\/\/www.ivanabeaumond.com.br\/vestidos-noiva\/\"},{\"@type\":\"ListItem\",\"position\":2,\"name\":\"Dicas de Ternos para Noivos e Padrinhos para Casamentos de dia\"}]},{\"@type\":\"WebSite\",\"@id\":\"https:\/\/www.ivanabeaumond.com.br\/vestidos-noiva\/#website\",\"url\":\"https:\/\/www.ivanabeaumond.com.br\/vestidos-noiva\/\",\"name\":\"Vestido de Noiva RJ\",\"description\":\"Moda Noiva\",\"publisher\":{\"@id\":\"https:\/\/www.ivanabeaumond.com.br\/vestidos-noiva\/#organization\"},\"potentialAction\":[{\"@type\":\"SearchAction\",\"target\":{\"@type\":\"EntryPoint\",\"urlTemplate\":\"https:\/\/www.ivanabeaumond.com.br\/vestidos-noiva\/?s={search_term_string}\"},\"query-input\":\"required name=search_term_string\"}],\"inLanguage\":\"pt-BR\"},{\"@type\":\"Organization\",\"@id\":\"https:\/\/www.ivanabeaumond.com.br\/vestidos-noiva\/#organization\",\"name\":\"Vestido de Noiva RJ\",\"url\":\"https:\/\/www.ivanabeaumond.com.br\/vestidos-noiva\/\",\"logo\":{\"@type\":\"ImageObject\",\"inLanguage\":\"pt-BR\",\"@id\":\"https:\/\/www.ivanabeaumond.com.br\/vestidos-noiva\/#\/schema\/logo\/image\/\",\"url\":\"https:\/\/www.ivanabeaumond.com.br\/vestidos-noiva\/wp-content\/uploads\/2018\/02\/logo_ivana_beaumond-2.png\",\"contentUrl\":\"https:\/\/www.ivanabeaumond.com.br\/vestidos-noiva\/wp-content\/uploads\/2018\/02\/logo_ivana_beaumond-2.png\",\"width\":230,\"height\":112,\"caption\":\"Vestido de Noiva RJ\"},\"image\":{\"@id\":\"https:\/\/www.ivanabeaumond.com.br\/vestidos-noiva\/#\/schema\/logo\/image\/\"},\"sameAs\":[\"https:\/\/www.facebook.com\/ivana.beaumondnoivas\",\"https:\/\/www.instagram.com\/ivanabeaumond\/\",\"https:\/\/www.tiktok.com\/@ivanabeaumond\"]},{\"@type\":\"Person\",\"@id\":\"https:\/\/www.ivanabeaumond.com.br\/vestidos-noiva\/#\/schema\/person\/1a360c4cffa3b806d29a456389dcff26\",\"name\":\"Ivana Beaumond Paris\",\"image\":{\"@type\":\"ImageObject\",\"inLanguage\":\"pt-BR\",\"@id\":\"https:\/\/www.ivanabeaumond.com.br\/vestidos-noiva\/#\/schema\/person\/image\/\",\"url\":\"https:\/\/secure.gravatar.com\/avatar\/641f98db20b53ec937ceb641db4270b9?s=96&d=mm&r=g\",\"contentUrl\":\"https:\/\/secure.gravatar.com\/avatar\/641f98db20b53ec937ceb641db4270b9?s=96&d=mm&r=g\",\"caption\":\"Ivana Beaumond Paris\"},\"url\":\"https:\/\/www.ivanabeaumond.com.br\/vestidos-noiva\/author\/ivana\/\"}]}<\/script>\n<!-- \/ Yoast SEO plugin. -->","yoast_head_json":{"title":"Dicas de Ternos para Noivos e Padrinhos para Casamentos de dia - Vestido de Noiva RJ","robots":{"index":"index","follow":"follow","max-snippet":"max-snippet:-1","max-image-preview":"max-image-preview:large","max-video-preview":"max-video-preview:-1"},"canonical":"https:\/\/www.ivanabeaumond.com.br\/vestidos-noiva\/dicas-de-ternos-para-noivos-e-padrinhos-para-casamentos-de-dia\/","og_locale":"pt_BR","og_type":"article","og_title":"Dicas de Ternos para Noivos e Padrinhos para Casamentos de dia - Vestido de Noiva RJ","og_description":"J\u00e1 se foram os dias de usar os ternos escuros...","og_url":"https:\/\/www.ivanabeaumond.com.br\/vestidos-noiva\/dicas-de-ternos-para-noivos-e-padrinhos-para-casamentos-de-dia\/","og_site_name":"Vestido de Noiva RJ","article_publisher":"https:\/\/www.facebook.com\/ivana.beaumondnoivas","article_published_time":"2019-05-31T17:55:48+00:00","article_modified_time":"2019-05-31T18:06:46+00:00","og_image":[{"width":600,"height":360,"url":"https:\/\/www.ivanabeaumond.com.br\/vestidos-noiva\/wp-content\/uploads\/2019\/05\/traje-masculino-terno-azul-claro-noivos-ivana-beaumond-atelier-e1559322754281.jpg","type":"image\/jpeg"}],"author":"Ivana Beaumond Paris","twitter_card":"summary_large_image","twitter_misc":{"Escrito por":"Ivana Beaumond Paris","Est. tempo de leitura":"2 minutos"},"schema":{"@context":"https:\/\/schema.org","@graph":[{"@type":"Article","@id":"https:\/\/www.ivanabeaumond.com.br\/vestidos-noiva\/dicas-de-ternos-para-noivos-e-padrinhos-para-casamentos-de-dia\/#article","isPartOf":{"@id":"https:\/\/www.ivanabeaumond.com.br\/vestidos-noiva\/dicas-de-ternos-para-noivos-e-padrinhos-para-casamentos-de-dia\/"},"author":{"name":"Ivana Beaumond Paris","@id":"https:\/\/www.ivanabeaumond.com.br\/vestidos-noiva\/#\/schema\/person\/1a360c4cffa3b806d29a456389dcff26"},"headline":"Dicas de Ternos para Noivos e Padrinhos para Casamentos de dia","datePublished":"2019-05-31T17:55:48+00:00","dateModified":"2019-05-31T18:06:46+00:00","mainEntityOfPage":{"@id":"https:\/\/www.ivanabeaumond.com.br\/vestidos-noiva\/dicas-de-ternos-para-noivos-e-padrinhos-para-casamentos-de-dia\/"},"wordCount":421,"publisher":{"@id":"https:\/\/www.ivanabeaumond.com.br\/vestidos-noiva\/#organization"},"keywords":["aluguel de roupas","ateier","atelier ivana beaumond","atelier ivana beaumond paris","atelierivanabeaumond","casamento","casamento ao ar livre","casamento blindado","casamento de dia","casamento na praia","casamento no ver\u00e3o","colete","destination wedding","dica","dicas","dicas de noiva","dicas para noivos","estilos de noiva","festas","ivana beaumond","noiva e noivo","noivas","noivinha","padrinhos","smoking","terno","traje de noivo","tuxedo","vestido de festa","vestido de noiva"],"articleSection":["Blog","Dicas e Truques"],"inLanguage":"pt-BR"},{"@type":"WebPage","@id":"https:\/\/www.ivanabeaumond.com.br\/vestidos-noiva\/dicas-de-ternos-para-noivos-e-padrinhos-para-casamentos-de-dia\/","url":"https:\/\/www.ivanabeaumond.com.br\/vestidos-noiva\/dicas-de-ternos-para-noivos-e-padrinhos-para-casamentos-de-dia\/","name":"Dicas de Ternos para Noivos e Padrinhos para Casamentos de dia - Vestido de Noiva RJ","isPartOf":{"@id":"https:\/\/www.ivanabeaumond.com.br\/vestidos-noiva\/#website"},"datePublished":"2019-05-31T17:55:48+00:00","dateModified":"2019-05-31T18:06:46+00:00","breadcrumb":{"@id":"https:\/\/www.ivanabeaumond.com.br\/vestidos-noiva\/dicas-de-ternos-para-noivos-e-padrinhos-para-casamentos-de-dia\/#breadcrumb"},"inLanguage":"pt-BR","potentialAction":[{"@type":"ReadAction","target":["https:\/\/www.ivanabeaumond.com.br\/vestidos-noiva\/dicas-de-ternos-para-noivos-e-padrinhos-para-casamentos-de-dia\/"]}]},{"@type":"BreadcrumbList","@id":"https:\/\/www.ivanabeaumond.com.br\/vestidos-noiva\/dicas-de-ternos-para-noivos-e-padrinhos-para-casamentos-de-dia\/#breadcrumb","itemListElement":[{"@type":"ListItem","position":1,"name":"In\u00edcio","item":"https:\/\/www.ivanabeaumond.com.br\/vestidos-noiva\/"},{"@type":"ListItem","position":2,"name":"Dicas de Ternos para Noivos e Padrinhos para Casamentos de dia"}]},{"@type":"WebSite","@id":"https:\/\/www.ivanabeaumond.com.br\/vestidos-noiva\/#website","url":"https:\/\/www.ivanabeaumond.com.br\/vestidos-noiva\/","name":"Vestido de Noiva RJ","description":"Moda Noiva","publisher":{"@id":"https:\/\/www.ivanabeaumond.com.br\/vestidos-noiva\/#organization"},"potentialAction":[{"@type":"SearchAction","target":{"@type":"EntryPoint","urlTemplate":"https:\/\/www.ivanabeaumond.com.br\/vestidos-noiva\/?s={search_term_string}"},"query-input":"required name=search_term_string"}],"inLanguage":"pt-BR"},{"@type":"Organization","@id":"https:\/\/www.ivanabeaumond.com.br\/vestidos-noiva\/#organization","name":"Vestido de Noiva RJ","url":"https:\/\/www.ivanabeaumond.com.br\/vestidos-noiva\/","logo":{"@type":"ImageObject","inLanguage":"pt-BR","@id":"https:\/\/www.ivanabeaumond.com.br\/vestidos-noiva\/#\/schema\/logo\/image\/","url":"https:\/\/www.ivanabeaumond.com.br\/vestidos-noiva\/wp-content\/uploads\/2018\/02\/logo_ivana_beaumond-2.png","contentUrl":"https:\/\/www.ivanabeaumond.com.br\/vestidos-noiva\/wp-content\/uploads\/2018\/02\/logo_ivana_beaumond-2.png","width":230,"height":112,"caption":"Vestido de Noiva RJ"},"image":{"@id":"https:\/\/www.ivanabeaumond.com.br\/vestidos-noiva\/#\/schema\/logo\/image\/"},"sameAs":["https:\/\/www.facebook.com\/ivana.beaumondnoivas","https:\/\/www.instagram.com\/ivanabeaumond\/","https:\/\/www.tiktok.com\/@ivanabeaumond"]},{"@type":"Person","@id":"https:\/\/www.ivanabeaumond.com.br\/vestidos-noiva\/#\/schema\/person\/1a360c4cffa3b806d29a456389dcff26","name":"Ivana Beaumond Paris","image":{"@type":"ImageObject","inLanguage":"pt-BR","@id":"https:\/\/www.ivanabeaumond.com.br\/vestidos-noiva\/#\/schema\/person\/image\/","url":"https:\/\/secure.gravatar.com\/avatar\/641f98db20b53ec937ceb641db4270b9?s=96&d=mm&r=g","contentUrl":"https:\/\/secure.gravatar.com\/avatar\/641f98db20b53ec937ceb641db4270b9?s=96&d=mm&r=g","caption":"Ivana Beaumond Paris"},"url":"https:\/\/www.ivanabeaumond.com.br\/vestidos-noiva\/author\/ivana\/"}]}},"_links":{"self":[{"href":"https:\/\/www.ivanabeaumond.com.br\/vestidos-noiva\/wp-json\/wp\/v2\/posts\/18606"}],"collection":[{"href":"https:\/\/www.ivanabeaumond.com.br\/vestidos-noiva\/wp-json\/wp\/v2\/posts"}],"about":[{"href":"https:\/\/www.ivanabeaumond.com.br\/vestidos-noiva\/wp-json\/wp\/v2\/types\/post"}],"author":[{"embeddable":true,"href":"https:\/\/www.ivanabeaumond.com.br\/vestidos-noiva\/wp-json\/wp\/v2\/users\/4"}],"replies":[{"embeddable":true,"href":"https:\/\/www.ivanabeaumond.com.br\/vestidos-noiva\/wp-json\/wp\/v2\/comments?post=18606"}],"version-history":[{"count":7,"href":"https:\/\/www.ivanabeaumond.com.br\/vestidos-noiva\/wp-json\/wp\/v2\/posts\/18606\/revisions"}],"predecessor-version":[{"id":18620,"href":"https:\/\/www.ivanabeaumond.com.br\/vestidos-noiva\/wp-json\/wp\/v2\/posts\/18606\/revisions\/18620"}],"wp:featuredmedia":[{"embeddable":true,"href":"https:\/\/www.ivanabeaumond.com.br\/vestidos-noiva\/wp-json\/wp\/v2\/media\/18608"}],"wp:attachment":[{"href":"https:\/\/www.ivanabeaumond.com.br\/vestidos-noiva\/wp-json\/wp\/v2\/media?parent=18606"}],"wp:term":[{"taxonomy":"category","embeddable":true,"href":"https:\/\/www.ivanabeaumond.com.br\/vestidos-noiva\/wp-json\/wp\/v2\/categories?post=18606"},{"taxonomy":"post_tag","embeddable":true,"href":"https:\/\/www.ivanabeaumond.com.br\/vestidos-noiva\/wp-json\/wp\/v2\/tags?post=18606"}],"curies":[{"name":"wp","href":"https:\/\/api.w.org\/{rel}","templated":true}]}}