{"id":18897,"date":"2019-06-29T13:23:12","date_gmt":"2019-06-29T16:23:12","guid":{"rendered":"https:\/\/www.ivanabeaumond.com.br\/vestidos-noiva\/?p=18897"},"modified":"2019-07-01T13:25:24","modified_gmt":"2019-07-01T16:25:24","slug":"gravacoes-da-novela-a-dona-do-pedaco-no-atelier-ivana-beaumond","status":"publish","type":"post","link":"https:\/\/www.ivanabeaumond.com.br\/vestidos-noiva\/gravacoes-da-novela-a-dona-do-pedaco-no-atelier-ivana-beaumond\/","title":{"rendered":"Grava\u00e7\u00f5es da Novela A Dona do Peda\u00e7o no Atelier Ivana Beaumond"},"content":{"rendered":"<h4 style=\"text-align: justify;\"><span style=\"color: #999999;\">Este s\u00e1bado foi ao ar\u00a0o cap\u00edtulo 36 da novela\u00a0A Dona do Peda\u00e7o, mais um sucesso da Rede Globo. As grava\u00e7\u00f5es aconteceram no Atelier Ivana Beaumond Paris, e tivemos a honra de receber por aqui a atriz Juliana Paes, o ator Ary Fontoura e as atrizes Nivea Maria e Suely Franco, al\u00e9m da equipe de grava\u00e7\u00f5es da Rede Globo sempre muito profissional e talentosa.\u00a0A cena pode ser assistida atrav\u00e9s\u00a0\u00a0<span style=\"color: #333399;\"><a style=\"color: #333399;\" href=\"https:\/\/globoplay.globo.com\/v\/7730138\/programa\/\" target=\"_blank\">deste link<\/a><\/span>!<\/span><\/h4>\n<p>&nbsp;<\/p>\n<p>&nbsp;<\/p>\n<p>&nbsp;<\/p>\n<h4 style=\"text-align: justify;\"><span style=\"color: #999999;\">\u00a0Confira algumas fotos das grava\u00e7\u00f5es a seguir:<\/span><\/h4>\n<p>&nbsp;<\/p>\n<p>&nbsp;<\/p>\n<p>&nbsp;<\/p>\n<p>&nbsp;<\/p>\n<p><img decoding=\"async\" loading=\"lazy\" class=\"aligncenter size-full wp-image-19028\" src=\"https:\/\/www.ivanabeaumond.com.br\/vestidos-noiva\/wp-content\/uploads\/2019\/07\/novela-globo-a-dona-do-peda\u00e7o-cap\u00edtulo-grava\u00e7\u00e3o-atelier-ivana-beaumond-paris-juliana-paes-ari-fontoura-4-e1561995394625.jpg\" alt=\"novela globo a dona do peda\u00e7o cap\u00edtulo grava\u00e7\u00e3o atelier ivana beaumond paris juliana paes ari fontoura (4)\" width=\"500\" height=\"701\" \/><\/p>\n<p><img decoding=\"async\" loading=\"lazy\" class=\"aligncenter size-full wp-image-19025\" src=\"https:\/\/www.ivanabeaumond.com.br\/vestidos-noiva\/wp-content\/uploads\/2019\/07\/novela-globo-a-dona-do-peda\u00e7o-cap\u00edtulo-grava\u00e7\u00e3o-atelier-ivana-beaumond-paris-juliana-paes-ari-fontoura-1-e1561996453545.jpg\" alt=\"novela globo a dona do peda\u00e7o cap\u00edtulo grava\u00e7\u00e3o atelier ivana beaumond paris juliana paes ari fontoura (1)\" width=\"500\" height=\"788\" \/><\/p>\n<p><a href=\"https:\/\/www.ivanabeaumond.com.br\/vestidos-noiva\/wp-content\/uploads\/2019\/07\/novela-globo-a-dona-do-peda\u00e7o-cap\u00edtulo-grava\u00e7\u00e3o-atelier-ivana-beaumond-paris-juliana-paes-ari-fontoura-2-e1561996578518.jpg\"><img decoding=\"async\" loading=\"lazy\" class=\"aligncenter size-full wp-image-19026\" src=\"https:\/\/www.ivanabeaumond.com.br\/vestidos-noiva\/wp-content\/uploads\/2019\/07\/novela-globo-a-dona-do-peda\u00e7o-cap\u00edtulo-grava\u00e7\u00e3o-atelier-ivana-beaumond-paris-juliana-paes-ari-fontoura-2-e1561996578518.jpg\" alt=\"novela globo a dona do peda\u00e7o cap\u00edtulo grava\u00e7\u00e3o atelier ivana beaumond paris juliana paes ari fontoura (2)\" width=\"500\" height=\"646\" \/><\/a><\/p>\n<p>&nbsp;<\/p>\n<p>&nbsp;<\/p>\n<p>&nbsp;<\/p>\n<p>&nbsp;<\/p>\n<p>&nbsp;<\/p>\n<h4 style=\"text-align: justify;\"><strong><span style=\"color: #999999;\">Gostou? Siga nosso instagram<\/span>\u00a0<\/strong><a href=\"https:\/\/www.instagram.com\/ivanabeaumond\/\"><strong>@ivanabeaumond<\/strong><\/a><strong>\u00a0<span style=\"color: #999999;\">e curta nossa fanpage<\/span>\u00a0<\/strong><a href=\"https:\/\/www.facebook.com\/IvanaBeaumond\/\"><strong>Ivana Beaumond<\/strong><\/a><strong>\u00a0<span style=\"color: #999999;\">para ficar por dentro de tudo o que rola no mundo das noivas, e conhe\u00e7a nossos Melhores Modelos de Vestidos de Noivas Nacionais, Importados e Sob Medida.<\/span><\/strong><\/h4>\n","protected":false},"excerpt":{"rendered":"<p>Este s\u00e1bado foi ao ar\u00a0o cap\u00edtulo 36 da novela\u00a0A Dona&#8230;<\/p>\n","protected":false},"author":4,"featured_media":19030,"comment_status":"closed","ping_status":"closed","sticky":false,"template":"","format":"standard","meta":[],"categories":[60,128],"tags":[821,905,896,907,906,650,215,133,901,823,893,286,278,898,897,903,902,900,904,895,881,894,207,822,163,199,899,206,158,143,138,115,210],"yoast_head":"<!-- This site is optimized with the Yoast SEO plugin v20.3 - https:\/\/yoast.com\/wordpress\/plugins\/seo\/ -->\n<title>Grava\u00e7\u00f5es da Novela A Dona do Peda\u00e7o no Atelier Ivana Beaumond - Vestido de Noiva RJ<\/title>\n<meta name=\"robots\" content=\"index, follow, max-snippet:-1, max-image-preview:large, max-video-preview:-1\" \/>\n<link rel=\"canonical\" href=\"https:\/\/www.ivanabeaumond.com.br\/vestidos-noiva\/gravacoes-da-novela-a-dona-do-pedaco-no-atelier-ivana-beaumond\/\" \/>\n<meta property=\"og:locale\" content=\"pt_BR\" \/>\n<meta property=\"og:type\" content=\"article\" \/>\n<meta property=\"og:title\" content=\"Grava\u00e7\u00f5es da Novela A Dona do Peda\u00e7o no Atelier Ivana Beaumond - Vestido de Noiva RJ\" \/>\n<meta property=\"og:description\" content=\"Este s\u00e1bado foi ao ar\u00a0o cap\u00edtulo 36 da novela\u00a0A Dona...\" \/>\n<meta property=\"og:url\" content=\"https:\/\/www.ivanabeaumond.com.br\/vestidos-noiva\/gravacoes-da-novela-a-dona-do-pedaco-no-atelier-ivana-beaumond\/\" \/>\n<meta property=\"og:site_name\" content=\"Vestido de Noiva RJ\" \/>\n<meta property=\"article:publisher\" content=\"https:\/\/www.facebook.com\/ivana.beaumondnoivas\" \/>\n<meta property=\"article:published_time\" content=\"2019-06-29T16:23:12+00:00\" \/>\n<meta property=\"article:modified_time\" content=\"2019-07-01T16:25:24+00:00\" \/>\n<meta property=\"og:image\" content=\"https:\/\/www.ivanabeaumond.com.br\/vestidos-noiva\/wp-content\/uploads\/2019\/07\/A-DONA-DO-PEDA\u00c7O-e1561997801923.jpg\" \/>\n\t<meta property=\"og:image:width\" content=\"600\" \/>\n\t<meta property=\"og:image:height\" content=\"460\" \/>\n\t<meta property=\"og:image:type\" content=\"image\/jpeg\" \/>\n<meta name=\"author\" content=\"Ivana Beaumond Paris\" \/>\n<meta name=\"twitter:card\" content=\"summary_large_image\" \/>\n<meta name=\"twitter:label1\" content=\"Escrito por\" \/>\n\t<meta name=\"twitter:data1\" content=\"Ivana Beaumond Paris\" \/>\n\t<meta name=\"twitter:label2\" content=\"Est. tempo de leitura\" \/>\n\t<meta name=\"twitter:data2\" content=\"1 minuto\" \/>\n<script type=\"application\/ld+json\" class=\"yoast-schema-graph\">{\"@context\":\"https:\/\/schema.org\",\"@graph\":[{\"@type\":\"Article\",\"@id\":\"https:\/\/www.ivanabeaumond.com.br\/vestidos-noiva\/gravacoes-da-novela-a-dona-do-pedaco-no-atelier-ivana-beaumond\/#article\",\"isPartOf\":{\"@id\":\"https:\/\/www.ivanabeaumond.com.br\/vestidos-noiva\/gravacoes-da-novela-a-dona-do-pedaco-no-atelier-ivana-beaumond\/\"},\"author\":{\"name\":\"Ivana Beaumond Paris\",\"@id\":\"https:\/\/www.ivanabeaumond.com.br\/vestidos-noiva\/#\/schema\/person\/1a360c4cffa3b806d29a456389dcff26\"},\"headline\":\"Grava\u00e7\u00f5es da Novela A Dona do Peda\u00e7o no Atelier Ivana Beaumond\",\"datePublished\":\"2019-06-29T16:23:12+00:00\",\"dateModified\":\"2019-07-01T16:25:24+00:00\",\"mainEntityOfPage\":{\"@id\":\"https:\/\/www.ivanabeaumond.com.br\/vestidos-noiva\/gravacoes-da-novela-a-dona-do-pedaco-no-atelier-ivana-beaumond\/\"},\"wordCount\":151,\"publisher\":{\"@id\":\"https:\/\/www.ivanabeaumond.com.br\/vestidos-noiva\/#organization\"},\"keywords\":[\"a dona do peda\u00e7o\",\"antero\",\"ary fontoura\",\"assistir cap\u00edtulo\",\"asssitir novela\",\"atelier ivana beaumond\",\"Atelierdenoiva\",\"atelierivanabeaumond\",\"bastidores\",\"globo\",\"grava\u00e7\u00e3o\",\"ivana beaumond\",\"ivana beaumond paris\",\"ju paes\",\"juliana paes\",\"loja de noivas\",\"loja de roupas\",\"making off\",\"maria da paz\",\"nivea maria\",\"novela\",\"novela a dona do peda\u00e7o\",\"paris\",\"rede globo\",\"sob medida\",\"sobmedidanoiva\",\"suely franco\",\"tijuca\",\"traje de noivo\",\"vestido de debutante\",\"vestido de festa\",\"vestido de noiva\",\"weddingdress\"],\"articleSection\":[\"Blog\",\"Na M\u00eddia\"],\"inLanguage\":\"pt-BR\"},{\"@type\":\"WebPage\",\"@id\":\"https:\/\/www.ivanabeaumond.com.br\/vestidos-noiva\/gravacoes-da-novela-a-dona-do-pedaco-no-atelier-ivana-beaumond\/\",\"url\":\"https:\/\/www.ivanabeaumond.com.br\/vestidos-noiva\/gravacoes-da-novela-a-dona-do-pedaco-no-atelier-ivana-beaumond\/\",\"name\":\"Grava\u00e7\u00f5es da Novela A Dona do Peda\u00e7o no Atelier Ivana Beaumond - Vestido de Noiva RJ\",\"isPartOf\":{\"@id\":\"https:\/\/www.ivanabeaumond.com.br\/vestidos-noiva\/#website\"},\"datePublished\":\"2019-06-29T16:23:12+00:00\",\"dateModified\":\"2019-07-01T16:25:24+00:00\",\"breadcrumb\":{\"@id\":\"https:\/\/www.ivanabeaumond.com.br\/vestidos-noiva\/gravacoes-da-novela-a-dona-do-pedaco-no-atelier-ivana-beaumond\/#breadcrumb\"},\"inLanguage\":\"pt-BR\",\"potentialAction\":[{\"@type\":\"ReadAction\",\"target\":[\"https:\/\/www.ivanabeaumond.com.br\/vestidos-noiva\/gravacoes-da-novela-a-dona-do-pedaco-no-atelier-ivana-beaumond\/\"]}]},{\"@type\":\"BreadcrumbList\",\"@id\":\"https:\/\/www.ivanabeaumond.com.br\/vestidos-noiva\/gravacoes-da-novela-a-dona-do-pedaco-no-atelier-ivana-beaumond\/#breadcrumb\",\"itemListElement\":[{\"@type\":\"ListItem\",\"position\":1,\"name\":\"In\u00edcio\",\"item\":\"https:\/\/www.ivanabeaumond.com.br\/vestidos-noiva\/\"},{\"@type\":\"ListItem\",\"position\":2,\"name\":\"Grava\u00e7\u00f5es da Novela A Dona do Peda\u00e7o no Atelier Ivana Beaumond\"}]},{\"@type\":\"WebSite\",\"@id\":\"https:\/\/www.ivanabeaumond.com.br\/vestidos-noiva\/#website\",\"url\":\"https:\/\/www.ivanabeaumond.com.br\/vestidos-noiva\/\",\"name\":\"Vestido de Noiva RJ\",\"description\":\"Moda Noiva\",\"publisher\":{\"@id\":\"https:\/\/www.ivanabeaumond.com.br\/vestidos-noiva\/#organization\"},\"potentialAction\":[{\"@type\":\"SearchAction\",\"target\":{\"@type\":\"EntryPoint\",\"urlTemplate\":\"https:\/\/www.ivanabeaumond.com.br\/vestidos-noiva\/?s={search_term_string}\"},\"query-input\":\"required name=search_term_string\"}],\"inLanguage\":\"pt-BR\"},{\"@type\":\"Organization\",\"@id\":\"https:\/\/www.ivanabeaumond.com.br\/vestidos-noiva\/#organization\",\"name\":\"Vestido de Noiva RJ\",\"url\":\"https:\/\/www.ivanabeaumond.com.br\/vestidos-noiva\/\",\"logo\":{\"@type\":\"ImageObject\",\"inLanguage\":\"pt-BR\",\"@id\":\"https:\/\/www.ivanabeaumond.com.br\/vestidos-noiva\/#\/schema\/logo\/image\/\",\"url\":\"https:\/\/www.ivanabeaumond.com.br\/vestidos-noiva\/wp-content\/uploads\/2018\/02\/logo_ivana_beaumond-2.png\",\"contentUrl\":\"https:\/\/www.ivanabeaumond.com.br\/vestidos-noiva\/wp-content\/uploads\/2018\/02\/logo_ivana_beaumond-2.png\",\"width\":230,\"height\":112,\"caption\":\"Vestido de Noiva RJ\"},\"image\":{\"@id\":\"https:\/\/www.ivanabeaumond.com.br\/vestidos-noiva\/#\/schema\/logo\/image\/\"},\"sameAs\":[\"https:\/\/www.facebook.com\/ivana.beaumondnoivas\",\"https:\/\/www.instagram.com\/ivanabeaumond\/\",\"https:\/\/www.tiktok.com\/@ivanabeaumond\"]},{\"@type\":\"Person\",\"@id\":\"https:\/\/www.ivanabeaumond.com.br\/vestidos-noiva\/#\/schema\/person\/1a360c4cffa3b806d29a456389dcff26\",\"name\":\"Ivana Beaumond Paris\",\"image\":{\"@type\":\"ImageObject\",\"inLanguage\":\"pt-BR\",\"@id\":\"https:\/\/www.ivanabeaumond.com.br\/vestidos-noiva\/#\/schema\/person\/image\/\",\"url\":\"https:\/\/secure.gravatar.com\/avatar\/641f98db20b53ec937ceb641db4270b9?s=96&d=mm&r=g\",\"contentUrl\":\"https:\/\/secure.gravatar.com\/avatar\/641f98db20b53ec937ceb641db4270b9?s=96&d=mm&r=g\",\"caption\":\"Ivana Beaumond Paris\"},\"url\":\"https:\/\/www.ivanabeaumond.com.br\/vestidos-noiva\/author\/ivana\/\"}]}<\/script>\n<!-- \/ Yoast SEO plugin. -->","yoast_head_json":{"title":"Grava\u00e7\u00f5es da Novela A Dona do Peda\u00e7o no Atelier Ivana Beaumond - Vestido de Noiva RJ","robots":{"index":"index","follow":"follow","max-snippet":"max-snippet:-1","max-image-preview":"max-image-preview:large","max-video-preview":"max-video-preview:-1"},"canonical":"https:\/\/www.ivanabeaumond.com.br\/vestidos-noiva\/gravacoes-da-novela-a-dona-do-pedaco-no-atelier-ivana-beaumond\/","og_locale":"pt_BR","og_type":"article","og_title":"Grava\u00e7\u00f5es da Novela A Dona do Peda\u00e7o no Atelier Ivana Beaumond - Vestido de Noiva RJ","og_description":"Este s\u00e1bado foi ao ar\u00a0o cap\u00edtulo 36 da novela\u00a0A Dona...","og_url":"https:\/\/www.ivanabeaumond.com.br\/vestidos-noiva\/gravacoes-da-novela-a-dona-do-pedaco-no-atelier-ivana-beaumond\/","og_site_name":"Vestido de Noiva RJ","article_publisher":"https:\/\/www.facebook.com\/ivana.beaumondnoivas","article_published_time":"2019-06-29T16:23:12+00:00","article_modified_time":"2019-07-01T16:25:24+00:00","og_image":[{"width":600,"height":460,"url":"https:\/\/www.ivanabeaumond.com.br\/vestidos-noiva\/wp-content\/uploads\/2019\/07\/A-DONA-DO-PEDA\u00c7O-e1561997801923.jpg","type":"image\/jpeg"}],"author":"Ivana Beaumond Paris","twitter_card":"summary_large_image","twitter_misc":{"Escrito por":"Ivana Beaumond Paris","Est. tempo de leitura":"1 minuto"},"schema":{"@context":"https:\/\/schema.org","@graph":[{"@type":"Article","@id":"https:\/\/www.ivanabeaumond.com.br\/vestidos-noiva\/gravacoes-da-novela-a-dona-do-pedaco-no-atelier-ivana-beaumond\/#article","isPartOf":{"@id":"https:\/\/www.ivanabeaumond.com.br\/vestidos-noiva\/gravacoes-da-novela-a-dona-do-pedaco-no-atelier-ivana-beaumond\/"},"author":{"name":"Ivana Beaumond Paris","@id":"https:\/\/www.ivanabeaumond.com.br\/vestidos-noiva\/#\/schema\/person\/1a360c4cffa3b806d29a456389dcff26"},"headline":"Grava\u00e7\u00f5es da Novela A Dona do Peda\u00e7o no Atelier Ivana Beaumond","datePublished":"2019-06-29T16:23:12+00:00","dateModified":"2019-07-01T16:25:24+00:00","mainEntityOfPage":{"@id":"https:\/\/www.ivanabeaumond.com.br\/vestidos-noiva\/gravacoes-da-novela-a-dona-do-pedaco-no-atelier-ivana-beaumond\/"},"wordCount":151,"publisher":{"@id":"https:\/\/www.ivanabeaumond.com.br\/vestidos-noiva\/#organization"},"keywords":["a dona do peda\u00e7o","antero","ary fontoura","assistir cap\u00edtulo","asssitir novela","atelier ivana beaumond","Atelierdenoiva","atelierivanabeaumond","bastidores","globo","grava\u00e7\u00e3o","ivana beaumond","ivana beaumond paris","ju paes","juliana paes","loja de noivas","loja de roupas","making off","maria da paz","nivea maria","novela","novela a dona do peda\u00e7o","paris","rede globo","sob medida","sobmedidanoiva","suely franco","tijuca","traje de noivo","vestido de debutante","vestido de festa","vestido de noiva","weddingdress"],"articleSection":["Blog","Na M\u00eddia"],"inLanguage":"pt-BR"},{"@type":"WebPage","@id":"https:\/\/www.ivanabeaumond.com.br\/vestidos-noiva\/gravacoes-da-novela-a-dona-do-pedaco-no-atelier-ivana-beaumond\/","url":"https:\/\/www.ivanabeaumond.com.br\/vestidos-noiva\/gravacoes-da-novela-a-dona-do-pedaco-no-atelier-ivana-beaumond\/","name":"Grava\u00e7\u00f5es da Novela A Dona do Peda\u00e7o no Atelier Ivana Beaumond - Vestido de Noiva RJ","isPartOf":{"@id":"https:\/\/www.ivanabeaumond.com.br\/vestidos-noiva\/#website"},"datePublished":"2019-06-29T16:23:12+00:00","dateModified":"2019-07-01T16:25:24+00:00","breadcrumb":{"@id":"https:\/\/www.ivanabeaumond.com.br\/vestidos-noiva\/gravacoes-da-novela-a-dona-do-pedaco-no-atelier-ivana-beaumond\/#breadcrumb"},"inLanguage":"pt-BR","potentialAction":[{"@type":"ReadAction","target":["https:\/\/www.ivanabeaumond.com.br\/vestidos-noiva\/gravacoes-da-novela-a-dona-do-pedaco-no-atelier-ivana-beaumond\/"]}]},{"@type":"BreadcrumbList","@id":"https:\/\/www.ivanabeaumond.com.br\/vestidos-noiva\/gravacoes-da-novela-a-dona-do-pedaco-no-atelier-ivana-beaumond\/#breadcrumb","itemListElement":[{"@type":"ListItem","position":1,"name":"In\u00edcio","item":"https:\/\/www.ivanabeaumond.com.br\/vestidos-noiva\/"},{"@type":"ListItem","position":2,"name":"Grava\u00e7\u00f5es da Novela A Dona do Peda\u00e7o no Atelier Ivana Beaumond"}]},{"@type":"WebSite","@id":"https:\/\/www.ivanabeaumond.com.br\/vestidos-noiva\/#website","url":"https:\/\/www.ivanabeaumond.com.br\/vestidos-noiva\/","name":"Vestido de Noiva RJ","description":"Moda Noiva","publisher":{"@id":"https:\/\/www.ivanabeaumond.com.br\/vestidos-noiva\/#organization"},"potentialAction":[{"@type":"SearchAction","target":{"@type":"EntryPoint","urlTemplate":"https:\/\/www.ivanabeaumond.com.br\/vestidos-noiva\/?s={search_term_string}"},"query-input":"required name=search_term_string"}],"inLanguage":"pt-BR"},{"@type":"Organization","@id":"https:\/\/www.ivanabeaumond.com.br\/vestidos-noiva\/#organization","name":"Vestido de Noiva RJ","url":"https:\/\/www.ivanabeaumond.com.br\/vestidos-noiva\/","logo":{"@type":"ImageObject","inLanguage":"pt-BR","@id":"https:\/\/www.ivanabeaumond.com.br\/vestidos-noiva\/#\/schema\/logo\/image\/","url":"https:\/\/www.ivanabeaumond.com.br\/vestidos-noiva\/wp-content\/uploads\/2018\/02\/logo_ivana_beaumond-2.png","contentUrl":"https:\/\/www.ivanabeaumond.com.br\/vestidos-noiva\/wp-content\/uploads\/2018\/02\/logo_ivana_beaumond-2.png","width":230,"height":112,"caption":"Vestido de Noiva RJ"},"image":{"@id":"https:\/\/www.ivanabeaumond.com.br\/vestidos-noiva\/#\/schema\/logo\/image\/"},"sameAs":["https:\/\/www.facebook.com\/ivana.beaumondnoivas","https:\/\/www.instagram.com\/ivanabeaumond\/","https:\/\/www.tiktok.com\/@ivanabeaumond"]},{"@type":"Person","@id":"https:\/\/www.ivanabeaumond.com.br\/vestidos-noiva\/#\/schema\/person\/1a360c4cffa3b806d29a456389dcff26","name":"Ivana Beaumond Paris","image":{"@type":"ImageObject","inLanguage":"pt-BR","@id":"https:\/\/www.ivanabeaumond.com.br\/vestidos-noiva\/#\/schema\/person\/image\/","url":"https:\/\/secure.gravatar.com\/avatar\/641f98db20b53ec937ceb641db4270b9?s=96&d=mm&r=g","contentUrl":"https:\/\/secure.gravatar.com\/avatar\/641f98db20b53ec937ceb641db4270b9?s=96&d=mm&r=g","caption":"Ivana Beaumond Paris"},"url":"https:\/\/www.ivanabeaumond.com.br\/vestidos-noiva\/author\/ivana\/"}]}},"_links":{"self":[{"href":"https:\/\/www.ivanabeaumond.com.br\/vestidos-noiva\/wp-json\/wp\/v2\/posts\/18897"}],"collection":[{"href":"https:\/\/www.ivanabeaumond.com.br\/vestidos-noiva\/wp-json\/wp\/v2\/posts"}],"about":[{"href":"https:\/\/www.ivanabeaumond.com.br\/vestidos-noiva\/wp-json\/wp\/v2\/types\/post"}],"author":[{"embeddable":true,"href":"https:\/\/www.ivanabeaumond.com.br\/vestidos-noiva\/wp-json\/wp\/v2\/users\/4"}],"replies":[{"embeddable":true,"href":"https:\/\/www.ivanabeaumond.com.br\/vestidos-noiva\/wp-json\/wp\/v2\/comments?post=18897"}],"version-history":[{"count":7,"href":"https:\/\/www.ivanabeaumond.com.br\/vestidos-noiva\/wp-json\/wp\/v2\/posts\/18897\/revisions"}],"predecessor-version":[{"id":19034,"href":"https:\/\/www.ivanabeaumond.com.br\/vestidos-noiva\/wp-json\/wp\/v2\/posts\/18897\/revisions\/19034"}],"wp:featuredmedia":[{"embeddable":true,"href":"https:\/\/www.ivanabeaumond.com.br\/vestidos-noiva\/wp-json\/wp\/v2\/media\/19030"}],"wp:attachment":[{"href":"https:\/\/www.ivanabeaumond.com.br\/vestidos-noiva\/wp-json\/wp\/v2\/media?parent=18897"}],"wp:term":[{"taxonomy":"category","embeddable":true,"href":"https:\/\/www.ivanabeaumond.com.br\/vestidos-noiva\/wp-json\/wp\/v2\/categories?post=18897"},{"taxonomy":"post_tag","embeddable":true,"href":"https:\/\/www.ivanabeaumond.com.br\/vestidos-noiva\/wp-json\/wp\/v2\/tags?post=18897"}],"curies":[{"name":"wp","href":"https:\/\/api.w.org\/{rel}","templated":true}]}}