{"id":18945,"date":"2019-06-28T16:31:16","date_gmt":"2019-06-28T19:31:16","guid":{"rendered":"https:\/\/www.ivanabeaumond.com.br\/vestidos-noiva\/?p=18945"},"modified":"2020-08-19T17:00:39","modified_gmt":"2020-08-19T20:00:39","slug":"15-anos-da-duda-nicolle","status":"publish","type":"post","link":"https:\/\/www.ivanabeaumond.com.br\/vestidos-noiva\/15-anos-da-duda-nicolle\/","title":{"rendered":"Debutando com Eduarda Nicolle"},"content":{"rendered":"<h4 style=\"text-align: justify;\"><span style=\"color: #999999;\">\u00a0Qual \u00e9 a cor do seu sonho? O da Eduarda Nicolle \u00e9 cor-de-rosa. Nossa debutante comemorou seus 15 anos em uma festa super badalada no famoso Espa\u00e7o Zurique, e o nosso atelier ficou a cargo de vestir essa princesa para seu grande dia. Confira, a seguir, os looks que ela usou:<\/span><\/h4>\n<p><img decoding=\"async\" loading=\"lazy\" class=\"aligncenter size-full wp-image-18947\" src=\"https:\/\/www.ivanabeaumond.com.br\/vestidos-noiva\/wp-content\/uploads\/2019\/06\/eduarda-nicole-fotos-15-anos-atelier-ivana-beaumond-vestido-de-debutante-rosa-pink-preto-27-e1561669200936.jpg\" alt=\"eduarda nicole fotos 15 anos atelier ivana beaumond vestido de debutante rosa pink preto (27)\" width=\"600\" height=\"400\" \/><\/p>\n<h4 style=\"text-align: justify;\"><span style=\"color: #999999;\">\u00a0Para a valsa, a Duda escolheu esse lindo modelo princesa na cor rosa pink, com decote cora\u00e7\u00e3o e transpar\u00eancia. A saia volumosa com aplica\u00e7\u00f5es de brilho deu um efeito super bonito para o momento!<\/span><\/h4>\n<p><img decoding=\"async\" loading=\"lazy\" class=\"aligncenter size-full wp-image-18955\" src=\"https:\/\/www.ivanabeaumond.com.br\/vestidos-noiva\/wp-content\/uploads\/2019\/06\/eduarda-nicole-fotos-15-anos-atelier-ivana-beaumond-vestido-de-debutante-rosa-pink-preto-15-e1561742120626.jpg\" alt=\"eduarda nicole fotos 15 anos atelier ivana beaumond vestido de debutante rosa pink preto (15)\" width=\"600\" height=\"400\" \/><\/p>\n<h4 style=\"text-align: justify;\"><span style=\"color: #999999;\">Para a recep\u00e7\u00e3o, nossa debutante usou um modelo curtinho em um tom mais claro de rosa. O modelo contava com uma saia de tule e a parte de cima cravejada com cristais.<\/span><\/h4>\n<p><img decoding=\"async\" loading=\"lazy\" class=\"aligncenter size-full wp-image-18957\" src=\"https:\/\/www.ivanabeaumond.com.br\/vestidos-noiva\/wp-content\/uploads\/2019\/06\/eduarda-nicole-fotos-15-anos-atelier-ivana-beaumond-vestido-de-debutante-rosa-pink-preto-28-e1561743353950.jpg\" alt=\"eduarda nicole fotos 15 anos atelier ivana beaumond vestido de debutante rosa pink preto (28)\" width=\"600\" height=\"400\" \/><\/p>\n<h4 style=\"text-align: justify;\"><span style=\"color: #999999;\">Gostou? Veja mais detalhes dessa festa inesquec\u00edvel no teaser, feito por Bruno Felipe Fotografia:<\/span><\/h4>\n<div align=\"center\">\n<p><iframe loading=\"lazy\" src=\"https:\/\/player.vimeo.com\/video\/343276533\" width=\"640\" height=\"360\" frameborder=\"0\" allowfullscreen=\"allowfullscreen\"><\/iframe><\/p>\n<p><a href=\"https:\/\/vimeo.com\/343276533\">Eduarda Nicolle &#8211; A festa (Bruno Felipe Fotografia)<\/a> from <a href=\"https:\/\/vimeo.com\/bf21\">Bruno Felipe Films<\/a> on <a href=\"https:\/\/vimeo.com\">Vimeo<\/a>.<\/p>\n<\/div>\n<h4 style=\"text-align: justify;\"><span style=\"color: #999999;\">Confira as\u00a0\u00a0fotos oficiais da festa da Duda na galeria abaixo, feitas pelo fot\u00f3grafo Bruno Felipe:<\/span><\/h4>\n<style id=\"bwg-style-0\">    #bwg_container1_0 #bwg_container2_0 .bwg-container-0.bwg-standard-thumbnails {      width: 904px;              justify-content: center;        margin:0 auto !important;              background-color: rgba(255, 255, 255, 0.00);            padding-left: 4px;      padding-top: 4px;      max-width: 100%;            }        #bwg_container1_0 #bwg_container2_0 .bwg-container-0.bwg-standard-thumbnails .bwg-item {    justify-content: flex-start;      max-width: 180px;            width: 180px !important;          }    #bwg_container1_0 #bwg_container2_0 .bwg-container-0.bwg-standard-thumbnails .bwg-item a {       margin-right: 4px;       margin-bottom: 4px;    }    #bwg_container1_0 #bwg_container2_0 .bwg-container-0.bwg-standard-thumbnails .bwg-item0 {      padding: 0px;            background-color:rgba(255,255,255, 0.30);      border: 0px none #CCCCCC;      opacity: 1.00;      border-radius: 0;      box-shadow: 0px 0px 0px #888888;    }    #bwg_container1_0 #bwg_container2_0 .bwg-container-0.bwg-standard-thumbnails .bwg-item1 img {      max-height: none;      max-width: none;      padding: 0 !important;    }        @media only screen and (min-width: 480px) {      #bwg_container1_0 #bwg_container2_0 .bwg-container-0.bwg-standard-thumbnails .bwg-item0 {        transition: all 0.3s ease 0s;-webkit-transition: all 0.3s ease 0s;      }      #bwg_container1_0 #bwg_container2_0 .bwg-container-0.bwg-standard-thumbnails .bwg-item0:hover {        -ms-transform: scale(1.1);        -webkit-transform: scale(1.1);        transform: scale(1.1);      }    }          #bwg_container1_0 #bwg_container2_0 .bwg-container-0.bwg-standard-thumbnails .bwg-item1 {      padding-top: 50%;    }        #bwg_container1_0 #bwg_container2_0 .bwg-container-0.bwg-standard-thumbnails .bwg-title2,    #bwg_container1_0 #bwg_container2_0 .bwg-container-0.bwg-standard-thumbnails .bwg-ecommerce2 {      color: #CCCCCC;      font-family: segoe ui;      font-size: 16px;      font-weight: bold;      padding: 2px;      text-shadow: 0px 0px 0px #888888;      max-height: 100%;    }    #bwg_container1_0 #bwg_container2_0 .bwg-container-0.bwg-standard-thumbnails .bwg-thumb-description span {    color: #323A45;    font-family: Ubuntu;    font-size: 12px;    max-height: 100%;    word-wrap: break-word;    }    #bwg_container1_0 #bwg_container2_0 .bwg-container-0.bwg-standard-thumbnails .bwg-play-icon2 {      font-size: 32px;    }    #bwg_container1_0 #bwg_container2_0 .bwg-container-0.bwg-standard-thumbnails .bwg-ecommerce2 {      font-size: 19.2px;      color: #CCCCCC;    }    <\/style>    <div id=\"bwg_container1_0\"         class=\"bwg_container bwg_thumbnail bwg_thumbnails \"         data-right-click-protection=\"0\"         data-bwg=\"0\"         data-scroll=\"0\"         data-gallery-type=\"thumbnails\"         data-gallery-view-type=\"thumbnails\"         data-current-url=\"\/vestidos-noiva\/wp-json\/wp\/v2\/posts\/18945\"         data-lightbox-url=\"https:\/\/www.ivanabeaumond.com.br\/vestidos-noiva\/wp-admin\/admin-ajax.php?action=GalleryBox&#038;current_view=0&#038;gallery_id=111&#038;tag=0&#038;theme_id=1&#038;shortcode_id=229&#038;sort_by=order&#038;order_by=asc&#038;current_url=%2Fvestidos-noiva%2Fwp-json%2Fwp%2Fv2%2Fposts%2F18945\"         data-gallery-id=\"111\"         data-popup-width=\"600\"         data-popup-height=\"600\"         data-is-album=\"gallery\"         data-buttons-position=\"bottom\">      <div id=\"bwg_container2_0\">             <div id=\"ajax_loading_0\" class=\"bwg_loading_div_1\">      <div class=\"bwg_loading_div_2\">        <div class=\"bwg_loading_div_3\">          <div id=\"loading_div_0\" class=\"bwg_spider_ajax_loading\">          <\/div>        <\/div>      <\/div>    <\/div>            <form id=\"gal_front_form_0\"              class=\"bwg-hidden\"              method=\"post\"              action=\"#\"              data-current=\"0\"              data-shortcode-id=\"229\"              data-gallery-type=\"thumbnails\"              data-gallery-id=\"111\"              data-tag=\"0\"              data-album-id=\"0\"              data-theme-id=\"1\"              data-ajax-url=\"https:\/\/www.ivanabeaumond.com.br\/vestidos-noiva\/wp-admin\/admin-ajax.php?action=bwg_frontend_data\">          <div id=\"bwg_container3_0\" class=\"bwg-background bwg-background-0\">                <div data-max-count=\"5\"         data-thumbnail-width=\"180\"         data-bwg=\"0\"         data-gallery-id=\"111\"         data-lightbox-url=\"https:\/\/www.ivanabeaumond.com.br\/vestidos-noiva\/wp-admin\/admin-ajax.php?action=GalleryBox&amp;current_view=0&amp;gallery_id=111&amp;tag=0&amp;theme_id=1&amp;shortcode_id=229&amp;sort_by=order&amp;order_by=asc&amp;current_url=%2Fvestidos-noiva%2Fwp-json%2Fwp%2Fv2%2Fposts%2F18945\"         id=\"bwg_thumbnails_0\"         class=\"bwg-container-0 bwg-thumbnails bwg-standard-thumbnails bwg-container bwg-border-box\">            <div class=\"bwg-item\">        <a class=\"bwg-a  bwg_lightbox\"  data-image-id=\"2607\" href=\"https:\/\/www.ivanabeaumond.com.br\/vestidos-noiva\/wp-content\/uploads\/photo-gallery\/eduarda%20nicole%20fotos%2015%20anos%20atelier%20ivana%20beaumond%20vestido%20de%20debutante%20rosa%20pink%20preto%20%20(28).jpg\" data-elementor-open-lightbox=\"no\">                <div class=\"bwg-item0 \">          <div class=\"bwg-item1 \">            <div class=\"bwg-item2\">              <img class=\"skip-lazy bwg_standart_thumb_img_0 \"                   data-id=\"2607\"                   data-width=\"\"                   data-height=\"\"                   data-src=\"https:\/\/www.ivanabeaumond.com.br\/vestidos-noiva\/wp-content\/uploads\/photo-gallery\/thumb\/eduarda%20nicole%20fotos%2015%20anos%20atelier%20ivana%20beaumond%20vestido%20de%20debutante%20rosa%20pink%20preto%20%20(28).jpg\"                   src=\"https:\/\/www.ivanabeaumond.com.br\/vestidos-noiva\/wp-content\/uploads\/photo-gallery\/thumb\/eduarda%20nicole%20fotos%2015%20anos%20atelier%20ivana%20beaumond%20vestido%20de%20debutante%20rosa%20pink%20preto%20%20(28).jpg\"                   alt=\"eduarda nicole fotos 15 anos atelier ivana beaumond vestido de debutante rosa pink preto  (28)\"                   title=\"eduarda nicole fotos 15 anos atelier ivana beaumond vestido de debutante rosa pink preto  (28)\" \/>            <\/div>            <div class=\"\">                                                      <\/div>          <\/div>        <\/div>                        <\/a>              <\/div>            <div class=\"bwg-item\">        <a class=\"bwg-a  bwg_lightbox\"  data-image-id=\"2606\" href=\"https:\/\/www.ivanabeaumond.com.br\/vestidos-noiva\/wp-content\/uploads\/photo-gallery\/eduarda%20nicole%20fotos%2015%20anos%20atelier%20ivana%20beaumond%20vestido%20de%20debutante%20rosa%20pink%20preto%20%20(27).jpg\" data-elementor-open-lightbox=\"no\">                <div class=\"bwg-item0 \">          <div class=\"bwg-item1 \">            <div class=\"bwg-item2\">              <img class=\"skip-lazy bwg_standart_thumb_img_0 \"                   data-id=\"2606\"                   data-width=\"\"                   data-height=\"\"                   data-src=\"https:\/\/www.ivanabeaumond.com.br\/vestidos-noiva\/wp-content\/uploads\/photo-gallery\/thumb\/eduarda%20nicole%20fotos%2015%20anos%20atelier%20ivana%20beaumond%20vestido%20de%20debutante%20rosa%20pink%20preto%20%20(27).jpg\"                   src=\"https:\/\/www.ivanabeaumond.com.br\/vestidos-noiva\/wp-content\/uploads\/photo-gallery\/thumb\/eduarda%20nicole%20fotos%2015%20anos%20atelier%20ivana%20beaumond%20vestido%20de%20debutante%20rosa%20pink%20preto%20%20(27).jpg\"                   alt=\"eduarda nicole fotos 15 anos atelier ivana beaumond vestido de debutante rosa pink preto  (27)\"                   title=\"eduarda nicole fotos 15 anos atelier ivana beaumond vestido de debutante rosa pink preto  (27)\" \/>            <\/div>            <div class=\"\">                                                      <\/div>          <\/div>        <\/div>                        <\/a>              <\/div>            <div class=\"bwg-item\">        <a class=\"bwg-a  bwg_lightbox\"  data-image-id=\"2605\" href=\"https:\/\/www.ivanabeaumond.com.br\/vestidos-noiva\/wp-content\/uploads\/photo-gallery\/eduarda%20nicole%20fotos%2015%20anos%20atelier%20ivana%20beaumond%20vestido%20de%20debutante%20rosa%20pink%20preto%20%20(26).jpg\" data-elementor-open-lightbox=\"no\">                <div class=\"bwg-item0 \">          <div class=\"bwg-item1 \">            <div class=\"bwg-item2\">              <img class=\"skip-lazy bwg_standart_thumb_img_0 \"                   data-id=\"2605\"                   data-width=\"\"                   data-height=\"\"                   data-src=\"https:\/\/www.ivanabeaumond.com.br\/vestidos-noiva\/wp-content\/uploads\/photo-gallery\/thumb\/eduarda%20nicole%20fotos%2015%20anos%20atelier%20ivana%20beaumond%20vestido%20de%20debutante%20rosa%20pink%20preto%20%20(26).jpg\"                   src=\"https:\/\/www.ivanabeaumond.com.br\/vestidos-noiva\/wp-content\/uploads\/photo-gallery\/thumb\/eduarda%20nicole%20fotos%2015%20anos%20atelier%20ivana%20beaumond%20vestido%20de%20debutante%20rosa%20pink%20preto%20%20(26).jpg\"                   alt=\"eduarda nicole fotos 15 anos atelier ivana beaumond vestido de debutante rosa pink preto  (26)\"                   title=\"eduarda nicole fotos 15 anos atelier ivana beaumond vestido de debutante rosa pink preto  (26)\" \/>            <\/div>            <div class=\"\">                                                      <\/div>          <\/div>        <\/div>                        <\/a>              <\/div>            <div class=\"bwg-item\">        <a class=\"bwg-a  bwg_lightbox\"  data-image-id=\"2604\" href=\"https:\/\/www.ivanabeaumond.com.br\/vestidos-noiva\/wp-content\/uploads\/photo-gallery\/eduarda%20nicole%20fotos%2015%20anos%20atelier%20ivana%20beaumond%20vestido%20de%20debutante%20rosa%20pink%20preto%20%20(25).jpg\" data-elementor-open-lightbox=\"no\">                <div class=\"bwg-item0 \">          <div class=\"bwg-item1 \">            <div class=\"bwg-item2\">              <img class=\"skip-lazy bwg_standart_thumb_img_0 \"                   data-id=\"2604\"                   data-width=\"\"                   data-height=\"\"                   data-src=\"https:\/\/www.ivanabeaumond.com.br\/vestidos-noiva\/wp-content\/uploads\/photo-gallery\/thumb\/eduarda%20nicole%20fotos%2015%20anos%20atelier%20ivana%20beaumond%20vestido%20de%20debutante%20rosa%20pink%20preto%20%20(25).jpg\"                   src=\"https:\/\/www.ivanabeaumond.com.br\/vestidos-noiva\/wp-content\/uploads\/photo-gallery\/thumb\/eduarda%20nicole%20fotos%2015%20anos%20atelier%20ivana%20beaumond%20vestido%20de%20debutante%20rosa%20pink%20preto%20%20(25).jpg\"                   alt=\"eduarda nicole fotos 15 anos atelier ivana beaumond vestido de debutante rosa pink preto  (25)\"                   title=\"eduarda nicole fotos 15 anos atelier ivana beaumond vestido de debutante rosa pink preto  (25)\" \/>            <\/div>            <div class=\"\">                                                      <\/div>          <\/div>        <\/div>                        <\/a>              <\/div>            <div class=\"bwg-item\">        <a class=\"bwg-a  bwg_lightbox\"  data-image-id=\"2603\" href=\"https:\/\/www.ivanabeaumond.com.br\/vestidos-noiva\/wp-content\/uploads\/photo-gallery\/eduarda%20nicole%20fotos%2015%20anos%20atelier%20ivana%20beaumond%20vestido%20de%20debutante%20rosa%20pink%20preto%20%20(24).jpg\" data-elementor-open-lightbox=\"no\">                <div class=\"bwg-item0 \">          <div class=\"bwg-item1 \">            <div class=\"bwg-item2\">              <img class=\"skip-lazy bwg_standart_thumb_img_0 \"                   data-id=\"2603\"                   data-width=\"\"                   data-height=\"\"                   data-src=\"https:\/\/www.ivanabeaumond.com.br\/vestidos-noiva\/wp-content\/uploads\/photo-gallery\/thumb\/eduarda%20nicole%20fotos%2015%20anos%20atelier%20ivana%20beaumond%20vestido%20de%20debutante%20rosa%20pink%20preto%20%20(24).jpg\"                   src=\"https:\/\/www.ivanabeaumond.com.br\/vestidos-noiva\/wp-content\/uploads\/photo-gallery\/thumb\/eduarda%20nicole%20fotos%2015%20anos%20atelier%20ivana%20beaumond%20vestido%20de%20debutante%20rosa%20pink%20preto%20%20(24).jpg\"                   alt=\"eduarda nicole fotos 15 anos atelier ivana beaumond vestido de debutante rosa pink preto  (24)\"                   title=\"eduarda nicole fotos 15 anos atelier ivana beaumond vestido de debutante rosa pink preto  (24)\" \/>            <\/div>            <div class=\"\">                                                      <\/div>          <\/div>        <\/div>                        <\/a>              <\/div>            <div class=\"bwg-item\">        <a class=\"bwg-a  bwg_lightbox\"  data-image-id=\"2602\" href=\"https:\/\/www.ivanabeaumond.com.br\/vestidos-noiva\/wp-content\/uploads\/photo-gallery\/eduarda%20nicole%20fotos%2015%20anos%20atelier%20ivana%20beaumond%20vestido%20de%20debutante%20rosa%20pink%20preto%20%20(23).jpg\" data-elementor-open-lightbox=\"no\">                <div class=\"bwg-item0 \">          <div class=\"bwg-item1 \">            <div class=\"bwg-item2\">              <img class=\"skip-lazy bwg_standart_thumb_img_0 \"                   data-id=\"2602\"                   data-width=\"\"                   data-height=\"\"                   data-src=\"https:\/\/www.ivanabeaumond.com.br\/vestidos-noiva\/wp-content\/uploads\/photo-gallery\/thumb\/eduarda%20nicole%20fotos%2015%20anos%20atelier%20ivana%20beaumond%20vestido%20de%20debutante%20rosa%20pink%20preto%20%20(23).jpg\"                   src=\"https:\/\/www.ivanabeaumond.com.br\/vestidos-noiva\/wp-content\/uploads\/photo-gallery\/thumb\/eduarda%20nicole%20fotos%2015%20anos%20atelier%20ivana%20beaumond%20vestido%20de%20debutante%20rosa%20pink%20preto%20%20(23).jpg\"                   alt=\"eduarda nicole fotos 15 anos atelier ivana beaumond vestido de debutante rosa pink preto  (23)\"                   title=\"eduarda nicole fotos 15 anos atelier ivana beaumond vestido de debutante rosa pink preto  (23)\" \/>            <\/div>            <div class=\"\">                                                      <\/div>          <\/div>        <\/div>                        <\/a>              <\/div>            <div class=\"bwg-item\">        <a class=\"bwg-a  bwg_lightbox\"  data-image-id=\"2601\" href=\"https:\/\/www.ivanabeaumond.com.br\/vestidos-noiva\/wp-content\/uploads\/photo-gallery\/eduarda%20nicole%20fotos%2015%20anos%20atelier%20ivana%20beaumond%20vestido%20de%20debutante%20rosa%20pink%20preto%20%20(22).jpg\" data-elementor-open-lightbox=\"no\">                <div class=\"bwg-item0 \">          <div class=\"bwg-item1 \">            <div class=\"bwg-item2\">              <img class=\"skip-lazy bwg_standart_thumb_img_0 \"                   data-id=\"2601\"                   data-width=\"\"                   data-height=\"\"                   data-src=\"https:\/\/www.ivanabeaumond.com.br\/vestidos-noiva\/wp-content\/uploads\/photo-gallery\/thumb\/eduarda%20nicole%20fotos%2015%20anos%20atelier%20ivana%20beaumond%20vestido%20de%20debutante%20rosa%20pink%20preto%20%20(22).jpg\"                   src=\"https:\/\/www.ivanabeaumond.com.br\/vestidos-noiva\/wp-content\/uploads\/photo-gallery\/thumb\/eduarda%20nicole%20fotos%2015%20anos%20atelier%20ivana%20beaumond%20vestido%20de%20debutante%20rosa%20pink%20preto%20%20(22).jpg\"                   alt=\"eduarda nicole fotos 15 anos atelier ivana beaumond vestido de debutante rosa pink preto  (22)\"                   title=\"eduarda nicole fotos 15 anos atelier ivana beaumond vestido de debutante rosa pink preto  (22)\" \/>            <\/div>            <div class=\"\">                                                      <\/div>          <\/div>        <\/div>                        <\/a>              <\/div>            <div class=\"bwg-item\">        <a class=\"bwg-a  bwg_lightbox\"  data-image-id=\"2600\" href=\"https:\/\/www.ivanabeaumond.com.br\/vestidos-noiva\/wp-content\/uploads\/photo-gallery\/eduarda%20nicole%20fotos%2015%20anos%20atelier%20ivana%20beaumond%20vestido%20de%20debutante%20rosa%20pink%20preto%20%20(21).jpg\" data-elementor-open-lightbox=\"no\">                <div class=\"bwg-item0 \">          <div class=\"bwg-item1 \">            <div class=\"bwg-item2\">              <img class=\"skip-lazy bwg_standart_thumb_img_0 \"                   data-id=\"2600\"                   data-width=\"\"                   data-height=\"\"                   data-src=\"https:\/\/www.ivanabeaumond.com.br\/vestidos-noiva\/wp-content\/uploads\/photo-gallery\/thumb\/eduarda%20nicole%20fotos%2015%20anos%20atelier%20ivana%20beaumond%20vestido%20de%20debutante%20rosa%20pink%20preto%20%20(21).jpg\"                   src=\"https:\/\/www.ivanabeaumond.com.br\/vestidos-noiva\/wp-content\/uploads\/photo-gallery\/thumb\/eduarda%20nicole%20fotos%2015%20anos%20atelier%20ivana%20beaumond%20vestido%20de%20debutante%20rosa%20pink%20preto%20%20(21).jpg\"                   alt=\"eduarda nicole fotos 15 anos atelier ivana beaumond vestido de debutante rosa pink preto  (21)\"                   title=\"eduarda nicole fotos 15 anos atelier ivana beaumond vestido de debutante rosa pink preto  (21)\" \/>            <\/div>            <div class=\"\">                                                      <\/div>          <\/div>        <\/div>                        <\/a>              <\/div>            <div class=\"bwg-item\">        <a class=\"bwg-a  bwg_lightbox\"  data-image-id=\"2599\" href=\"https:\/\/www.ivanabeaumond.com.br\/vestidos-noiva\/wp-content\/uploads\/photo-gallery\/eduarda%20nicole%20fotos%2015%20anos%20atelier%20ivana%20beaumond%20vestido%20de%20debutante%20rosa%20pink%20preto%20%20(20).jpg\" data-elementor-open-lightbox=\"no\">                <div class=\"bwg-item0 \">          <div class=\"bwg-item1 \">            <div class=\"bwg-item2\">              <img class=\"skip-lazy bwg_standart_thumb_img_0 \"                   data-id=\"2599\"                   data-width=\"\"                   data-height=\"\"                   data-src=\"https:\/\/www.ivanabeaumond.com.br\/vestidos-noiva\/wp-content\/uploads\/photo-gallery\/thumb\/eduarda%20nicole%20fotos%2015%20anos%20atelier%20ivana%20beaumond%20vestido%20de%20debutante%20rosa%20pink%20preto%20%20(20).jpg\"                   src=\"https:\/\/www.ivanabeaumond.com.br\/vestidos-noiva\/wp-content\/uploads\/photo-gallery\/thumb\/eduarda%20nicole%20fotos%2015%20anos%20atelier%20ivana%20beaumond%20vestido%20de%20debutante%20rosa%20pink%20preto%20%20(20).jpg\"                   alt=\"eduarda nicole fotos 15 anos atelier ivana beaumond vestido de debutante rosa pink preto  (20)\"                   title=\"eduarda nicole fotos 15 anos atelier ivana beaumond vestido de debutante rosa pink preto  (20)\" \/>            <\/div>            <div class=\"\">                                                      <\/div>          <\/div>        <\/div>                        <\/a>              <\/div>            <div class=\"bwg-item\">        <a class=\"bwg-a  bwg_lightbox\"  data-image-id=\"2598\" href=\"https:\/\/www.ivanabeaumond.com.br\/vestidos-noiva\/wp-content\/uploads\/photo-gallery\/eduarda%20nicole%20fotos%2015%20anos%20atelier%20ivana%20beaumond%20vestido%20de%20debutante%20rosa%20pink%20preto%20%20(19).jpg\" data-elementor-open-lightbox=\"no\">                <div class=\"bwg-item0 \">          <div class=\"bwg-item1 \">            <div class=\"bwg-item2\">              <img class=\"skip-lazy bwg_standart_thumb_img_0 \"                   data-id=\"2598\"                   data-width=\"\"                   data-height=\"\"                   data-src=\"https:\/\/www.ivanabeaumond.com.br\/vestidos-noiva\/wp-content\/uploads\/photo-gallery\/thumb\/eduarda%20nicole%20fotos%2015%20anos%20atelier%20ivana%20beaumond%20vestido%20de%20debutante%20rosa%20pink%20preto%20%20(19).jpg\"                   src=\"https:\/\/www.ivanabeaumond.com.br\/vestidos-noiva\/wp-content\/uploads\/photo-gallery\/thumb\/eduarda%20nicole%20fotos%2015%20anos%20atelier%20ivana%20beaumond%20vestido%20de%20debutante%20rosa%20pink%20preto%20%20(19).jpg\"                   alt=\"eduarda nicole fotos 15 anos atelier ivana beaumond vestido de debutante rosa pink preto  (19)\"                   title=\"eduarda nicole fotos 15 anos atelier ivana beaumond vestido de debutante rosa pink preto  (19)\" \/>            <\/div>            <div class=\"\">                                                      <\/div>          <\/div>        <\/div>                        <\/a>              <\/div>            <div class=\"bwg-item\">        <a class=\"bwg-a  bwg_lightbox\"  data-image-id=\"2595\" href=\"https:\/\/www.ivanabeaumond.com.br\/vestidos-noiva\/wp-content\/uploads\/photo-gallery\/eduarda%20nicole%20fotos%2015%20anos%20atelier%20ivana%20beaumond%20vestido%20de%20debutante%20rosa%20pink%20preto%20%20(16).jpg\" data-elementor-open-lightbox=\"no\">                <div class=\"bwg-item0 \">          <div class=\"bwg-item1 \">            <div class=\"bwg-item2\">              <img class=\"skip-lazy bwg_standart_thumb_img_0 \"                   data-id=\"2595\"                   data-width=\"\"                   data-height=\"\"                   data-src=\"https:\/\/www.ivanabeaumond.com.br\/vestidos-noiva\/wp-content\/uploads\/photo-gallery\/thumb\/eduarda%20nicole%20fotos%2015%20anos%20atelier%20ivana%20beaumond%20vestido%20de%20debutante%20rosa%20pink%20preto%20%20(16).jpg\"                   src=\"https:\/\/www.ivanabeaumond.com.br\/vestidos-noiva\/wp-content\/uploads\/photo-gallery\/thumb\/eduarda%20nicole%20fotos%2015%20anos%20atelier%20ivana%20beaumond%20vestido%20de%20debutante%20rosa%20pink%20preto%20%20(16).jpg\"                   alt=\"eduarda nicole fotos 15 anos atelier ivana beaumond vestido de debutante rosa pink preto  (16)\"                   title=\"eduarda nicole fotos 15 anos atelier ivana beaumond vestido de debutante rosa pink preto  (16)\" \/>            <\/div>            <div class=\"\">                                                      <\/div>          <\/div>        <\/div>                        <\/a>              <\/div>            <div class=\"bwg-item\">        <a class=\"bwg-a  bwg_lightbox\"  data-image-id=\"2596\" href=\"https:\/\/www.ivanabeaumond.com.br\/vestidos-noiva\/wp-content\/uploads\/photo-gallery\/eduarda%20nicole%20fotos%2015%20anos%20atelier%20ivana%20beaumond%20vestido%20de%20debutante%20rosa%20pink%20preto%20%20(17).jpg\" data-elementor-open-lightbox=\"no\">                <div class=\"bwg-item0 \">          <div class=\"bwg-item1 \">            <div class=\"bwg-item2\">              <img class=\"skip-lazy bwg_standart_thumb_img_0 \"                   data-id=\"2596\"                   data-width=\"\"                   data-height=\"\"                   data-src=\"https:\/\/www.ivanabeaumond.com.br\/vestidos-noiva\/wp-content\/uploads\/photo-gallery\/thumb\/eduarda%20nicole%20fotos%2015%20anos%20atelier%20ivana%20beaumond%20vestido%20de%20debutante%20rosa%20pink%20preto%20%20(17).jpg\"                   src=\"https:\/\/www.ivanabeaumond.com.br\/vestidos-noiva\/wp-content\/uploads\/photo-gallery\/thumb\/eduarda%20nicole%20fotos%2015%20anos%20atelier%20ivana%20beaumond%20vestido%20de%20debutante%20rosa%20pink%20preto%20%20(17).jpg\"                   alt=\"eduarda nicole fotos 15 anos atelier ivana beaumond vestido de debutante rosa pink preto  (17)\"                   title=\"eduarda nicole fotos 15 anos atelier ivana beaumond vestido de debutante rosa pink preto  (17)\" \/>            <\/div>            <div class=\"\">                                                      <\/div>          <\/div>        <\/div>                        <\/a>              <\/div>            <div class=\"bwg-item\">        <a class=\"bwg-a  bwg_lightbox\"  data-image-id=\"2594\" href=\"https:\/\/www.ivanabeaumond.com.br\/vestidos-noiva\/wp-content\/uploads\/photo-gallery\/eduarda%20nicole%20fotos%2015%20anos%20atelier%20ivana%20beaumond%20vestido%20de%20debutante%20rosa%20pink%20preto%20%20(15).jpg\" data-elementor-open-lightbox=\"no\">                <div class=\"bwg-item0 \">          <div class=\"bwg-item1 \">            <div class=\"bwg-item2\">              <img class=\"skip-lazy bwg_standart_thumb_img_0 \"                   data-id=\"2594\"                   data-width=\"\"                   data-height=\"\"                   data-src=\"https:\/\/www.ivanabeaumond.com.br\/vestidos-noiva\/wp-content\/uploads\/photo-gallery\/thumb\/eduarda%20nicole%20fotos%2015%20anos%20atelier%20ivana%20beaumond%20vestido%20de%20debutante%20rosa%20pink%20preto%20%20(15).jpg\"                   src=\"https:\/\/www.ivanabeaumond.com.br\/vestidos-noiva\/wp-content\/uploads\/photo-gallery\/thumb\/eduarda%20nicole%20fotos%2015%20anos%20atelier%20ivana%20beaumond%20vestido%20de%20debutante%20rosa%20pink%20preto%20%20(15).jpg\"                   alt=\"eduarda nicole fotos 15 anos atelier ivana beaumond vestido de debutante rosa pink preto  (15)\"                   title=\"eduarda nicole fotos 15 anos atelier ivana beaumond vestido de debutante rosa pink preto  (15)\" \/>            <\/div>            <div class=\"\">                                                      <\/div>          <\/div>        <\/div>                        <\/a>              <\/div>            <div class=\"bwg-item\">        <a class=\"bwg-a  bwg_lightbox\"  data-image-id=\"2593\" href=\"https:\/\/www.ivanabeaumond.com.br\/vestidos-noiva\/wp-content\/uploads\/photo-gallery\/eduarda%20nicole%20fotos%2015%20anos%20atelier%20ivana%20beaumond%20vestido%20de%20debutante%20rosa%20pink%20preto%20%20(14).jpg\" data-elementor-open-lightbox=\"no\">                <div class=\"bwg-item0 \">          <div class=\"bwg-item1 \">            <div class=\"bwg-item2\">              <img class=\"skip-lazy bwg_standart_thumb_img_0 \"                   data-id=\"2593\"                   data-width=\"\"                   data-height=\"\"                   data-src=\"https:\/\/www.ivanabeaumond.com.br\/vestidos-noiva\/wp-content\/uploads\/photo-gallery\/thumb\/eduarda%20nicole%20fotos%2015%20anos%20atelier%20ivana%20beaumond%20vestido%20de%20debutante%20rosa%20pink%20preto%20%20(14).jpg\"                   src=\"https:\/\/www.ivanabeaumond.com.br\/vestidos-noiva\/wp-content\/uploads\/photo-gallery\/thumb\/eduarda%20nicole%20fotos%2015%20anos%20atelier%20ivana%20beaumond%20vestido%20de%20debutante%20rosa%20pink%20preto%20%20(14).jpg\"                   alt=\"eduarda nicole fotos 15 anos atelier ivana beaumond vestido de debutante rosa pink preto  (14)\"                   title=\"eduarda nicole fotos 15 anos atelier ivana beaumond vestido de debutante rosa pink preto  (14)\" \/>            <\/div>            <div class=\"\">                                                      <\/div>          <\/div>        <\/div>                        <\/a>              <\/div>            <div class=\"bwg-item\">        <a class=\"bwg-a  bwg_lightbox\"  data-image-id=\"2592\" href=\"https:\/\/www.ivanabeaumond.com.br\/vestidos-noiva\/wp-content\/uploads\/photo-gallery\/eduarda%20nicole%20fotos%2015%20anos%20atelier%20ivana%20beaumond%20vestido%20de%20debutante%20rosa%20pink%20preto%20%20(13).jpg\" data-elementor-open-lightbox=\"no\">                <div class=\"bwg-item0 \">          <div class=\"bwg-item1 \">            <div class=\"bwg-item2\">              <img class=\"skip-lazy bwg_standart_thumb_img_0 \"                   data-id=\"2592\"                   data-width=\"\"                   data-height=\"\"                   data-src=\"https:\/\/www.ivanabeaumond.com.br\/vestidos-noiva\/wp-content\/uploads\/photo-gallery\/thumb\/eduarda%20nicole%20fotos%2015%20anos%20atelier%20ivana%20beaumond%20vestido%20de%20debutante%20rosa%20pink%20preto%20%20(13).jpg\"                   src=\"https:\/\/www.ivanabeaumond.com.br\/vestidos-noiva\/wp-content\/uploads\/photo-gallery\/thumb\/eduarda%20nicole%20fotos%2015%20anos%20atelier%20ivana%20beaumond%20vestido%20de%20debutante%20rosa%20pink%20preto%20%20(13).jpg\"                   alt=\"eduarda nicole fotos 15 anos atelier ivana beaumond vestido de debutante rosa pink preto  (13)\"                   title=\"eduarda nicole fotos 15 anos atelier ivana beaumond vestido de debutante rosa pink preto  (13)\" \/>            <\/div>            <div class=\"\">                                                      <\/div>          <\/div>        <\/div>                        <\/a>              <\/div>            <div class=\"bwg-item\">        <a class=\"bwg-a  bwg_lightbox\"  data-image-id=\"2580\" href=\"https:\/\/www.ivanabeaumond.com.br\/vestidos-noiva\/wp-content\/uploads\/photo-gallery\/eduarda%20nicole%20fotos%2015%20anos%20atelier%20ivana%20beaumond%20vestido%20de%20debutante%20rosa%20pink%20preto%20%20(1).jpg\" data-elementor-open-lightbox=\"no\">                <div class=\"bwg-item0 \">          <div class=\"bwg-item1 \">            <div class=\"bwg-item2\">              <img class=\"skip-lazy bwg_standart_thumb_img_0 \"                   data-id=\"2580\"                   data-width=\"\"                   data-height=\"\"                   data-src=\"https:\/\/www.ivanabeaumond.com.br\/vestidos-noiva\/wp-content\/uploads\/photo-gallery\/thumb\/eduarda%20nicole%20fotos%2015%20anos%20atelier%20ivana%20beaumond%20vestido%20de%20debutante%20rosa%20pink%20preto%20%20(1).jpg\"                   src=\"https:\/\/www.ivanabeaumond.com.br\/vestidos-noiva\/wp-content\/uploads\/photo-gallery\/thumb\/eduarda%20nicole%20fotos%2015%20anos%20atelier%20ivana%20beaumond%20vestido%20de%20debutante%20rosa%20pink%20preto%20%20(1).jpg\"                   alt=\"eduarda nicole fotos 15 anos atelier ivana beaumond vestido de debutante rosa pink preto  (1)\"                   title=\"eduarda nicole fotos 15 anos atelier ivana beaumond vestido de debutante rosa pink preto  (1)\" \/>            <\/div>            <div class=\"\">                                                      <\/div>          <\/div>        <\/div>                        <\/a>              <\/div>            <div class=\"bwg-item\">        <a class=\"bwg-a  bwg_lightbox\"  data-image-id=\"2590\" href=\"https:\/\/www.ivanabeaumond.com.br\/vestidos-noiva\/wp-content\/uploads\/photo-gallery\/eduarda%20nicole%20fotos%2015%20anos%20atelier%20ivana%20beaumond%20vestido%20de%20debutante%20rosa%20pink%20preto%20%20(11).jpg\" data-elementor-open-lightbox=\"no\">                <div class=\"bwg-item0 \">          <div class=\"bwg-item1 \">            <div class=\"bwg-item2\">              <img class=\"skip-lazy bwg_standart_thumb_img_0 \"                   data-id=\"2590\"                   data-width=\"\"                   data-height=\"\"                   data-src=\"https:\/\/www.ivanabeaumond.com.br\/vestidos-noiva\/wp-content\/uploads\/photo-gallery\/thumb\/eduarda%20nicole%20fotos%2015%20anos%20atelier%20ivana%20beaumond%20vestido%20de%20debutante%20rosa%20pink%20preto%20%20(11).jpg\"                   src=\"https:\/\/www.ivanabeaumond.com.br\/vestidos-noiva\/wp-content\/uploads\/photo-gallery\/thumb\/eduarda%20nicole%20fotos%2015%20anos%20atelier%20ivana%20beaumond%20vestido%20de%20debutante%20rosa%20pink%20preto%20%20(11).jpg\"                   alt=\"eduarda nicole fotos 15 anos atelier ivana beaumond vestido de debutante rosa pink preto  (11)\"                   title=\"eduarda nicole fotos 15 anos atelier ivana beaumond vestido de debutante rosa pink preto  (11)\" \/>            <\/div>            <div class=\"\">                                                      <\/div>          <\/div>        <\/div>                        <\/a>              <\/div>            <div class=\"bwg-item\">        <a class=\"bwg-a  bwg_lightbox\"  data-image-id=\"2589\" href=\"https:\/\/www.ivanabeaumond.com.br\/vestidos-noiva\/wp-content\/uploads\/photo-gallery\/eduarda%20nicole%20fotos%2015%20anos%20atelier%20ivana%20beaumond%20vestido%20de%20debutante%20rosa%20pink%20preto%20%20(10).jpg\" data-elementor-open-lightbox=\"no\">                <div class=\"bwg-item0 \">          <div class=\"bwg-item1 \">            <div class=\"bwg-item2\">              <img class=\"skip-lazy bwg_standart_thumb_img_0 \"                   data-id=\"2589\"                   data-width=\"\"                   data-height=\"\"                   data-src=\"https:\/\/www.ivanabeaumond.com.br\/vestidos-noiva\/wp-content\/uploads\/photo-gallery\/thumb\/eduarda%20nicole%20fotos%2015%20anos%20atelier%20ivana%20beaumond%20vestido%20de%20debutante%20rosa%20pink%20preto%20%20(10).jpg\"                   src=\"https:\/\/www.ivanabeaumond.com.br\/vestidos-noiva\/wp-content\/uploads\/photo-gallery\/thumb\/eduarda%20nicole%20fotos%2015%20anos%20atelier%20ivana%20beaumond%20vestido%20de%20debutante%20rosa%20pink%20preto%20%20(10).jpg\"                   alt=\"eduarda nicole fotos 15 anos atelier ivana beaumond vestido de debutante rosa pink preto  (10)\"                   title=\"eduarda nicole fotos 15 anos atelier ivana beaumond vestido de debutante rosa pink preto  (10)\" \/>            <\/div>            <div class=\"\">                                                      <\/div>          <\/div>        <\/div>                        <\/a>              <\/div>            <div class=\"bwg-item\">        <a class=\"bwg-a  bwg_lightbox\"  data-image-id=\"2588\" href=\"https:\/\/www.ivanabeaumond.com.br\/vestidos-noiva\/wp-content\/uploads\/photo-gallery\/eduarda%20nicole%20fotos%2015%20anos%20atelier%20ivana%20beaumond%20vestido%20de%20debutante%20rosa%20pink%20preto%20%20(9).jpg\" data-elementor-open-lightbox=\"no\">                <div class=\"bwg-item0 \">          <div class=\"bwg-item1 \">            <div class=\"bwg-item2\">              <img class=\"skip-lazy bwg_standart_thumb_img_0 \"                   data-id=\"2588\"                   data-width=\"\"                   data-height=\"\"                   data-src=\"https:\/\/www.ivanabeaumond.com.br\/vestidos-noiva\/wp-content\/uploads\/photo-gallery\/thumb\/eduarda%20nicole%20fotos%2015%20anos%20atelier%20ivana%20beaumond%20vestido%20de%20debutante%20rosa%20pink%20preto%20%20(9).jpg\"                   src=\"https:\/\/www.ivanabeaumond.com.br\/vestidos-noiva\/wp-content\/uploads\/photo-gallery\/thumb\/eduarda%20nicole%20fotos%2015%20anos%20atelier%20ivana%20beaumond%20vestido%20de%20debutante%20rosa%20pink%20preto%20%20(9).jpg\"                   alt=\"eduarda nicole fotos 15 anos atelier ivana beaumond vestido de debutante rosa pink preto  (9)\"                   title=\"eduarda nicole fotos 15 anos atelier ivana beaumond vestido de debutante rosa pink preto  (9)\" \/>            <\/div>            <div class=\"\">                                                      <\/div>          <\/div>        <\/div>                        <\/a>              <\/div>            <div class=\"bwg-item\">        <a class=\"bwg-a  bwg_lightbox\"  data-image-id=\"2587\" href=\"https:\/\/www.ivanabeaumond.com.br\/vestidos-noiva\/wp-content\/uploads\/photo-gallery\/eduarda%20nicole%20fotos%2015%20anos%20atelier%20ivana%20beaumond%20vestido%20de%20debutante%20rosa%20pink%20preto%20%20(8).jpg\" data-elementor-open-lightbox=\"no\">                <div class=\"bwg-item0 \">          <div class=\"bwg-item1 \">            <div class=\"bwg-item2\">              <img class=\"skip-lazy bwg_standart_thumb_img_0 \"                   data-id=\"2587\"                   data-width=\"\"                   data-height=\"\"                   data-src=\"https:\/\/www.ivanabeaumond.com.br\/vestidos-noiva\/wp-content\/uploads\/photo-gallery\/thumb\/eduarda%20nicole%20fotos%2015%20anos%20atelier%20ivana%20beaumond%20vestido%20de%20debutante%20rosa%20pink%20preto%20%20(8).jpg\"                   src=\"https:\/\/www.ivanabeaumond.com.br\/vestidos-noiva\/wp-content\/uploads\/photo-gallery\/thumb\/eduarda%20nicole%20fotos%2015%20anos%20atelier%20ivana%20beaumond%20vestido%20de%20debutante%20rosa%20pink%20preto%20%20(8).jpg\"                   alt=\"eduarda nicole fotos 15 anos atelier ivana beaumond vestido de debutante rosa pink preto  (8)\"                   title=\"eduarda nicole fotos 15 anos atelier ivana beaumond vestido de debutante rosa pink preto  (8)\" \/>            <\/div>            <div class=\"\">                                                      <\/div>          <\/div>        <\/div>                        <\/a>              <\/div>            <div class=\"bwg-item\">        <a class=\"bwg-a  bwg_lightbox\"  data-image-id=\"2586\" href=\"https:\/\/www.ivanabeaumond.com.br\/vestidos-noiva\/wp-content\/uploads\/photo-gallery\/eduarda%20nicole%20fotos%2015%20anos%20atelier%20ivana%20beaumond%20vestido%20de%20debutante%20rosa%20pink%20preto%20%20(7).jpg\" data-elementor-open-lightbox=\"no\">                <div class=\"bwg-item0 \">          <div class=\"bwg-item1 \">            <div class=\"bwg-item2\">              <img class=\"skip-lazy bwg_standart_thumb_img_0 \"                   data-id=\"2586\"                   data-width=\"\"                   data-height=\"\"                   data-src=\"https:\/\/www.ivanabeaumond.com.br\/vestidos-noiva\/wp-content\/uploads\/photo-gallery\/thumb\/eduarda%20nicole%20fotos%2015%20anos%20atelier%20ivana%20beaumond%20vestido%20de%20debutante%20rosa%20pink%20preto%20%20(7).jpg\"                   src=\"https:\/\/www.ivanabeaumond.com.br\/vestidos-noiva\/wp-content\/uploads\/photo-gallery\/thumb\/eduarda%20nicole%20fotos%2015%20anos%20atelier%20ivana%20beaumond%20vestido%20de%20debutante%20rosa%20pink%20preto%20%20(7).jpg\"                   alt=\"eduarda nicole fotos 15 anos atelier ivana beaumond vestido de debutante rosa pink preto  (7)\"                   title=\"eduarda nicole fotos 15 anos atelier ivana beaumond vestido de debutante rosa pink preto  (7)\" \/>            <\/div>            <div class=\"\">                                                      <\/div>          <\/div>        <\/div>                        <\/a>              <\/div>            <div class=\"bwg-item\">        <a class=\"bwg-a  bwg_lightbox\"  data-image-id=\"2585\" href=\"https:\/\/www.ivanabeaumond.com.br\/vestidos-noiva\/wp-content\/uploads\/photo-gallery\/eduarda%20nicole%20fotos%2015%20anos%20atelier%20ivana%20beaumond%20vestido%20de%20debutante%20rosa%20pink%20preto%20%20(6).jpg\" data-elementor-open-lightbox=\"no\">                <div class=\"bwg-item0 \">          <div class=\"bwg-item1 \">            <div class=\"bwg-item2\">              <img class=\"skip-lazy bwg_standart_thumb_img_0 \"                   data-id=\"2585\"                   data-width=\"\"                   data-height=\"\"                   data-src=\"https:\/\/www.ivanabeaumond.com.br\/vestidos-noiva\/wp-content\/uploads\/photo-gallery\/thumb\/eduarda%20nicole%20fotos%2015%20anos%20atelier%20ivana%20beaumond%20vestido%20de%20debutante%20rosa%20pink%20preto%20%20(6).jpg\"                   src=\"https:\/\/www.ivanabeaumond.com.br\/vestidos-noiva\/wp-content\/uploads\/photo-gallery\/thumb\/eduarda%20nicole%20fotos%2015%20anos%20atelier%20ivana%20beaumond%20vestido%20de%20debutante%20rosa%20pink%20preto%20%20(6).jpg\"                   alt=\"eduarda nicole fotos 15 anos atelier ivana beaumond vestido de debutante rosa pink preto  (6)\"                   title=\"eduarda nicole fotos 15 anos atelier ivana beaumond vestido de debutante rosa pink preto  (6)\" \/>            <\/div>            <div class=\"\">                                                      <\/div>          <\/div>        <\/div>                        <\/a>              <\/div>            <div class=\"bwg-item\">        <a class=\"bwg-a  bwg_lightbox\"  data-image-id=\"2584\" href=\"https:\/\/www.ivanabeaumond.com.br\/vestidos-noiva\/wp-content\/uploads\/photo-gallery\/eduarda%20nicole%20fotos%2015%20anos%20atelier%20ivana%20beaumond%20vestido%20de%20debutante%20rosa%20pink%20preto%20%20(5).jpg\" data-elementor-open-lightbox=\"no\">                <div class=\"bwg-item0 \">          <div class=\"bwg-item1 \">            <div class=\"bwg-item2\">              <img class=\"skip-lazy bwg_standart_thumb_img_0 \"                   data-id=\"2584\"                   data-width=\"\"                   data-height=\"\"                   data-src=\"https:\/\/www.ivanabeaumond.com.br\/vestidos-noiva\/wp-content\/uploads\/photo-gallery\/thumb\/eduarda%20nicole%20fotos%2015%20anos%20atelier%20ivana%20beaumond%20vestido%20de%20debutante%20rosa%20pink%20preto%20%20(5).jpg\"                   src=\"https:\/\/www.ivanabeaumond.com.br\/vestidos-noiva\/wp-content\/uploads\/photo-gallery\/thumb\/eduarda%20nicole%20fotos%2015%20anos%20atelier%20ivana%20beaumond%20vestido%20de%20debutante%20rosa%20pink%20preto%20%20(5).jpg\"                   alt=\"eduarda nicole fotos 15 anos atelier ivana beaumond vestido de debutante rosa pink preto  (5)\"                   title=\"eduarda nicole fotos 15 anos atelier ivana beaumond vestido de debutante rosa pink preto  (5)\" \/>            <\/div>            <div class=\"\">                                                      <\/div>          <\/div>        <\/div>                        <\/a>              <\/div>            <div class=\"bwg-item\">        <a class=\"bwg-a  bwg_lightbox\"  data-image-id=\"2581\" href=\"https:\/\/www.ivanabeaumond.com.br\/vestidos-noiva\/wp-content\/uploads\/photo-gallery\/eduarda%20nicole%20fotos%2015%20anos%20atelier%20ivana%20beaumond%20vestido%20de%20debutante%20rosa%20pink%20preto%20%20(2).jpg\" data-elementor-open-lightbox=\"no\">                <div class=\"bwg-item0 \">          <div class=\"bwg-item1 \">            <div class=\"bwg-item2\">              <img class=\"skip-lazy bwg_standart_thumb_img_0 \"                   data-id=\"2581\"                   data-width=\"\"                   data-height=\"\"                   data-src=\"https:\/\/www.ivanabeaumond.com.br\/vestidos-noiva\/wp-content\/uploads\/photo-gallery\/thumb\/eduarda%20nicole%20fotos%2015%20anos%20atelier%20ivana%20beaumond%20vestido%20de%20debutante%20rosa%20pink%20preto%20%20(2).jpg\"                   src=\"https:\/\/www.ivanabeaumond.com.br\/vestidos-noiva\/wp-content\/uploads\/photo-gallery\/thumb\/eduarda%20nicole%20fotos%2015%20anos%20atelier%20ivana%20beaumond%20vestido%20de%20debutante%20rosa%20pink%20preto%20%20(2).jpg\"                   alt=\"eduarda nicole fotos 15 anos atelier ivana beaumond vestido de debutante rosa pink preto  (2)\"                   title=\"eduarda nicole fotos 15 anos atelier ivana beaumond vestido de debutante rosa pink preto  (2)\" \/>            <\/div>            <div class=\"\">                                                      <\/div>          <\/div>        <\/div>                        <\/a>              <\/div>            <div class=\"bwg-item\">        <a class=\"bwg-a  bwg_lightbox\"  data-image-id=\"2583\" href=\"https:\/\/www.ivanabeaumond.com.br\/vestidos-noiva\/wp-content\/uploads\/photo-gallery\/eduarda%20nicole%20fotos%2015%20anos%20atelier%20ivana%20beaumond%20vestido%20de%20debutante%20rosa%20pink%20preto%20%20(4).jpg\" data-elementor-open-lightbox=\"no\">                <div class=\"bwg-item0 \">          <div class=\"bwg-item1 \">            <div class=\"bwg-item2\">              <img class=\"skip-lazy bwg_standart_thumb_img_0 \"                   data-id=\"2583\"                   data-width=\"\"                   data-height=\"\"                   data-src=\"https:\/\/www.ivanabeaumond.com.br\/vestidos-noiva\/wp-content\/uploads\/photo-gallery\/thumb\/eduarda%20nicole%20fotos%2015%20anos%20atelier%20ivana%20beaumond%20vestido%20de%20debutante%20rosa%20pink%20preto%20%20(4).jpg\"                   src=\"https:\/\/www.ivanabeaumond.com.br\/vestidos-noiva\/wp-content\/uploads\/photo-gallery\/thumb\/eduarda%20nicole%20fotos%2015%20anos%20atelier%20ivana%20beaumond%20vestido%20de%20debutante%20rosa%20pink%20preto%20%20(4).jpg\"                   alt=\"eduarda nicole fotos 15 anos atelier ivana beaumond vestido de debutante rosa pink preto  (4)\"                   title=\"eduarda nicole fotos 15 anos atelier ivana beaumond vestido de debutante rosa pink preto  (4)\" \/>            <\/div>            <div class=\"\">                                                      <\/div>          <\/div>        <\/div>                        <\/a>              <\/div>            <div class=\"bwg-item\">        <a class=\"bwg-a  bwg_lightbox\"  data-image-id=\"2582\" href=\"https:\/\/www.ivanabeaumond.com.br\/vestidos-noiva\/wp-content\/uploads\/photo-gallery\/eduarda%20nicole%20fotos%2015%20anos%20atelier%20ivana%20beaumond%20vestido%20de%20debutante%20rosa%20pink%20preto%20%20(3).jpg\" data-elementor-open-lightbox=\"no\">                <div class=\"bwg-item0 \">          <div class=\"bwg-item1 \">            <div class=\"bwg-item2\">              <img class=\"skip-lazy bwg_standart_thumb_img_0 \"                   data-id=\"2582\"                   data-width=\"\"                   data-height=\"\"                   data-src=\"https:\/\/www.ivanabeaumond.com.br\/vestidos-noiva\/wp-content\/uploads\/photo-gallery\/thumb\/eduarda%20nicole%20fotos%2015%20anos%20atelier%20ivana%20beaumond%20vestido%20de%20debutante%20rosa%20pink%20preto%20%20(3).jpg\"                   src=\"https:\/\/www.ivanabeaumond.com.br\/vestidos-noiva\/wp-content\/uploads\/photo-gallery\/thumb\/eduarda%20nicole%20fotos%2015%20anos%20atelier%20ivana%20beaumond%20vestido%20de%20debutante%20rosa%20pink%20preto%20%20(3).jpg\"                   alt=\"eduarda nicole fotos 15 anos atelier ivana beaumond vestido de debutante rosa pink preto  (3)\"                   title=\"eduarda nicole fotos 15 anos atelier ivana beaumond vestido de debutante rosa pink preto  (3)\" \/>            <\/div>            <div class=\"\">                                                      <\/div>          <\/div>        <\/div>                        <\/a>              <\/div>            <div class=\"bwg-item\">        <a class=\"bwg-a  bwg_lightbox\"  data-image-id=\"2591\" href=\"https:\/\/www.ivanabeaumond.com.br\/vestidos-noiva\/wp-content\/uploads\/photo-gallery\/eduarda%20nicole%20fotos%2015%20anos%20atelier%20ivana%20beaumond%20vestido%20de%20debutante%20rosa%20pink%20preto%20%20(12).jpg\" data-elementor-open-lightbox=\"no\">                <div class=\"bwg-item0 \">          <div class=\"bwg-item1 \">            <div class=\"bwg-item2\">              <img class=\"skip-lazy bwg_standart_thumb_img_0 \"                   data-id=\"2591\"                   data-width=\"\"                   data-height=\"\"                   data-src=\"https:\/\/www.ivanabeaumond.com.br\/vestidos-noiva\/wp-content\/uploads\/photo-gallery\/thumb\/eduarda%20nicole%20fotos%2015%20anos%20atelier%20ivana%20beaumond%20vestido%20de%20debutante%20rosa%20pink%20preto%20%20(12).jpg\"                   src=\"https:\/\/www.ivanabeaumond.com.br\/vestidos-noiva\/wp-content\/uploads\/photo-gallery\/thumb\/eduarda%20nicole%20fotos%2015%20anos%20atelier%20ivana%20beaumond%20vestido%20de%20debutante%20rosa%20pink%20preto%20%20(12).jpg\"                   alt=\"eduarda nicole fotos 15 anos atelier ivana beaumond vestido de debutante rosa pink preto  (12)\"                   title=\"eduarda nicole fotos 15 anos atelier ivana beaumond vestido de debutante rosa pink preto  (12)\" \/>            <\/div>            <div class=\"\">                                                      <\/div>          <\/div>        <\/div>                        <\/a>              <\/div>            <div class=\"bwg-item\">        <a class=\"bwg-a  bwg_lightbox\"  data-image-id=\"2597\" href=\"https:\/\/www.ivanabeaumond.com.br\/vestidos-noiva\/wp-content\/uploads\/photo-gallery\/eduarda%20nicole%20fotos%2015%20anos%20atelier%20ivana%20beaumond%20vestido%20de%20debutante%20rosa%20pink%20preto%20%20(18).jpg\" data-elementor-open-lightbox=\"no\">                <div class=\"bwg-item0 \">          <div class=\"bwg-item1 \">            <div class=\"bwg-item2\">              <img class=\"skip-lazy bwg_standart_thumb_img_0 \"                   data-id=\"2597\"                   data-width=\"\"                   data-height=\"\"                   data-src=\"https:\/\/www.ivanabeaumond.com.br\/vestidos-noiva\/wp-content\/uploads\/photo-gallery\/thumb\/eduarda%20nicole%20fotos%2015%20anos%20atelier%20ivana%20beaumond%20vestido%20de%20debutante%20rosa%20pink%20preto%20%20(18).jpg\"                   src=\"https:\/\/www.ivanabeaumond.com.br\/vestidos-noiva\/wp-content\/uploads\/photo-gallery\/thumb\/eduarda%20nicole%20fotos%2015%20anos%20atelier%20ivana%20beaumond%20vestido%20de%20debutante%20rosa%20pink%20preto%20%20(18).jpg\"                   alt=\"eduarda nicole fotos 15 anos atelier ivana beaumond vestido de debutante rosa pink preto  (18)\"                   title=\"eduarda nicole fotos 15 anos atelier ivana beaumond vestido de debutante rosa pink preto  (18)\" \/>            <\/div>            <div class=\"\">                                                      <\/div>          <\/div>        <\/div>                        <\/a>              <\/div>          <\/div>    <style>      \/*pagination styles*\/      #bwg_container1_0 #bwg_container2_0 .tablenav-pages_0 {\t\t\t\ttext-align: center;\t\t\t\tfont-size: 12px;\t\t\t\tfont-family: segoe ui;\t\t\t\tfont-weight: bold;\t\t\t\tcolor: #666666;\t\t\t\tmargin: 6px 0 4px;\t\t\t\tdisplay: block;      }      @media only screen and (max-width : 320px) {      #bwg_container1_0 #bwg_container2_0 .displaying-num_0 {     \t display: none;      }      }      #bwg_container1_0 #bwg_container2_0 .displaying-num_0 {\t\t\t\tfont-size: 12px;\t\t\t\tfont-family: segoe ui;\t\t\t\tfont-weight: bold;\t\t\t\tcolor: #666666;\t\t\t\tmargin-right: 10px;\t\t\t\tvertical-align: middle;      }      #bwg_container1_0 #bwg_container2_0 .paging-input_0 {\t\t\t\tfont-size: 12px;\t\t\t\tfont-family: segoe ui;\t\t\t\tfont-weight: bold;\t\t\t\tcolor: #666666;\t\t\t\tvertical-align: middle;      }      #bwg_container1_0 #bwg_container2_0 .tablenav-pages_0 a.disabled,      #bwg_container1_0 #bwg_container2_0 .tablenav-pages_0 a.disabled:hover,      #bwg_container1_0 #bwg_container2_0 .tablenav-pages_0 a.disabled:focus,\t\t\t#bwg_container1_0 #bwg_container2_0 .tablenav-pages_0 input.bwg_current_page {\t\t\t\tcursor: default;\t\t\t\tcolor: rgba(102, 102, 102, 0.5);      }      #bwg_container1_0 #bwg_container2_0 .tablenav-pages_0 a,      #bwg_container1_0 #bwg_container2_0 .tablenav-pages_0 input.bwg_current_page {\t\t\t\tcursor: pointer;\t\t\t\ttext-align: center;\t\t\t\tfont-size: 12px;\t\t\t\tfont-family: segoe ui;\t\t\t\tfont-weight: bold;\t\t\t\tcolor: #666666;\t\t\t\ttext-decoration: none;\t\t\t\tpadding: 3px 6px;\t\t\t\tmargin: 0;\t\t\t\tborder-radius: 0;\t\t\t\tborder-style: solid;\t\t\t\tborder-width: 1px;\t\t\t\tborder-color: #E3E3E3;\t\t\t\t\t\t\t\tbackground-color: rgba(255, 255, 255, 1.00);\t\t\t\tbox-shadow: 0;\t\t\t\ttransition: all 0.3s ease 0s;-webkit-transition: all 0.3s ease 0s;      }      <\/style>      <span class=\"bwg_nav_cont_0\">              <div class=\"tablenav-pages_0\">                  <\/div>                <input type=\"hidden\" id=\"page_number_0\" name=\"page_number_0\" value=\"1\" \/>      <script type=\"text\/javascript\">        if( jQuery('.bwg_nav_cont_0').length > 1 ) {          jQuery('.bwg_nav_cont_0').first().remove()        }        function spider_page_0(cur, x, y, load_more) {          if (typeof load_more == \"undefined\") {            var load_more = false;          }          if (jQuery(cur).hasClass('disabled')) {            return false;          }          var items_county_0 = 1;          switch (y) {            case 1:              if (x >= items_county_0) {                document.getElementById('page_number_0').value = items_county_0;              }              else {                document.getElementById('page_number_0').value = x + 1;              }              break;            case 2:              document.getElementById('page_number_0').value = items_county_0;              break;            case -1:              if (x == 1) {                document.getElementById('page_number_0').value = 1;              }              else {                document.getElementById('page_number_0').value = x - 1;              }              break;            case -2:              document.getElementById('page_number_0').value = 1;              break;\t\t\t\t\t\tcase 0:              document.getElementById('page_number_0').value = x;              break;            default:              document.getElementById('page_number_0').value = 1;          }          bwg_ajax('gal_front_form_0', '0', 'bwg_thumbnails_0', '0', '', 'gallery', 0, '', '', load_more, '', 1);        }                    jQuery('.first-page-0').on('click', function () {              spider_page_0(this, 1, -2, 'numeric');              return false;            });            jQuery('.prev-page-0').on('click', function () {              spider_page_0(this, 1, -1, 'numeric');              return false;            });            jQuery('.next-page-0').on('click', function () {              spider_page_0(this, 1, 1, 'numeric');              return false;            });            jQuery('.last-page-0').on('click', function () {              spider_page_0(this, 1, 2, 'numeric');              return false;            });        \t\t\t\t\/* Change page on input enter. *\/        function bwg_change_page_0( e, that ) {          if (  e.key == 'Enter' ) {            var to_page = parseInt(jQuery(that).val());            var pages_count = jQuery(that).parents(\".pagination-links\").data(\"pages-count\");            var current_url_param = jQuery(that).attr('data-url-info');            if (to_page > pages_count) {              to_page = 1;            }\t \t\t\t\t\t\t\t\t\t\t\t\tspider_page_0(this, to_page, 0, 'numeric');\t\t\t\t\t\t\treturn false;\t\t\t\t\t\t          }          return true;        }        jQuery('.bwg_load_btn_0').on('click', function () {            spider_page_0(this, 1, 1, true);            return false;        });      <\/script>      <\/span>                <\/div>        <\/form>        <style>          #bwg_container1_0 #bwg_container2_0 #spider_popup_overlay_0 {          background-color: #000000;          opacity: 0.70;          }          <\/style>        <div id=\"bwg_spider_popup_loading_0\" class=\"bwg_spider_popup_loading\"><\/div>        <div id=\"spider_popup_overlay_0\" class=\"spider_popup_overlay\" onclick=\"spider_destroypopup(1000)\"><\/div>        <input type=\"hidden\" id=\"bwg_random_seed_0\" value=\"222396528\">                <\/div>    <\/div>    <script>      if (document.readyState === 'complete') {        if( typeof bwg_main_ready == 'function' ) {          if ( jQuery(\"#bwg_container1_0\").height() ) {            bwg_main_ready(jQuery(\"#bwg_container1_0\"));          }        }      } else {        document.addEventListener('DOMContentLoaded', function() {          if( typeof bwg_main_ready == 'function' ) {            if ( jQuery(\"#bwg_container1_0\").height() ) {             bwg_main_ready(jQuery(\"#bwg_container1_0\"));            }          }        });      }    <\/script>    \n<h4><\/h4>\n<h4 style=\"text-align: justify;\"><span style=\"color: #333333;\">Ficha T\u00e9cnica:<\/span><\/h4>\n<h4 style=\"text-align: justify;\"><span style=\"color: #333333;\">Vestidos: Atelier Ivana Beaumond Paris. Local da festa: Espa\u00e7o Zurique. Fotografia e filmagem: Bruno Felipe Fotografia.<\/span><\/h4>\n<p style=\"text-align: justify;\">\n<div class=\"post_content_holder\" style=\"text-align: justify;\">\n<div class=\"post_text\">\n<h4><span style=\"color: #999999;\">Gostou? Siga nosso instagram\u00a0<\/span><a href=\"https:\/\/www.instagram.com\/ivanaparisdebutantes\" target=\"_blank\" rel=\"noopener noreferrer\">@ivanaparisdebutantes\u00a0<\/a><span style=\"color: #999999;\">e curta nossa fanpage<\/span>\u00a0<a href=\"https:\/\/www.facebook.com\/IvanaBeaumondDebutantes\/\" target=\"_blank\" rel=\"noopener noreferrer\">Ivana Beaumond<\/a>\u00a0<span style=\"color: #999999;\">para ficar por dentro de tudo o que rola no mundo das\u00a0debutantes. N\u00e3o deixe de conferir tamb\u00e9m as nossas cole\u00e7\u00f5es de<\/span>\u00a0<a href=\"http:\/\/www.ivanabeaumond.com.br\/vestidos-noiva\/vestidos-debutantes\/\" target=\"_blank\" rel=\"noopener noreferrer\">Vestidos de Debutante<\/a>\u00a0<span style=\"color: #999999;\">e<\/span>\u00a0<a href=\"http:\/\/www.ivanabeaumond.com.br\/vestidos-noiva\/vestidos-casamento-madrinha-festa-formatura\/\" target=\"_blank\" rel=\"noopener noreferrer\">Moda Festa<\/a><span style=\"color: #999999;\">,\u00a0trazendo as maiores novidades da alta costura com os mais belos modelos!<\/span><\/h4>\n<\/div>\n<\/div>\n<div class=\"single_tags\" style=\"text-align: justify;\"><\/div>\n<h4><\/h4>\n","protected":false},"excerpt":{"rendered":"<p>\u00a0Qual \u00e9 a cor do seu sonho? O da Eduarda&#8230;<\/p>\n","protected":false},"author":4,"featured_media":18947,"comment_status":"closed","ping_status":"closed","sticky":false,"template":"","format":"standard","meta":[],"categories":[60,129],"tags":[172,620,883,131,203,204,133,156,891,837,789,293,425,892,410,286,107,273,629,887,888,149,138,890,690,889],"yoast_head":"<!-- This site is optimized with the Yoast SEO plugin v20.3 - https:\/\/yoast.com\/wordpress\/plugins\/seo\/ -->\n<title>Debutando com Eduarda Nicolle - Vestido de Noiva RJ<\/title>\n<meta name=\"robots\" content=\"index, follow, max-snippet:-1, max-image-preview:large, max-video-preview:-1\" \/>\n<link rel=\"canonical\" href=\"https:\/\/www.ivanabeaumond.com.br\/vestidos-noiva\/15-anos-da-duda-nicolle\/\" \/>\n<meta property=\"og:locale\" content=\"pt_BR\" \/>\n<meta property=\"og:type\" content=\"article\" \/>\n<meta property=\"og:title\" content=\"Debutando com Eduarda Nicolle - Vestido de Noiva RJ\" \/>\n<meta property=\"og:description\" content=\"\u00a0Qual \u00e9 a cor do seu sonho? O da Eduarda...\" \/>\n<meta property=\"og:url\" content=\"https:\/\/www.ivanabeaumond.com.br\/vestidos-noiva\/15-anos-da-duda-nicolle\/\" \/>\n<meta property=\"og:site_name\" content=\"Vestido de Noiva RJ\" \/>\n<meta property=\"article:publisher\" content=\"https:\/\/www.facebook.com\/ivana.beaumondnoivas\" \/>\n<meta property=\"article:published_time\" content=\"2019-06-28T19:31:16+00:00\" \/>\n<meta property=\"article:modified_time\" content=\"2020-08-19T20:00:39+00:00\" \/>\n<meta property=\"og:image\" content=\"https:\/\/www.ivanabeaumond.com.br\/vestidos-noiva\/wp-content\/uploads\/2019\/06\/eduarda-nicole-fotos-15-anos-atelier-ivana-beaumond-vestido-de-debutante-rosa-pink-preto-27-e1561669200936.jpg\" \/>\n\t<meta property=\"og:image:width\" content=\"600\" \/>\n\t<meta property=\"og:image:height\" content=\"400\" \/>\n\t<meta property=\"og:image:type\" content=\"image\/jpeg\" \/>\n<meta name=\"author\" content=\"Ivana Beaumond Paris\" \/>\n<meta name=\"twitter:card\" content=\"summary_large_image\" \/>\n<meta name=\"twitter:label1\" content=\"Escrito por\" \/>\n\t<meta name=\"twitter:data1\" content=\"Ivana Beaumond Paris\" \/>\n\t<meta name=\"twitter:label2\" content=\"Est. tempo de leitura\" \/>\n\t<meta name=\"twitter:data2\" content=\"1 minuto\" \/>\n<script type=\"application\/ld+json\" class=\"yoast-schema-graph\">{\"@context\":\"https:\/\/schema.org\",\"@graph\":[{\"@type\":\"Article\",\"@id\":\"https:\/\/www.ivanabeaumond.com.br\/vestidos-noiva\/15-anos-da-duda-nicolle\/#article\",\"isPartOf\":{\"@id\":\"https:\/\/www.ivanabeaumond.com.br\/vestidos-noiva\/15-anos-da-duda-nicolle\/\"},\"author\":{\"name\":\"Ivana Beaumond Paris\",\"@id\":\"https:\/\/www.ivanabeaumond.com.br\/vestidos-noiva\/#\/schema\/person\/1a360c4cffa3b806d29a456389dcff26\"},\"headline\":\"Debutando com Eduarda Nicolle\",\"datePublished\":\"2019-06-28T19:31:16+00:00\",\"dateModified\":\"2020-08-19T20:00:39+00:00\",\"mainEntityOfPage\":{\"@id\":\"https:\/\/www.ivanabeaumond.com.br\/vestidos-noiva\/15-anos-da-duda-nicolle\/\"},\"wordCount\":251,\"publisher\":{\"@id\":\"https:\/\/www.ivanabeaumond.com.br\/vestidos-noiva\/#organization\"},\"keywords\":[\"15 anos\",\"15 anos festa\",\"15 anos linda\",\"aluguel de roupas\",\"atelier\",\"atelieraltacostura\",\"atelierivanabeaumond\",\"casamento no civil\",\"como escolher vestido de 15 anos\",\"como escolher vestido de festa\",\"debutantes rj\",\"errejota\",\"espa\u00e7o zurique\",\"festa rj\",\"inesquec\u00edvel 15 anos\",\"ivana beaumond\",\"ivanabeaumond\",\"rio de janeiro\",\"rj\",\"rosa\",\"rosa pink\",\"vestido de 15 anos\",\"vestido de festa\",\"vestido de festa rosa\",\"vestido de noiva rj\",\"vestido pink\"],\"articleSection\":[\"Blog\",\"Espa\u00e7o Debutantes\"],\"inLanguage\":\"pt-BR\"},{\"@type\":\"WebPage\",\"@id\":\"https:\/\/www.ivanabeaumond.com.br\/vestidos-noiva\/15-anos-da-duda-nicolle\/\",\"url\":\"https:\/\/www.ivanabeaumond.com.br\/vestidos-noiva\/15-anos-da-duda-nicolle\/\",\"name\":\"Debutando com Eduarda Nicolle - Vestido de Noiva RJ\",\"isPartOf\":{\"@id\":\"https:\/\/www.ivanabeaumond.com.br\/vestidos-noiva\/#website\"},\"datePublished\":\"2019-06-28T19:31:16+00:00\",\"dateModified\":\"2020-08-19T20:00:39+00:00\",\"breadcrumb\":{\"@id\":\"https:\/\/www.ivanabeaumond.com.br\/vestidos-noiva\/15-anos-da-duda-nicolle\/#breadcrumb\"},\"inLanguage\":\"pt-BR\",\"potentialAction\":[{\"@type\":\"ReadAction\",\"target\":[\"https:\/\/www.ivanabeaumond.com.br\/vestidos-noiva\/15-anos-da-duda-nicolle\/\"]}]},{\"@type\":\"BreadcrumbList\",\"@id\":\"https:\/\/www.ivanabeaumond.com.br\/vestidos-noiva\/15-anos-da-duda-nicolle\/#breadcrumb\",\"itemListElement\":[{\"@type\":\"ListItem\",\"position\":1,\"name\":\"In\u00edcio\",\"item\":\"https:\/\/www.ivanabeaumond.com.br\/vestidos-noiva\/\"},{\"@type\":\"ListItem\",\"position\":2,\"name\":\"Debutando com Eduarda Nicolle\"}]},{\"@type\":\"WebSite\",\"@id\":\"https:\/\/www.ivanabeaumond.com.br\/vestidos-noiva\/#website\",\"url\":\"https:\/\/www.ivanabeaumond.com.br\/vestidos-noiva\/\",\"name\":\"Vestido de Noiva RJ\",\"description\":\"Moda Noiva\",\"publisher\":{\"@id\":\"https:\/\/www.ivanabeaumond.com.br\/vestidos-noiva\/#organization\"},\"potentialAction\":[{\"@type\":\"SearchAction\",\"target\":{\"@type\":\"EntryPoint\",\"urlTemplate\":\"https:\/\/www.ivanabeaumond.com.br\/vestidos-noiva\/?s={search_term_string}\"},\"query-input\":\"required name=search_term_string\"}],\"inLanguage\":\"pt-BR\"},{\"@type\":\"Organization\",\"@id\":\"https:\/\/www.ivanabeaumond.com.br\/vestidos-noiva\/#organization\",\"name\":\"Vestido de Noiva RJ\",\"url\":\"https:\/\/www.ivanabeaumond.com.br\/vestidos-noiva\/\",\"logo\":{\"@type\":\"ImageObject\",\"inLanguage\":\"pt-BR\",\"@id\":\"https:\/\/www.ivanabeaumond.com.br\/vestidos-noiva\/#\/schema\/logo\/image\/\",\"url\":\"https:\/\/www.ivanabeaumond.com.br\/vestidos-noiva\/wp-content\/uploads\/2018\/02\/logo_ivana_beaumond-2.png\",\"contentUrl\":\"https:\/\/www.ivanabeaumond.com.br\/vestidos-noiva\/wp-content\/uploads\/2018\/02\/logo_ivana_beaumond-2.png\",\"width\":230,\"height\":112,\"caption\":\"Vestido de Noiva RJ\"},\"image\":{\"@id\":\"https:\/\/www.ivanabeaumond.com.br\/vestidos-noiva\/#\/schema\/logo\/image\/\"},\"sameAs\":[\"https:\/\/www.facebook.com\/ivana.beaumondnoivas\",\"https:\/\/www.instagram.com\/ivanabeaumond\/\",\"https:\/\/www.tiktok.com\/@ivanabeaumond\"]},{\"@type\":\"Person\",\"@id\":\"https:\/\/www.ivanabeaumond.com.br\/vestidos-noiva\/#\/schema\/person\/1a360c4cffa3b806d29a456389dcff26\",\"name\":\"Ivana Beaumond Paris\",\"image\":{\"@type\":\"ImageObject\",\"inLanguage\":\"pt-BR\",\"@id\":\"https:\/\/www.ivanabeaumond.com.br\/vestidos-noiva\/#\/schema\/person\/image\/\",\"url\":\"https:\/\/secure.gravatar.com\/avatar\/641f98db20b53ec937ceb641db4270b9?s=96&d=mm&r=g\",\"contentUrl\":\"https:\/\/secure.gravatar.com\/avatar\/641f98db20b53ec937ceb641db4270b9?s=96&d=mm&r=g\",\"caption\":\"Ivana Beaumond Paris\"},\"url\":\"https:\/\/www.ivanabeaumond.com.br\/vestidos-noiva\/author\/ivana\/\"}]}<\/script>\n<!-- \/ Yoast SEO plugin. -->","yoast_head_json":{"title":"Debutando com Eduarda Nicolle - Vestido de Noiva RJ","robots":{"index":"index","follow":"follow","max-snippet":"max-snippet:-1","max-image-preview":"max-image-preview:large","max-video-preview":"max-video-preview:-1"},"canonical":"https:\/\/www.ivanabeaumond.com.br\/vestidos-noiva\/15-anos-da-duda-nicolle\/","og_locale":"pt_BR","og_type":"article","og_title":"Debutando com Eduarda Nicolle - Vestido de Noiva RJ","og_description":"\u00a0Qual \u00e9 a cor do seu sonho? O da Eduarda...","og_url":"https:\/\/www.ivanabeaumond.com.br\/vestidos-noiva\/15-anos-da-duda-nicolle\/","og_site_name":"Vestido de Noiva RJ","article_publisher":"https:\/\/www.facebook.com\/ivana.beaumondnoivas","article_published_time":"2019-06-28T19:31:16+00:00","article_modified_time":"2020-08-19T20:00:39+00:00","og_image":[{"width":600,"height":400,"url":"https:\/\/www.ivanabeaumond.com.br\/vestidos-noiva\/wp-content\/uploads\/2019\/06\/eduarda-nicole-fotos-15-anos-atelier-ivana-beaumond-vestido-de-debutante-rosa-pink-preto-27-e1561669200936.jpg","type":"image\/jpeg"}],"author":"Ivana Beaumond Paris","twitter_card":"summary_large_image","twitter_misc":{"Escrito por":"Ivana Beaumond Paris","Est. tempo de leitura":"1 minuto"},"schema":{"@context":"https:\/\/schema.org","@graph":[{"@type":"Article","@id":"https:\/\/www.ivanabeaumond.com.br\/vestidos-noiva\/15-anos-da-duda-nicolle\/#article","isPartOf":{"@id":"https:\/\/www.ivanabeaumond.com.br\/vestidos-noiva\/15-anos-da-duda-nicolle\/"},"author":{"name":"Ivana Beaumond Paris","@id":"https:\/\/www.ivanabeaumond.com.br\/vestidos-noiva\/#\/schema\/person\/1a360c4cffa3b806d29a456389dcff26"},"headline":"Debutando com Eduarda Nicolle","datePublished":"2019-06-28T19:31:16+00:00","dateModified":"2020-08-19T20:00:39+00:00","mainEntityOfPage":{"@id":"https:\/\/www.ivanabeaumond.com.br\/vestidos-noiva\/15-anos-da-duda-nicolle\/"},"wordCount":251,"publisher":{"@id":"https:\/\/www.ivanabeaumond.com.br\/vestidos-noiva\/#organization"},"keywords":["15 anos","15 anos festa","15 anos linda","aluguel de roupas","atelier","atelieraltacostura","atelierivanabeaumond","casamento no civil","como escolher vestido de 15 anos","como escolher vestido de festa","debutantes rj","errejota","espa\u00e7o zurique","festa rj","inesquec\u00edvel 15 anos","ivana beaumond","ivanabeaumond","rio de janeiro","rj","rosa","rosa pink","vestido de 15 anos","vestido de festa","vestido de festa rosa","vestido de noiva rj","vestido pink"],"articleSection":["Blog","Espa\u00e7o Debutantes"],"inLanguage":"pt-BR"},{"@type":"WebPage","@id":"https:\/\/www.ivanabeaumond.com.br\/vestidos-noiva\/15-anos-da-duda-nicolle\/","url":"https:\/\/www.ivanabeaumond.com.br\/vestidos-noiva\/15-anos-da-duda-nicolle\/","name":"Debutando com Eduarda Nicolle - Vestido de Noiva RJ","isPartOf":{"@id":"https:\/\/www.ivanabeaumond.com.br\/vestidos-noiva\/#website"},"datePublished":"2019-06-28T19:31:16+00:00","dateModified":"2020-08-19T20:00:39+00:00","breadcrumb":{"@id":"https:\/\/www.ivanabeaumond.com.br\/vestidos-noiva\/15-anos-da-duda-nicolle\/#breadcrumb"},"inLanguage":"pt-BR","potentialAction":[{"@type":"ReadAction","target":["https:\/\/www.ivanabeaumond.com.br\/vestidos-noiva\/15-anos-da-duda-nicolle\/"]}]},{"@type":"BreadcrumbList","@id":"https:\/\/www.ivanabeaumond.com.br\/vestidos-noiva\/15-anos-da-duda-nicolle\/#breadcrumb","itemListElement":[{"@type":"ListItem","position":1,"name":"In\u00edcio","item":"https:\/\/www.ivanabeaumond.com.br\/vestidos-noiva\/"},{"@type":"ListItem","position":2,"name":"Debutando com Eduarda Nicolle"}]},{"@type":"WebSite","@id":"https:\/\/www.ivanabeaumond.com.br\/vestidos-noiva\/#website","url":"https:\/\/www.ivanabeaumond.com.br\/vestidos-noiva\/","name":"Vestido de Noiva RJ","description":"Moda Noiva","publisher":{"@id":"https:\/\/www.ivanabeaumond.com.br\/vestidos-noiva\/#organization"},"potentialAction":[{"@type":"SearchAction","target":{"@type":"EntryPoint","urlTemplate":"https:\/\/www.ivanabeaumond.com.br\/vestidos-noiva\/?s={search_term_string}"},"query-input":"required name=search_term_string"}],"inLanguage":"pt-BR"},{"@type":"Organization","@id":"https:\/\/www.ivanabeaumond.com.br\/vestidos-noiva\/#organization","name":"Vestido de Noiva RJ","url":"https:\/\/www.ivanabeaumond.com.br\/vestidos-noiva\/","logo":{"@type":"ImageObject","inLanguage":"pt-BR","@id":"https:\/\/www.ivanabeaumond.com.br\/vestidos-noiva\/#\/schema\/logo\/image\/","url":"https:\/\/www.ivanabeaumond.com.br\/vestidos-noiva\/wp-content\/uploads\/2018\/02\/logo_ivana_beaumond-2.png","contentUrl":"https:\/\/www.ivanabeaumond.com.br\/vestidos-noiva\/wp-content\/uploads\/2018\/02\/logo_ivana_beaumond-2.png","width":230,"height":112,"caption":"Vestido de Noiva RJ"},"image":{"@id":"https:\/\/www.ivanabeaumond.com.br\/vestidos-noiva\/#\/schema\/logo\/image\/"},"sameAs":["https:\/\/www.facebook.com\/ivana.beaumondnoivas","https:\/\/www.instagram.com\/ivanabeaumond\/","https:\/\/www.tiktok.com\/@ivanabeaumond"]},{"@type":"Person","@id":"https:\/\/www.ivanabeaumond.com.br\/vestidos-noiva\/#\/schema\/person\/1a360c4cffa3b806d29a456389dcff26","name":"Ivana Beaumond Paris","image":{"@type":"ImageObject","inLanguage":"pt-BR","@id":"https:\/\/www.ivanabeaumond.com.br\/vestidos-noiva\/#\/schema\/person\/image\/","url":"https:\/\/secure.gravatar.com\/avatar\/641f98db20b53ec937ceb641db4270b9?s=96&d=mm&r=g","contentUrl":"https:\/\/secure.gravatar.com\/avatar\/641f98db20b53ec937ceb641db4270b9?s=96&d=mm&r=g","caption":"Ivana Beaumond Paris"},"url":"https:\/\/www.ivanabeaumond.com.br\/vestidos-noiva\/author\/ivana\/"}]}},"_links":{"self":[{"href":"https:\/\/www.ivanabeaumond.com.br\/vestidos-noiva\/wp-json\/wp\/v2\/posts\/18945"}],"collection":[{"href":"https:\/\/www.ivanabeaumond.com.br\/vestidos-noiva\/wp-json\/wp\/v2\/posts"}],"about":[{"href":"https:\/\/www.ivanabeaumond.com.br\/vestidos-noiva\/wp-json\/wp\/v2\/types\/post"}],"author":[{"embeddable":true,"href":"https:\/\/www.ivanabeaumond.com.br\/vestidos-noiva\/wp-json\/wp\/v2\/users\/4"}],"replies":[{"embeddable":true,"href":"https:\/\/www.ivanabeaumond.com.br\/vestidos-noiva\/wp-json\/wp\/v2\/comments?post=18945"}],"version-history":[{"count":19,"href":"https:\/\/www.ivanabeaumond.com.br\/vestidos-noiva\/wp-json\/wp\/v2\/posts\/18945\/revisions"}],"predecessor-version":[{"id":25887,"href":"https:\/\/www.ivanabeaumond.com.br\/vestidos-noiva\/wp-json\/wp\/v2\/posts\/18945\/revisions\/25887"}],"wp:featuredmedia":[{"embeddable":true,"href":"https:\/\/www.ivanabeaumond.com.br\/vestidos-noiva\/wp-json\/wp\/v2\/media\/18947"}],"wp:attachment":[{"href":"https:\/\/www.ivanabeaumond.com.br\/vestidos-noiva\/wp-json\/wp\/v2\/media?parent=18945"}],"wp:term":[{"taxonomy":"category","embeddable":true,"href":"https:\/\/www.ivanabeaumond.com.br\/vestidos-noiva\/wp-json\/wp\/v2\/categories?post=18945"},{"taxonomy":"post_tag","embeddable":true,"href":"https:\/\/www.ivanabeaumond.com.br\/vestidos-noiva\/wp-json\/wp\/v2\/tags?post=18945"}],"curies":[{"name":"wp","href":"https:\/\/api.w.org\/{rel}","templated":true}]}}