{"id":19149,"date":"2019-07-08T13:43:19","date_gmt":"2019-07-08T16:43:19","guid":{"rendered":"https:\/\/www.ivanabeaumond.com.br\/vestidos-noiva\/?p=19149"},"modified":"2019-07-08T13:43:19","modified_gmt":"2019-07-08T16:43:19","slug":"ivana-beaumond-e-materia-no-jornal-diario-do-para","status":"publish","type":"post","link":"https:\/\/www.ivanabeaumond.com.br\/vestidos-noiva\/ivana-beaumond-e-materia-no-jornal-diario-do-para\/","title":{"rendered":"Ivana Beaumond \u00e9 mat\u00e9ria no Jornal Di\u00e1rio do Par\u00e1"},"content":{"rendered":"<h4 style=\"text-align: justify;\"><span style=\"color: #999999;\">Neste domingo, a empres\u00e1ria Ivana Beaumond foi destaque na coluna do jornalista Marcelo Pinheiro para o jornal Di\u00e1rio do Par\u00e1. Confira a mat\u00e9ria na \u00edntegra:<\/span><\/h4>\n<h4 style=\"text-align: justify;\"><\/h4>\n<p>&nbsp;<\/p>\n<p>&nbsp;<\/p>\n<p>&nbsp;<\/p>\n<p>&nbsp;<\/p>\n<h4 style=\"text-align: justify;\"><span style=\"color: #999999;\">&#8220;\u00c9 ela, a Dona do Peda\u00e7o<\/span><\/h4>\n<h4 style=\"text-align: justify;\"><span style=\"color: #999999;\"> (por Marcelo Pinheiro)<\/span><\/h4>\n<h4 style=\"text-align: justify;\"><\/h4>\n<p>&nbsp;<\/p>\n<p>&nbsp;<\/p>\n<p>&nbsp;<\/p>\n<h4 style=\"text-align: justify;\"><span style=\"color: #999999;\">Ivana Beaumond (foto), a estilista paraense radicada no Rio de Janeiro, mostrou esta semana para todo o Brasil que fic\u00e7\u00e3o e realidade, se combinados tipo cal\u00e7a e blusa do mesmo tecido, caem muito bem, ao ter sua maison de trajes finos na Barra da Tijuca como cen\u00e1rio da escolha do vestido de noiva da personagem da atriz Juliana Paes na novela das 21h. Se na est\u00f3ria a rica\u00e7a quer o melhor para seu grande dia, a hist\u00f3ria lhe ofereceu em mesmo n\u00edvel a empres\u00e1ria bem sucedida,, presen\u00e7a constante nas listas de festas disputadas do eixo Rio-S\u00e3o Paulo, passageira frequente de vo\u00f4s internacionais para a primeira-fila dos desfiles de moda e da roda de gente da envergadura da estilista de noivas espanhola Rosa Clar\u00e1, numa trajet\u00f3ria \u00e1rdua, tal e qual a protagonista da trama de Tv, desde quando deixou o bairro de Sacramenta, em Bel\u00e9m, para ganhar o Brasil e o mundo, onde consolidou o nome e a grife que se tornam &#8220;A Dona do Peda\u00e7o&#8221;, de verdade. &#8220;<\/span><\/h4>\n<h4 style=\"text-align: justify;\"><\/h4>\n<p>&nbsp;<\/p>\n<p>&nbsp;<\/p>\n<p><img decoding=\"async\" loading=\"lazy\" class=\"aligncenter size-full wp-image-19150\" src=\"https:\/\/www.ivanabeaumond.com.br\/vestidos-noiva\/wp-content\/uploads\/2019\/07\/Ivana-Beaumond-A-Dona-do-Peda\u00e7o-Jornal-do-Par\u00e1-e1562600626188.jpg\" alt=\"Ivana Beaumond A Dona do Peda\u00e7o Jornal do Par\u00e1\" width=\"600\" height=\"634\" \/><\/p>\n<p>&nbsp;<\/p>\n<p>&nbsp;<\/p>\n<p>&nbsp;<\/p>\n<p>&nbsp;<\/p>\n<p>&nbsp;<\/p>\n<p>&nbsp;<\/p>\n<p>&nbsp;<\/p>\n<h4><strong><span style=\"color: #999999;\">Gostou? Siga nosso instagram<\/span>\u00a0<\/strong><a href=\"https:\/\/www.instagram.com\/ivanabeaumond\/\"><strong>@ivanabeaumond<\/strong><\/a><span style=\"color: #999999;\"><strong>\u00a0e curta nossa fanpage\u00a0<\/strong><\/span><a href=\"https:\/\/www.facebook.com\/IvanaBeaumond\/\"><strong>Ivana Beaumond<\/strong><\/a><strong>\u00a0<span style=\"color: #999999;\">para ficar por dentro de tudo o que rola no mundo das noivas, e conhe\u00e7a nossos Melhores Modelos de Vestidos de Noivas Nacionais, Importados e Sob Medida.<\/span><\/strong><\/h4>\n<p>&nbsp;<\/p>\n","protected":false},"excerpt":{"rendered":"<p>Neste domingo, a empres\u00e1ria Ivana Beaumond foi destaque na coluna&#8230;<\/p>\n","protected":false},"author":4,"featured_media":19155,"comment_status":"closed","ping_status":"closed","sticky":false,"template":"","format":"standard","meta":[],"categories":[60,128],"tags":[821,650,695,170,926,177,923,823,927,286,278,107,922,897,924,624,894,925,822,115],"yoast_head":"<!-- This site is optimized with the Yoast SEO plugin v20.3 - https:\/\/yoast.com\/wordpress\/plugins\/seo\/ -->\n<title>Ivana Beaumond \u00e9 mat\u00e9ria no Jornal Di\u00e1rio do Par\u00e1 - Vestido de Noiva RJ<\/title>\n<meta name=\"robots\" content=\"index, follow, max-snippet:-1, max-image-preview:large, max-video-preview:-1\" \/>\n<link rel=\"canonical\" href=\"https:\/\/www.ivanabeaumond.com.br\/vestidos-noiva\/ivana-beaumond-e-materia-no-jornal-diario-do-para\/\" \/>\n<meta property=\"og:locale\" content=\"pt_BR\" \/>\n<meta property=\"og:type\" content=\"article\" \/>\n<meta property=\"og:title\" content=\"Ivana Beaumond \u00e9 mat\u00e9ria no Jornal Di\u00e1rio do Par\u00e1 - Vestido de Noiva RJ\" \/>\n<meta property=\"og:description\" content=\"Neste domingo, a empres\u00e1ria Ivana Beaumond foi destaque na coluna...\" \/>\n<meta property=\"og:url\" content=\"https:\/\/www.ivanabeaumond.com.br\/vestidos-noiva\/ivana-beaumond-e-materia-no-jornal-diario-do-para\/\" \/>\n<meta property=\"og:site_name\" content=\"Vestido de Noiva RJ\" \/>\n<meta property=\"article:publisher\" content=\"https:\/\/www.facebook.com\/ivana.beaumondnoivas\" \/>\n<meta property=\"article:published_time\" content=\"2019-07-08T16:43:19+00:00\" \/>\n<meta property=\"og:image\" content=\"https:\/\/www.ivanabeaumond.com.br\/vestidos-noiva\/wp-content\/uploads\/2019\/07\/Ivana-Beaumond-A-Dona-do-Peda\u00e7o-Jornal-do-Par\u00e11-e1562604070107.jpg\" \/>\n\t<meta property=\"og:image:width\" content=\"600\" \/>\n\t<meta property=\"og:image:height\" content=\"417\" \/>\n\t<meta property=\"og:image:type\" content=\"image\/jpeg\" \/>\n<meta name=\"author\" content=\"Ivana Beaumond Paris\" \/>\n<meta name=\"twitter:card\" content=\"summary_large_image\" \/>\n<meta name=\"twitter:label1\" content=\"Escrito por\" \/>\n\t<meta name=\"twitter:data1\" content=\"Ivana Beaumond Paris\" \/>\n\t<meta name=\"twitter:label2\" content=\"Est. tempo de leitura\" \/>\n\t<meta name=\"twitter:data2\" content=\"1 minuto\" \/>\n<script type=\"application\/ld+json\" class=\"yoast-schema-graph\">{\"@context\":\"https:\/\/schema.org\",\"@graph\":[{\"@type\":\"Article\",\"@id\":\"https:\/\/www.ivanabeaumond.com.br\/vestidos-noiva\/ivana-beaumond-e-materia-no-jornal-diario-do-para\/#article\",\"isPartOf\":{\"@id\":\"https:\/\/www.ivanabeaumond.com.br\/vestidos-noiva\/ivana-beaumond-e-materia-no-jornal-diario-do-para\/\"},\"author\":{\"name\":\"Ivana Beaumond Paris\",\"@id\":\"https:\/\/www.ivanabeaumond.com.br\/vestidos-noiva\/#\/schema\/person\/1a360c4cffa3b806d29a456389dcff26\"},\"headline\":\"Ivana Beaumond \u00e9 mat\u00e9ria no Jornal Di\u00e1rio do Par\u00e1\",\"datePublished\":\"2019-07-08T16:43:19+00:00\",\"dateModified\":\"2019-07-08T16:43:19+00:00\",\"mainEntityOfPage\":{\"@id\":\"https:\/\/www.ivanabeaumond.com.br\/vestidos-noiva\/ivana-beaumond-e-materia-no-jornal-diario-do-para\/\"},\"wordCount\":284,\"publisher\":{\"@id\":\"https:\/\/www.ivanabeaumond.com.br\/vestidos-noiva\/#organization\"},\"keywords\":[\"a dona do peda\u00e7o\",\"atelier ivana beaumond\",\"atelier ivana beaumond paris\",\"atriz\",\"bel\u00e9m\",\"celebridades\",\"di\u00e1rio do par\u00e1\",\"globo\",\"imprensa\",\"ivana beaumond\",\"ivana beaumond paris\",\"ivanabeaumond\",\"jornal\",\"juliana paes\",\"marcelo pinheiro\",\"na m\u00eddia\",\"novela a dona do peda\u00e7o\",\"par\u00e1\",\"rede globo\",\"vestido de noiva\"],\"articleSection\":[\"Blog\",\"Na M\u00eddia\"],\"inLanguage\":\"pt-BR\"},{\"@type\":\"WebPage\",\"@id\":\"https:\/\/www.ivanabeaumond.com.br\/vestidos-noiva\/ivana-beaumond-e-materia-no-jornal-diario-do-para\/\",\"url\":\"https:\/\/www.ivanabeaumond.com.br\/vestidos-noiva\/ivana-beaumond-e-materia-no-jornal-diario-do-para\/\",\"name\":\"Ivana Beaumond \u00e9 mat\u00e9ria no Jornal Di\u00e1rio do Par\u00e1 - Vestido de Noiva RJ\",\"isPartOf\":{\"@id\":\"https:\/\/www.ivanabeaumond.com.br\/vestidos-noiva\/#website\"},\"datePublished\":\"2019-07-08T16:43:19+00:00\",\"dateModified\":\"2019-07-08T16:43:19+00:00\",\"breadcrumb\":{\"@id\":\"https:\/\/www.ivanabeaumond.com.br\/vestidos-noiva\/ivana-beaumond-e-materia-no-jornal-diario-do-para\/#breadcrumb\"},\"inLanguage\":\"pt-BR\",\"potentialAction\":[{\"@type\":\"ReadAction\",\"target\":[\"https:\/\/www.ivanabeaumond.com.br\/vestidos-noiva\/ivana-beaumond-e-materia-no-jornal-diario-do-para\/\"]}]},{\"@type\":\"BreadcrumbList\",\"@id\":\"https:\/\/www.ivanabeaumond.com.br\/vestidos-noiva\/ivana-beaumond-e-materia-no-jornal-diario-do-para\/#breadcrumb\",\"itemListElement\":[{\"@type\":\"ListItem\",\"position\":1,\"name\":\"In\u00edcio\",\"item\":\"https:\/\/www.ivanabeaumond.com.br\/vestidos-noiva\/\"},{\"@type\":\"ListItem\",\"position\":2,\"name\":\"Ivana Beaumond \u00e9 mat\u00e9ria no Jornal Di\u00e1rio do Par\u00e1\"}]},{\"@type\":\"WebSite\",\"@id\":\"https:\/\/www.ivanabeaumond.com.br\/vestidos-noiva\/#website\",\"url\":\"https:\/\/www.ivanabeaumond.com.br\/vestidos-noiva\/\",\"name\":\"Vestido de Noiva RJ\",\"description\":\"Moda Noiva\",\"publisher\":{\"@id\":\"https:\/\/www.ivanabeaumond.com.br\/vestidos-noiva\/#organization\"},\"potentialAction\":[{\"@type\":\"SearchAction\",\"target\":{\"@type\":\"EntryPoint\",\"urlTemplate\":\"https:\/\/www.ivanabeaumond.com.br\/vestidos-noiva\/?s={search_term_string}\"},\"query-input\":\"required name=search_term_string\"}],\"inLanguage\":\"pt-BR\"},{\"@type\":\"Organization\",\"@id\":\"https:\/\/www.ivanabeaumond.com.br\/vestidos-noiva\/#organization\",\"name\":\"Vestido de Noiva RJ\",\"url\":\"https:\/\/www.ivanabeaumond.com.br\/vestidos-noiva\/\",\"logo\":{\"@type\":\"ImageObject\",\"inLanguage\":\"pt-BR\",\"@id\":\"https:\/\/www.ivanabeaumond.com.br\/vestidos-noiva\/#\/schema\/logo\/image\/\",\"url\":\"https:\/\/www.ivanabeaumond.com.br\/vestidos-noiva\/wp-content\/uploads\/2018\/02\/logo_ivana_beaumond-2.png\",\"contentUrl\":\"https:\/\/www.ivanabeaumond.com.br\/vestidos-noiva\/wp-content\/uploads\/2018\/02\/logo_ivana_beaumond-2.png\",\"width\":230,\"height\":112,\"caption\":\"Vestido de Noiva RJ\"},\"image\":{\"@id\":\"https:\/\/www.ivanabeaumond.com.br\/vestidos-noiva\/#\/schema\/logo\/image\/\"},\"sameAs\":[\"https:\/\/www.facebook.com\/ivana.beaumondnoivas\",\"https:\/\/www.instagram.com\/ivanabeaumond\/\",\"https:\/\/www.tiktok.com\/@ivanabeaumond\"]},{\"@type\":\"Person\",\"@id\":\"https:\/\/www.ivanabeaumond.com.br\/vestidos-noiva\/#\/schema\/person\/1a360c4cffa3b806d29a456389dcff26\",\"name\":\"Ivana Beaumond Paris\",\"image\":{\"@type\":\"ImageObject\",\"inLanguage\":\"pt-BR\",\"@id\":\"https:\/\/www.ivanabeaumond.com.br\/vestidos-noiva\/#\/schema\/person\/image\/\",\"url\":\"https:\/\/secure.gravatar.com\/avatar\/641f98db20b53ec937ceb641db4270b9?s=96&d=mm&r=g\",\"contentUrl\":\"https:\/\/secure.gravatar.com\/avatar\/641f98db20b53ec937ceb641db4270b9?s=96&d=mm&r=g\",\"caption\":\"Ivana Beaumond Paris\"},\"url\":\"https:\/\/www.ivanabeaumond.com.br\/vestidos-noiva\/author\/ivana\/\"}]}<\/script>\n<!-- \/ Yoast SEO plugin. -->","yoast_head_json":{"title":"Ivana Beaumond \u00e9 mat\u00e9ria no Jornal Di\u00e1rio do Par\u00e1 - Vestido de Noiva RJ","robots":{"index":"index","follow":"follow","max-snippet":"max-snippet:-1","max-image-preview":"max-image-preview:large","max-video-preview":"max-video-preview:-1"},"canonical":"https:\/\/www.ivanabeaumond.com.br\/vestidos-noiva\/ivana-beaumond-e-materia-no-jornal-diario-do-para\/","og_locale":"pt_BR","og_type":"article","og_title":"Ivana Beaumond \u00e9 mat\u00e9ria no Jornal Di\u00e1rio do Par\u00e1 - Vestido de Noiva RJ","og_description":"Neste domingo, a empres\u00e1ria Ivana Beaumond foi destaque na coluna...","og_url":"https:\/\/www.ivanabeaumond.com.br\/vestidos-noiva\/ivana-beaumond-e-materia-no-jornal-diario-do-para\/","og_site_name":"Vestido de Noiva RJ","article_publisher":"https:\/\/www.facebook.com\/ivana.beaumondnoivas","article_published_time":"2019-07-08T16:43:19+00:00","og_image":[{"width":600,"height":417,"url":"https:\/\/www.ivanabeaumond.com.br\/vestidos-noiva\/wp-content\/uploads\/2019\/07\/Ivana-Beaumond-A-Dona-do-Peda\u00e7o-Jornal-do-Par\u00e11-e1562604070107.jpg","type":"image\/jpeg"}],"author":"Ivana Beaumond Paris","twitter_card":"summary_large_image","twitter_misc":{"Escrito por":"Ivana Beaumond Paris","Est. tempo de leitura":"1 minuto"},"schema":{"@context":"https:\/\/schema.org","@graph":[{"@type":"Article","@id":"https:\/\/www.ivanabeaumond.com.br\/vestidos-noiva\/ivana-beaumond-e-materia-no-jornal-diario-do-para\/#article","isPartOf":{"@id":"https:\/\/www.ivanabeaumond.com.br\/vestidos-noiva\/ivana-beaumond-e-materia-no-jornal-diario-do-para\/"},"author":{"name":"Ivana Beaumond Paris","@id":"https:\/\/www.ivanabeaumond.com.br\/vestidos-noiva\/#\/schema\/person\/1a360c4cffa3b806d29a456389dcff26"},"headline":"Ivana Beaumond \u00e9 mat\u00e9ria no Jornal Di\u00e1rio do Par\u00e1","datePublished":"2019-07-08T16:43:19+00:00","dateModified":"2019-07-08T16:43:19+00:00","mainEntityOfPage":{"@id":"https:\/\/www.ivanabeaumond.com.br\/vestidos-noiva\/ivana-beaumond-e-materia-no-jornal-diario-do-para\/"},"wordCount":284,"publisher":{"@id":"https:\/\/www.ivanabeaumond.com.br\/vestidos-noiva\/#organization"},"keywords":["a dona do peda\u00e7o","atelier ivana beaumond","atelier ivana beaumond paris","atriz","bel\u00e9m","celebridades","di\u00e1rio do par\u00e1","globo","imprensa","ivana beaumond","ivana beaumond paris","ivanabeaumond","jornal","juliana paes","marcelo pinheiro","na m\u00eddia","novela a dona do peda\u00e7o","par\u00e1","rede globo","vestido de noiva"],"articleSection":["Blog","Na M\u00eddia"],"inLanguage":"pt-BR"},{"@type":"WebPage","@id":"https:\/\/www.ivanabeaumond.com.br\/vestidos-noiva\/ivana-beaumond-e-materia-no-jornal-diario-do-para\/","url":"https:\/\/www.ivanabeaumond.com.br\/vestidos-noiva\/ivana-beaumond-e-materia-no-jornal-diario-do-para\/","name":"Ivana Beaumond \u00e9 mat\u00e9ria no Jornal Di\u00e1rio do Par\u00e1 - Vestido de Noiva RJ","isPartOf":{"@id":"https:\/\/www.ivanabeaumond.com.br\/vestidos-noiva\/#website"},"datePublished":"2019-07-08T16:43:19+00:00","dateModified":"2019-07-08T16:43:19+00:00","breadcrumb":{"@id":"https:\/\/www.ivanabeaumond.com.br\/vestidos-noiva\/ivana-beaumond-e-materia-no-jornal-diario-do-para\/#breadcrumb"},"inLanguage":"pt-BR","potentialAction":[{"@type":"ReadAction","target":["https:\/\/www.ivanabeaumond.com.br\/vestidos-noiva\/ivana-beaumond-e-materia-no-jornal-diario-do-para\/"]}]},{"@type":"BreadcrumbList","@id":"https:\/\/www.ivanabeaumond.com.br\/vestidos-noiva\/ivana-beaumond-e-materia-no-jornal-diario-do-para\/#breadcrumb","itemListElement":[{"@type":"ListItem","position":1,"name":"In\u00edcio","item":"https:\/\/www.ivanabeaumond.com.br\/vestidos-noiva\/"},{"@type":"ListItem","position":2,"name":"Ivana Beaumond \u00e9 mat\u00e9ria no Jornal Di\u00e1rio do Par\u00e1"}]},{"@type":"WebSite","@id":"https:\/\/www.ivanabeaumond.com.br\/vestidos-noiva\/#website","url":"https:\/\/www.ivanabeaumond.com.br\/vestidos-noiva\/","name":"Vestido de Noiva RJ","description":"Moda Noiva","publisher":{"@id":"https:\/\/www.ivanabeaumond.com.br\/vestidos-noiva\/#organization"},"potentialAction":[{"@type":"SearchAction","target":{"@type":"EntryPoint","urlTemplate":"https:\/\/www.ivanabeaumond.com.br\/vestidos-noiva\/?s={search_term_string}"},"query-input":"required name=search_term_string"}],"inLanguage":"pt-BR"},{"@type":"Organization","@id":"https:\/\/www.ivanabeaumond.com.br\/vestidos-noiva\/#organization","name":"Vestido de Noiva RJ","url":"https:\/\/www.ivanabeaumond.com.br\/vestidos-noiva\/","logo":{"@type":"ImageObject","inLanguage":"pt-BR","@id":"https:\/\/www.ivanabeaumond.com.br\/vestidos-noiva\/#\/schema\/logo\/image\/","url":"https:\/\/www.ivanabeaumond.com.br\/vestidos-noiva\/wp-content\/uploads\/2018\/02\/logo_ivana_beaumond-2.png","contentUrl":"https:\/\/www.ivanabeaumond.com.br\/vestidos-noiva\/wp-content\/uploads\/2018\/02\/logo_ivana_beaumond-2.png","width":230,"height":112,"caption":"Vestido de Noiva RJ"},"image":{"@id":"https:\/\/www.ivanabeaumond.com.br\/vestidos-noiva\/#\/schema\/logo\/image\/"},"sameAs":["https:\/\/www.facebook.com\/ivana.beaumondnoivas","https:\/\/www.instagram.com\/ivanabeaumond\/","https:\/\/www.tiktok.com\/@ivanabeaumond"]},{"@type":"Person","@id":"https:\/\/www.ivanabeaumond.com.br\/vestidos-noiva\/#\/schema\/person\/1a360c4cffa3b806d29a456389dcff26","name":"Ivana Beaumond Paris","image":{"@type":"ImageObject","inLanguage":"pt-BR","@id":"https:\/\/www.ivanabeaumond.com.br\/vestidos-noiva\/#\/schema\/person\/image\/","url":"https:\/\/secure.gravatar.com\/avatar\/641f98db20b53ec937ceb641db4270b9?s=96&d=mm&r=g","contentUrl":"https:\/\/secure.gravatar.com\/avatar\/641f98db20b53ec937ceb641db4270b9?s=96&d=mm&r=g","caption":"Ivana Beaumond Paris"},"url":"https:\/\/www.ivanabeaumond.com.br\/vestidos-noiva\/author\/ivana\/"}]}},"_links":{"self":[{"href":"https:\/\/www.ivanabeaumond.com.br\/vestidos-noiva\/wp-json\/wp\/v2\/posts\/19149"}],"collection":[{"href":"https:\/\/www.ivanabeaumond.com.br\/vestidos-noiva\/wp-json\/wp\/v2\/posts"}],"about":[{"href":"https:\/\/www.ivanabeaumond.com.br\/vestidos-noiva\/wp-json\/wp\/v2\/types\/post"}],"author":[{"embeddable":true,"href":"https:\/\/www.ivanabeaumond.com.br\/vestidos-noiva\/wp-json\/wp\/v2\/users\/4"}],"replies":[{"embeddable":true,"href":"https:\/\/www.ivanabeaumond.com.br\/vestidos-noiva\/wp-json\/wp\/v2\/comments?post=19149"}],"version-history":[{"count":5,"href":"https:\/\/www.ivanabeaumond.com.br\/vestidos-noiva\/wp-json\/wp\/v2\/posts\/19149\/revisions"}],"predecessor-version":[{"id":19158,"href":"https:\/\/www.ivanabeaumond.com.br\/vestidos-noiva\/wp-json\/wp\/v2\/posts\/19149\/revisions\/19158"}],"wp:featuredmedia":[{"embeddable":true,"href":"https:\/\/www.ivanabeaumond.com.br\/vestidos-noiva\/wp-json\/wp\/v2\/media\/19155"}],"wp:attachment":[{"href":"https:\/\/www.ivanabeaumond.com.br\/vestidos-noiva\/wp-json\/wp\/v2\/media?parent=19149"}],"wp:term":[{"taxonomy":"category","embeddable":true,"href":"https:\/\/www.ivanabeaumond.com.br\/vestidos-noiva\/wp-json\/wp\/v2\/categories?post=19149"},{"taxonomy":"post_tag","embeddable":true,"href":"https:\/\/www.ivanabeaumond.com.br\/vestidos-noiva\/wp-json\/wp\/v2\/tags?post=19149"}],"curies":[{"name":"wp","href":"https:\/\/api.w.org\/{rel}","templated":true}]}}