{"id":19417,"date":"2019-08-07T17:43:07","date_gmt":"2019-08-07T20:43:07","guid":{"rendered":"https:\/\/www.ivanabeaumond.com.br\/vestidos-noiva\/?p=19417"},"modified":"2019-08-07T17:43:07","modified_gmt":"2019-08-07T20:43:07","slug":"materia-sobre-o-aniversario-da-atriz-mel-maia-na-inesquecivel-quinze-anos","status":"publish","type":"post","link":"https:\/\/www.ivanabeaumond.com.br\/vestidos-noiva\/materia-sobre-o-aniversario-da-atriz-mel-maia-na-inesquecivel-quinze-anos\/","title":{"rendered":"Mat\u00e9ria sobre o anivers\u00e1rio da atriz Mel Maia na Inesquec\u00edvel Quinze Anos"},"content":{"rendered":"<h4 style=\"text-align: justify;\"><span style=\"color: #999999;\">O anivers\u00e1rio da atriz Mel Maia\u00a0continua repercutindo na m\u00eddia, e foi a vez da revista Inesquec\u00edvel 15 Anos fazer uma mat\u00e9ria incr\u00edvel sobre o evento, que voc\u00ea pode conferir <span style=\"color: #000080;\"><a style=\"color: #000080;\" href=\"https:\/\/15anos.inesquecivelcasamento.com.br\/e-festa\/rio-de-janeiro\/a-festa-de-15-anos-de-mel-maia-a-atriz-global-e-linda\/\" target=\"_blank\">neste link<\/a><\/span>. A atriz usou\u00a0um look do Atelier Ivana Beaumond para sua festa.<\/span><\/h4>\n<p>&nbsp;<\/p>\n<p>&nbsp;<\/p>\n<p><img decoding=\"async\" loading=\"lazy\" class=\"aligncenter size-full wp-image-19418\" src=\"https:\/\/www.ivanabeaumond.com.br\/vestidos-noiva\/wp-content\/uploads\/2019\/08\/mat\u00e9ria-inesquec\u00edvel-15-anos-na-m\u00eddia-atelier-ivana-beaumond-veste-atriz-mel-maia-e1565208688621.png\" alt=\"mat\u00e9ria inesquec\u00edvel 15 anos na m\u00eddia atelier ivana beaumond veste atriz mel maia\" width=\"700\" height=\"320\" \/><\/p>\n<p>&nbsp;<\/p>\n<p>&nbsp;<\/p>\n<p>&nbsp;<\/p>\n<p>&nbsp;<\/p>\n<p>&nbsp;<\/p>\n<h4><strong><span style=\"color: #999999;\">Gostou? Siga nosso instagram<\/span>\u00a0<\/strong><a href=\"https:\/\/www.instagram.com\/ivanabeaumond\/\"><strong>@ivanabeaumond<\/strong><\/a><strong>\u00a0<span style=\"color: #999999;\">e curta nossa fanpage<\/span>\u00a0<\/strong><a href=\"https:\/\/www.facebook.com\/IvanaBeaumond\/\"><strong>Ivana Beaumond<\/strong><\/a><strong>\u00a0<span style=\"color: #999999;\">para ficar por dentro de tudo o que rola no mundo das noivas, e conhe\u00e7a nossos Melhores Modelos de Vestidos de Noivas Nacionais, Importados e Sob Medida.<\/span><\/strong><\/h4>\n","protected":false},"excerpt":{"rendered":"<p>O anivers\u00e1rio da atriz Mel Maia\u00a0continua repercutindo na m\u00eddia, e&#8230;<\/p>\n","protected":false},"author":4,"featured_media":19420,"comment_status":"closed","ping_status":"closed","sticky":false,"template":"","format":"standard","meta":[],"categories":[60,128],"tags":[172,825,576,821,144,660,650,986,820,177,405,425,142,823,286,903,819,987,993,989,881,990,822,991,143,992,988],"yoast_head":"<!-- This site is optimized with the Yoast SEO plugin v20.3 - https:\/\/yoast.com\/wordpress\/plugins\/seo\/ -->\n<title>Mat\u00e9ria sobre o anivers\u00e1rio da atriz Mel Maia na Inesquec\u00edvel Quinze Anos - Vestido de Noiva RJ<\/title>\n<meta name=\"robots\" content=\"index, follow, max-snippet:-1, max-image-preview:large, max-video-preview:-1\" \/>\n<link rel=\"canonical\" href=\"https:\/\/www.ivanabeaumond.com.br\/vestidos-noiva\/materia-sobre-o-aniversario-da-atriz-mel-maia-na-inesquecivel-quinze-anos\/\" \/>\n<meta property=\"og:locale\" content=\"pt_BR\" \/>\n<meta property=\"og:type\" content=\"article\" \/>\n<meta property=\"og:title\" content=\"Mat\u00e9ria sobre o anivers\u00e1rio da atriz Mel Maia na Inesquec\u00edvel Quinze Anos - Vestido de Noiva RJ\" \/>\n<meta property=\"og:description\" content=\"O anivers\u00e1rio da atriz Mel Maia\u00a0continua repercutindo na m\u00eddia, e...\" \/>\n<meta property=\"og:url\" content=\"https:\/\/www.ivanabeaumond.com.br\/vestidos-noiva\/materia-sobre-o-aniversario-da-atriz-mel-maia-na-inesquecivel-quinze-anos\/\" \/>\n<meta property=\"og:site_name\" content=\"Vestido de Noiva RJ\" \/>\n<meta property=\"article:publisher\" content=\"https:\/\/www.facebook.com\/ivana.beaumondnoivas\" \/>\n<meta property=\"article:published_time\" content=\"2019-08-07T20:43:07+00:00\" \/>\n<meta property=\"og:image\" content=\"https:\/\/www.ivanabeaumond.com.br\/vestidos-noiva\/wp-content\/uploads\/2019\/08\/17festa-mel-maia-foto-bruno-felipe-fotografia-e1565210545801.jpg\" \/>\n\t<meta property=\"og:image:width\" content=\"600\" \/>\n\t<meta property=\"og:image:height\" content=\"401\" \/>\n\t<meta property=\"og:image:type\" content=\"image\/jpeg\" \/>\n<meta name=\"author\" content=\"Ivana Beaumond Paris\" \/>\n<meta name=\"twitter:card\" content=\"summary_large_image\" \/>\n<meta name=\"twitter:label1\" content=\"Escrito por\" \/>\n\t<meta name=\"twitter:data1\" content=\"Ivana Beaumond Paris\" \/>\n<script type=\"application\/ld+json\" class=\"yoast-schema-graph\">{\"@context\":\"https:\/\/schema.org\",\"@graph\":[{\"@type\":\"Article\",\"@id\":\"https:\/\/www.ivanabeaumond.com.br\/vestidos-noiva\/materia-sobre-o-aniversario-da-atriz-mel-maia-na-inesquecivel-quinze-anos\/#article\",\"isPartOf\":{\"@id\":\"https:\/\/www.ivanabeaumond.com.br\/vestidos-noiva\/materia-sobre-o-aniversario-da-atriz-mel-maia-na-inesquecivel-quinze-anos\/\"},\"author\":{\"name\":\"Ivana Beaumond Paris\",\"@id\":\"https:\/\/www.ivanabeaumond.com.br\/vestidos-noiva\/#\/schema\/person\/1a360c4cffa3b806d29a456389dcff26\"},\"headline\":\"Mat\u00e9ria sobre o anivers\u00e1rio da atriz Mel Maia na Inesquec\u00edvel Quinze Anos\",\"datePublished\":\"2019-08-07T20:43:07+00:00\",\"dateModified\":\"2019-08-07T20:43:07+00:00\",\"mainEntityOfPage\":{\"@id\":\"https:\/\/www.ivanabeaumond.com.br\/vestidos-noiva\/materia-sobre-o-aniversario-da-atriz-mel-maia-na-inesquecivel-quinze-anos\/\"},\"wordCount\":109,\"publisher\":{\"@id\":\"https:\/\/www.ivanabeaumond.com.br\/vestidos-noiva\/#organization\"},\"keywords\":[\"15 anos\",\"15 anos mel maia\",\"15 anos top\",\"a dona do peda\u00e7o\",\"aluguel de vestido\",\"atelier de noivas\",\"atelier ivana beaumond\",\"atriz global\",\"atriz mel maia\",\"celebridades\",\"debuteen\",\"espa\u00e7o zurique\",\"festa de 15 anos\",\"globo\",\"ivana beaumond\",\"loja de noivas\",\"mel maia\",\"mel maia a dona do peda\u00e7o\",\"melissa maia\",\"nova novela\",\"novela\",\"novela das 9\",\"rede globo\",\"russia debutantes\",\"vestido de debutante\",\"vestido mel maia\",\"walcyr carrasco\"],\"articleSection\":[\"Blog\",\"Na M\u00eddia\"],\"inLanguage\":\"pt-BR\"},{\"@type\":\"WebPage\",\"@id\":\"https:\/\/www.ivanabeaumond.com.br\/vestidos-noiva\/materia-sobre-o-aniversario-da-atriz-mel-maia-na-inesquecivel-quinze-anos\/\",\"url\":\"https:\/\/www.ivanabeaumond.com.br\/vestidos-noiva\/materia-sobre-o-aniversario-da-atriz-mel-maia-na-inesquecivel-quinze-anos\/\",\"name\":\"Mat\u00e9ria sobre o anivers\u00e1rio da atriz Mel Maia na Inesquec\u00edvel Quinze Anos - Vestido de Noiva RJ\",\"isPartOf\":{\"@id\":\"https:\/\/www.ivanabeaumond.com.br\/vestidos-noiva\/#website\"},\"datePublished\":\"2019-08-07T20:43:07+00:00\",\"dateModified\":\"2019-08-07T20:43:07+00:00\",\"breadcrumb\":{\"@id\":\"https:\/\/www.ivanabeaumond.com.br\/vestidos-noiva\/materia-sobre-o-aniversario-da-atriz-mel-maia-na-inesquecivel-quinze-anos\/#breadcrumb\"},\"inLanguage\":\"pt-BR\",\"potentialAction\":[{\"@type\":\"ReadAction\",\"target\":[\"https:\/\/www.ivanabeaumond.com.br\/vestidos-noiva\/materia-sobre-o-aniversario-da-atriz-mel-maia-na-inesquecivel-quinze-anos\/\"]}]},{\"@type\":\"BreadcrumbList\",\"@id\":\"https:\/\/www.ivanabeaumond.com.br\/vestidos-noiva\/materia-sobre-o-aniversario-da-atriz-mel-maia-na-inesquecivel-quinze-anos\/#breadcrumb\",\"itemListElement\":[{\"@type\":\"ListItem\",\"position\":1,\"name\":\"In\u00edcio\",\"item\":\"https:\/\/www.ivanabeaumond.com.br\/vestidos-noiva\/\"},{\"@type\":\"ListItem\",\"position\":2,\"name\":\"Mat\u00e9ria sobre o anivers\u00e1rio da atriz Mel Maia na Inesquec\u00edvel Quinze Anos\"}]},{\"@type\":\"WebSite\",\"@id\":\"https:\/\/www.ivanabeaumond.com.br\/vestidos-noiva\/#website\",\"url\":\"https:\/\/www.ivanabeaumond.com.br\/vestidos-noiva\/\",\"name\":\"Vestido de Noiva RJ\",\"description\":\"Moda Noiva\",\"publisher\":{\"@id\":\"https:\/\/www.ivanabeaumond.com.br\/vestidos-noiva\/#organization\"},\"potentialAction\":[{\"@type\":\"SearchAction\",\"target\":{\"@type\":\"EntryPoint\",\"urlTemplate\":\"https:\/\/www.ivanabeaumond.com.br\/vestidos-noiva\/?s={search_term_string}\"},\"query-input\":\"required name=search_term_string\"}],\"inLanguage\":\"pt-BR\"},{\"@type\":\"Organization\",\"@id\":\"https:\/\/www.ivanabeaumond.com.br\/vestidos-noiva\/#organization\",\"name\":\"Vestido de Noiva RJ\",\"url\":\"https:\/\/www.ivanabeaumond.com.br\/vestidos-noiva\/\",\"logo\":{\"@type\":\"ImageObject\",\"inLanguage\":\"pt-BR\",\"@id\":\"https:\/\/www.ivanabeaumond.com.br\/vestidos-noiva\/#\/schema\/logo\/image\/\",\"url\":\"https:\/\/www.ivanabeaumond.com.br\/vestidos-noiva\/wp-content\/uploads\/2018\/02\/logo_ivana_beaumond-2.png\",\"contentUrl\":\"https:\/\/www.ivanabeaumond.com.br\/vestidos-noiva\/wp-content\/uploads\/2018\/02\/logo_ivana_beaumond-2.png\",\"width\":230,\"height\":112,\"caption\":\"Vestido de Noiva RJ\"},\"image\":{\"@id\":\"https:\/\/www.ivanabeaumond.com.br\/vestidos-noiva\/#\/schema\/logo\/image\/\"},\"sameAs\":[\"https:\/\/www.facebook.com\/ivana.beaumondnoivas\",\"https:\/\/www.instagram.com\/ivanabeaumond\/\",\"https:\/\/www.tiktok.com\/@ivanabeaumond\"]},{\"@type\":\"Person\",\"@id\":\"https:\/\/www.ivanabeaumond.com.br\/vestidos-noiva\/#\/schema\/person\/1a360c4cffa3b806d29a456389dcff26\",\"name\":\"Ivana Beaumond Paris\",\"image\":{\"@type\":\"ImageObject\",\"inLanguage\":\"pt-BR\",\"@id\":\"https:\/\/www.ivanabeaumond.com.br\/vestidos-noiva\/#\/schema\/person\/image\/\",\"url\":\"https:\/\/secure.gravatar.com\/avatar\/641f98db20b53ec937ceb641db4270b9?s=96&d=mm&r=g\",\"contentUrl\":\"https:\/\/secure.gravatar.com\/avatar\/641f98db20b53ec937ceb641db4270b9?s=96&d=mm&r=g\",\"caption\":\"Ivana Beaumond Paris\"},\"url\":\"https:\/\/www.ivanabeaumond.com.br\/vestidos-noiva\/author\/ivana\/\"}]}<\/script>\n<!-- \/ Yoast SEO plugin. -->","yoast_head_json":{"title":"Mat\u00e9ria sobre o anivers\u00e1rio da atriz Mel Maia na Inesquec\u00edvel Quinze Anos - Vestido de Noiva RJ","robots":{"index":"index","follow":"follow","max-snippet":"max-snippet:-1","max-image-preview":"max-image-preview:large","max-video-preview":"max-video-preview:-1"},"canonical":"https:\/\/www.ivanabeaumond.com.br\/vestidos-noiva\/materia-sobre-o-aniversario-da-atriz-mel-maia-na-inesquecivel-quinze-anos\/","og_locale":"pt_BR","og_type":"article","og_title":"Mat\u00e9ria sobre o anivers\u00e1rio da atriz Mel Maia na Inesquec\u00edvel Quinze Anos - Vestido de Noiva RJ","og_description":"O anivers\u00e1rio da atriz Mel Maia\u00a0continua repercutindo na m\u00eddia, e...","og_url":"https:\/\/www.ivanabeaumond.com.br\/vestidos-noiva\/materia-sobre-o-aniversario-da-atriz-mel-maia-na-inesquecivel-quinze-anos\/","og_site_name":"Vestido de Noiva RJ","article_publisher":"https:\/\/www.facebook.com\/ivana.beaumondnoivas","article_published_time":"2019-08-07T20:43:07+00:00","og_image":[{"width":600,"height":401,"url":"https:\/\/www.ivanabeaumond.com.br\/vestidos-noiva\/wp-content\/uploads\/2019\/08\/17festa-mel-maia-foto-bruno-felipe-fotografia-e1565210545801.jpg","type":"image\/jpeg"}],"author":"Ivana Beaumond Paris","twitter_card":"summary_large_image","twitter_misc":{"Escrito por":"Ivana Beaumond Paris"},"schema":{"@context":"https:\/\/schema.org","@graph":[{"@type":"Article","@id":"https:\/\/www.ivanabeaumond.com.br\/vestidos-noiva\/materia-sobre-o-aniversario-da-atriz-mel-maia-na-inesquecivel-quinze-anos\/#article","isPartOf":{"@id":"https:\/\/www.ivanabeaumond.com.br\/vestidos-noiva\/materia-sobre-o-aniversario-da-atriz-mel-maia-na-inesquecivel-quinze-anos\/"},"author":{"name":"Ivana Beaumond Paris","@id":"https:\/\/www.ivanabeaumond.com.br\/vestidos-noiva\/#\/schema\/person\/1a360c4cffa3b806d29a456389dcff26"},"headline":"Mat\u00e9ria sobre o anivers\u00e1rio da atriz Mel Maia na Inesquec\u00edvel Quinze Anos","datePublished":"2019-08-07T20:43:07+00:00","dateModified":"2019-08-07T20:43:07+00:00","mainEntityOfPage":{"@id":"https:\/\/www.ivanabeaumond.com.br\/vestidos-noiva\/materia-sobre-o-aniversario-da-atriz-mel-maia-na-inesquecivel-quinze-anos\/"},"wordCount":109,"publisher":{"@id":"https:\/\/www.ivanabeaumond.com.br\/vestidos-noiva\/#organization"},"keywords":["15 anos","15 anos mel maia","15 anos top","a dona do peda\u00e7o","aluguel de vestido","atelier de noivas","atelier ivana beaumond","atriz global","atriz mel maia","celebridades","debuteen","espa\u00e7o zurique","festa de 15 anos","globo","ivana beaumond","loja de noivas","mel maia","mel maia a dona do peda\u00e7o","melissa maia","nova novela","novela","novela das 9","rede globo","russia debutantes","vestido de debutante","vestido mel maia","walcyr carrasco"],"articleSection":["Blog","Na M\u00eddia"],"inLanguage":"pt-BR"},{"@type":"WebPage","@id":"https:\/\/www.ivanabeaumond.com.br\/vestidos-noiva\/materia-sobre-o-aniversario-da-atriz-mel-maia-na-inesquecivel-quinze-anos\/","url":"https:\/\/www.ivanabeaumond.com.br\/vestidos-noiva\/materia-sobre-o-aniversario-da-atriz-mel-maia-na-inesquecivel-quinze-anos\/","name":"Mat\u00e9ria sobre o anivers\u00e1rio da atriz Mel Maia na Inesquec\u00edvel Quinze Anos - Vestido de Noiva RJ","isPartOf":{"@id":"https:\/\/www.ivanabeaumond.com.br\/vestidos-noiva\/#website"},"datePublished":"2019-08-07T20:43:07+00:00","dateModified":"2019-08-07T20:43:07+00:00","breadcrumb":{"@id":"https:\/\/www.ivanabeaumond.com.br\/vestidos-noiva\/materia-sobre-o-aniversario-da-atriz-mel-maia-na-inesquecivel-quinze-anos\/#breadcrumb"},"inLanguage":"pt-BR","potentialAction":[{"@type":"ReadAction","target":["https:\/\/www.ivanabeaumond.com.br\/vestidos-noiva\/materia-sobre-o-aniversario-da-atriz-mel-maia-na-inesquecivel-quinze-anos\/"]}]},{"@type":"BreadcrumbList","@id":"https:\/\/www.ivanabeaumond.com.br\/vestidos-noiva\/materia-sobre-o-aniversario-da-atriz-mel-maia-na-inesquecivel-quinze-anos\/#breadcrumb","itemListElement":[{"@type":"ListItem","position":1,"name":"In\u00edcio","item":"https:\/\/www.ivanabeaumond.com.br\/vestidos-noiva\/"},{"@type":"ListItem","position":2,"name":"Mat\u00e9ria sobre o anivers\u00e1rio da atriz Mel Maia na Inesquec\u00edvel Quinze Anos"}]},{"@type":"WebSite","@id":"https:\/\/www.ivanabeaumond.com.br\/vestidos-noiva\/#website","url":"https:\/\/www.ivanabeaumond.com.br\/vestidos-noiva\/","name":"Vestido de Noiva RJ","description":"Moda Noiva","publisher":{"@id":"https:\/\/www.ivanabeaumond.com.br\/vestidos-noiva\/#organization"},"potentialAction":[{"@type":"SearchAction","target":{"@type":"EntryPoint","urlTemplate":"https:\/\/www.ivanabeaumond.com.br\/vestidos-noiva\/?s={search_term_string}"},"query-input":"required name=search_term_string"}],"inLanguage":"pt-BR"},{"@type":"Organization","@id":"https:\/\/www.ivanabeaumond.com.br\/vestidos-noiva\/#organization","name":"Vestido de Noiva RJ","url":"https:\/\/www.ivanabeaumond.com.br\/vestidos-noiva\/","logo":{"@type":"ImageObject","inLanguage":"pt-BR","@id":"https:\/\/www.ivanabeaumond.com.br\/vestidos-noiva\/#\/schema\/logo\/image\/","url":"https:\/\/www.ivanabeaumond.com.br\/vestidos-noiva\/wp-content\/uploads\/2018\/02\/logo_ivana_beaumond-2.png","contentUrl":"https:\/\/www.ivanabeaumond.com.br\/vestidos-noiva\/wp-content\/uploads\/2018\/02\/logo_ivana_beaumond-2.png","width":230,"height":112,"caption":"Vestido de Noiva RJ"},"image":{"@id":"https:\/\/www.ivanabeaumond.com.br\/vestidos-noiva\/#\/schema\/logo\/image\/"},"sameAs":["https:\/\/www.facebook.com\/ivana.beaumondnoivas","https:\/\/www.instagram.com\/ivanabeaumond\/","https:\/\/www.tiktok.com\/@ivanabeaumond"]},{"@type":"Person","@id":"https:\/\/www.ivanabeaumond.com.br\/vestidos-noiva\/#\/schema\/person\/1a360c4cffa3b806d29a456389dcff26","name":"Ivana Beaumond Paris","image":{"@type":"ImageObject","inLanguage":"pt-BR","@id":"https:\/\/www.ivanabeaumond.com.br\/vestidos-noiva\/#\/schema\/person\/image\/","url":"https:\/\/secure.gravatar.com\/avatar\/641f98db20b53ec937ceb641db4270b9?s=96&d=mm&r=g","contentUrl":"https:\/\/secure.gravatar.com\/avatar\/641f98db20b53ec937ceb641db4270b9?s=96&d=mm&r=g","caption":"Ivana Beaumond Paris"},"url":"https:\/\/www.ivanabeaumond.com.br\/vestidos-noiva\/author\/ivana\/"}]}},"_links":{"self":[{"href":"https:\/\/www.ivanabeaumond.com.br\/vestidos-noiva\/wp-json\/wp\/v2\/posts\/19417"}],"collection":[{"href":"https:\/\/www.ivanabeaumond.com.br\/vestidos-noiva\/wp-json\/wp\/v2\/posts"}],"about":[{"href":"https:\/\/www.ivanabeaumond.com.br\/vestidos-noiva\/wp-json\/wp\/v2\/types\/post"}],"author":[{"embeddable":true,"href":"https:\/\/www.ivanabeaumond.com.br\/vestidos-noiva\/wp-json\/wp\/v2\/users\/4"}],"replies":[{"embeddable":true,"href":"https:\/\/www.ivanabeaumond.com.br\/vestidos-noiva\/wp-json\/wp\/v2\/comments?post=19417"}],"version-history":[{"count":2,"href":"https:\/\/www.ivanabeaumond.com.br\/vestidos-noiva\/wp-json\/wp\/v2\/posts\/19417\/revisions"}],"predecessor-version":[{"id":19421,"href":"https:\/\/www.ivanabeaumond.com.br\/vestidos-noiva\/wp-json\/wp\/v2\/posts\/19417\/revisions\/19421"}],"wp:featuredmedia":[{"embeddable":true,"href":"https:\/\/www.ivanabeaumond.com.br\/vestidos-noiva\/wp-json\/wp\/v2\/media\/19420"}],"wp:attachment":[{"href":"https:\/\/www.ivanabeaumond.com.br\/vestidos-noiva\/wp-json\/wp\/v2\/media?parent=19417"}],"wp:term":[{"taxonomy":"category","embeddable":true,"href":"https:\/\/www.ivanabeaumond.com.br\/vestidos-noiva\/wp-json\/wp\/v2\/categories?post=19417"},{"taxonomy":"post_tag","embeddable":true,"href":"https:\/\/www.ivanabeaumond.com.br\/vestidos-noiva\/wp-json\/wp\/v2\/tags?post=19417"}],"curies":[{"name":"wp","href":"https:\/\/api.w.org\/{rel}","templated":true}]}}