{"id":22063,"date":"2019-11-04T15:54:04","date_gmt":"2019-11-04T18:54:04","guid":{"rendered":"https:\/\/www.ivanabeaumond.com.br\/vestidos-noiva\/?p=22063"},"modified":"2020-08-10T16:10:27","modified_gmt":"2020-08-10T19:10:27","slug":"casamento-no-joa-com-rebeca-e-felipe","status":"publish","type":"post","link":"https:\/\/www.ivanabeaumond.com.br\/vestidos-noiva\/casamento-no-joa-com-rebeca-e-felipe\/","title":{"rendered":"Casamento no Jo\u00e1, com Rebeca e Felipe"},"content":{"rendered":"\n<h4 class=\"wp-block-heading\"><span style=\"color: #999999;\">Os noivos Rebeca e Felipe se casaram em uma cerim\u00f4nia&nbsp;na casa de festas Maison Jo\u00e1, no bel\u00edssimo e descolado bairro de mesmo nome no Rio de Janeiro.&nbsp;<\/span><\/h4>\n\n\n\n<h4 class=\"wp-block-heading\"><span style=\"color: #999999;\">Nossa noiva Rebeca precisava de um vestido&nbsp;que trouxesse o mesmo contraste urbano vs. ao ar livre da sua festa, e para isso escolheu um modelo princesa com mangas curtas de renda sobre um corpete com decote cora\u00e7\u00e3o. A parte de cima com os ombros cobertos fez com que o look ficasse mais noturno, enquanto a saia com barrado de renda e camada de tule trouxe dramaticidade sem perder a leveza.&nbsp; Veja como ficou lindo o visual :<\/span><\/h4>\n\n\n\n<div class=\"wp-block-image\"><figure class=\"aligncenter\"><img decoding=\"async\" loading=\"lazy\" width=\"500\" height=\"750\" src=\"https:\/\/www.ivanabeaumond.com.br\/vestidos-noiva\/wp-content\/uploads\/2019\/09\/Rebecca-Noiva-Atelier-Ivana-Beaumond-Paris-Vestido-de-Noiva-Rio-de-Janeiro-RJ-5-e1567537057463.jpg\" alt=\"Rebecca Noiva Atelier Ivana Beaumond Paris Vestido de Noiva Rio de Janeiro RJ (5)\" class=\"wp-image-22065\"\/><\/figure><\/div>\n\n\n\n<div class=\"wp-block-image\"><figure class=\"aligncenter\"><img decoding=\"async\" loading=\"lazy\" width=\"500\" height=\"750\" src=\"https:\/\/www.ivanabeaumond.com.br\/vestidos-noiva\/wp-content\/uploads\/2019\/09\/Rebecca-Noiva-Atelier-Ivana-Beaumond-Paris-Vestido-de-Noiva-Rio-de-Janeiro-RJ-4-e1567537146432.jpg\" alt=\"Rebecca Noiva Atelier Ivana Beaumond Paris Vestido de Noiva Rio de Janeiro RJ (4)\" class=\"wp-image-22066\"\/><\/figure><\/div>\n\n\n\n<div class=\"wp-block-image\"><figure class=\"aligncenter\"><img decoding=\"async\" loading=\"lazy\" width=\"500\" height=\"750\" src=\"https:\/\/www.ivanabeaumond.com.br\/vestidos-noiva\/wp-content\/uploads\/2019\/09\/Rebecca-Noiva-Atelier-Ivana-Beaumond-Paris-Vestido-de-Noiva-Rio-de-Janeiro-RJ-11-e1567537231927.jpg\" alt=\"Rebecca Noiva Atelier Ivana Beaumond Paris Vestido de Noiva Rio de Janeiro RJ (11)\" class=\"wp-image-22067\"\/><\/figure><\/div>\n\n\n\n<h4 class=\"wp-block-heading\">&nbsp;<\/h4>\n\n\n\n<h4 class=\"wp-block-heading\"><span style=\"color: #999999;\">Gostar\u00edamos de agradecer \u00e0&nbsp;nossa noiva Rebeca por ter escolhido o Atelier Ivana Beaumond Paris para vesti-la nesse dia t\u00e3o especial. Desejamos aos noivos toda a felicidade do mundo e uma vida repleta de amor, conquistas e realiza\u00e7\u00f5es!<\/span><\/h4>\n\n\n\n<h4 class=\"wp-block-heading\"><span style=\"color: #999999;\">Veja outras fotos do casamento da Rebeca e Felipe, feitas por <a href=\"https:\/\/www.raoniaguiar.com.br\/blog\" target=\"_blank\" rel=\"noopener noreferrer\">Raoni Aguiar Fotografia<\/a>:<\/span><\/h4>\n\n\n\n<style id=\"bwg-style-0\">    #bwg_container1_0 #bwg_container2_0 .bwg-container-0.bwg-standard-thumbnails {      width: 904px;              justify-content: center;        margin:0 auto !important;              background-color: rgba(255, 255, 255, 0.00);            padding-left: 4px;      padding-top: 4px;      max-width: 100%;            }        #bwg_container1_0 #bwg_container2_0 .bwg-container-0.bwg-standard-thumbnails .bwg-item {    justify-content: flex-start;      max-width: 180px;            width: 180px !important;          }    #bwg_container1_0 #bwg_container2_0 .bwg-container-0.bwg-standard-thumbnails .bwg-item a {       margin-right: 4px;       margin-bottom: 4px;    }    #bwg_container1_0 #bwg_container2_0 .bwg-container-0.bwg-standard-thumbnails .bwg-item0 {      padding: 0px;            background-color:rgba(255,255,255, 0.30);      border: 0px none #CCCCCC;      opacity: 1.00;      border-radius: 0;      box-shadow: 0px 0px 0px #888888;    }    #bwg_container1_0 #bwg_container2_0 .bwg-container-0.bwg-standard-thumbnails .bwg-item1 img {      max-height: none;      max-width: none;      padding: 0 !important;    }        @media only screen and (min-width: 480px) {      #bwg_container1_0 #bwg_container2_0 .bwg-container-0.bwg-standard-thumbnails .bwg-item0 {        transition: all 0.3s ease 0s;-webkit-transition: all 0.3s ease 0s;      }      #bwg_container1_0 #bwg_container2_0 .bwg-container-0.bwg-standard-thumbnails .bwg-item0:hover {        -ms-transform: scale(1.1);        -webkit-transform: scale(1.1);        transform: scale(1.1);      }    }          #bwg_container1_0 #bwg_container2_0 .bwg-container-0.bwg-standard-thumbnails .bwg-item1 {      padding-top: 50%;    }        #bwg_container1_0 #bwg_container2_0 .bwg-container-0.bwg-standard-thumbnails .bwg-title2,    #bwg_container1_0 #bwg_container2_0 .bwg-container-0.bwg-standard-thumbnails .bwg-ecommerce2 {      color: #CCCCCC;      font-family: segoe ui;      font-size: 16px;      font-weight: bold;      padding: 2px;      text-shadow: 0px 0px 0px #888888;      max-height: 100%;    }    #bwg_container1_0 #bwg_container2_0 .bwg-container-0.bwg-standard-thumbnails .bwg-thumb-description span {    color: #323A45;    font-family: Ubuntu;    font-size: 12px;    max-height: 100%;    word-wrap: break-word;    }    #bwg_container1_0 #bwg_container2_0 .bwg-container-0.bwg-standard-thumbnails .bwg-play-icon2 {      font-size: 32px;    }    #bwg_container1_0 #bwg_container2_0 .bwg-container-0.bwg-standard-thumbnails .bwg-ecommerce2 {      font-size: 19.2px;      color: #CCCCCC;    }    <\/style>    <div id=\"bwg_container1_0\"         class=\"bwg_container bwg_thumbnail bwg_thumbnails \"         data-right-click-protection=\"0\"         data-bwg=\"0\"         data-scroll=\"0\"         data-gallery-type=\"thumbnails\"         data-gallery-view-type=\"thumbnails\"         data-current-url=\"\/vestidos-noiva\/wp-json\/wp\/v2\/posts\/22063\"         data-lightbox-url=\"https:\/\/www.ivanabeaumond.com.br\/vestidos-noiva\/wp-admin\/admin-ajax.php?action=GalleryBox&#038;current_view=0&#038;gallery_id=123&#038;tag=0&#038;theme_id=1&#038;shortcode_id=157&#038;sort_by=order&#038;order_by=asc&#038;current_url=%2Fvestidos-noiva%2Fwp-json%2Fwp%2Fv2%2Fposts%2F22063\"         data-gallery-id=\"123\"         data-popup-width=\"600\"         data-popup-height=\"600\"         data-is-album=\"gallery\"         data-buttons-position=\"bottom\">      <div id=\"bwg_container2_0\">             <div id=\"ajax_loading_0\" class=\"bwg_loading_div_1\">      <div class=\"bwg_loading_div_2\">        <div class=\"bwg_loading_div_3\">          <div id=\"loading_div_0\" class=\"bwg_spider_ajax_loading\">          <\/div>        <\/div>      <\/div>    <\/div>            <form id=\"gal_front_form_0\"              class=\"bwg-hidden\"              method=\"post\"              action=\"#\"              data-current=\"0\"              data-shortcode-id=\"157\"              data-gallery-type=\"thumbnails\"              data-gallery-id=\"123\"              data-tag=\"0\"              data-album-id=\"0\"              data-theme-id=\"1\"              data-ajax-url=\"https:\/\/www.ivanabeaumond.com.br\/vestidos-noiva\/wp-admin\/admin-ajax.php?action=bwg_frontend_data\">          <div id=\"bwg_container3_0\" class=\"bwg-background bwg-background-0\">                <div data-max-count=\"5\"         data-thumbnail-width=\"180\"         data-bwg=\"0\"         data-gallery-id=\"123\"         data-lightbox-url=\"https:\/\/www.ivanabeaumond.com.br\/vestidos-noiva\/wp-admin\/admin-ajax.php?action=GalleryBox&amp;current_view=0&amp;gallery_id=123&amp;tag=0&amp;theme_id=1&amp;shortcode_id=157&amp;sort_by=order&amp;order_by=asc&amp;current_url=%2Fvestidos-noiva%2Fwp-json%2Fwp%2Fv2%2Fposts%2F22063\"         id=\"bwg_thumbnails_0\"         class=\"bwg-container-0 bwg-thumbnails bwg-standard-thumbnails bwg-container bwg-border-box\">            <div class=\"bwg-item\">        <a class=\"bwg-a  bwg_lightbox\"  data-image-id=\"2833\" href=\"https:\/\/www.ivanabeaumond.com.br\/vestidos-noiva\/wp-content\/uploads\/photo-gallery\/Rebecca%20Noiva%20Atelier%20Ivana%20Beaumond%20Paris%20Vestido%20de%20Noiva%20Rio%20de%20Janeiro%20RJ%20(2).jpg\" data-elementor-open-lightbox=\"no\">                <div class=\"bwg-item0 \">          <div class=\"bwg-item1 \">            <div class=\"bwg-item2\">              <img class=\"skip-lazy bwg_standart_thumb_img_0 \"                   data-id=\"2833\"                   data-width=\"\"                   data-height=\"\"                   data-src=\"https:\/\/www.ivanabeaumond.com.br\/vestidos-noiva\/wp-content\/uploads\/photo-gallery\/thumb\/Rebecca%20Noiva%20Atelier%20Ivana%20Beaumond%20Paris%20Vestido%20de%20Noiva%20Rio%20de%20Janeiro%20RJ%20(2).jpg\"                   src=\"https:\/\/www.ivanabeaumond.com.br\/vestidos-noiva\/wp-content\/uploads\/photo-gallery\/thumb\/Rebecca%20Noiva%20Atelier%20Ivana%20Beaumond%20Paris%20Vestido%20de%20Noiva%20Rio%20de%20Janeiro%20RJ%20(2).jpg\"                   alt=\"Rebecca Noiva Atelier Ivana Beaumond Paris Vestido de Noiva Rio de Janeiro RJ (2)\"                   title=\"Rebecca Noiva Atelier Ivana Beaumond Paris Vestido de Noiva Rio de Janeiro RJ (2)\" \/>            <\/div>            <div class=\"\">                                                      <\/div>          <\/div>        <\/div>                        <\/a>              <\/div>            <div class=\"bwg-item\">        <a class=\"bwg-a  bwg_lightbox\"  data-image-id=\"2834\" href=\"https:\/\/www.ivanabeaumond.com.br\/vestidos-noiva\/wp-content\/uploads\/photo-gallery\/Rebecca%20Noiva%20Atelier%20Ivana%20Beaumond%20Paris%20Vestido%20de%20Noiva%20Rio%20de%20Janeiro%20RJ%20(3).jpg\" data-elementor-open-lightbox=\"no\">                <div class=\"bwg-item0 \">          <div class=\"bwg-item1 \">            <div class=\"bwg-item2\">              <img class=\"skip-lazy bwg_standart_thumb_img_0 \"                   data-id=\"2834\"                   data-width=\"\"                   data-height=\"\"                   data-src=\"https:\/\/www.ivanabeaumond.com.br\/vestidos-noiva\/wp-content\/uploads\/photo-gallery\/thumb\/Rebecca%20Noiva%20Atelier%20Ivana%20Beaumond%20Paris%20Vestido%20de%20Noiva%20Rio%20de%20Janeiro%20RJ%20(3).jpg\"                   src=\"https:\/\/www.ivanabeaumond.com.br\/vestidos-noiva\/wp-content\/uploads\/photo-gallery\/thumb\/Rebecca%20Noiva%20Atelier%20Ivana%20Beaumond%20Paris%20Vestido%20de%20Noiva%20Rio%20de%20Janeiro%20RJ%20(3).jpg\"                   alt=\"Rebecca Noiva Atelier Ivana Beaumond Paris Vestido de Noiva Rio de Janeiro RJ (3)\"                   title=\"Rebecca Noiva Atelier Ivana Beaumond Paris Vestido de Noiva Rio de Janeiro RJ (3)\" \/>            <\/div>            <div class=\"\">                                                      <\/div>          <\/div>        <\/div>                        <\/a>              <\/div>            <div class=\"bwg-item\">        <a class=\"bwg-a  bwg_lightbox\"  data-image-id=\"2843\" href=\"https:\/\/www.ivanabeaumond.com.br\/vestidos-noiva\/wp-content\/uploads\/photo-gallery\/Rebecca%20Noiva%20Atelier%20Ivana%20Beaumond%20Paris%20Vestido%20de%20Noiva%20Rio%20de%20Janeiro%20RJ%20(12).jpg\" data-elementor-open-lightbox=\"no\">                <div class=\"bwg-item0 \">          <div class=\"bwg-item1 \">            <div class=\"bwg-item2\">              <img class=\"skip-lazy bwg_standart_thumb_img_0 \"                   data-id=\"2843\"                   data-width=\"\"                   data-height=\"\"                   data-src=\"https:\/\/www.ivanabeaumond.com.br\/vestidos-noiva\/wp-content\/uploads\/photo-gallery\/thumb\/Rebecca%20Noiva%20Atelier%20Ivana%20Beaumond%20Paris%20Vestido%20de%20Noiva%20Rio%20de%20Janeiro%20RJ%20(12).jpg\"                   src=\"https:\/\/www.ivanabeaumond.com.br\/vestidos-noiva\/wp-content\/uploads\/photo-gallery\/thumb\/Rebecca%20Noiva%20Atelier%20Ivana%20Beaumond%20Paris%20Vestido%20de%20Noiva%20Rio%20de%20Janeiro%20RJ%20(12).jpg\"                   alt=\"Rebecca Noiva Atelier Ivana Beaumond Paris Vestido de Noiva Rio de Janeiro RJ (12)\"                   title=\"Rebecca Noiva Atelier Ivana Beaumond Paris Vestido de Noiva Rio de Janeiro RJ (12)\" \/>            <\/div>            <div class=\"\">                                                      <\/div>          <\/div>        <\/div>                        <\/a>              <\/div>            <div class=\"bwg-item\">        <a class=\"bwg-a  bwg_lightbox\"  data-image-id=\"2841\" href=\"https:\/\/www.ivanabeaumond.com.br\/vestidos-noiva\/wp-content\/uploads\/photo-gallery\/Rebecca%20Noiva%20Atelier%20Ivana%20Beaumond%20Paris%20Vestido%20de%20Noiva%20Rio%20de%20Janeiro%20RJ%20(10).jpg\" data-elementor-open-lightbox=\"no\">                <div class=\"bwg-item0 \">          <div class=\"bwg-item1 \">            <div class=\"bwg-item2\">              <img class=\"skip-lazy bwg_standart_thumb_img_0 \"                   data-id=\"2841\"                   data-width=\"\"                   data-height=\"\"                   data-src=\"https:\/\/www.ivanabeaumond.com.br\/vestidos-noiva\/wp-content\/uploads\/photo-gallery\/thumb\/Rebecca%20Noiva%20Atelier%20Ivana%20Beaumond%20Paris%20Vestido%20de%20Noiva%20Rio%20de%20Janeiro%20RJ%20(10).jpg\"                   src=\"https:\/\/www.ivanabeaumond.com.br\/vestidos-noiva\/wp-content\/uploads\/photo-gallery\/thumb\/Rebecca%20Noiva%20Atelier%20Ivana%20Beaumond%20Paris%20Vestido%20de%20Noiva%20Rio%20de%20Janeiro%20RJ%20(10).jpg\"                   alt=\"Rebecca Noiva Atelier Ivana Beaumond Paris Vestido de Noiva Rio de Janeiro RJ (10)\"                   title=\"Rebecca Noiva Atelier Ivana Beaumond Paris Vestido de Noiva Rio de Janeiro RJ (10)\" \/>            <\/div>            <div class=\"\">                                                      <\/div>          <\/div>        <\/div>                        <\/a>              <\/div>            <div class=\"bwg-item\">        <a class=\"bwg-a  bwg_lightbox\"  data-image-id=\"2835\" href=\"https:\/\/www.ivanabeaumond.com.br\/vestidos-noiva\/wp-content\/uploads\/photo-gallery\/Rebecca%20Noiva%20Atelier%20Ivana%20Beaumond%20Paris%20Vestido%20de%20Noiva%20Rio%20de%20Janeiro%20RJ%20(4).jpg\" data-elementor-open-lightbox=\"no\">                <div class=\"bwg-item0 \">          <div class=\"bwg-item1 \">            <div class=\"bwg-item2\">              <img class=\"skip-lazy bwg_standart_thumb_img_0 \"                   data-id=\"2835\"                   data-width=\"\"                   data-height=\"\"                   data-src=\"https:\/\/www.ivanabeaumond.com.br\/vestidos-noiva\/wp-content\/uploads\/photo-gallery\/thumb\/Rebecca%20Noiva%20Atelier%20Ivana%20Beaumond%20Paris%20Vestido%20de%20Noiva%20Rio%20de%20Janeiro%20RJ%20(4).jpg\"                   src=\"https:\/\/www.ivanabeaumond.com.br\/vestidos-noiva\/wp-content\/uploads\/photo-gallery\/thumb\/Rebecca%20Noiva%20Atelier%20Ivana%20Beaumond%20Paris%20Vestido%20de%20Noiva%20Rio%20de%20Janeiro%20RJ%20(4).jpg\"                   alt=\"Rebecca Noiva Atelier Ivana Beaumond Paris Vestido de Noiva Rio de Janeiro RJ (4)\"                   title=\"Rebecca Noiva Atelier Ivana Beaumond Paris Vestido de Noiva Rio de Janeiro RJ (4)\" \/>            <\/div>            <div class=\"\">                                                      <\/div>          <\/div>        <\/div>                        <\/a>              <\/div>            <div class=\"bwg-item\">        <a class=\"bwg-a  bwg_lightbox\"  data-image-id=\"2840\" href=\"https:\/\/www.ivanabeaumond.com.br\/vestidos-noiva\/wp-content\/uploads\/photo-gallery\/Rebecca%20Noiva%20Atelier%20Ivana%20Beaumond%20Paris%20Vestido%20de%20Noiva%20Rio%20de%20Janeiro%20RJ%20(9).jpg\" data-elementor-open-lightbox=\"no\">                <div class=\"bwg-item0 \">          <div class=\"bwg-item1 \">            <div class=\"bwg-item2\">              <img class=\"skip-lazy bwg_standart_thumb_img_0 \"                   data-id=\"2840\"                   data-width=\"\"                   data-height=\"\"                   data-src=\"https:\/\/www.ivanabeaumond.com.br\/vestidos-noiva\/wp-content\/uploads\/photo-gallery\/thumb\/Rebecca%20Noiva%20Atelier%20Ivana%20Beaumond%20Paris%20Vestido%20de%20Noiva%20Rio%20de%20Janeiro%20RJ%20(9).jpg\"                   src=\"https:\/\/www.ivanabeaumond.com.br\/vestidos-noiva\/wp-content\/uploads\/photo-gallery\/thumb\/Rebecca%20Noiva%20Atelier%20Ivana%20Beaumond%20Paris%20Vestido%20de%20Noiva%20Rio%20de%20Janeiro%20RJ%20(9).jpg\"                   alt=\"Rebecca Noiva Atelier Ivana Beaumond Paris Vestido de Noiva Rio de Janeiro RJ (9)\"                   title=\"Rebecca Noiva Atelier Ivana Beaumond Paris Vestido de Noiva Rio de Janeiro RJ (9)\" \/>            <\/div>            <div class=\"\">                                                      <\/div>          <\/div>        <\/div>                        <\/a>              <\/div>            <div class=\"bwg-item\">        <a class=\"bwg-a  bwg_lightbox\"  data-image-id=\"2839\" href=\"https:\/\/www.ivanabeaumond.com.br\/vestidos-noiva\/wp-content\/uploads\/photo-gallery\/Rebecca%20Noiva%20Atelier%20Ivana%20Beaumond%20Paris%20Vestido%20de%20Noiva%20Rio%20de%20Janeiro%20RJ%20(8).jpg\" data-elementor-open-lightbox=\"no\">                <div class=\"bwg-item0 \">          <div class=\"bwg-item1 \">            <div class=\"bwg-item2\">              <img class=\"skip-lazy bwg_standart_thumb_img_0 \"                   data-id=\"2839\"                   data-width=\"\"                   data-height=\"\"                   data-src=\"https:\/\/www.ivanabeaumond.com.br\/vestidos-noiva\/wp-content\/uploads\/photo-gallery\/thumb\/Rebecca%20Noiva%20Atelier%20Ivana%20Beaumond%20Paris%20Vestido%20de%20Noiva%20Rio%20de%20Janeiro%20RJ%20(8).jpg\"                   src=\"https:\/\/www.ivanabeaumond.com.br\/vestidos-noiva\/wp-content\/uploads\/photo-gallery\/thumb\/Rebecca%20Noiva%20Atelier%20Ivana%20Beaumond%20Paris%20Vestido%20de%20Noiva%20Rio%20de%20Janeiro%20RJ%20(8).jpg\"                   alt=\"Rebecca Noiva Atelier Ivana Beaumond Paris Vestido de Noiva Rio de Janeiro RJ (8)\"                   title=\"Rebecca Noiva Atelier Ivana Beaumond Paris Vestido de Noiva Rio de Janeiro RJ (8)\" \/>            <\/div>            <div class=\"\">                                                      <\/div>          <\/div>        <\/div>                        <\/a>              <\/div>            <div class=\"bwg-item\">        <a class=\"bwg-a  bwg_lightbox\"  data-image-id=\"2838\" href=\"https:\/\/www.ivanabeaumond.com.br\/vestidos-noiva\/wp-content\/uploads\/photo-gallery\/Rebecca%20Noiva%20Atelier%20Ivana%20Beaumond%20Paris%20Vestido%20de%20Noiva%20Rio%20de%20Janeiro%20RJ%20(7).jpg\" data-elementor-open-lightbox=\"no\">                <div class=\"bwg-item0 \">          <div class=\"bwg-item1 \">            <div class=\"bwg-item2\">              <img class=\"skip-lazy bwg_standart_thumb_img_0 \"                   data-id=\"2838\"                   data-width=\"\"                   data-height=\"\"                   data-src=\"https:\/\/www.ivanabeaumond.com.br\/vestidos-noiva\/wp-content\/uploads\/photo-gallery\/thumb\/Rebecca%20Noiva%20Atelier%20Ivana%20Beaumond%20Paris%20Vestido%20de%20Noiva%20Rio%20de%20Janeiro%20RJ%20(7).jpg\"                   src=\"https:\/\/www.ivanabeaumond.com.br\/vestidos-noiva\/wp-content\/uploads\/photo-gallery\/thumb\/Rebecca%20Noiva%20Atelier%20Ivana%20Beaumond%20Paris%20Vestido%20de%20Noiva%20Rio%20de%20Janeiro%20RJ%20(7).jpg\"                   alt=\"Rebecca Noiva Atelier Ivana Beaumond Paris Vestido de Noiva Rio de Janeiro RJ (7)\"                   title=\"Rebecca Noiva Atelier Ivana Beaumond Paris Vestido de Noiva Rio de Janeiro RJ (7)\" \/>            <\/div>            <div class=\"\">                                                      <\/div>          <\/div>        <\/div>                        <\/a>              <\/div>            <div class=\"bwg-item\">        <a class=\"bwg-a  bwg_lightbox\"  data-image-id=\"2842\" href=\"https:\/\/www.ivanabeaumond.com.br\/vestidos-noiva\/wp-content\/uploads\/photo-gallery\/Rebecca%20Noiva%20Atelier%20Ivana%20Beaumond%20Paris%20Vestido%20de%20Noiva%20Rio%20de%20Janeiro%20RJ%20(11).jpg\" data-elementor-open-lightbox=\"no\">                <div class=\"bwg-item0 \">          <div class=\"bwg-item1 \">            <div class=\"bwg-item2\">              <img class=\"skip-lazy bwg_standart_thumb_img_0 \"                   data-id=\"2842\"                   data-width=\"\"                   data-height=\"\"                   data-src=\"https:\/\/www.ivanabeaumond.com.br\/vestidos-noiva\/wp-content\/uploads\/photo-gallery\/thumb\/Rebecca%20Noiva%20Atelier%20Ivana%20Beaumond%20Paris%20Vestido%20de%20Noiva%20Rio%20de%20Janeiro%20RJ%20(11).jpg\"                   src=\"https:\/\/www.ivanabeaumond.com.br\/vestidos-noiva\/wp-content\/uploads\/photo-gallery\/thumb\/Rebecca%20Noiva%20Atelier%20Ivana%20Beaumond%20Paris%20Vestido%20de%20Noiva%20Rio%20de%20Janeiro%20RJ%20(11).jpg\"                   alt=\"Rebecca Noiva Atelier Ivana Beaumond Paris Vestido de Noiva Rio de Janeiro RJ (11)\"                   title=\"Rebecca Noiva Atelier Ivana Beaumond Paris Vestido de Noiva Rio de Janeiro RJ (11)\" \/>            <\/div>            <div class=\"\">                                                      <\/div>          <\/div>        <\/div>                        <\/a>              <\/div>            <div class=\"bwg-item\">        <a class=\"bwg-a  bwg_lightbox\"  data-image-id=\"2837\" href=\"https:\/\/www.ivanabeaumond.com.br\/vestidos-noiva\/wp-content\/uploads\/photo-gallery\/Rebecca%20Noiva%20Atelier%20Ivana%20Beaumond%20Paris%20Vestido%20de%20Noiva%20Rio%20de%20Janeiro%20RJ%20(6).jpg\" data-elementor-open-lightbox=\"no\">                <div class=\"bwg-item0 \">          <div class=\"bwg-item1 \">            <div class=\"bwg-item2\">              <img class=\"skip-lazy bwg_standart_thumb_img_0 \"                   data-id=\"2837\"                   data-width=\"\"                   data-height=\"\"                   data-src=\"https:\/\/www.ivanabeaumond.com.br\/vestidos-noiva\/wp-content\/uploads\/photo-gallery\/thumb\/Rebecca%20Noiva%20Atelier%20Ivana%20Beaumond%20Paris%20Vestido%20de%20Noiva%20Rio%20de%20Janeiro%20RJ%20(6).jpg\"                   src=\"https:\/\/www.ivanabeaumond.com.br\/vestidos-noiva\/wp-content\/uploads\/photo-gallery\/thumb\/Rebecca%20Noiva%20Atelier%20Ivana%20Beaumond%20Paris%20Vestido%20de%20Noiva%20Rio%20de%20Janeiro%20RJ%20(6).jpg\"                   alt=\"Rebecca Noiva Atelier Ivana Beaumond Paris Vestido de Noiva Rio de Janeiro RJ (6)\"                   title=\"Rebecca Noiva Atelier Ivana Beaumond Paris Vestido de Noiva Rio de Janeiro RJ (6)\" \/>            <\/div>            <div class=\"\">                                                      <\/div>          <\/div>        <\/div>                        <\/a>              <\/div>            <div class=\"bwg-item\">        <a class=\"bwg-a  bwg_lightbox\"  data-image-id=\"2836\" href=\"https:\/\/www.ivanabeaumond.com.br\/vestidos-noiva\/wp-content\/uploads\/photo-gallery\/Rebecca%20Noiva%20Atelier%20Ivana%20Beaumond%20Paris%20Vestido%20de%20Noiva%20Rio%20de%20Janeiro%20RJ%20(5).jpg\" data-elementor-open-lightbox=\"no\">                <div class=\"bwg-item0 \">          <div class=\"bwg-item1 \">            <div class=\"bwg-item2\">              <img class=\"skip-lazy bwg_standart_thumb_img_0 \"                   data-id=\"2836\"                   data-width=\"\"                   data-height=\"\"                   data-src=\"https:\/\/www.ivanabeaumond.com.br\/vestidos-noiva\/wp-content\/uploads\/photo-gallery\/thumb\/Rebecca%20Noiva%20Atelier%20Ivana%20Beaumond%20Paris%20Vestido%20de%20Noiva%20Rio%20de%20Janeiro%20RJ%20(5).jpg\"                   src=\"https:\/\/www.ivanabeaumond.com.br\/vestidos-noiva\/wp-content\/uploads\/photo-gallery\/thumb\/Rebecca%20Noiva%20Atelier%20Ivana%20Beaumond%20Paris%20Vestido%20de%20Noiva%20Rio%20de%20Janeiro%20RJ%20(5).jpg\"                   alt=\"Rebecca Noiva Atelier Ivana Beaumond Paris Vestido de Noiva Rio de Janeiro RJ (5)\"                   title=\"Rebecca Noiva Atelier Ivana Beaumond Paris Vestido de Noiva Rio de Janeiro RJ (5)\" \/>            <\/div>            <div class=\"\">                                                      <\/div>          <\/div>        <\/div>                        <\/a>              <\/div>            <div class=\"bwg-item\">        <a class=\"bwg-a  bwg_lightbox\"  data-image-id=\"2844\" href=\"https:\/\/www.ivanabeaumond.com.br\/vestidos-noiva\/wp-content\/uploads\/photo-gallery\/Rebecca%20Noiva%20Atelier%20Ivana%20Beaumond%20Paris%20Vestido%20de%20Noiva%20Rio%20de%20Janeiro%20RJ%20(13).jpg\" data-elementor-open-lightbox=\"no\">                <div class=\"bwg-item0 \">          <div class=\"bwg-item1 \">            <div class=\"bwg-item2\">              <img class=\"skip-lazy bwg_standart_thumb_img_0 \"                   data-id=\"2844\"                   data-width=\"\"                   data-height=\"\"                   data-src=\"https:\/\/www.ivanabeaumond.com.br\/vestidos-noiva\/wp-content\/uploads\/photo-gallery\/thumb\/Rebecca%20Noiva%20Atelier%20Ivana%20Beaumond%20Paris%20Vestido%20de%20Noiva%20Rio%20de%20Janeiro%20RJ%20(13).jpg\"                   src=\"https:\/\/www.ivanabeaumond.com.br\/vestidos-noiva\/wp-content\/uploads\/photo-gallery\/thumb\/Rebecca%20Noiva%20Atelier%20Ivana%20Beaumond%20Paris%20Vestido%20de%20Noiva%20Rio%20de%20Janeiro%20RJ%20(13).jpg\"                   alt=\"Rebecca Noiva Atelier Ivana Beaumond Paris Vestido de Noiva Rio de Janeiro RJ (13)\"                   title=\"Rebecca Noiva Atelier Ivana Beaumond Paris Vestido de Noiva Rio de Janeiro RJ (13)\" \/>            <\/div>            <div class=\"\">                                                      <\/div>          <\/div>        <\/div>                        <\/a>              <\/div>            <div class=\"bwg-item\">        <a class=\"bwg-a  bwg_lightbox\"  data-image-id=\"2845\" href=\"https:\/\/www.ivanabeaumond.com.br\/vestidos-noiva\/wp-content\/uploads\/photo-gallery\/Rebecca%20Noiva%20Atelier%20Ivana%20Beaumond%20Paris%20Vestido%20de%20Noiva%20Rio%20de%20Janeiro%20RJ%20(14).jpg\" data-elementor-open-lightbox=\"no\">                <div class=\"bwg-item0 \">          <div class=\"bwg-item1 \">            <div class=\"bwg-item2\">              <img class=\"skip-lazy bwg_standart_thumb_img_0 \"                   data-id=\"2845\"                   data-width=\"\"                   data-height=\"\"                   data-src=\"https:\/\/www.ivanabeaumond.com.br\/vestidos-noiva\/wp-content\/uploads\/photo-gallery\/thumb\/Rebecca%20Noiva%20Atelier%20Ivana%20Beaumond%20Paris%20Vestido%20de%20Noiva%20Rio%20de%20Janeiro%20RJ%20(14).jpg\"                   src=\"https:\/\/www.ivanabeaumond.com.br\/vestidos-noiva\/wp-content\/uploads\/photo-gallery\/thumb\/Rebecca%20Noiva%20Atelier%20Ivana%20Beaumond%20Paris%20Vestido%20de%20Noiva%20Rio%20de%20Janeiro%20RJ%20(14).jpg\"                   alt=\"Rebecca Noiva Atelier Ivana Beaumond Paris Vestido de Noiva Rio de Janeiro RJ (14)\"                   title=\"Rebecca Noiva Atelier Ivana Beaumond Paris Vestido de Noiva Rio de Janeiro RJ (14)\" \/>            <\/div>            <div class=\"\">                                                      <\/div>          <\/div>        <\/div>                        <\/a>              <\/div>            <div class=\"bwg-item\">        <a class=\"bwg-a  bwg_lightbox\"  data-image-id=\"2846\" href=\"https:\/\/www.ivanabeaumond.com.br\/vestidos-noiva\/wp-content\/uploads\/photo-gallery\/Rebecca%20Noiva%20Atelier%20Ivana%20Beaumond%20Paris%20Vestido%20de%20Noiva%20Rio%20de%20Janeiro%20RJ%20(15).jpg\" data-elementor-open-lightbox=\"no\">                <div class=\"bwg-item0 \">          <div class=\"bwg-item1 \">            <div class=\"bwg-item2\">              <img class=\"skip-lazy bwg_standart_thumb_img_0 \"                   data-id=\"2846\"                   data-width=\"\"                   data-height=\"\"                   data-src=\"https:\/\/www.ivanabeaumond.com.br\/vestidos-noiva\/wp-content\/uploads\/photo-gallery\/thumb\/Rebecca%20Noiva%20Atelier%20Ivana%20Beaumond%20Paris%20Vestido%20de%20Noiva%20Rio%20de%20Janeiro%20RJ%20(15).jpg\"                   src=\"https:\/\/www.ivanabeaumond.com.br\/vestidos-noiva\/wp-content\/uploads\/photo-gallery\/thumb\/Rebecca%20Noiva%20Atelier%20Ivana%20Beaumond%20Paris%20Vestido%20de%20Noiva%20Rio%20de%20Janeiro%20RJ%20(15).jpg\"                   alt=\"Rebecca Noiva Atelier Ivana Beaumond Paris Vestido de Noiva Rio de Janeiro RJ (15)\"                   title=\"Rebecca Noiva Atelier Ivana Beaumond Paris Vestido de Noiva Rio de Janeiro RJ (15)\" \/>            <\/div>            <div class=\"\">                                                      <\/div>          <\/div>        <\/div>                        <\/a>              <\/div>            <div class=\"bwg-item\">        <a class=\"bwg-a  bwg_lightbox\"  data-image-id=\"2832\" href=\"https:\/\/www.ivanabeaumond.com.br\/vestidos-noiva\/wp-content\/uploads\/photo-gallery\/Rebecca%20Noiva%20Atelier%20Ivana%20Beaumond%20Paris%20Vestido%20de%20Noiva%20Rio%20de%20Janeiro%20RJ%20(1).jpg\" data-elementor-open-lightbox=\"no\">                <div class=\"bwg-item0 \">          <div class=\"bwg-item1 \">            <div class=\"bwg-item2\">              <img class=\"skip-lazy bwg_standart_thumb_img_0 \"                   data-id=\"2832\"                   data-width=\"\"                   data-height=\"\"                   data-src=\"https:\/\/www.ivanabeaumond.com.br\/vestidos-noiva\/wp-content\/uploads\/photo-gallery\/thumb\/Rebecca%20Noiva%20Atelier%20Ivana%20Beaumond%20Paris%20Vestido%20de%20Noiva%20Rio%20de%20Janeiro%20RJ%20(1).jpg\"                   src=\"https:\/\/www.ivanabeaumond.com.br\/vestidos-noiva\/wp-content\/uploads\/photo-gallery\/thumb\/Rebecca%20Noiva%20Atelier%20Ivana%20Beaumond%20Paris%20Vestido%20de%20Noiva%20Rio%20de%20Janeiro%20RJ%20(1).jpg\"                   alt=\"Rebecca Noiva Atelier Ivana Beaumond Paris Vestido de Noiva Rio de Janeiro RJ (1)\"                   title=\"Rebecca Noiva Atelier Ivana Beaumond Paris Vestido de Noiva Rio de Janeiro RJ (1)\" \/>            <\/div>            <div class=\"\">                                                      <\/div>          <\/div>        <\/div>                        <\/a>              <\/div>          <\/div>    <style>      \/*pagination styles*\/      #bwg_container1_0 #bwg_container2_0 .tablenav-pages_0 {\t\t\t\ttext-align: center;\t\t\t\tfont-size: 12px;\t\t\t\tfont-family: segoe ui;\t\t\t\tfont-weight: bold;\t\t\t\tcolor: #666666;\t\t\t\tmargin: 6px 0 4px;\t\t\t\tdisplay: block;      }      @media only screen and (max-width : 320px) {      #bwg_container1_0 #bwg_container2_0 .displaying-num_0 {     \t display: none;      }      }      #bwg_container1_0 #bwg_container2_0 .displaying-num_0 {\t\t\t\tfont-size: 12px;\t\t\t\tfont-family: segoe ui;\t\t\t\tfont-weight: bold;\t\t\t\tcolor: #666666;\t\t\t\tmargin-right: 10px;\t\t\t\tvertical-align: middle;      }      #bwg_container1_0 #bwg_container2_0 .paging-input_0 {\t\t\t\tfont-size: 12px;\t\t\t\tfont-family: segoe ui;\t\t\t\tfont-weight: bold;\t\t\t\tcolor: #666666;\t\t\t\tvertical-align: middle;      }      #bwg_container1_0 #bwg_container2_0 .tablenav-pages_0 a.disabled,      #bwg_container1_0 #bwg_container2_0 .tablenav-pages_0 a.disabled:hover,      #bwg_container1_0 #bwg_container2_0 .tablenav-pages_0 a.disabled:focus,\t\t\t#bwg_container1_0 #bwg_container2_0 .tablenav-pages_0 input.bwg_current_page {\t\t\t\tcursor: default;\t\t\t\tcolor: rgba(102, 102, 102, 0.5);      }      #bwg_container1_0 #bwg_container2_0 .tablenav-pages_0 a,      #bwg_container1_0 #bwg_container2_0 .tablenav-pages_0 input.bwg_current_page {\t\t\t\tcursor: pointer;\t\t\t\ttext-align: center;\t\t\t\tfont-size: 12px;\t\t\t\tfont-family: segoe ui;\t\t\t\tfont-weight: bold;\t\t\t\tcolor: #666666;\t\t\t\ttext-decoration: none;\t\t\t\tpadding: 3px 6px;\t\t\t\tmargin: 0;\t\t\t\tborder-radius: 0;\t\t\t\tborder-style: solid;\t\t\t\tborder-width: 1px;\t\t\t\tborder-color: #E3E3E3;\t\t\t\t\t\t\t\tbackground-color: rgba(255, 255, 255, 1.00);\t\t\t\tbox-shadow: 0;\t\t\t\ttransition: all 0.3s ease 0s;-webkit-transition: all 0.3s ease 0s;      }      <\/style>      <span class=\"bwg_nav_cont_0\">              <div class=\"tablenav-pages_0\">                  <\/div>                <input type=\"hidden\" id=\"page_number_0\" name=\"page_number_0\" value=\"1\" \/>      <script type=\"text\/javascript\">        if( jQuery('.bwg_nav_cont_0').length > 1 ) {          jQuery('.bwg_nav_cont_0').first().remove()        }        function spider_page_0(cur, x, y, load_more) {          if (typeof load_more == \"undefined\") {            var load_more = false;          }          if (jQuery(cur).hasClass('disabled')) {            return false;          }          var items_county_0 = 1;          switch (y) {            case 1:              if (x >= items_county_0) {                document.getElementById('page_number_0').value = items_county_0;              }              else {                document.getElementById('page_number_0').value = x + 1;              }              break;            case 2:              document.getElementById('page_number_0').value = items_county_0;              break;            case -1:              if (x == 1) {                document.getElementById('page_number_0').value = 1;              }              else {                document.getElementById('page_number_0').value = x - 1;              }              break;            case -2:              document.getElementById('page_number_0').value = 1;              break;\t\t\t\t\t\tcase 0:              document.getElementById('page_number_0').value = x;              break;            default:              document.getElementById('page_number_0').value = 1;          }          bwg_ajax('gal_front_form_0', '0', 'bwg_thumbnails_0', '0', '', 'gallery', 0, '', '', load_more, '', 1);        }                    jQuery('.first-page-0').on('click', function () {              spider_page_0(this, 1, -2, 'numeric');              return false;            });            jQuery('.prev-page-0').on('click', function () {              spider_page_0(this, 1, -1, 'numeric');              return false;            });            jQuery('.next-page-0').on('click', function () {              spider_page_0(this, 1, 1, 'numeric');              return false;            });            jQuery('.last-page-0').on('click', function () {              spider_page_0(this, 1, 2, 'numeric');              return false;            });        \t\t\t\t\/* Change page on input enter. *\/        function bwg_change_page_0( e, that ) {          if (  e.key == 'Enter' ) {            var to_page = parseInt(jQuery(that).val());            var pages_count = jQuery(that).parents(\".pagination-links\").data(\"pages-count\");            var current_url_param = jQuery(that).attr('data-url-info');            if (to_page > pages_count) {              to_page = 1;            }\t \t\t\t\t\t\t\t\t\t\t\t\tspider_page_0(this, to_page, 0, 'numeric');\t\t\t\t\t\t\treturn false;\t\t\t\t\t\t          }          return true;        }        jQuery('.bwg_load_btn_0').on('click', function () {            spider_page_0(this, 1, 1, true);            return false;        });      <\/script>      <\/span>                <\/div>        <\/form>        <style>          #bwg_container1_0 #bwg_container2_0 #spider_popup_overlay_0 {          background-color: #000000;          opacity: 0.70;          }          <\/style>        <div id=\"bwg_spider_popup_loading_0\" class=\"bwg_spider_popup_loading\"><\/div>        <div id=\"spider_popup_overlay_0\" class=\"spider_popup_overlay\" onclick=\"spider_destroypopup(1000)\"><\/div>        <input type=\"hidden\" id=\"bwg_random_seed_0\" value=\"173666219\">                <\/div>    <\/div>    <script>      if (document.readyState === 'complete') {        if( typeof bwg_main_ready == 'function' ) {          if ( jQuery(\"#bwg_container1_0\").height() ) {            bwg_main_ready(jQuery(\"#bwg_container1_0\"));          }        }      } else {        document.addEventListener('DOMContentLoaded', function() {          if( typeof bwg_main_ready == 'function' ) {            if ( jQuery(\"#bwg_container1_0\").height() ) {             bwg_main_ready(jQuery(\"#bwg_container1_0\"));            }          }        });      }    <\/script>    \n\n\n\n<h4 class=\"wp-block-heading\"><span style=\"color: #000000;\">Ficha T\u00e9cnica:<\/span><\/h4>\n\n\n\n<h4 class=\"wp-block-heading\"><span style=\"color: #000000;\">Vestido: Atelier Ivana Beaumond Paris. Beleza da noiva: Loeni Mazzei. Buqu\u00ea: Florever Flores &amp; Plantas. Local da cerim\u00f4nia: Maison Jo\u00e1. Convites: Kasa dos Convites. Bem casados: Brigadeiria Carioca. Chocolates: Roberta Castro Chocolates. DJ: Lelo Cardoso. Filmagem: Vitor Carvalho Filmes. Fotografia: Raoni Aguiar Fotografia.<\/span><\/h4>\n\n\n\n<div style=\"height:54px\" aria-hidden=\"true\" class=\"wp-block-spacer\"><\/div>\n\n\n\n<h4 class=\"wp-block-heading\"><span style=\"color: #999999;\">Gostou? Siga nosso instagram&nbsp;<\/span><a href=\"https:\/\/www.instagram.com\/ivanabeaumond\/\">@ivanabeaumond<\/a>&nbsp;<span style=\"color: #999999;\">e curta nossa fanpage&nbsp;<\/span><a href=\"https:\/\/www.facebook.com\/IvanaBeaumond\/\">Ivana Beaumond<\/a>&nbsp;<span style=\"color: #999999;\">para ficar por dentro de tudo o que rola no mundo das noivas, e conhe\u00e7a nossos Melhores Modelos de Vestidos de Noivas Nacionais, Importados e Sob Medida.<\/span><\/h4>\n","protected":false},"excerpt":{"rendered":"<p>Os noivos Rebeca e Felipe se casaram em uma cerim\u00f4nia&nbsp;na&#8230;<\/p>\n","protected":false},"author":4,"featured_media":22070,"comment_status":"closed","ping_status":"closed","sticky":false,"template":"","format":"standard","meta":[],"categories":[60,130],"tags":[104,144,981,660,1019,650,1020,96,161,1026,297,755,293,638,286,903,1022,1021,1018,98,796,164,857,258,1023,289,532,1017,459,273,629,115,1025,754,598,1024,724],"yoast_head":"<!-- This site is optimized with the Yoast SEO plugin v20.3 - https:\/\/yoast.com\/wordpress\/plugins\/seo\/ -->\n<title>Casamento no Jo\u00e1, com Rebeca e Felipe - Vestido de Noiva RJ<\/title>\n<meta name=\"robots\" content=\"index, follow, max-snippet:-1, max-image-preview:large, max-video-preview:-1\" \/>\n<link rel=\"canonical\" href=\"https:\/\/www.ivanabeaumond.com.br\/vestidos-noiva\/casamento-no-joa-com-rebeca-e-felipe\/\" \/>\n<meta property=\"og:locale\" content=\"pt_BR\" \/>\n<meta property=\"og:type\" content=\"article\" \/>\n<meta property=\"og:title\" content=\"Casamento no Jo\u00e1, com Rebeca e Felipe - Vestido de Noiva RJ\" \/>\n<meta property=\"og:description\" content=\"Os noivos Rebeca e Felipe se casaram em uma cerim\u00f4nia&nbsp;na...\" \/>\n<meta property=\"og:url\" content=\"https:\/\/www.ivanabeaumond.com.br\/vestidos-noiva\/casamento-no-joa-com-rebeca-e-felipe\/\" \/>\n<meta property=\"og:site_name\" content=\"Vestido de Noiva RJ\" \/>\n<meta property=\"article:publisher\" content=\"https:\/\/www.facebook.com\/ivana.beaumondnoivas\" \/>\n<meta property=\"article:published_time\" content=\"2019-11-04T18:54:04+00:00\" \/>\n<meta property=\"article:modified_time\" content=\"2020-08-10T19:10:27+00:00\" \/>\n<meta property=\"og:image\" content=\"https:\/\/www.ivanabeaumond.com.br\/vestidos-noiva\/wp-content\/uploads\/2019\/09\/Rebecca-Noiva-Atelier-Ivana-Beaumond-Paris-Vestido-de-Noiva-Rio-de-Janeiro-RJ-6-e1567538970465.jpg\" \/>\n\t<meta property=\"og:image:width\" content=\"600\" \/>\n\t<meta property=\"og:image:height\" content=\"400\" \/>\n\t<meta property=\"og:image:type\" content=\"image\/jpeg\" \/>\n<meta name=\"author\" content=\"Ivana Beaumond Paris\" \/>\n<meta name=\"twitter:card\" content=\"summary_large_image\" \/>\n<meta name=\"twitter:label1\" content=\"Escrito por\" \/>\n\t<meta name=\"twitter:data1\" content=\"Ivana Beaumond Paris\" \/>\n\t<meta name=\"twitter:label2\" content=\"Est. tempo de leitura\" \/>\n\t<meta name=\"twitter:data2\" content=\"1 minuto\" \/>\n<script type=\"application\/ld+json\" class=\"yoast-schema-graph\">{\"@context\":\"https:\/\/schema.org\",\"@graph\":[{\"@type\":\"Article\",\"@id\":\"https:\/\/www.ivanabeaumond.com.br\/vestidos-noiva\/casamento-no-joa-com-rebeca-e-felipe\/#article\",\"isPartOf\":{\"@id\":\"https:\/\/www.ivanabeaumond.com.br\/vestidos-noiva\/casamento-no-joa-com-rebeca-e-felipe\/\"},\"author\":{\"name\":\"Ivana Beaumond Paris\",\"@id\":\"https:\/\/www.ivanabeaumond.com.br\/vestidos-noiva\/#\/schema\/person\/1a360c4cffa3b806d29a456389dcff26\"},\"headline\":\"Casamento no Jo\u00e1, com Rebeca e Felipe\",\"datePublished\":\"2019-11-04T18:54:04+00:00\",\"dateModified\":\"2020-08-10T19:10:27+00:00\",\"mainEntityOfPage\":{\"@id\":\"https:\/\/www.ivanabeaumond.com.br\/vestidos-noiva\/casamento-no-joa-com-rebeca-e-felipe\/\"},\"wordCount\":274,\"publisher\":{\"@id\":\"https:\/\/www.ivanabeaumond.com.br\/vestidos-noiva\/#organization\"},\"keywords\":[\"aluguel de roupa\",\"aluguel de vestido\",\"aluguel de vestido de noiva\",\"atelier de noivas\",\"atelier de noivas rj\",\"atelier ivana beaumond\",\"atelier rio de janeiro\",\"casamento\",\"casamento blindado\",\"casamento brasileiro\",\"casamento na igreja\",\"casamento rj\",\"errejota\",\"estilista de noivas\",\"ivana beaumond\",\"loja de noivas\",\"loja de noivas rio de janeiro\",\"loja de noivas rj\",\"maison jo\u00e1\",\"noiva\",\"noiva rj\",\"noivas\",\"noivas rj\",\"noivinha\",\"noivinhas\",\"noivos\",\"princesa\",\"raoni aguiar fotografia\",\"renda\",\"rio de janeiro\",\"rj\",\"vestido de noiva\",\"vestido de noiva princesa\",\"vestidos de noiva\",\"vou casar\",\"vou casar 2019\",\"vou casar 2020\"],\"articleSection\":[\"Blog\",\"Nossas Noivas\"],\"inLanguage\":\"pt-BR\"},{\"@type\":\"WebPage\",\"@id\":\"https:\/\/www.ivanabeaumond.com.br\/vestidos-noiva\/casamento-no-joa-com-rebeca-e-felipe\/\",\"url\":\"https:\/\/www.ivanabeaumond.com.br\/vestidos-noiva\/casamento-no-joa-com-rebeca-e-felipe\/\",\"name\":\"Casamento no Jo\u00e1, com Rebeca e Felipe - Vestido de Noiva RJ\",\"isPartOf\":{\"@id\":\"https:\/\/www.ivanabeaumond.com.br\/vestidos-noiva\/#website\"},\"datePublished\":\"2019-11-04T18:54:04+00:00\",\"dateModified\":\"2020-08-10T19:10:27+00:00\",\"breadcrumb\":{\"@id\":\"https:\/\/www.ivanabeaumond.com.br\/vestidos-noiva\/casamento-no-joa-com-rebeca-e-felipe\/#breadcrumb\"},\"inLanguage\":\"pt-BR\",\"potentialAction\":[{\"@type\":\"ReadAction\",\"target\":[\"https:\/\/www.ivanabeaumond.com.br\/vestidos-noiva\/casamento-no-joa-com-rebeca-e-felipe\/\"]}]},{\"@type\":\"BreadcrumbList\",\"@id\":\"https:\/\/www.ivanabeaumond.com.br\/vestidos-noiva\/casamento-no-joa-com-rebeca-e-felipe\/#breadcrumb\",\"itemListElement\":[{\"@type\":\"ListItem\",\"position\":1,\"name\":\"In\u00edcio\",\"item\":\"https:\/\/www.ivanabeaumond.com.br\/vestidos-noiva\/\"},{\"@type\":\"ListItem\",\"position\":2,\"name\":\"Casamento no Jo\u00e1, com Rebeca e Felipe\"}]},{\"@type\":\"WebSite\",\"@id\":\"https:\/\/www.ivanabeaumond.com.br\/vestidos-noiva\/#website\",\"url\":\"https:\/\/www.ivanabeaumond.com.br\/vestidos-noiva\/\",\"name\":\"Vestido de Noiva RJ\",\"description\":\"Moda Noiva\",\"publisher\":{\"@id\":\"https:\/\/www.ivanabeaumond.com.br\/vestidos-noiva\/#organization\"},\"potentialAction\":[{\"@type\":\"SearchAction\",\"target\":{\"@type\":\"EntryPoint\",\"urlTemplate\":\"https:\/\/www.ivanabeaumond.com.br\/vestidos-noiva\/?s={search_term_string}\"},\"query-input\":\"required name=search_term_string\"}],\"inLanguage\":\"pt-BR\"},{\"@type\":\"Organization\",\"@id\":\"https:\/\/www.ivanabeaumond.com.br\/vestidos-noiva\/#organization\",\"name\":\"Vestido de Noiva RJ\",\"url\":\"https:\/\/www.ivanabeaumond.com.br\/vestidos-noiva\/\",\"logo\":{\"@type\":\"ImageObject\",\"inLanguage\":\"pt-BR\",\"@id\":\"https:\/\/www.ivanabeaumond.com.br\/vestidos-noiva\/#\/schema\/logo\/image\/\",\"url\":\"https:\/\/www.ivanabeaumond.com.br\/vestidos-noiva\/wp-content\/uploads\/2018\/02\/logo_ivana_beaumond-2.png\",\"contentUrl\":\"https:\/\/www.ivanabeaumond.com.br\/vestidos-noiva\/wp-content\/uploads\/2018\/02\/logo_ivana_beaumond-2.png\",\"width\":230,\"height\":112,\"caption\":\"Vestido de Noiva RJ\"},\"image\":{\"@id\":\"https:\/\/www.ivanabeaumond.com.br\/vestidos-noiva\/#\/schema\/logo\/image\/\"},\"sameAs\":[\"https:\/\/www.facebook.com\/ivana.beaumondnoivas\",\"https:\/\/www.instagram.com\/ivanabeaumond\/\",\"https:\/\/www.tiktok.com\/@ivanabeaumond\"]},{\"@type\":\"Person\",\"@id\":\"https:\/\/www.ivanabeaumond.com.br\/vestidos-noiva\/#\/schema\/person\/1a360c4cffa3b806d29a456389dcff26\",\"name\":\"Ivana Beaumond Paris\",\"image\":{\"@type\":\"ImageObject\",\"inLanguage\":\"pt-BR\",\"@id\":\"https:\/\/www.ivanabeaumond.com.br\/vestidos-noiva\/#\/schema\/person\/image\/\",\"url\":\"https:\/\/secure.gravatar.com\/avatar\/641f98db20b53ec937ceb641db4270b9?s=96&d=mm&r=g\",\"contentUrl\":\"https:\/\/secure.gravatar.com\/avatar\/641f98db20b53ec937ceb641db4270b9?s=96&d=mm&r=g\",\"caption\":\"Ivana Beaumond Paris\"},\"url\":\"https:\/\/www.ivanabeaumond.com.br\/vestidos-noiva\/author\/ivana\/\"}]}<\/script>\n<!-- \/ Yoast SEO plugin. -->","yoast_head_json":{"title":"Casamento no Jo\u00e1, com Rebeca e Felipe - Vestido de Noiva RJ","robots":{"index":"index","follow":"follow","max-snippet":"max-snippet:-1","max-image-preview":"max-image-preview:large","max-video-preview":"max-video-preview:-1"},"canonical":"https:\/\/www.ivanabeaumond.com.br\/vestidos-noiva\/casamento-no-joa-com-rebeca-e-felipe\/","og_locale":"pt_BR","og_type":"article","og_title":"Casamento no Jo\u00e1, com Rebeca e Felipe - Vestido de Noiva RJ","og_description":"Os noivos Rebeca e Felipe se casaram em uma cerim\u00f4nia&nbsp;na...","og_url":"https:\/\/www.ivanabeaumond.com.br\/vestidos-noiva\/casamento-no-joa-com-rebeca-e-felipe\/","og_site_name":"Vestido de Noiva RJ","article_publisher":"https:\/\/www.facebook.com\/ivana.beaumondnoivas","article_published_time":"2019-11-04T18:54:04+00:00","article_modified_time":"2020-08-10T19:10:27+00:00","og_image":[{"width":600,"height":400,"url":"https:\/\/www.ivanabeaumond.com.br\/vestidos-noiva\/wp-content\/uploads\/2019\/09\/Rebecca-Noiva-Atelier-Ivana-Beaumond-Paris-Vestido-de-Noiva-Rio-de-Janeiro-RJ-6-e1567538970465.jpg","type":"image\/jpeg"}],"author":"Ivana Beaumond Paris","twitter_card":"summary_large_image","twitter_misc":{"Escrito por":"Ivana Beaumond Paris","Est. tempo de leitura":"1 minuto"},"schema":{"@context":"https:\/\/schema.org","@graph":[{"@type":"Article","@id":"https:\/\/www.ivanabeaumond.com.br\/vestidos-noiva\/casamento-no-joa-com-rebeca-e-felipe\/#article","isPartOf":{"@id":"https:\/\/www.ivanabeaumond.com.br\/vestidos-noiva\/casamento-no-joa-com-rebeca-e-felipe\/"},"author":{"name":"Ivana Beaumond Paris","@id":"https:\/\/www.ivanabeaumond.com.br\/vestidos-noiva\/#\/schema\/person\/1a360c4cffa3b806d29a456389dcff26"},"headline":"Casamento no Jo\u00e1, com Rebeca e Felipe","datePublished":"2019-11-04T18:54:04+00:00","dateModified":"2020-08-10T19:10:27+00:00","mainEntityOfPage":{"@id":"https:\/\/www.ivanabeaumond.com.br\/vestidos-noiva\/casamento-no-joa-com-rebeca-e-felipe\/"},"wordCount":274,"publisher":{"@id":"https:\/\/www.ivanabeaumond.com.br\/vestidos-noiva\/#organization"},"keywords":["aluguel de roupa","aluguel de vestido","aluguel de vestido de noiva","atelier de noivas","atelier de noivas rj","atelier ivana beaumond","atelier rio de janeiro","casamento","casamento blindado","casamento brasileiro","casamento na igreja","casamento rj","errejota","estilista de noivas","ivana beaumond","loja de noivas","loja de noivas rio de janeiro","loja de noivas rj","maison jo\u00e1","noiva","noiva rj","noivas","noivas rj","noivinha","noivinhas","noivos","princesa","raoni aguiar fotografia","renda","rio de janeiro","rj","vestido de noiva","vestido de noiva princesa","vestidos de noiva","vou casar","vou casar 2019","vou casar 2020"],"articleSection":["Blog","Nossas Noivas"],"inLanguage":"pt-BR"},{"@type":"WebPage","@id":"https:\/\/www.ivanabeaumond.com.br\/vestidos-noiva\/casamento-no-joa-com-rebeca-e-felipe\/","url":"https:\/\/www.ivanabeaumond.com.br\/vestidos-noiva\/casamento-no-joa-com-rebeca-e-felipe\/","name":"Casamento no Jo\u00e1, com Rebeca e Felipe - Vestido de Noiva RJ","isPartOf":{"@id":"https:\/\/www.ivanabeaumond.com.br\/vestidos-noiva\/#website"},"datePublished":"2019-11-04T18:54:04+00:00","dateModified":"2020-08-10T19:10:27+00:00","breadcrumb":{"@id":"https:\/\/www.ivanabeaumond.com.br\/vestidos-noiva\/casamento-no-joa-com-rebeca-e-felipe\/#breadcrumb"},"inLanguage":"pt-BR","potentialAction":[{"@type":"ReadAction","target":["https:\/\/www.ivanabeaumond.com.br\/vestidos-noiva\/casamento-no-joa-com-rebeca-e-felipe\/"]}]},{"@type":"BreadcrumbList","@id":"https:\/\/www.ivanabeaumond.com.br\/vestidos-noiva\/casamento-no-joa-com-rebeca-e-felipe\/#breadcrumb","itemListElement":[{"@type":"ListItem","position":1,"name":"In\u00edcio","item":"https:\/\/www.ivanabeaumond.com.br\/vestidos-noiva\/"},{"@type":"ListItem","position":2,"name":"Casamento no Jo\u00e1, com Rebeca e Felipe"}]},{"@type":"WebSite","@id":"https:\/\/www.ivanabeaumond.com.br\/vestidos-noiva\/#website","url":"https:\/\/www.ivanabeaumond.com.br\/vestidos-noiva\/","name":"Vestido de Noiva RJ","description":"Moda Noiva","publisher":{"@id":"https:\/\/www.ivanabeaumond.com.br\/vestidos-noiva\/#organization"},"potentialAction":[{"@type":"SearchAction","target":{"@type":"EntryPoint","urlTemplate":"https:\/\/www.ivanabeaumond.com.br\/vestidos-noiva\/?s={search_term_string}"},"query-input":"required name=search_term_string"}],"inLanguage":"pt-BR"},{"@type":"Organization","@id":"https:\/\/www.ivanabeaumond.com.br\/vestidos-noiva\/#organization","name":"Vestido de Noiva RJ","url":"https:\/\/www.ivanabeaumond.com.br\/vestidos-noiva\/","logo":{"@type":"ImageObject","inLanguage":"pt-BR","@id":"https:\/\/www.ivanabeaumond.com.br\/vestidos-noiva\/#\/schema\/logo\/image\/","url":"https:\/\/www.ivanabeaumond.com.br\/vestidos-noiva\/wp-content\/uploads\/2018\/02\/logo_ivana_beaumond-2.png","contentUrl":"https:\/\/www.ivanabeaumond.com.br\/vestidos-noiva\/wp-content\/uploads\/2018\/02\/logo_ivana_beaumond-2.png","width":230,"height":112,"caption":"Vestido de Noiva RJ"},"image":{"@id":"https:\/\/www.ivanabeaumond.com.br\/vestidos-noiva\/#\/schema\/logo\/image\/"},"sameAs":["https:\/\/www.facebook.com\/ivana.beaumondnoivas","https:\/\/www.instagram.com\/ivanabeaumond\/","https:\/\/www.tiktok.com\/@ivanabeaumond"]},{"@type":"Person","@id":"https:\/\/www.ivanabeaumond.com.br\/vestidos-noiva\/#\/schema\/person\/1a360c4cffa3b806d29a456389dcff26","name":"Ivana Beaumond Paris","image":{"@type":"ImageObject","inLanguage":"pt-BR","@id":"https:\/\/www.ivanabeaumond.com.br\/vestidos-noiva\/#\/schema\/person\/image\/","url":"https:\/\/secure.gravatar.com\/avatar\/641f98db20b53ec937ceb641db4270b9?s=96&d=mm&r=g","contentUrl":"https:\/\/secure.gravatar.com\/avatar\/641f98db20b53ec937ceb641db4270b9?s=96&d=mm&r=g","caption":"Ivana Beaumond Paris"},"url":"https:\/\/www.ivanabeaumond.com.br\/vestidos-noiva\/author\/ivana\/"}]}},"_links":{"self":[{"href":"https:\/\/www.ivanabeaumond.com.br\/vestidos-noiva\/wp-json\/wp\/v2\/posts\/22063"}],"collection":[{"href":"https:\/\/www.ivanabeaumond.com.br\/vestidos-noiva\/wp-json\/wp\/v2\/posts"}],"about":[{"href":"https:\/\/www.ivanabeaumond.com.br\/vestidos-noiva\/wp-json\/wp\/v2\/types\/post"}],"author":[{"embeddable":true,"href":"https:\/\/www.ivanabeaumond.com.br\/vestidos-noiva\/wp-json\/wp\/v2\/users\/4"}],"replies":[{"embeddable":true,"href":"https:\/\/www.ivanabeaumond.com.br\/vestidos-noiva\/wp-json\/wp\/v2\/comments?post=22063"}],"version-history":[{"count":9,"href":"https:\/\/www.ivanabeaumond.com.br\/vestidos-noiva\/wp-json\/wp\/v2\/posts\/22063\/revisions"}],"predecessor-version":[{"id":25629,"href":"https:\/\/www.ivanabeaumond.com.br\/vestidos-noiva\/wp-json\/wp\/v2\/posts\/22063\/revisions\/25629"}],"wp:featuredmedia":[{"embeddable":true,"href":"https:\/\/www.ivanabeaumond.com.br\/vestidos-noiva\/wp-json\/wp\/v2\/media\/22070"}],"wp:attachment":[{"href":"https:\/\/www.ivanabeaumond.com.br\/vestidos-noiva\/wp-json\/wp\/v2\/media?parent=22063"}],"wp:term":[{"taxonomy":"category","embeddable":true,"href":"https:\/\/www.ivanabeaumond.com.br\/vestidos-noiva\/wp-json\/wp\/v2\/categories?post=22063"},{"taxonomy":"post_tag","embeddable":true,"href":"https:\/\/www.ivanabeaumond.com.br\/vestidos-noiva\/wp-json\/wp\/v2\/tags?post=22063"}],"curies":[{"name":"wp","href":"https:\/\/api.w.org\/{rel}","templated":true}]}}