{"id":22464,"date":"2019-10-16T15:39:27","date_gmt":"2019-10-16T18:39:27","guid":{"rendered":"https:\/\/www.ivanabeaumond.com.br\/vestidos-noiva\/?p=22464"},"modified":"2020-08-19T16:42:50","modified_gmt":"2020-08-19T19:42:50","slug":"festa-tematica-com-ana-carol","status":"publish","type":"post","link":"https:\/\/www.ivanabeaumond.com.br\/vestidos-noiva\/festa-tematica-com-ana-carol\/","title":{"rendered":"Festa tem\u00e1tica, com Ana Carol"},"content":{"rendered":"<h4 style=\"text-align: justify;\"><span style=\"color: #999999;\">O baile de debutante da nossa princesa Ana Carol foi inesquec\u00edvel do come\u00e7o ao fim. A debutante escolheu o tema Alice no Pa\u00eds das Maravilhas para comemorar seus 15 anos em grande estilo na casa de festas Versatilly, com um look sob medida feito especialmente para ela pelo Atelier Ivana Beaumond Paris. Confira as fotos do evento e veja como a Ana Carol estava perfeita em seu modelo azul marinho com aplica\u00e7\u00f5es de bordado e detalhe de strass:<\/span><\/h4>\n<h4 style=\"text-align: justify;\"><span style=\"color: #999999;\">&nbsp;<\/span><\/h4>\n<p><img decoding=\"async\" loading=\"lazy\" class=\"aligncenter size-full wp-image-22467\" src=\"https:\/\/www.ivanabeaumond.com.br\/vestidos-noiva\/wp-content\/uploads\/2019\/10\/ANA-CAROL-DEBUTANTE-15-ANOS-VESTIDO-ATELIER-IVANA-BEAUMOND-RJ-19-e1570654023393.jpg\" alt=\"ANA CAROL DEBUTANTE 15 ANOS VESTIDO ATELIER IVANA BEAUMOND RJ (19)\" width=\"600\" height=\"400\"><\/p>\n<p><img decoding=\"async\" loading=\"lazy\" class=\"aligncenter size-full wp-image-22468\" src=\"https:\/\/www.ivanabeaumond.com.br\/vestidos-noiva\/wp-content\/uploads\/2019\/10\/ANA-CAROL-DEBUTANTE-15-ANOS-VESTIDO-ATELIER-IVANA-BEAUMOND-RJ-3-e1570654119927.jpg\" alt=\"ANA CAROL DEBUTANTE 15 ANOS VESTIDO ATELIER IVANA BEAUMOND RJ (3)\" width=\"600\" height=\"400\"><\/p>\n<h4 style=\"text-align: justify;\"><span style=\"color: #999999;\">&nbsp;Gostar\u00edamos de desejar os parab\u00e9ns para a nossa querida debutante e agradecer a ela e \u00e0 sua fam\u00edlia pelo carinho e confian\u00e7a! Confira, na galeria a seguir, outras fotos da festa, feitas por Gutho Oliveira:<\/span><\/h4>\n<style id=\"bwg-style-0\">    #bwg_container1_0 #bwg_container2_0 .bwg-container-0.bwg-standard-thumbnails {      width: 904px;              justify-content: center;        margin:0 auto !important;              background-color: rgba(255, 255, 255, 0.00);            padding-left: 4px;      padding-top: 4px;      max-width: 100%;            }        #bwg_container1_0 #bwg_container2_0 .bwg-container-0.bwg-standard-thumbnails .bwg-item {    justify-content: flex-start;      max-width: 180px;            width: 180px !important;          }    #bwg_container1_0 #bwg_container2_0 .bwg-container-0.bwg-standard-thumbnails .bwg-item a {       margin-right: 4px;       margin-bottom: 4px;    }    #bwg_container1_0 #bwg_container2_0 .bwg-container-0.bwg-standard-thumbnails .bwg-item0 {      padding: 0px;            background-color:rgba(255,255,255, 0.30);      border: 0px none #CCCCCC;      opacity: 1.00;      border-radius: 0;      box-shadow: 0px 0px 0px #888888;    }    #bwg_container1_0 #bwg_container2_0 .bwg-container-0.bwg-standard-thumbnails .bwg-item1 img {      max-height: none;      max-width: none;      padding: 0 !important;    }        @media only screen and (min-width: 480px) {      #bwg_container1_0 #bwg_container2_0 .bwg-container-0.bwg-standard-thumbnails .bwg-item0 {        transition: all 0.3s ease 0s;-webkit-transition: all 0.3s ease 0s;      }      #bwg_container1_0 #bwg_container2_0 .bwg-container-0.bwg-standard-thumbnails .bwg-item0:hover {        -ms-transform: scale(1.1);        -webkit-transform: scale(1.1);        transform: scale(1.1);      }    }          #bwg_container1_0 #bwg_container2_0 .bwg-container-0.bwg-standard-thumbnails .bwg-item1 {      padding-top: 50%;    }        #bwg_container1_0 #bwg_container2_0 .bwg-container-0.bwg-standard-thumbnails .bwg-title2,    #bwg_container1_0 #bwg_container2_0 .bwg-container-0.bwg-standard-thumbnails .bwg-ecommerce2 {      color: #CCCCCC;      font-family: segoe ui;      font-size: 16px;      font-weight: bold;      padding: 2px;      text-shadow: 0px 0px 0px #888888;      max-height: 100%;    }    #bwg_container1_0 #bwg_container2_0 .bwg-container-0.bwg-standard-thumbnails .bwg-thumb-description span {    color: #323A45;    font-family: Ubuntu;    font-size: 12px;    max-height: 100%;    word-wrap: break-word;    }    #bwg_container1_0 #bwg_container2_0 .bwg-container-0.bwg-standard-thumbnails .bwg-play-icon2 {      font-size: 32px;    }    #bwg_container1_0 #bwg_container2_0 .bwg-container-0.bwg-standard-thumbnails .bwg-ecommerce2 {      font-size: 19.2px;      color: #CCCCCC;    }    <\/style>    <div id=\"bwg_container1_0\"         class=\"bwg_container bwg_thumbnail bwg_thumbnails \"         data-right-click-protection=\"0\"         data-bwg=\"0\"         data-scroll=\"0\"         data-gallery-type=\"thumbnails\"         data-gallery-view-type=\"thumbnails\"         data-current-url=\"\/vestidos-noiva\/wp-json\/wp\/v2\/posts\/22464\"         data-lightbox-url=\"https:\/\/www.ivanabeaumond.com.br\/vestidos-noiva\/wp-admin\/admin-ajax.php?action=GalleryBox&#038;current_view=0&#038;gallery_id=127&#038;tag=0&#038;theme_id=1&#038;shortcode_id=223&#038;sort_by=order&#038;order_by=asc&#038;current_url=%2Fvestidos-noiva%2Fwp-json%2Fwp%2Fv2%2Fposts%2F22464\"         data-gallery-id=\"127\"         data-popup-width=\"600\"         data-popup-height=\"600\"         data-is-album=\"gallery\"         data-buttons-position=\"bottom\">      <div id=\"bwg_container2_0\">             <div id=\"ajax_loading_0\" class=\"bwg_loading_div_1\">      <div class=\"bwg_loading_div_2\">        <div class=\"bwg_loading_div_3\">          <div id=\"loading_div_0\" class=\"bwg_spider_ajax_loading\">          <\/div>        <\/div>      <\/div>    <\/div>            <form id=\"gal_front_form_0\"              class=\"bwg-hidden\"              method=\"post\"              action=\"#\"              data-current=\"0\"              data-shortcode-id=\"223\"              data-gallery-type=\"thumbnails\"              data-gallery-id=\"127\"              data-tag=\"0\"              data-album-id=\"0\"              data-theme-id=\"1\"              data-ajax-url=\"https:\/\/www.ivanabeaumond.com.br\/vestidos-noiva\/wp-admin\/admin-ajax.php?action=bwg_frontend_data\">          <div id=\"bwg_container3_0\" class=\"bwg-background bwg-background-0\">                <div data-max-count=\"5\"         data-thumbnail-width=\"180\"         data-bwg=\"0\"         data-gallery-id=\"127\"         data-lightbox-url=\"https:\/\/www.ivanabeaumond.com.br\/vestidos-noiva\/wp-admin\/admin-ajax.php?action=GalleryBox&amp;current_view=0&amp;gallery_id=127&amp;tag=0&amp;theme_id=1&amp;shortcode_id=223&amp;sort_by=order&amp;order_by=asc&amp;current_url=%2Fvestidos-noiva%2Fwp-json%2Fwp%2Fv2%2Fposts%2F22464\"         id=\"bwg_thumbnails_0\"         class=\"bwg-container-0 bwg-thumbnails bwg-standard-thumbnails bwg-container bwg-border-box\">            <div class=\"bwg-item\">        <a class=\"bwg-a  bwg_lightbox\"  data-image-id=\"2934\" href=\"https:\/\/www.ivanabeaumond.com.br\/vestidos-noiva\/wp-content\/uploads\/photo-gallery\/ANA%20CAROL%20DEBUTANTE%2015%20ANOS%20VESTIDO%20ATELIER%20IVANA%20BEAUMOND%20RJ%20(18).jpg\" data-elementor-open-lightbox=\"no\">                <div class=\"bwg-item0 \">          <div class=\"bwg-item1 \">            <div class=\"bwg-item2\">              <img class=\"skip-lazy bwg_standart_thumb_img_0 \"                   data-id=\"2934\"                   data-width=\"\"                   data-height=\"\"                   data-src=\"https:\/\/www.ivanabeaumond.com.br\/vestidos-noiva\/wp-content\/uploads\/photo-gallery\/thumb\/ANA%20CAROL%20DEBUTANTE%2015%20ANOS%20VESTIDO%20ATELIER%20IVANA%20BEAUMOND%20RJ%20(18).jpg\"                   src=\"https:\/\/www.ivanabeaumond.com.br\/vestidos-noiva\/wp-content\/uploads\/photo-gallery\/thumb\/ANA%20CAROL%20DEBUTANTE%2015%20ANOS%20VESTIDO%20ATELIER%20IVANA%20BEAUMOND%20RJ%20(18).jpg\"                   alt=\"ANA CAROL DEBUTANTE 15 ANOS VESTIDO ATELIER IVANA BEAUMOND RJ (18)\"                   title=\"ANA CAROL DEBUTANTE 15 ANOS VESTIDO ATELIER IVANA BEAUMOND RJ (18)\" \/>            <\/div>            <div class=\"\">                                                      <\/div>          <\/div>        <\/div>                        <\/a>              <\/div>            <div class=\"bwg-item\">        <a class=\"bwg-a  bwg_lightbox\"  data-image-id=\"2930\" href=\"https:\/\/www.ivanabeaumond.com.br\/vestidos-noiva\/wp-content\/uploads\/photo-gallery\/ANA%20CAROL%20DEBUTANTE%2015%20ANOS%20VESTIDO%20ATELIER%20IVANA%20BEAUMOND%20RJ%20(14).jpg\" data-elementor-open-lightbox=\"no\">                <div class=\"bwg-item0 \">          <div class=\"bwg-item1 \">            <div class=\"bwg-item2\">              <img class=\"skip-lazy bwg_standart_thumb_img_0 \"                   data-id=\"2930\"                   data-width=\"\"                   data-height=\"\"                   data-src=\"https:\/\/www.ivanabeaumond.com.br\/vestidos-noiva\/wp-content\/uploads\/photo-gallery\/thumb\/ANA%20CAROL%20DEBUTANTE%2015%20ANOS%20VESTIDO%20ATELIER%20IVANA%20BEAUMOND%20RJ%20(14).jpg\"                   src=\"https:\/\/www.ivanabeaumond.com.br\/vestidos-noiva\/wp-content\/uploads\/photo-gallery\/thumb\/ANA%20CAROL%20DEBUTANTE%2015%20ANOS%20VESTIDO%20ATELIER%20IVANA%20BEAUMOND%20RJ%20(14).jpg\"                   alt=\"ANA CAROL DEBUTANTE 15 ANOS VESTIDO ATELIER IVANA BEAUMOND RJ (14)\"                   title=\"ANA CAROL DEBUTANTE 15 ANOS VESTIDO ATELIER IVANA BEAUMOND RJ (14)\" \/>            <\/div>            <div class=\"\">                                                      <\/div>          <\/div>        <\/div>                        <\/a>              <\/div>            <div class=\"bwg-item\">        <a class=\"bwg-a  bwg_lightbox\"  data-image-id=\"2929\" href=\"https:\/\/www.ivanabeaumond.com.br\/vestidos-noiva\/wp-content\/uploads\/photo-gallery\/ANA%20CAROL%20DEBUTANTE%2015%20ANOS%20VESTIDO%20ATELIER%20IVANA%20BEAUMOND%20RJ%20(13).jpg\" data-elementor-open-lightbox=\"no\">                <div class=\"bwg-item0 \">          <div class=\"bwg-item1 \">            <div class=\"bwg-item2\">              <img class=\"skip-lazy bwg_standart_thumb_img_0 \"                   data-id=\"2929\"                   data-width=\"\"                   data-height=\"\"                   data-src=\"https:\/\/www.ivanabeaumond.com.br\/vestidos-noiva\/wp-content\/uploads\/photo-gallery\/thumb\/ANA%20CAROL%20DEBUTANTE%2015%20ANOS%20VESTIDO%20ATELIER%20IVANA%20BEAUMOND%20RJ%20(13).jpg\"                   src=\"https:\/\/www.ivanabeaumond.com.br\/vestidos-noiva\/wp-content\/uploads\/photo-gallery\/thumb\/ANA%20CAROL%20DEBUTANTE%2015%20ANOS%20VESTIDO%20ATELIER%20IVANA%20BEAUMOND%20RJ%20(13).jpg\"                   alt=\"ANA CAROL DEBUTANTE 15 ANOS VESTIDO ATELIER IVANA BEAUMOND RJ (13)\"                   title=\"ANA CAROL DEBUTANTE 15 ANOS VESTIDO ATELIER IVANA BEAUMOND RJ (13)\" \/>            <\/div>            <div class=\"\">                                                      <\/div>          <\/div>        <\/div>                        <\/a>              <\/div>            <div class=\"bwg-item\">        <a class=\"bwg-a  bwg_lightbox\"  data-image-id=\"2937\" href=\"https:\/\/www.ivanabeaumond.com.br\/vestidos-noiva\/wp-content\/uploads\/photo-gallery\/ANA%20CAROL%20DEBUTANTE%2015%20ANOS%20VESTIDO%20ATELIER%20IVANA%20BEAUMOND%20RJ%20(21).jpg\" data-elementor-open-lightbox=\"no\">                <div class=\"bwg-item0 \">          <div class=\"bwg-item1 \">            <div class=\"bwg-item2\">              <img class=\"skip-lazy bwg_standart_thumb_img_0 \"                   data-id=\"2937\"                   data-width=\"\"                   data-height=\"\"                   data-src=\"https:\/\/www.ivanabeaumond.com.br\/vestidos-noiva\/wp-content\/uploads\/photo-gallery\/thumb\/ANA%20CAROL%20DEBUTANTE%2015%20ANOS%20VESTIDO%20ATELIER%20IVANA%20BEAUMOND%20RJ%20(21).jpg\"                   src=\"https:\/\/www.ivanabeaumond.com.br\/vestidos-noiva\/wp-content\/uploads\/photo-gallery\/thumb\/ANA%20CAROL%20DEBUTANTE%2015%20ANOS%20VESTIDO%20ATELIER%20IVANA%20BEAUMOND%20RJ%20(21).jpg\"                   alt=\"ANA CAROL DEBUTANTE 15 ANOS VESTIDO ATELIER IVANA BEAUMOND RJ (21)\"                   title=\"ANA CAROL DEBUTANTE 15 ANOS VESTIDO ATELIER IVANA BEAUMOND RJ (21)\" \/>            <\/div>            <div class=\"\">                                                      <\/div>          <\/div>        <\/div>                        <\/a>              <\/div>            <div class=\"bwg-item\">        <a class=\"bwg-a  bwg_lightbox\"  data-image-id=\"2936\" href=\"https:\/\/www.ivanabeaumond.com.br\/vestidos-noiva\/wp-content\/uploads\/photo-gallery\/ANA%20CAROL%20DEBUTANTE%2015%20ANOS%20VESTIDO%20ATELIER%20IVANA%20BEAUMOND%20RJ%20(20).jpg\" data-elementor-open-lightbox=\"no\">                <div class=\"bwg-item0 \">          <div class=\"bwg-item1 \">            <div class=\"bwg-item2\">              <img class=\"skip-lazy bwg_standart_thumb_img_0 \"                   data-id=\"2936\"                   data-width=\"\"                   data-height=\"\"                   data-src=\"https:\/\/www.ivanabeaumond.com.br\/vestidos-noiva\/wp-content\/uploads\/photo-gallery\/thumb\/ANA%20CAROL%20DEBUTANTE%2015%20ANOS%20VESTIDO%20ATELIER%20IVANA%20BEAUMOND%20RJ%20(20).jpg\"                   src=\"https:\/\/www.ivanabeaumond.com.br\/vestidos-noiva\/wp-content\/uploads\/photo-gallery\/thumb\/ANA%20CAROL%20DEBUTANTE%2015%20ANOS%20VESTIDO%20ATELIER%20IVANA%20BEAUMOND%20RJ%20(20).jpg\"                   alt=\"ANA CAROL DEBUTANTE 15 ANOS VESTIDO ATELIER IVANA BEAUMOND RJ (20)\"                   title=\"ANA CAROL DEBUTANTE 15 ANOS VESTIDO ATELIER IVANA BEAUMOND RJ (20)\" \/>            <\/div>            <div class=\"\">                                                      <\/div>          <\/div>        <\/div>                        <\/a>              <\/div>            <div class=\"bwg-item\">        <a class=\"bwg-a  bwg_lightbox\"  data-image-id=\"2935\" href=\"https:\/\/www.ivanabeaumond.com.br\/vestidos-noiva\/wp-content\/uploads\/photo-gallery\/ANA%20CAROL%20DEBUTANTE%2015%20ANOS%20VESTIDO%20ATELIER%20IVANA%20BEAUMOND%20RJ%20(19).jpg\" data-elementor-open-lightbox=\"no\">                <div class=\"bwg-item0 \">          <div class=\"bwg-item1 \">            <div class=\"bwg-item2\">              <img class=\"skip-lazy bwg_standart_thumb_img_0 \"                   data-id=\"2935\"                   data-width=\"\"                   data-height=\"\"                   data-src=\"https:\/\/www.ivanabeaumond.com.br\/vestidos-noiva\/wp-content\/uploads\/photo-gallery\/thumb\/ANA%20CAROL%20DEBUTANTE%2015%20ANOS%20VESTIDO%20ATELIER%20IVANA%20BEAUMOND%20RJ%20(19).jpg\"                   src=\"https:\/\/www.ivanabeaumond.com.br\/vestidos-noiva\/wp-content\/uploads\/photo-gallery\/thumb\/ANA%20CAROL%20DEBUTANTE%2015%20ANOS%20VESTIDO%20ATELIER%20IVANA%20BEAUMOND%20RJ%20(19).jpg\"                   alt=\"ANA CAROL DEBUTANTE 15 ANOS VESTIDO ATELIER IVANA BEAUMOND RJ (19)\"                   title=\"ANA CAROL DEBUTANTE 15 ANOS VESTIDO ATELIER IVANA BEAUMOND RJ (19)\" \/>            <\/div>            <div class=\"\">                                                      <\/div>          <\/div>        <\/div>                        <\/a>              <\/div>            <div class=\"bwg-item\">        <a class=\"bwg-a  bwg_lightbox\"  data-image-id=\"2932\" href=\"https:\/\/www.ivanabeaumond.com.br\/vestidos-noiva\/wp-content\/uploads\/photo-gallery\/ANA%20CAROL%20DEBUTANTE%2015%20ANOS%20VESTIDO%20ATELIER%20IVANA%20BEAUMOND%20RJ%20(16).jpg\" data-elementor-open-lightbox=\"no\">                <div class=\"bwg-item0 \">          <div class=\"bwg-item1 \">            <div class=\"bwg-item2\">              <img class=\"skip-lazy bwg_standart_thumb_img_0 \"                   data-id=\"2932\"                   data-width=\"\"                   data-height=\"\"                   data-src=\"https:\/\/www.ivanabeaumond.com.br\/vestidos-noiva\/wp-content\/uploads\/photo-gallery\/thumb\/ANA%20CAROL%20DEBUTANTE%2015%20ANOS%20VESTIDO%20ATELIER%20IVANA%20BEAUMOND%20RJ%20(16).jpg\"                   src=\"https:\/\/www.ivanabeaumond.com.br\/vestidos-noiva\/wp-content\/uploads\/photo-gallery\/thumb\/ANA%20CAROL%20DEBUTANTE%2015%20ANOS%20VESTIDO%20ATELIER%20IVANA%20BEAUMOND%20RJ%20(16).jpg\"                   alt=\"ANA CAROL DEBUTANTE 15 ANOS VESTIDO ATELIER IVANA BEAUMOND RJ (16)\"                   title=\"ANA CAROL DEBUTANTE 15 ANOS VESTIDO ATELIER IVANA BEAUMOND RJ (16)\" \/>            <\/div>            <div class=\"\">                                                      <\/div>          <\/div>        <\/div>                        <\/a>              <\/div>            <div class=\"bwg-item\">        <a class=\"bwg-a  bwg_lightbox\"  data-image-id=\"2933\" href=\"https:\/\/www.ivanabeaumond.com.br\/vestidos-noiva\/wp-content\/uploads\/photo-gallery\/ANA%20CAROL%20DEBUTANTE%2015%20ANOS%20VESTIDO%20ATELIER%20IVANA%20BEAUMOND%20RJ%20(17).jpg\" data-elementor-open-lightbox=\"no\">                <div class=\"bwg-item0 \">          <div class=\"bwg-item1 \">            <div class=\"bwg-item2\">              <img class=\"skip-lazy bwg_standart_thumb_img_0 \"                   data-id=\"2933\"                   data-width=\"\"                   data-height=\"\"                   data-src=\"https:\/\/www.ivanabeaumond.com.br\/vestidos-noiva\/wp-content\/uploads\/photo-gallery\/thumb\/ANA%20CAROL%20DEBUTANTE%2015%20ANOS%20VESTIDO%20ATELIER%20IVANA%20BEAUMOND%20RJ%20(17).jpg\"                   src=\"https:\/\/www.ivanabeaumond.com.br\/vestidos-noiva\/wp-content\/uploads\/photo-gallery\/thumb\/ANA%20CAROL%20DEBUTANTE%2015%20ANOS%20VESTIDO%20ATELIER%20IVANA%20BEAUMOND%20RJ%20(17).jpg\"                   alt=\"ANA CAROL DEBUTANTE 15 ANOS VESTIDO ATELIER IVANA BEAUMOND RJ (17)\"                   title=\"ANA CAROL DEBUTANTE 15 ANOS VESTIDO ATELIER IVANA BEAUMOND RJ (17)\" \/>            <\/div>            <div class=\"\">                                                      <\/div>          <\/div>        <\/div>                        <\/a>              <\/div>            <div class=\"bwg-item\">        <a class=\"bwg-a  bwg_lightbox\"  data-image-id=\"2931\" href=\"https:\/\/www.ivanabeaumond.com.br\/vestidos-noiva\/wp-content\/uploads\/photo-gallery\/ANA%20CAROL%20DEBUTANTE%2015%20ANOS%20VESTIDO%20ATELIER%20IVANA%20BEAUMOND%20RJ%20(15).jpg\" data-elementor-open-lightbox=\"no\">                <div class=\"bwg-item0 \">          <div class=\"bwg-item1 \">            <div class=\"bwg-item2\">              <img class=\"skip-lazy bwg_standart_thumb_img_0 \"                   data-id=\"2931\"                   data-width=\"\"                   data-height=\"\"                   data-src=\"https:\/\/www.ivanabeaumond.com.br\/vestidos-noiva\/wp-content\/uploads\/photo-gallery\/thumb\/ANA%20CAROL%20DEBUTANTE%2015%20ANOS%20VESTIDO%20ATELIER%20IVANA%20BEAUMOND%20RJ%20(15).jpg\"                   src=\"https:\/\/www.ivanabeaumond.com.br\/vestidos-noiva\/wp-content\/uploads\/photo-gallery\/thumb\/ANA%20CAROL%20DEBUTANTE%2015%20ANOS%20VESTIDO%20ATELIER%20IVANA%20BEAUMOND%20RJ%20(15).jpg\"                   alt=\"ANA CAROL DEBUTANTE 15 ANOS VESTIDO ATELIER IVANA BEAUMOND RJ (15)\"                   title=\"ANA CAROL DEBUTANTE 15 ANOS VESTIDO ATELIER IVANA BEAUMOND RJ (15)\" \/>            <\/div>            <div class=\"\">                                                      <\/div>          <\/div>        <\/div>                        <\/a>              <\/div>            <div class=\"bwg-item\">        <a class=\"bwg-a  bwg_lightbox\"  data-image-id=\"2928\" href=\"https:\/\/www.ivanabeaumond.com.br\/vestidos-noiva\/wp-content\/uploads\/photo-gallery\/ANA%20CAROL%20DEBUTANTE%2015%20ANOS%20VESTIDO%20ATELIER%20IVANA%20BEAUMOND%20RJ%20(12).jpg\" data-elementor-open-lightbox=\"no\">                <div class=\"bwg-item0 \">          <div class=\"bwg-item1 \">            <div class=\"bwg-item2\">              <img class=\"skip-lazy bwg_standart_thumb_img_0 \"                   data-id=\"2928\"                   data-width=\"\"                   data-height=\"\"                   data-src=\"https:\/\/www.ivanabeaumond.com.br\/vestidos-noiva\/wp-content\/uploads\/photo-gallery\/thumb\/ANA%20CAROL%20DEBUTANTE%2015%20ANOS%20VESTIDO%20ATELIER%20IVANA%20BEAUMOND%20RJ%20(12).jpg\"                   src=\"https:\/\/www.ivanabeaumond.com.br\/vestidos-noiva\/wp-content\/uploads\/photo-gallery\/thumb\/ANA%20CAROL%20DEBUTANTE%2015%20ANOS%20VESTIDO%20ATELIER%20IVANA%20BEAUMOND%20RJ%20(12).jpg\"                   alt=\"ANA CAROL DEBUTANTE 15 ANOS VESTIDO ATELIER IVANA BEAUMOND RJ (12)\"                   title=\"ANA CAROL DEBUTANTE 15 ANOS VESTIDO ATELIER IVANA BEAUMOND RJ (12)\" \/>            <\/div>            <div class=\"\">                                                      <\/div>          <\/div>        <\/div>                        <\/a>              <\/div>            <div class=\"bwg-item\">        <a class=\"bwg-a  bwg_lightbox\"  data-image-id=\"2927\" href=\"https:\/\/www.ivanabeaumond.com.br\/vestidos-noiva\/wp-content\/uploads\/photo-gallery\/ANA%20CAROL%20DEBUTANTE%2015%20ANOS%20VESTIDO%20ATELIER%20IVANA%20BEAUMOND%20RJ%20(11).jpg\" data-elementor-open-lightbox=\"no\">                <div class=\"bwg-item0 \">          <div class=\"bwg-item1 \">            <div class=\"bwg-item2\">              <img class=\"skip-lazy bwg_standart_thumb_img_0 \"                   data-id=\"2927\"                   data-width=\"\"                   data-height=\"\"                   data-src=\"https:\/\/www.ivanabeaumond.com.br\/vestidos-noiva\/wp-content\/uploads\/photo-gallery\/thumb\/ANA%20CAROL%20DEBUTANTE%2015%20ANOS%20VESTIDO%20ATELIER%20IVANA%20BEAUMOND%20RJ%20(11).jpg\"                   src=\"https:\/\/www.ivanabeaumond.com.br\/vestidos-noiva\/wp-content\/uploads\/photo-gallery\/thumb\/ANA%20CAROL%20DEBUTANTE%2015%20ANOS%20VESTIDO%20ATELIER%20IVANA%20BEAUMOND%20RJ%20(11).jpg\"                   alt=\"ANA CAROL DEBUTANTE 15 ANOS VESTIDO ATELIER IVANA BEAUMOND RJ (11)\"                   title=\"ANA CAROL DEBUTANTE 15 ANOS VESTIDO ATELIER IVANA BEAUMOND RJ (11)\" \/>            <\/div>            <div class=\"\">                                                      <\/div>          <\/div>        <\/div>                        <\/a>              <\/div>            <div class=\"bwg-item\">        <a class=\"bwg-a  bwg_lightbox\"  data-image-id=\"2926\" href=\"https:\/\/www.ivanabeaumond.com.br\/vestidos-noiva\/wp-content\/uploads\/photo-gallery\/ANA%20CAROL%20DEBUTANTE%2015%20ANOS%20VESTIDO%20ATELIER%20IVANA%20BEAUMOND%20RJ%20(10).jpg\" data-elementor-open-lightbox=\"no\">                <div class=\"bwg-item0 \">          <div class=\"bwg-item1 \">            <div class=\"bwg-item2\">              <img class=\"skip-lazy bwg_standart_thumb_img_0 \"                   data-id=\"2926\"                   data-width=\"\"                   data-height=\"\"                   data-src=\"https:\/\/www.ivanabeaumond.com.br\/vestidos-noiva\/wp-content\/uploads\/photo-gallery\/thumb\/ANA%20CAROL%20DEBUTANTE%2015%20ANOS%20VESTIDO%20ATELIER%20IVANA%20BEAUMOND%20RJ%20(10).jpg\"                   src=\"https:\/\/www.ivanabeaumond.com.br\/vestidos-noiva\/wp-content\/uploads\/photo-gallery\/thumb\/ANA%20CAROL%20DEBUTANTE%2015%20ANOS%20VESTIDO%20ATELIER%20IVANA%20BEAUMOND%20RJ%20(10).jpg\"                   alt=\"ANA CAROL DEBUTANTE 15 ANOS VESTIDO ATELIER IVANA BEAUMOND RJ (10)\"                   title=\"ANA CAROL DEBUTANTE 15 ANOS VESTIDO ATELIER IVANA BEAUMOND RJ (10)\" \/>            <\/div>            <div class=\"\">                                                      <\/div>          <\/div>        <\/div>                        <\/a>              <\/div>            <div class=\"bwg-item\">        <a class=\"bwg-a  bwg_lightbox\"  data-image-id=\"2925\" href=\"https:\/\/www.ivanabeaumond.com.br\/vestidos-noiva\/wp-content\/uploads\/photo-gallery\/ANA%20CAROL%20DEBUTANTE%2015%20ANOS%20VESTIDO%20ATELIER%20IVANA%20BEAUMOND%20RJ%20(9).jpg\" data-elementor-open-lightbox=\"no\">                <div class=\"bwg-item0 \">          <div class=\"bwg-item1 \">            <div class=\"bwg-item2\">              <img class=\"skip-lazy bwg_standart_thumb_img_0 \"                   data-id=\"2925\"                   data-width=\"\"                   data-height=\"\"                   data-src=\"https:\/\/www.ivanabeaumond.com.br\/vestidos-noiva\/wp-content\/uploads\/photo-gallery\/thumb\/ANA%20CAROL%20DEBUTANTE%2015%20ANOS%20VESTIDO%20ATELIER%20IVANA%20BEAUMOND%20RJ%20(9).jpg\"                   src=\"https:\/\/www.ivanabeaumond.com.br\/vestidos-noiva\/wp-content\/uploads\/photo-gallery\/thumb\/ANA%20CAROL%20DEBUTANTE%2015%20ANOS%20VESTIDO%20ATELIER%20IVANA%20BEAUMOND%20RJ%20(9).jpg\"                   alt=\"ANA CAROL DEBUTANTE 15 ANOS VESTIDO ATELIER IVANA BEAUMOND RJ (9)\"                   title=\"ANA CAROL DEBUTANTE 15 ANOS VESTIDO ATELIER IVANA BEAUMOND RJ (9)\" \/>            <\/div>            <div class=\"\">                                                      <\/div>          <\/div>        <\/div>                        <\/a>              <\/div>            <div class=\"bwg-item\">        <a class=\"bwg-a  bwg_lightbox\"  data-image-id=\"2924\" href=\"https:\/\/www.ivanabeaumond.com.br\/vestidos-noiva\/wp-content\/uploads\/photo-gallery\/ANA%20CAROL%20DEBUTANTE%2015%20ANOS%20VESTIDO%20ATELIER%20IVANA%20BEAUMOND%20RJ%20(8).jpg\" data-elementor-open-lightbox=\"no\">                <div class=\"bwg-item0 \">          <div class=\"bwg-item1 \">            <div class=\"bwg-item2\">              <img class=\"skip-lazy bwg_standart_thumb_img_0 \"                   data-id=\"2924\"                   data-width=\"\"                   data-height=\"\"                   data-src=\"https:\/\/www.ivanabeaumond.com.br\/vestidos-noiva\/wp-content\/uploads\/photo-gallery\/thumb\/ANA%20CAROL%20DEBUTANTE%2015%20ANOS%20VESTIDO%20ATELIER%20IVANA%20BEAUMOND%20RJ%20(8).jpg\"                   src=\"https:\/\/www.ivanabeaumond.com.br\/vestidos-noiva\/wp-content\/uploads\/photo-gallery\/thumb\/ANA%20CAROL%20DEBUTANTE%2015%20ANOS%20VESTIDO%20ATELIER%20IVANA%20BEAUMOND%20RJ%20(8).jpg\"                   alt=\"ANA CAROL DEBUTANTE 15 ANOS VESTIDO ATELIER IVANA BEAUMOND RJ (8)\"                   title=\"ANA CAROL DEBUTANTE 15 ANOS VESTIDO ATELIER IVANA BEAUMOND RJ (8)\" \/>            <\/div>            <div class=\"\">                                                      <\/div>          <\/div>        <\/div>                        <\/a>              <\/div>            <div class=\"bwg-item\">        <a class=\"bwg-a  bwg_lightbox\"  data-image-id=\"2923\" href=\"https:\/\/www.ivanabeaumond.com.br\/vestidos-noiva\/wp-content\/uploads\/photo-gallery\/ANA%20CAROL%20DEBUTANTE%2015%20ANOS%20VESTIDO%20ATELIER%20IVANA%20BEAUMOND%20RJ%20(7).jpg\" data-elementor-open-lightbox=\"no\">                <div class=\"bwg-item0 \">          <div class=\"bwg-item1 \">            <div class=\"bwg-item2\">              <img class=\"skip-lazy bwg_standart_thumb_img_0 \"                   data-id=\"2923\"                   data-width=\"\"                   data-height=\"\"                   data-src=\"https:\/\/www.ivanabeaumond.com.br\/vestidos-noiva\/wp-content\/uploads\/photo-gallery\/thumb\/ANA%20CAROL%20DEBUTANTE%2015%20ANOS%20VESTIDO%20ATELIER%20IVANA%20BEAUMOND%20RJ%20(7).jpg\"                   src=\"https:\/\/www.ivanabeaumond.com.br\/vestidos-noiva\/wp-content\/uploads\/photo-gallery\/thumb\/ANA%20CAROL%20DEBUTANTE%2015%20ANOS%20VESTIDO%20ATELIER%20IVANA%20BEAUMOND%20RJ%20(7).jpg\"                   alt=\"ANA CAROL DEBUTANTE 15 ANOS VESTIDO ATELIER IVANA BEAUMOND RJ (7)\"                   title=\"ANA CAROL DEBUTANTE 15 ANOS VESTIDO ATELIER IVANA BEAUMOND RJ (7)\" \/>            <\/div>            <div class=\"\">                                                      <\/div>          <\/div>        <\/div>                        <\/a>              <\/div>            <div class=\"bwg-item\">        <a class=\"bwg-a  bwg_lightbox\"  data-image-id=\"2922\" href=\"https:\/\/www.ivanabeaumond.com.br\/vestidos-noiva\/wp-content\/uploads\/photo-gallery\/ANA%20CAROL%20DEBUTANTE%2015%20ANOS%20VESTIDO%20ATELIER%20IVANA%20BEAUMOND%20RJ%20(6).jpg\" data-elementor-open-lightbox=\"no\">                <div class=\"bwg-item0 \">          <div class=\"bwg-item1 \">            <div class=\"bwg-item2\">              <img class=\"skip-lazy bwg_standart_thumb_img_0 \"                   data-id=\"2922\"                   data-width=\"\"                   data-height=\"\"                   data-src=\"https:\/\/www.ivanabeaumond.com.br\/vestidos-noiva\/wp-content\/uploads\/photo-gallery\/thumb\/ANA%20CAROL%20DEBUTANTE%2015%20ANOS%20VESTIDO%20ATELIER%20IVANA%20BEAUMOND%20RJ%20(6).jpg\"                   src=\"https:\/\/www.ivanabeaumond.com.br\/vestidos-noiva\/wp-content\/uploads\/photo-gallery\/thumb\/ANA%20CAROL%20DEBUTANTE%2015%20ANOS%20VESTIDO%20ATELIER%20IVANA%20BEAUMOND%20RJ%20(6).jpg\"                   alt=\"ANA CAROL DEBUTANTE 15 ANOS VESTIDO ATELIER IVANA BEAUMOND RJ (6)\"                   title=\"ANA CAROL DEBUTANTE 15 ANOS VESTIDO ATELIER IVANA BEAUMOND RJ (6)\" \/>            <\/div>            <div class=\"\">                                                      <\/div>          <\/div>        <\/div>                        <\/a>              <\/div>            <div class=\"bwg-item\">        <a class=\"bwg-a  bwg_lightbox\"  data-image-id=\"2921\" href=\"https:\/\/www.ivanabeaumond.com.br\/vestidos-noiva\/wp-content\/uploads\/photo-gallery\/ANA%20CAROL%20DEBUTANTE%2015%20ANOS%20VESTIDO%20ATELIER%20IVANA%20BEAUMOND%20RJ%20(5).jpg\" data-elementor-open-lightbox=\"no\">                <div class=\"bwg-item0 \">          <div class=\"bwg-item1 \">            <div class=\"bwg-item2\">              <img class=\"skip-lazy bwg_standart_thumb_img_0 \"                   data-id=\"2921\"                   data-width=\"\"                   data-height=\"\"                   data-src=\"https:\/\/www.ivanabeaumond.com.br\/vestidos-noiva\/wp-content\/uploads\/photo-gallery\/thumb\/ANA%20CAROL%20DEBUTANTE%2015%20ANOS%20VESTIDO%20ATELIER%20IVANA%20BEAUMOND%20RJ%20(5).jpg\"                   src=\"https:\/\/www.ivanabeaumond.com.br\/vestidos-noiva\/wp-content\/uploads\/photo-gallery\/thumb\/ANA%20CAROL%20DEBUTANTE%2015%20ANOS%20VESTIDO%20ATELIER%20IVANA%20BEAUMOND%20RJ%20(5).jpg\"                   alt=\"ANA CAROL DEBUTANTE 15 ANOS VESTIDO ATELIER IVANA BEAUMOND RJ (5)\"                   title=\"ANA CAROL DEBUTANTE 15 ANOS VESTIDO ATELIER IVANA BEAUMOND RJ (5)\" \/>            <\/div>            <div class=\"\">                                                      <\/div>          <\/div>        <\/div>                        <\/a>              <\/div>            <div class=\"bwg-item\">        <a class=\"bwg-a  bwg_lightbox\"  data-image-id=\"2920\" href=\"https:\/\/www.ivanabeaumond.com.br\/vestidos-noiva\/wp-content\/uploads\/photo-gallery\/ANA%20CAROL%20DEBUTANTE%2015%20ANOS%20VESTIDO%20ATELIER%20IVANA%20BEAUMOND%20RJ%20(4).jpg\" data-elementor-open-lightbox=\"no\">                <div class=\"bwg-item0 \">          <div class=\"bwg-item1 \">            <div class=\"bwg-item2\">              <img class=\"skip-lazy bwg_standart_thumb_img_0 \"                   data-id=\"2920\"                   data-width=\"\"                   data-height=\"\"                   data-src=\"https:\/\/www.ivanabeaumond.com.br\/vestidos-noiva\/wp-content\/uploads\/photo-gallery\/thumb\/ANA%20CAROL%20DEBUTANTE%2015%20ANOS%20VESTIDO%20ATELIER%20IVANA%20BEAUMOND%20RJ%20(4).jpg\"                   src=\"https:\/\/www.ivanabeaumond.com.br\/vestidos-noiva\/wp-content\/uploads\/photo-gallery\/thumb\/ANA%20CAROL%20DEBUTANTE%2015%20ANOS%20VESTIDO%20ATELIER%20IVANA%20BEAUMOND%20RJ%20(4).jpg\"                   alt=\"ANA CAROL DEBUTANTE 15 ANOS VESTIDO ATELIER IVANA BEAUMOND RJ (4)\"                   title=\"ANA CAROL DEBUTANTE 15 ANOS VESTIDO ATELIER IVANA BEAUMOND RJ (4)\" \/>            <\/div>            <div class=\"\">                                                      <\/div>          <\/div>        <\/div>                        <\/a>              <\/div>            <div class=\"bwg-item\">        <a class=\"bwg-a  bwg_lightbox\"  data-image-id=\"2919\" href=\"https:\/\/www.ivanabeaumond.com.br\/vestidos-noiva\/wp-content\/uploads\/photo-gallery\/ANA%20CAROL%20DEBUTANTE%2015%20ANOS%20VESTIDO%20ATELIER%20IVANA%20BEAUMOND%20RJ%20(3).jpg\" data-elementor-open-lightbox=\"no\">                <div class=\"bwg-item0 \">          <div class=\"bwg-item1 \">            <div class=\"bwg-item2\">              <img class=\"skip-lazy bwg_standart_thumb_img_0 \"                   data-id=\"2919\"                   data-width=\"\"                   data-height=\"\"                   data-src=\"https:\/\/www.ivanabeaumond.com.br\/vestidos-noiva\/wp-content\/uploads\/photo-gallery\/thumb\/ANA%20CAROL%20DEBUTANTE%2015%20ANOS%20VESTIDO%20ATELIER%20IVANA%20BEAUMOND%20RJ%20(3).jpg\"                   src=\"https:\/\/www.ivanabeaumond.com.br\/vestidos-noiva\/wp-content\/uploads\/photo-gallery\/thumb\/ANA%20CAROL%20DEBUTANTE%2015%20ANOS%20VESTIDO%20ATELIER%20IVANA%20BEAUMOND%20RJ%20(3).jpg\"                   alt=\"ANA CAROL DEBUTANTE 15 ANOS VESTIDO ATELIER IVANA BEAUMOND RJ (3)\"                   title=\"ANA CAROL DEBUTANTE 15 ANOS VESTIDO ATELIER IVANA BEAUMOND RJ (3)\" \/>            <\/div>            <div class=\"\">                                                      <\/div>          <\/div>        <\/div>                        <\/a>              <\/div>            <div class=\"bwg-item\">        <a class=\"bwg-a  bwg_lightbox\"  data-image-id=\"2918\" href=\"https:\/\/www.ivanabeaumond.com.br\/vestidos-noiva\/wp-content\/uploads\/photo-gallery\/ANA%20CAROL%20DEBUTANTE%2015%20ANOS%20VESTIDO%20ATELIER%20IVANA%20BEAUMOND%20RJ%20(2).jpg\" data-elementor-open-lightbox=\"no\">                <div class=\"bwg-item0 \">          <div class=\"bwg-item1 \">            <div class=\"bwg-item2\">              <img class=\"skip-lazy bwg_standart_thumb_img_0 \"                   data-id=\"2918\"                   data-width=\"\"                   data-height=\"\"                   data-src=\"https:\/\/www.ivanabeaumond.com.br\/vestidos-noiva\/wp-content\/uploads\/photo-gallery\/thumb\/ANA%20CAROL%20DEBUTANTE%2015%20ANOS%20VESTIDO%20ATELIER%20IVANA%20BEAUMOND%20RJ%20(2).jpg\"                   src=\"https:\/\/www.ivanabeaumond.com.br\/vestidos-noiva\/wp-content\/uploads\/photo-gallery\/thumb\/ANA%20CAROL%20DEBUTANTE%2015%20ANOS%20VESTIDO%20ATELIER%20IVANA%20BEAUMOND%20RJ%20(2).jpg\"                   alt=\"ANA CAROL DEBUTANTE 15 ANOS VESTIDO ATELIER IVANA BEAUMOND RJ (2)\"                   title=\"ANA CAROL DEBUTANTE 15 ANOS VESTIDO ATELIER IVANA BEAUMOND RJ (2)\" \/>            <\/div>            <div class=\"\">                                                      <\/div>          <\/div>        <\/div>                        <\/a>              <\/div>            <div class=\"bwg-item\">        <a class=\"bwg-a  bwg_lightbox\"  data-image-id=\"2917\" href=\"https:\/\/www.ivanabeaumond.com.br\/vestidos-noiva\/wp-content\/uploads\/photo-gallery\/ANA%20CAROL%20DEBUTANTE%2015%20ANOS%20VESTIDO%20ATELIER%20IVANA%20BEAUMOND%20RJ%20(1).jpg\" data-elementor-open-lightbox=\"no\">                <div class=\"bwg-item0 \">          <div class=\"bwg-item1 \">            <div class=\"bwg-item2\">              <img class=\"skip-lazy bwg_standart_thumb_img_0 \"                   data-id=\"2917\"                   data-width=\"\"                   data-height=\"\"                   data-src=\"https:\/\/www.ivanabeaumond.com.br\/vestidos-noiva\/wp-content\/uploads\/photo-gallery\/thumb\/ANA%20CAROL%20DEBUTANTE%2015%20ANOS%20VESTIDO%20ATELIER%20IVANA%20BEAUMOND%20RJ%20(1).jpg\"                   src=\"https:\/\/www.ivanabeaumond.com.br\/vestidos-noiva\/wp-content\/uploads\/photo-gallery\/thumb\/ANA%20CAROL%20DEBUTANTE%2015%20ANOS%20VESTIDO%20ATELIER%20IVANA%20BEAUMOND%20RJ%20(1).jpg\"                   alt=\"ANA CAROL DEBUTANTE 15 ANOS VESTIDO ATELIER IVANA BEAUMOND RJ (1)\"                   title=\"ANA CAROL DEBUTANTE 15 ANOS VESTIDO ATELIER IVANA BEAUMOND RJ (1)\" \/>            <\/div>            <div class=\"\">                                                      <\/div>          <\/div>        <\/div>                        <\/a>              <\/div>          <\/div>    <style>      \/*pagination styles*\/      #bwg_container1_0 #bwg_container2_0 .tablenav-pages_0 {\t\t\t\ttext-align: center;\t\t\t\tfont-size: 12px;\t\t\t\tfont-family: segoe ui;\t\t\t\tfont-weight: bold;\t\t\t\tcolor: #666666;\t\t\t\tmargin: 6px 0 4px;\t\t\t\tdisplay: block;      }      @media only screen and (max-width : 320px) {      #bwg_container1_0 #bwg_container2_0 .displaying-num_0 {     \t display: none;      }      }      #bwg_container1_0 #bwg_container2_0 .displaying-num_0 {\t\t\t\tfont-size: 12px;\t\t\t\tfont-family: segoe ui;\t\t\t\tfont-weight: bold;\t\t\t\tcolor: #666666;\t\t\t\tmargin-right: 10px;\t\t\t\tvertical-align: middle;      }      #bwg_container1_0 #bwg_container2_0 .paging-input_0 {\t\t\t\tfont-size: 12px;\t\t\t\tfont-family: segoe ui;\t\t\t\tfont-weight: bold;\t\t\t\tcolor: #666666;\t\t\t\tvertical-align: middle;      }      #bwg_container1_0 #bwg_container2_0 .tablenav-pages_0 a.disabled,      #bwg_container1_0 #bwg_container2_0 .tablenav-pages_0 a.disabled:hover,      #bwg_container1_0 #bwg_container2_0 .tablenav-pages_0 a.disabled:focus,\t\t\t#bwg_container1_0 #bwg_container2_0 .tablenav-pages_0 input.bwg_current_page {\t\t\t\tcursor: default;\t\t\t\tcolor: rgba(102, 102, 102, 0.5);      }      #bwg_container1_0 #bwg_container2_0 .tablenav-pages_0 a,      #bwg_container1_0 #bwg_container2_0 .tablenav-pages_0 input.bwg_current_page {\t\t\t\tcursor: pointer;\t\t\t\ttext-align: center;\t\t\t\tfont-size: 12px;\t\t\t\tfont-family: segoe ui;\t\t\t\tfont-weight: bold;\t\t\t\tcolor: #666666;\t\t\t\ttext-decoration: none;\t\t\t\tpadding: 3px 6px;\t\t\t\tmargin: 0;\t\t\t\tborder-radius: 0;\t\t\t\tborder-style: solid;\t\t\t\tborder-width: 1px;\t\t\t\tborder-color: #E3E3E3;\t\t\t\t\t\t\t\tbackground-color: rgba(255, 255, 255, 1.00);\t\t\t\tbox-shadow: 0;\t\t\t\ttransition: all 0.3s ease 0s;-webkit-transition: all 0.3s ease 0s;      }      <\/style>      <span class=\"bwg_nav_cont_0\">              <div class=\"tablenav-pages_0\">                  <\/div>                <input type=\"hidden\" id=\"page_number_0\" name=\"page_number_0\" value=\"1\" \/>      <script type=\"text\/javascript\">        if( jQuery('.bwg_nav_cont_0').length > 1 ) {          jQuery('.bwg_nav_cont_0').first().remove()        }        function spider_page_0(cur, x, y, load_more) {          if (typeof load_more == \"undefined\") {            var load_more = false;          }          if (jQuery(cur).hasClass('disabled')) {            return false;          }          var items_county_0 = 1;          switch (y) {            case 1:              if (x >= items_county_0) {                document.getElementById('page_number_0').value = items_county_0;              }              else {                document.getElementById('page_number_0').value = x + 1;              }              break;            case 2:              document.getElementById('page_number_0').value = items_county_0;              break;            case -1:              if (x == 1) {                document.getElementById('page_number_0').value = 1;              }              else {                document.getElementById('page_number_0').value = x - 1;              }              break;            case -2:              document.getElementById('page_number_0').value = 1;              break;\t\t\t\t\t\tcase 0:              document.getElementById('page_number_0').value = x;              break;            default:              document.getElementById('page_number_0').value = 1;          }          bwg_ajax('gal_front_form_0', '0', 'bwg_thumbnails_0', '0', '', 'gallery', 0, '', '', load_more, '', 1);        }                    jQuery('.first-page-0').on('click', function () {              spider_page_0(this, 1, -2, 'numeric');              return false;            });            jQuery('.prev-page-0').on('click', function () {              spider_page_0(this, 1, -1, 'numeric');              return false;            });            jQuery('.next-page-0').on('click', function () {              spider_page_0(this, 1, 1, 'numeric');              return false;            });            jQuery('.last-page-0').on('click', function () {              spider_page_0(this, 1, 2, 'numeric');              return false;            });        \t\t\t\t\/* Change page on input enter. *\/        function bwg_change_page_0( e, that ) {          if (  e.key == 'Enter' ) {            var to_page = parseInt(jQuery(that).val());            var pages_count = jQuery(that).parents(\".pagination-links\").data(\"pages-count\");            var current_url_param = jQuery(that).attr('data-url-info');            if (to_page > pages_count) {              to_page = 1;            }\t \t\t\t\t\t\t\t\t\t\t\t\tspider_page_0(this, to_page, 0, 'numeric');\t\t\t\t\t\t\treturn false;\t\t\t\t\t\t          }          return true;        }        jQuery('.bwg_load_btn_0').on('click', function () {            spider_page_0(this, 1, 1, true);            return false;        });      <\/script>      <\/span>                <\/div>        <\/form>        <style>          #bwg_container1_0 #bwg_container2_0 #spider_popup_overlay_0 {          background-color: #000000;          opacity: 0.70;          }          <\/style>        <div id=\"bwg_spider_popup_loading_0\" class=\"bwg_spider_popup_loading\"><\/div>        <div id=\"spider_popup_overlay_0\" class=\"spider_popup_overlay\" onclick=\"spider_destroypopup(1000)\"><\/div>        <input type=\"hidden\" id=\"bwg_random_seed_0\" value=\"1575635073\">                <\/div>    <\/div>    <script>      if (document.readyState === 'complete') {        if( typeof bwg_main_ready == 'function' ) {          if ( jQuery(\"#bwg_container1_0\").height() ) {            bwg_main_ready(jQuery(\"#bwg_container1_0\"));          }        }      } else {        document.addEventListener('DOMContentLoaded', function() {          if( typeof bwg_main_ready == 'function' ) {            if ( jQuery(\"#bwg_container1_0\").height() ) {             bwg_main_ready(jQuery(\"#bwg_container1_0\"));            }          }        });      }    <\/script>    \n<h4 style=\"text-align: justify;\"><span style=\"color: #000000;\">Ficha T\u00e9cnica:<\/span><\/h4>\n<h4 style=\"text-align: justify;\"><span style=\"color: #000000;\">Vestido: Atelier Ivana Beaumond Paris. Local da festa: Versatilly Festas. Maquiagem: Tania Muninhas. Anima\u00e7\u00e3o: Criativa Eventos. Fotografia: Equipe Gutho Oliveira\/Thays Araujo. Cerimonialista: Neila Alves. Core\u00f3grafo: David Teixeira. Realiza\u00e7\u00e3o: Cristiane Aguiar.<\/span><\/h4>\n<h4><span style=\"color: #999999;\">Gostou? Siga nosso instagram&nbsp;<\/span><a href=\"https:\/\/www.instagram.com\/ivanaparisdebutantes\" target=\"_blank\" rel=\"noopener noreferrer\">@ivanaparisdebutantes&nbsp;<\/a><span style=\"color: #999999;\">e curta nossa fanpage<\/span>&nbsp;<a href=\"https:\/\/www.facebook.com\/IvanaBeaumondDebutantes\/\" target=\"_blank\" rel=\"noopener noreferrer\">Ivana Beaumond<\/a>&nbsp;<span style=\"color: #999999;\">para ficar por dentro de tudo o que rola no mundo das&nbsp;debutantes. N\u00e3o deixe de conferir tamb\u00e9m as nossas cole\u00e7\u00f5es de<\/span>&nbsp;<a href=\"http:\/\/www.ivanabeaumond.com.br\/vestidos-noiva\/vestidos-debutantes\/\" target=\"_blank\" rel=\"noopener noreferrer\">Vestidos de Debutante<\/a>&nbsp;<span style=\"color: #999999;\">e&nbsp;<\/span><a href=\"http:\/\/www.ivanabeaumond.com.br\/vestidos-noiva\/vestidos-casamento-madrinha-festa-formatura\/\" target=\"_blank\" rel=\"noopener noreferrer\">Moda Festa<\/a><span style=\"color: #999999;\">,&nbsp;trazendo as maiores novidades da alta costura com os mais belos modelos!<\/span><\/h4>\n","protected":false},"excerpt":{"rendered":"<p>O baile de debutante da nossa princesa Ana Carol foi&#8230;<\/p>\n","protected":false},"author":4,"featured_media":22467,"comment_status":"closed","ping_status":"closed","sticky":false,"template":"","format":"standard","meta":[],"categories":[60,129],"tags":[172,969,1038,1040,1039,144,1041,133,195,173,293,142,286,278,1042,136,174,629,163,158,149,143,138],"yoast_head":"<!-- This site is optimized with the Yoast SEO plugin v20.3 - https:\/\/yoast.com\/wordpress\/plugins\/seo\/ -->\n<title>Festa tem\u00e1tica, com Ana Carol - Vestido de Noiva RJ<\/title>\n<meta name=\"robots\" content=\"index, follow, max-snippet:-1, max-image-preview:large, max-video-preview:-1\" \/>\n<link rel=\"canonical\" href=\"https:\/\/www.ivanabeaumond.com.br\/vestidos-noiva\/festa-tematica-com-ana-carol\/\" \/>\n<meta property=\"og:locale\" content=\"pt_BR\" \/>\n<meta property=\"og:type\" content=\"article\" \/>\n<meta property=\"og:title\" content=\"Festa tem\u00e1tica, com Ana Carol - Vestido de Noiva RJ\" \/>\n<meta property=\"og:description\" content=\"O baile de debutante da nossa princesa Ana Carol foi...\" \/>\n<meta property=\"og:url\" content=\"https:\/\/www.ivanabeaumond.com.br\/vestidos-noiva\/festa-tematica-com-ana-carol\/\" \/>\n<meta property=\"og:site_name\" content=\"Vestido de Noiva RJ\" \/>\n<meta property=\"article:publisher\" content=\"https:\/\/www.facebook.com\/ivana.beaumondnoivas\" \/>\n<meta property=\"article:published_time\" content=\"2019-10-16T18:39:27+00:00\" \/>\n<meta property=\"article:modified_time\" content=\"2020-08-19T19:42:50+00:00\" \/>\n<meta property=\"og:image\" content=\"https:\/\/www.ivanabeaumond.com.br\/vestidos-noiva\/wp-content\/uploads\/2019\/10\/ANA-CAROL-DEBUTANTE-15-ANOS-VESTIDO-ATELIER-IVANA-BEAUMOND-RJ-19-e1570654023393.jpg\" \/>\n\t<meta property=\"og:image:width\" content=\"600\" \/>\n\t<meta property=\"og:image:height\" content=\"400\" \/>\n\t<meta property=\"og:image:type\" content=\"image\/jpeg\" \/>\n<meta name=\"author\" content=\"Ivana Beaumond Paris\" \/>\n<meta name=\"twitter:card\" content=\"summary_large_image\" \/>\n<meta name=\"twitter:label1\" content=\"Escrito por\" \/>\n\t<meta name=\"twitter:data1\" content=\"Ivana Beaumond Paris\" \/>\n\t<meta name=\"twitter:label2\" content=\"Est. tempo de leitura\" \/>\n\t<meta name=\"twitter:data2\" content=\"1 minuto\" \/>\n<script type=\"application\/ld+json\" class=\"yoast-schema-graph\">{\"@context\":\"https:\/\/schema.org\",\"@graph\":[{\"@type\":\"Article\",\"@id\":\"https:\/\/www.ivanabeaumond.com.br\/vestidos-noiva\/festa-tematica-com-ana-carol\/#article\",\"isPartOf\":{\"@id\":\"https:\/\/www.ivanabeaumond.com.br\/vestidos-noiva\/festa-tematica-com-ana-carol\/\"},\"author\":{\"name\":\"Ivana Beaumond Paris\",\"@id\":\"https:\/\/www.ivanabeaumond.com.br\/vestidos-noiva\/#\/schema\/person\/1a360c4cffa3b806d29a456389dcff26\"},\"headline\":\"Festa tem\u00e1tica, com Ana Carol\",\"datePublished\":\"2019-10-16T18:39:27+00:00\",\"dateModified\":\"2020-08-19T19:42:50+00:00\",\"mainEntityOfPage\":{\"@id\":\"https:\/\/www.ivanabeaumond.com.br\/vestidos-noiva\/festa-tematica-com-ana-carol\/\"},\"wordCount\":236,\"publisher\":{\"@id\":\"https:\/\/www.ivanabeaumond.com.br\/vestidos-noiva\/#organization\"},\"keywords\":[\"15 anos\",\"15 anos tem\u00e1tico\",\"alice\",\"alice in wonderland\",\"alice no pa\u00eds das maravilhas\",\"aluguel de vestido\",\"aluguell de roupa\",\"atelierivanabeaumond\",\"CasamentosRJ\",\"debutantes\",\"errejota\",\"festa de 15 anos\",\"ivana beaumond\",\"ivana beaumond paris\",\"loja\",\"moda festa\",\"princesas\",\"rj\",\"sob medida\",\"traje de noivo\",\"vestido de 15 anos\",\"vestido de debutante\",\"vestido de festa\"],\"articleSection\":[\"Blog\",\"Espa\u00e7o Debutantes\"],\"inLanguage\":\"pt-BR\"},{\"@type\":\"WebPage\",\"@id\":\"https:\/\/www.ivanabeaumond.com.br\/vestidos-noiva\/festa-tematica-com-ana-carol\/\",\"url\":\"https:\/\/www.ivanabeaumond.com.br\/vestidos-noiva\/festa-tematica-com-ana-carol\/\",\"name\":\"Festa tem\u00e1tica, com Ana Carol - Vestido de Noiva RJ\",\"isPartOf\":{\"@id\":\"https:\/\/www.ivanabeaumond.com.br\/vestidos-noiva\/#website\"},\"datePublished\":\"2019-10-16T18:39:27+00:00\",\"dateModified\":\"2020-08-19T19:42:50+00:00\",\"breadcrumb\":{\"@id\":\"https:\/\/www.ivanabeaumond.com.br\/vestidos-noiva\/festa-tematica-com-ana-carol\/#breadcrumb\"},\"inLanguage\":\"pt-BR\",\"potentialAction\":[{\"@type\":\"ReadAction\",\"target\":[\"https:\/\/www.ivanabeaumond.com.br\/vestidos-noiva\/festa-tematica-com-ana-carol\/\"]}]},{\"@type\":\"BreadcrumbList\",\"@id\":\"https:\/\/www.ivanabeaumond.com.br\/vestidos-noiva\/festa-tematica-com-ana-carol\/#breadcrumb\",\"itemListElement\":[{\"@type\":\"ListItem\",\"position\":1,\"name\":\"In\u00edcio\",\"item\":\"https:\/\/www.ivanabeaumond.com.br\/vestidos-noiva\/\"},{\"@type\":\"ListItem\",\"position\":2,\"name\":\"Festa tem\u00e1tica, com Ana Carol\"}]},{\"@type\":\"WebSite\",\"@id\":\"https:\/\/www.ivanabeaumond.com.br\/vestidos-noiva\/#website\",\"url\":\"https:\/\/www.ivanabeaumond.com.br\/vestidos-noiva\/\",\"name\":\"Vestido de Noiva RJ\",\"description\":\"Moda Noiva\",\"publisher\":{\"@id\":\"https:\/\/www.ivanabeaumond.com.br\/vestidos-noiva\/#organization\"},\"potentialAction\":[{\"@type\":\"SearchAction\",\"target\":{\"@type\":\"EntryPoint\",\"urlTemplate\":\"https:\/\/www.ivanabeaumond.com.br\/vestidos-noiva\/?s={search_term_string}\"},\"query-input\":\"required name=search_term_string\"}],\"inLanguage\":\"pt-BR\"},{\"@type\":\"Organization\",\"@id\":\"https:\/\/www.ivanabeaumond.com.br\/vestidos-noiva\/#organization\",\"name\":\"Vestido de Noiva RJ\",\"url\":\"https:\/\/www.ivanabeaumond.com.br\/vestidos-noiva\/\",\"logo\":{\"@type\":\"ImageObject\",\"inLanguage\":\"pt-BR\",\"@id\":\"https:\/\/www.ivanabeaumond.com.br\/vestidos-noiva\/#\/schema\/logo\/image\/\",\"url\":\"https:\/\/www.ivanabeaumond.com.br\/vestidos-noiva\/wp-content\/uploads\/2018\/02\/logo_ivana_beaumond-2.png\",\"contentUrl\":\"https:\/\/www.ivanabeaumond.com.br\/vestidos-noiva\/wp-content\/uploads\/2018\/02\/logo_ivana_beaumond-2.png\",\"width\":230,\"height\":112,\"caption\":\"Vestido de Noiva RJ\"},\"image\":{\"@id\":\"https:\/\/www.ivanabeaumond.com.br\/vestidos-noiva\/#\/schema\/logo\/image\/\"},\"sameAs\":[\"https:\/\/www.facebook.com\/ivana.beaumondnoivas\",\"https:\/\/www.instagram.com\/ivanabeaumond\/\",\"https:\/\/www.tiktok.com\/@ivanabeaumond\"]},{\"@type\":\"Person\",\"@id\":\"https:\/\/www.ivanabeaumond.com.br\/vestidos-noiva\/#\/schema\/person\/1a360c4cffa3b806d29a456389dcff26\",\"name\":\"Ivana Beaumond Paris\",\"image\":{\"@type\":\"ImageObject\",\"inLanguage\":\"pt-BR\",\"@id\":\"https:\/\/www.ivanabeaumond.com.br\/vestidos-noiva\/#\/schema\/person\/image\/\",\"url\":\"https:\/\/secure.gravatar.com\/avatar\/641f98db20b53ec937ceb641db4270b9?s=96&d=mm&r=g\",\"contentUrl\":\"https:\/\/secure.gravatar.com\/avatar\/641f98db20b53ec937ceb641db4270b9?s=96&d=mm&r=g\",\"caption\":\"Ivana Beaumond Paris\"},\"url\":\"https:\/\/www.ivanabeaumond.com.br\/vestidos-noiva\/author\/ivana\/\"}]}<\/script>\n<!-- \/ Yoast SEO plugin. -->","yoast_head_json":{"title":"Festa tem\u00e1tica, com Ana Carol - Vestido de Noiva RJ","robots":{"index":"index","follow":"follow","max-snippet":"max-snippet:-1","max-image-preview":"max-image-preview:large","max-video-preview":"max-video-preview:-1"},"canonical":"https:\/\/www.ivanabeaumond.com.br\/vestidos-noiva\/festa-tematica-com-ana-carol\/","og_locale":"pt_BR","og_type":"article","og_title":"Festa tem\u00e1tica, com Ana Carol - Vestido de Noiva RJ","og_description":"O baile de debutante da nossa princesa Ana Carol foi...","og_url":"https:\/\/www.ivanabeaumond.com.br\/vestidos-noiva\/festa-tematica-com-ana-carol\/","og_site_name":"Vestido de Noiva RJ","article_publisher":"https:\/\/www.facebook.com\/ivana.beaumondnoivas","article_published_time":"2019-10-16T18:39:27+00:00","article_modified_time":"2020-08-19T19:42:50+00:00","og_image":[{"width":600,"height":400,"url":"https:\/\/www.ivanabeaumond.com.br\/vestidos-noiva\/wp-content\/uploads\/2019\/10\/ANA-CAROL-DEBUTANTE-15-ANOS-VESTIDO-ATELIER-IVANA-BEAUMOND-RJ-19-e1570654023393.jpg","type":"image\/jpeg"}],"author":"Ivana Beaumond Paris","twitter_card":"summary_large_image","twitter_misc":{"Escrito por":"Ivana Beaumond Paris","Est. tempo de leitura":"1 minuto"},"schema":{"@context":"https:\/\/schema.org","@graph":[{"@type":"Article","@id":"https:\/\/www.ivanabeaumond.com.br\/vestidos-noiva\/festa-tematica-com-ana-carol\/#article","isPartOf":{"@id":"https:\/\/www.ivanabeaumond.com.br\/vestidos-noiva\/festa-tematica-com-ana-carol\/"},"author":{"name":"Ivana Beaumond Paris","@id":"https:\/\/www.ivanabeaumond.com.br\/vestidos-noiva\/#\/schema\/person\/1a360c4cffa3b806d29a456389dcff26"},"headline":"Festa tem\u00e1tica, com Ana Carol","datePublished":"2019-10-16T18:39:27+00:00","dateModified":"2020-08-19T19:42:50+00:00","mainEntityOfPage":{"@id":"https:\/\/www.ivanabeaumond.com.br\/vestidos-noiva\/festa-tematica-com-ana-carol\/"},"wordCount":236,"publisher":{"@id":"https:\/\/www.ivanabeaumond.com.br\/vestidos-noiva\/#organization"},"keywords":["15 anos","15 anos tem\u00e1tico","alice","alice in wonderland","alice no pa\u00eds das maravilhas","aluguel de vestido","aluguell de roupa","atelierivanabeaumond","CasamentosRJ","debutantes","errejota","festa de 15 anos","ivana beaumond","ivana beaumond paris","loja","moda festa","princesas","rj","sob medida","traje de noivo","vestido de 15 anos","vestido de debutante","vestido de festa"],"articleSection":["Blog","Espa\u00e7o Debutantes"],"inLanguage":"pt-BR"},{"@type":"WebPage","@id":"https:\/\/www.ivanabeaumond.com.br\/vestidos-noiva\/festa-tematica-com-ana-carol\/","url":"https:\/\/www.ivanabeaumond.com.br\/vestidos-noiva\/festa-tematica-com-ana-carol\/","name":"Festa tem\u00e1tica, com Ana Carol - Vestido de Noiva RJ","isPartOf":{"@id":"https:\/\/www.ivanabeaumond.com.br\/vestidos-noiva\/#website"},"datePublished":"2019-10-16T18:39:27+00:00","dateModified":"2020-08-19T19:42:50+00:00","breadcrumb":{"@id":"https:\/\/www.ivanabeaumond.com.br\/vestidos-noiva\/festa-tematica-com-ana-carol\/#breadcrumb"},"inLanguage":"pt-BR","potentialAction":[{"@type":"ReadAction","target":["https:\/\/www.ivanabeaumond.com.br\/vestidos-noiva\/festa-tematica-com-ana-carol\/"]}]},{"@type":"BreadcrumbList","@id":"https:\/\/www.ivanabeaumond.com.br\/vestidos-noiva\/festa-tematica-com-ana-carol\/#breadcrumb","itemListElement":[{"@type":"ListItem","position":1,"name":"In\u00edcio","item":"https:\/\/www.ivanabeaumond.com.br\/vestidos-noiva\/"},{"@type":"ListItem","position":2,"name":"Festa tem\u00e1tica, com Ana Carol"}]},{"@type":"WebSite","@id":"https:\/\/www.ivanabeaumond.com.br\/vestidos-noiva\/#website","url":"https:\/\/www.ivanabeaumond.com.br\/vestidos-noiva\/","name":"Vestido de Noiva RJ","description":"Moda Noiva","publisher":{"@id":"https:\/\/www.ivanabeaumond.com.br\/vestidos-noiva\/#organization"},"potentialAction":[{"@type":"SearchAction","target":{"@type":"EntryPoint","urlTemplate":"https:\/\/www.ivanabeaumond.com.br\/vestidos-noiva\/?s={search_term_string}"},"query-input":"required name=search_term_string"}],"inLanguage":"pt-BR"},{"@type":"Organization","@id":"https:\/\/www.ivanabeaumond.com.br\/vestidos-noiva\/#organization","name":"Vestido de Noiva RJ","url":"https:\/\/www.ivanabeaumond.com.br\/vestidos-noiva\/","logo":{"@type":"ImageObject","inLanguage":"pt-BR","@id":"https:\/\/www.ivanabeaumond.com.br\/vestidos-noiva\/#\/schema\/logo\/image\/","url":"https:\/\/www.ivanabeaumond.com.br\/vestidos-noiva\/wp-content\/uploads\/2018\/02\/logo_ivana_beaumond-2.png","contentUrl":"https:\/\/www.ivanabeaumond.com.br\/vestidos-noiva\/wp-content\/uploads\/2018\/02\/logo_ivana_beaumond-2.png","width":230,"height":112,"caption":"Vestido de Noiva RJ"},"image":{"@id":"https:\/\/www.ivanabeaumond.com.br\/vestidos-noiva\/#\/schema\/logo\/image\/"},"sameAs":["https:\/\/www.facebook.com\/ivana.beaumondnoivas","https:\/\/www.instagram.com\/ivanabeaumond\/","https:\/\/www.tiktok.com\/@ivanabeaumond"]},{"@type":"Person","@id":"https:\/\/www.ivanabeaumond.com.br\/vestidos-noiva\/#\/schema\/person\/1a360c4cffa3b806d29a456389dcff26","name":"Ivana Beaumond Paris","image":{"@type":"ImageObject","inLanguage":"pt-BR","@id":"https:\/\/www.ivanabeaumond.com.br\/vestidos-noiva\/#\/schema\/person\/image\/","url":"https:\/\/secure.gravatar.com\/avatar\/641f98db20b53ec937ceb641db4270b9?s=96&d=mm&r=g","contentUrl":"https:\/\/secure.gravatar.com\/avatar\/641f98db20b53ec937ceb641db4270b9?s=96&d=mm&r=g","caption":"Ivana Beaumond Paris"},"url":"https:\/\/www.ivanabeaumond.com.br\/vestidos-noiva\/author\/ivana\/"}]}},"_links":{"self":[{"href":"https:\/\/www.ivanabeaumond.com.br\/vestidos-noiva\/wp-json\/wp\/v2\/posts\/22464"}],"collection":[{"href":"https:\/\/www.ivanabeaumond.com.br\/vestidos-noiva\/wp-json\/wp\/v2\/posts"}],"about":[{"href":"https:\/\/www.ivanabeaumond.com.br\/vestidos-noiva\/wp-json\/wp\/v2\/types\/post"}],"author":[{"embeddable":true,"href":"https:\/\/www.ivanabeaumond.com.br\/vestidos-noiva\/wp-json\/wp\/v2\/users\/4"}],"replies":[{"embeddable":true,"href":"https:\/\/www.ivanabeaumond.com.br\/vestidos-noiva\/wp-json\/wp\/v2\/comments?post=22464"}],"version-history":[{"count":7,"href":"https:\/\/www.ivanabeaumond.com.br\/vestidos-noiva\/wp-json\/wp\/v2\/posts\/22464\/revisions"}],"predecessor-version":[{"id":25876,"href":"https:\/\/www.ivanabeaumond.com.br\/vestidos-noiva\/wp-json\/wp\/v2\/posts\/22464\/revisions\/25876"}],"wp:featuredmedia":[{"embeddable":true,"href":"https:\/\/www.ivanabeaumond.com.br\/vestidos-noiva\/wp-json\/wp\/v2\/media\/22467"}],"wp:attachment":[{"href":"https:\/\/www.ivanabeaumond.com.br\/vestidos-noiva\/wp-json\/wp\/v2\/media?parent=22464"}],"wp:term":[{"taxonomy":"category","embeddable":true,"href":"https:\/\/www.ivanabeaumond.com.br\/vestidos-noiva\/wp-json\/wp\/v2\/categories?post=22464"},{"taxonomy":"post_tag","embeddable":true,"href":"https:\/\/www.ivanabeaumond.com.br\/vestidos-noiva\/wp-json\/wp\/v2\/tags?post=22464"}],"curies":[{"name":"wp","href":"https:\/\/api.w.org\/{rel}","templated":true}]}}