{"id":22647,"date":"2019-11-01T16:12:04","date_gmt":"2019-11-01T19:12:04","guid":{"rendered":"https:\/\/www.ivanabeaumond.com.br\/vestidos-noiva\/?p=22647"},"modified":"2020-08-19T16:36:10","modified_gmt":"2020-08-19T19:36:10","slug":"festa-cor-de-rosa-com-luiza-barbosa","status":"publish","type":"post","link":"https:\/\/www.ivanabeaumond.com.br\/vestidos-noiva\/festa-cor-de-rosa-com-luiza-barbosa\/","title":{"rendered":"Festa cor-de-rosa, com Luiza Barboza"},"content":{"rendered":"<h4 style=\"text-align: justify;\"><span style=\"color: #999999;\">\u00a0Nossa debutante Luiza comemorou os seus t\u00e3o sonhados 15 anos em uma festa inesquec\u00edvel na Mans\u00e3o Valqueire, com direito a decora\u00e7\u00e3o tem\u00e1tica e a diversas atra\u00e7\u00f5es para os convidados. A cor escolhida por ela para protagonizar essa noite t\u00e3o especial foi o Rosa, que deu o tom tanto para sua decora\u00e7\u00e3o quanto para seus vestidos de debutante.<\/span><\/h4>\n<h4 style=\"text-align: justify;\"><span style=\"color: #999999;\">Os modelos &#8211; um\u00a0vestido rosa pink com decote ilus\u00e3o, corpete com aplica\u00e7\u00f5es de brilho e saia em tule, e um modelo curtinho rosa beb\u00ea com bordados de flores &#8211;\u00a0 foram todos escolhidos com muito carinho no Atelier Ivana Beaumond Paris, respons\u00e1vel pelo bel\u00edssimo styling dessa princesa. Veja como ficaram os looks nas fotos a seguir:<\/span><\/h4>\n<h4 style=\"text-align: justify;\"><span style=\"color: #999999;\">\u00a0<\/span><\/h4>\n<p><a href=\"https:\/\/www.ivanabeaumond.com.br\/vestidos-noiva\/wp-content\/uploads\/2019\/11\/Luiza-Barboza-vestido-de-debutante-15-anos-rosa-atelier-ivana-beaumond-rio-de-janeiro-rj-6-e1572630059339.jpg\"><img decoding=\"async\" loading=\"lazy\" class=\"aligncenter size-full wp-image-22650\" src=\"https:\/\/www.ivanabeaumond.com.br\/vestidos-noiva\/wp-content\/uploads\/2019\/11\/Luiza-Barboza-vestido-de-debutante-15-anos-rosa-atelier-ivana-beaumond-rio-de-janeiro-rj-6-e1572630059339.jpg\" alt=\"Luiza Barboza vestido de debutante 15 anos rosa atelier ivana beaumond rio de janeiro rj (6)\" width=\"400\" height=\"599\" \/><\/a><\/p>\n<h4 style=\"text-align: justify;\"><span style=\"color: #999999;\">O primeiro modelo foi usado durante a valsa, e ficou perfeito para o momento por causa da silhueta marcada e da saia com volume. O tule tamb\u00e9m ajudou a dar o efeito flu\u00eddo que a Luiza precisava para dan\u00e7ar.<\/span><\/h4>\n<p><img decoding=\"async\" loading=\"lazy\" class=\"aligncenter size-full wp-image-22652\" src=\"https:\/\/www.ivanabeaumond.com.br\/vestidos-noiva\/wp-content\/uploads\/2019\/11\/Luiza-Barboza-vestido-de-debutante-15-anos-rosa-atelier-ivana-beaumond-rio-de-janeiro-rj-5-e1572630738522.jpg\" alt=\"Luiza Barboza vestido de debutante 15 anos rosa atelier ivana beaumond rio de janeiro rj (5)\" width=\"400\" height=\"599\" \/><\/p>\n<h4 style=\"text-align: justify;\"><span style=\"color: #999999;\">J\u00e1 o segundo vestido foi o modelo de abertura da pista,\u00a0um look em candy color bem feminino e leve, ideal para curtir a festa.<\/span><\/h4>\n<p><img decoding=\"async\" loading=\"lazy\" class=\"aligncenter size-full wp-image-22651\" src=\"https:\/\/www.ivanabeaumond.com.br\/vestidos-noiva\/wp-content\/uploads\/2019\/11\/Luiza-Barboza-vestido-de-debutante-15-anos-rosa-atelier-ivana-beaumond-rio-de-janeiro-rj-48-e1572630157912.jpg\" alt=\"Luiza Barboza vestido de debutante 15 anos rosa atelier ivana beaumond rio de janeiro rj (48)\" width=\"400\" height=\"599\" \/><\/p>\n<h4><span style=\"color: #999999;\">Desejamos os parab\u00e9ns a essa debutante linda e que ela tenha muito sucesso e possa realizar muitos outros sonhos! E um imenso obrigado do Atelier Ivana Beaumond Paris por ter confiado no nosso trabalho e ter nos escolhido para fazer parte desse evento inesquec\u00edvel!<\/span><\/h4>\n<h4 style=\"text-align: justify;\"><span style=\"color: #999999;\">Confira mais fotos do anivers\u00e1rio da Luiza na galeria abaixo, feitas por <a href=\"https:\/\/thaysaraujofotografia.com.br\/\" target=\"_blank\" rel=\"noopener noreferrer\">Thays Araujo Fotografia<\/a>:<\/span><\/h4>\n<style id=\"bwg-style-0\">    #bwg_container1_0 #bwg_container2_0 .bwg-container-0.bwg-standard-thumbnails {      width: 904px;              justify-content: center;        margin:0 auto !important;              background-color: rgba(255, 255, 255, 0.00);            padding-left: 4px;      padding-top: 4px;      max-width: 100%;            }        #bwg_container1_0 #bwg_container2_0 .bwg-container-0.bwg-standard-thumbnails .bwg-item {    justify-content: flex-start;      max-width: 180px;            width: 180px !important;          }    #bwg_container1_0 #bwg_container2_0 .bwg-container-0.bwg-standard-thumbnails .bwg-item a {       margin-right: 4px;       margin-bottom: 4px;    }    #bwg_container1_0 #bwg_container2_0 .bwg-container-0.bwg-standard-thumbnails .bwg-item0 {      padding: 0px;            background-color:rgba(255,255,255, 0.30);      border: 0px none #CCCCCC;      opacity: 1.00;      border-radius: 0;      box-shadow: 0px 0px 0px #888888;    }    #bwg_container1_0 #bwg_container2_0 .bwg-container-0.bwg-standard-thumbnails .bwg-item1 img {      max-height: none;      max-width: none;      padding: 0 !important;    }        @media only screen and (min-width: 480px) {      #bwg_container1_0 #bwg_container2_0 .bwg-container-0.bwg-standard-thumbnails .bwg-item0 {        transition: all 0.3s ease 0s;-webkit-transition: all 0.3s ease 0s;      }      #bwg_container1_0 #bwg_container2_0 .bwg-container-0.bwg-standard-thumbnails .bwg-item0:hover {        -ms-transform: scale(1.1);        -webkit-transform: scale(1.1);        transform: scale(1.1);      }    }          #bwg_container1_0 #bwg_container2_0 .bwg-container-0.bwg-standard-thumbnails .bwg-item1 {      padding-top: 50%;    }        #bwg_container1_0 #bwg_container2_0 .bwg-container-0.bwg-standard-thumbnails .bwg-title2,    #bwg_container1_0 #bwg_container2_0 .bwg-container-0.bwg-standard-thumbnails .bwg-ecommerce2 {      color: #CCCCCC;      font-family: segoe ui;      font-size: 16px;      font-weight: bold;      padding: 2px;      text-shadow: 0px 0px 0px #888888;      max-height: 100%;    }    #bwg_container1_0 #bwg_container2_0 .bwg-container-0.bwg-standard-thumbnails .bwg-thumb-description span {    color: #323A45;    font-family: Ubuntu;    font-size: 12px;    max-height: 100%;    word-wrap: break-word;    }    #bwg_container1_0 #bwg_container2_0 .bwg-container-0.bwg-standard-thumbnails .bwg-play-icon2 {      font-size: 32px;    }    #bwg_container1_0 #bwg_container2_0 .bwg-container-0.bwg-standard-thumbnails .bwg-ecommerce2 {      font-size: 19.2px;      color: #CCCCCC;    }    <\/style>    <div id=\"bwg_container1_0\"         class=\"bwg_container bwg_thumbnail bwg_thumbnails \"         data-right-click-protection=\"0\"         data-bwg=\"0\"         data-scroll=\"0\"         data-gallery-type=\"thumbnails\"         data-gallery-view-type=\"thumbnails\"         data-current-url=\"\/vestidos-noiva\/wp-json\/wp\/v2\/posts\/22647\"         data-lightbox-url=\"https:\/\/www.ivanabeaumond.com.br\/vestidos-noiva\/wp-admin\/admin-ajax.php?action=GalleryBox&#038;current_view=0&#038;gallery_id=122&#038;tag=0&#038;theme_id=1&#038;shortcode_id=222&#038;sort_by=order&#038;order_by=asc&#038;current_url=%2Fvestidos-noiva%2Fwp-json%2Fwp%2Fv2%2Fposts%2F22647\"         data-gallery-id=\"122\"         data-popup-width=\"600\"         data-popup-height=\"600\"         data-is-album=\"gallery\"         data-buttons-position=\"bottom\">      <div id=\"bwg_container2_0\">             <div id=\"ajax_loading_0\" class=\"bwg_loading_div_1\">      <div class=\"bwg_loading_div_2\">        <div class=\"bwg_loading_div_3\">          <div id=\"loading_div_0\" class=\"bwg_spider_ajax_loading\">          <\/div>        <\/div>      <\/div>    <\/div>            <form id=\"gal_front_form_0\"              class=\"bwg-hidden\"              method=\"post\"              action=\"#\"              data-current=\"0\"              data-shortcode-id=\"222\"              data-gallery-type=\"thumbnails\"              data-gallery-id=\"122\"              data-tag=\"0\"              data-album-id=\"0\"              data-theme-id=\"1\"              data-ajax-url=\"https:\/\/www.ivanabeaumond.com.br\/vestidos-noiva\/wp-admin\/admin-ajax.php?action=bwg_frontend_data\">          <div id=\"bwg_container3_0\" class=\"bwg-background bwg-background-0\">                <div data-max-count=\"5\"         data-thumbnail-width=\"180\"         data-bwg=\"0\"         data-gallery-id=\"122\"         data-lightbox-url=\"https:\/\/www.ivanabeaumond.com.br\/vestidos-noiva\/wp-admin\/admin-ajax.php?action=GalleryBox&amp;current_view=0&amp;gallery_id=122&amp;tag=0&amp;theme_id=1&amp;shortcode_id=222&amp;sort_by=order&amp;order_by=asc&amp;current_url=%2Fvestidos-noiva%2Fwp-json%2Fwp%2Fv2%2Fposts%2F22647\"         id=\"bwg_thumbnails_0\"         class=\"bwg-container-0 bwg-thumbnails bwg-standard-thumbnails bwg-container bwg-border-box\">            <div class=\"bwg-item\">        <a class=\"bwg-a  bwg_lightbox\"  data-image-id=\"2817\" href=\"https:\/\/www.ivanabeaumond.com.br\/vestidos-noiva\/wp-content\/uploads\/photo-gallery\/Luiza%20Barboza%20vestido%20de%20debutante%2015%20anos%20rosa%20atelier%20ivana%20beaumond%20rio%20de%20janeiro%20rj%20(43).jpg\" data-elementor-open-lightbox=\"no\">                <div class=\"bwg-item0 \">          <div class=\"bwg-item1 \">            <div class=\"bwg-item2\">              <img class=\"skip-lazy bwg_standart_thumb_img_0 \"                   data-id=\"2817\"                   data-width=\"\"                   data-height=\"\"                   data-src=\"https:\/\/www.ivanabeaumond.com.br\/vestidos-noiva\/wp-content\/uploads\/photo-gallery\/thumb\/Luiza%20Barboza%20vestido%20de%20debutante%2015%20anos%20rosa%20atelier%20ivana%20beaumond%20rio%20de%20janeiro%20rj%20(43).jpg\"                   src=\"https:\/\/www.ivanabeaumond.com.br\/vestidos-noiva\/wp-content\/uploads\/photo-gallery\/thumb\/Luiza%20Barboza%20vestido%20de%20debutante%2015%20anos%20rosa%20atelier%20ivana%20beaumond%20rio%20de%20janeiro%20rj%20(43).jpg\"                   alt=\"Luiza Barboza vestido de debutante 15 anos rosa atelier ivana beaumond rio de janeiro rj (43)\"                   title=\"Luiza Barboza vestido de debutante 15 anos rosa atelier ivana beaumond rio de janeiro rj (43)\" \/>            <\/div>            <div class=\"\">                                                      <\/div>          <\/div>        <\/div>                        <\/a>              <\/div>            <div class=\"bwg-item\">        <a class=\"bwg-a  bwg_lightbox\"  data-image-id=\"2815\" href=\"https:\/\/www.ivanabeaumond.com.br\/vestidos-noiva\/wp-content\/uploads\/photo-gallery\/Luiza%20Barboza%20vestido%20de%20debutante%2015%20anos%20rosa%20atelier%20ivana%20beaumond%20rio%20de%20janeiro%20rj%20(41).jpg\" data-elementor-open-lightbox=\"no\">                <div class=\"bwg-item0 \">          <div class=\"bwg-item1 \">            <div class=\"bwg-item2\">              <img class=\"skip-lazy bwg_standart_thumb_img_0 \"                   data-id=\"2815\"                   data-width=\"\"                   data-height=\"\"                   data-src=\"https:\/\/www.ivanabeaumond.com.br\/vestidos-noiva\/wp-content\/uploads\/photo-gallery\/thumb\/Luiza%20Barboza%20vestido%20de%20debutante%2015%20anos%20rosa%20atelier%20ivana%20beaumond%20rio%20de%20janeiro%20rj%20(41).jpg\"                   src=\"https:\/\/www.ivanabeaumond.com.br\/vestidos-noiva\/wp-content\/uploads\/photo-gallery\/thumb\/Luiza%20Barboza%20vestido%20de%20debutante%2015%20anos%20rosa%20atelier%20ivana%20beaumond%20rio%20de%20janeiro%20rj%20(41).jpg\"                   alt=\"Luiza Barboza vestido de debutante 15 anos rosa atelier ivana beaumond rio de janeiro rj (41)\"                   title=\"Luiza Barboza vestido de debutante 15 anos rosa atelier ivana beaumond rio de janeiro rj (41)\" \/>            <\/div>            <div class=\"\">                                                      <\/div>          <\/div>        <\/div>                        <\/a>              <\/div>            <div class=\"bwg-item\">        <a class=\"bwg-a  bwg_lightbox\"  data-image-id=\"2811\" href=\"https:\/\/www.ivanabeaumond.com.br\/vestidos-noiva\/wp-content\/uploads\/photo-gallery\/Luiza%20Barboza%20vestido%20de%20debutante%2015%20anos%20rosa%20atelier%20ivana%20beaumond%20rio%20de%20janeiro%20rj%20(37).jpg\" data-elementor-open-lightbox=\"no\">                <div class=\"bwg-item0 \">          <div class=\"bwg-item1 \">            <div class=\"bwg-item2\">              <img class=\"skip-lazy bwg_standart_thumb_img_0 \"                   data-id=\"2811\"                   data-width=\"\"                   data-height=\"\"                   data-src=\"https:\/\/www.ivanabeaumond.com.br\/vestidos-noiva\/wp-content\/uploads\/photo-gallery\/thumb\/Luiza%20Barboza%20vestido%20de%20debutante%2015%20anos%20rosa%20atelier%20ivana%20beaumond%20rio%20de%20janeiro%20rj%20(37).jpg\"                   src=\"https:\/\/www.ivanabeaumond.com.br\/vestidos-noiva\/wp-content\/uploads\/photo-gallery\/thumb\/Luiza%20Barboza%20vestido%20de%20debutante%2015%20anos%20rosa%20atelier%20ivana%20beaumond%20rio%20de%20janeiro%20rj%20(37).jpg\"                   alt=\"Luiza Barboza vestido de debutante 15 anos rosa atelier ivana beaumond rio de janeiro rj (37)\"                   title=\"Luiza Barboza vestido de debutante 15 anos rosa atelier ivana beaumond rio de janeiro rj (37)\" \/>            <\/div>            <div class=\"\">                                                      <\/div>          <\/div>        <\/div>                        <\/a>              <\/div>            <div class=\"bwg-item\">        <a class=\"bwg-a  bwg_lightbox\"  data-image-id=\"2812\" href=\"https:\/\/www.ivanabeaumond.com.br\/vestidos-noiva\/wp-content\/uploads\/photo-gallery\/Luiza%20Barboza%20vestido%20de%20debutante%2015%20anos%20rosa%20atelier%20ivana%20beaumond%20rio%20de%20janeiro%20rj%20(38).jpg\" data-elementor-open-lightbox=\"no\">                <div class=\"bwg-item0 \">          <div class=\"bwg-item1 \">            <div class=\"bwg-item2\">              <img class=\"skip-lazy bwg_standart_thumb_img_0 \"                   data-id=\"2812\"                   data-width=\"\"                   data-height=\"\"                   data-src=\"https:\/\/www.ivanabeaumond.com.br\/vestidos-noiva\/wp-content\/uploads\/photo-gallery\/thumb\/Luiza%20Barboza%20vestido%20de%20debutante%2015%20anos%20rosa%20atelier%20ivana%20beaumond%20rio%20de%20janeiro%20rj%20(38).jpg\"                   src=\"https:\/\/www.ivanabeaumond.com.br\/vestidos-noiva\/wp-content\/uploads\/photo-gallery\/thumb\/Luiza%20Barboza%20vestido%20de%20debutante%2015%20anos%20rosa%20atelier%20ivana%20beaumond%20rio%20de%20janeiro%20rj%20(38).jpg\"                   alt=\"Luiza Barboza vestido de debutante 15 anos rosa atelier ivana beaumond rio de janeiro rj (38)\"                   title=\"Luiza Barboza vestido de debutante 15 anos rosa atelier ivana beaumond rio de janeiro rj (38)\" \/>            <\/div>            <div class=\"\">                                                      <\/div>          <\/div>        <\/div>                        <\/a>              <\/div>            <div class=\"bwg-item\">        <a class=\"bwg-a  bwg_lightbox\"  data-image-id=\"2831\" href=\"https:\/\/www.ivanabeaumond.com.br\/vestidos-noiva\/wp-content\/uploads\/photo-gallery\/Luiza%20Barboza%20vestido%20de%20debutante%2015%20anos%20rosa%20atelier%20ivana%20beaumond%20rio%20de%20janeiro%20rj%20(10).jpg\" data-elementor-open-lightbox=\"no\">                <div class=\"bwg-item0 \">          <div class=\"bwg-item1 \">            <div class=\"bwg-item2\">              <img class=\"skip-lazy bwg_standart_thumb_img_0 \"                   data-id=\"2831\"                   data-width=\"\"                   data-height=\"\"                   data-src=\"https:\/\/www.ivanabeaumond.com.br\/vestidos-noiva\/wp-content\/uploads\/photo-gallery\/thumb\/Luiza%20Barboza%20vestido%20de%20debutante%2015%20anos%20rosa%20atelier%20ivana%20beaumond%20rio%20de%20janeiro%20rj%20(10).jpg\"                   src=\"https:\/\/www.ivanabeaumond.com.br\/vestidos-noiva\/wp-content\/uploads\/photo-gallery\/thumb\/Luiza%20Barboza%20vestido%20de%20debutante%2015%20anos%20rosa%20atelier%20ivana%20beaumond%20rio%20de%20janeiro%20rj%20(10).jpg\"                   alt=\"Luiza Barboza vestido de debutante 15 anos rosa atelier ivana beaumond rio de janeiro rj (10)\"                   title=\"Luiza Barboza vestido de debutante 15 anos rosa atelier ivana beaumond rio de janeiro rj (10)\" \/>            <\/div>            <div class=\"\">                                                      <\/div>          <\/div>        <\/div>                        <\/a>              <\/div>            <div class=\"bwg-item\">        <a class=\"bwg-a  bwg_lightbox\"  data-image-id=\"2830\" href=\"https:\/\/www.ivanabeaumond.com.br\/vestidos-noiva\/wp-content\/uploads\/photo-gallery\/Luiza%20Barboza%20vestido%20de%20debutante%2015%20anos%20rosa%20atelier%20ivana%20beaumond%20rio%20de%20janeiro%20rj%20(9).jpg\" data-elementor-open-lightbox=\"no\">                <div class=\"bwg-item0 \">          <div class=\"bwg-item1 \">            <div class=\"bwg-item2\">              <img class=\"skip-lazy bwg_standart_thumb_img_0 \"                   data-id=\"2830\"                   data-width=\"\"                   data-height=\"\"                   data-src=\"https:\/\/www.ivanabeaumond.com.br\/vestidos-noiva\/wp-content\/uploads\/photo-gallery\/thumb\/Luiza%20Barboza%20vestido%20de%20debutante%2015%20anos%20rosa%20atelier%20ivana%20beaumond%20rio%20de%20janeiro%20rj%20(9).jpg\"                   src=\"https:\/\/www.ivanabeaumond.com.br\/vestidos-noiva\/wp-content\/uploads\/photo-gallery\/thumb\/Luiza%20Barboza%20vestido%20de%20debutante%2015%20anos%20rosa%20atelier%20ivana%20beaumond%20rio%20de%20janeiro%20rj%20(9).jpg\"                   alt=\"Luiza Barboza vestido de debutante 15 anos rosa atelier ivana beaumond rio de janeiro rj (9)\"                   title=\"Luiza Barboza vestido de debutante 15 anos rosa atelier ivana beaumond rio de janeiro rj (9)\" \/>            <\/div>            <div class=\"\">                                                      <\/div>          <\/div>        <\/div>                        <\/a>              <\/div>            <div class=\"bwg-item\">        <a class=\"bwg-a  bwg_lightbox\"  data-image-id=\"2829\" href=\"https:\/\/www.ivanabeaumond.com.br\/vestidos-noiva\/wp-content\/uploads\/photo-gallery\/Luiza%20Barboza%20vestido%20de%20debutante%2015%20anos%20rosa%20atelier%20ivana%20beaumond%20rio%20de%20janeiro%20rj%20(8).jpg\" data-elementor-open-lightbox=\"no\">                <div class=\"bwg-item0 \">          <div class=\"bwg-item1 \">            <div class=\"bwg-item2\">              <img class=\"skip-lazy bwg_standart_thumb_img_0 \"                   data-id=\"2829\"                   data-width=\"\"                   data-height=\"\"                   data-src=\"https:\/\/www.ivanabeaumond.com.br\/vestidos-noiva\/wp-content\/uploads\/photo-gallery\/thumb\/Luiza%20Barboza%20vestido%20de%20debutante%2015%20anos%20rosa%20atelier%20ivana%20beaumond%20rio%20de%20janeiro%20rj%20(8).jpg\"                   src=\"https:\/\/www.ivanabeaumond.com.br\/vestidos-noiva\/wp-content\/uploads\/photo-gallery\/thumb\/Luiza%20Barboza%20vestido%20de%20debutante%2015%20anos%20rosa%20atelier%20ivana%20beaumond%20rio%20de%20janeiro%20rj%20(8).jpg\"                   alt=\"Luiza Barboza vestido de debutante 15 anos rosa atelier ivana beaumond rio de janeiro rj (8)\"                   title=\"Luiza Barboza vestido de debutante 15 anos rosa atelier ivana beaumond rio de janeiro rj (8)\" \/>            <\/div>            <div class=\"\">                                                      <\/div>          <\/div>        <\/div>                        <\/a>              <\/div>            <div class=\"bwg-item\">        <a class=\"bwg-a  bwg_lightbox\"  data-image-id=\"2828\" href=\"https:\/\/www.ivanabeaumond.com.br\/vestidos-noiva\/wp-content\/uploads\/photo-gallery\/Luiza%20Barboza%20vestido%20de%20debutante%2015%20anos%20rosa%20atelier%20ivana%20beaumond%20rio%20de%20janeiro%20rj%20(7).jpg\" data-elementor-open-lightbox=\"no\">                <div class=\"bwg-item0 \">          <div class=\"bwg-item1 \">            <div class=\"bwg-item2\">              <img class=\"skip-lazy bwg_standart_thumb_img_0 \"                   data-id=\"2828\"                   data-width=\"\"                   data-height=\"\"                   data-src=\"https:\/\/www.ivanabeaumond.com.br\/vestidos-noiva\/wp-content\/uploads\/photo-gallery\/thumb\/Luiza%20Barboza%20vestido%20de%20debutante%2015%20anos%20rosa%20atelier%20ivana%20beaumond%20rio%20de%20janeiro%20rj%20(7).jpg\"                   src=\"https:\/\/www.ivanabeaumond.com.br\/vestidos-noiva\/wp-content\/uploads\/photo-gallery\/thumb\/Luiza%20Barboza%20vestido%20de%20debutante%2015%20anos%20rosa%20atelier%20ivana%20beaumond%20rio%20de%20janeiro%20rj%20(7).jpg\"                   alt=\"Luiza Barboza vestido de debutante 15 anos rosa atelier ivana beaumond rio de janeiro rj (7)\"                   title=\"Luiza Barboza vestido de debutante 15 anos rosa atelier ivana beaumond rio de janeiro rj (7)\" \/>            <\/div>            <div class=\"\">                                                      <\/div>          <\/div>        <\/div>                        <\/a>              <\/div>            <div class=\"bwg-item\">        <a class=\"bwg-a  bwg_lightbox\"  data-image-id=\"2827\" href=\"https:\/\/www.ivanabeaumond.com.br\/vestidos-noiva\/wp-content\/uploads\/photo-gallery\/Luiza%20Barboza%20vestido%20de%20debutante%2015%20anos%20rosa%20atelier%20ivana%20beaumond%20rio%20de%20janeiro%20rj%20(6).jpg\" data-elementor-open-lightbox=\"no\">                <div class=\"bwg-item0 \">          <div class=\"bwg-item1 \">            <div class=\"bwg-item2\">              <img class=\"skip-lazy bwg_standart_thumb_img_0 \"                   data-id=\"2827\"                   data-width=\"\"                   data-height=\"\"                   data-src=\"https:\/\/www.ivanabeaumond.com.br\/vestidos-noiva\/wp-content\/uploads\/photo-gallery\/thumb\/Luiza%20Barboza%20vestido%20de%20debutante%2015%20anos%20rosa%20atelier%20ivana%20beaumond%20rio%20de%20janeiro%20rj%20(6).jpg\"                   src=\"https:\/\/www.ivanabeaumond.com.br\/vestidos-noiva\/wp-content\/uploads\/photo-gallery\/thumb\/Luiza%20Barboza%20vestido%20de%20debutante%2015%20anos%20rosa%20atelier%20ivana%20beaumond%20rio%20de%20janeiro%20rj%20(6).jpg\"                   alt=\"Luiza Barboza vestido de debutante 15 anos rosa atelier ivana beaumond rio de janeiro rj (6)\"                   title=\"Luiza Barboza vestido de debutante 15 anos rosa atelier ivana beaumond rio de janeiro rj (6)\" \/>            <\/div>            <div class=\"\">                                                      <\/div>          <\/div>        <\/div>                        <\/a>              <\/div>            <div class=\"bwg-item\">        <a class=\"bwg-a  bwg_lightbox\"  data-image-id=\"2826\" href=\"https:\/\/www.ivanabeaumond.com.br\/vestidos-noiva\/wp-content\/uploads\/photo-gallery\/Luiza%20Barboza%20vestido%20de%20debutante%2015%20anos%20rosa%20atelier%20ivana%20beaumond%20rio%20de%20janeiro%20rj%20(5).jpg\" data-elementor-open-lightbox=\"no\">                <div class=\"bwg-item0 \">          <div class=\"bwg-item1 \">            <div class=\"bwg-item2\">              <img class=\"skip-lazy bwg_standart_thumb_img_0 \"                   data-id=\"2826\"                   data-width=\"\"                   data-height=\"\"                   data-src=\"https:\/\/www.ivanabeaumond.com.br\/vestidos-noiva\/wp-content\/uploads\/photo-gallery\/thumb\/Luiza%20Barboza%20vestido%20de%20debutante%2015%20anos%20rosa%20atelier%20ivana%20beaumond%20rio%20de%20janeiro%20rj%20(5).jpg\"                   src=\"https:\/\/www.ivanabeaumond.com.br\/vestidos-noiva\/wp-content\/uploads\/photo-gallery\/thumb\/Luiza%20Barboza%20vestido%20de%20debutante%2015%20anos%20rosa%20atelier%20ivana%20beaumond%20rio%20de%20janeiro%20rj%20(5).jpg\"                   alt=\"Luiza Barboza vestido de debutante 15 anos rosa atelier ivana beaumond rio de janeiro rj (5)\"                   title=\"Luiza Barboza vestido de debutante 15 anos rosa atelier ivana beaumond rio de janeiro rj (5)\" \/>            <\/div>            <div class=\"\">                                                      <\/div>          <\/div>        <\/div>                        <\/a>              <\/div>            <div class=\"bwg-item\">        <a class=\"bwg-a  bwg_lightbox\"  data-image-id=\"2824\" href=\"https:\/\/www.ivanabeaumond.com.br\/vestidos-noiva\/wp-content\/uploads\/photo-gallery\/Luiza%20Barboza%20vestido%20de%20debutante%2015%20anos%20rosa%20atelier%20ivana%20beaumond%20rio%20de%20janeiro%20rj%20(50).jpg\" data-elementor-open-lightbox=\"no\">                <div class=\"bwg-item0 \">          <div class=\"bwg-item1 \">            <div class=\"bwg-item2\">              <img class=\"skip-lazy bwg_standart_thumb_img_0 \"                   data-id=\"2824\"                   data-width=\"\"                   data-height=\"\"                   data-src=\"https:\/\/www.ivanabeaumond.com.br\/vestidos-noiva\/wp-content\/uploads\/photo-gallery\/thumb\/Luiza%20Barboza%20vestido%20de%20debutante%2015%20anos%20rosa%20atelier%20ivana%20beaumond%20rio%20de%20janeiro%20rj%20(50).jpg\"                   src=\"https:\/\/www.ivanabeaumond.com.br\/vestidos-noiva\/wp-content\/uploads\/photo-gallery\/thumb\/Luiza%20Barboza%20vestido%20de%20debutante%2015%20anos%20rosa%20atelier%20ivana%20beaumond%20rio%20de%20janeiro%20rj%20(50).jpg\"                   alt=\"Luiza Barboza vestido de debutante 15 anos rosa atelier ivana beaumond rio de janeiro rj (50)\"                   title=\"Luiza Barboza vestido de debutante 15 anos rosa atelier ivana beaumond rio de janeiro rj (50)\" \/>            <\/div>            <div class=\"\">                                                      <\/div>          <\/div>        <\/div>                        <\/a>              <\/div>            <div class=\"bwg-item\">        <a class=\"bwg-a  bwg_lightbox\"  data-image-id=\"2823\" href=\"https:\/\/www.ivanabeaumond.com.br\/vestidos-noiva\/wp-content\/uploads\/photo-gallery\/Luiza%20Barboza%20vestido%20de%20debutante%2015%20anos%20rosa%20atelier%20ivana%20beaumond%20rio%20de%20janeiro%20rj%20(49).jpg\" data-elementor-open-lightbox=\"no\">                <div class=\"bwg-item0 \">          <div class=\"bwg-item1 \">            <div class=\"bwg-item2\">              <img class=\"skip-lazy bwg_standart_thumb_img_0 \"                   data-id=\"2823\"                   data-width=\"\"                   data-height=\"\"                   data-src=\"https:\/\/www.ivanabeaumond.com.br\/vestidos-noiva\/wp-content\/uploads\/photo-gallery\/thumb\/Luiza%20Barboza%20vestido%20de%20debutante%2015%20anos%20rosa%20atelier%20ivana%20beaumond%20rio%20de%20janeiro%20rj%20(49).jpg\"                   src=\"https:\/\/www.ivanabeaumond.com.br\/vestidos-noiva\/wp-content\/uploads\/photo-gallery\/thumb\/Luiza%20Barboza%20vestido%20de%20debutante%2015%20anos%20rosa%20atelier%20ivana%20beaumond%20rio%20de%20janeiro%20rj%20(49).jpg\"                   alt=\"Luiza Barboza vestido de debutante 15 anos rosa atelier ivana beaumond rio de janeiro rj (49)\"                   title=\"Luiza Barboza vestido de debutante 15 anos rosa atelier ivana beaumond rio de janeiro rj (49)\" \/>            <\/div>            <div class=\"\">                                                      <\/div>          <\/div>        <\/div>                        <\/a>              <\/div>            <div class=\"bwg-item\">        <a class=\"bwg-a  bwg_lightbox\"  data-image-id=\"2822\" href=\"https:\/\/www.ivanabeaumond.com.br\/vestidos-noiva\/wp-content\/uploads\/photo-gallery\/Luiza%20Barboza%20vestido%20de%20debutante%2015%20anos%20rosa%20atelier%20ivana%20beaumond%20rio%20de%20janeiro%20rj%20(48).jpg\" data-elementor-open-lightbox=\"no\">                <div class=\"bwg-item0 \">          <div class=\"bwg-item1 \">            <div class=\"bwg-item2\">              <img class=\"skip-lazy bwg_standart_thumb_img_0 \"                   data-id=\"2822\"                   data-width=\"\"                   data-height=\"\"                   data-src=\"https:\/\/www.ivanabeaumond.com.br\/vestidos-noiva\/wp-content\/uploads\/photo-gallery\/thumb\/Luiza%20Barboza%20vestido%20de%20debutante%2015%20anos%20rosa%20atelier%20ivana%20beaumond%20rio%20de%20janeiro%20rj%20(48).jpg\"                   src=\"https:\/\/www.ivanabeaumond.com.br\/vestidos-noiva\/wp-content\/uploads\/photo-gallery\/thumb\/Luiza%20Barboza%20vestido%20de%20debutante%2015%20anos%20rosa%20atelier%20ivana%20beaumond%20rio%20de%20janeiro%20rj%20(48).jpg\"                   alt=\"Luiza Barboza vestido de debutante 15 anos rosa atelier ivana beaumond rio de janeiro rj (48)\"                   title=\"Luiza Barboza vestido de debutante 15 anos rosa atelier ivana beaumond rio de janeiro rj (48)\" \/>            <\/div>            <div class=\"\">                                                      <\/div>          <\/div>        <\/div>                        <\/a>              <\/div>            <div class=\"bwg-item\">        <a class=\"bwg-a  bwg_lightbox\"  data-image-id=\"2821\" href=\"https:\/\/www.ivanabeaumond.com.br\/vestidos-noiva\/wp-content\/uploads\/photo-gallery\/Luiza%20Barboza%20vestido%20de%20debutante%2015%20anos%20rosa%20atelier%20ivana%20beaumond%20rio%20de%20janeiro%20rj%20(47).jpg\" data-elementor-open-lightbox=\"no\">                <div class=\"bwg-item0 \">          <div class=\"bwg-item1 \">            <div class=\"bwg-item2\">              <img class=\"skip-lazy bwg_standart_thumb_img_0 \"                   data-id=\"2821\"                   data-width=\"\"                   data-height=\"\"                   data-src=\"https:\/\/www.ivanabeaumond.com.br\/vestidos-noiva\/wp-content\/uploads\/photo-gallery\/thumb\/Luiza%20Barboza%20vestido%20de%20debutante%2015%20anos%20rosa%20atelier%20ivana%20beaumond%20rio%20de%20janeiro%20rj%20(47).jpg\"                   src=\"https:\/\/www.ivanabeaumond.com.br\/vestidos-noiva\/wp-content\/uploads\/photo-gallery\/thumb\/Luiza%20Barboza%20vestido%20de%20debutante%2015%20anos%20rosa%20atelier%20ivana%20beaumond%20rio%20de%20janeiro%20rj%20(47).jpg\"                   alt=\"Luiza Barboza vestido de debutante 15 anos rosa atelier ivana beaumond rio de janeiro rj (47)\"                   title=\"Luiza Barboza vestido de debutante 15 anos rosa atelier ivana beaumond rio de janeiro rj (47)\" \/>            <\/div>            <div class=\"\">                                                      <\/div>          <\/div>        <\/div>                        <\/a>              <\/div>            <div class=\"bwg-item\">        <a class=\"bwg-a  bwg_lightbox\"  data-image-id=\"2820\" href=\"https:\/\/www.ivanabeaumond.com.br\/vestidos-noiva\/wp-content\/uploads\/photo-gallery\/Luiza%20Barboza%20vestido%20de%20debutante%2015%20anos%20rosa%20atelier%20ivana%20beaumond%20rio%20de%20janeiro%20rj%20(46).jpg\" data-elementor-open-lightbox=\"no\">                <div class=\"bwg-item0 \">          <div class=\"bwg-item1 \">            <div class=\"bwg-item2\">              <img class=\"skip-lazy bwg_standart_thumb_img_0 \"                   data-id=\"2820\"                   data-width=\"\"                   data-height=\"\"                   data-src=\"https:\/\/www.ivanabeaumond.com.br\/vestidos-noiva\/wp-content\/uploads\/photo-gallery\/thumb\/Luiza%20Barboza%20vestido%20de%20debutante%2015%20anos%20rosa%20atelier%20ivana%20beaumond%20rio%20de%20janeiro%20rj%20(46).jpg\"                   src=\"https:\/\/www.ivanabeaumond.com.br\/vestidos-noiva\/wp-content\/uploads\/photo-gallery\/thumb\/Luiza%20Barboza%20vestido%20de%20debutante%2015%20anos%20rosa%20atelier%20ivana%20beaumond%20rio%20de%20janeiro%20rj%20(46).jpg\"                   alt=\"Luiza Barboza vestido de debutante 15 anos rosa atelier ivana beaumond rio de janeiro rj (46)\"                   title=\"Luiza Barboza vestido de debutante 15 anos rosa atelier ivana beaumond rio de janeiro rj (46)\" \/>            <\/div>            <div class=\"\">                                                      <\/div>          <\/div>        <\/div>                        <\/a>              <\/div>            <div class=\"bwg-item\">        <a class=\"bwg-a  bwg_lightbox\"  data-image-id=\"2819\" href=\"https:\/\/www.ivanabeaumond.com.br\/vestidos-noiva\/wp-content\/uploads\/photo-gallery\/Luiza%20Barboza%20vestido%20de%20debutante%2015%20anos%20rosa%20atelier%20ivana%20beaumond%20rio%20de%20janeiro%20rj%20(45).jpg\" data-elementor-open-lightbox=\"no\">                <div class=\"bwg-item0 \">          <div class=\"bwg-item1 \">            <div class=\"bwg-item2\">              <img class=\"skip-lazy bwg_standart_thumb_img_0 \"                   data-id=\"2819\"                   data-width=\"\"                   data-height=\"\"                   data-src=\"https:\/\/www.ivanabeaumond.com.br\/vestidos-noiva\/wp-content\/uploads\/photo-gallery\/thumb\/Luiza%20Barboza%20vestido%20de%20debutante%2015%20anos%20rosa%20atelier%20ivana%20beaumond%20rio%20de%20janeiro%20rj%20(45).jpg\"                   src=\"https:\/\/www.ivanabeaumond.com.br\/vestidos-noiva\/wp-content\/uploads\/photo-gallery\/thumb\/Luiza%20Barboza%20vestido%20de%20debutante%2015%20anos%20rosa%20atelier%20ivana%20beaumond%20rio%20de%20janeiro%20rj%20(45).jpg\"                   alt=\"Luiza Barboza vestido de debutante 15 anos rosa atelier ivana beaumond rio de janeiro rj (45)\"                   title=\"Luiza Barboza vestido de debutante 15 anos rosa atelier ivana beaumond rio de janeiro rj (45)\" \/>            <\/div>            <div class=\"\">                                                      <\/div>          <\/div>        <\/div>                        <\/a>              <\/div>            <div class=\"bwg-item\">        <a class=\"bwg-a  bwg_lightbox\"  data-image-id=\"2818\" href=\"https:\/\/www.ivanabeaumond.com.br\/vestidos-noiva\/wp-content\/uploads\/photo-gallery\/Luiza%20Barboza%20vestido%20de%20debutante%2015%20anos%20rosa%20atelier%20ivana%20beaumond%20rio%20de%20janeiro%20rj%20(44).jpg\" data-elementor-open-lightbox=\"no\">                <div class=\"bwg-item0 \">          <div class=\"bwg-item1 \">            <div class=\"bwg-item2\">              <img class=\"skip-lazy bwg_standart_thumb_img_0 \"                   data-id=\"2818\"                   data-width=\"\"                   data-height=\"\"                   data-src=\"https:\/\/www.ivanabeaumond.com.br\/vestidos-noiva\/wp-content\/uploads\/photo-gallery\/thumb\/Luiza%20Barboza%20vestido%20de%20debutante%2015%20anos%20rosa%20atelier%20ivana%20beaumond%20rio%20de%20janeiro%20rj%20(44).jpg\"                   src=\"https:\/\/www.ivanabeaumond.com.br\/vestidos-noiva\/wp-content\/uploads\/photo-gallery\/thumb\/Luiza%20Barboza%20vestido%20de%20debutante%2015%20anos%20rosa%20atelier%20ivana%20beaumond%20rio%20de%20janeiro%20rj%20(44).jpg\"                   alt=\"Luiza Barboza vestido de debutante 15 anos rosa atelier ivana beaumond rio de janeiro rj (44)\"                   title=\"Luiza Barboza vestido de debutante 15 anos rosa atelier ivana beaumond rio de janeiro rj (44)\" \/>            <\/div>            <div class=\"\">                                                      <\/div>          <\/div>        <\/div>                        <\/a>              <\/div>            <div class=\"bwg-item\">        <a class=\"bwg-a  bwg_lightbox\"  data-image-id=\"2816\" href=\"https:\/\/www.ivanabeaumond.com.br\/vestidos-noiva\/wp-content\/uploads\/photo-gallery\/Luiza%20Barboza%20vestido%20de%20debutante%2015%20anos%20rosa%20atelier%20ivana%20beaumond%20rio%20de%20janeiro%20rj%20(42).jpg\" data-elementor-open-lightbox=\"no\">                <div class=\"bwg-item0 \">          <div class=\"bwg-item1 \">            <div class=\"bwg-item2\">              <img class=\"skip-lazy bwg_standart_thumb_img_0 \"                   data-id=\"2816\"                   data-width=\"\"                   data-height=\"\"                   data-src=\"https:\/\/www.ivanabeaumond.com.br\/vestidos-noiva\/wp-content\/uploads\/photo-gallery\/thumb\/Luiza%20Barboza%20vestido%20de%20debutante%2015%20anos%20rosa%20atelier%20ivana%20beaumond%20rio%20de%20janeiro%20rj%20(42).jpg\"                   src=\"https:\/\/www.ivanabeaumond.com.br\/vestidos-noiva\/wp-content\/uploads\/photo-gallery\/thumb\/Luiza%20Barboza%20vestido%20de%20debutante%2015%20anos%20rosa%20atelier%20ivana%20beaumond%20rio%20de%20janeiro%20rj%20(42).jpg\"                   alt=\"Luiza Barboza vestido de debutante 15 anos rosa atelier ivana beaumond rio de janeiro rj (42)\"                   title=\"Luiza Barboza vestido de debutante 15 anos rosa atelier ivana beaumond rio de janeiro rj (42)\" \/>            <\/div>            <div class=\"\">                                                      <\/div>          <\/div>        <\/div>                        <\/a>              <\/div>            <div class=\"bwg-item\">        <a class=\"bwg-a  bwg_lightbox\"  data-image-id=\"2802\" href=\"https:\/\/www.ivanabeaumond.com.br\/vestidos-noiva\/wp-content\/uploads\/photo-gallery\/Luiza%20Barboza%20vestido%20de%20debutante%2015%20anos%20rosa%20atelier%20ivana%20beaumond%20rio%20de%20janeiro%20rj%20(26).jpg\" data-elementor-open-lightbox=\"no\">                <div class=\"bwg-item0 \">          <div class=\"bwg-item1 \">            <div class=\"bwg-item2\">              <img class=\"skip-lazy bwg_standart_thumb_img_0 \"                   data-id=\"2802\"                   data-width=\"\"                   data-height=\"\"                   data-src=\"https:\/\/www.ivanabeaumond.com.br\/vestidos-noiva\/wp-content\/uploads\/photo-gallery\/thumb\/Luiza%20Barboza%20vestido%20de%20debutante%2015%20anos%20rosa%20atelier%20ivana%20beaumond%20rio%20de%20janeiro%20rj%20(26).jpg\"                   src=\"https:\/\/www.ivanabeaumond.com.br\/vestidos-noiva\/wp-content\/uploads\/photo-gallery\/thumb\/Luiza%20Barboza%20vestido%20de%20debutante%2015%20anos%20rosa%20atelier%20ivana%20beaumond%20rio%20de%20janeiro%20rj%20(26).jpg\"                   alt=\"Luiza Barboza vestido de debutante 15 anos rosa atelier ivana beaumond rio de janeiro rj (26)\"                   title=\"Luiza Barboza vestido de debutante 15 anos rosa atelier ivana beaumond rio de janeiro rj (26)\" \/>            <\/div>            <div class=\"\">                                                      <\/div>          <\/div>        <\/div>                        <\/a>              <\/div>            <div class=\"bwg-item\">        <a class=\"bwg-a  bwg_lightbox\"  data-image-id=\"2801\" href=\"https:\/\/www.ivanabeaumond.com.br\/vestidos-noiva\/wp-content\/uploads\/photo-gallery\/Luiza%20Barboza%20vestido%20de%20debutante%2015%20anos%20rosa%20atelier%20ivana%20beaumond%20rio%20de%20janeiro%20rj%20(25).jpg\" data-elementor-open-lightbox=\"no\">                <div class=\"bwg-item0 \">          <div class=\"bwg-item1 \">            <div class=\"bwg-item2\">              <img class=\"skip-lazy bwg_standart_thumb_img_0 \"                   data-id=\"2801\"                   data-width=\"\"                   data-height=\"\"                   data-src=\"https:\/\/www.ivanabeaumond.com.br\/vestidos-noiva\/wp-content\/uploads\/photo-gallery\/thumb\/Luiza%20Barboza%20vestido%20de%20debutante%2015%20anos%20rosa%20atelier%20ivana%20beaumond%20rio%20de%20janeiro%20rj%20(25).jpg\"                   src=\"https:\/\/www.ivanabeaumond.com.br\/vestidos-noiva\/wp-content\/uploads\/photo-gallery\/thumb\/Luiza%20Barboza%20vestido%20de%20debutante%2015%20anos%20rosa%20atelier%20ivana%20beaumond%20rio%20de%20janeiro%20rj%20(25).jpg\"                   alt=\"Luiza Barboza vestido de debutante 15 anos rosa atelier ivana beaumond rio de janeiro rj (25)\"                   title=\"Luiza Barboza vestido de debutante 15 anos rosa atelier ivana beaumond rio de janeiro rj (25)\" \/>            <\/div>            <div class=\"\">                                                      <\/div>          <\/div>        <\/div>                        <\/a>              <\/div>          <\/div>    <style>      \/*pagination styles*\/      #bwg_container1_0 #bwg_container2_0 .tablenav-pages_0 {\t\t\t\ttext-align: center;\t\t\t\tfont-size: 12px;\t\t\t\tfont-family: segoe ui;\t\t\t\tfont-weight: bold;\t\t\t\tcolor: #666666;\t\t\t\tmargin: 6px 0 4px;\t\t\t\tdisplay: block;      }      @media only screen and (max-width : 320px) {      #bwg_container1_0 #bwg_container2_0 .displaying-num_0 {     \t display: none;      }      }      #bwg_container1_0 #bwg_container2_0 .displaying-num_0 {\t\t\t\tfont-size: 12px;\t\t\t\tfont-family: segoe ui;\t\t\t\tfont-weight: bold;\t\t\t\tcolor: #666666;\t\t\t\tmargin-right: 10px;\t\t\t\tvertical-align: middle;      }      #bwg_container1_0 #bwg_container2_0 .paging-input_0 {\t\t\t\tfont-size: 12px;\t\t\t\tfont-family: segoe ui;\t\t\t\tfont-weight: bold;\t\t\t\tcolor: #666666;\t\t\t\tvertical-align: middle;      }      #bwg_container1_0 #bwg_container2_0 .tablenav-pages_0 a.disabled,      #bwg_container1_0 #bwg_container2_0 .tablenav-pages_0 a.disabled:hover,      #bwg_container1_0 #bwg_container2_0 .tablenav-pages_0 a.disabled:focus,\t\t\t#bwg_container1_0 #bwg_container2_0 .tablenav-pages_0 input.bwg_current_page {\t\t\t\tcursor: default;\t\t\t\tcolor: rgba(102, 102, 102, 0.5);      }      #bwg_container1_0 #bwg_container2_0 .tablenav-pages_0 a,      #bwg_container1_0 #bwg_container2_0 .tablenav-pages_0 input.bwg_current_page {\t\t\t\tcursor: pointer;\t\t\t\ttext-align: center;\t\t\t\tfont-size: 12px;\t\t\t\tfont-family: segoe ui;\t\t\t\tfont-weight: bold;\t\t\t\tcolor: #666666;\t\t\t\ttext-decoration: none;\t\t\t\tpadding: 3px 6px;\t\t\t\tmargin: 0;\t\t\t\tborder-radius: 0;\t\t\t\tborder-style: solid;\t\t\t\tborder-width: 1px;\t\t\t\tborder-color: #E3E3E3;\t\t\t\t\t\t\t\tbackground-color: rgba(255, 255, 255, 1.00);\t\t\t\tbox-shadow: 0;\t\t\t\ttransition: all 0.3s ease 0s;-webkit-transition: all 0.3s ease 0s;      }      <\/style>      <span class=\"bwg_nav_cont_0\">              <div class=\"tablenav-pages_0\">                  <\/div>                <input type=\"hidden\" id=\"page_number_0\" name=\"page_number_0\" value=\"1\" \/>      <script type=\"text\/javascript\">        if( jQuery('.bwg_nav_cont_0').length > 1 ) {          jQuery('.bwg_nav_cont_0').first().remove()        }        function spider_page_0(cur, x, y, load_more) {          if (typeof load_more == \"undefined\") {            var load_more = false;          }          if (jQuery(cur).hasClass('disabled')) {            return false;          }          var items_county_0 = 1;          switch (y) {            case 1:              if (x >= items_county_0) {                document.getElementById('page_number_0').value = items_county_0;              }              else {                document.getElementById('page_number_0').value = x + 1;              }              break;            case 2:              document.getElementById('page_number_0').value = items_county_0;              break;            case -1:              if (x == 1) {                document.getElementById('page_number_0').value = 1;              }              else {                document.getElementById('page_number_0').value = x - 1;              }              break;            case -2:              document.getElementById('page_number_0').value = 1;              break;\t\t\t\t\t\tcase 0:              document.getElementById('page_number_0').value = x;              break;            default:              document.getElementById('page_number_0').value = 1;          }          bwg_ajax('gal_front_form_0', '0', 'bwg_thumbnails_0', '0', '', 'gallery', 0, '', '', load_more, '', 1);        }                    jQuery('.first-page-0').on('click', function () {              spider_page_0(this, 1, -2, 'numeric');              return false;            });            jQuery('.prev-page-0').on('click', function () {              spider_page_0(this, 1, -1, 'numeric');              return false;            });            jQuery('.next-page-0').on('click', function () {              spider_page_0(this, 1, 1, 'numeric');              return false;            });            jQuery('.last-page-0').on('click', function () {              spider_page_0(this, 1, 2, 'numeric');              return false;            });        \t\t\t\t\/* Change page on input enter. *\/        function bwg_change_page_0( e, that ) {          if (  e.key == 'Enter' ) {            var to_page = parseInt(jQuery(that).val());            var pages_count = jQuery(that).parents(\".pagination-links\").data(\"pages-count\");            var current_url_param = jQuery(that).attr('data-url-info');            if (to_page > pages_count) {              to_page = 1;            }\t \t\t\t\t\t\t\t\t\t\t\t\tspider_page_0(this, to_page, 0, 'numeric');\t\t\t\t\t\t\treturn false;\t\t\t\t\t\t          }          return true;        }        jQuery('.bwg_load_btn_0').on('click', function () {            spider_page_0(this, 1, 1, true);            return false;        });      <\/script>      <\/span>                <\/div>        <\/form>        <style>          #bwg_container1_0 #bwg_container2_0 #spider_popup_overlay_0 {          background-color: #000000;          opacity: 0.70;          }          <\/style>        <div id=\"bwg_spider_popup_loading_0\" class=\"bwg_spider_popup_loading\"><\/div>        <div id=\"spider_popup_overlay_0\" class=\"spider_popup_overlay\" onclick=\"spider_destroypopup(1000)\"><\/div>        <input type=\"hidden\" id=\"bwg_random_seed_0\" value=\"1631018048\">                <\/div>    <\/div>    <script>      if (document.readyState === 'complete') {        if( typeof bwg_main_ready == 'function' ) {          if ( jQuery(\"#bwg_container1_0\").height() ) {            bwg_main_ready(jQuery(\"#bwg_container1_0\"));          }        }      } else {        document.addEventListener('DOMContentLoaded', function() {          if( typeof bwg_main_ready == 'function' ) {            if ( jQuery(\"#bwg_container1_0\").height() ) {             bwg_main_ready(jQuery(\"#bwg_container1_0\"));            }          }        });      }    <\/script>    \n<h4><span style=\"color: #000000;\">Ficha T\u00e9cnica:<\/span><\/h4>\n<h4><span style=\"color: #000000;\">Vestidos da debutante: Atelier Ivana Beaumond Paris. Cabelo e Maquiagem: Leticia Rezende. Cerimonial: Adreia Cristina. Local da Festa: Mans\u00e3o do Valqueire. Fotografia: Thays Araujo.<\/span><\/h4>\n<h4><\/h4>\n<h4><span style=\"color: #999999;\">Gostou? Siga nosso instagram<\/span>\u00a0<a href=\"https:\/\/www.instagram.com\/ivanaparisdebutantes\" target=\"_blank\" rel=\"noopener noreferrer\">@ivanaparisdebutantes\u00a0<\/a><span style=\"color: #999999;\">e curta nossa fanpage<\/span>\u00a0<a href=\"https:\/\/www.facebook.com\/IvanaBeaumondDebutantes\/\" target=\"_blank\" rel=\"noopener noreferrer\">Ivana Beaumond<\/a>\u00a0<span style=\"color: #999999;\">para ficar por dentro de tudo o que rola no mundo das\u00a0debutantes. N\u00e3o deixe de conferir tamb\u00e9m as nossas cole\u00e7\u00f5es de\u00a0<\/span><a href=\"http:\/\/www.ivanabeaumond.com.br\/vestidos-noiva\/vestidos-debutantes\/\" target=\"_blank\" rel=\"noopener noreferrer\">Vestidos de Debutante<\/a>\u00a0<span style=\"color: #999999;\">e<\/span>\u00a0<a href=\"http:\/\/www.ivanabeaumond.com.br\/vestidos-noiva\/vestidos-casamento-madrinha-festa-formatura\/\" target=\"_blank\" rel=\"noopener noreferrer\">Moda Festa<\/a>,<span style=\"color: #999999;\">\u00a0trazendo as maiores novidades da alta costura com os mais belos modelos!<\/span><\/h4>\n","protected":false},"excerpt":{"rendered":"<p>\u00a0Nossa debutante Luiza comemorou os seus t\u00e3o sonhados 15 anos&#8230;<\/p>\n","protected":false},"author":4,"featured_media":22660,"comment_status":"closed","ping_status":"closed","sticky":false,"template":"","format":"standard","meta":[],"categories":[60,129],"tags":[172,883,1049,203,204,215,133,964,173,197,209,293,1054,407,162,278,1052,1053,149,1051,143,919,1050,322],"yoast_head":"<!-- This site is optimized with the Yoast SEO plugin v20.3 - https:\/\/yoast.com\/wordpress\/plugins\/seo\/ -->\n<title>Festa cor-de-rosa, com Luiza Barboza - Vestido de Noiva RJ<\/title>\n<meta name=\"robots\" content=\"index, follow, max-snippet:-1, max-image-preview:large, max-video-preview:-1\" \/>\n<link rel=\"canonical\" href=\"https:\/\/www.ivanabeaumond.com.br\/vestidos-noiva\/festa-cor-de-rosa-com-luiza-barbosa\/\" \/>\n<meta property=\"og:locale\" content=\"pt_BR\" \/>\n<meta property=\"og:type\" content=\"article\" \/>\n<meta property=\"og:title\" content=\"Festa cor-de-rosa, com Luiza Barboza - Vestido de Noiva RJ\" \/>\n<meta property=\"og:description\" content=\"\u00a0Nossa debutante Luiza comemorou os seus t\u00e3o sonhados 15 anos...\" \/>\n<meta property=\"og:url\" content=\"https:\/\/www.ivanabeaumond.com.br\/vestidos-noiva\/festa-cor-de-rosa-com-luiza-barbosa\/\" \/>\n<meta property=\"og:site_name\" content=\"Vestido de Noiva RJ\" \/>\n<meta property=\"article:publisher\" content=\"https:\/\/www.facebook.com\/ivana.beaumondnoivas\" \/>\n<meta property=\"article:published_time\" content=\"2019-11-01T19:12:04+00:00\" \/>\n<meta property=\"article:modified_time\" content=\"2020-08-19T19:36:10+00:00\" \/>\n<meta property=\"og:image\" content=\"https:\/\/www.ivanabeaumond.com.br\/vestidos-noiva\/wp-content\/uploads\/2019\/11\/Luiza-Barboza-vestido-de-debutante-15-anos-rosa-atelier-ivana-beaumond-rio-de-janeiro-rj-10-e1572635309122.jpg\" \/>\n\t<meta property=\"og:image:width\" content=\"600\" \/>\n\t<meta property=\"og:image:height\" content=\"401\" \/>\n\t<meta property=\"og:image:type\" content=\"image\/jpeg\" \/>\n<meta name=\"author\" content=\"Ivana Beaumond Paris\" \/>\n<meta name=\"twitter:card\" content=\"summary_large_image\" \/>\n<meta name=\"twitter:label1\" content=\"Escrito por\" \/>\n\t<meta name=\"twitter:data1\" content=\"Ivana Beaumond Paris\" \/>\n\t<meta name=\"twitter:label2\" content=\"Est. tempo de leitura\" \/>\n\t<meta name=\"twitter:data2\" content=\"2 minutos\" \/>\n<script type=\"application\/ld+json\" class=\"yoast-schema-graph\">{\"@context\":\"https:\/\/schema.org\",\"@graph\":[{\"@type\":\"Article\",\"@id\":\"https:\/\/www.ivanabeaumond.com.br\/vestidos-noiva\/festa-cor-de-rosa-com-luiza-barbosa\/#article\",\"isPartOf\":{\"@id\":\"https:\/\/www.ivanabeaumond.com.br\/vestidos-noiva\/festa-cor-de-rosa-com-luiza-barbosa\/\"},\"author\":{\"name\":\"Ivana Beaumond Paris\",\"@id\":\"https:\/\/www.ivanabeaumond.com.br\/vestidos-noiva\/#\/schema\/person\/1a360c4cffa3b806d29a456389dcff26\"},\"headline\":\"Festa cor-de-rosa, com Luiza Barboza\",\"datePublished\":\"2019-11-01T19:12:04+00:00\",\"dateModified\":\"2020-08-19T19:36:10+00:00\",\"mainEntityOfPage\":{\"@id\":\"https:\/\/www.ivanabeaumond.com.br\/vestidos-noiva\/festa-cor-de-rosa-com-luiza-barbosa\/\"},\"wordCount\":348,\"publisher\":{\"@id\":\"https:\/\/www.ivanabeaumond.com.br\/vestidos-noiva\/#organization\"},\"keywords\":[\"15 anos\",\"15 anos linda\",\"15 anos princesa\",\"atelier\",\"atelieraltacostura\",\"Atelierdenoiva\",\"atelierivanabeaumond\",\"debutante rio de janeiro\",\"debutantes\",\"diainesquecivel\",\"dress\",\"errejota\",\"festa de 15 anos tem\u00e1tica\",\"festa tem\u00e1tica\",\"festas\",\"ivana beaumond paris\",\"sonho\",\"sonho de debutante\",\"vestido de 15 anos\",\"vestido de deburante rosa beb\u00ea\",\"vestido de debutante\",\"vestido de debutante rosa\",\"vestido de debutante rosa claro\",\"vestido princesa\"],\"articleSection\":[\"Blog\",\"Espa\u00e7o Debutantes\"],\"inLanguage\":\"pt-BR\"},{\"@type\":\"WebPage\",\"@id\":\"https:\/\/www.ivanabeaumond.com.br\/vestidos-noiva\/festa-cor-de-rosa-com-luiza-barbosa\/\",\"url\":\"https:\/\/www.ivanabeaumond.com.br\/vestidos-noiva\/festa-cor-de-rosa-com-luiza-barbosa\/\",\"name\":\"Festa cor-de-rosa, com Luiza Barboza - Vestido de Noiva RJ\",\"isPartOf\":{\"@id\":\"https:\/\/www.ivanabeaumond.com.br\/vestidos-noiva\/#website\"},\"datePublished\":\"2019-11-01T19:12:04+00:00\",\"dateModified\":\"2020-08-19T19:36:10+00:00\",\"breadcrumb\":{\"@id\":\"https:\/\/www.ivanabeaumond.com.br\/vestidos-noiva\/festa-cor-de-rosa-com-luiza-barbosa\/#breadcrumb\"},\"inLanguage\":\"pt-BR\",\"potentialAction\":[{\"@type\":\"ReadAction\",\"target\":[\"https:\/\/www.ivanabeaumond.com.br\/vestidos-noiva\/festa-cor-de-rosa-com-luiza-barbosa\/\"]}]},{\"@type\":\"BreadcrumbList\",\"@id\":\"https:\/\/www.ivanabeaumond.com.br\/vestidos-noiva\/festa-cor-de-rosa-com-luiza-barbosa\/#breadcrumb\",\"itemListElement\":[{\"@type\":\"ListItem\",\"position\":1,\"name\":\"In\u00edcio\",\"item\":\"https:\/\/www.ivanabeaumond.com.br\/vestidos-noiva\/\"},{\"@type\":\"ListItem\",\"position\":2,\"name\":\"Festa cor-de-rosa, com Luiza Barboza\"}]},{\"@type\":\"WebSite\",\"@id\":\"https:\/\/www.ivanabeaumond.com.br\/vestidos-noiva\/#website\",\"url\":\"https:\/\/www.ivanabeaumond.com.br\/vestidos-noiva\/\",\"name\":\"Vestido de Noiva RJ\",\"description\":\"Moda Noiva\",\"publisher\":{\"@id\":\"https:\/\/www.ivanabeaumond.com.br\/vestidos-noiva\/#organization\"},\"potentialAction\":[{\"@type\":\"SearchAction\",\"target\":{\"@type\":\"EntryPoint\",\"urlTemplate\":\"https:\/\/www.ivanabeaumond.com.br\/vestidos-noiva\/?s={search_term_string}\"},\"query-input\":\"required name=search_term_string\"}],\"inLanguage\":\"pt-BR\"},{\"@type\":\"Organization\",\"@id\":\"https:\/\/www.ivanabeaumond.com.br\/vestidos-noiva\/#organization\",\"name\":\"Vestido de Noiva RJ\",\"url\":\"https:\/\/www.ivanabeaumond.com.br\/vestidos-noiva\/\",\"logo\":{\"@type\":\"ImageObject\",\"inLanguage\":\"pt-BR\",\"@id\":\"https:\/\/www.ivanabeaumond.com.br\/vestidos-noiva\/#\/schema\/logo\/image\/\",\"url\":\"https:\/\/www.ivanabeaumond.com.br\/vestidos-noiva\/wp-content\/uploads\/2018\/02\/logo_ivana_beaumond-2.png\",\"contentUrl\":\"https:\/\/www.ivanabeaumond.com.br\/vestidos-noiva\/wp-content\/uploads\/2018\/02\/logo_ivana_beaumond-2.png\",\"width\":230,\"height\":112,\"caption\":\"Vestido de Noiva RJ\"},\"image\":{\"@id\":\"https:\/\/www.ivanabeaumond.com.br\/vestidos-noiva\/#\/schema\/logo\/image\/\"},\"sameAs\":[\"https:\/\/www.facebook.com\/ivana.beaumondnoivas\",\"https:\/\/www.instagram.com\/ivanabeaumond\/\",\"https:\/\/www.tiktok.com\/@ivanabeaumond\"]},{\"@type\":\"Person\",\"@id\":\"https:\/\/www.ivanabeaumond.com.br\/vestidos-noiva\/#\/schema\/person\/1a360c4cffa3b806d29a456389dcff26\",\"name\":\"Ivana Beaumond Paris\",\"image\":{\"@type\":\"ImageObject\",\"inLanguage\":\"pt-BR\",\"@id\":\"https:\/\/www.ivanabeaumond.com.br\/vestidos-noiva\/#\/schema\/person\/image\/\",\"url\":\"https:\/\/secure.gravatar.com\/avatar\/641f98db20b53ec937ceb641db4270b9?s=96&d=mm&r=g\",\"contentUrl\":\"https:\/\/secure.gravatar.com\/avatar\/641f98db20b53ec937ceb641db4270b9?s=96&d=mm&r=g\",\"caption\":\"Ivana Beaumond Paris\"},\"url\":\"https:\/\/www.ivanabeaumond.com.br\/vestidos-noiva\/author\/ivana\/\"}]}<\/script>\n<!-- \/ Yoast SEO plugin. -->","yoast_head_json":{"title":"Festa cor-de-rosa, com Luiza Barboza - Vestido de Noiva RJ","robots":{"index":"index","follow":"follow","max-snippet":"max-snippet:-1","max-image-preview":"max-image-preview:large","max-video-preview":"max-video-preview:-1"},"canonical":"https:\/\/www.ivanabeaumond.com.br\/vestidos-noiva\/festa-cor-de-rosa-com-luiza-barbosa\/","og_locale":"pt_BR","og_type":"article","og_title":"Festa cor-de-rosa, com Luiza Barboza - Vestido de Noiva RJ","og_description":"\u00a0Nossa debutante Luiza comemorou os seus t\u00e3o sonhados 15 anos...","og_url":"https:\/\/www.ivanabeaumond.com.br\/vestidos-noiva\/festa-cor-de-rosa-com-luiza-barbosa\/","og_site_name":"Vestido de Noiva RJ","article_publisher":"https:\/\/www.facebook.com\/ivana.beaumondnoivas","article_published_time":"2019-11-01T19:12:04+00:00","article_modified_time":"2020-08-19T19:36:10+00:00","og_image":[{"width":600,"height":401,"url":"https:\/\/www.ivanabeaumond.com.br\/vestidos-noiva\/wp-content\/uploads\/2019\/11\/Luiza-Barboza-vestido-de-debutante-15-anos-rosa-atelier-ivana-beaumond-rio-de-janeiro-rj-10-e1572635309122.jpg","type":"image\/jpeg"}],"author":"Ivana Beaumond Paris","twitter_card":"summary_large_image","twitter_misc":{"Escrito por":"Ivana Beaumond Paris","Est. tempo de leitura":"2 minutos"},"schema":{"@context":"https:\/\/schema.org","@graph":[{"@type":"Article","@id":"https:\/\/www.ivanabeaumond.com.br\/vestidos-noiva\/festa-cor-de-rosa-com-luiza-barbosa\/#article","isPartOf":{"@id":"https:\/\/www.ivanabeaumond.com.br\/vestidos-noiva\/festa-cor-de-rosa-com-luiza-barbosa\/"},"author":{"name":"Ivana Beaumond Paris","@id":"https:\/\/www.ivanabeaumond.com.br\/vestidos-noiva\/#\/schema\/person\/1a360c4cffa3b806d29a456389dcff26"},"headline":"Festa cor-de-rosa, com Luiza Barboza","datePublished":"2019-11-01T19:12:04+00:00","dateModified":"2020-08-19T19:36:10+00:00","mainEntityOfPage":{"@id":"https:\/\/www.ivanabeaumond.com.br\/vestidos-noiva\/festa-cor-de-rosa-com-luiza-barbosa\/"},"wordCount":348,"publisher":{"@id":"https:\/\/www.ivanabeaumond.com.br\/vestidos-noiva\/#organization"},"keywords":["15 anos","15 anos linda","15 anos princesa","atelier","atelieraltacostura","Atelierdenoiva","atelierivanabeaumond","debutante rio de janeiro","debutantes","diainesquecivel","dress","errejota","festa de 15 anos tem\u00e1tica","festa tem\u00e1tica","festas","ivana beaumond paris","sonho","sonho de debutante","vestido de 15 anos","vestido de deburante rosa beb\u00ea","vestido de debutante","vestido de debutante rosa","vestido de debutante rosa claro","vestido princesa"],"articleSection":["Blog","Espa\u00e7o Debutantes"],"inLanguage":"pt-BR"},{"@type":"WebPage","@id":"https:\/\/www.ivanabeaumond.com.br\/vestidos-noiva\/festa-cor-de-rosa-com-luiza-barbosa\/","url":"https:\/\/www.ivanabeaumond.com.br\/vestidos-noiva\/festa-cor-de-rosa-com-luiza-barbosa\/","name":"Festa cor-de-rosa, com Luiza Barboza - Vestido de Noiva RJ","isPartOf":{"@id":"https:\/\/www.ivanabeaumond.com.br\/vestidos-noiva\/#website"},"datePublished":"2019-11-01T19:12:04+00:00","dateModified":"2020-08-19T19:36:10+00:00","breadcrumb":{"@id":"https:\/\/www.ivanabeaumond.com.br\/vestidos-noiva\/festa-cor-de-rosa-com-luiza-barbosa\/#breadcrumb"},"inLanguage":"pt-BR","potentialAction":[{"@type":"ReadAction","target":["https:\/\/www.ivanabeaumond.com.br\/vestidos-noiva\/festa-cor-de-rosa-com-luiza-barbosa\/"]}]},{"@type":"BreadcrumbList","@id":"https:\/\/www.ivanabeaumond.com.br\/vestidos-noiva\/festa-cor-de-rosa-com-luiza-barbosa\/#breadcrumb","itemListElement":[{"@type":"ListItem","position":1,"name":"In\u00edcio","item":"https:\/\/www.ivanabeaumond.com.br\/vestidos-noiva\/"},{"@type":"ListItem","position":2,"name":"Festa cor-de-rosa, com Luiza Barboza"}]},{"@type":"WebSite","@id":"https:\/\/www.ivanabeaumond.com.br\/vestidos-noiva\/#website","url":"https:\/\/www.ivanabeaumond.com.br\/vestidos-noiva\/","name":"Vestido de Noiva RJ","description":"Moda Noiva","publisher":{"@id":"https:\/\/www.ivanabeaumond.com.br\/vestidos-noiva\/#organization"},"potentialAction":[{"@type":"SearchAction","target":{"@type":"EntryPoint","urlTemplate":"https:\/\/www.ivanabeaumond.com.br\/vestidos-noiva\/?s={search_term_string}"},"query-input":"required name=search_term_string"}],"inLanguage":"pt-BR"},{"@type":"Organization","@id":"https:\/\/www.ivanabeaumond.com.br\/vestidos-noiva\/#organization","name":"Vestido de Noiva RJ","url":"https:\/\/www.ivanabeaumond.com.br\/vestidos-noiva\/","logo":{"@type":"ImageObject","inLanguage":"pt-BR","@id":"https:\/\/www.ivanabeaumond.com.br\/vestidos-noiva\/#\/schema\/logo\/image\/","url":"https:\/\/www.ivanabeaumond.com.br\/vestidos-noiva\/wp-content\/uploads\/2018\/02\/logo_ivana_beaumond-2.png","contentUrl":"https:\/\/www.ivanabeaumond.com.br\/vestidos-noiva\/wp-content\/uploads\/2018\/02\/logo_ivana_beaumond-2.png","width":230,"height":112,"caption":"Vestido de Noiva RJ"},"image":{"@id":"https:\/\/www.ivanabeaumond.com.br\/vestidos-noiva\/#\/schema\/logo\/image\/"},"sameAs":["https:\/\/www.facebook.com\/ivana.beaumondnoivas","https:\/\/www.instagram.com\/ivanabeaumond\/","https:\/\/www.tiktok.com\/@ivanabeaumond"]},{"@type":"Person","@id":"https:\/\/www.ivanabeaumond.com.br\/vestidos-noiva\/#\/schema\/person\/1a360c4cffa3b806d29a456389dcff26","name":"Ivana Beaumond Paris","image":{"@type":"ImageObject","inLanguage":"pt-BR","@id":"https:\/\/www.ivanabeaumond.com.br\/vestidos-noiva\/#\/schema\/person\/image\/","url":"https:\/\/secure.gravatar.com\/avatar\/641f98db20b53ec937ceb641db4270b9?s=96&d=mm&r=g","contentUrl":"https:\/\/secure.gravatar.com\/avatar\/641f98db20b53ec937ceb641db4270b9?s=96&d=mm&r=g","caption":"Ivana Beaumond Paris"},"url":"https:\/\/www.ivanabeaumond.com.br\/vestidos-noiva\/author\/ivana\/"}]}},"_links":{"self":[{"href":"https:\/\/www.ivanabeaumond.com.br\/vestidos-noiva\/wp-json\/wp\/v2\/posts\/22647"}],"collection":[{"href":"https:\/\/www.ivanabeaumond.com.br\/vestidos-noiva\/wp-json\/wp\/v2\/posts"}],"about":[{"href":"https:\/\/www.ivanabeaumond.com.br\/vestidos-noiva\/wp-json\/wp\/v2\/types\/post"}],"author":[{"embeddable":true,"href":"https:\/\/www.ivanabeaumond.com.br\/vestidos-noiva\/wp-json\/wp\/v2\/users\/4"}],"replies":[{"embeddable":true,"href":"https:\/\/www.ivanabeaumond.com.br\/vestidos-noiva\/wp-json\/wp\/v2\/comments?post=22647"}],"version-history":[{"count":12,"href":"https:\/\/www.ivanabeaumond.com.br\/vestidos-noiva\/wp-json\/wp\/v2\/posts\/22647\/revisions"}],"predecessor-version":[{"id":25874,"href":"https:\/\/www.ivanabeaumond.com.br\/vestidos-noiva\/wp-json\/wp\/v2\/posts\/22647\/revisions\/25874"}],"wp:featuredmedia":[{"embeddable":true,"href":"https:\/\/www.ivanabeaumond.com.br\/vestidos-noiva\/wp-json\/wp\/v2\/media\/22660"}],"wp:attachment":[{"href":"https:\/\/www.ivanabeaumond.com.br\/vestidos-noiva\/wp-json\/wp\/v2\/media?parent=22647"}],"wp:term":[{"taxonomy":"category","embeddable":true,"href":"https:\/\/www.ivanabeaumond.com.br\/vestidos-noiva\/wp-json\/wp\/v2\/categories?post=22647"},{"taxonomy":"post_tag","embeddable":true,"href":"https:\/\/www.ivanabeaumond.com.br\/vestidos-noiva\/wp-json\/wp\/v2\/tags?post=22647"}],"curies":[{"name":"wp","href":"https:\/\/api.w.org\/{rel}","templated":true}]}}