{"id":22676,"date":"2019-11-04T15:41:34","date_gmt":"2019-11-04T18:41:34","guid":{"rendered":"https:\/\/www.ivanabeaumond.com.br\/vestidos-noiva\/?p=22676"},"modified":"2019-11-04T15:42:58","modified_gmt":"2019-11-04T18:42:58","slug":"vai-dancar-na-sua-festa-de-15-anos-veja-dicas-para-escolher-o-seu-look","status":"publish","type":"post","link":"https:\/\/www.ivanabeaumond.com.br\/vestidos-noiva\/vai-dancar-na-sua-festa-de-15-anos-veja-dicas-para-escolher-o-seu-look\/","title":{"rendered":"Vai dan\u00e7ar na sua Festa de 15 anos? Veja dicas para escolher o seu look"},"content":{"rendered":"<h4 style=\"text-align: justify;\"><span style=\"color: #999999;\">As festas de 15 anos est\u00e3o cada vez mais criativas e vers\u00e1teis, trazendo diversas atra\u00e7\u00f5es al\u00e9m do cerimonial, como apresenta\u00e7\u00f5es teatrais, shows interativos e muito mais. A abertura da pista de dan\u00e7a \u00e9 um momento que se tornou tradicional nesse tipo de evento, onde as debutantes (geralmente ao final da valsa) apresentam uma coreografia de dan\u00e7a ao som do Dj, e em seguida a pista \u00e9 aberta para os convidados.<\/span><\/h4>\n<h4 style=\"text-align: justify;\"><span style=\"color: #999999;\">Para voc\u00ea que pretende ter esse momento no seu anivers\u00e1rio e n\u00e3o sabe ainda o que vestir, vamos te dar algumas dicas para voc\u00ea escolher um look perfeito para a ocasi\u00e3o!<\/span><\/h4>\n<p>&nbsp;<\/p>\n<h3>Macaquinho<\/h3>\n<p>&nbsp;<\/p>\n<p>&nbsp;<\/p>\n<h4 style=\"text-align: justify;\"><span style=\"color: #999999;\">O macaquinho tem sido uma op\u00e7\u00e3o muito comum entre as debutantes, uma vez que os shorts proporcionam uma movimenta\u00e7\u00e3o melhor e maior liberdade para dan\u00e7ar. Se voc\u00ea n\u00e3o quer que o seu visual fique muito simples, abuse de looks 2 em 1 com saias remov\u00edveis .<\/span><\/h4>\n<h4 style=\"text-align: justify;\"><\/h4>\n<h4 style=\"text-align: justify;\"><\/h4>\n<p>&nbsp;<\/p>\n<p><img decoding=\"async\" loading=\"lazy\" class=\"aligncenter size-full wp-image-22678\" src=\"https:\/\/www.ivanabeaumond.com.br\/vestidos-noiva\/wp-content\/uploads\/2019\/11\/amanda-landim-macaquinho-ivana-beaumond-paris-15-anos.-2jpg1-e1572886586788.jpg\" alt=\"amanda landim macaquinho ivana beaumond paris 15 anos. 2jpg\" width=\"600\" height=\"395\" \/><\/p>\n<p><img decoding=\"async\" loading=\"lazy\" class=\"aligncenter size-full wp-image-16714\" src=\"https:\/\/www.ivanabeaumond.com.br\/vestidos-noiva\/wp-content\/uploads\/2018\/12\/debutante-15-anos-manuella-quesada-vestido-ivana-beaumond-16-e1572886143526.jpg\" alt=\"debutante-15-anos-manuella-quesada-vestido-ivana-beaumond (16)\" width=\"600\" height=\"401\" \/><\/p>\n<p>&nbsp;<\/p>\n<p>&nbsp;<\/p>\n<p>&nbsp;<\/p>\n<p>&nbsp;<\/p>\n<p>&nbsp;<\/p>\n<h3 style=\"text-align: justify;\">Tubinhos<\/h3>\n<p>&nbsp;<\/p>\n<p>&nbsp;<\/p>\n<h4 style=\"text-align: justify;\"><span style=\"color: #999999;\">Os tubinhos s\u00e3o vestidos de saia curta e mais justinhos que tamb\u00e9m facilitam a movimenta\u00e7\u00e3o e s\u00e3o muito escolhidos pelas debutantes. Com eles, voc\u00ea pode abusar do brilho e das cores sem medo de ousar.<\/span><\/h4>\n<h4 style=\"text-align: justify;\"><\/h4>\n<h4 style=\"text-align: justify;\"><\/h4>\n<h4 style=\"text-align: justify;\"><\/h4>\n<h4 style=\"text-align: justify;\"><\/h4>\n<h4 style=\"text-align: justify;\"><img decoding=\"async\" loading=\"lazy\" class=\"aligncenter size-full wp-image-22680\" src=\"https:\/\/www.ivanabeaumond.com.br\/vestidos-noiva\/wp-content\/uploads\/2019\/11\/vestido-de-debutante-tubinho-brilho-ivana-beaumond-e1548707098396.jpg\" alt=\"vestido-de-debutante-tubinho-brilho-ivana-beaumond-e1548707098396\" width=\"533\" height=\"614\" srcset=\"https:\/\/www.ivanabeaumond.com.br\/vestidos-noiva\/wp-content\/uploads\/2019\/11\/vestido-de-debutante-tubinho-brilho-ivana-beaumond-e1548707098396.jpg 533w, https:\/\/www.ivanabeaumond.com.br\/vestidos-noiva\/wp-content\/uploads\/2019\/11\/vestido-de-debutante-tubinho-brilho-ivana-beaumond-e1548707098396-260x300.jpg 260w\" sizes=\"(max-width: 533px) 100vw, 533px\" \/><\/h4>\n<p><img decoding=\"async\" loading=\"lazy\" class=\"aligncenter size-full wp-image-22679\" src=\"https:\/\/www.ivanabeaumond.com.br\/vestidos-noiva\/wp-content\/uploads\/2019\/11\/vestido-de-debutante-15-anos-cinderela-atelier-ivana-beaumond-paris-sob-medida-rj-13-e1572887275483.jpg\" alt=\"vestido de debutante 15 anos cinderela atelier ivana beaumond paris sob medida rj (13)\" width=\"533\" height=\"354\" \/><\/p>\n<p>&nbsp;<\/p>\n<p>&nbsp;<\/p>\n<p>&nbsp;<\/p>\n<p>&nbsp;<\/p>\n<p>&nbsp;<\/p>\n<h3>Croppeds<\/h3>\n<p>&nbsp;<\/p>\n<p>&nbsp;<\/p>\n<h4 style=\"text-align: justify;\"><span style=\"color: #999999;\">Croppeds com saias ou hot pants s\u00e3o uma op\u00e7\u00e3o super estilosa para as debutantes que querem apostar em um look confort\u00e1vel e moderno.<\/span><\/h4>\n<p>&nbsp;<\/p>\n<p>&nbsp;<\/p>\n<p>&nbsp;<\/p>\n<p>&nbsp;<\/p>\n<p><img decoding=\"async\" loading=\"lazy\" class=\"aligncenter size-full wp-image-17313\" src=\"https:\/\/www.ivanabeaumond.com.br\/vestidos-noiva\/wp-content\/uploads\/2019\/02\/luma-debutate-vestido-de-15-anos-atelier-ivana-beaumond-festa-tem\u00e1tica-41-e1572887330227.jpg\" alt=\"luma-debutate-vestido-de-15-anos-atelier-ivana-beaumond-festa-tem\u00e1tica (41)\" width=\"600\" height=\"375\" \/><\/p>\n<p><img decoding=\"async\" loading=\"lazy\" class=\"aligncenter size-full wp-image-17314\" src=\"https:\/\/www.ivanabeaumond.com.br\/vestidos-noiva\/wp-content\/uploads\/2019\/02\/luma-debutate-vestido-de-15-anos-atelier-ivana-beaumond-festa-tem\u00e1tica-45-e1572887354837.jpg\" alt=\"luma-debutate-vestido-de-15-anos-atelier-ivana-beaumond-festa-tem\u00e1tica (45)\" width=\"600\" height=\"400\" \/><\/p>\n<h4 style=\"text-align: justify;\"><\/h4>\n<h4 style=\"text-align: justify;\"><\/h4>\n<p>&nbsp;<\/p>\n<h4 style=\"text-align: justify;\"><\/h4>\n<h4 style=\"text-align: justify;\"><\/h4>\n<h3>Vestidos Curtos<\/h3>\n<p>&nbsp;<\/p>\n<h4 style=\"text-align: justify;\"><\/h4>\n<h4 style=\"text-align: justify;\"><span style=\"color: #999999;\">Vestidos com a parte de cima mais ajustada e saia curtinha com volume ou de algum tecido leve como tule tamb\u00e9m s\u00e3o ideais para quem quer fazer coreografia, sendo uma op\u00e7\u00e3o mais cl\u00e1ssica que tamb\u00e9m pode ser muito criativa.<\/span><\/h4>\n<h4 style=\"text-align: justify;\"><\/h4>\n<p>&nbsp;<\/p>\n<p>&nbsp;<\/p>\n<p>&nbsp;<\/p>\n<p><img decoding=\"async\" loading=\"lazy\" class=\"aligncenter size-full wp-image-22684\" src=\"https:\/\/www.ivanabeaumond.com.br\/vestidos-noiva\/wp-content\/uploads\/2019\/11\/Gabi-Debutante-vestido-de-15-anos-rj-atelier-ivana-beaumond-paris-2-e1572892244705.jpg\" alt=\"Gabi Debutante vestido de 15 anos rj atelier ivana beaumond paris (2)\" width=\"600\" height=\"400\" \/><\/p>\n<p><img decoding=\"async\" loading=\"lazy\" class=\"aligncenter size-full wp-image-22683\" src=\"https:\/\/www.ivanabeaumond.com.br\/vestidos-noiva\/wp-content\/uploads\/2019\/11\/eduarda-nicole-fotos-15-anos-atelier-ivana-beaumond-vestido-de-debutante-rosa-pink-preto-18-e1572892120187.jpg\" alt=\"eduarda nicole fotos 15 anos atelier ivana beaumond vestido de debutante rosa pink preto (18)\" width=\"600\" height=\"400\" \/><\/p>\n<p><img decoding=\"async\" loading=\"lazy\" class=\"aligncenter size-full wp-image-22682\" src=\"https:\/\/www.ivanabeaumond.com.br\/vestidos-noiva\/wp-content\/uploads\/2019\/11\/Luiza-Barboza-vestido-de-debutante-15-anos-rosa-atelier-ivana-beaumond-rio-de-janeiro-rj-22-e1572891404594.jpg\" alt=\"Luiza Barboza vestido de debutante 15 anos rosa atelier ivana beaumond rio de janeiro rj (22)\" width=\"600\" height=\"401\" \/><\/p>\n<h4 style=\"text-align: justify;\"><\/h4>\n<p>&nbsp;<\/p>\n<p>&nbsp;<\/p>\n<p>&nbsp;<\/p>\n<p>&nbsp;<\/p>\n<h4 style=\"text-align: justify;\"><span style=\"color: #000000;\">Fotos: (1) Diogo Dubem \/ (2) Lidiane Gomes \/ (3) Diogo Dubem \/ (4) e (5) Perfil Studio Fotogr\u00e1fico \/ (6) Leo queiroz \/ (7) Bruno Felipe \/ (8)Thays Araujo.<\/span><\/h4>\n<p>&nbsp;<\/p>\n<p>&nbsp;<\/p>\n<p>&nbsp;<\/p>\n<p>&nbsp;<\/p>\n<h4><span style=\"color: #999999;\">Gostou? Siga nosso instagram\u00a0<\/span><a href=\"https:\/\/www.instagram.com\/ivanaparisdebutantes\" target=\"_blank\">@ivanaparisdebutantes<span style=\"color: #999999;\">\u00a0<\/span><\/a><span style=\"color: #999999;\">e curta nossa fanpage\u00a0<\/span><a href=\"https:\/\/www.facebook.com\/IvanaBeaumondDebutantes\/\" target=\"_blank\">Ivana Beaumond<\/a>\u00a0<span style=\"color: #999999;\">para ficar por dentro de tudo o que rola no mundo das\u00a0debutantes. N\u00e3o deixe de conferir tamb\u00e9m as nossas cole\u00e7\u00f5es de<\/span>\u00a0<a href=\"http:\/\/www.ivanabeaumond.com.br\/vestidos-noiva\/vestidos-debutantes\/\" target=\"_blank\">Vestidos de Debutante<\/a>\u00a0<span style=\"color: #999999;\">e<\/span>\u00a0<a href=\"http:\/\/www.ivanabeaumond.com.br\/vestidos-noiva\/vestidos-casamento-madrinha-festa-formatura\/\" target=\"_blank\">Moda Festa<\/a><span style=\"color: #999999;\">,\u00a0trazendo as maiores novidades da alta costura com os mais belos modelos!<\/span><\/h4>\n","protected":false},"excerpt":{"rendered":"<p>As festas de 15 anos est\u00e3o cada vez mais criativas&#8230;<\/p>\n","protected":false},"author":4,"featured_media":22678,"comment_status":"closed","ping_status":"closed","sticky":false,"template":"","format":"standard","meta":[],"categories":[60,127],"tags":[172,1057,1056,131,173,197,1060,1061,1059,1055,100,162,286,278,136,174,163,1058,149,143,210],"yoast_head":"<!-- This site is optimized with the Yoast SEO plugin v20.3 - https:\/\/yoast.com\/wordpress\/plugins\/seo\/ -->\n<title>Vai dan\u00e7ar na sua Festa de 15 anos? Veja dicas para escolher o seu look - Vestido de Noiva RJ<\/title>\n<meta name=\"robots\" content=\"index, follow, max-snippet:-1, max-image-preview:large, max-video-preview:-1\" \/>\n<link rel=\"canonical\" href=\"https:\/\/www.ivanabeaumond.com.br\/vestidos-noiva\/vai-dancar-na-sua-festa-de-15-anos-veja-dicas-para-escolher-o-seu-look\/\" \/>\n<meta property=\"og:locale\" content=\"pt_BR\" \/>\n<meta property=\"og:type\" content=\"article\" \/>\n<meta property=\"og:title\" content=\"Vai dan\u00e7ar na sua Festa de 15 anos? Veja dicas para escolher o seu look - Vestido de Noiva RJ\" \/>\n<meta property=\"og:description\" content=\"As festas de 15 anos est\u00e3o cada vez mais criativas...\" \/>\n<meta property=\"og:url\" content=\"https:\/\/www.ivanabeaumond.com.br\/vestidos-noiva\/vai-dancar-na-sua-festa-de-15-anos-veja-dicas-para-escolher-o-seu-look\/\" \/>\n<meta property=\"og:site_name\" content=\"Vestido de Noiva RJ\" \/>\n<meta property=\"article:publisher\" content=\"https:\/\/www.facebook.com\/ivana.beaumondnoivas\" \/>\n<meta property=\"article:published_time\" content=\"2019-11-04T18:41:34+00:00\" \/>\n<meta property=\"article:modified_time\" content=\"2019-11-04T18:42:58+00:00\" \/>\n<meta property=\"og:image\" content=\"https:\/\/www.ivanabeaumond.com.br\/vestidos-noiva\/wp-content\/uploads\/2019\/11\/amanda-landim-macaquinho-ivana-beaumond-paris-15-anos.-2jpg1-e1572886586788.jpg\" \/>\n\t<meta property=\"og:image:width\" content=\"600\" \/>\n\t<meta property=\"og:image:height\" content=\"395\" \/>\n\t<meta property=\"og:image:type\" content=\"image\/jpeg\" \/>\n<meta name=\"author\" content=\"Ivana Beaumond Paris\" \/>\n<meta name=\"twitter:card\" content=\"summary_large_image\" \/>\n<meta name=\"twitter:label1\" content=\"Escrito por\" \/>\n\t<meta name=\"twitter:data1\" content=\"Ivana Beaumond Paris\" \/>\n\t<meta name=\"twitter:label2\" content=\"Est. tempo de leitura\" \/>\n\t<meta name=\"twitter:data2\" content=\"2 minutos\" \/>\n<script type=\"application\/ld+json\" class=\"yoast-schema-graph\">{\"@context\":\"https:\/\/schema.org\",\"@graph\":[{\"@type\":\"Article\",\"@id\":\"https:\/\/www.ivanabeaumond.com.br\/vestidos-noiva\/vai-dancar-na-sua-festa-de-15-anos-veja-dicas-para-escolher-o-seu-look\/#article\",\"isPartOf\":{\"@id\":\"https:\/\/www.ivanabeaumond.com.br\/vestidos-noiva\/vai-dancar-na-sua-festa-de-15-anos-veja-dicas-para-escolher-o-seu-look\/\"},\"author\":{\"name\":\"Ivana Beaumond Paris\",\"@id\":\"https:\/\/www.ivanabeaumond.com.br\/vestidos-noiva\/#\/schema\/person\/1a360c4cffa3b806d29a456389dcff26\"},\"headline\":\"Vai dan\u00e7ar na sua Festa de 15 anos? Veja dicas para escolher o seu look\",\"datePublished\":\"2019-11-04T18:41:34+00:00\",\"dateModified\":\"2019-11-04T18:42:58+00:00\",\"mainEntityOfPage\":{\"@id\":\"https:\/\/www.ivanabeaumond.com.br\/vestidos-noiva\/vai-dancar-na-sua-festa-de-15-anos-veja-dicas-para-escolher-o-seu-look\/\"},\"wordCount\":392,\"publisher\":{\"@id\":\"https:\/\/www.ivanabeaumond.com.br\/vestidos-noiva\/#organization\"},\"keywords\":[\"15 anos\",\"alugar roupa no rio de janeiro\",\"alugar vestido de debutante\",\"aluguel de roupas\",\"debutantes\",\"diainesquecivel\",\"dicas de looks\",\"dicas de moda\",\"dicas para debutantes\",\"estilista rj\",\"festa\",\"festas\",\"ivana beaumond\",\"ivana beaumond paris\",\"moda festa\",\"princesas\",\"sob medida\",\"sob medida rio de janeiro\",\"vestido de 15 anos\",\"vestido de debutante\",\"weddingdress\"],\"articleSection\":[\"Blog\",\"Dicas e Truques\"],\"inLanguage\":\"pt-BR\"},{\"@type\":\"WebPage\",\"@id\":\"https:\/\/www.ivanabeaumond.com.br\/vestidos-noiva\/vai-dancar-na-sua-festa-de-15-anos-veja-dicas-para-escolher-o-seu-look\/\",\"url\":\"https:\/\/www.ivanabeaumond.com.br\/vestidos-noiva\/vai-dancar-na-sua-festa-de-15-anos-veja-dicas-para-escolher-o-seu-look\/\",\"name\":\"Vai dan\u00e7ar na sua Festa de 15 anos? Veja dicas para escolher o seu look - Vestido de Noiva RJ\",\"isPartOf\":{\"@id\":\"https:\/\/www.ivanabeaumond.com.br\/vestidos-noiva\/#website\"},\"datePublished\":\"2019-11-04T18:41:34+00:00\",\"dateModified\":\"2019-11-04T18:42:58+00:00\",\"breadcrumb\":{\"@id\":\"https:\/\/www.ivanabeaumond.com.br\/vestidos-noiva\/vai-dancar-na-sua-festa-de-15-anos-veja-dicas-para-escolher-o-seu-look\/#breadcrumb\"},\"inLanguage\":\"pt-BR\",\"potentialAction\":[{\"@type\":\"ReadAction\",\"target\":[\"https:\/\/www.ivanabeaumond.com.br\/vestidos-noiva\/vai-dancar-na-sua-festa-de-15-anos-veja-dicas-para-escolher-o-seu-look\/\"]}]},{\"@type\":\"BreadcrumbList\",\"@id\":\"https:\/\/www.ivanabeaumond.com.br\/vestidos-noiva\/vai-dancar-na-sua-festa-de-15-anos-veja-dicas-para-escolher-o-seu-look\/#breadcrumb\",\"itemListElement\":[{\"@type\":\"ListItem\",\"position\":1,\"name\":\"In\u00edcio\",\"item\":\"https:\/\/www.ivanabeaumond.com.br\/vestidos-noiva\/\"},{\"@type\":\"ListItem\",\"position\":2,\"name\":\"Vai dan\u00e7ar na sua Festa de 15 anos? Veja dicas para escolher o seu look\"}]},{\"@type\":\"WebSite\",\"@id\":\"https:\/\/www.ivanabeaumond.com.br\/vestidos-noiva\/#website\",\"url\":\"https:\/\/www.ivanabeaumond.com.br\/vestidos-noiva\/\",\"name\":\"Vestido de Noiva RJ\",\"description\":\"Moda Noiva\",\"publisher\":{\"@id\":\"https:\/\/www.ivanabeaumond.com.br\/vestidos-noiva\/#organization\"},\"potentialAction\":[{\"@type\":\"SearchAction\",\"target\":{\"@type\":\"EntryPoint\",\"urlTemplate\":\"https:\/\/www.ivanabeaumond.com.br\/vestidos-noiva\/?s={search_term_string}\"},\"query-input\":\"required name=search_term_string\"}],\"inLanguage\":\"pt-BR\"},{\"@type\":\"Organization\",\"@id\":\"https:\/\/www.ivanabeaumond.com.br\/vestidos-noiva\/#organization\",\"name\":\"Vestido de Noiva RJ\",\"url\":\"https:\/\/www.ivanabeaumond.com.br\/vestidos-noiva\/\",\"logo\":{\"@type\":\"ImageObject\",\"inLanguage\":\"pt-BR\",\"@id\":\"https:\/\/www.ivanabeaumond.com.br\/vestidos-noiva\/#\/schema\/logo\/image\/\",\"url\":\"https:\/\/www.ivanabeaumond.com.br\/vestidos-noiva\/wp-content\/uploads\/2018\/02\/logo_ivana_beaumond-2.png\",\"contentUrl\":\"https:\/\/www.ivanabeaumond.com.br\/vestidos-noiva\/wp-content\/uploads\/2018\/02\/logo_ivana_beaumond-2.png\",\"width\":230,\"height\":112,\"caption\":\"Vestido de Noiva RJ\"},\"image\":{\"@id\":\"https:\/\/www.ivanabeaumond.com.br\/vestidos-noiva\/#\/schema\/logo\/image\/\"},\"sameAs\":[\"https:\/\/www.facebook.com\/ivana.beaumondnoivas\",\"https:\/\/www.instagram.com\/ivanabeaumond\/\",\"https:\/\/www.tiktok.com\/@ivanabeaumond\"]},{\"@type\":\"Person\",\"@id\":\"https:\/\/www.ivanabeaumond.com.br\/vestidos-noiva\/#\/schema\/person\/1a360c4cffa3b806d29a456389dcff26\",\"name\":\"Ivana Beaumond Paris\",\"image\":{\"@type\":\"ImageObject\",\"inLanguage\":\"pt-BR\",\"@id\":\"https:\/\/www.ivanabeaumond.com.br\/vestidos-noiva\/#\/schema\/person\/image\/\",\"url\":\"https:\/\/secure.gravatar.com\/avatar\/641f98db20b53ec937ceb641db4270b9?s=96&d=mm&r=g\",\"contentUrl\":\"https:\/\/secure.gravatar.com\/avatar\/641f98db20b53ec937ceb641db4270b9?s=96&d=mm&r=g\",\"caption\":\"Ivana Beaumond Paris\"},\"url\":\"https:\/\/www.ivanabeaumond.com.br\/vestidos-noiva\/author\/ivana\/\"}]}<\/script>\n<!-- \/ Yoast SEO plugin. -->","yoast_head_json":{"title":"Vai dan\u00e7ar na sua Festa de 15 anos? Veja dicas para escolher o seu look - Vestido de Noiva RJ","robots":{"index":"index","follow":"follow","max-snippet":"max-snippet:-1","max-image-preview":"max-image-preview:large","max-video-preview":"max-video-preview:-1"},"canonical":"https:\/\/www.ivanabeaumond.com.br\/vestidos-noiva\/vai-dancar-na-sua-festa-de-15-anos-veja-dicas-para-escolher-o-seu-look\/","og_locale":"pt_BR","og_type":"article","og_title":"Vai dan\u00e7ar na sua Festa de 15 anos? Veja dicas para escolher o seu look - Vestido de Noiva RJ","og_description":"As festas de 15 anos est\u00e3o cada vez mais criativas...","og_url":"https:\/\/www.ivanabeaumond.com.br\/vestidos-noiva\/vai-dancar-na-sua-festa-de-15-anos-veja-dicas-para-escolher-o-seu-look\/","og_site_name":"Vestido de Noiva RJ","article_publisher":"https:\/\/www.facebook.com\/ivana.beaumondnoivas","article_published_time":"2019-11-04T18:41:34+00:00","article_modified_time":"2019-11-04T18:42:58+00:00","og_image":[{"width":600,"height":395,"url":"https:\/\/www.ivanabeaumond.com.br\/vestidos-noiva\/wp-content\/uploads\/2019\/11\/amanda-landim-macaquinho-ivana-beaumond-paris-15-anos.-2jpg1-e1572886586788.jpg","type":"image\/jpeg"}],"author":"Ivana Beaumond Paris","twitter_card":"summary_large_image","twitter_misc":{"Escrito por":"Ivana Beaumond Paris","Est. tempo de leitura":"2 minutos"},"schema":{"@context":"https:\/\/schema.org","@graph":[{"@type":"Article","@id":"https:\/\/www.ivanabeaumond.com.br\/vestidos-noiva\/vai-dancar-na-sua-festa-de-15-anos-veja-dicas-para-escolher-o-seu-look\/#article","isPartOf":{"@id":"https:\/\/www.ivanabeaumond.com.br\/vestidos-noiva\/vai-dancar-na-sua-festa-de-15-anos-veja-dicas-para-escolher-o-seu-look\/"},"author":{"name":"Ivana Beaumond Paris","@id":"https:\/\/www.ivanabeaumond.com.br\/vestidos-noiva\/#\/schema\/person\/1a360c4cffa3b806d29a456389dcff26"},"headline":"Vai dan\u00e7ar na sua Festa de 15 anos? Veja dicas para escolher o seu look","datePublished":"2019-11-04T18:41:34+00:00","dateModified":"2019-11-04T18:42:58+00:00","mainEntityOfPage":{"@id":"https:\/\/www.ivanabeaumond.com.br\/vestidos-noiva\/vai-dancar-na-sua-festa-de-15-anos-veja-dicas-para-escolher-o-seu-look\/"},"wordCount":392,"publisher":{"@id":"https:\/\/www.ivanabeaumond.com.br\/vestidos-noiva\/#organization"},"keywords":["15 anos","alugar roupa no rio de janeiro","alugar vestido de debutante","aluguel de roupas","debutantes","diainesquecivel","dicas de looks","dicas de moda","dicas para debutantes","estilista rj","festa","festas","ivana beaumond","ivana beaumond paris","moda festa","princesas","sob medida","sob medida rio de janeiro","vestido de 15 anos","vestido de debutante","weddingdress"],"articleSection":["Blog","Dicas e Truques"],"inLanguage":"pt-BR"},{"@type":"WebPage","@id":"https:\/\/www.ivanabeaumond.com.br\/vestidos-noiva\/vai-dancar-na-sua-festa-de-15-anos-veja-dicas-para-escolher-o-seu-look\/","url":"https:\/\/www.ivanabeaumond.com.br\/vestidos-noiva\/vai-dancar-na-sua-festa-de-15-anos-veja-dicas-para-escolher-o-seu-look\/","name":"Vai dan\u00e7ar na sua Festa de 15 anos? Veja dicas para escolher o seu look - Vestido de Noiva RJ","isPartOf":{"@id":"https:\/\/www.ivanabeaumond.com.br\/vestidos-noiva\/#website"},"datePublished":"2019-11-04T18:41:34+00:00","dateModified":"2019-11-04T18:42:58+00:00","breadcrumb":{"@id":"https:\/\/www.ivanabeaumond.com.br\/vestidos-noiva\/vai-dancar-na-sua-festa-de-15-anos-veja-dicas-para-escolher-o-seu-look\/#breadcrumb"},"inLanguage":"pt-BR","potentialAction":[{"@type":"ReadAction","target":["https:\/\/www.ivanabeaumond.com.br\/vestidos-noiva\/vai-dancar-na-sua-festa-de-15-anos-veja-dicas-para-escolher-o-seu-look\/"]}]},{"@type":"BreadcrumbList","@id":"https:\/\/www.ivanabeaumond.com.br\/vestidos-noiva\/vai-dancar-na-sua-festa-de-15-anos-veja-dicas-para-escolher-o-seu-look\/#breadcrumb","itemListElement":[{"@type":"ListItem","position":1,"name":"In\u00edcio","item":"https:\/\/www.ivanabeaumond.com.br\/vestidos-noiva\/"},{"@type":"ListItem","position":2,"name":"Vai dan\u00e7ar na sua Festa de 15 anos? Veja dicas para escolher o seu look"}]},{"@type":"WebSite","@id":"https:\/\/www.ivanabeaumond.com.br\/vestidos-noiva\/#website","url":"https:\/\/www.ivanabeaumond.com.br\/vestidos-noiva\/","name":"Vestido de Noiva RJ","description":"Moda Noiva","publisher":{"@id":"https:\/\/www.ivanabeaumond.com.br\/vestidos-noiva\/#organization"},"potentialAction":[{"@type":"SearchAction","target":{"@type":"EntryPoint","urlTemplate":"https:\/\/www.ivanabeaumond.com.br\/vestidos-noiva\/?s={search_term_string}"},"query-input":"required name=search_term_string"}],"inLanguage":"pt-BR"},{"@type":"Organization","@id":"https:\/\/www.ivanabeaumond.com.br\/vestidos-noiva\/#organization","name":"Vestido de Noiva RJ","url":"https:\/\/www.ivanabeaumond.com.br\/vestidos-noiva\/","logo":{"@type":"ImageObject","inLanguage":"pt-BR","@id":"https:\/\/www.ivanabeaumond.com.br\/vestidos-noiva\/#\/schema\/logo\/image\/","url":"https:\/\/www.ivanabeaumond.com.br\/vestidos-noiva\/wp-content\/uploads\/2018\/02\/logo_ivana_beaumond-2.png","contentUrl":"https:\/\/www.ivanabeaumond.com.br\/vestidos-noiva\/wp-content\/uploads\/2018\/02\/logo_ivana_beaumond-2.png","width":230,"height":112,"caption":"Vestido de Noiva RJ"},"image":{"@id":"https:\/\/www.ivanabeaumond.com.br\/vestidos-noiva\/#\/schema\/logo\/image\/"},"sameAs":["https:\/\/www.facebook.com\/ivana.beaumondnoivas","https:\/\/www.instagram.com\/ivanabeaumond\/","https:\/\/www.tiktok.com\/@ivanabeaumond"]},{"@type":"Person","@id":"https:\/\/www.ivanabeaumond.com.br\/vestidos-noiva\/#\/schema\/person\/1a360c4cffa3b806d29a456389dcff26","name":"Ivana Beaumond Paris","image":{"@type":"ImageObject","inLanguage":"pt-BR","@id":"https:\/\/www.ivanabeaumond.com.br\/vestidos-noiva\/#\/schema\/person\/image\/","url":"https:\/\/secure.gravatar.com\/avatar\/641f98db20b53ec937ceb641db4270b9?s=96&d=mm&r=g","contentUrl":"https:\/\/secure.gravatar.com\/avatar\/641f98db20b53ec937ceb641db4270b9?s=96&d=mm&r=g","caption":"Ivana Beaumond Paris"},"url":"https:\/\/www.ivanabeaumond.com.br\/vestidos-noiva\/author\/ivana\/"}]}},"_links":{"self":[{"href":"https:\/\/www.ivanabeaumond.com.br\/vestidos-noiva\/wp-json\/wp\/v2\/posts\/22676"}],"collection":[{"href":"https:\/\/www.ivanabeaumond.com.br\/vestidos-noiva\/wp-json\/wp\/v2\/posts"}],"about":[{"href":"https:\/\/www.ivanabeaumond.com.br\/vestidos-noiva\/wp-json\/wp\/v2\/types\/post"}],"author":[{"embeddable":true,"href":"https:\/\/www.ivanabeaumond.com.br\/vestidos-noiva\/wp-json\/wp\/v2\/users\/4"}],"replies":[{"embeddable":true,"href":"https:\/\/www.ivanabeaumond.com.br\/vestidos-noiva\/wp-json\/wp\/v2\/comments?post=22676"}],"version-history":[{"count":6,"href":"https:\/\/www.ivanabeaumond.com.br\/vestidos-noiva\/wp-json\/wp\/v2\/posts\/22676\/revisions"}],"predecessor-version":[{"id":22689,"href":"https:\/\/www.ivanabeaumond.com.br\/vestidos-noiva\/wp-json\/wp\/v2\/posts\/22676\/revisions\/22689"}],"wp:featuredmedia":[{"embeddable":true,"href":"https:\/\/www.ivanabeaumond.com.br\/vestidos-noiva\/wp-json\/wp\/v2\/media\/22678"}],"wp:attachment":[{"href":"https:\/\/www.ivanabeaumond.com.br\/vestidos-noiva\/wp-json\/wp\/v2\/media?parent=22676"}],"wp:term":[{"taxonomy":"category","embeddable":true,"href":"https:\/\/www.ivanabeaumond.com.br\/vestidos-noiva\/wp-json\/wp\/v2\/categories?post=22676"},{"taxonomy":"post_tag","embeddable":true,"href":"https:\/\/www.ivanabeaumond.com.br\/vestidos-noiva\/wp-json\/wp\/v2\/tags?post=22676"}],"curies":[{"name":"wp","href":"https:\/\/api.w.org\/{rel}","templated":true}]}}