{"id":22848,"date":"2019-11-27T17:12:59","date_gmt":"2019-11-27T20:12:59","guid":{"rendered":"https:\/\/www.ivanabeaumond.com.br\/vestidos-noiva\/?p=22848"},"modified":"2020-08-10T16:08:58","modified_gmt":"2020-08-10T19:08:58","slug":"casamento-romantico-com-lzabel-e-leo","status":"publish","type":"post","link":"https:\/\/www.ivanabeaumond.com.br\/vestidos-noiva\/casamento-romantico-com-lzabel-e-leo\/","title":{"rendered":"Casamento Rom\u00e2ntico, com lzabel e Leo"},"content":{"rendered":"\n<h4 class=\"wp-block-heading\"><span style=\"color: #999999;\">A Izabel e o Leo disseram o t\u00e3o esperado &#8220;sim&#8221; em uma cerim\u00f4nia&nbsp;ao ar livre no Espa\u00e7o Pagum, aos p\u00e9s da bel\u00edssima reserva da Pedra Branca na Zona Oeste do Rio de Janeiro.&nbsp; Izabel veio ao <span style=\"color: #000000;\">Atelier Ivana Beaumond Paris<\/span> \u00e0 procura de um vestido de noiva&nbsp; que casasse com a proposta da festa e fosse tamb\u00e9m o modelo dos seus sonhos. Ela escolheu um&nbsp;modelo semi-sereia branco de mangas longas e decote canoa de renda francesa &#8211; veja como ela ficou linda nas fotos a seguir:<\/span><\/h4>\n\n\n\n<h4 class=\"wp-block-heading\">&nbsp;<\/h4>\n\n\n\n<div class=\"wp-block-image\"><figure class=\"aligncenter\"><img decoding=\"async\" loading=\"lazy\" width=\"401\" height=\"600\" src=\"https:\/\/www.ivanabeaumond.com.br\/vestidos-noiva\/wp-content\/uploads\/2019\/11\/IZABEL-NOIVA-ATELIER-IVANA-BEAUMOND-PARIS-VESTIDO-DE-NOIVA-RJ-RIO-DE-JANEIRO-6-e1574704300401.jpg\" alt=\"IZABEL NOIVA ATELIER IVANA BEAUMOND PARIS VESTIDO DE NOIVA RJ RIO DE JANEIRO (6)\" class=\"wp-image-22853\"\/><\/figure><\/div>\n\n\n\n<h4 class=\"wp-block-heading\">&nbsp;<\/h4>\n\n\n\n<h4 class=\"wp-block-heading\"><span style=\"color: #999999;\">O corte mais soltinho e a renda fina deixaram o look mais leve e com uma pegada boho rom\u00e2ntica, enquanto o cinto rebordado com mi\u00e7angas e canutilhos proporcionou um efeito de brilho discreto que deu um toque elegante e sofisticado.<\/span><\/h4>\n\n\n\n<h4 class=\"wp-block-heading\">&nbsp;<\/h4>\n\n\n\n<div class=\"wp-block-image\"><figure class=\"aligncenter\"><img decoding=\"async\" loading=\"lazy\" width=\"600\" height=\"400\" src=\"https:\/\/www.ivanabeaumond.com.br\/vestidos-noiva\/wp-content\/uploads\/2019\/11\/IZABEL-NOIVA-ATELIER-IVANA-BEAUMOND-PARIS-VESTIDO-DE-NOIVA-RJ-RIO-DE-JANEIRO-7-e1574703917141.jpg\" alt=\"IZABEL NOIVA ATELIER IVANA BEAUMOND PARIS VESTIDO DE NOIVA RJ RIO DE JANEIRO (7)\" class=\"wp-image-22852\"\/><\/figure><\/div>\n\n\n\n<div class=\"wp-block-image\"><figure class=\"aligncenter\"><img decoding=\"async\" loading=\"lazy\" width=\"600\" height=\"401\" src=\"https:\/\/www.ivanabeaumond.com.br\/vestidos-noiva\/wp-content\/uploads\/2019\/11\/IZABEL-NOIVA-ATELIER-IVANA-BEAUMOND-PARIS-VESTIDO-DE-NOIVA-RJ-RIO-DE-JANEIRO-4-e1574704149597.jpg\" alt=\"IZABEL NOIVA ATELIER IVANA BEAUMOND PARIS VESTIDO DE NOIVA RJ RIO DE JANEIRO (4)\" class=\"wp-image-22851\"\/><\/figure><\/div>\n\n\n\n<h4 class=\"wp-block-heading\">&nbsp;<\/h4>\n\n\n\n<h4 class=\"wp-block-heading\"><span style=\"color: #999999;\">Desejamos que a Izabel e o Leo sejam felizes para sempre e tenham uma hist\u00f3ria com muitos momentos inesquec\u00edveis&nbsp;e cheios de amor. \u00c0 nossa noiva Izabel, um obrigado especial pelo carinho e confian\u00e7a e por ter nos escolhido para fazer parte desse momento \u00fanico!&nbsp;<\/span><\/h4>\n\n\n\n<h4 class=\"wp-block-heading\"><span style=\"color: #999999;\">Veja outras fotos do casamento na galeria abaixo, feitas por Malu Vieira:<\/span><\/h4>\n\n\n\n<style id=\"bwg-style-0\">    #bwg_container1_0 #bwg_container2_0 .bwg-container-0.bwg-standard-thumbnails {      width: 904px;              justify-content: center;        margin:0 auto !important;              background-color: rgba(255, 255, 255, 0.00);            padding-left: 4px;      padding-top: 4px;      max-width: 100%;            }        #bwg_container1_0 #bwg_container2_0 .bwg-container-0.bwg-standard-thumbnails .bwg-item {    justify-content: flex-start;      max-width: 180px;            width: 180px !important;          }    #bwg_container1_0 #bwg_container2_0 .bwg-container-0.bwg-standard-thumbnails .bwg-item a {       margin-right: 4px;       margin-bottom: 4px;    }    #bwg_container1_0 #bwg_container2_0 .bwg-container-0.bwg-standard-thumbnails .bwg-item0 {      padding: 0px;            background-color:rgba(255,255,255, 0.30);      border: 0px none #CCCCCC;      opacity: 1.00;      border-radius: 0;      box-shadow: 0px 0px 0px #888888;    }    #bwg_container1_0 #bwg_container2_0 .bwg-container-0.bwg-standard-thumbnails .bwg-item1 img {      max-height: none;      max-width: none;      padding: 0 !important;    }        @media only screen and (min-width: 480px) {      #bwg_container1_0 #bwg_container2_0 .bwg-container-0.bwg-standard-thumbnails .bwg-item0 {        transition: all 0.3s ease 0s;-webkit-transition: all 0.3s ease 0s;      }      #bwg_container1_0 #bwg_container2_0 .bwg-container-0.bwg-standard-thumbnails .bwg-item0:hover {        -ms-transform: scale(1.1);        -webkit-transform: scale(1.1);        transform: scale(1.1);      }    }          #bwg_container1_0 #bwg_container2_0 .bwg-container-0.bwg-standard-thumbnails .bwg-item1 {      padding-top: 50%;    }        #bwg_container1_0 #bwg_container2_0 .bwg-container-0.bwg-standard-thumbnails .bwg-title2,    #bwg_container1_0 #bwg_container2_0 .bwg-container-0.bwg-standard-thumbnails .bwg-ecommerce2 {      color: #CCCCCC;      font-family: segoe ui;      font-size: 16px;      font-weight: bold;      padding: 2px;      text-shadow: 0px 0px 0px #888888;      max-height: 100%;    }    #bwg_container1_0 #bwg_container2_0 .bwg-container-0.bwg-standard-thumbnails .bwg-thumb-description span {    color: #323A45;    font-family: Ubuntu;    font-size: 12px;    max-height: 100%;    word-wrap: break-word;    }    #bwg_container1_0 #bwg_container2_0 .bwg-container-0.bwg-standard-thumbnails .bwg-play-icon2 {      font-size: 32px;    }    #bwg_container1_0 #bwg_container2_0 .bwg-container-0.bwg-standard-thumbnails .bwg-ecommerce2 {      font-size: 19.2px;      color: #CCCCCC;    }    <\/style>    <div id=\"bwg_container1_0\"         class=\"bwg_container bwg_thumbnail bwg_thumbnails \"         data-right-click-protection=\"0\"         data-bwg=\"0\"         data-scroll=\"0\"         data-gallery-type=\"thumbnails\"         data-gallery-view-type=\"thumbnails\"         data-current-url=\"\/vestidos-noiva\/wp-json\/wp\/v2\/posts\/22848\"         data-lightbox-url=\"https:\/\/www.ivanabeaumond.com.br\/vestidos-noiva\/wp-admin\/admin-ajax.php?action=GalleryBox&#038;current_view=0&#038;gallery_id=132&#038;tag=0&#038;theme_id=1&#038;shortcode_id=156&#038;sort_by=order&#038;order_by=asc&#038;current_url=%2Fvestidos-noiva%2Fwp-json%2Fwp%2Fv2%2Fposts%2F22848\"         data-gallery-id=\"132\"         data-popup-width=\"600\"         data-popup-height=\"600\"         data-is-album=\"gallery\"         data-buttons-position=\"bottom\">      <div id=\"bwg_container2_0\">             <div id=\"ajax_loading_0\" class=\"bwg_loading_div_1\">      <div class=\"bwg_loading_div_2\">        <div class=\"bwg_loading_div_3\">          <div id=\"loading_div_0\" class=\"bwg_spider_ajax_loading\">          <\/div>        <\/div>      <\/div>    <\/div>            <form id=\"gal_front_form_0\"              class=\"bwg-hidden\"              method=\"post\"              action=\"#\"              data-current=\"0\"              data-shortcode-id=\"156\"              data-gallery-type=\"thumbnails\"              data-gallery-id=\"132\"              data-tag=\"0\"              data-album-id=\"0\"              data-theme-id=\"1\"              data-ajax-url=\"https:\/\/www.ivanabeaumond.com.br\/vestidos-noiva\/wp-admin\/admin-ajax.php?action=bwg_frontend_data\">          <div id=\"bwg_container3_0\" class=\"bwg-background bwg-background-0\">                <div data-max-count=\"5\"         data-thumbnail-width=\"180\"         data-bwg=\"0\"         data-gallery-id=\"132\"         data-lightbox-url=\"https:\/\/www.ivanabeaumond.com.br\/vestidos-noiva\/wp-admin\/admin-ajax.php?action=GalleryBox&amp;current_view=0&amp;gallery_id=132&amp;tag=0&amp;theme_id=1&amp;shortcode_id=156&amp;sort_by=order&amp;order_by=asc&amp;current_url=%2Fvestidos-noiva%2Fwp-json%2Fwp%2Fv2%2Fposts%2F22848\"         id=\"bwg_thumbnails_0\"         class=\"bwg-container-0 bwg-thumbnails bwg-standard-thumbnails bwg-container bwg-border-box\">            <div class=\"bwg-item\">        <a class=\"bwg-a  bwg_lightbox\"  data-image-id=\"3104\" href=\"https:\/\/www.ivanabeaumond.com.br\/vestidos-noiva\/wp-content\/uploads\/photo-gallery\/IZABEL%20NOIVA%20ATELIER%20IVANA%20BEAUMOND%20PARIS%20VESTIDO%20DE%20NOIVA%20RJ%20RIO%20DE%20JANEIRO%20(0).jpg\" data-elementor-open-lightbox=\"no\">                <div class=\"bwg-item0 \">          <div class=\"bwg-item1 \">            <div class=\"bwg-item2\">              <img class=\"skip-lazy bwg_standart_thumb_img_0 \"                   data-id=\"3104\"                   data-width=\"\"                   data-height=\"\"                   data-src=\"https:\/\/www.ivanabeaumond.com.br\/vestidos-noiva\/wp-content\/uploads\/photo-gallery\/thumb\/IZABEL%20NOIVA%20ATELIER%20IVANA%20BEAUMOND%20PARIS%20VESTIDO%20DE%20NOIVA%20RJ%20RIO%20DE%20JANEIRO%20(0).jpg\"                   src=\"https:\/\/www.ivanabeaumond.com.br\/vestidos-noiva\/wp-content\/uploads\/photo-gallery\/thumb\/IZABEL%20NOIVA%20ATELIER%20IVANA%20BEAUMOND%20PARIS%20VESTIDO%20DE%20NOIVA%20RJ%20RIO%20DE%20JANEIRO%20(0).jpg\"                   alt=\"IZABEL NOIVA ATELIER IVANA BEAUMOND PARIS VESTIDO DE NOIVA RJ RIO DE JANEIRO (0)\"                   title=\"IZABEL NOIVA ATELIER IVANA BEAUMOND PARIS VESTIDO DE NOIVA RJ RIO DE JANEIRO (0)\" \/>            <\/div>            <div class=\"\">                                                      <\/div>          <\/div>        <\/div>                        <\/a>              <\/div>            <div class=\"bwg-item\">        <a class=\"bwg-a  bwg_lightbox\"  data-image-id=\"3105\" href=\"https:\/\/www.ivanabeaumond.com.br\/vestidos-noiva\/wp-content\/uploads\/photo-gallery\/IZABEL%20NOIVA%20ATELIER%20IVANA%20BEAUMOND%20PARIS%20VESTIDO%20DE%20NOIVA%20RJ%20RIO%20DE%20JANEIRO%20(1).jpg\" data-elementor-open-lightbox=\"no\">                <div class=\"bwg-item0 \">          <div class=\"bwg-item1 \">            <div class=\"bwg-item2\">              <img class=\"skip-lazy bwg_standart_thumb_img_0 \"                   data-id=\"3105\"                   data-width=\"\"                   data-height=\"\"                   data-src=\"https:\/\/www.ivanabeaumond.com.br\/vestidos-noiva\/wp-content\/uploads\/photo-gallery\/thumb\/IZABEL%20NOIVA%20ATELIER%20IVANA%20BEAUMOND%20PARIS%20VESTIDO%20DE%20NOIVA%20RJ%20RIO%20DE%20JANEIRO%20(1).jpg\"                   src=\"https:\/\/www.ivanabeaumond.com.br\/vestidos-noiva\/wp-content\/uploads\/photo-gallery\/thumb\/IZABEL%20NOIVA%20ATELIER%20IVANA%20BEAUMOND%20PARIS%20VESTIDO%20DE%20NOIVA%20RJ%20RIO%20DE%20JANEIRO%20(1).jpg\"                   alt=\"IZABEL NOIVA ATELIER IVANA BEAUMOND PARIS VESTIDO DE NOIVA RJ RIO DE JANEIRO (1)\"                   title=\"IZABEL NOIVA ATELIER IVANA BEAUMOND PARIS VESTIDO DE NOIVA RJ RIO DE JANEIRO (1)\" \/>            <\/div>            <div class=\"\">                                                      <\/div>          <\/div>        <\/div>                        <\/a>              <\/div>            <div class=\"bwg-item\">        <a class=\"bwg-a  bwg_lightbox\"  data-image-id=\"3106\" href=\"https:\/\/www.ivanabeaumond.com.br\/vestidos-noiva\/wp-content\/uploads\/photo-gallery\/IZABEL%20NOIVA%20ATELIER%20IVANA%20BEAUMOND%20PARIS%20VESTIDO%20DE%20NOIVA%20RJ%20RIO%20DE%20JANEIRO%20(2).jpg\" data-elementor-open-lightbox=\"no\">                <div class=\"bwg-item0 \">          <div class=\"bwg-item1 \">            <div class=\"bwg-item2\">              <img class=\"skip-lazy bwg_standart_thumb_img_0 \"                   data-id=\"3106\"                   data-width=\"\"                   data-height=\"\"                   data-src=\"https:\/\/www.ivanabeaumond.com.br\/vestidos-noiva\/wp-content\/uploads\/photo-gallery\/thumb\/IZABEL%20NOIVA%20ATELIER%20IVANA%20BEAUMOND%20PARIS%20VESTIDO%20DE%20NOIVA%20RJ%20RIO%20DE%20JANEIRO%20(2).jpg\"                   src=\"https:\/\/www.ivanabeaumond.com.br\/vestidos-noiva\/wp-content\/uploads\/photo-gallery\/thumb\/IZABEL%20NOIVA%20ATELIER%20IVANA%20BEAUMOND%20PARIS%20VESTIDO%20DE%20NOIVA%20RJ%20RIO%20DE%20JANEIRO%20(2).jpg\"                   alt=\"IZABEL NOIVA ATELIER IVANA BEAUMOND PARIS VESTIDO DE NOIVA RJ RIO DE JANEIRO (2)\"                   title=\"IZABEL NOIVA ATELIER IVANA BEAUMOND PARIS VESTIDO DE NOIVA RJ RIO DE JANEIRO (2)\" \/>            <\/div>            <div class=\"\">                                                      <\/div>          <\/div>        <\/div>                        <\/a>              <\/div>            <div class=\"bwg-item\">        <a class=\"bwg-a  bwg_lightbox\"  data-image-id=\"3107\" href=\"https:\/\/www.ivanabeaumond.com.br\/vestidos-noiva\/wp-content\/uploads\/photo-gallery\/IZABEL%20NOIVA%20ATELIER%20IVANA%20BEAUMOND%20PARIS%20VESTIDO%20DE%20NOIVA%20RJ%20RIO%20DE%20JANEIRO%20(3).jpg\" data-elementor-open-lightbox=\"no\">                <div class=\"bwg-item0 \">          <div class=\"bwg-item1 \">            <div class=\"bwg-item2\">              <img class=\"skip-lazy bwg_standart_thumb_img_0 \"                   data-id=\"3107\"                   data-width=\"\"                   data-height=\"\"                   data-src=\"https:\/\/www.ivanabeaumond.com.br\/vestidos-noiva\/wp-content\/uploads\/photo-gallery\/thumb\/IZABEL%20NOIVA%20ATELIER%20IVANA%20BEAUMOND%20PARIS%20VESTIDO%20DE%20NOIVA%20RJ%20RIO%20DE%20JANEIRO%20(3).jpg\"                   src=\"https:\/\/www.ivanabeaumond.com.br\/vestidos-noiva\/wp-content\/uploads\/photo-gallery\/thumb\/IZABEL%20NOIVA%20ATELIER%20IVANA%20BEAUMOND%20PARIS%20VESTIDO%20DE%20NOIVA%20RJ%20RIO%20DE%20JANEIRO%20(3).jpg\"                   alt=\"IZABEL NOIVA ATELIER IVANA BEAUMOND PARIS VESTIDO DE NOIVA RJ RIO DE JANEIRO (3)\"                   title=\"IZABEL NOIVA ATELIER IVANA BEAUMOND PARIS VESTIDO DE NOIVA RJ RIO DE JANEIRO (3)\" \/>            <\/div>            <div class=\"\">                                                      <\/div>          <\/div>        <\/div>                        <\/a>              <\/div>            <div class=\"bwg-item\">        <a class=\"bwg-a  bwg_lightbox\"  data-image-id=\"3108\" href=\"https:\/\/www.ivanabeaumond.com.br\/vestidos-noiva\/wp-content\/uploads\/photo-gallery\/IZABEL%20NOIVA%20ATELIER%20IVANA%20BEAUMOND%20PARIS%20VESTIDO%20DE%20NOIVA%20RJ%20RIO%20DE%20JANEIRO%20(4).jpg\" data-elementor-open-lightbox=\"no\">                <div class=\"bwg-item0 \">          <div class=\"bwg-item1 \">            <div class=\"bwg-item2\">              <img class=\"skip-lazy bwg_standart_thumb_img_0 \"                   data-id=\"3108\"                   data-width=\"\"                   data-height=\"\"                   data-src=\"https:\/\/www.ivanabeaumond.com.br\/vestidos-noiva\/wp-content\/uploads\/photo-gallery\/thumb\/IZABEL%20NOIVA%20ATELIER%20IVANA%20BEAUMOND%20PARIS%20VESTIDO%20DE%20NOIVA%20RJ%20RIO%20DE%20JANEIRO%20(4).jpg\"                   src=\"https:\/\/www.ivanabeaumond.com.br\/vestidos-noiva\/wp-content\/uploads\/photo-gallery\/thumb\/IZABEL%20NOIVA%20ATELIER%20IVANA%20BEAUMOND%20PARIS%20VESTIDO%20DE%20NOIVA%20RJ%20RIO%20DE%20JANEIRO%20(4).jpg\"                   alt=\"IZABEL NOIVA ATELIER IVANA BEAUMOND PARIS VESTIDO DE NOIVA RJ RIO DE JANEIRO (4)\"                   title=\"IZABEL NOIVA ATELIER IVANA BEAUMOND PARIS VESTIDO DE NOIVA RJ RIO DE JANEIRO (4)\" \/>            <\/div>            <div class=\"\">                                                      <\/div>          <\/div>        <\/div>                        <\/a>              <\/div>            <div class=\"bwg-item\">        <a class=\"bwg-a  bwg_lightbox\"  data-image-id=\"3109\" href=\"https:\/\/www.ivanabeaumond.com.br\/vestidos-noiva\/wp-content\/uploads\/photo-gallery\/IZABEL%20NOIVA%20ATELIER%20IVANA%20BEAUMOND%20PARIS%20VESTIDO%20DE%20NOIVA%20RJ%20RIO%20DE%20JANEIRO%20(5).jpg\" data-elementor-open-lightbox=\"no\">                <div class=\"bwg-item0 \">          <div class=\"bwg-item1 \">            <div class=\"bwg-item2\">              <img class=\"skip-lazy bwg_standart_thumb_img_0 \"                   data-id=\"3109\"                   data-width=\"\"                   data-height=\"\"                   data-src=\"https:\/\/www.ivanabeaumond.com.br\/vestidos-noiva\/wp-content\/uploads\/photo-gallery\/thumb\/IZABEL%20NOIVA%20ATELIER%20IVANA%20BEAUMOND%20PARIS%20VESTIDO%20DE%20NOIVA%20RJ%20RIO%20DE%20JANEIRO%20(5).jpg\"                   src=\"https:\/\/www.ivanabeaumond.com.br\/vestidos-noiva\/wp-content\/uploads\/photo-gallery\/thumb\/IZABEL%20NOIVA%20ATELIER%20IVANA%20BEAUMOND%20PARIS%20VESTIDO%20DE%20NOIVA%20RJ%20RIO%20DE%20JANEIRO%20(5).jpg\"                   alt=\"IZABEL NOIVA ATELIER IVANA BEAUMOND PARIS VESTIDO DE NOIVA RJ RIO DE JANEIRO (5)\"                   title=\"IZABEL NOIVA ATELIER IVANA BEAUMOND PARIS VESTIDO DE NOIVA RJ RIO DE JANEIRO (5)\" \/>            <\/div>            <div class=\"\">                                                      <\/div>          <\/div>        <\/div>                        <\/a>              <\/div>            <div class=\"bwg-item\">        <a class=\"bwg-a  bwg_lightbox\"  data-image-id=\"3110\" href=\"https:\/\/www.ivanabeaumond.com.br\/vestidos-noiva\/wp-content\/uploads\/photo-gallery\/IZABEL%20NOIVA%20ATELIER%20IVANA%20BEAUMOND%20PARIS%20VESTIDO%20DE%20NOIVA%20RJ%20RIO%20DE%20JANEIRO%20(6).jpg\" data-elementor-open-lightbox=\"no\">                <div class=\"bwg-item0 \">          <div class=\"bwg-item1 \">            <div class=\"bwg-item2\">              <img class=\"skip-lazy bwg_standart_thumb_img_0 \"                   data-id=\"3110\"                   data-width=\"\"                   data-height=\"\"                   data-src=\"https:\/\/www.ivanabeaumond.com.br\/vestidos-noiva\/wp-content\/uploads\/photo-gallery\/thumb\/IZABEL%20NOIVA%20ATELIER%20IVANA%20BEAUMOND%20PARIS%20VESTIDO%20DE%20NOIVA%20RJ%20RIO%20DE%20JANEIRO%20(6).jpg\"                   src=\"https:\/\/www.ivanabeaumond.com.br\/vestidos-noiva\/wp-content\/uploads\/photo-gallery\/thumb\/IZABEL%20NOIVA%20ATELIER%20IVANA%20BEAUMOND%20PARIS%20VESTIDO%20DE%20NOIVA%20RJ%20RIO%20DE%20JANEIRO%20(6).jpg\"                   alt=\"IZABEL NOIVA ATELIER IVANA BEAUMOND PARIS VESTIDO DE NOIVA RJ RIO DE JANEIRO (6)\"                   title=\"IZABEL NOIVA ATELIER IVANA BEAUMOND PARIS VESTIDO DE NOIVA RJ RIO DE JANEIRO (6)\" \/>            <\/div>            <div class=\"\">                                                      <\/div>          <\/div>        <\/div>                        <\/a>              <\/div>            <div class=\"bwg-item\">        <a class=\"bwg-a  bwg_lightbox\"  data-image-id=\"3111\" href=\"https:\/\/www.ivanabeaumond.com.br\/vestidos-noiva\/wp-content\/uploads\/photo-gallery\/IZABEL%20NOIVA%20ATELIER%20IVANA%20BEAUMOND%20PARIS%20VESTIDO%20DE%20NOIVA%20RJ%20RIO%20DE%20JANEIRO%20(7).jpg\" data-elementor-open-lightbox=\"no\">                <div class=\"bwg-item0 \">          <div class=\"bwg-item1 \">            <div class=\"bwg-item2\">              <img class=\"skip-lazy bwg_standart_thumb_img_0 \"                   data-id=\"3111\"                   data-width=\"\"                   data-height=\"\"                   data-src=\"https:\/\/www.ivanabeaumond.com.br\/vestidos-noiva\/wp-content\/uploads\/photo-gallery\/thumb\/IZABEL%20NOIVA%20ATELIER%20IVANA%20BEAUMOND%20PARIS%20VESTIDO%20DE%20NOIVA%20RJ%20RIO%20DE%20JANEIRO%20(7).jpg\"                   src=\"https:\/\/www.ivanabeaumond.com.br\/vestidos-noiva\/wp-content\/uploads\/photo-gallery\/thumb\/IZABEL%20NOIVA%20ATELIER%20IVANA%20BEAUMOND%20PARIS%20VESTIDO%20DE%20NOIVA%20RJ%20RIO%20DE%20JANEIRO%20(7).jpg\"                   alt=\"IZABEL NOIVA ATELIER IVANA BEAUMOND PARIS VESTIDO DE NOIVA RJ RIO DE JANEIRO (7)\"                   title=\"IZABEL NOIVA ATELIER IVANA BEAUMOND PARIS VESTIDO DE NOIVA RJ RIO DE JANEIRO (7)\" \/>            <\/div>            <div class=\"\">                                                      <\/div>          <\/div>        <\/div>                        <\/a>              <\/div>            <div class=\"bwg-item\">        <a class=\"bwg-a  bwg_lightbox\"  data-image-id=\"3112\" href=\"https:\/\/www.ivanabeaumond.com.br\/vestidos-noiva\/wp-content\/uploads\/photo-gallery\/IZABEL%20NOIVA%20ATELIER%20IVANA%20BEAUMOND%20PARIS%20VESTIDO%20DE%20NOIVA%20RJ%20RIO%20DE%20JANEIRO%20(8).jpg\" data-elementor-open-lightbox=\"no\">                <div class=\"bwg-item0 \">          <div class=\"bwg-item1 \">            <div class=\"bwg-item2\">              <img class=\"skip-lazy bwg_standart_thumb_img_0 \"                   data-id=\"3112\"                   data-width=\"\"                   data-height=\"\"                   data-src=\"https:\/\/www.ivanabeaumond.com.br\/vestidos-noiva\/wp-content\/uploads\/photo-gallery\/thumb\/IZABEL%20NOIVA%20ATELIER%20IVANA%20BEAUMOND%20PARIS%20VESTIDO%20DE%20NOIVA%20RJ%20RIO%20DE%20JANEIRO%20(8).jpg\"                   src=\"https:\/\/www.ivanabeaumond.com.br\/vestidos-noiva\/wp-content\/uploads\/photo-gallery\/thumb\/IZABEL%20NOIVA%20ATELIER%20IVANA%20BEAUMOND%20PARIS%20VESTIDO%20DE%20NOIVA%20RJ%20RIO%20DE%20JANEIRO%20(8).jpg\"                   alt=\"IZABEL NOIVA ATELIER IVANA BEAUMOND PARIS VESTIDO DE NOIVA RJ RIO DE JANEIRO (8)\"                   title=\"IZABEL NOIVA ATELIER IVANA BEAUMOND PARIS VESTIDO DE NOIVA RJ RIO DE JANEIRO (8)\" \/>            <\/div>            <div class=\"\">                                                      <\/div>          <\/div>        <\/div>                        <\/a>              <\/div>            <div class=\"bwg-item\">        <a class=\"bwg-a  bwg_lightbox\"  data-image-id=\"3113\" href=\"https:\/\/www.ivanabeaumond.com.br\/vestidos-noiva\/wp-content\/uploads\/photo-gallery\/IZABEL%20NOIVA%20ATELIER%20IVANA%20BEAUMOND%20PARIS%20VESTIDO%20DE%20NOIVA%20RJ%20RIO%20DE%20JANEIRO%20(9).jpg\" data-elementor-open-lightbox=\"no\">                <div class=\"bwg-item0 \">          <div class=\"bwg-item1 \">            <div class=\"bwg-item2\">              <img class=\"skip-lazy bwg_standart_thumb_img_0 \"                   data-id=\"3113\"                   data-width=\"\"                   data-height=\"\"                   data-src=\"https:\/\/www.ivanabeaumond.com.br\/vestidos-noiva\/wp-content\/uploads\/photo-gallery\/thumb\/IZABEL%20NOIVA%20ATELIER%20IVANA%20BEAUMOND%20PARIS%20VESTIDO%20DE%20NOIVA%20RJ%20RIO%20DE%20JANEIRO%20(9).jpg\"                   src=\"https:\/\/www.ivanabeaumond.com.br\/vestidos-noiva\/wp-content\/uploads\/photo-gallery\/thumb\/IZABEL%20NOIVA%20ATELIER%20IVANA%20BEAUMOND%20PARIS%20VESTIDO%20DE%20NOIVA%20RJ%20RIO%20DE%20JANEIRO%20(9).jpg\"                   alt=\"IZABEL NOIVA ATELIER IVANA BEAUMOND PARIS VESTIDO DE NOIVA RJ RIO DE JANEIRO (9)\"                   title=\"IZABEL NOIVA ATELIER IVANA BEAUMOND PARIS VESTIDO DE NOIVA RJ RIO DE JANEIRO (9)\" \/>            <\/div>            <div class=\"\">                                                      <\/div>          <\/div>        <\/div>                        <\/a>              <\/div>            <div class=\"bwg-item\">        <a class=\"bwg-a  bwg_lightbox\"  data-image-id=\"3114\" href=\"https:\/\/www.ivanabeaumond.com.br\/vestidos-noiva\/wp-content\/uploads\/photo-gallery\/IZABEL%20NOIVA%20ATELIER%20IVANA%20BEAUMOND%20PARIS%20VESTIDO%20DE%20NOIVA%20RJ%20RIO%20DE%20JANEIRO%20(10).jpg\" data-elementor-open-lightbox=\"no\">                <div class=\"bwg-item0 \">          <div class=\"bwg-item1 \">            <div class=\"bwg-item2\">              <img class=\"skip-lazy bwg_standart_thumb_img_0 \"                   data-id=\"3114\"                   data-width=\"\"                   data-height=\"\"                   data-src=\"https:\/\/www.ivanabeaumond.com.br\/vestidos-noiva\/wp-content\/uploads\/photo-gallery\/thumb\/IZABEL%20NOIVA%20ATELIER%20IVANA%20BEAUMOND%20PARIS%20VESTIDO%20DE%20NOIVA%20RJ%20RIO%20DE%20JANEIRO%20(10).jpg\"                   src=\"https:\/\/www.ivanabeaumond.com.br\/vestidos-noiva\/wp-content\/uploads\/photo-gallery\/thumb\/IZABEL%20NOIVA%20ATELIER%20IVANA%20BEAUMOND%20PARIS%20VESTIDO%20DE%20NOIVA%20RJ%20RIO%20DE%20JANEIRO%20(10).jpg\"                   alt=\"IZABEL NOIVA ATELIER IVANA BEAUMOND PARIS VESTIDO DE NOIVA RJ RIO DE JANEIRO (10)\"                   title=\"IZABEL NOIVA ATELIER IVANA BEAUMOND PARIS VESTIDO DE NOIVA RJ RIO DE JANEIRO (10)\" \/>            <\/div>            <div class=\"\">                                                      <\/div>          <\/div>        <\/div>                        <\/a>              <\/div>            <div class=\"bwg-item\">        <a class=\"bwg-a  bwg_lightbox\"  data-image-id=\"3115\" href=\"https:\/\/www.ivanabeaumond.com.br\/vestidos-noiva\/wp-content\/uploads\/photo-gallery\/IZABEL%20NOIVA%20ATELIER%20IVANA%20BEAUMOND%20PARIS%20VESTIDO%20DE%20NOIVA%20RJ%20RIO%20DE%20JANEIRO%20(11).jpg\" data-elementor-open-lightbox=\"no\">                <div class=\"bwg-item0 \">          <div class=\"bwg-item1 \">            <div class=\"bwg-item2\">              <img class=\"skip-lazy bwg_standart_thumb_img_0 \"                   data-id=\"3115\"                   data-width=\"\"                   data-height=\"\"                   data-src=\"https:\/\/www.ivanabeaumond.com.br\/vestidos-noiva\/wp-content\/uploads\/photo-gallery\/thumb\/IZABEL%20NOIVA%20ATELIER%20IVANA%20BEAUMOND%20PARIS%20VESTIDO%20DE%20NOIVA%20RJ%20RIO%20DE%20JANEIRO%20(11).jpg\"                   src=\"https:\/\/www.ivanabeaumond.com.br\/vestidos-noiva\/wp-content\/uploads\/photo-gallery\/thumb\/IZABEL%20NOIVA%20ATELIER%20IVANA%20BEAUMOND%20PARIS%20VESTIDO%20DE%20NOIVA%20RJ%20RIO%20DE%20JANEIRO%20(11).jpg\"                   alt=\"IZABEL NOIVA ATELIER IVANA BEAUMOND PARIS VESTIDO DE NOIVA RJ RIO DE JANEIRO (11)\"                   title=\"IZABEL NOIVA ATELIER IVANA BEAUMOND PARIS VESTIDO DE NOIVA RJ RIO DE JANEIRO (11)\" \/>            <\/div>            <div class=\"\">                                                      <\/div>          <\/div>        <\/div>                        <\/a>              <\/div>            <div class=\"bwg-item\">        <a class=\"bwg-a  bwg_lightbox\"  data-image-id=\"3116\" href=\"https:\/\/www.ivanabeaumond.com.br\/vestidos-noiva\/wp-content\/uploads\/photo-gallery\/IZABEL%20NOIVA%20ATELIER%20IVANA%20BEAUMOND%20PARIS%20VESTIDO%20DE%20NOIVA%20RJ%20RIO%20DE%20JANEIRO%20(12).jpg\" data-elementor-open-lightbox=\"no\">                <div class=\"bwg-item0 \">          <div class=\"bwg-item1 \">            <div class=\"bwg-item2\">              <img class=\"skip-lazy bwg_standart_thumb_img_0 \"                   data-id=\"3116\"                   data-width=\"\"                   data-height=\"\"                   data-src=\"https:\/\/www.ivanabeaumond.com.br\/vestidos-noiva\/wp-content\/uploads\/photo-gallery\/thumb\/IZABEL%20NOIVA%20ATELIER%20IVANA%20BEAUMOND%20PARIS%20VESTIDO%20DE%20NOIVA%20RJ%20RIO%20DE%20JANEIRO%20(12).jpg\"                   src=\"https:\/\/www.ivanabeaumond.com.br\/vestidos-noiva\/wp-content\/uploads\/photo-gallery\/thumb\/IZABEL%20NOIVA%20ATELIER%20IVANA%20BEAUMOND%20PARIS%20VESTIDO%20DE%20NOIVA%20RJ%20RIO%20DE%20JANEIRO%20(12).jpg\"                   alt=\"IZABEL NOIVA ATELIER IVANA BEAUMOND PARIS VESTIDO DE NOIVA RJ RIO DE JANEIRO (12)\"                   title=\"IZABEL NOIVA ATELIER IVANA BEAUMOND PARIS VESTIDO DE NOIVA RJ RIO DE JANEIRO (12)\" \/>            <\/div>            <div class=\"\">                                                      <\/div>          <\/div>        <\/div>                        <\/a>              <\/div>            <div class=\"bwg-item\">        <a class=\"bwg-a  bwg_lightbox\"  data-image-id=\"3117\" href=\"https:\/\/www.ivanabeaumond.com.br\/vestidos-noiva\/wp-content\/uploads\/photo-gallery\/IZABEL%20NOIVA%20ATELIER%20IVANA%20BEAUMOND%20PARIS%20VESTIDO%20DE%20NOIVA%20RJ%20RIO%20DE%20JANEIRO%20(13).jpg\" data-elementor-open-lightbox=\"no\">                <div class=\"bwg-item0 \">          <div class=\"bwg-item1 \">            <div class=\"bwg-item2\">              <img class=\"skip-lazy bwg_standart_thumb_img_0 \"                   data-id=\"3117\"                   data-width=\"\"                   data-height=\"\"                   data-src=\"https:\/\/www.ivanabeaumond.com.br\/vestidos-noiva\/wp-content\/uploads\/photo-gallery\/thumb\/IZABEL%20NOIVA%20ATELIER%20IVANA%20BEAUMOND%20PARIS%20VESTIDO%20DE%20NOIVA%20RJ%20RIO%20DE%20JANEIRO%20(13).jpg\"                   src=\"https:\/\/www.ivanabeaumond.com.br\/vestidos-noiva\/wp-content\/uploads\/photo-gallery\/thumb\/IZABEL%20NOIVA%20ATELIER%20IVANA%20BEAUMOND%20PARIS%20VESTIDO%20DE%20NOIVA%20RJ%20RIO%20DE%20JANEIRO%20(13).jpg\"                   alt=\"IZABEL NOIVA ATELIER IVANA BEAUMOND PARIS VESTIDO DE NOIVA RJ RIO DE JANEIRO (13)\"                   title=\"IZABEL NOIVA ATELIER IVANA BEAUMOND PARIS VESTIDO DE NOIVA RJ RIO DE JANEIRO (13)\" \/>            <\/div>            <div class=\"\">                                                      <\/div>          <\/div>        <\/div>                        <\/a>              <\/div>            <div class=\"bwg-item\">        <a class=\"bwg-a  bwg_lightbox\"  data-image-id=\"3118\" href=\"https:\/\/www.ivanabeaumond.com.br\/vestidos-noiva\/wp-content\/uploads\/photo-gallery\/IZABEL%20NOIVA%20ATELIER%20IVANA%20BEAUMOND%20PARIS%20VESTIDO%20DE%20NOIVA%20RJ%20RIO%20DE%20JANEIRO%20(14).jpg\" data-elementor-open-lightbox=\"no\">                <div class=\"bwg-item0 \">          <div class=\"bwg-item1 \">            <div class=\"bwg-item2\">              <img class=\"skip-lazy bwg_standart_thumb_img_0 \"                   data-id=\"3118\"                   data-width=\"\"                   data-height=\"\"                   data-src=\"https:\/\/www.ivanabeaumond.com.br\/vestidos-noiva\/wp-content\/uploads\/photo-gallery\/thumb\/IZABEL%20NOIVA%20ATELIER%20IVANA%20BEAUMOND%20PARIS%20VESTIDO%20DE%20NOIVA%20RJ%20RIO%20DE%20JANEIRO%20(14).jpg\"                   src=\"https:\/\/www.ivanabeaumond.com.br\/vestidos-noiva\/wp-content\/uploads\/photo-gallery\/thumb\/IZABEL%20NOIVA%20ATELIER%20IVANA%20BEAUMOND%20PARIS%20VESTIDO%20DE%20NOIVA%20RJ%20RIO%20DE%20JANEIRO%20(14).jpg\"                   alt=\"IZABEL NOIVA ATELIER IVANA BEAUMOND PARIS VESTIDO DE NOIVA RJ RIO DE JANEIRO (14)\"                   title=\"IZABEL NOIVA ATELIER IVANA BEAUMOND PARIS VESTIDO DE NOIVA RJ RIO DE JANEIRO (14)\" \/>            <\/div>            <div class=\"\">                                                      <\/div>          <\/div>        <\/div>                        <\/a>              <\/div>            <div class=\"bwg-item\">        <a class=\"bwg-a  bwg_lightbox\"  data-image-id=\"3119\" href=\"https:\/\/www.ivanabeaumond.com.br\/vestidos-noiva\/wp-content\/uploads\/photo-gallery\/IZABEL%20NOIVA%20ATELIER%20IVANA%20BEAUMOND%20PARIS%20VESTIDO%20DE%20NOIVA%20RJ%20RIO%20DE%20JANEIRO%20(15).jpg\" data-elementor-open-lightbox=\"no\">                <div class=\"bwg-item0 \">          <div class=\"bwg-item1 \">            <div class=\"bwg-item2\">              <img class=\"skip-lazy bwg_standart_thumb_img_0 \"                   data-id=\"3119\"                   data-width=\"\"                   data-height=\"\"                   data-src=\"https:\/\/www.ivanabeaumond.com.br\/vestidos-noiva\/wp-content\/uploads\/photo-gallery\/thumb\/IZABEL%20NOIVA%20ATELIER%20IVANA%20BEAUMOND%20PARIS%20VESTIDO%20DE%20NOIVA%20RJ%20RIO%20DE%20JANEIRO%20(15).jpg\"                   src=\"https:\/\/www.ivanabeaumond.com.br\/vestidos-noiva\/wp-content\/uploads\/photo-gallery\/thumb\/IZABEL%20NOIVA%20ATELIER%20IVANA%20BEAUMOND%20PARIS%20VESTIDO%20DE%20NOIVA%20RJ%20RIO%20DE%20JANEIRO%20(15).jpg\"                   alt=\"IZABEL NOIVA ATELIER IVANA BEAUMOND PARIS VESTIDO DE NOIVA RJ RIO DE JANEIRO (15)\"                   title=\"IZABEL NOIVA ATELIER IVANA BEAUMOND PARIS VESTIDO DE NOIVA RJ RIO DE JANEIRO (15)\" \/>            <\/div>            <div class=\"\">                                                      <\/div>          <\/div>        <\/div>                        <\/a>              <\/div>            <div class=\"bwg-item\">        <a class=\"bwg-a  bwg_lightbox\"  data-image-id=\"3120\" href=\"https:\/\/www.ivanabeaumond.com.br\/vestidos-noiva\/wp-content\/uploads\/photo-gallery\/IZABEL%20NOIVA%20ATELIER%20IVANA%20BEAUMOND%20PARIS%20VESTIDO%20DE%20NOIVA%20RJ%20RIO%20DE%20JANEIRO%20(16).jpg\" data-elementor-open-lightbox=\"no\">                <div class=\"bwg-item0 \">          <div class=\"bwg-item1 \">            <div class=\"bwg-item2\">              <img class=\"skip-lazy bwg_standart_thumb_img_0 \"                   data-id=\"3120\"                   data-width=\"\"                   data-height=\"\"                   data-src=\"https:\/\/www.ivanabeaumond.com.br\/vestidos-noiva\/wp-content\/uploads\/photo-gallery\/thumb\/IZABEL%20NOIVA%20ATELIER%20IVANA%20BEAUMOND%20PARIS%20VESTIDO%20DE%20NOIVA%20RJ%20RIO%20DE%20JANEIRO%20(16).jpg\"                   src=\"https:\/\/www.ivanabeaumond.com.br\/vestidos-noiva\/wp-content\/uploads\/photo-gallery\/thumb\/IZABEL%20NOIVA%20ATELIER%20IVANA%20BEAUMOND%20PARIS%20VESTIDO%20DE%20NOIVA%20RJ%20RIO%20DE%20JANEIRO%20(16).jpg\"                   alt=\"IZABEL NOIVA ATELIER IVANA BEAUMOND PARIS VESTIDO DE NOIVA RJ RIO DE JANEIRO (16)\"                   title=\"IZABEL NOIVA ATELIER IVANA BEAUMOND PARIS VESTIDO DE NOIVA RJ RIO DE JANEIRO (16)\" \/>            <\/div>            <div class=\"\">                                                      <\/div>          <\/div>        <\/div>                        <\/a>              <\/div>            <div class=\"bwg-item\">        <a class=\"bwg-a  bwg_lightbox\"  data-image-id=\"3121\" href=\"https:\/\/www.ivanabeaumond.com.br\/vestidos-noiva\/wp-content\/uploads\/photo-gallery\/IZABEL%20NOIVA%20ATELIER%20IVANA%20BEAUMOND%20PARIS%20VESTIDO%20DE%20NOIVA%20RJ%20RIO%20DE%20JANEIRO%20(17).jpg\" data-elementor-open-lightbox=\"no\">                <div class=\"bwg-item0 \">          <div class=\"bwg-item1 \">            <div class=\"bwg-item2\">              <img class=\"skip-lazy bwg_standart_thumb_img_0 \"                   data-id=\"3121\"                   data-width=\"\"                   data-height=\"\"                   data-src=\"https:\/\/www.ivanabeaumond.com.br\/vestidos-noiva\/wp-content\/uploads\/photo-gallery\/thumb\/IZABEL%20NOIVA%20ATELIER%20IVANA%20BEAUMOND%20PARIS%20VESTIDO%20DE%20NOIVA%20RJ%20RIO%20DE%20JANEIRO%20(17).jpg\"                   src=\"https:\/\/www.ivanabeaumond.com.br\/vestidos-noiva\/wp-content\/uploads\/photo-gallery\/thumb\/IZABEL%20NOIVA%20ATELIER%20IVANA%20BEAUMOND%20PARIS%20VESTIDO%20DE%20NOIVA%20RJ%20RIO%20DE%20JANEIRO%20(17).jpg\"                   alt=\"IZABEL NOIVA ATELIER IVANA BEAUMOND PARIS VESTIDO DE NOIVA RJ RIO DE JANEIRO (17)\"                   title=\"IZABEL NOIVA ATELIER IVANA BEAUMOND PARIS VESTIDO DE NOIVA RJ RIO DE JANEIRO (17)\" \/>            <\/div>            <div class=\"\">                                                      <\/div>          <\/div>        <\/div>                        <\/a>              <\/div>            <div class=\"bwg-item\">        <a class=\"bwg-a  bwg_lightbox\"  data-image-id=\"3122\" href=\"https:\/\/www.ivanabeaumond.com.br\/vestidos-noiva\/wp-content\/uploads\/photo-gallery\/IZABEL%20NOIVA%20ATELIER%20IVANA%20BEAUMOND%20PARIS%20VESTIDO%20DE%20NOIVA%20RJ%20RIO%20DE%20JANEIRO%20(18).jpg\" data-elementor-open-lightbox=\"no\">                <div class=\"bwg-item0 \">          <div class=\"bwg-item1 \">            <div class=\"bwg-item2\">              <img class=\"skip-lazy bwg_standart_thumb_img_0 \"                   data-id=\"3122\"                   data-width=\"\"                   data-height=\"\"                   data-src=\"https:\/\/www.ivanabeaumond.com.br\/vestidos-noiva\/wp-content\/uploads\/photo-gallery\/thumb\/IZABEL%20NOIVA%20ATELIER%20IVANA%20BEAUMOND%20PARIS%20VESTIDO%20DE%20NOIVA%20RJ%20RIO%20DE%20JANEIRO%20(18).jpg\"                   src=\"https:\/\/www.ivanabeaumond.com.br\/vestidos-noiva\/wp-content\/uploads\/photo-gallery\/thumb\/IZABEL%20NOIVA%20ATELIER%20IVANA%20BEAUMOND%20PARIS%20VESTIDO%20DE%20NOIVA%20RJ%20RIO%20DE%20JANEIRO%20(18).jpg\"                   alt=\"IZABEL NOIVA ATELIER IVANA BEAUMOND PARIS VESTIDO DE NOIVA RJ RIO DE JANEIRO (18)\"                   title=\"IZABEL NOIVA ATELIER IVANA BEAUMOND PARIS VESTIDO DE NOIVA RJ RIO DE JANEIRO (18)\" \/>            <\/div>            <div class=\"\">                                                      <\/div>          <\/div>        <\/div>                        <\/a>              <\/div>          <\/div>    <style>      \/*pagination styles*\/      #bwg_container1_0 #bwg_container2_0 .tablenav-pages_0 {\t\t\t\ttext-align: center;\t\t\t\tfont-size: 12px;\t\t\t\tfont-family: segoe ui;\t\t\t\tfont-weight: bold;\t\t\t\tcolor: #666666;\t\t\t\tmargin: 6px 0 4px;\t\t\t\tdisplay: block;      }      @media only screen and (max-width : 320px) {      #bwg_container1_0 #bwg_container2_0 .displaying-num_0 {     \t display: none;      }      }      #bwg_container1_0 #bwg_container2_0 .displaying-num_0 {\t\t\t\tfont-size: 12px;\t\t\t\tfont-family: segoe ui;\t\t\t\tfont-weight: bold;\t\t\t\tcolor: #666666;\t\t\t\tmargin-right: 10px;\t\t\t\tvertical-align: middle;      }      #bwg_container1_0 #bwg_container2_0 .paging-input_0 {\t\t\t\tfont-size: 12px;\t\t\t\tfont-family: segoe ui;\t\t\t\tfont-weight: bold;\t\t\t\tcolor: #666666;\t\t\t\tvertical-align: middle;      }      #bwg_container1_0 #bwg_container2_0 .tablenav-pages_0 a.disabled,      #bwg_container1_0 #bwg_container2_0 .tablenav-pages_0 a.disabled:hover,      #bwg_container1_0 #bwg_container2_0 .tablenav-pages_0 a.disabled:focus,\t\t\t#bwg_container1_0 #bwg_container2_0 .tablenav-pages_0 input.bwg_current_page {\t\t\t\tcursor: default;\t\t\t\tcolor: rgba(102, 102, 102, 0.5);      }      #bwg_container1_0 #bwg_container2_0 .tablenav-pages_0 a,      #bwg_container1_0 #bwg_container2_0 .tablenav-pages_0 input.bwg_current_page {\t\t\t\tcursor: pointer;\t\t\t\ttext-align: center;\t\t\t\tfont-size: 12px;\t\t\t\tfont-family: segoe ui;\t\t\t\tfont-weight: bold;\t\t\t\tcolor: #666666;\t\t\t\ttext-decoration: none;\t\t\t\tpadding: 3px 6px;\t\t\t\tmargin: 0;\t\t\t\tborder-radius: 0;\t\t\t\tborder-style: solid;\t\t\t\tborder-width: 1px;\t\t\t\tborder-color: #E3E3E3;\t\t\t\t\t\t\t\tbackground-color: rgba(255, 255, 255, 1.00);\t\t\t\tbox-shadow: 0;\t\t\t\ttransition: all 0.3s ease 0s;-webkit-transition: all 0.3s ease 0s;      }      <\/style>      <span class=\"bwg_nav_cont_0\">              <div class=\"tablenav-pages_0\">                  <\/div>                <input type=\"hidden\" id=\"page_number_0\" name=\"page_number_0\" value=\"1\" \/>      <script type=\"text\/javascript\">        if( jQuery('.bwg_nav_cont_0').length > 1 ) {          jQuery('.bwg_nav_cont_0').first().remove()        }        function spider_page_0(cur, x, y, load_more) {          if (typeof load_more == \"undefined\") {            var load_more = false;          }          if (jQuery(cur).hasClass('disabled')) {            return false;          }          var items_county_0 = 1;          switch (y) {            case 1:              if (x >= items_county_0) {                document.getElementById('page_number_0').value = items_county_0;              }              else {                document.getElementById('page_number_0').value = x + 1;              }              break;            case 2:              document.getElementById('page_number_0').value = items_county_0;              break;            case -1:              if (x == 1) {                document.getElementById('page_number_0').value = 1;              }              else {                document.getElementById('page_number_0').value = x - 1;              }              break;            case -2:              document.getElementById('page_number_0').value = 1;              break;\t\t\t\t\t\tcase 0:              document.getElementById('page_number_0').value = x;              break;            default:              document.getElementById('page_number_0').value = 1;          }          bwg_ajax('gal_front_form_0', '0', 'bwg_thumbnails_0', '0', '', 'gallery', 0, '', '', load_more, '', 1);        }                    jQuery('.first-page-0').on('click', function () {              spider_page_0(this, 1, -2, 'numeric');              return false;            });            jQuery('.prev-page-0').on('click', function () {              spider_page_0(this, 1, -1, 'numeric');              return false;            });            jQuery('.next-page-0').on('click', function () {              spider_page_0(this, 1, 1, 'numeric');              return false;            });            jQuery('.last-page-0').on('click', function () {              spider_page_0(this, 1, 2, 'numeric');              return false;            });        \t\t\t\t\/* Change page on input enter. *\/        function bwg_change_page_0( e, that ) {          if (  e.key == 'Enter' ) {            var to_page = parseInt(jQuery(that).val());            var pages_count = jQuery(that).parents(\".pagination-links\").data(\"pages-count\");            var current_url_param = jQuery(that).attr('data-url-info');            if (to_page > pages_count) {              to_page = 1;            }\t \t\t\t\t\t\t\t\t\t\t\t\tspider_page_0(this, to_page, 0, 'numeric');\t\t\t\t\t\t\treturn false;\t\t\t\t\t\t          }          return true;        }        jQuery('.bwg_load_btn_0').on('click', function () {            spider_page_0(this, 1, 1, true);            return false;        });      <\/script>      <\/span>                <\/div>        <\/form>        <style>          #bwg_container1_0 #bwg_container2_0 #spider_popup_overlay_0 {          background-color: #000000;          opacity: 0.70;          }          <\/style>        <div id=\"bwg_spider_popup_loading_0\" class=\"bwg_spider_popup_loading\"><\/div>        <div id=\"spider_popup_overlay_0\" class=\"spider_popup_overlay\" onclick=\"spider_destroypopup(1000)\"><\/div>        <input type=\"hidden\" id=\"bwg_random_seed_0\" value=\"933722628\">                <\/div>    <\/div>    <script>      if (document.readyState === 'complete') {        if( typeof bwg_main_ready == 'function' ) {          if ( jQuery(\"#bwg_container1_0\").height() ) {            bwg_main_ready(jQuery(\"#bwg_container1_0\"));          }        }      } else {        document.addEventListener('DOMContentLoaded', function() {          if( typeof bwg_main_ready == 'function' ) {            if ( jQuery(\"#bwg_container1_0\").height() ) {             bwg_main_ready(jQuery(\"#bwg_container1_0\"));            }          }        });      }    <\/script>    \n\n\n\n<h4 class=\"wp-block-heading\"><span style=\"color: #000000;\">Ficha T\u00e9cnica:<\/span><\/h4>\n\n\n\n<h4 class=\"wp-block-heading\"><span style=\"color: #000000;\">Vestido de noiva: Atelier Ivana Beaumond Paris. Cabelo e Maquiagem: Morgana Guerra. Sapatos: Mega Shoes. Convite: Chuchu Conviteria. Buqu\u00ea e lapelas: M\u00f4nica Nery. Alian\u00e7as: Montecarlo. Local da cerim\u00f4nia: Pagum Eventos. Decora\u00e7\u00e3o: M\u00f4nica Nery. Local do Making of: Lagheto Estilo. Cerimonial: Ver\u00f4nica Lopez. DJ: Lopez. Fotografia: Malu Vieira. Filmagem: J\u00e9ssica Andrade Filmes.<\/span><\/h4>\n\n\n\n<div style=\"height:51px\" aria-hidden=\"true\" class=\"wp-block-spacer\"><\/div>\n\n\n\n<h4 class=\"wp-block-heading\">&nbsp;<\/h4>\n\n\n\n<h4 class=\"wp-block-heading\"><span style=\"color: #999999;\">Gostou? Siga nosso instagram&nbsp;<span style=\"color: #000080;\"><a style=\"color: #000080;\" href=\"https:\/\/www.instagram.com\/ivanabeaumond\/\">@ivanabeaumond<\/a><\/span>&nbsp;e curta nossa <span style=\"color: #000080;\"><a style=\"color: #000080;\" href=\"https:\/\/www.facebook.com\/IvanaBeaumond\/\" target=\"_blank\" rel=\"noopener noreferrer\">fanpage<\/a><\/span>&nbsp;&nbsp;no Facebook para ficar por dentro de tudo o que rola no mundo das noivas, e conhe\u00e7a nossos Melhores Modelos de Vestidos de Noivas Nacionais, Importados e Sob Medida.<\/span><\/h4>\n","protected":false},"excerpt":{"rendered":"<p>A Izabel e o Leo disseram o t\u00e3o esperado &#8220;sim&#8221;&#8230;<\/p>\n","protected":false},"author":4,"featured_media":22865,"comment_status":"closed","ping_status":"closed","sticky":false,"template":"","format":"standard","meta":[],"categories":[60,130],"tags":[159,1084,1085,1087,131,981,1086,203,979,1019,650,204,133,755,1083,209,671,286,98,164,858,857,273],"yoast_head":"<!-- This site is optimized with the Yoast SEO plugin v20.3 - https:\/\/yoast.com\/wordpress\/plugins\/seo\/ -->\n<title>Casamento Rom\u00e2ntico, com lzabel e Leo - Vestido de Noiva RJ<\/title>\n<meta name=\"robots\" content=\"index, follow, max-snippet:-1, max-image-preview:large, max-video-preview:-1\" \/>\n<link rel=\"canonical\" href=\"https:\/\/www.ivanabeaumond.com.br\/vestidos-noiva\/casamento-romantico-com-lzabel-e-leo\/\" \/>\n<meta property=\"og:locale\" content=\"pt_BR\" \/>\n<meta property=\"og:type\" content=\"article\" \/>\n<meta property=\"og:title\" content=\"Casamento Rom\u00e2ntico, com lzabel e Leo - Vestido de Noiva RJ\" \/>\n<meta property=\"og:description\" content=\"A Izabel e o Leo disseram o t\u00e3o esperado &#8220;sim&#8221;...\" \/>\n<meta property=\"og:url\" content=\"https:\/\/www.ivanabeaumond.com.br\/vestidos-noiva\/casamento-romantico-com-lzabel-e-leo\/\" \/>\n<meta property=\"og:site_name\" content=\"Vestido de Noiva RJ\" \/>\n<meta property=\"article:publisher\" content=\"https:\/\/www.facebook.com\/ivana.beaumondnoivas\" \/>\n<meta property=\"article:published_time\" content=\"2019-11-27T20:12:59+00:00\" \/>\n<meta property=\"article:modified_time\" content=\"2020-08-10T19:08:58+00:00\" \/>\n<meta property=\"og:image\" content=\"https:\/\/www.ivanabeaumond.com.br\/vestidos-noiva\/wp-content\/uploads\/2019\/11\/IZABEL-NOIVA-ATELIER-IVANA-BEAUMOND-PARIS-VESTIDO-DE-NOIVA-RJ-RIO-DE-JANEIRO-15-e1574885414983.jpg\" \/>\n\t<meta property=\"og:image:width\" content=\"600\" \/>\n\t<meta property=\"og:image:height\" content=\"401\" \/>\n\t<meta property=\"og:image:type\" content=\"image\/jpeg\" \/>\n<meta name=\"author\" content=\"Ivana Beaumond Paris\" \/>\n<meta name=\"twitter:card\" content=\"summary_large_image\" \/>\n<meta name=\"twitter:label1\" content=\"Escrito por\" \/>\n\t<meta name=\"twitter:data1\" content=\"Ivana Beaumond Paris\" \/>\n\t<meta name=\"twitter:label2\" content=\"Est. tempo de leitura\" \/>\n\t<meta name=\"twitter:data2\" content=\"2 minutos\" \/>\n<script type=\"application\/ld+json\" class=\"yoast-schema-graph\">{\"@context\":\"https:\/\/schema.org\",\"@graph\":[{\"@type\":\"Article\",\"@id\":\"https:\/\/www.ivanabeaumond.com.br\/vestidos-noiva\/casamento-romantico-com-lzabel-e-leo\/#article\",\"isPartOf\":{\"@id\":\"https:\/\/www.ivanabeaumond.com.br\/vestidos-noiva\/casamento-romantico-com-lzabel-e-leo\/\"},\"author\":{\"name\":\"Ivana Beaumond Paris\",\"@id\":\"https:\/\/www.ivanabeaumond.com.br\/vestidos-noiva\/#\/schema\/person\/1a360c4cffa3b806d29a456389dcff26\"},\"headline\":\"Casamento Rom\u00e2ntico, com lzabel e Leo\",\"datePublished\":\"2019-11-27T20:12:59+00:00\",\"dateModified\":\"2020-08-10T19:08:58+00:00\",\"mainEntityOfPage\":{\"@id\":\"https:\/\/www.ivanabeaumond.com.br\/vestidos-noiva\/casamento-romantico-com-lzabel-e-leo\/\"},\"wordCount\":325,\"publisher\":{\"@id\":\"https:\/\/www.ivanabeaumond.com.br\/vestidos-noiva\/#organization\"},\"keywords\":[\"alian\u00e7as\",\"alugar vestido de noiva\",\"alugar vestido de noiva rj\",\"aluguel de roupa de festa rj\",\"aluguel de roupas\",\"aluguel de vestido de noiva\",\"aluguel de vestido de noiva rj\",\"atelier\",\"atelier de noiva\",\"atelier de noivas rj\",\"atelier ivana beaumond\",\"atelieraltacostura\",\"atelierivanabeaumond\",\"casamento rj\",\"casamentos rio de janeiro\",\"dress\",\"estilista de noiva\",\"ivana beaumond\",\"noiva\",\"noivas\",\"noivas rio de janeiro\",\"noivas rj\",\"rio de janeiro\"],\"articleSection\":[\"Blog\",\"Nossas Noivas\"],\"inLanguage\":\"pt-BR\"},{\"@type\":\"WebPage\",\"@id\":\"https:\/\/www.ivanabeaumond.com.br\/vestidos-noiva\/casamento-romantico-com-lzabel-e-leo\/\",\"url\":\"https:\/\/www.ivanabeaumond.com.br\/vestidos-noiva\/casamento-romantico-com-lzabel-e-leo\/\",\"name\":\"Casamento Rom\u00e2ntico, com lzabel e Leo - Vestido de Noiva RJ\",\"isPartOf\":{\"@id\":\"https:\/\/www.ivanabeaumond.com.br\/vestidos-noiva\/#website\"},\"datePublished\":\"2019-11-27T20:12:59+00:00\",\"dateModified\":\"2020-08-10T19:08:58+00:00\",\"breadcrumb\":{\"@id\":\"https:\/\/www.ivanabeaumond.com.br\/vestidos-noiva\/casamento-romantico-com-lzabel-e-leo\/#breadcrumb\"},\"inLanguage\":\"pt-BR\",\"potentialAction\":[{\"@type\":\"ReadAction\",\"target\":[\"https:\/\/www.ivanabeaumond.com.br\/vestidos-noiva\/casamento-romantico-com-lzabel-e-leo\/\"]}]},{\"@type\":\"BreadcrumbList\",\"@id\":\"https:\/\/www.ivanabeaumond.com.br\/vestidos-noiva\/casamento-romantico-com-lzabel-e-leo\/#breadcrumb\",\"itemListElement\":[{\"@type\":\"ListItem\",\"position\":1,\"name\":\"In\u00edcio\",\"item\":\"https:\/\/www.ivanabeaumond.com.br\/vestidos-noiva\/\"},{\"@type\":\"ListItem\",\"position\":2,\"name\":\"Casamento Rom\u00e2ntico, com lzabel e Leo\"}]},{\"@type\":\"WebSite\",\"@id\":\"https:\/\/www.ivanabeaumond.com.br\/vestidos-noiva\/#website\",\"url\":\"https:\/\/www.ivanabeaumond.com.br\/vestidos-noiva\/\",\"name\":\"Vestido de Noiva RJ\",\"description\":\"Moda Noiva\",\"publisher\":{\"@id\":\"https:\/\/www.ivanabeaumond.com.br\/vestidos-noiva\/#organization\"},\"potentialAction\":[{\"@type\":\"SearchAction\",\"target\":{\"@type\":\"EntryPoint\",\"urlTemplate\":\"https:\/\/www.ivanabeaumond.com.br\/vestidos-noiva\/?s={search_term_string}\"},\"query-input\":\"required name=search_term_string\"}],\"inLanguage\":\"pt-BR\"},{\"@type\":\"Organization\",\"@id\":\"https:\/\/www.ivanabeaumond.com.br\/vestidos-noiva\/#organization\",\"name\":\"Vestido de Noiva RJ\",\"url\":\"https:\/\/www.ivanabeaumond.com.br\/vestidos-noiva\/\",\"logo\":{\"@type\":\"ImageObject\",\"inLanguage\":\"pt-BR\",\"@id\":\"https:\/\/www.ivanabeaumond.com.br\/vestidos-noiva\/#\/schema\/logo\/image\/\",\"url\":\"https:\/\/www.ivanabeaumond.com.br\/vestidos-noiva\/wp-content\/uploads\/2018\/02\/logo_ivana_beaumond-2.png\",\"contentUrl\":\"https:\/\/www.ivanabeaumond.com.br\/vestidos-noiva\/wp-content\/uploads\/2018\/02\/logo_ivana_beaumond-2.png\",\"width\":230,\"height\":112,\"caption\":\"Vestido de Noiva RJ\"},\"image\":{\"@id\":\"https:\/\/www.ivanabeaumond.com.br\/vestidos-noiva\/#\/schema\/logo\/image\/\"},\"sameAs\":[\"https:\/\/www.facebook.com\/ivana.beaumondnoivas\",\"https:\/\/www.instagram.com\/ivanabeaumond\/\",\"https:\/\/www.tiktok.com\/@ivanabeaumond\"]},{\"@type\":\"Person\",\"@id\":\"https:\/\/www.ivanabeaumond.com.br\/vestidos-noiva\/#\/schema\/person\/1a360c4cffa3b806d29a456389dcff26\",\"name\":\"Ivana Beaumond Paris\",\"image\":{\"@type\":\"ImageObject\",\"inLanguage\":\"pt-BR\",\"@id\":\"https:\/\/www.ivanabeaumond.com.br\/vestidos-noiva\/#\/schema\/person\/image\/\",\"url\":\"https:\/\/secure.gravatar.com\/avatar\/641f98db20b53ec937ceb641db4270b9?s=96&d=mm&r=g\",\"contentUrl\":\"https:\/\/secure.gravatar.com\/avatar\/641f98db20b53ec937ceb641db4270b9?s=96&d=mm&r=g\",\"caption\":\"Ivana Beaumond Paris\"},\"url\":\"https:\/\/www.ivanabeaumond.com.br\/vestidos-noiva\/author\/ivana\/\"}]}<\/script>\n<!-- \/ Yoast SEO plugin. -->","yoast_head_json":{"title":"Casamento Rom\u00e2ntico, com lzabel e Leo - Vestido de Noiva RJ","robots":{"index":"index","follow":"follow","max-snippet":"max-snippet:-1","max-image-preview":"max-image-preview:large","max-video-preview":"max-video-preview:-1"},"canonical":"https:\/\/www.ivanabeaumond.com.br\/vestidos-noiva\/casamento-romantico-com-lzabel-e-leo\/","og_locale":"pt_BR","og_type":"article","og_title":"Casamento Rom\u00e2ntico, com lzabel e Leo - Vestido de Noiva RJ","og_description":"A Izabel e o Leo disseram o t\u00e3o esperado &#8220;sim&#8221;...","og_url":"https:\/\/www.ivanabeaumond.com.br\/vestidos-noiva\/casamento-romantico-com-lzabel-e-leo\/","og_site_name":"Vestido de Noiva RJ","article_publisher":"https:\/\/www.facebook.com\/ivana.beaumondnoivas","article_published_time":"2019-11-27T20:12:59+00:00","article_modified_time":"2020-08-10T19:08:58+00:00","og_image":[{"width":600,"height":401,"url":"https:\/\/www.ivanabeaumond.com.br\/vestidos-noiva\/wp-content\/uploads\/2019\/11\/IZABEL-NOIVA-ATELIER-IVANA-BEAUMOND-PARIS-VESTIDO-DE-NOIVA-RJ-RIO-DE-JANEIRO-15-e1574885414983.jpg","type":"image\/jpeg"}],"author":"Ivana Beaumond Paris","twitter_card":"summary_large_image","twitter_misc":{"Escrito por":"Ivana Beaumond Paris","Est. tempo de leitura":"2 minutos"},"schema":{"@context":"https:\/\/schema.org","@graph":[{"@type":"Article","@id":"https:\/\/www.ivanabeaumond.com.br\/vestidos-noiva\/casamento-romantico-com-lzabel-e-leo\/#article","isPartOf":{"@id":"https:\/\/www.ivanabeaumond.com.br\/vestidos-noiva\/casamento-romantico-com-lzabel-e-leo\/"},"author":{"name":"Ivana Beaumond Paris","@id":"https:\/\/www.ivanabeaumond.com.br\/vestidos-noiva\/#\/schema\/person\/1a360c4cffa3b806d29a456389dcff26"},"headline":"Casamento Rom\u00e2ntico, com lzabel e Leo","datePublished":"2019-11-27T20:12:59+00:00","dateModified":"2020-08-10T19:08:58+00:00","mainEntityOfPage":{"@id":"https:\/\/www.ivanabeaumond.com.br\/vestidos-noiva\/casamento-romantico-com-lzabel-e-leo\/"},"wordCount":325,"publisher":{"@id":"https:\/\/www.ivanabeaumond.com.br\/vestidos-noiva\/#organization"},"keywords":["alian\u00e7as","alugar vestido de noiva","alugar vestido de noiva rj","aluguel de roupa de festa rj","aluguel de roupas","aluguel de vestido de noiva","aluguel de vestido de noiva rj","atelier","atelier de noiva","atelier de noivas rj","atelier ivana beaumond","atelieraltacostura","atelierivanabeaumond","casamento rj","casamentos rio de janeiro","dress","estilista de noiva","ivana beaumond","noiva","noivas","noivas rio de janeiro","noivas rj","rio de janeiro"],"articleSection":["Blog","Nossas Noivas"],"inLanguage":"pt-BR"},{"@type":"WebPage","@id":"https:\/\/www.ivanabeaumond.com.br\/vestidos-noiva\/casamento-romantico-com-lzabel-e-leo\/","url":"https:\/\/www.ivanabeaumond.com.br\/vestidos-noiva\/casamento-romantico-com-lzabel-e-leo\/","name":"Casamento Rom\u00e2ntico, com lzabel e Leo - Vestido de Noiva RJ","isPartOf":{"@id":"https:\/\/www.ivanabeaumond.com.br\/vestidos-noiva\/#website"},"datePublished":"2019-11-27T20:12:59+00:00","dateModified":"2020-08-10T19:08:58+00:00","breadcrumb":{"@id":"https:\/\/www.ivanabeaumond.com.br\/vestidos-noiva\/casamento-romantico-com-lzabel-e-leo\/#breadcrumb"},"inLanguage":"pt-BR","potentialAction":[{"@type":"ReadAction","target":["https:\/\/www.ivanabeaumond.com.br\/vestidos-noiva\/casamento-romantico-com-lzabel-e-leo\/"]}]},{"@type":"BreadcrumbList","@id":"https:\/\/www.ivanabeaumond.com.br\/vestidos-noiva\/casamento-romantico-com-lzabel-e-leo\/#breadcrumb","itemListElement":[{"@type":"ListItem","position":1,"name":"In\u00edcio","item":"https:\/\/www.ivanabeaumond.com.br\/vestidos-noiva\/"},{"@type":"ListItem","position":2,"name":"Casamento Rom\u00e2ntico, com lzabel e Leo"}]},{"@type":"WebSite","@id":"https:\/\/www.ivanabeaumond.com.br\/vestidos-noiva\/#website","url":"https:\/\/www.ivanabeaumond.com.br\/vestidos-noiva\/","name":"Vestido de Noiva RJ","description":"Moda Noiva","publisher":{"@id":"https:\/\/www.ivanabeaumond.com.br\/vestidos-noiva\/#organization"},"potentialAction":[{"@type":"SearchAction","target":{"@type":"EntryPoint","urlTemplate":"https:\/\/www.ivanabeaumond.com.br\/vestidos-noiva\/?s={search_term_string}"},"query-input":"required name=search_term_string"}],"inLanguage":"pt-BR"},{"@type":"Organization","@id":"https:\/\/www.ivanabeaumond.com.br\/vestidos-noiva\/#organization","name":"Vestido de Noiva RJ","url":"https:\/\/www.ivanabeaumond.com.br\/vestidos-noiva\/","logo":{"@type":"ImageObject","inLanguage":"pt-BR","@id":"https:\/\/www.ivanabeaumond.com.br\/vestidos-noiva\/#\/schema\/logo\/image\/","url":"https:\/\/www.ivanabeaumond.com.br\/vestidos-noiva\/wp-content\/uploads\/2018\/02\/logo_ivana_beaumond-2.png","contentUrl":"https:\/\/www.ivanabeaumond.com.br\/vestidos-noiva\/wp-content\/uploads\/2018\/02\/logo_ivana_beaumond-2.png","width":230,"height":112,"caption":"Vestido de Noiva RJ"},"image":{"@id":"https:\/\/www.ivanabeaumond.com.br\/vestidos-noiva\/#\/schema\/logo\/image\/"},"sameAs":["https:\/\/www.facebook.com\/ivana.beaumondnoivas","https:\/\/www.instagram.com\/ivanabeaumond\/","https:\/\/www.tiktok.com\/@ivanabeaumond"]},{"@type":"Person","@id":"https:\/\/www.ivanabeaumond.com.br\/vestidos-noiva\/#\/schema\/person\/1a360c4cffa3b806d29a456389dcff26","name":"Ivana Beaumond Paris","image":{"@type":"ImageObject","inLanguage":"pt-BR","@id":"https:\/\/www.ivanabeaumond.com.br\/vestidos-noiva\/#\/schema\/person\/image\/","url":"https:\/\/secure.gravatar.com\/avatar\/641f98db20b53ec937ceb641db4270b9?s=96&d=mm&r=g","contentUrl":"https:\/\/secure.gravatar.com\/avatar\/641f98db20b53ec937ceb641db4270b9?s=96&d=mm&r=g","caption":"Ivana Beaumond Paris"},"url":"https:\/\/www.ivanabeaumond.com.br\/vestidos-noiva\/author\/ivana\/"}]}},"_links":{"self":[{"href":"https:\/\/www.ivanabeaumond.com.br\/vestidos-noiva\/wp-json\/wp\/v2\/posts\/22848"}],"collection":[{"href":"https:\/\/www.ivanabeaumond.com.br\/vestidos-noiva\/wp-json\/wp\/v2\/posts"}],"about":[{"href":"https:\/\/www.ivanabeaumond.com.br\/vestidos-noiva\/wp-json\/wp\/v2\/types\/post"}],"author":[{"embeddable":true,"href":"https:\/\/www.ivanabeaumond.com.br\/vestidos-noiva\/wp-json\/wp\/v2\/users\/4"}],"replies":[{"embeddable":true,"href":"https:\/\/www.ivanabeaumond.com.br\/vestidos-noiva\/wp-json\/wp\/v2\/comments?post=22848"}],"version-history":[{"count":15,"href":"https:\/\/www.ivanabeaumond.com.br\/vestidos-noiva\/wp-json\/wp\/v2\/posts\/22848\/revisions"}],"predecessor-version":[{"id":25627,"href":"https:\/\/www.ivanabeaumond.com.br\/vestidos-noiva\/wp-json\/wp\/v2\/posts\/22848\/revisions\/25627"}],"wp:featuredmedia":[{"embeddable":true,"href":"https:\/\/www.ivanabeaumond.com.br\/vestidos-noiva\/wp-json\/wp\/v2\/media\/22865"}],"wp:attachment":[{"href":"https:\/\/www.ivanabeaumond.com.br\/vestidos-noiva\/wp-json\/wp\/v2\/media?parent=22848"}],"wp:term":[{"taxonomy":"category","embeddable":true,"href":"https:\/\/www.ivanabeaumond.com.br\/vestidos-noiva\/wp-json\/wp\/v2\/categories?post=22848"},{"taxonomy":"post_tag","embeddable":true,"href":"https:\/\/www.ivanabeaumond.com.br\/vestidos-noiva\/wp-json\/wp\/v2\/tags?post=22848"}],"curies":[{"name":"wp","href":"https:\/\/api.w.org\/{rel}","templated":true}]}}