{"id":22938,"date":"2020-05-02T15:26:39","date_gmt":"2020-05-02T18:26:39","guid":{"rendered":"https:\/\/www.ivanabeaumond.com.br\/vestidos-noiva\/?p=22938"},"modified":"2020-08-10T15:42:51","modified_gmt":"2020-08-10T18:42:51","slug":"casamento-fernanda-%e2%99%a5-leonardo","status":"publish","type":"post","link":"https:\/\/www.ivanabeaumond.com.br\/vestidos-noiva\/casamento-fernanda-%e2%99%a5-leonardo\/","title":{"rendered":"Casamento Fernanda \u2665 Leonardo"},"content":{"rendered":"<h4 style=\"text-align: justify;\"><span style=\"color: #999999;\">A Noiva Fernanda optou por um lindo Vestido by IVANA BEAUMOND PARIS para o seu bel\u00edssimo Casamento com seu Noivo Leonardo em uma cerim\u00f4nia cheia de emo\u00e7\u00e3o e muito Amor.<\/span><\/h4>\n<p><img decoding=\"async\" loading=\"lazy\" class=\"size-full wp-image-23147 aligncenter\" src=\"https:\/\/www.ivanabeaumond.com.br\/vestidos-noiva\/wp-content\/uploads\/2020\/01\/FERNANDA-E-LEONARDO-CASAMENTO-RJ-VESTIDO-DE-NOIVA-ATELIER-IVANA-BEAUMOND-RIO-DE-JANEIRO-33-e1578077474197.jpg\" alt=\"FERNANDA E LEONARDO CASAMENTO RJ VESTIDO DE NOIVA ATELIER IVANA BEAUMOND RIO DE JANEIRO (33)\" width=\"400\" height=\"600\" \/><\/p>\n<h4 style=\"text-align: justify;\"><span style=\"color: #999999;\">Cada detalhe foi pensado para retratar o Amor dos Noivos para esse grande dia, com o sonho de um lindo Casamento que aconteceu com a presen\u00e7a e o carinho dos Familiares do casal e dos amigos para o t\u00e3o aguardado SIM, em uma noite t\u00e3o intensa, que deixou muitas saudades.<\/span><\/h4>\n<p><a href=\"https:\/\/www.ivanabeaumond.com.br\/vestidos-noiva\/wp-content\/uploads\/2020\/05\/CASAMENTO-FERNANDA-E-LEONARDO-VESTIDO-IVANA-BEAUMOND-PARIS3.jpg\"><img decoding=\"async\" loading=\"lazy\" class=\"aligncenter size-full wp-image-24234\" src=\"https:\/\/www.ivanabeaumond.com.br\/vestidos-noiva\/wp-content\/uploads\/2020\/05\/CASAMENTO-FERNANDA-E-LEONARDO-VESTIDO-IVANA-BEAUMOND-PARIS3.jpg\" alt=\"VESTIDO DE NOIVA\" width=\"900\" height=\"618\" srcset=\"https:\/\/www.ivanabeaumond.com.br\/vestidos-noiva\/wp-content\/uploads\/2020\/05\/CASAMENTO-FERNANDA-E-LEONARDO-VESTIDO-IVANA-BEAUMOND-PARIS3.jpg 900w, https:\/\/www.ivanabeaumond.com.br\/vestidos-noiva\/wp-content\/uploads\/2020\/05\/CASAMENTO-FERNANDA-E-LEONARDO-VESTIDO-IVANA-BEAUMOND-PARIS3-300x206.jpg 300w\" sizes=\"(max-width: 900px) 100vw, 900px\" \/><\/a><\/p>\n<h4 style=\"text-align: justify;\"><span style=\"color: #999999;\">Fernanda e Leonardo est\u00e3o aguardando ansiosamente por uma joia que vem para sacramentar ainda mais esse Amor com a chegada de um lindo Beb\u00ea, e como a vida se divide em diferentes fases, uma nova fase est\u00e1 por chegar na vida desse lindo casal, fruto desse grande Amor.<\/span><\/h4>\n<p><img decoding=\"async\" loading=\"lazy\" class=\"aligncenter size-full wp-image-23145\" src=\"https:\/\/www.ivanabeaumond.com.br\/vestidos-noiva\/wp-content\/uploads\/2020\/01\/FERNANDA-E-LEONARDO-CASAMENTO-RJ-VESTIDO-DE-NOIVA-ATELIER-IVANA-BEAUMOND-RIO-DE-JANEIRO-34-e1578076901975.jpg\" alt=\"FERNANDA E LEONARDO CASAMENTO RJ VESTIDO DE NOIVA ATELIER IVANA BEAUMOND RIO DE JANEIRO (34)\" width=\"400\" height=\"600\" \/><\/p>\n<h4 style=\"text-align: justify;\"><span style=\"color: #999999;\">Foi uma honra para a equipe Ivana Beaumond poder fazer parte desse grande dia!<\/span><\/h4>\n<h4 style=\"text-align: justify;\"><span style=\"color: #999999;\">Desejamos que a b\u00ean\u00e7\u00e3o permane\u00e7a para sempre ao lado desse querido casal, que nunca falte Amor, respeito e momentos como esse e que a felicidade inunde os vossos cora\u00e7\u00f5es.<\/span><\/h4>\n<h4 style=\"text-align: justify;\"><span style=\"color: #999999;\"><strong>Confira mais fotos do Casamento de Fernanda e Leonardo abaixo, feitas pelo fot\u00f3grafo <\/strong>D&#8217;Farias Fotografia.<\/span><\/h4>\n<h4><\/h4>\n<style id=\"bwg-style-0\">    #bwg_container1_0 #bwg_container2_0 .bwg-container-0.bwg-standard-thumbnails {      width: 904px;              justify-content: center;        margin:0 auto !important;              background-color: rgba(255, 255, 255, 0.00);            padding-left: 4px;      padding-top: 4px;      max-width: 100%;            }        #bwg_container1_0 #bwg_container2_0 .bwg-container-0.bwg-standard-thumbnails .bwg-item {    justify-content: flex-start;      max-width: 180px;            width: 180px !important;          }    #bwg_container1_0 #bwg_container2_0 .bwg-container-0.bwg-standard-thumbnails .bwg-item a {       margin-right: 4px;       margin-bottom: 4px;    }    #bwg_container1_0 #bwg_container2_0 .bwg-container-0.bwg-standard-thumbnails .bwg-item0 {      padding: 0px;            background-color:rgba(255,255,255, 0.30);      border: 0px none #CCCCCC;      opacity: 1.00;      border-radius: 0;      box-shadow: 0px 0px 0px #888888;    }    #bwg_container1_0 #bwg_container2_0 .bwg-container-0.bwg-standard-thumbnails .bwg-item1 img {      max-height: none;      max-width: none;      padding: 0 !important;    }        @media only screen and (min-width: 480px) {      #bwg_container1_0 #bwg_container2_0 .bwg-container-0.bwg-standard-thumbnails .bwg-item0 {        transition: all 0.3s ease 0s;-webkit-transition: all 0.3s ease 0s;      }      #bwg_container1_0 #bwg_container2_0 .bwg-container-0.bwg-standard-thumbnails .bwg-item0:hover {        -ms-transform: scale(1.1);        -webkit-transform: scale(1.1);        transform: scale(1.1);      }    }          #bwg_container1_0 #bwg_container2_0 .bwg-container-0.bwg-standard-thumbnails .bwg-item1 {      padding-top: 50%;    }        #bwg_container1_0 #bwg_container2_0 .bwg-container-0.bwg-standard-thumbnails .bwg-title2,    #bwg_container1_0 #bwg_container2_0 .bwg-container-0.bwg-standard-thumbnails .bwg-ecommerce2 {      color: #CCCCCC;      font-family: segoe ui;      font-size: 16px;      font-weight: bold;      padding: 2px;      text-shadow: 0px 0px 0px #888888;      max-height: 100%;    }    #bwg_container1_0 #bwg_container2_0 .bwg-container-0.bwg-standard-thumbnails .bwg-thumb-description span {    color: #323A45;    font-family: Ubuntu;    font-size: 12px;    max-height: 100%;    word-wrap: break-word;    }    #bwg_container1_0 #bwg_container2_0 .bwg-container-0.bwg-standard-thumbnails .bwg-play-icon2 {      font-size: 32px;    }    #bwg_container1_0 #bwg_container2_0 .bwg-container-0.bwg-standard-thumbnails .bwg-ecommerce2 {      font-size: 19.2px;      color: #CCCCCC;    }    <\/style>    <div id=\"bwg_container1_0\"         class=\"bwg_container bwg_thumbnail bwg_thumbnails \"         data-right-click-protection=\"0\"         data-bwg=\"0\"         data-scroll=\"0\"         data-gallery-type=\"thumbnails\"         data-gallery-view-type=\"thumbnails\"         data-current-url=\"\/vestidos-noiva\/wp-json\/wp\/v2\/posts\/22938\"         data-lightbox-url=\"https:\/\/www.ivanabeaumond.com.br\/vestidos-noiva\/wp-admin\/admin-ajax.php?action=GalleryBox&#038;current_view=0&#038;gallery_id=133&#038;tag=0&#038;theme_id=1&#038;shortcode_id=151&#038;sort_by=order&#038;order_by=asc&#038;current_url=%2Fvestidos-noiva%2Fwp-json%2Fwp%2Fv2%2Fposts%2F22938\"         data-gallery-id=\"133\"         data-popup-width=\"600\"         data-popup-height=\"600\"         data-is-album=\"gallery\"         data-buttons-position=\"bottom\">      <div id=\"bwg_container2_0\">             <div id=\"ajax_loading_0\" class=\"bwg_loading_div_1\">      <div class=\"bwg_loading_div_2\">        <div class=\"bwg_loading_div_3\">          <div id=\"loading_div_0\" class=\"bwg_spider_ajax_loading\">          <\/div>        <\/div>      <\/div>    <\/div>            <form id=\"gal_front_form_0\"              class=\"bwg-hidden\"              method=\"post\"              action=\"#\"              data-current=\"0\"              data-shortcode-id=\"151\"              data-gallery-type=\"thumbnails\"              data-gallery-id=\"133\"              data-tag=\"0\"              data-album-id=\"0\"              data-theme-id=\"1\"              data-ajax-url=\"https:\/\/www.ivanabeaumond.com.br\/vestidos-noiva\/wp-admin\/admin-ajax.php?action=bwg_frontend_data\">          <div id=\"bwg_container3_0\" class=\"bwg-background bwg-background-0\">                <div data-max-count=\"5\"         data-thumbnail-width=\"180\"         data-bwg=\"0\"         data-gallery-id=\"133\"         data-lightbox-url=\"https:\/\/www.ivanabeaumond.com.br\/vestidos-noiva\/wp-admin\/admin-ajax.php?action=GalleryBox&amp;current_view=0&amp;gallery_id=133&amp;tag=0&amp;theme_id=1&amp;shortcode_id=151&amp;sort_by=order&amp;order_by=asc&amp;current_url=%2Fvestidos-noiva%2Fwp-json%2Fwp%2Fv2%2Fposts%2F22938\"         id=\"bwg_thumbnails_0\"         class=\"bwg-container-0 bwg-thumbnails bwg-standard-thumbnails bwg-container bwg-border-box\">            <div class=\"bwg-item\">        <a class=\"bwg-a  bwg_lightbox\"  data-image-id=\"3159\" href=\"https:\/\/www.ivanabeaumond.com.br\/vestidos-noiva\/wp-content\/uploads\/photo-gallery\/FERNANDA%20E%20LEONARDO%20CASAMENTO%20RJ%20VESTIDO%20DE%20NOIVA%20ATELIER%20IVANA%20BEAUMOND%20RIO%20DE%20JANEIRO%20(4).jpg\" data-elementor-open-lightbox=\"no\">                <div class=\"bwg-item0 \">          <div class=\"bwg-item1 \">            <div class=\"bwg-item2\">              <img class=\"skip-lazy bwg_standart_thumb_img_0 \"                   data-id=\"3159\"                   data-width=\"\"                   data-height=\"\"                   data-src=\"https:\/\/www.ivanabeaumond.com.br\/vestidos-noiva\/wp-content\/uploads\/photo-gallery\/thumb\/FERNANDA%20E%20LEONARDO%20CASAMENTO%20RJ%20VESTIDO%20DE%20NOIVA%20ATELIER%20IVANA%20BEAUMOND%20RIO%20DE%20JANEIRO%20(4).jpg\"                   src=\"https:\/\/www.ivanabeaumond.com.br\/vestidos-noiva\/wp-content\/uploads\/photo-gallery\/thumb\/FERNANDA%20E%20LEONARDO%20CASAMENTO%20RJ%20VESTIDO%20DE%20NOIVA%20ATELIER%20IVANA%20BEAUMOND%20RIO%20DE%20JANEIRO%20(4).jpg\"                   alt=\"FERNANDA E LEONARDO CASAMENTO RJ VESTIDO DE NOIVA ATELIER IVANA BEAUMOND RIO DE JANEIRO (4)\"                   title=\"FERNANDA E LEONARDO CASAMENTO RJ VESTIDO DE NOIVA ATELIER IVANA BEAUMOND RIO DE JANEIRO (4)\" \/>            <\/div>            <div class=\"\">                                                      <\/div>          <\/div>        <\/div>                        <\/a>              <\/div>            <div class=\"bwg-item\">        <a class=\"bwg-a  bwg_lightbox\"  data-image-id=\"3161\" href=\"https:\/\/www.ivanabeaumond.com.br\/vestidos-noiva\/wp-content\/uploads\/photo-gallery\/FERNANDA%20E%20LEONARDO%20CASAMENTO%20RJ%20VESTIDO%20DE%20NOIVA%20ATELIER%20IVANA%20BEAUMOND%20RIO%20DE%20JANEIRO%20(6).jpg\" data-elementor-open-lightbox=\"no\">                <div class=\"bwg-item0 \">          <div class=\"bwg-item1 \">            <div class=\"bwg-item2\">              <img class=\"skip-lazy bwg_standart_thumb_img_0 \"                   data-id=\"3161\"                   data-width=\"\"                   data-height=\"\"                   data-src=\"https:\/\/www.ivanabeaumond.com.br\/vestidos-noiva\/wp-content\/uploads\/photo-gallery\/thumb\/FERNANDA%20E%20LEONARDO%20CASAMENTO%20RJ%20VESTIDO%20DE%20NOIVA%20ATELIER%20IVANA%20BEAUMOND%20RIO%20DE%20JANEIRO%20(6).jpg\"                   src=\"https:\/\/www.ivanabeaumond.com.br\/vestidos-noiva\/wp-content\/uploads\/photo-gallery\/thumb\/FERNANDA%20E%20LEONARDO%20CASAMENTO%20RJ%20VESTIDO%20DE%20NOIVA%20ATELIER%20IVANA%20BEAUMOND%20RIO%20DE%20JANEIRO%20(6).jpg\"                   alt=\"FERNANDA E LEONARDO CASAMENTO RJ VESTIDO DE NOIVA ATELIER IVANA BEAUMOND RIO DE JANEIRO (6)\"                   title=\"FERNANDA E LEONARDO CASAMENTO RJ VESTIDO DE NOIVA ATELIER IVANA BEAUMOND RIO DE JANEIRO (6)\" \/>            <\/div>            <div class=\"\">                                                      <\/div>          <\/div>        <\/div>                        <\/a>              <\/div>            <div class=\"bwg-item\">        <a class=\"bwg-a  bwg_lightbox\"  data-image-id=\"3163\" href=\"https:\/\/www.ivanabeaumond.com.br\/vestidos-noiva\/wp-content\/uploads\/photo-gallery\/FERNANDA%20E%20LEONARDO%20CASAMENTO%20RJ%20VESTIDO%20DE%20NOIVA%20ATELIER%20IVANA%20BEAUMOND%20RIO%20DE%20JANEIRO%20(8).jpg\" data-elementor-open-lightbox=\"no\">                <div class=\"bwg-item0 \">          <div class=\"bwg-item1 \">            <div class=\"bwg-item2\">              <img class=\"skip-lazy bwg_standart_thumb_img_0 \"                   data-id=\"3163\"                   data-width=\"\"                   data-height=\"\"                   data-src=\"https:\/\/www.ivanabeaumond.com.br\/vestidos-noiva\/wp-content\/uploads\/photo-gallery\/thumb\/FERNANDA%20E%20LEONARDO%20CASAMENTO%20RJ%20VESTIDO%20DE%20NOIVA%20ATELIER%20IVANA%20BEAUMOND%20RIO%20DE%20JANEIRO%20(8).jpg\"                   src=\"https:\/\/www.ivanabeaumond.com.br\/vestidos-noiva\/wp-content\/uploads\/photo-gallery\/thumb\/FERNANDA%20E%20LEONARDO%20CASAMENTO%20RJ%20VESTIDO%20DE%20NOIVA%20ATELIER%20IVANA%20BEAUMOND%20RIO%20DE%20JANEIRO%20(8).jpg\"                   alt=\"FERNANDA E LEONARDO CASAMENTO RJ VESTIDO DE NOIVA ATELIER IVANA BEAUMOND RIO DE JANEIRO (8)\"                   title=\"FERNANDA E LEONARDO CASAMENTO RJ VESTIDO DE NOIVA ATELIER IVANA BEAUMOND RIO DE JANEIRO (8)\" \/>            <\/div>            <div class=\"\">                                                      <\/div>          <\/div>        <\/div>                        <\/a>              <\/div>            <div class=\"bwg-item\">        <a class=\"bwg-a  bwg_lightbox\"  data-image-id=\"3164\" href=\"https:\/\/www.ivanabeaumond.com.br\/vestidos-noiva\/wp-content\/uploads\/photo-gallery\/FERNANDA%20E%20LEONARDO%20CASAMENTO%20RJ%20VESTIDO%20DE%20NOIVA%20ATELIER%20IVANA%20BEAUMOND%20RIO%20DE%20JANEIRO%20(9).jpg\" data-elementor-open-lightbox=\"no\">                <div class=\"bwg-item0 \">          <div class=\"bwg-item1 \">            <div class=\"bwg-item2\">              <img class=\"skip-lazy bwg_standart_thumb_img_0 \"                   data-id=\"3164\"                   data-width=\"\"                   data-height=\"\"                   data-src=\"https:\/\/www.ivanabeaumond.com.br\/vestidos-noiva\/wp-content\/uploads\/photo-gallery\/thumb\/FERNANDA%20E%20LEONARDO%20CASAMENTO%20RJ%20VESTIDO%20DE%20NOIVA%20ATELIER%20IVANA%20BEAUMOND%20RIO%20DE%20JANEIRO%20(9).jpg\"                   src=\"https:\/\/www.ivanabeaumond.com.br\/vestidos-noiva\/wp-content\/uploads\/photo-gallery\/thumb\/FERNANDA%20E%20LEONARDO%20CASAMENTO%20RJ%20VESTIDO%20DE%20NOIVA%20ATELIER%20IVANA%20BEAUMOND%20RIO%20DE%20JANEIRO%20(9).jpg\"                   alt=\"FERNANDA E LEONARDO CASAMENTO RJ VESTIDO DE NOIVA ATELIER IVANA BEAUMOND RIO DE JANEIRO (9)\"                   title=\"FERNANDA E LEONARDO CASAMENTO RJ VESTIDO DE NOIVA ATELIER IVANA BEAUMOND RIO DE JANEIRO (9)\" \/>            <\/div>            <div class=\"\">                                                      <\/div>          <\/div>        <\/div>                        <\/a>              <\/div>            <div class=\"bwg-item\">        <a class=\"bwg-a  bwg_lightbox\"  data-image-id=\"3157\" href=\"https:\/\/www.ivanabeaumond.com.br\/vestidos-noiva\/wp-content\/uploads\/photo-gallery\/FERNANDA%20E%20LEONARDO%20CASAMENTO%20RJ%20VESTIDO%20DE%20NOIVA%20ATELIER%20IVANA%20BEAUMOND%20RIO%20DE%20JANEIRO%20(2).jpg\" data-elementor-open-lightbox=\"no\">                <div class=\"bwg-item0 \">          <div class=\"bwg-item1 \">            <div class=\"bwg-item2\">              <img class=\"skip-lazy bwg_standart_thumb_img_0 \"                   data-id=\"3157\"                   data-width=\"\"                   data-height=\"\"                   data-src=\"https:\/\/www.ivanabeaumond.com.br\/vestidos-noiva\/wp-content\/uploads\/photo-gallery\/thumb\/FERNANDA%20E%20LEONARDO%20CASAMENTO%20RJ%20VESTIDO%20DE%20NOIVA%20ATELIER%20IVANA%20BEAUMOND%20RIO%20DE%20JANEIRO%20(2).jpg\"                   src=\"https:\/\/www.ivanabeaumond.com.br\/vestidos-noiva\/wp-content\/uploads\/photo-gallery\/thumb\/FERNANDA%20E%20LEONARDO%20CASAMENTO%20RJ%20VESTIDO%20DE%20NOIVA%20ATELIER%20IVANA%20BEAUMOND%20RIO%20DE%20JANEIRO%20(2).jpg\"                   alt=\"FERNANDA E LEONARDO CASAMENTO RJ VESTIDO DE NOIVA ATELIER IVANA BEAUMOND RIO DE JANEIRO (2)\"                   title=\"FERNANDA E LEONARDO CASAMENTO RJ VESTIDO DE NOIVA ATELIER IVANA BEAUMOND RIO DE JANEIRO (2)\" \/>            <\/div>            <div class=\"\">                                                      <\/div>          <\/div>        <\/div>                        <\/a>              <\/div>            <div class=\"bwg-item\">        <a class=\"bwg-a  bwg_lightbox\"  data-image-id=\"3165\" href=\"https:\/\/www.ivanabeaumond.com.br\/vestidos-noiva\/wp-content\/uploads\/photo-gallery\/FERNANDA%20E%20LEONARDO%20CASAMENTO%20RJ%20VESTIDO%20DE%20NOIVA%20ATELIER%20IVANA%20BEAUMOND%20RIO%20DE%20JANEIRO%20(15).jpg\" data-elementor-open-lightbox=\"no\">                <div class=\"bwg-item0 \">          <div class=\"bwg-item1 \">            <div class=\"bwg-item2\">              <img class=\"skip-lazy bwg_standart_thumb_img_0 \"                   data-id=\"3165\"                   data-width=\"\"                   data-height=\"\"                   data-src=\"https:\/\/www.ivanabeaumond.com.br\/vestidos-noiva\/wp-content\/uploads\/photo-gallery\/thumb\/FERNANDA%20E%20LEONARDO%20CASAMENTO%20RJ%20VESTIDO%20DE%20NOIVA%20ATELIER%20IVANA%20BEAUMOND%20RIO%20DE%20JANEIRO%20(15).jpg\"                   src=\"https:\/\/www.ivanabeaumond.com.br\/vestidos-noiva\/wp-content\/uploads\/photo-gallery\/thumb\/FERNANDA%20E%20LEONARDO%20CASAMENTO%20RJ%20VESTIDO%20DE%20NOIVA%20ATELIER%20IVANA%20BEAUMOND%20RIO%20DE%20JANEIRO%20(15).jpg\"                   alt=\"FERNANDA E LEONARDO CASAMENTO RJ VESTIDO DE NOIVA ATELIER IVANA BEAUMOND RIO DE JANEIRO (15)\"                   title=\"FERNANDA E LEONARDO CASAMENTO RJ VESTIDO DE NOIVA ATELIER IVANA BEAUMOND RIO DE JANEIRO (15)\" \/>            <\/div>            <div class=\"\">                                                      <\/div>          <\/div>        <\/div>                        <\/a>              <\/div>            <div class=\"bwg-item\">        <a class=\"bwg-a  bwg_lightbox\"  data-image-id=\"3166\" href=\"https:\/\/www.ivanabeaumond.com.br\/vestidos-noiva\/wp-content\/uploads\/photo-gallery\/FERNANDA%20E%20LEONARDO%20CASAMENTO%20RJ%20VESTIDO%20DE%20NOIVA%20ATELIER%20IVANA%20BEAUMOND%20RIO%20DE%20JANEIRO%20(16).jpg\" data-elementor-open-lightbox=\"no\">                <div class=\"bwg-item0 \">          <div class=\"bwg-item1 \">            <div class=\"bwg-item2\">              <img class=\"skip-lazy bwg_standart_thumb_img_0 \"                   data-id=\"3166\"                   data-width=\"\"                   data-height=\"\"                   data-src=\"https:\/\/www.ivanabeaumond.com.br\/vestidos-noiva\/wp-content\/uploads\/photo-gallery\/thumb\/FERNANDA%20E%20LEONARDO%20CASAMENTO%20RJ%20VESTIDO%20DE%20NOIVA%20ATELIER%20IVANA%20BEAUMOND%20RIO%20DE%20JANEIRO%20(16).jpg\"                   src=\"https:\/\/www.ivanabeaumond.com.br\/vestidos-noiva\/wp-content\/uploads\/photo-gallery\/thumb\/FERNANDA%20E%20LEONARDO%20CASAMENTO%20RJ%20VESTIDO%20DE%20NOIVA%20ATELIER%20IVANA%20BEAUMOND%20RIO%20DE%20JANEIRO%20(16).jpg\"                   alt=\"FERNANDA E LEONARDO CASAMENTO RJ VESTIDO DE NOIVA ATELIER IVANA BEAUMOND RIO DE JANEIRO (16)\"                   title=\"FERNANDA E LEONARDO CASAMENTO RJ VESTIDO DE NOIVA ATELIER IVANA BEAUMOND RIO DE JANEIRO (16)\" \/>            <\/div>            <div class=\"\">                                                      <\/div>          <\/div>        <\/div>                        <\/a>              <\/div>            <div class=\"bwg-item\">        <a class=\"bwg-a  bwg_lightbox\"  data-image-id=\"3167\" href=\"https:\/\/www.ivanabeaumond.com.br\/vestidos-noiva\/wp-content\/uploads\/photo-gallery\/FERNANDA%20E%20LEONARDO%20CASAMENTO%20RJ%20VESTIDO%20DE%20NOIVA%20ATELIER%20IVANA%20BEAUMOND%20RIO%20DE%20JANEIRO%20(17).jpg\" data-elementor-open-lightbox=\"no\">                <div class=\"bwg-item0 \">          <div class=\"bwg-item1 \">            <div class=\"bwg-item2\">              <img class=\"skip-lazy bwg_standart_thumb_img_0 \"                   data-id=\"3167\"                   data-width=\"\"                   data-height=\"\"                   data-src=\"https:\/\/www.ivanabeaumond.com.br\/vestidos-noiva\/wp-content\/uploads\/photo-gallery\/thumb\/FERNANDA%20E%20LEONARDO%20CASAMENTO%20RJ%20VESTIDO%20DE%20NOIVA%20ATELIER%20IVANA%20BEAUMOND%20RIO%20DE%20JANEIRO%20(17).jpg\"                   src=\"https:\/\/www.ivanabeaumond.com.br\/vestidos-noiva\/wp-content\/uploads\/photo-gallery\/thumb\/FERNANDA%20E%20LEONARDO%20CASAMENTO%20RJ%20VESTIDO%20DE%20NOIVA%20ATELIER%20IVANA%20BEAUMOND%20RIO%20DE%20JANEIRO%20(17).jpg\"                   alt=\"FERNANDA E LEONARDO CASAMENTO RJ VESTIDO DE NOIVA ATELIER IVANA BEAUMOND RIO DE JANEIRO (17)\"                   title=\"FERNANDA E LEONARDO CASAMENTO RJ VESTIDO DE NOIVA ATELIER IVANA BEAUMOND RIO DE JANEIRO (17)\" \/>            <\/div>            <div class=\"\">                                                      <\/div>          <\/div>        <\/div>                        <\/a>              <\/div>            <div class=\"bwg-item\">        <a class=\"bwg-a  bwg_lightbox\"  data-image-id=\"3168\" href=\"https:\/\/www.ivanabeaumond.com.br\/vestidos-noiva\/wp-content\/uploads\/photo-gallery\/FERNANDA%20E%20LEONARDO%20CASAMENTO%20RJ%20VESTIDO%20DE%20NOIVA%20ATELIER%20IVANA%20BEAUMOND%20RIO%20DE%20JANEIRO%20(18).jpg\" data-elementor-open-lightbox=\"no\">                <div class=\"bwg-item0 \">          <div class=\"bwg-item1 \">            <div class=\"bwg-item2\">              <img class=\"skip-lazy bwg_standart_thumb_img_0 \"                   data-id=\"3168\"                   data-width=\"\"                   data-height=\"\"                   data-src=\"https:\/\/www.ivanabeaumond.com.br\/vestidos-noiva\/wp-content\/uploads\/photo-gallery\/thumb\/FERNANDA%20E%20LEONARDO%20CASAMENTO%20RJ%20VESTIDO%20DE%20NOIVA%20ATELIER%20IVANA%20BEAUMOND%20RIO%20DE%20JANEIRO%20(18).jpg\"                   src=\"https:\/\/www.ivanabeaumond.com.br\/vestidos-noiva\/wp-content\/uploads\/photo-gallery\/thumb\/FERNANDA%20E%20LEONARDO%20CASAMENTO%20RJ%20VESTIDO%20DE%20NOIVA%20ATELIER%20IVANA%20BEAUMOND%20RIO%20DE%20JANEIRO%20(18).jpg\"                   alt=\"FERNANDA E LEONARDO CASAMENTO RJ VESTIDO DE NOIVA ATELIER IVANA BEAUMOND RIO DE JANEIRO (18)\"                   title=\"FERNANDA E LEONARDO CASAMENTO RJ VESTIDO DE NOIVA ATELIER IVANA BEAUMOND RIO DE JANEIRO (18)\" \/>            <\/div>            <div class=\"\">                                                      <\/div>          <\/div>        <\/div>                        <\/a>              <\/div>            <div class=\"bwg-item\">        <a class=\"bwg-a  bwg_lightbox\"  data-image-id=\"3170\" href=\"https:\/\/www.ivanabeaumond.com.br\/vestidos-noiva\/wp-content\/uploads\/photo-gallery\/FERNANDA%20E%20LEONARDO%20CASAMENTO%20RJ%20VESTIDO%20DE%20NOIVA%20ATELIER%20IVANA%20BEAUMOND%20RIO%20DE%20JANEIRO%20(20).jpg\" data-elementor-open-lightbox=\"no\">                <div class=\"bwg-item0 \">          <div class=\"bwg-item1 \">            <div class=\"bwg-item2\">              <img class=\"skip-lazy bwg_standart_thumb_img_0 \"                   data-id=\"3170\"                   data-width=\"\"                   data-height=\"\"                   data-src=\"https:\/\/www.ivanabeaumond.com.br\/vestidos-noiva\/wp-content\/uploads\/photo-gallery\/thumb\/FERNANDA%20E%20LEONARDO%20CASAMENTO%20RJ%20VESTIDO%20DE%20NOIVA%20ATELIER%20IVANA%20BEAUMOND%20RIO%20DE%20JANEIRO%20(20).jpg\"                   src=\"https:\/\/www.ivanabeaumond.com.br\/vestidos-noiva\/wp-content\/uploads\/photo-gallery\/thumb\/FERNANDA%20E%20LEONARDO%20CASAMENTO%20RJ%20VESTIDO%20DE%20NOIVA%20ATELIER%20IVANA%20BEAUMOND%20RIO%20DE%20JANEIRO%20(20).jpg\"                   alt=\"FERNANDA E LEONARDO CASAMENTO RJ VESTIDO DE NOIVA ATELIER IVANA BEAUMOND RIO DE JANEIRO (20)\"                   title=\"FERNANDA E LEONARDO CASAMENTO RJ VESTIDO DE NOIVA ATELIER IVANA BEAUMOND RIO DE JANEIRO (20)\" \/>            <\/div>            <div class=\"\">                                                      <\/div>          <\/div>        <\/div>                        <\/a>              <\/div>            <div class=\"bwg-item\">        <a class=\"bwg-a  bwg_lightbox\"  data-image-id=\"3169\" href=\"https:\/\/www.ivanabeaumond.com.br\/vestidos-noiva\/wp-content\/uploads\/photo-gallery\/FERNANDA%20E%20LEONARDO%20CASAMENTO%20RJ%20VESTIDO%20DE%20NOIVA%20ATELIER%20IVANA%20BEAUMOND%20RIO%20DE%20JANEIRO%20(19).jpg\" data-elementor-open-lightbox=\"no\">                <div class=\"bwg-item0 \">          <div class=\"bwg-item1 \">            <div class=\"bwg-item2\">              <img class=\"skip-lazy bwg_standart_thumb_img_0 \"                   data-id=\"3169\"                   data-width=\"\"                   data-height=\"\"                   data-src=\"https:\/\/www.ivanabeaumond.com.br\/vestidos-noiva\/wp-content\/uploads\/photo-gallery\/thumb\/FERNANDA%20E%20LEONARDO%20CASAMENTO%20RJ%20VESTIDO%20DE%20NOIVA%20ATELIER%20IVANA%20BEAUMOND%20RIO%20DE%20JANEIRO%20(19).jpg\"                   src=\"https:\/\/www.ivanabeaumond.com.br\/vestidos-noiva\/wp-content\/uploads\/photo-gallery\/thumb\/FERNANDA%20E%20LEONARDO%20CASAMENTO%20RJ%20VESTIDO%20DE%20NOIVA%20ATELIER%20IVANA%20BEAUMOND%20RIO%20DE%20JANEIRO%20(19).jpg\"                   alt=\"FERNANDA E LEONARDO CASAMENTO RJ VESTIDO DE NOIVA ATELIER IVANA BEAUMOND RIO DE JANEIRO (19)\"                   title=\"FERNANDA E LEONARDO CASAMENTO RJ VESTIDO DE NOIVA ATELIER IVANA BEAUMOND RIO DE JANEIRO (19)\" \/>            <\/div>            <div class=\"\">                                                      <\/div>          <\/div>        <\/div>                        <\/a>              <\/div>            <div class=\"bwg-item\">        <a class=\"bwg-a  bwg_lightbox\"  data-image-id=\"3171\" href=\"https:\/\/www.ivanabeaumond.com.br\/vestidos-noiva\/wp-content\/uploads\/photo-gallery\/FERNANDA%20E%20LEONARDO%20CASAMENTO%20RJ%20VESTIDO%20DE%20NOIVA%20ATELIER%20IVANA%20BEAUMOND%20RIO%20DE%20JANEIRO%20(21).jpg\" data-elementor-open-lightbox=\"no\">                <div class=\"bwg-item0 \">          <div class=\"bwg-item1 \">            <div class=\"bwg-item2\">              <img class=\"skip-lazy bwg_standart_thumb_img_0 \"                   data-id=\"3171\"                   data-width=\"\"                   data-height=\"\"                   data-src=\"https:\/\/www.ivanabeaumond.com.br\/vestidos-noiva\/wp-content\/uploads\/photo-gallery\/thumb\/FERNANDA%20E%20LEONARDO%20CASAMENTO%20RJ%20VESTIDO%20DE%20NOIVA%20ATELIER%20IVANA%20BEAUMOND%20RIO%20DE%20JANEIRO%20(21).jpg\"                   src=\"https:\/\/www.ivanabeaumond.com.br\/vestidos-noiva\/wp-content\/uploads\/photo-gallery\/thumb\/FERNANDA%20E%20LEONARDO%20CASAMENTO%20RJ%20VESTIDO%20DE%20NOIVA%20ATELIER%20IVANA%20BEAUMOND%20RIO%20DE%20JANEIRO%20(21).jpg\"                   alt=\"FERNANDA E LEONARDO CASAMENTO RJ VESTIDO DE NOIVA ATELIER IVANA BEAUMOND RIO DE JANEIRO (21)\"                   title=\"FERNANDA E LEONARDO CASAMENTO RJ VESTIDO DE NOIVA ATELIER IVANA BEAUMOND RIO DE JANEIRO (21)\" \/>            <\/div>            <div class=\"\">                                                      <\/div>          <\/div>        <\/div>                        <\/a>              <\/div>            <div class=\"bwg-item\">        <a class=\"bwg-a  bwg_lightbox\"  data-image-id=\"3172\" href=\"https:\/\/www.ivanabeaumond.com.br\/vestidos-noiva\/wp-content\/uploads\/photo-gallery\/FERNANDA%20E%20LEONARDO%20CASAMENTO%20RJ%20VESTIDO%20DE%20NOIVA%20ATELIER%20IVANA%20BEAUMOND%20RIO%20DE%20JANEIRO%20(22).jpg\" data-elementor-open-lightbox=\"no\">                <div class=\"bwg-item0 \">          <div class=\"bwg-item1 \">            <div class=\"bwg-item2\">              <img class=\"skip-lazy bwg_standart_thumb_img_0 \"                   data-id=\"3172\"                   data-width=\"\"                   data-height=\"\"                   data-src=\"https:\/\/www.ivanabeaumond.com.br\/vestidos-noiva\/wp-content\/uploads\/photo-gallery\/thumb\/FERNANDA%20E%20LEONARDO%20CASAMENTO%20RJ%20VESTIDO%20DE%20NOIVA%20ATELIER%20IVANA%20BEAUMOND%20RIO%20DE%20JANEIRO%20(22).jpg\"                   src=\"https:\/\/www.ivanabeaumond.com.br\/vestidos-noiva\/wp-content\/uploads\/photo-gallery\/thumb\/FERNANDA%20E%20LEONARDO%20CASAMENTO%20RJ%20VESTIDO%20DE%20NOIVA%20ATELIER%20IVANA%20BEAUMOND%20RIO%20DE%20JANEIRO%20(22).jpg\"                   alt=\"FERNANDA E LEONARDO CASAMENTO RJ VESTIDO DE NOIVA ATELIER IVANA BEAUMOND RIO DE JANEIRO (22)\"                   title=\"FERNANDA E LEONARDO CASAMENTO RJ VESTIDO DE NOIVA ATELIER IVANA BEAUMOND RIO DE JANEIRO (22)\" \/>            <\/div>            <div class=\"\">                                                      <\/div>          <\/div>        <\/div>                        <\/a>              <\/div>            <div class=\"bwg-item\">        <a class=\"bwg-a  bwg_lightbox\"  data-image-id=\"3173\" href=\"https:\/\/www.ivanabeaumond.com.br\/vestidos-noiva\/wp-content\/uploads\/photo-gallery\/FERNANDA%20E%20LEONARDO%20CASAMENTO%20RJ%20VESTIDO%20DE%20NOIVA%20ATELIER%20IVANA%20BEAUMOND%20RIO%20DE%20JANEIRO%20(23).jpg\" data-elementor-open-lightbox=\"no\">                <div class=\"bwg-item0 \">          <div class=\"bwg-item1 \">            <div class=\"bwg-item2\">              <img class=\"skip-lazy bwg_standart_thumb_img_0 \"                   data-id=\"3173\"                   data-width=\"\"                   data-height=\"\"                   data-src=\"https:\/\/www.ivanabeaumond.com.br\/vestidos-noiva\/wp-content\/uploads\/photo-gallery\/thumb\/FERNANDA%20E%20LEONARDO%20CASAMENTO%20RJ%20VESTIDO%20DE%20NOIVA%20ATELIER%20IVANA%20BEAUMOND%20RIO%20DE%20JANEIRO%20(23).jpg\"                   src=\"https:\/\/www.ivanabeaumond.com.br\/vestidos-noiva\/wp-content\/uploads\/photo-gallery\/thumb\/FERNANDA%20E%20LEONARDO%20CASAMENTO%20RJ%20VESTIDO%20DE%20NOIVA%20ATELIER%20IVANA%20BEAUMOND%20RIO%20DE%20JANEIRO%20(23).jpg\"                   alt=\"FERNANDA E LEONARDO CASAMENTO RJ VESTIDO DE NOIVA ATELIER IVANA BEAUMOND RIO DE JANEIRO (23)\"                   title=\"FERNANDA E LEONARDO CASAMENTO RJ VESTIDO DE NOIVA ATELIER IVANA BEAUMOND RIO DE JANEIRO (23)\" \/>            <\/div>            <div class=\"\">                                                      <\/div>          <\/div>        <\/div>                        <\/a>              <\/div>            <div class=\"bwg-item\">        <a class=\"bwg-a  bwg_lightbox\"  data-image-id=\"3174\" href=\"https:\/\/www.ivanabeaumond.com.br\/vestidos-noiva\/wp-content\/uploads\/photo-gallery\/FERNANDA%20E%20LEONARDO%20CASAMENTO%20RJ%20VESTIDO%20DE%20NOIVA%20ATELIER%20IVANA%20BEAUMOND%20RIO%20DE%20JANEIRO%20(24).jpg\" data-elementor-open-lightbox=\"no\">                <div class=\"bwg-item0 \">          <div class=\"bwg-item1 \">            <div class=\"bwg-item2\">              <img class=\"skip-lazy bwg_standart_thumb_img_0 \"                   data-id=\"3174\"                   data-width=\"\"                   data-height=\"\"                   data-src=\"https:\/\/www.ivanabeaumond.com.br\/vestidos-noiva\/wp-content\/uploads\/photo-gallery\/thumb\/FERNANDA%20E%20LEONARDO%20CASAMENTO%20RJ%20VESTIDO%20DE%20NOIVA%20ATELIER%20IVANA%20BEAUMOND%20RIO%20DE%20JANEIRO%20(24).jpg\"                   src=\"https:\/\/www.ivanabeaumond.com.br\/vestidos-noiva\/wp-content\/uploads\/photo-gallery\/thumb\/FERNANDA%20E%20LEONARDO%20CASAMENTO%20RJ%20VESTIDO%20DE%20NOIVA%20ATELIER%20IVANA%20BEAUMOND%20RIO%20DE%20JANEIRO%20(24).jpg\"                   alt=\"FERNANDA E LEONARDO CASAMENTO RJ VESTIDO DE NOIVA ATELIER IVANA BEAUMOND RIO DE JANEIRO (24)\"                   title=\"FERNANDA E LEONARDO CASAMENTO RJ VESTIDO DE NOIVA ATELIER IVANA BEAUMOND RIO DE JANEIRO (24)\" \/>            <\/div>            <div class=\"\">                                                      <\/div>          <\/div>        <\/div>                        <\/a>              <\/div>            <div class=\"bwg-item\">        <a class=\"bwg-a  bwg_lightbox\"  data-image-id=\"3175\" href=\"https:\/\/www.ivanabeaumond.com.br\/vestidos-noiva\/wp-content\/uploads\/photo-gallery\/FERNANDA%20E%20LEONARDO%20CASAMENTO%20RJ%20VESTIDO%20DE%20NOIVA%20ATELIER%20IVANA%20BEAUMOND%20RIO%20DE%20JANEIRO%20(25).jpg\" data-elementor-open-lightbox=\"no\">                <div class=\"bwg-item0 \">          <div class=\"bwg-item1 \">            <div class=\"bwg-item2\">              <img class=\"skip-lazy bwg_standart_thumb_img_0 \"                   data-id=\"3175\"                   data-width=\"\"                   data-height=\"\"                   data-src=\"https:\/\/www.ivanabeaumond.com.br\/vestidos-noiva\/wp-content\/uploads\/photo-gallery\/thumb\/FERNANDA%20E%20LEONARDO%20CASAMENTO%20RJ%20VESTIDO%20DE%20NOIVA%20ATELIER%20IVANA%20BEAUMOND%20RIO%20DE%20JANEIRO%20(25).jpg\"                   src=\"https:\/\/www.ivanabeaumond.com.br\/vestidos-noiva\/wp-content\/uploads\/photo-gallery\/thumb\/FERNANDA%20E%20LEONARDO%20CASAMENTO%20RJ%20VESTIDO%20DE%20NOIVA%20ATELIER%20IVANA%20BEAUMOND%20RIO%20DE%20JANEIRO%20(25).jpg\"                   alt=\"FERNANDA E LEONARDO CASAMENTO RJ VESTIDO DE NOIVA ATELIER IVANA BEAUMOND RIO DE JANEIRO (25)\"                   title=\"FERNANDA E LEONARDO CASAMENTO RJ VESTIDO DE NOIVA ATELIER IVANA BEAUMOND RIO DE JANEIRO (25)\" \/>            <\/div>            <div class=\"\">                                                      <\/div>          <\/div>        <\/div>                        <\/a>              <\/div>            <div class=\"bwg-item\">        <a class=\"bwg-a  bwg_lightbox\"  data-image-id=\"3176\" href=\"https:\/\/www.ivanabeaumond.com.br\/vestidos-noiva\/wp-content\/uploads\/photo-gallery\/FERNANDA%20E%20LEONARDO%20CASAMENTO%20RJ%20VESTIDO%20DE%20NOIVA%20ATELIER%20IVANA%20BEAUMOND%20RIO%20DE%20JANEIRO%20(26).jpg\" data-elementor-open-lightbox=\"no\">                <div class=\"bwg-item0 \">          <div class=\"bwg-item1 \">            <div class=\"bwg-item2\">              <img class=\"skip-lazy bwg_standart_thumb_img_0 \"                   data-id=\"3176\"                   data-width=\"\"                   data-height=\"\"                   data-src=\"https:\/\/www.ivanabeaumond.com.br\/vestidos-noiva\/wp-content\/uploads\/photo-gallery\/thumb\/FERNANDA%20E%20LEONARDO%20CASAMENTO%20RJ%20VESTIDO%20DE%20NOIVA%20ATELIER%20IVANA%20BEAUMOND%20RIO%20DE%20JANEIRO%20(26).jpg\"                   src=\"https:\/\/www.ivanabeaumond.com.br\/vestidos-noiva\/wp-content\/uploads\/photo-gallery\/thumb\/FERNANDA%20E%20LEONARDO%20CASAMENTO%20RJ%20VESTIDO%20DE%20NOIVA%20ATELIER%20IVANA%20BEAUMOND%20RIO%20DE%20JANEIRO%20(26).jpg\"                   alt=\"FERNANDA E LEONARDO CASAMENTO RJ VESTIDO DE NOIVA ATELIER IVANA BEAUMOND RIO DE JANEIRO (26)\"                   title=\"FERNANDA E LEONARDO CASAMENTO RJ VESTIDO DE NOIVA ATELIER IVANA BEAUMOND RIO DE JANEIRO (26)\" \/>            <\/div>            <div class=\"\">                                                      <\/div>          <\/div>        <\/div>                        <\/a>              <\/div>            <div class=\"bwg-item\">        <a class=\"bwg-a  bwg_lightbox\"  data-image-id=\"3178\" href=\"https:\/\/www.ivanabeaumond.com.br\/vestidos-noiva\/wp-content\/uploads\/photo-gallery\/FERNANDA%20E%20LEONARDO%20CASAMENTO%20RJ%20VESTIDO%20DE%20NOIVA%20ATELIER%20IVANA%20BEAUMOND%20RIO%20DE%20JANEIRO%20(32).jpg\" data-elementor-open-lightbox=\"no\">                <div class=\"bwg-item0 \">          <div class=\"bwg-item1 \">            <div class=\"bwg-item2\">              <img class=\"skip-lazy bwg_standart_thumb_img_0 \"                   data-id=\"3178\"                   data-width=\"\"                   data-height=\"\"                   data-src=\"https:\/\/www.ivanabeaumond.com.br\/vestidos-noiva\/wp-content\/uploads\/photo-gallery\/thumb\/FERNANDA%20E%20LEONARDO%20CASAMENTO%20RJ%20VESTIDO%20DE%20NOIVA%20ATELIER%20IVANA%20BEAUMOND%20RIO%20DE%20JANEIRO%20(32).jpg\"                   src=\"https:\/\/www.ivanabeaumond.com.br\/vestidos-noiva\/wp-content\/uploads\/photo-gallery\/thumb\/FERNANDA%20E%20LEONARDO%20CASAMENTO%20RJ%20VESTIDO%20DE%20NOIVA%20ATELIER%20IVANA%20BEAUMOND%20RIO%20DE%20JANEIRO%20(32).jpg\"                   alt=\"FERNANDA E LEONARDO CASAMENTO RJ VESTIDO DE NOIVA ATELIER IVANA BEAUMOND RIO DE JANEIRO (32)\"                   title=\"FERNANDA E LEONARDO CASAMENTO RJ VESTIDO DE NOIVA ATELIER IVANA BEAUMOND RIO DE JANEIRO (32)\" \/>            <\/div>            <div class=\"\">                                                      <\/div>          <\/div>        <\/div>                        <\/a>              <\/div>            <div class=\"bwg-item\">        <a class=\"bwg-a  bwg_lightbox\"  data-image-id=\"3177\" href=\"https:\/\/www.ivanabeaumond.com.br\/vestidos-noiva\/wp-content\/uploads\/photo-gallery\/FERNANDA%20E%20LEONARDO%20CASAMENTO%20RJ%20VESTIDO%20DE%20NOIVA%20ATELIER%20IVANA%20BEAUMOND%20RIO%20DE%20JANEIRO%20(31).jpg\" data-elementor-open-lightbox=\"no\">                <div class=\"bwg-item0 \">          <div class=\"bwg-item1 \">            <div class=\"bwg-item2\">              <img class=\"skip-lazy bwg_standart_thumb_img_0 \"                   data-id=\"3177\"                   data-width=\"\"                   data-height=\"\"                   data-src=\"https:\/\/www.ivanabeaumond.com.br\/vestidos-noiva\/wp-content\/uploads\/photo-gallery\/thumb\/FERNANDA%20E%20LEONARDO%20CASAMENTO%20RJ%20VESTIDO%20DE%20NOIVA%20ATELIER%20IVANA%20BEAUMOND%20RIO%20DE%20JANEIRO%20(31).jpg\"                   src=\"https:\/\/www.ivanabeaumond.com.br\/vestidos-noiva\/wp-content\/uploads\/photo-gallery\/thumb\/FERNANDA%20E%20LEONARDO%20CASAMENTO%20RJ%20VESTIDO%20DE%20NOIVA%20ATELIER%20IVANA%20BEAUMOND%20RIO%20DE%20JANEIRO%20(31).jpg\"                   alt=\"FERNANDA E LEONARDO CASAMENTO RJ VESTIDO DE NOIVA ATELIER IVANA BEAUMOND RIO DE JANEIRO (31)\"                   title=\"FERNANDA E LEONARDO CASAMENTO RJ VESTIDO DE NOIVA ATELIER IVANA BEAUMOND RIO DE JANEIRO (31)\" \/>            <\/div>            <div class=\"\">                                                      <\/div>          <\/div>        <\/div>                        <\/a>              <\/div>            <div class=\"bwg-item\">        <a class=\"bwg-a  bwg_lightbox\"  data-image-id=\"3179\" href=\"https:\/\/www.ivanabeaumond.com.br\/vestidos-noiva\/wp-content\/uploads\/photo-gallery\/FERNANDA%20E%20LEONARDO%20CASAMENTO%20RJ%20VESTIDO%20DE%20NOIVA%20ATELIER%20IVANA%20BEAUMOND%20RIO%20DE%20JANEIRO%20(33).jpg\" data-elementor-open-lightbox=\"no\">                <div class=\"bwg-item0 \">          <div class=\"bwg-item1 \">            <div class=\"bwg-item2\">              <img class=\"skip-lazy bwg_standart_thumb_img_0 \"                   data-id=\"3179\"                   data-width=\"\"                   data-height=\"\"                   data-src=\"https:\/\/www.ivanabeaumond.com.br\/vestidos-noiva\/wp-content\/uploads\/photo-gallery\/thumb\/FERNANDA%20E%20LEONARDO%20CASAMENTO%20RJ%20VESTIDO%20DE%20NOIVA%20ATELIER%20IVANA%20BEAUMOND%20RIO%20DE%20JANEIRO%20(33).jpg\"                   src=\"https:\/\/www.ivanabeaumond.com.br\/vestidos-noiva\/wp-content\/uploads\/photo-gallery\/thumb\/FERNANDA%20E%20LEONARDO%20CASAMENTO%20RJ%20VESTIDO%20DE%20NOIVA%20ATELIER%20IVANA%20BEAUMOND%20RIO%20DE%20JANEIRO%20(33).jpg\"                   alt=\"FERNANDA E LEONARDO CASAMENTO RJ VESTIDO DE NOIVA ATELIER IVANA BEAUMOND RIO DE JANEIRO (33)\"                   title=\"FERNANDA E LEONARDO CASAMENTO RJ VESTIDO DE NOIVA ATELIER IVANA BEAUMOND RIO DE JANEIRO (33)\" \/>            <\/div>            <div class=\"\">                                                      <\/div>          <\/div>        <\/div>                        <\/a>              <\/div>            <div class=\"bwg-item\">        <a class=\"bwg-a  bwg_lightbox\"  data-image-id=\"3180\" href=\"https:\/\/www.ivanabeaumond.com.br\/vestidos-noiva\/wp-content\/uploads\/photo-gallery\/FERNANDA%20E%20LEONARDO%20CASAMENTO%20RJ%20VESTIDO%20DE%20NOIVA%20ATELIER%20IVANA%20BEAUMOND%20RIO%20DE%20JANEIRO%20(34).jpg\" data-elementor-open-lightbox=\"no\">                <div class=\"bwg-item0 \">          <div class=\"bwg-item1 \">            <div class=\"bwg-item2\">              <img class=\"skip-lazy bwg_standart_thumb_img_0 \"                   data-id=\"3180\"                   data-width=\"\"                   data-height=\"\"                   data-src=\"https:\/\/www.ivanabeaumond.com.br\/vestidos-noiva\/wp-content\/uploads\/photo-gallery\/thumb\/FERNANDA%20E%20LEONARDO%20CASAMENTO%20RJ%20VESTIDO%20DE%20NOIVA%20ATELIER%20IVANA%20BEAUMOND%20RIO%20DE%20JANEIRO%20(34).jpg\"                   src=\"https:\/\/www.ivanabeaumond.com.br\/vestidos-noiva\/wp-content\/uploads\/photo-gallery\/thumb\/FERNANDA%20E%20LEONARDO%20CASAMENTO%20RJ%20VESTIDO%20DE%20NOIVA%20ATELIER%20IVANA%20BEAUMOND%20RIO%20DE%20JANEIRO%20(34).jpg\"                   alt=\"FERNANDA E LEONARDO CASAMENTO RJ VESTIDO DE NOIVA ATELIER IVANA BEAUMOND RIO DE JANEIRO (34)\"                   title=\"FERNANDA E LEONARDO CASAMENTO RJ VESTIDO DE NOIVA ATELIER IVANA BEAUMOND RIO DE JANEIRO (34)\" \/>            <\/div>            <div class=\"\">                                                      <\/div>          <\/div>        <\/div>                        <\/a>              <\/div>          <\/div>    <style>      \/*pagination styles*\/      #bwg_container1_0 #bwg_container2_0 .tablenav-pages_0 {\t\t\t\ttext-align: center;\t\t\t\tfont-size: 12px;\t\t\t\tfont-family: segoe ui;\t\t\t\tfont-weight: bold;\t\t\t\tcolor: #666666;\t\t\t\tmargin: 6px 0 4px;\t\t\t\tdisplay: block;      }      @media only screen and (max-width : 320px) {      #bwg_container1_0 #bwg_container2_0 .displaying-num_0 {     \t display: none;      }      }      #bwg_container1_0 #bwg_container2_0 .displaying-num_0 {\t\t\t\tfont-size: 12px;\t\t\t\tfont-family: segoe ui;\t\t\t\tfont-weight: bold;\t\t\t\tcolor: #666666;\t\t\t\tmargin-right: 10px;\t\t\t\tvertical-align: middle;      }      #bwg_container1_0 #bwg_container2_0 .paging-input_0 {\t\t\t\tfont-size: 12px;\t\t\t\tfont-family: segoe ui;\t\t\t\tfont-weight: bold;\t\t\t\tcolor: #666666;\t\t\t\tvertical-align: middle;      }      #bwg_container1_0 #bwg_container2_0 .tablenav-pages_0 a.disabled,      #bwg_container1_0 #bwg_container2_0 .tablenav-pages_0 a.disabled:hover,      #bwg_container1_0 #bwg_container2_0 .tablenav-pages_0 a.disabled:focus,\t\t\t#bwg_container1_0 #bwg_container2_0 .tablenav-pages_0 input.bwg_current_page {\t\t\t\tcursor: default;\t\t\t\tcolor: rgba(102, 102, 102, 0.5);      }      #bwg_container1_0 #bwg_container2_0 .tablenav-pages_0 a,      #bwg_container1_0 #bwg_container2_0 .tablenav-pages_0 input.bwg_current_page {\t\t\t\tcursor: pointer;\t\t\t\ttext-align: center;\t\t\t\tfont-size: 12px;\t\t\t\tfont-family: segoe ui;\t\t\t\tfont-weight: bold;\t\t\t\tcolor: #666666;\t\t\t\ttext-decoration: none;\t\t\t\tpadding: 3px 6px;\t\t\t\tmargin: 0;\t\t\t\tborder-radius: 0;\t\t\t\tborder-style: solid;\t\t\t\tborder-width: 1px;\t\t\t\tborder-color: #E3E3E3;\t\t\t\t\t\t\t\tbackground-color: rgba(255, 255, 255, 1.00);\t\t\t\tbox-shadow: 0;\t\t\t\ttransition: all 0.3s ease 0s;-webkit-transition: all 0.3s ease 0s;      }      <\/style>      <span class=\"bwg_nav_cont_0\">              <div class=\"tablenav-pages_0\">                  <\/div>                <input type=\"hidden\" id=\"page_number_0\" name=\"page_number_0\" value=\"1\" \/>      <script type=\"text\/javascript\">        if( jQuery('.bwg_nav_cont_0').length > 1 ) {          jQuery('.bwg_nav_cont_0').first().remove()        }        function spider_page_0(cur, x, y, load_more) {          if (typeof load_more == \"undefined\") {            var load_more = false;          }          if (jQuery(cur).hasClass('disabled')) {            return false;          }          var items_county_0 = 1;          switch (y) {            case 1:              if (x >= items_county_0) {                document.getElementById('page_number_0').value = items_county_0;              }              else {                document.getElementById('page_number_0').value = x + 1;              }              break;            case 2:              document.getElementById('page_number_0').value = items_county_0;              break;            case -1:              if (x == 1) {                document.getElementById('page_number_0').value = 1;              }              else {                document.getElementById('page_number_0').value = x - 1;              }              break;            case -2:              document.getElementById('page_number_0').value = 1;              break;\t\t\t\t\t\tcase 0:              document.getElementById('page_number_0').value = x;              break;            default:              document.getElementById('page_number_0').value = 1;          }          bwg_ajax('gal_front_form_0', '0', 'bwg_thumbnails_0', '0', '', 'gallery', 0, '', '', load_more, '', 1);        }                    jQuery('.first-page-0').on('click', function () {              spider_page_0(this, 1, -2, 'numeric');              return false;            });            jQuery('.prev-page-0').on('click', function () {              spider_page_0(this, 1, -1, 'numeric');              return false;            });            jQuery('.next-page-0').on('click', function () {              spider_page_0(this, 1, 1, 'numeric');              return false;            });            jQuery('.last-page-0').on('click', function () {              spider_page_0(this, 1, 2, 'numeric');              return false;            });        \t\t\t\t\/* Change page on input enter. *\/        function bwg_change_page_0( e, that ) {          if (  e.key == 'Enter' ) {            var to_page = parseInt(jQuery(that).val());            var pages_count = jQuery(that).parents(\".pagination-links\").data(\"pages-count\");            var current_url_param = jQuery(that).attr('data-url-info');            if (to_page > pages_count) {              to_page = 1;            }\t \t\t\t\t\t\t\t\t\t\t\t\tspider_page_0(this, to_page, 0, 'numeric');\t\t\t\t\t\t\treturn false;\t\t\t\t\t\t          }          return true;        }        jQuery('.bwg_load_btn_0').on('click', function () {            spider_page_0(this, 1, 1, true);            return false;        });      <\/script>      <\/span>                <\/div>        <\/form>        <style>          #bwg_container1_0 #bwg_container2_0 #spider_popup_overlay_0 {          background-color: #000000;          opacity: 0.70;          }          <\/style>        <div id=\"bwg_spider_popup_loading_0\" class=\"bwg_spider_popup_loading\"><\/div>        <div id=\"spider_popup_overlay_0\" class=\"spider_popup_overlay\" onclick=\"spider_destroypopup(1000)\"><\/div>        <input type=\"hidden\" id=\"bwg_random_seed_0\" value=\"2037049538\">                <\/div>    <\/div>    <script>      if (document.readyState === 'complete') {        if( typeof bwg_main_ready == 'function' ) {          if ( jQuery(\"#bwg_container1_0\").height() ) {            bwg_main_ready(jQuery(\"#bwg_container1_0\"));          }        }      } else {        document.addEventListener('DOMContentLoaded', function() {          if( typeof bwg_main_ready == 'function' ) {            if ( jQuery(\"#bwg_container1_0\").height() ) {             bwg_main_ready(jQuery(\"#bwg_container1_0\"));            }          }        });      }    <\/script>    \n<h4><\/h4>\n<h4 style=\"text-align: justify;\"><span style=\"color: #000000;\">Ficha T\u00e9cnica:<\/span><\/h4>\n<h4 style=\"text-align: justify;\"><span style=\"color: #000000;\">Vestido da noiva: Atelier Ivana Beaumond Paris. Hair\/Make: Deluxe. Local da festa: Mans\u00e3o Colina. Fotografia: D&#8217;Farias Fotografia.<\/span><\/h4>\n<h4 style=\"text-align: justify;\"><span style=\"color: #999999;\">Gostou? Siga nosso instagram\u00a0<\/span><a href=\"https:\/\/www.instagram.com\/ivanabeaumond\/\">@ivanabeaumond<\/a>\u00a0<span style=\"color: #999999;\">e curta nossa<\/span>\u00a0<a href=\"https:\/\/www.facebook.com\/IvanaBeaumond\/\" target=\"_blank\" rel=\"noopener noreferrer\">fanpage<\/a>\u00a0\u00a0<span style=\"color: #999999;\">no Facebook para ficar por dentro de tudo o que rola no mundo das noivas, e conhe\u00e7a nossos Melhores Modelos de Vestidos de Noivas Nacionais, Importados e Sob Medida.<\/span><\/h4>\n","protected":false},"excerpt":{"rendered":"<p>A Noiva Fernanda optou por um lindo Vestido by IVANA&#8230;<\/p>\n","protected":false},"author":4,"featured_media":23151,"comment_status":"closed","ping_status":"closed","sticky":false,"template":"","format":"standard","meta":[],"categories":[60,130],"tags":[159,131,1103,203,660,695,1020,133,216,96,161,113,209,638,99,162,205,286,1105,1104,1106,1107,163,199,158,115,210],"yoast_head":"<!-- This site is optimized with the Yoast SEO plugin v20.3 - https:\/\/yoast.com\/wordpress\/plugins\/seo\/ -->\n<title>Casamento Fernanda \u2665 Leonardo - Vestido de Noiva RJ<\/title>\n<meta name=\"robots\" content=\"index, follow, max-snippet:-1, max-image-preview:large, max-video-preview:-1\" \/>\n<link rel=\"canonical\" href=\"https:\/\/www.ivanabeaumond.com.br\/vestidos-noiva\/casamento-fernanda-\u2665-leonardo\/\" \/>\n<meta property=\"og:locale\" content=\"pt_BR\" \/>\n<meta property=\"og:type\" content=\"article\" \/>\n<meta property=\"og:title\" content=\"Casamento Fernanda \u2665 Leonardo - Vestido de Noiva RJ\" \/>\n<meta property=\"og:description\" content=\"A Noiva Fernanda optou por um lindo Vestido by IVANA...\" \/>\n<meta property=\"og:url\" content=\"https:\/\/www.ivanabeaumond.com.br\/vestidos-noiva\/casamento-fernanda-\u2665-leonardo\/\" \/>\n<meta property=\"og:site_name\" content=\"Vestido de Noiva RJ\" \/>\n<meta property=\"article:publisher\" content=\"https:\/\/www.facebook.com\/ivana.beaumondnoivas\" \/>\n<meta property=\"article:published_time\" content=\"2020-05-02T18:26:39+00:00\" \/>\n<meta property=\"article:modified_time\" content=\"2020-08-10T18:42:51+00:00\" \/>\n<meta property=\"og:image\" content=\"https:\/\/www.ivanabeaumond.com.br\/vestidos-noiva\/wp-content\/uploads\/2020\/01\/foto-destacada-e1578078511972.jpg\" \/>\n\t<meta property=\"og:image:width\" content=\"600\" \/>\n\t<meta property=\"og:image:height\" content=\"395\" \/>\n\t<meta property=\"og:image:type\" content=\"image\/jpeg\" \/>\n<meta name=\"author\" content=\"Ivana Beaumond Paris\" \/>\n<meta name=\"twitter:card\" content=\"summary_large_image\" \/>\n<meta name=\"twitter:label1\" content=\"Escrito por\" \/>\n\t<meta name=\"twitter:data1\" content=\"Ivana Beaumond Paris\" \/>\n\t<meta name=\"twitter:label2\" content=\"Est. tempo de leitura\" \/>\n\t<meta name=\"twitter:data2\" content=\"1 minuto\" \/>\n<script type=\"application\/ld+json\" class=\"yoast-schema-graph\">{\"@context\":\"https:\/\/schema.org\",\"@graph\":[{\"@type\":\"Article\",\"@id\":\"https:\/\/www.ivanabeaumond.com.br\/vestidos-noiva\/casamento-fernanda-%e2%99%a5-leonardo\/#article\",\"isPartOf\":{\"@id\":\"https:\/\/www.ivanabeaumond.com.br\/vestidos-noiva\/casamento-fernanda-%e2%99%a5-leonardo\/\"},\"author\":{\"name\":\"Ivana Beaumond Paris\",\"@id\":\"https:\/\/www.ivanabeaumond.com.br\/vestidos-noiva\/#\/schema\/person\/1a360c4cffa3b806d29a456389dcff26\"},\"headline\":\"Casamento Fernanda \u2665 Leonardo\",\"datePublished\":\"2020-05-02T18:26:39+00:00\",\"dateModified\":\"2020-08-10T18:42:51+00:00\",\"mainEntityOfPage\":{\"@id\":\"https:\/\/www.ivanabeaumond.com.br\/vestidos-noiva\/casamento-fernanda-%e2%99%a5-leonardo\/\"},\"wordCount\":271,\"publisher\":{\"@id\":\"https:\/\/www.ivanabeaumond.com.br\/vestidos-noiva\/#organization\"},\"keywords\":[\"alian\u00e7as\",\"aluguel de roupas\",\"ateli\u00ea de noiva\",\"atelier\",\"atelier de noivas\",\"atelier ivana beaumond paris\",\"atelier rio de janeiro\",\"atelierivanabeaumond\",\"brides\",\"casamento\",\"casamento blindado\",\"casamento criativo\",\"dress\",\"estilista de noivas\",\"felicidade\",\"festas\",\"itanhanga\",\"ivana beaumond\",\"noivas barra\",\"noivas itanhang\u00e1\",\"noivas tijuca\",\"rua das noivas\",\"sob medida\",\"sobmedidanoiva\",\"traje de noivo\",\"vestido de noiva\",\"weddingdress\"],\"articleSection\":[\"Blog\",\"Nossas Noivas\"],\"inLanguage\":\"pt-BR\"},{\"@type\":\"WebPage\",\"@id\":\"https:\/\/www.ivanabeaumond.com.br\/vestidos-noiva\/casamento-fernanda-%e2%99%a5-leonardo\/\",\"url\":\"https:\/\/www.ivanabeaumond.com.br\/vestidos-noiva\/casamento-fernanda-%e2%99%a5-leonardo\/\",\"name\":\"Casamento Fernanda \u2665 Leonardo - Vestido de Noiva RJ\",\"isPartOf\":{\"@id\":\"https:\/\/www.ivanabeaumond.com.br\/vestidos-noiva\/#website\"},\"datePublished\":\"2020-05-02T18:26:39+00:00\",\"dateModified\":\"2020-08-10T18:42:51+00:00\",\"breadcrumb\":{\"@id\":\"https:\/\/www.ivanabeaumond.com.br\/vestidos-noiva\/casamento-fernanda-%e2%99%a5-leonardo\/#breadcrumb\"},\"inLanguage\":\"pt-BR\",\"potentialAction\":[{\"@type\":\"ReadAction\",\"target\":[\"https:\/\/www.ivanabeaumond.com.br\/vestidos-noiva\/casamento-fernanda-%e2%99%a5-leonardo\/\"]}]},{\"@type\":\"BreadcrumbList\",\"@id\":\"https:\/\/www.ivanabeaumond.com.br\/vestidos-noiva\/casamento-fernanda-%e2%99%a5-leonardo\/#breadcrumb\",\"itemListElement\":[{\"@type\":\"ListItem\",\"position\":1,\"name\":\"In\u00edcio\",\"item\":\"https:\/\/www.ivanabeaumond.com.br\/vestidos-noiva\/\"},{\"@type\":\"ListItem\",\"position\":2,\"name\":\"Casamento Fernanda \u2665 Leonardo\"}]},{\"@type\":\"WebSite\",\"@id\":\"https:\/\/www.ivanabeaumond.com.br\/vestidos-noiva\/#website\",\"url\":\"https:\/\/www.ivanabeaumond.com.br\/vestidos-noiva\/\",\"name\":\"Vestido de Noiva RJ\",\"description\":\"Moda Noiva\",\"publisher\":{\"@id\":\"https:\/\/www.ivanabeaumond.com.br\/vestidos-noiva\/#organization\"},\"potentialAction\":[{\"@type\":\"SearchAction\",\"target\":{\"@type\":\"EntryPoint\",\"urlTemplate\":\"https:\/\/www.ivanabeaumond.com.br\/vestidos-noiva\/?s={search_term_string}\"},\"query-input\":\"required name=search_term_string\"}],\"inLanguage\":\"pt-BR\"},{\"@type\":\"Organization\",\"@id\":\"https:\/\/www.ivanabeaumond.com.br\/vestidos-noiva\/#organization\",\"name\":\"Vestido de Noiva RJ\",\"url\":\"https:\/\/www.ivanabeaumond.com.br\/vestidos-noiva\/\",\"logo\":{\"@type\":\"ImageObject\",\"inLanguage\":\"pt-BR\",\"@id\":\"https:\/\/www.ivanabeaumond.com.br\/vestidos-noiva\/#\/schema\/logo\/image\/\",\"url\":\"https:\/\/www.ivanabeaumond.com.br\/vestidos-noiva\/wp-content\/uploads\/2018\/02\/logo_ivana_beaumond-2.png\",\"contentUrl\":\"https:\/\/www.ivanabeaumond.com.br\/vestidos-noiva\/wp-content\/uploads\/2018\/02\/logo_ivana_beaumond-2.png\",\"width\":230,\"height\":112,\"caption\":\"Vestido de Noiva RJ\"},\"image\":{\"@id\":\"https:\/\/www.ivanabeaumond.com.br\/vestidos-noiva\/#\/schema\/logo\/image\/\"},\"sameAs\":[\"https:\/\/www.facebook.com\/ivana.beaumondnoivas\",\"https:\/\/www.instagram.com\/ivanabeaumond\/\",\"https:\/\/www.tiktok.com\/@ivanabeaumond\"]},{\"@type\":\"Person\",\"@id\":\"https:\/\/www.ivanabeaumond.com.br\/vestidos-noiva\/#\/schema\/person\/1a360c4cffa3b806d29a456389dcff26\",\"name\":\"Ivana Beaumond Paris\",\"image\":{\"@type\":\"ImageObject\",\"inLanguage\":\"pt-BR\",\"@id\":\"https:\/\/www.ivanabeaumond.com.br\/vestidos-noiva\/#\/schema\/person\/image\/\",\"url\":\"https:\/\/secure.gravatar.com\/avatar\/641f98db20b53ec937ceb641db4270b9?s=96&d=mm&r=g\",\"contentUrl\":\"https:\/\/secure.gravatar.com\/avatar\/641f98db20b53ec937ceb641db4270b9?s=96&d=mm&r=g\",\"caption\":\"Ivana Beaumond Paris\"},\"url\":\"https:\/\/www.ivanabeaumond.com.br\/vestidos-noiva\/author\/ivana\/\"}]}<\/script>\n<!-- \/ Yoast SEO plugin. -->","yoast_head_json":{"title":"Casamento Fernanda \u2665 Leonardo - Vestido de Noiva RJ","robots":{"index":"index","follow":"follow","max-snippet":"max-snippet:-1","max-image-preview":"max-image-preview:large","max-video-preview":"max-video-preview:-1"},"canonical":"https:\/\/www.ivanabeaumond.com.br\/vestidos-noiva\/casamento-fernanda-\u2665-leonardo\/","og_locale":"pt_BR","og_type":"article","og_title":"Casamento Fernanda \u2665 Leonardo - Vestido de Noiva RJ","og_description":"A Noiva Fernanda optou por um lindo Vestido by IVANA...","og_url":"https:\/\/www.ivanabeaumond.com.br\/vestidos-noiva\/casamento-fernanda-\u2665-leonardo\/","og_site_name":"Vestido de Noiva RJ","article_publisher":"https:\/\/www.facebook.com\/ivana.beaumondnoivas","article_published_time":"2020-05-02T18:26:39+00:00","article_modified_time":"2020-08-10T18:42:51+00:00","og_image":[{"width":600,"height":395,"url":"https:\/\/www.ivanabeaumond.com.br\/vestidos-noiva\/wp-content\/uploads\/2020\/01\/foto-destacada-e1578078511972.jpg","type":"image\/jpeg"}],"author":"Ivana Beaumond Paris","twitter_card":"summary_large_image","twitter_misc":{"Escrito por":"Ivana Beaumond Paris","Est. tempo de leitura":"1 minuto"},"schema":{"@context":"https:\/\/schema.org","@graph":[{"@type":"Article","@id":"https:\/\/www.ivanabeaumond.com.br\/vestidos-noiva\/casamento-fernanda-%e2%99%a5-leonardo\/#article","isPartOf":{"@id":"https:\/\/www.ivanabeaumond.com.br\/vestidos-noiva\/casamento-fernanda-%e2%99%a5-leonardo\/"},"author":{"name":"Ivana Beaumond Paris","@id":"https:\/\/www.ivanabeaumond.com.br\/vestidos-noiva\/#\/schema\/person\/1a360c4cffa3b806d29a456389dcff26"},"headline":"Casamento Fernanda \u2665 Leonardo","datePublished":"2020-05-02T18:26:39+00:00","dateModified":"2020-08-10T18:42:51+00:00","mainEntityOfPage":{"@id":"https:\/\/www.ivanabeaumond.com.br\/vestidos-noiva\/casamento-fernanda-%e2%99%a5-leonardo\/"},"wordCount":271,"publisher":{"@id":"https:\/\/www.ivanabeaumond.com.br\/vestidos-noiva\/#organization"},"keywords":["alian\u00e7as","aluguel de roupas","ateli\u00ea de noiva","atelier","atelier de noivas","atelier ivana beaumond paris","atelier rio de janeiro","atelierivanabeaumond","brides","casamento","casamento blindado","casamento criativo","dress","estilista de noivas","felicidade","festas","itanhanga","ivana beaumond","noivas barra","noivas itanhang\u00e1","noivas tijuca","rua das noivas","sob medida","sobmedidanoiva","traje de noivo","vestido de noiva","weddingdress"],"articleSection":["Blog","Nossas Noivas"],"inLanguage":"pt-BR"},{"@type":"WebPage","@id":"https:\/\/www.ivanabeaumond.com.br\/vestidos-noiva\/casamento-fernanda-%e2%99%a5-leonardo\/","url":"https:\/\/www.ivanabeaumond.com.br\/vestidos-noiva\/casamento-fernanda-%e2%99%a5-leonardo\/","name":"Casamento Fernanda \u2665 Leonardo - Vestido de Noiva RJ","isPartOf":{"@id":"https:\/\/www.ivanabeaumond.com.br\/vestidos-noiva\/#website"},"datePublished":"2020-05-02T18:26:39+00:00","dateModified":"2020-08-10T18:42:51+00:00","breadcrumb":{"@id":"https:\/\/www.ivanabeaumond.com.br\/vestidos-noiva\/casamento-fernanda-%e2%99%a5-leonardo\/#breadcrumb"},"inLanguage":"pt-BR","potentialAction":[{"@type":"ReadAction","target":["https:\/\/www.ivanabeaumond.com.br\/vestidos-noiva\/casamento-fernanda-%e2%99%a5-leonardo\/"]}]},{"@type":"BreadcrumbList","@id":"https:\/\/www.ivanabeaumond.com.br\/vestidos-noiva\/casamento-fernanda-%e2%99%a5-leonardo\/#breadcrumb","itemListElement":[{"@type":"ListItem","position":1,"name":"In\u00edcio","item":"https:\/\/www.ivanabeaumond.com.br\/vestidos-noiva\/"},{"@type":"ListItem","position":2,"name":"Casamento Fernanda \u2665 Leonardo"}]},{"@type":"WebSite","@id":"https:\/\/www.ivanabeaumond.com.br\/vestidos-noiva\/#website","url":"https:\/\/www.ivanabeaumond.com.br\/vestidos-noiva\/","name":"Vestido de Noiva RJ","description":"Moda Noiva","publisher":{"@id":"https:\/\/www.ivanabeaumond.com.br\/vestidos-noiva\/#organization"},"potentialAction":[{"@type":"SearchAction","target":{"@type":"EntryPoint","urlTemplate":"https:\/\/www.ivanabeaumond.com.br\/vestidos-noiva\/?s={search_term_string}"},"query-input":"required name=search_term_string"}],"inLanguage":"pt-BR"},{"@type":"Organization","@id":"https:\/\/www.ivanabeaumond.com.br\/vestidos-noiva\/#organization","name":"Vestido de Noiva RJ","url":"https:\/\/www.ivanabeaumond.com.br\/vestidos-noiva\/","logo":{"@type":"ImageObject","inLanguage":"pt-BR","@id":"https:\/\/www.ivanabeaumond.com.br\/vestidos-noiva\/#\/schema\/logo\/image\/","url":"https:\/\/www.ivanabeaumond.com.br\/vestidos-noiva\/wp-content\/uploads\/2018\/02\/logo_ivana_beaumond-2.png","contentUrl":"https:\/\/www.ivanabeaumond.com.br\/vestidos-noiva\/wp-content\/uploads\/2018\/02\/logo_ivana_beaumond-2.png","width":230,"height":112,"caption":"Vestido de Noiva RJ"},"image":{"@id":"https:\/\/www.ivanabeaumond.com.br\/vestidos-noiva\/#\/schema\/logo\/image\/"},"sameAs":["https:\/\/www.facebook.com\/ivana.beaumondnoivas","https:\/\/www.instagram.com\/ivanabeaumond\/","https:\/\/www.tiktok.com\/@ivanabeaumond"]},{"@type":"Person","@id":"https:\/\/www.ivanabeaumond.com.br\/vestidos-noiva\/#\/schema\/person\/1a360c4cffa3b806d29a456389dcff26","name":"Ivana Beaumond Paris","image":{"@type":"ImageObject","inLanguage":"pt-BR","@id":"https:\/\/www.ivanabeaumond.com.br\/vestidos-noiva\/#\/schema\/person\/image\/","url":"https:\/\/secure.gravatar.com\/avatar\/641f98db20b53ec937ceb641db4270b9?s=96&d=mm&r=g","contentUrl":"https:\/\/secure.gravatar.com\/avatar\/641f98db20b53ec937ceb641db4270b9?s=96&d=mm&r=g","caption":"Ivana Beaumond Paris"},"url":"https:\/\/www.ivanabeaumond.com.br\/vestidos-noiva\/author\/ivana\/"}]}},"_links":{"self":[{"href":"https:\/\/www.ivanabeaumond.com.br\/vestidos-noiva\/wp-json\/wp\/v2\/posts\/22938"}],"collection":[{"href":"https:\/\/www.ivanabeaumond.com.br\/vestidos-noiva\/wp-json\/wp\/v2\/posts"}],"about":[{"href":"https:\/\/www.ivanabeaumond.com.br\/vestidos-noiva\/wp-json\/wp\/v2\/types\/post"}],"author":[{"embeddable":true,"href":"https:\/\/www.ivanabeaumond.com.br\/vestidos-noiva\/wp-json\/wp\/v2\/users\/4"}],"replies":[{"embeddable":true,"href":"https:\/\/www.ivanabeaumond.com.br\/vestidos-noiva\/wp-json\/wp\/v2\/comments?post=22938"}],"version-history":[{"count":15,"href":"https:\/\/www.ivanabeaumond.com.br\/vestidos-noiva\/wp-json\/wp\/v2\/posts\/22938\/revisions"}],"predecessor-version":[{"id":25758,"href":"https:\/\/www.ivanabeaumond.com.br\/vestidos-noiva\/wp-json\/wp\/v2\/posts\/22938\/revisions\/25758"}],"wp:featuredmedia":[{"embeddable":true,"href":"https:\/\/www.ivanabeaumond.com.br\/vestidos-noiva\/wp-json\/wp\/v2\/media\/23151"}],"wp:attachment":[{"href":"https:\/\/www.ivanabeaumond.com.br\/vestidos-noiva\/wp-json\/wp\/v2\/media?parent=22938"}],"wp:term":[{"taxonomy":"category","embeddable":true,"href":"https:\/\/www.ivanabeaumond.com.br\/vestidos-noiva\/wp-json\/wp\/v2\/categories?post=22938"},{"taxonomy":"post_tag","embeddable":true,"href":"https:\/\/www.ivanabeaumond.com.br\/vestidos-noiva\/wp-json\/wp\/v2\/tags?post=22938"}],"curies":[{"name":"wp","href":"https:\/\/api.w.org\/{rel}","templated":true}]}}