{"id":22990,"date":"2019-12-09T16:25:48","date_gmt":"2019-12-09T19:25:48","guid":{"rendered":"https:\/\/www.ivanabeaumond.com.br\/vestidos-noiva\/?p=22990"},"modified":"2019-12-09T16:25:48","modified_gmt":"2019-12-09T19:25:48","slug":"casamento-com-looks-assinados-por-ivana-beaumond-e-materia-no-jornal-extra","status":"publish","type":"post","link":"https:\/\/www.ivanabeaumond.com.br\/vestidos-noiva\/casamento-com-looks-assinados-por-ivana-beaumond-e-materia-no-jornal-extra\/","title":{"rendered":"Casamento com looks assinados por Ivana Beaumond \u00e9 mat\u00e9ria no Jornal Extra"},"content":{"rendered":"<h4 style=\"text-align: justify;\"><span style=\"color: #999999;\">O casamento dos empres\u00e1rios Anderson Magina e Monique Sanx, donos da\u00a0badalada empresa de anima\u00e7\u00e3o de eventos Os El\u00e9tricos, foi destaque na coluna do jornalista Alberto Aquino para o caderno Mais Baixada do Jornal Extra. Os noivos usaram trajes assinados pelo Atelier Ivana Beaumond Paris.<\/span><\/h4>\n<p>&nbsp;<\/p>\n<p>&nbsp;<\/p>\n<h4 style=\"text-align: justify;\"><span style=\"color: #999999;\">Confira a mat\u00e9ria na \u00edntegra:<\/span><\/h4>\n<p>&nbsp;<\/p>\n<p>&nbsp;<\/p>\n<p>&nbsp;<\/p>\n<p><img decoding=\"async\" loading=\"lazy\" class=\"aligncenter size-full wp-image-22991\" src=\"https:\/\/www.ivanabeaumond.com.br\/vestidos-noiva\/wp-content\/uploads\/2019\/12\/jornal-extra-baixada.jpg\" alt=\"jornal extra baixada\" width=\"960\" height=\"771\" \/><\/p>\n<p>&nbsp;<\/p>\n<p>&nbsp;<\/p>\n<p>&nbsp;<\/p>\n<h4><span style=\"color: #999999;\">Gostou? Siga nosso instagram<\/span>\u00a0<a href=\"https:\/\/www.instagram.com\/ivanaparisdebutantes\" target=\"_blank\">@ivanaparisdebutantes\u00a0<\/a><span style=\"color: #999999;\">e curta nossa fanpage\u00a0<\/span><a href=\"https:\/\/www.facebook.com\/IvanaBeaumondDebutantes\/\" target=\"_blank\">Ivana Beaumond<\/a>\u00a0<span style=\"color: #999999;\">para ficar por dentro de tudo o que rola no mundo das\u00a0debutantes. N\u00e3o deixe de conferir tamb\u00e9m as nossas cole\u00e7\u00f5es de<\/span>\u00a0<a href=\"http:\/\/www.ivanabeaumond.com.br\/vestidos-noiva\/vestidos-debutantes\/\" target=\"_blank\">Vestidos de Debutante<\/a>\u00a0<span style=\"color: #999999;\">e<\/span>\u00a0<a href=\"http:\/\/www.ivanabeaumond.com.br\/vestidos-noiva\/vestidos-casamento-madrinha-festa-formatura\/\" target=\"_blank\">Moda Festa<\/a><span style=\"color: #999999;\">,\u00a0trazendo as maiores novidades da alta costura com os mais belos modelos!<\/span><\/h4>\n","protected":false},"excerpt":{"rendered":"<p>O casamento dos empres\u00e1rios Anderson Magina e Monique Sanx, donos&#8230;<\/p>\n","protected":false},"author":4,"featured_media":22991,"comment_status":"closed","ping_status":"closed","sticky":false,"template":"","format":"standard","meta":[],"categories":[60,128],"tags":[131,203,650,204,215,133,96,161,113,1088,827,168,286,103,155,157,164,258,1089,158,115,210],"yoast_head":"<!-- This site is optimized with the Yoast SEO plugin v20.3 - https:\/\/yoast.com\/wordpress\/plugins\/seo\/ -->\n<title>Casamento com looks assinados por Ivana Beaumond \u00e9 mat\u00e9ria no Jornal Extra - Vestido de Noiva RJ<\/title>\n<meta name=\"robots\" content=\"index, follow, max-snippet:-1, max-image-preview:large, max-video-preview:-1\" \/>\n<link rel=\"canonical\" href=\"https:\/\/www.ivanabeaumond.com.br\/vestidos-noiva\/casamento-com-looks-assinados-por-ivana-beaumond-e-materia-no-jornal-extra\/\" \/>\n<meta property=\"og:locale\" content=\"pt_BR\" \/>\n<meta property=\"og:type\" content=\"article\" \/>\n<meta property=\"og:title\" content=\"Casamento com looks assinados por Ivana Beaumond \u00e9 mat\u00e9ria no Jornal Extra - Vestido de Noiva RJ\" \/>\n<meta property=\"og:description\" content=\"O casamento dos empres\u00e1rios Anderson Magina e Monique Sanx, donos...\" \/>\n<meta property=\"og:url\" content=\"https:\/\/www.ivanabeaumond.com.br\/vestidos-noiva\/casamento-com-looks-assinados-por-ivana-beaumond-e-materia-no-jornal-extra\/\" \/>\n<meta property=\"og:site_name\" content=\"Vestido de Noiva RJ\" \/>\n<meta property=\"article:publisher\" content=\"https:\/\/www.facebook.com\/ivana.beaumondnoivas\" \/>\n<meta property=\"article:published_time\" content=\"2019-12-09T19:25:48+00:00\" \/>\n<meta property=\"og:image\" content=\"https:\/\/www.ivanabeaumond.com.br\/vestidos-noiva\/wp-content\/uploads\/2019\/12\/jornal-extra-baixada-e1575919335527.jpg\" \/>\n\t<meta property=\"og:image:width\" content=\"600\" \/>\n\t<meta property=\"og:image:height\" content=\"482\" \/>\n\t<meta property=\"og:image:type\" content=\"image\/jpeg\" \/>\n<meta name=\"author\" content=\"Ivana Beaumond Paris\" \/>\n<meta name=\"twitter:card\" content=\"summary_large_image\" \/>\n<meta name=\"twitter:label1\" content=\"Escrito por\" \/>\n\t<meta name=\"twitter:data1\" content=\"Ivana Beaumond Paris\" \/>\n\t<meta name=\"twitter:label2\" content=\"Est. tempo de leitura\" \/>\n\t<meta name=\"twitter:data2\" content=\"1 minuto\" \/>\n<script type=\"application\/ld+json\" class=\"yoast-schema-graph\">{\"@context\":\"https:\/\/schema.org\",\"@graph\":[{\"@type\":\"Article\",\"@id\":\"https:\/\/www.ivanabeaumond.com.br\/vestidos-noiva\/casamento-com-looks-assinados-por-ivana-beaumond-e-materia-no-jornal-extra\/#article\",\"isPartOf\":{\"@id\":\"https:\/\/www.ivanabeaumond.com.br\/vestidos-noiva\/casamento-com-looks-assinados-por-ivana-beaumond-e-materia-no-jornal-extra\/\"},\"author\":{\"name\":\"Ivana Beaumond Paris\",\"@id\":\"https:\/\/www.ivanabeaumond.com.br\/vestidos-noiva\/#\/schema\/person\/1a360c4cffa3b806d29a456389dcff26\"},\"headline\":\"Casamento com looks assinados por Ivana Beaumond \u00e9 mat\u00e9ria no Jornal Extra\",\"datePublished\":\"2019-12-09T19:25:48+00:00\",\"dateModified\":\"2019-12-09T19:25:48+00:00\",\"mainEntityOfPage\":{\"@id\":\"https:\/\/www.ivanabeaumond.com.br\/vestidos-noiva\/casamento-com-looks-assinados-por-ivana-beaumond-e-materia-no-jornal-extra\/\"},\"wordCount\":128,\"publisher\":{\"@id\":\"https:\/\/www.ivanabeaumond.com.br\/vestidos-noiva\/#organization\"},\"keywords\":[\"aluguel de roupas\",\"atelier\",\"atelier ivana beaumond\",\"atelieraltacostura\",\"Atelierdenoiva\",\"atelierivanabeaumond\",\"casamento\",\"casamento blindado\",\"casamento criativo\",\"casamentos famosos\",\"celebridade\",\"famosos\",\"ivana beaumond\",\"madrinhas\",\"modanoiva\",\"noiva e noivo\",\"noivas\",\"noivinha\",\"os el\u00e9tricos\",\"traje de noivo\",\"vestido de noiva\",\"weddingdress\"],\"articleSection\":[\"Blog\",\"Na M\u00eddia\"],\"inLanguage\":\"pt-BR\"},{\"@type\":\"WebPage\",\"@id\":\"https:\/\/www.ivanabeaumond.com.br\/vestidos-noiva\/casamento-com-looks-assinados-por-ivana-beaumond-e-materia-no-jornal-extra\/\",\"url\":\"https:\/\/www.ivanabeaumond.com.br\/vestidos-noiva\/casamento-com-looks-assinados-por-ivana-beaumond-e-materia-no-jornal-extra\/\",\"name\":\"Casamento com looks assinados por Ivana Beaumond \u00e9 mat\u00e9ria no Jornal Extra - Vestido de Noiva RJ\",\"isPartOf\":{\"@id\":\"https:\/\/www.ivanabeaumond.com.br\/vestidos-noiva\/#website\"},\"datePublished\":\"2019-12-09T19:25:48+00:00\",\"dateModified\":\"2019-12-09T19:25:48+00:00\",\"breadcrumb\":{\"@id\":\"https:\/\/www.ivanabeaumond.com.br\/vestidos-noiva\/casamento-com-looks-assinados-por-ivana-beaumond-e-materia-no-jornal-extra\/#breadcrumb\"},\"inLanguage\":\"pt-BR\",\"potentialAction\":[{\"@type\":\"ReadAction\",\"target\":[\"https:\/\/www.ivanabeaumond.com.br\/vestidos-noiva\/casamento-com-looks-assinados-por-ivana-beaumond-e-materia-no-jornal-extra\/\"]}]},{\"@type\":\"BreadcrumbList\",\"@id\":\"https:\/\/www.ivanabeaumond.com.br\/vestidos-noiva\/casamento-com-looks-assinados-por-ivana-beaumond-e-materia-no-jornal-extra\/#breadcrumb\",\"itemListElement\":[{\"@type\":\"ListItem\",\"position\":1,\"name\":\"In\u00edcio\",\"item\":\"https:\/\/www.ivanabeaumond.com.br\/vestidos-noiva\/\"},{\"@type\":\"ListItem\",\"position\":2,\"name\":\"Casamento com looks assinados por Ivana Beaumond \u00e9 mat\u00e9ria no Jornal Extra\"}]},{\"@type\":\"WebSite\",\"@id\":\"https:\/\/www.ivanabeaumond.com.br\/vestidos-noiva\/#website\",\"url\":\"https:\/\/www.ivanabeaumond.com.br\/vestidos-noiva\/\",\"name\":\"Vestido de Noiva RJ\",\"description\":\"Moda Noiva\",\"publisher\":{\"@id\":\"https:\/\/www.ivanabeaumond.com.br\/vestidos-noiva\/#organization\"},\"potentialAction\":[{\"@type\":\"SearchAction\",\"target\":{\"@type\":\"EntryPoint\",\"urlTemplate\":\"https:\/\/www.ivanabeaumond.com.br\/vestidos-noiva\/?s={search_term_string}\"},\"query-input\":\"required name=search_term_string\"}],\"inLanguage\":\"pt-BR\"},{\"@type\":\"Organization\",\"@id\":\"https:\/\/www.ivanabeaumond.com.br\/vestidos-noiva\/#organization\",\"name\":\"Vestido de Noiva RJ\",\"url\":\"https:\/\/www.ivanabeaumond.com.br\/vestidos-noiva\/\",\"logo\":{\"@type\":\"ImageObject\",\"inLanguage\":\"pt-BR\",\"@id\":\"https:\/\/www.ivanabeaumond.com.br\/vestidos-noiva\/#\/schema\/logo\/image\/\",\"url\":\"https:\/\/www.ivanabeaumond.com.br\/vestidos-noiva\/wp-content\/uploads\/2018\/02\/logo_ivana_beaumond-2.png\",\"contentUrl\":\"https:\/\/www.ivanabeaumond.com.br\/vestidos-noiva\/wp-content\/uploads\/2018\/02\/logo_ivana_beaumond-2.png\",\"width\":230,\"height\":112,\"caption\":\"Vestido de Noiva RJ\"},\"image\":{\"@id\":\"https:\/\/www.ivanabeaumond.com.br\/vestidos-noiva\/#\/schema\/logo\/image\/\"},\"sameAs\":[\"https:\/\/www.facebook.com\/ivana.beaumondnoivas\",\"https:\/\/www.instagram.com\/ivanabeaumond\/\",\"https:\/\/www.tiktok.com\/@ivanabeaumond\"]},{\"@type\":\"Person\",\"@id\":\"https:\/\/www.ivanabeaumond.com.br\/vestidos-noiva\/#\/schema\/person\/1a360c4cffa3b806d29a456389dcff26\",\"name\":\"Ivana Beaumond Paris\",\"image\":{\"@type\":\"ImageObject\",\"inLanguage\":\"pt-BR\",\"@id\":\"https:\/\/www.ivanabeaumond.com.br\/vestidos-noiva\/#\/schema\/person\/image\/\",\"url\":\"https:\/\/secure.gravatar.com\/avatar\/641f98db20b53ec937ceb641db4270b9?s=96&d=mm&r=g\",\"contentUrl\":\"https:\/\/secure.gravatar.com\/avatar\/641f98db20b53ec937ceb641db4270b9?s=96&d=mm&r=g\",\"caption\":\"Ivana Beaumond Paris\"},\"url\":\"https:\/\/www.ivanabeaumond.com.br\/vestidos-noiva\/author\/ivana\/\"}]}<\/script>\n<!-- \/ Yoast SEO plugin. -->","yoast_head_json":{"title":"Casamento com looks assinados por Ivana Beaumond \u00e9 mat\u00e9ria no Jornal Extra - Vestido de Noiva RJ","robots":{"index":"index","follow":"follow","max-snippet":"max-snippet:-1","max-image-preview":"max-image-preview:large","max-video-preview":"max-video-preview:-1"},"canonical":"https:\/\/www.ivanabeaumond.com.br\/vestidos-noiva\/casamento-com-looks-assinados-por-ivana-beaumond-e-materia-no-jornal-extra\/","og_locale":"pt_BR","og_type":"article","og_title":"Casamento com looks assinados por Ivana Beaumond \u00e9 mat\u00e9ria no Jornal Extra - Vestido de Noiva RJ","og_description":"O casamento dos empres\u00e1rios Anderson Magina e Monique Sanx, donos...","og_url":"https:\/\/www.ivanabeaumond.com.br\/vestidos-noiva\/casamento-com-looks-assinados-por-ivana-beaumond-e-materia-no-jornal-extra\/","og_site_name":"Vestido de Noiva RJ","article_publisher":"https:\/\/www.facebook.com\/ivana.beaumondnoivas","article_published_time":"2019-12-09T19:25:48+00:00","og_image":[{"width":600,"height":482,"url":"https:\/\/www.ivanabeaumond.com.br\/vestidos-noiva\/wp-content\/uploads\/2019\/12\/jornal-extra-baixada-e1575919335527.jpg","type":"image\/jpeg"}],"author":"Ivana Beaumond Paris","twitter_card":"summary_large_image","twitter_misc":{"Escrito por":"Ivana Beaumond Paris","Est. tempo de leitura":"1 minuto"},"schema":{"@context":"https:\/\/schema.org","@graph":[{"@type":"Article","@id":"https:\/\/www.ivanabeaumond.com.br\/vestidos-noiva\/casamento-com-looks-assinados-por-ivana-beaumond-e-materia-no-jornal-extra\/#article","isPartOf":{"@id":"https:\/\/www.ivanabeaumond.com.br\/vestidos-noiva\/casamento-com-looks-assinados-por-ivana-beaumond-e-materia-no-jornal-extra\/"},"author":{"name":"Ivana Beaumond Paris","@id":"https:\/\/www.ivanabeaumond.com.br\/vestidos-noiva\/#\/schema\/person\/1a360c4cffa3b806d29a456389dcff26"},"headline":"Casamento com looks assinados por Ivana Beaumond \u00e9 mat\u00e9ria no Jornal Extra","datePublished":"2019-12-09T19:25:48+00:00","dateModified":"2019-12-09T19:25:48+00:00","mainEntityOfPage":{"@id":"https:\/\/www.ivanabeaumond.com.br\/vestidos-noiva\/casamento-com-looks-assinados-por-ivana-beaumond-e-materia-no-jornal-extra\/"},"wordCount":128,"publisher":{"@id":"https:\/\/www.ivanabeaumond.com.br\/vestidos-noiva\/#organization"},"keywords":["aluguel de roupas","atelier","atelier ivana beaumond","atelieraltacostura","Atelierdenoiva","atelierivanabeaumond","casamento","casamento blindado","casamento criativo","casamentos famosos","celebridade","famosos","ivana beaumond","madrinhas","modanoiva","noiva e noivo","noivas","noivinha","os el\u00e9tricos","traje de noivo","vestido de noiva","weddingdress"],"articleSection":["Blog","Na M\u00eddia"],"inLanguage":"pt-BR"},{"@type":"WebPage","@id":"https:\/\/www.ivanabeaumond.com.br\/vestidos-noiva\/casamento-com-looks-assinados-por-ivana-beaumond-e-materia-no-jornal-extra\/","url":"https:\/\/www.ivanabeaumond.com.br\/vestidos-noiva\/casamento-com-looks-assinados-por-ivana-beaumond-e-materia-no-jornal-extra\/","name":"Casamento com looks assinados por Ivana Beaumond \u00e9 mat\u00e9ria no Jornal Extra - Vestido de Noiva RJ","isPartOf":{"@id":"https:\/\/www.ivanabeaumond.com.br\/vestidos-noiva\/#website"},"datePublished":"2019-12-09T19:25:48+00:00","dateModified":"2019-12-09T19:25:48+00:00","breadcrumb":{"@id":"https:\/\/www.ivanabeaumond.com.br\/vestidos-noiva\/casamento-com-looks-assinados-por-ivana-beaumond-e-materia-no-jornal-extra\/#breadcrumb"},"inLanguage":"pt-BR","potentialAction":[{"@type":"ReadAction","target":["https:\/\/www.ivanabeaumond.com.br\/vestidos-noiva\/casamento-com-looks-assinados-por-ivana-beaumond-e-materia-no-jornal-extra\/"]}]},{"@type":"BreadcrumbList","@id":"https:\/\/www.ivanabeaumond.com.br\/vestidos-noiva\/casamento-com-looks-assinados-por-ivana-beaumond-e-materia-no-jornal-extra\/#breadcrumb","itemListElement":[{"@type":"ListItem","position":1,"name":"In\u00edcio","item":"https:\/\/www.ivanabeaumond.com.br\/vestidos-noiva\/"},{"@type":"ListItem","position":2,"name":"Casamento com looks assinados por Ivana Beaumond \u00e9 mat\u00e9ria no Jornal Extra"}]},{"@type":"WebSite","@id":"https:\/\/www.ivanabeaumond.com.br\/vestidos-noiva\/#website","url":"https:\/\/www.ivanabeaumond.com.br\/vestidos-noiva\/","name":"Vestido de Noiva RJ","description":"Moda Noiva","publisher":{"@id":"https:\/\/www.ivanabeaumond.com.br\/vestidos-noiva\/#organization"},"potentialAction":[{"@type":"SearchAction","target":{"@type":"EntryPoint","urlTemplate":"https:\/\/www.ivanabeaumond.com.br\/vestidos-noiva\/?s={search_term_string}"},"query-input":"required name=search_term_string"}],"inLanguage":"pt-BR"},{"@type":"Organization","@id":"https:\/\/www.ivanabeaumond.com.br\/vestidos-noiva\/#organization","name":"Vestido de Noiva RJ","url":"https:\/\/www.ivanabeaumond.com.br\/vestidos-noiva\/","logo":{"@type":"ImageObject","inLanguage":"pt-BR","@id":"https:\/\/www.ivanabeaumond.com.br\/vestidos-noiva\/#\/schema\/logo\/image\/","url":"https:\/\/www.ivanabeaumond.com.br\/vestidos-noiva\/wp-content\/uploads\/2018\/02\/logo_ivana_beaumond-2.png","contentUrl":"https:\/\/www.ivanabeaumond.com.br\/vestidos-noiva\/wp-content\/uploads\/2018\/02\/logo_ivana_beaumond-2.png","width":230,"height":112,"caption":"Vestido de Noiva RJ"},"image":{"@id":"https:\/\/www.ivanabeaumond.com.br\/vestidos-noiva\/#\/schema\/logo\/image\/"},"sameAs":["https:\/\/www.facebook.com\/ivana.beaumondnoivas","https:\/\/www.instagram.com\/ivanabeaumond\/","https:\/\/www.tiktok.com\/@ivanabeaumond"]},{"@type":"Person","@id":"https:\/\/www.ivanabeaumond.com.br\/vestidos-noiva\/#\/schema\/person\/1a360c4cffa3b806d29a456389dcff26","name":"Ivana Beaumond Paris","image":{"@type":"ImageObject","inLanguage":"pt-BR","@id":"https:\/\/www.ivanabeaumond.com.br\/vestidos-noiva\/#\/schema\/person\/image\/","url":"https:\/\/secure.gravatar.com\/avatar\/641f98db20b53ec937ceb641db4270b9?s=96&d=mm&r=g","contentUrl":"https:\/\/secure.gravatar.com\/avatar\/641f98db20b53ec937ceb641db4270b9?s=96&d=mm&r=g","caption":"Ivana Beaumond Paris"},"url":"https:\/\/www.ivanabeaumond.com.br\/vestidos-noiva\/author\/ivana\/"}]}},"_links":{"self":[{"href":"https:\/\/www.ivanabeaumond.com.br\/vestidos-noiva\/wp-json\/wp\/v2\/posts\/22990"}],"collection":[{"href":"https:\/\/www.ivanabeaumond.com.br\/vestidos-noiva\/wp-json\/wp\/v2\/posts"}],"about":[{"href":"https:\/\/www.ivanabeaumond.com.br\/vestidos-noiva\/wp-json\/wp\/v2\/types\/post"}],"author":[{"embeddable":true,"href":"https:\/\/www.ivanabeaumond.com.br\/vestidos-noiva\/wp-json\/wp\/v2\/users\/4"}],"replies":[{"embeddable":true,"href":"https:\/\/www.ivanabeaumond.com.br\/vestidos-noiva\/wp-json\/wp\/v2\/comments?post=22990"}],"version-history":[{"count":3,"href":"https:\/\/www.ivanabeaumond.com.br\/vestidos-noiva\/wp-json\/wp\/v2\/posts\/22990\/revisions"}],"predecessor-version":[{"id":22994,"href":"https:\/\/www.ivanabeaumond.com.br\/vestidos-noiva\/wp-json\/wp\/v2\/posts\/22990\/revisions\/22994"}],"wp:featuredmedia":[{"embeddable":true,"href":"https:\/\/www.ivanabeaumond.com.br\/vestidos-noiva\/wp-json\/wp\/v2\/media\/22991"}],"wp:attachment":[{"href":"https:\/\/www.ivanabeaumond.com.br\/vestidos-noiva\/wp-json\/wp\/v2\/media?parent=22990"}],"wp:term":[{"taxonomy":"category","embeddable":true,"href":"https:\/\/www.ivanabeaumond.com.br\/vestidos-noiva\/wp-json\/wp\/v2\/categories?post=22990"},{"taxonomy":"post_tag","embeddable":true,"href":"https:\/\/www.ivanabeaumond.com.br\/vestidos-noiva\/wp-json\/wp\/v2\/tags?post=22990"}],"curies":[{"name":"wp","href":"https:\/\/api.w.org\/{rel}","templated":true}]}}