{"id":23194,"date":"2020-01-14T15:30:05","date_gmt":"2020-01-14T18:30:05","guid":{"rendered":"https:\/\/www.ivanabeaumond.com.br\/vestidos-noiva\/?p=23194"},"modified":"2020-01-14T15:30:05","modified_gmt":"2020-01-14T18:30:05","slug":"saiba-quais-sao-as-tendencias-para-os-vestidos-de-noiva-em-2020","status":"publish","type":"post","link":"https:\/\/www.ivanabeaumond.com.br\/vestidos-noiva\/saiba-quais-sao-as-tendencias-para-os-vestidos-de-noiva-em-2020\/","title":{"rendered":"Saiba quais s\u00e3o as tend\u00eancias para os Vestidos de Noiva em 2020"},"content":{"rendered":"<h4 style=\"text-align: justify;\"><span style=\"color: #999999;\">O ano mal come\u00e7ou, mas n\u00f3s j\u00e1 estamos por dentro\u00a0do\u00a0que estar\u00e1 em alta nos vestidos de noiva para as pr\u00f3ximas esta\u00e7\u00f5es. Preparamos um post listando as principais tend\u00eancias para os modelos em 2020, para voc\u00ea que j\u00e1 est\u00e1 planejando o seu casamento conferir tudo em primeira m\u00e3o!\u00a0<\/span><\/h4>\n<h4><span style=\"color: #999999;\">\u00a0<\/span><\/h4>\n<p>&nbsp;<\/p>\n<p>&nbsp;<\/p>\n<h3><span style=\"color: #000000;\">Decote Halter<\/span><\/h3>\n<h4><span style=\"color: #999999;\">\u00a0<\/span><\/h4>\n<h4><span style=\"color: #999999;\">\u00a0<\/span><\/h4>\n<h4><span style=\"color: #999999;\">\u00a0<\/span><\/h4>\n<h4 style=\"text-align: justify;\"><span style=\"color: #999999;\">Os decotes halter surgiram nos anos 1990 e est\u00e3o de volta como uma forte tend\u00eancia na moda noiva esse ano. Os modelos nesse estilo possuem uma gola alta que rodeia o pesco\u00e7o, podendo ser abertos, fechados ou ilus\u00e3o. Eles funcionam muito bem para disfar\u00e7ar busto grande ou para real\u00e7ar bustos muito pequenos.<\/span><\/h4>\n<p>&nbsp;<\/p>\n<p>&nbsp;<\/p>\n<p><img decoding=\"async\" loading=\"lazy\" class=\"aligncenter size-full wp-image-23195\" src=\"https:\/\/www.ivanabeaumond.com.br\/vestidos-noiva\/wp-content\/uploads\/2020\/01\/2019_DECORO_ROSA_CLARA_3-e1578934626236.jpg\" alt=\"2019_DECORO_ROSA_CLARA_3\" width=\"400\" height=\"500\" \/><\/p>\n<p><img decoding=\"async\" loading=\"lazy\" class=\"aligncenter size-full wp-image-23196\" src=\"https:\/\/www.ivanabeaumond.com.br\/vestidos-noiva\/wp-content\/uploads\/2020\/01\/VESTIDO-DE-NOIVA-DECOTE-HALTER-TENDENCIA-NOIVAS-2020-ATELIER-IVANA-BEAUMOND-RJ-e1578934594803.jpg\" alt=\"VESTIDO DE NOIVA DECOTE HALTER TENDENCIA NOIVAS 2020 ATELIER IVANA BEAUMOND RJ\" width=\"400\" height=\"600\" \/><\/p>\n<p><img decoding=\"async\" loading=\"lazy\" class=\"aligncenter size-full wp-image-23197\" src=\"https:\/\/www.ivanabeaumond.com.br\/vestidos-noiva\/wp-content\/uploads\/2020\/01\/2018_BALLEY_AIRE_BARCELONA_3-e1578934765594.jpg\" alt=\"2018_BALLEY_AIRE_BARCELONA_3\" width=\"400\" height=\"500\" \/><\/p>\n<p>&nbsp;<\/p>\n<p>&nbsp;<\/p>\n<p>&nbsp;<\/p>\n<p>&nbsp;<\/p>\n<p>&nbsp;<\/p>\n<h3>Franjas<\/h3>\n<h4><\/h4>\n<p>&nbsp;<\/p>\n<h4><\/h4>\n<h4><\/h4>\n<h4 style=\"text-align: justify;\"><\/h4>\n<h4 style=\"text-align: justify;\"><span style=\"color: #999999;\">As franjas s\u00e3o uma inspira\u00e7\u00e3o nos anos 1920, e s\u00e3o detalhes muito elegantes que deixam a noiva em evid\u00eancia, podendo ser usadas nas mangas, na saia, na cauda ou qualquer outra parte do vestido.<\/span><\/h4>\n<p>&nbsp;<\/p>\n<p>&nbsp;<\/p>\n<p>&nbsp;<\/p>\n<p>&nbsp;<\/p>\n<p>&nbsp;<\/p>\n<p>&nbsp;<\/p>\n<p>&nbsp;<\/p>\n<p><img decoding=\"async\" loading=\"lazy\" class=\"aligncenter size-full wp-image-23198\" src=\"https:\/\/www.ivanabeaumond.com.br\/vestidos-noiva\/wp-content\/uploads\/2020\/01\/noivas-rj-vestido-de-noiva-ivana-beaumond-paris-atelier-rio-de-janeiro-3-e1578937913941.jpg\" alt=\"noivas rj vestido de noiva ivana beaumond paris atelier rio de janeiro (3)\" width=\"400\" height=\"600\" \/><\/p>\n<p><img decoding=\"async\" loading=\"lazy\" class=\"aligncenter size-full wp-image-23199\" src=\"https:\/\/www.ivanabeaumond.com.br\/vestidos-noiva\/wp-content\/uploads\/2020\/01\/vestido-de-noiva-com-franja-tendencia-2020-casamento-atelier-ivana-beaumond-rj-e1578938013404.jpg\" alt=\"vestido de noiva com franja tendencia 2020 casamento atelier ivana beaumond rj\" width=\"400\" height=\"598\" \/><\/p>\n<p><img decoding=\"async\" loading=\"lazy\" class=\"aligncenter size-full wp-image-23200\" src=\"https:\/\/www.ivanabeaumond.com.br\/vestidos-noiva\/wp-content\/uploads\/2020\/01\/vestido-de-noiva-com-franjas-tendencia-2020-casamentos-ivana-beaumond-rj-e1578938274885.jpg\" alt=\"vestido de noiva com franjas tendencia 2020 casamentos ivana beaumond rj\" width=\"400\" height=\"600\" \/><\/p>\n<p><img decoding=\"async\" loading=\"lazy\" class=\"aligncenter size-full wp-image-23201\" src=\"https:\/\/www.ivanabeaumond.com.br\/vestidos-noiva\/wp-content\/uploads\/2020\/01\/vestido-de-noiva-com-franja-tendencia-2020-blog-de-noivas-atelier-ivana-beaumond-rj-e1578939171468.jpg\" alt=\"vestido de noiva com franja tendencia 2020 blog de noivas atelier ivana beaumond rj\" width=\"400\" height=\"560\" \/><\/p>\n<p><img decoding=\"async\" loading=\"lazy\" class=\"aligncenter size-full wp-image-23202\" src=\"https:\/\/www.ivanabeaumond.com.br\/vestidos-noiva\/wp-content\/uploads\/2020\/01\/vestido-de-noiva-com-franja-chique-atelier-ivana-beaumond-paris-noivas-rj-blog-e1578939240563.jpg\" alt=\"vestido de noiva com franja chique atelier ivana beaumond paris noivas rj blog\" width=\"400\" height=\"533\" \/><\/p>\n<p>&nbsp;<\/p>\n<p>&nbsp;<\/p>\n<p>&nbsp;<\/p>\n<p>&nbsp;<\/p>\n<p>&nbsp;<\/p>\n<h3>Estilo Boho<\/h3>\n<p>&nbsp;<\/p>\n<p>&nbsp;<\/p>\n<p>&nbsp;<\/p>\n<h4 style=\"text-align: justify;\"><span style=\"color: #999999;\">Misturando o vintage com o hippie e o romantismo, o Boho continua sendo o estilo favorito da maioria das noivas, e este ano n\u00e3o ser\u00e1 diferente. Vestidos feitos com tecidos leves, mais confort\u00e1veis, com cortes retos ou evas\u00ea que misturam renda com elementos naturais (como pedras) estar\u00e3o em alta.<\/span><\/h4>\n<p>&nbsp;<\/p>\n<p>&nbsp;<\/p>\n<p>&nbsp;<\/p>\n<p>&nbsp;<\/p>\n<p><img decoding=\"async\" loading=\"lazy\" class=\"aligncenter size-full wp-image-23207\" src=\"https:\/\/www.ivanabeaumond.com.br\/vestidos-noiva\/wp-content\/uploads\/2020\/01\/vestido-de-noiva-boho-tendencia-2020-atelier-ivana-beaumond-rj-e1578942583837.jpg\" alt=\"vestido de noiva boho tendencia 2020 atelier ivana beaumond rj\" width=\"400\" height=\"538\" \/><\/p>\n<p><img decoding=\"async\" loading=\"lazy\" class=\"aligncenter size-full wp-image-23170\" src=\"https:\/\/www.ivanabeaumond.com.br\/vestidos-noiva\/wp-content\/uploads\/2020\/01\/VESTIDO-DE-NOIVA-ATELIER-IVANA-BEAUMOND-PARIS-RIO-DE-JANEIRO-LOJA-DE-NOIVAS-RJ-37-e1578940065688.jpg\" alt=\"VESTIDO DE NOIVA ATELIER IVANA BEAUMOND PARIS RIO DE JANEIRO LOJA DE NOIVAS RJ (37)\" width=\"400\" height=\"600\" \/><\/p>\n<p><img decoding=\"async\" loading=\"lazy\" class=\"aligncenter size-full wp-image-23171\" src=\"https:\/\/www.ivanabeaumond.com.br\/vestidos-noiva\/wp-content\/uploads\/2020\/01\/nathalia-casamento-vestido-de-noiva-rj-manga-longa-atelier-ivana-beaumond-estilista-3-e1578940009942.jpg\" alt=\"nathalia casamento vestido de noiva rj manga longa atelier ivana beaumond estilista (3)\" width=\"400\" height=\"601\" \/><\/p>\n<p><img decoding=\"async\" loading=\"lazy\" class=\"aligncenter size-full wp-image-23206\" src=\"https:\/\/www.ivanabeaumond.com.br\/vestidos-noiva\/wp-content\/uploads\/2020\/01\/Wedding-photography-1-1-e1578942621413.jpg\" alt=\"Wedding-photography-1-1\" width=\"400\" height=\"600\" \/><\/p>\n<p><img decoding=\"async\" loading=\"lazy\" class=\"aligncenter size-full wp-image-23208\" src=\"https:\/\/www.ivanabeaumond.com.br\/vestidos-noiva\/wp-content\/uploads\/2020\/01\/casamento-boho-chic-vestido-de-noiva-atelier-ivana-beaumond-rio-e1578942792400.jpg\" alt=\"casamento boho chic vestido de noiva atelier ivana beaumond rio\" width=\"400\" height=\"600\" \/><\/p>\n<p>&nbsp;<\/p>\n<p>&nbsp;<\/p>\n<p>&nbsp;<\/p>\n<p>&nbsp;<\/p>\n<p>&nbsp;<\/p>\n<h3>Vestido Vitoriano<\/h3>\n<p>&nbsp;<\/p>\n<h4><\/h4>\n<h4 style=\"text-align: justify;\"><span style=\"color: #999999;\">Elementos inspirados nos vestidos de noiva da Era Vitoriana, como mangas volumosas, babados e gola alta, estar\u00e3o presentes nos modelos esse ano. Celebridades como a digital influencer Thassia Naves e a cantora Ellie Goulding j\u00e1 apostaram nessa tend\u00eancia.<\/span><\/h4>\n<p>&nbsp;<\/p>\n<p>&nbsp;<\/p>\n<p>&nbsp;<\/p>\n<p><img decoding=\"async\" loading=\"lazy\" class=\"aligncenter size-full wp-image-23218\" src=\"https:\/\/www.ivanabeaumond.com.br\/vestidos-noiva\/wp-content\/uploads\/2020\/01\/vestido-de-noiva-vitoriano-thassia-naves-tendencia-2020-atelier-ivana-beaumond-rj-e1579018845925.jpg\" alt=\"vestido de noiva vitoriano thassia naves tendencia 2020 atelier ivana beaumond rj\" width=\"400\" height=\"500\" \/><\/p>\n<p><img decoding=\"async\" loading=\"lazy\" class=\"aligncenter size-full wp-image-23219\" src=\"https:\/\/www.ivanabeaumond.com.br\/vestidos-noiva\/wp-content\/uploads\/2020\/01\/vestido-de-noiva-vitoriano-thassia-naves-tendencia-casamentos-2020-atelier-ivana-beaumond-rj-e1579018929851.jpg\" alt=\"vestido de noiva vitoriano thassia naves tendencia casamentos 2020 atelier ivana beaumond rj\" width=\"400\" height=\"463\" \/><\/p>\n<p><img decoding=\"async\" loading=\"lazy\" class=\"aligncenter size-full wp-image-23220\" src=\"https:\/\/www.ivanabeaumond.com.br\/vestidos-noiva\/wp-content\/uploads\/2020\/01\/vestido-de-noiva-vitoriano-ellie-goulding-tendencia-casamentos-20020-atelier-ivana-beaumond-rj-e1579019036217.jpg\" alt=\"vestido de noiva vitoriano ellie goulding tendencia casamentos 20020 atelier ivana beaumond rj\" width=\"400\" height=\"500\" \/><\/p>\n<p><img decoding=\"async\" loading=\"lazy\" class=\"aligncenter size-full wp-image-23223\" src=\"https:\/\/www.ivanabeaumond.com.br\/vestidos-noiva\/wp-content\/uploads\/2020\/01\/vestido-de-noiva-estilo-vitoriana-tendencia-noivas-2020-atelier-ivana-beaumond-rj-2-e1579019406399.jpg\" alt=\"vestido de noiva estilo vitoriana tendencia noivas 2020 atelier ivana beaumond rj (2)\" width=\"400\" height=\"600\" \/><\/p>\n<p><img decoding=\"async\" loading=\"lazy\" class=\"aligncenter size-full wp-image-23222\" src=\"https:\/\/www.ivanabeaumond.com.br\/vestidos-noiva\/wp-content\/uploads\/2020\/01\/vestido-de-noiva-estilo-vitoriana-tendencia-noivas-2020-atelier-ivana-beaumond-rj-e1579019315371.jpg\" alt=\"vestido de noiva estilo vitoriana tendencia noivas 2020 atelier ivana beaumond rj\" width=\"400\" height=\"600\" \/><\/p>\n<p><img decoding=\"async\" loading=\"lazy\" class=\"aligncenter size-full wp-image-23224\" src=\"https:\/\/www.ivanabeaumond.com.br\/vestidos-noiva\/wp-content\/uploads\/2020\/01\/vestido-de-noiva-vitoriano-inspiracao-tendencia-noivas-2020-ivana-beaumond-rj-e1579019643683.jpg\" alt=\"vestido de noiva vitoriano inspiracao tendencia noivas 2020 ivana beaumond rj\" width=\"400\" height=\"600\" \/><\/p>\n<p>&nbsp;<\/p>\n<p>&nbsp;<\/p>\n<p>&nbsp;<\/p>\n<p>&nbsp;<\/p>\n<p>&nbsp;<\/p>\n<p>&nbsp;<\/p>\n<p>&nbsp;<\/p>\n<h4 style=\"text-align: justify;\"><span style=\"color: #000000;\">Fotos:<\/span><\/h4>\n<h4 style=\"text-align: justify;\"><span style=\"color: #000000;\">Pinterest, <span style=\"color: #000080;\"><a style=\"color: #000080;\" href=\"https:\/\/www.jobimphotography.com\/\" target=\"_blank\">Jobim Photography<\/a><\/span>, Vogue, Harper&#8217;s Bazaar,<span style=\"color: #000080;\"><a style=\"color: #000080;\" href=\"https:\/\/www.caiodantasfotografia.com.br\/\" target=\"_blank\"> Caio Dantas<\/a><\/span>,<span style=\"color: #000080;\"> <a style=\"color: #000080;\" href=\"http:\/\/annaericky.com.br\/\" target=\"_blank\">Ricky Arruda e Ana Quast<\/a><\/span>, Bruno Stuckert para Whitehouse, Chelsea Davis.<\/span><\/h4>\n<p>&nbsp;<\/p>\n<p>&nbsp;<\/p>\n<p>&nbsp;<\/p>\n<p>&nbsp;<\/p>\n<h4><span style=\"color: #999999;\">Gostou? Siga nosso instagram\u00a0<\/span><a href=\"https:\/\/www.instagram.com\/ivanabeaumond\/\">@ivanabeaumond<\/a>\u00a0<span style=\"color: #999999;\">e curta nossa<\/span>\u00a0<a href=\"https:\/\/www.facebook.com\/IvanaBeaumond\/\" target=\"_blank\">fanpage<\/a>\u00a0\u00a0<span style=\"color: #999999;\">no Facebook para ficar por dentro de tudo o que rola no mundo das noivas, e conhe\u00e7a nossos Melhores Modelos de Vestidos de Noivas Nacionais, Importados e Sob Medida.<\/span><\/h4>\n","protected":false},"excerpt":{"rendered":"<p>O ano mal come\u00e7ou, mas n\u00f3s j\u00e1 estamos por dentro\u00a0do\u00a0que&#8230;<\/p>\n","protected":false},"author":4,"featured_media":23229,"comment_status":"closed","ping_status":"closed","sticky":false,"template":"","format":"standard","meta":[],"categories":[60,127],"tags":[131,975,203,444,621,96,1114,595,1061,1118,327,761,1111,321,157,164,258,163,1108,1109,1113,648,552,1112,115,802,1117,1116,865,1115,1110,754],"yoast_head":"<!-- This site is optimized with the Yoast SEO plugin v20.3 - https:\/\/yoast.com\/wordpress\/plugins\/seo\/ -->\n<title>Saiba quais s\u00e3o as tend\u00eancias para os Vestidos de Noiva em 2020 - Vestido de Noiva RJ<\/title>\n<meta name=\"robots\" content=\"index, follow, max-snippet:-1, max-image-preview:large, max-video-preview:-1\" \/>\n<link rel=\"canonical\" href=\"https:\/\/www.ivanabeaumond.com.br\/vestidos-noiva\/saiba-quais-sao-as-tendencias-para-os-vestidos-de-noiva-em-2020\/\" \/>\n<meta property=\"og:locale\" content=\"pt_BR\" \/>\n<meta property=\"og:type\" content=\"article\" \/>\n<meta property=\"og:title\" content=\"Saiba quais s\u00e3o as tend\u00eancias para os Vestidos de Noiva em 2020 - Vestido de Noiva RJ\" \/>\n<meta property=\"og:description\" content=\"O ano mal come\u00e7ou, mas n\u00f3s j\u00e1 estamos por dentro\u00a0do\u00a0que...\" \/>\n<meta property=\"og:url\" content=\"https:\/\/www.ivanabeaumond.com.br\/vestidos-noiva\/saiba-quais-sao-as-tendencias-para-os-vestidos-de-noiva-em-2020\/\" \/>\n<meta property=\"og:site_name\" content=\"Vestido de Noiva RJ\" \/>\n<meta property=\"article:publisher\" content=\"https:\/\/www.facebook.com\/ivana.beaumondnoivas\" \/>\n<meta property=\"article:published_time\" content=\"2020-01-14T18:30:05+00:00\" \/>\n<meta property=\"og:image\" content=\"https:\/\/www.ivanabeaumond.com.br\/vestidos-noiva\/wp-content\/uploads\/2020\/01\/vestido-de-noiva-vitoriano-thassia-naves-tendencia-casamentos-2020-atelier-ivana-beaumond-rj1-e1579026290209.jpg\" \/>\n\t<meta property=\"og:image:width\" content=\"600\" \/>\n\t<meta property=\"og:image:height\" content=\"384\" \/>\n\t<meta property=\"og:image:type\" content=\"image\/jpeg\" \/>\n<meta name=\"author\" content=\"Ivana Beaumond Paris\" \/>\n<meta name=\"twitter:card\" content=\"summary_large_image\" \/>\n<meta name=\"twitter:label1\" content=\"Escrito por\" \/>\n\t<meta name=\"twitter:data1\" content=\"Ivana Beaumond Paris\" \/>\n\t<meta name=\"twitter:label2\" content=\"Est. tempo de leitura\" \/>\n\t<meta name=\"twitter:data2\" content=\"2 minutos\" \/>\n<script type=\"application\/ld+json\" class=\"yoast-schema-graph\">{\"@context\":\"https:\/\/schema.org\",\"@graph\":[{\"@type\":\"Article\",\"@id\":\"https:\/\/www.ivanabeaumond.com.br\/vestidos-noiva\/saiba-quais-sao-as-tendencias-para-os-vestidos-de-noiva-em-2020\/#article\",\"isPartOf\":{\"@id\":\"https:\/\/www.ivanabeaumond.com.br\/vestidos-noiva\/saiba-quais-sao-as-tendencias-para-os-vestidos-de-noiva-em-2020\/\"},\"author\":{\"name\":\"Ivana Beaumond Paris\",\"@id\":\"https:\/\/www.ivanabeaumond.com.br\/vestidos-noiva\/#\/schema\/person\/1a360c4cffa3b806d29a456389dcff26\"},\"headline\":\"Saiba quais s\u00e3o as tend\u00eancias para os Vestidos de Noiva em 2020\",\"datePublished\":\"2020-01-14T18:30:05+00:00\",\"dateModified\":\"2020-01-14T18:30:05+00:00\",\"mainEntityOfPage\":{\"@id\":\"https:\/\/www.ivanabeaumond.com.br\/vestidos-noiva\/saiba-quais-sao-as-tendencias-para-os-vestidos-de-noiva-em-2020\/\"},\"wordCount\":368,\"publisher\":{\"@id\":\"https:\/\/www.ivanabeaumond.com.br\/vestidos-noiva\/#organization\"},\"keywords\":[\"aluguel de roupas\",\"aluguel de vestido rj\",\"atelier\",\"blog de casamento\",\"brilho\",\"casamento\",\"decote halter\",\"dicas de casamento\",\"dicas de moda\",\"dicas de vestido de noiva\",\"ellie goulding\",\"fam\u00edlia real\",\"manga volumosa\",\"meghan markle\",\"noiva e noivo\",\"noivas\",\"noivinha\",\"sob medida\",\"tend\u00eancias 2020\",\"tend\u00eancias vestidos de noiva\",\"thassia naves\",\"trend\",\"vestido branco\",\"vestido com brilho\",\"vestido de noiva\",\"vestido de noiva boho\",\"vestido de noiva com franjas\",\"vestido de noiva rio\",\"vestido de noiva rio de janeiro\",\"vestido moderno\",\"vestido vitoriano\",\"vestidos de noiva\"],\"articleSection\":[\"Blog\",\"Dicas e Truques\"],\"inLanguage\":\"pt-BR\"},{\"@type\":\"WebPage\",\"@id\":\"https:\/\/www.ivanabeaumond.com.br\/vestidos-noiva\/saiba-quais-sao-as-tendencias-para-os-vestidos-de-noiva-em-2020\/\",\"url\":\"https:\/\/www.ivanabeaumond.com.br\/vestidos-noiva\/saiba-quais-sao-as-tendencias-para-os-vestidos-de-noiva-em-2020\/\",\"name\":\"Saiba quais s\u00e3o as tend\u00eancias para os Vestidos de Noiva em 2020 - Vestido de Noiva RJ\",\"isPartOf\":{\"@id\":\"https:\/\/www.ivanabeaumond.com.br\/vestidos-noiva\/#website\"},\"datePublished\":\"2020-01-14T18:30:05+00:00\",\"dateModified\":\"2020-01-14T18:30:05+00:00\",\"breadcrumb\":{\"@id\":\"https:\/\/www.ivanabeaumond.com.br\/vestidos-noiva\/saiba-quais-sao-as-tendencias-para-os-vestidos-de-noiva-em-2020\/#breadcrumb\"},\"inLanguage\":\"pt-BR\",\"potentialAction\":[{\"@type\":\"ReadAction\",\"target\":[\"https:\/\/www.ivanabeaumond.com.br\/vestidos-noiva\/saiba-quais-sao-as-tendencias-para-os-vestidos-de-noiva-em-2020\/\"]}]},{\"@type\":\"BreadcrumbList\",\"@id\":\"https:\/\/www.ivanabeaumond.com.br\/vestidos-noiva\/saiba-quais-sao-as-tendencias-para-os-vestidos-de-noiva-em-2020\/#breadcrumb\",\"itemListElement\":[{\"@type\":\"ListItem\",\"position\":1,\"name\":\"In\u00edcio\",\"item\":\"https:\/\/www.ivanabeaumond.com.br\/vestidos-noiva\/\"},{\"@type\":\"ListItem\",\"position\":2,\"name\":\"Saiba quais s\u00e3o as tend\u00eancias para os Vestidos de Noiva em 2020\"}]},{\"@type\":\"WebSite\",\"@id\":\"https:\/\/www.ivanabeaumond.com.br\/vestidos-noiva\/#website\",\"url\":\"https:\/\/www.ivanabeaumond.com.br\/vestidos-noiva\/\",\"name\":\"Vestido de Noiva RJ\",\"description\":\"Moda Noiva\",\"publisher\":{\"@id\":\"https:\/\/www.ivanabeaumond.com.br\/vestidos-noiva\/#organization\"},\"potentialAction\":[{\"@type\":\"SearchAction\",\"target\":{\"@type\":\"EntryPoint\",\"urlTemplate\":\"https:\/\/www.ivanabeaumond.com.br\/vestidos-noiva\/?s={search_term_string}\"},\"query-input\":\"required name=search_term_string\"}],\"inLanguage\":\"pt-BR\"},{\"@type\":\"Organization\",\"@id\":\"https:\/\/www.ivanabeaumond.com.br\/vestidos-noiva\/#organization\",\"name\":\"Vestido de Noiva RJ\",\"url\":\"https:\/\/www.ivanabeaumond.com.br\/vestidos-noiva\/\",\"logo\":{\"@type\":\"ImageObject\",\"inLanguage\":\"pt-BR\",\"@id\":\"https:\/\/www.ivanabeaumond.com.br\/vestidos-noiva\/#\/schema\/logo\/image\/\",\"url\":\"https:\/\/www.ivanabeaumond.com.br\/vestidos-noiva\/wp-content\/uploads\/2018\/02\/logo_ivana_beaumond-2.png\",\"contentUrl\":\"https:\/\/www.ivanabeaumond.com.br\/vestidos-noiva\/wp-content\/uploads\/2018\/02\/logo_ivana_beaumond-2.png\",\"width\":230,\"height\":112,\"caption\":\"Vestido de Noiva RJ\"},\"image\":{\"@id\":\"https:\/\/www.ivanabeaumond.com.br\/vestidos-noiva\/#\/schema\/logo\/image\/\"},\"sameAs\":[\"https:\/\/www.facebook.com\/ivana.beaumondnoivas\",\"https:\/\/www.instagram.com\/ivanabeaumond\/\",\"https:\/\/www.tiktok.com\/@ivanabeaumond\"]},{\"@type\":\"Person\",\"@id\":\"https:\/\/www.ivanabeaumond.com.br\/vestidos-noiva\/#\/schema\/person\/1a360c4cffa3b806d29a456389dcff26\",\"name\":\"Ivana Beaumond Paris\",\"image\":{\"@type\":\"ImageObject\",\"inLanguage\":\"pt-BR\",\"@id\":\"https:\/\/www.ivanabeaumond.com.br\/vestidos-noiva\/#\/schema\/person\/image\/\",\"url\":\"https:\/\/secure.gravatar.com\/avatar\/641f98db20b53ec937ceb641db4270b9?s=96&d=mm&r=g\",\"contentUrl\":\"https:\/\/secure.gravatar.com\/avatar\/641f98db20b53ec937ceb641db4270b9?s=96&d=mm&r=g\",\"caption\":\"Ivana Beaumond Paris\"},\"url\":\"https:\/\/www.ivanabeaumond.com.br\/vestidos-noiva\/author\/ivana\/\"}]}<\/script>\n<!-- \/ Yoast SEO plugin. -->","yoast_head_json":{"title":"Saiba quais s\u00e3o as tend\u00eancias para os Vestidos de Noiva em 2020 - Vestido de Noiva RJ","robots":{"index":"index","follow":"follow","max-snippet":"max-snippet:-1","max-image-preview":"max-image-preview:large","max-video-preview":"max-video-preview:-1"},"canonical":"https:\/\/www.ivanabeaumond.com.br\/vestidos-noiva\/saiba-quais-sao-as-tendencias-para-os-vestidos-de-noiva-em-2020\/","og_locale":"pt_BR","og_type":"article","og_title":"Saiba quais s\u00e3o as tend\u00eancias para os Vestidos de Noiva em 2020 - Vestido de Noiva RJ","og_description":"O ano mal come\u00e7ou, mas n\u00f3s j\u00e1 estamos por dentro\u00a0do\u00a0que...","og_url":"https:\/\/www.ivanabeaumond.com.br\/vestidos-noiva\/saiba-quais-sao-as-tendencias-para-os-vestidos-de-noiva-em-2020\/","og_site_name":"Vestido de Noiva RJ","article_publisher":"https:\/\/www.facebook.com\/ivana.beaumondnoivas","article_published_time":"2020-01-14T18:30:05+00:00","og_image":[{"width":600,"height":384,"url":"https:\/\/www.ivanabeaumond.com.br\/vestidos-noiva\/wp-content\/uploads\/2020\/01\/vestido-de-noiva-vitoriano-thassia-naves-tendencia-casamentos-2020-atelier-ivana-beaumond-rj1-e1579026290209.jpg","type":"image\/jpeg"}],"author":"Ivana Beaumond Paris","twitter_card":"summary_large_image","twitter_misc":{"Escrito por":"Ivana Beaumond Paris","Est. tempo de leitura":"2 minutos"},"schema":{"@context":"https:\/\/schema.org","@graph":[{"@type":"Article","@id":"https:\/\/www.ivanabeaumond.com.br\/vestidos-noiva\/saiba-quais-sao-as-tendencias-para-os-vestidos-de-noiva-em-2020\/#article","isPartOf":{"@id":"https:\/\/www.ivanabeaumond.com.br\/vestidos-noiva\/saiba-quais-sao-as-tendencias-para-os-vestidos-de-noiva-em-2020\/"},"author":{"name":"Ivana Beaumond Paris","@id":"https:\/\/www.ivanabeaumond.com.br\/vestidos-noiva\/#\/schema\/person\/1a360c4cffa3b806d29a456389dcff26"},"headline":"Saiba quais s\u00e3o as tend\u00eancias para os Vestidos de Noiva em 2020","datePublished":"2020-01-14T18:30:05+00:00","dateModified":"2020-01-14T18:30:05+00:00","mainEntityOfPage":{"@id":"https:\/\/www.ivanabeaumond.com.br\/vestidos-noiva\/saiba-quais-sao-as-tendencias-para-os-vestidos-de-noiva-em-2020\/"},"wordCount":368,"publisher":{"@id":"https:\/\/www.ivanabeaumond.com.br\/vestidos-noiva\/#organization"},"keywords":["aluguel de roupas","aluguel de vestido rj","atelier","blog de casamento","brilho","casamento","decote halter","dicas de casamento","dicas de moda","dicas de vestido de noiva","ellie goulding","fam\u00edlia real","manga volumosa","meghan markle","noiva e noivo","noivas","noivinha","sob medida","tend\u00eancias 2020","tend\u00eancias vestidos de noiva","thassia naves","trend","vestido branco","vestido com brilho","vestido de noiva","vestido de noiva boho","vestido de noiva com franjas","vestido de noiva rio","vestido de noiva rio de janeiro","vestido moderno","vestido vitoriano","vestidos de noiva"],"articleSection":["Blog","Dicas e Truques"],"inLanguage":"pt-BR"},{"@type":"WebPage","@id":"https:\/\/www.ivanabeaumond.com.br\/vestidos-noiva\/saiba-quais-sao-as-tendencias-para-os-vestidos-de-noiva-em-2020\/","url":"https:\/\/www.ivanabeaumond.com.br\/vestidos-noiva\/saiba-quais-sao-as-tendencias-para-os-vestidos-de-noiva-em-2020\/","name":"Saiba quais s\u00e3o as tend\u00eancias para os Vestidos de Noiva em 2020 - Vestido de Noiva RJ","isPartOf":{"@id":"https:\/\/www.ivanabeaumond.com.br\/vestidos-noiva\/#website"},"datePublished":"2020-01-14T18:30:05+00:00","dateModified":"2020-01-14T18:30:05+00:00","breadcrumb":{"@id":"https:\/\/www.ivanabeaumond.com.br\/vestidos-noiva\/saiba-quais-sao-as-tendencias-para-os-vestidos-de-noiva-em-2020\/#breadcrumb"},"inLanguage":"pt-BR","potentialAction":[{"@type":"ReadAction","target":["https:\/\/www.ivanabeaumond.com.br\/vestidos-noiva\/saiba-quais-sao-as-tendencias-para-os-vestidos-de-noiva-em-2020\/"]}]},{"@type":"BreadcrumbList","@id":"https:\/\/www.ivanabeaumond.com.br\/vestidos-noiva\/saiba-quais-sao-as-tendencias-para-os-vestidos-de-noiva-em-2020\/#breadcrumb","itemListElement":[{"@type":"ListItem","position":1,"name":"In\u00edcio","item":"https:\/\/www.ivanabeaumond.com.br\/vestidos-noiva\/"},{"@type":"ListItem","position":2,"name":"Saiba quais s\u00e3o as tend\u00eancias para os Vestidos de Noiva em 2020"}]},{"@type":"WebSite","@id":"https:\/\/www.ivanabeaumond.com.br\/vestidos-noiva\/#website","url":"https:\/\/www.ivanabeaumond.com.br\/vestidos-noiva\/","name":"Vestido de Noiva RJ","description":"Moda Noiva","publisher":{"@id":"https:\/\/www.ivanabeaumond.com.br\/vestidos-noiva\/#organization"},"potentialAction":[{"@type":"SearchAction","target":{"@type":"EntryPoint","urlTemplate":"https:\/\/www.ivanabeaumond.com.br\/vestidos-noiva\/?s={search_term_string}"},"query-input":"required name=search_term_string"}],"inLanguage":"pt-BR"},{"@type":"Organization","@id":"https:\/\/www.ivanabeaumond.com.br\/vestidos-noiva\/#organization","name":"Vestido de Noiva RJ","url":"https:\/\/www.ivanabeaumond.com.br\/vestidos-noiva\/","logo":{"@type":"ImageObject","inLanguage":"pt-BR","@id":"https:\/\/www.ivanabeaumond.com.br\/vestidos-noiva\/#\/schema\/logo\/image\/","url":"https:\/\/www.ivanabeaumond.com.br\/vestidos-noiva\/wp-content\/uploads\/2018\/02\/logo_ivana_beaumond-2.png","contentUrl":"https:\/\/www.ivanabeaumond.com.br\/vestidos-noiva\/wp-content\/uploads\/2018\/02\/logo_ivana_beaumond-2.png","width":230,"height":112,"caption":"Vestido de Noiva RJ"},"image":{"@id":"https:\/\/www.ivanabeaumond.com.br\/vestidos-noiva\/#\/schema\/logo\/image\/"},"sameAs":["https:\/\/www.facebook.com\/ivana.beaumondnoivas","https:\/\/www.instagram.com\/ivanabeaumond\/","https:\/\/www.tiktok.com\/@ivanabeaumond"]},{"@type":"Person","@id":"https:\/\/www.ivanabeaumond.com.br\/vestidos-noiva\/#\/schema\/person\/1a360c4cffa3b806d29a456389dcff26","name":"Ivana Beaumond Paris","image":{"@type":"ImageObject","inLanguage":"pt-BR","@id":"https:\/\/www.ivanabeaumond.com.br\/vestidos-noiva\/#\/schema\/person\/image\/","url":"https:\/\/secure.gravatar.com\/avatar\/641f98db20b53ec937ceb641db4270b9?s=96&d=mm&r=g","contentUrl":"https:\/\/secure.gravatar.com\/avatar\/641f98db20b53ec937ceb641db4270b9?s=96&d=mm&r=g","caption":"Ivana Beaumond Paris"},"url":"https:\/\/www.ivanabeaumond.com.br\/vestidos-noiva\/author\/ivana\/"}]}},"_links":{"self":[{"href":"https:\/\/www.ivanabeaumond.com.br\/vestidos-noiva\/wp-json\/wp\/v2\/posts\/23194"}],"collection":[{"href":"https:\/\/www.ivanabeaumond.com.br\/vestidos-noiva\/wp-json\/wp\/v2\/posts"}],"about":[{"href":"https:\/\/www.ivanabeaumond.com.br\/vestidos-noiva\/wp-json\/wp\/v2\/types\/post"}],"author":[{"embeddable":true,"href":"https:\/\/www.ivanabeaumond.com.br\/vestidos-noiva\/wp-json\/wp\/v2\/users\/4"}],"replies":[{"embeddable":true,"href":"https:\/\/www.ivanabeaumond.com.br\/vestidos-noiva\/wp-json\/wp\/v2\/comments?post=23194"}],"version-history":[{"count":8,"href":"https:\/\/www.ivanabeaumond.com.br\/vestidos-noiva\/wp-json\/wp\/v2\/posts\/23194\/revisions"}],"predecessor-version":[{"id":23232,"href":"https:\/\/www.ivanabeaumond.com.br\/vestidos-noiva\/wp-json\/wp\/v2\/posts\/23194\/revisions\/23232"}],"wp:featuredmedia":[{"embeddable":true,"href":"https:\/\/www.ivanabeaumond.com.br\/vestidos-noiva\/wp-json\/wp\/v2\/media\/23229"}],"wp:attachment":[{"href":"https:\/\/www.ivanabeaumond.com.br\/vestidos-noiva\/wp-json\/wp\/v2\/media?parent=23194"}],"wp:term":[{"taxonomy":"category","embeddable":true,"href":"https:\/\/www.ivanabeaumond.com.br\/vestidos-noiva\/wp-json\/wp\/v2\/categories?post=23194"},{"taxonomy":"post_tag","embeddable":true,"href":"https:\/\/www.ivanabeaumond.com.br\/vestidos-noiva\/wp-json\/wp\/v2\/tags?post=23194"}],"curies":[{"name":"wp","href":"https:\/\/api.w.org\/{rel}","templated":true}]}}