{"id":23338,"date":"2020-01-24T17:50:13","date_gmt":"2020-01-24T20:50:13","guid":{"rendered":"https:\/\/www.ivanabeaumond.com.br\/vestidos-noiva\/?p=23338"},"modified":"2020-08-25T17:23:43","modified_gmt":"2020-08-25T20:23:43","slug":"ivana-beaumond-assina-editorial-de-noivas-em-paris","status":"publish","type":"post","link":"https:\/\/www.ivanabeaumond.com.br\/vestidos-noiva\/ivana-beaumond-assina-editorial-de-noivas-em-paris\/","title":{"rendered":"Ivana Beaumond assina editorial de noivas em Paris"},"content":{"rendered":"<h4 style=\"text-align: justify;\"><span style=\"color: #999999;\">A empres\u00e1ria Ivana Beaumond acaba de chegar da Fran\u00e7a, onde produziu seu novo editorial de noivas, em parceria com o fot\u00f3grafo Fernando Nobre. O ensaio foi feito em Paris e estrelado pela modelo internacional Alinny Radeza, com styling e beleza assinados pela pr\u00f3pria Ivana.<\/span><\/h4>\n<p><img decoding=\"async\" loading=\"lazy\" class=\"aligncenter size-full wp-image-23352\" src=\"https:\/\/www.ivanabeaumond.com.br\/vestidos-noiva\/wp-content\/uploads\/2020\/01\/ENSAIO-DE-NOIVA-PARIS-ATELIER-IVANA-BEAUMOND-RIO-DE-JANEIRO-RJ-LOJA-DE-NOIVAS-1-e1580139923456.jpeg\" alt=\"ENSAIO DE NOIVA PARIS ATELIER IVANA BEAUMOND RIO DE JANEIRO RJ LOJA DE NOIVAS (1)\" width=\"400\" height=\"600\" \/><\/p>\n<p><img decoding=\"async\" loading=\"lazy\" class=\"aligncenter size-full wp-image-23365\" src=\"https:\/\/www.ivanabeaumond.com.br\/vestidos-noiva\/wp-content\/uploads\/2020\/01\/ENSAIO-DE-NOIVA-PARIS-ATELIER-IVANA-BEAUMOND-RIO-DE-JANEIRO-RJ-LOJA-DE-NOIVAS-14-e1580139983549.jpeg\" alt=\"ENSAIO DE NOIVA PARIS ATELIER IVANA BEAUMOND RIO DE JANEIRO RJ LOJA DE NOIVAS (14)\" width=\"400\" height=\"600\" \/><\/p>\n<p><img decoding=\"async\" loading=\"lazy\" class=\"aligncenter size-full wp-image-23368\" src=\"https:\/\/www.ivanabeaumond.com.br\/vestidos-noiva\/wp-content\/uploads\/2020\/01\/ENSAIO-DE-NOIVA-PARIS-ATELIER-IVANA-BEAUMOND-RIO-DE-JANEIRO-RJ-LOJA-DE-NOIVAS-17-e1580140050825.jpeg\" alt=\"ENSAIO DE NOIVA PARIS ATELIER IVANA BEAUMOND RIO DE JANEIRO RJ LOJA DE NOIVAS (17)\" width=\"398\" height=\"600\" \/><\/p>\n<h4 style=\"text-align: justify;\"><span style=\"color: #999999;\">Com o conceito &#8220;Cl\u00e1ssica e Contempor\u00e2nea&#8221;, a ideia \u00e9 explorar os contrastes da paisagem urbana da capital francesa, provando que as noivas podem ser vers\u00e1teis sem perder o romantismo. Confira o editorial:<\/span><\/h4>\n<style id=\"bwg-style-0\">    #bwg_container1_0 #bwg_container2_0 .bwg-container-0.bwg-standard-thumbnails {      width: 904px;              justify-content: center;        margin:0 auto !important;              background-color: rgba(255, 255, 255, 0.00);            padding-left: 4px;      padding-top: 4px;      max-width: 100%;            }        #bwg_container1_0 #bwg_container2_0 .bwg-container-0.bwg-standard-thumbnails .bwg-item {    justify-content: flex-start;      max-width: 180px;            width: 180px !important;          }    #bwg_container1_0 #bwg_container2_0 .bwg-container-0.bwg-standard-thumbnails .bwg-item a {       margin-right: 4px;       margin-bottom: 4px;    }    #bwg_container1_0 #bwg_container2_0 .bwg-container-0.bwg-standard-thumbnails .bwg-item0 {      padding: 0px;            background-color:rgba(255,255,255, 0.30);      border: 0px none #CCCCCC;      opacity: 1.00;      border-radius: 0;      box-shadow: 0px 0px 0px #888888;    }    #bwg_container1_0 #bwg_container2_0 .bwg-container-0.bwg-standard-thumbnails .bwg-item1 img {      max-height: none;      max-width: none;      padding: 0 !important;    }        @media only screen and (min-width: 480px) {      #bwg_container1_0 #bwg_container2_0 .bwg-container-0.bwg-standard-thumbnails .bwg-item0 {        transition: all 0.3s ease 0s;-webkit-transition: all 0.3s ease 0s;      }      #bwg_container1_0 #bwg_container2_0 .bwg-container-0.bwg-standard-thumbnails .bwg-item0:hover {        -ms-transform: scale(1.1);        -webkit-transform: scale(1.1);        transform: scale(1.1);      }    }          #bwg_container1_0 #bwg_container2_0 .bwg-container-0.bwg-standard-thumbnails .bwg-item1 {      padding-top: 50%;    }        #bwg_container1_0 #bwg_container2_0 .bwg-container-0.bwg-standard-thumbnails .bwg-title2,    #bwg_container1_0 #bwg_container2_0 .bwg-container-0.bwg-standard-thumbnails .bwg-ecommerce2 {      color: #CCCCCC;      font-family: segoe ui;      font-size: 16px;      font-weight: bold;      padding: 2px;      text-shadow: 0px 0px 0px #888888;      max-height: 100%;    }    #bwg_container1_0 #bwg_container2_0 .bwg-container-0.bwg-standard-thumbnails .bwg-thumb-description span {    color: #323A45;    font-family: Ubuntu;    font-size: 12px;    max-height: 100%;    word-wrap: break-word;    }    #bwg_container1_0 #bwg_container2_0 .bwg-container-0.bwg-standard-thumbnails .bwg-play-icon2 {      font-size: 32px;    }    #bwg_container1_0 #bwg_container2_0 .bwg-container-0.bwg-standard-thumbnails .bwg-ecommerce2 {      font-size: 19.2px;      color: #CCCCCC;    }    <\/style>    <div id=\"bwg_container1_0\"         class=\"bwg_container bwg_thumbnail bwg_thumbnails \"         data-right-click-protection=\"0\"         data-bwg=\"0\"         data-scroll=\"0\"         data-gallery-type=\"thumbnails\"         data-gallery-view-type=\"thumbnails\"         data-current-url=\"\/vestidos-noiva\/wp-json\/wp\/v2\/posts\/23338\"         data-lightbox-url=\"https:\/\/www.ivanabeaumond.com.br\/vestidos-noiva\/wp-admin\/admin-ajax.php?action=GalleryBox&#038;current_view=0&#038;gallery_id=140&#038;tag=0&#038;theme_id=1&#038;shortcode_id=260&#038;sort_by=order&#038;order_by=asc&#038;current_url=%2Fvestidos-noiva%2Fwp-json%2Fwp%2Fv2%2Fposts%2F23338\"         data-gallery-id=\"140\"         data-popup-width=\"600\"         data-popup-height=\"600\"         data-is-album=\"gallery\"         data-buttons-position=\"bottom\">      <div id=\"bwg_container2_0\">             <div id=\"ajax_loading_0\" class=\"bwg_loading_div_1\">      <div class=\"bwg_loading_div_2\">        <div class=\"bwg_loading_div_3\">          <div id=\"loading_div_0\" class=\"bwg_spider_ajax_loading\">          <\/div>        <\/div>      <\/div>    <\/div>            <form id=\"gal_front_form_0\"              class=\"bwg-hidden\"              method=\"post\"              action=\"#\"              data-current=\"0\"              data-shortcode-id=\"260\"              data-gallery-type=\"thumbnails\"              data-gallery-id=\"140\"              data-tag=\"0\"              data-album-id=\"0\"              data-theme-id=\"1\"              data-ajax-url=\"https:\/\/www.ivanabeaumond.com.br\/vestidos-noiva\/wp-admin\/admin-ajax.php?action=bwg_frontend_data\">          <div id=\"bwg_container3_0\" class=\"bwg-background bwg-background-0\">                <div data-max-count=\"5\"         data-thumbnail-width=\"180\"         data-bwg=\"0\"         data-gallery-id=\"140\"         data-lightbox-url=\"https:\/\/www.ivanabeaumond.com.br\/vestidos-noiva\/wp-admin\/admin-ajax.php?action=GalleryBox&amp;current_view=0&amp;gallery_id=140&amp;tag=0&amp;theme_id=1&amp;shortcode_id=260&amp;sort_by=order&amp;order_by=asc&amp;current_url=%2Fvestidos-noiva%2Fwp-json%2Fwp%2Fv2%2Fposts%2F23338\"         id=\"bwg_thumbnails_0\"         class=\"bwg-container-0 bwg-thumbnails bwg-standard-thumbnails bwg-container bwg-border-box\">            <div class=\"bwg-item\">        <a class=\"bwg-a  bwg_lightbox\"  data-image-id=\"3376\" href=\"https:\/\/www.ivanabeaumond.com.br\/vestidos-noiva\/wp-content\/uploads\/photo-gallery\/ENSAIO%20DE%20NOIVA%20PARIS%20ATELIER%20IVANA%20BEAUMOND%20RIO%20DE%20JANEIRO%20RJ%20LOJA%20DE%20NOIVAS%20(1).jpeg\" data-elementor-open-lightbox=\"no\">                <div class=\"bwg-item0 \">          <div class=\"bwg-item1 \">            <div class=\"bwg-item2\">              <img class=\"skip-lazy bwg_standart_thumb_img_0 \"                   data-id=\"3376\"                   data-width=\"\"                   data-height=\"\"                   data-src=\"https:\/\/www.ivanabeaumond.com.br\/vestidos-noiva\/wp-content\/uploads\/photo-gallery\/thumb\/ENSAIO%20DE%20NOIVA%20PARIS%20ATELIER%20IVANA%20BEAUMOND%20RIO%20DE%20JANEIRO%20RJ%20LOJA%20DE%20NOIVAS%20(1).jpeg\"                   src=\"https:\/\/www.ivanabeaumond.com.br\/vestidos-noiva\/wp-content\/uploads\/photo-gallery\/thumb\/ENSAIO%20DE%20NOIVA%20PARIS%20ATELIER%20IVANA%20BEAUMOND%20RIO%20DE%20JANEIRO%20RJ%20LOJA%20DE%20NOIVAS%20(1).jpeg\"                   alt=\"ENSAIO DE NOIVA PARIS ATELIER IVANA BEAUMOND RIO DE JANEIRO RJ LOJA DE NOIVAS (1)\"                   title=\"ENSAIO DE NOIVA PARIS ATELIER IVANA BEAUMOND RIO DE JANEIRO RJ LOJA DE NOIVAS (1)\" \/>            <\/div>            <div class=\"\">                                                      <\/div>          <\/div>        <\/div>                        <\/a>              <\/div>            <div class=\"bwg-item\">        <a class=\"bwg-a  bwg_lightbox\"  data-image-id=\"3398\" href=\"https:\/\/www.ivanabeaumond.com.br\/vestidos-noiva\/wp-content\/uploads\/photo-gallery\/ENSAIO%20DE%20NOIVA%20PARIS%20ATELIER%20IVANA%20BEAUMOND%20RIO%20DE%20JANEIRO%20RJ%20LOJA%20DE%20NOIVAS%20(23).jpeg\" data-elementor-open-lightbox=\"no\">                <div class=\"bwg-item0 \">          <div class=\"bwg-item1 \">            <div class=\"bwg-item2\">              <img class=\"skip-lazy bwg_standart_thumb_img_0 \"                   data-id=\"3398\"                   data-width=\"\"                   data-height=\"\"                   data-src=\"https:\/\/www.ivanabeaumond.com.br\/vestidos-noiva\/wp-content\/uploads\/photo-gallery\/thumb\/ENSAIO%20DE%20NOIVA%20PARIS%20ATELIER%20IVANA%20BEAUMOND%20RIO%20DE%20JANEIRO%20RJ%20LOJA%20DE%20NOIVAS%20(23).jpeg\"                   src=\"https:\/\/www.ivanabeaumond.com.br\/vestidos-noiva\/wp-content\/uploads\/photo-gallery\/thumb\/ENSAIO%20DE%20NOIVA%20PARIS%20ATELIER%20IVANA%20BEAUMOND%20RIO%20DE%20JANEIRO%20RJ%20LOJA%20DE%20NOIVAS%20(23).jpeg\"                   alt=\"ENSAIO DE NOIVA PARIS ATELIER IVANA BEAUMOND RIO DE JANEIRO RJ LOJA DE NOIVAS (23)\"                   title=\"ENSAIO DE NOIVA PARIS ATELIER IVANA BEAUMOND RIO DE JANEIRO RJ LOJA DE NOIVAS (23)\" \/>            <\/div>            <div class=\"\">                                                      <\/div>          <\/div>        <\/div>                        <\/a>              <\/div>            <div class=\"bwg-item\">        <a class=\"bwg-a  bwg_lightbox\"  data-image-id=\"3397\" href=\"https:\/\/www.ivanabeaumond.com.br\/vestidos-noiva\/wp-content\/uploads\/photo-gallery\/ENSAIO%20DE%20NOIVA%20PARIS%20ATELIER%20IVANA%20BEAUMOND%20RIO%20DE%20JANEIRO%20RJ%20LOJA%20DE%20NOIVAS%20(22).jpeg\" data-elementor-open-lightbox=\"no\">                <div class=\"bwg-item0 \">          <div class=\"bwg-item1 \">            <div class=\"bwg-item2\">              <img class=\"skip-lazy bwg_standart_thumb_img_0 \"                   data-id=\"3397\"                   data-width=\"\"                   data-height=\"\"                   data-src=\"https:\/\/www.ivanabeaumond.com.br\/vestidos-noiva\/wp-content\/uploads\/photo-gallery\/thumb\/ENSAIO%20DE%20NOIVA%20PARIS%20ATELIER%20IVANA%20BEAUMOND%20RIO%20DE%20JANEIRO%20RJ%20LOJA%20DE%20NOIVAS%20(22).jpeg\"                   src=\"https:\/\/www.ivanabeaumond.com.br\/vestidos-noiva\/wp-content\/uploads\/photo-gallery\/thumb\/ENSAIO%20DE%20NOIVA%20PARIS%20ATELIER%20IVANA%20BEAUMOND%20RIO%20DE%20JANEIRO%20RJ%20LOJA%20DE%20NOIVAS%20(22).jpeg\"                   alt=\"ENSAIO DE NOIVA PARIS ATELIER IVANA BEAUMOND RIO DE JANEIRO RJ LOJA DE NOIVAS (22)\"                   title=\"ENSAIO DE NOIVA PARIS ATELIER IVANA BEAUMOND RIO DE JANEIRO RJ LOJA DE NOIVAS (22)\" \/>            <\/div>            <div class=\"\">                                                      <\/div>          <\/div>        <\/div>                        <\/a>              <\/div>            <div class=\"bwg-item\">        <a class=\"bwg-a  bwg_lightbox\"  data-image-id=\"3396\" href=\"https:\/\/www.ivanabeaumond.com.br\/vestidos-noiva\/wp-content\/uploads\/photo-gallery\/ENSAIO%20DE%20NOIVA%20PARIS%20ATELIER%20IVANA%20BEAUMOND%20RIO%20DE%20JANEIRO%20RJ%20LOJA%20DE%20NOIVAS%20(21).jpeg\" data-elementor-open-lightbox=\"no\">                <div class=\"bwg-item0 \">          <div class=\"bwg-item1 \">            <div class=\"bwg-item2\">              <img class=\"skip-lazy bwg_standart_thumb_img_0 \"                   data-id=\"3396\"                   data-width=\"\"                   data-height=\"\"                   data-src=\"https:\/\/www.ivanabeaumond.com.br\/vestidos-noiva\/wp-content\/uploads\/photo-gallery\/thumb\/ENSAIO%20DE%20NOIVA%20PARIS%20ATELIER%20IVANA%20BEAUMOND%20RIO%20DE%20JANEIRO%20RJ%20LOJA%20DE%20NOIVAS%20(21).jpeg\"                   src=\"https:\/\/www.ivanabeaumond.com.br\/vestidos-noiva\/wp-content\/uploads\/photo-gallery\/thumb\/ENSAIO%20DE%20NOIVA%20PARIS%20ATELIER%20IVANA%20BEAUMOND%20RIO%20DE%20JANEIRO%20RJ%20LOJA%20DE%20NOIVAS%20(21).jpeg\"                   alt=\"ENSAIO DE NOIVA PARIS ATELIER IVANA BEAUMOND RIO DE JANEIRO RJ LOJA DE NOIVAS (21)\"                   title=\"ENSAIO DE NOIVA PARIS ATELIER IVANA BEAUMOND RIO DE JANEIRO RJ LOJA DE NOIVAS (21)\" \/>            <\/div>            <div class=\"\">                                                      <\/div>          <\/div>        <\/div>                        <\/a>              <\/div>            <div class=\"bwg-item\">        <a class=\"bwg-a  bwg_lightbox\"  data-image-id=\"3395\" href=\"https:\/\/www.ivanabeaumond.com.br\/vestidos-noiva\/wp-content\/uploads\/photo-gallery\/ENSAIO%20DE%20NOIVA%20PARIS%20ATELIER%20IVANA%20BEAUMOND%20RIO%20DE%20JANEIRO%20RJ%20LOJA%20DE%20NOIVAS%20(20).jpeg\" data-elementor-open-lightbox=\"no\">                <div class=\"bwg-item0 \">          <div class=\"bwg-item1 \">            <div class=\"bwg-item2\">              <img class=\"skip-lazy bwg_standart_thumb_img_0 \"                   data-id=\"3395\"                   data-width=\"\"                   data-height=\"\"                   data-src=\"https:\/\/www.ivanabeaumond.com.br\/vestidos-noiva\/wp-content\/uploads\/photo-gallery\/thumb\/ENSAIO%20DE%20NOIVA%20PARIS%20ATELIER%20IVANA%20BEAUMOND%20RIO%20DE%20JANEIRO%20RJ%20LOJA%20DE%20NOIVAS%20(20).jpeg\"                   src=\"https:\/\/www.ivanabeaumond.com.br\/vestidos-noiva\/wp-content\/uploads\/photo-gallery\/thumb\/ENSAIO%20DE%20NOIVA%20PARIS%20ATELIER%20IVANA%20BEAUMOND%20RIO%20DE%20JANEIRO%20RJ%20LOJA%20DE%20NOIVAS%20(20).jpeg\"                   alt=\"ENSAIO DE NOIVA PARIS ATELIER IVANA BEAUMOND RIO DE JANEIRO RJ LOJA DE NOIVAS (20)\"                   title=\"ENSAIO DE NOIVA PARIS ATELIER IVANA BEAUMOND RIO DE JANEIRO RJ LOJA DE NOIVAS (20)\" \/>            <\/div>            <div class=\"\">                                                      <\/div>          <\/div>        <\/div>                        <\/a>              <\/div>            <div class=\"bwg-item\">        <a class=\"bwg-a  bwg_lightbox\"  data-image-id=\"3394\" href=\"https:\/\/www.ivanabeaumond.com.br\/vestidos-noiva\/wp-content\/uploads\/photo-gallery\/ENSAIO%20DE%20NOIVA%20PARIS%20ATELIER%20IVANA%20BEAUMOND%20RIO%20DE%20JANEIRO%20RJ%20LOJA%20DE%20NOIVAS%20(19).jpeg\" data-elementor-open-lightbox=\"no\">                <div class=\"bwg-item0 \">          <div class=\"bwg-item1 \">            <div class=\"bwg-item2\">              <img class=\"skip-lazy bwg_standart_thumb_img_0 \"                   data-id=\"3394\"                   data-width=\"\"                   data-height=\"\"                   data-src=\"https:\/\/www.ivanabeaumond.com.br\/vestidos-noiva\/wp-content\/uploads\/photo-gallery\/thumb\/ENSAIO%20DE%20NOIVA%20PARIS%20ATELIER%20IVANA%20BEAUMOND%20RIO%20DE%20JANEIRO%20RJ%20LOJA%20DE%20NOIVAS%20(19).jpeg\"                   src=\"https:\/\/www.ivanabeaumond.com.br\/vestidos-noiva\/wp-content\/uploads\/photo-gallery\/thumb\/ENSAIO%20DE%20NOIVA%20PARIS%20ATELIER%20IVANA%20BEAUMOND%20RIO%20DE%20JANEIRO%20RJ%20LOJA%20DE%20NOIVAS%20(19).jpeg\"                   alt=\"ENSAIO DE NOIVA PARIS ATELIER IVANA BEAUMOND RIO DE JANEIRO RJ LOJA DE NOIVAS (19)\"                   title=\"ENSAIO DE NOIVA PARIS ATELIER IVANA BEAUMOND RIO DE JANEIRO RJ LOJA DE NOIVAS (19)\" \/>            <\/div>            <div class=\"\">                                                      <\/div>          <\/div>        <\/div>                        <\/a>              <\/div>            <div class=\"bwg-item\">        <a class=\"bwg-a  bwg_lightbox\"  data-image-id=\"3393\" href=\"https:\/\/www.ivanabeaumond.com.br\/vestidos-noiva\/wp-content\/uploads\/photo-gallery\/ENSAIO%20DE%20NOIVA%20PARIS%20ATELIER%20IVANA%20BEAUMOND%20RIO%20DE%20JANEIRO%20RJ%20LOJA%20DE%20NOIVAS%20(18).jpeg\" data-elementor-open-lightbox=\"no\">                <div class=\"bwg-item0 \">          <div class=\"bwg-item1 \">            <div class=\"bwg-item2\">              <img class=\"skip-lazy bwg_standart_thumb_img_0 \"                   data-id=\"3393\"                   data-width=\"\"                   data-height=\"\"                   data-src=\"https:\/\/www.ivanabeaumond.com.br\/vestidos-noiva\/wp-content\/uploads\/photo-gallery\/thumb\/ENSAIO%20DE%20NOIVA%20PARIS%20ATELIER%20IVANA%20BEAUMOND%20RIO%20DE%20JANEIRO%20RJ%20LOJA%20DE%20NOIVAS%20(18).jpeg\"                   src=\"https:\/\/www.ivanabeaumond.com.br\/vestidos-noiva\/wp-content\/uploads\/photo-gallery\/thumb\/ENSAIO%20DE%20NOIVA%20PARIS%20ATELIER%20IVANA%20BEAUMOND%20RIO%20DE%20JANEIRO%20RJ%20LOJA%20DE%20NOIVAS%20(18).jpeg\"                   alt=\"ENSAIO DE NOIVA PARIS ATELIER IVANA BEAUMOND RIO DE JANEIRO RJ LOJA DE NOIVAS (18)\"                   title=\"ENSAIO DE NOIVA PARIS ATELIER IVANA BEAUMOND RIO DE JANEIRO RJ LOJA DE NOIVAS (18)\" \/>            <\/div>            <div class=\"\">                                                      <\/div>          <\/div>        <\/div>                        <\/a>              <\/div>            <div class=\"bwg-item\">        <a class=\"bwg-a  bwg_lightbox\"  data-image-id=\"3392\" href=\"https:\/\/www.ivanabeaumond.com.br\/vestidos-noiva\/wp-content\/uploads\/photo-gallery\/ENSAIO%20DE%20NOIVA%20PARIS%20ATELIER%20IVANA%20BEAUMOND%20RIO%20DE%20JANEIRO%20RJ%20LOJA%20DE%20NOIVAS%20(17).jpeg\" data-elementor-open-lightbox=\"no\">                <div class=\"bwg-item0 \">          <div class=\"bwg-item1 \">            <div class=\"bwg-item2\">              <img class=\"skip-lazy bwg_standart_thumb_img_0 \"                   data-id=\"3392\"                   data-width=\"\"                   data-height=\"\"                   data-src=\"https:\/\/www.ivanabeaumond.com.br\/vestidos-noiva\/wp-content\/uploads\/photo-gallery\/thumb\/ENSAIO%20DE%20NOIVA%20PARIS%20ATELIER%20IVANA%20BEAUMOND%20RIO%20DE%20JANEIRO%20RJ%20LOJA%20DE%20NOIVAS%20(17).jpeg\"                   src=\"https:\/\/www.ivanabeaumond.com.br\/vestidos-noiva\/wp-content\/uploads\/photo-gallery\/thumb\/ENSAIO%20DE%20NOIVA%20PARIS%20ATELIER%20IVANA%20BEAUMOND%20RIO%20DE%20JANEIRO%20RJ%20LOJA%20DE%20NOIVAS%20(17).jpeg\"                   alt=\"ENSAIO DE NOIVA PARIS ATELIER IVANA BEAUMOND RIO DE JANEIRO RJ LOJA DE NOIVAS (17)\"                   title=\"ENSAIO DE NOIVA PARIS ATELIER IVANA BEAUMOND RIO DE JANEIRO RJ LOJA DE NOIVAS (17)\" \/>            <\/div>            <div class=\"\">                                                      <\/div>          <\/div>        <\/div>                        <\/a>              <\/div>            <div class=\"bwg-item\">        <a class=\"bwg-a  bwg_lightbox\"  data-image-id=\"3391\" href=\"https:\/\/www.ivanabeaumond.com.br\/vestidos-noiva\/wp-content\/uploads\/photo-gallery\/ENSAIO%20DE%20NOIVA%20PARIS%20ATELIER%20IVANA%20BEAUMOND%20RIO%20DE%20JANEIRO%20RJ%20LOJA%20DE%20NOIVAS%20(16).jpeg\" data-elementor-open-lightbox=\"no\">                <div class=\"bwg-item0 \">          <div class=\"bwg-item1 \">            <div class=\"bwg-item2\">              <img class=\"skip-lazy bwg_standart_thumb_img_0 \"                   data-id=\"3391\"                   data-width=\"\"                   data-height=\"\"                   data-src=\"https:\/\/www.ivanabeaumond.com.br\/vestidos-noiva\/wp-content\/uploads\/photo-gallery\/thumb\/ENSAIO%20DE%20NOIVA%20PARIS%20ATELIER%20IVANA%20BEAUMOND%20RIO%20DE%20JANEIRO%20RJ%20LOJA%20DE%20NOIVAS%20(16).jpeg\"                   src=\"https:\/\/www.ivanabeaumond.com.br\/vestidos-noiva\/wp-content\/uploads\/photo-gallery\/thumb\/ENSAIO%20DE%20NOIVA%20PARIS%20ATELIER%20IVANA%20BEAUMOND%20RIO%20DE%20JANEIRO%20RJ%20LOJA%20DE%20NOIVAS%20(16).jpeg\"                   alt=\"ENSAIO DE NOIVA PARIS ATELIER IVANA BEAUMOND RIO DE JANEIRO RJ LOJA DE NOIVAS (16)\"                   title=\"ENSAIO DE NOIVA PARIS ATELIER IVANA BEAUMOND RIO DE JANEIRO RJ LOJA DE NOIVAS (16)\" \/>            <\/div>            <div class=\"\">                                                      <\/div>          <\/div>        <\/div>                        <\/a>              <\/div>            <div class=\"bwg-item\">        <a class=\"bwg-a  bwg_lightbox\"  data-image-id=\"3390\" href=\"https:\/\/www.ivanabeaumond.com.br\/vestidos-noiva\/wp-content\/uploads\/photo-gallery\/ENSAIO%20DE%20NOIVA%20PARIS%20ATELIER%20IVANA%20BEAUMOND%20RIO%20DE%20JANEIRO%20RJ%20LOJA%20DE%20NOIVAS%20(15).jpeg\" data-elementor-open-lightbox=\"no\">                <div class=\"bwg-item0 \">          <div class=\"bwg-item1 \">            <div class=\"bwg-item2\">              <img class=\"skip-lazy bwg_standart_thumb_img_0 \"                   data-id=\"3390\"                   data-width=\"\"                   data-height=\"\"                   data-src=\"https:\/\/www.ivanabeaumond.com.br\/vestidos-noiva\/wp-content\/uploads\/photo-gallery\/thumb\/ENSAIO%20DE%20NOIVA%20PARIS%20ATELIER%20IVANA%20BEAUMOND%20RIO%20DE%20JANEIRO%20RJ%20LOJA%20DE%20NOIVAS%20(15).jpeg\"                   src=\"https:\/\/www.ivanabeaumond.com.br\/vestidos-noiva\/wp-content\/uploads\/photo-gallery\/thumb\/ENSAIO%20DE%20NOIVA%20PARIS%20ATELIER%20IVANA%20BEAUMOND%20RIO%20DE%20JANEIRO%20RJ%20LOJA%20DE%20NOIVAS%20(15).jpeg\"                   alt=\"ENSAIO DE NOIVA PARIS ATELIER IVANA BEAUMOND RIO DE JANEIRO RJ LOJA DE NOIVAS (15)\"                   title=\"ENSAIO DE NOIVA PARIS ATELIER IVANA BEAUMOND RIO DE JANEIRO RJ LOJA DE NOIVAS (15)\" \/>            <\/div>            <div class=\"\">                                                      <\/div>          <\/div>        <\/div>                        <\/a>              <\/div>            <div class=\"bwg-item\">        <a class=\"bwg-a  bwg_lightbox\"  data-image-id=\"3389\" href=\"https:\/\/www.ivanabeaumond.com.br\/vestidos-noiva\/wp-content\/uploads\/photo-gallery\/ENSAIO%20DE%20NOIVA%20PARIS%20ATELIER%20IVANA%20BEAUMOND%20RIO%20DE%20JANEIRO%20RJ%20LOJA%20DE%20NOIVAS%20(14).jpeg\" data-elementor-open-lightbox=\"no\">                <div class=\"bwg-item0 \">          <div class=\"bwg-item1 \">            <div class=\"bwg-item2\">              <img class=\"skip-lazy bwg_standart_thumb_img_0 \"                   data-id=\"3389\"                   data-width=\"\"                   data-height=\"\"                   data-src=\"https:\/\/www.ivanabeaumond.com.br\/vestidos-noiva\/wp-content\/uploads\/photo-gallery\/thumb\/ENSAIO%20DE%20NOIVA%20PARIS%20ATELIER%20IVANA%20BEAUMOND%20RIO%20DE%20JANEIRO%20RJ%20LOJA%20DE%20NOIVAS%20(14).jpeg\"                   src=\"https:\/\/www.ivanabeaumond.com.br\/vestidos-noiva\/wp-content\/uploads\/photo-gallery\/thumb\/ENSAIO%20DE%20NOIVA%20PARIS%20ATELIER%20IVANA%20BEAUMOND%20RIO%20DE%20JANEIRO%20RJ%20LOJA%20DE%20NOIVAS%20(14).jpeg\"                   alt=\"ENSAIO DE NOIVA PARIS ATELIER IVANA BEAUMOND RIO DE JANEIRO RJ LOJA DE NOIVAS (14)\"                   title=\"ENSAIO DE NOIVA PARIS ATELIER IVANA BEAUMOND RIO DE JANEIRO RJ LOJA DE NOIVAS (14)\" \/>            <\/div>            <div class=\"\">                                                      <\/div>          <\/div>        <\/div>                        <\/a>              <\/div>            <div class=\"bwg-item\">        <a class=\"bwg-a  bwg_lightbox\"  data-image-id=\"3388\" href=\"https:\/\/www.ivanabeaumond.com.br\/vestidos-noiva\/wp-content\/uploads\/photo-gallery\/ENSAIO%20DE%20NOIVA%20PARIS%20ATELIER%20IVANA%20BEAUMOND%20RIO%20DE%20JANEIRO%20RJ%20LOJA%20DE%20NOIVAS%20(13).jpeg\" data-elementor-open-lightbox=\"no\">                <div class=\"bwg-item0 \">          <div class=\"bwg-item1 \">            <div class=\"bwg-item2\">              <img class=\"skip-lazy bwg_standart_thumb_img_0 \"                   data-id=\"3388\"                   data-width=\"\"                   data-height=\"\"                   data-src=\"https:\/\/www.ivanabeaumond.com.br\/vestidos-noiva\/wp-content\/uploads\/photo-gallery\/thumb\/ENSAIO%20DE%20NOIVA%20PARIS%20ATELIER%20IVANA%20BEAUMOND%20RIO%20DE%20JANEIRO%20RJ%20LOJA%20DE%20NOIVAS%20(13).jpeg\"                   src=\"https:\/\/www.ivanabeaumond.com.br\/vestidos-noiva\/wp-content\/uploads\/photo-gallery\/thumb\/ENSAIO%20DE%20NOIVA%20PARIS%20ATELIER%20IVANA%20BEAUMOND%20RIO%20DE%20JANEIRO%20RJ%20LOJA%20DE%20NOIVAS%20(13).jpeg\"                   alt=\"ENSAIO DE NOIVA PARIS ATELIER IVANA BEAUMOND RIO DE JANEIRO RJ LOJA DE NOIVAS (13)\"                   title=\"ENSAIO DE NOIVA PARIS ATELIER IVANA BEAUMOND RIO DE JANEIRO RJ LOJA DE NOIVAS (13)\" \/>            <\/div>            <div class=\"\">                                                      <\/div>          <\/div>        <\/div>                        <\/a>              <\/div>            <div class=\"bwg-item\">        <a class=\"bwg-a  bwg_lightbox\"  data-image-id=\"3387\" href=\"https:\/\/www.ivanabeaumond.com.br\/vestidos-noiva\/wp-content\/uploads\/photo-gallery\/ENSAIO%20DE%20NOIVA%20PARIS%20ATELIER%20IVANA%20BEAUMOND%20RIO%20DE%20JANEIRO%20RJ%20LOJA%20DE%20NOIVAS%20(12).jpeg\" data-elementor-open-lightbox=\"no\">                <div class=\"bwg-item0 \">          <div class=\"bwg-item1 \">            <div class=\"bwg-item2\">              <img class=\"skip-lazy bwg_standart_thumb_img_0 \"                   data-id=\"3387\"                   data-width=\"\"                   data-height=\"\"                   data-src=\"https:\/\/www.ivanabeaumond.com.br\/vestidos-noiva\/wp-content\/uploads\/photo-gallery\/thumb\/ENSAIO%20DE%20NOIVA%20PARIS%20ATELIER%20IVANA%20BEAUMOND%20RIO%20DE%20JANEIRO%20RJ%20LOJA%20DE%20NOIVAS%20(12).jpeg\"                   src=\"https:\/\/www.ivanabeaumond.com.br\/vestidos-noiva\/wp-content\/uploads\/photo-gallery\/thumb\/ENSAIO%20DE%20NOIVA%20PARIS%20ATELIER%20IVANA%20BEAUMOND%20RIO%20DE%20JANEIRO%20RJ%20LOJA%20DE%20NOIVAS%20(12).jpeg\"                   alt=\"ENSAIO DE NOIVA PARIS ATELIER IVANA BEAUMOND RIO DE JANEIRO RJ LOJA DE NOIVAS (12)\"                   title=\"ENSAIO DE NOIVA PARIS ATELIER IVANA BEAUMOND RIO DE JANEIRO RJ LOJA DE NOIVAS (12)\" \/>            <\/div>            <div class=\"\">                                                      <\/div>          <\/div>        <\/div>                        <\/a>              <\/div>            <div class=\"bwg-item\">        <a class=\"bwg-a  bwg_lightbox\"  data-image-id=\"3377\" href=\"https:\/\/www.ivanabeaumond.com.br\/vestidos-noiva\/wp-content\/uploads\/photo-gallery\/ENSAIO%20DE%20NOIVA%20PARIS%20ATELIER%20IVANA%20BEAUMOND%20RIO%20DE%20JANEIRO%20RJ%20LOJA%20DE%20NOIVAS%20(2).jpeg\" data-elementor-open-lightbox=\"no\">                <div class=\"bwg-item0 \">          <div class=\"bwg-item1 \">            <div class=\"bwg-item2\">              <img class=\"skip-lazy bwg_standart_thumb_img_0 \"                   data-id=\"3377\"                   data-width=\"\"                   data-height=\"\"                   data-src=\"https:\/\/www.ivanabeaumond.com.br\/vestidos-noiva\/wp-content\/uploads\/photo-gallery\/thumb\/ENSAIO%20DE%20NOIVA%20PARIS%20ATELIER%20IVANA%20BEAUMOND%20RIO%20DE%20JANEIRO%20RJ%20LOJA%20DE%20NOIVAS%20(2).jpeg\"                   src=\"https:\/\/www.ivanabeaumond.com.br\/vestidos-noiva\/wp-content\/uploads\/photo-gallery\/thumb\/ENSAIO%20DE%20NOIVA%20PARIS%20ATELIER%20IVANA%20BEAUMOND%20RIO%20DE%20JANEIRO%20RJ%20LOJA%20DE%20NOIVAS%20(2).jpeg\"                   alt=\"ENSAIO DE NOIVA PARIS ATELIER IVANA BEAUMOND RIO DE JANEIRO RJ LOJA DE NOIVAS (2)\"                   title=\"ENSAIO DE NOIVA PARIS ATELIER IVANA BEAUMOND RIO DE JANEIRO RJ LOJA DE NOIVAS (2)\" \/>            <\/div>            <div class=\"\">                                                      <\/div>          <\/div>        <\/div>                        <\/a>              <\/div>            <div class=\"bwg-item\">        <a class=\"bwg-a  bwg_lightbox\"  data-image-id=\"3386\" href=\"https:\/\/www.ivanabeaumond.com.br\/vestidos-noiva\/wp-content\/uploads\/photo-gallery\/ENSAIO%20DE%20NOIVA%20PARIS%20ATELIER%20IVANA%20BEAUMOND%20RIO%20DE%20JANEIRO%20RJ%20LOJA%20DE%20NOIVAS%20(11).jpeg\" data-elementor-open-lightbox=\"no\">                <div class=\"bwg-item0 \">          <div class=\"bwg-item1 \">            <div class=\"bwg-item2\">              <img class=\"skip-lazy bwg_standart_thumb_img_0 \"                   data-id=\"3386\"                   data-width=\"\"                   data-height=\"\"                   data-src=\"https:\/\/www.ivanabeaumond.com.br\/vestidos-noiva\/wp-content\/uploads\/photo-gallery\/thumb\/ENSAIO%20DE%20NOIVA%20PARIS%20ATELIER%20IVANA%20BEAUMOND%20RIO%20DE%20JANEIRO%20RJ%20LOJA%20DE%20NOIVAS%20(11).jpeg\"                   src=\"https:\/\/www.ivanabeaumond.com.br\/vestidos-noiva\/wp-content\/uploads\/photo-gallery\/thumb\/ENSAIO%20DE%20NOIVA%20PARIS%20ATELIER%20IVANA%20BEAUMOND%20RIO%20DE%20JANEIRO%20RJ%20LOJA%20DE%20NOIVAS%20(11).jpeg\"                   alt=\"ENSAIO DE NOIVA PARIS ATELIER IVANA BEAUMOND RIO DE JANEIRO RJ LOJA DE NOIVAS (11)\"                   title=\"ENSAIO DE NOIVA PARIS ATELIER IVANA BEAUMOND RIO DE JANEIRO RJ LOJA DE NOIVAS (11)\" \/>            <\/div>            <div class=\"\">                                                      <\/div>          <\/div>        <\/div>                        <\/a>              <\/div>            <div class=\"bwg-item\">        <a class=\"bwg-a  bwg_lightbox\"  data-image-id=\"3379\" href=\"https:\/\/www.ivanabeaumond.com.br\/vestidos-noiva\/wp-content\/uploads\/photo-gallery\/ENSAIO%20DE%20NOIVA%20PARIS%20ATELIER%20IVANA%20BEAUMOND%20RIO%20DE%20JANEIRO%20RJ%20LOJA%20DE%20NOIVAS%20(4).jpeg\" data-elementor-open-lightbox=\"no\">                <div class=\"bwg-item0 \">          <div class=\"bwg-item1 \">            <div class=\"bwg-item2\">              <img class=\"skip-lazy bwg_standart_thumb_img_0 \"                   data-id=\"3379\"                   data-width=\"\"                   data-height=\"\"                   data-src=\"https:\/\/www.ivanabeaumond.com.br\/vestidos-noiva\/wp-content\/uploads\/photo-gallery\/thumb\/ENSAIO%20DE%20NOIVA%20PARIS%20ATELIER%20IVANA%20BEAUMOND%20RIO%20DE%20JANEIRO%20RJ%20LOJA%20DE%20NOIVAS%20(4).jpeg\"                   src=\"https:\/\/www.ivanabeaumond.com.br\/vestidos-noiva\/wp-content\/uploads\/photo-gallery\/thumb\/ENSAIO%20DE%20NOIVA%20PARIS%20ATELIER%20IVANA%20BEAUMOND%20RIO%20DE%20JANEIRO%20RJ%20LOJA%20DE%20NOIVAS%20(4).jpeg\"                   alt=\"ENSAIO DE NOIVA PARIS ATELIER IVANA BEAUMOND RIO DE JANEIRO RJ LOJA DE NOIVAS (4)\"                   title=\"ENSAIO DE NOIVA PARIS ATELIER IVANA BEAUMOND RIO DE JANEIRO RJ LOJA DE NOIVAS (4)\" \/>            <\/div>            <div class=\"\">                                                      <\/div>          <\/div>        <\/div>                        <\/a>              <\/div>            <div class=\"bwg-item\">        <a class=\"bwg-a  bwg_lightbox\"  data-image-id=\"3380\" href=\"https:\/\/www.ivanabeaumond.com.br\/vestidos-noiva\/wp-content\/uploads\/photo-gallery\/ENSAIO%20DE%20NOIVA%20PARIS%20ATELIER%20IVANA%20BEAUMOND%20RIO%20DE%20JANEIRO%20RJ%20LOJA%20DE%20NOIVAS%20(5).jpeg\" data-elementor-open-lightbox=\"no\">                <div class=\"bwg-item0 \">          <div class=\"bwg-item1 \">            <div class=\"bwg-item2\">              <img class=\"skip-lazy bwg_standart_thumb_img_0 \"                   data-id=\"3380\"                   data-width=\"\"                   data-height=\"\"                   data-src=\"https:\/\/www.ivanabeaumond.com.br\/vestidos-noiva\/wp-content\/uploads\/photo-gallery\/thumb\/ENSAIO%20DE%20NOIVA%20PARIS%20ATELIER%20IVANA%20BEAUMOND%20RIO%20DE%20JANEIRO%20RJ%20LOJA%20DE%20NOIVAS%20(5).jpeg\"                   src=\"https:\/\/www.ivanabeaumond.com.br\/vestidos-noiva\/wp-content\/uploads\/photo-gallery\/thumb\/ENSAIO%20DE%20NOIVA%20PARIS%20ATELIER%20IVANA%20BEAUMOND%20RIO%20DE%20JANEIRO%20RJ%20LOJA%20DE%20NOIVAS%20(5).jpeg\"                   alt=\"ENSAIO DE NOIVA PARIS ATELIER IVANA BEAUMOND RIO DE JANEIRO RJ LOJA DE NOIVAS (5)\"                   title=\"ENSAIO DE NOIVA PARIS ATELIER IVANA BEAUMOND RIO DE JANEIRO RJ LOJA DE NOIVAS (5)\" \/>            <\/div>            <div class=\"\">                                                      <\/div>          <\/div>        <\/div>                        <\/a>              <\/div>            <div class=\"bwg-item\">        <a class=\"bwg-a  bwg_lightbox\"  data-image-id=\"3385\" href=\"https:\/\/www.ivanabeaumond.com.br\/vestidos-noiva\/wp-content\/uploads\/photo-gallery\/ENSAIO%20DE%20NOIVA%20PARIS%20ATELIER%20IVANA%20BEAUMOND%20RIO%20DE%20JANEIRO%20RJ%20LOJA%20DE%20NOIVAS%20(10).jpeg\" data-elementor-open-lightbox=\"no\">                <div class=\"bwg-item0 \">          <div class=\"bwg-item1 \">            <div class=\"bwg-item2\">              <img class=\"skip-lazy bwg_standart_thumb_img_0 \"                   data-id=\"3385\"                   data-width=\"\"                   data-height=\"\"                   data-src=\"https:\/\/www.ivanabeaumond.com.br\/vestidos-noiva\/wp-content\/uploads\/photo-gallery\/thumb\/ENSAIO%20DE%20NOIVA%20PARIS%20ATELIER%20IVANA%20BEAUMOND%20RIO%20DE%20JANEIRO%20RJ%20LOJA%20DE%20NOIVAS%20(10).jpeg\"                   src=\"https:\/\/www.ivanabeaumond.com.br\/vestidos-noiva\/wp-content\/uploads\/photo-gallery\/thumb\/ENSAIO%20DE%20NOIVA%20PARIS%20ATELIER%20IVANA%20BEAUMOND%20RIO%20DE%20JANEIRO%20RJ%20LOJA%20DE%20NOIVAS%20(10).jpeg\"                   alt=\"ENSAIO DE NOIVA PARIS ATELIER IVANA BEAUMOND RIO DE JANEIRO RJ LOJA DE NOIVAS (10)\"                   title=\"ENSAIO DE NOIVA PARIS ATELIER IVANA BEAUMOND RIO DE JANEIRO RJ LOJA DE NOIVAS (10)\" \/>            <\/div>            <div class=\"\">                                                      <\/div>          <\/div>        <\/div>                        <\/a>              <\/div>            <div class=\"bwg-item\">        <a class=\"bwg-a  bwg_lightbox\"  data-image-id=\"3384\" href=\"https:\/\/www.ivanabeaumond.com.br\/vestidos-noiva\/wp-content\/uploads\/photo-gallery\/ENSAIO%20DE%20NOIVA%20PARIS%20ATELIER%20IVANA%20BEAUMOND%20RIO%20DE%20JANEIRO%20RJ%20LOJA%20DE%20NOIVAS%20(9).jpeg\" data-elementor-open-lightbox=\"no\">                <div class=\"bwg-item0 \">          <div class=\"bwg-item1 \">            <div class=\"bwg-item2\">              <img class=\"skip-lazy bwg_standart_thumb_img_0 \"                   data-id=\"3384\"                   data-width=\"\"                   data-height=\"\"                   data-src=\"https:\/\/www.ivanabeaumond.com.br\/vestidos-noiva\/wp-content\/uploads\/photo-gallery\/thumb\/ENSAIO%20DE%20NOIVA%20PARIS%20ATELIER%20IVANA%20BEAUMOND%20RIO%20DE%20JANEIRO%20RJ%20LOJA%20DE%20NOIVAS%20(9).jpeg\"                   src=\"https:\/\/www.ivanabeaumond.com.br\/vestidos-noiva\/wp-content\/uploads\/photo-gallery\/thumb\/ENSAIO%20DE%20NOIVA%20PARIS%20ATELIER%20IVANA%20BEAUMOND%20RIO%20DE%20JANEIRO%20RJ%20LOJA%20DE%20NOIVAS%20(9).jpeg\"                   alt=\"ENSAIO DE NOIVA PARIS ATELIER IVANA BEAUMOND RIO DE JANEIRO RJ LOJA DE NOIVAS (9)\"                   title=\"ENSAIO DE NOIVA PARIS ATELIER IVANA BEAUMOND RIO DE JANEIRO RJ LOJA DE NOIVAS (9)\" \/>            <\/div>            <div class=\"\">                                                      <\/div>          <\/div>        <\/div>                        <\/a>              <\/div>            <div class=\"bwg-item\">        <a class=\"bwg-a  bwg_lightbox\"  data-image-id=\"3383\" href=\"https:\/\/www.ivanabeaumond.com.br\/vestidos-noiva\/wp-content\/uploads\/photo-gallery\/ENSAIO%20DE%20NOIVA%20PARIS%20ATELIER%20IVANA%20BEAUMOND%20RIO%20DE%20JANEIRO%20RJ%20LOJA%20DE%20NOIVAS%20(8).jpeg\" data-elementor-open-lightbox=\"no\">                <div class=\"bwg-item0 \">          <div class=\"bwg-item1 \">            <div class=\"bwg-item2\">              <img class=\"skip-lazy bwg_standart_thumb_img_0 \"                   data-id=\"3383\"                   data-width=\"\"                   data-height=\"\"                   data-src=\"https:\/\/www.ivanabeaumond.com.br\/vestidos-noiva\/wp-content\/uploads\/photo-gallery\/thumb\/ENSAIO%20DE%20NOIVA%20PARIS%20ATELIER%20IVANA%20BEAUMOND%20RIO%20DE%20JANEIRO%20RJ%20LOJA%20DE%20NOIVAS%20(8).jpeg\"                   src=\"https:\/\/www.ivanabeaumond.com.br\/vestidos-noiva\/wp-content\/uploads\/photo-gallery\/thumb\/ENSAIO%20DE%20NOIVA%20PARIS%20ATELIER%20IVANA%20BEAUMOND%20RIO%20DE%20JANEIRO%20RJ%20LOJA%20DE%20NOIVAS%20(8).jpeg\"                   alt=\"ENSAIO DE NOIVA PARIS ATELIER IVANA BEAUMOND RIO DE JANEIRO RJ LOJA DE NOIVAS (8)\"                   title=\"ENSAIO DE NOIVA PARIS ATELIER IVANA BEAUMOND RIO DE JANEIRO RJ LOJA DE NOIVAS (8)\" \/>            <\/div>            <div class=\"\">                                                      <\/div>          <\/div>        <\/div>                        <\/a>              <\/div>            <div class=\"bwg-item\">        <a class=\"bwg-a  bwg_lightbox\"  data-image-id=\"3382\" href=\"https:\/\/www.ivanabeaumond.com.br\/vestidos-noiva\/wp-content\/uploads\/photo-gallery\/ENSAIO%20DE%20NOIVA%20PARIS%20ATELIER%20IVANA%20BEAUMOND%20RIO%20DE%20JANEIRO%20RJ%20LOJA%20DE%20NOIVAS%20(7).jpeg\" data-elementor-open-lightbox=\"no\">                <div class=\"bwg-item0 \">          <div class=\"bwg-item1 \">            <div class=\"bwg-item2\">              <img class=\"skip-lazy bwg_standart_thumb_img_0 \"                   data-id=\"3382\"                   data-width=\"\"                   data-height=\"\"                   data-src=\"https:\/\/www.ivanabeaumond.com.br\/vestidos-noiva\/wp-content\/uploads\/photo-gallery\/thumb\/ENSAIO%20DE%20NOIVA%20PARIS%20ATELIER%20IVANA%20BEAUMOND%20RIO%20DE%20JANEIRO%20RJ%20LOJA%20DE%20NOIVAS%20(7).jpeg\"                   src=\"https:\/\/www.ivanabeaumond.com.br\/vestidos-noiva\/wp-content\/uploads\/photo-gallery\/thumb\/ENSAIO%20DE%20NOIVA%20PARIS%20ATELIER%20IVANA%20BEAUMOND%20RIO%20DE%20JANEIRO%20RJ%20LOJA%20DE%20NOIVAS%20(7).jpeg\"                   alt=\"ENSAIO DE NOIVA PARIS ATELIER IVANA BEAUMOND RIO DE JANEIRO RJ LOJA DE NOIVAS (7)\"                   title=\"ENSAIO DE NOIVA PARIS ATELIER IVANA BEAUMOND RIO DE JANEIRO RJ LOJA DE NOIVAS (7)\" \/>            <\/div>            <div class=\"\">                                                      <\/div>          <\/div>        <\/div>                        <\/a>              <\/div>            <div class=\"bwg-item\">        <a class=\"bwg-a  bwg_lightbox\"  data-image-id=\"3381\" href=\"https:\/\/www.ivanabeaumond.com.br\/vestidos-noiva\/wp-content\/uploads\/photo-gallery\/ENSAIO%20DE%20NOIVA%20PARIS%20ATELIER%20IVANA%20BEAUMOND%20RIO%20DE%20JANEIRO%20RJ%20LOJA%20DE%20NOIVAS%20(6).jpeg\" data-elementor-open-lightbox=\"no\">                <div class=\"bwg-item0 \">          <div class=\"bwg-item1 \">            <div class=\"bwg-item2\">              <img class=\"skip-lazy bwg_standart_thumb_img_0 \"                   data-id=\"3381\"                   data-width=\"\"                   data-height=\"\"                   data-src=\"https:\/\/www.ivanabeaumond.com.br\/vestidos-noiva\/wp-content\/uploads\/photo-gallery\/thumb\/ENSAIO%20DE%20NOIVA%20PARIS%20ATELIER%20IVANA%20BEAUMOND%20RIO%20DE%20JANEIRO%20RJ%20LOJA%20DE%20NOIVAS%20(6).jpeg\"                   src=\"https:\/\/www.ivanabeaumond.com.br\/vestidos-noiva\/wp-content\/uploads\/photo-gallery\/thumb\/ENSAIO%20DE%20NOIVA%20PARIS%20ATELIER%20IVANA%20BEAUMOND%20RIO%20DE%20JANEIRO%20RJ%20LOJA%20DE%20NOIVAS%20(6).jpeg\"                   alt=\"ENSAIO DE NOIVA PARIS ATELIER IVANA BEAUMOND RIO DE JANEIRO RJ LOJA DE NOIVAS (6)\"                   title=\"ENSAIO DE NOIVA PARIS ATELIER IVANA BEAUMOND RIO DE JANEIRO RJ LOJA DE NOIVAS (6)\" \/>            <\/div>            <div class=\"\">                                                      <\/div>          <\/div>        <\/div>                        <\/a>              <\/div>            <div class=\"bwg-item\">        <a class=\"bwg-a  bwg_lightbox\"  data-image-id=\"3378\" href=\"https:\/\/www.ivanabeaumond.com.br\/vestidos-noiva\/wp-content\/uploads\/photo-gallery\/ENSAIO%20DE%20NOIVA%20PARIS%20ATELIER%20IVANA%20BEAUMOND%20RIO%20DE%20JANEIRO%20RJ%20LOJA%20DE%20NOIVAS%20(3).jpeg\" data-elementor-open-lightbox=\"no\">                <div class=\"bwg-item0 \">          <div class=\"bwg-item1 \">            <div class=\"bwg-item2\">              <img class=\"skip-lazy bwg_standart_thumb_img_0 \"                   data-id=\"3378\"                   data-width=\"\"                   data-height=\"\"                   data-src=\"https:\/\/www.ivanabeaumond.com.br\/vestidos-noiva\/wp-content\/uploads\/photo-gallery\/thumb\/ENSAIO%20DE%20NOIVA%20PARIS%20ATELIER%20IVANA%20BEAUMOND%20RIO%20DE%20JANEIRO%20RJ%20LOJA%20DE%20NOIVAS%20(3).jpeg\"                   src=\"https:\/\/www.ivanabeaumond.com.br\/vestidos-noiva\/wp-content\/uploads\/photo-gallery\/thumb\/ENSAIO%20DE%20NOIVA%20PARIS%20ATELIER%20IVANA%20BEAUMOND%20RIO%20DE%20JANEIRO%20RJ%20LOJA%20DE%20NOIVAS%20(3).jpeg\"                   alt=\"ENSAIO DE NOIVA PARIS ATELIER IVANA BEAUMOND RIO DE JANEIRO RJ LOJA DE NOIVAS (3)\"                   title=\"ENSAIO DE NOIVA PARIS ATELIER IVANA BEAUMOND RIO DE JANEIRO RJ LOJA DE NOIVAS (3)\" \/>            <\/div>            <div class=\"\">                                                      <\/div>          <\/div>        <\/div>                        <\/a>              <\/div>          <\/div>    <style>      \/*pagination styles*\/      #bwg_container1_0 #bwg_container2_0 .tablenav-pages_0 {\t\t\t\ttext-align: center;\t\t\t\tfont-size: 12px;\t\t\t\tfont-family: segoe ui;\t\t\t\tfont-weight: bold;\t\t\t\tcolor: #666666;\t\t\t\tmargin: 6px 0 4px;\t\t\t\tdisplay: block;      }      @media only screen and (max-width : 320px) {      #bwg_container1_0 #bwg_container2_0 .displaying-num_0 {     \t display: none;      }      }      #bwg_container1_0 #bwg_container2_0 .displaying-num_0 {\t\t\t\tfont-size: 12px;\t\t\t\tfont-family: segoe ui;\t\t\t\tfont-weight: bold;\t\t\t\tcolor: #666666;\t\t\t\tmargin-right: 10px;\t\t\t\tvertical-align: middle;      }      #bwg_container1_0 #bwg_container2_0 .paging-input_0 {\t\t\t\tfont-size: 12px;\t\t\t\tfont-family: segoe ui;\t\t\t\tfont-weight: bold;\t\t\t\tcolor: #666666;\t\t\t\tvertical-align: middle;      }      #bwg_container1_0 #bwg_container2_0 .tablenav-pages_0 a.disabled,      #bwg_container1_0 #bwg_container2_0 .tablenav-pages_0 a.disabled:hover,      #bwg_container1_0 #bwg_container2_0 .tablenav-pages_0 a.disabled:focus,\t\t\t#bwg_container1_0 #bwg_container2_0 .tablenav-pages_0 input.bwg_current_page {\t\t\t\tcursor: default;\t\t\t\tcolor: rgba(102, 102, 102, 0.5);      }      #bwg_container1_0 #bwg_container2_0 .tablenav-pages_0 a,      #bwg_container1_0 #bwg_container2_0 .tablenav-pages_0 input.bwg_current_page {\t\t\t\tcursor: pointer;\t\t\t\ttext-align: center;\t\t\t\tfont-size: 12px;\t\t\t\tfont-family: segoe ui;\t\t\t\tfont-weight: bold;\t\t\t\tcolor: #666666;\t\t\t\ttext-decoration: none;\t\t\t\tpadding: 3px 6px;\t\t\t\tmargin: 0;\t\t\t\tborder-radius: 0;\t\t\t\tborder-style: solid;\t\t\t\tborder-width: 1px;\t\t\t\tborder-color: #E3E3E3;\t\t\t\t\t\t\t\tbackground-color: rgba(255, 255, 255, 1.00);\t\t\t\tbox-shadow: 0;\t\t\t\ttransition: all 0.3s ease 0s;-webkit-transition: all 0.3s ease 0s;      }      <\/style>      <span class=\"bwg_nav_cont_0\">              <div class=\"tablenav-pages_0\">                  <\/div>                <input type=\"hidden\" id=\"page_number_0\" name=\"page_number_0\" value=\"1\" \/>      <script type=\"text\/javascript\">        if( jQuery('.bwg_nav_cont_0').length > 1 ) {          jQuery('.bwg_nav_cont_0').first().remove()        }        function spider_page_0(cur, x, y, load_more) {          if (typeof load_more == \"undefined\") {            var load_more = false;          }          if (jQuery(cur).hasClass('disabled')) {            return false;          }          var items_county_0 = 1;          switch (y) {            case 1:              if (x >= items_county_0) {                document.getElementById('page_number_0').value = items_county_0;              }              else {                document.getElementById('page_number_0').value = x + 1;              }              break;            case 2:              document.getElementById('page_number_0').value = items_county_0;              break;            case -1:              if (x == 1) {                document.getElementById('page_number_0').value = 1;              }              else {                document.getElementById('page_number_0').value = x - 1;              }              break;            case -2:              document.getElementById('page_number_0').value = 1;              break;\t\t\t\t\t\tcase 0:              document.getElementById('page_number_0').value = x;              break;            default:              document.getElementById('page_number_0').value = 1;          }          bwg_ajax('gal_front_form_0', '0', 'bwg_thumbnails_0', '0', '', 'gallery', 0, '', '', load_more, '', 1);        }                    jQuery('.first-page-0').on('click', function () {              spider_page_0(this, 1, -2, 'numeric');              return false;            });            jQuery('.prev-page-0').on('click', function () {              spider_page_0(this, 1, -1, 'numeric');              return false;            });            jQuery('.next-page-0').on('click', function () {              spider_page_0(this, 1, 1, 'numeric');              return false;            });            jQuery('.last-page-0').on('click', function () {              spider_page_0(this, 1, 2, 'numeric');              return false;            });        \t\t\t\t\/* Change page on input enter. *\/        function bwg_change_page_0( e, that ) {          if (  e.key == 'Enter' ) {            var to_page = parseInt(jQuery(that).val());            var pages_count = jQuery(that).parents(\".pagination-links\").data(\"pages-count\");            var current_url_param = jQuery(that).attr('data-url-info');            if (to_page > pages_count) {              to_page = 1;            }\t \t\t\t\t\t\t\t\t\t\t\t\tspider_page_0(this, to_page, 0, 'numeric');\t\t\t\t\t\t\treturn false;\t\t\t\t\t\t          }          return true;        }        jQuery('.bwg_load_btn_0').on('click', function () {            spider_page_0(this, 1, 1, true);            return false;        });      <\/script>      <\/span>                <\/div>        <\/form>        <style>          #bwg_container1_0 #bwg_container2_0 #spider_popup_overlay_0 {          background-color: #000000;          opacity: 0.70;          }          <\/style>        <div id=\"bwg_spider_popup_loading_0\" class=\"bwg_spider_popup_loading\"><\/div>        <div id=\"spider_popup_overlay_0\" class=\"spider_popup_overlay\" onclick=\"spider_destroypopup(1000)\"><\/div>        <input type=\"hidden\" id=\"bwg_random_seed_0\" value=\"1542356066\">                <\/div>    <\/div>    <script>      if (document.readyState === 'complete') {        if( typeof bwg_main_ready == 'function' ) {          if ( jQuery(\"#bwg_container1_0\").height() ) {            bwg_main_ready(jQuery(\"#bwg_container1_0\"));          }        }      } else {        document.addEventListener('DOMContentLoaded', function() {          if( typeof bwg_main_ready == 'function' ) {            if ( jQuery(\"#bwg_container1_0\").height() ) {             bwg_main_ready(jQuery(\"#bwg_container1_0\"));            }          }        });      }    <\/script>    \n<h4 style=\"text-align: justify;\"><span style=\"color: #000000;\">Ficha T\u00e9cnica:<\/span><\/h4>\n<h4 style=\"text-align: justify;\"><span style=\"color: #000000;\">Fotografia: Fernando Nobre. Vestido: Atelier Ivana Beaumond Paris. Produ\u00e7\u00e3o de moda: Ivana Beaumond e Florence Beaumond. Modelo: Alinny Radeza.<\/span><\/h4>\n<h4><span style=\"color: #999999;\">Gostou? Siga nosso instagram\u00a0<\/span><a href=\"https:\/\/www.instagram.com\/ivanaparisdebutantes\" target=\"_blank\" rel=\"noopener noreferrer\">@ivanaparisdebutantes\u00a0<\/a><span style=\"color: #999999;\">e curta nossa fanpage<\/span>\u00a0<a href=\"https:\/\/www.facebook.com\/IvanaBeaumondDebutantes\/\" target=\"_blank\" rel=\"noopener noreferrer\">Ivana Beaumond<\/a>\u00a0<span style=\"color: #999999;\">para ficar por dentro de tudo o que rola no mundo das\u00a0debutantes. N\u00e3o deixe de conferir tamb\u00e9m as nossas cole\u00e7\u00f5es de<\/span>\u00a0<a href=\"http:\/\/www.ivanabeaumond.com.br\/vestidos-noiva\/vestidos-debutantes\/\" target=\"_blank\" rel=\"noopener noreferrer\">Vestidos de Debutante<\/a>\u00a0<span style=\"color: #999999;\">e<\/span>\u00a0<a href=\"http:\/\/www.ivanabeaumond.com.br\/vestidos-noiva\/vestidos-casamento-madrinha-festa-formatura\/\" target=\"_blank\" rel=\"noopener noreferrer\">Moda Festa<\/a><span style=\"color: #999999;\">,\u00a0trazendo as maiores novidades da alta costura com os mais belos modelos!<\/span><\/h4>\n","protected":false},"excerpt":{"rendered":"<p>A empres\u00e1ria Ivana Beaumond acaba de chegar da Fran\u00e7a, onde&#8230;<\/p>\n","protected":false},"author":4,"featured_media":23370,"comment_status":"closed","ping_status":"closed","sticky":false,"template":"","format":"standard","meta":[],"categories":[60,128],"tags":[1120,1087,1048,1121,660,695,456,1122,1119,1124,634,952,1123,243,286,455,98,164,207,115,211],"yoast_head":"<!-- This site is optimized with the Yoast SEO plugin v20.3 - https:\/\/yoast.com\/wordpress\/plugins\/seo\/ -->\n<title>Ivana Beaumond assina editorial de noivas em Paris - Vestido de Noiva RJ<\/title>\n<meta name=\"robots\" content=\"index, follow, max-snippet:-1, max-image-preview:large, max-video-preview:-1\" \/>\n<link rel=\"canonical\" href=\"https:\/\/www.ivanabeaumond.com.br\/vestidos-noiva\/ivana-beaumond-assina-editorial-de-noivas-em-paris\/\" \/>\n<meta property=\"og:locale\" content=\"pt_BR\" \/>\n<meta property=\"og:type\" content=\"article\" \/>\n<meta property=\"og:title\" content=\"Ivana Beaumond assina editorial de noivas em Paris - Vestido de Noiva RJ\" \/>\n<meta property=\"og:description\" content=\"A empres\u00e1ria Ivana Beaumond acaba de chegar da Fran\u00e7a, onde...\" \/>\n<meta property=\"og:url\" content=\"https:\/\/www.ivanabeaumond.com.br\/vestidos-noiva\/ivana-beaumond-assina-editorial-de-noivas-em-paris\/\" \/>\n<meta property=\"og:site_name\" content=\"Vestido de Noiva RJ\" \/>\n<meta property=\"article:publisher\" content=\"https:\/\/www.facebook.com\/ivana.beaumondnoivas\" \/>\n<meta property=\"article:published_time\" content=\"2020-01-24T20:50:13+00:00\" \/>\n<meta property=\"article:modified_time\" content=\"2020-08-25T20:23:43+00:00\" \/>\n<meta property=\"og:image\" content=\"https:\/\/www.ivanabeaumond.com.br\/vestidos-noiva\/wp-content\/uploads\/2020\/01\/ENSAIO-DE-NOIVA-PARIS-ATELIER-IVANA-BEAUMOND-RIO-DE-JANEIRO-RJ-LOJA-DE-NOIVAS-19-e1579898970385.jpeg\" \/>\n\t<meta property=\"og:image:width\" content=\"600\" \/>\n\t<meta property=\"og:image:height\" content=\"400\" \/>\n\t<meta property=\"og:image:type\" content=\"image\/jpeg\" \/>\n<meta name=\"author\" content=\"Ivana Beaumond Paris\" \/>\n<meta name=\"twitter:card\" content=\"summary_large_image\" \/>\n<meta name=\"twitter:label1\" content=\"Escrito por\" \/>\n\t<meta name=\"twitter:data1\" content=\"Ivana Beaumond Paris\" \/>\n\t<meta name=\"twitter:label2\" content=\"Est. tempo de leitura\" \/>\n\t<meta name=\"twitter:data2\" content=\"1 minuto\" \/>\n<script type=\"application\/ld+json\" class=\"yoast-schema-graph\">{\"@context\":\"https:\/\/schema.org\",\"@graph\":[{\"@type\":\"Article\",\"@id\":\"https:\/\/www.ivanabeaumond.com.br\/vestidos-noiva\/ivana-beaumond-assina-editorial-de-noivas-em-paris\/#article\",\"isPartOf\":{\"@id\":\"https:\/\/www.ivanabeaumond.com.br\/vestidos-noiva\/ivana-beaumond-assina-editorial-de-noivas-em-paris\/\"},\"author\":{\"name\":\"Ivana Beaumond Paris\",\"@id\":\"https:\/\/www.ivanabeaumond.com.br\/vestidos-noiva\/#\/schema\/person\/1a360c4cffa3b806d29a456389dcff26\"},\"headline\":\"Ivana Beaumond assina editorial de noivas em Paris\",\"datePublished\":\"2020-01-24T20:50:13+00:00\",\"dateModified\":\"2020-08-25T20:23:43+00:00\",\"mainEntityOfPage\":{\"@id\":\"https:\/\/www.ivanabeaumond.com.br\/vestidos-noiva\/ivana-beaumond-assina-editorial-de-noivas-em-paris\/\"},\"wordCount\":175,\"publisher\":{\"@id\":\"https:\/\/www.ivanabeaumond.com.br\/vestidos-noiva\/#organization\"},\"keywords\":[\"alugar vestido no rio\",\"aluguel de roupa de festa rj\",\"aluguel de vestido rio de janeiro\",\"ateli\u00ea de noivas\",\"atelier de noivas\",\"atelier ivana beaumond paris\",\"bridal fashion\",\"editorial de moda\",\"editorial de noiva\",\"editorial paris\",\"ensaio de casamento\",\"ensaio pr\u00e9-wedding\",\"fran\u00e7a ensaio em paris\",\"inesquec\u00edvel casamento\",\"ivana beaumond\",\"moda noiva\",\"noiva\",\"noivas\",\"paris\",\"vestido de noiva\",\"wedding\"],\"articleSection\":[\"Blog\",\"Na M\u00eddia\"],\"inLanguage\":\"pt-BR\"},{\"@type\":\"WebPage\",\"@id\":\"https:\/\/www.ivanabeaumond.com.br\/vestidos-noiva\/ivana-beaumond-assina-editorial-de-noivas-em-paris\/\",\"url\":\"https:\/\/www.ivanabeaumond.com.br\/vestidos-noiva\/ivana-beaumond-assina-editorial-de-noivas-em-paris\/\",\"name\":\"Ivana Beaumond assina editorial de noivas em Paris - Vestido de Noiva RJ\",\"isPartOf\":{\"@id\":\"https:\/\/www.ivanabeaumond.com.br\/vestidos-noiva\/#website\"},\"datePublished\":\"2020-01-24T20:50:13+00:00\",\"dateModified\":\"2020-08-25T20:23:43+00:00\",\"breadcrumb\":{\"@id\":\"https:\/\/www.ivanabeaumond.com.br\/vestidos-noiva\/ivana-beaumond-assina-editorial-de-noivas-em-paris\/#breadcrumb\"},\"inLanguage\":\"pt-BR\",\"potentialAction\":[{\"@type\":\"ReadAction\",\"target\":[\"https:\/\/www.ivanabeaumond.com.br\/vestidos-noiva\/ivana-beaumond-assina-editorial-de-noivas-em-paris\/\"]}]},{\"@type\":\"BreadcrumbList\",\"@id\":\"https:\/\/www.ivanabeaumond.com.br\/vestidos-noiva\/ivana-beaumond-assina-editorial-de-noivas-em-paris\/#breadcrumb\",\"itemListElement\":[{\"@type\":\"ListItem\",\"position\":1,\"name\":\"In\u00edcio\",\"item\":\"https:\/\/www.ivanabeaumond.com.br\/vestidos-noiva\/\"},{\"@type\":\"ListItem\",\"position\":2,\"name\":\"Ivana Beaumond assina editorial de noivas em Paris\"}]},{\"@type\":\"WebSite\",\"@id\":\"https:\/\/www.ivanabeaumond.com.br\/vestidos-noiva\/#website\",\"url\":\"https:\/\/www.ivanabeaumond.com.br\/vestidos-noiva\/\",\"name\":\"Vestido de Noiva RJ\",\"description\":\"Moda Noiva\",\"publisher\":{\"@id\":\"https:\/\/www.ivanabeaumond.com.br\/vestidos-noiva\/#organization\"},\"potentialAction\":[{\"@type\":\"SearchAction\",\"target\":{\"@type\":\"EntryPoint\",\"urlTemplate\":\"https:\/\/www.ivanabeaumond.com.br\/vestidos-noiva\/?s={search_term_string}\"},\"query-input\":\"required name=search_term_string\"}],\"inLanguage\":\"pt-BR\"},{\"@type\":\"Organization\",\"@id\":\"https:\/\/www.ivanabeaumond.com.br\/vestidos-noiva\/#organization\",\"name\":\"Vestido de Noiva RJ\",\"url\":\"https:\/\/www.ivanabeaumond.com.br\/vestidos-noiva\/\",\"logo\":{\"@type\":\"ImageObject\",\"inLanguage\":\"pt-BR\",\"@id\":\"https:\/\/www.ivanabeaumond.com.br\/vestidos-noiva\/#\/schema\/logo\/image\/\",\"url\":\"https:\/\/www.ivanabeaumond.com.br\/vestidos-noiva\/wp-content\/uploads\/2018\/02\/logo_ivana_beaumond-2.png\",\"contentUrl\":\"https:\/\/www.ivanabeaumond.com.br\/vestidos-noiva\/wp-content\/uploads\/2018\/02\/logo_ivana_beaumond-2.png\",\"width\":230,\"height\":112,\"caption\":\"Vestido de Noiva RJ\"},\"image\":{\"@id\":\"https:\/\/www.ivanabeaumond.com.br\/vestidos-noiva\/#\/schema\/logo\/image\/\"},\"sameAs\":[\"https:\/\/www.facebook.com\/ivana.beaumondnoivas\",\"https:\/\/www.instagram.com\/ivanabeaumond\/\",\"https:\/\/www.tiktok.com\/@ivanabeaumond\"]},{\"@type\":\"Person\",\"@id\":\"https:\/\/www.ivanabeaumond.com.br\/vestidos-noiva\/#\/schema\/person\/1a360c4cffa3b806d29a456389dcff26\",\"name\":\"Ivana Beaumond Paris\",\"image\":{\"@type\":\"ImageObject\",\"inLanguage\":\"pt-BR\",\"@id\":\"https:\/\/www.ivanabeaumond.com.br\/vestidos-noiva\/#\/schema\/person\/image\/\",\"url\":\"https:\/\/secure.gravatar.com\/avatar\/641f98db20b53ec937ceb641db4270b9?s=96&d=mm&r=g\",\"contentUrl\":\"https:\/\/secure.gravatar.com\/avatar\/641f98db20b53ec937ceb641db4270b9?s=96&d=mm&r=g\",\"caption\":\"Ivana Beaumond Paris\"},\"url\":\"https:\/\/www.ivanabeaumond.com.br\/vestidos-noiva\/author\/ivana\/\"}]}<\/script>\n<!-- \/ Yoast SEO plugin. -->","yoast_head_json":{"title":"Ivana Beaumond assina editorial de noivas em Paris - Vestido de Noiva RJ","robots":{"index":"index","follow":"follow","max-snippet":"max-snippet:-1","max-image-preview":"max-image-preview:large","max-video-preview":"max-video-preview:-1"},"canonical":"https:\/\/www.ivanabeaumond.com.br\/vestidos-noiva\/ivana-beaumond-assina-editorial-de-noivas-em-paris\/","og_locale":"pt_BR","og_type":"article","og_title":"Ivana Beaumond assina editorial de noivas em Paris - Vestido de Noiva RJ","og_description":"A empres\u00e1ria Ivana Beaumond acaba de chegar da Fran\u00e7a, onde...","og_url":"https:\/\/www.ivanabeaumond.com.br\/vestidos-noiva\/ivana-beaumond-assina-editorial-de-noivas-em-paris\/","og_site_name":"Vestido de Noiva RJ","article_publisher":"https:\/\/www.facebook.com\/ivana.beaumondnoivas","article_published_time":"2020-01-24T20:50:13+00:00","article_modified_time":"2020-08-25T20:23:43+00:00","og_image":[{"width":600,"height":400,"url":"https:\/\/www.ivanabeaumond.com.br\/vestidos-noiva\/wp-content\/uploads\/2020\/01\/ENSAIO-DE-NOIVA-PARIS-ATELIER-IVANA-BEAUMOND-RIO-DE-JANEIRO-RJ-LOJA-DE-NOIVAS-19-e1579898970385.jpeg","type":"image\/jpeg"}],"author":"Ivana Beaumond Paris","twitter_card":"summary_large_image","twitter_misc":{"Escrito por":"Ivana Beaumond Paris","Est. tempo de leitura":"1 minuto"},"schema":{"@context":"https:\/\/schema.org","@graph":[{"@type":"Article","@id":"https:\/\/www.ivanabeaumond.com.br\/vestidos-noiva\/ivana-beaumond-assina-editorial-de-noivas-em-paris\/#article","isPartOf":{"@id":"https:\/\/www.ivanabeaumond.com.br\/vestidos-noiva\/ivana-beaumond-assina-editorial-de-noivas-em-paris\/"},"author":{"name":"Ivana Beaumond Paris","@id":"https:\/\/www.ivanabeaumond.com.br\/vestidos-noiva\/#\/schema\/person\/1a360c4cffa3b806d29a456389dcff26"},"headline":"Ivana Beaumond assina editorial de noivas em Paris","datePublished":"2020-01-24T20:50:13+00:00","dateModified":"2020-08-25T20:23:43+00:00","mainEntityOfPage":{"@id":"https:\/\/www.ivanabeaumond.com.br\/vestidos-noiva\/ivana-beaumond-assina-editorial-de-noivas-em-paris\/"},"wordCount":175,"publisher":{"@id":"https:\/\/www.ivanabeaumond.com.br\/vestidos-noiva\/#organization"},"keywords":["alugar vestido no rio","aluguel de roupa de festa rj","aluguel de vestido rio de janeiro","ateli\u00ea de noivas","atelier de noivas","atelier ivana beaumond paris","bridal fashion","editorial de moda","editorial de noiva","editorial paris","ensaio de casamento","ensaio pr\u00e9-wedding","fran\u00e7a ensaio em paris","inesquec\u00edvel casamento","ivana beaumond","moda noiva","noiva","noivas","paris","vestido de noiva","wedding"],"articleSection":["Blog","Na M\u00eddia"],"inLanguage":"pt-BR"},{"@type":"WebPage","@id":"https:\/\/www.ivanabeaumond.com.br\/vestidos-noiva\/ivana-beaumond-assina-editorial-de-noivas-em-paris\/","url":"https:\/\/www.ivanabeaumond.com.br\/vestidos-noiva\/ivana-beaumond-assina-editorial-de-noivas-em-paris\/","name":"Ivana Beaumond assina editorial de noivas em Paris - Vestido de Noiva RJ","isPartOf":{"@id":"https:\/\/www.ivanabeaumond.com.br\/vestidos-noiva\/#website"},"datePublished":"2020-01-24T20:50:13+00:00","dateModified":"2020-08-25T20:23:43+00:00","breadcrumb":{"@id":"https:\/\/www.ivanabeaumond.com.br\/vestidos-noiva\/ivana-beaumond-assina-editorial-de-noivas-em-paris\/#breadcrumb"},"inLanguage":"pt-BR","potentialAction":[{"@type":"ReadAction","target":["https:\/\/www.ivanabeaumond.com.br\/vestidos-noiva\/ivana-beaumond-assina-editorial-de-noivas-em-paris\/"]}]},{"@type":"BreadcrumbList","@id":"https:\/\/www.ivanabeaumond.com.br\/vestidos-noiva\/ivana-beaumond-assina-editorial-de-noivas-em-paris\/#breadcrumb","itemListElement":[{"@type":"ListItem","position":1,"name":"In\u00edcio","item":"https:\/\/www.ivanabeaumond.com.br\/vestidos-noiva\/"},{"@type":"ListItem","position":2,"name":"Ivana Beaumond assina editorial de noivas em Paris"}]},{"@type":"WebSite","@id":"https:\/\/www.ivanabeaumond.com.br\/vestidos-noiva\/#website","url":"https:\/\/www.ivanabeaumond.com.br\/vestidos-noiva\/","name":"Vestido de Noiva RJ","description":"Moda Noiva","publisher":{"@id":"https:\/\/www.ivanabeaumond.com.br\/vestidos-noiva\/#organization"},"potentialAction":[{"@type":"SearchAction","target":{"@type":"EntryPoint","urlTemplate":"https:\/\/www.ivanabeaumond.com.br\/vestidos-noiva\/?s={search_term_string}"},"query-input":"required name=search_term_string"}],"inLanguage":"pt-BR"},{"@type":"Organization","@id":"https:\/\/www.ivanabeaumond.com.br\/vestidos-noiva\/#organization","name":"Vestido de Noiva RJ","url":"https:\/\/www.ivanabeaumond.com.br\/vestidos-noiva\/","logo":{"@type":"ImageObject","inLanguage":"pt-BR","@id":"https:\/\/www.ivanabeaumond.com.br\/vestidos-noiva\/#\/schema\/logo\/image\/","url":"https:\/\/www.ivanabeaumond.com.br\/vestidos-noiva\/wp-content\/uploads\/2018\/02\/logo_ivana_beaumond-2.png","contentUrl":"https:\/\/www.ivanabeaumond.com.br\/vestidos-noiva\/wp-content\/uploads\/2018\/02\/logo_ivana_beaumond-2.png","width":230,"height":112,"caption":"Vestido de Noiva RJ"},"image":{"@id":"https:\/\/www.ivanabeaumond.com.br\/vestidos-noiva\/#\/schema\/logo\/image\/"},"sameAs":["https:\/\/www.facebook.com\/ivana.beaumondnoivas","https:\/\/www.instagram.com\/ivanabeaumond\/","https:\/\/www.tiktok.com\/@ivanabeaumond"]},{"@type":"Person","@id":"https:\/\/www.ivanabeaumond.com.br\/vestidos-noiva\/#\/schema\/person\/1a360c4cffa3b806d29a456389dcff26","name":"Ivana Beaumond Paris","image":{"@type":"ImageObject","inLanguage":"pt-BR","@id":"https:\/\/www.ivanabeaumond.com.br\/vestidos-noiva\/#\/schema\/person\/image\/","url":"https:\/\/secure.gravatar.com\/avatar\/641f98db20b53ec937ceb641db4270b9?s=96&d=mm&r=g","contentUrl":"https:\/\/secure.gravatar.com\/avatar\/641f98db20b53ec937ceb641db4270b9?s=96&d=mm&r=g","caption":"Ivana Beaumond Paris"},"url":"https:\/\/www.ivanabeaumond.com.br\/vestidos-noiva\/author\/ivana\/"}]}},"_links":{"self":[{"href":"https:\/\/www.ivanabeaumond.com.br\/vestidos-noiva\/wp-json\/wp\/v2\/posts\/23338"}],"collection":[{"href":"https:\/\/www.ivanabeaumond.com.br\/vestidos-noiva\/wp-json\/wp\/v2\/posts"}],"about":[{"href":"https:\/\/www.ivanabeaumond.com.br\/vestidos-noiva\/wp-json\/wp\/v2\/types\/post"}],"author":[{"embeddable":true,"href":"https:\/\/www.ivanabeaumond.com.br\/vestidos-noiva\/wp-json\/wp\/v2\/users\/4"}],"replies":[{"embeddable":true,"href":"https:\/\/www.ivanabeaumond.com.br\/vestidos-noiva\/wp-json\/wp\/v2\/comments?post=23338"}],"version-history":[{"count":9,"href":"https:\/\/www.ivanabeaumond.com.br\/vestidos-noiva\/wp-json\/wp\/v2\/posts\/23338\/revisions"}],"predecessor-version":[{"id":26120,"href":"https:\/\/www.ivanabeaumond.com.br\/vestidos-noiva\/wp-json\/wp\/v2\/posts\/23338\/revisions\/26120"}],"wp:featuredmedia":[{"embeddable":true,"href":"https:\/\/www.ivanabeaumond.com.br\/vestidos-noiva\/wp-json\/wp\/v2\/media\/23370"}],"wp:attachment":[{"href":"https:\/\/www.ivanabeaumond.com.br\/vestidos-noiva\/wp-json\/wp\/v2\/media?parent=23338"}],"wp:term":[{"taxonomy":"category","embeddable":true,"href":"https:\/\/www.ivanabeaumond.com.br\/vestidos-noiva\/wp-json\/wp\/v2\/categories?post=23338"},{"taxonomy":"post_tag","embeddable":true,"href":"https:\/\/www.ivanabeaumond.com.br\/vestidos-noiva\/wp-json\/wp\/v2\/tags?post=23338"}],"curies":[{"name":"wp","href":"https:\/\/api.w.org\/{rel}","templated":true}]}}