{"id":23558,"date":"2020-02-17T16:50:52","date_gmt":"2020-02-17T19:50:52","guid":{"rendered":"https:\/\/www.ivanabeaumond.com.br\/vestidos-noiva\/?p=23558"},"modified":"2020-08-13T18:00:35","modified_gmt":"2020-08-13T21:00:35","slug":"festa-rosa-e-dourada-com-maria-vitoria","status":"publish","type":"post","link":"https:\/\/www.ivanabeaumond.com.br\/vestidos-noiva\/festa-rosa-e-dourada-com-maria-vitoria\/","title":{"rendered":"Festa Rosa e Dourada, com Maria Vit\u00f3ria"},"content":{"rendered":"<h4 style=\"text-align: justify;\"><span style=\"color: #999999;\">Foi em clima de balada que a nossa debutante Maria Vit\u00f3ria celebrou os seus 15 anos, em uma festa repleta de atra\u00e7\u00f5es no Espa\u00e7o Zurique.\u00a0Para essa balada chique, a Mavi veio at\u00e9 o Atelier Ivana Beaumond Paris em busca do vestido perfeito para cada momento do d\u00e9but: a recep\u00e7\u00e3o, a valsa e a abertura da pista (o carro-chefe da festa). J\u00e1 que ela n\u00e3o queria muitas trocas de figurino, apostamos em um modelo princesa nude\u00a0e dourado para que ela brilhasse na sua entrada e pudesse dan\u00e7ar sua valsa com muito estilo. O segundo look foi um modelo 2 em 1 &#8211; um tubinho cravejado de cristais com uma bel\u00edssima cauda remov\u00edvel cor-de-rosa &#8211; um visual mais moderno e jovem para ela curtir a pista bem a vontade. Veja\u00a0como ela ficou perfeita nas fotos:<\/span><\/h4>\n<p><img decoding=\"async\" loading=\"lazy\" class=\"aligncenter size-full wp-image-23559\" src=\"https:\/\/www.ivanabeaumond.com.br\/vestidos-noiva\/wp-content\/uploads\/2020\/02\/MARIA-VITORIA-VESTIDO-DE-DEBUTANTE-15-ANOS-ATELIER-IVANA-BEAUMOND-RJ-8-e1581539808254.jpg\" alt=\"MARIA VITORIA VESTIDO DE DEBUTANTE 15 ANOS ATELIER IVANA BEAUMOND RJ (8)\" width=\"400\" height=\"600\" \/><\/p>\n<p><img decoding=\"async\" loading=\"lazy\" class=\"aligncenter size-full wp-image-23560\" src=\"https:\/\/www.ivanabeaumond.com.br\/vestidos-noiva\/wp-content\/uploads\/2020\/02\/MARIA-VITORIA-VESTIDO-DE-DEBUTANTE-15-ANOS-ATELIER-IVANA-BEAUMOND-RJ-9-e1581539781700.jpg\" alt=\"MARIA VITORIA VESTIDO DE DEBUTANTE 15 ANOS ATELIER IVANA BEAUMOND RJ (9)\" width=\"400\" height=\"600\" \/><\/p>\n<p><img decoding=\"async\" loading=\"lazy\" class=\"aligncenter size-full wp-image-23562\" src=\"https:\/\/www.ivanabeaumond.com.br\/vestidos-noiva\/wp-content\/uploads\/2020\/02\/MARIA-VITORIA-VESTIDO-DE-DEBUTANTE-15-ANOS-ATELIER-IVANA-BEAUMOND-RJ-12-e1581539978676.jpg\" alt=\"MARIA VITORIA VESTIDO DE DEBUTANTE 15 ANOS ATELIER IVANA BEAUMOND RJ (12)\" width=\"400\" height=\"600\" \/><\/p>\n<h4><span style=\"color: #999999;\">A renda em 3d nesse tom de dourado, al\u00e9m de ser super delicada e feminina, d\u00e1 a impress\u00e3o de que o bordado foi banhado em ouro &#8211; um detalhe super luxuoso!<\/span><\/h4>\n<p><img decoding=\"async\" loading=\"lazy\" class=\"aligncenter size-full wp-image-23564\" src=\"https:\/\/www.ivanabeaumond.com.br\/vestidos-noiva\/wp-content\/uploads\/2020\/02\/MARIA-VITORIA-VESTIDO-DE-DEBUTANTE-15-ANOS-ATELIER-IVANA-BEAUMOND-RJ-11-e1581540100957.jpg\" alt=\"MARIA VITORIA VESTIDO DE DEBUTANTE 15 ANOS ATELIER IVANA BEAUMOND RJ (11)\" width=\"400\" height=\"600\" \/><\/p>\n<p><img decoding=\"async\" loading=\"lazy\" class=\"aligncenter size-full wp-image-23561\" src=\"https:\/\/www.ivanabeaumond.com.br\/vestidos-noiva\/wp-content\/uploads\/2020\/02\/MARIA-VITORIA-VESTIDO-DE-DEBUTANTE-15-ANOS-ATELIER-IVANA-BEAUMOND-RJ-10-e1581539851197.jpg\" alt=\"MARIA VITORIA VESTIDO DE DEBUTANTE 15 ANOS ATELIER IVANA BEAUMOND RJ (10)\" width=\"400\" height=\"600\" \/><\/p>\n<h4 style=\"text-align: justify;\"><span style=\"color: #999999;\">O modelo 2 em 1 \u00e9 uma op\u00e7\u00e3o para as debutantes que querem versatilizar o look sem precisar fazer muitas trocas de figurino. Al\u00e9m dessa cauda ser um charme \u00e0 parte&#8230;<\/span><\/h4>\n<p><img decoding=\"async\" loading=\"lazy\" class=\"aligncenter size-full wp-image-23566\" src=\"https:\/\/www.ivanabeaumond.com.br\/vestidos-noiva\/wp-content\/uploads\/2020\/02\/MARIA-VITORIA-VESTIDO-DE-DEBUTANTE-15-ANOS-ATELIER-IVANA-BEAUMOND-RJ-3-e1581540223325.jpg\" alt=\"MARIA VITORIA VESTIDO DE DEBUTANTE 15 ANOS ATELIER IVANA BEAUMOND RJ (3)\" width=\"400\" height=\"600\" \/><\/p>\n<p><img decoding=\"async\" loading=\"lazy\" class=\"aligncenter size-full wp-image-23565\" src=\"https:\/\/www.ivanabeaumond.com.br\/vestidos-noiva\/wp-content\/uploads\/2020\/02\/MARIA-VITORIA-VESTIDO-DE-DEBUTANTE-15-ANOS-ATELIER-IVANA-BEAUMOND-RJ-2-e1581540262402.jpg\" alt=\"MARIA VITORIA VESTIDO DE DEBUTANTE 15 ANOS ATELIER IVANA BEAUMOND RJ (2)\" width=\"400\" height=\"600\" \/><\/p>\n<h4 style=\"text-align: justify;\"><span style=\"color: #999999;\">\u00a0A Mavi \u00e9 uma garota incr\u00edvel e amamos receb\u00ea-la no nosso ateli\u00ea. Gostar\u00edamos de agradecer a ela e \u00e0 sua fam\u00edlia pela confian\u00e7a e prefer\u00eancia, e claro, desejar \u00e0 nossa debutante um feliz anivers\u00e1rio e muitas felicidades! Muito obrigada por escolher o Atelier Ivana Beaumond para fazer parte da produ\u00e7\u00e3o desse sonho!<\/span><\/h4>\n<h4 style=\"text-align: justify;\"><span style=\"color: #999999;\">Confira o teaser do XV da Maria Vit\u00f3ria, feito por Leo Queiroz Fotografias:<\/span><\/h4>\n<div align=\"center\">\n<blockquote class=\"instagram-media\" style=\"background: #FFF; border: 0; border-radius: 3px; box-shadow: 0 0 1px 0 rgba(0,0,0,0.5),0 1px 10px 0 rgba(0,0,0,0.15); margin: 1px; max-width: 540px; min-width: 326px; padding: 0; width: calc(100% - 2px);\" data-instgrm-permalink=\"https:\/\/www.instagram.com\/tv\/B8jk2f0BJ52\/?utm_source=ig_embed&amp;utm_campaign=loading\" data-instgrm-version=\"12\">\n<div style=\"padding: 16px;\"><a style=\"background: #FFFFFF; line-height: 0; padding: 0 0; text-align: center; text-decoration: none; width: 100%;\" href=\"https:\/\/www.instagram.com\/tv\/B8jk2f0BJ52\/?utm_source=ig_embed&amp;utm_campaign=loading\" target=\"_blank\" rel=\"noopener noreferrer\"><br \/>\n<\/a><\/p>\n<div style=\"display: flex; flex-direction: row; align-items: center;\"><\/div>\n<div style=\"padding: 19% 0;\"><\/div>\n<div style=\"display: block; height: 50px; margin: 0 auto 12px; width: 50px;\"><\/div>\n<div style=\"padding-top: 8px;\">\n<div style=\"color: #3897f0; font-family: Arial,sans-serif; font-size: 14px; font-style: normal; font-weight: 550; line-height: 18px;\">Ver essa foto no Instagram<\/div>\n<\/div>\n<p style=\"color: #c9c8cd; font-family: Arial,sans-serif; font-size: 14px; line-height: 17px; margin-bottom: 0; margin-top: 8px; overflow: hidden; padding: 8px 0 7px; text-align: center; text-overflow: ellipsis; white-space: nowrap;\"><a style=\"color: #c9c8cd; font-family: Arial,sans-serif; font-size: 14px; font-style: normal; font-weight: normal; line-height: 17px; text-decoration: none;\" href=\"https:\/\/www.instagram.com\/tv\/B8jk2f0BJ52\/?utm_source=ig_embed&amp;utm_campaign=loading\" target=\"_blank\" rel=\"noopener noreferrer\">Uma publica\u00e7\u00e3o compartilhada por Ivana Paris Moda Debutantes (@ivanaparisdebutantes)<\/a> em <time style=\"font-family: Arial,sans-serif; font-size: 14px; line-height: 17px;\" datetime=\"2020-02-14T17:37:21+00:00\">14 de Fev, 2020 \u00e0s 9:37 PST<\/time><\/p>\n<\/div>\n<\/blockquote>\n<p><script src=\"\/\/www.instagram.com\/embed.js\" async=\"\"><\/script><\/p>\n<\/div>\n<h4 style=\"text-align: justify;\"><span style=\"color: #999999;\">Quer ver outras fotos da festa? Confira na galeria a seguir (cr\u00e9ditos: Rui Porto Filho):<\/span><\/h4>\n<style id=\"bwg-style-0\">    #bwg_container1_0 #bwg_container2_0 .bwg-container-0.bwg-standard-thumbnails {      width: 904px;              justify-content: center;        margin:0 auto !important;              background-color: rgba(255, 255, 255, 0.00);            padding-left: 4px;      padding-top: 4px;      max-width: 100%;            }        #bwg_container1_0 #bwg_container2_0 .bwg-container-0.bwg-standard-thumbnails .bwg-item {    justify-content: flex-start;      max-width: 180px;            width: 180px !important;          }    #bwg_container1_0 #bwg_container2_0 .bwg-container-0.bwg-standard-thumbnails .bwg-item a {       margin-right: 4px;       margin-bottom: 4px;    }    #bwg_container1_0 #bwg_container2_0 .bwg-container-0.bwg-standard-thumbnails .bwg-item0 {      padding: 0px;            background-color:rgba(255,255,255, 0.30);      border: 0px none #CCCCCC;      opacity: 1.00;      border-radius: 0;      box-shadow: 0px 0px 0px #888888;    }    #bwg_container1_0 #bwg_container2_0 .bwg-container-0.bwg-standard-thumbnails .bwg-item1 img {      max-height: none;      max-width: none;      padding: 0 !important;    }        @media only screen and (min-width: 480px) {      #bwg_container1_0 #bwg_container2_0 .bwg-container-0.bwg-standard-thumbnails .bwg-item0 {        transition: all 0.3s ease 0s;-webkit-transition: all 0.3s ease 0s;      }      #bwg_container1_0 #bwg_container2_0 .bwg-container-0.bwg-standard-thumbnails .bwg-item0:hover {        -ms-transform: scale(1.1);        -webkit-transform: scale(1.1);        transform: scale(1.1);      }    }          #bwg_container1_0 #bwg_container2_0 .bwg-container-0.bwg-standard-thumbnails .bwg-item1 {      padding-top: 50%;    }        #bwg_container1_0 #bwg_container2_0 .bwg-container-0.bwg-standard-thumbnails .bwg-title2,    #bwg_container1_0 #bwg_container2_0 .bwg-container-0.bwg-standard-thumbnails .bwg-ecommerce2 {      color: #CCCCCC;      font-family: segoe ui;      font-size: 16px;      font-weight: bold;      padding: 2px;      text-shadow: 0px 0px 0px #888888;      max-height: 100%;    }    #bwg_container1_0 #bwg_container2_0 .bwg-container-0.bwg-standard-thumbnails .bwg-thumb-description span {    color: #323A45;    font-family: Ubuntu;    font-size: 12px;    max-height: 100%;    word-wrap: break-word;    }    #bwg_container1_0 #bwg_container2_0 .bwg-container-0.bwg-standard-thumbnails .bwg-play-icon2 {      font-size: 32px;    }    #bwg_container1_0 #bwg_container2_0 .bwg-container-0.bwg-standard-thumbnails .bwg-ecommerce2 {      font-size: 19.2px;      color: #CCCCCC;    }    <\/style>    <div id=\"bwg_container1_0\"         class=\"bwg_container bwg_thumbnail bwg_thumbnails \"         data-right-click-protection=\"0\"         data-bwg=\"0\"         data-scroll=\"0\"         data-gallery-type=\"thumbnails\"         data-gallery-view-type=\"thumbnails\"         data-current-url=\"\/vestidos-noiva\/wp-json\/wp\/v2\/posts\/23558\"         data-lightbox-url=\"https:\/\/www.ivanabeaumond.com.br\/vestidos-noiva\/wp-admin\/admin-ajax.php?action=GalleryBox&#038;current_view=0&#038;gallery_id=136&#038;tag=0&#038;theme_id=1&#038;shortcode_id=219&#038;sort_by=order&#038;order_by=asc&#038;current_url=%2Fvestidos-noiva%2Fwp-json%2Fwp%2Fv2%2Fposts%2F23558\"         data-gallery-id=\"136\"         data-popup-width=\"600\"         data-popup-height=\"600\"         data-is-album=\"gallery\"         data-buttons-position=\"bottom\">      <div id=\"bwg_container2_0\">             <div id=\"ajax_loading_0\" class=\"bwg_loading_div_1\">      <div class=\"bwg_loading_div_2\">        <div class=\"bwg_loading_div_3\">          <div id=\"loading_div_0\" class=\"bwg_spider_ajax_loading\">          <\/div>        <\/div>      <\/div>    <\/div>            <form id=\"gal_front_form_0\"              class=\"bwg-hidden\"              method=\"post\"              action=\"#\"              data-current=\"0\"              data-shortcode-id=\"219\"              data-gallery-type=\"thumbnails\"              data-gallery-id=\"136\"              data-tag=\"0\"              data-album-id=\"0\"              data-theme-id=\"1\"              data-ajax-url=\"https:\/\/www.ivanabeaumond.com.br\/vestidos-noiva\/wp-admin\/admin-ajax.php?action=bwg_frontend_data\">          <div id=\"bwg_container3_0\" class=\"bwg-background bwg-background-0\">                <div data-max-count=\"5\"         data-thumbnail-width=\"180\"         data-bwg=\"0\"         data-gallery-id=\"136\"         data-lightbox-url=\"https:\/\/www.ivanabeaumond.com.br\/vestidos-noiva\/wp-admin\/admin-ajax.php?action=GalleryBox&amp;current_view=0&amp;gallery_id=136&amp;tag=0&amp;theme_id=1&amp;shortcode_id=219&amp;sort_by=order&amp;order_by=asc&amp;current_url=%2Fvestidos-noiva%2Fwp-json%2Fwp%2Fv2%2Fposts%2F23558\"         id=\"bwg_thumbnails_0\"         class=\"bwg-container-0 bwg-thumbnails bwg-standard-thumbnails bwg-container bwg-border-box\">            <div class=\"bwg-item\">        <a class=\"bwg-a  bwg_lightbox\"  data-image-id=\"3216\" href=\"https:\/\/www.ivanabeaumond.com.br\/vestidos-noiva\/wp-content\/uploads\/photo-gallery\/MARIA%20VITORIA%20VESTIDO%20DE%20DEBUTANTE%2015%20ANOS%20ATELIER%20IVANA%20BEAUMOND%20RJ%20(12).jpg\" data-elementor-open-lightbox=\"no\">                <div class=\"bwg-item0 \">          <div class=\"bwg-item1 \">            <div class=\"bwg-item2\">              <img class=\"skip-lazy bwg_standart_thumb_img_0 \"                   data-id=\"3216\"                   data-width=\"\"                   data-height=\"\"                   data-src=\"https:\/\/www.ivanabeaumond.com.br\/vestidos-noiva\/wp-content\/uploads\/photo-gallery\/thumb\/MARIA%20VITORIA%20VESTIDO%20DE%20DEBUTANTE%2015%20ANOS%20ATELIER%20IVANA%20BEAUMOND%20RJ%20(12).jpg\"                   src=\"https:\/\/www.ivanabeaumond.com.br\/vestidos-noiva\/wp-content\/uploads\/photo-gallery\/thumb\/MARIA%20VITORIA%20VESTIDO%20DE%20DEBUTANTE%2015%20ANOS%20ATELIER%20IVANA%20BEAUMOND%20RJ%20(12).jpg\"                   alt=\"MARIA VITORIA VESTIDO DE DEBUTANTE 15 ANOS ATELIER IVANA BEAUMOND RJ (12)\"                   title=\"MARIA VITORIA VESTIDO DE DEBUTANTE 15 ANOS ATELIER IVANA BEAUMOND RJ (12)\" \/>            <\/div>            <div class=\"\">                                                      <\/div>          <\/div>        <\/div>                        <\/a>              <\/div>            <div class=\"bwg-item\">        <a class=\"bwg-a  bwg_lightbox\"  data-image-id=\"3215\" href=\"https:\/\/www.ivanabeaumond.com.br\/vestidos-noiva\/wp-content\/uploads\/photo-gallery\/MARIA%20VITORIA%20VESTIDO%20DE%20DEBUTANTE%2015%20ANOS%20ATELIER%20IVANA%20BEAUMOND%20RJ%20(11).jpg\" data-elementor-open-lightbox=\"no\">                <div class=\"bwg-item0 \">          <div class=\"bwg-item1 \">            <div class=\"bwg-item2\">              <img class=\"skip-lazy bwg_standart_thumb_img_0 \"                   data-id=\"3215\"                   data-width=\"\"                   data-height=\"\"                   data-src=\"https:\/\/www.ivanabeaumond.com.br\/vestidos-noiva\/wp-content\/uploads\/photo-gallery\/thumb\/MARIA%20VITORIA%20VESTIDO%20DE%20DEBUTANTE%2015%20ANOS%20ATELIER%20IVANA%20BEAUMOND%20RJ%20(11).jpg\"                   src=\"https:\/\/www.ivanabeaumond.com.br\/vestidos-noiva\/wp-content\/uploads\/photo-gallery\/thumb\/MARIA%20VITORIA%20VESTIDO%20DE%20DEBUTANTE%2015%20ANOS%20ATELIER%20IVANA%20BEAUMOND%20RJ%20(11).jpg\"                   alt=\"MARIA VITORIA VESTIDO DE DEBUTANTE 15 ANOS ATELIER IVANA BEAUMOND RJ (11)\"                   title=\"MARIA VITORIA VESTIDO DE DEBUTANTE 15 ANOS ATELIER IVANA BEAUMOND RJ (11)\" \/>            <\/div>            <div class=\"\">                                                      <\/div>          <\/div>        <\/div>                        <\/a>              <\/div>            <div class=\"bwg-item\">        <a class=\"bwg-a  bwg_lightbox\"  data-image-id=\"3214\" href=\"https:\/\/www.ivanabeaumond.com.br\/vestidos-noiva\/wp-content\/uploads\/photo-gallery\/MARIA%20VITORIA%20VESTIDO%20DE%20DEBUTANTE%2015%20ANOS%20ATELIER%20IVANA%20BEAUMOND%20RJ%20(10).jpg\" data-elementor-open-lightbox=\"no\">                <div class=\"bwg-item0 \">          <div class=\"bwg-item1 \">            <div class=\"bwg-item2\">              <img class=\"skip-lazy bwg_standart_thumb_img_0 \"                   data-id=\"3214\"                   data-width=\"\"                   data-height=\"\"                   data-src=\"https:\/\/www.ivanabeaumond.com.br\/vestidos-noiva\/wp-content\/uploads\/photo-gallery\/thumb\/MARIA%20VITORIA%20VESTIDO%20DE%20DEBUTANTE%2015%20ANOS%20ATELIER%20IVANA%20BEAUMOND%20RJ%20(10).jpg\"                   src=\"https:\/\/www.ivanabeaumond.com.br\/vestidos-noiva\/wp-content\/uploads\/photo-gallery\/thumb\/MARIA%20VITORIA%20VESTIDO%20DE%20DEBUTANTE%2015%20ANOS%20ATELIER%20IVANA%20BEAUMOND%20RJ%20(10).jpg\"                   alt=\"MARIA VITORIA VESTIDO DE DEBUTANTE 15 ANOS ATELIER IVANA BEAUMOND RJ (10)\"                   title=\"MARIA VITORIA VESTIDO DE DEBUTANTE 15 ANOS ATELIER IVANA BEAUMOND RJ (10)\" \/>            <\/div>            <div class=\"\">                                                      <\/div>          <\/div>        <\/div>                        <\/a>              <\/div>            <div class=\"bwg-item\">        <a class=\"bwg-a  bwg_lightbox\"  data-image-id=\"3213\" href=\"https:\/\/www.ivanabeaumond.com.br\/vestidos-noiva\/wp-content\/uploads\/photo-gallery\/MARIA%20VITORIA%20VESTIDO%20DE%20DEBUTANTE%2015%20ANOS%20ATELIER%20IVANA%20BEAUMOND%20RJ%20(9).jpg\" data-elementor-open-lightbox=\"no\">                <div class=\"bwg-item0 \">          <div class=\"bwg-item1 \">            <div class=\"bwg-item2\">              <img class=\"skip-lazy bwg_standart_thumb_img_0 \"                   data-id=\"3213\"                   data-width=\"\"                   data-height=\"\"                   data-src=\"https:\/\/www.ivanabeaumond.com.br\/vestidos-noiva\/wp-content\/uploads\/photo-gallery\/thumb\/MARIA%20VITORIA%20VESTIDO%20DE%20DEBUTANTE%2015%20ANOS%20ATELIER%20IVANA%20BEAUMOND%20RJ%20(9).jpg\"                   src=\"https:\/\/www.ivanabeaumond.com.br\/vestidos-noiva\/wp-content\/uploads\/photo-gallery\/thumb\/MARIA%20VITORIA%20VESTIDO%20DE%20DEBUTANTE%2015%20ANOS%20ATELIER%20IVANA%20BEAUMOND%20RJ%20(9).jpg\"                   alt=\"MARIA VITORIA VESTIDO DE DEBUTANTE 15 ANOS ATELIER IVANA BEAUMOND RJ (9)\"                   title=\"MARIA VITORIA VESTIDO DE DEBUTANTE 15 ANOS ATELIER IVANA BEAUMOND RJ (9)\" \/>            <\/div>            <div class=\"\">                                                      <\/div>          <\/div>        <\/div>                        <\/a>              <\/div>            <div class=\"bwg-item\">        <a class=\"bwg-a  bwg_lightbox\"  data-image-id=\"3212\" href=\"https:\/\/www.ivanabeaumond.com.br\/vestidos-noiva\/wp-content\/uploads\/photo-gallery\/MARIA%20VITORIA%20VESTIDO%20DE%20DEBUTANTE%2015%20ANOS%20ATELIER%20IVANA%20BEAUMOND%20RJ%20(8).jpg\" data-elementor-open-lightbox=\"no\">                <div class=\"bwg-item0 \">          <div class=\"bwg-item1 \">            <div class=\"bwg-item2\">              <img class=\"skip-lazy bwg_standart_thumb_img_0 \"                   data-id=\"3212\"                   data-width=\"\"                   data-height=\"\"                   data-src=\"https:\/\/www.ivanabeaumond.com.br\/vestidos-noiva\/wp-content\/uploads\/photo-gallery\/thumb\/MARIA%20VITORIA%20VESTIDO%20DE%20DEBUTANTE%2015%20ANOS%20ATELIER%20IVANA%20BEAUMOND%20RJ%20(8).jpg\"                   src=\"https:\/\/www.ivanabeaumond.com.br\/vestidos-noiva\/wp-content\/uploads\/photo-gallery\/thumb\/MARIA%20VITORIA%20VESTIDO%20DE%20DEBUTANTE%2015%20ANOS%20ATELIER%20IVANA%20BEAUMOND%20RJ%20(8).jpg\"                   alt=\"MARIA VITORIA VESTIDO DE DEBUTANTE 15 ANOS ATELIER IVANA BEAUMOND RJ (8)\"                   title=\"MARIA VITORIA VESTIDO DE DEBUTANTE 15 ANOS ATELIER IVANA BEAUMOND RJ (8)\" \/>            <\/div>            <div class=\"\">                                                      <\/div>          <\/div>        <\/div>                        <\/a>              <\/div>            <div class=\"bwg-item\">        <a class=\"bwg-a  bwg_lightbox\"  data-image-id=\"3211\" href=\"https:\/\/www.ivanabeaumond.com.br\/vestidos-noiva\/wp-content\/uploads\/photo-gallery\/MARIA%20VITORIA%20VESTIDO%20DE%20DEBUTANTE%2015%20ANOS%20ATELIER%20IVANA%20BEAUMOND%20RJ%20(7).jpg\" data-elementor-open-lightbox=\"no\">                <div class=\"bwg-item0 \">          <div class=\"bwg-item1 \">            <div class=\"bwg-item2\">              <img class=\"skip-lazy bwg_standart_thumb_img_0 \"                   data-id=\"3211\"                   data-width=\"\"                   data-height=\"\"                   data-src=\"https:\/\/www.ivanabeaumond.com.br\/vestidos-noiva\/wp-content\/uploads\/photo-gallery\/thumb\/MARIA%20VITORIA%20VESTIDO%20DE%20DEBUTANTE%2015%20ANOS%20ATELIER%20IVANA%20BEAUMOND%20RJ%20(7).jpg\"                   src=\"https:\/\/www.ivanabeaumond.com.br\/vestidos-noiva\/wp-content\/uploads\/photo-gallery\/thumb\/MARIA%20VITORIA%20VESTIDO%20DE%20DEBUTANTE%2015%20ANOS%20ATELIER%20IVANA%20BEAUMOND%20RJ%20(7).jpg\"                   alt=\"MARIA VITORIA VESTIDO DE DEBUTANTE 15 ANOS ATELIER IVANA BEAUMOND RJ (7)\"                   title=\"MARIA VITORIA VESTIDO DE DEBUTANTE 15 ANOS ATELIER IVANA BEAUMOND RJ (7)\" \/>            <\/div>            <div class=\"\">                                                      <\/div>          <\/div>        <\/div>                        <\/a>              <\/div>            <div class=\"bwg-item\">        <a class=\"bwg-a  bwg_lightbox\"  data-image-id=\"3210\" href=\"https:\/\/www.ivanabeaumond.com.br\/vestidos-noiva\/wp-content\/uploads\/photo-gallery\/MARIA%20VITORIA%20VESTIDO%20DE%20DEBUTANTE%2015%20ANOS%20ATELIER%20IVANA%20BEAUMOND%20RJ%20(6).jpg\" data-elementor-open-lightbox=\"no\">                <div class=\"bwg-item0 \">          <div class=\"bwg-item1 \">            <div class=\"bwg-item2\">              <img class=\"skip-lazy bwg_standart_thumb_img_0 \"                   data-id=\"3210\"                   data-width=\"\"                   data-height=\"\"                   data-src=\"https:\/\/www.ivanabeaumond.com.br\/vestidos-noiva\/wp-content\/uploads\/photo-gallery\/thumb\/MARIA%20VITORIA%20VESTIDO%20DE%20DEBUTANTE%2015%20ANOS%20ATELIER%20IVANA%20BEAUMOND%20RJ%20(6).jpg\"                   src=\"https:\/\/www.ivanabeaumond.com.br\/vestidos-noiva\/wp-content\/uploads\/photo-gallery\/thumb\/MARIA%20VITORIA%20VESTIDO%20DE%20DEBUTANTE%2015%20ANOS%20ATELIER%20IVANA%20BEAUMOND%20RJ%20(6).jpg\"                   alt=\"MARIA VITORIA VESTIDO DE DEBUTANTE 15 ANOS ATELIER IVANA BEAUMOND RJ (6)\"                   title=\"MARIA VITORIA VESTIDO DE DEBUTANTE 15 ANOS ATELIER IVANA BEAUMOND RJ (6)\" \/>            <\/div>            <div class=\"\">                                                      <\/div>          <\/div>        <\/div>                        <\/a>              <\/div>            <div class=\"bwg-item\">        <a class=\"bwg-a  bwg_lightbox\"  data-image-id=\"3209\" href=\"https:\/\/www.ivanabeaumond.com.br\/vestidos-noiva\/wp-content\/uploads\/photo-gallery\/MARIA%20VITORIA%20VESTIDO%20DE%20DEBUTANTE%2015%20ANOS%20ATELIER%20IVANA%20BEAUMOND%20RJ%20(5).jpg\" data-elementor-open-lightbox=\"no\">                <div class=\"bwg-item0 \">          <div class=\"bwg-item1 \">            <div class=\"bwg-item2\">              <img class=\"skip-lazy bwg_standart_thumb_img_0 \"                   data-id=\"3209\"                   data-width=\"\"                   data-height=\"\"                   data-src=\"https:\/\/www.ivanabeaumond.com.br\/vestidos-noiva\/wp-content\/uploads\/photo-gallery\/thumb\/MARIA%20VITORIA%20VESTIDO%20DE%20DEBUTANTE%2015%20ANOS%20ATELIER%20IVANA%20BEAUMOND%20RJ%20(5).jpg\"                   src=\"https:\/\/www.ivanabeaumond.com.br\/vestidos-noiva\/wp-content\/uploads\/photo-gallery\/thumb\/MARIA%20VITORIA%20VESTIDO%20DE%20DEBUTANTE%2015%20ANOS%20ATELIER%20IVANA%20BEAUMOND%20RJ%20(5).jpg\"                   alt=\"MARIA VITORIA VESTIDO DE DEBUTANTE 15 ANOS ATELIER IVANA BEAUMOND RJ (5)\"                   title=\"MARIA VITORIA VESTIDO DE DEBUTANTE 15 ANOS ATELIER IVANA BEAUMOND RJ (5)\" \/>            <\/div>            <div class=\"\">                                                      <\/div>          <\/div>        <\/div>                        <\/a>              <\/div>            <div class=\"bwg-item\">        <a class=\"bwg-a  bwg_lightbox\"  data-image-id=\"3208\" href=\"https:\/\/www.ivanabeaumond.com.br\/vestidos-noiva\/wp-content\/uploads\/photo-gallery\/MARIA%20VITORIA%20VESTIDO%20DE%20DEBUTANTE%2015%20ANOS%20ATELIER%20IVANA%20BEAUMOND%20RJ%20(4).jpg\" data-elementor-open-lightbox=\"no\">                <div class=\"bwg-item0 \">          <div class=\"bwg-item1 \">            <div class=\"bwg-item2\">              <img class=\"skip-lazy bwg_standart_thumb_img_0 \"                   data-id=\"3208\"                   data-width=\"\"                   data-height=\"\"                   data-src=\"https:\/\/www.ivanabeaumond.com.br\/vestidos-noiva\/wp-content\/uploads\/photo-gallery\/thumb\/MARIA%20VITORIA%20VESTIDO%20DE%20DEBUTANTE%2015%20ANOS%20ATELIER%20IVANA%20BEAUMOND%20RJ%20(4).jpg\"                   src=\"https:\/\/www.ivanabeaumond.com.br\/vestidos-noiva\/wp-content\/uploads\/photo-gallery\/thumb\/MARIA%20VITORIA%20VESTIDO%20DE%20DEBUTANTE%2015%20ANOS%20ATELIER%20IVANA%20BEAUMOND%20RJ%20(4).jpg\"                   alt=\"MARIA VITORIA VESTIDO DE DEBUTANTE 15 ANOS ATELIER IVANA BEAUMOND RJ (4)\"                   title=\"MARIA VITORIA VESTIDO DE DEBUTANTE 15 ANOS ATELIER IVANA BEAUMOND RJ (4)\" \/>            <\/div>            <div class=\"\">                                                      <\/div>          <\/div>        <\/div>                        <\/a>              <\/div>            <div class=\"bwg-item\">        <a class=\"bwg-a  bwg_lightbox\"  data-image-id=\"3207\" href=\"https:\/\/www.ivanabeaumond.com.br\/vestidos-noiva\/wp-content\/uploads\/photo-gallery\/MARIA%20VITORIA%20VESTIDO%20DE%20DEBUTANTE%2015%20ANOS%20ATELIER%20IVANA%20BEAUMOND%20RJ%20(3).jpg\" data-elementor-open-lightbox=\"no\">                <div class=\"bwg-item0 \">          <div class=\"bwg-item1 \">            <div class=\"bwg-item2\">              <img class=\"skip-lazy bwg_standart_thumb_img_0 \"                   data-id=\"3207\"                   data-width=\"\"                   data-height=\"\"                   data-src=\"https:\/\/www.ivanabeaumond.com.br\/vestidos-noiva\/wp-content\/uploads\/photo-gallery\/thumb\/MARIA%20VITORIA%20VESTIDO%20DE%20DEBUTANTE%2015%20ANOS%20ATELIER%20IVANA%20BEAUMOND%20RJ%20(3).jpg\"                   src=\"https:\/\/www.ivanabeaumond.com.br\/vestidos-noiva\/wp-content\/uploads\/photo-gallery\/thumb\/MARIA%20VITORIA%20VESTIDO%20DE%20DEBUTANTE%2015%20ANOS%20ATELIER%20IVANA%20BEAUMOND%20RJ%20(3).jpg\"                   alt=\"MARIA VITORIA VESTIDO DE DEBUTANTE 15 ANOS ATELIER IVANA BEAUMOND RJ (3)\"                   title=\"MARIA VITORIA VESTIDO DE DEBUTANTE 15 ANOS ATELIER IVANA BEAUMOND RJ (3)\" \/>            <\/div>            <div class=\"\">                                                      <\/div>          <\/div>        <\/div>                        <\/a>              <\/div>            <div class=\"bwg-item\">        <a class=\"bwg-a  bwg_lightbox\"  data-image-id=\"3206\" href=\"https:\/\/www.ivanabeaumond.com.br\/vestidos-noiva\/wp-content\/uploads\/photo-gallery\/MARIA%20VITORIA%20VESTIDO%20DE%20DEBUTANTE%2015%20ANOS%20ATELIER%20IVANA%20BEAUMOND%20RJ%20(2).jpg\" data-elementor-open-lightbox=\"no\">                <div class=\"bwg-item0 \">          <div class=\"bwg-item1 \">            <div class=\"bwg-item2\">              <img class=\"skip-lazy bwg_standart_thumb_img_0 \"                   data-id=\"3206\"                   data-width=\"\"                   data-height=\"\"                   data-src=\"https:\/\/www.ivanabeaumond.com.br\/vestidos-noiva\/wp-content\/uploads\/photo-gallery\/thumb\/MARIA%20VITORIA%20VESTIDO%20DE%20DEBUTANTE%2015%20ANOS%20ATELIER%20IVANA%20BEAUMOND%20RJ%20(2).jpg\"                   src=\"https:\/\/www.ivanabeaumond.com.br\/vestidos-noiva\/wp-content\/uploads\/photo-gallery\/thumb\/MARIA%20VITORIA%20VESTIDO%20DE%20DEBUTANTE%2015%20ANOS%20ATELIER%20IVANA%20BEAUMOND%20RJ%20(2).jpg\"                   alt=\"MARIA VITORIA VESTIDO DE DEBUTANTE 15 ANOS ATELIER IVANA BEAUMOND RJ (2)\"                   title=\"MARIA VITORIA VESTIDO DE DEBUTANTE 15 ANOS ATELIER IVANA BEAUMOND RJ (2)\" \/>            <\/div>            <div class=\"\">                                                      <\/div>          <\/div>        <\/div>                        <\/a>              <\/div>            <div class=\"bwg-item\">        <a class=\"bwg-a  bwg_lightbox\"  data-image-id=\"3205\" href=\"https:\/\/www.ivanabeaumond.com.br\/vestidos-noiva\/wp-content\/uploads\/photo-gallery\/MARIA%20VITORIA%20VESTIDO%20DE%20DEBUTANTE%2015%20ANOS%20ATELIER%20IVANA%20BEAUMOND%20RJ%20(1).jpg\" data-elementor-open-lightbox=\"no\">                <div class=\"bwg-item0 \">          <div class=\"bwg-item1 \">            <div class=\"bwg-item2\">              <img class=\"skip-lazy bwg_standart_thumb_img_0 \"                   data-id=\"3205\"                   data-width=\"\"                   data-height=\"\"                   data-src=\"https:\/\/www.ivanabeaumond.com.br\/vestidos-noiva\/wp-content\/uploads\/photo-gallery\/thumb\/MARIA%20VITORIA%20VESTIDO%20DE%20DEBUTANTE%2015%20ANOS%20ATELIER%20IVANA%20BEAUMOND%20RJ%20(1).jpg\"                   src=\"https:\/\/www.ivanabeaumond.com.br\/vestidos-noiva\/wp-content\/uploads\/photo-gallery\/thumb\/MARIA%20VITORIA%20VESTIDO%20DE%20DEBUTANTE%2015%20ANOS%20ATELIER%20IVANA%20BEAUMOND%20RJ%20(1).jpg\"                   alt=\"MARIA VITORIA VESTIDO DE DEBUTANTE 15 ANOS ATELIER IVANA BEAUMOND RJ (1)\"                   title=\"MARIA VITORIA VESTIDO DE DEBUTANTE 15 ANOS ATELIER IVANA BEAUMOND RJ (1)\" \/>            <\/div>            <div class=\"\">                                                      <\/div>          <\/div>        <\/div>                        <\/a>              <\/div>          <\/div>    <style>      \/*pagination styles*\/      #bwg_container1_0 #bwg_container2_0 .tablenav-pages_0 {\t\t\t\ttext-align: center;\t\t\t\tfont-size: 12px;\t\t\t\tfont-family: segoe ui;\t\t\t\tfont-weight: bold;\t\t\t\tcolor: #666666;\t\t\t\tmargin: 6px 0 4px;\t\t\t\tdisplay: block;      }      @media only screen and (max-width : 320px) {      #bwg_container1_0 #bwg_container2_0 .displaying-num_0 {     \t display: none;      }      }      #bwg_container1_0 #bwg_container2_0 .displaying-num_0 {\t\t\t\tfont-size: 12px;\t\t\t\tfont-family: segoe ui;\t\t\t\tfont-weight: bold;\t\t\t\tcolor: #666666;\t\t\t\tmargin-right: 10px;\t\t\t\tvertical-align: middle;      }      #bwg_container1_0 #bwg_container2_0 .paging-input_0 {\t\t\t\tfont-size: 12px;\t\t\t\tfont-family: segoe ui;\t\t\t\tfont-weight: bold;\t\t\t\tcolor: #666666;\t\t\t\tvertical-align: middle;      }      #bwg_container1_0 #bwg_container2_0 .tablenav-pages_0 a.disabled,      #bwg_container1_0 #bwg_container2_0 .tablenav-pages_0 a.disabled:hover,      #bwg_container1_0 #bwg_container2_0 .tablenav-pages_0 a.disabled:focus,\t\t\t#bwg_container1_0 #bwg_container2_0 .tablenav-pages_0 input.bwg_current_page {\t\t\t\tcursor: default;\t\t\t\tcolor: rgba(102, 102, 102, 0.5);      }      #bwg_container1_0 #bwg_container2_0 .tablenav-pages_0 a,      #bwg_container1_0 #bwg_container2_0 .tablenav-pages_0 input.bwg_current_page {\t\t\t\tcursor: pointer;\t\t\t\ttext-align: center;\t\t\t\tfont-size: 12px;\t\t\t\tfont-family: segoe ui;\t\t\t\tfont-weight: bold;\t\t\t\tcolor: #666666;\t\t\t\ttext-decoration: none;\t\t\t\tpadding: 3px 6px;\t\t\t\tmargin: 0;\t\t\t\tborder-radius: 0;\t\t\t\tborder-style: solid;\t\t\t\tborder-width: 1px;\t\t\t\tborder-color: #E3E3E3;\t\t\t\t\t\t\t\tbackground-color: rgba(255, 255, 255, 1.00);\t\t\t\tbox-shadow: 0;\t\t\t\ttransition: all 0.3s ease 0s;-webkit-transition: all 0.3s ease 0s;      }      <\/style>      <span class=\"bwg_nav_cont_0\">              <div class=\"tablenav-pages_0\">                  <\/div>                <input type=\"hidden\" id=\"page_number_0\" name=\"page_number_0\" value=\"1\" \/>      <script type=\"text\/javascript\">        if( jQuery('.bwg_nav_cont_0').length > 1 ) {          jQuery('.bwg_nav_cont_0').first().remove()        }        function spider_page_0(cur, x, y, load_more) {          if (typeof load_more == \"undefined\") {            var load_more = false;          }          if (jQuery(cur).hasClass('disabled')) {            return false;          }          var items_county_0 = 1;          switch (y) {            case 1:              if (x >= items_county_0) {                document.getElementById('page_number_0').value = items_county_0;              }              else {                document.getElementById('page_number_0').value = x + 1;              }              break;            case 2:              document.getElementById('page_number_0').value = items_county_0;              break;            case -1:              if (x == 1) {                document.getElementById('page_number_0').value = 1;              }              else {                document.getElementById('page_number_0').value = x - 1;              }              break;            case -2:              document.getElementById('page_number_0').value = 1;              break;\t\t\t\t\t\tcase 0:              document.getElementById('page_number_0').value = x;              break;            default:              document.getElementById('page_number_0').value = 1;          }          bwg_ajax('gal_front_form_0', '0', 'bwg_thumbnails_0', '0', '', 'gallery', 0, '', '', load_more, '', 1);        }                    jQuery('.first-page-0').on('click', function () {              spider_page_0(this, 1, -2, 'numeric');              return false;            });            jQuery('.prev-page-0').on('click', function () {              spider_page_0(this, 1, -1, 'numeric');              return false;            });            jQuery('.next-page-0').on('click', function () {              spider_page_0(this, 1, 1, 'numeric');              return false;            });            jQuery('.last-page-0').on('click', function () {              spider_page_0(this, 1, 2, 'numeric');              return false;            });        \t\t\t\t\/* Change page on input enter. *\/        function bwg_change_page_0( e, that ) {          if (  e.key == 'Enter' ) {            var to_page = parseInt(jQuery(that).val());            var pages_count = jQuery(that).parents(\".pagination-links\").data(\"pages-count\");            var current_url_param = jQuery(that).attr('data-url-info');            if (to_page > pages_count) {              to_page = 1;            }\t \t\t\t\t\t\t\t\t\t\t\t\tspider_page_0(this, to_page, 0, 'numeric');\t\t\t\t\t\t\treturn false;\t\t\t\t\t\t          }          return true;        }        jQuery('.bwg_load_btn_0').on('click', function () {            spider_page_0(this, 1, 1, true);            return false;        });      <\/script>      <\/span>                <\/div>        <\/form>        <style>          #bwg_container1_0 #bwg_container2_0 #spider_popup_overlay_0 {          background-color: #000000;          opacity: 0.70;          }          <\/style>        <div id=\"bwg_spider_popup_loading_0\" class=\"bwg_spider_popup_loading\"><\/div>        <div id=\"spider_popup_overlay_0\" class=\"spider_popup_overlay\" onclick=\"spider_destroypopup(1000)\"><\/div>        <input type=\"hidden\" id=\"bwg_random_seed_0\" value=\"504078176\">                <\/div>    <\/div>    <script>      if (document.readyState === 'complete') {        if( typeof bwg_main_ready == 'function' ) {          if ( jQuery(\"#bwg_container1_0\").height() ) {            bwg_main_ready(jQuery(\"#bwg_container1_0\"));          }        }      } else {        document.addEventListener('DOMContentLoaded', function() {          if( typeof bwg_main_ready == 'function' ) {            if ( jQuery(\"#bwg_container1_0\").height() ) {             bwg_main_ready(jQuery(\"#bwg_container1_0\"));            }          }        });      }    <\/script>    \n<h4 style=\"text-align: justify;\"><span style=\"color: #000000;\">Ficha T\u00e9cnica:<\/span><\/h4>\n<h4 style=\"text-align: justify;\"><\/h4>\n<h4 style=\"text-align: justify;\"><span style=\"color: #000000;\">Vestidos da debutante: Atelier Ivana Beaumond Paris. Maquiagem e Cabelo: Rafa Amorim. Casa de Festas e Cerimonial: Espa\u00e7o Zurique. Fotos: Rui Porto Filho. Filmagem: Leo Queiroz Fotografias.\u00a0<\/span><\/h4>\n<h4><span style=\"color: #999999;\">Gostou? Siga nosso instagram<\/span>\u00a0<a href=\"https:\/\/www.instagram.com\/ivanaparisdebutantes\" target=\"_blank\" rel=\"noopener noreferrer\">@ivanaparisdebutantes\u00a0<\/a><span style=\"color: #999999;\">e curta nossa fanpage<\/span>\u00a0<a href=\"https:\/\/www.facebook.com\/IvanaBeaumondDebutantes\/\" target=\"_blank\" rel=\"noopener noreferrer\">Ivana Beaumond<\/a>\u00a0<span style=\"color: #999999;\">para ficar por dentro de tudo o que rola no mundo das\u00a0debutantes. N\u00e3o deixe de conferir tamb\u00e9m as nossas cole\u00e7\u00f5es de<\/span>\u00a0<a href=\"http:\/\/www.ivanabeaumond.com.br\/vestidos-noiva\/vestidos-debutantes\/\" target=\"_blank\" rel=\"noopener noreferrer\">Vestidos de Debutante<\/a>\u00a0<span style=\"color: #999999;\">e<\/span>\u00a0<a href=\"http:\/\/www.ivanabeaumond.com.br\/vestidos-noiva\/vestidos-casamento-madrinha-festa-formatura\/\" target=\"_blank\" rel=\"noopener noreferrer\">Moda Festa<\/a><span style=\"color: #999999;\">,\u00a0trazendo as maiores novidades da alta costura com os mais belos modelos!<\/span><\/h4>\n","protected":false},"excerpt":{"rendered":"<p>Foi em clima de balada que a nossa debutante Maria&#8230;<\/p>\n","protected":false},"author":4,"featured_media":23605,"comment_status":"closed","ping_status":"closed","sticky":false,"template":"","format":"standard","meta":[],"categories":[60,129],"tags":[172,1136,1099,1015,697,969,576,1057,1048,1137,203,650,96,229,788,173,209,293,142,1138,162,286,278,136,258,174,163,149,143,138,115],"yoast_head":"<!-- This site is optimized with the Yoast SEO plugin v20.3 - https:\/\/yoast.com\/wordpress\/plugins\/seo\/ -->\n<title>Festa Rosa e Dourada, com Maria Vit\u00f3ria - Vestido de Noiva RJ<\/title>\n<meta name=\"robots\" content=\"index, follow, max-snippet:-1, max-image-preview:large, max-video-preview:-1\" \/>\n<link rel=\"canonical\" href=\"https:\/\/www.ivanabeaumond.com.br\/vestidos-noiva\/festa-rosa-e-dourada-com-maria-vitoria\/\" \/>\n<meta property=\"og:locale\" content=\"pt_BR\" \/>\n<meta property=\"og:type\" content=\"article\" \/>\n<meta property=\"og:title\" content=\"Festa Rosa e Dourada, com Maria Vit\u00f3ria - Vestido de Noiva RJ\" \/>\n<meta property=\"og:description\" content=\"Foi em clima de balada que a nossa debutante Maria...\" \/>\n<meta property=\"og:url\" content=\"https:\/\/www.ivanabeaumond.com.br\/vestidos-noiva\/festa-rosa-e-dourada-com-maria-vitoria\/\" \/>\n<meta property=\"og:site_name\" content=\"Vestido de Noiva RJ\" \/>\n<meta property=\"article:publisher\" content=\"https:\/\/www.facebook.com\/ivana.beaumondnoivas\" \/>\n<meta property=\"article:published_time\" content=\"2020-02-17T19:50:52+00:00\" \/>\n<meta property=\"article:modified_time\" content=\"2020-08-13T21:00:35+00:00\" \/>\n<meta property=\"og:image\" content=\"https:\/\/www.ivanabeaumond.com.br\/vestidos-noiva\/wp-content\/uploads\/2020\/02\/MARIA-VITORIA-VESTIDO-DE-DEBUTANTE-15-ANOS-ATELIER-IVANA-BEAUMOND-RJ-5-e1581969033800.jpg\" \/>\n\t<meta property=\"og:image:width\" content=\"600\" \/>\n\t<meta property=\"og:image:height\" content=\"400\" \/>\n\t<meta property=\"og:image:type\" content=\"image\/jpeg\" \/>\n<meta name=\"author\" content=\"Ivana Beaumond Paris\" \/>\n<meta name=\"twitter:card\" content=\"summary_large_image\" \/>\n<meta name=\"twitter:label1\" content=\"Escrito por\" \/>\n\t<meta name=\"twitter:data1\" content=\"Ivana Beaumond Paris\" \/>\n\t<meta name=\"twitter:label2\" content=\"Est. tempo de leitura\" \/>\n\t<meta name=\"twitter:data2\" content=\"2 minutos\" \/>\n<script type=\"application\/ld+json\" class=\"yoast-schema-graph\">{\"@context\":\"https:\/\/schema.org\",\"@graph\":[{\"@type\":\"Article\",\"@id\":\"https:\/\/www.ivanabeaumond.com.br\/vestidos-noiva\/festa-rosa-e-dourada-com-maria-vitoria\/#article\",\"isPartOf\":{\"@id\":\"https:\/\/www.ivanabeaumond.com.br\/vestidos-noiva\/festa-rosa-e-dourada-com-maria-vitoria\/\"},\"author\":{\"name\":\"Ivana Beaumond Paris\",\"@id\":\"https:\/\/www.ivanabeaumond.com.br\/vestidos-noiva\/#\/schema\/person\/1a360c4cffa3b806d29a456389dcff26\"},\"headline\":\"Festa Rosa e Dourada, com Maria Vit\u00f3ria\",\"datePublished\":\"2020-02-17T19:50:52+00:00\",\"dateModified\":\"2020-08-13T21:00:35+00:00\",\"mainEntityOfPage\":{\"@id\":\"https:\/\/www.ivanabeaumond.com.br\/vestidos-noiva\/festa-rosa-e-dourada-com-maria-vitoria\/\"},\"wordCount\":414,\"publisher\":{\"@id\":\"https:\/\/www.ivanabeaumond.com.br\/vestidos-noiva\/#organization\"},\"keywords\":[\"15 anos\",\"15 anos 2 em 1\",\"15 anos chique\",\"15 anos cropped\",\"15 anos rj\",\"15 anos tem\u00e1tico\",\"15 anos top\",\"alugar roupa no rio de janeiro\",\"aluguel de vestido rio de janeiro\",\"aluguel de vetido de 15 anos\",\"atelier\",\"atelier ivana beaumond\",\"casamento\",\"debutante\",\"debutante rj\",\"debutantes\",\"dress\",\"errejota\",\"festa de 15 anos\",\"festa de debutante rj\",\"festas\",\"ivana beaumond\",\"ivana beaumond paris\",\"moda festa\",\"noivinha\",\"princesas\",\"sob medida\",\"vestido de 15 anos\",\"vestido de debutante\",\"vestido de festa\",\"vestido de noiva\"],\"articleSection\":[\"Blog\",\"Espa\u00e7o Debutantes\"],\"inLanguage\":\"pt-BR\"},{\"@type\":\"WebPage\",\"@id\":\"https:\/\/www.ivanabeaumond.com.br\/vestidos-noiva\/festa-rosa-e-dourada-com-maria-vitoria\/\",\"url\":\"https:\/\/www.ivanabeaumond.com.br\/vestidos-noiva\/festa-rosa-e-dourada-com-maria-vitoria\/\",\"name\":\"Festa Rosa e Dourada, com Maria Vit\u00f3ria - Vestido de Noiva RJ\",\"isPartOf\":{\"@id\":\"https:\/\/www.ivanabeaumond.com.br\/vestidos-noiva\/#website\"},\"datePublished\":\"2020-02-17T19:50:52+00:00\",\"dateModified\":\"2020-08-13T21:00:35+00:00\",\"breadcrumb\":{\"@id\":\"https:\/\/www.ivanabeaumond.com.br\/vestidos-noiva\/festa-rosa-e-dourada-com-maria-vitoria\/#breadcrumb\"},\"inLanguage\":\"pt-BR\",\"potentialAction\":[{\"@type\":\"ReadAction\",\"target\":[\"https:\/\/www.ivanabeaumond.com.br\/vestidos-noiva\/festa-rosa-e-dourada-com-maria-vitoria\/\"]}]},{\"@type\":\"BreadcrumbList\",\"@id\":\"https:\/\/www.ivanabeaumond.com.br\/vestidos-noiva\/festa-rosa-e-dourada-com-maria-vitoria\/#breadcrumb\",\"itemListElement\":[{\"@type\":\"ListItem\",\"position\":1,\"name\":\"In\u00edcio\",\"item\":\"https:\/\/www.ivanabeaumond.com.br\/vestidos-noiva\/\"},{\"@type\":\"ListItem\",\"position\":2,\"name\":\"Festa Rosa e Dourada, com Maria Vit\u00f3ria\"}]},{\"@type\":\"WebSite\",\"@id\":\"https:\/\/www.ivanabeaumond.com.br\/vestidos-noiva\/#website\",\"url\":\"https:\/\/www.ivanabeaumond.com.br\/vestidos-noiva\/\",\"name\":\"Vestido de Noiva RJ\",\"description\":\"Moda Noiva\",\"publisher\":{\"@id\":\"https:\/\/www.ivanabeaumond.com.br\/vestidos-noiva\/#organization\"},\"potentialAction\":[{\"@type\":\"SearchAction\",\"target\":{\"@type\":\"EntryPoint\",\"urlTemplate\":\"https:\/\/www.ivanabeaumond.com.br\/vestidos-noiva\/?s={search_term_string}\"},\"query-input\":\"required name=search_term_string\"}],\"inLanguage\":\"pt-BR\"},{\"@type\":\"Organization\",\"@id\":\"https:\/\/www.ivanabeaumond.com.br\/vestidos-noiva\/#organization\",\"name\":\"Vestido de Noiva RJ\",\"url\":\"https:\/\/www.ivanabeaumond.com.br\/vestidos-noiva\/\",\"logo\":{\"@type\":\"ImageObject\",\"inLanguage\":\"pt-BR\",\"@id\":\"https:\/\/www.ivanabeaumond.com.br\/vestidos-noiva\/#\/schema\/logo\/image\/\",\"url\":\"https:\/\/www.ivanabeaumond.com.br\/vestidos-noiva\/wp-content\/uploads\/2018\/02\/logo_ivana_beaumond-2.png\",\"contentUrl\":\"https:\/\/www.ivanabeaumond.com.br\/vestidos-noiva\/wp-content\/uploads\/2018\/02\/logo_ivana_beaumond-2.png\",\"width\":230,\"height\":112,\"caption\":\"Vestido de Noiva RJ\"},\"image\":{\"@id\":\"https:\/\/www.ivanabeaumond.com.br\/vestidos-noiva\/#\/schema\/logo\/image\/\"},\"sameAs\":[\"https:\/\/www.facebook.com\/ivana.beaumondnoivas\",\"https:\/\/www.instagram.com\/ivanabeaumond\/\",\"https:\/\/www.tiktok.com\/@ivanabeaumond\"]},{\"@type\":\"Person\",\"@id\":\"https:\/\/www.ivanabeaumond.com.br\/vestidos-noiva\/#\/schema\/person\/1a360c4cffa3b806d29a456389dcff26\",\"name\":\"Ivana Beaumond Paris\",\"image\":{\"@type\":\"ImageObject\",\"inLanguage\":\"pt-BR\",\"@id\":\"https:\/\/www.ivanabeaumond.com.br\/vestidos-noiva\/#\/schema\/person\/image\/\",\"url\":\"https:\/\/secure.gravatar.com\/avatar\/641f98db20b53ec937ceb641db4270b9?s=96&d=mm&r=g\",\"contentUrl\":\"https:\/\/secure.gravatar.com\/avatar\/641f98db20b53ec937ceb641db4270b9?s=96&d=mm&r=g\",\"caption\":\"Ivana Beaumond Paris\"},\"url\":\"https:\/\/www.ivanabeaumond.com.br\/vestidos-noiva\/author\/ivana\/\"}]}<\/script>\n<!-- \/ Yoast SEO plugin. -->","yoast_head_json":{"title":"Festa Rosa e Dourada, com Maria Vit\u00f3ria - Vestido de Noiva RJ","robots":{"index":"index","follow":"follow","max-snippet":"max-snippet:-1","max-image-preview":"max-image-preview:large","max-video-preview":"max-video-preview:-1"},"canonical":"https:\/\/www.ivanabeaumond.com.br\/vestidos-noiva\/festa-rosa-e-dourada-com-maria-vitoria\/","og_locale":"pt_BR","og_type":"article","og_title":"Festa Rosa e Dourada, com Maria Vit\u00f3ria - Vestido de Noiva RJ","og_description":"Foi em clima de balada que a nossa debutante Maria...","og_url":"https:\/\/www.ivanabeaumond.com.br\/vestidos-noiva\/festa-rosa-e-dourada-com-maria-vitoria\/","og_site_name":"Vestido de Noiva RJ","article_publisher":"https:\/\/www.facebook.com\/ivana.beaumondnoivas","article_published_time":"2020-02-17T19:50:52+00:00","article_modified_time":"2020-08-13T21:00:35+00:00","og_image":[{"width":600,"height":400,"url":"https:\/\/www.ivanabeaumond.com.br\/vestidos-noiva\/wp-content\/uploads\/2020\/02\/MARIA-VITORIA-VESTIDO-DE-DEBUTANTE-15-ANOS-ATELIER-IVANA-BEAUMOND-RJ-5-e1581969033800.jpg","type":"image\/jpeg"}],"author":"Ivana Beaumond Paris","twitter_card":"summary_large_image","twitter_misc":{"Escrito por":"Ivana Beaumond Paris","Est. tempo de leitura":"2 minutos"},"schema":{"@context":"https:\/\/schema.org","@graph":[{"@type":"Article","@id":"https:\/\/www.ivanabeaumond.com.br\/vestidos-noiva\/festa-rosa-e-dourada-com-maria-vitoria\/#article","isPartOf":{"@id":"https:\/\/www.ivanabeaumond.com.br\/vestidos-noiva\/festa-rosa-e-dourada-com-maria-vitoria\/"},"author":{"name":"Ivana Beaumond Paris","@id":"https:\/\/www.ivanabeaumond.com.br\/vestidos-noiva\/#\/schema\/person\/1a360c4cffa3b806d29a456389dcff26"},"headline":"Festa Rosa e Dourada, com Maria Vit\u00f3ria","datePublished":"2020-02-17T19:50:52+00:00","dateModified":"2020-08-13T21:00:35+00:00","mainEntityOfPage":{"@id":"https:\/\/www.ivanabeaumond.com.br\/vestidos-noiva\/festa-rosa-e-dourada-com-maria-vitoria\/"},"wordCount":414,"publisher":{"@id":"https:\/\/www.ivanabeaumond.com.br\/vestidos-noiva\/#organization"},"keywords":["15 anos","15 anos 2 em 1","15 anos chique","15 anos cropped","15 anos rj","15 anos tem\u00e1tico","15 anos top","alugar roupa no rio de janeiro","aluguel de vestido rio de janeiro","aluguel de vetido de 15 anos","atelier","atelier ivana beaumond","casamento","debutante","debutante rj","debutantes","dress","errejota","festa de 15 anos","festa de debutante rj","festas","ivana beaumond","ivana beaumond paris","moda festa","noivinha","princesas","sob medida","vestido de 15 anos","vestido de debutante","vestido de festa","vestido de noiva"],"articleSection":["Blog","Espa\u00e7o Debutantes"],"inLanguage":"pt-BR"},{"@type":"WebPage","@id":"https:\/\/www.ivanabeaumond.com.br\/vestidos-noiva\/festa-rosa-e-dourada-com-maria-vitoria\/","url":"https:\/\/www.ivanabeaumond.com.br\/vestidos-noiva\/festa-rosa-e-dourada-com-maria-vitoria\/","name":"Festa Rosa e Dourada, com Maria Vit\u00f3ria - Vestido de Noiva RJ","isPartOf":{"@id":"https:\/\/www.ivanabeaumond.com.br\/vestidos-noiva\/#website"},"datePublished":"2020-02-17T19:50:52+00:00","dateModified":"2020-08-13T21:00:35+00:00","breadcrumb":{"@id":"https:\/\/www.ivanabeaumond.com.br\/vestidos-noiva\/festa-rosa-e-dourada-com-maria-vitoria\/#breadcrumb"},"inLanguage":"pt-BR","potentialAction":[{"@type":"ReadAction","target":["https:\/\/www.ivanabeaumond.com.br\/vestidos-noiva\/festa-rosa-e-dourada-com-maria-vitoria\/"]}]},{"@type":"BreadcrumbList","@id":"https:\/\/www.ivanabeaumond.com.br\/vestidos-noiva\/festa-rosa-e-dourada-com-maria-vitoria\/#breadcrumb","itemListElement":[{"@type":"ListItem","position":1,"name":"In\u00edcio","item":"https:\/\/www.ivanabeaumond.com.br\/vestidos-noiva\/"},{"@type":"ListItem","position":2,"name":"Festa Rosa e Dourada, com Maria Vit\u00f3ria"}]},{"@type":"WebSite","@id":"https:\/\/www.ivanabeaumond.com.br\/vestidos-noiva\/#website","url":"https:\/\/www.ivanabeaumond.com.br\/vestidos-noiva\/","name":"Vestido de Noiva RJ","description":"Moda Noiva","publisher":{"@id":"https:\/\/www.ivanabeaumond.com.br\/vestidos-noiva\/#organization"},"potentialAction":[{"@type":"SearchAction","target":{"@type":"EntryPoint","urlTemplate":"https:\/\/www.ivanabeaumond.com.br\/vestidos-noiva\/?s={search_term_string}"},"query-input":"required name=search_term_string"}],"inLanguage":"pt-BR"},{"@type":"Organization","@id":"https:\/\/www.ivanabeaumond.com.br\/vestidos-noiva\/#organization","name":"Vestido de Noiva RJ","url":"https:\/\/www.ivanabeaumond.com.br\/vestidos-noiva\/","logo":{"@type":"ImageObject","inLanguage":"pt-BR","@id":"https:\/\/www.ivanabeaumond.com.br\/vestidos-noiva\/#\/schema\/logo\/image\/","url":"https:\/\/www.ivanabeaumond.com.br\/vestidos-noiva\/wp-content\/uploads\/2018\/02\/logo_ivana_beaumond-2.png","contentUrl":"https:\/\/www.ivanabeaumond.com.br\/vestidos-noiva\/wp-content\/uploads\/2018\/02\/logo_ivana_beaumond-2.png","width":230,"height":112,"caption":"Vestido de Noiva RJ"},"image":{"@id":"https:\/\/www.ivanabeaumond.com.br\/vestidos-noiva\/#\/schema\/logo\/image\/"},"sameAs":["https:\/\/www.facebook.com\/ivana.beaumondnoivas","https:\/\/www.instagram.com\/ivanabeaumond\/","https:\/\/www.tiktok.com\/@ivanabeaumond"]},{"@type":"Person","@id":"https:\/\/www.ivanabeaumond.com.br\/vestidos-noiva\/#\/schema\/person\/1a360c4cffa3b806d29a456389dcff26","name":"Ivana Beaumond Paris","image":{"@type":"ImageObject","inLanguage":"pt-BR","@id":"https:\/\/www.ivanabeaumond.com.br\/vestidos-noiva\/#\/schema\/person\/image\/","url":"https:\/\/secure.gravatar.com\/avatar\/641f98db20b53ec937ceb641db4270b9?s=96&d=mm&r=g","contentUrl":"https:\/\/secure.gravatar.com\/avatar\/641f98db20b53ec937ceb641db4270b9?s=96&d=mm&r=g","caption":"Ivana Beaumond Paris"},"url":"https:\/\/www.ivanabeaumond.com.br\/vestidos-noiva\/author\/ivana\/"}]}},"_links":{"self":[{"href":"https:\/\/www.ivanabeaumond.com.br\/vestidos-noiva\/wp-json\/wp\/v2\/posts\/23558"}],"collection":[{"href":"https:\/\/www.ivanabeaumond.com.br\/vestidos-noiva\/wp-json\/wp\/v2\/posts"}],"about":[{"href":"https:\/\/www.ivanabeaumond.com.br\/vestidos-noiva\/wp-json\/wp\/v2\/types\/post"}],"author":[{"embeddable":true,"href":"https:\/\/www.ivanabeaumond.com.br\/vestidos-noiva\/wp-json\/wp\/v2\/users\/4"}],"replies":[{"embeddable":true,"href":"https:\/\/www.ivanabeaumond.com.br\/vestidos-noiva\/wp-json\/wp\/v2\/comments?post=23558"}],"version-history":[{"count":5,"href":"https:\/\/www.ivanabeaumond.com.br\/vestidos-noiva\/wp-json\/wp\/v2\/posts\/23558\/revisions"}],"predecessor-version":[{"id":25769,"href":"https:\/\/www.ivanabeaumond.com.br\/vestidos-noiva\/wp-json\/wp\/v2\/posts\/23558\/revisions\/25769"}],"wp:featuredmedia":[{"embeddable":true,"href":"https:\/\/www.ivanabeaumond.com.br\/vestidos-noiva\/wp-json\/wp\/v2\/media\/23605"}],"wp:attachment":[{"href":"https:\/\/www.ivanabeaumond.com.br\/vestidos-noiva\/wp-json\/wp\/v2\/media?parent=23558"}],"wp:term":[{"taxonomy":"category","embeddable":true,"href":"https:\/\/www.ivanabeaumond.com.br\/vestidos-noiva\/wp-json\/wp\/v2\/categories?post=23558"},{"taxonomy":"post_tag","embeddable":true,"href":"https:\/\/www.ivanabeaumond.com.br\/vestidos-noiva\/wp-json\/wp\/v2\/tags?post=23558"}],"curies":[{"name":"wp","href":"https:\/\/api.w.org\/{rel}","templated":true}]}}