{"id":23723,"date":"2020-03-09T17:16:14","date_gmt":"2020-03-09T20:16:14","guid":{"rendered":"https:\/\/www.ivanabeaumond.com.br\/vestidos-noiva\/?p=23723"},"modified":"2020-03-09T17:16:14","modified_gmt":"2020-03-09T20:16:14","slug":"formatura-saiba-qual-e-a-cor-do-seu-curso-de-graduacao","status":"publish","type":"post","link":"https:\/\/www.ivanabeaumond.com.br\/vestidos-noiva\/formatura-saiba-qual-e-a-cor-do-seu-curso-de-graduacao\/","title":{"rendered":"Formatura: saiba qual \u00e9 a cor do seu curso de gradua\u00e7\u00e3o"},"content":{"rendered":"<h4><span style=\"color: #999999;\">Mais do que uma simples cerim\u00f4nia de confraterniza\u00e7\u00e3o, a Cola\u00e7\u00e3o de Grau \u2013 ou Formatura \u2013 \u00e9 um rito de passagem, que simboliza amadurecimento e a conclus\u00e3o de um ciclo para o jovem, prestes a completar a sua jornada acad\u00eamica. \u00a0\u00c9 um momento muito importante e aguardado pelos estudantes, at\u00e9 antes mesmo deles ingressarem na faculdade.<\/span><\/h4>\n<p>&nbsp;<\/p>\n<p>&nbsp;<\/p>\n<h4><span style=\"color: #999999;\">A tradi\u00e7\u00e3o dos acad\u00eamicos utilizarem as vestes talares &#8211;\u00a0ou becas &#8211; remonta aos s\u00e9culos XII\u00a0e XIII, quando as universidades estavam ainda no in\u00edcio do seu desenvolvimento, e havia forte influ\u00eancia da Igreja na educa\u00e7\u00e3o. Por isso, a forma de se vestir adotada pelos estudantes era semelhante \u00e0 dos cl\u00e9rigos da religi\u00e3o. Ao longo dos anos,\u00a0atrav\u00e9s de costumes passados de gera\u00e7\u00e3o para gera\u00e7\u00e3o, foram sendo adotadas as cores referentes aos cursos, que hoje s\u00e3o usadas na faixa e na decora\u00e7\u00e3o da formatura.\u00a0O Conselho Nacional de Pesquisa (CNPq) &#8211; que \u00e9 o respons\u00e1vel por essa classifica\u00e7\u00e3o &#8211; no entanto, n\u00e3o define cores espec\u00edficas para cada curso de gradua\u00e7\u00e3o, mas sim para as \u00e1reas de conhecimento.<\/span><\/h4>\n<h4><\/h4>\n<h4><\/h4>\n<h4><\/h4>\n<h4><\/h4>\n<h4><\/h4>\n<h4><\/h4>\n<h4><\/h4>\n<h4><\/h4>\n<h4><\/h4>\n<h4>Se voc\u00ea deseja saber qual \u00e9 a cor do seu curso, fizemos uma lista para facilitar a sua vida &#8211; e, de quebra, te dar algumas inspira\u00e7\u00f5es de vestidos para usar no Baile.\u00a0<span style=\"color: #999999;\">\u00c9 importante lembrar que, ainda que haja a defini\u00e7\u00e3o, essas cores costumam mudar de acordo com a Institui\u00e7\u00e3o de Ensino, por isso \u00e9 sempre bom consultar a sua Universidade antes.<\/span><\/h4>\n<p>&nbsp;<\/p>\n<p>&nbsp;<\/p>\n<h4 style=\"text-align: justify;\"><span style=\"color: #999999;\">\u00a0<\/span><\/h4>\n<p>&nbsp;<\/p>\n<p>&nbsp;<\/p>\n<h4><\/h4>\n<h3><span style=\"color: #000000;\">Amarelo<\/span><\/h3>\n<p>&nbsp;<\/p>\n<p>&nbsp;<\/p>\n<h4><\/h4>\n<h4><span style=\"color: #999999;\">Bioqu\u00edmica, Farm\u00e1cia,\u00a0 F\u00edsica, M\u00fasica, Ci\u00eancia da Computa\u00e7\u00e3o, Estat\u00edstica, Cinema.<\/span><\/h4>\n<p>&nbsp;<\/p>\n<p>&nbsp;<\/p>\n<p>&nbsp;<\/p>\n<p>&nbsp;<\/p>\n<p><a href=\"https:\/\/www.ivanabeaumond.com.br\/vestidos-noiva\/wp-content\/uploads\/2020\/03\/776936-uma-das-famosas-que-apostou-na-fenda-em-950x0-2-e1583522246580.jpg\"><img decoding=\"async\" loading=\"lazy\" class=\"aligncenter size-full wp-image-23746\" src=\"https:\/\/www.ivanabeaumond.com.br\/vestidos-noiva\/wp-content\/uploads\/2020\/03\/Vestido-de-Formatura-Atelier-Ivana-Beaumond-e1583523180422.jpg\" alt=\"Vestido de Formatura Atelier Ivana Beaumond\" width=\"400\" height=\"579\" \/><\/a><\/p>\n<p><a href=\"https:\/\/www.ivanabeaumond.com.br\/vestidos-noiva\/wp-content\/uploads\/2020\/03\/776936-uma-das-famosas-que-apostou-na-fenda-em-950x0-2-e1583522246580.jpg\"><img decoding=\"async\" loading=\"lazy\" class=\"aligncenter size-full wp-image-23742\" src=\"https:\/\/www.ivanabeaumond.com.br\/vestidos-noiva\/wp-content\/uploads\/2020\/03\/776936-uma-das-famosas-que-apostou-na-fenda-em-950x0-2-e1583522285303.jpg\" alt=\"776936-uma-das-famosas-que-apostou-na-fenda-em-950x0-2\" width=\"400\" height=\"600\" \/><\/a><\/p>\n<p>&nbsp;<\/p>\n<p><a href=\"https:\/\/www.ivanabeaumond.com.br\/vestidos-noiva\/wp-content\/uploads\/2020\/03\/a6b72a8e-2527-4207-8907-ee7f88faa06e-1360x2040.jpeg\"><img decoding=\"async\" loading=\"lazy\" class=\"aligncenter size-full wp-image-23745\" src=\"https:\/\/www.ivanabeaumond.com.br\/vestidos-noiva\/wp-content\/uploads\/2020\/03\/a6b72a8e-2527-4207-8907-ee7f88faa06e-1360x2040-e1583523152388.jpeg\" alt=\"Vestido de Formatura Amarelo Formandas Rj Atelier Ivana Beaumond\" width=\"400\" height=\"600\" \/><\/a><\/p>\n<p><img decoding=\"async\" loading=\"lazy\" class=\"aligncenter size-full wp-image-23747\" src=\"https:\/\/www.ivanabeaumond.com.br\/vestidos-noiva\/wp-content\/uploads\/2020\/03\/Vestido-de-Formatura-Atelier-Ivana-Beaumond-RJ-e1583523272313.jpg\" alt=\"Vestido de Formatura Atelier Ivana Beaumond RJ\" width=\"400\" height=\"600\" \/><\/p>\n<p><a href=\"https:\/\/www.ivanabeaumond.com.br\/vestidos-noiva\/wp-content\/uploads\/2020\/03\/VESTIDO-DE-FORMATURA-AMARELO-ATELIER-IVANA-BEAUMOND-RJ-5-e1583781729843.jpg\"><img decoding=\"async\" loading=\"lazy\" class=\"aligncenter size-full wp-image-23808\" src=\"https:\/\/www.ivanabeaumond.com.br\/vestidos-noiva\/wp-content\/uploads\/2020\/03\/VESTIDO-DE-FORMATURA-AMARELO-ATELIER-IVANA-BEAUMOND-RJ-5-e1583781729843.jpg\" alt=\"&quot;Hikari (Radiance)&quot; Red Carpet Arrivals - The 70th Annual Cannes Film Festival\" width=\"400\" height=\"533\" \/><\/a> <img decoding=\"async\" loading=\"lazy\" class=\"aligncenter size-full wp-image-23807\" src=\"https:\/\/www.ivanabeaumond.com.br\/vestidos-noiva\/wp-content\/uploads\/2020\/03\/VESTIDO-DE-FORMATURA-AMARELO-ATELIER-IVANA-BEAUMOND-RJ-4-e1583781752751.jpg\" alt=\"VESTIDO DE FORMATURA AMARELO ATELIER IVANA BEAUMOND RJ (4)\" width=\"400\" height=\"602\" \/> <a href=\"https:\/\/www.ivanabeaumond.com.br\/vestidos-noiva\/wp-content\/uploads\/2020\/03\/VESTIDO-DE-FORMATURA-AMARELO-ATELIER-IVANA-BEAUMOND-RJ-3-e1583781774399.jpg\"><img decoding=\"async\" loading=\"lazy\" class=\"aligncenter size-full wp-image-23806\" src=\"https:\/\/www.ivanabeaumond.com.br\/vestidos-noiva\/wp-content\/uploads\/2020\/03\/VESTIDO-DE-FORMATURA-AMARELO-ATELIER-IVANA-BEAUMOND-RJ-3-e1583781774399.jpg\" alt=\"VESTIDO DE FORMATURA AMARELO ATELIER IVANA BEAUMOND RJ (3)\" width=\"400\" height=\"646\" \/><\/a><\/p>\n<p><a href=\"https:\/\/www.ivanabeaumond.com.br\/vestidos-noiva\/wp-content\/uploads\/2020\/03\/VESTIDO-DE-FORMATURA-AMARELO-ATELIER-IVANA-BEAUMOND-RJ-2-e1583781790565.jpg\"><img decoding=\"async\" loading=\"lazy\" class=\"aligncenter size-full wp-image-23805\" src=\"https:\/\/www.ivanabeaumond.com.br\/vestidos-noiva\/wp-content\/uploads\/2020\/03\/VESTIDO-DE-FORMATURA-AMARELO-ATELIER-IVANA-BEAUMOND-RJ-2-e1583781790565.jpg\" alt=\"VESTIDO DE FORMATURA AMARELO ATELIER IVANA BEAUMOND RJ (2)\" width=\"400\" height=\"600\" \/><\/a><\/p>\n<p><img decoding=\"async\" loading=\"lazy\" class=\"aligncenter size-full wp-image-23804\" src=\"https:\/\/www.ivanabeaumond.com.br\/vestidos-noiva\/wp-content\/uploads\/2020\/03\/VESTIDO-DE-FORMATURA-AMARELO-ATELIER-IVANA-BEAUMOND-RJ-1-e1583781805161.jpg\" alt=\"VESTIDO DE FORMATURA AMARELO ATELIER IVANA BEAUMOND RJ (1)\" width=\"400\" height=\"600\" \/><\/p>\n<p>&nbsp;<\/p>\n<p>&nbsp;<\/p>\n<p>&nbsp;<\/p>\n<p>&nbsp;<\/p>\n<p>&nbsp;<\/p>\n<p>&nbsp;<\/p>\n<h4><\/h4>\n<h4><\/h4>\n<h3><span style=\"color: #000000;\">Azul<\/span><\/h3>\n<p>&nbsp;<\/p>\n<p>&nbsp;<\/p>\n<p>&nbsp;<\/p>\n<h4><\/h4>\n<h4><span style=\"color: #999999;\">Administra\u00e7\u00e3o, Agronomia, Antropologia, Arquitetura, Ci\u00eancias Biol\u00f3gicas, Ci\u00eancias Econ\u00f4micas, Com\u00e9rcio Exterior, Design Gr\u00e1fico, Engenharia, Filosofia, Geologia, Hist\u00f3ria, Jornalismo, Matem\u00e1tica, Marketing, Moda, Psicologia, Publicidade e Propaganda, Qu\u00edmica, Rela\u00e7\u00f5es Internacionais, Telecomunica\u00e7\u00f5es, Turismo.<\/span><\/h4>\n<h4><\/h4>\n<h4><\/h4>\n<p>&nbsp;<\/p>\n<p><img decoding=\"async\" loading=\"lazy\" class=\"aligncenter size-full wp-image-23809\" src=\"https:\/\/www.ivanabeaumond.com.br\/vestidos-noiva\/wp-content\/uploads\/2020\/03\/VESTIDO-DE-FORMATURA-AZUL-RJ-ATELIER-IVANA-BEAUMOND-1-e1583783202774.jpg\" alt=\"&quot;The Disappearance Of Eleanor Rigby&quot; Premiere - The 67th Annual Cannes Film Festival\" width=\"400\" height=\"547\" \/><\/p>\n<p><a href=\"https:\/\/www.ivanabeaumond.com.br\/vestidos-noiva\/wp-content\/uploads\/2020\/03\/VESTIDO-DE-FORMATURA-AZUL-RJ-ATELIER-IVANA-BEAUMOND-4-e1583783172651.jpg\"><img decoding=\"async\" loading=\"lazy\" class=\"aligncenter size-full wp-image-23812\" src=\"https:\/\/www.ivanabeaumond.com.br\/vestidos-noiva\/wp-content\/uploads\/2020\/03\/VESTIDO-DE-FORMATURA-AZUL-RJ-ATELIER-IVANA-BEAUMOND-4-e1583783172651.jpg\" alt=\"VESTIDO DE FORMATURA AZUL RJ ATELIER IVANA BEAUMOND (4)\" width=\"400\" height=\"615\" \/><\/a><\/p>\n<p><a href=\"https:\/\/www.ivanabeaumond.com.br\/vestidos-noiva\/wp-content\/uploads\/2020\/03\/VESTIDO-DE-FORMATURA-AZUL-RJ-ATELIER-IVANA-BEAUMOND-3-e1583783184507.jpg\"><img decoding=\"async\" loading=\"lazy\" class=\"aligncenter size-full wp-image-23811\" src=\"https:\/\/www.ivanabeaumond.com.br\/vestidos-noiva\/wp-content\/uploads\/2020\/03\/VESTIDO-DE-FORMATURA-AZUL-RJ-ATELIER-IVANA-BEAUMOND-3-e1583783184507.jpg\" alt=\"VESTIDO DE FORMATURA AZUL RJ ATELIER IVANA BEAUMOND (3)\" width=\"400\" height=\"593\" \/><\/a><\/p>\n<p><a href=\"https:\/\/www.ivanabeaumond.com.br\/vestidos-noiva\/wp-content\/uploads\/2020\/03\/VESTIDO-DE-FORMATURA-AZUL-RJ-ATELIER-IVANA-BEAUMOND-2.jpg\"><img decoding=\"async\" loading=\"lazy\" class=\"aligncenter size-full wp-image-23810\" src=\"https:\/\/www.ivanabeaumond.com.br\/vestidos-noiva\/wp-content\/uploads\/2020\/03\/VESTIDO-DE-FORMATURA-AZUL-RJ-ATELIER-IVANA-BEAUMOND-2.jpg\" alt=\"VESTIDO DE FORMATURA AZUL RJ ATELIER IVANA BEAUMOND (2)\" width=\"400\" height=\"600\" srcset=\"https:\/\/www.ivanabeaumond.com.br\/vestidos-noiva\/wp-content\/uploads\/2020\/03\/VESTIDO-DE-FORMATURA-AZUL-RJ-ATELIER-IVANA-BEAUMOND-2.jpg 400w, https:\/\/www.ivanabeaumond.com.br\/vestidos-noiva\/wp-content\/uploads\/2020\/03\/VESTIDO-DE-FORMATURA-AZUL-RJ-ATELIER-IVANA-BEAUMOND-2-200x300.jpg 200w\" sizes=\"(max-width: 400px) 100vw, 400px\" \/><\/a><\/p>\n<p><img decoding=\"async\" loading=\"lazy\" class=\"aligncenter size-full wp-image-23755\" src=\"https:\/\/www.ivanabeaumond.com.br\/vestidos-noiva\/wp-content\/uploads\/2020\/03\/Vestido-de-Noiva-Formatura-Rio-de-Janeiro-Rj-Atelier-Ivana-Beaumond-Paris-61-e1583525970192.jpg\" alt=\"Vestido de Noiva Formatura Rio de Janeiro Rj Atelier Ivana Beaumond Paris (6)\" width=\"400\" height=\"561\" \/><\/p>\n<p><img decoding=\"async\" loading=\"lazy\" class=\"aligncenter size-full wp-image-23754\" src=\"https:\/\/www.ivanabeaumond.com.br\/vestidos-noiva\/wp-content\/uploads\/2020\/03\/Vestido-de-Noiva-Formatura-Rio-de-Janeiro-Rj-Atelier-Ivana-Beaumond-Paris-51-e1583526005508.jpg\" alt=\"Vestido de Noiva Formatura Rio de Janeiro Rj Atelier Ivana Beaumond Paris (5)\" width=\"400\" height=\"598\" \/><\/p>\n<p><img decoding=\"async\" loading=\"lazy\" class=\"aligncenter size-full wp-image-23752\" src=\"https:\/\/www.ivanabeaumond.com.br\/vestidos-noiva\/wp-content\/uploads\/2020\/03\/Vestido-de-Noiva-Formatura-Rio-de-Janeiro-Rj-Atelier-Ivana-Beaumond-Paris-9-e1583525813391.jpg\" alt=\"Vestido de Noiva Formatura Rio de Janeiro Rj Atelier Ivana Beaumond Paris (9)\" width=\"400\" height=\"600\" \/><\/p>\n<p><img decoding=\"async\" loading=\"lazy\" class=\"aligncenter size-full wp-image-23750\" src=\"https:\/\/www.ivanabeaumond.com.br\/vestidos-noiva\/wp-content\/uploads\/2020\/03\/Vestido-de-Noiva-Formatura-Rio-de-Janeiro-Rj-Atelier-Ivana-Beaumond-Paris-7-e1583525782697.jpg\" alt=\"Vestido de Noiva Formatura Rio de Janeiro Rj Atelier Ivana Beaumond Paris (7)\" width=\"400\" height=\"600\" \/><\/p>\n<p><img decoding=\"async\" loading=\"lazy\" class=\"aligncenter size-full wp-image-23751\" src=\"https:\/\/www.ivanabeaumond.com.br\/vestidos-noiva\/wp-content\/uploads\/2020\/03\/Vestido-de-Noiva-Formatura-Rio-de-Janeiro-Rj-Atelier-Ivana-Beaumond-Paris-8-e1583526071169.jpg\" alt=\"Vestido de Noiva Formatura Rio de Janeiro Rj Atelier Ivana Beaumond Paris (8)\" width=\"400\" height=\"600\" \/><\/p>\n<p><img decoding=\"async\" loading=\"lazy\" class=\"aligncenter size-full wp-image-23753\" src=\"https:\/\/www.ivanabeaumond.com.br\/vestidos-noiva\/wp-content\/uploads\/2020\/03\/Vestido-de-Noiva-Formatura-Rio-de-Janeiro-Rj-Atelier-Ivana-Beaumond-Paris-2-e1583525871853.jpg\" alt=\"Vestido de Noiva Formatura Rio de Janeiro Rj Atelier Ivana Beaumond Paris (2)\" width=\"400\" height=\"584\" \/><\/p>\n<p><img decoding=\"async\" loading=\"lazy\" class=\"aligncenter size-full wp-image-23814\" src=\"https:\/\/www.ivanabeaumond.com.br\/vestidos-noiva\/wp-content\/uploads\/2020\/03\/vestido-de-formatura-azul-atelier-ivana-beaumond-rj-e1583783547491.jpg\" alt=\"vestido de formatura azul atelier ivana beaumond rj\" width=\"400\" height=\"551\" \/><\/p>\n<p>&nbsp;<\/p>\n<p>&nbsp;<\/p>\n<p>&nbsp;<\/p>\n<p>&nbsp;<\/p>\n<p>&nbsp;<\/p>\n<p>&nbsp;<\/p>\n<h4><\/h4>\n<h4><\/h4>\n<h3><span style=\"color: #000000;\">Branco<\/span><\/h3>\n<h4><\/h4>\n<h4><span style=\"color: #999999;\">Artes C\u00eanicas, Desenho Industrial.<\/span><\/h4>\n<p>&nbsp;<\/p>\n<p>&nbsp;<\/p>\n<p>&nbsp;<\/p>\n<p>&nbsp;<\/p>\n<p><img decoding=\"async\" loading=\"lazy\" class=\"aligncenter size-full wp-image-23756\" src=\"https:\/\/www.ivanabeaumond.com.br\/vestidos-noiva\/wp-content\/uploads\/2020\/03\/Vestido-de-Formatura-branco-off-white-nude-Rj-Atelier-Ivana-Beaumond-Paris-1-e1583527466246.jpg\" alt=\"Vestido de Formatura branco off white nude Rj Atelier Ivana Beaumond Paris (1)\" width=\"400\" height=\"602\" \/><\/p>\n<p><img decoding=\"async\" loading=\"lazy\" class=\"aligncenter size-full wp-image-23757\" src=\"https:\/\/www.ivanabeaumond.com.br\/vestidos-noiva\/wp-content\/uploads\/2020\/03\/Vestido-de-Formatura-branco-off-white-nude-Rj-Atelier-Ivana-Beaumond-Paris-2-e1583527512715.jpg\" alt=\"Vestido de Formatura branco off white nude Rj Atelier Ivana Beaumond Paris (2)\" width=\"400\" height=\"656\" \/><\/p>\n<p><img decoding=\"async\" loading=\"lazy\" class=\"aligncenter size-full wp-image-23758\" src=\"https:\/\/www.ivanabeaumond.com.br\/vestidos-noiva\/wp-content\/uploads\/2020\/03\/Vestido-de-Formatura-branco-off-white-nude-Rj-Atelier-Ivana-Beaumond-Paris-3-e1583527562895.jpg\" alt=\"Vestido de Formatura branco off white nude Rj Atelier Ivana Beaumond Paris (3)\" width=\"400\" height=\"531\" \/><\/p>\n<p><img decoding=\"async\" loading=\"lazy\" class=\"aligncenter size-full wp-image-23760\" src=\"https:\/\/www.ivanabeaumond.com.br\/vestidos-noiva\/wp-content\/uploads\/2020\/03\/Vestido-de-Formatura-branco-off-white-nude-Rj-Atelier-Ivana-Beaumond-Paris-5-e1583527621477.jpg\" alt=\"Vestido de Formatura branco off white nude Rj Atelier Ivana Beaumond Paris (5)\" width=\"400\" height=\"668\" \/><\/p>\n<p><img decoding=\"async\" loading=\"lazy\" class=\"aligncenter size-full wp-image-23763\" src=\"https:\/\/www.ivanabeaumond.com.br\/vestidos-noiva\/wp-content\/uploads\/2020\/03\/Vestido-de-Formatura-branco-off-white-nude-Rj-Atelier-Ivana-Beaumond-Paris-8-e1583527356799.jpg\" alt=\"Vestido de Formatura branco off white nude Rj Atelier Ivana Beaumond Paris (8)\" width=\"400\" height=\"646\" \/><\/p>\n<p><img decoding=\"async\" loading=\"lazy\" class=\"aligncenter size-full wp-image-23762\" src=\"https:\/\/www.ivanabeaumond.com.br\/vestidos-noiva\/wp-content\/uploads\/2020\/03\/Vestido-de-Formatura-branco-off-white-nude-Rj-Atelier-Ivana-Beaumond-Paris-7-e1583527424758.jpg\" alt=\"&quot;Charles James: Beyond Fashion&quot; Costume Institute Gala - Arrivals\" width=\"400\" height=\"601\" \/><\/p>\n<p>&nbsp;<\/p>\n<p>&nbsp;<\/p>\n<p>&nbsp;<\/p>\n<p>&nbsp;<\/p>\n<h4><\/h4>\n<h4><\/h4>\n<h4><\/h4>\n<h3><span style=\"color: #000000;\">Lil\u00e1s\u00a0<\/span><\/h3>\n<p>&nbsp;<\/p>\n<p>&nbsp;<\/p>\n<p>&nbsp;<\/p>\n<h4><\/h4>\n<h4><span style=\"color: #999999;\">Arqueologia, Arquivologia, Biblioteconomia, Ci\u00eancias Sociais, Geografia, Letras, Recursos Humanos, Sociologia, Teologia, Pedagogia.<\/span><\/h4>\n<h4><\/h4>\n<h4><\/h4>\n<p>&nbsp;<\/p>\n<p>&nbsp;<\/p>\n<p>&nbsp;<\/p>\n<p><img decoding=\"async\" loading=\"lazy\" class=\"aligncenter size-full wp-image-23764\" src=\"https:\/\/www.ivanabeaumond.com.br\/vestidos-noiva\/wp-content\/uploads\/2020\/03\/Vestido-de-Formatura-Lil\u00e1s-Atelier-Ivana-Beaumond-Vestido-de-Festa-RJ-1-e1583528196972.jpg\" alt=\"Vestido de Formatura Lil\u00e1s Atelier Ivana Beaumond Vestido de Festa RJ (1)\" width=\"400\" height=\"608\" \/><\/p>\n<p><img decoding=\"async\" loading=\"lazy\" class=\"aligncenter size-full wp-image-23765\" src=\"https:\/\/www.ivanabeaumond.com.br\/vestidos-noiva\/wp-content\/uploads\/2020\/03\/Vestido-de-Formatura-Lil\u00e1s-Atelier-Ivana-Beaumond-Vestido-de-Festa-RJ-2-e1583528227529.jpg\" alt=\"Vestido de Formatura Lil\u00e1s Atelier Ivana Beaumond Vestido de Festa RJ (2)\" width=\"400\" height=\"504\" \/><\/p>\n<p><img decoding=\"async\" loading=\"lazy\" class=\"aligncenter size-full wp-image-23766\" src=\"https:\/\/www.ivanabeaumond.com.br\/vestidos-noiva\/wp-content\/uploads\/2020\/03\/Vestido-de-Formatura-Lil\u00e1s-Atelier-Ivana-Beaumond-Vestido-de-Festa-RJ-3-e1583528259455.jpg\" alt=\"Vestido de Formatura Lil\u00e1s Atelier Ivana Beaumond Vestido de Festa RJ (3)\" width=\"400\" height=\"606\" \/><\/p>\n<p><img decoding=\"async\" loading=\"lazy\" class=\"aligncenter size-full wp-image-23767\" src=\"https:\/\/www.ivanabeaumond.com.br\/vestidos-noiva\/wp-content\/uploads\/2020\/03\/Vestido-de-Formatura-Lil\u00e1s-Atelier-Ivana-Beaumond-Vestido-de-Festa-RJ-4-e1583528291494.jpg\" alt=\"Vestido de Formatura Lil\u00e1s Atelier Ivana Beaumond Vestido de Festa RJ (4)\" width=\"400\" height=\"533\" \/><\/p>\n<p><img decoding=\"async\" loading=\"lazy\" class=\"aligncenter size-full wp-image-23768\" src=\"https:\/\/www.ivanabeaumond.com.br\/vestidos-noiva\/wp-content\/uploads\/2020\/03\/Vestido-de-Formatura-Lil\u00e1s-Atelier-Ivana-Beaumond-Vestido-de-Festa-RJ-5-e1583528324204.jpg\" alt=\"InStyle Presents Third Annual &quot;InStyle Awards&quot; - Red Carpet\" width=\"400\" height=\"600\" \/><\/p>\n<p><img decoding=\"async\" loading=\"lazy\" class=\"aligncenter size-full wp-image-23769\" src=\"https:\/\/www.ivanabeaumond.com.br\/vestidos-noiva\/wp-content\/uploads\/2020\/03\/Vestido-de-Formatura-Lil\u00e1s-Atelier-Ivana-Beaumond-Vestido-de-Festa-RJ-6-e1583528364717.jpg\" alt=\"Vestido de Formatura Lil\u00e1s Atelier Ivana Beaumond Vestido de Festa RJ (6)\" width=\"400\" height=\"546\" \/><\/p>\n<p><img decoding=\"async\" loading=\"lazy\" class=\"aligncenter size-full wp-image-23813\" src=\"https:\/\/www.ivanabeaumond.com.br\/vestidos-noiva\/wp-content\/uploads\/2020\/03\/VESTIDO-DE-FORMATURA-LIL\u00c1S-E-ROXO-ATELIER-IVANA-BEAUMOND-RJ-e1583783313100.jpg\" alt=\"VESTIDO DE FORMATURA LIL\u00c1S E ROXO ATELIER IVANA BEAUMOND RJ\" width=\"400\" height=\"640\" \/><\/p>\n<p>&nbsp;<\/p>\n<p>&nbsp;<\/p>\n<p>&nbsp;<\/p>\n<p>&nbsp;<\/p>\n<p>&nbsp;<\/p>\n<p>&nbsp;<\/p>\n<p>&nbsp;<\/p>\n<h3><span style=\"color: #000000;\">Verde<\/span><\/h3>\n<p>&nbsp;<\/p>\n<p>&nbsp;<\/p>\n<p>&nbsp;<\/p>\n<h4><\/h4>\n<h4><span style=\"color: #999999;\">Biomedicina, Educa\u00e7\u00e3o F\u00edsica, Enfermagem, Fisioterapia, Fonoaudiologia, Medicina, Nutri\u00e7\u00e3o, Servi\u00e7o Social, Veterin\u00e1ria, Zootecnia.<\/span><\/h4>\n<p>&nbsp;<\/p>\n<p>&nbsp;<\/p>\n<p>&nbsp;<\/p>\n<p>&nbsp;<\/p>\n<p>&nbsp;<\/p>\n<p><a href=\"https:\/\/www.ivanabeaumond.com.br\/vestidos-noiva\/wp-content\/uploads\/2020\/03\/vestido-de-formatura-verde-atelier-ivana-beaumond-tijuca-rj-3-e1583780376552.jpg\"><img decoding=\"async\" loading=\"lazy\" class=\"aligncenter size-full wp-image-23782\" src=\"https:\/\/www.ivanabeaumond.com.br\/vestidos-noiva\/wp-content\/uploads\/2020\/03\/vestido-de-formatura-verde-atelier-ivana-beaumond-tijuca-rj-8-e1583780310376.jpg\" alt=\"vestido de formatura verde atelier ivana beaumond tijuca rj (8)\" width=\"400\" height=\"500\" \/><\/a><\/p>\n<p><a href=\"https:\/\/www.ivanabeaumond.com.br\/vestidos-noiva\/wp-content\/uploads\/2020\/03\/vestido-de-formatura-verde-atelier-ivana-beaumond-tijuca-rj-3-e1583780376552.jpg\"><img decoding=\"async\" loading=\"lazy\" class=\"aligncenter size-full wp-image-23779\" src=\"https:\/\/www.ivanabeaumond.com.br\/vestidos-noiva\/wp-content\/uploads\/2020\/03\/vestido-de-formatura-verde-atelier-ivana-beaumond-tijuca-rj-5-e1583780332509.jpg\" alt=\"vestido de formatura verde atelier ivana beaumond tijuca rj (5)\" width=\"400\" height=\"603\" \/><\/a><\/p>\n<p><a href=\"https:\/\/www.ivanabeaumond.com.br\/vestidos-noiva\/wp-content\/uploads\/2020\/03\/vestido-de-formatura-verde-atelier-ivana-beaumond-tijuca-rj-3-e1583780376552.jpg\"><img decoding=\"async\" loading=\"lazy\" class=\"aligncenter size-full wp-image-23778\" src=\"https:\/\/www.ivanabeaumond.com.br\/vestidos-noiva\/wp-content\/uploads\/2020\/03\/vestido-de-formatura-verde-atelier-ivana-beaumond-tijuca-rj-4-e1583780352220.jpg\" alt=\"vestido de formatura verde atelier ivana beaumond tijuca rj (4)\" width=\"400\" height=\"601\" \/><br \/>\n<\/a><\/p>\n<p><a href=\"https:\/\/www.ivanabeaumond.com.br\/vestidos-noiva\/wp-content\/uploads\/2020\/03\/vestido-de-formatura-verde-atelier-ivana-beaumond-tijuca-rj-3-e1583780376552.jpg\"><img decoding=\"async\" loading=\"lazy\" class=\"aligncenter size-full wp-image-23777\" src=\"https:\/\/www.ivanabeaumond.com.br\/vestidos-noiva\/wp-content\/uploads\/2020\/03\/vestido-de-formatura-verde-atelier-ivana-beaumond-tijuca-rj-3-e1583780376552.jpg\" alt=\"vestido de formatura verde atelier ivana beaumond tijuca rj (3)\" width=\"400\" height=\"646\" \/><\/a><\/p>\n<p><img decoding=\"async\" loading=\"lazy\" class=\"aligncenter size-full wp-image-23776\" src=\"https:\/\/www.ivanabeaumond.com.br\/vestidos-noiva\/wp-content\/uploads\/2020\/03\/vestido-de-formatura-verde-atelier-ivana-beaumond-tijuca-rj-2-e1583780416363.jpg\" alt=\"vestido de formatura verde atelier ivana beaumond tijuca rj (2)\" width=\"400\" height=\"600\" \/><\/p>\n<p>&nbsp;<\/p>\n<p><a href=\"https:\/\/www.ivanabeaumond.com.br\/vestidos-noiva\/wp-content\/uploads\/2020\/03\/vestido-de-formatura-verde-atelier-ivana-beaumond-tijuca-rj-12-e1583780229124.jpg\"><img decoding=\"async\" loading=\"lazy\" class=\"aligncenter size-full wp-image-23785\" src=\"https:\/\/www.ivanabeaumond.com.br\/vestidos-noiva\/wp-content\/uploads\/2020\/03\/vestido-de-formatura-verde-atelier-ivana-beaumond-tijuca-rj-11-e1583780247850.jpg\" alt=\"vestido de formatura verde atelier ivana beaumond tijuca rj (11)\" width=\"400\" height=\"600\" \/><\/a><\/p>\n<p><a href=\"https:\/\/www.ivanabeaumond.com.br\/vestidos-noiva\/wp-content\/uploads\/2020\/03\/vestido-de-formatura-verde-atelier-ivana-beaumond-tijuca-rj-12-e1583780229124.jpg\"><img decoding=\"async\" loading=\"lazy\" class=\"aligncenter size-full wp-image-23786\" src=\"https:\/\/www.ivanabeaumond.com.br\/vestidos-noiva\/wp-content\/uploads\/2020\/03\/vestido-de-formatura-verde-atelier-ivana-beaumond-tijuca-rj-12-e1583780229124.jpg\" alt=\"vestido de formatura verde atelier ivana beaumond tijuca rj (12)\" width=\"400\" height=\"580\" \/><\/a><\/p>\n<p><a href=\"https:\/\/www.ivanabeaumond.com.br\/vestidos-noiva\/wp-content\/uploads\/2020\/03\/vestido-de-formatura-verde-atelier-ivana-beaumond-tijuca-rj-10-e1583780267711.jpg\"><img decoding=\"async\" loading=\"lazy\" class=\"aligncenter size-full wp-image-23784\" src=\"https:\/\/www.ivanabeaumond.com.br\/vestidos-noiva\/wp-content\/uploads\/2020\/03\/vestido-de-formatura-verde-atelier-ivana-beaumond-tijuca-rj-10-e1583780267711.jpg\" alt=\"vestido de formatura verde atelier ivana beaumond tijuca rj (10)\" width=\"400\" height=\"600\" \/><\/a><\/p>\n<p><a href=\"https:\/\/www.ivanabeaumond.com.br\/vestidos-noiva\/wp-content\/uploads\/2020\/03\/vestido-de-formatura-verde-atelier-ivana-beaumond-tijuca-rj-9-e1583780284757.jpg\"><img decoding=\"async\" loading=\"lazy\" class=\"aligncenter size-full wp-image-23783\" src=\"https:\/\/www.ivanabeaumond.com.br\/vestidos-noiva\/wp-content\/uploads\/2020\/03\/vestido-de-formatura-verde-atelier-ivana-beaumond-tijuca-rj-9-e1583780284757.jpg\" alt=\"vestido de formatura verde atelier ivana beaumond tijuca rj (9)\" width=\"400\" height=\"601\" \/><\/a><\/p>\n<p><a href=\"https:\/\/www.ivanabeaumond.com.br\/vestidos-noiva\/wp-content\/uploads\/2020\/03\/vestido-de-formatura-verde-atelier-ivana-beaumond-tijuca-rj-e1583780063519.jpg\"><img decoding=\"async\" loading=\"lazy\" class=\"aligncenter size-full wp-image-23791\" src=\"https:\/\/www.ivanabeaumond.com.br\/vestidos-noiva\/wp-content\/uploads\/2020\/03\/vestido-de-formatura-verde-atelier-ivana-beaumond-tijuca-rj-e1583780063519.jpg\" alt=\"vestido de formatura verde atelier ivana beaumond tijuca rj\" width=\"400\" height=\"600\" \/><\/a><\/p>\n<p><a href=\"https:\/\/www.ivanabeaumond.com.br\/vestidos-noiva\/wp-content\/uploads\/2020\/03\/vestido-de-formatura-verde-atelier-ivana-beaumond-tijuca-rj-16-e1583780079610.jpg\"><img decoding=\"async\" loading=\"lazy\" class=\"aligncenter size-full wp-image-23790\" src=\"https:\/\/www.ivanabeaumond.com.br\/vestidos-noiva\/wp-content\/uploads\/2020\/03\/vestido-de-formatura-verde-atelier-ivana-beaumond-tijuca-rj-16-e1583780079610.jpg\" alt=\"vestido de formatura verde atelier ivana beaumond tijuca rj (16)\" width=\"400\" height=\"579\" \/><\/a><\/p>\n<p><img decoding=\"async\" loading=\"lazy\" class=\"aligncenter size-full wp-image-23789\" src=\"https:\/\/www.ivanabeaumond.com.br\/vestidos-noiva\/wp-content\/uploads\/2020\/03\/vestido-de-formatura-verde-atelier-ivana-beaumond-tijuca-rj-15-e1583780094650.jpg\" alt=\"vestido de formatura verde atelier ivana beaumond tijuca rj (15)\" width=\"400\" height=\"646\" \/><\/p>\n<p><img decoding=\"async\" loading=\"lazy\" class=\"aligncenter size-full wp-image-23792\" src=\"https:\/\/www.ivanabeaumond.com.br\/vestidos-noiva\/wp-content\/uploads\/2020\/03\/vestido-de-formatura-verde-atelier-ivana-beaumond-tijuca-rj-17-e1583780661110.jpg\" alt=\"vestido de formatura verde atelier ivana beaumond tijuca rj (17)\" width=\"400\" height=\"527\" \/><\/p>\n<p>&nbsp;<\/p>\n<p>&nbsp;<\/p>\n<p>&nbsp;<\/p>\n<h4><\/h4>\n<h4><\/h4>\n<h3><span style=\"color: #000000;\">Vermelho ou Bord\u00f4<\/span><\/h3>\n<p>&nbsp;<\/p>\n<p>&nbsp;<\/p>\n<p>&nbsp;<\/p>\n<h4><\/h4>\n<h4><span style=\"color: #999999;\">Ci\u00eancias Pol\u00edticas, Direito, Odontologia, Rela\u00e7\u00f5es Internacionais.<\/span><\/h4>\n<p>&nbsp;<\/p>\n<p>&nbsp;<\/p>\n<p>&nbsp;<\/p>\n<p>&nbsp;<\/p>\n<p><a href=\"https:\/\/www.ivanabeaumond.com.br\/vestidos-noiva\/wp-content\/uploads\/2020\/03\/vestido-de-formatura-vermelho-atelier-ivana-beaumond-rj.jpg\"><img decoding=\"async\" loading=\"lazy\" class=\"aligncenter size-full wp-image-23802\" src=\"https:\/\/www.ivanabeaumond.com.br\/vestidos-noiva\/wp-content\/uploads\/2020\/03\/vestido-de-formatura-vermelho-atelier-ivana-beaumond-rj.jpg\" alt=\"vestido de formatura vermelho atelier ivana beaumond rj\" width=\"399\" height=\"600\" srcset=\"https:\/\/www.ivanabeaumond.com.br\/vestidos-noiva\/wp-content\/uploads\/2020\/03\/vestido-de-formatura-vermelho-atelier-ivana-beaumond-rj.jpg 399w, https:\/\/www.ivanabeaumond.com.br\/vestidos-noiva\/wp-content\/uploads\/2020\/03\/vestido-de-formatura-vermelho-atelier-ivana-beaumond-rj-200x300.jpg 200w\" sizes=\"(max-width: 399px) 100vw, 399px\" \/><\/a><\/p>\n<p><a href=\"https:\/\/www.ivanabeaumond.com.br\/vestidos-noiva\/wp-content\/uploads\/2020\/03\/vestido-de-formatura-vermelho-atelier-ivana-beaumond-rj-9.jpg\"><img decoding=\"async\" loading=\"lazy\" class=\"aligncenter size-full wp-image-23801\" src=\"https:\/\/www.ivanabeaumond.com.br\/vestidos-noiva\/wp-content\/uploads\/2020\/03\/vestido-de-formatura-vermelho-atelier-ivana-beaumond-rj-9-e1583780990300.jpg\" alt=\"vestido de formatura vermelho atelier ivana beaumond rj (9)\" width=\"400\" height=\"599\" \/><\/a><\/p>\n<p><a href=\"https:\/\/www.ivanabeaumond.com.br\/vestidos-noiva\/wp-content\/uploads\/2020\/03\/vestido-de-formatura-vermelho-atelier-ivana-beaumond-rj-8-e1583781014762.jpg\"><img decoding=\"async\" loading=\"lazy\" class=\"aligncenter size-full wp-image-23800\" src=\"https:\/\/www.ivanabeaumond.com.br\/vestidos-noiva\/wp-content\/uploads\/2020\/03\/vestido-de-formatura-vermelho-atelier-ivana-beaumond-rj-8-e1583781014762.jpg\" alt=\"vestido de formatura vermelho atelier ivana beaumond rj (8)\" width=\"400\" height=\"650\" \/><\/a><\/p>\n<p><a href=\"https:\/\/www.ivanabeaumond.com.br\/vestidos-noiva\/wp-content\/uploads\/2020\/03\/vestido-de-formatura-vermelho-atelier-ivana-beaumond-rj-7-e1583781032524.jpg\"><img decoding=\"async\" loading=\"lazy\" class=\"aligncenter size-full wp-image-23799\" src=\"https:\/\/www.ivanabeaumond.com.br\/vestidos-noiva\/wp-content\/uploads\/2020\/03\/vestido-de-formatura-vermelho-atelier-ivana-beaumond-rj-7-e1583781032524.jpg\" alt=\"vestido de formatura vermelho atelier ivana beaumond rj (7)\" width=\"400\" height=\"600\" \/><\/a><\/p>\n<p><a href=\"https:\/\/www.ivanabeaumond.com.br\/vestidos-noiva\/wp-content\/uploads\/2020\/03\/vestido-de-formatura-vermelho-atelier-ivana-beaumond-rj-6-e1583781048675.jpg\"><img decoding=\"async\" loading=\"lazy\" class=\"aligncenter size-full wp-image-23798\" src=\"https:\/\/www.ivanabeaumond.com.br\/vestidos-noiva\/wp-content\/uploads\/2020\/03\/vestido-de-formatura-vermelho-atelier-ivana-beaumond-rj-6-e1583781048675.jpg\" alt=\"vestido de formatura vermelho atelier ivana beaumond rj (6)\" width=\"400\" height=\"580\" \/><\/a><\/p>\n<p><a href=\"https:\/\/www.ivanabeaumond.com.br\/vestidos-noiva\/wp-content\/uploads\/2020\/03\/vestido-de-formatura-vermelho-atelier-ivana-beaumond-rj-5-e1583781070880.jpg\"><img decoding=\"async\" loading=\"lazy\" class=\"aligncenter size-full wp-image-23797\" src=\"https:\/\/www.ivanabeaumond.com.br\/vestidos-noiva\/wp-content\/uploads\/2020\/03\/vestido-de-formatura-vermelho-atelier-ivana-beaumond-rj-5-e1583781070880.jpg\" alt=\"vestido de formatura vermelho atelier ivana beaumond rj (5)\" width=\"400\" height=\"601\" \/><\/a><\/p>\n<p><a href=\"https:\/\/www.ivanabeaumond.com.br\/vestidos-noiva\/wp-content\/uploads\/2020\/03\/vestido-de-formatura-vermelho-atelier-ivana-beaumond-rj-4-e1583781091363.jpg\"><img decoding=\"async\" loading=\"lazy\" class=\"aligncenter size-full wp-image-23796\" src=\"https:\/\/www.ivanabeaumond.com.br\/vestidos-noiva\/wp-content\/uploads\/2020\/03\/vestido-de-formatura-vermelho-atelier-ivana-beaumond-rj-4-e1583781091363.jpg\" alt=\"vestido de formatura vermelho atelier ivana beaumond rj (4)\" width=\"400\" height=\"600\" \/><\/a><\/p>\n<p><a href=\"https:\/\/www.ivanabeaumond.com.br\/vestidos-noiva\/wp-content\/uploads\/2020\/03\/vestido-de-formatura-vermelho-atelier-ivana-beaumond-rj-3-e1583781144419.jpg\"><img decoding=\"async\" loading=\"lazy\" class=\"aligncenter size-full wp-image-23795\" src=\"https:\/\/www.ivanabeaumond.com.br\/vestidos-noiva\/wp-content\/uploads\/2020\/03\/vestido-de-formatura-vermelho-atelier-ivana-beaumond-rj-3-e1583781144419.jpg\" alt=\"vestido de formatura vermelho atelier ivana beaumond rj (3)\" width=\"400\" height=\"602\" \/><\/a><\/p>\n<p><a href=\"https:\/\/www.ivanabeaumond.com.br\/vestidos-noiva\/wp-content\/uploads\/2020\/03\/vestido-de-formatura-vermelho-atelier-ivana-beaumond-rj-2-e1583781162357.jpg\"><img decoding=\"async\" loading=\"lazy\" class=\"aligncenter size-full wp-image-23794\" src=\"https:\/\/www.ivanabeaumond.com.br\/vestidos-noiva\/wp-content\/uploads\/2020\/03\/vestido-de-formatura-vermelho-atelier-ivana-beaumond-rj-2-e1583781162357.jpg\" alt=\"vestido de formatura vermelho atelier ivana beaumond rj (2)\" width=\"400\" height=\"596\" \/><\/a><\/p>\n<p><img decoding=\"async\" loading=\"lazy\" class=\"aligncenter size-full wp-image-23793\" src=\"https:\/\/www.ivanabeaumond.com.br\/vestidos-noiva\/wp-content\/uploads\/2020\/03\/vestido-de-formatura-vermelho-atelier-ivana-beaumond-rj-1-e1583781181667.jpg\" alt=\"vestido de formatura vermelho atelier ivana beaumond rj (1)\" width=\"400\" height=\"646\" \/><\/p>\n<p>&nbsp;<\/p>\n<p>&nbsp;<\/p>\n<p>&nbsp;<\/p>\n<h4><span style=\"color: #999999;\">Voc\u00ea pode conhecer os nossos modelos de vestidos de formatura acessando<\/span>\u00a0<a href=\"http:\/\/www.ivanabeaumond.com.br\/vestidos-noiva\/vestidos-casamento-madrinha-festa-formatura\/\" target=\"_blank\">esse link<\/a>!<\/h4>\n<p>&nbsp;<\/p>\n<p>&nbsp;<\/p>\n<p>&nbsp;<\/p>\n<p>&nbsp;<\/p>\n<h4><span style=\"color: #000000;\">Imagens:\u00a0<\/span><\/h4>\n<h4><span style=\"color: #000000;\"><a style=\"color: #000000;\" href=\"https:\/\/caras.uol.com.br\/\">https:\/\/caras.uol.com.br\/<\/a><\/span><\/h4>\n<h4><span style=\"color: #000000;\"><a style=\"color: #000000;\" href=\"https:\/\/www.instyle.com\/\">https:\/\/www.instyle.com\/<\/a><\/span><\/h4>\n<h4><span style=\"color: #000000;\"><a style=\"color: #000000;\" href=\"https:\/\/www.buzzfeed.com\/\">https:\/\/www.buzzfeed.com\/<\/a><\/span><\/h4>\n<h4><span style=\"color: #000000;\"><a style=\"color: #000000;\" href=\"https:\/\/www.fashionismo.com.br\/\">https:\/\/www.fashionismo.com.br\/<\/a><\/span><\/h4>\n<h4><span style=\"color: #000000;\"><a style=\"color: #000000;\" href=\"https:\/\/br.pinterest.com\/\">https:\/\/br.pinterest.com\/<\/a><\/span><\/h4>\n<h4><span style=\"color: #000000;\"><a style=\"color: #000000;\" href=\"https:\/\/www.segredosdavovo.com.br\/2016\/08\/fotos-divertidas-com-toga\/\">https:\/\/www.segredosdavovo.com.br\/2016\/08\/fotos-divertidas-com-toga\/<\/a><\/span><\/h4>\n<p>&nbsp;<\/p>\n<p>&nbsp;<\/p>\n<p>&nbsp;<\/p>\n<p>&nbsp;<\/p>\n<p>&nbsp;<\/p>\n<h4><span style=\"color: #999999;\">Gostou? Siga nosso instagram<\/span>\u00a0<a href=\"https:\/\/www.instagram.com\/ivanabeaumond\/\" target=\"_blank\">@ivanabeaumond<\/a>\u00a0<span style=\"color: #999999;\">e curta nossa<\/span>\u00a0<a href=\"https:\/\/www.facebook.com\/IvanaBeaumond\/\" target=\"_blank\">fanpage<\/a>\u00a0\u00a0<span style=\"color: #999999;\">no Facebook para ficar por dentro de tudo o que rola no mundo das noivas, e conhe\u00e7a nossos Melhores Modelos de Vestidos de Noivas Nacionais, Importados e Sob Medida.<\/span><\/h4>\n<p>&nbsp;<\/p>\n<p>&nbsp;<\/p>\n<p>&nbsp;<\/p>\n<p>&nbsp;<\/p>\n<p>&nbsp;<\/p>\n<p>&nbsp;<\/p>\n<p>&nbsp;<\/p>\n<p>&nbsp;<\/p>\n","protected":false},"excerpt":{"rendered":"<p>Mais do que uma simples cerim\u00f4nia de confraterniza\u00e7\u00e3o, a Cola\u00e7\u00e3o&#8230;<\/p>\n","protected":false},"author":4,"featured_media":23821,"comment_status":"closed","ping_status":"closed","sticky":false,"template":"","format":"standard","meta":[],"categories":[60,127],"tags":[131,1019,650,695,1158,177,1153,1152,1155,1154,1156,1149,1150,1151,286,103,1159,1165,726,138,1148,1161,1160,1163,1164,1162,1157,115,690],"yoast_head":"<!-- This site is optimized with the Yoast SEO plugin v20.3 - https:\/\/yoast.com\/wordpress\/plugins\/seo\/ -->\n<title>Formatura: saiba qual \u00e9 a cor do seu curso de gradua\u00e7\u00e3o - Vestido de Noiva RJ<\/title>\n<meta name=\"robots\" content=\"index, follow, max-snippet:-1, max-image-preview:large, max-video-preview:-1\" \/>\n<link rel=\"canonical\" href=\"https:\/\/www.ivanabeaumond.com.br\/vestidos-noiva\/formatura-saiba-qual-e-a-cor-do-seu-curso-de-graduacao\/\" \/>\n<meta property=\"og:locale\" content=\"pt_BR\" \/>\n<meta property=\"og:type\" content=\"article\" \/>\n<meta property=\"og:title\" content=\"Formatura: saiba qual \u00e9 a cor do seu curso de gradua\u00e7\u00e3o - Vestido de Noiva RJ\" \/>\n<meta property=\"og:description\" content=\"Mais do que uma simples cerim\u00f4nia de confraterniza\u00e7\u00e3o, a Cola\u00e7\u00e3o...\" \/>\n<meta property=\"og:url\" content=\"https:\/\/www.ivanabeaumond.com.br\/vestidos-noiva\/formatura-saiba-qual-e-a-cor-do-seu-curso-de-graduacao\/\" \/>\n<meta property=\"og:site_name\" content=\"Vestido de Noiva RJ\" \/>\n<meta property=\"article:publisher\" content=\"https:\/\/www.facebook.com\/ivana.beaumondnoivas\" \/>\n<meta property=\"article:published_time\" content=\"2020-03-09T20:16:14+00:00\" \/>\n<meta property=\"og:image\" content=\"https:\/\/www.ivanabeaumond.com.br\/vestidos-noiva\/wp-content\/uploads\/2020\/03\/segredos-da-vovo-toga13-e1583784675425.jpg\" \/>\n\t<meta property=\"og:image:width\" content=\"600\" \/>\n\t<meta property=\"og:image:height\" content=\"401\" \/>\n\t<meta property=\"og:image:type\" content=\"image\/jpeg\" \/>\n<meta name=\"author\" content=\"Ivana Beaumond Paris\" \/>\n<meta name=\"twitter:card\" content=\"summary_large_image\" \/>\n<meta name=\"twitter:label1\" content=\"Escrito por\" \/>\n\t<meta name=\"twitter:data1\" content=\"Ivana Beaumond Paris\" \/>\n\t<meta name=\"twitter:label2\" content=\"Est. tempo de leitura\" \/>\n\t<meta name=\"twitter:data2\" content=\"3 minutos\" \/>\n<script type=\"application\/ld+json\" class=\"yoast-schema-graph\">{\"@context\":\"https:\/\/schema.org\",\"@graph\":[{\"@type\":\"Article\",\"@id\":\"https:\/\/www.ivanabeaumond.com.br\/vestidos-noiva\/formatura-saiba-qual-e-a-cor-do-seu-curso-de-graduacao\/#article\",\"isPartOf\":{\"@id\":\"https:\/\/www.ivanabeaumond.com.br\/vestidos-noiva\/formatura-saiba-qual-e-a-cor-do-seu-curso-de-graduacao\/\"},\"author\":{\"name\":\"Ivana Beaumond Paris\",\"@id\":\"https:\/\/www.ivanabeaumond.com.br\/vestidos-noiva\/#\/schema\/person\/1a360c4cffa3b806d29a456389dcff26\"},\"headline\":\"Formatura: saiba qual \u00e9 a cor do seu curso de gradua\u00e7\u00e3o\",\"datePublished\":\"2020-03-09T20:16:14+00:00\",\"dateModified\":\"2020-03-09T20:16:14+00:00\",\"mainEntityOfPage\":{\"@id\":\"https:\/\/www.ivanabeaumond.com.br\/vestidos-noiva\/formatura-saiba-qual-e-a-cor-do-seu-curso-de-graduacao\/\"},\"wordCount\":544,\"publisher\":{\"@id\":\"https:\/\/www.ivanabeaumond.com.br\/vestidos-noiva\/#organization\"},\"keywords\":[\"aluguel de roupas\",\"atelier de noivas rj\",\"atelier ivana beaumond\",\"atelier ivana beaumond paris\",\"cannes 2020\",\"celebridades\",\"formanda\",\"formandas\",\"formando\",\"formandos\",\"formandos 2020\",\"formatura 2020\",\"formatura de direito\",\"formatura de medicina\",\"ivana beaumond\",\"madrinhas\",\"oscar 2020\",\"v estido de formatura dourado\",\"vestido de debutante rj\",\"vestido de festa\",\"vestido de formatura\",\"vestido de formatura amarelo\",\"vestido de formatura azul\",\"vestido de formatura bord\u00f4\",\"vestido de formatura verde\",\"vestido de formatura vermelho\",\"vestido de madrinha\",\"vestido de noiva\",\"vestido de noiva rj\"],\"articleSection\":[\"Blog\",\"Dicas e Truques\"],\"inLanguage\":\"pt-BR\"},{\"@type\":\"WebPage\",\"@id\":\"https:\/\/www.ivanabeaumond.com.br\/vestidos-noiva\/formatura-saiba-qual-e-a-cor-do-seu-curso-de-graduacao\/\",\"url\":\"https:\/\/www.ivanabeaumond.com.br\/vestidos-noiva\/formatura-saiba-qual-e-a-cor-do-seu-curso-de-graduacao\/\",\"name\":\"Formatura: saiba qual \u00e9 a cor do seu curso de gradua\u00e7\u00e3o - Vestido de Noiva RJ\",\"isPartOf\":{\"@id\":\"https:\/\/www.ivanabeaumond.com.br\/vestidos-noiva\/#website\"},\"datePublished\":\"2020-03-09T20:16:14+00:00\",\"dateModified\":\"2020-03-09T20:16:14+00:00\",\"breadcrumb\":{\"@id\":\"https:\/\/www.ivanabeaumond.com.br\/vestidos-noiva\/formatura-saiba-qual-e-a-cor-do-seu-curso-de-graduacao\/#breadcrumb\"},\"inLanguage\":\"pt-BR\",\"potentialAction\":[{\"@type\":\"ReadAction\",\"target\":[\"https:\/\/www.ivanabeaumond.com.br\/vestidos-noiva\/formatura-saiba-qual-e-a-cor-do-seu-curso-de-graduacao\/\"]}]},{\"@type\":\"BreadcrumbList\",\"@id\":\"https:\/\/www.ivanabeaumond.com.br\/vestidos-noiva\/formatura-saiba-qual-e-a-cor-do-seu-curso-de-graduacao\/#breadcrumb\",\"itemListElement\":[{\"@type\":\"ListItem\",\"position\":1,\"name\":\"In\u00edcio\",\"item\":\"https:\/\/www.ivanabeaumond.com.br\/vestidos-noiva\/\"},{\"@type\":\"ListItem\",\"position\":2,\"name\":\"Formatura: saiba qual \u00e9 a cor do seu curso de gradua\u00e7\u00e3o\"}]},{\"@type\":\"WebSite\",\"@id\":\"https:\/\/www.ivanabeaumond.com.br\/vestidos-noiva\/#website\",\"url\":\"https:\/\/www.ivanabeaumond.com.br\/vestidos-noiva\/\",\"name\":\"Vestido de Noiva RJ\",\"description\":\"Moda Noiva\",\"publisher\":{\"@id\":\"https:\/\/www.ivanabeaumond.com.br\/vestidos-noiva\/#organization\"},\"potentialAction\":[{\"@type\":\"SearchAction\",\"target\":{\"@type\":\"EntryPoint\",\"urlTemplate\":\"https:\/\/www.ivanabeaumond.com.br\/vestidos-noiva\/?s={search_term_string}\"},\"query-input\":\"required name=search_term_string\"}],\"inLanguage\":\"pt-BR\"},{\"@type\":\"Organization\",\"@id\":\"https:\/\/www.ivanabeaumond.com.br\/vestidos-noiva\/#organization\",\"name\":\"Vestido de Noiva RJ\",\"url\":\"https:\/\/www.ivanabeaumond.com.br\/vestidos-noiva\/\",\"logo\":{\"@type\":\"ImageObject\",\"inLanguage\":\"pt-BR\",\"@id\":\"https:\/\/www.ivanabeaumond.com.br\/vestidos-noiva\/#\/schema\/logo\/image\/\",\"url\":\"https:\/\/www.ivanabeaumond.com.br\/vestidos-noiva\/wp-content\/uploads\/2018\/02\/logo_ivana_beaumond-2.png\",\"contentUrl\":\"https:\/\/www.ivanabeaumond.com.br\/vestidos-noiva\/wp-content\/uploads\/2018\/02\/logo_ivana_beaumond-2.png\",\"width\":230,\"height\":112,\"caption\":\"Vestido de Noiva RJ\"},\"image\":{\"@id\":\"https:\/\/www.ivanabeaumond.com.br\/vestidos-noiva\/#\/schema\/logo\/image\/\"},\"sameAs\":[\"https:\/\/www.facebook.com\/ivana.beaumondnoivas\",\"https:\/\/www.instagram.com\/ivanabeaumond\/\",\"https:\/\/www.tiktok.com\/@ivanabeaumond\"]},{\"@type\":\"Person\",\"@id\":\"https:\/\/www.ivanabeaumond.com.br\/vestidos-noiva\/#\/schema\/person\/1a360c4cffa3b806d29a456389dcff26\",\"name\":\"Ivana Beaumond Paris\",\"image\":{\"@type\":\"ImageObject\",\"inLanguage\":\"pt-BR\",\"@id\":\"https:\/\/www.ivanabeaumond.com.br\/vestidos-noiva\/#\/schema\/person\/image\/\",\"url\":\"https:\/\/secure.gravatar.com\/avatar\/641f98db20b53ec937ceb641db4270b9?s=96&d=mm&r=g\",\"contentUrl\":\"https:\/\/secure.gravatar.com\/avatar\/641f98db20b53ec937ceb641db4270b9?s=96&d=mm&r=g\",\"caption\":\"Ivana Beaumond Paris\"},\"url\":\"https:\/\/www.ivanabeaumond.com.br\/vestidos-noiva\/author\/ivana\/\"}]}<\/script>\n<!-- \/ Yoast SEO plugin. -->","yoast_head_json":{"title":"Formatura: saiba qual \u00e9 a cor do seu curso de gradua\u00e7\u00e3o - Vestido de Noiva RJ","robots":{"index":"index","follow":"follow","max-snippet":"max-snippet:-1","max-image-preview":"max-image-preview:large","max-video-preview":"max-video-preview:-1"},"canonical":"https:\/\/www.ivanabeaumond.com.br\/vestidos-noiva\/formatura-saiba-qual-e-a-cor-do-seu-curso-de-graduacao\/","og_locale":"pt_BR","og_type":"article","og_title":"Formatura: saiba qual \u00e9 a cor do seu curso de gradua\u00e7\u00e3o - Vestido de Noiva RJ","og_description":"Mais do que uma simples cerim\u00f4nia de confraterniza\u00e7\u00e3o, a Cola\u00e7\u00e3o...","og_url":"https:\/\/www.ivanabeaumond.com.br\/vestidos-noiva\/formatura-saiba-qual-e-a-cor-do-seu-curso-de-graduacao\/","og_site_name":"Vestido de Noiva RJ","article_publisher":"https:\/\/www.facebook.com\/ivana.beaumondnoivas","article_published_time":"2020-03-09T20:16:14+00:00","og_image":[{"width":600,"height":401,"url":"https:\/\/www.ivanabeaumond.com.br\/vestidos-noiva\/wp-content\/uploads\/2020\/03\/segredos-da-vovo-toga13-e1583784675425.jpg","type":"image\/jpeg"}],"author":"Ivana Beaumond Paris","twitter_card":"summary_large_image","twitter_misc":{"Escrito por":"Ivana Beaumond Paris","Est. tempo de leitura":"3 minutos"},"schema":{"@context":"https:\/\/schema.org","@graph":[{"@type":"Article","@id":"https:\/\/www.ivanabeaumond.com.br\/vestidos-noiva\/formatura-saiba-qual-e-a-cor-do-seu-curso-de-graduacao\/#article","isPartOf":{"@id":"https:\/\/www.ivanabeaumond.com.br\/vestidos-noiva\/formatura-saiba-qual-e-a-cor-do-seu-curso-de-graduacao\/"},"author":{"name":"Ivana Beaumond Paris","@id":"https:\/\/www.ivanabeaumond.com.br\/vestidos-noiva\/#\/schema\/person\/1a360c4cffa3b806d29a456389dcff26"},"headline":"Formatura: saiba qual \u00e9 a cor do seu curso de gradua\u00e7\u00e3o","datePublished":"2020-03-09T20:16:14+00:00","dateModified":"2020-03-09T20:16:14+00:00","mainEntityOfPage":{"@id":"https:\/\/www.ivanabeaumond.com.br\/vestidos-noiva\/formatura-saiba-qual-e-a-cor-do-seu-curso-de-graduacao\/"},"wordCount":544,"publisher":{"@id":"https:\/\/www.ivanabeaumond.com.br\/vestidos-noiva\/#organization"},"keywords":["aluguel de roupas","atelier de noivas rj","atelier ivana beaumond","atelier ivana beaumond paris","cannes 2020","celebridades","formanda","formandas","formando","formandos","formandos 2020","formatura 2020","formatura de direito","formatura de medicina","ivana beaumond","madrinhas","oscar 2020","v estido de formatura dourado","vestido de debutante rj","vestido de festa","vestido de formatura","vestido de formatura amarelo","vestido de formatura azul","vestido de formatura bord\u00f4","vestido de formatura verde","vestido de formatura vermelho","vestido de madrinha","vestido de noiva","vestido de noiva rj"],"articleSection":["Blog","Dicas e Truques"],"inLanguage":"pt-BR"},{"@type":"WebPage","@id":"https:\/\/www.ivanabeaumond.com.br\/vestidos-noiva\/formatura-saiba-qual-e-a-cor-do-seu-curso-de-graduacao\/","url":"https:\/\/www.ivanabeaumond.com.br\/vestidos-noiva\/formatura-saiba-qual-e-a-cor-do-seu-curso-de-graduacao\/","name":"Formatura: saiba qual \u00e9 a cor do seu curso de gradua\u00e7\u00e3o - Vestido de Noiva RJ","isPartOf":{"@id":"https:\/\/www.ivanabeaumond.com.br\/vestidos-noiva\/#website"},"datePublished":"2020-03-09T20:16:14+00:00","dateModified":"2020-03-09T20:16:14+00:00","breadcrumb":{"@id":"https:\/\/www.ivanabeaumond.com.br\/vestidos-noiva\/formatura-saiba-qual-e-a-cor-do-seu-curso-de-graduacao\/#breadcrumb"},"inLanguage":"pt-BR","potentialAction":[{"@type":"ReadAction","target":["https:\/\/www.ivanabeaumond.com.br\/vestidos-noiva\/formatura-saiba-qual-e-a-cor-do-seu-curso-de-graduacao\/"]}]},{"@type":"BreadcrumbList","@id":"https:\/\/www.ivanabeaumond.com.br\/vestidos-noiva\/formatura-saiba-qual-e-a-cor-do-seu-curso-de-graduacao\/#breadcrumb","itemListElement":[{"@type":"ListItem","position":1,"name":"In\u00edcio","item":"https:\/\/www.ivanabeaumond.com.br\/vestidos-noiva\/"},{"@type":"ListItem","position":2,"name":"Formatura: saiba qual \u00e9 a cor do seu curso de gradua\u00e7\u00e3o"}]},{"@type":"WebSite","@id":"https:\/\/www.ivanabeaumond.com.br\/vestidos-noiva\/#website","url":"https:\/\/www.ivanabeaumond.com.br\/vestidos-noiva\/","name":"Vestido de Noiva RJ","description":"Moda Noiva","publisher":{"@id":"https:\/\/www.ivanabeaumond.com.br\/vestidos-noiva\/#organization"},"potentialAction":[{"@type":"SearchAction","target":{"@type":"EntryPoint","urlTemplate":"https:\/\/www.ivanabeaumond.com.br\/vestidos-noiva\/?s={search_term_string}"},"query-input":"required name=search_term_string"}],"inLanguage":"pt-BR"},{"@type":"Organization","@id":"https:\/\/www.ivanabeaumond.com.br\/vestidos-noiva\/#organization","name":"Vestido de Noiva RJ","url":"https:\/\/www.ivanabeaumond.com.br\/vestidos-noiva\/","logo":{"@type":"ImageObject","inLanguage":"pt-BR","@id":"https:\/\/www.ivanabeaumond.com.br\/vestidos-noiva\/#\/schema\/logo\/image\/","url":"https:\/\/www.ivanabeaumond.com.br\/vestidos-noiva\/wp-content\/uploads\/2018\/02\/logo_ivana_beaumond-2.png","contentUrl":"https:\/\/www.ivanabeaumond.com.br\/vestidos-noiva\/wp-content\/uploads\/2018\/02\/logo_ivana_beaumond-2.png","width":230,"height":112,"caption":"Vestido de Noiva RJ"},"image":{"@id":"https:\/\/www.ivanabeaumond.com.br\/vestidos-noiva\/#\/schema\/logo\/image\/"},"sameAs":["https:\/\/www.facebook.com\/ivana.beaumondnoivas","https:\/\/www.instagram.com\/ivanabeaumond\/","https:\/\/www.tiktok.com\/@ivanabeaumond"]},{"@type":"Person","@id":"https:\/\/www.ivanabeaumond.com.br\/vestidos-noiva\/#\/schema\/person\/1a360c4cffa3b806d29a456389dcff26","name":"Ivana Beaumond Paris","image":{"@type":"ImageObject","inLanguage":"pt-BR","@id":"https:\/\/www.ivanabeaumond.com.br\/vestidos-noiva\/#\/schema\/person\/image\/","url":"https:\/\/secure.gravatar.com\/avatar\/641f98db20b53ec937ceb641db4270b9?s=96&d=mm&r=g","contentUrl":"https:\/\/secure.gravatar.com\/avatar\/641f98db20b53ec937ceb641db4270b9?s=96&d=mm&r=g","caption":"Ivana Beaumond Paris"},"url":"https:\/\/www.ivanabeaumond.com.br\/vestidos-noiva\/author\/ivana\/"}]}},"_links":{"self":[{"href":"https:\/\/www.ivanabeaumond.com.br\/vestidos-noiva\/wp-json\/wp\/v2\/posts\/23723"}],"collection":[{"href":"https:\/\/www.ivanabeaumond.com.br\/vestidos-noiva\/wp-json\/wp\/v2\/posts"}],"about":[{"href":"https:\/\/www.ivanabeaumond.com.br\/vestidos-noiva\/wp-json\/wp\/v2\/types\/post"}],"author":[{"embeddable":true,"href":"https:\/\/www.ivanabeaumond.com.br\/vestidos-noiva\/wp-json\/wp\/v2\/users\/4"}],"replies":[{"embeddable":true,"href":"https:\/\/www.ivanabeaumond.com.br\/vestidos-noiva\/wp-json\/wp\/v2\/comments?post=23723"}],"version-history":[{"count":12,"href":"https:\/\/www.ivanabeaumond.com.br\/vestidos-noiva\/wp-json\/wp\/v2\/posts\/23723\/revisions"}],"predecessor-version":[{"id":24497,"href":"https:\/\/www.ivanabeaumond.com.br\/vestidos-noiva\/wp-json\/wp\/v2\/posts\/23723\/revisions\/24497"}],"wp:featuredmedia":[{"embeddable":true,"href":"https:\/\/www.ivanabeaumond.com.br\/vestidos-noiva\/wp-json\/wp\/v2\/media\/23821"}],"wp:attachment":[{"href":"https:\/\/www.ivanabeaumond.com.br\/vestidos-noiva\/wp-json\/wp\/v2\/media?parent=23723"}],"wp:term":[{"taxonomy":"category","embeddable":true,"href":"https:\/\/www.ivanabeaumond.com.br\/vestidos-noiva\/wp-json\/wp\/v2\/categories?post=23723"},{"taxonomy":"post_tag","embeddable":true,"href":"https:\/\/www.ivanabeaumond.com.br\/vestidos-noiva\/wp-json\/wp\/v2\/tags?post=23723"}],"curies":[{"name":"wp","href":"https:\/\/api.w.org\/{rel}","templated":true}]}}