{"id":23859,"date":"2020-03-11T17:58:57","date_gmt":"2020-03-11T20:58:57","guid":{"rendered":"https:\/\/www.ivanabeaumond.com.br\/vestidos-noiva\/?p=23859"},"modified":"2020-08-13T17:58:35","modified_gmt":"2020-08-13T20:58:35","slug":"festa-tema-galaxia-com-isabella","status":"publish","type":"post","link":"https:\/\/www.ivanabeaumond.com.br\/vestidos-noiva\/festa-tema-galaxia-com-isabella\/","title":{"rendered":"Festa tema Gal\u00e1xia, com Isabella"},"content":{"rendered":"<h4 style=\"text-align: justify;\"><span style=\"color: #999999;\">Em uma gal\u00e1xia muito, muito distante,\u00a0essa debutante linda e carism\u00e1tica chamada Isabella foi buscar inspira\u00e7\u00e3o para o seu XV. Marcada por\u00a0tons de azul e prata, a decora\u00e7\u00e3o\u00a0da festa da Isabella contou com um trabalho impec\u00e1vel de ilumina\u00e7\u00e3o, respons\u00e1vel por trazer o clima tem\u00e1tico espacial para o sal\u00e3o da Pedra do Alto. Al\u00e9m disso tudo, nossa debutante investiu em 3 looks especiais para comemorar essa noite estelar em grande estilo &#8211; todos eles assinados pelo Atelier Ivana Beaumond Paris, que teve a honra de participar dessa super produ\u00e7\u00e3o!\u00a0<\/span><\/h4>\n<p><img decoding=\"async\" loading=\"lazy\" class=\"aligncenter size-full wp-image-23865\" src=\"https:\/\/www.ivanabeaumond.com.br\/vestidos-noiva\/wp-content\/uploads\/2020\/03\/Isabella-Benevenuto-Vestido-de-Debutante-Rj-Atelier-Ivana-Beaumond-Paris-29-e1583956830770.jpg\" alt=\"Isabella Benevenuto Vestido de Debutante Rj Atelier Ivana Beaumond Paris (29)\" width=\"600\" height=\"399\" \/><\/p>\n<p><img decoding=\"async\" loading=\"lazy\" class=\"aligncenter size-full wp-image-23862\" src=\"https:\/\/www.ivanabeaumond.com.br\/vestidos-noiva\/wp-content\/uploads\/2020\/03\/Isabella-Benevenuto-Vestido-de-Debutante-Rj-Atelier-Ivana-Beaumond-Paris-26-e1583958406755.jpg\" alt=\"Isabella Benevenuto Vestido de Debutante Rj Atelier Ivana Beaumond Paris (26)\" width=\"600\" height=\"399\" \/><\/p>\n<p><img decoding=\"async\" loading=\"lazy\" class=\"aligncenter size-full wp-image-23863\" src=\"https:\/\/www.ivanabeaumond.com.br\/vestidos-noiva\/wp-content\/uploads\/2020\/03\/Isabella-Benevenuto-Vestido-de-Debutante-Rj-Atelier-Ivana-Beaumond-Paris-27-e1583958454611.jpg\" alt=\"Isabella Benevenuto Vestido de Debutante Rj Atelier Ivana Beaumond Paris (27)\" width=\"600\" height=\"399\" \/><\/p>\n<h4 style=\"text-align: justify;\"><span style=\"color: #999999;\">\u00a0O primeiro modelo \u00e9 curtinho e tem o top todo bordado com aplica\u00e7\u00f5es de cristais. Ele possui um tom de verde vibrante incr\u00edvel, para chamar a aten\u00e7\u00e3o mesmo! Foi o vestido que a Isa escolheu para usar na recep\u00e7\u00e3o dos convidados.<\/span><\/h4>\n<p><img decoding=\"async\" loading=\"lazy\" class=\"aligncenter size-full wp-image-23861\" src=\"https:\/\/www.ivanabeaumond.com.br\/vestidos-noiva\/wp-content\/uploads\/2020\/03\/Isabella-Benevenuto-Vestido-de-Debutante-Rj-Atelier-Ivana-Beaumond-Paris-10-e1583955924431.jpg\" alt=\"Isabella Benevenuto Vestido de Debutante Rj Atelier Ivana Beaumond Paris (10)\" width=\"600\" height=\"399\" \/><\/p>\n<p><img decoding=\"async\" loading=\"lazy\" class=\"aligncenter size-full wp-image-23860\" src=\"https:\/\/www.ivanabeaumond.com.br\/vestidos-noiva\/wp-content\/uploads\/2020\/03\/Isabella-Benevenuto-Vestido-de-Debutante-Rj-Atelier-Ivana-Beaumond-Paris-9-e1583955965982.jpg\" alt=\"Isabella Benevenuto Vestido de Debutante Rj Atelier Ivana Beaumond Paris (9)\" width=\"600\" height=\"399\" \/><\/p>\n<h4 style=\"text-align: justify;\"><span style=\"color: #999999;\">O segundo look \u00e9 um modelo longo azul marinho com salpicado de cristais brilhantes por toda a sua saia &#8211; um visual bem gal\u00e1xia mesmo, para fazer jus ao tema da festa. Esse\u00a0vestido tem um efeito bel\u00edssimo com a luz, e funcionou perfeitamente para o momento da valsa,\u00a0para o qual a Isa o vestiu.\u00a0<\/span><\/h4>\n<p><img decoding=\"async\" loading=\"lazy\" class=\"aligncenter size-full wp-image-23867\" src=\"https:\/\/www.ivanabeaumond.com.br\/vestidos-noiva\/wp-content\/uploads\/2020\/03\/Isabella-Benevenuto-Vestido-de-Debutante-Rj-Atelier-Ivana-Beaumond-Paris-31-e1583958956555.jpg\" alt=\"Isabella Benevenuto Vestido de Debutante Rj Atelier Ivana Beaumond Paris (31)\" width=\"600\" height=\"399\" \/><\/p>\n<p><img decoding=\"async\" loading=\"lazy\" class=\"aligncenter size-full wp-image-23868\" src=\"https:\/\/www.ivanabeaumond.com.br\/vestidos-noiva\/wp-content\/uploads\/2020\/03\/Isabella-Benevenuto-Vestido-de-Debutante-Rj-Atelier-Ivana-Beaumond-Paris-32-e1583959028663.jpg\" alt=\"Isabella Benevenuto Vestido de Debutante Rj Atelier Ivana Beaumond Paris (32)\" width=\"600\" height=\"399\" \/><\/p>\n<h4 style=\"text-align: justify;\"><span style=\"color: #999999;\">Para a abertura da pista, nossa debutante usou um look mais despojado, com uma camiseta preta e uma saia customizada &#8211; combinando o figurino com as amigas, que participaram com ela de uma apresenta\u00e7\u00e3o de dan\u00e7a.\u00a0<\/span><\/h4>\n<h4 style=\"text-align: justify;\"><span style=\"color: #999999;\">Voc\u00ea pode conferir outras imagens da Isa e da decora\u00e7\u00e3o da festa no \u00e1lbum a seguir. As fotos s\u00e3o do fot\u00f3grafo<\/span> <a href=\"https:\/\/www.rodrigorezende.com.br\/portfolio\/15-anos\/304401-15-anos-isabella-benevenuto-pedra-do-alto\" target=\"_blank\" rel=\"noopener noreferrer\">Rodrigo Rezende<\/a>:<\/h4>\n<style id=\"bwg-style-0\">    #bwg_container1_0 #bwg_container2_0 .bwg-container-0.bwg-standard-thumbnails {      width: 904px;              justify-content: center;        margin:0 auto !important;              background-color: rgba(255, 255, 255, 0.00);            padding-left: 4px;      padding-top: 4px;      max-width: 100%;            }        #bwg_container1_0 #bwg_container2_0 .bwg-container-0.bwg-standard-thumbnails .bwg-item {    justify-content: flex-start;      max-width: 180px;            width: 180px !important;          }    #bwg_container1_0 #bwg_container2_0 .bwg-container-0.bwg-standard-thumbnails .bwg-item a {       margin-right: 4px;       margin-bottom: 4px;    }    #bwg_container1_0 #bwg_container2_0 .bwg-container-0.bwg-standard-thumbnails .bwg-item0 {      padding: 0px;            background-color:rgba(255,255,255, 0.30);      border: 0px none #CCCCCC;      opacity: 1.00;      border-radius: 0;      box-shadow: 0px 0px 0px #888888;    }    #bwg_container1_0 #bwg_container2_0 .bwg-container-0.bwg-standard-thumbnails .bwg-item1 img {      max-height: none;      max-width: none;      padding: 0 !important;    }        @media only screen and (min-width: 480px) {      #bwg_container1_0 #bwg_container2_0 .bwg-container-0.bwg-standard-thumbnails .bwg-item0 {        transition: all 0.3s ease 0s;-webkit-transition: all 0.3s ease 0s;      }      #bwg_container1_0 #bwg_container2_0 .bwg-container-0.bwg-standard-thumbnails .bwg-item0:hover {        -ms-transform: scale(1.1);        -webkit-transform: scale(1.1);        transform: scale(1.1);      }    }          #bwg_container1_0 #bwg_container2_0 .bwg-container-0.bwg-standard-thumbnails .bwg-item1 {      padding-top: 50%;    }        #bwg_container1_0 #bwg_container2_0 .bwg-container-0.bwg-standard-thumbnails .bwg-title2,    #bwg_container1_0 #bwg_container2_0 .bwg-container-0.bwg-standard-thumbnails .bwg-ecommerce2 {      color: #CCCCCC;      font-family: segoe ui;      font-size: 16px;      font-weight: bold;      padding: 2px;      text-shadow: 0px 0px 0px #888888;      max-height: 100%;    }    #bwg_container1_0 #bwg_container2_0 .bwg-container-0.bwg-standard-thumbnails .bwg-thumb-description span {    color: #323A45;    font-family: Ubuntu;    font-size: 12px;    max-height: 100%;    word-wrap: break-word;    }    #bwg_container1_0 #bwg_container2_0 .bwg-container-0.bwg-standard-thumbnails .bwg-play-icon2 {      font-size: 32px;    }    #bwg_container1_0 #bwg_container2_0 .bwg-container-0.bwg-standard-thumbnails .bwg-ecommerce2 {      font-size: 19.2px;      color: #CCCCCC;    }    <\/style>    <div id=\"bwg_container1_0\"         class=\"bwg_container bwg_thumbnail bwg_thumbnails \"         data-right-click-protection=\"0\"         data-bwg=\"0\"         data-scroll=\"0\"         data-gallery-type=\"thumbnails\"         data-gallery-view-type=\"thumbnails\"         data-current-url=\"\/vestidos-noiva\/wp-json\/wp\/v2\/posts\/23859\"         data-lightbox-url=\"https:\/\/www.ivanabeaumond.com.br\/vestidos-noiva\/wp-admin\/admin-ajax.php?action=GalleryBox&#038;current_view=0&#038;gallery_id=142&#038;tag=0&#038;theme_id=1&#038;shortcode_id=218&#038;sort_by=order&#038;order_by=asc&#038;current_url=%2Fvestidos-noiva%2Fwp-json%2Fwp%2Fv2%2Fposts%2F23859\"         data-gallery-id=\"142\"         data-popup-width=\"600\"         data-popup-height=\"600\"         data-is-album=\"gallery\"         data-buttons-position=\"bottom\">      <div id=\"bwg_container2_0\">             <div id=\"ajax_loading_0\" class=\"bwg_loading_div_1\">      <div class=\"bwg_loading_div_2\">        <div class=\"bwg_loading_div_3\">          <div id=\"loading_div_0\" class=\"bwg_spider_ajax_loading\">          <\/div>        <\/div>      <\/div>    <\/div>            <form id=\"gal_front_form_0\"              class=\"bwg-hidden\"              method=\"post\"              action=\"#\"              data-current=\"0\"              data-shortcode-id=\"218\"              data-gallery-type=\"thumbnails\"              data-gallery-id=\"142\"              data-tag=\"0\"              data-album-id=\"0\"              data-theme-id=\"1\"              data-ajax-url=\"https:\/\/www.ivanabeaumond.com.br\/vestidos-noiva\/wp-admin\/admin-ajax.php?action=bwg_frontend_data\">          <div id=\"bwg_container3_0\" class=\"bwg-background bwg-background-0\">                <div data-max-count=\"5\"         data-thumbnail-width=\"180\"         data-bwg=\"0\"         data-gallery-id=\"142\"         data-lightbox-url=\"https:\/\/www.ivanabeaumond.com.br\/vestidos-noiva\/wp-admin\/admin-ajax.php?action=GalleryBox&amp;current_view=0&amp;gallery_id=142&amp;tag=0&amp;theme_id=1&amp;shortcode_id=218&amp;sort_by=order&amp;order_by=asc&amp;current_url=%2Fvestidos-noiva%2Fwp-json%2Fwp%2Fv2%2Fposts%2F23859\"         id=\"bwg_thumbnails_0\"         class=\"bwg-container-0 bwg-thumbnails bwg-standard-thumbnails bwg-container bwg-border-box\">            <div class=\"bwg-item\">        <a class=\"bwg-a  bwg_lightbox\"  data-image-id=\"3463\" href=\"https:\/\/www.ivanabeaumond.com.br\/vestidos-noiva\/wp-content\/uploads\/photo-gallery\/Isabella%20Benevenuto%20Vestido%20de%20Debutante%20Rj%20Atelier%20Ivana%20Beaumond%20Paris%20%20(60).jpg\" data-elementor-open-lightbox=\"no\">                <div class=\"bwg-item0 \">          <div class=\"bwg-item1 \">            <div class=\"bwg-item2\">              <img class=\"skip-lazy bwg_standart_thumb_img_0 \"                   data-id=\"3463\"                   data-width=\"\"                   data-height=\"\"                   data-src=\"https:\/\/www.ivanabeaumond.com.br\/vestidos-noiva\/wp-content\/uploads\/photo-gallery\/thumb\/Isabella%20Benevenuto%20Vestido%20de%20Debutante%20Rj%20Atelier%20Ivana%20Beaumond%20Paris%20%20(60).jpg\"                   src=\"https:\/\/www.ivanabeaumond.com.br\/vestidos-noiva\/wp-content\/uploads\/photo-gallery\/thumb\/Isabella%20Benevenuto%20Vestido%20de%20Debutante%20Rj%20Atelier%20Ivana%20Beaumond%20Paris%20%20(60).jpg\"                   alt=\"Isabella Benevenuto Vestido de Debutante Rj Atelier Ivana Beaumond Paris  (60)\"                   title=\"Isabella Benevenuto Vestido de Debutante Rj Atelier Ivana Beaumond Paris  (60)\" \/>            <\/div>            <div class=\"\">                                                      <\/div>          <\/div>        <\/div>                        <\/a>              <\/div>            <div class=\"bwg-item\">        <a class=\"bwg-a  bwg_lightbox\"  data-image-id=\"3460\" href=\"https:\/\/www.ivanabeaumond.com.br\/vestidos-noiva\/wp-content\/uploads\/photo-gallery\/Isabella%20Benevenuto%20Vestido%20de%20Debutante%20Rj%20Atelier%20Ivana%20Beaumond%20Paris%20%20(57).jpg\" data-elementor-open-lightbox=\"no\">                <div class=\"bwg-item0 \">          <div class=\"bwg-item1 \">            <div class=\"bwg-item2\">              <img class=\"skip-lazy bwg_standart_thumb_img_0 \"                   data-id=\"3460\"                   data-width=\"\"                   data-height=\"\"                   data-src=\"https:\/\/www.ivanabeaumond.com.br\/vestidos-noiva\/wp-content\/uploads\/photo-gallery\/thumb\/Isabella%20Benevenuto%20Vestido%20de%20Debutante%20Rj%20Atelier%20Ivana%20Beaumond%20Paris%20%20(57).jpg\"                   src=\"https:\/\/www.ivanabeaumond.com.br\/vestidos-noiva\/wp-content\/uploads\/photo-gallery\/thumb\/Isabella%20Benevenuto%20Vestido%20de%20Debutante%20Rj%20Atelier%20Ivana%20Beaumond%20Paris%20%20(57).jpg\"                   alt=\"Isabella Benevenuto Vestido de Debutante Rj Atelier Ivana Beaumond Paris  (57)\"                   title=\"Isabella Benevenuto Vestido de Debutante Rj Atelier Ivana Beaumond Paris  (57)\" \/>            <\/div>            <div class=\"\">                                                      <\/div>          <\/div>        <\/div>                        <\/a>              <\/div>            <div class=\"bwg-item\">        <a class=\"bwg-a  bwg_lightbox\"  data-image-id=\"3461\" href=\"https:\/\/www.ivanabeaumond.com.br\/vestidos-noiva\/wp-content\/uploads\/photo-gallery\/Isabella%20Benevenuto%20Vestido%20de%20Debutante%20Rj%20Atelier%20Ivana%20Beaumond%20Paris%20%20(58).jpg\" data-elementor-open-lightbox=\"no\">                <div class=\"bwg-item0 \">          <div class=\"bwg-item1 \">            <div class=\"bwg-item2\">              <img class=\"skip-lazy bwg_standart_thumb_img_0 \"                   data-id=\"3461\"                   data-width=\"\"                   data-height=\"\"                   data-src=\"https:\/\/www.ivanabeaumond.com.br\/vestidos-noiva\/wp-content\/uploads\/photo-gallery\/thumb\/Isabella%20Benevenuto%20Vestido%20de%20Debutante%20Rj%20Atelier%20Ivana%20Beaumond%20Paris%20%20(58).jpg\"                   src=\"https:\/\/www.ivanabeaumond.com.br\/vestidos-noiva\/wp-content\/uploads\/photo-gallery\/thumb\/Isabella%20Benevenuto%20Vestido%20de%20Debutante%20Rj%20Atelier%20Ivana%20Beaumond%20Paris%20%20(58).jpg\"                   alt=\"Isabella Benevenuto Vestido de Debutante Rj Atelier Ivana Beaumond Paris  (58)\"                   title=\"Isabella Benevenuto Vestido de Debutante Rj Atelier Ivana Beaumond Paris  (58)\" \/>            <\/div>            <div class=\"\">                                                      <\/div>          <\/div>        <\/div>                        <\/a>              <\/div>            <div class=\"bwg-item\">        <a class=\"bwg-a  bwg_lightbox\"  data-image-id=\"3464\" href=\"https:\/\/www.ivanabeaumond.com.br\/vestidos-noiva\/wp-content\/uploads\/photo-gallery\/Isabella%20Benevenuto%20Vestido%20de%20Debutante%20Rj%20Atelier%20Ivana%20Beaumond%20Paris%20%20(61).jpg\" data-elementor-open-lightbox=\"no\">                <div class=\"bwg-item0 \">          <div class=\"bwg-item1 \">            <div class=\"bwg-item2\">              <img class=\"skip-lazy bwg_standart_thumb_img_0 \"                   data-id=\"3464\"                   data-width=\"\"                   data-height=\"\"                   data-src=\"https:\/\/www.ivanabeaumond.com.br\/vestidos-noiva\/wp-content\/uploads\/photo-gallery\/thumb\/Isabella%20Benevenuto%20Vestido%20de%20Debutante%20Rj%20Atelier%20Ivana%20Beaumond%20Paris%20%20(61).jpg\"                   src=\"https:\/\/www.ivanabeaumond.com.br\/vestidos-noiva\/wp-content\/uploads\/photo-gallery\/thumb\/Isabella%20Benevenuto%20Vestido%20de%20Debutante%20Rj%20Atelier%20Ivana%20Beaumond%20Paris%20%20(61).jpg\"                   alt=\"Isabella Benevenuto Vestido de Debutante Rj Atelier Ivana Beaumond Paris  (61)\"                   title=\"Isabella Benevenuto Vestido de Debutante Rj Atelier Ivana Beaumond Paris  (61)\" \/>            <\/div>            <div class=\"\">                                                      <\/div>          <\/div>        <\/div>                        <\/a>              <\/div>            <div class=\"bwg-item\">        <a class=\"bwg-a  bwg_lightbox\"  data-image-id=\"3468\" href=\"https:\/\/www.ivanabeaumond.com.br\/vestidos-noiva\/wp-content\/uploads\/photo-gallery\/Isabella%20Benevenuto%20Vestido%20de%20Debutante%20Rj%20Atelier%20Ivana%20Beaumond%20Paris%20%20(65).jpg\" data-elementor-open-lightbox=\"no\">                <div class=\"bwg-item0 \">          <div class=\"bwg-item1 \">            <div class=\"bwg-item2\">              <img class=\"skip-lazy bwg_standart_thumb_img_0 \"                   data-id=\"3468\"                   data-width=\"\"                   data-height=\"\"                   data-src=\"https:\/\/www.ivanabeaumond.com.br\/vestidos-noiva\/wp-content\/uploads\/photo-gallery\/thumb\/Isabella%20Benevenuto%20Vestido%20de%20Debutante%20Rj%20Atelier%20Ivana%20Beaumond%20Paris%20%20(65).jpg\"                   src=\"https:\/\/www.ivanabeaumond.com.br\/vestidos-noiva\/wp-content\/uploads\/photo-gallery\/thumb\/Isabella%20Benevenuto%20Vestido%20de%20Debutante%20Rj%20Atelier%20Ivana%20Beaumond%20Paris%20%20(65).jpg\"                   alt=\"Isabella Benevenuto Vestido de Debutante Rj Atelier Ivana Beaumond Paris  (65)\"                   title=\"Isabella Benevenuto Vestido de Debutante Rj Atelier Ivana Beaumond Paris  (65)\" \/>            <\/div>            <div class=\"\">                                                      <\/div>          <\/div>        <\/div>                        <\/a>              <\/div>            <div class=\"bwg-item\">        <a class=\"bwg-a  bwg_lightbox\"  data-image-id=\"3470\" href=\"https:\/\/www.ivanabeaumond.com.br\/vestidos-noiva\/wp-content\/uploads\/photo-gallery\/Isabella%20Benevenuto%20Vestido%20de%20Debutante%20Rj%20Atelier%20Ivana%20Beaumond%20Paris%20%20(67).jpg\" data-elementor-open-lightbox=\"no\">                <div class=\"bwg-item0 \">          <div class=\"bwg-item1 \">            <div class=\"bwg-item2\">              <img class=\"skip-lazy bwg_standart_thumb_img_0 \"                   data-id=\"3470\"                   data-width=\"\"                   data-height=\"\"                   data-src=\"https:\/\/www.ivanabeaumond.com.br\/vestidos-noiva\/wp-content\/uploads\/photo-gallery\/thumb\/Isabella%20Benevenuto%20Vestido%20de%20Debutante%20Rj%20Atelier%20Ivana%20Beaumond%20Paris%20%20(67).jpg\"                   src=\"https:\/\/www.ivanabeaumond.com.br\/vestidos-noiva\/wp-content\/uploads\/photo-gallery\/thumb\/Isabella%20Benevenuto%20Vestido%20de%20Debutante%20Rj%20Atelier%20Ivana%20Beaumond%20Paris%20%20(67).jpg\"                   alt=\"Isabella Benevenuto Vestido de Debutante Rj Atelier Ivana Beaumond Paris  (67)\"                   title=\"Isabella Benevenuto Vestido de Debutante Rj Atelier Ivana Beaumond Paris  (67)\" \/>            <\/div>            <div class=\"\">                                                      <\/div>          <\/div>        <\/div>                        <\/a>              <\/div>            <div class=\"bwg-item\">        <a class=\"bwg-a  bwg_lightbox\"  data-image-id=\"3478\" href=\"https:\/\/www.ivanabeaumond.com.br\/vestidos-noiva\/wp-content\/uploads\/photo-gallery\/Isabella%20Benevenuto%20Vestido%20de%20Debutante%20Rj%20Atelier%20Ivana%20Beaumond%20Paris%20%20(75).jpg\" data-elementor-open-lightbox=\"no\">                <div class=\"bwg-item0 \">          <div class=\"bwg-item1 \">            <div class=\"bwg-item2\">              <img class=\"skip-lazy bwg_standart_thumb_img_0 \"                   data-id=\"3478\"                   data-width=\"\"                   data-height=\"\"                   data-src=\"https:\/\/www.ivanabeaumond.com.br\/vestidos-noiva\/wp-content\/uploads\/photo-gallery\/thumb\/Isabella%20Benevenuto%20Vestido%20de%20Debutante%20Rj%20Atelier%20Ivana%20Beaumond%20Paris%20%20(75).jpg\"                   src=\"https:\/\/www.ivanabeaumond.com.br\/vestidos-noiva\/wp-content\/uploads\/photo-gallery\/thumb\/Isabella%20Benevenuto%20Vestido%20de%20Debutante%20Rj%20Atelier%20Ivana%20Beaumond%20Paris%20%20(75).jpg\"                   alt=\"Isabella Benevenuto Vestido de Debutante Rj Atelier Ivana Beaumond Paris  (75)\"                   title=\"Isabella Benevenuto Vestido de Debutante Rj Atelier Ivana Beaumond Paris  (75)\" \/>            <\/div>            <div class=\"\">                                                      <\/div>          <\/div>        <\/div>                        <\/a>              <\/div>            <div class=\"bwg-item\">        <a class=\"bwg-a  bwg_lightbox\"  data-image-id=\"3481\" href=\"https:\/\/www.ivanabeaumond.com.br\/vestidos-noiva\/wp-content\/uploads\/photo-gallery\/Isabella%20Benevenuto%20Vestido%20de%20Debutante%20Rj%20Atelier%20Ivana%20Beaumond%20Paris%20%20(78).jpg\" data-elementor-open-lightbox=\"no\">                <div class=\"bwg-item0 \">          <div class=\"bwg-item1 \">            <div class=\"bwg-item2\">              <img class=\"skip-lazy bwg_standart_thumb_img_0 \"                   data-id=\"3481\"                   data-width=\"\"                   data-height=\"\"                   data-src=\"https:\/\/www.ivanabeaumond.com.br\/vestidos-noiva\/wp-content\/uploads\/photo-gallery\/thumb\/Isabella%20Benevenuto%20Vestido%20de%20Debutante%20Rj%20Atelier%20Ivana%20Beaumond%20Paris%20%20(78).jpg\"                   src=\"https:\/\/www.ivanabeaumond.com.br\/vestidos-noiva\/wp-content\/uploads\/photo-gallery\/thumb\/Isabella%20Benevenuto%20Vestido%20de%20Debutante%20Rj%20Atelier%20Ivana%20Beaumond%20Paris%20%20(78).jpg\"                   alt=\"Isabella Benevenuto Vestido de Debutante Rj Atelier Ivana Beaumond Paris  (78)\"                   title=\"Isabella Benevenuto Vestido de Debutante Rj Atelier Ivana Beaumond Paris  (78)\" \/>            <\/div>            <div class=\"\">                                                      <\/div>          <\/div>        <\/div>                        <\/a>              <\/div>            <div class=\"bwg-item\">        <a class=\"bwg-a  bwg_lightbox\"  data-image-id=\"3477\" href=\"https:\/\/www.ivanabeaumond.com.br\/vestidos-noiva\/wp-content\/uploads\/photo-gallery\/Isabella%20Benevenuto%20Vestido%20de%20Debutante%20Rj%20Atelier%20Ivana%20Beaumond%20Paris%20%20(74).jpg\" data-elementor-open-lightbox=\"no\">                <div class=\"bwg-item0 \">          <div class=\"bwg-item1 \">            <div class=\"bwg-item2\">              <img class=\"skip-lazy bwg_standart_thumb_img_0 \"                   data-id=\"3477\"                   data-width=\"\"                   data-height=\"\"                   data-src=\"https:\/\/www.ivanabeaumond.com.br\/vestidos-noiva\/wp-content\/uploads\/photo-gallery\/thumb\/Isabella%20Benevenuto%20Vestido%20de%20Debutante%20Rj%20Atelier%20Ivana%20Beaumond%20Paris%20%20(74).jpg\"                   src=\"https:\/\/www.ivanabeaumond.com.br\/vestidos-noiva\/wp-content\/uploads\/photo-gallery\/thumb\/Isabella%20Benevenuto%20Vestido%20de%20Debutante%20Rj%20Atelier%20Ivana%20Beaumond%20Paris%20%20(74).jpg\"                   alt=\"Isabella Benevenuto Vestido de Debutante Rj Atelier Ivana Beaumond Paris  (74)\"                   title=\"Isabella Benevenuto Vestido de Debutante Rj Atelier Ivana Beaumond Paris  (74)\" \/>            <\/div>            <div class=\"\">                                                      <\/div>          <\/div>        <\/div>                        <\/a>              <\/div>            <div class=\"bwg-item\">        <a class=\"bwg-a  bwg_lightbox\"  data-image-id=\"3476\" href=\"https:\/\/www.ivanabeaumond.com.br\/vestidos-noiva\/wp-content\/uploads\/photo-gallery\/Isabella%20Benevenuto%20Vestido%20de%20Debutante%20Rj%20Atelier%20Ivana%20Beaumond%20Paris%20%20(73).jpg\" data-elementor-open-lightbox=\"no\">                <div class=\"bwg-item0 \">          <div class=\"bwg-item1 \">            <div class=\"bwg-item2\">              <img class=\"skip-lazy bwg_standart_thumb_img_0 \"                   data-id=\"3476\"                   data-width=\"\"                   data-height=\"\"                   data-src=\"https:\/\/www.ivanabeaumond.com.br\/vestidos-noiva\/wp-content\/uploads\/photo-gallery\/thumb\/Isabella%20Benevenuto%20Vestido%20de%20Debutante%20Rj%20Atelier%20Ivana%20Beaumond%20Paris%20%20(73).jpg\"                   src=\"https:\/\/www.ivanabeaumond.com.br\/vestidos-noiva\/wp-content\/uploads\/photo-gallery\/thumb\/Isabella%20Benevenuto%20Vestido%20de%20Debutante%20Rj%20Atelier%20Ivana%20Beaumond%20Paris%20%20(73).jpg\"                   alt=\"Isabella Benevenuto Vestido de Debutante Rj Atelier Ivana Beaumond Paris  (73)\"                   title=\"Isabella Benevenuto Vestido de Debutante Rj Atelier Ivana Beaumond Paris  (73)\" \/>            <\/div>            <div class=\"\">                                                      <\/div>          <\/div>        <\/div>                        <\/a>              <\/div>            <div class=\"bwg-item\">        <a class=\"bwg-a  bwg_lightbox\"  data-image-id=\"3472\" href=\"https:\/\/www.ivanabeaumond.com.br\/vestidos-noiva\/wp-content\/uploads\/photo-gallery\/Isabella%20Benevenuto%20Vestido%20de%20Debutante%20Rj%20Atelier%20Ivana%20Beaumond%20Paris%20%20(69).jpg\" data-elementor-open-lightbox=\"no\">                <div class=\"bwg-item0 \">          <div class=\"bwg-item1 \">            <div class=\"bwg-item2\">              <img class=\"skip-lazy bwg_standart_thumb_img_0 \"                   data-id=\"3472\"                   data-width=\"\"                   data-height=\"\"                   data-src=\"https:\/\/www.ivanabeaumond.com.br\/vestidos-noiva\/wp-content\/uploads\/photo-gallery\/thumb\/Isabella%20Benevenuto%20Vestido%20de%20Debutante%20Rj%20Atelier%20Ivana%20Beaumond%20Paris%20%20(69).jpg\"                   src=\"https:\/\/www.ivanabeaumond.com.br\/vestidos-noiva\/wp-content\/uploads\/photo-gallery\/thumb\/Isabella%20Benevenuto%20Vestido%20de%20Debutante%20Rj%20Atelier%20Ivana%20Beaumond%20Paris%20%20(69).jpg\"                   alt=\"Isabella Benevenuto Vestido de Debutante Rj Atelier Ivana Beaumond Paris  (69)\"                   title=\"Isabella Benevenuto Vestido de Debutante Rj Atelier Ivana Beaumond Paris  (69)\" \/>            <\/div>            <div class=\"\">                                                      <\/div>          <\/div>        <\/div>                        <\/a>              <\/div>            <div class=\"bwg-item\">        <a class=\"bwg-a  bwg_lightbox\"  data-image-id=\"3475\" href=\"https:\/\/www.ivanabeaumond.com.br\/vestidos-noiva\/wp-content\/uploads\/photo-gallery\/Isabella%20Benevenuto%20Vestido%20de%20Debutante%20Rj%20Atelier%20Ivana%20Beaumond%20Paris%20%20(72).jpg\" data-elementor-open-lightbox=\"no\">                <div class=\"bwg-item0 \">          <div class=\"bwg-item1 \">            <div class=\"bwg-item2\">              <img class=\"skip-lazy bwg_standart_thumb_img_0 \"                   data-id=\"3475\"                   data-width=\"\"                   data-height=\"\"                   data-src=\"https:\/\/www.ivanabeaumond.com.br\/vestidos-noiva\/wp-content\/uploads\/photo-gallery\/thumb\/Isabella%20Benevenuto%20Vestido%20de%20Debutante%20Rj%20Atelier%20Ivana%20Beaumond%20Paris%20%20(72).jpg\"                   src=\"https:\/\/www.ivanabeaumond.com.br\/vestidos-noiva\/wp-content\/uploads\/photo-gallery\/thumb\/Isabella%20Benevenuto%20Vestido%20de%20Debutante%20Rj%20Atelier%20Ivana%20Beaumond%20Paris%20%20(72).jpg\"                   alt=\"Isabella Benevenuto Vestido de Debutante Rj Atelier Ivana Beaumond Paris  (72)\"                   title=\"Isabella Benevenuto Vestido de Debutante Rj Atelier Ivana Beaumond Paris  (72)\" \/>            <\/div>            <div class=\"\">                                                      <\/div>          <\/div>        <\/div>                        <\/a>              <\/div>            <div class=\"bwg-item\">        <a class=\"bwg-a  bwg_lightbox\"  data-image-id=\"3474\" href=\"https:\/\/www.ivanabeaumond.com.br\/vestidos-noiva\/wp-content\/uploads\/photo-gallery\/Isabella%20Benevenuto%20Vestido%20de%20Debutante%20Rj%20Atelier%20Ivana%20Beaumond%20Paris%20%20(71).jpg\" data-elementor-open-lightbox=\"no\">                <div class=\"bwg-item0 \">          <div class=\"bwg-item1 \">            <div class=\"bwg-item2\">              <img class=\"skip-lazy bwg_standart_thumb_img_0 \"                   data-id=\"3474\"                   data-width=\"\"                   data-height=\"\"                   data-src=\"https:\/\/www.ivanabeaumond.com.br\/vestidos-noiva\/wp-content\/uploads\/photo-gallery\/thumb\/Isabella%20Benevenuto%20Vestido%20de%20Debutante%20Rj%20Atelier%20Ivana%20Beaumond%20Paris%20%20(71).jpg\"                   src=\"https:\/\/www.ivanabeaumond.com.br\/vestidos-noiva\/wp-content\/uploads\/photo-gallery\/thumb\/Isabella%20Benevenuto%20Vestido%20de%20Debutante%20Rj%20Atelier%20Ivana%20Beaumond%20Paris%20%20(71).jpg\"                   alt=\"Isabella Benevenuto Vestido de Debutante Rj Atelier Ivana Beaumond Paris  (71)\"                   title=\"Isabella Benevenuto Vestido de Debutante Rj Atelier Ivana Beaumond Paris  (71)\" \/>            <\/div>            <div class=\"\">                                                      <\/div>          <\/div>        <\/div>                        <\/a>              <\/div>            <div class=\"bwg-item\">        <a class=\"bwg-a  bwg_lightbox\"  data-image-id=\"3469\" href=\"https:\/\/www.ivanabeaumond.com.br\/vestidos-noiva\/wp-content\/uploads\/photo-gallery\/Isabella%20Benevenuto%20Vestido%20de%20Debutante%20Rj%20Atelier%20Ivana%20Beaumond%20Paris%20%20(66).jpg\" data-elementor-open-lightbox=\"no\">                <div class=\"bwg-item0 \">          <div class=\"bwg-item1 \">            <div class=\"bwg-item2\">              <img class=\"skip-lazy bwg_standart_thumb_img_0 \"                   data-id=\"3469\"                   data-width=\"\"                   data-height=\"\"                   data-src=\"https:\/\/www.ivanabeaumond.com.br\/vestidos-noiva\/wp-content\/uploads\/photo-gallery\/thumb\/Isabella%20Benevenuto%20Vestido%20de%20Debutante%20Rj%20Atelier%20Ivana%20Beaumond%20Paris%20%20(66).jpg\"                   src=\"https:\/\/www.ivanabeaumond.com.br\/vestidos-noiva\/wp-content\/uploads\/photo-gallery\/thumb\/Isabella%20Benevenuto%20Vestido%20de%20Debutante%20Rj%20Atelier%20Ivana%20Beaumond%20Paris%20%20(66).jpg\"                   alt=\"Isabella Benevenuto Vestido de Debutante Rj Atelier Ivana Beaumond Paris  (66)\"                   title=\"Isabella Benevenuto Vestido de Debutante Rj Atelier Ivana Beaumond Paris  (66)\" \/>            <\/div>            <div class=\"\">                                                      <\/div>          <\/div>        <\/div>                        <\/a>              <\/div>            <div class=\"bwg-item\">        <a class=\"bwg-a  bwg_lightbox\"  data-image-id=\"3473\" href=\"https:\/\/www.ivanabeaumond.com.br\/vestidos-noiva\/wp-content\/uploads\/photo-gallery\/Isabella%20Benevenuto%20Vestido%20de%20Debutante%20Rj%20Atelier%20Ivana%20Beaumond%20Paris%20%20(70).jpg\" data-elementor-open-lightbox=\"no\">                <div class=\"bwg-item0 \">          <div class=\"bwg-item1 \">            <div class=\"bwg-item2\">              <img class=\"skip-lazy bwg_standart_thumb_img_0 \"                   data-id=\"3473\"                   data-width=\"\"                   data-height=\"\"                   data-src=\"https:\/\/www.ivanabeaumond.com.br\/vestidos-noiva\/wp-content\/uploads\/photo-gallery\/thumb\/Isabella%20Benevenuto%20Vestido%20de%20Debutante%20Rj%20Atelier%20Ivana%20Beaumond%20Paris%20%20(70).jpg\"                   src=\"https:\/\/www.ivanabeaumond.com.br\/vestidos-noiva\/wp-content\/uploads\/photo-gallery\/thumb\/Isabella%20Benevenuto%20Vestido%20de%20Debutante%20Rj%20Atelier%20Ivana%20Beaumond%20Paris%20%20(70).jpg\"                   alt=\"Isabella Benevenuto Vestido de Debutante Rj Atelier Ivana Beaumond Paris  (70)\"                   title=\"Isabella Benevenuto Vestido de Debutante Rj Atelier Ivana Beaumond Paris  (70)\" \/>            <\/div>            <div class=\"\">                                                      <\/div>          <\/div>        <\/div>                        <\/a>              <\/div>            <div class=\"bwg-item\">        <a class=\"bwg-a  bwg_lightbox\"  data-image-id=\"3467\" href=\"https:\/\/www.ivanabeaumond.com.br\/vestidos-noiva\/wp-content\/uploads\/photo-gallery\/Isabella%20Benevenuto%20Vestido%20de%20Debutante%20Rj%20Atelier%20Ivana%20Beaumond%20Paris%20%20(64).jpg\" data-elementor-open-lightbox=\"no\">                <div class=\"bwg-item0 \">          <div class=\"bwg-item1 \">            <div class=\"bwg-item2\">              <img class=\"skip-lazy bwg_standart_thumb_img_0 \"                   data-id=\"3467\"                   data-width=\"\"                   data-height=\"\"                   data-src=\"https:\/\/www.ivanabeaumond.com.br\/vestidos-noiva\/wp-content\/uploads\/photo-gallery\/thumb\/Isabella%20Benevenuto%20Vestido%20de%20Debutante%20Rj%20Atelier%20Ivana%20Beaumond%20Paris%20%20(64).jpg\"                   src=\"https:\/\/www.ivanabeaumond.com.br\/vestidos-noiva\/wp-content\/uploads\/photo-gallery\/thumb\/Isabella%20Benevenuto%20Vestido%20de%20Debutante%20Rj%20Atelier%20Ivana%20Beaumond%20Paris%20%20(64).jpg\"                   alt=\"Isabella Benevenuto Vestido de Debutante Rj Atelier Ivana Beaumond Paris  (64)\"                   title=\"Isabella Benevenuto Vestido de Debutante Rj Atelier Ivana Beaumond Paris  (64)\" \/>            <\/div>            <div class=\"\">                                                      <\/div>          <\/div>        <\/div>                        <\/a>              <\/div>            <div class=\"bwg-item\">        <a class=\"bwg-a  bwg_lightbox\"  data-image-id=\"3471\" href=\"https:\/\/www.ivanabeaumond.com.br\/vestidos-noiva\/wp-content\/uploads\/photo-gallery\/Isabella%20Benevenuto%20Vestido%20de%20Debutante%20Rj%20Atelier%20Ivana%20Beaumond%20Paris%20%20(68).jpg\" data-elementor-open-lightbox=\"no\">                <div class=\"bwg-item0 \">          <div class=\"bwg-item1 \">            <div class=\"bwg-item2\">              <img class=\"skip-lazy bwg_standart_thumb_img_0 \"                   data-id=\"3471\"                   data-width=\"\"                   data-height=\"\"                   data-src=\"https:\/\/www.ivanabeaumond.com.br\/vestidos-noiva\/wp-content\/uploads\/photo-gallery\/thumb\/Isabella%20Benevenuto%20Vestido%20de%20Debutante%20Rj%20Atelier%20Ivana%20Beaumond%20Paris%20%20(68).jpg\"                   src=\"https:\/\/www.ivanabeaumond.com.br\/vestidos-noiva\/wp-content\/uploads\/photo-gallery\/thumb\/Isabella%20Benevenuto%20Vestido%20de%20Debutante%20Rj%20Atelier%20Ivana%20Beaumond%20Paris%20%20(68).jpg\"                   alt=\"Isabella Benevenuto Vestido de Debutante Rj Atelier Ivana Beaumond Paris  (68)\"                   title=\"Isabella Benevenuto Vestido de Debutante Rj Atelier Ivana Beaumond Paris  (68)\" \/>            <\/div>            <div class=\"\">                                                      <\/div>          <\/div>        <\/div>                        <\/a>              <\/div>            <div class=\"bwg-item\">        <a class=\"bwg-a  bwg_lightbox\"  data-image-id=\"3507\" href=\"https:\/\/www.ivanabeaumond.com.br\/vestidos-noiva\/wp-content\/uploads\/photo-gallery\/Isabella%20Benevenuto%20Vestido%20de%20Debutante%20Rj%20Atelier%20Ivana%20Beaumond%20Paris%20%20(83).jpg\" data-elementor-open-lightbox=\"no\">                <div class=\"bwg-item0 \">          <div class=\"bwg-item1 \">            <div class=\"bwg-item2\">              <img class=\"skip-lazy bwg_standart_thumb_img_0 \"                   data-id=\"3507\"                   data-width=\"\"                   data-height=\"\"                   data-src=\"https:\/\/www.ivanabeaumond.com.br\/vestidos-noiva\/wp-content\/uploads\/photo-gallery\/thumb\/Isabella%20Benevenuto%20Vestido%20de%20Debutante%20Rj%20Atelier%20Ivana%20Beaumond%20Paris%20%20(83).jpg\"                   src=\"https:\/\/www.ivanabeaumond.com.br\/vestidos-noiva\/wp-content\/uploads\/photo-gallery\/thumb\/Isabella%20Benevenuto%20Vestido%20de%20Debutante%20Rj%20Atelier%20Ivana%20Beaumond%20Paris%20%20(83).jpg\"                   alt=\"Isabella Benevenuto Vestido de Debutante Rj Atelier Ivana Beaumond Paris  (83)\"                   title=\"Isabella Benevenuto Vestido de Debutante Rj Atelier Ivana Beaumond Paris  (83)\" \/>            <\/div>            <div class=\"\">                                                      <\/div>          <\/div>        <\/div>                        <\/a>              <\/div>            <div class=\"bwg-item\">        <a class=\"bwg-a  bwg_lightbox\"  data-image-id=\"3505\" href=\"https:\/\/www.ivanabeaumond.com.br\/vestidos-noiva\/wp-content\/uploads\/photo-gallery\/Isabella%20Benevenuto%20Vestido%20de%20Debutante%20Rj%20Atelier%20Ivana%20Beaumond%20Paris%20%20(81).jpg\" data-elementor-open-lightbox=\"no\">                <div class=\"bwg-item0 \">          <div class=\"bwg-item1 \">            <div class=\"bwg-item2\">              <img class=\"skip-lazy bwg_standart_thumb_img_0 \"                   data-id=\"3505\"                   data-width=\"\"                   data-height=\"\"                   data-src=\"https:\/\/www.ivanabeaumond.com.br\/vestidos-noiva\/wp-content\/uploads\/photo-gallery\/thumb\/Isabella%20Benevenuto%20Vestido%20de%20Debutante%20Rj%20Atelier%20Ivana%20Beaumond%20Paris%20%20(81).jpg\"                   src=\"https:\/\/www.ivanabeaumond.com.br\/vestidos-noiva\/wp-content\/uploads\/photo-gallery\/thumb\/Isabella%20Benevenuto%20Vestido%20de%20Debutante%20Rj%20Atelier%20Ivana%20Beaumond%20Paris%20%20(81).jpg\"                   alt=\"Isabella Benevenuto Vestido de Debutante Rj Atelier Ivana Beaumond Paris  (81)\"                   title=\"Isabella Benevenuto Vestido de Debutante Rj Atelier Ivana Beaumond Paris  (81)\" \/>            <\/div>            <div class=\"\">                                                      <\/div>          <\/div>        <\/div>                        <\/a>              <\/div>            <div class=\"bwg-item\">        <a class=\"bwg-a  bwg_lightbox\"  data-image-id=\"3504\" href=\"https:\/\/www.ivanabeaumond.com.br\/vestidos-noiva\/wp-content\/uploads\/photo-gallery\/Isabella%20Benevenuto%20Vestido%20de%20Debutante%20Rj%20Atelier%20Ivana%20Beaumond%20Paris%20%20(80).jpg\" data-elementor-open-lightbox=\"no\">                <div class=\"bwg-item0 \">          <div class=\"bwg-item1 \">            <div class=\"bwg-item2\">              <img class=\"skip-lazy bwg_standart_thumb_img_0 \"                   data-id=\"3504\"                   data-width=\"\"                   data-height=\"\"                   data-src=\"https:\/\/www.ivanabeaumond.com.br\/vestidos-noiva\/wp-content\/uploads\/photo-gallery\/thumb\/Isabella%20Benevenuto%20Vestido%20de%20Debutante%20Rj%20Atelier%20Ivana%20Beaumond%20Paris%20%20(80).jpg\"                   src=\"https:\/\/www.ivanabeaumond.com.br\/vestidos-noiva\/wp-content\/uploads\/photo-gallery\/thumb\/Isabella%20Benevenuto%20Vestido%20de%20Debutante%20Rj%20Atelier%20Ivana%20Beaumond%20Paris%20%20(80).jpg\"                   alt=\"Isabella Benevenuto Vestido de Debutante Rj Atelier Ivana Beaumond Paris  (80)\"                   title=\"Isabella Benevenuto Vestido de Debutante Rj Atelier Ivana Beaumond Paris  (80)\" \/>            <\/div>            <div class=\"\">                                                      <\/div>          <\/div>        <\/div>                        <\/a>              <\/div>            <div class=\"bwg-item\">        <a class=\"bwg-a  bwg_lightbox\"  data-image-id=\"3466\" href=\"https:\/\/www.ivanabeaumond.com.br\/vestidos-noiva\/wp-content\/uploads\/photo-gallery\/Isabella%20Benevenuto%20Vestido%20de%20Debutante%20Rj%20Atelier%20Ivana%20Beaumond%20Paris%20%20(63).jpg\" data-elementor-open-lightbox=\"no\">                <div class=\"bwg-item0 \">          <div class=\"bwg-item1 \">            <div class=\"bwg-item2\">              <img class=\"skip-lazy bwg_standart_thumb_img_0 \"                   data-id=\"3466\"                   data-width=\"\"                   data-height=\"\"                   data-src=\"https:\/\/www.ivanabeaumond.com.br\/vestidos-noiva\/wp-content\/uploads\/photo-gallery\/thumb\/Isabella%20Benevenuto%20Vestido%20de%20Debutante%20Rj%20Atelier%20Ivana%20Beaumond%20Paris%20%20(63).jpg\"                   src=\"https:\/\/www.ivanabeaumond.com.br\/vestidos-noiva\/wp-content\/uploads\/photo-gallery\/thumb\/Isabella%20Benevenuto%20Vestido%20de%20Debutante%20Rj%20Atelier%20Ivana%20Beaumond%20Paris%20%20(63).jpg\"                   alt=\"Isabella Benevenuto Vestido de Debutante Rj Atelier Ivana Beaumond Paris  (63)\"                   title=\"Isabella Benevenuto Vestido de Debutante Rj Atelier Ivana Beaumond Paris  (63)\" \/>            <\/div>            <div class=\"\">                                                      <\/div>          <\/div>        <\/div>                        <\/a>              <\/div>            <div class=\"bwg-item\">        <a class=\"bwg-a  bwg_lightbox\"  data-image-id=\"3465\" href=\"https:\/\/www.ivanabeaumond.com.br\/vestidos-noiva\/wp-content\/uploads\/photo-gallery\/Isabella%20Benevenuto%20Vestido%20de%20Debutante%20Rj%20Atelier%20Ivana%20Beaumond%20Paris%20%20(62).jpg\" data-elementor-open-lightbox=\"no\">                <div class=\"bwg-item0 \">          <div class=\"bwg-item1 \">            <div class=\"bwg-item2\">              <img class=\"skip-lazy bwg_standart_thumb_img_0 \"                   data-id=\"3465\"                   data-width=\"\"                   data-height=\"\"                   data-src=\"https:\/\/www.ivanabeaumond.com.br\/vestidos-noiva\/wp-content\/uploads\/photo-gallery\/thumb\/Isabella%20Benevenuto%20Vestido%20de%20Debutante%20Rj%20Atelier%20Ivana%20Beaumond%20Paris%20%20(62).jpg\"                   src=\"https:\/\/www.ivanabeaumond.com.br\/vestidos-noiva\/wp-content\/uploads\/photo-gallery\/thumb\/Isabella%20Benevenuto%20Vestido%20de%20Debutante%20Rj%20Atelier%20Ivana%20Beaumond%20Paris%20%20(62).jpg\"                   alt=\"Isabella Benevenuto Vestido de Debutante Rj Atelier Ivana Beaumond Paris  (62)\"                   title=\"Isabella Benevenuto Vestido de Debutante Rj Atelier Ivana Beaumond Paris  (62)\" \/>            <\/div>            <div class=\"\">                                                      <\/div>          <\/div>        <\/div>                        <\/a>              <\/div>            <div class=\"bwg-item\">        <a class=\"bwg-a  bwg_lightbox\"  data-image-id=\"3462\" href=\"https:\/\/www.ivanabeaumond.com.br\/vestidos-noiva\/wp-content\/uploads\/photo-gallery\/Isabella%20Benevenuto%20Vestido%20de%20Debutante%20Rj%20Atelier%20Ivana%20Beaumond%20Paris%20%20(59).jpg\" data-elementor-open-lightbox=\"no\">                <div class=\"bwg-item0 \">          <div class=\"bwg-item1 \">            <div class=\"bwg-item2\">              <img class=\"skip-lazy bwg_standart_thumb_img_0 \"                   data-id=\"3462\"                   data-width=\"\"                   data-height=\"\"                   data-src=\"https:\/\/www.ivanabeaumond.com.br\/vestidos-noiva\/wp-content\/uploads\/photo-gallery\/thumb\/Isabella%20Benevenuto%20Vestido%20de%20Debutante%20Rj%20Atelier%20Ivana%20Beaumond%20Paris%20%20(59).jpg\"                   src=\"https:\/\/www.ivanabeaumond.com.br\/vestidos-noiva\/wp-content\/uploads\/photo-gallery\/thumb\/Isabella%20Benevenuto%20Vestido%20de%20Debutante%20Rj%20Atelier%20Ivana%20Beaumond%20Paris%20%20(59).jpg\"                   alt=\"Isabella Benevenuto Vestido de Debutante Rj Atelier Ivana Beaumond Paris  (59)\"                   title=\"Isabella Benevenuto Vestido de Debutante Rj Atelier Ivana Beaumond Paris  (59)\" \/>            <\/div>            <div class=\"\">                                                      <\/div>          <\/div>        <\/div>                        <\/a>              <\/div>            <div class=\"bwg-item\">        <a class=\"bwg-a  bwg_lightbox\"  data-image-id=\"3485\" href=\"https:\/\/www.ivanabeaumond.com.br\/vestidos-noiva\/wp-content\/uploads\/photo-gallery\/Isabella%20Benevenuto%20Vestido%20de%20Debutante%20Rj%20Atelier%20Ivana%20Beaumond%20Paris%20%20(82).jpg\" data-elementor-open-lightbox=\"no\">                <div class=\"bwg-item0 \">          <div class=\"bwg-item1 \">            <div class=\"bwg-item2\">              <img class=\"skip-lazy bwg_standart_thumb_img_0 \"                   data-id=\"3485\"                   data-width=\"\"                   data-height=\"\"                   data-src=\"https:\/\/www.ivanabeaumond.com.br\/vestidos-noiva\/wp-content\/uploads\/photo-gallery\/thumb\/Isabella%20Benevenuto%20Vestido%20de%20Debutante%20Rj%20Atelier%20Ivana%20Beaumond%20Paris%20%20(82).jpg\"                   src=\"https:\/\/www.ivanabeaumond.com.br\/vestidos-noiva\/wp-content\/uploads\/photo-gallery\/thumb\/Isabella%20Benevenuto%20Vestido%20de%20Debutante%20Rj%20Atelier%20Ivana%20Beaumond%20Paris%20%20(82).jpg\"                   alt=\"Isabella Benevenuto Vestido de Debutante Rj Atelier Ivana Beaumond Paris  (82)\"                   title=\"Isabella Benevenuto Vestido de Debutante Rj Atelier Ivana Beaumond Paris  (82)\" \/>            <\/div>            <div class=\"\">                                                      <\/div>          <\/div>        <\/div>                        <\/a>              <\/div>            <div class=\"bwg-item\">        <a class=\"bwg-a  bwg_lightbox\"  data-image-id=\"3487\" href=\"https:\/\/www.ivanabeaumond.com.br\/vestidos-noiva\/wp-content\/uploads\/photo-gallery\/Isabella%20Benevenuto%20Vestido%20de%20Debutante%20Rj%20Atelier%20Ivana%20Beaumond%20Paris%20%20(84).jpg\" data-elementor-open-lightbox=\"no\">                <div class=\"bwg-item0 \">          <div class=\"bwg-item1 \">            <div class=\"bwg-item2\">              <img class=\"skip-lazy bwg_standart_thumb_img_0 \"                   data-id=\"3487\"                   data-width=\"\"                   data-height=\"\"                   data-src=\"https:\/\/www.ivanabeaumond.com.br\/vestidos-noiva\/wp-content\/uploads\/photo-gallery\/thumb\/Isabella%20Benevenuto%20Vestido%20de%20Debutante%20Rj%20Atelier%20Ivana%20Beaumond%20Paris%20%20(84).jpg\"                   src=\"https:\/\/www.ivanabeaumond.com.br\/vestidos-noiva\/wp-content\/uploads\/photo-gallery\/thumb\/Isabella%20Benevenuto%20Vestido%20de%20Debutante%20Rj%20Atelier%20Ivana%20Beaumond%20Paris%20%20(84).jpg\"                   alt=\"Isabella Benevenuto Vestido de Debutante Rj Atelier Ivana Beaumond Paris  (84)\"                   title=\"Isabella Benevenuto Vestido de Debutante Rj Atelier Ivana Beaumond Paris  (84)\" \/>            <\/div>            <div class=\"\">                                                      <\/div>          <\/div>        <\/div>                        <\/a>              <\/div>            <div class=\"bwg-item\">        <a class=\"bwg-a  bwg_lightbox\"  data-image-id=\"3480\" href=\"https:\/\/www.ivanabeaumond.com.br\/vestidos-noiva\/wp-content\/uploads\/photo-gallery\/Isabella%20Benevenuto%20Vestido%20de%20Debutante%20Rj%20Atelier%20Ivana%20Beaumond%20Paris%20%20(77).jpg\" data-elementor-open-lightbox=\"no\">                <div class=\"bwg-item0 \">          <div class=\"bwg-item1 \">            <div class=\"bwg-item2\">              <img class=\"skip-lazy bwg_standart_thumb_img_0 \"                   data-id=\"3480\"                   data-width=\"\"                   data-height=\"\"                   data-src=\"https:\/\/www.ivanabeaumond.com.br\/vestidos-noiva\/wp-content\/uploads\/photo-gallery\/thumb\/Isabella%20Benevenuto%20Vestido%20de%20Debutante%20Rj%20Atelier%20Ivana%20Beaumond%20Paris%20%20(77).jpg\"                   src=\"https:\/\/www.ivanabeaumond.com.br\/vestidos-noiva\/wp-content\/uploads\/photo-gallery\/thumb\/Isabella%20Benevenuto%20Vestido%20de%20Debutante%20Rj%20Atelier%20Ivana%20Beaumond%20Paris%20%20(77).jpg\"                   alt=\"Isabella Benevenuto Vestido de Debutante Rj Atelier Ivana Beaumond Paris  (77)\"                   title=\"Isabella Benevenuto Vestido de Debutante Rj Atelier Ivana Beaumond Paris  (77)\" \/>            <\/div>            <div class=\"\">                                                      <\/div>          <\/div>        <\/div>                        <\/a>              <\/div>            <div class=\"bwg-item\">        <a class=\"bwg-a  bwg_lightbox\"  data-image-id=\"3479\" href=\"https:\/\/www.ivanabeaumond.com.br\/vestidos-noiva\/wp-content\/uploads\/photo-gallery\/Isabella%20Benevenuto%20Vestido%20de%20Debutante%20Rj%20Atelier%20Ivana%20Beaumond%20Paris%20%20(76).jpg\" data-elementor-open-lightbox=\"no\">                <div class=\"bwg-item0 \">          <div class=\"bwg-item1 \">            <div class=\"bwg-item2\">              <img class=\"skip-lazy bwg_standart_thumb_img_0 \"                   data-id=\"3479\"                   data-width=\"\"                   data-height=\"\"                   data-src=\"https:\/\/www.ivanabeaumond.com.br\/vestidos-noiva\/wp-content\/uploads\/photo-gallery\/thumb\/Isabella%20Benevenuto%20Vestido%20de%20Debutante%20Rj%20Atelier%20Ivana%20Beaumond%20Paris%20%20(76).jpg\"                   src=\"https:\/\/www.ivanabeaumond.com.br\/vestidos-noiva\/wp-content\/uploads\/photo-gallery\/thumb\/Isabella%20Benevenuto%20Vestido%20de%20Debutante%20Rj%20Atelier%20Ivana%20Beaumond%20Paris%20%20(76).jpg\"                   alt=\"Isabella Benevenuto Vestido de Debutante Rj Atelier Ivana Beaumond Paris  (76)\"                   title=\"Isabella Benevenuto Vestido de Debutante Rj Atelier Ivana Beaumond Paris  (76)\" \/>            <\/div>            <div class=\"\">                                                      <\/div>          <\/div>        <\/div>                        <\/a>              <\/div>            <div class=\"bwg-item\">        <a class=\"bwg-a  bwg_lightbox\"  data-image-id=\"3482\" href=\"https:\/\/www.ivanabeaumond.com.br\/vestidos-noiva\/wp-content\/uploads\/photo-gallery\/Isabella%20Benevenuto%20Vestido%20de%20Debutante%20Rj%20Atelier%20Ivana%20Beaumond%20Paris%20%20(79).jpg\" data-elementor-open-lightbox=\"no\">                <div class=\"bwg-item0 \">          <div class=\"bwg-item1 \">            <div class=\"bwg-item2\">              <img class=\"skip-lazy bwg_standart_thumb_img_0 \"                   data-id=\"3482\"                   data-width=\"\"                   data-height=\"\"                   data-src=\"https:\/\/www.ivanabeaumond.com.br\/vestidos-noiva\/wp-content\/uploads\/photo-gallery\/thumb\/Isabella%20Benevenuto%20Vestido%20de%20Debutante%20Rj%20Atelier%20Ivana%20Beaumond%20Paris%20%20(79).jpg\"                   src=\"https:\/\/www.ivanabeaumond.com.br\/vestidos-noiva\/wp-content\/uploads\/photo-gallery\/thumb\/Isabella%20Benevenuto%20Vestido%20de%20Debutante%20Rj%20Atelier%20Ivana%20Beaumond%20Paris%20%20(79).jpg\"                   alt=\"Isabella Benevenuto Vestido de Debutante Rj Atelier Ivana Beaumond Paris  (79)\"                   title=\"Isabella Benevenuto Vestido de Debutante Rj Atelier Ivana Beaumond Paris  (79)\" \/>            <\/div>            <div class=\"\">                                                      <\/div>          <\/div>        <\/div>                        <\/a>              <\/div>            <div class=\"bwg-item\">        <a class=\"bwg-a  bwg_lightbox\"  data-image-id=\"3500\" href=\"https:\/\/www.ivanabeaumond.com.br\/vestidos-noiva\/wp-content\/uploads\/photo-gallery\/Isabella%20Benevenuto%20Vestido%20de%20Debutante%20Rj%20Atelier%20Ivana%20Beaumond%20Paris%20%20(85).jpg\" data-elementor-open-lightbox=\"no\">                <div class=\"bwg-item0 \">          <div class=\"bwg-item1 \">            <div class=\"bwg-item2\">              <img class=\"skip-lazy bwg_standart_thumb_img_0 \"                   data-id=\"3500\"                   data-width=\"\"                   data-height=\"\"                   data-src=\"https:\/\/www.ivanabeaumond.com.br\/vestidos-noiva\/wp-content\/uploads\/photo-gallery\/thumb\/Isabella%20Benevenuto%20Vestido%20de%20Debutante%20Rj%20Atelier%20Ivana%20Beaumond%20Paris%20%20(85).jpg\"                   src=\"https:\/\/www.ivanabeaumond.com.br\/vestidos-noiva\/wp-content\/uploads\/photo-gallery\/thumb\/Isabella%20Benevenuto%20Vestido%20de%20Debutante%20Rj%20Atelier%20Ivana%20Beaumond%20Paris%20%20(85).jpg\"                   alt=\"Isabella Benevenuto Vestido de Debutante Rj Atelier Ivana Beaumond Paris  (85)\"                   title=\"Isabella Benevenuto Vestido de Debutante Rj Atelier Ivana Beaumond Paris  (85)\" \/>            <\/div>            <div class=\"\">                                                      <\/div>          <\/div>        <\/div>                        <\/a>              <\/div>            <div class=\"bwg-item\">        <a class=\"bwg-a  bwg_lightbox\"  data-image-id=\"3502\" href=\"https:\/\/www.ivanabeaumond.com.br\/vestidos-noiva\/wp-content\/uploads\/photo-gallery\/Isabella%20Benevenuto%20Vestido%20de%20Debutante%20Rj%20Atelier%20Ivana%20Beaumond%20Paris%20%20(87).jpg\" data-elementor-open-lightbox=\"no\">                <div class=\"bwg-item0 \">          <div class=\"bwg-item1 \">            <div class=\"bwg-item2\">              <img class=\"skip-lazy bwg_standart_thumb_img_0 \"                   data-id=\"3502\"                   data-width=\"\"                   data-height=\"\"                   data-src=\"https:\/\/www.ivanabeaumond.com.br\/vestidos-noiva\/wp-content\/uploads\/photo-gallery\/thumb\/Isabella%20Benevenuto%20Vestido%20de%20Debutante%20Rj%20Atelier%20Ivana%20Beaumond%20Paris%20%20(87).jpg\"                   src=\"https:\/\/www.ivanabeaumond.com.br\/vestidos-noiva\/wp-content\/uploads\/photo-gallery\/thumb\/Isabella%20Benevenuto%20Vestido%20de%20Debutante%20Rj%20Atelier%20Ivana%20Beaumond%20Paris%20%20(87).jpg\"                   alt=\"Isabella Benevenuto Vestido de Debutante Rj Atelier Ivana Beaumond Paris  (87)\"                   title=\"Isabella Benevenuto Vestido de Debutante Rj Atelier Ivana Beaumond Paris  (87)\" \/>            <\/div>            <div class=\"\">                                                      <\/div>          <\/div>        <\/div>                        <\/a>              <\/div>          <\/div>    <style>      \/*pagination styles*\/      #bwg_container1_0 #bwg_container2_0 .tablenav-pages_0 {\t\t\t\ttext-align: center;\t\t\t\tfont-size: 12px;\t\t\t\tfont-family: segoe ui;\t\t\t\tfont-weight: bold;\t\t\t\tcolor: #666666;\t\t\t\tmargin: 6px 0 4px;\t\t\t\tdisplay: block;      }      @media only screen and (max-width : 320px) {      #bwg_container1_0 #bwg_container2_0 .displaying-num_0 {     \t display: none;      }      }      #bwg_container1_0 #bwg_container2_0 .displaying-num_0 {\t\t\t\tfont-size: 12px;\t\t\t\tfont-family: segoe ui;\t\t\t\tfont-weight: bold;\t\t\t\tcolor: #666666;\t\t\t\tmargin-right: 10px;\t\t\t\tvertical-align: middle;      }      #bwg_container1_0 #bwg_container2_0 .paging-input_0 {\t\t\t\tfont-size: 12px;\t\t\t\tfont-family: segoe ui;\t\t\t\tfont-weight: bold;\t\t\t\tcolor: #666666;\t\t\t\tvertical-align: middle;      }      #bwg_container1_0 #bwg_container2_0 .tablenav-pages_0 a.disabled,      #bwg_container1_0 #bwg_container2_0 .tablenav-pages_0 a.disabled:hover,      #bwg_container1_0 #bwg_container2_0 .tablenav-pages_0 a.disabled:focus,\t\t\t#bwg_container1_0 #bwg_container2_0 .tablenav-pages_0 input.bwg_current_page {\t\t\t\tcursor: default;\t\t\t\tcolor: rgba(102, 102, 102, 0.5);      }      #bwg_container1_0 #bwg_container2_0 .tablenav-pages_0 a,      #bwg_container1_0 #bwg_container2_0 .tablenav-pages_0 input.bwg_current_page {\t\t\t\tcursor: pointer;\t\t\t\ttext-align: center;\t\t\t\tfont-size: 12px;\t\t\t\tfont-family: segoe ui;\t\t\t\tfont-weight: bold;\t\t\t\tcolor: #666666;\t\t\t\ttext-decoration: none;\t\t\t\tpadding: 3px 6px;\t\t\t\tmargin: 0;\t\t\t\tborder-radius: 0;\t\t\t\tborder-style: solid;\t\t\t\tborder-width: 1px;\t\t\t\tborder-color: #E3E3E3;\t\t\t\t\t\t\t\tbackground-color: rgba(255, 255, 255, 1.00);\t\t\t\tbox-shadow: 0;\t\t\t\ttransition: all 0.3s ease 0s;-webkit-transition: all 0.3s ease 0s;      }      <\/style>      <span class=\"bwg_nav_cont_0\">              <div class=\"tablenav-pages_0\">                      <span class=\"pagination-links_0 pagination-links\" data-pages-count=\"2\">              <span class=\"pagination-links_col1\">              <a class=\"bwg-a first-page disabled\" title=\"Ir para a primeira p\u00e1gina\" >\u00ab<\/a>              <a class=\"bwg-a prev-page disabled\" title=\"V\u00e1 para a p\u00e1gina anterior\" >\u2039<\/a>              <\/span>\t\t\t\t\t\t\t<span class=\"pagination-links_col2\">\t\t\t\t\t\t\t\t\t<input type=\"number\" class=\"bwg_current_page\" name=\"bwg_current_page\" value=\"1\" data-url-info=\"page_number_0\" onkeypress=\"return bwg_change_page_0(event, this)\" min=\"1\" oninput=\"validity.valid||(value='')\" \/>\t\t\t\t\t\t\t\t\t\tde\t\t\t\t\t\t\t\t\t\t<span class=\"total-pages_0\">\t\t\t\t\t\t\t\t\t\t\t2\t\t\t\t\t\t\t\t\t\t<\/span>\t\t\t\t\t\t\t<\/span>              <span class=\"pagination-links_col3\">                <a class=\"bwg-a next-page-0\" title=\"Ir para a pr\u00f3xima p\u00e1gina\" href=\"\/vestidos-noiva\/wp-json\/wp\/v2\/posts\/23859?page_number_0=2\">\u203a<\/a>                <a class=\"bwg-a last-page-0\" title=\"Ir para a \u00faltima p\u00e1gina\" href=\"\/vestidos-noiva\/wp-json\/wp\/v2\/posts\/23859?page_number_0=2\">\u00bb<\/a>              <\/span>\t\t\t\t\t\t<\/span>\t\t\t\t\t\t        <\/div>                <input type=\"hidden\" id=\"page_number_0\" name=\"page_number_0\" value=\"1\" \/>      <script type=\"text\/javascript\">        if( jQuery('.bwg_nav_cont_0').length > 1 ) {          jQuery('.bwg_nav_cont_0').first().remove()        }        function spider_page_0(cur, x, y, load_more) {          if (typeof load_more == \"undefined\") {            var load_more = false;          }          if (jQuery(cur).hasClass('disabled')) {            return false;          }          var items_county_0 = 2;          switch (y) {            case 1:              if (x >= items_county_0) {                document.getElementById('page_number_0').value = items_county_0;              }              else {                document.getElementById('page_number_0').value = x + 1;              }              break;            case 2:              document.getElementById('page_number_0').value = items_county_0;              break;            case -1:              if (x == 1) {                document.getElementById('page_number_0').value = 1;              }              else {                document.getElementById('page_number_0').value = x - 1;              }              break;            case -2:              document.getElementById('page_number_0').value = 1;              break;\t\t\t\t\t\tcase 0:              document.getElementById('page_number_0').value = x;              break;            default:              document.getElementById('page_number_0').value = 1;          }          bwg_ajax('gal_front_form_0', '0', 'bwg_thumbnails_0', '0', '', 'gallery', 0, '', '', load_more, '', 1);        }                    jQuery('.first-page disabled').on('click', function () {              spider_page_0(this, 1, -2, 'numeric');              return false;            });            jQuery('.prev-page disabled').on('click', function () {              spider_page_0(this, 1, -1, 'numeric');              return false;            });            jQuery('.next-page-0').on('click', function () {              spider_page_0(this, 1, 1, 'numeric');              return false;            });            jQuery('.last-page-0').on('click', function () {              spider_page_0(this, 1, 2, 'numeric');              return false;            });        \t\t\t\t\/* Change page on input enter. *\/        function bwg_change_page_0( e, that ) {          if (  e.key == 'Enter' ) {            var to_page = parseInt(jQuery(that).val());            var pages_count = jQuery(that).parents(\".pagination-links\").data(\"pages-count\");            var current_url_param = jQuery(that).attr('data-url-info');            if (to_page > pages_count) {              to_page = 1;            }\t \t\t\t\t\t\t\t\t\t\t\t\tspider_page_0(this, to_page, 0, 'numeric');\t\t\t\t\t\t\treturn false;\t\t\t\t\t\t          }          return true;        }        jQuery('.bwg_load_btn_0').on('click', function () {            spider_page_0(this, 1, 1, true);            return false;        });      <\/script>      <\/span>                <\/div>        <\/form>        <style>          #bwg_container1_0 #bwg_container2_0 #spider_popup_overlay_0 {          background-color: #000000;          opacity: 0.70;          }          <\/style>        <div id=\"bwg_spider_popup_loading_0\" class=\"bwg_spider_popup_loading\"><\/div>        <div id=\"spider_popup_overlay_0\" class=\"spider_popup_overlay\" onclick=\"spider_destroypopup(1000)\"><\/div>        <input type=\"hidden\" id=\"bwg_random_seed_0\" value=\"1923513647\">                <\/div>    <\/div>    <script>      if (document.readyState === 'complete') {        if( typeof bwg_main_ready == 'function' ) {          if ( jQuery(\"#bwg_container1_0\").height() ) {            bwg_main_ready(jQuery(\"#bwg_container1_0\"));          }        }      } else {        document.addEventListener('DOMContentLoaded', function() {          if( typeof bwg_main_ready == 'function' ) {            if ( jQuery(\"#bwg_container1_0\").height() ) {             bwg_main_ready(jQuery(\"#bwg_container1_0\"));            }          }        });      }    <\/script>    \n<h4 style=\"text-align: justify;\"><span style=\"color: #999999;\">S\u00f3 temos a agradecer \u00e0 Isabella por ter nos dado a oportunidade de participar desse momento t\u00e3o especial e \u00fanico. Amamos transformar essa garota t\u00e3o incr\u00edvel em debutante e j\u00e1 estamos morrendo de saudades desse dia! Um grande obrigado \u00e0 Isa e \u00e0 sua fam\u00edlia pela confian\u00e7a e pelo carinho.<\/span><\/h4>\n<p><img decoding=\"async\" loading=\"lazy\" class=\"aligncenter size-full wp-image-23871\" src=\"https:\/\/www.ivanabeaumond.com.br\/vestidos-noiva\/wp-content\/uploads\/2020\/03\/Isabella-Benevenuto-Vestido-de-Debutante-Rj-Atelier-Ivana-Beaumond-Paris-46-e1583959741851.jpg\" alt=\"Isabella Benevenuto Vestido de Debutante Rj Atelier Ivana Beaumond Paris (46)\" width=\"600\" height=\"399\" \/><\/p>\n<h4><span style=\"color: #000000;\">Ficha T\u00e9cnica:<\/span><\/h4>\n<h4><span style=\"color: #000000;\">Vestidos da debutante: Atelier Ivana Beaumond. Casa de Festas: Pedra do Alto. Fotografia: Rodrigo Rezende.\u00a0<\/span><\/h4>\n<h4 style=\"text-align: justify;\"><\/h4>\n<h4 style=\"text-align: justify;\"><span style=\"color: #999999;\">Gostou? Siga nosso instagram<\/span>\u00a0<a href=\"https:\/\/www.instagram.com\/ivanaparisdebutantes\" target=\"_blank\" rel=\"noopener noreferrer\">@ivanaparisdebutantes\u00a0<\/a><span style=\"color: #999999;\">e curta nossa fanpage<\/span>\u00a0<a href=\"https:\/\/www.facebook.com\/IvanaBeaumondDebutantes\/\" target=\"_blank\" rel=\"noopener noreferrer\">Ivana Beaumond<\/a>\u00a0<span style=\"color: #999999;\">para ficar por dentro de tudo o que rola no mundo das\u00a0debutantes. N\u00e3o deixe de conferir tamb\u00e9m as nossas cole\u00e7\u00f5es de<\/span>\u00a0<a href=\"http:\/\/www.ivanabeaumond.com.br\/vestidos-noiva\/vestidos-debutantes\/\" target=\"_blank\" rel=\"noopener noreferrer\">Vestidos de Debutante<\/a>\u00a0<span style=\"color: #999999;\">e<\/span>\u00a0<a href=\"http:\/\/www.ivanabeaumond.com.br\/vestidos-noiva\/vestidos-casamento-madrinha-festa-formatura\/\" target=\"_blank\" rel=\"noopener noreferrer\">Moda Festa<\/a><span style=\"color: #999999;\">,\u00a0trazendo as maiores novidades da alta costura com os mais belos modelos!<\/span><\/h4>\n<h4 style=\"text-align: justify;\"><\/h4>\n","protected":false},"excerpt":{"rendered":"<p>Em uma gal\u00e1xia muito, muito distante,\u00a0essa debutante linda e carism\u00e1tica&#8230;<\/p>\n","protected":false},"author":4,"featured_media":23863,"comment_status":"closed","ping_status":"closed","sticky":false,"template":"","format":"standard","meta":[],"categories":[60,129],"tags":[172,697,969,576,1084,363,650,558,935,405,699,1170,142,1171,407,1166,1168,410,1167,1172,149,1169,726,690],"yoast_head":"<!-- This site is optimized with the Yoast SEO plugin v20.3 - https:\/\/yoast.com\/wordpress\/plugins\/seo\/ -->\n<title>Festa tema Gal\u00e1xia, com Isabella - Vestido de Noiva RJ<\/title>\n<meta name=\"robots\" content=\"index, follow, max-snippet:-1, max-image-preview:large, max-video-preview:-1\" \/>\n<link rel=\"canonical\" href=\"https:\/\/www.ivanabeaumond.com.br\/vestidos-noiva\/festa-tema-galaxia-com-isabella\/\" \/>\n<meta property=\"og:locale\" content=\"pt_BR\" \/>\n<meta property=\"og:type\" content=\"article\" \/>\n<meta property=\"og:title\" content=\"Festa tema Gal\u00e1xia, com Isabella - Vestido de Noiva RJ\" \/>\n<meta property=\"og:description\" content=\"Em uma gal\u00e1xia muito, muito distante,\u00a0essa debutante linda e carism\u00e1tica...\" \/>\n<meta property=\"og:url\" content=\"https:\/\/www.ivanabeaumond.com.br\/vestidos-noiva\/festa-tema-galaxia-com-isabella\/\" \/>\n<meta property=\"og:site_name\" content=\"Vestido de Noiva RJ\" \/>\n<meta property=\"article:publisher\" content=\"https:\/\/www.facebook.com\/ivana.beaumondnoivas\" \/>\n<meta property=\"article:published_time\" content=\"2020-03-11T20:58:57+00:00\" \/>\n<meta property=\"article:modified_time\" content=\"2020-08-13T20:58:35+00:00\" \/>\n<meta property=\"og:image\" content=\"https:\/\/www.ivanabeaumond.com.br\/vestidos-noiva\/wp-content\/uploads\/2020\/03\/Isabella-Benevenuto-Vestido-de-Debutante-Rj-Atelier-Ivana-Beaumond-Paris-27-e1583958454611.jpg\" \/>\n\t<meta property=\"og:image:width\" content=\"600\" \/>\n\t<meta property=\"og:image:height\" content=\"399\" \/>\n\t<meta property=\"og:image:type\" content=\"image\/jpeg\" \/>\n<meta name=\"author\" content=\"Ivana Beaumond Paris\" \/>\n<meta name=\"twitter:card\" content=\"summary_large_image\" \/>\n<meta name=\"twitter:label1\" content=\"Escrito por\" \/>\n\t<meta name=\"twitter:data1\" content=\"Ivana Beaumond Paris\" \/>\n\t<meta name=\"twitter:label2\" content=\"Est. tempo de leitura\" \/>\n\t<meta name=\"twitter:data2\" content=\"2 minutos\" \/>\n<script type=\"application\/ld+json\" class=\"yoast-schema-graph\">{\"@context\":\"https:\/\/schema.org\",\"@graph\":[{\"@type\":\"Article\",\"@id\":\"https:\/\/www.ivanabeaumond.com.br\/vestidos-noiva\/festa-tema-galaxia-com-isabella\/#article\",\"isPartOf\":{\"@id\":\"https:\/\/www.ivanabeaumond.com.br\/vestidos-noiva\/festa-tema-galaxia-com-isabella\/\"},\"author\":{\"name\":\"Ivana Beaumond Paris\",\"@id\":\"https:\/\/www.ivanabeaumond.com.br\/vestidos-noiva\/#\/schema\/person\/1a360c4cffa3b806d29a456389dcff26\"},\"headline\":\"Festa tema Gal\u00e1xia, com Isabella\",\"datePublished\":\"2020-03-11T20:58:57+00:00\",\"dateModified\":\"2020-08-13T20:58:35+00:00\",\"mainEntityOfPage\":{\"@id\":\"https:\/\/www.ivanabeaumond.com.br\/vestidos-noiva\/festa-tema-galaxia-com-isabella\/\"},\"wordCount\":403,\"publisher\":{\"@id\":\"https:\/\/www.ivanabeaumond.com.br\/vestidos-noiva\/#organization\"},\"keywords\":[\"15 anos\",\"15 anos rj\",\"15 anos tem\u00e1tico\",\"15 anos top\",\"alugar vestido de noiva\",\"anivers\u00e1rio\",\"atelier ivana beaumond\",\"blog de debutante\",\"casa de festas\",\"debuteen\",\"debutei\",\"dia inesquec\u00edvel\",\"festa de 15 anos\",\"festa gal\u00e1xia\",\"festa tem\u00e1tica\",\"festas rj\",\"fot\u00f3grafo de casamento rj\",\"inesquec\u00edvel 15 anos\",\"rodrigo rezende\",\"tema gal\u00e1xia\",\"vestido de 15 anos\",\"vestido de 15 anos rj\",\"vestido de debutante rj\",\"vestido de noiva rj\"],\"articleSection\":[\"Blog\",\"Espa\u00e7o Debutantes\"],\"inLanguage\":\"pt-BR\"},{\"@type\":\"WebPage\",\"@id\":\"https:\/\/www.ivanabeaumond.com.br\/vestidos-noiva\/festa-tema-galaxia-com-isabella\/\",\"url\":\"https:\/\/www.ivanabeaumond.com.br\/vestidos-noiva\/festa-tema-galaxia-com-isabella\/\",\"name\":\"Festa tema Gal\u00e1xia, com Isabella - Vestido de Noiva RJ\",\"isPartOf\":{\"@id\":\"https:\/\/www.ivanabeaumond.com.br\/vestidos-noiva\/#website\"},\"datePublished\":\"2020-03-11T20:58:57+00:00\",\"dateModified\":\"2020-08-13T20:58:35+00:00\",\"breadcrumb\":{\"@id\":\"https:\/\/www.ivanabeaumond.com.br\/vestidos-noiva\/festa-tema-galaxia-com-isabella\/#breadcrumb\"},\"inLanguage\":\"pt-BR\",\"potentialAction\":[{\"@type\":\"ReadAction\",\"target\":[\"https:\/\/www.ivanabeaumond.com.br\/vestidos-noiva\/festa-tema-galaxia-com-isabella\/\"]}]},{\"@type\":\"BreadcrumbList\",\"@id\":\"https:\/\/www.ivanabeaumond.com.br\/vestidos-noiva\/festa-tema-galaxia-com-isabella\/#breadcrumb\",\"itemListElement\":[{\"@type\":\"ListItem\",\"position\":1,\"name\":\"In\u00edcio\",\"item\":\"https:\/\/www.ivanabeaumond.com.br\/vestidos-noiva\/\"},{\"@type\":\"ListItem\",\"position\":2,\"name\":\"Festa tema Gal\u00e1xia, com Isabella\"}]},{\"@type\":\"WebSite\",\"@id\":\"https:\/\/www.ivanabeaumond.com.br\/vestidos-noiva\/#website\",\"url\":\"https:\/\/www.ivanabeaumond.com.br\/vestidos-noiva\/\",\"name\":\"Vestido de Noiva RJ\",\"description\":\"Moda Noiva\",\"publisher\":{\"@id\":\"https:\/\/www.ivanabeaumond.com.br\/vestidos-noiva\/#organization\"},\"potentialAction\":[{\"@type\":\"SearchAction\",\"target\":{\"@type\":\"EntryPoint\",\"urlTemplate\":\"https:\/\/www.ivanabeaumond.com.br\/vestidos-noiva\/?s={search_term_string}\"},\"query-input\":\"required name=search_term_string\"}],\"inLanguage\":\"pt-BR\"},{\"@type\":\"Organization\",\"@id\":\"https:\/\/www.ivanabeaumond.com.br\/vestidos-noiva\/#organization\",\"name\":\"Vestido de Noiva RJ\",\"url\":\"https:\/\/www.ivanabeaumond.com.br\/vestidos-noiva\/\",\"logo\":{\"@type\":\"ImageObject\",\"inLanguage\":\"pt-BR\",\"@id\":\"https:\/\/www.ivanabeaumond.com.br\/vestidos-noiva\/#\/schema\/logo\/image\/\",\"url\":\"https:\/\/www.ivanabeaumond.com.br\/vestidos-noiva\/wp-content\/uploads\/2018\/02\/logo_ivana_beaumond-2.png\",\"contentUrl\":\"https:\/\/www.ivanabeaumond.com.br\/vestidos-noiva\/wp-content\/uploads\/2018\/02\/logo_ivana_beaumond-2.png\",\"width\":230,\"height\":112,\"caption\":\"Vestido de Noiva RJ\"},\"image\":{\"@id\":\"https:\/\/www.ivanabeaumond.com.br\/vestidos-noiva\/#\/schema\/logo\/image\/\"},\"sameAs\":[\"https:\/\/www.facebook.com\/ivana.beaumondnoivas\",\"https:\/\/www.instagram.com\/ivanabeaumond\/\",\"https:\/\/www.tiktok.com\/@ivanabeaumond\"]},{\"@type\":\"Person\",\"@id\":\"https:\/\/www.ivanabeaumond.com.br\/vestidos-noiva\/#\/schema\/person\/1a360c4cffa3b806d29a456389dcff26\",\"name\":\"Ivana Beaumond Paris\",\"image\":{\"@type\":\"ImageObject\",\"inLanguage\":\"pt-BR\",\"@id\":\"https:\/\/www.ivanabeaumond.com.br\/vestidos-noiva\/#\/schema\/person\/image\/\",\"url\":\"https:\/\/secure.gravatar.com\/avatar\/641f98db20b53ec937ceb641db4270b9?s=96&d=mm&r=g\",\"contentUrl\":\"https:\/\/secure.gravatar.com\/avatar\/641f98db20b53ec937ceb641db4270b9?s=96&d=mm&r=g\",\"caption\":\"Ivana Beaumond Paris\"},\"url\":\"https:\/\/www.ivanabeaumond.com.br\/vestidos-noiva\/author\/ivana\/\"}]}<\/script>\n<!-- \/ Yoast SEO plugin. -->","yoast_head_json":{"title":"Festa tema Gal\u00e1xia, com Isabella - Vestido de Noiva RJ","robots":{"index":"index","follow":"follow","max-snippet":"max-snippet:-1","max-image-preview":"max-image-preview:large","max-video-preview":"max-video-preview:-1"},"canonical":"https:\/\/www.ivanabeaumond.com.br\/vestidos-noiva\/festa-tema-galaxia-com-isabella\/","og_locale":"pt_BR","og_type":"article","og_title":"Festa tema Gal\u00e1xia, com Isabella - Vestido de Noiva RJ","og_description":"Em uma gal\u00e1xia muito, muito distante,\u00a0essa debutante linda e carism\u00e1tica...","og_url":"https:\/\/www.ivanabeaumond.com.br\/vestidos-noiva\/festa-tema-galaxia-com-isabella\/","og_site_name":"Vestido de Noiva RJ","article_publisher":"https:\/\/www.facebook.com\/ivana.beaumondnoivas","article_published_time":"2020-03-11T20:58:57+00:00","article_modified_time":"2020-08-13T20:58:35+00:00","og_image":[{"width":600,"height":399,"url":"https:\/\/www.ivanabeaumond.com.br\/vestidos-noiva\/wp-content\/uploads\/2020\/03\/Isabella-Benevenuto-Vestido-de-Debutante-Rj-Atelier-Ivana-Beaumond-Paris-27-e1583958454611.jpg","type":"image\/jpeg"}],"author":"Ivana Beaumond Paris","twitter_card":"summary_large_image","twitter_misc":{"Escrito por":"Ivana Beaumond Paris","Est. tempo de leitura":"2 minutos"},"schema":{"@context":"https:\/\/schema.org","@graph":[{"@type":"Article","@id":"https:\/\/www.ivanabeaumond.com.br\/vestidos-noiva\/festa-tema-galaxia-com-isabella\/#article","isPartOf":{"@id":"https:\/\/www.ivanabeaumond.com.br\/vestidos-noiva\/festa-tema-galaxia-com-isabella\/"},"author":{"name":"Ivana Beaumond Paris","@id":"https:\/\/www.ivanabeaumond.com.br\/vestidos-noiva\/#\/schema\/person\/1a360c4cffa3b806d29a456389dcff26"},"headline":"Festa tema Gal\u00e1xia, com Isabella","datePublished":"2020-03-11T20:58:57+00:00","dateModified":"2020-08-13T20:58:35+00:00","mainEntityOfPage":{"@id":"https:\/\/www.ivanabeaumond.com.br\/vestidos-noiva\/festa-tema-galaxia-com-isabella\/"},"wordCount":403,"publisher":{"@id":"https:\/\/www.ivanabeaumond.com.br\/vestidos-noiva\/#organization"},"keywords":["15 anos","15 anos rj","15 anos tem\u00e1tico","15 anos top","alugar vestido de noiva","anivers\u00e1rio","atelier ivana beaumond","blog de debutante","casa de festas","debuteen","debutei","dia inesquec\u00edvel","festa de 15 anos","festa gal\u00e1xia","festa tem\u00e1tica","festas rj","fot\u00f3grafo de casamento rj","inesquec\u00edvel 15 anos","rodrigo rezende","tema gal\u00e1xia","vestido de 15 anos","vestido de 15 anos rj","vestido de debutante rj","vestido de noiva rj"],"articleSection":["Blog","Espa\u00e7o Debutantes"],"inLanguage":"pt-BR"},{"@type":"WebPage","@id":"https:\/\/www.ivanabeaumond.com.br\/vestidos-noiva\/festa-tema-galaxia-com-isabella\/","url":"https:\/\/www.ivanabeaumond.com.br\/vestidos-noiva\/festa-tema-galaxia-com-isabella\/","name":"Festa tema Gal\u00e1xia, com Isabella - Vestido de Noiva RJ","isPartOf":{"@id":"https:\/\/www.ivanabeaumond.com.br\/vestidos-noiva\/#website"},"datePublished":"2020-03-11T20:58:57+00:00","dateModified":"2020-08-13T20:58:35+00:00","breadcrumb":{"@id":"https:\/\/www.ivanabeaumond.com.br\/vestidos-noiva\/festa-tema-galaxia-com-isabella\/#breadcrumb"},"inLanguage":"pt-BR","potentialAction":[{"@type":"ReadAction","target":["https:\/\/www.ivanabeaumond.com.br\/vestidos-noiva\/festa-tema-galaxia-com-isabella\/"]}]},{"@type":"BreadcrumbList","@id":"https:\/\/www.ivanabeaumond.com.br\/vestidos-noiva\/festa-tema-galaxia-com-isabella\/#breadcrumb","itemListElement":[{"@type":"ListItem","position":1,"name":"In\u00edcio","item":"https:\/\/www.ivanabeaumond.com.br\/vestidos-noiva\/"},{"@type":"ListItem","position":2,"name":"Festa tema Gal\u00e1xia, com Isabella"}]},{"@type":"WebSite","@id":"https:\/\/www.ivanabeaumond.com.br\/vestidos-noiva\/#website","url":"https:\/\/www.ivanabeaumond.com.br\/vestidos-noiva\/","name":"Vestido de Noiva RJ","description":"Moda Noiva","publisher":{"@id":"https:\/\/www.ivanabeaumond.com.br\/vestidos-noiva\/#organization"},"potentialAction":[{"@type":"SearchAction","target":{"@type":"EntryPoint","urlTemplate":"https:\/\/www.ivanabeaumond.com.br\/vestidos-noiva\/?s={search_term_string}"},"query-input":"required name=search_term_string"}],"inLanguage":"pt-BR"},{"@type":"Organization","@id":"https:\/\/www.ivanabeaumond.com.br\/vestidos-noiva\/#organization","name":"Vestido de Noiva RJ","url":"https:\/\/www.ivanabeaumond.com.br\/vestidos-noiva\/","logo":{"@type":"ImageObject","inLanguage":"pt-BR","@id":"https:\/\/www.ivanabeaumond.com.br\/vestidos-noiva\/#\/schema\/logo\/image\/","url":"https:\/\/www.ivanabeaumond.com.br\/vestidos-noiva\/wp-content\/uploads\/2018\/02\/logo_ivana_beaumond-2.png","contentUrl":"https:\/\/www.ivanabeaumond.com.br\/vestidos-noiva\/wp-content\/uploads\/2018\/02\/logo_ivana_beaumond-2.png","width":230,"height":112,"caption":"Vestido de Noiva RJ"},"image":{"@id":"https:\/\/www.ivanabeaumond.com.br\/vestidos-noiva\/#\/schema\/logo\/image\/"},"sameAs":["https:\/\/www.facebook.com\/ivana.beaumondnoivas","https:\/\/www.instagram.com\/ivanabeaumond\/","https:\/\/www.tiktok.com\/@ivanabeaumond"]},{"@type":"Person","@id":"https:\/\/www.ivanabeaumond.com.br\/vestidos-noiva\/#\/schema\/person\/1a360c4cffa3b806d29a456389dcff26","name":"Ivana Beaumond Paris","image":{"@type":"ImageObject","inLanguage":"pt-BR","@id":"https:\/\/www.ivanabeaumond.com.br\/vestidos-noiva\/#\/schema\/person\/image\/","url":"https:\/\/secure.gravatar.com\/avatar\/641f98db20b53ec937ceb641db4270b9?s=96&d=mm&r=g","contentUrl":"https:\/\/secure.gravatar.com\/avatar\/641f98db20b53ec937ceb641db4270b9?s=96&d=mm&r=g","caption":"Ivana Beaumond Paris"},"url":"https:\/\/www.ivanabeaumond.com.br\/vestidos-noiva\/author\/ivana\/"}]}},"_links":{"self":[{"href":"https:\/\/www.ivanabeaumond.com.br\/vestidos-noiva\/wp-json\/wp\/v2\/posts\/23859"}],"collection":[{"href":"https:\/\/www.ivanabeaumond.com.br\/vestidos-noiva\/wp-json\/wp\/v2\/posts"}],"about":[{"href":"https:\/\/www.ivanabeaumond.com.br\/vestidos-noiva\/wp-json\/wp\/v2\/types\/post"}],"author":[{"embeddable":true,"href":"https:\/\/www.ivanabeaumond.com.br\/vestidos-noiva\/wp-json\/wp\/v2\/users\/4"}],"replies":[{"embeddable":true,"href":"https:\/\/www.ivanabeaumond.com.br\/vestidos-noiva\/wp-json\/wp\/v2\/comments?post=23859"}],"version-history":[{"count":5,"href":"https:\/\/www.ivanabeaumond.com.br\/vestidos-noiva\/wp-json\/wp\/v2\/posts\/23859\/revisions"}],"predecessor-version":[{"id":25768,"href":"https:\/\/www.ivanabeaumond.com.br\/vestidos-noiva\/wp-json\/wp\/v2\/posts\/23859\/revisions\/25768"}],"wp:featuredmedia":[{"embeddable":true,"href":"https:\/\/www.ivanabeaumond.com.br\/vestidos-noiva\/wp-json\/wp\/v2\/media\/23863"}],"wp:attachment":[{"href":"https:\/\/www.ivanabeaumond.com.br\/vestidos-noiva\/wp-json\/wp\/v2\/media?parent=23859"}],"wp:term":[{"taxonomy":"category","embeddable":true,"href":"https:\/\/www.ivanabeaumond.com.br\/vestidos-noiva\/wp-json\/wp\/v2\/categories?post=23859"},{"taxonomy":"post_tag","embeddable":true,"href":"https:\/\/www.ivanabeaumond.com.br\/vestidos-noiva\/wp-json\/wp\/v2\/tags?post=23859"}],"curies":[{"name":"wp","href":"https:\/\/api.w.org\/{rel}","templated":true}]}}