{"id":23947,"date":"2020-03-23T20:54:22","date_gmt":"2020-03-23T23:54:22","guid":{"rendered":"https:\/\/www.ivanabeaumond.com.br\/vestidos-noiva\/?p=23947"},"modified":"2020-04-20T14:40:28","modified_gmt":"2020-04-20T17:40:28","slug":"mangas-bufantes-sao-tendencia-nos-vestidos-de-noiva-em-2020","status":"publish","type":"post","link":"https:\/\/www.ivanabeaumond.com.br\/vestidos-noiva\/mangas-bufantes-sao-tendencia-nos-vestidos-de-noiva-em-2020\/","title":{"rendered":"Mangas Bufantes s\u00e3o Tend\u00eancia nos Vestidos de Noiva em 2020"},"content":{"rendered":"<h4 style=\"text-align: justify;\"><span style=\"color: #999999;\">Uma inspira\u00e7\u00e3o da Era Vitoriana que\u00a0dominou a moda nos anos 1980 e agora teve o\u00a0seu <em>come back<\/em>\u00a0nas passarelas, as Mangas Bufantes &#8211; ou <em>Puffy Sleeves<\/em> &#8211; tamb\u00e9m\u00a0tomaram conta da Moda Noiva, surgindo como uma tend\u00eancia nos Vestidos de Noiva em 2020.<\/span><br \/>\n<span style=\"color: #999999;\">As Mangas Bufantes s\u00e3o um detalhe marcante e cheio de personalidade, que podem ser\u00a0vers\u00e1teis se forem remov\u00edveis ou de acordo com seu estilo e tamanho. Se voc\u00ea curte esse visual e quer investir nesse look para o seu casamento, veja as dicas de modelos que separamos para voc\u00ea a seguir:\u00a0<\/span><\/h4>\n<p>&nbsp;<\/p>\n<p>&nbsp;<\/p>\n<p>&nbsp;<\/p>\n<p>&nbsp;<\/p>\n<p><img decoding=\"async\" loading=\"lazy\" class=\"aligncenter size-full wp-image-23949\" src=\"https:\/\/www.ivanabeaumond.com.br\/vestidos-noiva\/wp-content\/uploads\/2020\/03\/06_Anne-Barge-Seiji-Fujimori-Photography-Puffy-Sleeves-e1585001580895.jpg\" alt=\"Vestido de Noiva com Mangas Bufantes Atelier Ivana Beaumond Paris Rj\" width=\"400\" height=\"600\" \/><\/p>\n<p><img decoding=\"async\" loading=\"lazy\" class=\"aligncenter size-full wp-image-23950\" src=\"https:\/\/www.ivanabeaumond.com.br\/vestidos-noiva\/wp-content\/uploads\/2020\/03\/alexandra-grecco-bridal-fall-2020-wedding-puff-shoulder-dress-e1585001673769.jpg\" alt=\"Vestido de Noiva com Mangas Bufantes Atelier Ivana Beaumond Paris Rj\" width=\"400\" height=\"560\" \/><\/p>\n<p><img decoding=\"async\" loading=\"lazy\" class=\"aligncenter size-full wp-image-23951\" src=\"https:\/\/www.ivanabeaumond.com.br\/vestidos-noiva\/wp-content\/uploads\/2020\/03\/Jenny-Packham-Etoile-Luna-JPB813-JPB820-e1585001747770.jpg\" alt=\"Vestido de Noiva com Mangas Bufantes Atelier Ivana Beaumond Paris Rj\" width=\"400\" height=\"600\" \/><\/p>\n<p><img decoding=\"async\" loading=\"lazy\" class=\"aligncenter size-full wp-image-23952\" src=\"https:\/\/www.ivanabeaumond.com.br\/vestidos-noiva\/wp-content\/uploads\/2020\/03\/08-a-light-pink-wedding-dress-with-a-V-neckline-puff-tulle-sleeves-and-a-skirt-with-pink-tulle-appliques-for-a-chic-look-e1585001820979.jpg\" alt=\"08-a-light-pink-wedding-dress-with-a-V-neckline-puff-tulle-sleeves-and-a-skirt-with-pink-tulle-appliques-for-a-chic-look\" width=\"400\" height=\"531\" \/><\/p>\n<p><img decoding=\"async\" loading=\"lazy\" class=\"aligncenter size-full wp-image-23953\" src=\"https:\/\/www.ivanabeaumond.com.br\/vestidos-noiva\/wp-content\/uploads\/2020\/03\/9898897c2d6591c361555c20f1eedcb9-e1585001881316.jpg\" alt=\"9898897c2d6591c361555c20f1eedcb9\" width=\"400\" height=\"533\" \/><\/p>\n<p><img decoding=\"async\" loading=\"lazy\" class=\"aligncenter size-full wp-image-23954\" src=\"https:\/\/www.ivanabeaumond.com.br\/vestidos-noiva\/wp-content\/uploads\/2020\/03\/francesca-miranda-wedding-dresses-spring-2020-006-e1585001935969.jpg\" alt=\"Vestido de Noiva com Mangas Bufantes Atelier Ivana Beaumond Paris Rj\" width=\"400\" height=\"600\" \/><\/p>\n<p><img decoding=\"async\" loading=\"lazy\" class=\"aligncenter size-full wp-image-23955\" src=\"https:\/\/www.ivanabeaumond.com.br\/vestidos-noiva\/wp-content\/uploads\/2020\/03\/rime_arodaky-bridal-fall-2020-wedding-dress-puff-off-shoulder-sleeve-ben_simpson-e1585002065630.jpg\" alt=\"Vestido de Noiva com Mangas Bufantes Atelier Ivana Beaumond Paris Rj\" width=\"400\" height=\"562\" \/><\/p>\n<p>&nbsp;<\/p>\n<p>&nbsp;<\/p>\n<p>&nbsp;<\/p>\n<p>&nbsp;<\/p>\n<p>&nbsp;<\/p>\n<h3>Famosas que apostaram no\u00a0look<\/h3>\n<p>&nbsp;<\/p>\n<p>&nbsp;<\/p>\n<h4 style=\"text-align: justify;\"><span style=\"color: #999999;\">Por aqui, a\u00a0digital influencer\u00a0Th\u00e1ssia Naves foi quem roubou a cena ao\u00a0usar dois modelos diferentes, ambos apostando na tend\u00eancia das mangas bufantes. Seu primeiro look\u00a0foi um vestido de noiva com mangas longas de renda no estilo rom\u00e2ntico, assinado pelo estilista\u00a0Sandro Barros.\u00a0Para a\u00a0festa, a blogueira usou um modelo da grife\u00a0londrina Ralph &amp; Russo,\u00a0com mangas\u00a0estruturadas e decote tomara que caia. Confira algumas fotos\u00a0dos looks do casamento da Th\u00e1ssia Naves:<\/span><\/h4>\n<h4 style=\"text-align: justify;\"><\/h4>\n<p>&nbsp;<\/p>\n<p>&nbsp;<\/p>\n<p>&nbsp;<\/p>\n<p>&nbsp;<\/p>\n<p><img decoding=\"async\" loading=\"lazy\" class=\"aligncenter size-full wp-image-23957\" src=\"https:\/\/www.ivanabeaumond.com.br\/vestidos-noiva\/wp-content\/uploads\/2020\/03\/thassia-naves-e1585002870276.jpg\" alt=\"Vestido de Noiva com Mangas Bufantes Atelier Ivana Beaumond Paris Rj\" width=\"400\" height=\"499\" \/><\/p>\n<p><img decoding=\"async\" loading=\"lazy\" class=\"aligncenter size-full wp-image-23958\" src=\"https:\/\/www.ivanabeaumond.com.br\/vestidos-noiva\/wp-content\/uploads\/2020\/03\/c8a55f01c3b9eab39c9c9312c1e74c97-e1585002937372.jpg\" alt=\"c8a55f01c3b9eab39c9c9312c1e74c97\" width=\"400\" height=\"500\" \/><\/p>\n<p><img decoding=\"async\" loading=\"lazy\" class=\"aligncenter size-full wp-image-23959\" src=\"https:\/\/www.ivanabeaumond.com.br\/vestidos-noiva\/wp-content\/uploads\/2020\/03\/casamento-thassia-naves-arthur-4-e1585002999659.jpg\" alt=\"casamento-thassia-naves-arthur-4\" width=\"400\" height=\"495\" \/><\/p>\n<p><img decoding=\"async\" loading=\"lazy\" class=\"aligncenter size-full wp-image-23960\" src=\"https:\/\/www.ivanabeaumond.com.br\/vestidos-noiva\/wp-content\/uploads\/2020\/03\/unnamed-e1585003076813.jpg\" alt=\"Vestido de Noiva com Mangas Bufantes Atelier Ivana Beaumond Paris Rj\" width=\"400\" height=\"500\" \/><\/p>\n<p><img decoding=\"async\" loading=\"lazy\" class=\"aligncenter size-full wp-image-23961\" src=\"https:\/\/www.ivanabeaumond.com.br\/vestidos-noiva\/wp-content\/uploads\/2020\/03\/unnamed-1-e1585003203755.jpg\" alt=\"Vestido de Noiva com Mangas Bufantes Atelier Ivana Beaumond Paris Rj\" width=\"400\" height=\"500\" \/><\/p>\n<p>&nbsp;<\/p>\n<p>&nbsp;<\/p>\n<p>&nbsp;<\/p>\n<p>&nbsp;<\/p>\n<p>&nbsp;<\/p>\n<h4 style=\"text-align: justify;\"><span style=\"color: #999999;\">Outras\u00a0celebridades que apostaram nos Vestidos de Noiva com Mangas Bufantes foram a cantora Iza e a\u00a0modelo e apresentadora Heidi Klum.<\/span><\/h4>\n<p>&nbsp;<\/p>\n<p>&nbsp;<\/p>\n<p>&nbsp;<\/p>\n<p>&nbsp;<\/p>\n<p>&nbsp;<\/p>\n<p><img decoding=\"async\" loading=\"lazy\" class=\"aligncenter size-full wp-image-23948\" src=\"https:\/\/www.ivanabeaumond.com.br\/vestidos-noiva\/wp-content\/uploads\/2020\/03\/iza-segundo-vestido-de-noiva-e1585002211612.jpg\" alt=\"Vestido de Noiva com Mangas Bufantes Atelier Ivana Beaumond Paris Rj\" width=\"400\" height=\"500\" \/><\/p>\n<p><img decoding=\"async\" loading=\"lazy\" class=\"aligncenter size-full wp-image-23956\" src=\"https:\/\/www.ivanabeaumond.com.br\/vestidos-noiva\/wp-content\/uploads\/2020\/03\/keidi-klum-e-tom-kaulitz-819x1024-e1585002284707.jpg\" alt=\"keidi-klum-e-tom-kaulitz-819x1024\" width=\"400\" height=\"500\" \/><\/p>\n<p>&nbsp;<\/p>\n<p>&nbsp;<\/p>\n<p>&nbsp;<\/p>\n<h4><span style=\"color: #000000;\">Imagens:<\/span><\/h4>\n<h4><span style=\"color: #000000;\"><a style=\"color: #000000;\" href=\"https:\/\/vogue.globo.com\/Noiva\/noticia\/2019\/09\/tendencia-do-momento-na-moda-bridal-sao-mangas-bufantes.html\" target=\"_blank\">Vogue<\/a><\/span><\/h4>\n<h4><span style=\"color: #000000;\">Rick Arruda\u00a0<\/span><\/h4>\n<h4><span style=\"color: #000000;\">Divulga\u00e7\u00e3o\/Instagram<\/span><\/h4>\n<p>&nbsp;<\/p>\n<p>&nbsp;<\/p>\n<p>&nbsp;<\/p>\n<p>&nbsp;<\/p>\n<p>&nbsp;<\/p>\n<p>&nbsp;<\/p>\n<h4><span style=\"color: #999999;\">Gostou? Siga nosso instagram<\/span>\u00a0<a href=\"https:\/\/www.instagram.com\/ivanabeaumond\/\" target=\"_blank\">@ivanabeaumond<\/a>\u00a0<span style=\"color: #999999;\">e curta nossa<\/span>\u00a0<a href=\"https:\/\/www.facebook.com\/IvanaBeaumond\/\" target=\"_blank\">fanpage<\/a>\u00a0\u00a0<span style=\"color: #999999;\">no Facebook para ficar por dentro de tudo o que rola no mundo das noivas, e conhe\u00e7a nossos Melhores Modelos de Vestidos de Noivas Nacionais, Importados e Sob Medida.<\/span><\/h4>\n<p>&nbsp;<\/p>\n<p>&nbsp;<\/p>\n<p>&nbsp;<\/p>\n<h4><\/h4>\n","protected":false},"excerpt":{"rendered":"<p>Uma inspira\u00e7\u00e3o da Era Vitoriana que\u00a0dominou a moda nos anos&#8230;<\/p>\n","protected":false},"author":4,"featured_media":24182,"comment_status":"closed","ping_status":"closed","sticky":false,"template":"","format":"standard","meta":[],"categories":[60,127],"tags":[650,96,1177,1180,286,815,455,1175,1174,283,1173,1178,1108,115,1176,754,1179],"yoast_head":"<!-- This site is optimized with the Yoast SEO plugin v20.3 - https:\/\/yoast.com\/wordpress\/plugins\/seo\/ -->\n<title>Mangas Bufantes s\u00e3o Tend\u00eancia nos Vestidos de Noiva em 2020 - Vestido de Noiva RJ<\/title>\n<meta name=\"robots\" content=\"index, follow, max-snippet:-1, max-image-preview:large, max-video-preview:-1\" \/>\n<link rel=\"canonical\" href=\"https:\/\/www.ivanabeaumond.com.br\/vestidos-noiva\/mangas-bufantes-sao-tendencia-nos-vestidos-de-noiva-em-2020\/\" \/>\n<meta property=\"og:locale\" content=\"pt_BR\" \/>\n<meta property=\"og:type\" content=\"article\" \/>\n<meta property=\"og:title\" content=\"Mangas Bufantes s\u00e3o Tend\u00eancia nos Vestidos de Noiva em 2020 - Vestido de Noiva RJ\" \/>\n<meta property=\"og:description\" content=\"Uma inspira\u00e7\u00e3o da Era Vitoriana que\u00a0dominou a moda nos anos...\" \/>\n<meta property=\"og:url\" content=\"https:\/\/www.ivanabeaumond.com.br\/vestidos-noiva\/mangas-bufantes-sao-tendencia-nos-vestidos-de-noiva-em-2020\/\" \/>\n<meta property=\"og:site_name\" content=\"Vestido de Noiva RJ\" \/>\n<meta property=\"article:publisher\" content=\"https:\/\/www.facebook.com\/ivana.beaumondnoivas\" \/>\n<meta property=\"article:published_time\" content=\"2020-03-23T23:54:22+00:00\" \/>\n<meta property=\"article:modified_time\" content=\"2020-04-20T17:40:28+00:00\" \/>\n<meta property=\"og:image\" content=\"https:\/\/www.ivanabeaumond.com.br\/vestidos-noiva\/wp-content\/uploads\/2020\/03\/Maga-Bufante-Vestido-de-Noiva-Ivana-Beaumond-014.jpg\" \/>\n\t<meta property=\"og:image:width\" content=\"400\" \/>\n\t<meta property=\"og:image:height\" content=\"270\" \/>\n\t<meta property=\"og:image:type\" content=\"image\/jpeg\" \/>\n<meta name=\"author\" content=\"Ivana Beaumond Paris\" \/>\n<meta name=\"twitter:card\" content=\"summary_large_image\" \/>\n<meta name=\"twitter:label1\" content=\"Escrito por\" \/>\n\t<meta name=\"twitter:data1\" content=\"Ivana Beaumond Paris\" \/>\n\t<meta name=\"twitter:label2\" content=\"Est. tempo de leitura\" \/>\n\t<meta name=\"twitter:data2\" content=\"1 minuto\" \/>\n<script type=\"application\/ld+json\" class=\"yoast-schema-graph\">{\"@context\":\"https:\/\/schema.org\",\"@graph\":[{\"@type\":\"Article\",\"@id\":\"https:\/\/www.ivanabeaumond.com.br\/vestidos-noiva\/mangas-bufantes-sao-tendencia-nos-vestidos-de-noiva-em-2020\/#article\",\"isPartOf\":{\"@id\":\"https:\/\/www.ivanabeaumond.com.br\/vestidos-noiva\/mangas-bufantes-sao-tendencia-nos-vestidos-de-noiva-em-2020\/\"},\"author\":{\"name\":\"Ivana Beaumond Paris\",\"@id\":\"https:\/\/www.ivanabeaumond.com.br\/vestidos-noiva\/#\/schema\/person\/1a360c4cffa3b806d29a456389dcff26\"},\"headline\":\"Mangas Bufantes s\u00e3o Tend\u00eancia nos Vestidos de Noiva em 2020\",\"datePublished\":\"2020-03-23T23:54:22+00:00\",\"dateModified\":\"2020-04-20T17:40:28+00:00\",\"mainEntityOfPage\":{\"@id\":\"https:\/\/www.ivanabeaumond.com.br\/vestidos-noiva\/mangas-bufantes-sao-tendencia-nos-vestidos-de-noiva-em-2020\/\"},\"wordCount\":302,\"publisher\":{\"@id\":\"https:\/\/www.ivanabeaumond.com.br\/vestidos-noiva\/#organization\"},\"keywords\":[\"atelier ivana beaumond\",\"casamento\",\"Casamento da Th\u00e1ssia Naves\",\"estilista Sandro Barros\",\"ivana beaumond\",\"mangas bufantes\",\"moda noiva\",\"Moda Noiva 2020\",\"puffy sleeves\",\"tend\u00eancia\",\"tend\u00eancia 2020\",\"tend\u00eancia vestidos de noiva 2020\",\"tend\u00eancias 2020\",\"vestido de noiva\",\"vestido de noiva com mangas longas\",\"vestidos de noiva\",\"vestidos de noiva 2020\"],\"articleSection\":[\"Blog\",\"Dicas e Truques\"],\"inLanguage\":\"pt-BR\"},{\"@type\":\"WebPage\",\"@id\":\"https:\/\/www.ivanabeaumond.com.br\/vestidos-noiva\/mangas-bufantes-sao-tendencia-nos-vestidos-de-noiva-em-2020\/\",\"url\":\"https:\/\/www.ivanabeaumond.com.br\/vestidos-noiva\/mangas-bufantes-sao-tendencia-nos-vestidos-de-noiva-em-2020\/\",\"name\":\"Mangas Bufantes s\u00e3o Tend\u00eancia nos Vestidos de Noiva em 2020 - Vestido de Noiva RJ\",\"isPartOf\":{\"@id\":\"https:\/\/www.ivanabeaumond.com.br\/vestidos-noiva\/#website\"},\"datePublished\":\"2020-03-23T23:54:22+00:00\",\"dateModified\":\"2020-04-20T17:40:28+00:00\",\"breadcrumb\":{\"@id\":\"https:\/\/www.ivanabeaumond.com.br\/vestidos-noiva\/mangas-bufantes-sao-tendencia-nos-vestidos-de-noiva-em-2020\/#breadcrumb\"},\"inLanguage\":\"pt-BR\",\"potentialAction\":[{\"@type\":\"ReadAction\",\"target\":[\"https:\/\/www.ivanabeaumond.com.br\/vestidos-noiva\/mangas-bufantes-sao-tendencia-nos-vestidos-de-noiva-em-2020\/\"]}]},{\"@type\":\"BreadcrumbList\",\"@id\":\"https:\/\/www.ivanabeaumond.com.br\/vestidos-noiva\/mangas-bufantes-sao-tendencia-nos-vestidos-de-noiva-em-2020\/#breadcrumb\",\"itemListElement\":[{\"@type\":\"ListItem\",\"position\":1,\"name\":\"In\u00edcio\",\"item\":\"https:\/\/www.ivanabeaumond.com.br\/vestidos-noiva\/\"},{\"@type\":\"ListItem\",\"position\":2,\"name\":\"Mangas Bufantes s\u00e3o Tend\u00eancia nos Vestidos de Noiva em 2020\"}]},{\"@type\":\"WebSite\",\"@id\":\"https:\/\/www.ivanabeaumond.com.br\/vestidos-noiva\/#website\",\"url\":\"https:\/\/www.ivanabeaumond.com.br\/vestidos-noiva\/\",\"name\":\"Vestido de Noiva RJ\",\"description\":\"Moda Noiva\",\"publisher\":{\"@id\":\"https:\/\/www.ivanabeaumond.com.br\/vestidos-noiva\/#organization\"},\"potentialAction\":[{\"@type\":\"SearchAction\",\"target\":{\"@type\":\"EntryPoint\",\"urlTemplate\":\"https:\/\/www.ivanabeaumond.com.br\/vestidos-noiva\/?s={search_term_string}\"},\"query-input\":\"required name=search_term_string\"}],\"inLanguage\":\"pt-BR\"},{\"@type\":\"Organization\",\"@id\":\"https:\/\/www.ivanabeaumond.com.br\/vestidos-noiva\/#organization\",\"name\":\"Vestido de Noiva RJ\",\"url\":\"https:\/\/www.ivanabeaumond.com.br\/vestidos-noiva\/\",\"logo\":{\"@type\":\"ImageObject\",\"inLanguage\":\"pt-BR\",\"@id\":\"https:\/\/www.ivanabeaumond.com.br\/vestidos-noiva\/#\/schema\/logo\/image\/\",\"url\":\"https:\/\/www.ivanabeaumond.com.br\/vestidos-noiva\/wp-content\/uploads\/2018\/02\/logo_ivana_beaumond-2.png\",\"contentUrl\":\"https:\/\/www.ivanabeaumond.com.br\/vestidos-noiva\/wp-content\/uploads\/2018\/02\/logo_ivana_beaumond-2.png\",\"width\":230,\"height\":112,\"caption\":\"Vestido de Noiva RJ\"},\"image\":{\"@id\":\"https:\/\/www.ivanabeaumond.com.br\/vestidos-noiva\/#\/schema\/logo\/image\/\"},\"sameAs\":[\"https:\/\/www.facebook.com\/ivana.beaumondnoivas\",\"https:\/\/www.instagram.com\/ivanabeaumond\/\",\"https:\/\/www.tiktok.com\/@ivanabeaumond\"]},{\"@type\":\"Person\",\"@id\":\"https:\/\/www.ivanabeaumond.com.br\/vestidos-noiva\/#\/schema\/person\/1a360c4cffa3b806d29a456389dcff26\",\"name\":\"Ivana Beaumond Paris\",\"image\":{\"@type\":\"ImageObject\",\"inLanguage\":\"pt-BR\",\"@id\":\"https:\/\/www.ivanabeaumond.com.br\/vestidos-noiva\/#\/schema\/person\/image\/\",\"url\":\"https:\/\/secure.gravatar.com\/avatar\/641f98db20b53ec937ceb641db4270b9?s=96&d=mm&r=g\",\"contentUrl\":\"https:\/\/secure.gravatar.com\/avatar\/641f98db20b53ec937ceb641db4270b9?s=96&d=mm&r=g\",\"caption\":\"Ivana Beaumond Paris\"},\"url\":\"https:\/\/www.ivanabeaumond.com.br\/vestidos-noiva\/author\/ivana\/\"}]}<\/script>\n<!-- \/ Yoast SEO plugin. -->","yoast_head_json":{"title":"Mangas Bufantes s\u00e3o Tend\u00eancia nos Vestidos de Noiva em 2020 - Vestido de Noiva RJ","robots":{"index":"index","follow":"follow","max-snippet":"max-snippet:-1","max-image-preview":"max-image-preview:large","max-video-preview":"max-video-preview:-1"},"canonical":"https:\/\/www.ivanabeaumond.com.br\/vestidos-noiva\/mangas-bufantes-sao-tendencia-nos-vestidos-de-noiva-em-2020\/","og_locale":"pt_BR","og_type":"article","og_title":"Mangas Bufantes s\u00e3o Tend\u00eancia nos Vestidos de Noiva em 2020 - Vestido de Noiva RJ","og_description":"Uma inspira\u00e7\u00e3o da Era Vitoriana que\u00a0dominou a moda nos anos...","og_url":"https:\/\/www.ivanabeaumond.com.br\/vestidos-noiva\/mangas-bufantes-sao-tendencia-nos-vestidos-de-noiva-em-2020\/","og_site_name":"Vestido de Noiva RJ","article_publisher":"https:\/\/www.facebook.com\/ivana.beaumondnoivas","article_published_time":"2020-03-23T23:54:22+00:00","article_modified_time":"2020-04-20T17:40:28+00:00","og_image":[{"width":400,"height":270,"url":"https:\/\/www.ivanabeaumond.com.br\/vestidos-noiva\/wp-content\/uploads\/2020\/03\/Maga-Bufante-Vestido-de-Noiva-Ivana-Beaumond-014.jpg","type":"image\/jpeg"}],"author":"Ivana Beaumond Paris","twitter_card":"summary_large_image","twitter_misc":{"Escrito por":"Ivana Beaumond Paris","Est. tempo de leitura":"1 minuto"},"schema":{"@context":"https:\/\/schema.org","@graph":[{"@type":"Article","@id":"https:\/\/www.ivanabeaumond.com.br\/vestidos-noiva\/mangas-bufantes-sao-tendencia-nos-vestidos-de-noiva-em-2020\/#article","isPartOf":{"@id":"https:\/\/www.ivanabeaumond.com.br\/vestidos-noiva\/mangas-bufantes-sao-tendencia-nos-vestidos-de-noiva-em-2020\/"},"author":{"name":"Ivana Beaumond Paris","@id":"https:\/\/www.ivanabeaumond.com.br\/vestidos-noiva\/#\/schema\/person\/1a360c4cffa3b806d29a456389dcff26"},"headline":"Mangas Bufantes s\u00e3o Tend\u00eancia nos Vestidos de Noiva em 2020","datePublished":"2020-03-23T23:54:22+00:00","dateModified":"2020-04-20T17:40:28+00:00","mainEntityOfPage":{"@id":"https:\/\/www.ivanabeaumond.com.br\/vestidos-noiva\/mangas-bufantes-sao-tendencia-nos-vestidos-de-noiva-em-2020\/"},"wordCount":302,"publisher":{"@id":"https:\/\/www.ivanabeaumond.com.br\/vestidos-noiva\/#organization"},"keywords":["atelier ivana beaumond","casamento","Casamento da Th\u00e1ssia Naves","estilista Sandro Barros","ivana beaumond","mangas bufantes","moda noiva","Moda Noiva 2020","puffy sleeves","tend\u00eancia","tend\u00eancia 2020","tend\u00eancia vestidos de noiva 2020","tend\u00eancias 2020","vestido de noiva","vestido de noiva com mangas longas","vestidos de noiva","vestidos de noiva 2020"],"articleSection":["Blog","Dicas e Truques"],"inLanguage":"pt-BR"},{"@type":"WebPage","@id":"https:\/\/www.ivanabeaumond.com.br\/vestidos-noiva\/mangas-bufantes-sao-tendencia-nos-vestidos-de-noiva-em-2020\/","url":"https:\/\/www.ivanabeaumond.com.br\/vestidos-noiva\/mangas-bufantes-sao-tendencia-nos-vestidos-de-noiva-em-2020\/","name":"Mangas Bufantes s\u00e3o Tend\u00eancia nos Vestidos de Noiva em 2020 - Vestido de Noiva RJ","isPartOf":{"@id":"https:\/\/www.ivanabeaumond.com.br\/vestidos-noiva\/#website"},"datePublished":"2020-03-23T23:54:22+00:00","dateModified":"2020-04-20T17:40:28+00:00","breadcrumb":{"@id":"https:\/\/www.ivanabeaumond.com.br\/vestidos-noiva\/mangas-bufantes-sao-tendencia-nos-vestidos-de-noiva-em-2020\/#breadcrumb"},"inLanguage":"pt-BR","potentialAction":[{"@type":"ReadAction","target":["https:\/\/www.ivanabeaumond.com.br\/vestidos-noiva\/mangas-bufantes-sao-tendencia-nos-vestidos-de-noiva-em-2020\/"]}]},{"@type":"BreadcrumbList","@id":"https:\/\/www.ivanabeaumond.com.br\/vestidos-noiva\/mangas-bufantes-sao-tendencia-nos-vestidos-de-noiva-em-2020\/#breadcrumb","itemListElement":[{"@type":"ListItem","position":1,"name":"In\u00edcio","item":"https:\/\/www.ivanabeaumond.com.br\/vestidos-noiva\/"},{"@type":"ListItem","position":2,"name":"Mangas Bufantes s\u00e3o Tend\u00eancia nos Vestidos de Noiva em 2020"}]},{"@type":"WebSite","@id":"https:\/\/www.ivanabeaumond.com.br\/vestidos-noiva\/#website","url":"https:\/\/www.ivanabeaumond.com.br\/vestidos-noiva\/","name":"Vestido de Noiva RJ","description":"Moda Noiva","publisher":{"@id":"https:\/\/www.ivanabeaumond.com.br\/vestidos-noiva\/#organization"},"potentialAction":[{"@type":"SearchAction","target":{"@type":"EntryPoint","urlTemplate":"https:\/\/www.ivanabeaumond.com.br\/vestidos-noiva\/?s={search_term_string}"},"query-input":"required name=search_term_string"}],"inLanguage":"pt-BR"},{"@type":"Organization","@id":"https:\/\/www.ivanabeaumond.com.br\/vestidos-noiva\/#organization","name":"Vestido de Noiva RJ","url":"https:\/\/www.ivanabeaumond.com.br\/vestidos-noiva\/","logo":{"@type":"ImageObject","inLanguage":"pt-BR","@id":"https:\/\/www.ivanabeaumond.com.br\/vestidos-noiva\/#\/schema\/logo\/image\/","url":"https:\/\/www.ivanabeaumond.com.br\/vestidos-noiva\/wp-content\/uploads\/2018\/02\/logo_ivana_beaumond-2.png","contentUrl":"https:\/\/www.ivanabeaumond.com.br\/vestidos-noiva\/wp-content\/uploads\/2018\/02\/logo_ivana_beaumond-2.png","width":230,"height":112,"caption":"Vestido de Noiva RJ"},"image":{"@id":"https:\/\/www.ivanabeaumond.com.br\/vestidos-noiva\/#\/schema\/logo\/image\/"},"sameAs":["https:\/\/www.facebook.com\/ivana.beaumondnoivas","https:\/\/www.instagram.com\/ivanabeaumond\/","https:\/\/www.tiktok.com\/@ivanabeaumond"]},{"@type":"Person","@id":"https:\/\/www.ivanabeaumond.com.br\/vestidos-noiva\/#\/schema\/person\/1a360c4cffa3b806d29a456389dcff26","name":"Ivana Beaumond Paris","image":{"@type":"ImageObject","inLanguage":"pt-BR","@id":"https:\/\/www.ivanabeaumond.com.br\/vestidos-noiva\/#\/schema\/person\/image\/","url":"https:\/\/secure.gravatar.com\/avatar\/641f98db20b53ec937ceb641db4270b9?s=96&d=mm&r=g","contentUrl":"https:\/\/secure.gravatar.com\/avatar\/641f98db20b53ec937ceb641db4270b9?s=96&d=mm&r=g","caption":"Ivana Beaumond Paris"},"url":"https:\/\/www.ivanabeaumond.com.br\/vestidos-noiva\/author\/ivana\/"}]}},"_links":{"self":[{"href":"https:\/\/www.ivanabeaumond.com.br\/vestidos-noiva\/wp-json\/wp\/v2\/posts\/23947"}],"collection":[{"href":"https:\/\/www.ivanabeaumond.com.br\/vestidos-noiva\/wp-json\/wp\/v2\/posts"}],"about":[{"href":"https:\/\/www.ivanabeaumond.com.br\/vestidos-noiva\/wp-json\/wp\/v2\/types\/post"}],"author":[{"embeddable":true,"href":"https:\/\/www.ivanabeaumond.com.br\/vestidos-noiva\/wp-json\/wp\/v2\/users\/4"}],"replies":[{"embeddable":true,"href":"https:\/\/www.ivanabeaumond.com.br\/vestidos-noiva\/wp-json\/wp\/v2\/comments?post=23947"}],"version-history":[{"count":6,"href":"https:\/\/www.ivanabeaumond.com.br\/vestidos-noiva\/wp-json\/wp\/v2\/posts\/23947\/revisions"}],"predecessor-version":[{"id":24178,"href":"https:\/\/www.ivanabeaumond.com.br\/vestidos-noiva\/wp-json\/wp\/v2\/posts\/23947\/revisions\/24178"}],"wp:featuredmedia":[{"embeddable":true,"href":"https:\/\/www.ivanabeaumond.com.br\/vestidos-noiva\/wp-json\/wp\/v2\/media\/24182"}],"wp:attachment":[{"href":"https:\/\/www.ivanabeaumond.com.br\/vestidos-noiva\/wp-json\/wp\/v2\/media?parent=23947"}],"wp:term":[{"taxonomy":"category","embeddable":true,"href":"https:\/\/www.ivanabeaumond.com.br\/vestidos-noiva\/wp-json\/wp\/v2\/categories?post=23947"},{"taxonomy":"post_tag","embeddable":true,"href":"https:\/\/www.ivanabeaumond.com.br\/vestidos-noiva\/wp-json\/wp\/v2\/tags?post=23947"}],"curies":[{"name":"wp","href":"https:\/\/api.w.org\/{rel}","templated":true}]}}