{"id":23987,"date":"2020-03-27T21:01:13","date_gmt":"2020-03-28T00:01:13","guid":{"rendered":"https:\/\/www.ivanabeaumond.com.br\/vestidos-noiva\/?p=23987"},"modified":"2020-08-13T17:56:28","modified_gmt":"2020-08-13T20:56:28","slug":"baile-de-mascaras-com-laysa-gouvea","status":"publish","type":"post","link":"https:\/\/www.ivanabeaumond.com.br\/vestidos-noiva\/baile-de-mascaras-com-laysa-gouvea\/","title":{"rendered":"Baile de M\u00e1scaras, com Laysa Gouv\u00eaa"},"content":{"rendered":"<h4 style=\"text-align: justify;\"><span style=\"color: #999999;\">Para comemorar os seus 15 anos em grande estilo, nossa debutante Laysa preparou um incr\u00edvel Baile de M\u00e1scaras que abalou as estruturas da casa de festas Mans\u00e3o das Estrelas, no Rio de Janeiro. O evento contou\u00a0com\u00a0tudo o que\u00a0n\u00e3o pode faltar em uma festa de 15 anos e mais um pouco &#8211; teve valsa, anima\u00e7\u00e3o com personagens, apresenta\u00e7\u00e3o de dan\u00e7a, e teve\u00a0tamb\u00e9m a Laysa desfilando modelos maravilhosos do nosso ateli\u00ea!\u00a0Confira, a seguir, cada look escolhido pela nossa debutante:<\/span><\/h4>\n<p><img decoding=\"async\" loading=\"lazy\" class=\"aligncenter size-full wp-image-23988\" src=\"https:\/\/www.ivanabeaumond.com.br\/vestidos-noiva\/wp-content\/uploads\/2020\/03\/Laysa-Govea-festa-de-15-anos-rj-vestido-de-debutante-atelier-ivana-beaumond-paris-4-e1585346952124.jpg\" alt=\"Laysa Govea festa de 15 anos rj vestido de debutante atelier ivana beaumond paris (4)\" width=\"400\" height=\"599\" \/><\/p>\n<p><img decoding=\"async\" loading=\"lazy\" class=\"aligncenter size-full wp-image-23990\" src=\"https:\/\/www.ivanabeaumond.com.br\/vestidos-noiva\/wp-content\/uploads\/2020\/03\/Laysa-Govea-festa-de-15-anos-rj-vestido-de-debutante-atelier-ivana-beaumond-paris-68-e1585347076553.jpg\" alt=\"Laysa Govea festa de 15 anos rj vestido de debutante atelier ivana beaumond paris (68)\" width=\"400\" height=\"599\" \/><\/p>\n<p><img decoding=\"async\" loading=\"lazy\" class=\"aligncenter size-full wp-image-23991\" src=\"https:\/\/www.ivanabeaumond.com.br\/vestidos-noiva\/wp-content\/uploads\/2020\/03\/Laysa-Govea-festa-de-15-anos-rj-vestido-de-debutante-atelier-ivana-beaumond-paris-41-e1585347170317.jpg\" alt=\"Laysa Govea festa de 15 anos rj vestido de debutante atelier ivana beaumond paris (41)\" width=\"400\" height=\"599\" \/><\/p>\n<p><img decoding=\"async\" loading=\"lazy\" class=\"aligncenter size-full wp-image-23992\" src=\"https:\/\/www.ivanabeaumond.com.br\/vestidos-noiva\/wp-content\/uploads\/2020\/03\/Laysa-Govea-festa-de-15-anos-rj-vestido-de-debutante-atelier-ivana-beaumond-paris-45-e1585347253458.jpg\" alt=\"Laysa Govea festa de 15 anos rj vestido de debutante atelier ivana beaumond paris (45)\" width=\"400\" height=\"599\" \/><\/p>\n<h4 style=\"text-align: justify;\"><span style=\"color: #999999;\">Para a valsa,\u00a0a Laysa escolheu brilhar muito\u00a0com esse modelo azul marinho longo tomara que caia. O\u00a0detalhe dos paet\u00eas fazem com que o vestido produza um efeito lind\u00edssimo\u00a0em movimento.\u00a0<\/span><\/h4>\n<p style=\"text-align: justify;\"><img decoding=\"async\" loading=\"lazy\" class=\"aligncenter size-full wp-image-23994\" src=\"https:\/\/www.ivanabeaumond.com.br\/vestidos-noiva\/wp-content\/uploads\/2020\/03\/Laysa-Govea-festa-de-15-anos-rj-vestido-de-debutante-atelier-ivana-beaumond-paris-7-e1585347621700.jpg\" alt=\"Laysa Govea festa de 15 anos rj vestido de debutante atelier ivana beaumond paris (7)\" width=\"600\" height=\"401\" \/><\/p>\n<p style=\"text-align: justify;\"><img decoding=\"async\" loading=\"lazy\" class=\"aligncenter size-full wp-image-23993\" src=\"https:\/\/www.ivanabeaumond.com.br\/vestidos-noiva\/wp-content\/uploads\/2020\/03\/Laysa-Govea-festa-de-15-anos-rj-vestido-de-debutante-atelier-ivana-beaumond-paris-15-e1585347573963.jpg\" alt=\"Laysa Govea festa de 15 anos rj vestido de debutante atelier ivana beaumond paris (15)\" width=\"600\" height=\"401\" \/><\/p>\n<p style=\"text-align: justify;\"><img decoding=\"async\" loading=\"lazy\" class=\"aligncenter size-full wp-image-23996\" src=\"https:\/\/www.ivanabeaumond.com.br\/vestidos-noiva\/wp-content\/uploads\/2020\/03\/Laysa-Govea-festa-de-15-anos-rj-vestido-de-debutante-atelier-ivana-beaumond-paris-39-e1585347761524.jpg\" alt=\"Laysa Govea festa de 15 anos rj vestido de debutante atelier ivana beaumond paris (39)\" width=\"600\" height=\"401\" \/><\/p>\n<p style=\"text-align: justify;\"><img decoding=\"async\" loading=\"lazy\" class=\"aligncenter size-full wp-image-23995\" src=\"https:\/\/www.ivanabeaumond.com.br\/vestidos-noiva\/wp-content\/uploads\/2020\/03\/Laysa-Govea-festa-de-15-anos-rj-vestido-de-debutante-atelier-ivana-beaumond-paris-16-e1585347687674.jpg\" alt=\"Laysa Govea festa de 15 anos rj vestido de debutante atelier ivana beaumond paris (16)\" width=\"600\" height=\"401\" \/><\/p>\n<h4 style=\"text-align: justify;\"><\/h4>\n<h4 style=\"text-align: justify;\"><\/h4>\n<h4 style=\"text-align: justify;\"><\/h4>\n<h4 style=\"text-align: justify;\"><\/h4>\n<h4 style=\"text-align: justify;\"><span style=\"color: #999999;\">O segundo\u00a0look da nossa debutante foi um modelo com cropped e saia preto com aplica\u00e7\u00f5es de cristais, que ela usou na recep\u00e7\u00e3o.\u00a0<\/span><\/h4>\n<p style=\"text-align: justify;\"><img decoding=\"async\" loading=\"lazy\" class=\"aligncenter size-full wp-image-23997\" src=\"https:\/\/www.ivanabeaumond.com.br\/vestidos-noiva\/wp-content\/uploads\/2020\/03\/Laysa-Govea-festa-de-15-anos-rj-vestido-de-debutante-atelier-ivana-beaumond-paris-5-e1585348026450.jpg\" alt=\"Laysa Govea festa de 15 anos rj vestido de debutante atelier ivana beaumond paris (5)\" width=\"400\" height=\"599\" \/><\/p>\n<p style=\"text-align: justify;\"><img decoding=\"async\" loading=\"lazy\" class=\"aligncenter size-full wp-image-24000\" src=\"https:\/\/www.ivanabeaumond.com.br\/vestidos-noiva\/wp-content\/uploads\/2020\/03\/Laysa-Govea-festa-de-15-anos-rj-vestido-de-debutante-atelier-ivana-beaumond-paris-22-e1585348226700.jpg\" alt=\"Laysa Govea festa de 15 anos rj vestido de debutante atelier ivana beaumond paris (22)\" width=\"400\" height=\"599\" \/><\/p>\n<p style=\"text-align: justify;\"><img decoding=\"async\" loading=\"lazy\" class=\"aligncenter size-full wp-image-24002\" src=\"https:\/\/www.ivanabeaumond.com.br\/vestidos-noiva\/wp-content\/uploads\/2020\/03\/Laysa-Govea-festa-de-15-anos-rj-vestido-de-debutante-atelier-ivana-beaumond-paris-36-e1585348418535.jpg\" alt=\"Laysa Govea festa de 15 anos rj vestido de debutante atelier ivana beaumond paris (36)\" width=\"400\" height=\"599\" \/><\/p>\n<p style=\"text-align: justify;\"><img decoding=\"async\" loading=\"lazy\" class=\"aligncenter size-full wp-image-23998\" src=\"https:\/\/www.ivanabeaumond.com.br\/vestidos-noiva\/wp-content\/uploads\/2020\/03\/Laysa-Govea-festa-de-15-anos-rj-vestido-de-debutante-atelier-ivana-beaumond-paris-11-e1585348091518.jpg\" alt=\"Laysa Govea festa de 15 anos rj vestido de debutante atelier ivana beaumond paris (11)\" width=\"400\" height=\"599\" \/><\/p>\n<h4 style=\"text-align: justify;\"><\/h4>\n<h4 style=\"text-align: justify;\"><\/h4>\n<h4 style=\"text-align: justify;\"><\/h4>\n<h4 style=\"text-align: justify;\"><\/h4>\n<h4 style=\"text-align: justify;\"><\/h4>\n<h4 style=\"text-align: justify;\"><span style=\"color: #999999;\">Laysa tamb\u00e9m usou um modelo curto com degrad\u00ea de paet\u00eas dourado e rosa e saia de plumas para sua apresenta\u00e7\u00e3o de dan\u00e7a, que foi um arraso!<\/span><\/h4>\n<h4 style=\"text-align: justify;\"><\/h4>\n<p style=\"text-align: justify;\"><img decoding=\"async\" loading=\"lazy\" class=\"aligncenter size-full wp-image-24003\" src=\"https:\/\/www.ivanabeaumond.com.br\/vestidos-noiva\/wp-content\/uploads\/2020\/03\/Laysa-Govea-festa-de-15-anos-rj-vestido-de-debutante-atelier-ivana-beaumond-paris-56-e1585348526414.jpg\" alt=\"Laysa Govea festa de 15 anos rj vestido de debutante atelier ivana beaumond paris (56)\" width=\"400\" height=\"599\" \/><\/p>\n<p style=\"text-align: justify;\"><img decoding=\"async\" loading=\"lazy\" class=\"aligncenter size-full wp-image-24004\" src=\"https:\/\/www.ivanabeaumond.com.br\/vestidos-noiva\/wp-content\/uploads\/2020\/03\/Laysa-Govea-festa-de-15-anos-rj-vestido-de-debutante-atelier-ivana-beaumond-paris-3-e1585348582682.jpg\" alt=\"Laysa Govea festa de 15 anos rj vestido de debutante atelier ivana beaumond paris (3)\" width=\"400\" height=\"599\" \/><\/p>\n<h4 style=\"text-align: justify;\"><\/h4>\n<h4 style=\"text-align: justify;\"><\/h4>\n<h4 style=\"text-align: justify;\"><\/h4>\n<h4 style=\"text-align: justify;\"><\/h4>\n<h4 style=\"text-align: justify;\"><\/h4>\n<h4 style=\"text-align: justify;\"><span style=\"color: #999999;\">Nossos parab\u00e9ns para a Laysa e que ela tenha um futuro cheio de sucessos, conquistas e muita felicidade!\u00a0Um grande obrigado a essa debutante linda e \u00e0 sua fam\u00edlia por todo o carinho e confian\u00e7a no nosso trabalho!<\/span><\/h4>\n<h4 style=\"text-align: justify;\"><\/h4>\n<h4 style=\"text-align: justify;\"><\/h4>\n<h4 style=\"text-align: justify;\"><span style=\"color: #999999;\">Quer ver mais fotos da festa da Laysa? Confira\u00a0as fotos oficiais\u00a0na galeria a seguir, feitas pelo fot\u00f3grafo Bruno Felipe:<\/span><\/h4>\n<style id=\"bwg-style-0\">    #bwg_container1_0 #bwg_container2_0 .bwg-container-0.bwg-standard-thumbnails {      width: 904px;              justify-content: center;        margin:0 auto !important;              background-color: rgba(255, 255, 255, 0.00);            padding-left: 4px;      padding-top: 4px;      max-width: 100%;            }        #bwg_container1_0 #bwg_container2_0 .bwg-container-0.bwg-standard-thumbnails .bwg-item {    justify-content: flex-start;      max-width: 180px;            width: 180px !important;          }    #bwg_container1_0 #bwg_container2_0 .bwg-container-0.bwg-standard-thumbnails .bwg-item a {       margin-right: 4px;       margin-bottom: 4px;    }    #bwg_container1_0 #bwg_container2_0 .bwg-container-0.bwg-standard-thumbnails .bwg-item0 {      padding: 0px;            background-color:rgba(255,255,255, 0.30);      border: 0px none #CCCCCC;      opacity: 1.00;      border-radius: 0;      box-shadow: 0px 0px 0px #888888;    }    #bwg_container1_0 #bwg_container2_0 .bwg-container-0.bwg-standard-thumbnails .bwg-item1 img {      max-height: none;      max-width: none;      padding: 0 !important;    }        @media only screen and (min-width: 480px) {      #bwg_container1_0 #bwg_container2_0 .bwg-container-0.bwg-standard-thumbnails .bwg-item0 {        transition: all 0.3s ease 0s;-webkit-transition: all 0.3s ease 0s;      }      #bwg_container1_0 #bwg_container2_0 .bwg-container-0.bwg-standard-thumbnails .bwg-item0:hover {        -ms-transform: scale(1.1);        -webkit-transform: scale(1.1);        transform: scale(1.1);      }    }          #bwg_container1_0 #bwg_container2_0 .bwg-container-0.bwg-standard-thumbnails .bwg-item1 {      padding-top: 50%;    }        #bwg_container1_0 #bwg_container2_0 .bwg-container-0.bwg-standard-thumbnails .bwg-title2,    #bwg_container1_0 #bwg_container2_0 .bwg-container-0.bwg-standard-thumbnails .bwg-ecommerce2 {      color: #CCCCCC;      font-family: segoe ui;      font-size: 16px;      font-weight: bold;      padding: 2px;      text-shadow: 0px 0px 0px #888888;      max-height: 100%;    }    #bwg_container1_0 #bwg_container2_0 .bwg-container-0.bwg-standard-thumbnails .bwg-thumb-description span {    color: #323A45;    font-family: Ubuntu;    font-size: 12px;    max-height: 100%;    word-wrap: break-word;    }    #bwg_container1_0 #bwg_container2_0 .bwg-container-0.bwg-standard-thumbnails .bwg-play-icon2 {      font-size: 32px;    }    #bwg_container1_0 #bwg_container2_0 .bwg-container-0.bwg-standard-thumbnails .bwg-ecommerce2 {      font-size: 19.2px;      color: #CCCCCC;    }    <\/style>    <div id=\"bwg_container1_0\"         class=\"bwg_container bwg_thumbnail bwg_thumbnails \"         data-right-click-protection=\"0\"         data-bwg=\"0\"         data-scroll=\"0\"         data-gallery-type=\"thumbnails\"         data-gallery-view-type=\"thumbnails\"         data-current-url=\"\/vestidos-noiva\/wp-json\/wp\/v2\/posts\/23987\"         data-lightbox-url=\"https:\/\/www.ivanabeaumond.com.br\/vestidos-noiva\/wp-admin\/admin-ajax.php?action=GalleryBox&#038;current_view=0&#038;gallery_id=143&#038;tag=0&#038;theme_id=1&#038;shortcode_id=217&#038;sort_by=order&#038;order_by=asc&#038;current_url=%2Fvestidos-noiva%2Fwp-json%2Fwp%2Fv2%2Fposts%2F23987\"         data-gallery-id=\"143\"         data-popup-width=\"600\"         data-popup-height=\"600\"         data-is-album=\"gallery\"         data-buttons-position=\"bottom\">      <div id=\"bwg_container2_0\">             <div id=\"ajax_loading_0\" class=\"bwg_loading_div_1\">      <div class=\"bwg_loading_div_2\">        <div class=\"bwg_loading_div_3\">          <div id=\"loading_div_0\" class=\"bwg_spider_ajax_loading\">          <\/div>        <\/div>      <\/div>    <\/div>            <form id=\"gal_front_form_0\"              class=\"bwg-hidden\"              method=\"post\"              action=\"#\"              data-current=\"0\"              data-shortcode-id=\"217\"              data-gallery-type=\"thumbnails\"              data-gallery-id=\"143\"              data-tag=\"0\"              data-album-id=\"0\"              data-theme-id=\"1\"              data-ajax-url=\"https:\/\/www.ivanabeaumond.com.br\/vestidos-noiva\/wp-admin\/admin-ajax.php?action=bwg_frontend_data\">          <div id=\"bwg_container3_0\" class=\"bwg-background bwg-background-0\">                <div data-max-count=\"5\"         data-thumbnail-width=\"180\"         data-bwg=\"0\"         data-gallery-id=\"143\"         data-lightbox-url=\"https:\/\/www.ivanabeaumond.com.br\/vestidos-noiva\/wp-admin\/admin-ajax.php?action=GalleryBox&amp;current_view=0&amp;gallery_id=143&amp;tag=0&amp;theme_id=1&amp;shortcode_id=217&amp;sort_by=order&amp;order_by=asc&amp;current_url=%2Fvestidos-noiva%2Fwp-json%2Fwp%2Fv2%2Fposts%2F23987\"         id=\"bwg_thumbnails_0\"         class=\"bwg-container-0 bwg-thumbnails bwg-standard-thumbnails bwg-container bwg-border-box\">            <div class=\"bwg-item\">        <a class=\"bwg-a  bwg_lightbox\"  data-image-id=\"3592\" href=\"https:\/\/www.ivanabeaumond.com.br\/vestidos-noiva\/wp-content\/uploads\/photo-gallery\/Laysa%20Govea%20festa%20de%2015%20anos%20rj%20vestido%20de%20debutante%20atelier%20ivana%20beaumond%20paris%20(21).jpg\" data-elementor-open-lightbox=\"no\">                <div class=\"bwg-item0 \">          <div class=\"bwg-item1 \">            <div class=\"bwg-item2\">              <img class=\"skip-lazy bwg_standart_thumb_img_0 \"                   data-id=\"3592\"                   data-width=\"\"                   data-height=\"\"                   data-src=\"https:\/\/www.ivanabeaumond.com.br\/vestidos-noiva\/wp-content\/uploads\/photo-gallery\/thumb\/Laysa%20Govea%20festa%20de%2015%20anos%20rj%20vestido%20de%20debutante%20atelier%20ivana%20beaumond%20paris%20(21).jpg\"                   src=\"https:\/\/www.ivanabeaumond.com.br\/vestidos-noiva\/wp-content\/uploads\/photo-gallery\/thumb\/Laysa%20Govea%20festa%20de%2015%20anos%20rj%20vestido%20de%20debutante%20atelier%20ivana%20beaumond%20paris%20(21).jpg\"                   alt=\"Laysa Govea festa de 15 anos rj vestido de debutante atelier ivana beaumond paris (21)\"                   title=\"Laysa Govea festa de 15 anos rj vestido de debutante atelier ivana beaumond paris (21)\" \/>            <\/div>            <div class=\"\">                                                      <\/div>          <\/div>        <\/div>                        <\/a>              <\/div>            <div class=\"bwg-item\">        <a class=\"bwg-a  bwg_lightbox\"  data-image-id=\"3545\" href=\"https:\/\/www.ivanabeaumond.com.br\/vestidos-noiva\/wp-content\/uploads\/photo-gallery\/Laysa%20Govea%20festa%20de%2015%20anos%20rj%20vestido%20de%20debutante%20atelier%20ivana%20beaumond%20paris%20(37).jpg\" data-elementor-open-lightbox=\"no\">                <div class=\"bwg-item0 \">          <div class=\"bwg-item1 \">            <div class=\"bwg-item2\">              <img class=\"skip-lazy bwg_standart_thumb_img_0 \"                   data-id=\"3545\"                   data-width=\"\"                   data-height=\"\"                   data-src=\"https:\/\/www.ivanabeaumond.com.br\/vestidos-noiva\/wp-content\/uploads\/photo-gallery\/thumb\/Laysa%20Govea%20festa%20de%2015%20anos%20rj%20vestido%20de%20debutante%20atelier%20ivana%20beaumond%20paris%20(37).jpg\"                   src=\"https:\/\/www.ivanabeaumond.com.br\/vestidos-noiva\/wp-content\/uploads\/photo-gallery\/thumb\/Laysa%20Govea%20festa%20de%2015%20anos%20rj%20vestido%20de%20debutante%20atelier%20ivana%20beaumond%20paris%20(37).jpg\"                   alt=\"Laysa Govea festa de 15 anos rj vestido de debutante atelier ivana beaumond paris (37)\"                   title=\"Laysa Govea festa de 15 anos rj vestido de debutante atelier ivana beaumond paris (37)\" \/>            <\/div>            <div class=\"\">                                                      <\/div>          <\/div>        <\/div>                        <\/a>              <\/div>            <div class=\"bwg-item\">        <a class=\"bwg-a  bwg_lightbox\"  data-image-id=\"3585\" href=\"https:\/\/www.ivanabeaumond.com.br\/vestidos-noiva\/wp-content\/uploads\/photo-gallery\/Laysa%20Govea%20festa%20de%2015%20anos%20rj%20vestido%20de%20debutante%20atelier%20ivana%20beaumond%20paris%20(14).jpg\" data-elementor-open-lightbox=\"no\">                <div class=\"bwg-item0 \">          <div class=\"bwg-item1 \">            <div class=\"bwg-item2\">              <img class=\"skip-lazy bwg_standart_thumb_img_0 \"                   data-id=\"3585\"                   data-width=\"\"                   data-height=\"\"                   data-src=\"https:\/\/www.ivanabeaumond.com.br\/vestidos-noiva\/wp-content\/uploads\/photo-gallery\/thumb\/Laysa%20Govea%20festa%20de%2015%20anos%20rj%20vestido%20de%20debutante%20atelier%20ivana%20beaumond%20paris%20(14).jpg\"                   src=\"https:\/\/www.ivanabeaumond.com.br\/vestidos-noiva\/wp-content\/uploads\/photo-gallery\/thumb\/Laysa%20Govea%20festa%20de%2015%20anos%20rj%20vestido%20de%20debutante%20atelier%20ivana%20beaumond%20paris%20(14).jpg\"                   alt=\"Laysa Govea festa de 15 anos rj vestido de debutante atelier ivana beaumond paris (14)\"                   title=\"Laysa Govea festa de 15 anos rj vestido de debutante atelier ivana beaumond paris (14)\" \/>            <\/div>            <div class=\"\">                                                      <\/div>          <\/div>        <\/div>                        <\/a>              <\/div>            <div class=\"bwg-item\">        <a class=\"bwg-a  bwg_lightbox\"  data-image-id=\"3549\" href=\"https:\/\/www.ivanabeaumond.com.br\/vestidos-noiva\/wp-content\/uploads\/photo-gallery\/Laysa%20Govea%20festa%20de%2015%20anos%20rj%20vestido%20de%20debutante%20atelier%20ivana%20beaumond%20paris%20(41).jpg\" data-elementor-open-lightbox=\"no\">                <div class=\"bwg-item0 \">          <div class=\"bwg-item1 \">            <div class=\"bwg-item2\">              <img class=\"skip-lazy bwg_standart_thumb_img_0 \"                   data-id=\"3549\"                   data-width=\"\"                   data-height=\"\"                   data-src=\"https:\/\/www.ivanabeaumond.com.br\/vestidos-noiva\/wp-content\/uploads\/photo-gallery\/thumb\/Laysa%20Govea%20festa%20de%2015%20anos%20rj%20vestido%20de%20debutante%20atelier%20ivana%20beaumond%20paris%20(41).jpg\"                   src=\"https:\/\/www.ivanabeaumond.com.br\/vestidos-noiva\/wp-content\/uploads\/photo-gallery\/thumb\/Laysa%20Govea%20festa%20de%2015%20anos%20rj%20vestido%20de%20debutante%20atelier%20ivana%20beaumond%20paris%20(41).jpg\"                   alt=\"Laysa Govea festa de 15 anos rj vestido de debutante atelier ivana beaumond paris (41)\"                   title=\"Laysa Govea festa de 15 anos rj vestido de debutante atelier ivana beaumond paris (41)\" \/>            <\/div>            <div class=\"\">                                                      <\/div>          <\/div>        <\/div>                        <\/a>              <\/div>            <div class=\"bwg-item\">        <a class=\"bwg-a  bwg_lightbox\"  data-image-id=\"3548\" href=\"https:\/\/www.ivanabeaumond.com.br\/vestidos-noiva\/wp-content\/uploads\/photo-gallery\/Laysa%20Govea%20festa%20de%2015%20anos%20rj%20vestido%20de%20debutante%20atelier%20ivana%20beaumond%20paris%20(40).jpg\" data-elementor-open-lightbox=\"no\">                <div class=\"bwg-item0 \">          <div class=\"bwg-item1 \">            <div class=\"bwg-item2\">              <img class=\"skip-lazy bwg_standart_thumb_img_0 \"                   data-id=\"3548\"                   data-width=\"\"                   data-height=\"\"                   data-src=\"https:\/\/www.ivanabeaumond.com.br\/vestidos-noiva\/wp-content\/uploads\/photo-gallery\/thumb\/Laysa%20Govea%20festa%20de%2015%20anos%20rj%20vestido%20de%20debutante%20atelier%20ivana%20beaumond%20paris%20(40).jpg\"                   src=\"https:\/\/www.ivanabeaumond.com.br\/vestidos-noiva\/wp-content\/uploads\/photo-gallery\/thumb\/Laysa%20Govea%20festa%20de%2015%20anos%20rj%20vestido%20de%20debutante%20atelier%20ivana%20beaumond%20paris%20(40).jpg\"                   alt=\"Laysa Govea festa de 15 anos rj vestido de debutante atelier ivana beaumond paris (40)\"                   title=\"Laysa Govea festa de 15 anos rj vestido de debutante atelier ivana beaumond paris (40)\" \/>            <\/div>            <div class=\"\">                                                      <\/div>          <\/div>        <\/div>                        <\/a>              <\/div>            <div class=\"bwg-item\">        <a class=\"bwg-a  bwg_lightbox\"  data-image-id=\"3564\" href=\"https:\/\/www.ivanabeaumond.com.br\/vestidos-noiva\/wp-content\/uploads\/photo-gallery\/Laysa%20Govea%20festa%20de%2015%20anos%20rj%20vestido%20de%20debutante%20atelier%20ivana%20beaumond%20paris%20(56).jpg\" data-elementor-open-lightbox=\"no\">                <div class=\"bwg-item0 \">          <div class=\"bwg-item1 \">            <div class=\"bwg-item2\">              <img class=\"skip-lazy bwg_standart_thumb_img_0 \"                   data-id=\"3564\"                   data-width=\"\"                   data-height=\"\"                   data-src=\"https:\/\/www.ivanabeaumond.com.br\/vestidos-noiva\/wp-content\/uploads\/photo-gallery\/thumb\/Laysa%20Govea%20festa%20de%2015%20anos%20rj%20vestido%20de%20debutante%20atelier%20ivana%20beaumond%20paris%20(56).jpg\"                   src=\"https:\/\/www.ivanabeaumond.com.br\/vestidos-noiva\/wp-content\/uploads\/photo-gallery\/thumb\/Laysa%20Govea%20festa%20de%2015%20anos%20rj%20vestido%20de%20debutante%20atelier%20ivana%20beaumond%20paris%20(56).jpg\"                   alt=\"Laysa Govea festa de 15 anos rj vestido de debutante atelier ivana beaumond paris (56)\"                   title=\"Laysa Govea festa de 15 anos rj vestido de debutante atelier ivana beaumond paris (56)\" \/>            <\/div>            <div class=\"\">                                                      <\/div>          <\/div>        <\/div>                        <\/a>              <\/div>            <div class=\"bwg-item\">        <a class=\"bwg-a  bwg_lightbox\"  data-image-id=\"3583\" href=\"https:\/\/www.ivanabeaumond.com.br\/vestidos-noiva\/wp-content\/uploads\/photo-gallery\/Laysa%20Govea%20festa%20de%2015%20anos%20rj%20vestido%20de%20debutante%20atelier%20ivana%20beaumond%20paris%20(12).jpg\" data-elementor-open-lightbox=\"no\">                <div class=\"bwg-item0 \">          <div class=\"bwg-item1 \">            <div class=\"bwg-item2\">              <img class=\"skip-lazy bwg_standart_thumb_img_0 \"                   data-id=\"3583\"                   data-width=\"\"                   data-height=\"\"                   data-src=\"https:\/\/www.ivanabeaumond.com.br\/vestidos-noiva\/wp-content\/uploads\/photo-gallery\/thumb\/Laysa%20Govea%20festa%20de%2015%20anos%20rj%20vestido%20de%20debutante%20atelier%20ivana%20beaumond%20paris%20(12).jpg\"                   src=\"https:\/\/www.ivanabeaumond.com.br\/vestidos-noiva\/wp-content\/uploads\/photo-gallery\/thumb\/Laysa%20Govea%20festa%20de%2015%20anos%20rj%20vestido%20de%20debutante%20atelier%20ivana%20beaumond%20paris%20(12).jpg\"                   alt=\"Laysa Govea festa de 15 anos rj vestido de debutante atelier ivana beaumond paris (12)\"                   title=\"Laysa Govea festa de 15 anos rj vestido de debutante atelier ivana beaumond paris (12)\" \/>            <\/div>            <div class=\"\">                                                      <\/div>          <\/div>        <\/div>                        <\/a>              <\/div>            <div class=\"bwg-item\">        <a class=\"bwg-a  bwg_lightbox\"  data-image-id=\"3581\" href=\"https:\/\/www.ivanabeaumond.com.br\/vestidos-noiva\/wp-content\/uploads\/photo-gallery\/Laysa%20Govea%20festa%20de%2015%20anos%20rj%20vestido%20de%20debutante%20atelier%20ivana%20beaumond%20paris%20(10).jpg\" data-elementor-open-lightbox=\"no\">                <div class=\"bwg-item0 \">          <div class=\"bwg-item1 \">            <div class=\"bwg-item2\">              <img class=\"skip-lazy bwg_standart_thumb_img_0 \"                   data-id=\"3581\"                   data-width=\"\"                   data-height=\"\"                   data-src=\"https:\/\/www.ivanabeaumond.com.br\/vestidos-noiva\/wp-content\/uploads\/photo-gallery\/thumb\/Laysa%20Govea%20festa%20de%2015%20anos%20rj%20vestido%20de%20debutante%20atelier%20ivana%20beaumond%20paris%20(10).jpg\"                   src=\"https:\/\/www.ivanabeaumond.com.br\/vestidos-noiva\/wp-content\/uploads\/photo-gallery\/thumb\/Laysa%20Govea%20festa%20de%2015%20anos%20rj%20vestido%20de%20debutante%20atelier%20ivana%20beaumond%20paris%20(10).jpg\"                   alt=\"Laysa Govea festa de 15 anos rj vestido de debutante atelier ivana beaumond paris (10)\"                   title=\"Laysa Govea festa de 15 anos rj vestido de debutante atelier ivana beaumond paris (10)\" \/>            <\/div>            <div class=\"\">                                                      <\/div>          <\/div>        <\/div>                        <\/a>              <\/div>            <div class=\"bwg-item\">        <a class=\"bwg-a  bwg_lightbox\"  data-image-id=\"3588\" href=\"https:\/\/www.ivanabeaumond.com.br\/vestidos-noiva\/wp-content\/uploads\/photo-gallery\/Laysa%20Govea%20festa%20de%2015%20anos%20rj%20vestido%20de%20debutante%20atelier%20ivana%20beaumond%20paris%20(17).jpg\" data-elementor-open-lightbox=\"no\">                <div class=\"bwg-item0 \">          <div class=\"bwg-item1 \">            <div class=\"bwg-item2\">              <img class=\"skip-lazy bwg_standart_thumb_img_0 \"                   data-id=\"3588\"                   data-width=\"\"                   data-height=\"\"                   data-src=\"https:\/\/www.ivanabeaumond.com.br\/vestidos-noiva\/wp-content\/uploads\/photo-gallery\/thumb\/Laysa%20Govea%20festa%20de%2015%20anos%20rj%20vestido%20de%20debutante%20atelier%20ivana%20beaumond%20paris%20(17).jpg\"                   src=\"https:\/\/www.ivanabeaumond.com.br\/vestidos-noiva\/wp-content\/uploads\/photo-gallery\/thumb\/Laysa%20Govea%20festa%20de%2015%20anos%20rj%20vestido%20de%20debutante%20atelier%20ivana%20beaumond%20paris%20(17).jpg\"                   alt=\"Laysa Govea festa de 15 anos rj vestido de debutante atelier ivana beaumond paris (17)\"                   title=\"Laysa Govea festa de 15 anos rj vestido de debutante atelier ivana beaumond paris (17)\" \/>            <\/div>            <div class=\"\">                                                      <\/div>          <\/div>        <\/div>                        <\/a>              <\/div>            <div class=\"bwg-item\">        <a class=\"bwg-a  bwg_lightbox\"  data-image-id=\"3587\" href=\"https:\/\/www.ivanabeaumond.com.br\/vestidos-noiva\/wp-content\/uploads\/photo-gallery\/Laysa%20Govea%20festa%20de%2015%20anos%20rj%20vestido%20de%20debutante%20atelier%20ivana%20beaumond%20paris%20(16).jpg\" data-elementor-open-lightbox=\"no\">                <div class=\"bwg-item0 \">          <div class=\"bwg-item1 \">            <div class=\"bwg-item2\">              <img class=\"skip-lazy bwg_standart_thumb_img_0 \"                   data-id=\"3587\"                   data-width=\"\"                   data-height=\"\"                   data-src=\"https:\/\/www.ivanabeaumond.com.br\/vestidos-noiva\/wp-content\/uploads\/photo-gallery\/thumb\/Laysa%20Govea%20festa%20de%2015%20anos%20rj%20vestido%20de%20debutante%20atelier%20ivana%20beaumond%20paris%20(16).jpg\"                   src=\"https:\/\/www.ivanabeaumond.com.br\/vestidos-noiva\/wp-content\/uploads\/photo-gallery\/thumb\/Laysa%20Govea%20festa%20de%2015%20anos%20rj%20vestido%20de%20debutante%20atelier%20ivana%20beaumond%20paris%20(16).jpg\"                   alt=\"Laysa Govea festa de 15 anos rj vestido de debutante atelier ivana beaumond paris (16)\"                   title=\"Laysa Govea festa de 15 anos rj vestido de debutante atelier ivana beaumond paris (16)\" \/>            <\/div>            <div class=\"\">                                                      <\/div>          <\/div>        <\/div>                        <\/a>              <\/div>            <div class=\"bwg-item\">        <a class=\"bwg-a  bwg_lightbox\"  data-image-id=\"3562\" href=\"https:\/\/www.ivanabeaumond.com.br\/vestidos-noiva\/wp-content\/uploads\/photo-gallery\/Laysa%20Govea%20festa%20de%2015%20anos%20rj%20vestido%20de%20debutante%20atelier%20ivana%20beaumond%20paris%20(54).jpg\" data-elementor-open-lightbox=\"no\">                <div class=\"bwg-item0 \">          <div class=\"bwg-item1 \">            <div class=\"bwg-item2\">              <img class=\"skip-lazy bwg_standart_thumb_img_0 \"                   data-id=\"3562\"                   data-width=\"\"                   data-height=\"\"                   data-src=\"https:\/\/www.ivanabeaumond.com.br\/vestidos-noiva\/wp-content\/uploads\/photo-gallery\/thumb\/Laysa%20Govea%20festa%20de%2015%20anos%20rj%20vestido%20de%20debutante%20atelier%20ivana%20beaumond%20paris%20(54).jpg\"                   src=\"https:\/\/www.ivanabeaumond.com.br\/vestidos-noiva\/wp-content\/uploads\/photo-gallery\/thumb\/Laysa%20Govea%20festa%20de%2015%20anos%20rj%20vestido%20de%20debutante%20atelier%20ivana%20beaumond%20paris%20(54).jpg\"                   alt=\"Laysa Govea festa de 15 anos rj vestido de debutante atelier ivana beaumond paris (54)\"                   title=\"Laysa Govea festa de 15 anos rj vestido de debutante atelier ivana beaumond paris (54)\" \/>            <\/div>            <div class=\"\">                                                      <\/div>          <\/div>        <\/div>                        <\/a>              <\/div>            <div class=\"bwg-item\">        <a class=\"bwg-a  bwg_lightbox\"  data-image-id=\"3563\" href=\"https:\/\/www.ivanabeaumond.com.br\/vestidos-noiva\/wp-content\/uploads\/photo-gallery\/Laysa%20Govea%20festa%20de%2015%20anos%20rj%20vestido%20de%20debutante%20atelier%20ivana%20beaumond%20paris%20(55).jpg\" data-elementor-open-lightbox=\"no\">                <div class=\"bwg-item0 \">          <div class=\"bwg-item1 \">            <div class=\"bwg-item2\">              <img class=\"skip-lazy bwg_standart_thumb_img_0 \"                   data-id=\"3563\"                   data-width=\"\"                   data-height=\"\"                   data-src=\"https:\/\/www.ivanabeaumond.com.br\/vestidos-noiva\/wp-content\/uploads\/photo-gallery\/thumb\/Laysa%20Govea%20festa%20de%2015%20anos%20rj%20vestido%20de%20debutante%20atelier%20ivana%20beaumond%20paris%20(55).jpg\"                   src=\"https:\/\/www.ivanabeaumond.com.br\/vestidos-noiva\/wp-content\/uploads\/photo-gallery\/thumb\/Laysa%20Govea%20festa%20de%2015%20anos%20rj%20vestido%20de%20debutante%20atelier%20ivana%20beaumond%20paris%20(55).jpg\"                   alt=\"Laysa Govea festa de 15 anos rj vestido de debutante atelier ivana beaumond paris (55)\"                   title=\"Laysa Govea festa de 15 anos rj vestido de debutante atelier ivana beaumond paris (55)\" \/>            <\/div>            <div class=\"\">                                                      <\/div>          <\/div>        <\/div>                        <\/a>              <\/div>            <div class=\"bwg-item\">        <a class=\"bwg-a  bwg_lightbox\"  data-image-id=\"3561\" href=\"https:\/\/www.ivanabeaumond.com.br\/vestidos-noiva\/wp-content\/uploads\/photo-gallery\/Laysa%20Govea%20festa%20de%2015%20anos%20rj%20vestido%20de%20debutante%20atelier%20ivana%20beaumond%20paris%20(53).jpg\" data-elementor-open-lightbox=\"no\">                <div class=\"bwg-item0 \">          <div class=\"bwg-item1 \">            <div class=\"bwg-item2\">              <img class=\"skip-lazy bwg_standart_thumb_img_0 \"                   data-id=\"3561\"                   data-width=\"\"                   data-height=\"\"                   data-src=\"https:\/\/www.ivanabeaumond.com.br\/vestidos-noiva\/wp-content\/uploads\/photo-gallery\/thumb\/Laysa%20Govea%20festa%20de%2015%20anos%20rj%20vestido%20de%20debutante%20atelier%20ivana%20beaumond%20paris%20(53).jpg\"                   src=\"https:\/\/www.ivanabeaumond.com.br\/vestidos-noiva\/wp-content\/uploads\/photo-gallery\/thumb\/Laysa%20Govea%20festa%20de%2015%20anos%20rj%20vestido%20de%20debutante%20atelier%20ivana%20beaumond%20paris%20(53).jpg\"                   alt=\"Laysa Govea festa de 15 anos rj vestido de debutante atelier ivana beaumond paris (53)\"                   title=\"Laysa Govea festa de 15 anos rj vestido de debutante atelier ivana beaumond paris (53)\" \/>            <\/div>            <div class=\"\">                                                      <\/div>          <\/div>        <\/div>                        <\/a>              <\/div>            <div class=\"bwg-item\">        <a class=\"bwg-a  bwg_lightbox\"  data-image-id=\"3582\" href=\"https:\/\/www.ivanabeaumond.com.br\/vestidos-noiva\/wp-content\/uploads\/photo-gallery\/Laysa%20Govea%20festa%20de%2015%20anos%20rj%20vestido%20de%20debutante%20atelier%20ivana%20beaumond%20paris%20(11).jpg\" data-elementor-open-lightbox=\"no\">                <div class=\"bwg-item0 \">          <div class=\"bwg-item1 \">            <div class=\"bwg-item2\">              <img class=\"skip-lazy bwg_standart_thumb_img_0 \"                   data-id=\"3582\"                   data-width=\"\"                   data-height=\"\"                   data-src=\"https:\/\/www.ivanabeaumond.com.br\/vestidos-noiva\/wp-content\/uploads\/photo-gallery\/thumb\/Laysa%20Govea%20festa%20de%2015%20anos%20rj%20vestido%20de%20debutante%20atelier%20ivana%20beaumond%20paris%20(11).jpg\"                   src=\"https:\/\/www.ivanabeaumond.com.br\/vestidos-noiva\/wp-content\/uploads\/photo-gallery\/thumb\/Laysa%20Govea%20festa%20de%2015%20anos%20rj%20vestido%20de%20debutante%20atelier%20ivana%20beaumond%20paris%20(11).jpg\"                   alt=\"Laysa Govea festa de 15 anos rj vestido de debutante atelier ivana beaumond paris (11)\"                   title=\"Laysa Govea festa de 15 anos rj vestido de debutante atelier ivana beaumond paris (11)\" \/>            <\/div>            <div class=\"\">                                                      <\/div>          <\/div>        <\/div>                        <\/a>              <\/div>            <div class=\"bwg-item\">        <a class=\"bwg-a  bwg_lightbox\"  data-image-id=\"3569\" href=\"https:\/\/www.ivanabeaumond.com.br\/vestidos-noiva\/wp-content\/uploads\/photo-gallery\/Laysa%20Govea%20festa%20de%2015%20anos%20rj%20vestido%20de%20debutante%20atelier%20ivana%20beaumond%20paris%20(61).jpg\" data-elementor-open-lightbox=\"no\">                <div class=\"bwg-item0 \">          <div class=\"bwg-item1 \">            <div class=\"bwg-item2\">              <img class=\"skip-lazy bwg_standart_thumb_img_0 \"                   data-id=\"3569\"                   data-width=\"\"                   data-height=\"\"                   data-src=\"https:\/\/www.ivanabeaumond.com.br\/vestidos-noiva\/wp-content\/uploads\/photo-gallery\/thumb\/Laysa%20Govea%20festa%20de%2015%20anos%20rj%20vestido%20de%20debutante%20atelier%20ivana%20beaumond%20paris%20(61).jpg\"                   src=\"https:\/\/www.ivanabeaumond.com.br\/vestidos-noiva\/wp-content\/uploads\/photo-gallery\/thumb\/Laysa%20Govea%20festa%20de%2015%20anos%20rj%20vestido%20de%20debutante%20atelier%20ivana%20beaumond%20paris%20(61).jpg\"                   alt=\"Laysa Govea festa de 15 anos rj vestido de debutante atelier ivana beaumond paris (61)\"                   title=\"Laysa Govea festa de 15 anos rj vestido de debutante atelier ivana beaumond paris (61)\" \/>            <\/div>            <div class=\"\">                                                      <\/div>          <\/div>        <\/div>                        <\/a>              <\/div>            <div class=\"bwg-item\">        <a class=\"bwg-a  bwg_lightbox\"  data-image-id=\"3593\" href=\"https:\/\/www.ivanabeaumond.com.br\/vestidos-noiva\/wp-content\/uploads\/photo-gallery\/Laysa%20Govea%20festa%20de%2015%20anos%20rj%20vestido%20de%20debutante%20atelier%20ivana%20beaumond%20paris%20(22).jpg\" data-elementor-open-lightbox=\"no\">                <div class=\"bwg-item0 \">          <div class=\"bwg-item1 \">            <div class=\"bwg-item2\">              <img class=\"skip-lazy bwg_standart_thumb_img_0 \"                   data-id=\"3593\"                   data-width=\"\"                   data-height=\"\"                   data-src=\"https:\/\/www.ivanabeaumond.com.br\/vestidos-noiva\/wp-content\/uploads\/photo-gallery\/thumb\/Laysa%20Govea%20festa%20de%2015%20anos%20rj%20vestido%20de%20debutante%20atelier%20ivana%20beaumond%20paris%20(22).jpg\"                   src=\"https:\/\/www.ivanabeaumond.com.br\/vestidos-noiva\/wp-content\/uploads\/photo-gallery\/thumb\/Laysa%20Govea%20festa%20de%2015%20anos%20rj%20vestido%20de%20debutante%20atelier%20ivana%20beaumond%20paris%20(22).jpg\"                   alt=\"Laysa Govea festa de 15 anos rj vestido de debutante atelier ivana beaumond paris (22)\"                   title=\"Laysa Govea festa de 15 anos rj vestido de debutante atelier ivana beaumond paris (22)\" \/>            <\/div>            <div class=\"\">                                                      <\/div>          <\/div>        <\/div>                        <\/a>              <\/div>            <div class=\"bwg-item\">        <a class=\"bwg-a  bwg_lightbox\"  data-image-id=\"3570\" href=\"https:\/\/www.ivanabeaumond.com.br\/vestidos-noiva\/wp-content\/uploads\/photo-gallery\/Laysa%20Govea%20festa%20de%2015%20anos%20rj%20vestido%20de%20debutante%20atelier%20ivana%20beaumond%20paris%20(62).jpg\" data-elementor-open-lightbox=\"no\">                <div class=\"bwg-item0 \">          <div class=\"bwg-item1 \">            <div class=\"bwg-item2\">              <img class=\"skip-lazy bwg_standart_thumb_img_0 \"                   data-id=\"3570\"                   data-width=\"\"                   data-height=\"\"                   data-src=\"https:\/\/www.ivanabeaumond.com.br\/vestidos-noiva\/wp-content\/uploads\/photo-gallery\/thumb\/Laysa%20Govea%20festa%20de%2015%20anos%20rj%20vestido%20de%20debutante%20atelier%20ivana%20beaumond%20paris%20(62).jpg\"                   src=\"https:\/\/www.ivanabeaumond.com.br\/vestidos-noiva\/wp-content\/uploads\/photo-gallery\/thumb\/Laysa%20Govea%20festa%20de%2015%20anos%20rj%20vestido%20de%20debutante%20atelier%20ivana%20beaumond%20paris%20(62).jpg\"                   alt=\"Laysa Govea festa de 15 anos rj vestido de debutante atelier ivana beaumond paris (62)\"                   title=\"Laysa Govea festa de 15 anos rj vestido de debutante atelier ivana beaumond paris (62)\" \/>            <\/div>            <div class=\"\">                                                      <\/div>          <\/div>        <\/div>                        <\/a>              <\/div>            <div class=\"bwg-item\">        <a class=\"bwg-a  bwg_lightbox\"  data-image-id=\"3584\" href=\"https:\/\/www.ivanabeaumond.com.br\/vestidos-noiva\/wp-content\/uploads\/photo-gallery\/Laysa%20Govea%20festa%20de%2015%20anos%20rj%20vestido%20de%20debutante%20atelier%20ivana%20beaumond%20paris%20(13).jpg\" data-elementor-open-lightbox=\"no\">                <div class=\"bwg-item0 \">          <div class=\"bwg-item1 \">            <div class=\"bwg-item2\">              <img class=\"skip-lazy bwg_standart_thumb_img_0 \"                   data-id=\"3584\"                   data-width=\"\"                   data-height=\"\"                   data-src=\"https:\/\/www.ivanabeaumond.com.br\/vestidos-noiva\/wp-content\/uploads\/photo-gallery\/thumb\/Laysa%20Govea%20festa%20de%2015%20anos%20rj%20vestido%20de%20debutante%20atelier%20ivana%20beaumond%20paris%20(13).jpg\"                   src=\"https:\/\/www.ivanabeaumond.com.br\/vestidos-noiva\/wp-content\/uploads\/photo-gallery\/thumb\/Laysa%20Govea%20festa%20de%2015%20anos%20rj%20vestido%20de%20debutante%20atelier%20ivana%20beaumond%20paris%20(13).jpg\"                   alt=\"Laysa Govea festa de 15 anos rj vestido de debutante atelier ivana beaumond paris (13)\"                   title=\"Laysa Govea festa de 15 anos rj vestido de debutante atelier ivana beaumond paris (13)\" \/>            <\/div>            <div class=\"\">                                                      <\/div>          <\/div>        <\/div>                        <\/a>              <\/div>            <div class=\"bwg-item\">        <a class=\"bwg-a  bwg_lightbox\"  data-image-id=\"3550\" href=\"https:\/\/www.ivanabeaumond.com.br\/vestidos-noiva\/wp-content\/uploads\/photo-gallery\/Laysa%20Govea%20festa%20de%2015%20anos%20rj%20vestido%20de%20debutante%20atelier%20ivana%20beaumond%20paris%20(42).jpg\" data-elementor-open-lightbox=\"no\">                <div class=\"bwg-item0 \">          <div class=\"bwg-item1 \">            <div class=\"bwg-item2\">              <img class=\"skip-lazy bwg_standart_thumb_img_0 \"                   data-id=\"3550\"                   data-width=\"\"                   data-height=\"\"                   data-src=\"https:\/\/www.ivanabeaumond.com.br\/vestidos-noiva\/wp-content\/uploads\/photo-gallery\/thumb\/Laysa%20Govea%20festa%20de%2015%20anos%20rj%20vestido%20de%20debutante%20atelier%20ivana%20beaumond%20paris%20(42).jpg\"                   src=\"https:\/\/www.ivanabeaumond.com.br\/vestidos-noiva\/wp-content\/uploads\/photo-gallery\/thumb\/Laysa%20Govea%20festa%20de%2015%20anos%20rj%20vestido%20de%20debutante%20atelier%20ivana%20beaumond%20paris%20(42).jpg\"                   alt=\"Laysa Govea festa de 15 anos rj vestido de debutante atelier ivana beaumond paris (42)\"                   title=\"Laysa Govea festa de 15 anos rj vestido de debutante atelier ivana beaumond paris (42)\" \/>            <\/div>            <div class=\"\">                                                      <\/div>          <\/div>        <\/div>                        <\/a>              <\/div>            <div class=\"bwg-item\">        <a class=\"bwg-a  bwg_lightbox\"  data-image-id=\"3572\" href=\"https:\/\/www.ivanabeaumond.com.br\/vestidos-noiva\/wp-content\/uploads\/photo-gallery\/Laysa%20Govea%20festa%20de%2015%20anos%20rj%20vestido%20de%20debutante%20atelier%20ivana%20beaumond%20paris%20(64).jpg\" data-elementor-open-lightbox=\"no\">                <div class=\"bwg-item0 \">          <div class=\"bwg-item1 \">            <div class=\"bwg-item2\">              <img class=\"skip-lazy bwg_standart_thumb_img_0 \"                   data-id=\"3572\"                   data-width=\"\"                   data-height=\"\"                   data-src=\"https:\/\/www.ivanabeaumond.com.br\/vestidos-noiva\/wp-content\/uploads\/photo-gallery\/thumb\/Laysa%20Govea%20festa%20de%2015%20anos%20rj%20vestido%20de%20debutante%20atelier%20ivana%20beaumond%20paris%20(64).jpg\"                   src=\"https:\/\/www.ivanabeaumond.com.br\/vestidos-noiva\/wp-content\/uploads\/photo-gallery\/thumb\/Laysa%20Govea%20festa%20de%2015%20anos%20rj%20vestido%20de%20debutante%20atelier%20ivana%20beaumond%20paris%20(64).jpg\"                   alt=\"Laysa Govea festa de 15 anos rj vestido de debutante atelier ivana beaumond paris (64)\"                   title=\"Laysa Govea festa de 15 anos rj vestido de debutante atelier ivana beaumond paris (64)\" \/>            <\/div>            <div class=\"\">                                                      <\/div>          <\/div>        <\/div>                        <\/a>              <\/div>            <div class=\"bwg-item\">        <a class=\"bwg-a  bwg_lightbox\"  data-image-id=\"3547\" href=\"https:\/\/www.ivanabeaumond.com.br\/vestidos-noiva\/wp-content\/uploads\/photo-gallery\/Laysa%20Govea%20festa%20de%2015%20anos%20rj%20vestido%20de%20debutante%20atelier%20ivana%20beaumond%20paris%20(39).jpg\" data-elementor-open-lightbox=\"no\">                <div class=\"bwg-item0 \">          <div class=\"bwg-item1 \">            <div class=\"bwg-item2\">              <img class=\"skip-lazy bwg_standart_thumb_img_0 \"                   data-id=\"3547\"                   data-width=\"\"                   data-height=\"\"                   data-src=\"https:\/\/www.ivanabeaumond.com.br\/vestidos-noiva\/wp-content\/uploads\/photo-gallery\/thumb\/Laysa%20Govea%20festa%20de%2015%20anos%20rj%20vestido%20de%20debutante%20atelier%20ivana%20beaumond%20paris%20(39).jpg\"                   src=\"https:\/\/www.ivanabeaumond.com.br\/vestidos-noiva\/wp-content\/uploads\/photo-gallery\/thumb\/Laysa%20Govea%20festa%20de%2015%20anos%20rj%20vestido%20de%20debutante%20atelier%20ivana%20beaumond%20paris%20(39).jpg\"                   alt=\"Laysa Govea festa de 15 anos rj vestido de debutante atelier ivana beaumond paris (39)\"                   title=\"Laysa Govea festa de 15 anos rj vestido de debutante atelier ivana beaumond paris (39)\" \/>            <\/div>            <div class=\"\">                                                      <\/div>          <\/div>        <\/div>                        <\/a>              <\/div>            <div class=\"bwg-item\">        <a class=\"bwg-a  bwg_lightbox\"  data-image-id=\"3566\" href=\"https:\/\/www.ivanabeaumond.com.br\/vestidos-noiva\/wp-content\/uploads\/photo-gallery\/Laysa%20Govea%20festa%20de%2015%20anos%20rj%20vestido%20de%20debutante%20atelier%20ivana%20beaumond%20paris%20(58).jpg\" data-elementor-open-lightbox=\"no\">                <div class=\"bwg-item0 \">          <div class=\"bwg-item1 \">            <div class=\"bwg-item2\">              <img class=\"skip-lazy bwg_standart_thumb_img_0 \"                   data-id=\"3566\"                   data-width=\"\"                   data-height=\"\"                   data-src=\"https:\/\/www.ivanabeaumond.com.br\/vestidos-noiva\/wp-content\/uploads\/photo-gallery\/thumb\/Laysa%20Govea%20festa%20de%2015%20anos%20rj%20vestido%20de%20debutante%20atelier%20ivana%20beaumond%20paris%20(58).jpg\"                   src=\"https:\/\/www.ivanabeaumond.com.br\/vestidos-noiva\/wp-content\/uploads\/photo-gallery\/thumb\/Laysa%20Govea%20festa%20de%2015%20anos%20rj%20vestido%20de%20debutante%20atelier%20ivana%20beaumond%20paris%20(58).jpg\"                   alt=\"Laysa Govea festa de 15 anos rj vestido de debutante atelier ivana beaumond paris (58)\"                   title=\"Laysa Govea festa de 15 anos rj vestido de debutante atelier ivana beaumond paris (58)\" \/>            <\/div>            <div class=\"\">                                                      <\/div>          <\/div>        <\/div>                        <\/a>              <\/div>            <div class=\"bwg-item\">        <a class=\"bwg-a  bwg_lightbox\"  data-image-id=\"3565\" href=\"https:\/\/www.ivanabeaumond.com.br\/vestidos-noiva\/wp-content\/uploads\/photo-gallery\/Laysa%20Govea%20festa%20de%2015%20anos%20rj%20vestido%20de%20debutante%20atelier%20ivana%20beaumond%20paris%20(57).jpg\" data-elementor-open-lightbox=\"no\">                <div class=\"bwg-item0 \">          <div class=\"bwg-item1 \">            <div class=\"bwg-item2\">              <img class=\"skip-lazy bwg_standart_thumb_img_0 \"                   data-id=\"3565\"                   data-width=\"\"                   data-height=\"\"                   data-src=\"https:\/\/www.ivanabeaumond.com.br\/vestidos-noiva\/wp-content\/uploads\/photo-gallery\/thumb\/Laysa%20Govea%20festa%20de%2015%20anos%20rj%20vestido%20de%20debutante%20atelier%20ivana%20beaumond%20paris%20(57).jpg\"                   src=\"https:\/\/www.ivanabeaumond.com.br\/vestidos-noiva\/wp-content\/uploads\/photo-gallery\/thumb\/Laysa%20Govea%20festa%20de%2015%20anos%20rj%20vestido%20de%20debutante%20atelier%20ivana%20beaumond%20paris%20(57).jpg\"                   alt=\"Laysa Govea festa de 15 anos rj vestido de debutante atelier ivana beaumond paris (57)\"                   title=\"Laysa Govea festa de 15 anos rj vestido de debutante atelier ivana beaumond paris (57)\" \/>            <\/div>            <div class=\"\">                                                      <\/div>          <\/div>        <\/div>                        <\/a>              <\/div>            <div class=\"bwg-item\">        <a class=\"bwg-a  bwg_lightbox\"  data-image-id=\"3544\" href=\"https:\/\/www.ivanabeaumond.com.br\/vestidos-noiva\/wp-content\/uploads\/photo-gallery\/Laysa%20Govea%20festa%20de%2015%20anos%20rj%20vestido%20de%20debutante%20atelier%20ivana%20beaumond%20paris%20(36).jpg\" data-elementor-open-lightbox=\"no\">                <div class=\"bwg-item0 \">          <div class=\"bwg-item1 \">            <div class=\"bwg-item2\">              <img class=\"skip-lazy bwg_standart_thumb_img_0 \"                   data-id=\"3544\"                   data-width=\"\"                   data-height=\"\"                   data-src=\"https:\/\/www.ivanabeaumond.com.br\/vestidos-noiva\/wp-content\/uploads\/photo-gallery\/thumb\/Laysa%20Govea%20festa%20de%2015%20anos%20rj%20vestido%20de%20debutante%20atelier%20ivana%20beaumond%20paris%20(36).jpg\"                   src=\"https:\/\/www.ivanabeaumond.com.br\/vestidos-noiva\/wp-content\/uploads\/photo-gallery\/thumb\/Laysa%20Govea%20festa%20de%2015%20anos%20rj%20vestido%20de%20debutante%20atelier%20ivana%20beaumond%20paris%20(36).jpg\"                   alt=\"Laysa Govea festa de 15 anos rj vestido de debutante atelier ivana beaumond paris (36)\"                   title=\"Laysa Govea festa de 15 anos rj vestido de debutante atelier ivana beaumond paris (36)\" \/>            <\/div>            <div class=\"\">                                                      <\/div>          <\/div>        <\/div>                        <\/a>              <\/div>            <div class=\"bwg-item\">        <a class=\"bwg-a  bwg_lightbox\"  data-image-id=\"3543\" href=\"https:\/\/www.ivanabeaumond.com.br\/vestidos-noiva\/wp-content\/uploads\/photo-gallery\/Laysa%20Govea%20festa%20de%2015%20anos%20rj%20vestido%20de%20debutante%20atelier%20ivana%20beaumond%20paris%20(35).jpg\" data-elementor-open-lightbox=\"no\">                <div class=\"bwg-item0 \">          <div class=\"bwg-item1 \">            <div class=\"bwg-item2\">              <img class=\"skip-lazy bwg_standart_thumb_img_0 \"                   data-id=\"3543\"                   data-width=\"\"                   data-height=\"\"                   data-src=\"https:\/\/www.ivanabeaumond.com.br\/vestidos-noiva\/wp-content\/uploads\/photo-gallery\/thumb\/Laysa%20Govea%20festa%20de%2015%20anos%20rj%20vestido%20de%20debutante%20atelier%20ivana%20beaumond%20paris%20(35).jpg\"                   src=\"https:\/\/www.ivanabeaumond.com.br\/vestidos-noiva\/wp-content\/uploads\/photo-gallery\/thumb\/Laysa%20Govea%20festa%20de%2015%20anos%20rj%20vestido%20de%20debutante%20atelier%20ivana%20beaumond%20paris%20(35).jpg\"                   alt=\"Laysa Govea festa de 15 anos rj vestido de debutante atelier ivana beaumond paris (35)\"                   title=\"Laysa Govea festa de 15 anos rj vestido de debutante atelier ivana beaumond paris (35)\" \/>            <\/div>            <div class=\"\">                                                      <\/div>          <\/div>        <\/div>                        <\/a>              <\/div>            <div class=\"bwg-item\">        <a class=\"bwg-a  bwg_lightbox\"  data-image-id=\"3541\" href=\"https:\/\/www.ivanabeaumond.com.br\/vestidos-noiva\/wp-content\/uploads\/photo-gallery\/Laysa%20Govea%20festa%20de%2015%20anos%20rj%20vestido%20de%20debutante%20atelier%20ivana%20beaumond%20paris%20(33).jpg\" data-elementor-open-lightbox=\"no\">                <div class=\"bwg-item0 \">          <div class=\"bwg-item1 \">            <div class=\"bwg-item2\">              <img class=\"skip-lazy bwg_standart_thumb_img_0 \"                   data-id=\"3541\"                   data-width=\"\"                   data-height=\"\"                   data-src=\"https:\/\/www.ivanabeaumond.com.br\/vestidos-noiva\/wp-content\/uploads\/photo-gallery\/thumb\/Laysa%20Govea%20festa%20de%2015%20anos%20rj%20vestido%20de%20debutante%20atelier%20ivana%20beaumond%20paris%20(33).jpg\"                   src=\"https:\/\/www.ivanabeaumond.com.br\/vestidos-noiva\/wp-content\/uploads\/photo-gallery\/thumb\/Laysa%20Govea%20festa%20de%2015%20anos%20rj%20vestido%20de%20debutante%20atelier%20ivana%20beaumond%20paris%20(33).jpg\"                   alt=\"Laysa Govea festa de 15 anos rj vestido de debutante atelier ivana beaumond paris (33)\"                   title=\"Laysa Govea festa de 15 anos rj vestido de debutante atelier ivana beaumond paris (33)\" \/>            <\/div>            <div class=\"\">                                                      <\/div>          <\/div>        <\/div>                        <\/a>              <\/div>            <div class=\"bwg-item\">        <a class=\"bwg-a  bwg_lightbox\"  data-image-id=\"3560\" href=\"https:\/\/www.ivanabeaumond.com.br\/vestidos-noiva\/wp-content\/uploads\/photo-gallery\/Laysa%20Govea%20festa%20de%2015%20anos%20rj%20vestido%20de%20debutante%20atelier%20ivana%20beaumond%20paris%20(52).jpg\" data-elementor-open-lightbox=\"no\">                <div class=\"bwg-item0 \">          <div class=\"bwg-item1 \">            <div class=\"bwg-item2\">              <img class=\"skip-lazy bwg_standart_thumb_img_0 \"                   data-id=\"3560\"                   data-width=\"\"                   data-height=\"\"                   data-src=\"https:\/\/www.ivanabeaumond.com.br\/vestidos-noiva\/wp-content\/uploads\/photo-gallery\/thumb\/Laysa%20Govea%20festa%20de%2015%20anos%20rj%20vestido%20de%20debutante%20atelier%20ivana%20beaumond%20paris%20(52).jpg\"                   src=\"https:\/\/www.ivanabeaumond.com.br\/vestidos-noiva\/wp-content\/uploads\/photo-gallery\/thumb\/Laysa%20Govea%20festa%20de%2015%20anos%20rj%20vestido%20de%20debutante%20atelier%20ivana%20beaumond%20paris%20(52).jpg\"                   alt=\"Laysa Govea festa de 15 anos rj vestido de debutante atelier ivana beaumond paris (52)\"                   title=\"Laysa Govea festa de 15 anos rj vestido de debutante atelier ivana beaumond paris (52)\" \/>            <\/div>            <div class=\"\">                                                      <\/div>          <\/div>        <\/div>                        <\/a>              <\/div>          <\/div>    <style>      \/*pagination styles*\/      #bwg_container1_0 #bwg_container2_0 .tablenav-pages_0 {\t\t\t\ttext-align: center;\t\t\t\tfont-size: 12px;\t\t\t\tfont-family: segoe ui;\t\t\t\tfont-weight: bold;\t\t\t\tcolor: #666666;\t\t\t\tmargin: 6px 0 4px;\t\t\t\tdisplay: block;      }      @media only screen and (max-width : 320px) {      #bwg_container1_0 #bwg_container2_0 .displaying-num_0 {     \t display: none;      }      }      #bwg_container1_0 #bwg_container2_0 .displaying-num_0 {\t\t\t\tfont-size: 12px;\t\t\t\tfont-family: segoe ui;\t\t\t\tfont-weight: bold;\t\t\t\tcolor: #666666;\t\t\t\tmargin-right: 10px;\t\t\t\tvertical-align: middle;      }      #bwg_container1_0 #bwg_container2_0 .paging-input_0 {\t\t\t\tfont-size: 12px;\t\t\t\tfont-family: segoe ui;\t\t\t\tfont-weight: bold;\t\t\t\tcolor: #666666;\t\t\t\tvertical-align: middle;      }      #bwg_container1_0 #bwg_container2_0 .tablenav-pages_0 a.disabled,      #bwg_container1_0 #bwg_container2_0 .tablenav-pages_0 a.disabled:hover,      #bwg_container1_0 #bwg_container2_0 .tablenav-pages_0 a.disabled:focus,\t\t\t#bwg_container1_0 #bwg_container2_0 .tablenav-pages_0 input.bwg_current_page {\t\t\t\tcursor: default;\t\t\t\tcolor: rgba(102, 102, 102, 0.5);      }      #bwg_container1_0 #bwg_container2_0 .tablenav-pages_0 a,      #bwg_container1_0 #bwg_container2_0 .tablenav-pages_0 input.bwg_current_page {\t\t\t\tcursor: pointer;\t\t\t\ttext-align: center;\t\t\t\tfont-size: 12px;\t\t\t\tfont-family: segoe ui;\t\t\t\tfont-weight: bold;\t\t\t\tcolor: #666666;\t\t\t\ttext-decoration: none;\t\t\t\tpadding: 3px 6px;\t\t\t\tmargin: 0;\t\t\t\tborder-radius: 0;\t\t\t\tborder-style: solid;\t\t\t\tborder-width: 1px;\t\t\t\tborder-color: #E3E3E3;\t\t\t\t\t\t\t\tbackground-color: rgba(255, 255, 255, 1.00);\t\t\t\tbox-shadow: 0;\t\t\t\ttransition: all 0.3s ease 0s;-webkit-transition: all 0.3s ease 0s;      }      <\/style>      <span class=\"bwg_nav_cont_0\">              <div class=\"tablenav-pages_0\">                  <\/div>                <input type=\"hidden\" id=\"page_number_0\" name=\"page_number_0\" value=\"1\" \/>      <script type=\"text\/javascript\">        if( jQuery('.bwg_nav_cont_0').length > 1 ) {          jQuery('.bwg_nav_cont_0').first().remove()        }        function spider_page_0(cur, x, y, load_more) {          if (typeof load_more == \"undefined\") {            var load_more = false;          }          if (jQuery(cur).hasClass('disabled')) {            return false;          }          var items_county_0 = 1;          switch (y) {            case 1:              if (x >= items_county_0) {                document.getElementById('page_number_0').value = items_county_0;              }              else {                document.getElementById('page_number_0').value = x + 1;              }              break;            case 2:              document.getElementById('page_number_0').value = items_county_0;              break;            case -1:              if (x == 1) {                document.getElementById('page_number_0').value = 1;              }              else {                document.getElementById('page_number_0').value = x - 1;              }              break;            case -2:              document.getElementById('page_number_0').value = 1;              break;\t\t\t\t\t\tcase 0:              document.getElementById('page_number_0').value = x;              break;            default:              document.getElementById('page_number_0').value = 1;          }          bwg_ajax('gal_front_form_0', '0', 'bwg_thumbnails_0', '0', '', 'gallery', 0, '', '', load_more, '', 1);        }                    jQuery('.first-page-0').on('click', function () {              spider_page_0(this, 1, -2, 'numeric');              return false;            });            jQuery('.prev-page-0').on('click', function () {              spider_page_0(this, 1, -1, 'numeric');              return false;            });            jQuery('.next-page-0').on('click', function () {              spider_page_0(this, 1, 1, 'numeric');              return false;            });            jQuery('.last-page-0').on('click', function () {              spider_page_0(this, 1, 2, 'numeric');              return false;            });        \t\t\t\t\/* Change page on input enter. *\/        function bwg_change_page_0( e, that ) {          if (  e.key == 'Enter' ) {            var to_page = parseInt(jQuery(that).val());            var pages_count = jQuery(that).parents(\".pagination-links\").data(\"pages-count\");            var current_url_param = jQuery(that).attr('data-url-info');            if (to_page > pages_count) {              to_page = 1;            }\t \t\t\t\t\t\t\t\t\t\t\t\tspider_page_0(this, to_page, 0, 'numeric');\t\t\t\t\t\t\treturn false;\t\t\t\t\t\t          }          return true;        }        jQuery('.bwg_load_btn_0').on('click', function () {            spider_page_0(this, 1, 1, true);            return false;        });      <\/script>      <\/span>                <\/div>        <\/form>        <style>          #bwg_container1_0 #bwg_container2_0 #spider_popup_overlay_0 {          background-color: #000000;          opacity: 0.70;          }          <\/style>        <div id=\"bwg_spider_popup_loading_0\" class=\"bwg_spider_popup_loading\"><\/div>        <div id=\"spider_popup_overlay_0\" class=\"spider_popup_overlay\" onclick=\"spider_destroypopup(1000)\"><\/div>        <input type=\"hidden\" id=\"bwg_random_seed_0\" value=\"197030092\">                <\/div>    <\/div>    <script>      if (document.readyState === 'complete') {        if( typeof bwg_main_ready == 'function' ) {          if ( jQuery(\"#bwg_container1_0\").height() ) {            bwg_main_ready(jQuery(\"#bwg_container1_0\"));          }        }      } else {        document.addEventListener('DOMContentLoaded', function() {          if( typeof bwg_main_ready == 'function' ) {            if ( jQuery(\"#bwg_container1_0\").height() ) {             bwg_main_ready(jQuery(\"#bwg_container1_0\"));            }          }        });      }    <\/script>    \n<h4 style=\"text-align: justify;\"><span style=\"color: #000000;\">Ficha T\u00e9cnica:<\/span><\/h4>\n<h4 style=\"text-align: justify;\"><span style=\"color: #000000;\">Vestidos: Atelier Ivana Beaumond Paris. Casa de festas: Mans\u00e3o das Estrelas. Filme e Fotografia: Bruno Felipe.<\/span><\/h4>\n<h4><span style=\"color: #999999;\">Gostou? Siga nosso instagram<\/span>\u00a0<a href=\"https:\/\/www.instagram.com\/ivanaparisdebutantes\" target=\"_blank\" rel=\"noopener noreferrer\">@ivanaparisdebutantes\u00a0<\/a><span style=\"color: #999999;\">e curta nossa fanpage<\/span>\u00a0<a href=\"https:\/\/www.facebook.com\/IvanaBeaumondDebutantes\/\" target=\"_blank\" rel=\"noopener noreferrer\">Ivana Beaumond<\/a>\u00a0<span style=\"color: #999999;\">para ficar por dentro de tudo o que rola no mundo das\u00a0debutantes. N\u00e3o deixe de conferir tamb\u00e9m as nossas cole\u00e7\u00f5es de<\/span>\u00a0<a href=\"http:\/\/www.ivanabeaumond.com.br\/vestidos-noiva\/vestidos-debutantes\/\" target=\"_blank\" rel=\"noopener noreferrer\">Vestidos de Debutante<\/a>\u00a0<span style=\"color: #999999;\">e<\/span>\u00a0<a href=\"http:\/\/www.ivanabeaumond.com.br\/vestidos-noiva\/vestidos-casamento-madrinha-festa-formatura\/\" target=\"_blank\" rel=\"noopener noreferrer\">Moda Festa<\/a><span style=\"color: #999999;\">,\u00a0trazendo as maiores novidades da alta costura com os mais belos modelos!<\/span><\/h4>\n","protected":false},"excerpt":{"rendered":"<p>Para comemorar os seus 15 anos em grande estilo, nossa&#8230;<\/p>\n","protected":false},"author":4,"featured_media":24952,"comment_status":"closed","ping_status":"closed","sticky":false,"template":"","format":"standard","meta":[],"categories":[60,129],"tags":[172,697,695,1181,1044,100,142,1081,1183,286,1182,273,531,149,143],"yoast_head":"<!-- This site is optimized with the Yoast SEO plugin v20.3 - https:\/\/yoast.com\/wordpress\/plugins\/seo\/ -->\n<title>Baile de M\u00e1scaras, com Laysa Gouv\u00eaa - Vestido de Noiva RJ<\/title>\n<meta name=\"robots\" content=\"index, follow, max-snippet:-1, max-image-preview:large, max-video-preview:-1\" \/>\n<link rel=\"canonical\" href=\"https:\/\/www.ivanabeaumond.com.br\/vestidos-noiva\/baile-de-mascaras-com-laysa-gouvea\/\" \/>\n<meta property=\"og:locale\" content=\"pt_BR\" \/>\n<meta property=\"og:type\" content=\"article\" \/>\n<meta property=\"og:title\" content=\"Baile de M\u00e1scaras, com Laysa Gouv\u00eaa - Vestido de Noiva RJ\" \/>\n<meta property=\"og:description\" content=\"Para comemorar os seus 15 anos em grande estilo, nossa...\" \/>\n<meta property=\"og:url\" content=\"https:\/\/www.ivanabeaumond.com.br\/vestidos-noiva\/baile-de-mascaras-com-laysa-gouvea\/\" \/>\n<meta property=\"og:site_name\" content=\"Vestido de Noiva RJ\" \/>\n<meta property=\"article:publisher\" content=\"https:\/\/www.facebook.com\/ivana.beaumondnoivas\" \/>\n<meta property=\"article:published_time\" content=\"2020-03-28T00:01:13+00:00\" \/>\n<meta property=\"article:modified_time\" content=\"2020-08-13T20:56:28+00:00\" \/>\n<meta property=\"og:image\" content=\"https:\/\/www.ivanabeaumond.com.br\/vestidos-noiva\/wp-content\/uploads\/2020\/03\/FOTO-15-DEBUTANTE-IVANA-BEAUMOND.jpg\" \/>\n\t<meta property=\"og:image:width\" content=\"600\" \/>\n\t<meta property=\"og:image:height\" content=\"364\" \/>\n\t<meta property=\"og:image:type\" content=\"image\/jpeg\" \/>\n<meta name=\"author\" content=\"Ivana Beaumond Paris\" \/>\n<meta name=\"twitter:card\" content=\"summary_large_image\" \/>\n<meta name=\"twitter:label1\" content=\"Escrito por\" \/>\n\t<meta name=\"twitter:data1\" content=\"Ivana Beaumond Paris\" \/>\n\t<meta name=\"twitter:label2\" content=\"Est. tempo de leitura\" \/>\n\t<meta name=\"twitter:data2\" content=\"2 minutos\" \/>\n<script type=\"application\/ld+json\" class=\"yoast-schema-graph\">{\"@context\":\"https:\/\/schema.org\",\"@graph\":[{\"@type\":\"Article\",\"@id\":\"https:\/\/www.ivanabeaumond.com.br\/vestidos-noiva\/baile-de-mascaras-com-laysa-gouvea\/#article\",\"isPartOf\":{\"@id\":\"https:\/\/www.ivanabeaumond.com.br\/vestidos-noiva\/baile-de-mascaras-com-laysa-gouvea\/\"},\"author\":{\"name\":\"Ivana Beaumond Paris\",\"@id\":\"https:\/\/www.ivanabeaumond.com.br\/vestidos-noiva\/#\/schema\/person\/1a360c4cffa3b806d29a456389dcff26\"},\"headline\":\"Baile de M\u00e1scaras, com Laysa Gouv\u00eaa\",\"datePublished\":\"2020-03-28T00:01:13+00:00\",\"dateModified\":\"2020-08-13T20:56:28+00:00\",\"mainEntityOfPage\":{\"@id\":\"https:\/\/www.ivanabeaumond.com.br\/vestidos-noiva\/baile-de-mascaras-com-laysa-gouvea\/\"},\"wordCount\":329,\"publisher\":{\"@id\":\"https:\/\/www.ivanabeaumond.com.br\/vestidos-noiva\/#organization\"},\"keywords\":[\"15 anos\",\"15 anos rj\",\"atelier ivana beaumond paris\",\"baile de m\u00e1scaras\",\"bruno felipe\",\"festa\",\"festa de 15 anos\",\"festa de 15 anos rj\",\"fot\u00f3grafo bruno felipe\",\"ivana beaumond\",\"mans\u00e3o das estrelas\",\"rio de janeiro\",\"valsa\",\"vestido de 15 anos\",\"vestido de debutante\"],\"articleSection\":[\"Blog\",\"Espa\u00e7o Debutantes\"],\"inLanguage\":\"pt-BR\"},{\"@type\":\"WebPage\",\"@id\":\"https:\/\/www.ivanabeaumond.com.br\/vestidos-noiva\/baile-de-mascaras-com-laysa-gouvea\/\",\"url\":\"https:\/\/www.ivanabeaumond.com.br\/vestidos-noiva\/baile-de-mascaras-com-laysa-gouvea\/\",\"name\":\"Baile de M\u00e1scaras, com Laysa Gouv\u00eaa - Vestido de Noiva RJ\",\"isPartOf\":{\"@id\":\"https:\/\/www.ivanabeaumond.com.br\/vestidos-noiva\/#website\"},\"datePublished\":\"2020-03-28T00:01:13+00:00\",\"dateModified\":\"2020-08-13T20:56:28+00:00\",\"breadcrumb\":{\"@id\":\"https:\/\/www.ivanabeaumond.com.br\/vestidos-noiva\/baile-de-mascaras-com-laysa-gouvea\/#breadcrumb\"},\"inLanguage\":\"pt-BR\",\"potentialAction\":[{\"@type\":\"ReadAction\",\"target\":[\"https:\/\/www.ivanabeaumond.com.br\/vestidos-noiva\/baile-de-mascaras-com-laysa-gouvea\/\"]}]},{\"@type\":\"BreadcrumbList\",\"@id\":\"https:\/\/www.ivanabeaumond.com.br\/vestidos-noiva\/baile-de-mascaras-com-laysa-gouvea\/#breadcrumb\",\"itemListElement\":[{\"@type\":\"ListItem\",\"position\":1,\"name\":\"In\u00edcio\",\"item\":\"https:\/\/www.ivanabeaumond.com.br\/vestidos-noiva\/\"},{\"@type\":\"ListItem\",\"position\":2,\"name\":\"Baile de M\u00e1scaras, com Laysa Gouv\u00eaa\"}]},{\"@type\":\"WebSite\",\"@id\":\"https:\/\/www.ivanabeaumond.com.br\/vestidos-noiva\/#website\",\"url\":\"https:\/\/www.ivanabeaumond.com.br\/vestidos-noiva\/\",\"name\":\"Vestido de Noiva RJ\",\"description\":\"Moda Noiva\",\"publisher\":{\"@id\":\"https:\/\/www.ivanabeaumond.com.br\/vestidos-noiva\/#organization\"},\"potentialAction\":[{\"@type\":\"SearchAction\",\"target\":{\"@type\":\"EntryPoint\",\"urlTemplate\":\"https:\/\/www.ivanabeaumond.com.br\/vestidos-noiva\/?s={search_term_string}\"},\"query-input\":\"required name=search_term_string\"}],\"inLanguage\":\"pt-BR\"},{\"@type\":\"Organization\",\"@id\":\"https:\/\/www.ivanabeaumond.com.br\/vestidos-noiva\/#organization\",\"name\":\"Vestido de Noiva RJ\",\"url\":\"https:\/\/www.ivanabeaumond.com.br\/vestidos-noiva\/\",\"logo\":{\"@type\":\"ImageObject\",\"inLanguage\":\"pt-BR\",\"@id\":\"https:\/\/www.ivanabeaumond.com.br\/vestidos-noiva\/#\/schema\/logo\/image\/\",\"url\":\"https:\/\/www.ivanabeaumond.com.br\/vestidos-noiva\/wp-content\/uploads\/2018\/02\/logo_ivana_beaumond-2.png\",\"contentUrl\":\"https:\/\/www.ivanabeaumond.com.br\/vestidos-noiva\/wp-content\/uploads\/2018\/02\/logo_ivana_beaumond-2.png\",\"width\":230,\"height\":112,\"caption\":\"Vestido de Noiva RJ\"},\"image\":{\"@id\":\"https:\/\/www.ivanabeaumond.com.br\/vestidos-noiva\/#\/schema\/logo\/image\/\"},\"sameAs\":[\"https:\/\/www.facebook.com\/ivana.beaumondnoivas\",\"https:\/\/www.instagram.com\/ivanabeaumond\/\",\"https:\/\/www.tiktok.com\/@ivanabeaumond\"]},{\"@type\":\"Person\",\"@id\":\"https:\/\/www.ivanabeaumond.com.br\/vestidos-noiva\/#\/schema\/person\/1a360c4cffa3b806d29a456389dcff26\",\"name\":\"Ivana Beaumond Paris\",\"image\":{\"@type\":\"ImageObject\",\"inLanguage\":\"pt-BR\",\"@id\":\"https:\/\/www.ivanabeaumond.com.br\/vestidos-noiva\/#\/schema\/person\/image\/\",\"url\":\"https:\/\/secure.gravatar.com\/avatar\/641f98db20b53ec937ceb641db4270b9?s=96&d=mm&r=g\",\"contentUrl\":\"https:\/\/secure.gravatar.com\/avatar\/641f98db20b53ec937ceb641db4270b9?s=96&d=mm&r=g\",\"caption\":\"Ivana Beaumond Paris\"},\"url\":\"https:\/\/www.ivanabeaumond.com.br\/vestidos-noiva\/author\/ivana\/\"}]}<\/script>\n<!-- \/ Yoast SEO plugin. -->","yoast_head_json":{"title":"Baile de M\u00e1scaras, com Laysa Gouv\u00eaa - Vestido de Noiva RJ","robots":{"index":"index","follow":"follow","max-snippet":"max-snippet:-1","max-image-preview":"max-image-preview:large","max-video-preview":"max-video-preview:-1"},"canonical":"https:\/\/www.ivanabeaumond.com.br\/vestidos-noiva\/baile-de-mascaras-com-laysa-gouvea\/","og_locale":"pt_BR","og_type":"article","og_title":"Baile de M\u00e1scaras, com Laysa Gouv\u00eaa - Vestido de Noiva RJ","og_description":"Para comemorar os seus 15 anos em grande estilo, nossa...","og_url":"https:\/\/www.ivanabeaumond.com.br\/vestidos-noiva\/baile-de-mascaras-com-laysa-gouvea\/","og_site_name":"Vestido de Noiva RJ","article_publisher":"https:\/\/www.facebook.com\/ivana.beaumondnoivas","article_published_time":"2020-03-28T00:01:13+00:00","article_modified_time":"2020-08-13T20:56:28+00:00","og_image":[{"width":600,"height":364,"url":"https:\/\/www.ivanabeaumond.com.br\/vestidos-noiva\/wp-content\/uploads\/2020\/03\/FOTO-15-DEBUTANTE-IVANA-BEAUMOND.jpg","type":"image\/jpeg"}],"author":"Ivana Beaumond Paris","twitter_card":"summary_large_image","twitter_misc":{"Escrito por":"Ivana Beaumond Paris","Est. tempo de leitura":"2 minutos"},"schema":{"@context":"https:\/\/schema.org","@graph":[{"@type":"Article","@id":"https:\/\/www.ivanabeaumond.com.br\/vestidos-noiva\/baile-de-mascaras-com-laysa-gouvea\/#article","isPartOf":{"@id":"https:\/\/www.ivanabeaumond.com.br\/vestidos-noiva\/baile-de-mascaras-com-laysa-gouvea\/"},"author":{"name":"Ivana Beaumond Paris","@id":"https:\/\/www.ivanabeaumond.com.br\/vestidos-noiva\/#\/schema\/person\/1a360c4cffa3b806d29a456389dcff26"},"headline":"Baile de M\u00e1scaras, com Laysa Gouv\u00eaa","datePublished":"2020-03-28T00:01:13+00:00","dateModified":"2020-08-13T20:56:28+00:00","mainEntityOfPage":{"@id":"https:\/\/www.ivanabeaumond.com.br\/vestidos-noiva\/baile-de-mascaras-com-laysa-gouvea\/"},"wordCount":329,"publisher":{"@id":"https:\/\/www.ivanabeaumond.com.br\/vestidos-noiva\/#organization"},"keywords":["15 anos","15 anos rj","atelier ivana beaumond paris","baile de m\u00e1scaras","bruno felipe","festa","festa de 15 anos","festa de 15 anos rj","fot\u00f3grafo bruno felipe","ivana beaumond","mans\u00e3o das estrelas","rio de janeiro","valsa","vestido de 15 anos","vestido de debutante"],"articleSection":["Blog","Espa\u00e7o Debutantes"],"inLanguage":"pt-BR"},{"@type":"WebPage","@id":"https:\/\/www.ivanabeaumond.com.br\/vestidos-noiva\/baile-de-mascaras-com-laysa-gouvea\/","url":"https:\/\/www.ivanabeaumond.com.br\/vestidos-noiva\/baile-de-mascaras-com-laysa-gouvea\/","name":"Baile de M\u00e1scaras, com Laysa Gouv\u00eaa - Vestido de Noiva RJ","isPartOf":{"@id":"https:\/\/www.ivanabeaumond.com.br\/vestidos-noiva\/#website"},"datePublished":"2020-03-28T00:01:13+00:00","dateModified":"2020-08-13T20:56:28+00:00","breadcrumb":{"@id":"https:\/\/www.ivanabeaumond.com.br\/vestidos-noiva\/baile-de-mascaras-com-laysa-gouvea\/#breadcrumb"},"inLanguage":"pt-BR","potentialAction":[{"@type":"ReadAction","target":["https:\/\/www.ivanabeaumond.com.br\/vestidos-noiva\/baile-de-mascaras-com-laysa-gouvea\/"]}]},{"@type":"BreadcrumbList","@id":"https:\/\/www.ivanabeaumond.com.br\/vestidos-noiva\/baile-de-mascaras-com-laysa-gouvea\/#breadcrumb","itemListElement":[{"@type":"ListItem","position":1,"name":"In\u00edcio","item":"https:\/\/www.ivanabeaumond.com.br\/vestidos-noiva\/"},{"@type":"ListItem","position":2,"name":"Baile de M\u00e1scaras, com Laysa Gouv\u00eaa"}]},{"@type":"WebSite","@id":"https:\/\/www.ivanabeaumond.com.br\/vestidos-noiva\/#website","url":"https:\/\/www.ivanabeaumond.com.br\/vestidos-noiva\/","name":"Vestido de Noiva RJ","description":"Moda Noiva","publisher":{"@id":"https:\/\/www.ivanabeaumond.com.br\/vestidos-noiva\/#organization"},"potentialAction":[{"@type":"SearchAction","target":{"@type":"EntryPoint","urlTemplate":"https:\/\/www.ivanabeaumond.com.br\/vestidos-noiva\/?s={search_term_string}"},"query-input":"required name=search_term_string"}],"inLanguage":"pt-BR"},{"@type":"Organization","@id":"https:\/\/www.ivanabeaumond.com.br\/vestidos-noiva\/#organization","name":"Vestido de Noiva RJ","url":"https:\/\/www.ivanabeaumond.com.br\/vestidos-noiva\/","logo":{"@type":"ImageObject","inLanguage":"pt-BR","@id":"https:\/\/www.ivanabeaumond.com.br\/vestidos-noiva\/#\/schema\/logo\/image\/","url":"https:\/\/www.ivanabeaumond.com.br\/vestidos-noiva\/wp-content\/uploads\/2018\/02\/logo_ivana_beaumond-2.png","contentUrl":"https:\/\/www.ivanabeaumond.com.br\/vestidos-noiva\/wp-content\/uploads\/2018\/02\/logo_ivana_beaumond-2.png","width":230,"height":112,"caption":"Vestido de Noiva RJ"},"image":{"@id":"https:\/\/www.ivanabeaumond.com.br\/vestidos-noiva\/#\/schema\/logo\/image\/"},"sameAs":["https:\/\/www.facebook.com\/ivana.beaumondnoivas","https:\/\/www.instagram.com\/ivanabeaumond\/","https:\/\/www.tiktok.com\/@ivanabeaumond"]},{"@type":"Person","@id":"https:\/\/www.ivanabeaumond.com.br\/vestidos-noiva\/#\/schema\/person\/1a360c4cffa3b806d29a456389dcff26","name":"Ivana Beaumond Paris","image":{"@type":"ImageObject","inLanguage":"pt-BR","@id":"https:\/\/www.ivanabeaumond.com.br\/vestidos-noiva\/#\/schema\/person\/image\/","url":"https:\/\/secure.gravatar.com\/avatar\/641f98db20b53ec937ceb641db4270b9?s=96&d=mm&r=g","contentUrl":"https:\/\/secure.gravatar.com\/avatar\/641f98db20b53ec937ceb641db4270b9?s=96&d=mm&r=g","caption":"Ivana Beaumond Paris"},"url":"https:\/\/www.ivanabeaumond.com.br\/vestidos-noiva\/author\/ivana\/"}]}},"_links":{"self":[{"href":"https:\/\/www.ivanabeaumond.com.br\/vestidos-noiva\/wp-json\/wp\/v2\/posts\/23987"}],"collection":[{"href":"https:\/\/www.ivanabeaumond.com.br\/vestidos-noiva\/wp-json\/wp\/v2\/posts"}],"about":[{"href":"https:\/\/www.ivanabeaumond.com.br\/vestidos-noiva\/wp-json\/wp\/v2\/types\/post"}],"author":[{"embeddable":true,"href":"https:\/\/www.ivanabeaumond.com.br\/vestidos-noiva\/wp-json\/wp\/v2\/users\/4"}],"replies":[{"embeddable":true,"href":"https:\/\/www.ivanabeaumond.com.br\/vestidos-noiva\/wp-json\/wp\/v2\/comments?post=23987"}],"version-history":[{"count":13,"href":"https:\/\/www.ivanabeaumond.com.br\/vestidos-noiva\/wp-json\/wp\/v2\/posts\/23987\/revisions"}],"predecessor-version":[{"id":25767,"href":"https:\/\/www.ivanabeaumond.com.br\/vestidos-noiva\/wp-json\/wp\/v2\/posts\/23987\/revisions\/25767"}],"wp:featuredmedia":[{"embeddable":true,"href":"https:\/\/www.ivanabeaumond.com.br\/vestidos-noiva\/wp-json\/wp\/v2\/media\/24952"}],"wp:attachment":[{"href":"https:\/\/www.ivanabeaumond.com.br\/vestidos-noiva\/wp-json\/wp\/v2\/media?parent=23987"}],"wp:term":[{"taxonomy":"category","embeddable":true,"href":"https:\/\/www.ivanabeaumond.com.br\/vestidos-noiva\/wp-json\/wp\/v2\/categories?post=23987"},{"taxonomy":"post_tag","embeddable":true,"href":"https:\/\/www.ivanabeaumond.com.br\/vestidos-noiva\/wp-json\/wp\/v2\/tags?post=23987"}],"curies":[{"name":"wp","href":"https:\/\/api.w.org\/{rel}","templated":true}]}}