{"id":24328,"date":"2020-05-10T15:32:17","date_gmt":"2020-05-10T18:32:17","guid":{"rendered":"https:\/\/www.ivanabeaumond.com.br\/vestidos-noiva\/?p=24328"},"modified":"2020-05-15T12:11:46","modified_gmt":"2020-05-15T15:11:46","slug":"festa-pos-quarentena","status":"publish","type":"post","link":"https:\/\/www.ivanabeaumond.com.br\/vestidos-noiva\/festa-pos-quarentena\/","title":{"rendered":"Festa P\u00f3s Quarentena"},"content":{"rendered":"<h3 style=\"text-align: left;\"><span style=\"color: #999999;\"><em><strong>COMO SER\u00c3O NOS PR\u00d3XIMOS MESES?<\/strong><\/em><\/span><\/h3>\n<p>&nbsp;<\/p>\n<h4 style=\"text-align: justify;\"><span style=\"color: #999999;\">A vida n\u00e3o est\u00e1 sendo a mesma h\u00e1 algum tempo, n\u00e3o \u00e9 verdade? Desde que a pandemia de Coronav\u00edrus se instaurou pelo Brasil e pelo mundo, muito do conv\u00edvio social foi alterado, especialmente porque foi percebido pela ci\u00eancia que o afastamento e pouco contato f\u00edsico s\u00e3o essenciais para evitar que a doen\u00e7a seja disseminada.<\/span><\/h4>\n<p><a href=\"https:\/\/www.ivanabeaumond.com.br\/vestidos-noiva\/wp-content\/uploads\/2020\/05\/VIRUS-COVID-19-BLOG-IVANA-BEAUMOND.jpg\"><img decoding=\"async\" loading=\"lazy\" class=\"aligncenter size-full wp-image-24351\" src=\"https:\/\/www.ivanabeaumond.com.br\/vestidos-noiva\/wp-content\/uploads\/2020\/05\/VIRUS-COVID-19-BLOG-IVANA-BEAUMOND.jpg\" alt=\"\" width=\"900\" height=\"600\" srcset=\"https:\/\/www.ivanabeaumond.com.br\/vestidos-noiva\/wp-content\/uploads\/2020\/05\/VIRUS-COVID-19-BLOG-IVANA-BEAUMOND.jpg 900w, https:\/\/www.ivanabeaumond.com.br\/vestidos-noiva\/wp-content\/uploads\/2020\/05\/VIRUS-COVID-19-BLOG-IVANA-BEAUMOND-300x200.jpg 300w, https:\/\/www.ivanabeaumond.com.br\/vestidos-noiva\/wp-content\/uploads\/2020\/05\/VIRUS-COVID-19-BLOG-IVANA-BEAUMOND-480x320.jpg 480w\" sizes=\"(max-width: 900px) 100vw, 900px\" \/><\/a><\/p>\n<h4 style=\"text-align: justify;\"><span style=\"color: #999999;\">No entanto, com essas estrat\u00e9gias sendo adotadas, muitos eventos precisaram ser remarcados e a realidade \u00e9 que, mesmo que um dia esta situa\u00e7\u00e3o fique mais amena, alguns indiv\u00edduos ainda ficar\u00e3o receosos sobre frequentar lugares fechados, ir a comemora\u00e7\u00f5es com muitas pessoas ou at\u00e9 mesmo darem aquele abra\u00e7o apertado e um beijo no rosto.<\/span><\/h4>\n<p>&nbsp;<\/p>\n<h4 style=\"text-align: justify;\"><span style=\"color: #999999;\">Isso \u00e9 natural. Contudo, se voc\u00ea j\u00e1 estava com a sua festa programada ou at\u00e9 mesmo pretende realiz\u00e1-la nos pr\u00f3ximos meses, \u00e9 importante saber o que o futuro nos reserva e as principais maneiras de comemorar com seguran\u00e7a ap\u00f3s a pandemia. Confira:<\/span><\/h4>\n<p>&nbsp;<\/p>\n<h3 style=\"text-align: justify;\"><span style=\"color: #999999;\"><em><strong>OPTE POR LUGARES ABERTOS E ESPA\u00c7OSOS<\/strong><\/em><\/span><\/h3>\n<p>&nbsp;<\/p>\n<h4 style=\"text-align: justify;\"><span style=\"color: #999999;\">Sabemos que multid\u00f5es precisam ser evitadas a todo custo, mas os lugares fechados tamb\u00e9m. Por isso, um local ideal para uma festa ap\u00f3s toda a pandemia seria o que possu\u00edsse o m\u00e1ximo de ar fresco e que, principalmente, fosse aberto.<\/span><\/h4>\n<p><a href=\"https:\/\/www.ivanabeaumond.com.br\/vestidos-noiva\/wp-content\/uploads\/2020\/05\/P\u00d3S-QUARENTENA-1-FOTO-LUGARES-ESPA\u00c7OSOS.jpg\"><img decoding=\"async\" loading=\"lazy\" class=\"aligncenter size-full wp-image-24342\" src=\"https:\/\/www.ivanabeaumond.com.br\/vestidos-noiva\/wp-content\/uploads\/2020\/05\/P\u00d3S-QUARENTENA-1-FOTO-LUGARES-ESPA\u00c7OSOS.jpg\" alt=\"???????????????????\" width=\"900\" height=\"599\" srcset=\"https:\/\/www.ivanabeaumond.com.br\/vestidos-noiva\/wp-content\/uploads\/2020\/05\/P\u00d3S-QUARENTENA-1-FOTO-LUGARES-ESPA\u00c7OSOS.jpg 900w, https:\/\/www.ivanabeaumond.com.br\/vestidos-noiva\/wp-content\/uploads\/2020\/05\/P\u00d3S-QUARENTENA-1-FOTO-LUGARES-ESPA\u00c7OSOS-300x200.jpg 300w, https:\/\/www.ivanabeaumond.com.br\/vestidos-noiva\/wp-content\/uploads\/2020\/05\/P\u00d3S-QUARENTENA-1-FOTO-LUGARES-ESPA\u00c7OSOS-480x320.jpg 480w\" sizes=\"(max-width: 900px) 100vw, 900px\" \/><\/a><\/p>\n<h4 style=\"text-align: justify;\"><span style=\"color: #999999;\">Dessa forma, s\u00edtios, jardins, praias e outros ambientes que evitem o enclausuramento dos convidados pode ser uma alternativa para dar uma sensa\u00e7\u00e3o maior de seguran\u00e7a e prote\u00e7\u00e3o.<\/span><\/h4>\n<p>&nbsp;<\/p>\n<h4 style=\"text-align: justify;\"><span style=\"color: #999999;\">Como se sabe, por mais que, em algum momento, o coronav\u00edrus v\u00e1 diminuir seu cont\u00e1gio e se extinguir, as pessoas ainda v\u00e3o precisar tomar todo cuidado poss\u00edvel. Assim sendo, os organizadores precisar\u00e3o manter todas as medidas de higiene, evitar que os convidados fiquem aglomeradas e, se poss\u00edvel, dar mais dist\u00e2ncia entre as mesas.<\/span><\/h4>\n<p>&nbsp;<\/p>\n<h3 style=\"text-align: justify;\"><span style=\"color: #999999;\"><em><strong>OFERE\u00c7A \u00c1LCOOL EM GEL PARA OS CONVIDADOS<\/strong><\/em><\/span><\/h3>\n<p>&nbsp;<\/p>\n<h4 style=\"text-align: justify;\"><span style=\"color: #999999;\">O \u00e1lcool em gel vem sendo um item importante no combate \u00e0 pandemia e, levando isso em considera\u00e7\u00e3o, distribui-lo para os convidados ou deix\u00e1-lo dispon\u00edvel nos banheiros e cozinha do local pode ser uma forma interessante de incentivar as pessoas a usarem sempre que poss\u00edvel.<\/span><\/h4>\n<p><a href=\"https:\/\/www.ivanabeaumond.com.br\/vestidos-noiva\/wp-content\/uploads\/2020\/05\/P\u00d3S-QUARENTENA-2-FOTO-ALCOOL-GEL.jpg\"><img decoding=\"async\" loading=\"lazy\" class=\"aligncenter size-full wp-image-24341\" src=\"https:\/\/www.ivanabeaumond.com.br\/vestidos-noiva\/wp-content\/uploads\/2020\/05\/P\u00d3S-QUARENTENA-2-FOTO-ALCOOL-GEL.jpg\" alt=\"???????????????????\" width=\"900\" height=\"472\" srcset=\"https:\/\/www.ivanabeaumond.com.br\/vestidos-noiva\/wp-content\/uploads\/2020\/05\/P\u00d3S-QUARENTENA-2-FOTO-ALCOOL-GEL.jpg 900w, https:\/\/www.ivanabeaumond.com.br\/vestidos-noiva\/wp-content\/uploads\/2020\/05\/P\u00d3S-QUARENTENA-2-FOTO-ALCOOL-GEL-300x157.jpg 300w\" sizes=\"(max-width: 900px) 100vw, 900px\" \/><\/a><\/p>\n<h4 style=\"text-align: justify;\"><span style=\"color: #999999;\">Assim, independentemente de como estiver a situa\u00e7\u00e3o do pa\u00eds, esta \u00e9 uma medida que deve ser tomada para manter o cuidado e garantir a melhor experi\u00eancia poss\u00edvel para todos que estiverem no evento, inclusive para que voc\u00ea possa aproveitar mais.<\/span><\/h4>\n<p>&nbsp;<\/p>\n<h4 style=\"text-align: justify;\"><span style=\"color: #999999;\">E, vamos combinar, esse \u00e9 um h\u00e1bito que vai precisar mantido por um bom tempo!<\/span><\/h4>\n<p>&nbsp;<\/p>\n<h3 style=\"text-align: justify;\"><span style=\"color: #999999;\"><em><strong>ADIE, MAS N\u00c3O CANCELE<\/strong><\/em><\/span><\/h3>\n<p><a href=\"https:\/\/www.ivanabeaumond.com.br\/vestidos-noiva\/wp-content\/uploads\/2020\/05\/P\u00d3S-QUARENTENA-FOTO-SOBRE-ADIAR.jpg\"><img decoding=\"async\" loading=\"lazy\" class=\"aligncenter size-full wp-image-24345\" src=\"https:\/\/www.ivanabeaumond.com.br\/vestidos-noiva\/wp-content\/uploads\/2020\/05\/P\u00d3S-QUARENTENA-FOTO-SOBRE-ADIAR.jpg\" alt=\"???????????????????\" width=\"900\" height=\"477\" srcset=\"https:\/\/www.ivanabeaumond.com.br\/vestidos-noiva\/wp-content\/uploads\/2020\/05\/P\u00d3S-QUARENTENA-FOTO-SOBRE-ADIAR.jpg 900w, https:\/\/www.ivanabeaumond.com.br\/vestidos-noiva\/wp-content\/uploads\/2020\/05\/P\u00d3S-QUARENTENA-FOTO-SOBRE-ADIAR-300x159.jpg 300w\" sizes=\"(max-width: 900px) 100vw, 900px\" \/><\/a><\/p>\n<h4 style=\"text-align: justify;\"><span style=\"color: #999999;\">Planejar festas demora, gasta dinheiro e tamb\u00e9m tempo. Ent\u00e3o, imagine todo esse esfor\u00e7o sendo jogado fora por um cancelamento! \u00c9 primordial ter em mente que a quest\u00e3o da sa\u00fade \u00e9 o mais importante agora, por isso o pedido de isolamento social \u00e9 sempre refor\u00e7ado. Mas e depois?<\/span><\/h4>\n<p>&nbsp;<\/p>\n<h4 style=\"text-align: justify;\"><span style=\"color: #999999;\">Quando a transmiss\u00e3o do v\u00edrus for diminuindo, as pessoas v\u00e3o voltar \u00e0s suas rotinas &#8211; seja trabalhando, indo para as aulas ou buscando lazer. Dessa maneira, adiar a sua festa \u00e9 uma \u00f3tima op\u00e7\u00e3o para n\u00e3o perder tudo o que foi feito at\u00e9 ent\u00e3o e, ainda assim, comemorar em dobro: pelo evento e pela volta dos encontros com amigos e fam\u00edlia.<\/span><\/h4>\n<p>&nbsp;<\/p>\n<h3 style=\"text-align: justify;\"><span style=\"color: #999999;\"><em><strong>AINDA N\u00c3O ORGANIZOU TUDO? A GENTE TE AJUDA!<\/strong><\/em><\/span><\/h3>\n<p>&nbsp;<\/p>\n<h4 style=\"text-align: justify;\"><span style=\"color: #999999;\">Se voc\u00ea ainda est\u00e1 organizando sua festa, precisou fazer uma pausa devido \u00e0 quarentena e n\u00e3o sabe o que usar no dia, n\u00e3o deixe de entrar em contato conosco.<\/span><\/h4>\n<p>&nbsp;<\/p>\n<h4 style=\"text-align: justify;\"><span style=\"color: #999999;\">As cole\u00e7\u00f5es dispon\u00edveis da Ivana Beaumond possuem os vestidos ideais para todas as ocasi\u00f5es, seja o seu debut, casamento, formatura ou o evento de gala mais prestigiado da cidade. Estamos te esperando para passar por essa fase juntos e, acima de tudo, celebrar a vida!<\/span><\/h4>\n<p>&nbsp;<\/p>\n<h4 style=\"text-align: justify;\"><span style=\"color: #999999;\">Continue navegando pelo site e saiba mais.<\/span><\/h4>\n<p>&nbsp;<\/p>\n<h4 style=\"text-align: justify;\"><span style=\"color: #000000;\">Gostou? Siga nosso instagram<\/span>\u00a0<span style=\"color: #0000ff;\"><a style=\"color: #0000ff;\" href=\"https:\/\/www.instagram.com\/ivanabeaumond\/\">@ivanabeaumond<\/a><\/span><span style=\"color: #000000;\">\u00a0e curta nossa<\/span>\u00a0<span style=\"color: #0000ff;\"><a style=\"color: #0000ff;\" href=\"https:\/\/www.facebook.com\/IvanaBeaumond\/\" target=\"_blank\">fanpage<\/a><\/span><span style=\"color: #999999;\">\u00a0\u00a0<span style=\"color: #000000;\">no Facebook para ficar por dentro de tudo o que rola no mundo das noivas, e conhe\u00e7a nossos Melhores Modelos de Vestidos de Noivas Nacionais, Importados e Sob Medida.<\/span><\/span><\/h4>\n","protected":false},"excerpt":{"rendered":"<p>COMO SER\u00c3O NOS PR\u00d3XIMOS MESES? &nbsp; A vida n\u00e3o est\u00e1&#8230;<\/p>\n","protected":false},"author":4,"featured_media":24354,"comment_status":"closed","ping_status":"closed","sticky":false,"template":"","format":"standard","meta":[],"categories":[60,127],"tags":[1084,1085,144,1086,1121,1019,650,695,444,512,1135,96,528,659,864,998,1026,113,844,146,863,861,1193,1195,132,100,379,1198,1194,1197,839,1196],"yoast_head":"<!-- This site is optimized with the Yoast SEO plugin v20.3 - https:\/\/yoast.com\/wordpress\/plugins\/seo\/ -->\n<title>Festa P\u00f3s Quarentena - Vestido de Noiva RJ<\/title>\n<meta name=\"robots\" content=\"index, follow, max-snippet:-1, max-image-preview:large, max-video-preview:-1\" \/>\n<link rel=\"canonical\" href=\"https:\/\/www.ivanabeaumond.com.br\/vestidos-noiva\/festa-pos-quarentena\/\" \/>\n<meta property=\"og:locale\" content=\"pt_BR\" \/>\n<meta property=\"og:type\" content=\"article\" \/>\n<meta property=\"og:title\" content=\"Festa P\u00f3s Quarentena - Vestido de Noiva RJ\" \/>\n<meta property=\"og:description\" content=\"COMO SER\u00c3O NOS PR\u00d3XIMOS MESES? &nbsp; A vida n\u00e3o est\u00e1...\" \/>\n<meta property=\"og:url\" content=\"https:\/\/www.ivanabeaumond.com.br\/vestidos-noiva\/festa-pos-quarentena\/\" \/>\n<meta property=\"og:site_name\" content=\"Vestido de Noiva RJ\" \/>\n<meta property=\"article:publisher\" content=\"https:\/\/www.facebook.com\/ivana.beaumondnoivas\" \/>\n<meta property=\"article:published_time\" content=\"2020-05-10T18:32:17+00:00\" \/>\n<meta property=\"article:modified_time\" content=\"2020-05-15T15:11:46+00:00\" \/>\n<meta property=\"og:image\" content=\"https:\/\/www.ivanabeaumond.com.br\/vestidos-noiva\/wp-content\/uploads\/2020\/05\/CAPA-VIRUS-COVID-19-BLOG-IVANA-BEAUMOND.jpg\" \/>\n\t<meta property=\"og:image:width\" content=\"600\" \/>\n\t<meta property=\"og:image:height\" content=\"415\" \/>\n\t<meta property=\"og:image:type\" content=\"image\/jpeg\" \/>\n<meta name=\"author\" content=\"Ivana Beaumond Paris\" \/>\n<meta name=\"twitter:card\" content=\"summary_large_image\" \/>\n<meta name=\"twitter:label1\" content=\"Escrito por\" \/>\n\t<meta name=\"twitter:data1\" content=\"Ivana Beaumond Paris\" \/>\n\t<meta name=\"twitter:label2\" content=\"Est. tempo de leitura\" \/>\n\t<meta name=\"twitter:data2\" content=\"3 minutos\" \/>\n<script type=\"application\/ld+json\" class=\"yoast-schema-graph\">{\"@context\":\"https:\/\/schema.org\",\"@graph\":[{\"@type\":\"Article\",\"@id\":\"https:\/\/www.ivanabeaumond.com.br\/vestidos-noiva\/festa-pos-quarentena\/#article\",\"isPartOf\":{\"@id\":\"https:\/\/www.ivanabeaumond.com.br\/vestidos-noiva\/festa-pos-quarentena\/\"},\"author\":{\"name\":\"Ivana Beaumond Paris\",\"@id\":\"https:\/\/www.ivanabeaumond.com.br\/vestidos-noiva\/#\/schema\/person\/1a360c4cffa3b806d29a456389dcff26\"},\"headline\":\"Festa P\u00f3s Quarentena\",\"datePublished\":\"2020-05-10T18:32:17+00:00\",\"dateModified\":\"2020-05-15T15:11:46+00:00\",\"mainEntityOfPage\":{\"@id\":\"https:\/\/www.ivanabeaumond.com.br\/vestidos-noiva\/festa-pos-quarentena\/\"},\"wordCount\":701,\"publisher\":{\"@id\":\"https:\/\/www.ivanabeaumond.com.br\/vestidos-noiva\/#organization\"},\"keywords\":[\"alugar vestido de noiva\",\"alugar vestido de noiva rj\",\"aluguel de vestido\",\"aluguel de vestido de noiva rj\",\"ateli\u00ea de noivas\",\"atelier de noivas rj\",\"atelier ivana beaumond\",\"atelier ivana beaumond paris\",\"blog de casamento\",\"blog de noiva\",\"blogueira de noiva\",\"casamento\",\"casamento ao ar livre\",\"casamento ao ar livre casamento na praia\",\"casamento ao entardecer\",\"casamento ao livre\",\"casamento brasileiro\",\"casamento criativo\",\"casamento de dia\",\"casamento luxuoso\",\"casamento no jardim\",\"casamento rio de janeiro\",\"cerimonial de casamento\",\"covid-19\",\"dicas ivana\",\"festa\",\"luxo\",\"n\u00e3o cancele\",\"p\u00f3s coronavirus\",\"vai passar\",\"vestidos de gala\",\"v\u00edrus\"],\"articleSection\":[\"Blog\",\"Dicas e Truques\"],\"inLanguage\":\"pt-BR\"},{\"@type\":\"WebPage\",\"@id\":\"https:\/\/www.ivanabeaumond.com.br\/vestidos-noiva\/festa-pos-quarentena\/\",\"url\":\"https:\/\/www.ivanabeaumond.com.br\/vestidos-noiva\/festa-pos-quarentena\/\",\"name\":\"Festa P\u00f3s Quarentena - Vestido de Noiva RJ\",\"isPartOf\":{\"@id\":\"https:\/\/www.ivanabeaumond.com.br\/vestidos-noiva\/#website\"},\"datePublished\":\"2020-05-10T18:32:17+00:00\",\"dateModified\":\"2020-05-15T15:11:46+00:00\",\"breadcrumb\":{\"@id\":\"https:\/\/www.ivanabeaumond.com.br\/vestidos-noiva\/festa-pos-quarentena\/#breadcrumb\"},\"inLanguage\":\"pt-BR\",\"potentialAction\":[{\"@type\":\"ReadAction\",\"target\":[\"https:\/\/www.ivanabeaumond.com.br\/vestidos-noiva\/festa-pos-quarentena\/\"]}]},{\"@type\":\"BreadcrumbList\",\"@id\":\"https:\/\/www.ivanabeaumond.com.br\/vestidos-noiva\/festa-pos-quarentena\/#breadcrumb\",\"itemListElement\":[{\"@type\":\"ListItem\",\"position\":1,\"name\":\"In\u00edcio\",\"item\":\"https:\/\/www.ivanabeaumond.com.br\/vestidos-noiva\/\"},{\"@type\":\"ListItem\",\"position\":2,\"name\":\"Festa P\u00f3s Quarentena\"}]},{\"@type\":\"WebSite\",\"@id\":\"https:\/\/www.ivanabeaumond.com.br\/vestidos-noiva\/#website\",\"url\":\"https:\/\/www.ivanabeaumond.com.br\/vestidos-noiva\/\",\"name\":\"Vestido de Noiva RJ\",\"description\":\"Moda Noiva\",\"publisher\":{\"@id\":\"https:\/\/www.ivanabeaumond.com.br\/vestidos-noiva\/#organization\"},\"potentialAction\":[{\"@type\":\"SearchAction\",\"target\":{\"@type\":\"EntryPoint\",\"urlTemplate\":\"https:\/\/www.ivanabeaumond.com.br\/vestidos-noiva\/?s={search_term_string}\"},\"query-input\":\"required name=search_term_string\"}],\"inLanguage\":\"pt-BR\"},{\"@type\":\"Organization\",\"@id\":\"https:\/\/www.ivanabeaumond.com.br\/vestidos-noiva\/#organization\",\"name\":\"Vestido de Noiva RJ\",\"url\":\"https:\/\/www.ivanabeaumond.com.br\/vestidos-noiva\/\",\"logo\":{\"@type\":\"ImageObject\",\"inLanguage\":\"pt-BR\",\"@id\":\"https:\/\/www.ivanabeaumond.com.br\/vestidos-noiva\/#\/schema\/logo\/image\/\",\"url\":\"https:\/\/www.ivanabeaumond.com.br\/vestidos-noiva\/wp-content\/uploads\/2018\/02\/logo_ivana_beaumond-2.png\",\"contentUrl\":\"https:\/\/www.ivanabeaumond.com.br\/vestidos-noiva\/wp-content\/uploads\/2018\/02\/logo_ivana_beaumond-2.png\",\"width\":230,\"height\":112,\"caption\":\"Vestido de Noiva RJ\"},\"image\":{\"@id\":\"https:\/\/www.ivanabeaumond.com.br\/vestidos-noiva\/#\/schema\/logo\/image\/\"},\"sameAs\":[\"https:\/\/www.facebook.com\/ivana.beaumondnoivas\",\"https:\/\/www.instagram.com\/ivanabeaumond\/\",\"https:\/\/www.tiktok.com\/@ivanabeaumond\"]},{\"@type\":\"Person\",\"@id\":\"https:\/\/www.ivanabeaumond.com.br\/vestidos-noiva\/#\/schema\/person\/1a360c4cffa3b806d29a456389dcff26\",\"name\":\"Ivana Beaumond Paris\",\"image\":{\"@type\":\"ImageObject\",\"inLanguage\":\"pt-BR\",\"@id\":\"https:\/\/www.ivanabeaumond.com.br\/vestidos-noiva\/#\/schema\/person\/image\/\",\"url\":\"https:\/\/secure.gravatar.com\/avatar\/641f98db20b53ec937ceb641db4270b9?s=96&d=mm&r=g\",\"contentUrl\":\"https:\/\/secure.gravatar.com\/avatar\/641f98db20b53ec937ceb641db4270b9?s=96&d=mm&r=g\",\"caption\":\"Ivana Beaumond Paris\"},\"url\":\"https:\/\/www.ivanabeaumond.com.br\/vestidos-noiva\/author\/ivana\/\"}]}<\/script>\n<!-- \/ Yoast SEO plugin. -->","yoast_head_json":{"title":"Festa P\u00f3s Quarentena - Vestido de Noiva RJ","robots":{"index":"index","follow":"follow","max-snippet":"max-snippet:-1","max-image-preview":"max-image-preview:large","max-video-preview":"max-video-preview:-1"},"canonical":"https:\/\/www.ivanabeaumond.com.br\/vestidos-noiva\/festa-pos-quarentena\/","og_locale":"pt_BR","og_type":"article","og_title":"Festa P\u00f3s Quarentena - Vestido de Noiva RJ","og_description":"COMO SER\u00c3O NOS PR\u00d3XIMOS MESES? &nbsp; A vida n\u00e3o est\u00e1...","og_url":"https:\/\/www.ivanabeaumond.com.br\/vestidos-noiva\/festa-pos-quarentena\/","og_site_name":"Vestido de Noiva RJ","article_publisher":"https:\/\/www.facebook.com\/ivana.beaumondnoivas","article_published_time":"2020-05-10T18:32:17+00:00","article_modified_time":"2020-05-15T15:11:46+00:00","og_image":[{"width":600,"height":415,"url":"https:\/\/www.ivanabeaumond.com.br\/vestidos-noiva\/wp-content\/uploads\/2020\/05\/CAPA-VIRUS-COVID-19-BLOG-IVANA-BEAUMOND.jpg","type":"image\/jpeg"}],"author":"Ivana Beaumond Paris","twitter_card":"summary_large_image","twitter_misc":{"Escrito por":"Ivana Beaumond Paris","Est. tempo de leitura":"3 minutos"},"schema":{"@context":"https:\/\/schema.org","@graph":[{"@type":"Article","@id":"https:\/\/www.ivanabeaumond.com.br\/vestidos-noiva\/festa-pos-quarentena\/#article","isPartOf":{"@id":"https:\/\/www.ivanabeaumond.com.br\/vestidos-noiva\/festa-pos-quarentena\/"},"author":{"name":"Ivana Beaumond Paris","@id":"https:\/\/www.ivanabeaumond.com.br\/vestidos-noiva\/#\/schema\/person\/1a360c4cffa3b806d29a456389dcff26"},"headline":"Festa P\u00f3s Quarentena","datePublished":"2020-05-10T18:32:17+00:00","dateModified":"2020-05-15T15:11:46+00:00","mainEntityOfPage":{"@id":"https:\/\/www.ivanabeaumond.com.br\/vestidos-noiva\/festa-pos-quarentena\/"},"wordCount":701,"publisher":{"@id":"https:\/\/www.ivanabeaumond.com.br\/vestidos-noiva\/#organization"},"keywords":["alugar vestido de noiva","alugar vestido de noiva rj","aluguel de vestido","aluguel de vestido de noiva rj","ateli\u00ea de noivas","atelier de noivas rj","atelier ivana beaumond","atelier ivana beaumond paris","blog de casamento","blog de noiva","blogueira de noiva","casamento","casamento ao ar livre","casamento ao ar livre casamento na praia","casamento ao entardecer","casamento ao livre","casamento brasileiro","casamento criativo","casamento de dia","casamento luxuoso","casamento no jardim","casamento rio de janeiro","cerimonial de casamento","covid-19","dicas ivana","festa","luxo","n\u00e3o cancele","p\u00f3s coronavirus","vai passar","vestidos de gala","v\u00edrus"],"articleSection":["Blog","Dicas e Truques"],"inLanguage":"pt-BR"},{"@type":"WebPage","@id":"https:\/\/www.ivanabeaumond.com.br\/vestidos-noiva\/festa-pos-quarentena\/","url":"https:\/\/www.ivanabeaumond.com.br\/vestidos-noiva\/festa-pos-quarentena\/","name":"Festa P\u00f3s Quarentena - Vestido de Noiva RJ","isPartOf":{"@id":"https:\/\/www.ivanabeaumond.com.br\/vestidos-noiva\/#website"},"datePublished":"2020-05-10T18:32:17+00:00","dateModified":"2020-05-15T15:11:46+00:00","breadcrumb":{"@id":"https:\/\/www.ivanabeaumond.com.br\/vestidos-noiva\/festa-pos-quarentena\/#breadcrumb"},"inLanguage":"pt-BR","potentialAction":[{"@type":"ReadAction","target":["https:\/\/www.ivanabeaumond.com.br\/vestidos-noiva\/festa-pos-quarentena\/"]}]},{"@type":"BreadcrumbList","@id":"https:\/\/www.ivanabeaumond.com.br\/vestidos-noiva\/festa-pos-quarentena\/#breadcrumb","itemListElement":[{"@type":"ListItem","position":1,"name":"In\u00edcio","item":"https:\/\/www.ivanabeaumond.com.br\/vestidos-noiva\/"},{"@type":"ListItem","position":2,"name":"Festa P\u00f3s Quarentena"}]},{"@type":"WebSite","@id":"https:\/\/www.ivanabeaumond.com.br\/vestidos-noiva\/#website","url":"https:\/\/www.ivanabeaumond.com.br\/vestidos-noiva\/","name":"Vestido de Noiva RJ","description":"Moda Noiva","publisher":{"@id":"https:\/\/www.ivanabeaumond.com.br\/vestidos-noiva\/#organization"},"potentialAction":[{"@type":"SearchAction","target":{"@type":"EntryPoint","urlTemplate":"https:\/\/www.ivanabeaumond.com.br\/vestidos-noiva\/?s={search_term_string}"},"query-input":"required name=search_term_string"}],"inLanguage":"pt-BR"},{"@type":"Organization","@id":"https:\/\/www.ivanabeaumond.com.br\/vestidos-noiva\/#organization","name":"Vestido de Noiva RJ","url":"https:\/\/www.ivanabeaumond.com.br\/vestidos-noiva\/","logo":{"@type":"ImageObject","inLanguage":"pt-BR","@id":"https:\/\/www.ivanabeaumond.com.br\/vestidos-noiva\/#\/schema\/logo\/image\/","url":"https:\/\/www.ivanabeaumond.com.br\/vestidos-noiva\/wp-content\/uploads\/2018\/02\/logo_ivana_beaumond-2.png","contentUrl":"https:\/\/www.ivanabeaumond.com.br\/vestidos-noiva\/wp-content\/uploads\/2018\/02\/logo_ivana_beaumond-2.png","width":230,"height":112,"caption":"Vestido de Noiva RJ"},"image":{"@id":"https:\/\/www.ivanabeaumond.com.br\/vestidos-noiva\/#\/schema\/logo\/image\/"},"sameAs":["https:\/\/www.facebook.com\/ivana.beaumondnoivas","https:\/\/www.instagram.com\/ivanabeaumond\/","https:\/\/www.tiktok.com\/@ivanabeaumond"]},{"@type":"Person","@id":"https:\/\/www.ivanabeaumond.com.br\/vestidos-noiva\/#\/schema\/person\/1a360c4cffa3b806d29a456389dcff26","name":"Ivana Beaumond Paris","image":{"@type":"ImageObject","inLanguage":"pt-BR","@id":"https:\/\/www.ivanabeaumond.com.br\/vestidos-noiva\/#\/schema\/person\/image\/","url":"https:\/\/secure.gravatar.com\/avatar\/641f98db20b53ec937ceb641db4270b9?s=96&d=mm&r=g","contentUrl":"https:\/\/secure.gravatar.com\/avatar\/641f98db20b53ec937ceb641db4270b9?s=96&d=mm&r=g","caption":"Ivana Beaumond Paris"},"url":"https:\/\/www.ivanabeaumond.com.br\/vestidos-noiva\/author\/ivana\/"}]}},"_links":{"self":[{"href":"https:\/\/www.ivanabeaumond.com.br\/vestidos-noiva\/wp-json\/wp\/v2\/posts\/24328"}],"collection":[{"href":"https:\/\/www.ivanabeaumond.com.br\/vestidos-noiva\/wp-json\/wp\/v2\/posts"}],"about":[{"href":"https:\/\/www.ivanabeaumond.com.br\/vestidos-noiva\/wp-json\/wp\/v2\/types\/post"}],"author":[{"embeddable":true,"href":"https:\/\/www.ivanabeaumond.com.br\/vestidos-noiva\/wp-json\/wp\/v2\/users\/4"}],"replies":[{"embeddable":true,"href":"https:\/\/www.ivanabeaumond.com.br\/vestidos-noiva\/wp-json\/wp\/v2\/comments?post=24328"}],"version-history":[{"count":18,"href":"https:\/\/www.ivanabeaumond.com.br\/vestidos-noiva\/wp-json\/wp\/v2\/posts\/24328\/revisions"}],"predecessor-version":[{"id":24469,"href":"https:\/\/www.ivanabeaumond.com.br\/vestidos-noiva\/wp-json\/wp\/v2\/posts\/24328\/revisions\/24469"}],"wp:featuredmedia":[{"embeddable":true,"href":"https:\/\/www.ivanabeaumond.com.br\/vestidos-noiva\/wp-json\/wp\/v2\/media\/24354"}],"wp:attachment":[{"href":"https:\/\/www.ivanabeaumond.com.br\/vestidos-noiva\/wp-json\/wp\/v2\/media?parent=24328"}],"wp:term":[{"taxonomy":"category","embeddable":true,"href":"https:\/\/www.ivanabeaumond.com.br\/vestidos-noiva\/wp-json\/wp\/v2\/categories?post=24328"},{"taxonomy":"post_tag","embeddable":true,"href":"https:\/\/www.ivanabeaumond.com.br\/vestidos-noiva\/wp-json\/wp\/v2\/tags?post=24328"}],"curies":[{"name":"wp","href":"https:\/\/api.w.org\/{rel}","templated":true}]}}