{"id":24411,"date":"2020-05-31T14:10:39","date_gmt":"2020-05-31T17:10:39","guid":{"rendered":"https:\/\/www.ivanabeaumond.com.br\/vestidos-noiva\/?p=24411"},"modified":"2020-05-31T14:12:24","modified_gmt":"2020-05-31T17:12:24","slug":"madrinha-de-casamento","status":"publish","type":"post","link":"https:\/\/www.ivanabeaumond.com.br\/vestidos-noiva\/madrinha-de-casamento\/","title":{"rendered":"Madrinha de Casamento"},"content":{"rendered":"<h4 style=\"text-align: justify;\"><em><strong>A NOIVA DEVE ESCOLHER O VESTIDO?<\/strong><\/em><\/h4>\n<h5 style=\"text-align: justify;\"><span style=\"color: #999999;\">Algumas noivas ficam felizes com a possibilidade de escolherem e padronizarem todas as amigas e familiares que ir\u00e3o participar da cerim\u00f4nia. Ainda assim, \u00e9 muito importante que essas mulheres gostem dos vestidos que v\u00e3o utilizar e se sintam confort\u00e1veis neles, sejam quais forem.<\/span><\/h5>\n<h5 style=\"text-align: justify;\"><span style=\"color: #999999; text-align: justify;\"><a href=\"https:\/\/www.ivanabeaumond.com.br\/vestidos-noiva\/wp-content\/uploads\/2020\/05\/MADRINHA-IVANA-BEAUMOND.jpg\"><img decoding=\"async\" loading=\"lazy\" class=\"aligncenter size-full wp-image-24416\" src=\"https:\/\/www.ivanabeaumond.com.br\/vestidos-noiva\/wp-content\/uploads\/2020\/05\/MADRINHA-IVANA-BEAUMOND.jpg\" alt=\"MADRINHAS IVANA BEAUMOND\" width=\"800\" height=\"533\" \/><\/a>Como se sabe, n\u00e3o existe uma etiqueta real sobre o quanto voc\u00ea deve envolver suas madrinhas na escolha dos vestidos. Contudo, \u00e9 importante ter em mente que quanto maior for esta participa\u00e7\u00e3o, melhor.<\/span><\/h5>\n<p>&nbsp;<\/p>\n<h5 style=\"text-align: justify;\"><span style=\"color: #999999;\">Por isso, voc\u00ea pode reuni-las, especialmente se todas se conhecerem bem, e tentar selecionar um estilo e um tom que seja de acordo para todas as participantes. Ademais, \u00e9 interessante conversar com cada uma separadamente, para conhecer suas prefer\u00eancias e entender a personalidade das madrinhas.<\/span><\/h5>\n<p>&nbsp;<\/p>\n<h5 style=\"text-align: justify;\"><span style=\"color: #999999;\">Sendo assim, fique atento a algumas dicas que n\u00f3s, da Ivana Beaumond, vamos oferecer e comece j\u00e1 a organizar essa escolha com sabedoria:<\/span><\/h5>\n<p>&nbsp;<\/p>\n<h4 style=\"text-align: justify;\"><em><strong>N\u00c3O PRECISA BRIGAR<\/strong><\/em><\/h4>\n<h5 style=\"text-align: justify;\"><span style=\"color: #999999;\"><strong>Gerenciar suas madrinhas de casamento n\u00e3o \u00e9 uma tarefa f\u00e1cil &#8211; e \u00e9 praticamente inevit\u00e1vel que surjam problemas. Por essa raz\u00e3o, \u00e9 importante manter a etiqueta antes de tudo come\u00e7ar, para que voc\u00ea possa passar por cima de todo o caos que venha a ocorrer.<\/strong><\/span><\/h5>\n<p><a href=\"https:\/\/www.ivanabeaumond.com.br\/vestidos-noiva\/wp-content\/uploads\/2020\/05\/MADRINHA-IVANA-BEAUMOND-3.jpg\"><img decoding=\"async\" loading=\"lazy\" class=\"aligncenter size-full wp-image-24417\" src=\"https:\/\/www.ivanabeaumond.com.br\/vestidos-noiva\/wp-content\/uploads\/2020\/05\/MADRINHA-IVANA-BEAUMOND-3.jpg\" alt=\"MADRINHAS IVANA BEAUMOND\" width=\"800\" height=\"533\" srcset=\"https:\/\/www.ivanabeaumond.com.br\/vestidos-noiva\/wp-content\/uploads\/2020\/05\/MADRINHA-IVANA-BEAUMOND-3.jpg 800w, https:\/\/www.ivanabeaumond.com.br\/vestidos-noiva\/wp-content\/uploads\/2020\/05\/MADRINHA-IVANA-BEAUMOND-3-300x200.jpg 300w, https:\/\/www.ivanabeaumond.com.br\/vestidos-noiva\/wp-content\/uploads\/2020\/05\/MADRINHA-IVANA-BEAUMOND-3-480x320.jpg 480w\" sizes=\"(max-width: 800px) 100vw, 800px\" \/><\/a><\/p>\n<h5 style=\"text-align: justify;\"><span style=\"color: #999999;\">Lembre-se da import\u00e2ncia de entrar em um consenso. Escolha uma cor que combine com o seu vestido e tamb\u00e9m com o tema do casamento, e deixe que as madrinhas escolham entre os modelos poss\u00edveis. N\u00e3o tem necessidade de brigar ou discutir!<\/span><\/h5>\n<p>&nbsp;<\/p>\n<h5 style=\"text-align: justify;\"><span style=\"color: #999999;\">Planejar uma festa de casamento e cuidar de todo o resto j\u00e1 \u00e9 bem estressante. Ent\u00e3o, fa\u00e7a com que isso seja o mais leve poss\u00edvel, tanto para voc\u00ea quanto para suas amigas e familiares que far\u00e3o parte deste momento t\u00e3o especial.<\/span><\/h5>\n<p>&nbsp;<\/p>\n<h4 style=\"text-align: justify;\"><em><strong>SE DIVIRTA!<\/strong><\/em><\/h4>\n<h4 style=\"text-align: justify;\"><\/h4>\n<h5 style=\"text-align: justify;\"><span style=\"color: #999999;\">Por mais estressante que seja querer que tudo esteja perfeito no dia do seu casamento, \u00e9 importante aproveitar os momentos de distra\u00e7\u00e3o com as madrinhas e a escolha do vestido pode ser um deles.<\/span><\/h5>\n<h5><\/h5>\n<h5 style=\"text-align: justify;\"><span style=\"color: #999999;\">Aproveite esta oportunidade, considerando-a um tempo para voc\u00ea conversar e rir, mexer com cores e explorar diversos modelos. Fazer isso com as mulheres que voc\u00ea escolheu para serem suas madrinhas \u00e9 o diferencial para o dia ser mais descontra\u00eddo, al\u00e9m de refor\u00e7ar os la\u00e7os de amizade.<\/span><\/h5>\n<p>&nbsp;<\/p>\n<h4><em><strong>OU\u00c7A SUAS MADRINHAS<\/strong><\/em><\/h4>\n<h4><\/h4>\n<h5 style=\"text-align: justify;\"><span style=\"color: #999999;\">Como dito antes, n\u00e3o existe uma regra sobre o quanto uma noiva deve envolver suas madrinhas na escolha de vestidos. No entanto, o m\u00e1ximo que voc\u00eas puderem trocar de informa\u00e7\u00f5es \u00e9 melhor para todas as envolvidas.<\/span><\/h5>\n<p><a href=\"https:\/\/www.ivanabeaumond.com.br\/vestidos-noiva\/wp-content\/uploads\/2020\/05\/MADRINHA-IVANA-BEAUMOND-2.jpg\"><img decoding=\"async\" loading=\"lazy\" class=\"aligncenter size-full wp-image-24418\" src=\"https:\/\/www.ivanabeaumond.com.br\/vestidos-noiva\/wp-content\/uploads\/2020\/05\/MADRINHA-IVANA-BEAUMOND-2.jpg\" alt=\"MADRINHAS IVANA BEAUMOND\" width=\"800\" height=\"533\" srcset=\"https:\/\/www.ivanabeaumond.com.br\/vestidos-noiva\/wp-content\/uploads\/2020\/05\/MADRINHA-IVANA-BEAUMOND-2.jpg 800w, https:\/\/www.ivanabeaumond.com.br\/vestidos-noiva\/wp-content\/uploads\/2020\/05\/MADRINHA-IVANA-BEAUMOND-2-300x200.jpg 300w, https:\/\/www.ivanabeaumond.com.br\/vestidos-noiva\/wp-content\/uploads\/2020\/05\/MADRINHA-IVANA-BEAUMOND-2-480x320.jpg 480w\" sizes=\"(max-width: 800px) 100vw, 800px\" \/><\/a><\/p>\n<h5 style=\"text-align: justify;\"><span style=\"color: #999999;\">\u00c9 importante que suas madrinhas gostem dos vestidos e se sintam confort\u00e1veis ao utiliz\u00e1-los, em especial porque cada uma possui um tipo de corpo diferente. Por esse motivo, ouvir umas \u00e0s outras \u00e9 o melhor caminho e far\u00e1 com que cada participante esteja satisfeita no grande dia.<\/span><\/h5>\n<p>&nbsp;<\/p>\n<h4><em><strong>AINDA EM D\u00daVIDA SOBRE O VESTIDO DAS MADRINHAS?<\/strong><\/em><\/h4>\n<h5 style=\"text-align: justify;\"><span style=\"color: #999999;\">Escolher um modelo \u00e9 muito dif\u00edcil. Afinal, ele precisa ser elegante, combinar com o tema do casamento, agradar \u00e0 noiva e tamb\u00e9m ser confort\u00e1vel no corpo. Por isso, \u00e9 preciso procurar uma loja que ofere\u00e7a tudo isso e, ainda assim, um bom pre\u00e7o.<\/span><\/h5>\n<h5><\/h5>\n<h5 style=\"text-align: justify;\"><span style=\"color: #999999;\">Pensando exclusivamente em nossos clientes, a Ivana Beaumond oferece tudo isso e, ainda, um atendimento de qualidade. N\u00e3o deixe de acessar nosso site ou nos ligar para saber mais sobre todos os modelos dispon\u00edveis.<\/span><\/h5>\n<p>&nbsp;<\/p>\n<h5 style=\"text-align: justify;\"><span style=\"color: #999999;\">Confie na gente para transformar sonhos em realidade. Podemos te surpreender!<\/span><\/h5>\n<p>&nbsp;<\/p>\n<p>&nbsp;<\/p>\n<h5 style=\"text-align: justify;\"><span style=\"color: #000000;\">Gostou? Siga nosso instagram<\/span>\u00a0<span style=\"color: #0000ff;\"><a style=\"color: #0000ff;\" href=\"https:\/\/www.instagram.com\/ivanabeaumond\/\">@ivanabeaumond<\/a><\/span><span style=\"color: #000000;\"><span style=\"color: #333399;\">\u00a0<\/span>e curta nossa<\/span>\u00a0<span style=\"color: #0000ff;\"><a style=\"color: #0000ff;\" href=\"https:\/\/www.facebook.com\/IvanaBeaumond\/\" target=\"_blank\">fanpage<\/a><\/span><span style=\"color: #999999;\">\u00a0\u00a0<span style=\"color: #000000;\">no Facebook para ficar por dentro de tudo o que rola no mundo das noivas, e conhe\u00e7a nossos Melhores Modelos de Vestidos de Noivas Nacionais, Importados e Sob Medida.<\/span><\/span><\/h5>\n","protected":false},"excerpt":{"rendered":"<p>A NOIVA DEVE ESCOLHER O VESTIDO? Algumas noivas ficam felizes&#8230;<\/p>\n","protected":false},"author":4,"featured_media":24416,"comment_status":"closed","ping_status":"closed","sticky":false,"template":"","format":"standard","meta":[],"categories":[60,127],"tags":[104,1087,824,660,650,444,935,96,196,1193,1204,434,615,691,1061,914,103,164,840,838,839,813,851,119,598],"yoast_head":"<!-- This site is optimized with the Yoast SEO plugin v20.3 - https:\/\/yoast.com\/wordpress\/plugins\/seo\/ -->\n<title>Madrinha de Casamento - Vestido de Noiva RJ<\/title>\n<meta name=\"robots\" content=\"index, follow, max-snippet:-1, max-image-preview:large, max-video-preview:-1\" \/>\n<link rel=\"canonical\" href=\"https:\/\/www.ivanabeaumond.com.br\/vestidos-noiva\/madrinha-de-casamento\/\" \/>\n<meta property=\"og:locale\" content=\"pt_BR\" \/>\n<meta property=\"og:type\" content=\"article\" \/>\n<meta property=\"og:title\" content=\"Madrinha de Casamento - Vestido de Noiva RJ\" \/>\n<meta property=\"og:description\" content=\"A NOIVA DEVE ESCOLHER O VESTIDO? Algumas noivas ficam felizes...\" \/>\n<meta property=\"og:url\" content=\"https:\/\/www.ivanabeaumond.com.br\/vestidos-noiva\/madrinha-de-casamento\/\" \/>\n<meta property=\"og:site_name\" content=\"Vestido de Noiva RJ\" \/>\n<meta property=\"article:publisher\" content=\"https:\/\/www.facebook.com\/ivana.beaumondnoivas\" \/>\n<meta property=\"article:published_time\" content=\"2020-05-31T17:10:39+00:00\" \/>\n<meta property=\"article:modified_time\" content=\"2020-05-31T17:12:24+00:00\" \/>\n<meta property=\"og:image\" content=\"https:\/\/www.ivanabeaumond.com.br\/vestidos-noiva\/wp-content\/uploads\/2020\/05\/MADRINHA-IVANA-BEAUMOND-e1590944793765.jpg\" \/>\n\t<meta property=\"og:image:width\" content=\"600\" \/>\n\t<meta property=\"og:image:height\" content=\"400\" \/>\n\t<meta property=\"og:image:type\" content=\"image\/jpeg\" \/>\n<meta name=\"author\" content=\"Ivana Beaumond Paris\" \/>\n<meta name=\"twitter:card\" content=\"summary_large_image\" \/>\n<meta name=\"twitter:label1\" content=\"Escrito por\" \/>\n\t<meta name=\"twitter:data1\" content=\"Ivana Beaumond Paris\" \/>\n\t<meta name=\"twitter:label2\" content=\"Est. tempo de leitura\" \/>\n\t<meta name=\"twitter:data2\" content=\"3 minutos\" \/>\n<script type=\"application\/ld+json\" class=\"yoast-schema-graph\">{\"@context\":\"https:\/\/schema.org\",\"@graph\":[{\"@type\":\"Article\",\"@id\":\"https:\/\/www.ivanabeaumond.com.br\/vestidos-noiva\/madrinha-de-casamento\/#article\",\"isPartOf\":{\"@id\":\"https:\/\/www.ivanabeaumond.com.br\/vestidos-noiva\/madrinha-de-casamento\/\"},\"author\":{\"name\":\"Ivana Beaumond Paris\",\"@id\":\"https:\/\/www.ivanabeaumond.com.br\/vestidos-noiva\/#\/schema\/person\/1a360c4cffa3b806d29a456389dcff26\"},\"headline\":\"Madrinha de Casamento\",\"datePublished\":\"2020-05-31T17:10:39+00:00\",\"dateModified\":\"2020-05-31T17:12:24+00:00\",\"mainEntityOfPage\":{\"@id\":\"https:\/\/www.ivanabeaumond.com.br\/vestidos-noiva\/madrinha-de-casamento\/\"},\"wordCount\":624,\"publisher\":{\"@id\":\"https:\/\/www.ivanabeaumond.com.br\/vestidos-noiva\/#organization\"},\"keywords\":[\"aluguel de roupa\",\"aluguel de roupa de festa rj\",\"aluguel de vestidos\",\"atelier de noivas\",\"atelier ivana beaumond\",\"blog de casamento\",\"casa de festas\",\"casamento\",\"Casando\",\"cerimonial de casamento\",\"cerimonialista de casamento\",\"dicas\",\"dicas de beleza\",\"dicas de camsamento\",\"dicas de moda\",\"estilista ivana beaumond\",\"madrinhas\",\"noivas\",\"vestido de festa rj\",\"vestidos de festa\",\"vestidos de gala\",\"vestidos de noiva rj\",\"vestidos para alugar\",\"vestidosdefestas\",\"vou casar\"],\"articleSection\":[\"Blog\",\"Dicas e Truques\"],\"inLanguage\":\"pt-BR\"},{\"@type\":\"WebPage\",\"@id\":\"https:\/\/www.ivanabeaumond.com.br\/vestidos-noiva\/madrinha-de-casamento\/\",\"url\":\"https:\/\/www.ivanabeaumond.com.br\/vestidos-noiva\/madrinha-de-casamento\/\",\"name\":\"Madrinha de Casamento - Vestido de Noiva RJ\",\"isPartOf\":{\"@id\":\"https:\/\/www.ivanabeaumond.com.br\/vestidos-noiva\/#website\"},\"datePublished\":\"2020-05-31T17:10:39+00:00\",\"dateModified\":\"2020-05-31T17:12:24+00:00\",\"breadcrumb\":{\"@id\":\"https:\/\/www.ivanabeaumond.com.br\/vestidos-noiva\/madrinha-de-casamento\/#breadcrumb\"},\"inLanguage\":\"pt-BR\",\"potentialAction\":[{\"@type\":\"ReadAction\",\"target\":[\"https:\/\/www.ivanabeaumond.com.br\/vestidos-noiva\/madrinha-de-casamento\/\"]}]},{\"@type\":\"BreadcrumbList\",\"@id\":\"https:\/\/www.ivanabeaumond.com.br\/vestidos-noiva\/madrinha-de-casamento\/#breadcrumb\",\"itemListElement\":[{\"@type\":\"ListItem\",\"position\":1,\"name\":\"In\u00edcio\",\"item\":\"https:\/\/www.ivanabeaumond.com.br\/vestidos-noiva\/\"},{\"@type\":\"ListItem\",\"position\":2,\"name\":\"Madrinha de Casamento\"}]},{\"@type\":\"WebSite\",\"@id\":\"https:\/\/www.ivanabeaumond.com.br\/vestidos-noiva\/#website\",\"url\":\"https:\/\/www.ivanabeaumond.com.br\/vestidos-noiva\/\",\"name\":\"Vestido de Noiva RJ\",\"description\":\"Moda Noiva\",\"publisher\":{\"@id\":\"https:\/\/www.ivanabeaumond.com.br\/vestidos-noiva\/#organization\"},\"potentialAction\":[{\"@type\":\"SearchAction\",\"target\":{\"@type\":\"EntryPoint\",\"urlTemplate\":\"https:\/\/www.ivanabeaumond.com.br\/vestidos-noiva\/?s={search_term_string}\"},\"query-input\":\"required name=search_term_string\"}],\"inLanguage\":\"pt-BR\"},{\"@type\":\"Organization\",\"@id\":\"https:\/\/www.ivanabeaumond.com.br\/vestidos-noiva\/#organization\",\"name\":\"Vestido de Noiva RJ\",\"url\":\"https:\/\/www.ivanabeaumond.com.br\/vestidos-noiva\/\",\"logo\":{\"@type\":\"ImageObject\",\"inLanguage\":\"pt-BR\",\"@id\":\"https:\/\/www.ivanabeaumond.com.br\/vestidos-noiva\/#\/schema\/logo\/image\/\",\"url\":\"https:\/\/www.ivanabeaumond.com.br\/vestidos-noiva\/wp-content\/uploads\/2018\/02\/logo_ivana_beaumond-2.png\",\"contentUrl\":\"https:\/\/www.ivanabeaumond.com.br\/vestidos-noiva\/wp-content\/uploads\/2018\/02\/logo_ivana_beaumond-2.png\",\"width\":230,\"height\":112,\"caption\":\"Vestido de Noiva RJ\"},\"image\":{\"@id\":\"https:\/\/www.ivanabeaumond.com.br\/vestidos-noiva\/#\/schema\/logo\/image\/\"},\"sameAs\":[\"https:\/\/www.facebook.com\/ivana.beaumondnoivas\",\"https:\/\/www.instagram.com\/ivanabeaumond\/\",\"https:\/\/www.tiktok.com\/@ivanabeaumond\"]},{\"@type\":\"Person\",\"@id\":\"https:\/\/www.ivanabeaumond.com.br\/vestidos-noiva\/#\/schema\/person\/1a360c4cffa3b806d29a456389dcff26\",\"name\":\"Ivana Beaumond Paris\",\"image\":{\"@type\":\"ImageObject\",\"inLanguage\":\"pt-BR\",\"@id\":\"https:\/\/www.ivanabeaumond.com.br\/vestidos-noiva\/#\/schema\/person\/image\/\",\"url\":\"https:\/\/secure.gravatar.com\/avatar\/641f98db20b53ec937ceb641db4270b9?s=96&d=mm&r=g\",\"contentUrl\":\"https:\/\/secure.gravatar.com\/avatar\/641f98db20b53ec937ceb641db4270b9?s=96&d=mm&r=g\",\"caption\":\"Ivana Beaumond Paris\"},\"url\":\"https:\/\/www.ivanabeaumond.com.br\/vestidos-noiva\/author\/ivana\/\"}]}<\/script>\n<!-- \/ Yoast SEO plugin. -->","yoast_head_json":{"title":"Madrinha de Casamento - Vestido de Noiva RJ","robots":{"index":"index","follow":"follow","max-snippet":"max-snippet:-1","max-image-preview":"max-image-preview:large","max-video-preview":"max-video-preview:-1"},"canonical":"https:\/\/www.ivanabeaumond.com.br\/vestidos-noiva\/madrinha-de-casamento\/","og_locale":"pt_BR","og_type":"article","og_title":"Madrinha de Casamento - Vestido de Noiva RJ","og_description":"A NOIVA DEVE ESCOLHER O VESTIDO? Algumas noivas ficam felizes...","og_url":"https:\/\/www.ivanabeaumond.com.br\/vestidos-noiva\/madrinha-de-casamento\/","og_site_name":"Vestido de Noiva RJ","article_publisher":"https:\/\/www.facebook.com\/ivana.beaumondnoivas","article_published_time":"2020-05-31T17:10:39+00:00","article_modified_time":"2020-05-31T17:12:24+00:00","og_image":[{"width":600,"height":400,"url":"https:\/\/www.ivanabeaumond.com.br\/vestidos-noiva\/wp-content\/uploads\/2020\/05\/MADRINHA-IVANA-BEAUMOND-e1590944793765.jpg","type":"image\/jpeg"}],"author":"Ivana Beaumond Paris","twitter_card":"summary_large_image","twitter_misc":{"Escrito por":"Ivana Beaumond Paris","Est. tempo de leitura":"3 minutos"},"schema":{"@context":"https:\/\/schema.org","@graph":[{"@type":"Article","@id":"https:\/\/www.ivanabeaumond.com.br\/vestidos-noiva\/madrinha-de-casamento\/#article","isPartOf":{"@id":"https:\/\/www.ivanabeaumond.com.br\/vestidos-noiva\/madrinha-de-casamento\/"},"author":{"name":"Ivana Beaumond Paris","@id":"https:\/\/www.ivanabeaumond.com.br\/vestidos-noiva\/#\/schema\/person\/1a360c4cffa3b806d29a456389dcff26"},"headline":"Madrinha de Casamento","datePublished":"2020-05-31T17:10:39+00:00","dateModified":"2020-05-31T17:12:24+00:00","mainEntityOfPage":{"@id":"https:\/\/www.ivanabeaumond.com.br\/vestidos-noiva\/madrinha-de-casamento\/"},"wordCount":624,"publisher":{"@id":"https:\/\/www.ivanabeaumond.com.br\/vestidos-noiva\/#organization"},"keywords":["aluguel de roupa","aluguel de roupa de festa rj","aluguel de vestidos","atelier de noivas","atelier ivana beaumond","blog de casamento","casa de festas","casamento","Casando","cerimonial de casamento","cerimonialista de casamento","dicas","dicas de beleza","dicas de camsamento","dicas de moda","estilista ivana beaumond","madrinhas","noivas","vestido de festa rj","vestidos de festa","vestidos de gala","vestidos de noiva rj","vestidos para alugar","vestidosdefestas","vou casar"],"articleSection":["Blog","Dicas e Truques"],"inLanguage":"pt-BR"},{"@type":"WebPage","@id":"https:\/\/www.ivanabeaumond.com.br\/vestidos-noiva\/madrinha-de-casamento\/","url":"https:\/\/www.ivanabeaumond.com.br\/vestidos-noiva\/madrinha-de-casamento\/","name":"Madrinha de Casamento - Vestido de Noiva RJ","isPartOf":{"@id":"https:\/\/www.ivanabeaumond.com.br\/vestidos-noiva\/#website"},"datePublished":"2020-05-31T17:10:39+00:00","dateModified":"2020-05-31T17:12:24+00:00","breadcrumb":{"@id":"https:\/\/www.ivanabeaumond.com.br\/vestidos-noiva\/madrinha-de-casamento\/#breadcrumb"},"inLanguage":"pt-BR","potentialAction":[{"@type":"ReadAction","target":["https:\/\/www.ivanabeaumond.com.br\/vestidos-noiva\/madrinha-de-casamento\/"]}]},{"@type":"BreadcrumbList","@id":"https:\/\/www.ivanabeaumond.com.br\/vestidos-noiva\/madrinha-de-casamento\/#breadcrumb","itemListElement":[{"@type":"ListItem","position":1,"name":"In\u00edcio","item":"https:\/\/www.ivanabeaumond.com.br\/vestidos-noiva\/"},{"@type":"ListItem","position":2,"name":"Madrinha de Casamento"}]},{"@type":"WebSite","@id":"https:\/\/www.ivanabeaumond.com.br\/vestidos-noiva\/#website","url":"https:\/\/www.ivanabeaumond.com.br\/vestidos-noiva\/","name":"Vestido de Noiva RJ","description":"Moda Noiva","publisher":{"@id":"https:\/\/www.ivanabeaumond.com.br\/vestidos-noiva\/#organization"},"potentialAction":[{"@type":"SearchAction","target":{"@type":"EntryPoint","urlTemplate":"https:\/\/www.ivanabeaumond.com.br\/vestidos-noiva\/?s={search_term_string}"},"query-input":"required name=search_term_string"}],"inLanguage":"pt-BR"},{"@type":"Organization","@id":"https:\/\/www.ivanabeaumond.com.br\/vestidos-noiva\/#organization","name":"Vestido de Noiva RJ","url":"https:\/\/www.ivanabeaumond.com.br\/vestidos-noiva\/","logo":{"@type":"ImageObject","inLanguage":"pt-BR","@id":"https:\/\/www.ivanabeaumond.com.br\/vestidos-noiva\/#\/schema\/logo\/image\/","url":"https:\/\/www.ivanabeaumond.com.br\/vestidos-noiva\/wp-content\/uploads\/2018\/02\/logo_ivana_beaumond-2.png","contentUrl":"https:\/\/www.ivanabeaumond.com.br\/vestidos-noiva\/wp-content\/uploads\/2018\/02\/logo_ivana_beaumond-2.png","width":230,"height":112,"caption":"Vestido de Noiva RJ"},"image":{"@id":"https:\/\/www.ivanabeaumond.com.br\/vestidos-noiva\/#\/schema\/logo\/image\/"},"sameAs":["https:\/\/www.facebook.com\/ivana.beaumondnoivas","https:\/\/www.instagram.com\/ivanabeaumond\/","https:\/\/www.tiktok.com\/@ivanabeaumond"]},{"@type":"Person","@id":"https:\/\/www.ivanabeaumond.com.br\/vestidos-noiva\/#\/schema\/person\/1a360c4cffa3b806d29a456389dcff26","name":"Ivana Beaumond Paris","image":{"@type":"ImageObject","inLanguage":"pt-BR","@id":"https:\/\/www.ivanabeaumond.com.br\/vestidos-noiva\/#\/schema\/person\/image\/","url":"https:\/\/secure.gravatar.com\/avatar\/641f98db20b53ec937ceb641db4270b9?s=96&d=mm&r=g","contentUrl":"https:\/\/secure.gravatar.com\/avatar\/641f98db20b53ec937ceb641db4270b9?s=96&d=mm&r=g","caption":"Ivana Beaumond Paris"},"url":"https:\/\/www.ivanabeaumond.com.br\/vestidos-noiva\/author\/ivana\/"}]}},"_links":{"self":[{"href":"https:\/\/www.ivanabeaumond.com.br\/vestidos-noiva\/wp-json\/wp\/v2\/posts\/24411"}],"collection":[{"href":"https:\/\/www.ivanabeaumond.com.br\/vestidos-noiva\/wp-json\/wp\/v2\/posts"}],"about":[{"href":"https:\/\/www.ivanabeaumond.com.br\/vestidos-noiva\/wp-json\/wp\/v2\/types\/post"}],"author":[{"embeddable":true,"href":"https:\/\/www.ivanabeaumond.com.br\/vestidos-noiva\/wp-json\/wp\/v2\/users\/4"}],"replies":[{"embeddable":true,"href":"https:\/\/www.ivanabeaumond.com.br\/vestidos-noiva\/wp-json\/wp\/v2\/comments?post=24411"}],"version-history":[{"count":20,"href":"https:\/\/www.ivanabeaumond.com.br\/vestidos-noiva\/wp-json\/wp\/v2\/posts\/24411\/revisions"}],"predecessor-version":[{"id":24576,"href":"https:\/\/www.ivanabeaumond.com.br\/vestidos-noiva\/wp-json\/wp\/v2\/posts\/24411\/revisions\/24576"}],"wp:featuredmedia":[{"embeddable":true,"href":"https:\/\/www.ivanabeaumond.com.br\/vestidos-noiva\/wp-json\/wp\/v2\/media\/24416"}],"wp:attachment":[{"href":"https:\/\/www.ivanabeaumond.com.br\/vestidos-noiva\/wp-json\/wp\/v2\/media?parent=24411"}],"wp:term":[{"taxonomy":"category","embeddable":true,"href":"https:\/\/www.ivanabeaumond.com.br\/vestidos-noiva\/wp-json\/wp\/v2\/categories?post=24411"},{"taxonomy":"post_tag","embeddable":true,"href":"https:\/\/www.ivanabeaumond.com.br\/vestidos-noiva\/wp-json\/wp\/v2\/tags?post=24411"}],"curies":[{"name":"wp","href":"https:\/\/api.w.org\/{rel}","templated":true}]}}