{"id":24425,"date":"2021-01-12T16:51:51","date_gmt":"2021-01-12T19:51:51","guid":{"rendered":"https:\/\/www.ivanabeaumond.com.br\/vestidos-noiva\/?p=24425"},"modified":"2021-01-12T16:52:30","modified_gmt":"2021-01-12T19:52:30","slug":"o-que-o-traje-do-noivo-tem-a-dizer","status":"publish","type":"post","link":"https:\/\/www.ivanabeaumond.com.br\/vestidos-noiva\/o-que-o-traje-do-noivo-tem-a-dizer\/","title":{"rendered":"O que o Traje do Noivo tem a dizer?"},"content":{"rendered":"\n<div style=\"height:42px\" aria-hidden=\"true\" class=\"wp-block-spacer\"><\/div>\n\n\n\n<h3 class=\"wp-block-heading\"><strong><em>Moderno e Elegante.\u00a0<\/em><\/strong><\/h3>\n\n\n\n<div style=\"height:28px\" aria-hidden=\"true\" class=\"wp-block-spacer\"><\/div>\n\n\n\n<h4 class=\"has-text-align-center wp-block-heading\"><span style=\"color: #999999;\">Se voc\u00ea \u00e9 daquelas que acredita que homens s\u00e3o todos iguais e desprezam a vaidade, este artigo pode te surpreender. Isso porque muitos pensam que, ao contr\u00e1rio das noivas, os futuros maridos n\u00e3o possuem tantas preocupa\u00e7\u00f5es com o traje ou com o que ir\u00e3o usar durante a cerim\u00f4nia e recep\u00e7\u00e3o.<\/span><\/h4>\n\n\n\n<div style=\"height:30px\" aria-hidden=\"true\" class=\"wp-block-spacer\"><\/div>\n\n\n\n<div class=\"wp-block-image\"><figure class=\"aligncenter is-resized\"><a href=\"https:\/\/www.ivanabeaumond.com.br\/vestidos-noiva\/wp-content\/uploads\/2020\/05\/NOIVO-IVANA-BEAUMOND.jpg\"><img decoding=\"async\" loading=\"lazy\" src=\"https:\/\/www.ivanabeaumond.com.br\/vestidos-noiva\/wp-content\/uploads\/2020\/05\/NOIVO-IVANA-BEAUMOND.jpg\" alt=\"TRAJE DO NOIVO\" class=\"wp-image-24429\" width=\"526\" height=\"350\" srcset=\"https:\/\/www.ivanabeaumond.com.br\/vestidos-noiva\/wp-content\/uploads\/2020\/05\/NOIVO-IVANA-BEAUMOND.jpg 900w, https:\/\/www.ivanabeaumond.com.br\/vestidos-noiva\/wp-content\/uploads\/2020\/05\/NOIVO-IVANA-BEAUMOND-300x200.jpg 300w, https:\/\/www.ivanabeaumond.com.br\/vestidos-noiva\/wp-content\/uploads\/2020\/05\/NOIVO-IVANA-BEAUMOND-480x320.jpg 480w\" sizes=\"(max-width: 526px) 100vw, 526px\" \/><\/a><\/figure><\/div>\n\n\n\n<div style=\"height:30px\" aria-hidden=\"true\" class=\"wp-block-spacer\"><\/div>\n\n\n\n<h4 class=\"has-text-align-center wp-block-heading\"><span style=\"color: #999999;\">Ainda assim, indo na contram\u00e3o do que a sociedade sup\u00f5e, os rapazes possuem, sim, preocupa\u00e7\u00f5es com o momento do matrim\u00f4nio e desejam estar bem arrumados, bonitos e elegantes para a mulher que escolheram para ser sua alma g\u00eamea.<\/span><\/h4>\n\n\n\n<div style=\"height:30px\" aria-hidden=\"true\" class=\"wp-block-spacer\"><\/div>\n\n\n\n<h4 class=\"has-text-align-center wp-block-heading\"><span style=\"color: #999999;\">Mas, afinal, dentre tantas op\u00e7\u00f5es masculinas, o que cada uma diz a respeito da personalidade do noivo e das caracter\u00edsticas que mais prezam? Confira agora e perceba que a vestimenta diz (e muito) sobre a pessoa que a est\u00e1 utilizando. Entenda:<\/span><\/h4>\n\n\n\n<div style=\"height:30px\" aria-hidden=\"true\" class=\"wp-block-spacer\"><\/div>\n\n\n\n<h4 class=\"wp-block-heading\">&nbsp;<\/h4>\n\n\n\n<h3 class=\"wp-block-heading\"><strong><em>Terno<\/em><\/strong><\/h3>\n\n\n\n<div style=\"height:31px\" aria-hidden=\"true\" class=\"wp-block-spacer\"><\/div>\n\n\n\n<h4 class=\"has-text-align-center wp-block-heading\"><span style=\"color: #999999;\">Em geral, o terno \u00e9 uma das principais op\u00e7\u00f5es dos homens, em especial porque \u00e9 a roupa social mais utilizada e difundida em nosso pa\u00eds. Por essa raz\u00e3o, quando o noivo opta por essa vestimenta, \u00e9 prov\u00e1vel que ele n\u00e3o possua um amplo conhecimento em moda ou, at\u00e9 mesmo, que esteja apenas seguindo pelo tradicional.<\/span><\/h4>\n\n\n\n<div style=\"height:30px\" aria-hidden=\"true\" class=\"wp-block-spacer\"><\/div>\n\n\n\n<div class=\"wp-block-image\"><figure class=\"aligncenter is-resized\"><a href=\"https:\/\/www.ivanabeaumond.com.br\/vestidos-noiva\/wp-content\/uploads\/2020\/05\/NOIVO-TERNO-IVANA-BEAUMOND.jpg\"><img decoding=\"async\" loading=\"lazy\" src=\"https:\/\/www.ivanabeaumond.com.br\/vestidos-noiva\/wp-content\/uploads\/2020\/05\/NOIVO-TERNO-IVANA-BEAUMOND.jpg\" alt=\"TRAJE DO NOIVO IVANA BEAUMOND\" class=\"wp-image-24433\" width=\"522\" height=\"782\" srcset=\"https:\/\/www.ivanabeaumond.com.br\/vestidos-noiva\/wp-content\/uploads\/2020\/05\/NOIVO-TERNO-IVANA-BEAUMOND.jpg 600w, https:\/\/www.ivanabeaumond.com.br\/vestidos-noiva\/wp-content\/uploads\/2020\/05\/NOIVO-TERNO-IVANA-BEAUMOND-200x300.jpg 200w\" sizes=\"(max-width: 522px) 100vw, 522px\" \/><\/a><\/figure><\/div>\n\n\n\n<div style=\"height:31px\" aria-hidden=\"true\" class=\"wp-block-spacer\"><\/div>\n\n\n\n<h4 class=\"has-text-align-center wp-block-heading\"><span style=\"color: #999999;\">Homens mais rotineiros, que n\u00e3o gostam de sair do convencional e evitam expor suas ideias para \u201cfora da caixinha\u201d s\u00e3o os que escolhem esse tipo de traje, j\u00e1 que ele n\u00e3o demanda muitas inova\u00e7\u00f5es e se adapta a qualquer necessidade, desde o casamento boho ao mais elegante.<\/span><\/h4>\n\n\n\n<div style=\"height:30px\" aria-hidden=\"true\" class=\"wp-block-spacer\"><\/div>\n\n\n\n<h5 class=\"wp-block-heading\">&nbsp;<\/h5>\n\n\n\n<h4 class=\"has-text-align-center wp-block-heading\"><span style=\"color: #999999;\">Ainda assim, para aqueles que querem dar o seu toque, h\u00e1 alguns que preferem o slim, visto que essa op\u00e7\u00e3o \u00e9 mais ajustada ao corpo e pode valorizar quem tem um f\u00edsico bacana.<\/span><\/h4>\n\n\n\n<div style=\"height:30px\" aria-hidden=\"true\" class=\"wp-block-spacer\"><\/div>\n\n\n\n<h3 class=\"wp-block-heading\"><strong><em>Smoking<\/em><\/strong><\/h3>\n\n\n\n<div style=\"height:30px\" aria-hidden=\"true\" class=\"wp-block-spacer\"><\/div>\n\n\n\n<h4 class=\"has-text-align-center wp-block-heading\"><span style=\"color: #999999;\">Sofisticado e digno de uma cerim\u00f4nia do Oscar, o Smoking \u00e9 para aqueles noivos que querem, sim, estar elegantes e sobressair em suas celebra\u00e7\u00f5es. Normalmente, ele \u00e9 adotado por homens que ter\u00e3o uma festa mais requintada \u2013 ou que querem passar essa ideia a seus convidados.<\/span><\/h4>\n\n\n\n<div style=\"height:30px\" aria-hidden=\"true\" class=\"wp-block-spacer\"><\/div>\n\n\n\n<div class=\"wp-block-image\"><figure class=\"aligncenter is-resized\"><img decoding=\"async\" loading=\"lazy\" src=\"https:\/\/www.ivanabeaumond.com.br\/vestidos-noiva\/wp-content\/uploads\/2020\/05\/NOIVO-SMOKING-IVANA-BEAUMOND.jpg\" alt=\"TERNO DE NOIVO IVANA BEAUMOND\" class=\"wp-image-24431\" width=\"498\" height=\"744\" srcset=\"https:\/\/www.ivanabeaumond.com.br\/vestidos-noiva\/wp-content\/uploads\/2020\/05\/NOIVO-SMOKING-IVANA-BEAUMOND.jpg 600w, https:\/\/www.ivanabeaumond.com.br\/vestidos-noiva\/wp-content\/uploads\/2020\/05\/NOIVO-SMOKING-IVANA-BEAUMOND-200x300.jpg 200w\" sizes=\"(max-width: 498px) 100vw, 498px\" \/><\/figure><\/div>\n\n\n\n<div style=\"height:30px\" aria-hidden=\"true\" class=\"wp-block-spacer\"><\/div>\n\n\n\n<h4 class=\"has-text-align-center wp-block-heading\"><span style=\"color: #999999;\">Dessa forma, casais que investiram um bom dinheiro em sua festividade sabem que \u00e9 importante manter o mesmo padr\u00e3o em todos os detalhes e pormenores do casamento, fazendo com que a roupa se encaixe nessas caracter\u00edsticas e mantenham um alto n\u00edvel no traje exigido para o evento.<\/span><\/h4>\n\n\n\n<div style=\"height:29px\" aria-hidden=\"true\" class=\"wp-block-spacer\"><\/div>\n\n\n\n<h5 class=\"wp-block-heading\">&nbsp;<\/h5>\n\n\n\n<h4 class=\"has-text-align-center wp-block-heading\"><span style=\"color: #999999;\">Ainda assim, h\u00e1 tamb\u00e9m aqueles rapazes que apenas querem se diferenciar dos padrinhos e, por essa raz\u00e3o, buscam pelo modelo. Contudo, o que mais \u00e9 visto por a\u00ed \u00e9 que esta vestimenta, em especial, \u00e9 a escolhida por um noivo vaidoso, que se preocupa com sua apar\u00eancia e quer estar \u00e0 altura de sua futura esposa no grande dia.<\/span><\/h4>\n\n\n\n<div style=\"height:29px\" aria-hidden=\"true\" class=\"wp-block-spacer\"><\/div>\n\n\n\n<h3 class=\"wp-block-heading\"><span style=\"color: #000000;\"><strong><em>Fraque<\/em><\/strong><\/span><\/h3>\n\n\n\n<div style=\"height:28px\" aria-hidden=\"true\" class=\"wp-block-spacer\"><\/div>\n\n\n\n<h4 class=\"has-text-align-center wp-block-heading\"><span style=\"color: #999999;\">O fraque, por ser um traje que lembra os costumes antigos e as festas de \u00e9poca, d\u00e1 um ar mais rom\u00e2ntico ao casamento, enfatizando os valores passados e fazendo com que os homens se sintam como verdadeiros pr\u00edncipes \u2013 haja vista que \u00e9 muito usado em eventos da realeza inglesa, inclusive pelos convidados.<\/span><\/h4>\n\n\n\n<div style=\"height:30px\" aria-hidden=\"true\" class=\"wp-block-spacer\"><\/div>\n\n\n\n<div class=\"wp-block-image\"><figure class=\"aligncenter is-resized\"><a href=\"https:\/\/www.ivanabeaumond.com.br\/vestidos-noiva\/wp-content\/uploads\/2020\/05\/NOIVO-FRAQUE-IVANA-BEAUMOND.jpg\"><img decoding=\"async\" loading=\"lazy\" src=\"https:\/\/www.ivanabeaumond.com.br\/vestidos-noiva\/wp-content\/uploads\/2020\/05\/NOIVO-FRAQUE-IVANA-BEAUMOND.jpg\" alt=\"TRAJE DO NOIVO IVANA BEAUMOND\" class=\"wp-image-24434\" width=\"494\" height=\"741\" srcset=\"https:\/\/www.ivanabeaumond.com.br\/vestidos-noiva\/wp-content\/uploads\/2020\/05\/NOIVO-FRAQUE-IVANA-BEAUMOND.jpg 600w, https:\/\/www.ivanabeaumond.com.br\/vestidos-noiva\/wp-content\/uploads\/2020\/05\/NOIVO-FRAQUE-IVANA-BEAUMOND-200x300.jpg 200w\" sizes=\"(max-width: 494px) 100vw, 494px\" \/><\/a><\/figure><\/div>\n\n\n\n<div style=\"height:31px\" aria-hidden=\"true\" class=\"wp-block-spacer\"><\/div>\n\n\n\n<h4 class=\"has-text-align-center wp-block-heading\"><span style=\"color: #999999;\">Justamente por isso, ele \u00e9 bastante escolhido para os noivos que s\u00e3o mais formais, met\u00f3dicos e refinados, que possuem uma postura mais s\u00e9ria e querem dar seu toque ao evento. Inclusive, homens mais velhos tendem a optar por esse modelo, dadas suas caracter\u00edsticas.<\/span><\/h4>\n\n\n\n<div style=\"height:29px\" aria-hidden=\"true\" class=\"wp-block-spacer\"><\/div>\n\n\n\n<h5 class=\"wp-block-heading\">&nbsp;<\/h5>\n\n\n\n<h4 class=\"has-text-align-center wp-block-heading\"><span style=\"color: #999999;\">Ali\u00e1s, uma curiosidade: este traje foi criado especialmente para os eventos sociais de extrema import\u00e2ncia para a sociedade aristocr\u00e1tica e \u00e9 muito usado na Europa. Contudo, n\u00e3o se desespere. Aqui no Brasil, o modelo do meio-fraque mant\u00e9m a eleg\u00e2ncia, por\u00e9m com menos tecido, para que o noivinho n\u00e3o derreta no altar.<\/span><\/h4>\n\n\n\n<div style=\"height:32px\" aria-hidden=\"true\" class=\"wp-block-spacer\"><\/div>\n\n\n\n<h3 class=\"wp-block-heading\"><strong><em>Escolha o Seu!<\/em><\/strong><\/h3>\n\n\n\n<div style=\"height:33px\" aria-hidden=\"true\" class=\"wp-block-spacer\"><\/div>\n\n\n\n<h4 class=\"has-text-align-center wp-block-heading\"><span style=\"color: #999999;\">E, ent\u00e3o, qual \u00e9 o seu favorito para esta festividade? E qual tem mais a ver com a personalidade do seu futuro esposo? Venha conhecer as op\u00e7\u00f5es dispon\u00edveis aqui, na Ivana Beaumond, e escolha o que mais combina com o homem dos seus sonhos.<\/span><\/h4>\n\n\n\n<div style=\"height:31px\" aria-hidden=\"true\" class=\"wp-block-spacer\"><\/div>\n\n\n\n<h4 class=\"wp-block-heading\">&nbsp;<\/h4>\n\n\n\n<h4 class=\"has-text-align-center wp-block-heading\"><span style=\"color: #999999;\">Traga o seu noivo para uma visita agendada e comece j\u00e1 os preparativos para o grande dia!<\/span><\/h4>\n\n\n\n<div style=\"height:63px\" aria-hidden=\"true\" class=\"wp-block-spacer\"><\/div>\n\n\n\n<h4 class=\"has-text-align-center wp-block-heading\"><span style=\"color: #000000;\">Gostou? Siga nosso instagram<\/span>&nbsp;<span style=\"color: #0000ff;\"><a style=\"color: #0000ff;\" href=\"https:\/\/www.instagram.com\/ivanabeaumond\/\">@ivanabeaumond<\/a><\/span><span style=\"color: #000000;\"><span style=\"color: #333399;\">&nbsp;<\/span>e curta nossa<\/span>&nbsp;<span style=\"color: #0000ff;\"><a style=\"color: #0000ff;\" href=\"https:\/\/www.facebook.com\/IvanaBeaumond\/\" target=\"_blank\" rel=\"noopener noreferrer\">fanpage<\/a><\/span><span style=\"color: #999999;\">&nbsp;&nbsp;<span style=\"color: #000000;\">no Facebook para ficar por dentro de tudo o que rola no mundo das noivas, e conhe\u00e7a nossos Melhores Modelos de Vestidos de Noivas Nacionais, Importados e Sob Medida.<\/span><\/span><\/h4>\n","protected":false},"excerpt":{"rendered":"<p>Moderno e Elegante.\u00a0 Se voc\u00ea \u00e9 daquelas que acredita que&#8230;<\/p>\n","protected":false},"author":4,"featured_media":27055,"comment_status":"closed","ping_status":"closed","sticky":false,"template":"","format":"standard","meta":[],"categories":[60,127],"tags":[817,444,512,998,161,844,1193,1206,841,671,286,289,847,710,448,488,158,109,598],"yoast_head":"<!-- This site is optimized with the Yoast SEO plugin v20.3 - https:\/\/yoast.com\/wordpress\/plugins\/seo\/ -->\n<title>O que o Traje do Noivo tem a dizer? - Vestido de Noiva RJ<\/title>\n<meta name=\"robots\" content=\"index, follow, max-snippet:-1, max-image-preview:large, max-video-preview:-1\" \/>\n<link rel=\"canonical\" href=\"https:\/\/www.ivanabeaumond.com.br\/vestidos-noiva\/o-que-o-traje-do-noivo-tem-a-dizer\/\" \/>\n<meta property=\"og:locale\" content=\"pt_BR\" \/>\n<meta property=\"og:type\" content=\"article\" \/>\n<meta property=\"og:title\" content=\"O que o Traje do Noivo tem a dizer? - Vestido de Noiva RJ\" \/>\n<meta property=\"og:description\" content=\"Moderno e Elegante.\u00a0 Se voc\u00ea \u00e9 daquelas que acredita que...\" \/>\n<meta property=\"og:url\" content=\"https:\/\/www.ivanabeaumond.com.br\/vestidos-noiva\/o-que-o-traje-do-noivo-tem-a-dizer\/\" \/>\n<meta property=\"og:site_name\" content=\"Vestido de Noiva RJ\" \/>\n<meta property=\"article:publisher\" content=\"https:\/\/www.facebook.com\/ivana.beaumondnoivas\" \/>\n<meta property=\"article:published_time\" content=\"2021-01-12T19:51:51+00:00\" \/>\n<meta property=\"article:modified_time\" content=\"2021-01-12T19:52:30+00:00\" \/>\n<meta property=\"og:image\" content=\"https:\/\/www.ivanabeaumond.com.br\/vestidos-noiva\/wp-content\/uploads\/2020\/08\/NOIVO-IVANA-BEAUMOND.jpg\" \/>\n\t<meta property=\"og:image:width\" content=\"900\" \/>\n\t<meta property=\"og:image:height\" content=\"599\" \/>\n\t<meta property=\"og:image:type\" content=\"image\/jpeg\" \/>\n<meta name=\"author\" content=\"Ivana Beaumond Paris\" \/>\n<meta name=\"twitter:card\" content=\"summary_large_image\" \/>\n<meta name=\"twitter:label1\" content=\"Escrito por\" \/>\n\t<meta name=\"twitter:data1\" content=\"Ivana Beaumond Paris\" \/>\n\t<meta name=\"twitter:label2\" content=\"Est. tempo de leitura\" \/>\n\t<meta name=\"twitter:data2\" content=\"4 minutos\" \/>\n<script type=\"application\/ld+json\" class=\"yoast-schema-graph\">{\"@context\":\"https:\/\/schema.org\",\"@graph\":[{\"@type\":\"Article\",\"@id\":\"https:\/\/www.ivanabeaumond.com.br\/vestidos-noiva\/o-que-o-traje-do-noivo-tem-a-dizer\/#article\",\"isPartOf\":{\"@id\":\"https:\/\/www.ivanabeaumond.com.br\/vestidos-noiva\/o-que-o-traje-do-noivo-tem-a-dizer\/\"},\"author\":{\"name\":\"Ivana Beaumond Paris\",\"@id\":\"https:\/\/www.ivanabeaumond.com.br\/vestidos-noiva\/#\/schema\/person\/1a360c4cffa3b806d29a456389dcff26\"},\"headline\":\"O que o Traje do Noivo tem a dizer?\",\"datePublished\":\"2021-01-12T19:51:51+00:00\",\"dateModified\":\"2021-01-12T19:52:30+00:00\",\"mainEntityOfPage\":{\"@id\":\"https:\/\/www.ivanabeaumond.com.br\/vestidos-noiva\/o-que-o-traje-do-noivo-tem-a-dizer\/\"},\"wordCount\":724,\"publisher\":{\"@id\":\"https:\/\/www.ivanabeaumond.com.br\/vestidos-noiva\/#organization\"},\"keywords\":[\"aluguel de traje\",\"blog de casamento\",\"blog de noiva\",\"casamento ao livre\",\"casamento blindado\",\"casamento de dia\",\"cerimonial de casamento\",\"Dia dos Namorados\",\"dicas para noivos\",\"estilista de noiva\",\"ivana beaumond\",\"noivos\",\"smoking\",\"ternos\",\"tipos de traje\",\"traje a rigor\",\"traje de noivo\",\"trajesmasculinos\",\"vou casar\"],\"articleSection\":[\"Blog\",\"Dicas e Truques\"],\"inLanguage\":\"pt-BR\"},{\"@type\":\"WebPage\",\"@id\":\"https:\/\/www.ivanabeaumond.com.br\/vestidos-noiva\/o-que-o-traje-do-noivo-tem-a-dizer\/\",\"url\":\"https:\/\/www.ivanabeaumond.com.br\/vestidos-noiva\/o-que-o-traje-do-noivo-tem-a-dizer\/\",\"name\":\"O que o Traje do Noivo tem a dizer? - Vestido de Noiva RJ\",\"isPartOf\":{\"@id\":\"https:\/\/www.ivanabeaumond.com.br\/vestidos-noiva\/#website\"},\"datePublished\":\"2021-01-12T19:51:51+00:00\",\"dateModified\":\"2021-01-12T19:52:30+00:00\",\"breadcrumb\":{\"@id\":\"https:\/\/www.ivanabeaumond.com.br\/vestidos-noiva\/o-que-o-traje-do-noivo-tem-a-dizer\/#breadcrumb\"},\"inLanguage\":\"pt-BR\",\"potentialAction\":[{\"@type\":\"ReadAction\",\"target\":[\"https:\/\/www.ivanabeaumond.com.br\/vestidos-noiva\/o-que-o-traje-do-noivo-tem-a-dizer\/\"]}]},{\"@type\":\"BreadcrumbList\",\"@id\":\"https:\/\/www.ivanabeaumond.com.br\/vestidos-noiva\/o-que-o-traje-do-noivo-tem-a-dizer\/#breadcrumb\",\"itemListElement\":[{\"@type\":\"ListItem\",\"position\":1,\"name\":\"In\u00edcio\",\"item\":\"https:\/\/www.ivanabeaumond.com.br\/vestidos-noiva\/\"},{\"@type\":\"ListItem\",\"position\":2,\"name\":\"O que o Traje do Noivo tem a dizer?\"}]},{\"@type\":\"WebSite\",\"@id\":\"https:\/\/www.ivanabeaumond.com.br\/vestidos-noiva\/#website\",\"url\":\"https:\/\/www.ivanabeaumond.com.br\/vestidos-noiva\/\",\"name\":\"Vestido de Noiva RJ\",\"description\":\"Moda Noiva\",\"publisher\":{\"@id\":\"https:\/\/www.ivanabeaumond.com.br\/vestidos-noiva\/#organization\"},\"potentialAction\":[{\"@type\":\"SearchAction\",\"target\":{\"@type\":\"EntryPoint\",\"urlTemplate\":\"https:\/\/www.ivanabeaumond.com.br\/vestidos-noiva\/?s={search_term_string}\"},\"query-input\":\"required name=search_term_string\"}],\"inLanguage\":\"pt-BR\"},{\"@type\":\"Organization\",\"@id\":\"https:\/\/www.ivanabeaumond.com.br\/vestidos-noiva\/#organization\",\"name\":\"Vestido de Noiva RJ\",\"url\":\"https:\/\/www.ivanabeaumond.com.br\/vestidos-noiva\/\",\"logo\":{\"@type\":\"ImageObject\",\"inLanguage\":\"pt-BR\",\"@id\":\"https:\/\/www.ivanabeaumond.com.br\/vestidos-noiva\/#\/schema\/logo\/image\/\",\"url\":\"https:\/\/www.ivanabeaumond.com.br\/vestidos-noiva\/wp-content\/uploads\/2018\/02\/logo_ivana_beaumond-2.png\",\"contentUrl\":\"https:\/\/www.ivanabeaumond.com.br\/vestidos-noiva\/wp-content\/uploads\/2018\/02\/logo_ivana_beaumond-2.png\",\"width\":230,\"height\":112,\"caption\":\"Vestido de Noiva RJ\"},\"image\":{\"@id\":\"https:\/\/www.ivanabeaumond.com.br\/vestidos-noiva\/#\/schema\/logo\/image\/\"},\"sameAs\":[\"https:\/\/www.facebook.com\/ivana.beaumondnoivas\",\"https:\/\/www.instagram.com\/ivanabeaumond\/\",\"https:\/\/www.tiktok.com\/@ivanabeaumond\"]},{\"@type\":\"Person\",\"@id\":\"https:\/\/www.ivanabeaumond.com.br\/vestidos-noiva\/#\/schema\/person\/1a360c4cffa3b806d29a456389dcff26\",\"name\":\"Ivana Beaumond Paris\",\"image\":{\"@type\":\"ImageObject\",\"inLanguage\":\"pt-BR\",\"@id\":\"https:\/\/www.ivanabeaumond.com.br\/vestidos-noiva\/#\/schema\/person\/image\/\",\"url\":\"https:\/\/secure.gravatar.com\/avatar\/641f98db20b53ec937ceb641db4270b9?s=96&d=mm&r=g\",\"contentUrl\":\"https:\/\/secure.gravatar.com\/avatar\/641f98db20b53ec937ceb641db4270b9?s=96&d=mm&r=g\",\"caption\":\"Ivana Beaumond Paris\"},\"url\":\"https:\/\/www.ivanabeaumond.com.br\/vestidos-noiva\/author\/ivana\/\"}]}<\/script>\n<!-- \/ Yoast SEO plugin. -->","yoast_head_json":{"title":"O que o Traje do Noivo tem a dizer? - Vestido de Noiva RJ","robots":{"index":"index","follow":"follow","max-snippet":"max-snippet:-1","max-image-preview":"max-image-preview:large","max-video-preview":"max-video-preview:-1"},"canonical":"https:\/\/www.ivanabeaumond.com.br\/vestidos-noiva\/o-que-o-traje-do-noivo-tem-a-dizer\/","og_locale":"pt_BR","og_type":"article","og_title":"O que o Traje do Noivo tem a dizer? - Vestido de Noiva RJ","og_description":"Moderno e Elegante.\u00a0 Se voc\u00ea \u00e9 daquelas que acredita que...","og_url":"https:\/\/www.ivanabeaumond.com.br\/vestidos-noiva\/o-que-o-traje-do-noivo-tem-a-dizer\/","og_site_name":"Vestido de Noiva RJ","article_publisher":"https:\/\/www.facebook.com\/ivana.beaumondnoivas","article_published_time":"2021-01-12T19:51:51+00:00","article_modified_time":"2021-01-12T19:52:30+00:00","og_image":[{"width":900,"height":599,"url":"https:\/\/www.ivanabeaumond.com.br\/vestidos-noiva\/wp-content\/uploads\/2020\/08\/NOIVO-IVANA-BEAUMOND.jpg","type":"image\/jpeg"}],"author":"Ivana Beaumond Paris","twitter_card":"summary_large_image","twitter_misc":{"Escrito por":"Ivana Beaumond Paris","Est. tempo de leitura":"4 minutos"},"schema":{"@context":"https:\/\/schema.org","@graph":[{"@type":"Article","@id":"https:\/\/www.ivanabeaumond.com.br\/vestidos-noiva\/o-que-o-traje-do-noivo-tem-a-dizer\/#article","isPartOf":{"@id":"https:\/\/www.ivanabeaumond.com.br\/vestidos-noiva\/o-que-o-traje-do-noivo-tem-a-dizer\/"},"author":{"name":"Ivana Beaumond Paris","@id":"https:\/\/www.ivanabeaumond.com.br\/vestidos-noiva\/#\/schema\/person\/1a360c4cffa3b806d29a456389dcff26"},"headline":"O que o Traje do Noivo tem a dizer?","datePublished":"2021-01-12T19:51:51+00:00","dateModified":"2021-01-12T19:52:30+00:00","mainEntityOfPage":{"@id":"https:\/\/www.ivanabeaumond.com.br\/vestidos-noiva\/o-que-o-traje-do-noivo-tem-a-dizer\/"},"wordCount":724,"publisher":{"@id":"https:\/\/www.ivanabeaumond.com.br\/vestidos-noiva\/#organization"},"keywords":["aluguel de traje","blog de casamento","blog de noiva","casamento ao livre","casamento blindado","casamento de dia","cerimonial de casamento","Dia dos Namorados","dicas para noivos","estilista de noiva","ivana beaumond","noivos","smoking","ternos","tipos de traje","traje a rigor","traje de noivo","trajesmasculinos","vou casar"],"articleSection":["Blog","Dicas e Truques"],"inLanguage":"pt-BR"},{"@type":"WebPage","@id":"https:\/\/www.ivanabeaumond.com.br\/vestidos-noiva\/o-que-o-traje-do-noivo-tem-a-dizer\/","url":"https:\/\/www.ivanabeaumond.com.br\/vestidos-noiva\/o-que-o-traje-do-noivo-tem-a-dizer\/","name":"O que o Traje do Noivo tem a dizer? - Vestido de Noiva RJ","isPartOf":{"@id":"https:\/\/www.ivanabeaumond.com.br\/vestidos-noiva\/#website"},"datePublished":"2021-01-12T19:51:51+00:00","dateModified":"2021-01-12T19:52:30+00:00","breadcrumb":{"@id":"https:\/\/www.ivanabeaumond.com.br\/vestidos-noiva\/o-que-o-traje-do-noivo-tem-a-dizer\/#breadcrumb"},"inLanguage":"pt-BR","potentialAction":[{"@type":"ReadAction","target":["https:\/\/www.ivanabeaumond.com.br\/vestidos-noiva\/o-que-o-traje-do-noivo-tem-a-dizer\/"]}]},{"@type":"BreadcrumbList","@id":"https:\/\/www.ivanabeaumond.com.br\/vestidos-noiva\/o-que-o-traje-do-noivo-tem-a-dizer\/#breadcrumb","itemListElement":[{"@type":"ListItem","position":1,"name":"In\u00edcio","item":"https:\/\/www.ivanabeaumond.com.br\/vestidos-noiva\/"},{"@type":"ListItem","position":2,"name":"O que o Traje do Noivo tem a dizer?"}]},{"@type":"WebSite","@id":"https:\/\/www.ivanabeaumond.com.br\/vestidos-noiva\/#website","url":"https:\/\/www.ivanabeaumond.com.br\/vestidos-noiva\/","name":"Vestido de Noiva RJ","description":"Moda Noiva","publisher":{"@id":"https:\/\/www.ivanabeaumond.com.br\/vestidos-noiva\/#organization"},"potentialAction":[{"@type":"SearchAction","target":{"@type":"EntryPoint","urlTemplate":"https:\/\/www.ivanabeaumond.com.br\/vestidos-noiva\/?s={search_term_string}"},"query-input":"required name=search_term_string"}],"inLanguage":"pt-BR"},{"@type":"Organization","@id":"https:\/\/www.ivanabeaumond.com.br\/vestidos-noiva\/#organization","name":"Vestido de Noiva RJ","url":"https:\/\/www.ivanabeaumond.com.br\/vestidos-noiva\/","logo":{"@type":"ImageObject","inLanguage":"pt-BR","@id":"https:\/\/www.ivanabeaumond.com.br\/vestidos-noiva\/#\/schema\/logo\/image\/","url":"https:\/\/www.ivanabeaumond.com.br\/vestidos-noiva\/wp-content\/uploads\/2018\/02\/logo_ivana_beaumond-2.png","contentUrl":"https:\/\/www.ivanabeaumond.com.br\/vestidos-noiva\/wp-content\/uploads\/2018\/02\/logo_ivana_beaumond-2.png","width":230,"height":112,"caption":"Vestido de Noiva RJ"},"image":{"@id":"https:\/\/www.ivanabeaumond.com.br\/vestidos-noiva\/#\/schema\/logo\/image\/"},"sameAs":["https:\/\/www.facebook.com\/ivana.beaumondnoivas","https:\/\/www.instagram.com\/ivanabeaumond\/","https:\/\/www.tiktok.com\/@ivanabeaumond"]},{"@type":"Person","@id":"https:\/\/www.ivanabeaumond.com.br\/vestidos-noiva\/#\/schema\/person\/1a360c4cffa3b806d29a456389dcff26","name":"Ivana Beaumond Paris","image":{"@type":"ImageObject","inLanguage":"pt-BR","@id":"https:\/\/www.ivanabeaumond.com.br\/vestidos-noiva\/#\/schema\/person\/image\/","url":"https:\/\/secure.gravatar.com\/avatar\/641f98db20b53ec937ceb641db4270b9?s=96&d=mm&r=g","contentUrl":"https:\/\/secure.gravatar.com\/avatar\/641f98db20b53ec937ceb641db4270b9?s=96&d=mm&r=g","caption":"Ivana Beaumond Paris"},"url":"https:\/\/www.ivanabeaumond.com.br\/vestidos-noiva\/author\/ivana\/"}]}},"_links":{"self":[{"href":"https:\/\/www.ivanabeaumond.com.br\/vestidos-noiva\/wp-json\/wp\/v2\/posts\/24425"}],"collection":[{"href":"https:\/\/www.ivanabeaumond.com.br\/vestidos-noiva\/wp-json\/wp\/v2\/posts"}],"about":[{"href":"https:\/\/www.ivanabeaumond.com.br\/vestidos-noiva\/wp-json\/wp\/v2\/types\/post"}],"author":[{"embeddable":true,"href":"https:\/\/www.ivanabeaumond.com.br\/vestidos-noiva\/wp-json\/wp\/v2\/users\/4"}],"replies":[{"embeddable":true,"href":"https:\/\/www.ivanabeaumond.com.br\/vestidos-noiva\/wp-json\/wp\/v2\/comments?post=24425"}],"version-history":[{"count":27,"href":"https:\/\/www.ivanabeaumond.com.br\/vestidos-noiva\/wp-json\/wp\/v2\/posts\/24425\/revisions"}],"predecessor-version":[{"id":27062,"href":"https:\/\/www.ivanabeaumond.com.br\/vestidos-noiva\/wp-json\/wp\/v2\/posts\/24425\/revisions\/27062"}],"wp:featuredmedia":[{"embeddable":true,"href":"https:\/\/www.ivanabeaumond.com.br\/vestidos-noiva\/wp-json\/wp\/v2\/media\/27055"}],"wp:attachment":[{"href":"https:\/\/www.ivanabeaumond.com.br\/vestidos-noiva\/wp-json\/wp\/v2\/media?parent=24425"}],"wp:term":[{"taxonomy":"category","embeddable":true,"href":"https:\/\/www.ivanabeaumond.com.br\/vestidos-noiva\/wp-json\/wp\/v2\/categories?post=24425"},{"taxonomy":"post_tag","embeddable":true,"href":"https:\/\/www.ivanabeaumond.com.br\/vestidos-noiva\/wp-json\/wp\/v2\/tags?post=24425"}],"curies":[{"name":"wp","href":"https:\/\/api.w.org\/{rel}","templated":true}]}}