{"id":24436,"date":"2020-05-27T21:48:15","date_gmt":"2020-05-28T00:48:15","guid":{"rendered":"https:\/\/www.ivanabeaumond.com.br\/vestidos-noiva\/?p=24436"},"modified":"2020-05-27T22:26:27","modified_gmt":"2020-05-28T01:26:27","slug":"tenis-nos-15-anos-e-possivel","status":"publish","type":"post","link":"https:\/\/www.ivanabeaumond.com.br\/vestidos-noiva\/tenis-nos-15-anos-e-possivel\/","title":{"rendered":"T\u00eanis nos 15 Anos? \u00c9 Poss\u00edvel!!"},"content":{"rendered":"<h4 style=\"text-align: justify;\"><em><strong>CONHE\u00c7A OS MODELOS DE VESTIDOS QUE COMBINAM COM ESTA TEND\u00caNCIA<\/strong><\/em><\/h4>\n<p>&nbsp;<\/p>\n<h5 style=\"text-align: justify;\"><span style=\"color: #999999;\">As festas de quinze anos est\u00e3o cada vez mais diferentes das tradicionais que todos conhecem. Seja nos temas, roupas, decora\u00e7\u00f5es ou at\u00e9 mesmo na forma de se vestir, muitas adolescentes da atualidade est\u00e3o abolindo a celebra\u00e7\u00e3o formal e requintada para aderir ao confort\u00e1vel e divertido.<\/span><\/h5>\n<p><a href=\"https:\/\/www.ivanabeaumond.com.br\/vestidos-noiva\/wp-content\/uploads\/2020\/05\/T\u00caNIS-15-ANOS-IVANA-BEAUMOND.jpg\"><img decoding=\"async\" loading=\"lazy\" class=\"aligncenter size-full wp-image-24438\" src=\"https:\/\/www.ivanabeaumond.com.br\/vestidos-noiva\/wp-content\/uploads\/2020\/05\/T\u00caNIS-15-ANOS-IVANA-BEAUMOND.jpg\" alt=\"T\u00caNIS 15 ANOS DEBUTANTES IVANA BEAUMOND\" width=\"500\" height=\"386\" srcset=\"https:\/\/www.ivanabeaumond.com.br\/vestidos-noiva\/wp-content\/uploads\/2020\/05\/T\u00caNIS-15-ANOS-IVANA-BEAUMOND.jpg 500w, https:\/\/www.ivanabeaumond.com.br\/vestidos-noiva\/wp-content\/uploads\/2020\/05\/T\u00caNIS-15-ANOS-IVANA-BEAUMOND-300x232.jpg 300w\" sizes=\"(max-width: 500px) 100vw, 500px\" \/><\/a><\/p>\n<h5 style=\"text-align: justify;\"><span style=\"color: #999999;\">Com tantas pessoas aderindo \u00e0 tend\u00eancia de que conforto e estilo podem ser o match ideal, os t\u00eanis v\u00eam ganhando cada vez mais espa\u00e7o nesse mundo de festas e, com isso, as debutantes t\u00eam trocado o famoso salto alto por um par de sneakers para curtir a noite inteira.<\/span><\/h5>\n<p>&nbsp;<\/p>\n<h5 style=\"text-align: justify;\"><\/h5>\n<h5 style=\"text-align: justify;\"><span style=\"color: #999999;\">Mas ser\u00e1 que \u00e9 poss\u00edvel utilizar t\u00eanis com um vestido de 15 anos? Sim! Pensando nisso, separamos alguns modelos que ficam lindos com este tipo de cal\u00e7ado para que voc\u00ea possa se inspirar e aderir. Leia abaixo:<\/span><\/h5>\n<p>&nbsp;<\/p>\n<h4><em><strong>VESTIDO CURTO<\/strong><\/em><\/h4>\n<h5 style=\"text-align: justify;\"><span style=\"color: #999999;\">O vestido curto \u00e9 ideal para aquelas que n\u00e3o t\u00eam medo de mostrar que deixaram mesmo o salto de lado e est\u00e3o se diferenciando do tradicional. Al\u00e9m disso, esta \u00e9 uma \u00f3tima pe\u00e7a para destacar os t\u00eanis, ent\u00e3o use e abuse da criatividade para enfeit\u00e1-lo.<\/span><\/h5>\n<p><a href=\"https:\/\/www.ivanabeaumond.com.br\/vestidos-noiva\/wp-content\/uploads\/2020\/05\/VESTIDO-CURTO-DEBUTANTES-021.jpg\"><img decoding=\"async\" loading=\"lazy\" class=\"aligncenter size-full wp-image-24542\" src=\"https:\/\/www.ivanabeaumond.com.br\/vestidos-noiva\/wp-content\/uploads\/2020\/05\/VESTIDO-CURTO-DEBUTANTES-021.jpg\" alt=\"VESTIDO CURTO DEBUTANTE\" width=\"500\" height=\"516\" srcset=\"https:\/\/www.ivanabeaumond.com.br\/vestidos-noiva\/wp-content\/uploads\/2020\/05\/VESTIDO-CURTO-DEBUTANTES-021.jpg 500w, https:\/\/www.ivanabeaumond.com.br\/vestidos-noiva\/wp-content\/uploads\/2020\/05\/VESTIDO-CURTO-DEBUTANTES-021-291x300.jpg 291w\" sizes=\"(max-width: 500px) 100vw, 500px\" \/><\/a><\/p>\n<p>&nbsp;<\/p>\n<h5 style=\"text-align: justify;\"><span style=\"color: #999999;\">Seja com glitter, colorido, optando por um all star ou inovando da forma que preferir, esta \u00e9 a hora de colocar muito de voc\u00ea n\u00e3o apenas na escolha do seu vestido, como tamb\u00e9m no sapato. Lembre-se: esta \u00e9 a sua festa. Logo, tudo tem que ter a sua cara.<\/span><\/h5>\n<p>&nbsp;<\/p>\n<h4 style=\"text-align: justify;\"><em><strong>VESTIDO LONGO TRADICIONAL<\/strong><\/em><\/h4>\n<h5 style=\"text-align: justify;\"><span style=\"color: #999999;\">Muitos acham que por ser um vestido longo e tradicional, pode ficar feio usar t\u00eanis. No entanto, ele \u00e9 ideal para aquelas pessoas que querem usar esse cal\u00e7ado sem que todos os convidados percebam.<\/span><\/h5>\n<h5 style=\"text-align: justify;\"><\/h5>\n<p><a href=\"https:\/\/www.ivanabeaumond.com.br\/vestidos-noiva\/wp-content\/uploads\/2020\/05\/VESTIDO-DE-DEBUTANTE-IVANA-BEAUMOND.jpg\"><img decoding=\"async\" loading=\"lazy\" class=\"aligncenter size-full wp-image-24544\" src=\"https:\/\/www.ivanabeaumond.com.br\/vestidos-noiva\/wp-content\/uploads\/2020\/05\/VESTIDO-DE-DEBUTANTE-IVANA-BEAUMOND.jpg\" alt=\"VESTIDO DE DEBUTANTE IVANA BEAUMOND\" width=\"500\" height=\"694\" srcset=\"https:\/\/www.ivanabeaumond.com.br\/vestidos-noiva\/wp-content\/uploads\/2020\/05\/VESTIDO-DE-DEBUTANTE-IVANA-BEAUMOND.jpg 500w, https:\/\/www.ivanabeaumond.com.br\/vestidos-noiva\/wp-content\/uploads\/2020\/05\/VESTIDO-DE-DEBUTANTE-IVANA-BEAUMOND-216x300.jpg 216w\" sizes=\"(max-width: 500px) 100vw, 500px\" \/><\/a><\/p>\n<h5 style=\"text-align: justify;\"><span style=\"color: #999999;\">Assim, este vestido \u00e9 o ideal para aquelas meninas que querem o conforto e, ainda assim, n\u00e3o abrem m\u00e3o de ficarem elegantes, bem ao estilo princesa. Tenha em mente que ser tradicional n\u00e3o quer dizer que voc\u00ea n\u00e3o possa inovar em um ou outro detalhe. Por isso, os t\u00eanis s\u00e3o muito bem-vindos!<\/span><\/h5>\n<p>&nbsp;<\/p>\n<h5 style=\"text-align: justify;\"><\/h5>\n<h4 style=\"text-align: justify;\"><em><strong>VESTIDO DOIS EM UM<\/strong><\/em><\/h4>\n<h5 style=\"text-align: justify;\"><span style=\"color: #999999;\">O vestido dois em um \u00e9 extremamente pr\u00e1tico e os t\u00eanis ajuda mais ainda, principalmente para aquelas meninas que v\u00e3o dan\u00e7ar. Como a maioria das debutantes escolhe funk ou alguma m\u00fasica que o salto pode atrapalhar e at\u00e9 faz\u00ea-la cair, a troca do vestido ocorre na frente de todos \u2013 geralmente durante a m\u00fasica. Por isso, j\u00e1 estar usando os t\u00eanis \u00e9 o ideal.<\/span><\/h5>\n<h5 style=\"text-align: justify;\"><a href=\"https:\/\/www.ivanabeaumond.com.br\/vestidos-noiva\/wp-content\/uploads\/2020\/05\/VESTIDO-2-EM-1-DEBUTANTES-IVANA-BEAUMOND.jpg\"><img decoding=\"async\" loading=\"lazy\" class=\"aligncenter size-full wp-image-24548\" src=\"https:\/\/www.ivanabeaumond.com.br\/vestidos-noiva\/wp-content\/uploads\/2020\/05\/VESTIDO-2-EM-1-DEBUTANTES-IVANA-BEAUMOND.jpg\" alt=\"VESTIDO DEBUTANTE\" width=\"500\" height=\"688\" srcset=\"https:\/\/www.ivanabeaumond.com.br\/vestidos-noiva\/wp-content\/uploads\/2020\/05\/VESTIDO-2-EM-1-DEBUTANTES-IVANA-BEAUMOND.jpg 500w, https:\/\/www.ivanabeaumond.com.br\/vestidos-noiva\/wp-content\/uploads\/2020\/05\/VESTIDO-2-EM-1-DEBUTANTES-IVANA-BEAUMOND-218x300.jpg 218w\" sizes=\"(max-width: 500px) 100vw, 500px\" \/><\/a><\/h5>\n<h5 style=\"text-align: justify;\"><span style=\"color: #999999;\">Ali\u00e1s, vamos combinar, tem jeito melhor de surpreender os convidados do que fazer com que todos se surpreendam com a troca de look durante uma coreografia? Voc\u00ea vai ser o assunto da noite!<\/span><\/h5>\n<p>&nbsp;<\/p>\n<h4 style=\"text-align: justify;\"><em><strong>PRECISA DE UM VESTIDO?<\/strong><\/em><\/h4>\n<h5 style=\"text-align: justify;\"><span style=\"color: #999999;\">N\u00e3o tem ideia do que usar ainda, mas sabe que quer usar um par de t\u00eanis? N\u00f3s, da <strong><em>Ivana Beaumond Paris<\/em><\/strong>, temos o vestido perfeito para voc\u00ea. N\u00e3o deixe de entrar em contato conosco e navegar pelas cole\u00e7\u00f5es dispon\u00edveis no site, a fim de encontrar o que mais combina com a sua personalidade.<\/span><\/h5>\n<h5 style=\"text-align: justify;\"><\/h5>\n<p>&nbsp;<\/p>\n<h5 style=\"text-align: justify;\"><span style=\"color: #999999;\">Temos op\u00e7\u00f5es para todos os gostos e voc\u00ea, certamente, vai se apaixonar por uma delas. Venha conferir e agende sua visita!<\/span><\/h5>\n<p>&nbsp;<\/p>\n<p>&nbsp;<\/p>\n<h5 style=\"text-align: justify;\"><em><strong><span style=\"color: #000000;\">Gostou? Siga nosso instagram<\/span>\u00a0<a href=\"https:\/\/instagram.com\/ivanaparisdebutantes?igshid=1er12q1xui78k\"><span style=\"color: #0000ff;\">@ivanaparisdebutantes<\/span><\/a><span style=\"color: #000000;\"><span style=\"color: #333399;\">\u00a0<\/span>e curta nossa<\/span>\u00a0<span style=\"color: #0000ff;\"><a style=\"color: #0000ff;\" href=\"https:\/\/www.facebook.com\/IvanaBeaumond\/\" target=\"_blank\">fanpage<\/a><\/span><span style=\"color: #999999;\">\u00a0\u00a0<span style=\"color: #000000;\">no Facebook para ficar por dentro de tudo o que rola no mundo das noivas, e conhe\u00e7a nossos Melhores Modelos de Vestidos de Noivas Nacionais, Importados e Sob Medida.<\/span><\/span><\/strong><\/em><\/h5>\n<p>&nbsp;<\/p>\n","protected":false},"excerpt":{"rendered":"<p>CONHE\u00c7A OS MODELOS DE VESTIDOS QUE COMBINAM COM ESTA TEND\u00caNCIA&#8230;<\/p>\n","protected":false},"author":4,"featured_media":24555,"comment_status":"closed","ping_status":"closed","sticky":false,"template":"","format":"standard","meta":[],"categories":[60,127],"tags":[1056,1127,891,229,970,964,788,173,434,1060,1061,1059,701,1082,224,733,1053,179,745,725,851,973],"yoast_head":"<!-- This site is optimized with the Yoast SEO plugin v20.3 - https:\/\/yoast.com\/wordpress\/plugins\/seo\/ -->\n<title>T\u00eanis nos 15 Anos? \u00c9 Poss\u00edvel!! - Vestido de Noiva RJ<\/title>\n<meta name=\"robots\" content=\"index, follow, max-snippet:-1, max-image-preview:large, max-video-preview:-1\" \/>\n<link rel=\"canonical\" href=\"https:\/\/www.ivanabeaumond.com.br\/vestidos-noiva\/tenis-nos-15-anos-e-possivel\/\" \/>\n<meta property=\"og:locale\" content=\"pt_BR\" \/>\n<meta property=\"og:type\" content=\"article\" \/>\n<meta property=\"og:title\" content=\"T\u00eanis nos 15 Anos? \u00c9 Poss\u00edvel!! - Vestido de Noiva RJ\" \/>\n<meta property=\"og:description\" content=\"CONHE\u00c7A OS MODELOS DE VESTIDOS QUE COMBINAM COM ESTA TEND\u00caNCIA...\" \/>\n<meta property=\"og:url\" content=\"https:\/\/www.ivanabeaumond.com.br\/vestidos-noiva\/tenis-nos-15-anos-e-possivel\/\" \/>\n<meta property=\"og:site_name\" content=\"Vestido de Noiva RJ\" \/>\n<meta property=\"article:publisher\" content=\"https:\/\/www.facebook.com\/ivana.beaumondnoivas\" \/>\n<meta property=\"article:published_time\" content=\"2020-05-28T00:48:15+00:00\" \/>\n<meta property=\"article:modified_time\" content=\"2020-05-28T01:26:27+00:00\" \/>\n<meta property=\"og:image\" content=\"https:\/\/www.ivanabeaumond.com.br\/vestidos-noiva\/wp-content\/uploads\/2020\/05\/T\u00caNIS-15-ANOS-IVANA-BEAUMOND-0202.jpg\" \/>\n\t<meta property=\"og:image:width\" content=\"450\" \/>\n\t<meta property=\"og:image:height\" content=\"347\" \/>\n\t<meta property=\"og:image:type\" content=\"image\/jpeg\" \/>\n<meta name=\"author\" content=\"Ivana Beaumond Paris\" \/>\n<meta name=\"twitter:card\" content=\"summary_large_image\" \/>\n<meta name=\"twitter:label1\" content=\"Escrito por\" \/>\n\t<meta name=\"twitter:data1\" content=\"Ivana Beaumond Paris\" \/>\n\t<meta name=\"twitter:label2\" content=\"Est. tempo de leitura\" \/>\n\t<meta name=\"twitter:data2\" content=\"3 minutos\" \/>\n<script type=\"application\/ld+json\" class=\"yoast-schema-graph\">{\"@context\":\"https:\/\/schema.org\",\"@graph\":[{\"@type\":\"Article\",\"@id\":\"https:\/\/www.ivanabeaumond.com.br\/vestidos-noiva\/tenis-nos-15-anos-e-possivel\/#article\",\"isPartOf\":{\"@id\":\"https:\/\/www.ivanabeaumond.com.br\/vestidos-noiva\/tenis-nos-15-anos-e-possivel\/\"},\"author\":{\"name\":\"Ivana Beaumond Paris\",\"@id\":\"https:\/\/www.ivanabeaumond.com.br\/vestidos-noiva\/#\/schema\/person\/1a360c4cffa3b806d29a456389dcff26\"},\"headline\":\"T\u00eanis nos 15 Anos? \u00c9 Poss\u00edvel!!\",\"datePublished\":\"2020-05-28T00:48:15+00:00\",\"dateModified\":\"2020-05-28T01:26:27+00:00\",\"mainEntityOfPage\":{\"@id\":\"https:\/\/www.ivanabeaumond.com.br\/vestidos-noiva\/tenis-nos-15-anos-e-possivel\/\"},\"wordCount\":598,\"publisher\":{\"@id\":\"https:\/\/www.ivanabeaumond.com.br\/vestidos-noiva\/#organization\"},\"keywords\":[\"alugar vestido de debutante\",\"aluguel de vestido de 15 anos rj\",\"como escolher vestido de 15 anos\",\"debutante\",\"debutante cinderela\",\"debutante rio de janeiro\",\"debutante rj\",\"debutantes\",\"dicas\",\"dicas de looks\",\"dicas de moda\",\"dicas para debutantes\",\"ensaio de debutante\",\"festa de debutantes\",\"m\u00e3ededebutante\",\"moda debutante\",\"sonho de debutante\",\"vestidos de 15 anos\",\"vestidos de debutante\",\"vestidos de debutante rj\",\"vestidos para alugar\",\"video de debutantes\"],\"articleSection\":[\"Blog\",\"Dicas e Truques\"],\"inLanguage\":\"pt-BR\"},{\"@type\":\"WebPage\",\"@id\":\"https:\/\/www.ivanabeaumond.com.br\/vestidos-noiva\/tenis-nos-15-anos-e-possivel\/\",\"url\":\"https:\/\/www.ivanabeaumond.com.br\/vestidos-noiva\/tenis-nos-15-anos-e-possivel\/\",\"name\":\"T\u00eanis nos 15 Anos? \u00c9 Poss\u00edvel!! - Vestido de Noiva RJ\",\"isPartOf\":{\"@id\":\"https:\/\/www.ivanabeaumond.com.br\/vestidos-noiva\/#website\"},\"datePublished\":\"2020-05-28T00:48:15+00:00\",\"dateModified\":\"2020-05-28T01:26:27+00:00\",\"breadcrumb\":{\"@id\":\"https:\/\/www.ivanabeaumond.com.br\/vestidos-noiva\/tenis-nos-15-anos-e-possivel\/#breadcrumb\"},\"inLanguage\":\"pt-BR\",\"potentialAction\":[{\"@type\":\"ReadAction\",\"target\":[\"https:\/\/www.ivanabeaumond.com.br\/vestidos-noiva\/tenis-nos-15-anos-e-possivel\/\"]}]},{\"@type\":\"BreadcrumbList\",\"@id\":\"https:\/\/www.ivanabeaumond.com.br\/vestidos-noiva\/tenis-nos-15-anos-e-possivel\/#breadcrumb\",\"itemListElement\":[{\"@type\":\"ListItem\",\"position\":1,\"name\":\"In\u00edcio\",\"item\":\"https:\/\/www.ivanabeaumond.com.br\/vestidos-noiva\/\"},{\"@type\":\"ListItem\",\"position\":2,\"name\":\"T\u00eanis nos 15 Anos? \u00c9 Poss\u00edvel!!\"}]},{\"@type\":\"WebSite\",\"@id\":\"https:\/\/www.ivanabeaumond.com.br\/vestidos-noiva\/#website\",\"url\":\"https:\/\/www.ivanabeaumond.com.br\/vestidos-noiva\/\",\"name\":\"Vestido de Noiva RJ\",\"description\":\"Moda Noiva\",\"publisher\":{\"@id\":\"https:\/\/www.ivanabeaumond.com.br\/vestidos-noiva\/#organization\"},\"potentialAction\":[{\"@type\":\"SearchAction\",\"target\":{\"@type\":\"EntryPoint\",\"urlTemplate\":\"https:\/\/www.ivanabeaumond.com.br\/vestidos-noiva\/?s={search_term_string}\"},\"query-input\":\"required name=search_term_string\"}],\"inLanguage\":\"pt-BR\"},{\"@type\":\"Organization\",\"@id\":\"https:\/\/www.ivanabeaumond.com.br\/vestidos-noiva\/#organization\",\"name\":\"Vestido de Noiva RJ\",\"url\":\"https:\/\/www.ivanabeaumond.com.br\/vestidos-noiva\/\",\"logo\":{\"@type\":\"ImageObject\",\"inLanguage\":\"pt-BR\",\"@id\":\"https:\/\/www.ivanabeaumond.com.br\/vestidos-noiva\/#\/schema\/logo\/image\/\",\"url\":\"https:\/\/www.ivanabeaumond.com.br\/vestidos-noiva\/wp-content\/uploads\/2018\/02\/logo_ivana_beaumond-2.png\",\"contentUrl\":\"https:\/\/www.ivanabeaumond.com.br\/vestidos-noiva\/wp-content\/uploads\/2018\/02\/logo_ivana_beaumond-2.png\",\"width\":230,\"height\":112,\"caption\":\"Vestido de Noiva RJ\"},\"image\":{\"@id\":\"https:\/\/www.ivanabeaumond.com.br\/vestidos-noiva\/#\/schema\/logo\/image\/\"},\"sameAs\":[\"https:\/\/www.facebook.com\/ivana.beaumondnoivas\",\"https:\/\/www.instagram.com\/ivanabeaumond\/\",\"https:\/\/www.tiktok.com\/@ivanabeaumond\"]},{\"@type\":\"Person\",\"@id\":\"https:\/\/www.ivanabeaumond.com.br\/vestidos-noiva\/#\/schema\/person\/1a360c4cffa3b806d29a456389dcff26\",\"name\":\"Ivana Beaumond Paris\",\"image\":{\"@type\":\"ImageObject\",\"inLanguage\":\"pt-BR\",\"@id\":\"https:\/\/www.ivanabeaumond.com.br\/vestidos-noiva\/#\/schema\/person\/image\/\",\"url\":\"https:\/\/secure.gravatar.com\/avatar\/641f98db20b53ec937ceb641db4270b9?s=96&d=mm&r=g\",\"contentUrl\":\"https:\/\/secure.gravatar.com\/avatar\/641f98db20b53ec937ceb641db4270b9?s=96&d=mm&r=g\",\"caption\":\"Ivana Beaumond Paris\"},\"url\":\"https:\/\/www.ivanabeaumond.com.br\/vestidos-noiva\/author\/ivana\/\"}]}<\/script>\n<!-- \/ Yoast SEO plugin. -->","yoast_head_json":{"title":"T\u00eanis nos 15 Anos? \u00c9 Poss\u00edvel!! - Vestido de Noiva RJ","robots":{"index":"index","follow":"follow","max-snippet":"max-snippet:-1","max-image-preview":"max-image-preview:large","max-video-preview":"max-video-preview:-1"},"canonical":"https:\/\/www.ivanabeaumond.com.br\/vestidos-noiva\/tenis-nos-15-anos-e-possivel\/","og_locale":"pt_BR","og_type":"article","og_title":"T\u00eanis nos 15 Anos? \u00c9 Poss\u00edvel!! - Vestido de Noiva RJ","og_description":"CONHE\u00c7A OS MODELOS DE VESTIDOS QUE COMBINAM COM ESTA TEND\u00caNCIA...","og_url":"https:\/\/www.ivanabeaumond.com.br\/vestidos-noiva\/tenis-nos-15-anos-e-possivel\/","og_site_name":"Vestido de Noiva RJ","article_publisher":"https:\/\/www.facebook.com\/ivana.beaumondnoivas","article_published_time":"2020-05-28T00:48:15+00:00","article_modified_time":"2020-05-28T01:26:27+00:00","og_image":[{"width":450,"height":347,"url":"https:\/\/www.ivanabeaumond.com.br\/vestidos-noiva\/wp-content\/uploads\/2020\/05\/T\u00caNIS-15-ANOS-IVANA-BEAUMOND-0202.jpg","type":"image\/jpeg"}],"author":"Ivana Beaumond Paris","twitter_card":"summary_large_image","twitter_misc":{"Escrito por":"Ivana Beaumond Paris","Est. tempo de leitura":"3 minutos"},"schema":{"@context":"https:\/\/schema.org","@graph":[{"@type":"Article","@id":"https:\/\/www.ivanabeaumond.com.br\/vestidos-noiva\/tenis-nos-15-anos-e-possivel\/#article","isPartOf":{"@id":"https:\/\/www.ivanabeaumond.com.br\/vestidos-noiva\/tenis-nos-15-anos-e-possivel\/"},"author":{"name":"Ivana Beaumond Paris","@id":"https:\/\/www.ivanabeaumond.com.br\/vestidos-noiva\/#\/schema\/person\/1a360c4cffa3b806d29a456389dcff26"},"headline":"T\u00eanis nos 15 Anos? \u00c9 Poss\u00edvel!!","datePublished":"2020-05-28T00:48:15+00:00","dateModified":"2020-05-28T01:26:27+00:00","mainEntityOfPage":{"@id":"https:\/\/www.ivanabeaumond.com.br\/vestidos-noiva\/tenis-nos-15-anos-e-possivel\/"},"wordCount":598,"publisher":{"@id":"https:\/\/www.ivanabeaumond.com.br\/vestidos-noiva\/#organization"},"keywords":["alugar vestido de debutante","aluguel de vestido de 15 anos rj","como escolher vestido de 15 anos","debutante","debutante cinderela","debutante rio de janeiro","debutante rj","debutantes","dicas","dicas de looks","dicas de moda","dicas para debutantes","ensaio de debutante","festa de debutantes","m\u00e3ededebutante","moda debutante","sonho de debutante","vestidos de 15 anos","vestidos de debutante","vestidos de debutante rj","vestidos para alugar","video de debutantes"],"articleSection":["Blog","Dicas e Truques"],"inLanguage":"pt-BR"},{"@type":"WebPage","@id":"https:\/\/www.ivanabeaumond.com.br\/vestidos-noiva\/tenis-nos-15-anos-e-possivel\/","url":"https:\/\/www.ivanabeaumond.com.br\/vestidos-noiva\/tenis-nos-15-anos-e-possivel\/","name":"T\u00eanis nos 15 Anos? \u00c9 Poss\u00edvel!! - Vestido de Noiva RJ","isPartOf":{"@id":"https:\/\/www.ivanabeaumond.com.br\/vestidos-noiva\/#website"},"datePublished":"2020-05-28T00:48:15+00:00","dateModified":"2020-05-28T01:26:27+00:00","breadcrumb":{"@id":"https:\/\/www.ivanabeaumond.com.br\/vestidos-noiva\/tenis-nos-15-anos-e-possivel\/#breadcrumb"},"inLanguage":"pt-BR","potentialAction":[{"@type":"ReadAction","target":["https:\/\/www.ivanabeaumond.com.br\/vestidos-noiva\/tenis-nos-15-anos-e-possivel\/"]}]},{"@type":"BreadcrumbList","@id":"https:\/\/www.ivanabeaumond.com.br\/vestidos-noiva\/tenis-nos-15-anos-e-possivel\/#breadcrumb","itemListElement":[{"@type":"ListItem","position":1,"name":"In\u00edcio","item":"https:\/\/www.ivanabeaumond.com.br\/vestidos-noiva\/"},{"@type":"ListItem","position":2,"name":"T\u00eanis nos 15 Anos? \u00c9 Poss\u00edvel!!"}]},{"@type":"WebSite","@id":"https:\/\/www.ivanabeaumond.com.br\/vestidos-noiva\/#website","url":"https:\/\/www.ivanabeaumond.com.br\/vestidos-noiva\/","name":"Vestido de Noiva RJ","description":"Moda Noiva","publisher":{"@id":"https:\/\/www.ivanabeaumond.com.br\/vestidos-noiva\/#organization"},"potentialAction":[{"@type":"SearchAction","target":{"@type":"EntryPoint","urlTemplate":"https:\/\/www.ivanabeaumond.com.br\/vestidos-noiva\/?s={search_term_string}"},"query-input":"required name=search_term_string"}],"inLanguage":"pt-BR"},{"@type":"Organization","@id":"https:\/\/www.ivanabeaumond.com.br\/vestidos-noiva\/#organization","name":"Vestido de Noiva RJ","url":"https:\/\/www.ivanabeaumond.com.br\/vestidos-noiva\/","logo":{"@type":"ImageObject","inLanguage":"pt-BR","@id":"https:\/\/www.ivanabeaumond.com.br\/vestidos-noiva\/#\/schema\/logo\/image\/","url":"https:\/\/www.ivanabeaumond.com.br\/vestidos-noiva\/wp-content\/uploads\/2018\/02\/logo_ivana_beaumond-2.png","contentUrl":"https:\/\/www.ivanabeaumond.com.br\/vestidos-noiva\/wp-content\/uploads\/2018\/02\/logo_ivana_beaumond-2.png","width":230,"height":112,"caption":"Vestido de Noiva RJ"},"image":{"@id":"https:\/\/www.ivanabeaumond.com.br\/vestidos-noiva\/#\/schema\/logo\/image\/"},"sameAs":["https:\/\/www.facebook.com\/ivana.beaumondnoivas","https:\/\/www.instagram.com\/ivanabeaumond\/","https:\/\/www.tiktok.com\/@ivanabeaumond"]},{"@type":"Person","@id":"https:\/\/www.ivanabeaumond.com.br\/vestidos-noiva\/#\/schema\/person\/1a360c4cffa3b806d29a456389dcff26","name":"Ivana Beaumond Paris","image":{"@type":"ImageObject","inLanguage":"pt-BR","@id":"https:\/\/www.ivanabeaumond.com.br\/vestidos-noiva\/#\/schema\/person\/image\/","url":"https:\/\/secure.gravatar.com\/avatar\/641f98db20b53ec937ceb641db4270b9?s=96&d=mm&r=g","contentUrl":"https:\/\/secure.gravatar.com\/avatar\/641f98db20b53ec937ceb641db4270b9?s=96&d=mm&r=g","caption":"Ivana Beaumond Paris"},"url":"https:\/\/www.ivanabeaumond.com.br\/vestidos-noiva\/author\/ivana\/"}]}},"_links":{"self":[{"href":"https:\/\/www.ivanabeaumond.com.br\/vestidos-noiva\/wp-json\/wp\/v2\/posts\/24436"}],"collection":[{"href":"https:\/\/www.ivanabeaumond.com.br\/vestidos-noiva\/wp-json\/wp\/v2\/posts"}],"about":[{"href":"https:\/\/www.ivanabeaumond.com.br\/vestidos-noiva\/wp-json\/wp\/v2\/types\/post"}],"author":[{"embeddable":true,"href":"https:\/\/www.ivanabeaumond.com.br\/vestidos-noiva\/wp-json\/wp\/v2\/users\/4"}],"replies":[{"embeddable":true,"href":"https:\/\/www.ivanabeaumond.com.br\/vestidos-noiva\/wp-json\/wp\/v2\/comments?post=24436"}],"version-history":[{"count":25,"href":"https:\/\/www.ivanabeaumond.com.br\/vestidos-noiva\/wp-json\/wp\/v2\/posts\/24436\/revisions"}],"predecessor-version":[{"id":24554,"href":"https:\/\/www.ivanabeaumond.com.br\/vestidos-noiva\/wp-json\/wp\/v2\/posts\/24436\/revisions\/24554"}],"wp:featuredmedia":[{"embeddable":true,"href":"https:\/\/www.ivanabeaumond.com.br\/vestidos-noiva\/wp-json\/wp\/v2\/media\/24555"}],"wp:attachment":[{"href":"https:\/\/www.ivanabeaumond.com.br\/vestidos-noiva\/wp-json\/wp\/v2\/media?parent=24436"}],"wp:term":[{"taxonomy":"category","embeddable":true,"href":"https:\/\/www.ivanabeaumond.com.br\/vestidos-noiva\/wp-json\/wp\/v2\/categories?post=24436"},{"taxonomy":"post_tag","embeddable":true,"href":"https:\/\/www.ivanabeaumond.com.br\/vestidos-noiva\/wp-json\/wp\/v2\/tags?post=24436"}],"curies":[{"name":"wp","href":"https:\/\/api.w.org\/{rel}","templated":true}]}}